{"id":80021,"date":"2025-05-08T13:43:12","date_gmt":"2025-05-08T10:43:12","guid":{"rendered":"https:\/\/denizcankizil.tr\/uncategorized-tr\/ayvalikta-tarimdan-sofraya-kadin-eli-degiyor\/"},"modified":"2025-05-08T13:43:12","modified_gmt":"2025-05-08T10:43:12","slug":"ayvalikta-tarimdan-sofraya-kadin-eli-degiyor","status":"publish","type":"post","link":"https:\/\/denizcankizil.tr\/uk\/haberler\/gundem\/ayvalikta-tarimdan-sofraya-kadin-eli-degiyor\/","title":{"rendered":"Ayval\u0131k\u2019ta Tar\u0131mdan Sofraya Kad\u0131n Eli De\u011fiyor"},"content":{"rendered":"<p>K\u00fc\u00e7\u00fckk\u00f6y \u00dcretim Mutfa\u011f\u0131\u2019nda \u00fcretime kat\u0131lan kad\u0131nlar, mutfakta kullanacaklar\u0131 \u00fcr\u00fcnlerin fidelerini de teker teker elleriyle diktiler.<\/p>\n<p>\u200bK\u00fc\u00e7\u00fckk\u00f6y \u00dcretim Mutfa\u011f\u0131\u2019nda \u00fcretime kat\u0131lan kad\u0131nlar, mutfakta kullanacaklar\u0131 \u00fcr\u00fcnlerin fidelerini de teker teker elleriyle diktiler.\u00a0<\/p>\n<p>\u200bHaberin Al\u0131nt\u0131land\u0131\u011f\u0131 Kaynak: www.iskenderun.org<\/p>","protected":false},"excerpt":{"rendered":"<p>K\u00fc\u00e7\u00fckk\u00f6y \u00dcretim Mutfa\u011f\u0131\u2019nda \u00fcretime kat\u0131lan kad\u0131nlar, mutfakta kullanacaklar\u0131 \u00fcr\u00fcnlerin fidelerini de teker teker elleriyle diktiler. \u200bK\u00fc\u00e7\u00fckk\u00f6y \u00dcretim Mutfa\u011f\u0131\u2019nda \u00fcretime kat\u0131lan kad\u0131nlar, mutfakta kullanacaklar\u0131 \u00fcr\u00fcnlerin fidelerini de teker teker elleriyle diktiler.\u00a0 \u200bHaberin Al\u0131nt\u0131land\u0131\u011f\u0131 Kaynak: www.iskenderun.org<\/p>","protected":false},"author":1,"featured_media":0,"comment_status":"","ping_status":"open","sticky":false,"template":"","format":"standard","meta":{"_acf_changed":false,"footnotes":""},"categories":[24],"tags":[],"class_list":["post-80021","post","type-post","status-publish","format-standard","has-post-thumbnail","hentry","category-gundem"],"acf":[],"yoast_head":"<!-- This site is optimized with the Yoast SEO Premium plugin v26.6 (Yoast SEO v27.1.1) - https:\/\/yoast.com\/product\/yoast-seo-premium-wordpress\/ -->\n<title>Ayval\u0131k\u2019ta Tar\u0131mdan Sofraya Kad\u0131n Eli De\u011fiyor - Av. Deniz Can K\u0131z\u0131l<\/title>\n<meta name=\"robots\" content=\"index, follow, max-snippet:-1, max-image-preview:large, max-video-preview:-1\" \/>\n<link rel=\"canonical\" href=\"https:\/\/denizcankizil.tr\/uk\/haberler\/gundem\/ayvalikta-tarimdan-sofraya-kadin-eli-degiyor\/\" \/>\n<meta property=\"og:locale\" content=\"uk_UA\" \/>\n<meta property=\"og:type\" content=\"article\" \/>\n<meta property=\"og:title\" content=\"Ayval\u0131k\u2019ta Tar\u0131mdan Sofraya Kad\u0131n Eli De\u011fiyor\" \/>\n<meta property=\"og:description\" content=\"K\u00fc\u00e7\u00fckk\u00f6y \u00dcretim Mutfa\u011f\u0131\u2019nda \u00fcretime kat\u0131lan kad\u0131nlar, mutfakta kullanacaklar\u0131 \u00fcr\u00fcnlerin fidelerini de teker teker elleriyle diktiler. \u200bK\u00fc\u00e7\u00fckk\u00f6y \u00dcretim Mutfa\u011f\u0131\u2019nda \u00fcretime kat\u0131lan kad\u0131nlar, mutfakta kullanacaklar\u0131 \u00fcr\u00fcnlerin fidelerini de teker teker elleriyle diktiler.\u00a0 \u200bHaberin Al\u0131nt\u0131land\u0131\u011f\u0131 Kaynak: www.iskenderun.org\" \/>\n<meta property=\"og:url\" content=\"https:\/\/denizcankizil.tr\/uk\/haberler\/gundem\/ayvalikta-tarimdan-sofraya-kadin-eli-degiyor\/\" \/>\n<meta property=\"og:site_name\" content=\"Av. Deniz Can K\u0131z\u0131l\" \/>\n<meta property=\"article:published_time\" content=\"2025-05-08T10:43:12+00:00\" \/>\n<meta name=\"author\" content=\"admin\" \/>\n<meta name=\"twitter:card\" content=\"summary_large_image\" \/>\n<meta name=\"twitter:label1\" content=\"\u041d\u0430\u043f\u0438\u0441\u0430\u043d\u043e\" \/>\n\t<meta name=\"twitter:data1\" content=\"admin\" \/>\n<script type=\"application\/ld+json\" class=\"yoast-schema-graph\">{\"@context\":\"https:\/\/schema.org\",\"@graph\":[{\"@type\":\"Article\",\"@id\":\"https:\/\/denizcankizil.tr\/uk\/haberler\/gundem\/ayvalikta-tarimdan-sofraya-kadin-eli-degiyor\/#article\",\"isPartOf\":{\"@id\":\"https:\/\/denizcankizil.tr\/uk\/haberler\/gundem\/ayvalikta-tarimdan-sofraya-kadin-eli-degiyor\/\"},\"author\":{\"name\":\"admin\",\"@id\":\"https:\/\/denizcankizil.tr\/#\/schema\/person\/be3c05fe6a12686905512445d8185489\"},\"headline\":\"Ayval\u0131k\u2019ta Tar\u0131mdan Sofraya Kad\u0131n Eli De\u011fiyor\",\"datePublished\":\"2025-05-08T10:43:12+00:00\",\"mainEntityOfPage\":{\"@id\":\"https:\/\/denizcankizil.tr\/uk\/haberler\/gundem\/ayvalikta-tarimdan-sofraya-kadin-eli-degiyor\/\"},\"wordCount\":61,\"publisher\":{\"@id\":\"https:\/\/denizcankizil.tr\/#organization\"},\"articleSection\":[\"G\u00fcndem\"],\"inLanguage\":\"uk\"},{\"@type\":\"WebPage\",\"@id\":\"https:\/\/denizcankizil.tr\/uk\/haberler\/gundem\/ayvalikta-tarimdan-sofraya-kadin-eli-degiyor\/\",\"url\":\"https:\/\/denizcankizil.tr\/uk\/haberler\/gundem\/ayvalikta-tarimdan-sofraya-kadin-eli-degiyor\/\",\"name\":\"Ayval\u0131k\u2019ta Tar\u0131mdan Sofraya Kad\u0131n Eli De\u011fiyor - Av. Deniz Can K\u0131z\u0131l\",\"isPartOf\":{\"@id\":\"https:\/\/denizcankizil.tr\/#website\"},\"datePublished\":\"2025-05-08T10:43:12+00:00\",\"breadcrumb\":{\"@id\":\"https:\/\/denizcankizil.tr\/uk\/haberler\/gundem\/ayvalikta-tarimdan-sofraya-kadin-eli-degiyor\/#breadcrumb\"},\"inLanguage\":\"uk\",\"potentialAction\":[{\"@type\":\"ReadAction\",\"target\":[\"https:\/\/denizcankizil.tr\/uk\/haberler\/gundem\/ayvalikta-tarimdan-sofraya-kadin-eli-degiyor\/\"]}]},{\"@type\":\"BreadcrumbList\",\"@id\":\"https:\/\/denizcankizil.tr\/uk\/haberler\/gundem\/ayvalikta-tarimdan-sofraya-kadin-eli-degiyor\/#breadcrumb\",\"itemListElement\":[{\"@type\":\"ListItem\",\"position\":1,\"name\":\"Home\",\"item\":\"https:\/\/denizcankizil.tr\/de\/\"},{\"@type\":\"ListItem\",\"position\":2,\"name\":\"Ayval\u0131k\u2019ta Tar\u0131mdan Sofraya Kad\u0131n Eli De\u011fiyor\"}]},{\"@type\":\"WebSite\",\"@id\":\"https:\/\/denizcankizil.tr\/#website\",\"url\":\"https:\/\/denizcankizil.tr\/\",\"name\":\"Av. Deniz Can K\u0131z\u0131l\",\"description\":\"Avukat Deniz Can K\u0131z\u0131l Antalya Barosu\",\"publisher\":{\"@id\":\"https:\/\/denizcankizil.tr\/#organization\"},\"potentialAction\":[{\"@type\":\"SearchAction\",\"target\":{\"@type\":\"EntryPoint\",\"urlTemplate\":\"https:\/\/denizcankizil.tr\/?s={search_term_string}\"},\"query-input\":{\"@type\":\"PropertyValueSpecification\",\"valueRequired\":true,\"valueName\":\"search_term_string\"}}],\"inLanguage\":\"uk\"},{\"@type\":\"Organization\",\"@id\":\"https:\/\/denizcankizil.tr\/#organization\",\"name\":\"Av. Deniz Can K\u0131z\u0131l\",\"url\":\"https:\/\/denizcankizil.tr\/\",\"logo\":{\"@type\":\"ImageObject\",\"inLanguage\":\"uk\",\"@id\":\"https:\/\/denizcankizil.tr\/#\/schema\/logo\/image\/\",\"url\":\"https:\/\/denizcankizil.tr\/wp-content\/uploads\/2024\/10\/siyah-logo-svg.svg\",\"contentUrl\":\"https:\/\/denizcankizil.tr\/wp-content\/uploads\/2024\/10\/siyah-logo-svg.svg\",\"width\":1080,\"height\":1080,\"caption\":\"Av. Deniz Can K\u0131z\u0131l\"},\"image\":{\"@id\":\"https:\/\/denizcankizil.tr\/#\/schema\/logo\/image\/\"}},{\"@type\":\"Person\",\"@id\":\"https:\/\/denizcankizil.tr\/#\/schema\/person\/be3c05fe6a12686905512445d8185489\",\"name\":\"admin\",\"image\":{\"@type\":\"ImageObject\",\"inLanguage\":\"uk\",\"@id\":\"https:\/\/denizcankizil.tr\/#\/schema\/person\/image\/\",\"url\":\"https:\/\/secure.gravatar.com\/avatar\/c1fce94c830dc79107e174f890d7210541c4a63e8e5d816341794a2151c9d58c?s=96&d=mm&r=g\",\"contentUrl\":\"https:\/\/secure.gravatar.com\/avatar\/c1fce94c830dc79107e174f890d7210541c4a63e8e5d816341794a2151c9d58c?s=96&d=mm&r=g\",\"caption\":\"admin\"},\"sameAs\":[\"http:\/\/denizcankizil.tr\"],\"url\":\"https:\/\/www.iskenderun.org\/ayvalikta-tarimdan-sofraya-kadin-eli-degiyor\"}]}<\/script>\n<!-- \/ Yoast SEO Premium plugin. -->","yoast_head_json":{"title":"Ayval\u0131k\u2019ta Tar\u0131mdan Sofraya Kad\u0131n Eli De\u011fiyor - Av. Deniz Can K\u0131z\u0131l","robots":{"index":"index","follow":"follow","max-snippet":"max-snippet:-1","max-image-preview":"max-image-preview:large","max-video-preview":"max-video-preview:-1"},"canonical":"https:\/\/denizcankizil.tr\/uk\/haberler\/gundem\/ayvalikta-tarimdan-sofraya-kadin-eli-degiyor\/","og_locale":"uk_UA","og_type":"article","og_title":"Ayval\u0131k\u2019ta Tar\u0131mdan Sofraya Kad\u0131n Eli De\u011fiyor","og_description":"K\u00fc\u00e7\u00fckk\u00f6y \u00dcretim Mutfa\u011f\u0131\u2019nda \u00fcretime kat\u0131lan kad\u0131nlar, mutfakta kullanacaklar\u0131 \u00fcr\u00fcnlerin fidelerini de teker teker elleriyle diktiler. \u200bK\u00fc\u00e7\u00fckk\u00f6y \u00dcretim Mutfa\u011f\u0131\u2019nda \u00fcretime kat\u0131lan kad\u0131nlar, mutfakta kullanacaklar\u0131 \u00fcr\u00fcnlerin fidelerini de teker teker elleriyle diktiler.\u00a0 \u200bHaberin Al\u0131nt\u0131land\u0131\u011f\u0131 Kaynak: www.iskenderun.org","og_url":"https:\/\/denizcankizil.tr\/uk\/haberler\/gundem\/ayvalikta-tarimdan-sofraya-kadin-eli-degiyor\/","og_site_name":"Av. Deniz Can K\u0131z\u0131l","article_published_time":"2025-05-08T10:43:12+00:00","author":"admin","twitter_card":"summary_large_image","twitter_misc":{"\u041d\u0430\u043f\u0438\u0441\u0430\u043d\u043e":"admin"},"schema":{"@context":"https:\/\/schema.org","@graph":[{"@type":"Article","@id":"https:\/\/denizcankizil.tr\/uk\/haberler\/gundem\/ayvalikta-tarimdan-sofraya-kadin-eli-degiyor\/#article","isPartOf":{"@id":"https:\/\/denizcankizil.tr\/uk\/haberler\/gundem\/ayvalikta-tarimdan-sofraya-kadin-eli-degiyor\/"},"author":{"name":"admin","@id":"https:\/\/denizcankizil.tr\/#\/schema\/person\/be3c05fe6a12686905512445d8185489"},"headline":"Ayval\u0131k\u2019ta Tar\u0131mdan Sofraya Kad\u0131n Eli De\u011fiyor","datePublished":"2025-05-08T10:43:12+00:00","mainEntityOfPage":{"@id":"https:\/\/denizcankizil.tr\/uk\/haberler\/gundem\/ayvalikta-tarimdan-sofraya-kadin-eli-degiyor\/"},"wordCount":61,"publisher":{"@id":"https:\/\/denizcankizil.tr\/#organization"},"articleSection":["G\u00fcndem"],"inLanguage":"uk"},{"@type":"WebPage","@id":"https:\/\/denizcankizil.tr\/uk\/haberler\/gundem\/ayvalikta-tarimdan-sofraya-kadin-eli-degiyor\/","url":"https:\/\/denizcankizil.tr\/uk\/haberler\/gundem\/ayvalikta-tarimdan-sofraya-kadin-eli-degiyor\/","name":"Ayval\u0131k\u2019ta Tar\u0131mdan Sofraya Kad\u0131n Eli De\u011fiyor - Av. Deniz Can K\u0131z\u0131l","isPartOf":{"@id":"https:\/\/denizcankizil.tr\/#website"},"datePublished":"2025-05-08T10:43:12+00:00","breadcrumb":{"@id":"https:\/\/denizcankizil.tr\/uk\/haberler\/gundem\/ayvalikta-tarimdan-sofraya-kadin-eli-degiyor\/#breadcrumb"},"inLanguage":"uk","potentialAction":[{"@type":"ReadAction","target":["https:\/\/denizcankizil.tr\/uk\/haberler\/gundem\/ayvalikta-tarimdan-sofraya-kadin-eli-degiyor\/"]}]},{"@type":"BreadcrumbList","@id":"https:\/\/denizcankizil.tr\/uk\/haberler\/gundem\/ayvalikta-tarimdan-sofraya-kadin-eli-degiyor\/#breadcrumb","itemListElement":[{"@type":"ListItem","position":1,"name":"Home","item":"https:\/\/denizcankizil.tr\/de\/"},{"@type":"ListItem","position":2,"name":"Ayval\u0131k\u2019ta Tar\u0131mdan Sofraya Kad\u0131n Eli De\u011fiyor"}]},{"@type":"WebSite","@id":"https:\/\/denizcankizil.tr\/#website","url":"https:\/\/denizcankizil.tr\/","name":"Av. Deniz Can K\u0131z\u0131l","description":"Avukat Deniz Can K\u0131z\u0131l Antalya Barosu","publisher":{"@id":"https:\/\/denizcankizil.tr\/#organization"},"potentialAction":[{"@type":"SearchAction","target":{"@type":"EntryPoint","urlTemplate":"https:\/\/denizcankizil.tr\/?s={search_term_string}"},"query-input":{"@type":"PropertyValueSpecification","valueRequired":true,"valueName":"search_term_string"}}],"inLanguage":"uk"},{"@type":"Organization","@id":"https:\/\/denizcankizil.tr\/#organization","name":"Av. Deniz Can K\u0131z\u0131l","url":"https:\/\/denizcankizil.tr\/","logo":{"@type":"ImageObject","inLanguage":"uk","@id":"https:\/\/denizcankizil.tr\/#\/schema\/logo\/image\/","url":"https:\/\/denizcankizil.tr\/wp-content\/uploads\/2024\/10\/siyah-logo-svg.svg","contentUrl":"https:\/\/denizcankizil.tr\/wp-content\/uploads\/2024\/10\/siyah-logo-svg.svg","width":1080,"height":1080,"caption":"Av. Deniz Can K\u0131z\u0131l"},"image":{"@id":"https:\/\/denizcankizil.tr\/#\/schema\/logo\/image\/"}},{"@type":"Person","@id":"https:\/\/denizcankizil.tr\/#\/schema\/person\/be3c05fe6a12686905512445d8185489","name":"\u0430\u0434\u043c\u0456\u043d","image":{"@type":"ImageObject","inLanguage":"uk","@id":"https:\/\/denizcankizil.tr\/#\/schema\/person\/image\/","url":"https:\/\/secure.gravatar.com\/avatar\/c1fce94c830dc79107e174f890d7210541c4a63e8e5d816341794a2151c9d58c?s=96&d=mm&r=g","contentUrl":"https:\/\/secure.gravatar.com\/avatar\/c1fce94c830dc79107e174f890d7210541c4a63e8e5d816341794a2151c9d58c?s=96&d=mm&r=g","caption":"admin"},"sameAs":["http:\/\/denizcankizil.tr"],"url":"https:\/\/www.iskenderun.org\/ayvalikta-tarimdan-sofraya-kadin-eli-degiyor"}]}},"_links":{"self":[{"href":"https:\/\/denizcankizil.tr\/uk\/wp-json\/wp\/v2\/posts\/80021","targetHints":{"allow":["GET"]}}],"collection":[{"href":"https:\/\/denizcankizil.tr\/uk\/wp-json\/wp\/v2\/posts"}],"about":[{"href":"https:\/\/denizcankizil.tr\/uk\/wp-json\/wp\/v2\/types\/post"}],"author":[{"embeddable":true,"href":"https:\/\/denizcankizil.tr\/uk\/wp-json\/wp\/v2\/users\/1"}],"replies":[{"embeddable":true,"href":"https:\/\/denizcankizil.tr\/uk\/wp-json\/wp\/v2\/comments?post=80021"}],"version-history":[{"count":0,"href":"https:\/\/denizcankizil.tr\/uk\/wp-json\/wp\/v2\/posts\/80021\/revisions"}],"wp:attachment":[{"href":"https:\/\/denizcankizil.tr\/uk\/wp-json\/wp\/v2\/media?parent=80021"}],"wp:term":[{"taxonomy":"category","embeddable":true,"href":"https:\/\/denizcankizil.tr\/uk\/wp-json\/wp\/v2\/categories?post=80021"},{"taxonomy":"post_tag","embeddable":true,"href":"https:\/\/denizcankizil.tr\/uk\/wp-json\/wp\/v2\/tags?post=80021"}],"curies":[{"name":"wp","href":"https:\/\/api.w.org\/{rel}","templated":true}]}}