{"id":78901,"date":"2025-05-07T13:42:05","date_gmt":"2025-05-07T10:42:05","guid":{"rendered":"https:\/\/denizcankizil.tr\/uncategorized-tr\/alanya-belediye-baskani-osman-tarik-ozcelik-tehdit-ediliyorum\/"},"modified":"2025-05-07T13:42:05","modified_gmt":"2025-05-07T10:42:05","slug":"alanya-belediye-baskani-osman-tarik-ozcelik-tehdit-ediliyorum","status":"publish","type":"post","link":"https:\/\/denizcankizil.tr\/uk\/haberler\/gundem\/alanya-belediye-baskani-osman-tarik-ozcelik-tehdit-ediliyorum\/","title":{"rendered":"Alanya Belediye Ba\u015fkan\u0131 Osman Tar\u0131k \u00d6z\u00e7elik: Tehdit ediliyorum"},"content":{"rendered":"<p>Antalya Alanya Belediyesi May\u0131s Ay\u0131 Ola\u011fan Meclis Toplant\u0131s\u0131 ger\u00e7ekle\u015ftirildi. Belediye meclis toplant\u0131 salonunda d\u00fczenlenen toplant\u0131da MHP Grup S\u00f6zc\u00fcs\u00fc Kayhan Balta, Sapadere Kanyonu\u2019nun a\u00e7\u0131l\u0131p a\u00e7\u0131lmayaca\u011f\u0131 hakk\u0131nda Belediye Ba\u015fkan\u0131 Osman Tar\u0131k \u00d6z\u00e7elik\u2019ten a\u00e7\u0131klama yapmas\u0131n\u0131 istedi.<\/p>\n<p>SAPADERE KANYONU TARTI\u015eMASI: &#8220;G\u00dcVENL\u0130K \u00d6NLEM\u0130 ALMADAN A\u00c7MAM&#8221; <\/p>\n<p>Ba\u015fkan \u00d6z\u00e7elik, kanyonla ilgili s\u00fcrecin halen devam etti\u011fini belirterek \u015fu a\u00e7\u0131klamalarda bulundu: \u201c\u0130hale s\u00fcreci devam ediyor. S\u00fcrecin tamamlanmas\u0131n\u0131n ard\u0131ndan, en h\u0131zl\u0131 \u015fekilde Sapadere Kanyonu\u2019nu Alanya turizminin hizmetine sunaca\u011f\u0131z. Ancak gerekli g\u00fcvenlik \u00f6nlemleri al\u0131nmadan oray\u0131 a\u00e7mam. \u00c7\u00fcnk\u00fc daha \u00f6nce oraya ta\u015f d\u00fc\u015ft\u00fc, k\u0131r\u0131klar olu\u015ftu. Allah korusun, birinin ba\u015f\u0131na bir \u015fey d\u00fc\u015fer. Bu i\u015fin hem vicdani hem hukuki sorumlulu\u011fu var.\u201d<\/p>\n<p>&#8220;YAZI GELD\u0130KTEN SONRA GERE\u011e\u0130N\u0130 YAPTIK&#8221;<\/p>\n<p>\u00d6z\u00e7elik, ayr\u0131ca kanyonun tahsis edildi\u011fi kurumdan gelen yaz\u0131yla birlikte s\u00fcrecin hassasla\u015ft\u0131\u011f\u0131n\u0131 ve bu yaz\u0131n\u0131n ge\u00e7mi\u015fte ya\u015fanan benzer olaylara ra\u011fmen ilk kez g\u00f6nderildi\u011fini belirterek, \u201cNeden \u015fimdi b\u00f6yle bir yaz\u0131 yaz\u0131ld\u0131? Sordum ve geri \u00e7ektirdim ama yaz\u0131 geldikten sonra gere\u011fini yapt\u0131k, projelerimizi tamamlad\u0131k\u201d dedi.<\/p>\n<p>\u201cSEN\u0130 O KAMYONA G\u00d6MER\u0130Z&#8221; D\u0130YEN K\u0130M? <\/p>\n<p>Toplant\u0131n\u0131n en \u00e7arp\u0131c\u0131 anlar\u0131ndan biri ise Belediye Ba\u015fkan\u0131 Osman Tar\u0131k \u00d6z\u00e7elik\u2019in kamuoyu \u00f6n\u00fcnde ilk kez bir tehdit mesaj\u0131n\u0131 a\u00e7\u0131klamas\u0131 oldu. Sosyal medya \u00fczerinden gelen mesaj\u0131 meclis \u00fcyelerine ve kamuoyuna aynen okuyan \u00d6z\u00e7elik, tehdit mesaj\u0131n\u0131n i\u00e7eri\u011fini \u015fu \u015fekilde aktard\u0131: \u201cBir ki\u015fi, ad\u0131 \u00d6.\u00c7\u2026 Kim oldu\u011funu tan\u0131mam ama mesaj\u0131 sosyal medya \u00fczerinden a\u00e7\u0131k\u00e7a yazm\u0131\u015f: &#8216;Yakaya mikrofon takmakla olmaz bu i\u015fler ba\u015fkan. Esnaftan para istemekle hi\u00e7 olmaz. O kanyon a\u00e7\u0131lmas\u0131n. Biz seni o kanyona g\u00f6meriz. Buna emin ol.&#8217; B\u00f6yle erkeklik olmaz! Bu ay\u0131pt\u0131r. Bu \u015fekilde tehdit edilmek ne insani ne de ahlaki.\u201d<\/p>\n<p>Tehdit mesaj\u0131n\u0131 kamuoyuyla payla\u015fma nedenini, \u015feffafl\u0131k ve korkmama ilkeleriyle a\u00e7\u0131klayan \u00d6z\u00e7elik, \u201cAbdestimden \u015f\u00fcphem yok. Kimse bizi y\u00fcr\u00fcd\u00fc\u011f\u00fcm\u00fcz halk yolundan d\u00f6nd\u00fcremez\u201d ifadelerini kulland\u0131.<\/p>\n<p>\u0130MECE USUL\u00dc H\u0130ZMET ANLAYI\u015eI <\/p>\n<p>Toplant\u0131da sadece tehdit ve kanyon konusu de\u011fil, \u00d6z\u00e7elik\u2019in belediyecilik anlay\u0131\u015f\u0131 ve \u00f6zellikle k\u00f6ylerde y\u00fcr\u00fct\u00fclen \u00e7al\u0131\u015fmalar da g\u00fcndeme geldi. \u00d6z\u00e7elik, il\u00e7elerdeki k\u00f6y ziyaretlerinde halk\u0131n ve muhtarlar\u0131n taleplerini dikkatle dinlediklerini belirterek, \u201cBug\u00fcn d\u00f6rt d\u00f6rtl\u00fck bir ekonomik durumda de\u011filiz ama elimizden gelenin fazlas\u0131n\u0131 yap\u0131yoruz. Malzeme bizden, i\u015f\u00e7ilik sizden anlay\u0131\u015f\u0131yla imece usul\u00fcn\u00fc canland\u0131r\u0131yoruz\u201d dedi. Ak\u00e7at\u0131 Mahallesi\u2019nde yap\u0131lan bir \u00e7al\u0131\u015fmay\u0131 \u00f6rnek g\u00f6steren \u00d6z\u00e7elik, &#8220;84 ya\u015f\u0131nda bir amcam\u0131z briket harc\u0131 ta\u015f\u0131rken, &#8216;Bu har\u00e7ta eme\u011fim olmazsa g\u00f6z\u00fcm a\u00e7\u0131k gider&#8217; dedi. Bu topraklar imece ile b\u00fcy\u00fcd\u00fc. Biz de bu k\u00fclt\u00fcr\u00fc s\u00fcrd\u00fcr\u00fcyoruz\u201d diyerek duygu dolu anlar ya\u015fatt\u0131.<\/p>\n<p>\u0130DD\u0130ALARA NET YANIT: &#8220;1,5 M\u0130LYON L\u0130RA \u0130STEMED\u0130M&#8221; <\/p>\n<p>Ba\u015fkan \u00d6z\u00e7elik, hakk\u0131nda \u00e7\u0131kan baz\u0131 as\u0131ls\u0131z iddialara da toplant\u0131da a\u00e7\u0131kl\u0131k getirdi. \u00d6zellikle \u201cesnaftan para istendi\u011fi\u201d y\u00f6n\u00fcndeki s\u00f6ylemleri reddeden \u00d6z\u00e7elik, \u201cBen 1,5 milyon lira para istemedim. Demir laz\u0131m dediler, fiyat sordular. &#8216;Biz malzemeyi alal\u0131m, siz i\u015f\u00e7ili\u011fe ihale a\u00e7\u0131n&#8217; dedik. Derdimiz bu memleketin paras\u0131 daha verimli kullan\u0131ls\u0131n\u201d a\u00e7\u0131klamas\u0131n\u0131 yapt\u0131.<\/p>\n<p>\u201cTEHD\u0130TLER B\u0130Z\u0130 YILDIRAMAZ&#8221; <\/p>\n<p>Toplant\u0131 sonras\u0131nda sosyal medya platformu X \u00fczerinden de bir a\u00e7\u0131klama yapan Ba\u015fkan \u00d6z\u00e7elik, tehditlere boyun e\u011fmeyeceklerini vurgulayarak, \u015fu mesaj\u0131 payla\u015ft\u0131: \u201cHi\u00e7bir tehdit bizi halk\u0131m\u0131z i\u00e7in y\u00fcr\u00fcd\u00fc\u011f\u00fcm\u00fcz yoldan al\u0131koyamaz. Biz, halk\u0131m\u0131z\u0131n can g\u00fcvenli\u011fini, do\u011fam\u0131z\u0131 ve kamu menfaatini her \u015feyin \u00fczerinde tutarak \u00e7al\u0131\u015fmaya devam edece\u011fiz. Alanya i\u00e7in durmadan, y\u0131lmadan hizmet \u00fcretmeyi s\u00fcrd\u00fcrece\u011fiz.\u201d<\/p>\n<p>\u200bAlanya Belediyesi\u2019nin CHP\u2019li Belediye Ba\u015fkan\u0131 Osman Tar\u0131k \u00d6z\u00e7elik, \u2018\u015fok\u2019 iddialarda bulundu. \u00d6z\u00e7elik, Sapadere Kanyonu projesi \u00fczerinden a\u00e7\u0131k tehdit ald\u0131\u011f\u0131n\u0131 s\u00f6yledi.\u00a0<\/p>\n<p>\u200bHaberin Al\u0131nt\u0131land\u0131\u011f\u0131 Kaynak: www.antalyakorfez.com<\/p>","protected":false},"excerpt":{"rendered":"<p>Antalya Alanya Belediyesi May\u0131s Ay\u0131 Ola\u011fan Meclis Toplant\u0131s\u0131 ger\u00e7ekle\u015ftirildi. Belediye meclis toplant\u0131 salonunda d\u00fczenlenen toplant\u0131da MHP Grup S\u00f6zc\u00fcs\u00fc Kayhan Balta, Sapadere Kanyonu\u2019nun a\u00e7\u0131l\u0131p a\u00e7\u0131lmayaca\u011f\u0131 hakk\u0131nda Belediye Ba\u015fkan\u0131 Osman Tar\u0131k \u00d6z\u00e7elik\u2019ten a\u00e7\u0131klama yapmas\u0131n\u0131 istedi. SAPADERE KANYONU TARTI\u015eMASI: &#8220;G\u00dcVENL\u0130K \u00d6NLEM\u0130 ALMADAN A\u00c7MAM&#8221; Ba\u015fkan \u00d6z\u00e7elik, kanyonla ilgili s\u00fcrecin halen devam etti\u011fini belirterek \u015fu a\u00e7\u0131klamalarda bulundu: \u201c\u0130hale s\u00fcreci devam ediyor. S\u00fcrecin tamamlanmas\u0131n\u0131n ard\u0131ndan, en h\u0131zl\u0131 \u015fekilde Sapadere Kanyonu\u2019nu Alanya turizminin hizmetine sunaca\u011f\u0131z. Ancak gerekli g\u00fcvenlik \u00f6nlemleri al\u0131nmadan oray\u0131 a\u00e7mam. \u00c7\u00fcnk\u00fc daha \u00f6nce oraya ta\u015f d\u00fc\u015ft\u00fc, k\u0131r\u0131klar olu\u015ftu. Allah korusun, birinin ba\u015f\u0131na bir \u015fey d\u00fc\u015fer. Bu i\u015fin hem vicdani hem hukuki sorumlulu\u011fu var.\u201d &#8220;YAZI GELD\u0130KTEN SONRA GERE\u011e\u0130N\u0130 YAPTIK&#8221; \u00d6z\u00e7elik, ayr\u0131ca kanyonun tahsis edildi\u011fi kurumdan gelen yaz\u0131yla birlikte s\u00fcrecin hassasla\u015ft\u0131\u011f\u0131n\u0131 ve bu yaz\u0131n\u0131n ge\u00e7mi\u015fte ya\u015fanan benzer olaylara ra\u011fmen ilk kez g\u00f6nderildi\u011fini belirterek, \u201cNeden \u015fimdi b\u00f6yle bir yaz\u0131 yaz\u0131ld\u0131? Sordum ve geri \u00e7ektirdim ama yaz\u0131 geldikten sonra gere\u011fini yapt\u0131k, projelerimizi tamamlad\u0131k\u201d dedi. \u201cSEN\u0130 O KAMYONA G\u00d6MER\u0130Z&#8221; D\u0130YEN K\u0130M? Toplant\u0131n\u0131n en \u00e7arp\u0131c\u0131 anlar\u0131ndan biri ise Belediye Ba\u015fkan\u0131 Osman Tar\u0131k \u00d6z\u00e7elik\u2019in kamuoyu \u00f6n\u00fcnde ilk kez bir tehdit mesaj\u0131n\u0131 a\u00e7\u0131klamas\u0131 oldu. Sosyal medya \u00fczerinden gelen mesaj\u0131 meclis \u00fcyelerine ve kamuoyuna aynen okuyan \u00d6z\u00e7elik, tehdit mesaj\u0131n\u0131n i\u00e7eri\u011fini \u015fu \u015fekilde aktard\u0131: \u201cBir ki\u015fi, ad\u0131 \u00d6.\u00c7\u2026 Kim oldu\u011funu tan\u0131mam ama mesaj\u0131 sosyal medya &hellip;<\/p>","protected":false},"author":5,"featured_media":0,"comment_status":"","ping_status":"open","sticky":false,"template":"","format":"standard","meta":{"_acf_changed":false,"footnotes":""},"categories":[24],"tags":[],"class_list":["post-78901","post","type-post","status-publish","format-standard","has-post-thumbnail","hentry","category-gundem"],"acf":[],"yoast_head":"<!-- This site is optimized with the Yoast SEO Premium plugin v26.6 (Yoast SEO v27.1.1) - https:\/\/yoast.com\/product\/yoast-seo-premium-wordpress\/ -->\n<title>Alanya Belediye Ba\u015fkan\u0131 Osman Tar\u0131k \u00d6z\u00e7elik: Tehdit ediliyorum - Av. Deniz Can K\u0131z\u0131l<\/title>\n<meta name=\"robots\" content=\"index, follow, max-snippet:-1, max-image-preview:large, max-video-preview:-1\" \/>\n<link rel=\"canonical\" href=\"https:\/\/denizcankizil.tr\/uk\/haberler\/gundem\/alanya-belediye-baskani-osman-tarik-ozcelik-tehdit-ediliyorum\/\" \/>\n<meta property=\"og:locale\" content=\"uk_UA\" \/>\n<meta property=\"og:type\" content=\"article\" \/>\n<meta property=\"og:title\" content=\"Alanya Belediye Ba\u015fkan\u0131 Osman Tar\u0131k \u00d6z\u00e7elik: Tehdit ediliyorum\" \/>\n<meta property=\"og:description\" content=\"Antalya Alanya Belediyesi May\u0131s Ay\u0131 Ola\u011fan Meclis Toplant\u0131s\u0131 ger\u00e7ekle\u015ftirildi. Belediye meclis toplant\u0131 salonunda d\u00fczenlenen toplant\u0131da MHP Grup S\u00f6zc\u00fcs\u00fc Kayhan Balta, Sapadere Kanyonu\u2019nun a\u00e7\u0131l\u0131p a\u00e7\u0131lmayaca\u011f\u0131 hakk\u0131nda Belediye Ba\u015fkan\u0131 Osman Tar\u0131k \u00d6z\u00e7elik\u2019ten a\u00e7\u0131klama yapmas\u0131n\u0131 istedi. SAPADERE KANYONU TARTI\u015eMASI: &#8220;G\u00dcVENL\u0130K \u00d6NLEM\u0130 ALMADAN A\u00c7MAM&#8221; Ba\u015fkan \u00d6z\u00e7elik, kanyonla ilgili s\u00fcrecin halen devam etti\u011fini belirterek \u015fu a\u00e7\u0131klamalarda bulundu: \u201c\u0130hale s\u00fcreci devam ediyor. S\u00fcrecin tamamlanmas\u0131n\u0131n ard\u0131ndan, en h\u0131zl\u0131 \u015fekilde Sapadere Kanyonu\u2019nu Alanya turizminin hizmetine sunaca\u011f\u0131z. Ancak gerekli g\u00fcvenlik \u00f6nlemleri al\u0131nmadan oray\u0131 a\u00e7mam. \u00c7\u00fcnk\u00fc daha \u00f6nce oraya ta\u015f d\u00fc\u015ft\u00fc, k\u0131r\u0131klar olu\u015ftu. Allah korusun, birinin ba\u015f\u0131na bir \u015fey d\u00fc\u015fer. Bu i\u015fin hem vicdani hem hukuki sorumlulu\u011fu var.\u201d &#8220;YAZI GELD\u0130KTEN SONRA GERE\u011e\u0130N\u0130 YAPTIK&#8221; \u00d6z\u00e7elik, ayr\u0131ca kanyonun tahsis edildi\u011fi kurumdan gelen yaz\u0131yla birlikte s\u00fcrecin hassasla\u015ft\u0131\u011f\u0131n\u0131 ve bu yaz\u0131n\u0131n ge\u00e7mi\u015fte ya\u015fanan benzer olaylara ra\u011fmen ilk kez g\u00f6nderildi\u011fini belirterek, \u201cNeden \u015fimdi b\u00f6yle bir yaz\u0131 yaz\u0131ld\u0131? Sordum ve geri \u00e7ektirdim ama yaz\u0131 geldikten sonra gere\u011fini yapt\u0131k, projelerimizi tamamlad\u0131k\u201d dedi. \u201cSEN\u0130 O KAMYONA G\u00d6MER\u0130Z&#8221; D\u0130YEN K\u0130M? Toplant\u0131n\u0131n en \u00e7arp\u0131c\u0131 anlar\u0131ndan biri ise Belediye Ba\u015fkan\u0131 Osman Tar\u0131k \u00d6z\u00e7elik\u2019in kamuoyu \u00f6n\u00fcnde ilk kez bir tehdit mesaj\u0131n\u0131 a\u00e7\u0131klamas\u0131 oldu. Sosyal medya \u00fczerinden gelen mesaj\u0131 meclis \u00fcyelerine ve kamuoyuna aynen okuyan \u00d6z\u00e7elik, tehdit mesaj\u0131n\u0131n i\u00e7eri\u011fini \u015fu \u015fekilde aktard\u0131: \u201cBir ki\u015fi, ad\u0131 \u00d6.\u00c7\u2026 Kim oldu\u011funu tan\u0131mam ama mesaj\u0131 sosyal medya &hellip;\" \/>\n<meta property=\"og:url\" content=\"https:\/\/denizcankizil.tr\/uk\/haberler\/gundem\/alanya-belediye-baskani-osman-tarik-ozcelik-tehdit-ediliyorum\/\" \/>\n<meta property=\"og:site_name\" content=\"Av. Deniz Can K\u0131z\u0131l\" \/>\n<meta property=\"article:published_time\" content=\"2025-05-07T10:42:05+00:00\" \/>\n<meta name=\"author\" content=\"Antalya K\u00f6rfez\" \/>\n<meta name=\"twitter:card\" content=\"summary_large_image\" \/>\n<meta name=\"twitter:label1\" content=\"\u041d\u0430\u043f\u0438\u0441\u0430\u043d\u043e\" \/>\n\t<meta name=\"twitter:data1\" content=\"Antalya K\u00f6rfez\" \/>\n\t<meta name=\"twitter:label2\" content=\"\u041f\u0440\u0438\u0431\u043b. \u0447\u0430\u0441 \u0447\u0438\u0442\u0430\u043d\u043d\u044f\" \/>\n\t<meta name=\"twitter:data2\" content=\"4 \u0445\u0432\u0438\u043b\u0438\u043d\u0438\" \/>\n<script type=\"application\/ld+json\" class=\"yoast-schema-graph\">{\"@context\":\"https:\/\/schema.org\",\"@graph\":[{\"@type\":\"Article\",\"@id\":\"https:\/\/denizcankizil.tr\/uk\/haberler\/gundem\/alanya-belediye-baskani-osman-tarik-ozcelik-tehdit-ediliyorum\/#article\",\"isPartOf\":{\"@id\":\"https:\/\/denizcankizil.tr\/uk\/haberler\/gundem\/alanya-belediye-baskani-osman-tarik-ozcelik-tehdit-ediliyorum\/\"},\"author\":{\"name\":\"Antalya K\u00f6rfez\",\"@id\":\"https:\/\/denizcankizil.tr\/de\/#\/schema\/person\/e1eb71bb4dd684d46563f0af307e1234\"},\"headline\":\"Alanya Belediye Ba\u015fkan\u0131 Osman Tar\u0131k \u00d6z\u00e7elik: Tehdit ediliyorum\",\"datePublished\":\"2025-05-07T10:42:05+00:00\",\"mainEntityOfPage\":{\"@id\":\"https:\/\/denizcankizil.tr\/uk\/haberler\/gundem\/alanya-belediye-baskani-osman-tarik-ozcelik-tehdit-ediliyorum\/\"},\"wordCount\":727,\"publisher\":{\"@id\":\"https:\/\/denizcankizil.tr\/de\/#organization\"},\"articleSection\":[\"G\u00fcndem\"],\"inLanguage\":\"uk\"},{\"@type\":\"WebPage\",\"@id\":\"https:\/\/denizcankizil.tr\/uk\/haberler\/gundem\/alanya-belediye-baskani-osman-tarik-ozcelik-tehdit-ediliyorum\/\",\"url\":\"https:\/\/denizcankizil.tr\/uk\/haberler\/gundem\/alanya-belediye-baskani-osman-tarik-ozcelik-tehdit-ediliyorum\/\",\"name\":\"Alanya Belediye Ba\u015fkan\u0131 Osman Tar\u0131k \u00d6z\u00e7elik: Tehdit ediliyorum - Av. Deniz Can K\u0131z\u0131l\",\"isPartOf\":{\"@id\":\"https:\/\/denizcankizil.tr\/de\/#website\"},\"datePublished\":\"2025-05-07T10:42:05+00:00\",\"breadcrumb\":{\"@id\":\"https:\/\/denizcankizil.tr\/uk\/haberler\/gundem\/alanya-belediye-baskani-osman-tarik-ozcelik-tehdit-ediliyorum\/#breadcrumb\"},\"inLanguage\":\"uk\",\"potentialAction\":[{\"@type\":\"ReadAction\",\"target\":[\"https:\/\/denizcankizil.tr\/uk\/haberler\/gundem\/alanya-belediye-baskani-osman-tarik-ozcelik-tehdit-ediliyorum\/\"]}]},{\"@type\":\"BreadcrumbList\",\"@id\":\"https:\/\/denizcankizil.tr\/uk\/haberler\/gundem\/alanya-belediye-baskani-osman-tarik-ozcelik-tehdit-ediliyorum\/#breadcrumb\",\"itemListElement\":[{\"@type\":\"ListItem\",\"position\":1,\"name\":\"Home\",\"item\":\"https:\/\/denizcankizil.tr\/de\/\"},{\"@type\":\"ListItem\",\"position\":2,\"name\":\"Alanya Belediye Ba\u015fkan\u0131 Osman Tar\u0131k \u00d6z\u00e7elik: Tehdit ediliyorum\"}]},{\"@type\":\"WebSite\",\"@id\":\"https:\/\/denizcankizil.tr\/de\/#website\",\"url\":\"https:\/\/denizcankizil.tr\/de\/\",\"name\":\"Av. Deniz Can K\u0131z\u0131l\",\"description\":\"Avukat Deniz Can K\u0131z\u0131l Antalya Barosu\",\"publisher\":{\"@id\":\"https:\/\/denizcankizil.tr\/de\/#organization\"},\"potentialAction\":[{\"@type\":\"SearchAction\",\"target\":{\"@type\":\"EntryPoint\",\"urlTemplate\":\"https:\/\/denizcankizil.tr\/de\/?s={search_term_string}\"},\"query-input\":{\"@type\":\"PropertyValueSpecification\",\"valueRequired\":true,\"valueName\":\"search_term_string\"}}],\"inLanguage\":\"uk\"},{\"@type\":\"Organization\",\"@id\":\"https:\/\/denizcankizil.tr\/de\/#organization\",\"name\":\"Av. Deniz Can K\u0131z\u0131l\",\"url\":\"https:\/\/denizcankizil.tr\/de\/\",\"logo\":{\"@type\":\"ImageObject\",\"inLanguage\":\"uk\",\"@id\":\"https:\/\/denizcankizil.tr\/de\/#\/schema\/logo\/image\/\",\"url\":\"https:\/\/denizcankizil.tr\/wp-content\/uploads\/2024\/10\/siyah-logo-svg.svg\",\"contentUrl\":\"https:\/\/denizcankizil.tr\/wp-content\/uploads\/2024\/10\/siyah-logo-svg.svg\",\"width\":1080,\"height\":1080,\"caption\":\"Av. Deniz Can K\u0131z\u0131l\"},\"image\":{\"@id\":\"https:\/\/denizcankizil.tr\/de\/#\/schema\/logo\/image\/\"}},{\"@type\":\"Person\",\"@id\":\"https:\/\/denizcankizil.tr\/de\/#\/schema\/person\/e1eb71bb4dd684d46563f0af307e1234\",\"name\":\"Antalya K\u00f6rfez\",\"image\":{\"@type\":\"ImageObject\",\"inLanguage\":\"uk\",\"@id\":\"https:\/\/denizcankizil.tr\/de\/#\/schema\/person\/image\/\",\"url\":\"https:\/\/secure.gravatar.com\/avatar\/42b01982558a48a0b501fdcab6a408d3717ea5919095ee2e67b0e521799c5905?s=96&d=mm&r=g\",\"contentUrl\":\"https:\/\/secure.gravatar.com\/avatar\/42b01982558a48a0b501fdcab6a408d3717ea5919095ee2e67b0e521799c5905?s=96&d=mm&r=g\",\"caption\":\"Antalya K\u00f6rfez\"},\"sameAs\":[\"http:\/\/www.antalyakorfez.com\"],\"url\":\"https:\/\/www.antalyakorfez.com\/alanya-belediye-baskani-osman-tarik-ozcelik-tehdit-ediliyorum\"}]}<\/script>\n<!-- \/ Yoast SEO Premium plugin. -->","yoast_head_json":{"title":"Alanya Belediye Ba\u015fkan\u0131 Osman Tar\u0131k \u00d6z\u00e7elik: Tehdit ediliyorum - Av. Deniz Can K\u0131z\u0131l","robots":{"index":"index","follow":"follow","max-snippet":"max-snippet:-1","max-image-preview":"max-image-preview:large","max-video-preview":"max-video-preview:-1"},"canonical":"https:\/\/denizcankizil.tr\/uk\/haberler\/gundem\/alanya-belediye-baskani-osman-tarik-ozcelik-tehdit-ediliyorum\/","og_locale":"uk_UA","og_type":"article","og_title":"Alanya Belediye Ba\u015fkan\u0131 Osman Tar\u0131k \u00d6z\u00e7elik: Tehdit ediliyorum","og_description":"Antalya Alanya Belediyesi May\u0131s Ay\u0131 Ola\u011fan Meclis Toplant\u0131s\u0131 ger\u00e7ekle\u015ftirildi. Belediye meclis toplant\u0131 salonunda d\u00fczenlenen toplant\u0131da MHP Grup S\u00f6zc\u00fcs\u00fc Kayhan Balta, Sapadere Kanyonu\u2019nun a\u00e7\u0131l\u0131p a\u00e7\u0131lmayaca\u011f\u0131 hakk\u0131nda Belediye Ba\u015fkan\u0131 Osman Tar\u0131k \u00d6z\u00e7elik\u2019ten a\u00e7\u0131klama yapmas\u0131n\u0131 istedi. SAPADERE KANYONU TARTI\u015eMASI: &#8220;G\u00dcVENL\u0130K \u00d6NLEM\u0130 ALMADAN A\u00c7MAM&#8221; Ba\u015fkan \u00d6z\u00e7elik, kanyonla ilgili s\u00fcrecin halen devam etti\u011fini belirterek \u015fu a\u00e7\u0131klamalarda bulundu: \u201c\u0130hale s\u00fcreci devam ediyor. S\u00fcrecin tamamlanmas\u0131n\u0131n ard\u0131ndan, en h\u0131zl\u0131 \u015fekilde Sapadere Kanyonu\u2019nu Alanya turizminin hizmetine sunaca\u011f\u0131z. Ancak gerekli g\u00fcvenlik \u00f6nlemleri al\u0131nmadan oray\u0131 a\u00e7mam. \u00c7\u00fcnk\u00fc daha \u00f6nce oraya ta\u015f d\u00fc\u015ft\u00fc, k\u0131r\u0131klar olu\u015ftu. Allah korusun, birinin ba\u015f\u0131na bir \u015fey d\u00fc\u015fer. Bu i\u015fin hem vicdani hem hukuki sorumlulu\u011fu var.\u201d &#8220;YAZI GELD\u0130KTEN SONRA GERE\u011e\u0130N\u0130 YAPTIK&#8221; \u00d6z\u00e7elik, ayr\u0131ca kanyonun tahsis edildi\u011fi kurumdan gelen yaz\u0131yla birlikte s\u00fcrecin hassasla\u015ft\u0131\u011f\u0131n\u0131 ve bu yaz\u0131n\u0131n ge\u00e7mi\u015fte ya\u015fanan benzer olaylara ra\u011fmen ilk kez g\u00f6nderildi\u011fini belirterek, \u201cNeden \u015fimdi b\u00f6yle bir yaz\u0131 yaz\u0131ld\u0131? Sordum ve geri \u00e7ektirdim ama yaz\u0131 geldikten sonra gere\u011fini yapt\u0131k, projelerimizi tamamlad\u0131k\u201d dedi. \u201cSEN\u0130 O KAMYONA G\u00d6MER\u0130Z&#8221; D\u0130YEN K\u0130M? Toplant\u0131n\u0131n en \u00e7arp\u0131c\u0131 anlar\u0131ndan biri ise Belediye Ba\u015fkan\u0131 Osman Tar\u0131k \u00d6z\u00e7elik\u2019in kamuoyu \u00f6n\u00fcnde ilk kez bir tehdit mesaj\u0131n\u0131 a\u00e7\u0131klamas\u0131 oldu. Sosyal medya \u00fczerinden gelen mesaj\u0131 meclis \u00fcyelerine ve kamuoyuna aynen okuyan \u00d6z\u00e7elik, tehdit mesaj\u0131n\u0131n i\u00e7eri\u011fini \u015fu \u015fekilde aktard\u0131: \u201cBir ki\u015fi, ad\u0131 \u00d6.\u00c7\u2026 Kim oldu\u011funu tan\u0131mam ama mesaj\u0131 sosyal medya &hellip;","og_url":"https:\/\/denizcankizil.tr\/uk\/haberler\/gundem\/alanya-belediye-baskani-osman-tarik-ozcelik-tehdit-ediliyorum\/","og_site_name":"Av. Deniz Can K\u0131z\u0131l","article_published_time":"2025-05-07T10:42:05+00:00","author":"Antalya K\u00f6rfez","twitter_card":"summary_large_image","twitter_misc":{"\u041d\u0430\u043f\u0438\u0441\u0430\u043d\u043e":"Antalya K\u00f6rfez","\u041f\u0440\u0438\u0431\u043b. \u0447\u0430\u0441 \u0447\u0438\u0442\u0430\u043d\u043d\u044f":"4 \u0445\u0432\u0438\u043b\u0438\u043d\u0438"},"schema":{"@context":"https:\/\/schema.org","@graph":[{"@type":"Article","@id":"https:\/\/denizcankizil.tr\/uk\/haberler\/gundem\/alanya-belediye-baskani-osman-tarik-ozcelik-tehdit-ediliyorum\/#article","isPartOf":{"@id":"https:\/\/denizcankizil.tr\/uk\/haberler\/gundem\/alanya-belediye-baskani-osman-tarik-ozcelik-tehdit-ediliyorum\/"},"author":{"name":"Antalya K\u00f6rfez","@id":"https:\/\/denizcankizil.tr\/de\/#\/schema\/person\/e1eb71bb4dd684d46563f0af307e1234"},"headline":"Alanya Belediye Ba\u015fkan\u0131 Osman Tar\u0131k \u00d6z\u00e7elik: Tehdit ediliyorum","datePublished":"2025-05-07T10:42:05+00:00","mainEntityOfPage":{"@id":"https:\/\/denizcankizil.tr\/uk\/haberler\/gundem\/alanya-belediye-baskani-osman-tarik-ozcelik-tehdit-ediliyorum\/"},"wordCount":727,"publisher":{"@id":"https:\/\/denizcankizil.tr\/de\/#organization"},"articleSection":["G\u00fcndem"],"inLanguage":"uk"},{"@type":"WebPage","@id":"https:\/\/denizcankizil.tr\/uk\/haberler\/gundem\/alanya-belediye-baskani-osman-tarik-ozcelik-tehdit-ediliyorum\/","url":"https:\/\/denizcankizil.tr\/uk\/haberler\/gundem\/alanya-belediye-baskani-osman-tarik-ozcelik-tehdit-ediliyorum\/","name":"Alanya Belediye Ba\u015fkan\u0131 Osman Tar\u0131k \u00d6z\u00e7elik: Tehdit ediliyorum - Av. Deniz Can K\u0131z\u0131l","isPartOf":{"@id":"https:\/\/denizcankizil.tr\/de\/#website"},"datePublished":"2025-05-07T10:42:05+00:00","breadcrumb":{"@id":"https:\/\/denizcankizil.tr\/uk\/haberler\/gundem\/alanya-belediye-baskani-osman-tarik-ozcelik-tehdit-ediliyorum\/#breadcrumb"},"inLanguage":"uk","potentialAction":[{"@type":"ReadAction","target":["https:\/\/denizcankizil.tr\/uk\/haberler\/gundem\/alanya-belediye-baskani-osman-tarik-ozcelik-tehdit-ediliyorum\/"]}]},{"@type":"BreadcrumbList","@id":"https:\/\/denizcankizil.tr\/uk\/haberler\/gundem\/alanya-belediye-baskani-osman-tarik-ozcelik-tehdit-ediliyorum\/#breadcrumb","itemListElement":[{"@type":"ListItem","position":1,"name":"Home","item":"https:\/\/denizcankizil.tr\/de\/"},{"@type":"ListItem","position":2,"name":"Alanya Belediye Ba\u015fkan\u0131 Osman Tar\u0131k \u00d6z\u00e7elik: Tehdit ediliyorum"}]},{"@type":"WebSite","@id":"https:\/\/denizcankizil.tr\/de\/#website","url":"https:\/\/denizcankizil.tr\/de\/","name":"Av. Deniz Can K\u0131z\u0131l","description":"Avukat Deniz Can K\u0131z\u0131l Antalya Barosu","publisher":{"@id":"https:\/\/denizcankizil.tr\/de\/#organization"},"potentialAction":[{"@type":"SearchAction","target":{"@type":"EntryPoint","urlTemplate":"https:\/\/denizcankizil.tr\/de\/?s={search_term_string}"},"query-input":{"@type":"PropertyValueSpecification","valueRequired":true,"valueName":"search_term_string"}}],"inLanguage":"uk"},{"@type":"Organization","@id":"https:\/\/denizcankizil.tr\/de\/#organization","name":"Av. Deniz Can K\u0131z\u0131l","url":"https:\/\/denizcankizil.tr\/de\/","logo":{"@type":"ImageObject","inLanguage":"uk","@id":"https:\/\/denizcankizil.tr\/de\/#\/schema\/logo\/image\/","url":"https:\/\/denizcankizil.tr\/wp-content\/uploads\/2024\/10\/siyah-logo-svg.svg","contentUrl":"https:\/\/denizcankizil.tr\/wp-content\/uploads\/2024\/10\/siyah-logo-svg.svg","width":1080,"height":1080,"caption":"Av. Deniz Can K\u0131z\u0131l"},"image":{"@id":"https:\/\/denizcankizil.tr\/de\/#\/schema\/logo\/image\/"}},{"@type":"Person","@id":"https:\/\/denizcankizil.tr\/de\/#\/schema\/person\/e1eb71bb4dd684d46563f0af307e1234","name":"Antalya K\u00f6rfez","image":{"@type":"ImageObject","inLanguage":"uk","@id":"https:\/\/denizcankizil.tr\/de\/#\/schema\/person\/image\/","url":"https:\/\/secure.gravatar.com\/avatar\/42b01982558a48a0b501fdcab6a408d3717ea5919095ee2e67b0e521799c5905?s=96&d=mm&r=g","contentUrl":"https:\/\/secure.gravatar.com\/avatar\/42b01982558a48a0b501fdcab6a408d3717ea5919095ee2e67b0e521799c5905?s=96&d=mm&r=g","caption":"Antalya K\u00f6rfez"},"sameAs":["http:\/\/www.antalyakorfez.com"],"url":"https:\/\/www.antalyakorfez.com\/alanya-belediye-baskani-osman-tarik-ozcelik-tehdit-ediliyorum"}]}},"_links":{"self":[{"href":"https:\/\/denizcankizil.tr\/uk\/wp-json\/wp\/v2\/posts\/78901","targetHints":{"allow":["GET"]}}],"collection":[{"href":"https:\/\/denizcankizil.tr\/uk\/wp-json\/wp\/v2\/posts"}],"about":[{"href":"https:\/\/denizcankizil.tr\/uk\/wp-json\/wp\/v2\/types\/post"}],"author":[{"embeddable":true,"href":"https:\/\/denizcankizil.tr\/uk\/wp-json\/wp\/v2\/users\/5"}],"replies":[{"embeddable":true,"href":"https:\/\/denizcankizil.tr\/uk\/wp-json\/wp\/v2\/comments?post=78901"}],"version-history":[{"count":0,"href":"https:\/\/denizcankizil.tr\/uk\/wp-json\/wp\/v2\/posts\/78901\/revisions"}],"wp:attachment":[{"href":"https:\/\/denizcankizil.tr\/uk\/wp-json\/wp\/v2\/media?parent=78901"}],"wp:term":[{"taxonomy":"category","embeddable":true,"href":"https:\/\/denizcankizil.tr\/uk\/wp-json\/wp\/v2\/categories?post=78901"},{"taxonomy":"post_tag","embeddable":true,"href":"https:\/\/denizcankizil.tr\/uk\/wp-json\/wp\/v2\/tags?post=78901"}],"curies":[{"name":"wp","href":"https:\/\/api.w.org\/{rel}","templated":true}]}}