{"id":7883,"date":"2024-10-25T08:41:35","date_gmt":"2024-10-25T05:41:35","guid":{"rendered":"https:\/\/denizcankizil.tr\/uncategorized-tr\/donmezoglundan-tusas-hain-saldirisina-videolu-tepki\/"},"modified":"2024-10-25T08:41:35","modified_gmt":"2024-10-25T05:41:35","slug":"donmezoglundan-tusas-hain-saldirisina-videolu-tepki","status":"publish","type":"post","link":"https:\/\/denizcankizil.tr\/uk\/haberler\/gundem\/donmezoglundan-tusas-hain-saldirisina-videolu-tepki\/","title":{"rendered":"D\u00f6nmezo\u011flu\u2019ndan TUSA\u015e Hain Sald\u0131r\u0131s\u0131na Videolu Tepki"},"content":{"rendered":"<p>Savunma Sanayi alan\u0131nda \u00f6nemli at\u0131l\u0131mlar yaparak T\u00fcrkiye\u2019nin savunma sanayi alan\u0131ndaki g\u00fcc\u00fcne g\u00fc\u00e7 katan D\u00f6nmezo\u011flu Bili\u015fim taraf\u0131ndan hain ter\u00f6r sald\u0131r\u0131s\u0131 sonras\u0131 \u00f6nemli mesajlar\u0131 i\u00e7eren bir video yay\u0131nland\u0131.<\/p>\n<p>Saha Expo \u0130stanbul Savunma Sanayi Fuar\u0131\u2019ndan g\u00f6r\u00fcnt\u00fclerin yer ald\u0131\u011f\u0131, T\u00fcrkiye\u2019nin gururu savunma sanayi \u00fcr\u00fcnlerinin yer ald\u0131\u011f\u0131 videonun ba\u015f\u0131nda \u2018Korkmadan ve y\u0131lmadan T\u00fcrk Savunma Sanayi i\u00e7in \u00fcretime son h\u0131zla devam!\u2019 ifadesine yer verilerek, TUSA\u015e sald\u0131r\u0131s\u0131nda \u015fehit d\u00fc\u015fen vatanda\u015flar\u0131m\u0131za Allah\u2019tan rahmet, yaral\u0131lara acil \u015fifa dilekleri yer ald\u0131.<\/p>\n<p>Korkmadan ve Y\u0131lmadan mottosu ve vurgusuyla yay\u0131nlanan videoda, Saha Expo \u0130stanbul Savunma Sanayi Fuar\u0131\u2019nda D\u00f6nmezo\u011flu Bili\u015fim stand\u0131n\u0131 ziyaret eden devlet b\u00fcy\u00fcklerinin g\u00f6r\u00fcnt\u00fclerine ve birbirinden de\u011ferli \u00fcr\u00fcnlere yer verildi.<\/p>\n<p>\u200bTUSA\u015e (T\u00fcrk Havac\u0131l\u0131k ve Uzay Sanayii) tesisine d\u00fczenlenen hain ter\u00f6r sald\u0131r\u0131s\u0131 sonras\u0131 t\u00fcm T\u00fcrkiye kenetlendi. Savunma Sanayi alan\u0131ndaki at\u0131l\u0131mlar\u0131yla dikkat \u00e7eken D\u00f6nmezo\u011flu Bili\u015fim de bu hain sald\u0131r\u0131ya tepkisini video kliple g\u00f6sterdi.\u00a0<\/p>\n<p>\u200bHaberin Al\u0131nt\u0131land\u0131\u011f\u0131 Kaynak: www.iskenderun.org<\/p>","protected":false},"excerpt":{"rendered":"<p>Savunma Sanayi alan\u0131nda \u00f6nemli at\u0131l\u0131mlar yaparak T\u00fcrkiye\u2019nin savunma sanayi alan\u0131ndaki g\u00fcc\u00fcne g\u00fc\u00e7 katan D\u00f6nmezo\u011flu Bili\u015fim taraf\u0131ndan hain ter\u00f6r sald\u0131r\u0131s\u0131 sonras\u0131 \u00f6nemli mesajlar\u0131 i\u00e7eren bir video yay\u0131nland\u0131. Saha Expo \u0130stanbul Savunma Sanayi Fuar\u0131\u2019ndan g\u00f6r\u00fcnt\u00fclerin yer ald\u0131\u011f\u0131, T\u00fcrkiye\u2019nin gururu savunma sanayi \u00fcr\u00fcnlerinin yer ald\u0131\u011f\u0131 videonun ba\u015f\u0131nda \u2018Korkmadan ve y\u0131lmadan T\u00fcrk Savunma Sanayi i\u00e7in \u00fcretime son h\u0131zla devam!\u2019 ifadesine yer verilerek, TUSA\u015e sald\u0131r\u0131s\u0131nda \u015fehit d\u00fc\u015fen vatanda\u015flar\u0131m\u0131za Allah\u2019tan rahmet, yaral\u0131lara acil \u015fifa dilekleri yer ald\u0131. Korkmadan ve Y\u0131lmadan mottosu ve vurgusuyla yay\u0131nlanan videoda, Saha Expo \u0130stanbul Savunma Sanayi Fuar\u0131\u2019nda D\u00f6nmezo\u011flu Bili\u015fim stand\u0131n\u0131 ziyaret eden devlet b\u00fcy\u00fcklerinin g\u00f6r\u00fcnt\u00fclerine ve birbirinden de\u011ferli \u00fcr\u00fcnlere yer verildi. \u200bTUSA\u015e (T\u00fcrk Havac\u0131l\u0131k ve Uzay Sanayii) tesisine d\u00fczenlenen hain ter\u00f6r sald\u0131r\u0131s\u0131 sonras\u0131 t\u00fcm T\u00fcrkiye kenetlendi. Savunma Sanayi alan\u0131ndaki at\u0131l\u0131mlar\u0131yla dikkat \u00e7eken D\u00f6nmezo\u011flu Bili\u015fim de bu hain sald\u0131r\u0131ya tepkisini video kliple g\u00f6sterdi.\u00a0 \u200bHaberin Al\u0131nt\u0131land\u0131\u011f\u0131 Kaynak: www.iskenderun.org<\/p>","protected":false},"author":0,"featured_media":0,"comment_status":"open","ping_status":"open","sticky":false,"template":"","format":"standard","meta":{"_acf_changed":false,"footnotes":""},"categories":[24,535],"tags":[],"class_list":["post-7883","post","type-post","status-publish","format-standard","has-post-thumbnail","hentry","category-gundem","category-uncategorized-tr"],"acf":[],"yoast_head":"<!-- This site is optimized with the Yoast SEO Premium plugin v26.6 (Yoast SEO v27.1.1) - https:\/\/yoast.com\/product\/yoast-seo-premium-wordpress\/ -->\n<title>D\u00f6nmezo\u011flu\u2019ndan TUSA\u015e Hain Sald\u0131r\u0131s\u0131na Videolu Tepki - Av. Deniz Can K\u0131z\u0131l<\/title>\n<meta name=\"robots\" content=\"index, follow, max-snippet:-1, max-image-preview:large, max-video-preview:-1\" \/>\n<link rel=\"canonical\" href=\"https:\/\/denizcankizil.tr\/uk\/haberler\/gundem\/donmezoglundan-tusas-hain-saldirisina-videolu-tepki\/\" \/>\n<meta property=\"og:locale\" content=\"uk_UA\" \/>\n<meta property=\"og:type\" content=\"article\" \/>\n<meta property=\"og:title\" content=\"D\u00f6nmezo\u011flu\u2019ndan TUSA\u015e Hain Sald\u0131r\u0131s\u0131na Videolu Tepki\" \/>\n<meta property=\"og:description\" content=\"Savunma Sanayi alan\u0131nda \u00f6nemli at\u0131l\u0131mlar yaparak T\u00fcrkiye\u2019nin savunma sanayi alan\u0131ndaki g\u00fcc\u00fcne g\u00fc\u00e7 katan D\u00f6nmezo\u011flu Bili\u015fim taraf\u0131ndan hain ter\u00f6r sald\u0131r\u0131s\u0131 sonras\u0131 \u00f6nemli mesajlar\u0131 i\u00e7eren bir video yay\u0131nland\u0131. Saha Expo \u0130stanbul Savunma Sanayi Fuar\u0131\u2019ndan g\u00f6r\u00fcnt\u00fclerin yer ald\u0131\u011f\u0131, T\u00fcrkiye\u2019nin gururu savunma sanayi \u00fcr\u00fcnlerinin yer ald\u0131\u011f\u0131 videonun ba\u015f\u0131nda \u2018Korkmadan ve y\u0131lmadan T\u00fcrk Savunma Sanayi i\u00e7in \u00fcretime son h\u0131zla devam!\u2019 ifadesine yer verilerek, TUSA\u015e sald\u0131r\u0131s\u0131nda \u015fehit d\u00fc\u015fen vatanda\u015flar\u0131m\u0131za Allah\u2019tan rahmet, yaral\u0131lara acil \u015fifa dilekleri yer ald\u0131. Korkmadan ve Y\u0131lmadan mottosu ve vurgusuyla yay\u0131nlanan videoda, Saha Expo \u0130stanbul Savunma Sanayi Fuar\u0131\u2019nda D\u00f6nmezo\u011flu Bili\u015fim stand\u0131n\u0131 ziyaret eden devlet b\u00fcy\u00fcklerinin g\u00f6r\u00fcnt\u00fclerine ve birbirinden de\u011ferli \u00fcr\u00fcnlere yer verildi. \u200bTUSA\u015e (T\u00fcrk Havac\u0131l\u0131k ve Uzay Sanayii) tesisine d\u00fczenlenen hain ter\u00f6r sald\u0131r\u0131s\u0131 sonras\u0131 t\u00fcm T\u00fcrkiye kenetlendi. Savunma Sanayi alan\u0131ndaki at\u0131l\u0131mlar\u0131yla dikkat \u00e7eken D\u00f6nmezo\u011flu Bili\u015fim de bu hain sald\u0131r\u0131ya tepkisini video kliple g\u00f6sterdi.\u00a0 \u200bHaberin Al\u0131nt\u0131land\u0131\u011f\u0131 Kaynak: www.iskenderun.org\" \/>\n<meta property=\"og:url\" content=\"https:\/\/denizcankizil.tr\/uk\/haberler\/gundem\/donmezoglundan-tusas-hain-saldirisina-videolu-tepki\/\" \/>\n<meta property=\"og:site_name\" content=\"Av. Deniz Can K\u0131z\u0131l\" \/>\n<meta property=\"article:published_time\" content=\"2024-10-25T05:41:35+00:00\" \/>\n<meta name=\"twitter:card\" content=\"summary_large_image\" \/>\n<meta name=\"twitter:label1\" content=\"\u041f\u0440\u0438\u0431\u043b. \u0447\u0430\u0441 \u0447\u0438\u0442\u0430\u043d\u043d\u044f\" \/>\n\t<meta name=\"twitter:data1\" content=\"1 \u0445\u0432\u0438\u043b\u0438\u043d\u0430\" \/>\n<script type=\"application\/ld+json\" class=\"yoast-schema-graph\">{\"@context\":\"https:\/\/schema.org\",\"@graph\":[{\"@type\":\"Article\",\"@id\":\"https:\/\/denizcankizil.tr\/uk\/haberler\/gundem\/donmezoglundan-tusas-hain-saldirisina-videolu-tepki\/#article\",\"isPartOf\":{\"@id\":\"https:\/\/denizcankizil.tr\/uk\/haberler\/gundem\/donmezoglundan-tusas-hain-saldirisina-videolu-tepki\/\"},\"author\":{\"name\":\"\",\"@id\":\"\"},\"headline\":\"D\u00f6nmezo\u011flu\u2019ndan TUSA\u015e Hain Sald\u0131r\u0131s\u0131na Videolu Tepki\",\"datePublished\":\"2024-10-25T05:41:35+00:00\",\"mainEntityOfPage\":{\"@id\":\"https:\/\/denizcankizil.tr\/uk\/haberler\/gundem\/donmezoglundan-tusas-hain-saldirisina-videolu-tepki\/\"},\"wordCount\":221,\"commentCount\":0,\"publisher\":{\"@id\":\"https:\/\/denizcankizil.tr\/#organization\"},\"articleSection\":[\"G\u00fcndem\",\"Uncategorized\"],\"inLanguage\":\"uk\",\"potentialAction\":[{\"@type\":\"CommentAction\",\"name\":\"Comment\",\"target\":[\"https:\/\/denizcankizil.tr\/uk\/haberler\/gundem\/donmezoglundan-tusas-hain-saldirisina-videolu-tepki\/#respond\"]}]},{\"@type\":\"WebPage\",\"@id\":\"https:\/\/denizcankizil.tr\/uk\/haberler\/gundem\/donmezoglundan-tusas-hain-saldirisina-videolu-tepki\/\",\"url\":\"https:\/\/denizcankizil.tr\/uk\/haberler\/gundem\/donmezoglundan-tusas-hain-saldirisina-videolu-tepki\/\",\"name\":\"D\u00f6nmezo\u011flu\u2019ndan TUSA\u015e Hain Sald\u0131r\u0131s\u0131na Videolu Tepki - Av. Deniz Can K\u0131z\u0131l\",\"isPartOf\":{\"@id\":\"https:\/\/denizcankizil.tr\/#website\"},\"datePublished\":\"2024-10-25T05:41:35+00:00\",\"breadcrumb\":{\"@id\":\"https:\/\/denizcankizil.tr\/uk\/haberler\/gundem\/donmezoglundan-tusas-hain-saldirisina-videolu-tepki\/#breadcrumb\"},\"inLanguage\":\"uk\",\"potentialAction\":[{\"@type\":\"ReadAction\",\"target\":[\"https:\/\/denizcankizil.tr\/uk\/haberler\/gundem\/donmezoglundan-tusas-hain-saldirisina-videolu-tepki\/\"]}]},{\"@type\":\"BreadcrumbList\",\"@id\":\"https:\/\/denizcankizil.tr\/uk\/haberler\/gundem\/donmezoglundan-tusas-hain-saldirisina-videolu-tepki\/#breadcrumb\",\"itemListElement\":[{\"@type\":\"ListItem\",\"position\":1,\"name\":\"Home\",\"item\":\"https:\/\/denizcankizil.tr\/uk\/\"},{\"@type\":\"ListItem\",\"position\":2,\"name\":\"D\u00f6nmezo\u011flu\u2019ndan TUSA\u015e Hain Sald\u0131r\u0131s\u0131na Videolu Tepki\"}]},{\"@type\":\"WebSite\",\"@id\":\"https:\/\/denizcankizil.tr\/#website\",\"url\":\"https:\/\/denizcankizil.tr\/\",\"name\":\"Av. Deniz Can K\u0131z\u0131l\",\"description\":\"Avukat Deniz Can K\u0131z\u0131l Antalya Barosu\",\"publisher\":{\"@id\":\"https:\/\/denizcankizil.tr\/#organization\"},\"potentialAction\":[{\"@type\":\"SearchAction\",\"target\":{\"@type\":\"EntryPoint\",\"urlTemplate\":\"https:\/\/denizcankizil.tr\/?s={search_term_string}\"},\"query-input\":{\"@type\":\"PropertyValueSpecification\",\"valueRequired\":true,\"valueName\":\"search_term_string\"}}],\"inLanguage\":\"uk\"},{\"@type\":\"Organization\",\"@id\":\"https:\/\/denizcankizil.tr\/#organization\",\"name\":\"Av. Deniz Can K\u0131z\u0131l\",\"url\":\"https:\/\/denizcankizil.tr\/\",\"logo\":{\"@type\":\"ImageObject\",\"inLanguage\":\"uk\",\"@id\":\"https:\/\/denizcankizil.tr\/#\/schema\/logo\/image\/\",\"url\":\"https:\/\/denizcankizil.tr\/wp-content\/uploads\/2024\/10\/siyah-logo-svg.svg\",\"contentUrl\":\"https:\/\/denizcankizil.tr\/wp-content\/uploads\/2024\/10\/siyah-logo-svg.svg\",\"width\":1080,\"height\":1080,\"caption\":\"Av. Deniz Can K\u0131z\u0131l\"},\"image\":{\"@id\":\"https:\/\/denizcankizil.tr\/#\/schema\/logo\/image\/\"}}]}<\/script>\n<!-- \/ Yoast SEO Premium plugin. -->","yoast_head_json":{"title":"D\u00f6nmezo\u011flu\u2019ndan TUSA\u015e Hain Sald\u0131r\u0131s\u0131na Videolu Tepki - Av. Deniz Can K\u0131z\u0131l","robots":{"index":"index","follow":"follow","max-snippet":"max-snippet:-1","max-image-preview":"max-image-preview:large","max-video-preview":"max-video-preview:-1"},"canonical":"https:\/\/denizcankizil.tr\/uk\/haberler\/gundem\/donmezoglundan-tusas-hain-saldirisina-videolu-tepki\/","og_locale":"uk_UA","og_type":"article","og_title":"D\u00f6nmezo\u011flu\u2019ndan TUSA\u015e Hain Sald\u0131r\u0131s\u0131na Videolu Tepki","og_description":"Savunma Sanayi alan\u0131nda \u00f6nemli at\u0131l\u0131mlar yaparak T\u00fcrkiye\u2019nin savunma sanayi alan\u0131ndaki g\u00fcc\u00fcne g\u00fc\u00e7 katan D\u00f6nmezo\u011flu Bili\u015fim taraf\u0131ndan hain ter\u00f6r sald\u0131r\u0131s\u0131 sonras\u0131 \u00f6nemli mesajlar\u0131 i\u00e7eren bir video yay\u0131nland\u0131. Saha Expo \u0130stanbul Savunma Sanayi Fuar\u0131\u2019ndan g\u00f6r\u00fcnt\u00fclerin yer ald\u0131\u011f\u0131, T\u00fcrkiye\u2019nin gururu savunma sanayi \u00fcr\u00fcnlerinin yer ald\u0131\u011f\u0131 videonun ba\u015f\u0131nda \u2018Korkmadan ve y\u0131lmadan T\u00fcrk Savunma Sanayi i\u00e7in \u00fcretime son h\u0131zla devam!\u2019 ifadesine yer verilerek, TUSA\u015e sald\u0131r\u0131s\u0131nda \u015fehit d\u00fc\u015fen vatanda\u015flar\u0131m\u0131za Allah\u2019tan rahmet, yaral\u0131lara acil \u015fifa dilekleri yer ald\u0131. Korkmadan ve Y\u0131lmadan mottosu ve vurgusuyla yay\u0131nlanan videoda, Saha Expo \u0130stanbul Savunma Sanayi Fuar\u0131\u2019nda D\u00f6nmezo\u011flu Bili\u015fim stand\u0131n\u0131 ziyaret eden devlet b\u00fcy\u00fcklerinin g\u00f6r\u00fcnt\u00fclerine ve birbirinden de\u011ferli \u00fcr\u00fcnlere yer verildi. \u200bTUSA\u015e (T\u00fcrk Havac\u0131l\u0131k ve Uzay Sanayii) tesisine d\u00fczenlenen hain ter\u00f6r sald\u0131r\u0131s\u0131 sonras\u0131 t\u00fcm T\u00fcrkiye kenetlendi. Savunma Sanayi alan\u0131ndaki at\u0131l\u0131mlar\u0131yla dikkat \u00e7eken D\u00f6nmezo\u011flu Bili\u015fim de bu hain sald\u0131r\u0131ya tepkisini video kliple g\u00f6sterdi.\u00a0 \u200bHaberin Al\u0131nt\u0131land\u0131\u011f\u0131 Kaynak: www.iskenderun.org","og_url":"https:\/\/denizcankizil.tr\/uk\/haberler\/gundem\/donmezoglundan-tusas-hain-saldirisina-videolu-tepki\/","og_site_name":"Av. Deniz Can K\u0131z\u0131l","article_published_time":"2024-10-25T05:41:35+00:00","twitter_card":"summary_large_image","twitter_misc":{"\u041f\u0440\u0438\u0431\u043b. \u0447\u0430\u0441 \u0447\u0438\u0442\u0430\u043d\u043d\u044f":"1 \u0445\u0432\u0438\u043b\u0438\u043d\u0430"},"schema":{"@context":"https:\/\/schema.org","@graph":[{"@type":"Article","@id":"https:\/\/denizcankizil.tr\/uk\/haberler\/gundem\/donmezoglundan-tusas-hain-saldirisina-videolu-tepki\/#article","isPartOf":{"@id":"https:\/\/denizcankizil.tr\/uk\/haberler\/gundem\/donmezoglundan-tusas-hain-saldirisina-videolu-tepki\/"},"author":{"name":"","@id":""},"headline":"D\u00f6nmezo\u011flu\u2019ndan TUSA\u015e Hain Sald\u0131r\u0131s\u0131na Videolu Tepki","datePublished":"2024-10-25T05:41:35+00:00","mainEntityOfPage":{"@id":"https:\/\/denizcankizil.tr\/uk\/haberler\/gundem\/donmezoglundan-tusas-hain-saldirisina-videolu-tepki\/"},"wordCount":221,"commentCount":0,"publisher":{"@id":"https:\/\/denizcankizil.tr\/#organization"},"articleSection":["G\u00fcndem","Uncategorized"],"inLanguage":"uk","potentialAction":[{"@type":"CommentAction","name":"Comment","target":["https:\/\/denizcankizil.tr\/uk\/haberler\/gundem\/donmezoglundan-tusas-hain-saldirisina-videolu-tepki\/#respond"]}]},{"@type":"WebPage","@id":"https:\/\/denizcankizil.tr\/uk\/haberler\/gundem\/donmezoglundan-tusas-hain-saldirisina-videolu-tepki\/","url":"https:\/\/denizcankizil.tr\/uk\/haberler\/gundem\/donmezoglundan-tusas-hain-saldirisina-videolu-tepki\/","name":"D\u00f6nmezo\u011flu\u2019ndan TUSA\u015e Hain Sald\u0131r\u0131s\u0131na Videolu Tepki - Av. Deniz Can K\u0131z\u0131l","isPartOf":{"@id":"https:\/\/denizcankizil.tr\/#website"},"datePublished":"2024-10-25T05:41:35+00:00","breadcrumb":{"@id":"https:\/\/denizcankizil.tr\/uk\/haberler\/gundem\/donmezoglundan-tusas-hain-saldirisina-videolu-tepki\/#breadcrumb"},"inLanguage":"uk","potentialAction":[{"@type":"ReadAction","target":["https:\/\/denizcankizil.tr\/uk\/haberler\/gundem\/donmezoglundan-tusas-hain-saldirisina-videolu-tepki\/"]}]},{"@type":"BreadcrumbList","@id":"https:\/\/denizcankizil.tr\/uk\/haberler\/gundem\/donmezoglundan-tusas-hain-saldirisina-videolu-tepki\/#breadcrumb","itemListElement":[{"@type":"ListItem","position":1,"name":"Home","item":"https:\/\/denizcankizil.tr\/uk\/"},{"@type":"ListItem","position":2,"name":"D\u00f6nmezo\u011flu\u2019ndan TUSA\u015e Hain Sald\u0131r\u0131s\u0131na Videolu Tepki"}]},{"@type":"WebSite","@id":"https:\/\/denizcankizil.tr\/#website","url":"https:\/\/denizcankizil.tr\/","name":"Av. Deniz Can K\u0131z\u0131l","description":"Avukat Deniz Can K\u0131z\u0131l Antalya Barosu","publisher":{"@id":"https:\/\/denizcankizil.tr\/#organization"},"potentialAction":[{"@type":"SearchAction","target":{"@type":"EntryPoint","urlTemplate":"https:\/\/denizcankizil.tr\/?s={search_term_string}"},"query-input":{"@type":"PropertyValueSpecification","valueRequired":true,"valueName":"search_term_string"}}],"inLanguage":"uk"},{"@type":"Organization","@id":"https:\/\/denizcankizil.tr\/#organization","name":"Av. Deniz Can K\u0131z\u0131l","url":"https:\/\/denizcankizil.tr\/","logo":{"@type":"ImageObject","inLanguage":"uk","@id":"https:\/\/denizcankizil.tr\/#\/schema\/logo\/image\/","url":"https:\/\/denizcankizil.tr\/wp-content\/uploads\/2024\/10\/siyah-logo-svg.svg","contentUrl":"https:\/\/denizcankizil.tr\/wp-content\/uploads\/2024\/10\/siyah-logo-svg.svg","width":1080,"height":1080,"caption":"Av. Deniz Can K\u0131z\u0131l"},"image":{"@id":"https:\/\/denizcankizil.tr\/#\/schema\/logo\/image\/"}}]}},"_links":{"self":[{"href":"https:\/\/denizcankizil.tr\/uk\/wp-json\/wp\/v2\/posts\/7883","targetHints":{"allow":["GET"]}}],"collection":[{"href":"https:\/\/denizcankizil.tr\/uk\/wp-json\/wp\/v2\/posts"}],"about":[{"href":"https:\/\/denizcankizil.tr\/uk\/wp-json\/wp\/v2\/types\/post"}],"replies":[{"embeddable":true,"href":"https:\/\/denizcankizil.tr\/uk\/wp-json\/wp\/v2\/comments?post=7883"}],"version-history":[{"count":0,"href":"https:\/\/denizcankizil.tr\/uk\/wp-json\/wp\/v2\/posts\/7883\/revisions"}],"wp:attachment":[{"href":"https:\/\/denizcankizil.tr\/uk\/wp-json\/wp\/v2\/media?parent=7883"}],"wp:term":[{"taxonomy":"category","embeddable":true,"href":"https:\/\/denizcankizil.tr\/uk\/wp-json\/wp\/v2\/categories?post=7883"},{"taxonomy":"post_tag","embeddable":true,"href":"https:\/\/denizcankizil.tr\/uk\/wp-json\/wp\/v2\/tags?post=7883"}],"curies":[{"name":"wp","href":"https:\/\/api.w.org\/{rel}","templated":true}]}}