{"id":78756,"date":"2025-05-07T10:35:00","date_gmt":"2025-05-07T07:35:00","guid":{"rendered":"https:\/\/denizcankizil.tr\/uncategorized-tr\/yargitay-3-ceza-dairesinin-2019-5428-e-2019-12060-k-sayili-karari\/"},"modified":"2025-05-07T10:35:00","modified_gmt":"2025-05-07T07:35:00","slug":"yargitay-3-ceza-dairesinin-2019-5428-e-2019-12060-k-sayili-karari","status":"publish","type":"post","link":"https:\/\/denizcankizil.tr\/uk\/hukukihaber\/yargitay-3-ceza-dairesinin-2019-5428-e-2019-12060-k-sayili-karari\/","title":{"rendered":"Yarg\u0131tay 3. Ceza Dairesi&#8217;nin 2019\/5428 E., 2019\/12060 K. say\u0131l\u0131 karar\u0131"},"content":{"rendered":"<p>T.C.<\/p>\n<p>Yarg\u0131tay\u00a0<\/p>\n<p>3. Ceza Dairesi<\/p>\n<p>2019\/5428 E., 2019\/12060 K.<\/p>\n<p>&#8220;\u0130\u00e7tihat Metni&#8221;<\/p>\n<p>MAHKEMES\u0130 :Asliye Ceza Mahkemesi<br \/>\nH\u00dcK\u00dcM : Kamuya yararl\u0131 i\u015fte \u00e7al\u0131\u015fma se\u00e7enek tedbiri<\/p>\n<p>Mahalli mahkemece verilen h\u00fck\u00fcm temyiz edilmekle evrak okunarak;<br \/>\nGere\u011fi g\u00f6r\u00fc\u015f\u00fcl\u00fcp d\u00fc\u015f\u00fcn\u00fcld\u00fc:<\/p>\n<p>1) Tekerr\u00fcre esas sab\u0131kas\u0131 olan san\u0131k hakk\u0131nda TCK&#8217;nin 58\/3. maddesi gere\u011fince TCK&#8217;nin 86\/2. maddesinde belirtilen se\u00e7imlik cezalardan hapis cezas\u0131 se\u00e7ildikten sonra sab\u0131kas\u0131 nedeniyle m\u00fckerrirlere \u00f6zg\u00fc infaz rejimi uygulanmas\u0131 gerekirken, se\u00e7ilen hapis cezas\u0131n\u0131n TCK&#8217;nin 50\/1-f maddesindeki tedbire \u00e7evrilerek sonu\u00e7 ceza tedbir oldu\u011fundan tekerr\u00fcr h\u00fck\u00fcmlerinin uygulanamaz hale getirilmesi,<\/p>\n<p>2) San\u0131k hakk\u0131nda h\u00fck\u00fcm kurulurken, k\u0131sa kararda yer verilmedi\u011fi halde gerek\u00e7eli kararda tekerr\u00fcre esas sab\u0131kas\u0131 nedeniyle m\u00fckerrirlere \u00f6zg\u00fc infaz rejiminin uygulanmas\u0131 yoluna gidildi\u011finden bahisle k\u0131sa karar ile gerek\u00e7eli karar aras\u0131nda \u00e7eli\u015fkiye neden olunmas\u0131,<\/p>\n<p>Bozmay\u0131 gerektirmi\u015f, san\u0131\u011f\u0131n ve o yer Cumhuriyet savc\u0131s\u0131n\u0131n temyiz itirazlar\u0131 bu itibarla yerinde g\u00f6r\u00fclm\u00fc\u015f oldu\u011fundan h\u00fckm\u00fcn bu nedenlerle 6723 say\u0131l\u0131 Kanun&#8217;un 33. maddesiyle de\u011fi\u015fik 5320 say\u0131l\u0131 Kanun&#8217;un 8\/1. maddesi ile y\u00fcr\u00fcrl\u00fckte bulunan 1412 say\u0131l\u0131 CMUK\u2019un 321. maddesi uyar\u0131nca isteme ayk\u0131r\u0131 olarak BOZULMASINA, 30.05.2019 g\u00fcn\u00fcnde oy \u00e7oklu\u011fuyla karar verildi.<\/p>\n<p>MUHALEFET \u015eERH\u0130<\/p>\n<p>Tekerr\u00fcre esas mahkumiyeti bulunan san\u0131k hakk\u0131nda silahla kasten yaralama su\u00e7undan TCK\u2019nin 86\/2, 86\/3-e, 29, 62, 50\/1-f maddeleri gere\u011fince verilen 3 ay 22 g\u00fcn hapis cezas\u0131n\u0131n 56 g\u00fcn s\u00fcreyle kamuya yararl\u0131 i\u015fte \u00e7al\u0131\u015ft\u0131rma se\u00e7enek yapt\u0131r\u0131m\u0131na \u00e7evrilmesine ili\u015fkin verilen kararda, 5237 say\u0131l\u0131 T\u00fcrk Ceza Kanunu&#8217;nun sistemati\u011finde k\u0131sa s\u00fcreli hapis cezas\u0131n\u0131n \u201cse\u00e7enek yapt\u0131r\u0131mlardan birine \u00e7evrilmesi h\u00fckm\u00fc kuran mahkemenin takdirindedir. Mahkeme bu takdir yetkisini, su\u00e7lunun ki\u015fili\u011fine, sosyal ve ekonomik durumuna yarg\u0131lama s\u00fcrecinde duydu\u011fu pi\u015fmanl\u0131\u011fa ve su\u00e7un i\u015flenmesindeki \u00f6zelliklere g\u00f6re kullanacakt\u0131r.<\/p>\n<p>Konu ile ilgili olarak madde metninde k\u0131sa s\u00fcreli hapis cezas\u0131n\u0131n se\u00e7enek yapt\u0131r\u0131mlardan birine \u00e7evrilebilmesi i\u00e7in ki\u015finin daha \u00f6nce su\u00e7 i\u015flememi\u015f olmas\u0131 bir \u015fart olarak aranmamaktad\u0131r. Ba\u015fka bir anlat\u0131mla ki\u015finin daha \u00f6nce su\u00e7 i\u015flemi\u015f olmas\u0131, bilahare i\u015fledi\u011fi su\u00e7tan dolay\u0131 mahkum oldu\u011fu k\u0131sa s\u00fcreli hapis cezas\u0131n\u0131n se\u00e7enek yapt\u0131r\u0131mlardan birine \u00e7evrilmesine mutlak bir engel te\u015fkil etmemektedir. Hakim, ki\u015finin daha \u00f6nce i\u015flemi\u015f oldu\u011fu su\u00e7u, bu su\u00e7un cinsini, bu su\u00e7tan dolay\u0131 h\u00fckmolunacak cezay\u0131, bu cezan\u0131n se\u00e7enek yapt\u0131r\u0131mlardan birine \u00e7evrilmi\u015f olup olmad\u0131\u011f\u0131n\u0131, ertelenmi\u015f olup olmad\u0131\u011f\u0131n\u0131, su\u00e7lunun ki\u015fili\u011fi ile ilgili olarak de\u011ferlendirecektir.<\/p>\n<p>Kanun koyucu T\u00fcrk Ceza Kanunu&#8217;nun 58\/1. maddesinde tekerr\u00fcr\u00fc kural olarak benimsedikten sonra tekerr\u00fcr \u015fartlar\u0131n\u0131 a\u00e7\u0131klarken ayn\u0131 maddenin 3. f\u0131kras\u0131nda se\u00e7imlik ceza olarak \u00f6ng\u00f6r\u00fclen su\u00e7lar y\u00f6n\u00fcnden bir s\u0131n\u0131rlama getirmi\u015f, yine ayn\u0131 Kanun\u2019un 50\/2. maddesinde de se\u00e7imlik cezalardan hapis cezay\u0131 tercih edildikten sonra, a\u00e7\u0131k\u00e7a art\u0131k bu cezan\u0131n adli para cezas\u0131na \u00e7evrilemeyece\u011fi h\u00fckm\u00fcn\u00fc getirmi\u015f di\u011fer se\u00e7enek yapt\u0131r\u0131mlarla ilgili bir yasaklamay\u0131 bilin\u00e7li olarak \u00f6ng\u00f6rmemi\u015ftir. Aksi kabul kanunda olmayan bir hususun ihdas\u0131 anlam\u0131na gelecektir. (T\u00fcrk Ceza Hukuku Genel H\u00fck\u00fcmler Prof. Dr. &#8230;, Prof Dr&#8230;.., sayfa 532)<br \/>\nKanun koyucu taraf\u0131ndan 5237 say\u0131l\u0131 T\u00fcrk Ceza Kanun\u2019unda tekerr\u00fcr \u015fartlar\u0131n\u0131n varl\u0131\u011f\u0131 halinde k\u0131sa s\u00fcreli hapis cezalar\u0131n\u0131n tedbire \u00e7evrilmesi yasaklanmad\u0131\u011f\u0131ndan kanun koyucunun \u00f6ng\u00f6rmedi\u011fi bir \u015fekilde TCK\u2019nin 58. maddesindeki metnin san\u0131\u011f\u0131n aleyhine yorumlanarak kanunda olmayan bir husus ihdas edildi\u011finden; \u00e7o\u011funlu\u011fun (1) no.lu bozma hususundaki g\u00f6r\u00fc\u015f\u00fcne kat\u0131lm\u0131yorum.<\/p>\n<p>\u200bYarg\u0131tay 3. Ceza Dairesi&#8217;nin 30.05.2019 tarihli, 2019\/5428 E., 2019\/12060 K. say\u0131l\u0131 karar\u0131\u00a0Hukuki Haber<\/p>\n<p>Haberin Al\u0131nt\u0131land\u0131\u011f\u0131 Kaynak: www.hukukihaber.net<\/p>","protected":false},"excerpt":{"rendered":"<p>T.C. Yarg\u0131tay\u00a0 3. Ceza Dairesi 2019\/5428 E., 2019\/12060 K. &#8220;\u0130\u00e7tihat Metni&#8221; MAHKEMES\u0130 :Asliye Ceza Mahkemesi H\u00dcK\u00dcM : Kamuya yararl\u0131 i\u015fte \u00e7al\u0131\u015fma se\u00e7enek tedbiri Mahalli mahkemece verilen h\u00fck\u00fcm temyiz edilmekle evrak okunarak; Gere\u011fi g\u00f6r\u00fc\u015f\u00fcl\u00fcp d\u00fc\u015f\u00fcn\u00fcld\u00fc: 1) Tekerr\u00fcre esas sab\u0131kas\u0131 olan san\u0131k hakk\u0131nda TCK&#8217;nin 58\/3. maddesi gere\u011fince TCK&#8217;nin 86\/2. maddesinde belirtilen se\u00e7imlik cezalardan hapis cezas\u0131 se\u00e7ildikten sonra sab\u0131kas\u0131 nedeniyle m\u00fckerrirlere \u00f6zg\u00fc infaz rejimi uygulanmas\u0131 gerekirken, se\u00e7ilen hapis cezas\u0131n\u0131n TCK&#8217;nin 50\/1-f maddesindeki tedbire \u00e7evrilerek sonu\u00e7 ceza tedbir oldu\u011fundan tekerr\u00fcr h\u00fck\u00fcmlerinin uygulanamaz hale getirilmesi, 2) San\u0131k hakk\u0131nda h\u00fck\u00fcm kurulurken, k\u0131sa kararda yer verilmedi\u011fi halde gerek\u00e7eli kararda tekerr\u00fcre esas sab\u0131kas\u0131 nedeniyle m\u00fckerrirlere \u00f6zg\u00fc infaz rejiminin uygulanmas\u0131 yoluna gidildi\u011finden bahisle k\u0131sa karar ile gerek\u00e7eli karar aras\u0131nda \u00e7eli\u015fkiye neden olunmas\u0131, Bozmay\u0131 gerektirmi\u015f, san\u0131\u011f\u0131n ve o yer Cumhuriyet savc\u0131s\u0131n\u0131n temyiz itirazlar\u0131 bu itibarla yerinde g\u00f6r\u00fclm\u00fc\u015f oldu\u011fundan h\u00fckm\u00fcn bu nedenlerle 6723 say\u0131l\u0131 Kanun&#8217;un 33. maddesiyle de\u011fi\u015fik 5320 say\u0131l\u0131 Kanun&#8217;un 8\/1. maddesi ile y\u00fcr\u00fcrl\u00fckte bulunan 1412 say\u0131l\u0131 CMUK\u2019un 321. maddesi uyar\u0131nca isteme ayk\u0131r\u0131 olarak BOZULMASINA, 30.05.2019 g\u00fcn\u00fcnde oy \u00e7oklu\u011fuyla karar verildi. MUHALEFET \u015eERH\u0130 Tekerr\u00fcre esas mahkumiyeti bulunan san\u0131k hakk\u0131nda silahla kasten yaralama su\u00e7undan TCK\u2019nin 86\/2, 86\/3-e, 29, 62, 50\/1-f maddeleri gere\u011fince verilen 3 ay 22 g\u00fcn hapis cezas\u0131n\u0131n 56 g\u00fcn s\u00fcreyle kamuya yararl\u0131 i\u015fte \u00e7al\u0131\u015ft\u0131rma se\u00e7enek yapt\u0131r\u0131m\u0131na \u00e7evrilmesine ili\u015fkin verilen &hellip;<\/p>","protected":false},"author":3,"featured_media":0,"comment_status":"","ping_status":"open","sticky":false,"template":"","format":"standard","meta":{"_acf_changed":false,"footnotes":""},"categories":[27],"tags":[],"class_list":["post-78756","post","type-post","status-publish","format-standard","has-post-thumbnail","hentry","category-hukukihaber"],"acf":[],"yoast_head":"<!-- This site is optimized with the Yoast SEO Premium plugin v26.6 (Yoast SEO v27.1.1) - https:\/\/yoast.com\/product\/yoast-seo-premium-wordpress\/ -->\n<title>Yarg\u0131tay 3. Ceza Dairesi&#039;nin 2019\/5428 E., 2019\/12060 K. say\u0131l\u0131 karar\u0131 - Av. Deniz Can K\u0131z\u0131l<\/title>\n<meta name=\"robots\" content=\"index, follow, max-snippet:-1, max-image-preview:large, max-video-preview:-1\" \/>\n<link rel=\"canonical\" href=\"https:\/\/denizcankizil.tr\/uk\/hukukihaber\/yargitay-3-ceza-dairesinin-2019-5428-e-2019-12060-k-sayili-karari\/\" \/>\n<meta property=\"og:locale\" content=\"uk_UA\" \/>\n<meta property=\"og:type\" content=\"article\" \/>\n<meta property=\"og:title\" content=\"Yarg\u0131tay 3. Ceza Dairesi&#039;nin 2019\/5428 E., 2019\/12060 K. say\u0131l\u0131 karar\u0131\" \/>\n<meta property=\"og:description\" content=\"T.C. Yarg\u0131tay\u00a0 3. Ceza Dairesi 2019\/5428 E., 2019\/12060 K. &#8220;\u0130\u00e7tihat Metni&#8221; MAHKEMES\u0130 :Asliye Ceza Mahkemesi H\u00dcK\u00dcM : Kamuya yararl\u0131 i\u015fte \u00e7al\u0131\u015fma se\u00e7enek tedbiri Mahalli mahkemece verilen h\u00fck\u00fcm temyiz edilmekle evrak okunarak; Gere\u011fi g\u00f6r\u00fc\u015f\u00fcl\u00fcp d\u00fc\u015f\u00fcn\u00fcld\u00fc: 1) Tekerr\u00fcre esas sab\u0131kas\u0131 olan san\u0131k hakk\u0131nda TCK&#8217;nin 58\/3. maddesi gere\u011fince TCK&#8217;nin 86\/2. maddesinde belirtilen se\u00e7imlik cezalardan hapis cezas\u0131 se\u00e7ildikten sonra sab\u0131kas\u0131 nedeniyle m\u00fckerrirlere \u00f6zg\u00fc infaz rejimi uygulanmas\u0131 gerekirken, se\u00e7ilen hapis cezas\u0131n\u0131n TCK&#8217;nin 50\/1-f maddesindeki tedbire \u00e7evrilerek sonu\u00e7 ceza tedbir oldu\u011fundan tekerr\u00fcr h\u00fck\u00fcmlerinin uygulanamaz hale getirilmesi, 2) San\u0131k hakk\u0131nda h\u00fck\u00fcm kurulurken, k\u0131sa kararda yer verilmedi\u011fi halde gerek\u00e7eli kararda tekerr\u00fcre esas sab\u0131kas\u0131 nedeniyle m\u00fckerrirlere \u00f6zg\u00fc infaz rejiminin uygulanmas\u0131 yoluna gidildi\u011finden bahisle k\u0131sa karar ile gerek\u00e7eli karar aras\u0131nda \u00e7eli\u015fkiye neden olunmas\u0131, Bozmay\u0131 gerektirmi\u015f, san\u0131\u011f\u0131n ve o yer Cumhuriyet savc\u0131s\u0131n\u0131n temyiz itirazlar\u0131 bu itibarla yerinde g\u00f6r\u00fclm\u00fc\u015f oldu\u011fundan h\u00fckm\u00fcn bu nedenlerle 6723 say\u0131l\u0131 Kanun&#8217;un 33. maddesiyle de\u011fi\u015fik 5320 say\u0131l\u0131 Kanun&#8217;un 8\/1. maddesi ile y\u00fcr\u00fcrl\u00fckte bulunan 1412 say\u0131l\u0131 CMUK\u2019un 321. maddesi uyar\u0131nca isteme ayk\u0131r\u0131 olarak BOZULMASINA, 30.05.2019 g\u00fcn\u00fcnde oy \u00e7oklu\u011fuyla karar verildi. MUHALEFET \u015eERH\u0130 Tekerr\u00fcre esas mahkumiyeti bulunan san\u0131k hakk\u0131nda silahla kasten yaralama su\u00e7undan TCK\u2019nin 86\/2, 86\/3-e, 29, 62, 50\/1-f maddeleri gere\u011fince verilen 3 ay 22 g\u00fcn hapis cezas\u0131n\u0131n 56 g\u00fcn s\u00fcreyle kamuya yararl\u0131 i\u015fte \u00e7al\u0131\u015ft\u0131rma se\u00e7enek yapt\u0131r\u0131m\u0131na \u00e7evrilmesine ili\u015fkin verilen &hellip;\" \/>\n<meta property=\"og:url\" content=\"https:\/\/denizcankizil.tr\/uk\/hukukihaber\/yargitay-3-ceza-dairesinin-2019-5428-e-2019-12060-k-sayili-karari\/\" \/>\n<meta property=\"og:site_name\" content=\"Av. Deniz Can K\u0131z\u0131l\" \/>\n<meta property=\"article:published_time\" content=\"2025-05-07T07:35:00+00:00\" \/>\n<meta name=\"author\" content=\"Hukuki Haber.net\" \/>\n<meta name=\"twitter:card\" content=\"summary_large_image\" \/>\n<meta name=\"twitter:label1\" content=\"\u041d\u0430\u043f\u0438\u0441\u0430\u043d\u043e\" \/>\n\t<meta name=\"twitter:data1\" content=\"Hukuki Haber.net\" \/>\n\t<meta name=\"twitter:label2\" content=\"\u041f\u0440\u0438\u0431\u043b. \u0447\u0430\u0441 \u0447\u0438\u0442\u0430\u043d\u043d\u044f\" \/>\n\t<meta name=\"twitter:data2\" content=\"3 \u0445\u0432\u0438\u043b\u0438\u043d\u0438\" \/>\n<script type=\"application\/ld+json\" class=\"yoast-schema-graph\">{\"@context\":\"https:\/\/schema.org\",\"@graph\":[{\"@type\":\"Article\",\"@id\":\"https:\/\/denizcankizil.tr\/uk\/hukukihaber\/yargitay-3-ceza-dairesinin-2019-5428-e-2019-12060-k-sayili-karari\/#article\",\"isPartOf\":{\"@id\":\"https:\/\/denizcankizil.tr\/uk\/hukukihaber\/yargitay-3-ceza-dairesinin-2019-5428-e-2019-12060-k-sayili-karari\/\"},\"author\":{\"name\":\"Hukuki Haber.net\",\"@id\":\"https:\/\/denizcankizil.tr\/#\/schema\/person\/001a271de994a0aa3f90eea084424822\"},\"headline\":\"Yarg\u0131tay 3. Ceza Dairesi&#8217;nin 2019\/5428 E., 2019\/12060 K. say\u0131l\u0131 karar\u0131\",\"datePublished\":\"2025-05-07T07:35:00+00:00\",\"mainEntityOfPage\":{\"@id\":\"https:\/\/denizcankizil.tr\/uk\/hukukihaber\/yargitay-3-ceza-dairesinin-2019-5428-e-2019-12060-k-sayili-karari\/\"},\"wordCount\":672,\"publisher\":{\"@id\":\"https:\/\/denizcankizil.tr\/#organization\"},\"articleSection\":[\"Hukuki Haberler\"],\"inLanguage\":\"uk\"},{\"@type\":\"WebPage\",\"@id\":\"https:\/\/denizcankizil.tr\/uk\/hukukihaber\/yargitay-3-ceza-dairesinin-2019-5428-e-2019-12060-k-sayili-karari\/\",\"url\":\"https:\/\/denizcankizil.tr\/uk\/hukukihaber\/yargitay-3-ceza-dairesinin-2019-5428-e-2019-12060-k-sayili-karari\/\",\"name\":\"Yarg\u0131tay 3. Ceza Dairesi'nin 2019\/5428 E., 2019\/12060 K. say\u0131l\u0131 karar\u0131 - Av. Deniz Can K\u0131z\u0131l\",\"isPartOf\":{\"@id\":\"https:\/\/denizcankizil.tr\/#website\"},\"datePublished\":\"2025-05-07T07:35:00+00:00\",\"breadcrumb\":{\"@id\":\"https:\/\/denizcankizil.tr\/uk\/hukukihaber\/yargitay-3-ceza-dairesinin-2019-5428-e-2019-12060-k-sayili-karari\/#breadcrumb\"},\"inLanguage\":\"uk\",\"potentialAction\":[{\"@type\":\"ReadAction\",\"target\":[\"https:\/\/denizcankizil.tr\/uk\/hukukihaber\/yargitay-3-ceza-dairesinin-2019-5428-e-2019-12060-k-sayili-karari\/\"]}]},{\"@type\":\"BreadcrumbList\",\"@id\":\"https:\/\/denizcankizil.tr\/uk\/hukukihaber\/yargitay-3-ceza-dairesinin-2019-5428-e-2019-12060-k-sayili-karari\/#breadcrumb\",\"itemListElement\":[{\"@type\":\"ListItem\",\"position\":1,\"name\":\"Home\",\"item\":\"https:\/\/denizcankizil.tr\/de\/\"},{\"@type\":\"ListItem\",\"position\":2,\"name\":\"Yarg\u0131tay 3. Ceza Dairesi&#8217;nin 2019\/5428 E., 2019\/12060 K. say\u0131l\u0131 karar\u0131\"}]},{\"@type\":\"WebSite\",\"@id\":\"https:\/\/denizcankizil.tr\/#website\",\"url\":\"https:\/\/denizcankizil.tr\/\",\"name\":\"Av. Deniz Can K\u0131z\u0131l\",\"description\":\"Avukat Deniz Can K\u0131z\u0131l Antalya Barosu\",\"publisher\":{\"@id\":\"https:\/\/denizcankizil.tr\/#organization\"},\"potentialAction\":[{\"@type\":\"SearchAction\",\"target\":{\"@type\":\"EntryPoint\",\"urlTemplate\":\"https:\/\/denizcankizil.tr\/?s={search_term_string}\"},\"query-input\":{\"@type\":\"PropertyValueSpecification\",\"valueRequired\":true,\"valueName\":\"search_term_string\"}}],\"inLanguage\":\"uk\"},{\"@type\":\"Organization\",\"@id\":\"https:\/\/denizcankizil.tr\/#organization\",\"name\":\"Av. Deniz Can K\u0131z\u0131l\",\"url\":\"https:\/\/denizcankizil.tr\/\",\"logo\":{\"@type\":\"ImageObject\",\"inLanguage\":\"uk\",\"@id\":\"https:\/\/denizcankizil.tr\/#\/schema\/logo\/image\/\",\"url\":\"https:\/\/denizcankizil.tr\/wp-content\/uploads\/2024\/10\/siyah-logo-svg.svg\",\"contentUrl\":\"https:\/\/denizcankizil.tr\/wp-content\/uploads\/2024\/10\/siyah-logo-svg.svg\",\"width\":1080,\"height\":1080,\"caption\":\"Av. Deniz Can K\u0131z\u0131l\"},\"image\":{\"@id\":\"https:\/\/denizcankizil.tr\/#\/schema\/logo\/image\/\"}},{\"@type\":\"Person\",\"@id\":\"https:\/\/denizcankizil.tr\/#\/schema\/person\/001a271de994a0aa3f90eea084424822\",\"name\":\"Hukuki Haber.net\",\"image\":{\"@type\":\"ImageObject\",\"inLanguage\":\"uk\",\"@id\":\"https:\/\/denizcankizil.tr\/#\/schema\/person\/image\/\",\"url\":\"https:\/\/secure.gravatar.com\/avatar\/57d8a49151495586611a149d29fc42865b951dc053a84709a3172ccb5abf3118?s=96&d=mm&r=g\",\"contentUrl\":\"https:\/\/secure.gravatar.com\/avatar\/57d8a49151495586611a149d29fc42865b951dc053a84709a3172ccb5abf3118?s=96&d=mm&r=g\",\"caption\":\"Hukuki Haber.net\"},\"sameAs\":[\"http:\/\/www.hukukihaber.net\"],\"url\":\"https:\/\/denizcankizil.tr\/uk\/author\/hukukihabernet\/\"}]}<\/script>\n<!-- \/ Yoast SEO Premium plugin. -->","yoast_head_json":{"title":"Yarg\u0131tay 3. Ceza Dairesi'nin 2019\/5428 E., 2019\/12060 K. say\u0131l\u0131 karar\u0131 - Av. Deniz Can K\u0131z\u0131l","robots":{"index":"index","follow":"follow","max-snippet":"max-snippet:-1","max-image-preview":"max-image-preview:large","max-video-preview":"max-video-preview:-1"},"canonical":"https:\/\/denizcankizil.tr\/uk\/hukukihaber\/yargitay-3-ceza-dairesinin-2019-5428-e-2019-12060-k-sayili-karari\/","og_locale":"uk_UA","og_type":"article","og_title":"Yarg\u0131tay 3. Ceza Dairesi'nin 2019\/5428 E., 2019\/12060 K. say\u0131l\u0131 karar\u0131","og_description":"T.C. Yarg\u0131tay\u00a0 3. Ceza Dairesi 2019\/5428 E., 2019\/12060 K. &#8220;\u0130\u00e7tihat Metni&#8221; MAHKEMES\u0130 :Asliye Ceza Mahkemesi H\u00dcK\u00dcM : Kamuya yararl\u0131 i\u015fte \u00e7al\u0131\u015fma se\u00e7enek tedbiri Mahalli mahkemece verilen h\u00fck\u00fcm temyiz edilmekle evrak okunarak; Gere\u011fi g\u00f6r\u00fc\u015f\u00fcl\u00fcp d\u00fc\u015f\u00fcn\u00fcld\u00fc: 1) Tekerr\u00fcre esas sab\u0131kas\u0131 olan san\u0131k hakk\u0131nda TCK&#8217;nin 58\/3. maddesi gere\u011fince TCK&#8217;nin 86\/2. maddesinde belirtilen se\u00e7imlik cezalardan hapis cezas\u0131 se\u00e7ildikten sonra sab\u0131kas\u0131 nedeniyle m\u00fckerrirlere \u00f6zg\u00fc infaz rejimi uygulanmas\u0131 gerekirken, se\u00e7ilen hapis cezas\u0131n\u0131n TCK&#8217;nin 50\/1-f maddesindeki tedbire \u00e7evrilerek sonu\u00e7 ceza tedbir oldu\u011fundan tekerr\u00fcr h\u00fck\u00fcmlerinin uygulanamaz hale getirilmesi, 2) San\u0131k hakk\u0131nda h\u00fck\u00fcm kurulurken, k\u0131sa kararda yer verilmedi\u011fi halde gerek\u00e7eli kararda tekerr\u00fcre esas sab\u0131kas\u0131 nedeniyle m\u00fckerrirlere \u00f6zg\u00fc infaz rejiminin uygulanmas\u0131 yoluna gidildi\u011finden bahisle k\u0131sa karar ile gerek\u00e7eli karar aras\u0131nda \u00e7eli\u015fkiye neden olunmas\u0131, Bozmay\u0131 gerektirmi\u015f, san\u0131\u011f\u0131n ve o yer Cumhuriyet savc\u0131s\u0131n\u0131n temyiz itirazlar\u0131 bu itibarla yerinde g\u00f6r\u00fclm\u00fc\u015f oldu\u011fundan h\u00fckm\u00fcn bu nedenlerle 6723 say\u0131l\u0131 Kanun&#8217;un 33. maddesiyle de\u011fi\u015fik 5320 say\u0131l\u0131 Kanun&#8217;un 8\/1. maddesi ile y\u00fcr\u00fcrl\u00fckte bulunan 1412 say\u0131l\u0131 CMUK\u2019un 321. maddesi uyar\u0131nca isteme ayk\u0131r\u0131 olarak BOZULMASINA, 30.05.2019 g\u00fcn\u00fcnde oy \u00e7oklu\u011fuyla karar verildi. MUHALEFET \u015eERH\u0130 Tekerr\u00fcre esas mahkumiyeti bulunan san\u0131k hakk\u0131nda silahla kasten yaralama su\u00e7undan TCK\u2019nin 86\/2, 86\/3-e, 29, 62, 50\/1-f maddeleri gere\u011fince verilen 3 ay 22 g\u00fcn hapis cezas\u0131n\u0131n 56 g\u00fcn s\u00fcreyle kamuya yararl\u0131 i\u015fte \u00e7al\u0131\u015ft\u0131rma se\u00e7enek yapt\u0131r\u0131m\u0131na \u00e7evrilmesine ili\u015fkin verilen &hellip;","og_url":"https:\/\/denizcankizil.tr\/uk\/hukukihaber\/yargitay-3-ceza-dairesinin-2019-5428-e-2019-12060-k-sayili-karari\/","og_site_name":"Av. Deniz Can K\u0131z\u0131l","article_published_time":"2025-05-07T07:35:00+00:00","author":"Hukuki Haber.net","twitter_card":"summary_large_image","twitter_misc":{"\u041d\u0430\u043f\u0438\u0441\u0430\u043d\u043e":"Hukuki Haber.net","\u041f\u0440\u0438\u0431\u043b. \u0447\u0430\u0441 \u0447\u0438\u0442\u0430\u043d\u043d\u044f":"3 \u0445\u0432\u0438\u043b\u0438\u043d\u0438"},"schema":{"@context":"https:\/\/schema.org","@graph":[{"@type":"Article","@id":"https:\/\/denizcankizil.tr\/uk\/hukukihaber\/yargitay-3-ceza-dairesinin-2019-5428-e-2019-12060-k-sayili-karari\/#article","isPartOf":{"@id":"https:\/\/denizcankizil.tr\/uk\/hukukihaber\/yargitay-3-ceza-dairesinin-2019-5428-e-2019-12060-k-sayili-karari\/"},"author":{"name":"Hukuki Haber.net","@id":"https:\/\/denizcankizil.tr\/#\/schema\/person\/001a271de994a0aa3f90eea084424822"},"headline":"Yarg\u0131tay 3. Ceza Dairesi&#8217;nin 2019\/5428 E., 2019\/12060 K. say\u0131l\u0131 karar\u0131","datePublished":"2025-05-07T07:35:00+00:00","mainEntityOfPage":{"@id":"https:\/\/denizcankizil.tr\/uk\/hukukihaber\/yargitay-3-ceza-dairesinin-2019-5428-e-2019-12060-k-sayili-karari\/"},"wordCount":672,"publisher":{"@id":"https:\/\/denizcankizil.tr\/#organization"},"articleSection":["Hukuki Haberler"],"inLanguage":"uk"},{"@type":"WebPage","@id":"https:\/\/denizcankizil.tr\/uk\/hukukihaber\/yargitay-3-ceza-dairesinin-2019-5428-e-2019-12060-k-sayili-karari\/","url":"https:\/\/denizcankizil.tr\/uk\/hukukihaber\/yargitay-3-ceza-dairesinin-2019-5428-e-2019-12060-k-sayili-karari\/","name":"Yarg\u0131tay 3. Ceza Dairesi'nin 2019\/5428 E., 2019\/12060 K. say\u0131l\u0131 karar\u0131 - Av. Deniz Can K\u0131z\u0131l","isPartOf":{"@id":"https:\/\/denizcankizil.tr\/#website"},"datePublished":"2025-05-07T07:35:00+00:00","breadcrumb":{"@id":"https:\/\/denizcankizil.tr\/uk\/hukukihaber\/yargitay-3-ceza-dairesinin-2019-5428-e-2019-12060-k-sayili-karari\/#breadcrumb"},"inLanguage":"uk","potentialAction":[{"@type":"ReadAction","target":["https:\/\/denizcankizil.tr\/uk\/hukukihaber\/yargitay-3-ceza-dairesinin-2019-5428-e-2019-12060-k-sayili-karari\/"]}]},{"@type":"BreadcrumbList","@id":"https:\/\/denizcankizil.tr\/uk\/hukukihaber\/yargitay-3-ceza-dairesinin-2019-5428-e-2019-12060-k-sayili-karari\/#breadcrumb","itemListElement":[{"@type":"ListItem","position":1,"name":"Home","item":"https:\/\/denizcankizil.tr\/de\/"},{"@type":"ListItem","position":2,"name":"Yarg\u0131tay 3. Ceza Dairesi&#8217;nin 2019\/5428 E., 2019\/12060 K. say\u0131l\u0131 karar\u0131"}]},{"@type":"WebSite","@id":"https:\/\/denizcankizil.tr\/#website","url":"https:\/\/denizcankizil.tr\/","name":"Av. Deniz Can K\u0131z\u0131l","description":"Avukat Deniz Can K\u0131z\u0131l Antalya Barosu","publisher":{"@id":"https:\/\/denizcankizil.tr\/#organization"},"potentialAction":[{"@type":"SearchAction","target":{"@type":"EntryPoint","urlTemplate":"https:\/\/denizcankizil.tr\/?s={search_term_string}"},"query-input":{"@type":"PropertyValueSpecification","valueRequired":true,"valueName":"search_term_string"}}],"inLanguage":"uk"},{"@type":"Organization","@id":"https:\/\/denizcankizil.tr\/#organization","name":"Av. Deniz Can K\u0131z\u0131l","url":"https:\/\/denizcankizil.tr\/","logo":{"@type":"ImageObject","inLanguage":"uk","@id":"https:\/\/denizcankizil.tr\/#\/schema\/logo\/image\/","url":"https:\/\/denizcankizil.tr\/wp-content\/uploads\/2024\/10\/siyah-logo-svg.svg","contentUrl":"https:\/\/denizcankizil.tr\/wp-content\/uploads\/2024\/10\/siyah-logo-svg.svg","width":1080,"height":1080,"caption":"Av. Deniz Can K\u0131z\u0131l"},"image":{"@id":"https:\/\/denizcankizil.tr\/#\/schema\/logo\/image\/"}},{"@type":"Person","@id":"https:\/\/denizcankizil.tr\/#\/schema\/person\/001a271de994a0aa3f90eea084424822","name":"Hukuki Haber.net","image":{"@type":"ImageObject","inLanguage":"uk","@id":"https:\/\/denizcankizil.tr\/#\/schema\/person\/image\/","url":"https:\/\/secure.gravatar.com\/avatar\/57d8a49151495586611a149d29fc42865b951dc053a84709a3172ccb5abf3118?s=96&d=mm&r=g","contentUrl":"https:\/\/secure.gravatar.com\/avatar\/57d8a49151495586611a149d29fc42865b951dc053a84709a3172ccb5abf3118?s=96&d=mm&r=g","caption":"Hukuki Haber.net"},"sameAs":["http:\/\/www.hukukihaber.net"],"url":"https:\/\/denizcankizil.tr\/uk\/author\/hukukihabernet\/"}]}},"_links":{"self":[{"href":"https:\/\/denizcankizil.tr\/uk\/wp-json\/wp\/v2\/posts\/78756","targetHints":{"allow":["GET"]}}],"collection":[{"href":"https:\/\/denizcankizil.tr\/uk\/wp-json\/wp\/v2\/posts"}],"about":[{"href":"https:\/\/denizcankizil.tr\/uk\/wp-json\/wp\/v2\/types\/post"}],"author":[{"embeddable":true,"href":"https:\/\/denizcankizil.tr\/uk\/wp-json\/wp\/v2\/users\/3"}],"replies":[{"embeddable":true,"href":"https:\/\/denizcankizil.tr\/uk\/wp-json\/wp\/v2\/comments?post=78756"}],"version-history":[{"count":0,"href":"https:\/\/denizcankizil.tr\/uk\/wp-json\/wp\/v2\/posts\/78756\/revisions"}],"wp:attachment":[{"href":"https:\/\/denizcankizil.tr\/uk\/wp-json\/wp\/v2\/media?parent=78756"}],"wp:term":[{"taxonomy":"category","embeddable":true,"href":"https:\/\/denizcankizil.tr\/uk\/wp-json\/wp\/v2\/categories?post=78756"},{"taxonomy":"post_tag","embeddable":true,"href":"https:\/\/denizcankizil.tr\/uk\/wp-json\/wp\/v2\/tags?post=78756"}],"curies":[{"name":"wp","href":"https:\/\/api.w.org\/{rel}","templated":true}]}}