{"id":77925,"date":"2025-05-06T13:41:28","date_gmt":"2025-05-06T10:41:28","guid":{"rendered":"https:\/\/denizcankizil.tr\/uncategorized-tr\/kemerde-hidirellez-dalisi\/"},"modified":"2025-05-06T13:41:28","modified_gmt":"2025-05-06T10:41:28","slug":"kemerde-hidirellez-dalisi","status":"publish","type":"post","link":"https:\/\/denizcankizil.tr\/uk\/haberler\/antalya\/kemerde-hidirellez-dalisi\/","title":{"rendered":"Kemer&#8217;de H\u0131d\u0131rellez Dal\u0131\u015f\u0131"},"content":{"rendered":"<p>Dal\u0131\u015f turizminin g\u00f6zde merkezlerinden biri olan Kemer\u2019de, Kemer Kaymakaml\u0131\u011f\u0131 \u00f6nc\u00fcl\u00fc\u011f\u00fcnde ve Kemer Belediyesi\u2019nin deste\u011fiyle &#8220;H\u0131d\u0131rellez Dal\u0131\u015f Etkinli\u011fi&#8221; d\u00fczenlendi. Kemer G-Marina\u2019dan teknelerin hareket etmesiyle ba\u015flayan etkinlik, Kocaburun b\u00f6lgesinde ger\u00e7ekle\u015ftirilen dal\u0131\u015fla devam etti.<\/p>\n<p>Dal\u0131\u015f yap\u0131lan noktaya &#8220;Dilek Koyu&#8221; ad\u0131 verildi<br \/>\nEtkinlikte, dal\u0131\u015f yap\u0131lan noktaya &#8220;Dilek Koyu&#8221; ad\u0131 verildi. Kat\u0131l\u0131mc\u0131lar, denizden toplad\u0131klar\u0131 ta\u015flara dilek ve temennilerini yazarak 4 metre derinli\u011fe bat\u0131r\u0131lan amforalar\u0131n i\u00e7ine att\u0131lar. Sahil G\u00fcvenlik Komutanl\u0131\u011f\u0131 da botla g\u00fcvenlik \u00f6nlemleri alarak etkinli\u011fi destekledi. Etkinlik yakla\u015f\u0131k 2 saat s\u00fcrd\u00fc.<\/p>\n<p>&#8220;Kemer\u2019in d\u00fcnyan\u0131n en iyi dal\u0131\u015f noktalar\u0131ndan biri olarak an\u0131lmas\u0131n\u0131 istiyoruz&#8221;<br \/>\nKemer Kaymakam\u0131 Ahmet Solmaz etkinlikle ilgili yapt\u0131\u011f\u0131 a\u00e7\u0131klamada, &#8220;Kemer Turizm Komitesi\u2019nde may\u0131s ay\u0131n\u0131 dal\u0131\u015f ay\u0131 ilan etmi\u015ftik. H\u0131d\u0131rellez vesilesiyle ilk dal\u0131\u015f\u0131m\u0131z\u0131 ger\u00e7ekle\u015ftirdik. Kemer\u2019in d\u00fcnyan\u0131n en iyi dal\u0131\u015f noktalar\u0131ndan biri olarak an\u0131lmas\u0131n\u0131 istiyoruz. Etkinli\u011fe destek veren t\u00fcm payda\u015flara te\u015fekk\u00fcr ediyorum&#8221; dedi.<\/p>\n<p>&#8220;Art\u0131k Kocaburun mevkisinde bir \u2018Dilek\u2019 dal\u0131\u015f noktam\u0131z var&#8221;<br \/>\nKemer Belediye Meclis \u00dcyesi Cans\u0131n Efir ise, &#8220;Bug\u00fcn hem H\u0131d\u0131rellez\u2019i hem de sezonun ba\u015flang\u0131c\u0131n\u0131 kutlad\u0131k. Art\u0131k Kocaburun mevkisinde bir \u2018Dilek\u2019 dal\u0131\u015f noktam\u0131z var. Turizm ve dal\u0131\u015f sezonunun herkese hay\u0131rl\u0131 olmas\u0131n\u0131 diliyorum&#8221; ifadelerini kulland\u0131.<br \/>\nOrganizasyona Kemer Kaymakam\u0131 Ahmet Solmaz, Kemer Emniyet M\u00fcd\u00fcr\u00fc Furkan Gedikta\u015f, Sahil G\u00fcvenlik Komutan\u0131 Soner Tuna, Kemer Belediye Meclis \u00dcyesi ve Turizm Birimi Sorumlusu Cans\u0131n Efir, KETAV Ba\u015fkan\u0131 Volkan Yorulmaz, KEM\u0130AD Y\u00f6netim Kurulu \u00dcyesi \u0130smail K\u0131yar, dal\u0131\u015f okullar\u0131n\u0131n temsilcileri, profesyonel dalg\u0131\u00e7lar ve sualt\u0131 foto\u011fraf sanat\u00e7\u0131lar\u0131 kat\u0131ld\u0131.<\/p>\n<p>Kaynak: www.kanalv.com.tr Haber Sitesinden Al\u0131nm\u0131\u015ft\u0131r.<\/p>","protected":false},"excerpt":{"rendered":"<p>Dal\u0131\u015f turizminin g\u00f6zde merkezlerinden biri olan Kemer\u2019de, Kemer Kaymakaml\u0131\u011f\u0131 \u00f6nc\u00fcl\u00fc\u011f\u00fcnde ve Kemer Belediyesi\u2019nin deste\u011fiyle &#8220;H\u0131d\u0131rellez Dal\u0131\u015f Etkinli\u011fi&#8221; d\u00fczenlendi. Kemer G-Marina\u2019dan teknelerin hareket etmesiyle ba\u015flayan etkinlik, Kocaburun b\u00f6lgesinde ger\u00e7ekle\u015ftirilen dal\u0131\u015fla devam etti. Dal\u0131\u015f yap\u0131lan noktaya &#8220;Dilek Koyu&#8221; ad\u0131 verildi Etkinlikte, dal\u0131\u015f yap\u0131lan noktaya &#8220;Dilek Koyu&#8221; ad\u0131 verildi. Kat\u0131l\u0131mc\u0131lar, denizden toplad\u0131klar\u0131 ta\u015flara dilek ve temennilerini yazarak 4 metre derinli\u011fe bat\u0131r\u0131lan amforalar\u0131n i\u00e7ine att\u0131lar. Sahil G\u00fcvenlik Komutanl\u0131\u011f\u0131 da botla g\u00fcvenlik \u00f6nlemleri alarak etkinli\u011fi destekledi. Etkinlik yakla\u015f\u0131k 2 saat s\u00fcrd\u00fc. &#8220;Kemer\u2019in d\u00fcnyan\u0131n en iyi dal\u0131\u015f noktalar\u0131ndan biri olarak an\u0131lmas\u0131n\u0131 istiyoruz&#8221; Kemer Kaymakam\u0131 Ahmet Solmaz etkinlikle ilgili yapt\u0131\u011f\u0131 a\u00e7\u0131klamada, &#8220;Kemer Turizm Komitesi\u2019nde may\u0131s ay\u0131n\u0131 dal\u0131\u015f ay\u0131 ilan etmi\u015ftik. H\u0131d\u0131rellez vesilesiyle ilk dal\u0131\u015f\u0131m\u0131z\u0131 ger\u00e7ekle\u015ftirdik. Kemer\u2019in d\u00fcnyan\u0131n en iyi dal\u0131\u015f noktalar\u0131ndan biri olarak an\u0131lmas\u0131n\u0131 istiyoruz. Etkinli\u011fe destek veren t\u00fcm payda\u015flara te\u015fekk\u00fcr ediyorum&#8221; dedi. &#8220;Art\u0131k Kocaburun mevkisinde bir \u2018Dilek\u2019 dal\u0131\u015f noktam\u0131z var&#8221; Kemer Belediye Meclis \u00dcyesi Cans\u0131n Efir ise, &#8220;Bug\u00fcn hem H\u0131d\u0131rellez\u2019i hem de sezonun ba\u015flang\u0131c\u0131n\u0131 kutlad\u0131k. Art\u0131k Kocaburun mevkisinde bir \u2018Dilek\u2019 dal\u0131\u015f noktam\u0131z var. Turizm ve dal\u0131\u015f sezonunun herkese hay\u0131rl\u0131 olmas\u0131n\u0131 diliyorum&#8221; ifadelerini kulland\u0131. Organizasyona Kemer Kaymakam\u0131 Ahmet Solmaz, Kemer Emniyet M\u00fcd\u00fcr\u00fc Furkan Gedikta\u015f, Sahil G\u00fcvenlik Komutan\u0131 Soner Tuna, Kemer Belediye Meclis \u00dcyesi ve Turizm Birimi Sorumlusu Cans\u0131n Efir, KETAV Ba\u015fkan\u0131 Volkan Yorulmaz, KEM\u0130AD Y\u00f6netim Kurulu \u00dcyesi &hellip;<\/p>","protected":false},"author":4,"featured_media":77926,"comment_status":"","ping_status":"open","sticky":false,"template":"","format":"standard","meta":{"_acf_changed":false,"footnotes":""},"categories":[26],"tags":[],"class_list":["post-77925","post","type-post","status-publish","format-standard","has-post-thumbnail","hentry","category-antalya"],"acf":[],"yoast_head":"<!-- This site is optimized with the Yoast SEO Premium plugin v26.6 (Yoast SEO v27.1.1) - https:\/\/yoast.com\/product\/yoast-seo-premium-wordpress\/ -->\n<title>Kemer&#039;de H\u0131d\u0131rellez Dal\u0131\u015f\u0131 - Av. Deniz Can K\u0131z\u0131l<\/title>\n<meta name=\"robots\" content=\"index, follow, max-snippet:-1, max-image-preview:large, max-video-preview:-1\" \/>\n<link rel=\"canonical\" href=\"https:\/\/denizcankizil.tr\/uk\/haberler\/antalya\/kemerde-hidirellez-dalisi\/\" \/>\n<meta property=\"og:locale\" content=\"uk_UA\" \/>\n<meta property=\"og:type\" content=\"article\" \/>\n<meta property=\"og:title\" content=\"Kemer&#039;de H\u0131d\u0131rellez Dal\u0131\u015f\u0131\" \/>\n<meta property=\"og:description\" content=\"Dal\u0131\u015f turizminin g\u00f6zde merkezlerinden biri olan Kemer\u2019de, Kemer Kaymakaml\u0131\u011f\u0131 \u00f6nc\u00fcl\u00fc\u011f\u00fcnde ve Kemer Belediyesi\u2019nin deste\u011fiyle &#8220;H\u0131d\u0131rellez Dal\u0131\u015f Etkinli\u011fi&#8221; d\u00fczenlendi. Kemer G-Marina\u2019dan teknelerin hareket etmesiyle ba\u015flayan etkinlik, Kocaburun b\u00f6lgesinde ger\u00e7ekle\u015ftirilen dal\u0131\u015fla devam etti. Dal\u0131\u015f yap\u0131lan noktaya &#8220;Dilek Koyu&#8221; ad\u0131 verildi Etkinlikte, dal\u0131\u015f yap\u0131lan noktaya &#8220;Dilek Koyu&#8221; ad\u0131 verildi. Kat\u0131l\u0131mc\u0131lar, denizden toplad\u0131klar\u0131 ta\u015flara dilek ve temennilerini yazarak 4 metre derinli\u011fe bat\u0131r\u0131lan amforalar\u0131n i\u00e7ine att\u0131lar. Sahil G\u00fcvenlik Komutanl\u0131\u011f\u0131 da botla g\u00fcvenlik \u00f6nlemleri alarak etkinli\u011fi destekledi. Etkinlik yakla\u015f\u0131k 2 saat s\u00fcrd\u00fc. &#8220;Kemer\u2019in d\u00fcnyan\u0131n en iyi dal\u0131\u015f noktalar\u0131ndan biri olarak an\u0131lmas\u0131n\u0131 istiyoruz&#8221; Kemer Kaymakam\u0131 Ahmet Solmaz etkinlikle ilgili yapt\u0131\u011f\u0131 a\u00e7\u0131klamada, &#8220;Kemer Turizm Komitesi\u2019nde may\u0131s ay\u0131n\u0131 dal\u0131\u015f ay\u0131 ilan etmi\u015ftik. H\u0131d\u0131rellez vesilesiyle ilk dal\u0131\u015f\u0131m\u0131z\u0131 ger\u00e7ekle\u015ftirdik. Kemer\u2019in d\u00fcnyan\u0131n en iyi dal\u0131\u015f noktalar\u0131ndan biri olarak an\u0131lmas\u0131n\u0131 istiyoruz. Etkinli\u011fe destek veren t\u00fcm payda\u015flara te\u015fekk\u00fcr ediyorum&#8221; dedi. &#8220;Art\u0131k Kocaburun mevkisinde bir \u2018Dilek\u2019 dal\u0131\u015f noktam\u0131z var&#8221; Kemer Belediye Meclis \u00dcyesi Cans\u0131n Efir ise, &#8220;Bug\u00fcn hem H\u0131d\u0131rellez\u2019i hem de sezonun ba\u015flang\u0131c\u0131n\u0131 kutlad\u0131k. Art\u0131k Kocaburun mevkisinde bir \u2018Dilek\u2019 dal\u0131\u015f noktam\u0131z var. Turizm ve dal\u0131\u015f sezonunun herkese hay\u0131rl\u0131 olmas\u0131n\u0131 diliyorum&#8221; ifadelerini kulland\u0131. Organizasyona Kemer Kaymakam\u0131 Ahmet Solmaz, Kemer Emniyet M\u00fcd\u00fcr\u00fc Furkan Gedikta\u015f, Sahil G\u00fcvenlik Komutan\u0131 Soner Tuna, Kemer Belediye Meclis \u00dcyesi ve Turizm Birimi Sorumlusu Cans\u0131n Efir, KETAV Ba\u015fkan\u0131 Volkan Yorulmaz, KEM\u0130AD Y\u00f6netim Kurulu \u00dcyesi &hellip;\" \/>\n<meta property=\"og:url\" content=\"https:\/\/denizcankizil.tr\/uk\/haberler\/antalya\/kemerde-hidirellez-dalisi\/\" \/>\n<meta property=\"og:site_name\" content=\"Av. Deniz Can K\u0131z\u0131l\" \/>\n<meta property=\"article:published_time\" content=\"2025-05-06T10:41:28+00:00\" \/>\n<meta property=\"og:image\" content=\"https:\/\/denizcankizil.tr\/wp-content\/uploads\/2025\/05\/6184-01-vAZIEB.jpg\" \/>\n\t<meta property=\"og:image:width\" content=\"1280\" \/>\n\t<meta property=\"og:image:height\" content=\"720\" \/>\n\t<meta property=\"og:image:type\" content=\"image\/jpeg\" \/>\n<meta name=\"author\" content=\"Av. Deniz Can K\u0131z\u0131l\" \/>\n<meta name=\"twitter:card\" content=\"summary_large_image\" \/>\n<meta name=\"twitter:label1\" content=\"\u041d\u0430\u043f\u0438\u0441\u0430\u043d\u043e\" \/>\n\t<meta name=\"twitter:data1\" content=\"Av. Deniz Can K\u0131z\u0131l\" \/>\n\t<meta name=\"twitter:label2\" content=\"\u041f\u0440\u0438\u0431\u043b. \u0447\u0430\u0441 \u0447\u0438\u0442\u0430\u043d\u043d\u044f\" \/>\n\t<meta name=\"twitter:data2\" content=\"2 \u0445\u0432\u0438\u043b\u0438\u043d\u0438\" \/>\n<script type=\"application\/ld+json\" class=\"yoast-schema-graph\">{\"@context\":\"https:\/\/schema.org\",\"@graph\":[{\"@type\":\"Article\",\"@id\":\"https:\/\/denizcankizil.tr\/uk\/haberler\/antalya\/kemerde-hidirellez-dalisi\/#article\",\"isPartOf\":{\"@id\":\"https:\/\/denizcankizil.tr\/uk\/haberler\/antalya\/kemerde-hidirellez-dalisi\/\"},\"author\":{\"name\":\"Av. Deniz Can K\u0131z\u0131l\",\"@id\":\"https:\/\/denizcankizil.tr\/#\/schema\/person\/5dc1b22991bd7ac833867c10afc9b0ff\"},\"headline\":\"Kemer&#8217;de H\u0131d\u0131rellez Dal\u0131\u015f\u0131\",\"datePublished\":\"2025-05-06T10:41:28+00:00\",\"mainEntityOfPage\":{\"@id\":\"https:\/\/denizcankizil.tr\/uk\/haberler\/antalya\/kemerde-hidirellez-dalisi\/\"},\"wordCount\":318,\"publisher\":{\"@id\":\"https:\/\/denizcankizil.tr\/#organization\"},\"image\":{\"@id\":\"https:\/\/denizcankizil.tr\/uk\/haberler\/antalya\/kemerde-hidirellez-dalisi\/#primaryimage\"},\"thumbnailUrl\":\"https:\/\/denizcankizil.tr\/wp-content\/uploads\/2025\/05\/6184-01-vAZIEB.jpg\",\"articleSection\":[\"Antalya\"],\"inLanguage\":\"uk\"},{\"@type\":\"WebPage\",\"@id\":\"https:\/\/denizcankizil.tr\/uk\/haberler\/antalya\/kemerde-hidirellez-dalisi\/\",\"url\":\"https:\/\/denizcankizil.tr\/uk\/haberler\/antalya\/kemerde-hidirellez-dalisi\/\",\"name\":\"Kemer'de H\u0131d\u0131rellez Dal\u0131\u015f\u0131 - Av. Deniz Can K\u0131z\u0131l\",\"isPartOf\":{\"@id\":\"https:\/\/denizcankizil.tr\/#website\"},\"primaryImageOfPage\":{\"@id\":\"https:\/\/denizcankizil.tr\/uk\/haberler\/antalya\/kemerde-hidirellez-dalisi\/#primaryimage\"},\"image\":{\"@id\":\"https:\/\/denizcankizil.tr\/uk\/haberler\/antalya\/kemerde-hidirellez-dalisi\/#primaryimage\"},\"thumbnailUrl\":\"https:\/\/denizcankizil.tr\/wp-content\/uploads\/2025\/05\/6184-01-vAZIEB.jpg\",\"datePublished\":\"2025-05-06T10:41:28+00:00\",\"breadcrumb\":{\"@id\":\"https:\/\/denizcankizil.tr\/uk\/haberler\/antalya\/kemerde-hidirellez-dalisi\/#breadcrumb\"},\"inLanguage\":\"uk\",\"potentialAction\":[{\"@type\":\"ReadAction\",\"target\":[\"https:\/\/denizcankizil.tr\/uk\/haberler\/antalya\/kemerde-hidirellez-dalisi\/\"]}]},{\"@type\":\"ImageObject\",\"inLanguage\":\"uk\",\"@id\":\"https:\/\/denizcankizil.tr\/uk\/haberler\/antalya\/kemerde-hidirellez-dalisi\/#primaryimage\",\"url\":\"https:\/\/denizcankizil.tr\/wp-content\/uploads\/2025\/05\/6184-01-vAZIEB.jpg\",\"contentUrl\":\"https:\/\/denizcankizil.tr\/wp-content\/uploads\/2025\/05\/6184-01-vAZIEB.jpg\",\"width\":1280,\"height\":720},{\"@type\":\"BreadcrumbList\",\"@id\":\"https:\/\/denizcankizil.tr\/uk\/haberler\/antalya\/kemerde-hidirellez-dalisi\/#breadcrumb\",\"itemListElement\":[{\"@type\":\"ListItem\",\"position\":1,\"name\":\"Home\",\"item\":\"https:\/\/denizcankizil.tr\/de\/\"},{\"@type\":\"ListItem\",\"position\":2,\"name\":\"Kemer&#8217;de H\u0131d\u0131rellez Dal\u0131\u015f\u0131\"}]},{\"@type\":\"WebSite\",\"@id\":\"https:\/\/denizcankizil.tr\/#website\",\"url\":\"https:\/\/denizcankizil.tr\/\",\"name\":\"Av. Deniz Can K\u0131z\u0131l\",\"description\":\"Avukat Deniz Can K\u0131z\u0131l Antalya Barosu\",\"publisher\":{\"@id\":\"https:\/\/denizcankizil.tr\/#organization\"},\"potentialAction\":[{\"@type\":\"SearchAction\",\"target\":{\"@type\":\"EntryPoint\",\"urlTemplate\":\"https:\/\/denizcankizil.tr\/?s={search_term_string}\"},\"query-input\":{\"@type\":\"PropertyValueSpecification\",\"valueRequired\":true,\"valueName\":\"search_term_string\"}}],\"inLanguage\":\"uk\"},{\"@type\":\"Organization\",\"@id\":\"https:\/\/denizcankizil.tr\/#organization\",\"name\":\"Av. Deniz Can K\u0131z\u0131l\",\"url\":\"https:\/\/denizcankizil.tr\/\",\"logo\":{\"@type\":\"ImageObject\",\"inLanguage\":\"uk\",\"@id\":\"https:\/\/denizcankizil.tr\/#\/schema\/logo\/image\/\",\"url\":\"https:\/\/denizcankizil.tr\/wp-content\/uploads\/2024\/10\/siyah-logo-svg.svg\",\"contentUrl\":\"https:\/\/denizcankizil.tr\/wp-content\/uploads\/2024\/10\/siyah-logo-svg.svg\",\"width\":1080,\"height\":1080,\"caption\":\"Av. Deniz Can K\u0131z\u0131l\"},\"image\":{\"@id\":\"https:\/\/denizcankizil.tr\/#\/schema\/logo\/image\/\"}},{\"@type\":\"Person\",\"@id\":\"https:\/\/denizcankizil.tr\/#\/schema\/person\/5dc1b22991bd7ac833867c10afc9b0ff\",\"name\":\"Av. Deniz Can K\u0131z\u0131l\",\"image\":{\"@type\":\"ImageObject\",\"inLanguage\":\"uk\",\"@id\":\"https:\/\/denizcankizil.tr\/#\/schema\/person\/image\/\",\"url\":\"https:\/\/secure.gravatar.com\/avatar\/a0b128fb9855c79efc976d5640eedb31dc35ec297594d6016d2cf7c60e975bb6?s=96&d=mm&r=g\",\"contentUrl\":\"https:\/\/secure.gravatar.com\/avatar\/a0b128fb9855c79efc976d5640eedb31dc35ec297594d6016d2cf7c60e975bb6?s=96&d=mm&r=g\",\"caption\":\"Av. Deniz Can K\u0131z\u0131l\"},\"sameAs\":[\"http:\/\/www.denizcankizil.tr\"],\"url\":\"https:\/\/denizcankizil.tr\/uk\/author\/denizcankizil\/\"}]}<\/script>\n<!-- \/ Yoast SEO Premium plugin. -->","yoast_head_json":{"title":"Kemer'de H\u0131d\u0131rellez Dal\u0131\u015f\u0131 - Av. Deniz Can K\u0131z\u0131l","robots":{"index":"index","follow":"follow","max-snippet":"max-snippet:-1","max-image-preview":"max-image-preview:large","max-video-preview":"max-video-preview:-1"},"canonical":"https:\/\/denizcankizil.tr\/uk\/haberler\/antalya\/kemerde-hidirellez-dalisi\/","og_locale":"uk_UA","og_type":"article","og_title":"Kemer'de H\u0131d\u0131rellez Dal\u0131\u015f\u0131","og_description":"Dal\u0131\u015f turizminin g\u00f6zde merkezlerinden biri olan Kemer\u2019de, Kemer Kaymakaml\u0131\u011f\u0131 \u00f6nc\u00fcl\u00fc\u011f\u00fcnde ve Kemer Belediyesi\u2019nin deste\u011fiyle &#8220;H\u0131d\u0131rellez Dal\u0131\u015f Etkinli\u011fi&#8221; d\u00fczenlendi. Kemer G-Marina\u2019dan teknelerin hareket etmesiyle ba\u015flayan etkinlik, Kocaburun b\u00f6lgesinde ger\u00e7ekle\u015ftirilen dal\u0131\u015fla devam etti. Dal\u0131\u015f yap\u0131lan noktaya &#8220;Dilek Koyu&#8221; ad\u0131 verildi Etkinlikte, dal\u0131\u015f yap\u0131lan noktaya &#8220;Dilek Koyu&#8221; ad\u0131 verildi. Kat\u0131l\u0131mc\u0131lar, denizden toplad\u0131klar\u0131 ta\u015flara dilek ve temennilerini yazarak 4 metre derinli\u011fe bat\u0131r\u0131lan amforalar\u0131n i\u00e7ine att\u0131lar. Sahil G\u00fcvenlik Komutanl\u0131\u011f\u0131 da botla g\u00fcvenlik \u00f6nlemleri alarak etkinli\u011fi destekledi. Etkinlik yakla\u015f\u0131k 2 saat s\u00fcrd\u00fc. &#8220;Kemer\u2019in d\u00fcnyan\u0131n en iyi dal\u0131\u015f noktalar\u0131ndan biri olarak an\u0131lmas\u0131n\u0131 istiyoruz&#8221; Kemer Kaymakam\u0131 Ahmet Solmaz etkinlikle ilgili yapt\u0131\u011f\u0131 a\u00e7\u0131klamada, &#8220;Kemer Turizm Komitesi\u2019nde may\u0131s ay\u0131n\u0131 dal\u0131\u015f ay\u0131 ilan etmi\u015ftik. H\u0131d\u0131rellez vesilesiyle ilk dal\u0131\u015f\u0131m\u0131z\u0131 ger\u00e7ekle\u015ftirdik. Kemer\u2019in d\u00fcnyan\u0131n en iyi dal\u0131\u015f noktalar\u0131ndan biri olarak an\u0131lmas\u0131n\u0131 istiyoruz. Etkinli\u011fe destek veren t\u00fcm payda\u015flara te\u015fekk\u00fcr ediyorum&#8221; dedi. &#8220;Art\u0131k Kocaburun mevkisinde bir \u2018Dilek\u2019 dal\u0131\u015f noktam\u0131z var&#8221; Kemer Belediye Meclis \u00dcyesi Cans\u0131n Efir ise, &#8220;Bug\u00fcn hem H\u0131d\u0131rellez\u2019i hem de sezonun ba\u015flang\u0131c\u0131n\u0131 kutlad\u0131k. Art\u0131k Kocaburun mevkisinde bir \u2018Dilek\u2019 dal\u0131\u015f noktam\u0131z var. Turizm ve dal\u0131\u015f sezonunun herkese hay\u0131rl\u0131 olmas\u0131n\u0131 diliyorum&#8221; ifadelerini kulland\u0131. Organizasyona Kemer Kaymakam\u0131 Ahmet Solmaz, Kemer Emniyet M\u00fcd\u00fcr\u00fc Furkan Gedikta\u015f, Sahil G\u00fcvenlik Komutan\u0131 Soner Tuna, Kemer Belediye Meclis \u00dcyesi ve Turizm Birimi Sorumlusu Cans\u0131n Efir, KETAV Ba\u015fkan\u0131 Volkan Yorulmaz, KEM\u0130AD Y\u00f6netim Kurulu \u00dcyesi &hellip;","og_url":"https:\/\/denizcankizil.tr\/uk\/haberler\/antalya\/kemerde-hidirellez-dalisi\/","og_site_name":"Av. Deniz Can K\u0131z\u0131l","article_published_time":"2025-05-06T10:41:28+00:00","og_image":[{"width":1280,"height":720,"url":"https:\/\/denizcankizil.tr\/wp-content\/uploads\/2025\/05\/6184-01-vAZIEB.jpg","type":"image\/jpeg"}],"author":"Av. Deniz Can K\u0131z\u0131l","twitter_card":"summary_large_image","twitter_misc":{"\u041d\u0430\u043f\u0438\u0441\u0430\u043d\u043e":"Av. Deniz Can K\u0131z\u0131l","\u041f\u0440\u0438\u0431\u043b. \u0447\u0430\u0441 \u0447\u0438\u0442\u0430\u043d\u043d\u044f":"2 \u0445\u0432\u0438\u043b\u0438\u043d\u0438"},"schema":{"@context":"https:\/\/schema.org","@graph":[{"@type":"Article","@id":"https:\/\/denizcankizil.tr\/uk\/haberler\/antalya\/kemerde-hidirellez-dalisi\/#article","isPartOf":{"@id":"https:\/\/denizcankizil.tr\/uk\/haberler\/antalya\/kemerde-hidirellez-dalisi\/"},"author":{"name":"Av. Deniz Can K\u0131z\u0131l","@id":"https:\/\/denizcankizil.tr\/#\/schema\/person\/5dc1b22991bd7ac833867c10afc9b0ff"},"headline":"Kemer&#8217;de H\u0131d\u0131rellez Dal\u0131\u015f\u0131","datePublished":"2025-05-06T10:41:28+00:00","mainEntityOfPage":{"@id":"https:\/\/denizcankizil.tr\/uk\/haberler\/antalya\/kemerde-hidirellez-dalisi\/"},"wordCount":318,"publisher":{"@id":"https:\/\/denizcankizil.tr\/#organization"},"image":{"@id":"https:\/\/denizcankizil.tr\/uk\/haberler\/antalya\/kemerde-hidirellez-dalisi\/#primaryimage"},"thumbnailUrl":"https:\/\/denizcankizil.tr\/wp-content\/uploads\/2025\/05\/6184-01-vAZIEB.jpg","articleSection":["Antalya"],"inLanguage":"uk"},{"@type":"WebPage","@id":"https:\/\/denizcankizil.tr\/uk\/haberler\/antalya\/kemerde-hidirellez-dalisi\/","url":"https:\/\/denizcankizil.tr\/uk\/haberler\/antalya\/kemerde-hidirellez-dalisi\/","name":"Kemer'de H\u0131d\u0131rellez Dal\u0131\u015f\u0131 - Av. Deniz Can K\u0131z\u0131l","isPartOf":{"@id":"https:\/\/denizcankizil.tr\/#website"},"primaryImageOfPage":{"@id":"https:\/\/denizcankizil.tr\/uk\/haberler\/antalya\/kemerde-hidirellez-dalisi\/#primaryimage"},"image":{"@id":"https:\/\/denizcankizil.tr\/uk\/haberler\/antalya\/kemerde-hidirellez-dalisi\/#primaryimage"},"thumbnailUrl":"https:\/\/denizcankizil.tr\/wp-content\/uploads\/2025\/05\/6184-01-vAZIEB.jpg","datePublished":"2025-05-06T10:41:28+00:00","breadcrumb":{"@id":"https:\/\/denizcankizil.tr\/uk\/haberler\/antalya\/kemerde-hidirellez-dalisi\/#breadcrumb"},"inLanguage":"uk","potentialAction":[{"@type":"ReadAction","target":["https:\/\/denizcankizil.tr\/uk\/haberler\/antalya\/kemerde-hidirellez-dalisi\/"]}]},{"@type":"ImageObject","inLanguage":"uk","@id":"https:\/\/denizcankizil.tr\/uk\/haberler\/antalya\/kemerde-hidirellez-dalisi\/#primaryimage","url":"https:\/\/denizcankizil.tr\/wp-content\/uploads\/2025\/05\/6184-01-vAZIEB.jpg","contentUrl":"https:\/\/denizcankizil.tr\/wp-content\/uploads\/2025\/05\/6184-01-vAZIEB.jpg","width":1280,"height":720},{"@type":"BreadcrumbList","@id":"https:\/\/denizcankizil.tr\/uk\/haberler\/antalya\/kemerde-hidirellez-dalisi\/#breadcrumb","itemListElement":[{"@type":"ListItem","position":1,"name":"Home","item":"https:\/\/denizcankizil.tr\/de\/"},{"@type":"ListItem","position":2,"name":"Kemer&#8217;de H\u0131d\u0131rellez Dal\u0131\u015f\u0131"}]},{"@type":"WebSite","@id":"https:\/\/denizcankizil.tr\/#website","url":"https:\/\/denizcankizil.tr\/","name":"Av. Deniz Can K\u0131z\u0131l","description":"Avukat Deniz Can K\u0131z\u0131l Antalya Barosu","publisher":{"@id":"https:\/\/denizcankizil.tr\/#organization"},"potentialAction":[{"@type":"SearchAction","target":{"@type":"EntryPoint","urlTemplate":"https:\/\/denizcankizil.tr\/?s={search_term_string}"},"query-input":{"@type":"PropertyValueSpecification","valueRequired":true,"valueName":"search_term_string"}}],"inLanguage":"uk"},{"@type":"Organization","@id":"https:\/\/denizcankizil.tr\/#organization","name":"Av. Deniz Can K\u0131z\u0131l","url":"https:\/\/denizcankizil.tr\/","logo":{"@type":"ImageObject","inLanguage":"uk","@id":"https:\/\/denizcankizil.tr\/#\/schema\/logo\/image\/","url":"https:\/\/denizcankizil.tr\/wp-content\/uploads\/2024\/10\/siyah-logo-svg.svg","contentUrl":"https:\/\/denizcankizil.tr\/wp-content\/uploads\/2024\/10\/siyah-logo-svg.svg","width":1080,"height":1080,"caption":"Av. Deniz Can K\u0131z\u0131l"},"image":{"@id":"https:\/\/denizcankizil.tr\/#\/schema\/logo\/image\/"}},{"@type":"Person","@id":"https:\/\/denizcankizil.tr\/#\/schema\/person\/5dc1b22991bd7ac833867c10afc9b0ff","name":"Av. Deniz Can K\u0131z\u0131l","image":{"@type":"ImageObject","inLanguage":"uk","@id":"https:\/\/denizcankizil.tr\/#\/schema\/person\/image\/","url":"https:\/\/secure.gravatar.com\/avatar\/a0b128fb9855c79efc976d5640eedb31dc35ec297594d6016d2cf7c60e975bb6?s=96&d=mm&r=g","contentUrl":"https:\/\/secure.gravatar.com\/avatar\/a0b128fb9855c79efc976d5640eedb31dc35ec297594d6016d2cf7c60e975bb6?s=96&d=mm&r=g","caption":"Av. Deniz Can K\u0131z\u0131l"},"sameAs":["http:\/\/www.denizcankizil.tr"],"url":"https:\/\/denizcankizil.tr\/uk\/author\/denizcankizil\/"}]}},"_links":{"self":[{"href":"https:\/\/denizcankizil.tr\/uk\/wp-json\/wp\/v2\/posts\/77925","targetHints":{"allow":["GET"]}}],"collection":[{"href":"https:\/\/denizcankizil.tr\/uk\/wp-json\/wp\/v2\/posts"}],"about":[{"href":"https:\/\/denizcankizil.tr\/uk\/wp-json\/wp\/v2\/types\/post"}],"author":[{"embeddable":true,"href":"https:\/\/denizcankizil.tr\/uk\/wp-json\/wp\/v2\/users\/4"}],"replies":[{"embeddable":true,"href":"https:\/\/denizcankizil.tr\/uk\/wp-json\/wp\/v2\/comments?post=77925"}],"version-history":[{"count":0,"href":"https:\/\/denizcankizil.tr\/uk\/wp-json\/wp\/v2\/posts\/77925\/revisions"}],"wp:featuredmedia":[{"embeddable":true,"href":"https:\/\/denizcankizil.tr\/uk\/wp-json\/wp\/v2\/media\/77926"}],"wp:attachment":[{"href":"https:\/\/denizcankizil.tr\/uk\/wp-json\/wp\/v2\/media?parent=77925"}],"wp:term":[{"taxonomy":"category","embeddable":true,"href":"https:\/\/denizcankizil.tr\/uk\/wp-json\/wp\/v2\/categories?post=77925"},{"taxonomy":"post_tag","embeddable":true,"href":"https:\/\/denizcankizil.tr\/uk\/wp-json\/wp\/v2\/tags?post=77925"}],"curies":[{"name":"wp","href":"https:\/\/api.w.org\/{rel}","templated":true}]}}