{"id":77866,"date":"2025-05-06T12:41:31","date_gmt":"2025-05-06T09:41:31","guid":{"rendered":"https:\/\/denizcankizil.tr\/uncategorized-tr\/manavgatta-guvenlik-toplantisi\/"},"modified":"2025-05-06T12:41:31","modified_gmt":"2025-05-06T09:41:31","slug":"manavgatta-guvenlik-toplantisi","status":"publish","type":"post","link":"https:\/\/denizcankizil.tr\/uk\/haberler\/antalya\/manavgatta-guvenlik-toplantisi\/","title":{"rendered":"Manavgat&#8217;ta g\u00fcvenlik toplant\u0131s\u0131"},"content":{"rendered":"<p>Manavgat Kaymakaml\u0131\u011f\u0131 \u00f6nc\u00fcl\u00fc\u011f\u00fcnde Manavgat Liman Ba\u015fkanl\u0131\u011f\u0131, Sahil G\u00fcvenlik Komutanl\u0131\u011f\u0131 ve Turizm Dan\u0131\u015fma B\u00fcrosu i\u015f birli\u011fiyle turizm sezonunun ba\u015flamas\u0131yla birlikte, deniz ve \u0131rmak turizmi faaliyetlerinin g\u00fcvenli \u015fekilde y\u00fcr\u00fct\u00fclmesini sa\u011flamak amac\u0131yla bilgilendirme toplant\u0131s\u0131 ger\u00e7ekle\u015ftirildi. Toplant\u0131da, Manavgat Liman Ba\u015fkan\u0131 Ramazan Erta\u015f, Sahil G\u00fcvenlik Komutan\u0131 SG. Asb. \u00dc\u00e7v\u015f. Samet Nuri Y\u0131lmaz ve Turizm Dan\u0131\u015fma B\u00fcro Sorumlusu Mehmet Aysan taraf\u0131ndan g\u00fcn\u00fcbirlik tur tekneleri, su \u00fcst\u00fc sporlar\u0131 ve su alt\u0131 sporlar\u0131 i\u015fletmelerin uymas\u0131 gereken kurallar, g\u00fcvenlik \u00f6nlemleri, can g\u00fcvenli\u011fi uygulamalar\u0131, \u00e7evresel hassasiyetler ve sezon boyunca yap\u0131lacak denetimlerde dikkat edilecek hususlar detayl\u0131 \u015fekilde aktar\u0131ld\u0131. Ayr\u0131ca, turizm sezonunda b\u00f6lgede tatil yapan yerli ve yabanc\u0131 turistlerin g\u00fcvenli\u011fi ve memnuniyeti a\u00e7\u0131s\u0131ndan dikkat edilmesi gereken uygulamalara da de\u011finildi. Sahil G\u00fcvenlik ekipleri de, teknelerde ve su sporlar\u0131 ekipmanlar\u0131nda bulunmas\u0131 gereken g\u00fcvenlik standartlar\u0131 ve acil durumlara kar\u015f\u0131 izlenmesi gereken prosed\u00fcrleri anlatt\u0131.<\/p>\n<p>Ba\u015far\u0131l\u0131, g\u00fcvenli ve kazas\u0131z bir sezon diledi<br \/>\nManavgat Ticaret ve Sanayi Odas\u0131 (MATSO) Ba\u015fkan\u0131 Seydi Tahsin G\u00fcng\u00f6r, sezon \u00f6ncesi ger\u00e7ekle\u015ftirilen bu t\u00fcr bilgilendirme toplant\u0131lar\u0131n\u0131n \u00f6nemine dikkat \u00e7ekerek, &#8220;Turizm sezonunun ba\u015flad\u0131\u011f\u0131 bu g\u00fcnlerde yap\u0131lan bu toplant\u0131n\u0131n sekt\u00f6r\u00fcm\u00fcz i\u00e7in olduk\u00e7a faydal\u0131 olaca\u011f\u0131na inan\u0131yorum. MATSO olarak \u00fcyelerimiz ile kamu kurumlar\u0131 aras\u0131nda g\u00fc\u00e7l\u00fc bir koordinasyonu sa\u011flamak ve iyi bir turizm sezonu ge\u00e7irilmesi i\u00e7in \u00e7aba harc\u0131yoruz&#8221; dedi.<\/p>\n<p>&#8220;T\u00fcm payda\u015flar\u0131m\u0131zla i\u015f birli\u011fi i\u00e7inde \u00e7al\u0131\u015fmalar\u0131m\u0131z\u0131 s\u00fcrd\u00fcrece\u011fiz&#8221;<br \/>\nBa\u015fkan G\u00fcng\u00f6r, &#8220;B\u00f6lgemiz a\u00e7\u0131s\u0131ndan b\u00fcy\u00fck \u00f6nem ta\u015f\u0131yan bu sekt\u00f6r\u00fcn ba\u015far\u0131l\u0131, g\u00fcvenli ve kazas\u0131z bir sezon ge\u00e7irmesini temenni ediyoruz. T\u00fcm payda\u015flar\u0131m\u0131zla i\u015f birli\u011fi i\u00e7inde \u00e7al\u0131\u015fmalar\u0131m\u0131z\u0131 s\u00fcrd\u00fcrece\u011fiz&#8221; ifadelerini kulland\u0131. G\u00fcng\u00f6r, toplant\u0131n\u0131n d\u00fczenlenmesine katk\u0131 sa\u011flayanlara ve kat\u0131l\u0131m sa\u011flayan t\u00fcm sekt\u00f6r temsilcilerine te\u015fekk\u00fcr ederek ba\u015far\u0131l\u0131 bir sezon temennisinde bulundu. Toplant\u0131n\u0131n sonunda sekt\u00f6r temsilcileri ya\u015fad\u0131klar\u0131 sorunlar\u0131 ve taleplerini dile getirdi. Toplant\u0131ya, Manavgat&#8217;ta faaliyet g\u00f6steren g\u00fcn\u00fcbirlik tur tekneleri, su \u00fcst\u00fc sporlar\u0131 ve su alt\u0131 sporlar\u0131 i\u015fletmecileri, kaptanlar, sekt\u00f6r \u00e7al\u0131\u015fanlar\u0131 ve ilgili kurum temsilcileri kat\u0131ld\u0131.<\/p>\n<p>Kaynak: www.kanalv.com.tr Haber Sitesinden Al\u0131nm\u0131\u015ft\u0131r.<\/p>","protected":false},"excerpt":{"rendered":"<p>Manavgat Kaymakaml\u0131\u011f\u0131 \u00f6nc\u00fcl\u00fc\u011f\u00fcnde Manavgat Liman Ba\u015fkanl\u0131\u011f\u0131, Sahil G\u00fcvenlik Komutanl\u0131\u011f\u0131 ve Turizm Dan\u0131\u015fma B\u00fcrosu i\u015f birli\u011fiyle turizm sezonunun ba\u015flamas\u0131yla birlikte, deniz ve \u0131rmak turizmi faaliyetlerinin g\u00fcvenli \u015fekilde y\u00fcr\u00fct\u00fclmesini sa\u011flamak amac\u0131yla bilgilendirme toplant\u0131s\u0131 ger\u00e7ekle\u015ftirildi. Toplant\u0131da, Manavgat Liman Ba\u015fkan\u0131 Ramazan Erta\u015f, Sahil G\u00fcvenlik Komutan\u0131 SG. Asb. \u00dc\u00e7v\u015f. Samet Nuri Y\u0131lmaz ve Turizm Dan\u0131\u015fma B\u00fcro Sorumlusu Mehmet Aysan taraf\u0131ndan g\u00fcn\u00fcbirlik tur tekneleri, su \u00fcst\u00fc sporlar\u0131 ve su alt\u0131 sporlar\u0131 i\u015fletmelerin uymas\u0131 gereken kurallar, g\u00fcvenlik \u00f6nlemleri, can g\u00fcvenli\u011fi uygulamalar\u0131, \u00e7evresel hassasiyetler ve sezon boyunca yap\u0131lacak denetimlerde dikkat edilecek hususlar detayl\u0131 \u015fekilde aktar\u0131ld\u0131. Ayr\u0131ca, turizm sezonunda b\u00f6lgede tatil yapan yerli ve yabanc\u0131 turistlerin g\u00fcvenli\u011fi ve memnuniyeti a\u00e7\u0131s\u0131ndan dikkat edilmesi gereken uygulamalara da de\u011finildi. Sahil G\u00fcvenlik ekipleri de, teknelerde ve su sporlar\u0131 ekipmanlar\u0131nda bulunmas\u0131 gereken g\u00fcvenlik standartlar\u0131 ve acil durumlara kar\u015f\u0131 izlenmesi gereken prosed\u00fcrleri anlatt\u0131. Ba\u015far\u0131l\u0131, g\u00fcvenli ve kazas\u0131z bir sezon diledi Manavgat Ticaret ve Sanayi Odas\u0131 (MATSO) Ba\u015fkan\u0131 Seydi Tahsin G\u00fcng\u00f6r, sezon \u00f6ncesi ger\u00e7ekle\u015ftirilen bu t\u00fcr bilgilendirme toplant\u0131lar\u0131n\u0131n \u00f6nemine dikkat \u00e7ekerek, &#8220;Turizm sezonunun ba\u015flad\u0131\u011f\u0131 bu g\u00fcnlerde yap\u0131lan bu toplant\u0131n\u0131n sekt\u00f6r\u00fcm\u00fcz i\u00e7in olduk\u00e7a faydal\u0131 olaca\u011f\u0131na inan\u0131yorum. MATSO olarak \u00fcyelerimiz ile kamu kurumlar\u0131 aras\u0131nda g\u00fc\u00e7l\u00fc bir koordinasyonu sa\u011flamak ve iyi bir turizm sezonu ge\u00e7irilmesi i\u00e7in \u00e7aba harc\u0131yoruz&#8221; dedi. &#8220;T\u00fcm payda\u015flar\u0131m\u0131zla i\u015f birli\u011fi i\u00e7inde \u00e7al\u0131\u015fmalar\u0131m\u0131z\u0131 s\u00fcrd\u00fcrece\u011fiz&#8221; Ba\u015fkan G\u00fcng\u00f6r, &#8220;B\u00f6lgemiz &hellip;<\/p>","protected":false},"author":4,"featured_media":77867,"comment_status":"","ping_status":"open","sticky":false,"template":"","format":"standard","meta":{"_acf_changed":false,"footnotes":""},"categories":[26],"tags":[],"class_list":["post-77866","post","type-post","status-publish","format-standard","has-post-thumbnail","hentry","category-antalya"],"acf":[],"yoast_head":"<!-- This site is optimized with the Yoast SEO Premium plugin v26.6 (Yoast SEO v27.1.1) - https:\/\/yoast.com\/product\/yoast-seo-premium-wordpress\/ -->\n<title>Manavgat&#039;ta g\u00fcvenlik toplant\u0131s\u0131 - Av. Deniz Can K\u0131z\u0131l<\/title>\n<meta name=\"robots\" content=\"index, follow, max-snippet:-1, max-image-preview:large, max-video-preview:-1\" \/>\n<link rel=\"canonical\" href=\"https:\/\/denizcankizil.tr\/uk\/haberler\/antalya\/manavgatta-guvenlik-toplantisi\/\" \/>\n<meta property=\"og:locale\" content=\"uk_UA\" \/>\n<meta property=\"og:type\" content=\"article\" \/>\n<meta property=\"og:title\" content=\"Manavgat&#039;ta g\u00fcvenlik toplant\u0131s\u0131\" \/>\n<meta property=\"og:description\" content=\"Manavgat Kaymakaml\u0131\u011f\u0131 \u00f6nc\u00fcl\u00fc\u011f\u00fcnde Manavgat Liman Ba\u015fkanl\u0131\u011f\u0131, Sahil G\u00fcvenlik Komutanl\u0131\u011f\u0131 ve Turizm Dan\u0131\u015fma B\u00fcrosu i\u015f birli\u011fiyle turizm sezonunun ba\u015flamas\u0131yla birlikte, deniz ve \u0131rmak turizmi faaliyetlerinin g\u00fcvenli \u015fekilde y\u00fcr\u00fct\u00fclmesini sa\u011flamak amac\u0131yla bilgilendirme toplant\u0131s\u0131 ger\u00e7ekle\u015ftirildi. Toplant\u0131da, Manavgat Liman Ba\u015fkan\u0131 Ramazan Erta\u015f, Sahil G\u00fcvenlik Komutan\u0131 SG. Asb. \u00dc\u00e7v\u015f. Samet Nuri Y\u0131lmaz ve Turizm Dan\u0131\u015fma B\u00fcro Sorumlusu Mehmet Aysan taraf\u0131ndan g\u00fcn\u00fcbirlik tur tekneleri, su \u00fcst\u00fc sporlar\u0131 ve su alt\u0131 sporlar\u0131 i\u015fletmelerin uymas\u0131 gereken kurallar, g\u00fcvenlik \u00f6nlemleri, can g\u00fcvenli\u011fi uygulamalar\u0131, \u00e7evresel hassasiyetler ve sezon boyunca yap\u0131lacak denetimlerde dikkat edilecek hususlar detayl\u0131 \u015fekilde aktar\u0131ld\u0131. Ayr\u0131ca, turizm sezonunda b\u00f6lgede tatil yapan yerli ve yabanc\u0131 turistlerin g\u00fcvenli\u011fi ve memnuniyeti a\u00e7\u0131s\u0131ndan dikkat edilmesi gereken uygulamalara da de\u011finildi. Sahil G\u00fcvenlik ekipleri de, teknelerde ve su sporlar\u0131 ekipmanlar\u0131nda bulunmas\u0131 gereken g\u00fcvenlik standartlar\u0131 ve acil durumlara kar\u015f\u0131 izlenmesi gereken prosed\u00fcrleri anlatt\u0131. Ba\u015far\u0131l\u0131, g\u00fcvenli ve kazas\u0131z bir sezon diledi Manavgat Ticaret ve Sanayi Odas\u0131 (MATSO) Ba\u015fkan\u0131 Seydi Tahsin G\u00fcng\u00f6r, sezon \u00f6ncesi ger\u00e7ekle\u015ftirilen bu t\u00fcr bilgilendirme toplant\u0131lar\u0131n\u0131n \u00f6nemine dikkat \u00e7ekerek, &#8220;Turizm sezonunun ba\u015flad\u0131\u011f\u0131 bu g\u00fcnlerde yap\u0131lan bu toplant\u0131n\u0131n sekt\u00f6r\u00fcm\u00fcz i\u00e7in olduk\u00e7a faydal\u0131 olaca\u011f\u0131na inan\u0131yorum. MATSO olarak \u00fcyelerimiz ile kamu kurumlar\u0131 aras\u0131nda g\u00fc\u00e7l\u00fc bir koordinasyonu sa\u011flamak ve iyi bir turizm sezonu ge\u00e7irilmesi i\u00e7in \u00e7aba harc\u0131yoruz&#8221; dedi. &#8220;T\u00fcm payda\u015flar\u0131m\u0131zla i\u015f birli\u011fi i\u00e7inde \u00e7al\u0131\u015fmalar\u0131m\u0131z\u0131 s\u00fcrd\u00fcrece\u011fiz&#8221; Ba\u015fkan G\u00fcng\u00f6r, &#8220;B\u00f6lgemiz &hellip;\" \/>\n<meta property=\"og:url\" content=\"https:\/\/denizcankizil.tr\/uk\/haberler\/antalya\/manavgatta-guvenlik-toplantisi\/\" \/>\n<meta property=\"og:site_name\" content=\"Av. Deniz Can K\u0131z\u0131l\" \/>\n<meta property=\"article:published_time\" content=\"2025-05-06T09:41:31+00:00\" \/>\n<meta property=\"og:image\" content=\"https:\/\/denizcankizil.tr\/wp-content\/uploads\/2025\/05\/6181-01-IXIk4f.jpg\" \/>\n\t<meta property=\"og:image:width\" content=\"1280\" \/>\n\t<meta property=\"og:image:height\" content=\"720\" \/>\n\t<meta property=\"og:image:type\" content=\"image\/jpeg\" \/>\n<meta name=\"author\" content=\"Av. Deniz Can K\u0131z\u0131l\" \/>\n<meta name=\"twitter:card\" content=\"summary_large_image\" \/>\n<meta name=\"twitter:label1\" content=\"\u041d\u0430\u043f\u0438\u0441\u0430\u043d\u043e\" \/>\n\t<meta name=\"twitter:data1\" content=\"Av. Deniz Can K\u0131z\u0131l\" \/>\n\t<meta name=\"twitter:label2\" content=\"\u041f\u0440\u0438\u0431\u043b. \u0447\u0430\u0441 \u0447\u0438\u0442\u0430\u043d\u043d\u044f\" \/>\n\t<meta name=\"twitter:data2\" content=\"2 \u0445\u0432\u0438\u043b\u0438\u043d\u0438\" \/>\n<script type=\"application\/ld+json\" class=\"yoast-schema-graph\">{\"@context\":\"https:\/\/schema.org\",\"@graph\":[{\"@type\":\"Article\",\"@id\":\"https:\/\/denizcankizil.tr\/uk\/haberler\/antalya\/manavgatta-guvenlik-toplantisi\/#article\",\"isPartOf\":{\"@id\":\"https:\/\/denizcankizil.tr\/uk\/haberler\/antalya\/manavgatta-guvenlik-toplantisi\/\"},\"author\":{\"name\":\"Av. Deniz Can K\u0131z\u0131l\",\"@id\":\"https:\/\/denizcankizil.tr\/#\/schema\/person\/5dc1b22991bd7ac833867c10afc9b0ff\"},\"headline\":\"Manavgat&#8217;ta g\u00fcvenlik toplant\u0131s\u0131\",\"datePublished\":\"2025-05-06T09:41:31+00:00\",\"mainEntityOfPage\":{\"@id\":\"https:\/\/denizcankizil.tr\/uk\/haberler\/antalya\/manavgatta-guvenlik-toplantisi\/\"},\"wordCount\":436,\"publisher\":{\"@id\":\"https:\/\/denizcankizil.tr\/#organization\"},\"image\":{\"@id\":\"https:\/\/denizcankizil.tr\/uk\/haberler\/antalya\/manavgatta-guvenlik-toplantisi\/#primaryimage\"},\"thumbnailUrl\":\"https:\/\/denizcankizil.tr\/wp-content\/uploads\/2025\/05\/6181-01-IXIk4f.jpg\",\"articleSection\":[\"Antalya\"],\"inLanguage\":\"uk\"},{\"@type\":\"WebPage\",\"@id\":\"https:\/\/denizcankizil.tr\/uk\/haberler\/antalya\/manavgatta-guvenlik-toplantisi\/\",\"url\":\"https:\/\/denizcankizil.tr\/uk\/haberler\/antalya\/manavgatta-guvenlik-toplantisi\/\",\"name\":\"Manavgat'ta g\u00fcvenlik toplant\u0131s\u0131 - Av. Deniz Can K\u0131z\u0131l\",\"isPartOf\":{\"@id\":\"https:\/\/denizcankizil.tr\/#website\"},\"primaryImageOfPage\":{\"@id\":\"https:\/\/denizcankizil.tr\/uk\/haberler\/antalya\/manavgatta-guvenlik-toplantisi\/#primaryimage\"},\"image\":{\"@id\":\"https:\/\/denizcankizil.tr\/uk\/haberler\/antalya\/manavgatta-guvenlik-toplantisi\/#primaryimage\"},\"thumbnailUrl\":\"https:\/\/denizcankizil.tr\/wp-content\/uploads\/2025\/05\/6181-01-IXIk4f.jpg\",\"datePublished\":\"2025-05-06T09:41:31+00:00\",\"breadcrumb\":{\"@id\":\"https:\/\/denizcankizil.tr\/uk\/haberler\/antalya\/manavgatta-guvenlik-toplantisi\/#breadcrumb\"},\"inLanguage\":\"uk\",\"potentialAction\":[{\"@type\":\"ReadAction\",\"target\":[\"https:\/\/denizcankizil.tr\/uk\/haberler\/antalya\/manavgatta-guvenlik-toplantisi\/\"]}]},{\"@type\":\"ImageObject\",\"inLanguage\":\"uk\",\"@id\":\"https:\/\/denizcankizil.tr\/uk\/haberler\/antalya\/manavgatta-guvenlik-toplantisi\/#primaryimage\",\"url\":\"https:\/\/denizcankizil.tr\/wp-content\/uploads\/2025\/05\/6181-01-IXIk4f.jpg\",\"contentUrl\":\"https:\/\/denizcankizil.tr\/wp-content\/uploads\/2025\/05\/6181-01-IXIk4f.jpg\",\"width\":1280,\"height\":720},{\"@type\":\"BreadcrumbList\",\"@id\":\"https:\/\/denizcankizil.tr\/uk\/haberler\/antalya\/manavgatta-guvenlik-toplantisi\/#breadcrumb\",\"itemListElement\":[{\"@type\":\"ListItem\",\"position\":1,\"name\":\"Home\",\"item\":\"https:\/\/denizcankizil.tr\/uk\/\"},{\"@type\":\"ListItem\",\"position\":2,\"name\":\"Manavgat&#8217;ta g\u00fcvenlik toplant\u0131s\u0131\"}]},{\"@type\":\"WebSite\",\"@id\":\"https:\/\/denizcankizil.tr\/#website\",\"url\":\"https:\/\/denizcankizil.tr\/\",\"name\":\"Av. Deniz Can K\u0131z\u0131l\",\"description\":\"Avukat Deniz Can K\u0131z\u0131l Antalya Barosu\",\"publisher\":{\"@id\":\"https:\/\/denizcankizil.tr\/#organization\"},\"potentialAction\":[{\"@type\":\"SearchAction\",\"target\":{\"@type\":\"EntryPoint\",\"urlTemplate\":\"https:\/\/denizcankizil.tr\/?s={search_term_string}\"},\"query-input\":{\"@type\":\"PropertyValueSpecification\",\"valueRequired\":true,\"valueName\":\"search_term_string\"}}],\"inLanguage\":\"uk\"},{\"@type\":\"Organization\",\"@id\":\"https:\/\/denizcankizil.tr\/#organization\",\"name\":\"Av. Deniz Can K\u0131z\u0131l\",\"url\":\"https:\/\/denizcankizil.tr\/\",\"logo\":{\"@type\":\"ImageObject\",\"inLanguage\":\"uk\",\"@id\":\"https:\/\/denizcankizil.tr\/#\/schema\/logo\/image\/\",\"url\":\"https:\/\/denizcankizil.tr\/wp-content\/uploads\/2024\/10\/siyah-logo-svg.svg\",\"contentUrl\":\"https:\/\/denizcankizil.tr\/wp-content\/uploads\/2024\/10\/siyah-logo-svg.svg\",\"width\":1080,\"height\":1080,\"caption\":\"Av. Deniz Can K\u0131z\u0131l\"},\"image\":{\"@id\":\"https:\/\/denizcankizil.tr\/#\/schema\/logo\/image\/\"}},{\"@type\":\"Person\",\"@id\":\"https:\/\/denizcankizil.tr\/#\/schema\/person\/5dc1b22991bd7ac833867c10afc9b0ff\",\"name\":\"Av. Deniz Can K\u0131z\u0131l\",\"image\":{\"@type\":\"ImageObject\",\"inLanguage\":\"uk\",\"@id\":\"https:\/\/denizcankizil.tr\/#\/schema\/person\/image\/\",\"url\":\"https:\/\/secure.gravatar.com\/avatar\/a0b128fb9855c79efc976d5640eedb31dc35ec297594d6016d2cf7c60e975bb6?s=96&d=mm&r=g\",\"contentUrl\":\"https:\/\/secure.gravatar.com\/avatar\/a0b128fb9855c79efc976d5640eedb31dc35ec297594d6016d2cf7c60e975bb6?s=96&d=mm&r=g\",\"caption\":\"Av. Deniz Can K\u0131z\u0131l\"},\"sameAs\":[\"http:\/\/www.denizcankizil.tr\"],\"url\":\"https:\/\/denizcankizil.tr\/uk\/author\/denizcankizil\/\"}]}<\/script>\n<!-- \/ Yoast SEO Premium plugin. -->","yoast_head_json":{"title":"Manavgat'ta g\u00fcvenlik toplant\u0131s\u0131 - Av. Deniz Can K\u0131z\u0131l","robots":{"index":"index","follow":"follow","max-snippet":"max-snippet:-1","max-image-preview":"max-image-preview:large","max-video-preview":"max-video-preview:-1"},"canonical":"https:\/\/denizcankizil.tr\/uk\/haberler\/antalya\/manavgatta-guvenlik-toplantisi\/","og_locale":"uk_UA","og_type":"article","og_title":"Manavgat'ta g\u00fcvenlik toplant\u0131s\u0131","og_description":"Manavgat Kaymakaml\u0131\u011f\u0131 \u00f6nc\u00fcl\u00fc\u011f\u00fcnde Manavgat Liman Ba\u015fkanl\u0131\u011f\u0131, Sahil G\u00fcvenlik Komutanl\u0131\u011f\u0131 ve Turizm Dan\u0131\u015fma B\u00fcrosu i\u015f birli\u011fiyle turizm sezonunun ba\u015flamas\u0131yla birlikte, deniz ve \u0131rmak turizmi faaliyetlerinin g\u00fcvenli \u015fekilde y\u00fcr\u00fct\u00fclmesini sa\u011flamak amac\u0131yla bilgilendirme toplant\u0131s\u0131 ger\u00e7ekle\u015ftirildi. Toplant\u0131da, Manavgat Liman Ba\u015fkan\u0131 Ramazan Erta\u015f, Sahil G\u00fcvenlik Komutan\u0131 SG. Asb. \u00dc\u00e7v\u015f. Samet Nuri Y\u0131lmaz ve Turizm Dan\u0131\u015fma B\u00fcro Sorumlusu Mehmet Aysan taraf\u0131ndan g\u00fcn\u00fcbirlik tur tekneleri, su \u00fcst\u00fc sporlar\u0131 ve su alt\u0131 sporlar\u0131 i\u015fletmelerin uymas\u0131 gereken kurallar, g\u00fcvenlik \u00f6nlemleri, can g\u00fcvenli\u011fi uygulamalar\u0131, \u00e7evresel hassasiyetler ve sezon boyunca yap\u0131lacak denetimlerde dikkat edilecek hususlar detayl\u0131 \u015fekilde aktar\u0131ld\u0131. Ayr\u0131ca, turizm sezonunda b\u00f6lgede tatil yapan yerli ve yabanc\u0131 turistlerin g\u00fcvenli\u011fi ve memnuniyeti a\u00e7\u0131s\u0131ndan dikkat edilmesi gereken uygulamalara da de\u011finildi. Sahil G\u00fcvenlik ekipleri de, teknelerde ve su sporlar\u0131 ekipmanlar\u0131nda bulunmas\u0131 gereken g\u00fcvenlik standartlar\u0131 ve acil durumlara kar\u015f\u0131 izlenmesi gereken prosed\u00fcrleri anlatt\u0131. Ba\u015far\u0131l\u0131, g\u00fcvenli ve kazas\u0131z bir sezon diledi Manavgat Ticaret ve Sanayi Odas\u0131 (MATSO) Ba\u015fkan\u0131 Seydi Tahsin G\u00fcng\u00f6r, sezon \u00f6ncesi ger\u00e7ekle\u015ftirilen bu t\u00fcr bilgilendirme toplant\u0131lar\u0131n\u0131n \u00f6nemine dikkat \u00e7ekerek, &#8220;Turizm sezonunun ba\u015flad\u0131\u011f\u0131 bu g\u00fcnlerde yap\u0131lan bu toplant\u0131n\u0131n sekt\u00f6r\u00fcm\u00fcz i\u00e7in olduk\u00e7a faydal\u0131 olaca\u011f\u0131na inan\u0131yorum. MATSO olarak \u00fcyelerimiz ile kamu kurumlar\u0131 aras\u0131nda g\u00fc\u00e7l\u00fc bir koordinasyonu sa\u011flamak ve iyi bir turizm sezonu ge\u00e7irilmesi i\u00e7in \u00e7aba harc\u0131yoruz&#8221; dedi. &#8220;T\u00fcm payda\u015flar\u0131m\u0131zla i\u015f birli\u011fi i\u00e7inde \u00e7al\u0131\u015fmalar\u0131m\u0131z\u0131 s\u00fcrd\u00fcrece\u011fiz&#8221; Ba\u015fkan G\u00fcng\u00f6r, &#8220;B\u00f6lgemiz &hellip;","og_url":"https:\/\/denizcankizil.tr\/uk\/haberler\/antalya\/manavgatta-guvenlik-toplantisi\/","og_site_name":"Av. Deniz Can K\u0131z\u0131l","article_published_time":"2025-05-06T09:41:31+00:00","og_image":[{"width":1280,"height":720,"url":"https:\/\/denizcankizil.tr\/wp-content\/uploads\/2025\/05\/6181-01-IXIk4f.jpg","type":"image\/jpeg"}],"author":"Av. Deniz Can K\u0131z\u0131l","twitter_card":"summary_large_image","twitter_misc":{"\u041d\u0430\u043f\u0438\u0441\u0430\u043d\u043e":"Av. Deniz Can K\u0131z\u0131l","\u041f\u0440\u0438\u0431\u043b. \u0447\u0430\u0441 \u0447\u0438\u0442\u0430\u043d\u043d\u044f":"2 \u0445\u0432\u0438\u043b\u0438\u043d\u0438"},"schema":{"@context":"https:\/\/schema.org","@graph":[{"@type":"Article","@id":"https:\/\/denizcankizil.tr\/uk\/haberler\/antalya\/manavgatta-guvenlik-toplantisi\/#article","isPartOf":{"@id":"https:\/\/denizcankizil.tr\/uk\/haberler\/antalya\/manavgatta-guvenlik-toplantisi\/"},"author":{"name":"Av. Deniz Can K\u0131z\u0131l","@id":"https:\/\/denizcankizil.tr\/#\/schema\/person\/5dc1b22991bd7ac833867c10afc9b0ff"},"headline":"Manavgat&#8217;ta g\u00fcvenlik toplant\u0131s\u0131","datePublished":"2025-05-06T09:41:31+00:00","mainEntityOfPage":{"@id":"https:\/\/denizcankizil.tr\/uk\/haberler\/antalya\/manavgatta-guvenlik-toplantisi\/"},"wordCount":436,"publisher":{"@id":"https:\/\/denizcankizil.tr\/#organization"},"image":{"@id":"https:\/\/denizcankizil.tr\/uk\/haberler\/antalya\/manavgatta-guvenlik-toplantisi\/#primaryimage"},"thumbnailUrl":"https:\/\/denizcankizil.tr\/wp-content\/uploads\/2025\/05\/6181-01-IXIk4f.jpg","articleSection":["Antalya"],"inLanguage":"uk"},{"@type":"WebPage","@id":"https:\/\/denizcankizil.tr\/uk\/haberler\/antalya\/manavgatta-guvenlik-toplantisi\/","url":"https:\/\/denizcankizil.tr\/uk\/haberler\/antalya\/manavgatta-guvenlik-toplantisi\/","name":"Manavgat'ta g\u00fcvenlik toplant\u0131s\u0131 - Av. Deniz Can K\u0131z\u0131l","isPartOf":{"@id":"https:\/\/denizcankizil.tr\/#website"},"primaryImageOfPage":{"@id":"https:\/\/denizcankizil.tr\/uk\/haberler\/antalya\/manavgatta-guvenlik-toplantisi\/#primaryimage"},"image":{"@id":"https:\/\/denizcankizil.tr\/uk\/haberler\/antalya\/manavgatta-guvenlik-toplantisi\/#primaryimage"},"thumbnailUrl":"https:\/\/denizcankizil.tr\/wp-content\/uploads\/2025\/05\/6181-01-IXIk4f.jpg","datePublished":"2025-05-06T09:41:31+00:00","breadcrumb":{"@id":"https:\/\/denizcankizil.tr\/uk\/haberler\/antalya\/manavgatta-guvenlik-toplantisi\/#breadcrumb"},"inLanguage":"uk","potentialAction":[{"@type":"ReadAction","target":["https:\/\/denizcankizil.tr\/uk\/haberler\/antalya\/manavgatta-guvenlik-toplantisi\/"]}]},{"@type":"ImageObject","inLanguage":"uk","@id":"https:\/\/denizcankizil.tr\/uk\/haberler\/antalya\/manavgatta-guvenlik-toplantisi\/#primaryimage","url":"https:\/\/denizcankizil.tr\/wp-content\/uploads\/2025\/05\/6181-01-IXIk4f.jpg","contentUrl":"https:\/\/denizcankizil.tr\/wp-content\/uploads\/2025\/05\/6181-01-IXIk4f.jpg","width":1280,"height":720},{"@type":"BreadcrumbList","@id":"https:\/\/denizcankizil.tr\/uk\/haberler\/antalya\/manavgatta-guvenlik-toplantisi\/#breadcrumb","itemListElement":[{"@type":"ListItem","position":1,"name":"Home","item":"https:\/\/denizcankizil.tr\/uk\/"},{"@type":"ListItem","position":2,"name":"Manavgat&#8217;ta g\u00fcvenlik toplant\u0131s\u0131"}]},{"@type":"WebSite","@id":"https:\/\/denizcankizil.tr\/#website","url":"https:\/\/denizcankizil.tr\/","name":"Av. Deniz Can K\u0131z\u0131l","description":"Avukat Deniz Can K\u0131z\u0131l Antalya Barosu","publisher":{"@id":"https:\/\/denizcankizil.tr\/#organization"},"potentialAction":[{"@type":"SearchAction","target":{"@type":"EntryPoint","urlTemplate":"https:\/\/denizcankizil.tr\/?s={search_term_string}"},"query-input":{"@type":"PropertyValueSpecification","valueRequired":true,"valueName":"search_term_string"}}],"inLanguage":"uk"},{"@type":"Organization","@id":"https:\/\/denizcankizil.tr\/#organization","name":"Av. Deniz Can K\u0131z\u0131l","url":"https:\/\/denizcankizil.tr\/","logo":{"@type":"ImageObject","inLanguage":"uk","@id":"https:\/\/denizcankizil.tr\/#\/schema\/logo\/image\/","url":"https:\/\/denizcankizil.tr\/wp-content\/uploads\/2024\/10\/siyah-logo-svg.svg","contentUrl":"https:\/\/denizcankizil.tr\/wp-content\/uploads\/2024\/10\/siyah-logo-svg.svg","width":1080,"height":1080,"caption":"Av. Deniz Can K\u0131z\u0131l"},"image":{"@id":"https:\/\/denizcankizil.tr\/#\/schema\/logo\/image\/"}},{"@type":"Person","@id":"https:\/\/denizcankizil.tr\/#\/schema\/person\/5dc1b22991bd7ac833867c10afc9b0ff","name":"Av. Deniz Can K\u0131z\u0131l","image":{"@type":"ImageObject","inLanguage":"uk","@id":"https:\/\/denizcankizil.tr\/#\/schema\/person\/image\/","url":"https:\/\/secure.gravatar.com\/avatar\/a0b128fb9855c79efc976d5640eedb31dc35ec297594d6016d2cf7c60e975bb6?s=96&d=mm&r=g","contentUrl":"https:\/\/secure.gravatar.com\/avatar\/a0b128fb9855c79efc976d5640eedb31dc35ec297594d6016d2cf7c60e975bb6?s=96&d=mm&r=g","caption":"Av. Deniz Can K\u0131z\u0131l"},"sameAs":["http:\/\/www.denizcankizil.tr"],"url":"https:\/\/denizcankizil.tr\/uk\/author\/denizcankizil\/"}]}},"_links":{"self":[{"href":"https:\/\/denizcankizil.tr\/uk\/wp-json\/wp\/v2\/posts\/77866","targetHints":{"allow":["GET"]}}],"collection":[{"href":"https:\/\/denizcankizil.tr\/uk\/wp-json\/wp\/v2\/posts"}],"about":[{"href":"https:\/\/denizcankizil.tr\/uk\/wp-json\/wp\/v2\/types\/post"}],"author":[{"embeddable":true,"href":"https:\/\/denizcankizil.tr\/uk\/wp-json\/wp\/v2\/users\/4"}],"replies":[{"embeddable":true,"href":"https:\/\/denizcankizil.tr\/uk\/wp-json\/wp\/v2\/comments?post=77866"}],"version-history":[{"count":0,"href":"https:\/\/denizcankizil.tr\/uk\/wp-json\/wp\/v2\/posts\/77866\/revisions"}],"wp:featuredmedia":[{"embeddable":true,"href":"https:\/\/denizcankizil.tr\/uk\/wp-json\/wp\/v2\/media\/77867"}],"wp:attachment":[{"href":"https:\/\/denizcankizil.tr\/uk\/wp-json\/wp\/v2\/media?parent=77866"}],"wp:term":[{"taxonomy":"category","embeddable":true,"href":"https:\/\/denizcankizil.tr\/uk\/wp-json\/wp\/v2\/categories?post=77866"},{"taxonomy":"post_tag","embeddable":true,"href":"https:\/\/denizcankizil.tr\/uk\/wp-json\/wp\/v2\/tags?post=77866"}],"curies":[{"name":"wp","href":"https:\/\/api.w.org\/{rel}","templated":true}]}}