{"id":76642,"date":"2025-05-05T09:42:45","date_gmt":"2025-05-05T06:42:45","guid":{"rendered":"https:\/\/denizcankizil.tr\/uncategorized-tr\/izmir-bucada-temizlik-operasyonu\/"},"modified":"2025-05-05T09:42:45","modified_gmt":"2025-05-05T06:42:45","slug":"izmir-bucada-temizlik-operasyonu","status":"publish","type":"post","link":"https:\/\/denizcankizil.tr\/uk\/haberler\/gundem\/izmir-bucada-temizlik-operasyonu\/","title":{"rendered":"\u0130zmir Buca&#8217;da temizlik operasyonu"},"content":{"rendered":"<p>\u0130zmir B\u00fcy\u00fck\u015fehir Belediyesi ekipleri Buca\u2019n\u0131n Seyhan Mahallesi\u2019nde yer alan Milli Emlak Genel M\u00fcd\u00fcrl\u00fc\u011f\u00fc\u2019ne ait bo\u015f alana ka\u00e7ak d\u00f6k\u00fclen yakla\u015f\u0131k bin 100  tonluk (55 kamyon)  at\u0131\u011f\u0131 toplad\u0131.\u0130ZM\u0130R (\u0130GFA) &#8211; \u0130zmir B\u00fcy\u00fck\u015fehir Belediyesi\u2019nin kentin bulvar, cadde, meydan, ana yol ve kald\u0131r\u0131mlar\u0131nda y\u00fcr\u00fctt\u00fc\u011f\u00fc temizlik \u00e7al\u0131\u015fmalar\u0131 s\u00fcr\u00fcyor.<br \/>\n30 il\u00e7ede \u201cTertemiz bir \u0130zmir\u201d i\u00e7in 7 g\u00fcn 24 saat g\u00f6rev yapan ekipler, \u00e7evre ve halk sa\u011fl\u0131\u011f\u0131n\u0131 g\u00f6zetmek amac\u0131yla sorumluluk sahalar\u0131 d\u0131\u015f\u0131ndaki alanlara da m\u00fcdahale ediyor. Bu kapsamda \u0130zmir B\u00fcy\u00fck\u015fehir Belediyesi \u0130klim De\u011fi\u015fikli\u011fi ve S\u0131f\u0131r At\u0131k Dairesi Ba\u015fkanl\u0131\u011f\u0131 Kent Temizli\u011fi \u015eube M\u00fcd\u00fcrl\u00fc\u011f\u00fc ekipleri Buca\u2019n\u0131n Seyhan Mahallesi 718 Sokak\u2019ta ge\u00e7mi\u015fte futbol sahas\u0131 olarak kullan\u0131lan Milli Emlak Genel M\u00fcd\u00fcrl\u00fc\u011f\u00fc\u2019ne ait bo\u015f alana ka\u00e7ak olarak d\u00f6k\u00fclen at\u0131klar\u0131 toplad\u0131. Buca Belediyesi\u2019nin de destek verdi\u011fi \u00e7al\u0131\u015fmada alan yakla\u015f\u0131k bin 100 ton at\u0131ktan ar\u0131nd\u0131rd\u0131.<br \/>\n30 il\u00e7ede yakla\u015f\u0131k bin 92 kilometrelik alanda bin 69 personel ve 255 i\u015f makinesiyle hizmet verdiklerini belirten Kent Temizli\u011fi \u015eube M\u00fcd\u00fcr\u00fc \u00d6zgen Aygiray, \u201cCadde, meydan, bulvar ve anayollar\u0131n temizli\u011fi ile ka\u00e7ak d\u00f6k\u00fcmlerin \u00f6nlenmesine y\u00f6nelik denetim ve moloz temizli\u011fi \u00e7al\u0131\u015fmalar\u0131n\u0131 etkin bir \u015fekilde s\u00fcrd\u00fcr\u00fcyoruz. Bu kapsamda Buca Seyhan Mahallesi Ayd\u0131n Hatboyu Caddesi\u2019nde s\u0131k\u00e7a kar\u015f\u0131la\u015f\u0131lan mobilya, tekstil, moloz ve benzeri at\u0131klardan kaynaklanan \u00e7evre kirlili\u011finin \u00f6nlenmesi amac\u0131yla her ak\u015fam d\u00fczenli olarak temizlik program\u0131 uyguluyoruz. At\u0131klar \u00f6ncelikle il\u00e7e belediyesi taraf\u0131ndan kald\u0131r\u0131l\u0131yor ard\u0131ndan m\u00fcd\u00fcrl\u00fc\u011f\u00fcm\u00fcz ekipleri taraf\u0131ndan caddenin y\u0131kama ve detayl\u0131 temizlik \u00e7al\u0131\u015fmalar\u0131 titizlikle yap\u0131l\u0131yor\u201d dedi.<br \/>\n718 Sokak&#8217;ta yapt\u0131klar\u0131 \u00e7al\u0131\u015fmay\u0131 de\u011ferlendiren Aygiray, il\u00e7e belediyesi ile birlikte yakla\u015f\u0131k bin 100 ton at\u0131\u011f\u0131 temizlediklerini, halk sa\u011fl\u0131\u011f\u0131n\u0131 korumak ve temiz bir \u00e7evre i\u00e7in il\u00e7e belediyeleriyle i\u015f birli\u011fi i\u00e7inde \u00e7al\u0131\u015fmalar\u0131 aral\u0131ks\u0131z olarak s\u00fcrd\u00fcreceklerini dile getirdi.<\/p>\n<p>\u200b\u0130zmir B\u00fcy\u00fck\u015fehir Belediyesi ekipleri Buca\u2019n\u0131n Seyhan Mahallesi\u2019nde yer alan Milli Emlak Genel M\u00fcd\u00fcrl\u00fc\u011f\u00fc\u2019ne ait bo\u015f alana ka\u00e7ak d\u00f6k\u00fclen yakla\u015f\u0131k bin 100  tonluk (55 kamyon)  at\u0131\u011f\u0131 toplad\u0131.\u0130ZM\u0130R (\u0130GFA) &#8211; \u0130zmir B\u00fcy\u00fck\u015fehir Belediyesi\u2019nin kentin bulvar, cadde, meydan, ana yol ve kald\u0131r\u0131mlar\u0131nda y\u00fcr\u00fctt\u00fc\u011f\u00fc temizlik \u00e7al\u0131\u015fmalar\u0131 s\u00fcr\u00fcyor.<br \/>\n30 il\u00e7ede \u201cTertemiz bir \u0130zmir\u201d i\u00e7in 7 g\u00fcn 24 saat g\u00f6rev yapan ekipler, \u00e7evre ve halk sa\u011fl\u0131\u011f\u0131n\u0131 g\u00f6zetmek amac\u0131yla sorumluluk sahalar\u0131 d\u0131\u015f\u0131ndaki alanlara da m\u00fcdahale ediyor. Bu kapsamda \u0130zmir B\u00fcy\u00fck\u015fehir Belediyesi \u0130klim De\u011fi\u015fikli\u011fi ve S\u0131f\u0131r At\u0131k Dairesi Ba\u015fkanl\u0131\u011f\u0131 Kent Temizli\u011fi \u015eube M\u00fcd\u00fcrl\u00fc\u011f\u00fc ekipleri Buca\u2019n\u0131n Seyhan Mahallesi 718 Sokak\u2019ta ge\u00e7mi\u015fte futbol sahas\u0131 olarak kullan\u0131lan Milli Emlak Genel M\u00fcd\u00fcrl\u00fc\u011f\u00fc\u2019ne ait bo\u015f alana ka\u00e7ak olarak d\u00f6k\u00fclen at\u0131klar\u0131 toplad\u0131. Buca Belediyesi\u2019nin de destek verdi\u011fi \u00e7al\u0131\u015fmada alan yakla\u015f\u0131k bin 100 ton at\u0131ktan ar\u0131nd\u0131rd\u0131.<br \/>\n30 il\u00e7ede yakla\u015f\u0131k bin 92 kilometrelik alanda bin 69 personel ve 255 i\u015f makinesiyle hizmet verdiklerini belirten Kent Temizli\u011fi \u015eube M\u00fcd\u00fcr\u00fc \u00d6zgen Aygiray, \u201cCadde, meydan, bulvar ve anayollar\u0131n temizli\u011fi ile ka\u00e7ak d\u00f6k\u00fcmlerin \u00f6nlenmesine y\u00f6nelik denetim ve moloz temizli\u011fi \u00e7al\u0131\u015fmalar\u0131n\u0131 etkin bir \u015fekilde s\u00fcrd\u00fcr\u00fcyoruz. Bu kapsamda Buca Seyhan Mahallesi Ayd\u0131n Hatboyu Caddesi\u2019nde s\u0131k\u00e7a kar\u015f\u0131la\u015f\u0131lan mobilya, tekstil, moloz ve benzeri at\u0131klardan kaynaklanan \u00e7evre kirlili\u011finin \u00f6nlenmesi amac\u0131yla her ak\u015fam d\u00fczenli olarak temizlik program\u0131 uyguluyoruz. At\u0131klar \u00f6ncelikle il\u00e7e belediyesi taraf\u0131ndan kald\u0131r\u0131l\u0131yor ard\u0131ndan m\u00fcd\u00fcrl\u00fc\u011f\u00fcm\u00fcz ekipleri taraf\u0131ndan caddenin y\u0131kama ve detayl\u0131 temizlik \u00e7al\u0131\u015fmalar\u0131 titizlikle yap\u0131l\u0131yor\u201d dedi.<br \/>\n718 Sokak&#8217;ta yapt\u0131klar\u0131 \u00e7al\u0131\u015fmay\u0131 de\u011ferlendiren Aygiray, il\u00e7e belediyesi ile birlikte yakla\u015f\u0131k bin 100 ton at\u0131\u011f\u0131 temizlediklerini, halk sa\u011fl\u0131\u011f\u0131n\u0131 korumak ve temiz bir \u00e7evre i\u00e7in il\u00e7e belediyeleriyle i\u015f birli\u011fi i\u00e7inde \u00e7al\u0131\u015fmalar\u0131 aral\u0131ks\u0131z olarak s\u00fcrd\u00fcreceklerini dile getirdi.\u00a0<\/p>\n<p>\u200bHaberin Al\u0131nt\u0131land\u0131\u011f\u0131 Kaynak: www.iskenderun.org<\/p>","protected":false},"excerpt":{"rendered":"<p>\u0130zmir B\u00fcy\u00fck\u015fehir Belediyesi ekipleri Buca\u2019n\u0131n Seyhan Mahallesi\u2019nde yer alan Milli Emlak Genel M\u00fcd\u00fcrl\u00fc\u011f\u00fc\u2019ne ait bo\u015f alana ka\u00e7ak d\u00f6k\u00fclen yakla\u015f\u0131k bin 100 tonluk (55 kamyon) at\u0131\u011f\u0131 toplad\u0131.\u0130ZM\u0130R (\u0130GFA) &#8211; \u0130zmir B\u00fcy\u00fck\u015fehir Belediyesi\u2019nin kentin bulvar, cadde, meydan, ana yol ve kald\u0131r\u0131mlar\u0131nda y\u00fcr\u00fctt\u00fc\u011f\u00fc temizlik \u00e7al\u0131\u015fmalar\u0131 s\u00fcr\u00fcyor. 30 il\u00e7ede \u201cTertemiz bir \u0130zmir\u201d i\u00e7in 7 g\u00fcn 24 saat g\u00f6rev yapan ekipler, \u00e7evre ve halk sa\u011fl\u0131\u011f\u0131n\u0131 g\u00f6zetmek amac\u0131yla sorumluluk sahalar\u0131 d\u0131\u015f\u0131ndaki alanlara da m\u00fcdahale ediyor. Bu kapsamda \u0130zmir B\u00fcy\u00fck\u015fehir Belediyesi \u0130klim De\u011fi\u015fikli\u011fi ve S\u0131f\u0131r At\u0131k Dairesi Ba\u015fkanl\u0131\u011f\u0131 Kent Temizli\u011fi \u015eube M\u00fcd\u00fcrl\u00fc\u011f\u00fc ekipleri Buca\u2019n\u0131n Seyhan Mahallesi 718 Sokak\u2019ta ge\u00e7mi\u015fte futbol sahas\u0131 olarak kullan\u0131lan Milli Emlak Genel M\u00fcd\u00fcrl\u00fc\u011f\u00fc\u2019ne ait bo\u015f alana ka\u00e7ak olarak d\u00f6k\u00fclen at\u0131klar\u0131 toplad\u0131. Buca Belediyesi\u2019nin de destek verdi\u011fi \u00e7al\u0131\u015fmada alan yakla\u015f\u0131k bin 100 ton at\u0131ktan ar\u0131nd\u0131rd\u0131. 30 il\u00e7ede yakla\u015f\u0131k bin 92 kilometrelik alanda bin 69 personel ve 255 i\u015f makinesiyle hizmet verdiklerini belirten Kent Temizli\u011fi \u015eube M\u00fcd\u00fcr\u00fc \u00d6zgen Aygiray, \u201cCadde, meydan, bulvar ve anayollar\u0131n temizli\u011fi ile ka\u00e7ak d\u00f6k\u00fcmlerin \u00f6nlenmesine y\u00f6nelik denetim ve moloz temizli\u011fi \u00e7al\u0131\u015fmalar\u0131n\u0131 etkin bir \u015fekilde s\u00fcrd\u00fcr\u00fcyoruz. Bu kapsamda Buca Seyhan Mahallesi Ayd\u0131n Hatboyu Caddesi\u2019nde s\u0131k\u00e7a kar\u015f\u0131la\u015f\u0131lan mobilya, tekstil, moloz ve benzeri at\u0131klardan kaynaklanan \u00e7evre kirlili\u011finin \u00f6nlenmesi amac\u0131yla her ak\u015fam d\u00fczenli olarak temizlik program\u0131 uyguluyoruz. At\u0131klar \u00f6ncelikle il\u00e7e belediyesi taraf\u0131ndan kald\u0131r\u0131l\u0131yor ard\u0131ndan m\u00fcd\u00fcrl\u00fc\u011f\u00fcm\u00fcz &hellip;<\/p>","protected":false},"author":1,"featured_media":0,"comment_status":"","ping_status":"open","sticky":false,"template":"","format":"standard","meta":{"_acf_changed":false,"footnotes":""},"categories":[24],"tags":[],"class_list":["post-76642","post","type-post","status-publish","format-standard","has-post-thumbnail","hentry","category-gundem"],"acf":[],"yoast_head":"<!-- This site is optimized with the Yoast SEO Premium plugin v26.6 (Yoast SEO v27.1.1) - https:\/\/yoast.com\/product\/yoast-seo-premium-wordpress\/ -->\n<title>\u0130zmir Buca&#039;da temizlik operasyonu - Av. Deniz Can K\u0131z\u0131l<\/title>\n<meta name=\"robots\" content=\"index, follow, max-snippet:-1, max-image-preview:large, max-video-preview:-1\" \/>\n<link rel=\"canonical\" href=\"https:\/\/denizcankizil.tr\/uk\/haberler\/gundem\/izmir-bucada-temizlik-operasyonu\/\" \/>\n<meta property=\"og:locale\" content=\"uk_UA\" \/>\n<meta property=\"og:type\" content=\"article\" \/>\n<meta property=\"og:title\" content=\"\u0130zmir Buca&#039;da temizlik operasyonu\" \/>\n<meta property=\"og:description\" content=\"\u0130zmir B\u00fcy\u00fck\u015fehir Belediyesi ekipleri Buca\u2019n\u0131n Seyhan Mahallesi\u2019nde yer alan Milli Emlak Genel M\u00fcd\u00fcrl\u00fc\u011f\u00fc\u2019ne ait bo\u015f alana ka\u00e7ak d\u00f6k\u00fclen yakla\u015f\u0131k bin 100 tonluk (55 kamyon) at\u0131\u011f\u0131 toplad\u0131.\u0130ZM\u0130R (\u0130GFA) &#8211; \u0130zmir B\u00fcy\u00fck\u015fehir Belediyesi\u2019nin kentin bulvar, cadde, meydan, ana yol ve kald\u0131r\u0131mlar\u0131nda y\u00fcr\u00fctt\u00fc\u011f\u00fc temizlik \u00e7al\u0131\u015fmalar\u0131 s\u00fcr\u00fcyor. 30 il\u00e7ede \u201cTertemiz bir \u0130zmir\u201d i\u00e7in 7 g\u00fcn 24 saat g\u00f6rev yapan ekipler, \u00e7evre ve halk sa\u011fl\u0131\u011f\u0131n\u0131 g\u00f6zetmek amac\u0131yla sorumluluk sahalar\u0131 d\u0131\u015f\u0131ndaki alanlara da m\u00fcdahale ediyor. Bu kapsamda \u0130zmir B\u00fcy\u00fck\u015fehir Belediyesi \u0130klim De\u011fi\u015fikli\u011fi ve S\u0131f\u0131r At\u0131k Dairesi Ba\u015fkanl\u0131\u011f\u0131 Kent Temizli\u011fi \u015eube M\u00fcd\u00fcrl\u00fc\u011f\u00fc ekipleri Buca\u2019n\u0131n Seyhan Mahallesi 718 Sokak\u2019ta ge\u00e7mi\u015fte futbol sahas\u0131 olarak kullan\u0131lan Milli Emlak Genel M\u00fcd\u00fcrl\u00fc\u011f\u00fc\u2019ne ait bo\u015f alana ka\u00e7ak olarak d\u00f6k\u00fclen at\u0131klar\u0131 toplad\u0131. Buca Belediyesi\u2019nin de destek verdi\u011fi \u00e7al\u0131\u015fmada alan yakla\u015f\u0131k bin 100 ton at\u0131ktan ar\u0131nd\u0131rd\u0131. 30 il\u00e7ede yakla\u015f\u0131k bin 92 kilometrelik alanda bin 69 personel ve 255 i\u015f makinesiyle hizmet verdiklerini belirten Kent Temizli\u011fi \u015eube M\u00fcd\u00fcr\u00fc \u00d6zgen Aygiray, \u201cCadde, meydan, bulvar ve anayollar\u0131n temizli\u011fi ile ka\u00e7ak d\u00f6k\u00fcmlerin \u00f6nlenmesine y\u00f6nelik denetim ve moloz temizli\u011fi \u00e7al\u0131\u015fmalar\u0131n\u0131 etkin bir \u015fekilde s\u00fcrd\u00fcr\u00fcyoruz. Bu kapsamda Buca Seyhan Mahallesi Ayd\u0131n Hatboyu Caddesi\u2019nde s\u0131k\u00e7a kar\u015f\u0131la\u015f\u0131lan mobilya, tekstil, moloz ve benzeri at\u0131klardan kaynaklanan \u00e7evre kirlili\u011finin \u00f6nlenmesi amac\u0131yla her ak\u015fam d\u00fczenli olarak temizlik program\u0131 uyguluyoruz. At\u0131klar \u00f6ncelikle il\u00e7e belediyesi taraf\u0131ndan kald\u0131r\u0131l\u0131yor ard\u0131ndan m\u00fcd\u00fcrl\u00fc\u011f\u00fcm\u00fcz &hellip;\" \/>\n<meta property=\"og:url\" content=\"https:\/\/denizcankizil.tr\/uk\/haberler\/gundem\/izmir-bucada-temizlik-operasyonu\/\" \/>\n<meta property=\"og:site_name\" content=\"Av. Deniz Can K\u0131z\u0131l\" \/>\n<meta property=\"article:published_time\" content=\"2025-05-05T06:42:45+00:00\" \/>\n<meta name=\"author\" content=\"admin\" \/>\n<meta name=\"twitter:card\" content=\"summary_large_image\" \/>\n<meta name=\"twitter:label1\" content=\"\u041d\u0430\u043f\u0438\u0441\u0430\u043d\u043e\" \/>\n\t<meta name=\"twitter:data1\" content=\"admin\" \/>\n\t<meta name=\"twitter:label2\" content=\"\u041f\u0440\u0438\u0431\u043b. \u0447\u0430\u0441 \u0447\u0438\u0442\u0430\u043d\u043d\u044f\" \/>\n\t<meta name=\"twitter:data2\" content=\"4 \u0445\u0432\u0438\u043b\u0438\u043d\u0438\" \/>\n<script type=\"application\/ld+json\" class=\"yoast-schema-graph\">{\"@context\":\"https:\/\/schema.org\",\"@graph\":[{\"@type\":\"Article\",\"@id\":\"https:\/\/denizcankizil.tr\/de\/haberler\/gundem\/izmir-bucada-temizlik-operasyonu\/#article\",\"isPartOf\":{\"@id\":\"https:\/\/denizcankizil.tr\/de\/haberler\/gundem\/izmir-bucada-temizlik-operasyonu\/\"},\"author\":{\"name\":\"admin\",\"@id\":\"https:\/\/denizcankizil.tr\/de\/#\/schema\/person\/be3c05fe6a12686905512445d8185489\"},\"headline\":\"\u0130zmir Buca&#8217;da temizlik operasyonu\",\"datePublished\":\"2025-05-05T06:42:45+00:00\",\"mainEntityOfPage\":{\"@id\":\"https:\/\/denizcankizil.tr\/de\/haberler\/gundem\/izmir-bucada-temizlik-operasyonu\/\"},\"wordCount\":741,\"publisher\":{\"@id\":\"https:\/\/denizcankizil.tr\/de\/#organization\"},\"articleSection\":[\"G\u00fcndem\"],\"inLanguage\":\"uk\"},{\"@type\":\"WebPage\",\"@id\":\"https:\/\/denizcankizil.tr\/de\/haberler\/gundem\/izmir-bucada-temizlik-operasyonu\/\",\"url\":\"https:\/\/denizcankizil.tr\/de\/haberler\/gundem\/izmir-bucada-temizlik-operasyonu\/\",\"name\":\"\u0130zmir Buca'da temizlik operasyonu - Av. Deniz Can K\u0131z\u0131l\",\"isPartOf\":{\"@id\":\"https:\/\/denizcankizil.tr\/de\/#website\"},\"datePublished\":\"2025-05-05T06:42:45+00:00\",\"breadcrumb\":{\"@id\":\"https:\/\/denizcankizil.tr\/de\/haberler\/gundem\/izmir-bucada-temizlik-operasyonu\/#breadcrumb\"},\"inLanguage\":\"uk\",\"potentialAction\":[{\"@type\":\"ReadAction\",\"target\":[\"https:\/\/denizcankizil.tr\/de\/haberler\/gundem\/izmir-bucada-temizlik-operasyonu\/\"]}]},{\"@type\":\"BreadcrumbList\",\"@id\":\"https:\/\/denizcankizil.tr\/de\/haberler\/gundem\/izmir-bucada-temizlik-operasyonu\/#breadcrumb\",\"itemListElement\":[{\"@type\":\"ListItem\",\"position\":1,\"name\":\"Home\",\"item\":\"https:\/\/denizcankizil.tr\/de\/\"},{\"@type\":\"ListItem\",\"position\":2,\"name\":\"\u0130zmir Buca&#8217;da temizlik operasyonu\"}]},{\"@type\":\"WebSite\",\"@id\":\"https:\/\/denizcankizil.tr\/de\/#website\",\"url\":\"https:\/\/denizcankizil.tr\/de\/\",\"name\":\"Av. Deniz Can K\u0131z\u0131l\",\"description\":\"Avukat Deniz Can K\u0131z\u0131l Antalya Barosu\",\"publisher\":{\"@id\":\"https:\/\/denizcankizil.tr\/de\/#organization\"},\"potentialAction\":[{\"@type\":\"SearchAction\",\"target\":{\"@type\":\"EntryPoint\",\"urlTemplate\":\"https:\/\/denizcankizil.tr\/de\/?s={search_term_string}\"},\"query-input\":{\"@type\":\"PropertyValueSpecification\",\"valueRequired\":true,\"valueName\":\"search_term_string\"}}],\"inLanguage\":\"uk\"},{\"@type\":\"Organization\",\"@id\":\"https:\/\/denizcankizil.tr\/de\/#organization\",\"name\":\"Av. Deniz Can K\u0131z\u0131l\",\"url\":\"https:\/\/denizcankizil.tr\/de\/\",\"logo\":{\"@type\":\"ImageObject\",\"inLanguage\":\"uk\",\"@id\":\"https:\/\/denizcankizil.tr\/de\/#\/schema\/logo\/image\/\",\"url\":\"https:\/\/denizcankizil.tr\/wp-content\/uploads\/2024\/10\/siyah-logo-svg.svg\",\"contentUrl\":\"https:\/\/denizcankizil.tr\/wp-content\/uploads\/2024\/10\/siyah-logo-svg.svg\",\"width\":1080,\"height\":1080,\"caption\":\"Av. Deniz Can K\u0131z\u0131l\"},\"image\":{\"@id\":\"https:\/\/denizcankizil.tr\/de\/#\/schema\/logo\/image\/\"}},{\"@type\":\"Person\",\"@id\":\"https:\/\/denizcankizil.tr\/de\/#\/schema\/person\/be3c05fe6a12686905512445d8185489\",\"name\":\"admin\",\"image\":{\"@type\":\"ImageObject\",\"inLanguage\":\"uk\",\"@id\":\"https:\/\/denizcankizil.tr\/de\/#\/schema\/person\/image\/\",\"url\":\"https:\/\/secure.gravatar.com\/avatar\/c1fce94c830dc79107e174f890d7210541c4a63e8e5d816341794a2151c9d58c?s=96&d=mm&r=g\",\"contentUrl\":\"https:\/\/secure.gravatar.com\/avatar\/c1fce94c830dc79107e174f890d7210541c4a63e8e5d816341794a2151c9d58c?s=96&d=mm&r=g\",\"caption\":\"admin\"},\"sameAs\":[\"http:\/\/denizcankizil.tr\"],\"url\":\"https:\/\/www.iskenderun.org\/izmir-bucada-temizlik-operasyonu\"}]}<\/script>\n<!-- \/ Yoast SEO Premium plugin. -->","yoast_head_json":{"title":"\u0130zmir Buca'da temizlik operasyonu - Av. Deniz Can K\u0131z\u0131l","robots":{"index":"index","follow":"follow","max-snippet":"max-snippet:-1","max-image-preview":"max-image-preview:large","max-video-preview":"max-video-preview:-1"},"canonical":"https:\/\/denizcankizil.tr\/uk\/haberler\/gundem\/izmir-bucada-temizlik-operasyonu\/","og_locale":"uk_UA","og_type":"article","og_title":"\u0130zmir Buca'da temizlik operasyonu","og_description":"\u0130zmir B\u00fcy\u00fck\u015fehir Belediyesi ekipleri Buca\u2019n\u0131n Seyhan Mahallesi\u2019nde yer alan Milli Emlak Genel M\u00fcd\u00fcrl\u00fc\u011f\u00fc\u2019ne ait bo\u015f alana ka\u00e7ak d\u00f6k\u00fclen yakla\u015f\u0131k bin 100 tonluk (55 kamyon) at\u0131\u011f\u0131 toplad\u0131.\u0130ZM\u0130R (\u0130GFA) &#8211; \u0130zmir B\u00fcy\u00fck\u015fehir Belediyesi\u2019nin kentin bulvar, cadde, meydan, ana yol ve kald\u0131r\u0131mlar\u0131nda y\u00fcr\u00fctt\u00fc\u011f\u00fc temizlik \u00e7al\u0131\u015fmalar\u0131 s\u00fcr\u00fcyor. 30 il\u00e7ede \u201cTertemiz bir \u0130zmir\u201d i\u00e7in 7 g\u00fcn 24 saat g\u00f6rev yapan ekipler, \u00e7evre ve halk sa\u011fl\u0131\u011f\u0131n\u0131 g\u00f6zetmek amac\u0131yla sorumluluk sahalar\u0131 d\u0131\u015f\u0131ndaki alanlara da m\u00fcdahale ediyor. Bu kapsamda \u0130zmir B\u00fcy\u00fck\u015fehir Belediyesi \u0130klim De\u011fi\u015fikli\u011fi ve S\u0131f\u0131r At\u0131k Dairesi Ba\u015fkanl\u0131\u011f\u0131 Kent Temizli\u011fi \u015eube M\u00fcd\u00fcrl\u00fc\u011f\u00fc ekipleri Buca\u2019n\u0131n Seyhan Mahallesi 718 Sokak\u2019ta ge\u00e7mi\u015fte futbol sahas\u0131 olarak kullan\u0131lan Milli Emlak Genel M\u00fcd\u00fcrl\u00fc\u011f\u00fc\u2019ne ait bo\u015f alana ka\u00e7ak olarak d\u00f6k\u00fclen at\u0131klar\u0131 toplad\u0131. Buca Belediyesi\u2019nin de destek verdi\u011fi \u00e7al\u0131\u015fmada alan yakla\u015f\u0131k bin 100 ton at\u0131ktan ar\u0131nd\u0131rd\u0131. 30 il\u00e7ede yakla\u015f\u0131k bin 92 kilometrelik alanda bin 69 personel ve 255 i\u015f makinesiyle hizmet verdiklerini belirten Kent Temizli\u011fi \u015eube M\u00fcd\u00fcr\u00fc \u00d6zgen Aygiray, \u201cCadde, meydan, bulvar ve anayollar\u0131n temizli\u011fi ile ka\u00e7ak d\u00f6k\u00fcmlerin \u00f6nlenmesine y\u00f6nelik denetim ve moloz temizli\u011fi \u00e7al\u0131\u015fmalar\u0131n\u0131 etkin bir \u015fekilde s\u00fcrd\u00fcr\u00fcyoruz. Bu kapsamda Buca Seyhan Mahallesi Ayd\u0131n Hatboyu Caddesi\u2019nde s\u0131k\u00e7a kar\u015f\u0131la\u015f\u0131lan mobilya, tekstil, moloz ve benzeri at\u0131klardan kaynaklanan \u00e7evre kirlili\u011finin \u00f6nlenmesi amac\u0131yla her ak\u015fam d\u00fczenli olarak temizlik program\u0131 uyguluyoruz. At\u0131klar \u00f6ncelikle il\u00e7e belediyesi taraf\u0131ndan kald\u0131r\u0131l\u0131yor ard\u0131ndan m\u00fcd\u00fcrl\u00fc\u011f\u00fcm\u00fcz &hellip;","og_url":"https:\/\/denizcankizil.tr\/uk\/haberler\/gundem\/izmir-bucada-temizlik-operasyonu\/","og_site_name":"Av. Deniz Can K\u0131z\u0131l","article_published_time":"2025-05-05T06:42:45+00:00","author":"admin","twitter_card":"summary_large_image","twitter_misc":{"\u041d\u0430\u043f\u0438\u0441\u0430\u043d\u043e":"admin","\u041f\u0440\u0438\u0431\u043b. \u0447\u0430\u0441 \u0447\u0438\u0442\u0430\u043d\u043d\u044f":"4 \u0445\u0432\u0438\u043b\u0438\u043d\u0438"},"schema":{"@context":"https:\/\/schema.org","@graph":[{"@type":"Article","@id":"https:\/\/denizcankizil.tr\/de\/haberler\/gundem\/izmir-bucada-temizlik-operasyonu\/#article","isPartOf":{"@id":"https:\/\/denizcankizil.tr\/de\/haberler\/gundem\/izmir-bucada-temizlik-operasyonu\/"},"author":{"name":"admin","@id":"https:\/\/denizcankizil.tr\/de\/#\/schema\/person\/be3c05fe6a12686905512445d8185489"},"headline":"\u0130zmir Buca&#8217;da temizlik operasyonu","datePublished":"2025-05-05T06:42:45+00:00","mainEntityOfPage":{"@id":"https:\/\/denizcankizil.tr\/de\/haberler\/gundem\/izmir-bucada-temizlik-operasyonu\/"},"wordCount":741,"publisher":{"@id":"https:\/\/denizcankizil.tr\/de\/#organization"},"articleSection":["G\u00fcndem"],"inLanguage":"uk"},{"@type":"WebPage","@id":"https:\/\/denizcankizil.tr\/de\/haberler\/gundem\/izmir-bucada-temizlik-operasyonu\/","url":"https:\/\/denizcankizil.tr\/de\/haberler\/gundem\/izmir-bucada-temizlik-operasyonu\/","name":"\u0130zmir Buca'da temizlik operasyonu - Av. Deniz Can K\u0131z\u0131l","isPartOf":{"@id":"https:\/\/denizcankizil.tr\/de\/#website"},"datePublished":"2025-05-05T06:42:45+00:00","breadcrumb":{"@id":"https:\/\/denizcankizil.tr\/de\/haberler\/gundem\/izmir-bucada-temizlik-operasyonu\/#breadcrumb"},"inLanguage":"uk","potentialAction":[{"@type":"ReadAction","target":["https:\/\/denizcankizil.tr\/de\/haberler\/gundem\/izmir-bucada-temizlik-operasyonu\/"]}]},{"@type":"BreadcrumbList","@id":"https:\/\/denizcankizil.tr\/de\/haberler\/gundem\/izmir-bucada-temizlik-operasyonu\/#breadcrumb","itemListElement":[{"@type":"ListItem","position":1,"name":"Home","item":"https:\/\/denizcankizil.tr\/de\/"},{"@type":"ListItem","position":2,"name":"\u0130zmir Buca&#8217;da temizlik operasyonu"}]},{"@type":"WebSite","@id":"https:\/\/denizcankizil.tr\/de\/#website","url":"https:\/\/denizcankizil.tr\/de\/","name":"Av. Deniz Can K\u0131z\u0131l","description":"Avukat Deniz Can K\u0131z\u0131l Antalya Barosu","publisher":{"@id":"https:\/\/denizcankizil.tr\/de\/#organization"},"potentialAction":[{"@type":"SearchAction","target":{"@type":"EntryPoint","urlTemplate":"https:\/\/denizcankizil.tr\/de\/?s={search_term_string}"},"query-input":{"@type":"PropertyValueSpecification","valueRequired":true,"valueName":"search_term_string"}}],"inLanguage":"uk"},{"@type":"Organization","@id":"https:\/\/denizcankizil.tr\/de\/#organization","name":"Av. Deniz Can K\u0131z\u0131l","url":"https:\/\/denizcankizil.tr\/de\/","logo":{"@type":"ImageObject","inLanguage":"uk","@id":"https:\/\/denizcankizil.tr\/de\/#\/schema\/logo\/image\/","url":"https:\/\/denizcankizil.tr\/wp-content\/uploads\/2024\/10\/siyah-logo-svg.svg","contentUrl":"https:\/\/denizcankizil.tr\/wp-content\/uploads\/2024\/10\/siyah-logo-svg.svg","width":1080,"height":1080,"caption":"Av. Deniz Can K\u0131z\u0131l"},"image":{"@id":"https:\/\/denizcankizil.tr\/de\/#\/schema\/logo\/image\/"}},{"@type":"Person","@id":"https:\/\/denizcankizil.tr\/de\/#\/schema\/person\/be3c05fe6a12686905512445d8185489","name":"\u0430\u0434\u043c\u0456\u043d","image":{"@type":"ImageObject","inLanguage":"uk","@id":"https:\/\/denizcankizil.tr\/de\/#\/schema\/person\/image\/","url":"https:\/\/secure.gravatar.com\/avatar\/c1fce94c830dc79107e174f890d7210541c4a63e8e5d816341794a2151c9d58c?s=96&d=mm&r=g","contentUrl":"https:\/\/secure.gravatar.com\/avatar\/c1fce94c830dc79107e174f890d7210541c4a63e8e5d816341794a2151c9d58c?s=96&d=mm&r=g","caption":"admin"},"sameAs":["http:\/\/denizcankizil.tr"],"url":"https:\/\/www.iskenderun.org\/izmir-bucada-temizlik-operasyonu"}]}},"_links":{"self":[{"href":"https:\/\/denizcankizil.tr\/uk\/wp-json\/wp\/v2\/posts\/76642","targetHints":{"allow":["GET"]}}],"collection":[{"href":"https:\/\/denizcankizil.tr\/uk\/wp-json\/wp\/v2\/posts"}],"about":[{"href":"https:\/\/denizcankizil.tr\/uk\/wp-json\/wp\/v2\/types\/post"}],"author":[{"embeddable":true,"href":"https:\/\/denizcankizil.tr\/uk\/wp-json\/wp\/v2\/users\/1"}],"replies":[{"embeddable":true,"href":"https:\/\/denizcankizil.tr\/uk\/wp-json\/wp\/v2\/comments?post=76642"}],"version-history":[{"count":0,"href":"https:\/\/denizcankizil.tr\/uk\/wp-json\/wp\/v2\/posts\/76642\/revisions"}],"wp:attachment":[{"href":"https:\/\/denizcankizil.tr\/uk\/wp-json\/wp\/v2\/media?parent=76642"}],"wp:term":[{"taxonomy":"category","embeddable":true,"href":"https:\/\/denizcankizil.tr\/uk\/wp-json\/wp\/v2\/categories?post=76642"},{"taxonomy":"post_tag","embeddable":true,"href":"https:\/\/denizcankizil.tr\/uk\/wp-json\/wp\/v2\/tags?post=76642"}],"curies":[{"name":"wp","href":"https:\/\/api.w.org\/{rel}","templated":true}]}}