{"id":76590,"date":"2025-05-05T09:41:25","date_gmt":"2025-05-05T06:41:25","guid":{"rendered":"https:\/\/denizcankizil.tr\/uncategorized-tr\/2-cocuk-babasi-olu-bulundu\/"},"modified":"2025-05-05T09:41:25","modified_gmt":"2025-05-05T06:41:25","slug":"2-cocuk-babasi-olu-bulundu","status":"publish","type":"post","link":"https:\/\/denizcankizil.tr\/uk\/haberler\/antalya\/2-cocuk-babasi-olu-bulundu\/","title":{"rendered":"2 \u00e7ocuk babas\u0131 \u00f6l\u00fc bulundu"},"content":{"rendered":"<p>Olay, saat 12.00 s\u0131ralar\u0131nda \u00c7obanlar Mahallesi&#8217;nde meydana geldi. Edinilen bilgiye g\u00f6re, kendisine ait motosikletle olay yerine gelen \u0130.T. (45), iddiaya g\u00f6re depo i\u00e7erisinde iple kendini ast\u0131. Kendisinden haber alamayan yak\u0131nlar\u0131, \u0130.T.&#8217;yi aramak i\u00e7in \u00e7al\u0131\u015fma yapt\u0131. Deponun yan\u0131nda duran motosikleti fark edenler, depoya girdiklerinde \u0130.T.&#8217;yi iple as\u0131l\u0131 halde buldu. 112 Acil \u00c7a\u011fr\u0131 Merkezine yap\u0131lan ihbar\u0131n ard\u0131ndan olay yerine sa\u011fl\u0131k ve jandarma ekipleri sevk edildi. Sa\u011fl\u0131k ekipleri taraf\u0131ndan yap\u0131lan incelemede, \u015fahs\u0131n hayat\u0131n\u0131 kaybetti\u011fi belirlendi.<\/p>\n<p>N\u00f6bet\u00e7i cumhuriyet savc\u0131s\u0131n\u0131n olay yerinde yapt\u0131\u011f\u0131 incelemenin ard\u0131ndan \u0130.T.&#8217;nin cenazesi, Antalya B\u00fcy\u00fck\u015fehir Belediyesi Mezarl\u0131klar \u015eube M\u00fcd\u00fcrl\u00fc\u011f\u00fc Gazipa\u015fa Birimi ekiplerince Gazipa\u015fa Devlet Hastanesi morguna kald\u0131r\u0131ld\u0131. \u0130.T.&#8217;nin cans\u0131z bedeni, burada yap\u0131lan \u00f6n incelemenin ard\u0131ndan otopsisi yap\u0131lmak \u00fczere Alanya Alaaddin Keykubat \u00dcniversitesi (ALK\u00dc) E\u011fitim ve Ara\u015ft\u0131rma Hastanesi Adli T\u0131p Kurumuna g\u00f6nderildi.<br \/>\n\u0130.T.&#8217;nin evli ve 2 \u00e7ocuk babas\u0131 oldu\u011fu kaydedildi. Jandarma ekipleri, olayla ilgili geni\u015f \u00e7apl\u0131 inceleme ba\u015flatt\u0131.<\/p>\n<p>Kaynak: www.kanalv.com.tr Haber Sitesinden Al\u0131nm\u0131\u015ft\u0131r.<\/p>","protected":false},"excerpt":{"rendered":"<p>Olay, saat 12.00 s\u0131ralar\u0131nda \u00c7obanlar Mahallesi&#8217;nde meydana geldi. Edinilen bilgiye g\u00f6re, kendisine ait motosikletle olay yerine gelen \u0130.T. (45), iddiaya g\u00f6re depo i\u00e7erisinde iple kendini ast\u0131. Kendisinden haber alamayan yak\u0131nlar\u0131, \u0130.T.&#8217;yi aramak i\u00e7in \u00e7al\u0131\u015fma yapt\u0131. Deponun yan\u0131nda duran motosikleti fark edenler, depoya girdiklerinde \u0130.T.&#8217;yi iple as\u0131l\u0131 halde buldu. 112 Acil \u00c7a\u011fr\u0131 Merkezine yap\u0131lan ihbar\u0131n ard\u0131ndan olay yerine sa\u011fl\u0131k ve jandarma ekipleri sevk edildi. Sa\u011fl\u0131k ekipleri taraf\u0131ndan yap\u0131lan incelemede, \u015fahs\u0131n hayat\u0131n\u0131 kaybetti\u011fi belirlendi. N\u00f6bet\u00e7i cumhuriyet savc\u0131s\u0131n\u0131n olay yerinde yapt\u0131\u011f\u0131 incelemenin ard\u0131ndan \u0130.T.&#8217;nin cenazesi, Antalya B\u00fcy\u00fck\u015fehir Belediyesi Mezarl\u0131klar \u015eube M\u00fcd\u00fcrl\u00fc\u011f\u00fc Gazipa\u015fa Birimi ekiplerince Gazipa\u015fa Devlet Hastanesi morguna kald\u0131r\u0131ld\u0131. \u0130.T.&#8217;nin cans\u0131z bedeni, burada yap\u0131lan \u00f6n incelemenin ard\u0131ndan otopsisi yap\u0131lmak \u00fczere Alanya Alaaddin Keykubat \u00dcniversitesi (ALK\u00dc) E\u011fitim ve Ara\u015ft\u0131rma Hastanesi Adli T\u0131p Kurumuna g\u00f6nderildi. \u0130.T.&#8217;nin evli ve 2 \u00e7ocuk babas\u0131 oldu\u011fu kaydedildi. Jandarma ekipleri, olayla ilgili geni\u015f \u00e7apl\u0131 inceleme ba\u015flatt\u0131. Kaynak: www.kanalv.com.tr Haber Sitesinden Al\u0131nm\u0131\u015ft\u0131r.<\/p>","protected":false},"author":4,"featured_media":76591,"comment_status":"","ping_status":"open","sticky":false,"template":"","format":"standard","meta":{"_acf_changed":false,"footnotes":""},"categories":[26],"tags":[],"class_list":["post-76590","post","type-post","status-publish","format-standard","has-post-thumbnail","hentry","category-antalya"],"acf":[],"yoast_head":"<!-- This site is optimized with the Yoast SEO Premium plugin v26.6 (Yoast SEO v27.1.1) - https:\/\/yoast.com\/product\/yoast-seo-premium-wordpress\/ -->\n<title>2 \u00e7ocuk babas\u0131 \u00f6l\u00fc bulundu - Av. Deniz Can K\u0131z\u0131l<\/title>\n<meta name=\"robots\" content=\"index, follow, max-snippet:-1, max-image-preview:large, max-video-preview:-1\" \/>\n<link rel=\"canonical\" href=\"https:\/\/denizcankizil.tr\/uk\/haberler\/antalya\/2-cocuk-babasi-olu-bulundu\/\" \/>\n<meta property=\"og:locale\" content=\"uk_UA\" \/>\n<meta property=\"og:type\" content=\"article\" \/>\n<meta property=\"og:title\" content=\"2 \u00e7ocuk babas\u0131 \u00f6l\u00fc bulundu\" \/>\n<meta property=\"og:description\" content=\"Olay, saat 12.00 s\u0131ralar\u0131nda \u00c7obanlar Mahallesi&#8217;nde meydana geldi. Edinilen bilgiye g\u00f6re, kendisine ait motosikletle olay yerine gelen \u0130.T. (45), iddiaya g\u00f6re depo i\u00e7erisinde iple kendini ast\u0131. Kendisinden haber alamayan yak\u0131nlar\u0131, \u0130.T.&#8217;yi aramak i\u00e7in \u00e7al\u0131\u015fma yapt\u0131. Deponun yan\u0131nda duran motosikleti fark edenler, depoya girdiklerinde \u0130.T.&#8217;yi iple as\u0131l\u0131 halde buldu. 112 Acil \u00c7a\u011fr\u0131 Merkezine yap\u0131lan ihbar\u0131n ard\u0131ndan olay yerine sa\u011fl\u0131k ve jandarma ekipleri sevk edildi. Sa\u011fl\u0131k ekipleri taraf\u0131ndan yap\u0131lan incelemede, \u015fahs\u0131n hayat\u0131n\u0131 kaybetti\u011fi belirlendi. N\u00f6bet\u00e7i cumhuriyet savc\u0131s\u0131n\u0131n olay yerinde yapt\u0131\u011f\u0131 incelemenin ard\u0131ndan \u0130.T.&#8217;nin cenazesi, Antalya B\u00fcy\u00fck\u015fehir Belediyesi Mezarl\u0131klar \u015eube M\u00fcd\u00fcrl\u00fc\u011f\u00fc Gazipa\u015fa Birimi ekiplerince Gazipa\u015fa Devlet Hastanesi morguna kald\u0131r\u0131ld\u0131. \u0130.T.&#8217;nin cans\u0131z bedeni, burada yap\u0131lan \u00f6n incelemenin ard\u0131ndan otopsisi yap\u0131lmak \u00fczere Alanya Alaaddin Keykubat \u00dcniversitesi (ALK\u00dc) E\u011fitim ve Ara\u015ft\u0131rma Hastanesi Adli T\u0131p Kurumuna g\u00f6nderildi. \u0130.T.&#8217;nin evli ve 2 \u00e7ocuk babas\u0131 oldu\u011fu kaydedildi. Jandarma ekipleri, olayla ilgili geni\u015f \u00e7apl\u0131 inceleme ba\u015flatt\u0131. Kaynak: www.kanalv.com.tr Haber Sitesinden Al\u0131nm\u0131\u015ft\u0131r.\" \/>\n<meta property=\"og:url\" content=\"https:\/\/denizcankizil.tr\/uk\/haberler\/antalya\/2-cocuk-babasi-olu-bulundu\/\" \/>\n<meta property=\"og:site_name\" content=\"Av. Deniz Can K\u0131z\u0131l\" \/>\n<meta property=\"article:published_time\" content=\"2025-05-05T06:41:25+00:00\" \/>\n<meta property=\"og:image\" content=\"https:\/\/denizcankizil.tr\/wp-content\/uploads\/2025\/05\/6146-01-SOeK4X.jpg\" \/>\n\t<meta property=\"og:image:width\" content=\"1280\" \/>\n\t<meta property=\"og:image:height\" content=\"720\" \/>\n\t<meta property=\"og:image:type\" content=\"image\/jpeg\" \/>\n<meta name=\"author\" content=\"Av. Deniz Can K\u0131z\u0131l\" \/>\n<meta name=\"twitter:card\" content=\"summary_large_image\" \/>\n<meta name=\"twitter:label1\" content=\"\u041d\u0430\u043f\u0438\u0441\u0430\u043d\u043e\" \/>\n\t<meta name=\"twitter:data1\" content=\"Av. Deniz Can K\u0131z\u0131l\" \/>\n\t<meta name=\"twitter:label2\" content=\"\u041f\u0440\u0438\u0431\u043b. \u0447\u0430\u0441 \u0447\u0438\u0442\u0430\u043d\u043d\u044f\" \/>\n\t<meta name=\"twitter:data2\" content=\"1 \u0445\u0432\u0438\u043b\u0438\u043d\u0430\" \/>\n<script type=\"application\/ld+json\" class=\"yoast-schema-graph\">{\"@context\":\"https:\/\/schema.org\",\"@graph\":[{\"@type\":\"Article\",\"@id\":\"https:\/\/denizcankizil.tr\/uk\/haberler\/antalya\/2-cocuk-babasi-olu-bulundu\/#article\",\"isPartOf\":{\"@id\":\"https:\/\/denizcankizil.tr\/uk\/haberler\/antalya\/2-cocuk-babasi-olu-bulundu\/\"},\"author\":{\"name\":\"Av. Deniz Can K\u0131z\u0131l\",\"@id\":\"https:\/\/denizcankizil.tr\/de\/#\/schema\/person\/5dc1b22991bd7ac833867c10afc9b0ff\"},\"headline\":\"2 \u00e7ocuk babas\u0131 \u00f6l\u00fc bulundu\",\"datePublished\":\"2025-05-05T06:41:25+00:00\",\"mainEntityOfPage\":{\"@id\":\"https:\/\/denizcankizil.tr\/uk\/haberler\/antalya\/2-cocuk-babasi-olu-bulundu\/\"},\"wordCount\":203,\"publisher\":{\"@id\":\"https:\/\/denizcankizil.tr\/de\/#organization\"},\"image\":{\"@id\":\"https:\/\/denizcankizil.tr\/uk\/haberler\/antalya\/2-cocuk-babasi-olu-bulundu\/#primaryimage\"},\"thumbnailUrl\":\"https:\/\/denizcankizil.tr\/wp-content\/uploads\/2025\/05\/6146-01-SOeK4X.jpg\",\"articleSection\":[\"Antalya\"],\"inLanguage\":\"uk\"},{\"@type\":\"WebPage\",\"@id\":\"https:\/\/denizcankizil.tr\/uk\/haberler\/antalya\/2-cocuk-babasi-olu-bulundu\/\",\"url\":\"https:\/\/denizcankizil.tr\/uk\/haberler\/antalya\/2-cocuk-babasi-olu-bulundu\/\",\"name\":\"2 \u00e7ocuk babas\u0131 \u00f6l\u00fc bulundu - Av. Deniz Can K\u0131z\u0131l\",\"isPartOf\":{\"@id\":\"https:\/\/denizcankizil.tr\/de\/#website\"},\"primaryImageOfPage\":{\"@id\":\"https:\/\/denizcankizil.tr\/uk\/haberler\/antalya\/2-cocuk-babasi-olu-bulundu\/#primaryimage\"},\"image\":{\"@id\":\"https:\/\/denizcankizil.tr\/uk\/haberler\/antalya\/2-cocuk-babasi-olu-bulundu\/#primaryimage\"},\"thumbnailUrl\":\"https:\/\/denizcankizil.tr\/wp-content\/uploads\/2025\/05\/6146-01-SOeK4X.jpg\",\"datePublished\":\"2025-05-05T06:41:25+00:00\",\"breadcrumb\":{\"@id\":\"https:\/\/denizcankizil.tr\/uk\/haberler\/antalya\/2-cocuk-babasi-olu-bulundu\/#breadcrumb\"},\"inLanguage\":\"uk\",\"potentialAction\":[{\"@type\":\"ReadAction\",\"target\":[\"https:\/\/denizcankizil.tr\/uk\/haberler\/antalya\/2-cocuk-babasi-olu-bulundu\/\"]}]},{\"@type\":\"ImageObject\",\"inLanguage\":\"uk\",\"@id\":\"https:\/\/denizcankizil.tr\/uk\/haberler\/antalya\/2-cocuk-babasi-olu-bulundu\/#primaryimage\",\"url\":\"https:\/\/denizcankizil.tr\/wp-content\/uploads\/2025\/05\/6146-01-SOeK4X.jpg\",\"contentUrl\":\"https:\/\/denizcankizil.tr\/wp-content\/uploads\/2025\/05\/6146-01-SOeK4X.jpg\",\"width\":1280,\"height\":720},{\"@type\":\"BreadcrumbList\",\"@id\":\"https:\/\/denizcankizil.tr\/uk\/haberler\/antalya\/2-cocuk-babasi-olu-bulundu\/#breadcrumb\",\"itemListElement\":[{\"@type\":\"ListItem\",\"position\":1,\"name\":\"Home\",\"item\":\"https:\/\/denizcankizil.tr\/de\/\"},{\"@type\":\"ListItem\",\"position\":2,\"name\":\"2 \u00e7ocuk babas\u0131 \u00f6l\u00fc bulundu\"}]},{\"@type\":\"WebSite\",\"@id\":\"https:\/\/denizcankizil.tr\/de\/#website\",\"url\":\"https:\/\/denizcankizil.tr\/de\/\",\"name\":\"Av. Deniz Can K\u0131z\u0131l\",\"description\":\"Avukat Deniz Can K\u0131z\u0131l Antalya Barosu\",\"publisher\":{\"@id\":\"https:\/\/denizcankizil.tr\/de\/#organization\"},\"potentialAction\":[{\"@type\":\"SearchAction\",\"target\":{\"@type\":\"EntryPoint\",\"urlTemplate\":\"https:\/\/denizcankizil.tr\/de\/?s={search_term_string}\"},\"query-input\":{\"@type\":\"PropertyValueSpecification\",\"valueRequired\":true,\"valueName\":\"search_term_string\"}}],\"inLanguage\":\"uk\"},{\"@type\":\"Organization\",\"@id\":\"https:\/\/denizcankizil.tr\/de\/#organization\",\"name\":\"Av. Deniz Can K\u0131z\u0131l\",\"url\":\"https:\/\/denizcankizil.tr\/de\/\",\"logo\":{\"@type\":\"ImageObject\",\"inLanguage\":\"uk\",\"@id\":\"https:\/\/denizcankizil.tr\/de\/#\/schema\/logo\/image\/\",\"url\":\"https:\/\/denizcankizil.tr\/wp-content\/uploads\/2024\/10\/siyah-logo-svg.svg\",\"contentUrl\":\"https:\/\/denizcankizil.tr\/wp-content\/uploads\/2024\/10\/siyah-logo-svg.svg\",\"width\":1080,\"height\":1080,\"caption\":\"Av. Deniz Can K\u0131z\u0131l\"},\"image\":{\"@id\":\"https:\/\/denizcankizil.tr\/de\/#\/schema\/logo\/image\/\"}},{\"@type\":\"Person\",\"@id\":\"https:\/\/denizcankizil.tr\/de\/#\/schema\/person\/5dc1b22991bd7ac833867c10afc9b0ff\",\"name\":\"Av. Deniz Can K\u0131z\u0131l\",\"image\":{\"@type\":\"ImageObject\",\"inLanguage\":\"uk\",\"@id\":\"https:\/\/denizcankizil.tr\/de\/#\/schema\/person\/image\/\",\"url\":\"https:\/\/secure.gravatar.com\/avatar\/a0b128fb9855c79efc976d5640eedb31dc35ec297594d6016d2cf7c60e975bb6?s=96&d=mm&r=g\",\"contentUrl\":\"https:\/\/secure.gravatar.com\/avatar\/a0b128fb9855c79efc976d5640eedb31dc35ec297594d6016d2cf7c60e975bb6?s=96&d=mm&r=g\",\"caption\":\"Av. Deniz Can K\u0131z\u0131l\"},\"sameAs\":[\"http:\/\/www.denizcankizil.tr\"],\"url\":\"https:\/\/denizcankizil.tr\/uk\/author\/denizcankizil\/\"}]}<\/script>\n<!-- \/ Yoast SEO Premium plugin. -->","yoast_head_json":{"title":"2 \u00e7ocuk babas\u0131 \u00f6l\u00fc bulundu - Av. Deniz Can K\u0131z\u0131l","robots":{"index":"index","follow":"follow","max-snippet":"max-snippet:-1","max-image-preview":"max-image-preview:large","max-video-preview":"max-video-preview:-1"},"canonical":"https:\/\/denizcankizil.tr\/uk\/haberler\/antalya\/2-cocuk-babasi-olu-bulundu\/","og_locale":"uk_UA","og_type":"article","og_title":"2 \u00e7ocuk babas\u0131 \u00f6l\u00fc bulundu","og_description":"Olay, saat 12.00 s\u0131ralar\u0131nda \u00c7obanlar Mahallesi&#8217;nde meydana geldi. Edinilen bilgiye g\u00f6re, kendisine ait motosikletle olay yerine gelen \u0130.T. (45), iddiaya g\u00f6re depo i\u00e7erisinde iple kendini ast\u0131. Kendisinden haber alamayan yak\u0131nlar\u0131, \u0130.T.&#8217;yi aramak i\u00e7in \u00e7al\u0131\u015fma yapt\u0131. Deponun yan\u0131nda duran motosikleti fark edenler, depoya girdiklerinde \u0130.T.&#8217;yi iple as\u0131l\u0131 halde buldu. 112 Acil \u00c7a\u011fr\u0131 Merkezine yap\u0131lan ihbar\u0131n ard\u0131ndan olay yerine sa\u011fl\u0131k ve jandarma ekipleri sevk edildi. Sa\u011fl\u0131k ekipleri taraf\u0131ndan yap\u0131lan incelemede, \u015fahs\u0131n hayat\u0131n\u0131 kaybetti\u011fi belirlendi. N\u00f6bet\u00e7i cumhuriyet savc\u0131s\u0131n\u0131n olay yerinde yapt\u0131\u011f\u0131 incelemenin ard\u0131ndan \u0130.T.&#8217;nin cenazesi, Antalya B\u00fcy\u00fck\u015fehir Belediyesi Mezarl\u0131klar \u015eube M\u00fcd\u00fcrl\u00fc\u011f\u00fc Gazipa\u015fa Birimi ekiplerince Gazipa\u015fa Devlet Hastanesi morguna kald\u0131r\u0131ld\u0131. \u0130.T.&#8217;nin cans\u0131z bedeni, burada yap\u0131lan \u00f6n incelemenin ard\u0131ndan otopsisi yap\u0131lmak \u00fczere Alanya Alaaddin Keykubat \u00dcniversitesi (ALK\u00dc) E\u011fitim ve Ara\u015ft\u0131rma Hastanesi Adli T\u0131p Kurumuna g\u00f6nderildi. \u0130.T.&#8217;nin evli ve 2 \u00e7ocuk babas\u0131 oldu\u011fu kaydedildi. Jandarma ekipleri, olayla ilgili geni\u015f \u00e7apl\u0131 inceleme ba\u015flatt\u0131. Kaynak: www.kanalv.com.tr Haber Sitesinden Al\u0131nm\u0131\u015ft\u0131r.","og_url":"https:\/\/denizcankizil.tr\/uk\/haberler\/antalya\/2-cocuk-babasi-olu-bulundu\/","og_site_name":"Av. Deniz Can K\u0131z\u0131l","article_published_time":"2025-05-05T06:41:25+00:00","og_image":[{"width":1280,"height":720,"url":"https:\/\/denizcankizil.tr\/wp-content\/uploads\/2025\/05\/6146-01-SOeK4X.jpg","type":"image\/jpeg"}],"author":"Av. Deniz Can K\u0131z\u0131l","twitter_card":"summary_large_image","twitter_misc":{"\u041d\u0430\u043f\u0438\u0441\u0430\u043d\u043e":"Av. Deniz Can K\u0131z\u0131l","\u041f\u0440\u0438\u0431\u043b. \u0447\u0430\u0441 \u0447\u0438\u0442\u0430\u043d\u043d\u044f":"1 \u0445\u0432\u0438\u043b\u0438\u043d\u0430"},"schema":{"@context":"https:\/\/schema.org","@graph":[{"@type":"Article","@id":"https:\/\/denizcankizil.tr\/uk\/haberler\/antalya\/2-cocuk-babasi-olu-bulundu\/#article","isPartOf":{"@id":"https:\/\/denizcankizil.tr\/uk\/haberler\/antalya\/2-cocuk-babasi-olu-bulundu\/"},"author":{"name":"Av. Deniz Can K\u0131z\u0131l","@id":"https:\/\/denizcankizil.tr\/de\/#\/schema\/person\/5dc1b22991bd7ac833867c10afc9b0ff"},"headline":"2 \u00e7ocuk babas\u0131 \u00f6l\u00fc bulundu","datePublished":"2025-05-05T06:41:25+00:00","mainEntityOfPage":{"@id":"https:\/\/denizcankizil.tr\/uk\/haberler\/antalya\/2-cocuk-babasi-olu-bulundu\/"},"wordCount":203,"publisher":{"@id":"https:\/\/denizcankizil.tr\/de\/#organization"},"image":{"@id":"https:\/\/denizcankizil.tr\/uk\/haberler\/antalya\/2-cocuk-babasi-olu-bulundu\/#primaryimage"},"thumbnailUrl":"https:\/\/denizcankizil.tr\/wp-content\/uploads\/2025\/05\/6146-01-SOeK4X.jpg","articleSection":["Antalya"],"inLanguage":"uk"},{"@type":"WebPage","@id":"https:\/\/denizcankizil.tr\/uk\/haberler\/antalya\/2-cocuk-babasi-olu-bulundu\/","url":"https:\/\/denizcankizil.tr\/uk\/haberler\/antalya\/2-cocuk-babasi-olu-bulundu\/","name":"2 \u00e7ocuk babas\u0131 \u00f6l\u00fc bulundu - Av. Deniz Can K\u0131z\u0131l","isPartOf":{"@id":"https:\/\/denizcankizil.tr\/de\/#website"},"primaryImageOfPage":{"@id":"https:\/\/denizcankizil.tr\/uk\/haberler\/antalya\/2-cocuk-babasi-olu-bulundu\/#primaryimage"},"image":{"@id":"https:\/\/denizcankizil.tr\/uk\/haberler\/antalya\/2-cocuk-babasi-olu-bulundu\/#primaryimage"},"thumbnailUrl":"https:\/\/denizcankizil.tr\/wp-content\/uploads\/2025\/05\/6146-01-SOeK4X.jpg","datePublished":"2025-05-05T06:41:25+00:00","breadcrumb":{"@id":"https:\/\/denizcankizil.tr\/uk\/haberler\/antalya\/2-cocuk-babasi-olu-bulundu\/#breadcrumb"},"inLanguage":"uk","potentialAction":[{"@type":"ReadAction","target":["https:\/\/denizcankizil.tr\/uk\/haberler\/antalya\/2-cocuk-babasi-olu-bulundu\/"]}]},{"@type":"ImageObject","inLanguage":"uk","@id":"https:\/\/denizcankizil.tr\/uk\/haberler\/antalya\/2-cocuk-babasi-olu-bulundu\/#primaryimage","url":"https:\/\/denizcankizil.tr\/wp-content\/uploads\/2025\/05\/6146-01-SOeK4X.jpg","contentUrl":"https:\/\/denizcankizil.tr\/wp-content\/uploads\/2025\/05\/6146-01-SOeK4X.jpg","width":1280,"height":720},{"@type":"BreadcrumbList","@id":"https:\/\/denizcankizil.tr\/uk\/haberler\/antalya\/2-cocuk-babasi-olu-bulundu\/#breadcrumb","itemListElement":[{"@type":"ListItem","position":1,"name":"Home","item":"https:\/\/denizcankizil.tr\/de\/"},{"@type":"ListItem","position":2,"name":"2 \u00e7ocuk babas\u0131 \u00f6l\u00fc bulundu"}]},{"@type":"WebSite","@id":"https:\/\/denizcankizil.tr\/de\/#website","url":"https:\/\/denizcankizil.tr\/de\/","name":"Av. Deniz Can K\u0131z\u0131l","description":"Avukat Deniz Can K\u0131z\u0131l Antalya Barosu","publisher":{"@id":"https:\/\/denizcankizil.tr\/de\/#organization"},"potentialAction":[{"@type":"SearchAction","target":{"@type":"EntryPoint","urlTemplate":"https:\/\/denizcankizil.tr\/de\/?s={search_term_string}"},"query-input":{"@type":"PropertyValueSpecification","valueRequired":true,"valueName":"search_term_string"}}],"inLanguage":"uk"},{"@type":"Organization","@id":"https:\/\/denizcankizil.tr\/de\/#organization","name":"Av. Deniz Can K\u0131z\u0131l","url":"https:\/\/denizcankizil.tr\/de\/","logo":{"@type":"ImageObject","inLanguage":"uk","@id":"https:\/\/denizcankizil.tr\/de\/#\/schema\/logo\/image\/","url":"https:\/\/denizcankizil.tr\/wp-content\/uploads\/2024\/10\/siyah-logo-svg.svg","contentUrl":"https:\/\/denizcankizil.tr\/wp-content\/uploads\/2024\/10\/siyah-logo-svg.svg","width":1080,"height":1080,"caption":"Av. Deniz Can K\u0131z\u0131l"},"image":{"@id":"https:\/\/denizcankizil.tr\/de\/#\/schema\/logo\/image\/"}},{"@type":"Person","@id":"https:\/\/denizcankizil.tr\/de\/#\/schema\/person\/5dc1b22991bd7ac833867c10afc9b0ff","name":"Av. Deniz Can K\u0131z\u0131l","image":{"@type":"ImageObject","inLanguage":"uk","@id":"https:\/\/denizcankizil.tr\/de\/#\/schema\/person\/image\/","url":"https:\/\/secure.gravatar.com\/avatar\/a0b128fb9855c79efc976d5640eedb31dc35ec297594d6016d2cf7c60e975bb6?s=96&d=mm&r=g","contentUrl":"https:\/\/secure.gravatar.com\/avatar\/a0b128fb9855c79efc976d5640eedb31dc35ec297594d6016d2cf7c60e975bb6?s=96&d=mm&r=g","caption":"Av. Deniz Can K\u0131z\u0131l"},"sameAs":["http:\/\/www.denizcankizil.tr"],"url":"https:\/\/denizcankizil.tr\/uk\/author\/denizcankizil\/"}]}},"_links":{"self":[{"href":"https:\/\/denizcankizil.tr\/uk\/wp-json\/wp\/v2\/posts\/76590","targetHints":{"allow":["GET"]}}],"collection":[{"href":"https:\/\/denizcankizil.tr\/uk\/wp-json\/wp\/v2\/posts"}],"about":[{"href":"https:\/\/denizcankizil.tr\/uk\/wp-json\/wp\/v2\/types\/post"}],"author":[{"embeddable":true,"href":"https:\/\/denizcankizil.tr\/uk\/wp-json\/wp\/v2\/users\/4"}],"replies":[{"embeddable":true,"href":"https:\/\/denizcankizil.tr\/uk\/wp-json\/wp\/v2\/comments?post=76590"}],"version-history":[{"count":0,"href":"https:\/\/denizcankizil.tr\/uk\/wp-json\/wp\/v2\/posts\/76590\/revisions"}],"wp:featuredmedia":[{"embeddable":true,"href":"https:\/\/denizcankizil.tr\/uk\/wp-json\/wp\/v2\/media\/76591"}],"wp:attachment":[{"href":"https:\/\/denizcankizil.tr\/uk\/wp-json\/wp\/v2\/media?parent=76590"}],"wp:term":[{"taxonomy":"category","embeddable":true,"href":"https:\/\/denizcankizil.tr\/uk\/wp-json\/wp\/v2\/categories?post=76590"},{"taxonomy":"post_tag","embeddable":true,"href":"https:\/\/denizcankizil.tr\/uk\/wp-json\/wp\/v2\/tags?post=76590"}],"curies":[{"name":"wp","href":"https:\/\/api.w.org\/{rel}","templated":true}]}}