{"id":7648,"date":"2024-10-24T17:41:26","date_gmt":"2024-10-24T14:41:26","guid":{"rendered":"https:\/\/denizcankizil.tr\/uncategorized-tr\/baskan-unsal-pazar-yerinde-esnaf-ve-vatandasla-bulustu\/"},"modified":"2024-10-24T17:41:26","modified_gmt":"2024-10-24T14:41:26","slug":"baskan-unsal-pazar-yerinde-esnaf-ve-vatandasla-bulustu","status":"publish","type":"post","link":"https:\/\/denizcankizil.tr\/uk\/haberler\/gundem\/baskan-unsal-pazar-yerinde-esnaf-ve-vatandasla-bulustu\/","title":{"rendered":"Ba\u015fkan \u00dcnsal pazar yerinde esnaf ve vatanda\u015fla bulu\u015ftu"},"content":{"rendered":"<p>Kar\u015f\u0131yaka Belediyesi Zab\u0131ta M\u00fcd\u00fcrl\u00fc\u011f\u00fc taraf\u0131ndan Bostanl\u0131 Pazar Yeri\u2019nde rutin olarak ger\u00e7ekle\u015ftirilen denetimlere bu hafta Ba\u015fkan Y\u0131ld\u0131z \u00dcnsal da e\u015flik etti.<\/p>\n<p>\u200bKar\u015f\u0131yaka Belediyesi Zab\u0131ta M\u00fcd\u00fcrl\u00fc\u011f\u00fc taraf\u0131ndan Bostanl\u0131 Pazar Yeri\u2019nde rutin olarak ger\u00e7ekle\u015ftirilen denetimlere bu hafta Ba\u015fkan Y\u0131ld\u0131z \u00dcnsal da e\u015flik etti.\u00a0<\/p>\n<p>\u200bHaberin Al\u0131nt\u0131land\u0131\u011f\u0131 Kaynak: www.iskenderun.org<\/p>","protected":false},"excerpt":{"rendered":"<p>Kar\u015f\u0131yaka Belediyesi Zab\u0131ta M\u00fcd\u00fcrl\u00fc\u011f\u00fc taraf\u0131ndan Bostanl\u0131 Pazar Yeri\u2019nde rutin olarak ger\u00e7ekle\u015ftirilen denetimlere bu hafta Ba\u015fkan Y\u0131ld\u0131z \u00dcnsal da e\u015flik etti. \u200bKar\u015f\u0131yaka Belediyesi Zab\u0131ta M\u00fcd\u00fcrl\u00fc\u011f\u00fc taraf\u0131ndan Bostanl\u0131 Pazar Yeri\u2019nde rutin olarak ger\u00e7ekle\u015ftirilen denetimlere bu hafta Ba\u015fkan Y\u0131ld\u0131z \u00dcnsal da e\u015flik etti.\u00a0 \u200bHaberin Al\u0131nt\u0131land\u0131\u011f\u0131 Kaynak: www.iskenderun.org<\/p>","protected":false},"author":0,"featured_media":0,"comment_status":"open","ping_status":"open","sticky":false,"template":"","format":"standard","meta":{"_acf_changed":false,"footnotes":""},"categories":[24,535],"tags":[],"class_list":["post-7648","post","type-post","status-publish","format-standard","has-post-thumbnail","hentry","category-gundem","category-uncategorized-tr"],"acf":[],"yoast_head":"<!-- This site is optimized with the Yoast SEO Premium plugin v26.6 (Yoast SEO v27.1.1) - https:\/\/yoast.com\/product\/yoast-seo-premium-wordpress\/ -->\n<title>Ba\u015fkan \u00dcnsal pazar yerinde esnaf ve vatanda\u015fla bulu\u015ftu - Av. Deniz Can K\u0131z\u0131l<\/title>\n<meta name=\"robots\" content=\"index, follow, max-snippet:-1, max-image-preview:large, max-video-preview:-1\" \/>\n<link rel=\"canonical\" href=\"http:\/\/denizcankizil.tr\/uk\/haberler\/gundem\/baskan-unsal-pazar-yerinde-esnaf-ve-vatandasla-bulustu\/\" \/>\n<meta property=\"og:locale\" content=\"uk_UA\" \/>\n<meta property=\"og:type\" content=\"article\" \/>\n<meta property=\"og:title\" content=\"Ba\u015fkan \u00dcnsal pazar yerinde esnaf ve vatanda\u015fla bulu\u015ftu\" \/>\n<meta property=\"og:description\" content=\"Kar\u015f\u0131yaka Belediyesi Zab\u0131ta M\u00fcd\u00fcrl\u00fc\u011f\u00fc taraf\u0131ndan Bostanl\u0131 Pazar Yeri\u2019nde rutin olarak ger\u00e7ekle\u015ftirilen denetimlere bu hafta Ba\u015fkan Y\u0131ld\u0131z \u00dcnsal da e\u015flik etti. \u200bKar\u015f\u0131yaka Belediyesi Zab\u0131ta M\u00fcd\u00fcrl\u00fc\u011f\u00fc taraf\u0131ndan Bostanl\u0131 Pazar Yeri\u2019nde rutin olarak ger\u00e7ekle\u015ftirilen denetimlere bu hafta Ba\u015fkan Y\u0131ld\u0131z \u00dcnsal da e\u015flik etti.\u00a0 \u200bHaberin Al\u0131nt\u0131land\u0131\u011f\u0131 Kaynak: www.iskenderun.org\" \/>\n<meta property=\"og:url\" content=\"http:\/\/denizcankizil.tr\/uk\/haberler\/gundem\/baskan-unsal-pazar-yerinde-esnaf-ve-vatandasla-bulustu\/\" \/>\n<meta property=\"og:site_name\" content=\"Av. Deniz Can K\u0131z\u0131l\" \/>\n<meta property=\"article:published_time\" content=\"2024-10-24T14:41:26+00:00\" \/>\n<meta name=\"twitter:card\" content=\"summary_large_image\" \/>\n<script type=\"application\/ld+json\" class=\"yoast-schema-graph\">{\"@context\":\"https:\/\/schema.org\",\"@graph\":[{\"@type\":\"Article\",\"@id\":\"http:\/\/denizcankizil.tr\/ru\/haberler\/gundem\/baskan-unsal-pazar-yerinde-esnaf-ve-vatandasla-bulustu\/#article\",\"isPartOf\":{\"@id\":\"http:\/\/denizcankizil.tr\/ru\/haberler\/gundem\/baskan-unsal-pazar-yerinde-esnaf-ve-vatandasla-bulustu\/\"},\"author\":{\"name\":\"\",\"@id\":\"\"},\"headline\":\"Ba\u015fkan \u00dcnsal pazar yerinde esnaf ve vatanda\u015fla bulu\u015ftu\",\"datePublished\":\"2024-10-24T14:41:26+00:00\",\"mainEntityOfPage\":{\"@id\":\"http:\/\/denizcankizil.tr\/ru\/haberler\/gundem\/baskan-unsal-pazar-yerinde-esnaf-ve-vatandasla-bulustu\/\"},\"wordCount\":83,\"commentCount\":0,\"publisher\":{\"@id\":\"https:\/\/denizcankizil.tr\/de\/#organization\"},\"articleSection\":[\"G\u00fcndem\",\"Uncategorized\"],\"inLanguage\":\"uk\",\"potentialAction\":[{\"@type\":\"CommentAction\",\"name\":\"Comment\",\"target\":[\"http:\/\/denizcankizil.tr\/ru\/haberler\/gundem\/baskan-unsal-pazar-yerinde-esnaf-ve-vatandasla-bulustu\/#respond\"]}]},{\"@type\":\"WebPage\",\"@id\":\"http:\/\/denizcankizil.tr\/ru\/haberler\/gundem\/baskan-unsal-pazar-yerinde-esnaf-ve-vatandasla-bulustu\/\",\"url\":\"http:\/\/denizcankizil.tr\/ru\/haberler\/gundem\/baskan-unsal-pazar-yerinde-esnaf-ve-vatandasla-bulustu\/\",\"name\":\"Ba\u015fkan \u00dcnsal pazar yerinde esnaf ve vatanda\u015fla bulu\u015ftu - Av. Deniz Can K\u0131z\u0131l\",\"isPartOf\":{\"@id\":\"https:\/\/denizcankizil.tr\/de\/#website\"},\"datePublished\":\"2024-10-24T14:41:26+00:00\",\"breadcrumb\":{\"@id\":\"http:\/\/denizcankizil.tr\/ru\/haberler\/gundem\/baskan-unsal-pazar-yerinde-esnaf-ve-vatandasla-bulustu\/#breadcrumb\"},\"inLanguage\":\"uk\",\"potentialAction\":[{\"@type\":\"ReadAction\",\"target\":[\"http:\/\/denizcankizil.tr\/ru\/haberler\/gundem\/baskan-unsal-pazar-yerinde-esnaf-ve-vatandasla-bulustu\/\"]}]},{\"@type\":\"BreadcrumbList\",\"@id\":\"http:\/\/denizcankizil.tr\/ru\/haberler\/gundem\/baskan-unsal-pazar-yerinde-esnaf-ve-vatandasla-bulustu\/#breadcrumb\",\"itemListElement\":[{\"@type\":\"ListItem\",\"position\":1,\"name\":\"Home\",\"item\":\"https:\/\/denizcankizil.tr\/de\/\"},{\"@type\":\"ListItem\",\"position\":2,\"name\":\"Ba\u015fkan \u00dcnsal pazar yerinde esnaf ve vatanda\u015fla bulu\u015ftu\"}]},{\"@type\":\"WebSite\",\"@id\":\"https:\/\/denizcankizil.tr\/de\/#website\",\"url\":\"https:\/\/denizcankizil.tr\/de\/\",\"name\":\"Av. Deniz Can K\u0131z\u0131l\",\"description\":\"Avukat Deniz Can K\u0131z\u0131l Antalya Barosu\",\"publisher\":{\"@id\":\"https:\/\/denizcankizil.tr\/de\/#organization\"},\"potentialAction\":[{\"@type\":\"SearchAction\",\"target\":{\"@type\":\"EntryPoint\",\"urlTemplate\":\"https:\/\/denizcankizil.tr\/de\/?s={search_term_string}\"},\"query-input\":{\"@type\":\"PropertyValueSpecification\",\"valueRequired\":true,\"valueName\":\"search_term_string\"}}],\"inLanguage\":\"uk\"},{\"@type\":\"Organization\",\"@id\":\"https:\/\/denizcankizil.tr\/de\/#organization\",\"name\":\"Av. Deniz Can K\u0131z\u0131l\",\"url\":\"https:\/\/denizcankizil.tr\/de\/\",\"logo\":{\"@type\":\"ImageObject\",\"inLanguage\":\"uk\",\"@id\":\"https:\/\/denizcankizil.tr\/de\/#\/schema\/logo\/image\/\",\"url\":\"https:\/\/denizcankizil.tr\/wp-content\/uploads\/2024\/10\/siyah-logo-svg.svg\",\"contentUrl\":\"https:\/\/denizcankizil.tr\/wp-content\/uploads\/2024\/10\/siyah-logo-svg.svg\",\"width\":1080,\"height\":1080,\"caption\":\"Av. Deniz Can K\u0131z\u0131l\"},\"image\":{\"@id\":\"https:\/\/denizcankizil.tr\/de\/#\/schema\/logo\/image\/\"}}]}<\/script>\n<!-- \/ Yoast SEO Premium plugin. -->","yoast_head_json":{"title":"Ba\u015fkan \u00dcnsal pazar yerinde esnaf ve vatanda\u015fla bulu\u015ftu - Av. Deniz Can K\u0131z\u0131l","robots":{"index":"index","follow":"follow","max-snippet":"max-snippet:-1","max-image-preview":"max-image-preview:large","max-video-preview":"max-video-preview:-1"},"canonical":"http:\/\/denizcankizil.tr\/uk\/haberler\/gundem\/baskan-unsal-pazar-yerinde-esnaf-ve-vatandasla-bulustu\/","og_locale":"uk_UA","og_type":"article","og_title":"Ba\u015fkan \u00dcnsal pazar yerinde esnaf ve vatanda\u015fla bulu\u015ftu","og_description":"Kar\u015f\u0131yaka Belediyesi Zab\u0131ta M\u00fcd\u00fcrl\u00fc\u011f\u00fc taraf\u0131ndan Bostanl\u0131 Pazar Yeri\u2019nde rutin olarak ger\u00e7ekle\u015ftirilen denetimlere bu hafta Ba\u015fkan Y\u0131ld\u0131z \u00dcnsal da e\u015flik etti. \u200bKar\u015f\u0131yaka Belediyesi Zab\u0131ta M\u00fcd\u00fcrl\u00fc\u011f\u00fc taraf\u0131ndan Bostanl\u0131 Pazar Yeri\u2019nde rutin olarak ger\u00e7ekle\u015ftirilen denetimlere bu hafta Ba\u015fkan Y\u0131ld\u0131z \u00dcnsal da e\u015flik etti.\u00a0 \u200bHaberin Al\u0131nt\u0131land\u0131\u011f\u0131 Kaynak: www.iskenderun.org","og_url":"http:\/\/denizcankizil.tr\/uk\/haberler\/gundem\/baskan-unsal-pazar-yerinde-esnaf-ve-vatandasla-bulustu\/","og_site_name":"Av. Deniz Can K\u0131z\u0131l","article_published_time":"2024-10-24T14:41:26+00:00","twitter_card":"summary_large_image","schema":{"@context":"https:\/\/schema.org","@graph":[{"@type":"Article","@id":"http:\/\/denizcankizil.tr\/ru\/haberler\/gundem\/baskan-unsal-pazar-yerinde-esnaf-ve-vatandasla-bulustu\/#article","isPartOf":{"@id":"http:\/\/denizcankizil.tr\/ru\/haberler\/gundem\/baskan-unsal-pazar-yerinde-esnaf-ve-vatandasla-bulustu\/"},"author":{"name":"","@id":""},"headline":"Ba\u015fkan \u00dcnsal pazar yerinde esnaf ve vatanda\u015fla bulu\u015ftu","datePublished":"2024-10-24T14:41:26+00:00","mainEntityOfPage":{"@id":"http:\/\/denizcankizil.tr\/ru\/haberler\/gundem\/baskan-unsal-pazar-yerinde-esnaf-ve-vatandasla-bulustu\/"},"wordCount":83,"commentCount":0,"publisher":{"@id":"https:\/\/denizcankizil.tr\/de\/#organization"},"articleSection":["G\u00fcndem","Uncategorized"],"inLanguage":"uk","potentialAction":[{"@type":"CommentAction","name":"Comment","target":["http:\/\/denizcankizil.tr\/ru\/haberler\/gundem\/baskan-unsal-pazar-yerinde-esnaf-ve-vatandasla-bulustu\/#respond"]}]},{"@type":"WebPage","@id":"http:\/\/denizcankizil.tr\/ru\/haberler\/gundem\/baskan-unsal-pazar-yerinde-esnaf-ve-vatandasla-bulustu\/","url":"http:\/\/denizcankizil.tr\/ru\/haberler\/gundem\/baskan-unsal-pazar-yerinde-esnaf-ve-vatandasla-bulustu\/","name":"Ba\u015fkan \u00dcnsal pazar yerinde esnaf ve vatanda\u015fla bulu\u015ftu - Av. Deniz Can K\u0131z\u0131l","isPartOf":{"@id":"https:\/\/denizcankizil.tr\/de\/#website"},"datePublished":"2024-10-24T14:41:26+00:00","breadcrumb":{"@id":"http:\/\/denizcankizil.tr\/ru\/haberler\/gundem\/baskan-unsal-pazar-yerinde-esnaf-ve-vatandasla-bulustu\/#breadcrumb"},"inLanguage":"uk","potentialAction":[{"@type":"ReadAction","target":["http:\/\/denizcankizil.tr\/ru\/haberler\/gundem\/baskan-unsal-pazar-yerinde-esnaf-ve-vatandasla-bulustu\/"]}]},{"@type":"BreadcrumbList","@id":"http:\/\/denizcankizil.tr\/ru\/haberler\/gundem\/baskan-unsal-pazar-yerinde-esnaf-ve-vatandasla-bulustu\/#breadcrumb","itemListElement":[{"@type":"ListItem","position":1,"name":"Home","item":"https:\/\/denizcankizil.tr\/de\/"},{"@type":"ListItem","position":2,"name":"Ba\u015fkan \u00dcnsal pazar yerinde esnaf ve vatanda\u015fla bulu\u015ftu"}]},{"@type":"WebSite","@id":"https:\/\/denizcankizil.tr\/de\/#website","url":"https:\/\/denizcankizil.tr\/de\/","name":"Av. Deniz Can K\u0131z\u0131l","description":"Avukat Deniz Can K\u0131z\u0131l Antalya Barosu","publisher":{"@id":"https:\/\/denizcankizil.tr\/de\/#organization"},"potentialAction":[{"@type":"SearchAction","target":{"@type":"EntryPoint","urlTemplate":"https:\/\/denizcankizil.tr\/de\/?s={search_term_string}"},"query-input":{"@type":"PropertyValueSpecification","valueRequired":true,"valueName":"search_term_string"}}],"inLanguage":"uk"},{"@type":"Organization","@id":"https:\/\/denizcankizil.tr\/de\/#organization","name":"Av. Deniz Can K\u0131z\u0131l","url":"https:\/\/denizcankizil.tr\/de\/","logo":{"@type":"ImageObject","inLanguage":"uk","@id":"https:\/\/denizcankizil.tr\/de\/#\/schema\/logo\/image\/","url":"https:\/\/denizcankizil.tr\/wp-content\/uploads\/2024\/10\/siyah-logo-svg.svg","contentUrl":"https:\/\/denizcankizil.tr\/wp-content\/uploads\/2024\/10\/siyah-logo-svg.svg","width":1080,"height":1080,"caption":"Av. Deniz Can K\u0131z\u0131l"},"image":{"@id":"https:\/\/denizcankizil.tr\/de\/#\/schema\/logo\/image\/"}}]}},"_links":{"self":[{"href":"https:\/\/denizcankizil.tr\/uk\/wp-json\/wp\/v2\/posts\/7648","targetHints":{"allow":["GET"]}}],"collection":[{"href":"https:\/\/denizcankizil.tr\/uk\/wp-json\/wp\/v2\/posts"}],"about":[{"href":"https:\/\/denizcankizil.tr\/uk\/wp-json\/wp\/v2\/types\/post"}],"replies":[{"embeddable":true,"href":"https:\/\/denizcankizil.tr\/uk\/wp-json\/wp\/v2\/comments?post=7648"}],"version-history":[{"count":0,"href":"https:\/\/denizcankizil.tr\/uk\/wp-json\/wp\/v2\/posts\/7648\/revisions"}],"wp:attachment":[{"href":"https:\/\/denizcankizil.tr\/uk\/wp-json\/wp\/v2\/media?parent=7648"}],"wp:term":[{"taxonomy":"category","embeddable":true,"href":"https:\/\/denizcankizil.tr\/uk\/wp-json\/wp\/v2\/categories?post=7648"},{"taxonomy":"post_tag","embeddable":true,"href":"https:\/\/denizcankizil.tr\/uk\/wp-json\/wp\/v2\/tags?post=7648"}],"curies":[{"name":"wp","href":"https:\/\/api.w.org\/{rel}","templated":true}]}}