{"id":73932,"date":"2025-05-02T20:41:17","date_gmt":"2025-05-02T17:41:17","guid":{"rendered":"https:\/\/denizcankizil.tr\/uncategorized-tr\/muglanin-yaz-nufusu-7-kat-artti-borc-artmadi\/"},"modified":"2025-05-02T20:41:17","modified_gmt":"2025-05-02T17:41:17","slug":"muglanin-yaz-nufusu-7-kat-artti-borc-artmadi","status":"publish","type":"post","link":"https:\/\/denizcankizil.tr\/uk\/haberler\/gundem\/muglanin-yaz-nufusu-7-kat-artti-borc-artmadi\/","title":{"rendered":"Mu\u011fla&#8217;n\u0131n yaz n\u00fcfusu 7 kat artt\u0131, bor\u00e7 artmad\u0131!"},"content":{"rendered":"<p>K\u0131y\u0131 Ege Belediyeler Birli\u011fi ve Mu\u011fla B\u00fcy\u00fck\u015fehir Belediye Ba\u015fkan\u0131 Ahmet Aras, g\u00f6reve geli\u015finin birinci y\u0131l\u0131nda d\u00fczenledi\u011fi toplant\u0131da, hem belediye b\u00fct\u00e7esindeki rekor art\u0131\u015f\u0131 hem de mali disiplinin vurgusunu dikkat \u00e7ekici verilerle ortaya koydu. G\u00f6reve geldiklerinde yakla\u015f\u0131k 10 milyar TL olan b\u00fct\u00e7eyi 24 milyara \u00e7\u0131kard\u0131klar\u0131n\u0131 belirten Aras, &#8220;Sosyal G\u00fcvenlik Kurumu&#8217;na borcumuz yok. \u0130ller Bankas\u0131&#8217;na sadece 13 milyon TL borcumuz var. Yaz aylar\u0131nda n\u00fcfusu 7 kat\u0131na \u00e7\u0131kan bir kentte ya\u015f\u0131yoruz, buna ra\u011fmen yat\u0131r\u0131m ve sosyal desteklerimizden taviz vermedik&#8221; dedi. Aras, sosyal yard\u0131mlar\u0131n da y\u00fczde 170 art\u0131r\u0131ld\u0131\u011f\u0131n\u0131 a\u00e7\u0131klad\u0131.<\/p>\n<p>&#8220;TUR\u0130ZM KENT\u0130 MU\u011eLA \u0130\u00c7\u0130N \u00d6NEML\u0130 ADIMLAR ATTIK&#8221;<\/p>\n<p>Kurumsalla\u015fman\u0131n te\u015fkilatlanma ile ba\u015flad\u0131\u011f\u0131n\u0131 belirten Ba\u015fkan Aras, &#8220;Sorunsuz s\u00fcre\u00e7ler i\u00e7in yerinden y\u00f6netim ilkesi ile hareket etmek durumunday\u0131z. Mu\u011fla&#8217;m\u0131z\u0131 d\u00f6rde b\u00f6ld\u00fck. \u0130l\u00e7e hizmetleri daire ba\u015fkanl\u0131klar\u0131m\u0131z ile kararlar\u0131 yerinden al\u0131yoruz. T\u00fcrkiye&#8217;nin d\u00fcnyaya a\u00e7\u0131lan kap\u0131s\u0131 olan Mu\u011fla&#8217;n\u0131n il\u00e7elerini d\u00fcnya tan\u0131yor. Kurdu\u011fumuz D\u0131\u015f \u0130li\u015fkiler Dairemiz ile uluslararas\u0131 ili\u015fkilerimizi g\u00fc\u00e7lendirdik. Turizm kentiyiz, bir y\u0131l i\u00e7erisinde \u00f6nemli ad\u0131mlar att\u0131k. \u00d6rne\u011fin Fransa&#8217;da Okyanus Konferans\u0131&#8217;nda Mu\u011fla&#8217;y\u0131 tan\u0131tt\u0131k. Ayr\u0131ca Okyanus Konferans\u0131&#8217;n\u0131n \u00f6n toplant\u0131s\u0131 Mu\u011fla&#8217;m\u0131zda yap\u0131lacak. Kad\u0131n Aile Dairemizi kurduk ve \u00fclkemiz en \u00f6nemli sorunlar\u0131ndan biri olan toplumsal e\u015fitlik konusunda \u00f6nemli \u00e7al\u0131\u015fmalar yap\u0131yoruz. Ak\u0131ll\u0131 \u015eehirler, \u0130klim De\u011fi\u015fikli\u011fi, Afet \u0130\u015fleri, MUKA\u015e&#8217;\u0131, Denizcilik Hizmetleri A\u015e&#8217;yi kurduk&#8221; diye konu\u015ftu.<\/p>\n<p>MU\u011eLA&#8217;DA ULA\u015eIMA A\u011eIRLIK VER\u0130LD\u0130 <\/p>\n<p>Ba\u015fkan Aras, 13 il\u00e7ede son bir y\u0131lda yap\u0131lan 213 bin metrelik yol ile alt ve \u00fcstyap\u0131 \u00e7al\u0131\u015fmalar\u0131n\u0131 da de\u011ferlendirdi.<\/p>\n<p>Ula\u015f\u0131m\u0131 daha yayg\u0131n ve konforlu hale getirdiklerini kaydeden Ba\u015fkan Aras, \u201cOtogarlar\u0131m\u0131zda yenileme ve bak\u0131m yap\u0131yoruz. Yeni ald\u0131\u011f\u0131m\u0131z otob\u00fcsler ile ula\u015f\u0131m filomuzu g\u00fc\u00e7lendiriyoruz. Mente\u015fe ve Milas il\u00e7elerimizde kamyon ve kamyonetler i\u00e7in \u00f6zel garaj alan\u0131 tahsis ettik. Denizlerimizi do\u011frudan kat\u0131l\u0131m ve i\u015f birli\u011fiyle y\u00f6netmek i\u00e7in Mutta\u015f Denizcilik Hizmet A.\u015e&#8217;yi kurduk. Fethiye ve Rodos aras\u0131nda deniz otob\u00fcs\u00fc seferlerine ba\u015fl\u0131yoruz&#8221; diye konu\u015ftu. Ba\u015fkan Aras, yol yap\u0131m \u00e7al\u0131\u015fmalar\u0131n\u0131n yat\u0131r\u0131mlar\u0131n\u0131n artarak devam edece\u011fini de kaydetti.<\/p>\n<p>&#8220;MUSK\u0130&#8217;N\u0130N B\u00dcT\u00c7ES\u0130 Y\u00dcZDE 86 ARTTI&#8221;<\/p>\n<p>Mu\u011fla Su ve Kanalizasyon \u0130daresi Genel M\u00fcd\u00fcrl\u00fc\u011f\u00fc (MUSK\u0130) b\u00fct\u00e7esini y\u00fczde 86 artt\u0131rd\u0131klar\u0131n\u0131 belirten Ba\u015fkan Aras, \u015f\u00f6yle devam etti: &#8220;MUSK\u0130&#8217;ye kaynak yarat\u0131yoruz. Temiz su ve at\u0131k su altyap\u0131s\u0131ndaki acil ihtiya\u00e7lar\u0131 h\u0131zla kar\u015f\u0131lad\u0131k. MUSK\u0130&#8217;de teknik \u00e7al\u0131\u015fan say\u0131s\u0131n\u0131 artt\u0131rd\u0131k. MUSK\u0130&#8217;nin \u00e7a\u011fr\u0131 merkezini kurarak vatanda\u015flar\u0131n sorunlar\u0131na anl\u0131k \u00e7\u00f6z\u00fcmler \u00fcretiyoruz. Yeni su kaynaklar\u0131n\u0131n sisteme dahil edilmesi i\u00e7in \u00e7al\u0131\u015fmalar\u0131m\u0131z devam ediyor. Bodrum&#8217;un en b\u00fcy\u00fck sorunu olan ana isale hatlar\u0131n\u0131 de\u011fi\u015ftiriyoruz. 1 milyar TL&#8217;yi bulan yat\u0131r\u0131m maliyeti ile ar\u0131zal\u0131 i\u00e7me suyu hatlar\u0131n\u0131n yenileme \u00e7al\u0131\u015fmalar\u0131na ba\u015flad\u0131k.&#8221;<\/p>\n<p>\u00dcRET\u0130C\u0130LERE G\u00dcBRE, MAZOT VE TOHUM DESTE\u011e\u0130 YOLDA <\/p>\n<p>Tohumdan hasada, a\u015f\u0131dan yeme kadar tar\u0131m\u0131n ve besicili\u011fin her a\u015famas\u0131nda \u00fcreticilerin yan\u0131nda olduklar\u0131n\u0131 dile getiren Ba\u015fkan Aras, \u201cKooperatiflerimizi tek \u00e7at\u0131 alt\u0131nda toplad\u0131k. Tar\u0131m Kart uygulamas\u0131n\u0131 hayata ge\u00e7irerek \u00fcreticilerimize g\u00fcbre, mazot ve tohum al\u0131mlar\u0131nda destek sa\u011flayaca\u011f\u0131z. K\u0131rsal kalk\u0131nmay\u0131 sa\u011flamak ve kooperatif\u00e7ili\u011fi desteklemek i\u00e7in Fethiye&#8217;de \u015farap \u00fcretim tesisimizi hayata ge\u00e7iriyoruz. &#8216;Her Kap\u0131da Bir Fidan Projesi&#8217; ile 110 bin meyve fidan\u0131 da\u011f\u0131tt\u0131k. Yerel Tohum Merkezi&#8217;mizde bulunan 980 \u00e7e\u015fit yerel tohumu halk\u0131m\u0131za \u00fccretsiz da\u011f\u0131t\u0131yoruz. \u00dcreticilere ana boru ve damla sulama borusu deste\u011fi sa\u011fl\u0131yoruz. Ar\u0131 Yemi \u00dcretim Tesisi ve Flake Yem Tesisi kuruyoruz. Anneleri A\u015f\u0131lat Buza\u011f\u0131n\u0131 Ya\u015fat projesi ile yeti\u015ftiricilerimize 10 bin doz a\u015f\u0131 deste\u011fi sa\u011flad\u0131k&#8221; dedi.<\/p>\n<p>&#8220;DEPREM VE AFETLERE KAR\u015eI 13 \u0130L\u00c7EM\u0130ZDE \u00d6NLEM ALIYORUZ&#8221;<\/p>\n<p>Her t\u00fcrl\u00fc afete kar\u015f\u0131 haz\u0131rl\u0131k yapmay\u0131 s\u00fcrd\u00fcrd\u00fcklerini vurgulayan Ba\u015fkan Aras, \u201c1 No&#8217;lu hizmet binam\u0131z\u0131 depreme dayan\u0131ks\u0131z oldu\u011fu i\u00e7in y\u0131kt\u0131k. Oraya yap\u0131lmas\u0131 gereken projeyi vatanda\u015flar\u0131m\u0131za soraca\u011f\u0131z. Deprem ve afetlere kar\u015f\u0131 \u00f6nlem almak i\u00e7in 13 il\u00e7emizde koordinasyon toplant\u0131lar\u0131 ger\u00e7ekle\u015ftirdik. Hizmet binalar\u0131m\u0131zda deprem risk analizi \u00f6l\u00e7\u00fcmlerini s\u00fcrd\u00fcr\u00fcyoruz. Bodrum&#8217;a modern bir itfaiye binas\u0131 kazand\u0131rd\u0131k. Kavakl\u0131dere ve Marmaris il\u00e7emize de itfaiye binalar\u0131 yapmak i\u00e7in \u00e7al\u0131\u015fmalar\u0131m\u0131za ba\u015flad\u0131k&#8221; diye konu\u015ftu.<\/p>\n<p>SA\u011eLIK H\u0130ZMETLER\u0130NDEK\u0130 DESTEKLER ARTTI <\/p>\n<p>Sa\u011fl\u0131k alan\u0131ndaki hizmetlerine de de\u011finen Ba\u015fkan Aras, \u015funlar\u0131 s\u00f6yledi: &#8220;Tip 1 diyabetli \u00e7ocuklar\u0131m\u0131z i\u00e7in sens\u00f6r ve ins\u00fclin pompas\u0131 deste\u011fi sa\u011flad\u0131k. Meme kanseri fark\u0131ndal\u0131k e\u011fitimleri ve HPV a\u015f\u0131s\u0131 uygulamalar\u0131yla koruyucu sa\u011fl\u0131k hizmetlerini yayg\u0131nla\u015ft\u0131rd\u0131k. Vekt\u00f6rle m\u00fccadele kapsam\u0131nda 61 yeni arac\u0131 filomuza katt\u0131k. Vatanda\u015flar\u0131m\u0131z\u0131n ac\u0131l\u0131 g\u00fcnlerinde yanlar\u0131nda olabilmek i\u00e7in hava ve kara yolu \u00fczerinden \u00fccretsiz cenaze nakil hizmetini ba\u015flatt\u0131k. Spor alan\u0131nda da \u00f6nemli ad\u0131mlar att\u0131k. Yata\u011fan&#8217;a \u00c7im Hokeyi sahas\u0131 kazand\u0131rd\u0131k, Mu\u011flaspor&#8217;un kulland\u0131\u011f\u0131 belediye tesisini yeniledik, t\u00fcm spor kul\u00fcplerimize destek olduk. Halk\u0131n referandumla karar verdi\u011fi Mente\u015fe Kent Spor Tesisi&#8217;ni 19 May\u0131s&#8217;ta hizmete a\u00e7\u0131yoruz. Sporcular\u0131m\u0131z da ba\u015far\u0131lar\u0131yla g\u00f6\u011fs\u00fcm\u00fcz\u00fc kabart\u0131yor: Ok\u00e7ular\u0131m\u0131z Avrupa \u015eampiyonu olurken, masa tenisi sporcumuz d\u00fcnya ikincili\u011fini elde etti.<\/p>\n<p>B\u00fcy\u00fck\u015fehir Belediyesi&#8217;nin di\u011fer hizmetlerine de de\u011finen Ba\u015fkan Aras, zaman\u0131n \u00e7ok h\u0131zl\u0131 ge\u00e7ti\u011fini ve bir y\u0131l i\u00e7inde \u00f6nemli bir mesafe kat ettiklerini belirtti. Ba\u015fkan Aras, a\u00e7\u0131klamalar\u0131n\u0131n ard\u0131ndan bas\u0131n mensuplar\u0131n\u0131n sorular\u0131n\u0131 da yan\u0131tlad\u0131.<\/p>\n<p>\u200bYaz n\u00fcfusu 7 kat\u0131na \u00e7\u0131kan Mu\u011fla&#8217;da belediye b\u00fct\u00e7esi 1 y\u0131lda 24 milyar liraya \u00e7\u0131kt\u0131; SGK borcu s\u0131f\u0131rland\u0131, yat\u0131r\u0131mlar ve sosyal yard\u0131mlar rekor seviyeye ula\u015ft\u0131\u00a0<\/p>\n<p>\u200bHaberin Al\u0131nt\u0131land\u0131\u011f\u0131 Kaynak: www.antalyakorfez.com<\/p>","protected":false},"excerpt":{"rendered":"<p>K\u0131y\u0131 Ege Belediyeler Birli\u011fi ve Mu\u011fla B\u00fcy\u00fck\u015fehir Belediye Ba\u015fkan\u0131 Ahmet Aras, g\u00f6reve geli\u015finin birinci y\u0131l\u0131nda d\u00fczenledi\u011fi toplant\u0131da, hem belediye b\u00fct\u00e7esindeki rekor art\u0131\u015f\u0131 hem de mali disiplinin vurgusunu dikkat \u00e7ekici verilerle ortaya koydu. G\u00f6reve geldiklerinde yakla\u015f\u0131k 10 milyar TL olan b\u00fct\u00e7eyi 24 milyara \u00e7\u0131kard\u0131klar\u0131n\u0131 belirten Aras, &#8220;Sosyal G\u00fcvenlik Kurumu&#8217;na borcumuz yok. \u0130ller Bankas\u0131&#8217;na sadece 13 milyon TL borcumuz var. Yaz aylar\u0131nda n\u00fcfusu 7 kat\u0131na \u00e7\u0131kan bir kentte ya\u015f\u0131yoruz, buna ra\u011fmen yat\u0131r\u0131m ve sosyal desteklerimizden taviz vermedik&#8221; dedi. Aras, sosyal yard\u0131mlar\u0131n da y\u00fczde 170 art\u0131r\u0131ld\u0131\u011f\u0131n\u0131 a\u00e7\u0131klad\u0131. &#8220;TUR\u0130ZM KENT\u0130 MU\u011eLA \u0130\u00c7\u0130N \u00d6NEML\u0130 ADIMLAR ATTIK&#8221; Kurumsalla\u015fman\u0131n te\u015fkilatlanma ile ba\u015flad\u0131\u011f\u0131n\u0131 belirten Ba\u015fkan Aras, &#8220;Sorunsuz s\u00fcre\u00e7ler i\u00e7in yerinden y\u00f6netim ilkesi ile hareket etmek durumunday\u0131z. Mu\u011fla&#8217;m\u0131z\u0131 d\u00f6rde b\u00f6ld\u00fck. \u0130l\u00e7e hizmetleri daire ba\u015fkanl\u0131klar\u0131m\u0131z ile kararlar\u0131 yerinden al\u0131yoruz. T\u00fcrkiye&#8217;nin d\u00fcnyaya a\u00e7\u0131lan kap\u0131s\u0131 olan Mu\u011fla&#8217;n\u0131n il\u00e7elerini d\u00fcnya tan\u0131yor. Kurdu\u011fumuz D\u0131\u015f \u0130li\u015fkiler Dairemiz ile uluslararas\u0131 ili\u015fkilerimizi g\u00fc\u00e7lendirdik. Turizm kentiyiz, bir y\u0131l i\u00e7erisinde \u00f6nemli ad\u0131mlar att\u0131k. \u00d6rne\u011fin Fransa&#8217;da Okyanus Konferans\u0131&#8217;nda Mu\u011fla&#8217;y\u0131 tan\u0131tt\u0131k. Ayr\u0131ca Okyanus Konferans\u0131&#8217;n\u0131n \u00f6n toplant\u0131s\u0131 Mu\u011fla&#8217;m\u0131zda yap\u0131lacak. Kad\u0131n Aile Dairemizi kurduk ve \u00fclkemiz en \u00f6nemli sorunlar\u0131ndan biri olan toplumsal e\u015fitlik konusunda \u00f6nemli \u00e7al\u0131\u015fmalar yap\u0131yoruz. Ak\u0131ll\u0131 \u015eehirler, \u0130klim De\u011fi\u015fikli\u011fi, Afet \u0130\u015fleri, MUKA\u015e&#8217;\u0131, Denizcilik Hizmetleri A\u015e&#8217;yi kurduk&#8221; diye konu\u015ftu. MU\u011eLA&#8217;DA ULA\u015eIMA A\u011eIRLIK VER\u0130LD\u0130 Ba\u015fkan Aras, 13 il\u00e7ede son bir y\u0131lda yap\u0131lan 213 &hellip;<\/p>","protected":false},"author":5,"featured_media":0,"comment_status":"","ping_status":"open","sticky":false,"template":"","format":"standard","meta":{"_acf_changed":false,"footnotes":""},"categories":[24],"tags":[],"class_list":["post-73932","post","type-post","status-publish","format-standard","has-post-thumbnail","hentry","category-gundem"],"acf":[],"yoast_head":"<!-- This site is optimized with the Yoast SEO Premium plugin v26.6 (Yoast SEO v27.1.1) - https:\/\/yoast.com\/product\/yoast-seo-premium-wordpress\/ -->\n<title>Mu\u011fla&#039;n\u0131n yaz n\u00fcfusu 7 kat artt\u0131, bor\u00e7 artmad\u0131! - Av. Deniz Can K\u0131z\u0131l<\/title>\n<meta name=\"robots\" content=\"index, follow, max-snippet:-1, max-image-preview:large, max-video-preview:-1\" \/>\n<link rel=\"canonical\" href=\"https:\/\/denizcankizil.tr\/uk\/haberler\/gundem\/muglanin-yaz-nufusu-7-kat-artti-borc-artmadi\/\" \/>\n<meta property=\"og:locale\" content=\"uk_UA\" \/>\n<meta property=\"og:type\" content=\"article\" \/>\n<meta property=\"og:title\" content=\"Mu\u011fla&#039;n\u0131n yaz n\u00fcfusu 7 kat artt\u0131, bor\u00e7 artmad\u0131!\" \/>\n<meta property=\"og:description\" content=\"K\u0131y\u0131 Ege Belediyeler Birli\u011fi ve Mu\u011fla B\u00fcy\u00fck\u015fehir Belediye Ba\u015fkan\u0131 Ahmet Aras, g\u00f6reve geli\u015finin birinci y\u0131l\u0131nda d\u00fczenledi\u011fi toplant\u0131da, hem belediye b\u00fct\u00e7esindeki rekor art\u0131\u015f\u0131 hem de mali disiplinin vurgusunu dikkat \u00e7ekici verilerle ortaya koydu. G\u00f6reve geldiklerinde yakla\u015f\u0131k 10 milyar TL olan b\u00fct\u00e7eyi 24 milyara \u00e7\u0131kard\u0131klar\u0131n\u0131 belirten Aras, &#8220;Sosyal G\u00fcvenlik Kurumu&#8217;na borcumuz yok. \u0130ller Bankas\u0131&#8217;na sadece 13 milyon TL borcumuz var. Yaz aylar\u0131nda n\u00fcfusu 7 kat\u0131na \u00e7\u0131kan bir kentte ya\u015f\u0131yoruz, buna ra\u011fmen yat\u0131r\u0131m ve sosyal desteklerimizden taviz vermedik&#8221; dedi. Aras, sosyal yard\u0131mlar\u0131n da y\u00fczde 170 art\u0131r\u0131ld\u0131\u011f\u0131n\u0131 a\u00e7\u0131klad\u0131. &#8220;TUR\u0130ZM KENT\u0130 MU\u011eLA \u0130\u00c7\u0130N \u00d6NEML\u0130 ADIMLAR ATTIK&#8221; Kurumsalla\u015fman\u0131n te\u015fkilatlanma ile ba\u015flad\u0131\u011f\u0131n\u0131 belirten Ba\u015fkan Aras, &#8220;Sorunsuz s\u00fcre\u00e7ler i\u00e7in yerinden y\u00f6netim ilkesi ile hareket etmek durumunday\u0131z. Mu\u011fla&#8217;m\u0131z\u0131 d\u00f6rde b\u00f6ld\u00fck. \u0130l\u00e7e hizmetleri daire ba\u015fkanl\u0131klar\u0131m\u0131z ile kararlar\u0131 yerinden al\u0131yoruz. T\u00fcrkiye&#8217;nin d\u00fcnyaya a\u00e7\u0131lan kap\u0131s\u0131 olan Mu\u011fla&#8217;n\u0131n il\u00e7elerini d\u00fcnya tan\u0131yor. Kurdu\u011fumuz D\u0131\u015f \u0130li\u015fkiler Dairemiz ile uluslararas\u0131 ili\u015fkilerimizi g\u00fc\u00e7lendirdik. Turizm kentiyiz, bir y\u0131l i\u00e7erisinde \u00f6nemli ad\u0131mlar att\u0131k. \u00d6rne\u011fin Fransa&#8217;da Okyanus Konferans\u0131&#8217;nda Mu\u011fla&#8217;y\u0131 tan\u0131tt\u0131k. Ayr\u0131ca Okyanus Konferans\u0131&#8217;n\u0131n \u00f6n toplant\u0131s\u0131 Mu\u011fla&#8217;m\u0131zda yap\u0131lacak. Kad\u0131n Aile Dairemizi kurduk ve \u00fclkemiz en \u00f6nemli sorunlar\u0131ndan biri olan toplumsal e\u015fitlik konusunda \u00f6nemli \u00e7al\u0131\u015fmalar yap\u0131yoruz. Ak\u0131ll\u0131 \u015eehirler, \u0130klim De\u011fi\u015fikli\u011fi, Afet \u0130\u015fleri, MUKA\u015e&#8217;\u0131, Denizcilik Hizmetleri A\u015e&#8217;yi kurduk&#8221; diye konu\u015ftu. MU\u011eLA&#8217;DA ULA\u015eIMA A\u011eIRLIK VER\u0130LD\u0130 Ba\u015fkan Aras, 13 il\u00e7ede son bir y\u0131lda yap\u0131lan 213 &hellip;\" \/>\n<meta property=\"og:url\" content=\"https:\/\/denizcankizil.tr\/uk\/haberler\/gundem\/muglanin-yaz-nufusu-7-kat-artti-borc-artmadi\/\" \/>\n<meta property=\"og:site_name\" content=\"Av. Deniz Can K\u0131z\u0131l\" \/>\n<meta property=\"article:published_time\" content=\"2025-05-02T17:41:17+00:00\" \/>\n<meta name=\"author\" content=\"Antalya K\u00f6rfez\" \/>\n<meta name=\"twitter:card\" content=\"summary_large_image\" \/>\n<meta name=\"twitter:label1\" content=\"\u041d\u0430\u043f\u0438\u0441\u0430\u043d\u043e\" \/>\n\t<meta name=\"twitter:data1\" content=\"Antalya K\u00f6rfez\" \/>\n\t<meta name=\"twitter:label2\" content=\"\u041f\u0440\u0438\u0431\u043b. \u0447\u0430\u0441 \u0447\u0438\u0442\u0430\u043d\u043d\u044f\" \/>\n\t<meta name=\"twitter:data2\" content=\"5 \u0445\u0432\u0438\u043b\u0438\u043d\" \/>\n<script type=\"application\/ld+json\" class=\"yoast-schema-graph\">{\"@context\":\"https:\/\/schema.org\",\"@graph\":[{\"@type\":\"Article\",\"@id\":\"https:\/\/denizcankizil.tr\/uk\/haberler\/gundem\/muglanin-yaz-nufusu-7-kat-artti-borc-artmadi\/#article\",\"isPartOf\":{\"@id\":\"https:\/\/denizcankizil.tr\/uk\/haberler\/gundem\/muglanin-yaz-nufusu-7-kat-artti-borc-artmadi\/\"},\"author\":{\"name\":\"Antalya K\u00f6rfez\",\"@id\":\"https:\/\/denizcankizil.tr\/#\/schema\/person\/e1eb71bb4dd684d46563f0af307e1234\"},\"headline\":\"Mu\u011fla&#8217;n\u0131n yaz n\u00fcfusu 7 kat artt\u0131, bor\u00e7 artmad\u0131!\",\"datePublished\":\"2025-05-02T17:41:17+00:00\",\"mainEntityOfPage\":{\"@id\":\"https:\/\/denizcankizil.tr\/uk\/haberler\/gundem\/muglanin-yaz-nufusu-7-kat-artti-borc-artmadi\/\"},\"wordCount\":1126,\"publisher\":{\"@id\":\"https:\/\/denizcankizil.tr\/#organization\"},\"articleSection\":[\"G\u00fcndem\"],\"inLanguage\":\"uk\"},{\"@type\":\"WebPage\",\"@id\":\"https:\/\/denizcankizil.tr\/uk\/haberler\/gundem\/muglanin-yaz-nufusu-7-kat-artti-borc-artmadi\/\",\"url\":\"https:\/\/denizcankizil.tr\/uk\/haberler\/gundem\/muglanin-yaz-nufusu-7-kat-artti-borc-artmadi\/\",\"name\":\"Mu\u011fla'n\u0131n yaz n\u00fcfusu 7 kat artt\u0131, bor\u00e7 artmad\u0131! - Av. Deniz Can K\u0131z\u0131l\",\"isPartOf\":{\"@id\":\"https:\/\/denizcankizil.tr\/#website\"},\"datePublished\":\"2025-05-02T17:41:17+00:00\",\"breadcrumb\":{\"@id\":\"https:\/\/denizcankizil.tr\/uk\/haberler\/gundem\/muglanin-yaz-nufusu-7-kat-artti-borc-artmadi\/#breadcrumb\"},\"inLanguage\":\"uk\",\"potentialAction\":[{\"@type\":\"ReadAction\",\"target\":[\"https:\/\/denizcankizil.tr\/uk\/haberler\/gundem\/muglanin-yaz-nufusu-7-kat-artti-borc-artmadi\/\"]}]},{\"@type\":\"BreadcrumbList\",\"@id\":\"https:\/\/denizcankizil.tr\/uk\/haberler\/gundem\/muglanin-yaz-nufusu-7-kat-artti-borc-artmadi\/#breadcrumb\",\"itemListElement\":[{\"@type\":\"ListItem\",\"position\":1,\"name\":\"Home\",\"item\":\"https:\/\/denizcankizil.tr\/de\/\"},{\"@type\":\"ListItem\",\"position\":2,\"name\":\"Mu\u011fla&#8217;n\u0131n yaz n\u00fcfusu 7 kat artt\u0131, bor\u00e7 artmad\u0131!\"}]},{\"@type\":\"WebSite\",\"@id\":\"https:\/\/denizcankizil.tr\/#website\",\"url\":\"https:\/\/denizcankizil.tr\/\",\"name\":\"Av. Deniz Can K\u0131z\u0131l\",\"description\":\"Avukat Deniz Can K\u0131z\u0131l Antalya Barosu\",\"publisher\":{\"@id\":\"https:\/\/denizcankizil.tr\/#organization\"},\"potentialAction\":[{\"@type\":\"SearchAction\",\"target\":{\"@type\":\"EntryPoint\",\"urlTemplate\":\"https:\/\/denizcankizil.tr\/?s={search_term_string}\"},\"query-input\":{\"@type\":\"PropertyValueSpecification\",\"valueRequired\":true,\"valueName\":\"search_term_string\"}}],\"inLanguage\":\"uk\"},{\"@type\":\"Organization\",\"@id\":\"https:\/\/denizcankizil.tr\/#organization\",\"name\":\"Av. Deniz Can K\u0131z\u0131l\",\"url\":\"https:\/\/denizcankizil.tr\/\",\"logo\":{\"@type\":\"ImageObject\",\"inLanguage\":\"uk\",\"@id\":\"https:\/\/denizcankizil.tr\/#\/schema\/logo\/image\/\",\"url\":\"https:\/\/denizcankizil.tr\/wp-content\/uploads\/2024\/10\/siyah-logo-svg.svg\",\"contentUrl\":\"https:\/\/denizcankizil.tr\/wp-content\/uploads\/2024\/10\/siyah-logo-svg.svg\",\"width\":1080,\"height\":1080,\"caption\":\"Av. Deniz Can K\u0131z\u0131l\"},\"image\":{\"@id\":\"https:\/\/denizcankizil.tr\/#\/schema\/logo\/image\/\"}},{\"@type\":\"Person\",\"@id\":\"https:\/\/denizcankizil.tr\/#\/schema\/person\/e1eb71bb4dd684d46563f0af307e1234\",\"name\":\"Antalya K\u00f6rfez\",\"image\":{\"@type\":\"ImageObject\",\"inLanguage\":\"uk\",\"@id\":\"https:\/\/denizcankizil.tr\/#\/schema\/person\/image\/\",\"url\":\"https:\/\/secure.gravatar.com\/avatar\/42b01982558a48a0b501fdcab6a408d3717ea5919095ee2e67b0e521799c5905?s=96&d=mm&r=g\",\"contentUrl\":\"https:\/\/secure.gravatar.com\/avatar\/42b01982558a48a0b501fdcab6a408d3717ea5919095ee2e67b0e521799c5905?s=96&d=mm&r=g\",\"caption\":\"Antalya K\u00f6rfez\"},\"sameAs\":[\"http:\/\/www.antalyakorfez.com\"],\"url\":\"https:\/\/www.antalyakorfez.com\/muglanin-yaz-nufusu-7-kat-artti-borc-artmadi\"}]}<\/script>\n<!-- \/ Yoast SEO Premium plugin. -->","yoast_head_json":{"title":"Mu\u011fla'n\u0131n yaz n\u00fcfusu 7 kat artt\u0131, bor\u00e7 artmad\u0131! - Av. Deniz Can K\u0131z\u0131l","robots":{"index":"index","follow":"follow","max-snippet":"max-snippet:-1","max-image-preview":"max-image-preview:large","max-video-preview":"max-video-preview:-1"},"canonical":"https:\/\/denizcankizil.tr\/uk\/haberler\/gundem\/muglanin-yaz-nufusu-7-kat-artti-borc-artmadi\/","og_locale":"uk_UA","og_type":"article","og_title":"Mu\u011fla'n\u0131n yaz n\u00fcfusu 7 kat artt\u0131, bor\u00e7 artmad\u0131!","og_description":"K\u0131y\u0131 Ege Belediyeler Birli\u011fi ve Mu\u011fla B\u00fcy\u00fck\u015fehir Belediye Ba\u015fkan\u0131 Ahmet Aras, g\u00f6reve geli\u015finin birinci y\u0131l\u0131nda d\u00fczenledi\u011fi toplant\u0131da, hem belediye b\u00fct\u00e7esindeki rekor art\u0131\u015f\u0131 hem de mali disiplinin vurgusunu dikkat \u00e7ekici verilerle ortaya koydu. G\u00f6reve geldiklerinde yakla\u015f\u0131k 10 milyar TL olan b\u00fct\u00e7eyi 24 milyara \u00e7\u0131kard\u0131klar\u0131n\u0131 belirten Aras, &#8220;Sosyal G\u00fcvenlik Kurumu&#8217;na borcumuz yok. \u0130ller Bankas\u0131&#8217;na sadece 13 milyon TL borcumuz var. Yaz aylar\u0131nda n\u00fcfusu 7 kat\u0131na \u00e7\u0131kan bir kentte ya\u015f\u0131yoruz, buna ra\u011fmen yat\u0131r\u0131m ve sosyal desteklerimizden taviz vermedik&#8221; dedi. Aras, sosyal yard\u0131mlar\u0131n da y\u00fczde 170 art\u0131r\u0131ld\u0131\u011f\u0131n\u0131 a\u00e7\u0131klad\u0131. &#8220;TUR\u0130ZM KENT\u0130 MU\u011eLA \u0130\u00c7\u0130N \u00d6NEML\u0130 ADIMLAR ATTIK&#8221; Kurumsalla\u015fman\u0131n te\u015fkilatlanma ile ba\u015flad\u0131\u011f\u0131n\u0131 belirten Ba\u015fkan Aras, &#8220;Sorunsuz s\u00fcre\u00e7ler i\u00e7in yerinden y\u00f6netim ilkesi ile hareket etmek durumunday\u0131z. Mu\u011fla&#8217;m\u0131z\u0131 d\u00f6rde b\u00f6ld\u00fck. \u0130l\u00e7e hizmetleri daire ba\u015fkanl\u0131klar\u0131m\u0131z ile kararlar\u0131 yerinden al\u0131yoruz. T\u00fcrkiye&#8217;nin d\u00fcnyaya a\u00e7\u0131lan kap\u0131s\u0131 olan Mu\u011fla&#8217;n\u0131n il\u00e7elerini d\u00fcnya tan\u0131yor. Kurdu\u011fumuz D\u0131\u015f \u0130li\u015fkiler Dairemiz ile uluslararas\u0131 ili\u015fkilerimizi g\u00fc\u00e7lendirdik. Turizm kentiyiz, bir y\u0131l i\u00e7erisinde \u00f6nemli ad\u0131mlar att\u0131k. \u00d6rne\u011fin Fransa&#8217;da Okyanus Konferans\u0131&#8217;nda Mu\u011fla&#8217;y\u0131 tan\u0131tt\u0131k. Ayr\u0131ca Okyanus Konferans\u0131&#8217;n\u0131n \u00f6n toplant\u0131s\u0131 Mu\u011fla&#8217;m\u0131zda yap\u0131lacak. Kad\u0131n Aile Dairemizi kurduk ve \u00fclkemiz en \u00f6nemli sorunlar\u0131ndan biri olan toplumsal e\u015fitlik konusunda \u00f6nemli \u00e7al\u0131\u015fmalar yap\u0131yoruz. Ak\u0131ll\u0131 \u015eehirler, \u0130klim De\u011fi\u015fikli\u011fi, Afet \u0130\u015fleri, MUKA\u015e&#8217;\u0131, Denizcilik Hizmetleri A\u015e&#8217;yi kurduk&#8221; diye konu\u015ftu. MU\u011eLA&#8217;DA ULA\u015eIMA A\u011eIRLIK VER\u0130LD\u0130 Ba\u015fkan Aras, 13 il\u00e7ede son bir y\u0131lda yap\u0131lan 213 &hellip;","og_url":"https:\/\/denizcankizil.tr\/uk\/haberler\/gundem\/muglanin-yaz-nufusu-7-kat-artti-borc-artmadi\/","og_site_name":"Av. Deniz Can K\u0131z\u0131l","article_published_time":"2025-05-02T17:41:17+00:00","author":"Antalya K\u00f6rfez","twitter_card":"summary_large_image","twitter_misc":{"\u041d\u0430\u043f\u0438\u0441\u0430\u043d\u043e":"Antalya K\u00f6rfez","\u041f\u0440\u0438\u0431\u043b. \u0447\u0430\u0441 \u0447\u0438\u0442\u0430\u043d\u043d\u044f":"5 \u0445\u0432\u0438\u043b\u0438\u043d"},"schema":{"@context":"https:\/\/schema.org","@graph":[{"@type":"Article","@id":"https:\/\/denizcankizil.tr\/uk\/haberler\/gundem\/muglanin-yaz-nufusu-7-kat-artti-borc-artmadi\/#article","isPartOf":{"@id":"https:\/\/denizcankizil.tr\/uk\/haberler\/gundem\/muglanin-yaz-nufusu-7-kat-artti-borc-artmadi\/"},"author":{"name":"Antalya K\u00f6rfez","@id":"https:\/\/denizcankizil.tr\/#\/schema\/person\/e1eb71bb4dd684d46563f0af307e1234"},"headline":"Mu\u011fla&#8217;n\u0131n yaz n\u00fcfusu 7 kat artt\u0131, bor\u00e7 artmad\u0131!","datePublished":"2025-05-02T17:41:17+00:00","mainEntityOfPage":{"@id":"https:\/\/denizcankizil.tr\/uk\/haberler\/gundem\/muglanin-yaz-nufusu-7-kat-artti-borc-artmadi\/"},"wordCount":1126,"publisher":{"@id":"https:\/\/denizcankizil.tr\/#organization"},"articleSection":["G\u00fcndem"],"inLanguage":"uk"},{"@type":"WebPage","@id":"https:\/\/denizcankizil.tr\/uk\/haberler\/gundem\/muglanin-yaz-nufusu-7-kat-artti-borc-artmadi\/","url":"https:\/\/denizcankizil.tr\/uk\/haberler\/gundem\/muglanin-yaz-nufusu-7-kat-artti-borc-artmadi\/","name":"Mu\u011fla'n\u0131n yaz n\u00fcfusu 7 kat artt\u0131, bor\u00e7 artmad\u0131! - Av. Deniz Can K\u0131z\u0131l","isPartOf":{"@id":"https:\/\/denizcankizil.tr\/#website"},"datePublished":"2025-05-02T17:41:17+00:00","breadcrumb":{"@id":"https:\/\/denizcankizil.tr\/uk\/haberler\/gundem\/muglanin-yaz-nufusu-7-kat-artti-borc-artmadi\/#breadcrumb"},"inLanguage":"uk","potentialAction":[{"@type":"ReadAction","target":["https:\/\/denizcankizil.tr\/uk\/haberler\/gundem\/muglanin-yaz-nufusu-7-kat-artti-borc-artmadi\/"]}]},{"@type":"BreadcrumbList","@id":"https:\/\/denizcankizil.tr\/uk\/haberler\/gundem\/muglanin-yaz-nufusu-7-kat-artti-borc-artmadi\/#breadcrumb","itemListElement":[{"@type":"ListItem","position":1,"name":"Home","item":"https:\/\/denizcankizil.tr\/de\/"},{"@type":"ListItem","position":2,"name":"Mu\u011fla&#8217;n\u0131n yaz n\u00fcfusu 7 kat artt\u0131, bor\u00e7 artmad\u0131!"}]},{"@type":"WebSite","@id":"https:\/\/denizcankizil.tr\/#website","url":"https:\/\/denizcankizil.tr\/","name":"Av. Deniz Can K\u0131z\u0131l","description":"Avukat Deniz Can K\u0131z\u0131l Antalya Barosu","publisher":{"@id":"https:\/\/denizcankizil.tr\/#organization"},"potentialAction":[{"@type":"SearchAction","target":{"@type":"EntryPoint","urlTemplate":"https:\/\/denizcankizil.tr\/?s={search_term_string}"},"query-input":{"@type":"PropertyValueSpecification","valueRequired":true,"valueName":"search_term_string"}}],"inLanguage":"uk"},{"@type":"Organization","@id":"https:\/\/denizcankizil.tr\/#organization","name":"Av. Deniz Can K\u0131z\u0131l","url":"https:\/\/denizcankizil.tr\/","logo":{"@type":"ImageObject","inLanguage":"uk","@id":"https:\/\/denizcankizil.tr\/#\/schema\/logo\/image\/","url":"https:\/\/denizcankizil.tr\/wp-content\/uploads\/2024\/10\/siyah-logo-svg.svg","contentUrl":"https:\/\/denizcankizil.tr\/wp-content\/uploads\/2024\/10\/siyah-logo-svg.svg","width":1080,"height":1080,"caption":"Av. Deniz Can K\u0131z\u0131l"},"image":{"@id":"https:\/\/denizcankizil.tr\/#\/schema\/logo\/image\/"}},{"@type":"Person","@id":"https:\/\/denizcankizil.tr\/#\/schema\/person\/e1eb71bb4dd684d46563f0af307e1234","name":"Antalya K\u00f6rfez","image":{"@type":"ImageObject","inLanguage":"uk","@id":"https:\/\/denizcankizil.tr\/#\/schema\/person\/image\/","url":"https:\/\/secure.gravatar.com\/avatar\/42b01982558a48a0b501fdcab6a408d3717ea5919095ee2e67b0e521799c5905?s=96&d=mm&r=g","contentUrl":"https:\/\/secure.gravatar.com\/avatar\/42b01982558a48a0b501fdcab6a408d3717ea5919095ee2e67b0e521799c5905?s=96&d=mm&r=g","caption":"Antalya K\u00f6rfez"},"sameAs":["http:\/\/www.antalyakorfez.com"],"url":"https:\/\/www.antalyakorfez.com\/muglanin-yaz-nufusu-7-kat-artti-borc-artmadi"}]}},"_links":{"self":[{"href":"https:\/\/denizcankizil.tr\/uk\/wp-json\/wp\/v2\/posts\/73932","targetHints":{"allow":["GET"]}}],"collection":[{"href":"https:\/\/denizcankizil.tr\/uk\/wp-json\/wp\/v2\/posts"}],"about":[{"href":"https:\/\/denizcankizil.tr\/uk\/wp-json\/wp\/v2\/types\/post"}],"author":[{"embeddable":true,"href":"https:\/\/denizcankizil.tr\/uk\/wp-json\/wp\/v2\/users\/5"}],"replies":[{"embeddable":true,"href":"https:\/\/denizcankizil.tr\/uk\/wp-json\/wp\/v2\/comments?post=73932"}],"version-history":[{"count":0,"href":"https:\/\/denizcankizil.tr\/uk\/wp-json\/wp\/v2\/posts\/73932\/revisions"}],"wp:attachment":[{"href":"https:\/\/denizcankizil.tr\/uk\/wp-json\/wp\/v2\/media?parent=73932"}],"wp:term":[{"taxonomy":"category","embeddable":true,"href":"https:\/\/denizcankizil.tr\/uk\/wp-json\/wp\/v2\/categories?post=73932"},{"taxonomy":"post_tag","embeddable":true,"href":"https:\/\/denizcankizil.tr\/uk\/wp-json\/wp\/v2\/tags?post=73932"}],"curies":[{"name":"wp","href":"https:\/\/api.w.org\/{rel}","templated":true}]}}