{"id":72594,"date":"2025-05-01T14:43:02","date_gmt":"2025-05-01T11:43:02","guid":{"rendered":"https:\/\/denizcankizil.tr\/uncategorized-tr\/manisda-cocuk-evleri-icin-hayirseverlere-cagri\/"},"modified":"2025-05-01T14:43:02","modified_gmt":"2025-05-01T11:43:02","slug":"manisda-cocuk-evleri-icin-hayirseverlere-cagri","status":"publish","type":"post","link":"https:\/\/denizcankizil.tr\/uk\/haberler\/gundem\/manisda-cocuk-evleri-icin-hayirseverlere-cagri\/","title":{"rendered":"Manis&#8217;da \u00e7ocuk evleri i\u00e7in hay\u0131rseverlere \u00e7a\u011fr\u0131"},"content":{"rendered":"<p>Manisa Dostlar Meclisi\u2019nin bu haftaki konu\u011fu, Manisa Aile ve Sosyal Hizmetler \u0130l M\u00fcd\u00fcr\u00fc Mustafa K\u0131l\u0131\u00e7 ve ekibi oldu.MAN\u0130SA (\u0130GFA) &#8211;\u00a0\u0130l M\u00fcd\u00fcr\u00fc Mustafa K\u0131l\u0131\u00e7, Cumhurba\u015fkan\u0131 Recep Tayyip Erdo\u011fan \u2019\u0131n tensipleriyle 2025 y\u0131l\u0131n\u0131n \u201cAile Y\u0131l\u0131\u201d ilan edilmesi \u00e7er\u00e7evesinde y\u00fcr\u00fct\u00fclen etkinlik ve projeler hakk\u0131nda bilgiler payla\u015ft\u0131.<br \/>\nMustafa K\u0131l\u0131\u00e7, ailenin korunmas\u0131 ve g\u00fc\u00e7lendirilmesine y\u00f6nelik \u00e7e\u015fitli etkinlik ve projelerin hayata ge\u00e7irildi\u011fini belirterek, bu kapsamda yap\u0131lan \u00e7al\u0131\u015fmalar\u0131 Manisa Dostlar Meclisi \u00fcyelerine anlatt\u0131. \u0130l M\u00fcd\u00fcr\u00fc Mustafa K\u0131l\u0131\u00e7, etkinliklerin geni\u015f bir \u015fekilde ele al\u0131nd\u0131\u011f\u0131 programda Dostlar Meclisi\u2019ne te\u015fekk\u00fcr etti.<\/p>\n<p>\u00c7OCUK EV\u0130 VE \u00c7OCUK EVLER\u0130 S\u0130TELER\u0130NE VURGU<br \/>\nManisa Dostlar Meclisi s\u00f6zc\u00fcs\u00fc Cihan Canuyar , \u00c7ocuk evleri projesi hepimizin \u00f6nemsedi\u011fi bir projedir. Devletimiz de bu projeye kaynak sa\u011flamaktad\u0131r, ancak kimsesiz \u00e7ocuklar\u0131m\u0131z\u0131n ikameti i\u00e7in kiralanan evler Manisa&#8217;m\u0131zda \u00e7ok y\u00fcksek seviyelerdedir. Bakanl\u0131\u011f\u0131n kiralamalara ay\u0131rd\u0131\u011f\u0131 kaynak zaman zaman yetersiz kalmakta ve bu y\u00fczden \u00e7ocuk evleri daha ucuz oldu\u011fu i\u00e7in \u015fehir d\u0131\u015f\u0131na ta\u015f\u0131nmak zorunda kalmaktad\u0131r. Bu ba\u011flamda as\u0131rlardan beri yapt\u0131\u011f\u0131m\u0131z gibi millet ve devlet elele vermeli ve hay\u0131rseverlerimiz bu yard\u0131ma muhta\u00e7 evlatlar\u0131m\u0131za ev sa\u011flama noktas\u0131nda destek vereceklerdir. Biz buna inan\u0131yoruz, Manisa g\u00f6nl\u00fc g\u00fczel insanlar\u0131n \u015fehridir\u201d dedi.<br \/>\nCihan Canuyar, Mustafa K\u0131l\u0131\u00e7 ve ekibinin 2025 Aile Y\u0131l\u0131 \u00e7al\u0131\u015fmalar\u0131yla ilgili kapsaml\u0131 bir sunum ger\u00e7ekle\u015ftirdi\u011fini ve eme\u011fi ge\u00e7enlere te\u015fekk\u00fcr etti\u011fini dile getirdi.<\/p>\n<p>\u200bManisa Dostlar Meclisi\u2019nin bu haftaki konu\u011fu, Manisa Aile ve Sosyal Hizmetler \u0130l M\u00fcd\u00fcr\u00fc Mustafa K\u0131l\u0131\u00e7 ve ekibi oldu.MAN\u0130SA (\u0130GFA) &#8211;\u00a0\u0130l M\u00fcd\u00fcr\u00fc Mustafa K\u0131l\u0131\u00e7, Cumhurba\u015fkan\u0131 Recep Tayyip Erdo\u011fan \u2019\u0131n tensipleriyle 2025 y\u0131l\u0131n\u0131n \u201cAile Y\u0131l\u0131\u201d ilan edilmesi \u00e7er\u00e7evesinde y\u00fcr\u00fct\u00fclen etkinlik ve projeler hakk\u0131nda bilgiler payla\u015ft\u0131.<br \/>\nMustafa K\u0131l\u0131\u00e7, ailenin korunmas\u0131 ve g\u00fc\u00e7lendirilmesine y\u00f6nelik \u00e7e\u015fitli etkinlik ve projelerin hayata ge\u00e7irildi\u011fini belirterek, bu kapsamda yap\u0131lan \u00e7al\u0131\u015fmalar\u0131 Manisa Dostlar Meclisi \u00fcyelerine anlatt\u0131. \u0130l M\u00fcd\u00fcr\u00fc Mustafa K\u0131l\u0131\u00e7, etkinliklerin geni\u015f bir \u015fekilde ele al\u0131nd\u0131\u011f\u0131 programda Dostlar Meclisi\u2019ne te\u015fekk\u00fcr etti.<\/p>\n<p>\u00c7OCUK EV\u0130 VE \u00c7OCUK EVLER\u0130 S\u0130TELER\u0130NE VURGU<br \/>\nManisa Dostlar Meclisi s\u00f6zc\u00fcs\u00fc Cihan Canuyar , \u00c7ocuk evleri projesi hepimizin \u00f6nemsedi\u011fi bir projedir. Devletimiz de bu projeye kaynak sa\u011flamaktad\u0131r, ancak kimsesiz \u00e7ocuklar\u0131m\u0131z\u0131n ikameti i\u00e7in kiralanan evler Manisa&#8217;m\u0131zda \u00e7ok y\u00fcksek seviyelerdedir. Bakanl\u0131\u011f\u0131n kiralamalara ay\u0131rd\u0131\u011f\u0131 kaynak zaman zaman yetersiz kalmakta ve bu y\u00fczden \u00e7ocuk evleri daha ucuz oldu\u011fu i\u00e7in \u015fehir d\u0131\u015f\u0131na ta\u015f\u0131nmak zorunda kalmaktad\u0131r. Bu ba\u011flamda as\u0131rlardan beri yapt\u0131\u011f\u0131m\u0131z gibi millet ve devlet elele vermeli ve hay\u0131rseverlerimiz bu yard\u0131ma muhta\u00e7 evlatlar\u0131m\u0131za ev sa\u011flama noktas\u0131nda destek vereceklerdir. Biz buna inan\u0131yoruz, Manisa g\u00f6nl\u00fc g\u00fczel insanlar\u0131n \u015fehridir\u201d dedi.<br \/>\nCihan Canuyar, Mustafa K\u0131l\u0131\u00e7 ve ekibinin 2025 Aile Y\u0131l\u0131 \u00e7al\u0131\u015fmalar\u0131yla ilgili kapsaml\u0131 bir sunum ger\u00e7ekle\u015ftirdi\u011fini ve eme\u011fi ge\u00e7enlere te\u015fekk\u00fcr etti\u011fini dile getirdi.\u00a0<\/p>\n<p>\u200bHaberin Al\u0131nt\u0131land\u0131\u011f\u0131 Kaynak: www.iskenderun.org<\/p>","protected":false},"excerpt":{"rendered":"<p>Manisa Dostlar Meclisi\u2019nin bu haftaki konu\u011fu, Manisa Aile ve Sosyal Hizmetler \u0130l M\u00fcd\u00fcr\u00fc Mustafa K\u0131l\u0131\u00e7 ve ekibi oldu.MAN\u0130SA (\u0130GFA) &#8211;\u00a0\u0130l M\u00fcd\u00fcr\u00fc Mustafa K\u0131l\u0131\u00e7, Cumhurba\u015fkan\u0131 Recep Tayyip Erdo\u011fan \u2019\u0131n tensipleriyle 2025 y\u0131l\u0131n\u0131n \u201cAile Y\u0131l\u0131\u201d ilan edilmesi \u00e7er\u00e7evesinde y\u00fcr\u00fct\u00fclen etkinlik ve projeler hakk\u0131nda bilgiler payla\u015ft\u0131. Mustafa K\u0131l\u0131\u00e7, ailenin korunmas\u0131 ve g\u00fc\u00e7lendirilmesine y\u00f6nelik \u00e7e\u015fitli etkinlik ve projelerin hayata ge\u00e7irildi\u011fini belirterek, bu kapsamda yap\u0131lan \u00e7al\u0131\u015fmalar\u0131 Manisa Dostlar Meclisi \u00fcyelerine anlatt\u0131. \u0130l M\u00fcd\u00fcr\u00fc Mustafa K\u0131l\u0131\u00e7, etkinliklerin geni\u015f bir \u015fekilde ele al\u0131nd\u0131\u011f\u0131 programda Dostlar Meclisi\u2019ne te\u015fekk\u00fcr etti. \u00c7OCUK EV\u0130 VE \u00c7OCUK EVLER\u0130 S\u0130TELER\u0130NE VURGU Manisa Dostlar Meclisi s\u00f6zc\u00fcs\u00fc Cihan Canuyar , \u00c7ocuk evleri projesi hepimizin \u00f6nemsedi\u011fi bir projedir. Devletimiz de bu projeye kaynak sa\u011flamaktad\u0131r, ancak kimsesiz \u00e7ocuklar\u0131m\u0131z\u0131n ikameti i\u00e7in kiralanan evler Manisa&#8217;m\u0131zda \u00e7ok y\u00fcksek seviyelerdedir. Bakanl\u0131\u011f\u0131n kiralamalara ay\u0131rd\u0131\u011f\u0131 kaynak zaman zaman yetersiz kalmakta ve bu y\u00fczden \u00e7ocuk evleri daha ucuz oldu\u011fu i\u00e7in \u015fehir d\u0131\u015f\u0131na ta\u015f\u0131nmak zorunda kalmaktad\u0131r. Bu ba\u011flamda as\u0131rlardan beri yapt\u0131\u011f\u0131m\u0131z gibi millet ve devlet elele vermeli ve hay\u0131rseverlerimiz bu yard\u0131ma muhta\u00e7 evlatlar\u0131m\u0131za ev sa\u011flama noktas\u0131nda destek vereceklerdir. Biz buna inan\u0131yoruz, Manisa g\u00f6nl\u00fc g\u00fczel insanlar\u0131n \u015fehridir\u201d dedi. Cihan Canuyar, Mustafa K\u0131l\u0131\u00e7 ve ekibinin 2025 Aile Y\u0131l\u0131 \u00e7al\u0131\u015fmalar\u0131yla ilgili kapsaml\u0131 bir sunum ger\u00e7ekle\u015ftirdi\u011fini ve eme\u011fi ge\u00e7enlere te\u015fekk\u00fcr etti\u011fini dile getirdi. \u200bManisa Dostlar Meclisi\u2019nin bu haftaki konu\u011fu, &hellip;<\/p>","protected":false},"author":1,"featured_media":0,"comment_status":"","ping_status":"open","sticky":false,"template":"","format":"standard","meta":{"_acf_changed":false,"footnotes":""},"categories":[24],"tags":[],"class_list":["post-72594","post","type-post","status-publish","format-standard","has-post-thumbnail","hentry","category-gundem"],"acf":[],"yoast_head":"<!-- This site is optimized with the Yoast SEO Premium plugin v26.6 (Yoast SEO v27.1.1) - https:\/\/yoast.com\/product\/yoast-seo-premium-wordpress\/ -->\n<title>Manis&#039;da \u00e7ocuk evleri i\u00e7in hay\u0131rseverlere \u00e7a\u011fr\u0131 - Av. Deniz Can K\u0131z\u0131l<\/title>\n<meta name=\"robots\" content=\"index, follow, max-snippet:-1, max-image-preview:large, max-video-preview:-1\" \/>\n<link rel=\"canonical\" href=\"https:\/\/denizcankizil.tr\/uk\/haberler\/gundem\/manisda-cocuk-evleri-icin-hayirseverlere-cagri\/\" \/>\n<meta property=\"og:locale\" content=\"uk_UA\" \/>\n<meta property=\"og:type\" content=\"article\" \/>\n<meta property=\"og:title\" content=\"Manis&#039;da \u00e7ocuk evleri i\u00e7in hay\u0131rseverlere \u00e7a\u011fr\u0131\" \/>\n<meta property=\"og:description\" content=\"Manisa Dostlar Meclisi\u2019nin bu haftaki konu\u011fu, Manisa Aile ve Sosyal Hizmetler \u0130l M\u00fcd\u00fcr\u00fc Mustafa K\u0131l\u0131\u00e7 ve ekibi oldu.MAN\u0130SA (\u0130GFA) &#8211;\u00a0\u0130l M\u00fcd\u00fcr\u00fc Mustafa K\u0131l\u0131\u00e7, Cumhurba\u015fkan\u0131 Recep Tayyip Erdo\u011fan \u2019\u0131n tensipleriyle 2025 y\u0131l\u0131n\u0131n \u201cAile Y\u0131l\u0131\u201d ilan edilmesi \u00e7er\u00e7evesinde y\u00fcr\u00fct\u00fclen etkinlik ve projeler hakk\u0131nda bilgiler payla\u015ft\u0131. Mustafa K\u0131l\u0131\u00e7, ailenin korunmas\u0131 ve g\u00fc\u00e7lendirilmesine y\u00f6nelik \u00e7e\u015fitli etkinlik ve projelerin hayata ge\u00e7irildi\u011fini belirterek, bu kapsamda yap\u0131lan \u00e7al\u0131\u015fmalar\u0131 Manisa Dostlar Meclisi \u00fcyelerine anlatt\u0131. \u0130l M\u00fcd\u00fcr\u00fc Mustafa K\u0131l\u0131\u00e7, etkinliklerin geni\u015f bir \u015fekilde ele al\u0131nd\u0131\u011f\u0131 programda Dostlar Meclisi\u2019ne te\u015fekk\u00fcr etti. \u00c7OCUK EV\u0130 VE \u00c7OCUK EVLER\u0130 S\u0130TELER\u0130NE VURGU Manisa Dostlar Meclisi s\u00f6zc\u00fcs\u00fc Cihan Canuyar , \u00c7ocuk evleri projesi hepimizin \u00f6nemsedi\u011fi bir projedir. Devletimiz de bu projeye kaynak sa\u011flamaktad\u0131r, ancak kimsesiz \u00e7ocuklar\u0131m\u0131z\u0131n ikameti i\u00e7in kiralanan evler Manisa&#8217;m\u0131zda \u00e7ok y\u00fcksek seviyelerdedir. Bakanl\u0131\u011f\u0131n kiralamalara ay\u0131rd\u0131\u011f\u0131 kaynak zaman zaman yetersiz kalmakta ve bu y\u00fczden \u00e7ocuk evleri daha ucuz oldu\u011fu i\u00e7in \u015fehir d\u0131\u015f\u0131na ta\u015f\u0131nmak zorunda kalmaktad\u0131r. Bu ba\u011flamda as\u0131rlardan beri yapt\u0131\u011f\u0131m\u0131z gibi millet ve devlet elele vermeli ve hay\u0131rseverlerimiz bu yard\u0131ma muhta\u00e7 evlatlar\u0131m\u0131za ev sa\u011flama noktas\u0131nda destek vereceklerdir. Biz buna inan\u0131yoruz, Manisa g\u00f6nl\u00fc g\u00fczel insanlar\u0131n \u015fehridir\u201d dedi. Cihan Canuyar, Mustafa K\u0131l\u0131\u00e7 ve ekibinin 2025 Aile Y\u0131l\u0131 \u00e7al\u0131\u015fmalar\u0131yla ilgili kapsaml\u0131 bir sunum ger\u00e7ekle\u015ftirdi\u011fini ve eme\u011fi ge\u00e7enlere te\u015fekk\u00fcr etti\u011fini dile getirdi. \u200bManisa Dostlar Meclisi\u2019nin bu haftaki konu\u011fu, &hellip;\" \/>\n<meta property=\"og:url\" content=\"https:\/\/denizcankizil.tr\/uk\/haberler\/gundem\/manisda-cocuk-evleri-icin-hayirseverlere-cagri\/\" \/>\n<meta property=\"og:site_name\" content=\"Av. Deniz Can K\u0131z\u0131l\" \/>\n<meta property=\"article:published_time\" content=\"2025-05-01T11:43:02+00:00\" \/>\n<meta name=\"author\" content=\"admin\" \/>\n<meta name=\"twitter:card\" content=\"summary_large_image\" \/>\n<meta name=\"twitter:label1\" content=\"\u041d\u0430\u043f\u0438\u0441\u0430\u043d\u043e\" \/>\n\t<meta name=\"twitter:data1\" content=\"admin\" \/>\n\t<meta name=\"twitter:label2\" content=\"\u041f\u0440\u0438\u0431\u043b. \u0447\u0430\u0441 \u0447\u0438\u0442\u0430\u043d\u043d\u044f\" \/>\n\t<meta name=\"twitter:data2\" content=\"3 \u0445\u0432\u0438\u043b\u0438\u043d\u0438\" \/>\n<script type=\"application\/ld+json\" class=\"yoast-schema-graph\">{\"@context\":\"https:\/\/schema.org\",\"@graph\":[{\"@type\":\"Article\",\"@id\":\"https:\/\/denizcankizil.tr\/uk\/haberler\/gundem\/manisda-cocuk-evleri-icin-hayirseverlere-cagri\/#article\",\"isPartOf\":{\"@id\":\"https:\/\/denizcankizil.tr\/uk\/haberler\/gundem\/manisda-cocuk-evleri-icin-hayirseverlere-cagri\/\"},\"author\":{\"name\":\"admin\",\"@id\":\"https:\/\/denizcankizil.tr\/#\/schema\/person\/be3c05fe6a12686905512445d8185489\"},\"headline\":\"Manis&#8217;da \u00e7ocuk evleri i\u00e7in hay\u0131rseverlere \u00e7a\u011fr\u0131\",\"datePublished\":\"2025-05-01T11:43:02+00:00\",\"mainEntityOfPage\":{\"@id\":\"https:\/\/denizcankizil.tr\/uk\/haberler\/gundem\/manisda-cocuk-evleri-icin-hayirseverlere-cagri\/\"},\"wordCount\":572,\"publisher\":{\"@id\":\"https:\/\/denizcankizil.tr\/#organization\"},\"articleSection\":[\"G\u00fcndem\"],\"inLanguage\":\"uk\"},{\"@type\":\"WebPage\",\"@id\":\"https:\/\/denizcankizil.tr\/uk\/haberler\/gundem\/manisda-cocuk-evleri-icin-hayirseverlere-cagri\/\",\"url\":\"https:\/\/denizcankizil.tr\/uk\/haberler\/gundem\/manisda-cocuk-evleri-icin-hayirseverlere-cagri\/\",\"name\":\"Manis'da \u00e7ocuk evleri i\u00e7in hay\u0131rseverlere \u00e7a\u011fr\u0131 - Av. Deniz Can K\u0131z\u0131l\",\"isPartOf\":{\"@id\":\"https:\/\/denizcankizil.tr\/#website\"},\"datePublished\":\"2025-05-01T11:43:02+00:00\",\"breadcrumb\":{\"@id\":\"https:\/\/denizcankizil.tr\/uk\/haberler\/gundem\/manisda-cocuk-evleri-icin-hayirseverlere-cagri\/#breadcrumb\"},\"inLanguage\":\"uk\",\"potentialAction\":[{\"@type\":\"ReadAction\",\"target\":[\"https:\/\/denizcankizil.tr\/uk\/haberler\/gundem\/manisda-cocuk-evleri-icin-hayirseverlere-cagri\/\"]}]},{\"@type\":\"BreadcrumbList\",\"@id\":\"https:\/\/denizcankizil.tr\/uk\/haberler\/gundem\/manisda-cocuk-evleri-icin-hayirseverlere-cagri\/#breadcrumb\",\"itemListElement\":[{\"@type\":\"ListItem\",\"position\":1,\"name\":\"Home\",\"item\":\"https:\/\/denizcankizil.tr\/uk\/\"},{\"@type\":\"ListItem\",\"position\":2,\"name\":\"Manis&#8217;da \u00e7ocuk evleri i\u00e7in hay\u0131rseverlere \u00e7a\u011fr\u0131\"}]},{\"@type\":\"WebSite\",\"@id\":\"https:\/\/denizcankizil.tr\/#website\",\"url\":\"https:\/\/denizcankizil.tr\/\",\"name\":\"Av. Deniz Can K\u0131z\u0131l\",\"description\":\"Avukat Deniz Can K\u0131z\u0131l Antalya Barosu\",\"publisher\":{\"@id\":\"https:\/\/denizcankizil.tr\/#organization\"},\"potentialAction\":[{\"@type\":\"SearchAction\",\"target\":{\"@type\":\"EntryPoint\",\"urlTemplate\":\"https:\/\/denizcankizil.tr\/?s={search_term_string}\"},\"query-input\":{\"@type\":\"PropertyValueSpecification\",\"valueRequired\":true,\"valueName\":\"search_term_string\"}}],\"inLanguage\":\"uk\"},{\"@type\":\"Organization\",\"@id\":\"https:\/\/denizcankizil.tr\/#organization\",\"name\":\"Av. Deniz Can K\u0131z\u0131l\",\"url\":\"https:\/\/denizcankizil.tr\/\",\"logo\":{\"@type\":\"ImageObject\",\"inLanguage\":\"uk\",\"@id\":\"https:\/\/denizcankizil.tr\/#\/schema\/logo\/image\/\",\"url\":\"https:\/\/denizcankizil.tr\/wp-content\/uploads\/2024\/10\/siyah-logo-svg.svg\",\"contentUrl\":\"https:\/\/denizcankizil.tr\/wp-content\/uploads\/2024\/10\/siyah-logo-svg.svg\",\"width\":1080,\"height\":1080,\"caption\":\"Av. Deniz Can K\u0131z\u0131l\"},\"image\":{\"@id\":\"https:\/\/denizcankizil.tr\/#\/schema\/logo\/image\/\"}},{\"@type\":\"Person\",\"@id\":\"https:\/\/denizcankizil.tr\/#\/schema\/person\/be3c05fe6a12686905512445d8185489\",\"name\":\"admin\",\"image\":{\"@type\":\"ImageObject\",\"inLanguage\":\"uk\",\"@id\":\"https:\/\/denizcankizil.tr\/#\/schema\/person\/image\/\",\"url\":\"https:\/\/secure.gravatar.com\/avatar\/c1fce94c830dc79107e174f890d7210541c4a63e8e5d816341794a2151c9d58c?s=96&d=mm&r=g\",\"contentUrl\":\"https:\/\/secure.gravatar.com\/avatar\/c1fce94c830dc79107e174f890d7210541c4a63e8e5d816341794a2151c9d58c?s=96&d=mm&r=g\",\"caption\":\"admin\"},\"sameAs\":[\"http:\/\/denizcankizil.tr\"],\"url\":\"https:\/\/www.iskenderun.org\/manisda-cocuk-evleri-icin-hayirseverlere-cagri\"}]}<\/script>\n<!-- \/ Yoast SEO Premium plugin. -->","yoast_head_json":{"title":"Manis'da \u00e7ocuk evleri i\u00e7in hay\u0131rseverlere \u00e7a\u011fr\u0131 - Av. Deniz Can K\u0131z\u0131l","robots":{"index":"index","follow":"follow","max-snippet":"max-snippet:-1","max-image-preview":"max-image-preview:large","max-video-preview":"max-video-preview:-1"},"canonical":"https:\/\/denizcankizil.tr\/uk\/haberler\/gundem\/manisda-cocuk-evleri-icin-hayirseverlere-cagri\/","og_locale":"uk_UA","og_type":"article","og_title":"Manis'da \u00e7ocuk evleri i\u00e7in hay\u0131rseverlere \u00e7a\u011fr\u0131","og_description":"Manisa Dostlar Meclisi\u2019nin bu haftaki konu\u011fu, Manisa Aile ve Sosyal Hizmetler \u0130l M\u00fcd\u00fcr\u00fc Mustafa K\u0131l\u0131\u00e7 ve ekibi oldu.MAN\u0130SA (\u0130GFA) &#8211;\u00a0\u0130l M\u00fcd\u00fcr\u00fc Mustafa K\u0131l\u0131\u00e7, Cumhurba\u015fkan\u0131 Recep Tayyip Erdo\u011fan \u2019\u0131n tensipleriyle 2025 y\u0131l\u0131n\u0131n \u201cAile Y\u0131l\u0131\u201d ilan edilmesi \u00e7er\u00e7evesinde y\u00fcr\u00fct\u00fclen etkinlik ve projeler hakk\u0131nda bilgiler payla\u015ft\u0131. Mustafa K\u0131l\u0131\u00e7, ailenin korunmas\u0131 ve g\u00fc\u00e7lendirilmesine y\u00f6nelik \u00e7e\u015fitli etkinlik ve projelerin hayata ge\u00e7irildi\u011fini belirterek, bu kapsamda yap\u0131lan \u00e7al\u0131\u015fmalar\u0131 Manisa Dostlar Meclisi \u00fcyelerine anlatt\u0131. \u0130l M\u00fcd\u00fcr\u00fc Mustafa K\u0131l\u0131\u00e7, etkinliklerin geni\u015f bir \u015fekilde ele al\u0131nd\u0131\u011f\u0131 programda Dostlar Meclisi\u2019ne te\u015fekk\u00fcr etti. \u00c7OCUK EV\u0130 VE \u00c7OCUK EVLER\u0130 S\u0130TELER\u0130NE VURGU Manisa Dostlar Meclisi s\u00f6zc\u00fcs\u00fc Cihan Canuyar , \u00c7ocuk evleri projesi hepimizin \u00f6nemsedi\u011fi bir projedir. Devletimiz de bu projeye kaynak sa\u011flamaktad\u0131r, ancak kimsesiz \u00e7ocuklar\u0131m\u0131z\u0131n ikameti i\u00e7in kiralanan evler Manisa&#8217;m\u0131zda \u00e7ok y\u00fcksek seviyelerdedir. Bakanl\u0131\u011f\u0131n kiralamalara ay\u0131rd\u0131\u011f\u0131 kaynak zaman zaman yetersiz kalmakta ve bu y\u00fczden \u00e7ocuk evleri daha ucuz oldu\u011fu i\u00e7in \u015fehir d\u0131\u015f\u0131na ta\u015f\u0131nmak zorunda kalmaktad\u0131r. Bu ba\u011flamda as\u0131rlardan beri yapt\u0131\u011f\u0131m\u0131z gibi millet ve devlet elele vermeli ve hay\u0131rseverlerimiz bu yard\u0131ma muhta\u00e7 evlatlar\u0131m\u0131za ev sa\u011flama noktas\u0131nda destek vereceklerdir. Biz buna inan\u0131yoruz, Manisa g\u00f6nl\u00fc g\u00fczel insanlar\u0131n \u015fehridir\u201d dedi. Cihan Canuyar, Mustafa K\u0131l\u0131\u00e7 ve ekibinin 2025 Aile Y\u0131l\u0131 \u00e7al\u0131\u015fmalar\u0131yla ilgili kapsaml\u0131 bir sunum ger\u00e7ekle\u015ftirdi\u011fini ve eme\u011fi ge\u00e7enlere te\u015fekk\u00fcr etti\u011fini dile getirdi. \u200bManisa Dostlar Meclisi\u2019nin bu haftaki konu\u011fu, &hellip;","og_url":"https:\/\/denizcankizil.tr\/uk\/haberler\/gundem\/manisda-cocuk-evleri-icin-hayirseverlere-cagri\/","og_site_name":"Av. Deniz Can K\u0131z\u0131l","article_published_time":"2025-05-01T11:43:02+00:00","author":"admin","twitter_card":"summary_large_image","twitter_misc":{"\u041d\u0430\u043f\u0438\u0441\u0430\u043d\u043e":"admin","\u041f\u0440\u0438\u0431\u043b. \u0447\u0430\u0441 \u0447\u0438\u0442\u0430\u043d\u043d\u044f":"3 \u0445\u0432\u0438\u043b\u0438\u043d\u0438"},"schema":{"@context":"https:\/\/schema.org","@graph":[{"@type":"Article","@id":"https:\/\/denizcankizil.tr\/uk\/haberler\/gundem\/manisda-cocuk-evleri-icin-hayirseverlere-cagri\/#article","isPartOf":{"@id":"https:\/\/denizcankizil.tr\/uk\/haberler\/gundem\/manisda-cocuk-evleri-icin-hayirseverlere-cagri\/"},"author":{"name":"admin","@id":"https:\/\/denizcankizil.tr\/#\/schema\/person\/be3c05fe6a12686905512445d8185489"},"headline":"Manis&#8217;da \u00e7ocuk evleri i\u00e7in hay\u0131rseverlere \u00e7a\u011fr\u0131","datePublished":"2025-05-01T11:43:02+00:00","mainEntityOfPage":{"@id":"https:\/\/denizcankizil.tr\/uk\/haberler\/gundem\/manisda-cocuk-evleri-icin-hayirseverlere-cagri\/"},"wordCount":572,"publisher":{"@id":"https:\/\/denizcankizil.tr\/#organization"},"articleSection":["G\u00fcndem"],"inLanguage":"uk"},{"@type":"WebPage","@id":"https:\/\/denizcankizil.tr\/uk\/haberler\/gundem\/manisda-cocuk-evleri-icin-hayirseverlere-cagri\/","url":"https:\/\/denizcankizil.tr\/uk\/haberler\/gundem\/manisda-cocuk-evleri-icin-hayirseverlere-cagri\/","name":"Manis'da \u00e7ocuk evleri i\u00e7in hay\u0131rseverlere \u00e7a\u011fr\u0131 - Av. Deniz Can K\u0131z\u0131l","isPartOf":{"@id":"https:\/\/denizcankizil.tr\/#website"},"datePublished":"2025-05-01T11:43:02+00:00","breadcrumb":{"@id":"https:\/\/denizcankizil.tr\/uk\/haberler\/gundem\/manisda-cocuk-evleri-icin-hayirseverlere-cagri\/#breadcrumb"},"inLanguage":"uk","potentialAction":[{"@type":"ReadAction","target":["https:\/\/denizcankizil.tr\/uk\/haberler\/gundem\/manisda-cocuk-evleri-icin-hayirseverlere-cagri\/"]}]},{"@type":"BreadcrumbList","@id":"https:\/\/denizcankizil.tr\/uk\/haberler\/gundem\/manisda-cocuk-evleri-icin-hayirseverlere-cagri\/#breadcrumb","itemListElement":[{"@type":"ListItem","position":1,"name":"Home","item":"https:\/\/denizcankizil.tr\/uk\/"},{"@type":"ListItem","position":2,"name":"Manis&#8217;da \u00e7ocuk evleri i\u00e7in hay\u0131rseverlere \u00e7a\u011fr\u0131"}]},{"@type":"WebSite","@id":"https:\/\/denizcankizil.tr\/#website","url":"https:\/\/denizcankizil.tr\/","name":"Av. Deniz Can K\u0131z\u0131l","description":"Avukat Deniz Can K\u0131z\u0131l Antalya Barosu","publisher":{"@id":"https:\/\/denizcankizil.tr\/#organization"},"potentialAction":[{"@type":"SearchAction","target":{"@type":"EntryPoint","urlTemplate":"https:\/\/denizcankizil.tr\/?s={search_term_string}"},"query-input":{"@type":"PropertyValueSpecification","valueRequired":true,"valueName":"search_term_string"}}],"inLanguage":"uk"},{"@type":"Organization","@id":"https:\/\/denizcankizil.tr\/#organization","name":"Av. Deniz Can K\u0131z\u0131l","url":"https:\/\/denizcankizil.tr\/","logo":{"@type":"ImageObject","inLanguage":"uk","@id":"https:\/\/denizcankizil.tr\/#\/schema\/logo\/image\/","url":"https:\/\/denizcankizil.tr\/wp-content\/uploads\/2024\/10\/siyah-logo-svg.svg","contentUrl":"https:\/\/denizcankizil.tr\/wp-content\/uploads\/2024\/10\/siyah-logo-svg.svg","width":1080,"height":1080,"caption":"Av. Deniz Can K\u0131z\u0131l"},"image":{"@id":"https:\/\/denizcankizil.tr\/#\/schema\/logo\/image\/"}},{"@type":"Person","@id":"https:\/\/denizcankizil.tr\/#\/schema\/person\/be3c05fe6a12686905512445d8185489","name":"\u0430\u0434\u043c\u0456\u043d","image":{"@type":"ImageObject","inLanguage":"uk","@id":"https:\/\/denizcankizil.tr\/#\/schema\/person\/image\/","url":"https:\/\/secure.gravatar.com\/avatar\/c1fce94c830dc79107e174f890d7210541c4a63e8e5d816341794a2151c9d58c?s=96&d=mm&r=g","contentUrl":"https:\/\/secure.gravatar.com\/avatar\/c1fce94c830dc79107e174f890d7210541c4a63e8e5d816341794a2151c9d58c?s=96&d=mm&r=g","caption":"admin"},"sameAs":["http:\/\/denizcankizil.tr"],"url":"https:\/\/www.iskenderun.org\/manisda-cocuk-evleri-icin-hayirseverlere-cagri"}]}},"_links":{"self":[{"href":"https:\/\/denizcankizil.tr\/uk\/wp-json\/wp\/v2\/posts\/72594","targetHints":{"allow":["GET"]}}],"collection":[{"href":"https:\/\/denizcankizil.tr\/uk\/wp-json\/wp\/v2\/posts"}],"about":[{"href":"https:\/\/denizcankizil.tr\/uk\/wp-json\/wp\/v2\/types\/post"}],"author":[{"embeddable":true,"href":"https:\/\/denizcankizil.tr\/uk\/wp-json\/wp\/v2\/users\/1"}],"replies":[{"embeddable":true,"href":"https:\/\/denizcankizil.tr\/uk\/wp-json\/wp\/v2\/comments?post=72594"}],"version-history":[{"count":0,"href":"https:\/\/denizcankizil.tr\/uk\/wp-json\/wp\/v2\/posts\/72594\/revisions"}],"wp:attachment":[{"href":"https:\/\/denizcankizil.tr\/uk\/wp-json\/wp\/v2\/media?parent=72594"}],"wp:term":[{"taxonomy":"category","embeddable":true,"href":"https:\/\/denizcankizil.tr\/uk\/wp-json\/wp\/v2\/categories?post=72594"},{"taxonomy":"post_tag","embeddable":true,"href":"https:\/\/denizcankizil.tr\/uk\/wp-json\/wp\/v2\/tags?post=72594"}],"curies":[{"name":"wp","href":"https:\/\/api.w.org\/{rel}","templated":true}]}}