{"id":72545,"date":"2025-05-01T14:42:02","date_gmt":"2025-05-01T11:42:02","guid":{"rendered":"https:\/\/denizcankizil.tr\/uncategorized-tr\/sehit-olan-bayram-senolun-babasi-hayatini-kaybetti\/"},"modified":"2025-05-01T14:42:02","modified_gmt":"2025-05-01T11:42:02","slug":"sehit-olan-bayram-senolun-babasi-hayatini-kaybetti","status":"publish","type":"post","link":"https:\/\/denizcankizil.tr\/uk\/haberler\/gundem\/sehit-olan-bayram-senolun-babasi-hayatini-kaybetti\/","title":{"rendered":"\u015eehit olan Bayram \u015eenol&#8217;un babas\u0131 hayat\u0131n\u0131 kaybetti"},"content":{"rendered":"<p>A\u011fr\u0131&#8217;da 1993 y\u0131l\u0131nda P*K&#8217;l\u0131 ter\u00f6ristlerle girdi\u011fi \u00e7at\u0131\u015fmada \u015fehit olan Piyade Er Bayram \u015eenol&#8217;un il\u00e7eye ba\u011fl\u0131 Ba\u011f\u0131ll\u0131 k\u00f6y\u00fcnde ya\u015fayan babas\u0131 Durmu\u015f \u015eenol, evinde rahats\u0131zland\u0131. Bug\u00fcn sabah saatlerinde ambulansla E\u011firdir Kemik Eklem Hastal\u0131klar\u0131 Hastanesi aciline getirilen Durmu\u015f \u015eenol burada ge\u00e7irdi\u011fi kalp krizi sonucu hayat\u0131n\u0131 kaybetti.<\/p>\n<p>SON YOLCULU\u011eUNA U\u011eURLANACAK<\/p>\n<p>Durmu\u015f \u015eenol&#8217;un cenazesi bug\u00fcn ikindi vakti Ba\u011f\u0131ll\u0131 k\u00f6y\u00fcnde topra\u011fa verilecek. E\u011firdir Kaymakam\u0131 \u00d6mer \u00c7im\u015fit, E\u011firdir Da\u011f Komando Okulu ve E\u011fitim Merkezi Komutan\u0131 Tu\u011fgeneral Ahmet A\u015f\u0131k ve E\u011firdir Belediye Ba\u015fkan\u0131 Mustafa \u00d6zer ge\u00e7en g\u00fcnlerde Piyade Er Bayram \u015eenol&#8217;un ailesini Ba\u011f\u0131ll\u0131 k\u00f6y\u00fcndeki evinde ziyaret etmi\u015fti.<\/p>\n<p>\u200bA\u011fr\u0131\u2019da 1993 y\u0131l\u0131nda y\u0131l\u0131nda P*K&#8217;l\u0131 t*r\u00f6ristlerle girdi\u011fi \u00e7at\u0131\u015fmada \u015fehit olan Piyade Er Bayram \u015eenol&#8217;un babas\u0131 Durmu\u015f \u015eenol (84), ge\u00e7irdi\u011fi kalp krizi sonucu Isparta\u2019da hayat\u0131n\u0131 kaybetti.\u00a0<\/p>\n<p>\u200bHaberin Al\u0131nt\u0131land\u0131\u011f\u0131 Kaynak: www.antalyakorfez.com<\/p>","protected":false},"excerpt":{"rendered":"<p>A\u011fr\u0131&#8217;da 1993 y\u0131l\u0131nda P*K&#8217;l\u0131 ter\u00f6ristlerle girdi\u011fi \u00e7at\u0131\u015fmada \u015fehit olan Piyade Er Bayram \u015eenol&#8217;un il\u00e7eye ba\u011fl\u0131 Ba\u011f\u0131ll\u0131 k\u00f6y\u00fcnde ya\u015fayan babas\u0131 Durmu\u015f \u015eenol, evinde rahats\u0131zland\u0131. Bug\u00fcn sabah saatlerinde ambulansla E\u011firdir Kemik Eklem Hastal\u0131klar\u0131 Hastanesi aciline getirilen Durmu\u015f \u015eenol burada ge\u00e7irdi\u011fi kalp krizi sonucu hayat\u0131n\u0131 kaybetti. SON YOLCULU\u011eUNA U\u011eURLANACAK Durmu\u015f \u015eenol&#8217;un cenazesi bug\u00fcn ikindi vakti Ba\u011f\u0131ll\u0131 k\u00f6y\u00fcnde topra\u011fa verilecek. E\u011firdir Kaymakam\u0131 \u00d6mer \u00c7im\u015fit, E\u011firdir Da\u011f Komando Okulu ve E\u011fitim Merkezi Komutan\u0131 Tu\u011fgeneral Ahmet A\u015f\u0131k ve E\u011firdir Belediye Ba\u015fkan\u0131 Mustafa \u00d6zer ge\u00e7en g\u00fcnlerde Piyade Er Bayram \u015eenol&#8217;un ailesini Ba\u011f\u0131ll\u0131 k\u00f6y\u00fcndeki evinde ziyaret etmi\u015fti. \u200bA\u011fr\u0131\u2019da 1993 y\u0131l\u0131nda y\u0131l\u0131nda P*K&#8217;l\u0131 t*r\u00f6ristlerle girdi\u011fi \u00e7at\u0131\u015fmada \u015fehit olan Piyade Er Bayram \u015eenol&#8217;un babas\u0131 Durmu\u015f \u015eenol (84), ge\u00e7irdi\u011fi kalp krizi sonucu Isparta\u2019da hayat\u0131n\u0131 kaybetti.\u00a0 \u200bHaberin Al\u0131nt\u0131land\u0131\u011f\u0131 Kaynak: www.antalyakorfez.com<\/p>","protected":false},"author":5,"featured_media":0,"comment_status":"","ping_status":"open","sticky":false,"template":"","format":"standard","meta":{"_acf_changed":false,"footnotes":""},"categories":[24],"tags":[],"class_list":["post-72545","post","type-post","status-publish","format-standard","has-post-thumbnail","hentry","category-gundem"],"acf":[],"yoast_head":"<!-- This site is optimized with the Yoast SEO Premium plugin v26.6 (Yoast SEO v27.1.1) - https:\/\/yoast.com\/product\/yoast-seo-premium-wordpress\/ -->\n<title>\u015eehit olan Bayram \u015eenol&#039;un babas\u0131 hayat\u0131n\u0131 kaybetti - Av. Deniz Can K\u0131z\u0131l<\/title>\n<meta name=\"robots\" content=\"index, follow, max-snippet:-1, max-image-preview:large, max-video-preview:-1\" \/>\n<link rel=\"canonical\" href=\"https:\/\/denizcankizil.tr\/uk\/haberler\/gundem\/sehit-olan-bayram-senolun-babasi-hayatini-kaybetti\/\" \/>\n<meta property=\"og:locale\" content=\"uk_UA\" \/>\n<meta property=\"og:type\" content=\"article\" \/>\n<meta property=\"og:title\" content=\"\u015eehit olan Bayram \u015eenol&#039;un babas\u0131 hayat\u0131n\u0131 kaybetti\" \/>\n<meta property=\"og:description\" content=\"A\u011fr\u0131&#8217;da 1993 y\u0131l\u0131nda P*K&#8217;l\u0131 ter\u00f6ristlerle girdi\u011fi \u00e7at\u0131\u015fmada \u015fehit olan Piyade Er Bayram \u015eenol&#8217;un il\u00e7eye ba\u011fl\u0131 Ba\u011f\u0131ll\u0131 k\u00f6y\u00fcnde ya\u015fayan babas\u0131 Durmu\u015f \u015eenol, evinde rahats\u0131zland\u0131. Bug\u00fcn sabah saatlerinde ambulansla E\u011firdir Kemik Eklem Hastal\u0131klar\u0131 Hastanesi aciline getirilen Durmu\u015f \u015eenol burada ge\u00e7irdi\u011fi kalp krizi sonucu hayat\u0131n\u0131 kaybetti. SON YOLCULU\u011eUNA U\u011eURLANACAK Durmu\u015f \u015eenol&#8217;un cenazesi bug\u00fcn ikindi vakti Ba\u011f\u0131ll\u0131 k\u00f6y\u00fcnde topra\u011fa verilecek. E\u011firdir Kaymakam\u0131 \u00d6mer \u00c7im\u015fit, E\u011firdir Da\u011f Komando Okulu ve E\u011fitim Merkezi Komutan\u0131 Tu\u011fgeneral Ahmet A\u015f\u0131k ve E\u011firdir Belediye Ba\u015fkan\u0131 Mustafa \u00d6zer ge\u00e7en g\u00fcnlerde Piyade Er Bayram \u015eenol&#8217;un ailesini Ba\u011f\u0131ll\u0131 k\u00f6y\u00fcndeki evinde ziyaret etmi\u015fti. \u200bA\u011fr\u0131\u2019da 1993 y\u0131l\u0131nda y\u0131l\u0131nda P*K&#8217;l\u0131 t*r\u00f6ristlerle girdi\u011fi \u00e7at\u0131\u015fmada \u015fehit olan Piyade Er Bayram \u015eenol&#8217;un babas\u0131 Durmu\u015f \u015eenol (84), ge\u00e7irdi\u011fi kalp krizi sonucu Isparta\u2019da hayat\u0131n\u0131 kaybetti.\u00a0 \u200bHaberin Al\u0131nt\u0131land\u0131\u011f\u0131 Kaynak: www.antalyakorfez.com\" \/>\n<meta property=\"og:url\" content=\"https:\/\/denizcankizil.tr\/uk\/haberler\/gundem\/sehit-olan-bayram-senolun-babasi-hayatini-kaybetti\/\" \/>\n<meta property=\"og:site_name\" content=\"Av. Deniz Can K\u0131z\u0131l\" \/>\n<meta property=\"article:published_time\" content=\"2025-05-01T11:42:02+00:00\" \/>\n<meta name=\"author\" content=\"Antalya K\u00f6rfez\" \/>\n<meta name=\"twitter:card\" content=\"summary_large_image\" \/>\n<meta name=\"twitter:label1\" content=\"\u041d\u0430\u043f\u0438\u0441\u0430\u043d\u043e\" \/>\n\t<meta name=\"twitter:data1\" content=\"Antalya K\u00f6rfez\" \/>\n\t<meta name=\"twitter:label2\" content=\"\u041f\u0440\u0438\u0431\u043b. \u0447\u0430\u0441 \u0447\u0438\u0442\u0430\u043d\u043d\u044f\" \/>\n\t<meta name=\"twitter:data2\" content=\"1 \u0445\u0432\u0438\u043b\u0438\u043d\u0430\" \/>\n<script type=\"application\/ld+json\" class=\"yoast-schema-graph\">{\"@context\":\"https:\/\/schema.org\",\"@graph\":[{\"@type\":\"Article\",\"@id\":\"https:\/\/denizcankizil.tr\/ru\/haberler\/gundem\/sehit-olan-bayram-senolun-babasi-hayatini-kaybetti\/#article\",\"isPartOf\":{\"@id\":\"https:\/\/denizcankizil.tr\/ru\/haberler\/gundem\/sehit-olan-bayram-senolun-babasi-hayatini-kaybetti\/\"},\"author\":{\"name\":\"Antalya K\u00f6rfez\",\"@id\":\"https:\/\/denizcankizil.tr\/de\/#\/schema\/person\/e1eb71bb4dd684d46563f0af307e1234\"},\"headline\":\"\u015eehit olan Bayram \u015eenol&#8217;un babas\u0131 hayat\u0131n\u0131 kaybetti\",\"datePublished\":\"2025-05-01T11:42:02+00:00\",\"mainEntityOfPage\":{\"@id\":\"https:\/\/denizcankizil.tr\/ru\/haberler\/gundem\/sehit-olan-bayram-senolun-babasi-hayatini-kaybetti\/\"},\"wordCount\":191,\"publisher\":{\"@id\":\"https:\/\/denizcankizil.tr\/de\/#organization\"},\"articleSection\":[\"G\u00fcndem\"],\"inLanguage\":\"uk\"},{\"@type\":\"WebPage\",\"@id\":\"https:\/\/denizcankizil.tr\/ru\/haberler\/gundem\/sehit-olan-bayram-senolun-babasi-hayatini-kaybetti\/\",\"url\":\"https:\/\/denizcankizil.tr\/ru\/haberler\/gundem\/sehit-olan-bayram-senolun-babasi-hayatini-kaybetti\/\",\"name\":\"\u015eehit olan Bayram \u015eenol'un babas\u0131 hayat\u0131n\u0131 kaybetti - Av. Deniz Can K\u0131z\u0131l\",\"isPartOf\":{\"@id\":\"https:\/\/denizcankizil.tr\/de\/#website\"},\"datePublished\":\"2025-05-01T11:42:02+00:00\",\"breadcrumb\":{\"@id\":\"https:\/\/denizcankizil.tr\/ru\/haberler\/gundem\/sehit-olan-bayram-senolun-babasi-hayatini-kaybetti\/#breadcrumb\"},\"inLanguage\":\"uk\",\"potentialAction\":[{\"@type\":\"ReadAction\",\"target\":[\"https:\/\/denizcankizil.tr\/ru\/haberler\/gundem\/sehit-olan-bayram-senolun-babasi-hayatini-kaybetti\/\"]}]},{\"@type\":\"BreadcrumbList\",\"@id\":\"https:\/\/denizcankizil.tr\/ru\/haberler\/gundem\/sehit-olan-bayram-senolun-babasi-hayatini-kaybetti\/#breadcrumb\",\"itemListElement\":[{\"@type\":\"ListItem\",\"position\":1,\"name\":\"Home\",\"item\":\"https:\/\/denizcankizil.tr\/de\/\"},{\"@type\":\"ListItem\",\"position\":2,\"name\":\"\u015eehit olan Bayram \u015eenol&#8217;un babas\u0131 hayat\u0131n\u0131 kaybetti\"}]},{\"@type\":\"WebSite\",\"@id\":\"https:\/\/denizcankizil.tr\/de\/#website\",\"url\":\"https:\/\/denizcankizil.tr\/de\/\",\"name\":\"Av. Deniz Can K\u0131z\u0131l\",\"description\":\"Avukat Deniz Can K\u0131z\u0131l Antalya Barosu\",\"publisher\":{\"@id\":\"https:\/\/denizcankizil.tr\/de\/#organization\"},\"potentialAction\":[{\"@type\":\"SearchAction\",\"target\":{\"@type\":\"EntryPoint\",\"urlTemplate\":\"https:\/\/denizcankizil.tr\/de\/?s={search_term_string}\"},\"query-input\":{\"@type\":\"PropertyValueSpecification\",\"valueRequired\":true,\"valueName\":\"search_term_string\"}}],\"inLanguage\":\"uk\"},{\"@type\":\"Organization\",\"@id\":\"https:\/\/denizcankizil.tr\/de\/#organization\",\"name\":\"Av. Deniz Can K\u0131z\u0131l\",\"url\":\"https:\/\/denizcankizil.tr\/de\/\",\"logo\":{\"@type\":\"ImageObject\",\"inLanguage\":\"uk\",\"@id\":\"https:\/\/denizcankizil.tr\/de\/#\/schema\/logo\/image\/\",\"url\":\"https:\/\/denizcankizil.tr\/wp-content\/uploads\/2024\/10\/siyah-logo-svg.svg\",\"contentUrl\":\"https:\/\/denizcankizil.tr\/wp-content\/uploads\/2024\/10\/siyah-logo-svg.svg\",\"width\":1080,\"height\":1080,\"caption\":\"Av. Deniz Can K\u0131z\u0131l\"},\"image\":{\"@id\":\"https:\/\/denizcankizil.tr\/de\/#\/schema\/logo\/image\/\"}},{\"@type\":\"Person\",\"@id\":\"https:\/\/denizcankizil.tr\/de\/#\/schema\/person\/e1eb71bb4dd684d46563f0af307e1234\",\"name\":\"Antalya K\u00f6rfez\",\"image\":{\"@type\":\"ImageObject\",\"inLanguage\":\"uk\",\"@id\":\"https:\/\/denizcankizil.tr\/de\/#\/schema\/person\/image\/\",\"url\":\"https:\/\/secure.gravatar.com\/avatar\/42b01982558a48a0b501fdcab6a408d3717ea5919095ee2e67b0e521799c5905?s=96&d=mm&r=g\",\"contentUrl\":\"https:\/\/secure.gravatar.com\/avatar\/42b01982558a48a0b501fdcab6a408d3717ea5919095ee2e67b0e521799c5905?s=96&d=mm&r=g\",\"caption\":\"Antalya K\u00f6rfez\"},\"sameAs\":[\"http:\/\/www.antalyakorfez.com\"],\"url\":\"https:\/\/www.antalyakorfez.com\/sehit-olan-bayram-senolun-babasi-hayatini-kaybetti\"}]}<\/script>\n<!-- \/ Yoast SEO Premium plugin. -->","yoast_head_json":{"title":"\u015eehit olan Bayram \u015eenol'un babas\u0131 hayat\u0131n\u0131 kaybetti - Av. Deniz Can K\u0131z\u0131l","robots":{"index":"index","follow":"follow","max-snippet":"max-snippet:-1","max-image-preview":"max-image-preview:large","max-video-preview":"max-video-preview:-1"},"canonical":"https:\/\/denizcankizil.tr\/uk\/haberler\/gundem\/sehit-olan-bayram-senolun-babasi-hayatini-kaybetti\/","og_locale":"uk_UA","og_type":"article","og_title":"\u015eehit olan Bayram \u015eenol'un babas\u0131 hayat\u0131n\u0131 kaybetti","og_description":"A\u011fr\u0131&#8217;da 1993 y\u0131l\u0131nda P*K&#8217;l\u0131 ter\u00f6ristlerle girdi\u011fi \u00e7at\u0131\u015fmada \u015fehit olan Piyade Er Bayram \u015eenol&#8217;un il\u00e7eye ba\u011fl\u0131 Ba\u011f\u0131ll\u0131 k\u00f6y\u00fcnde ya\u015fayan babas\u0131 Durmu\u015f \u015eenol, evinde rahats\u0131zland\u0131. Bug\u00fcn sabah saatlerinde ambulansla E\u011firdir Kemik Eklem Hastal\u0131klar\u0131 Hastanesi aciline getirilen Durmu\u015f \u015eenol burada ge\u00e7irdi\u011fi kalp krizi sonucu hayat\u0131n\u0131 kaybetti. SON YOLCULU\u011eUNA U\u011eURLANACAK Durmu\u015f \u015eenol&#8217;un cenazesi bug\u00fcn ikindi vakti Ba\u011f\u0131ll\u0131 k\u00f6y\u00fcnde topra\u011fa verilecek. E\u011firdir Kaymakam\u0131 \u00d6mer \u00c7im\u015fit, E\u011firdir Da\u011f Komando Okulu ve E\u011fitim Merkezi Komutan\u0131 Tu\u011fgeneral Ahmet A\u015f\u0131k ve E\u011firdir Belediye Ba\u015fkan\u0131 Mustafa \u00d6zer ge\u00e7en g\u00fcnlerde Piyade Er Bayram \u015eenol&#8217;un ailesini Ba\u011f\u0131ll\u0131 k\u00f6y\u00fcndeki evinde ziyaret etmi\u015fti. \u200bA\u011fr\u0131\u2019da 1993 y\u0131l\u0131nda y\u0131l\u0131nda P*K&#8217;l\u0131 t*r\u00f6ristlerle girdi\u011fi \u00e7at\u0131\u015fmada \u015fehit olan Piyade Er Bayram \u015eenol&#8217;un babas\u0131 Durmu\u015f \u015eenol (84), ge\u00e7irdi\u011fi kalp krizi sonucu Isparta\u2019da hayat\u0131n\u0131 kaybetti.\u00a0 \u200bHaberin Al\u0131nt\u0131land\u0131\u011f\u0131 Kaynak: www.antalyakorfez.com","og_url":"https:\/\/denizcankizil.tr\/uk\/haberler\/gundem\/sehit-olan-bayram-senolun-babasi-hayatini-kaybetti\/","og_site_name":"Av. Deniz Can K\u0131z\u0131l","article_published_time":"2025-05-01T11:42:02+00:00","author":"Antalya K\u00f6rfez","twitter_card":"summary_large_image","twitter_misc":{"\u041d\u0430\u043f\u0438\u0441\u0430\u043d\u043e":"Antalya K\u00f6rfez","\u041f\u0440\u0438\u0431\u043b. \u0447\u0430\u0441 \u0447\u0438\u0442\u0430\u043d\u043d\u044f":"1 \u0445\u0432\u0438\u043b\u0438\u043d\u0430"},"schema":{"@context":"https:\/\/schema.org","@graph":[{"@type":"Article","@id":"https:\/\/denizcankizil.tr\/ru\/haberler\/gundem\/sehit-olan-bayram-senolun-babasi-hayatini-kaybetti\/#article","isPartOf":{"@id":"https:\/\/denizcankizil.tr\/ru\/haberler\/gundem\/sehit-olan-bayram-senolun-babasi-hayatini-kaybetti\/"},"author":{"name":"Antalya K\u00f6rfez","@id":"https:\/\/denizcankizil.tr\/de\/#\/schema\/person\/e1eb71bb4dd684d46563f0af307e1234"},"headline":"\u015eehit olan Bayram \u015eenol&#8217;un babas\u0131 hayat\u0131n\u0131 kaybetti","datePublished":"2025-05-01T11:42:02+00:00","mainEntityOfPage":{"@id":"https:\/\/denizcankizil.tr\/ru\/haberler\/gundem\/sehit-olan-bayram-senolun-babasi-hayatini-kaybetti\/"},"wordCount":191,"publisher":{"@id":"https:\/\/denizcankizil.tr\/de\/#organization"},"articleSection":["G\u00fcndem"],"inLanguage":"uk"},{"@type":"WebPage","@id":"https:\/\/denizcankizil.tr\/ru\/haberler\/gundem\/sehit-olan-bayram-senolun-babasi-hayatini-kaybetti\/","url":"https:\/\/denizcankizil.tr\/ru\/haberler\/gundem\/sehit-olan-bayram-senolun-babasi-hayatini-kaybetti\/","name":"\u015eehit olan Bayram \u015eenol'un babas\u0131 hayat\u0131n\u0131 kaybetti - Av. Deniz Can K\u0131z\u0131l","isPartOf":{"@id":"https:\/\/denizcankizil.tr\/de\/#website"},"datePublished":"2025-05-01T11:42:02+00:00","breadcrumb":{"@id":"https:\/\/denizcankizil.tr\/ru\/haberler\/gundem\/sehit-olan-bayram-senolun-babasi-hayatini-kaybetti\/#breadcrumb"},"inLanguage":"uk","potentialAction":[{"@type":"ReadAction","target":["https:\/\/denizcankizil.tr\/ru\/haberler\/gundem\/sehit-olan-bayram-senolun-babasi-hayatini-kaybetti\/"]}]},{"@type":"BreadcrumbList","@id":"https:\/\/denizcankizil.tr\/ru\/haberler\/gundem\/sehit-olan-bayram-senolun-babasi-hayatini-kaybetti\/#breadcrumb","itemListElement":[{"@type":"ListItem","position":1,"name":"Home","item":"https:\/\/denizcankizil.tr\/de\/"},{"@type":"ListItem","position":2,"name":"\u015eehit olan Bayram \u015eenol&#8217;un babas\u0131 hayat\u0131n\u0131 kaybetti"}]},{"@type":"WebSite","@id":"https:\/\/denizcankizil.tr\/de\/#website","url":"https:\/\/denizcankizil.tr\/de\/","name":"Av. Deniz Can K\u0131z\u0131l","description":"Avukat Deniz Can K\u0131z\u0131l Antalya Barosu","publisher":{"@id":"https:\/\/denizcankizil.tr\/de\/#organization"},"potentialAction":[{"@type":"SearchAction","target":{"@type":"EntryPoint","urlTemplate":"https:\/\/denizcankizil.tr\/de\/?s={search_term_string}"},"query-input":{"@type":"PropertyValueSpecification","valueRequired":true,"valueName":"search_term_string"}}],"inLanguage":"uk"},{"@type":"Organization","@id":"https:\/\/denizcankizil.tr\/de\/#organization","name":"Av. Deniz Can K\u0131z\u0131l","url":"https:\/\/denizcankizil.tr\/de\/","logo":{"@type":"ImageObject","inLanguage":"uk","@id":"https:\/\/denizcankizil.tr\/de\/#\/schema\/logo\/image\/","url":"https:\/\/denizcankizil.tr\/wp-content\/uploads\/2024\/10\/siyah-logo-svg.svg","contentUrl":"https:\/\/denizcankizil.tr\/wp-content\/uploads\/2024\/10\/siyah-logo-svg.svg","width":1080,"height":1080,"caption":"Av. Deniz Can K\u0131z\u0131l"},"image":{"@id":"https:\/\/denizcankizil.tr\/de\/#\/schema\/logo\/image\/"}},{"@type":"Person","@id":"https:\/\/denizcankizil.tr\/de\/#\/schema\/person\/e1eb71bb4dd684d46563f0af307e1234","name":"Antalya K\u00f6rfez","image":{"@type":"ImageObject","inLanguage":"uk","@id":"https:\/\/denizcankizil.tr\/de\/#\/schema\/person\/image\/","url":"https:\/\/secure.gravatar.com\/avatar\/42b01982558a48a0b501fdcab6a408d3717ea5919095ee2e67b0e521799c5905?s=96&d=mm&r=g","contentUrl":"https:\/\/secure.gravatar.com\/avatar\/42b01982558a48a0b501fdcab6a408d3717ea5919095ee2e67b0e521799c5905?s=96&d=mm&r=g","caption":"Antalya K\u00f6rfez"},"sameAs":["http:\/\/www.antalyakorfez.com"],"url":"https:\/\/www.antalyakorfez.com\/sehit-olan-bayram-senolun-babasi-hayatini-kaybetti"}]}},"_links":{"self":[{"href":"https:\/\/denizcankizil.tr\/uk\/wp-json\/wp\/v2\/posts\/72545","targetHints":{"allow":["GET"]}}],"collection":[{"href":"https:\/\/denizcankizil.tr\/uk\/wp-json\/wp\/v2\/posts"}],"about":[{"href":"https:\/\/denizcankizil.tr\/uk\/wp-json\/wp\/v2\/types\/post"}],"author":[{"embeddable":true,"href":"https:\/\/denizcankizil.tr\/uk\/wp-json\/wp\/v2\/users\/5"}],"replies":[{"embeddable":true,"href":"https:\/\/denizcankizil.tr\/uk\/wp-json\/wp\/v2\/comments?post=72545"}],"version-history":[{"count":0,"href":"https:\/\/denizcankizil.tr\/uk\/wp-json\/wp\/v2\/posts\/72545\/revisions"}],"wp:attachment":[{"href":"https:\/\/denizcankizil.tr\/uk\/wp-json\/wp\/v2\/media?parent=72545"}],"wp:term":[{"taxonomy":"category","embeddable":true,"href":"https:\/\/denizcankizil.tr\/uk\/wp-json\/wp\/v2\/categories?post=72545"},{"taxonomy":"post_tag","embeddable":true,"href":"https:\/\/denizcankizil.tr\/uk\/wp-json\/wp\/v2\/tags?post=72545"}],"curies":[{"name":"wp","href":"https:\/\/api.w.org\/{rel}","templated":true}]}}