{"id":71630,"date":"2025-04-30T16:42:28","date_gmt":"2025-04-30T13:42:28","guid":{"rendered":"https:\/\/denizcankizil.tr\/uncategorized-tr\/igc-eczaci-teknisyenleri-gununu-kutladi\/"},"modified":"2025-04-30T16:42:28","modified_gmt":"2025-04-30T13:42:28","slug":"igc-eczaci-teknisyenleri-gununu-kutladi","status":"publish","type":"post","link":"https:\/\/denizcankizil.tr\/uk\/haberler\/gundem\/igc-eczaci-teknisyenleri-gununu-kutladi\/","title":{"rendered":"\u0130GC Eczac\u0131 Teknisyenleri G\u00fcn\u00fcn\u00fc Kutlad\u0131"},"content":{"rendered":"<p>Eczac\u0131 teknisyenlerinin, sa\u011fl\u0131k sisteminin \u00e7ok \u00f6nemli bir par\u00e7as\u0131 oldu\u011funu s\u00f6yleyen \u0130GC Ba\u015fkan\u0131 Diyap Atar; \u201cEczac\u0131 teknisyenleri, sa\u011fl\u0131k hizmetlerinin etkin y\u00fcr\u00fct\u00fclmesi ile birlikte hasta memnuniyetinin sa\u011flanmas\u0131nda da kritik rol oynuyor. Bu nedenle yapt\u0131\u011f\u0131n\u0131z i\u015f b\u00fcy\u00fck \u00f6nem ta\u015f\u0131yor. Dernek olarak verdi\u011finiz hizmetlerin yan\u0131 s\u0131ra yapt\u0131\u011f\u0131n\u0131z sosyal sorumluluk projeleriniz ile de tabela derne\u011fi olmad\u0131\u011f\u0131n\u0131z\u0131 her f\u0131rsatta bir kez daha g\u00f6steriyorsunuz. Bu vesile ile ba\u015far\u0131l\u0131 \u00e7al\u0131\u015fmalar\u0131n\u0131z\u0131n devam\u0131n\u0131 diliyorum\u201d diye konu\u015ftu.<\/p>\n<p>Ger\u00e7ekle\u015ftirilen ziyaretten \u00f6t\u00fcr\u00fc duydu\u011fu memnuniyeti dile getiren \u0130skenderun Eczane Teknisyenler Derne\u011fi Ba\u015fkan\u0131 ve Akdeniz Federasyon Ba\u015fkan\u0131 Cemal \u00c7elik \u00a0\u201cBirbirinden de\u011ferli gazeteci dostlar\u0131m\u0131z\u0131 a\u011f\u0131rlamaktan mutluluk duyuyoruz. Bu dostluk bize g\u00fc\u00e7 veriyor iyi ki vars\u0131n\u0131z\u201d dedi.<\/p>\n<p>Yedi y\u0131ld\u0131r kutlanmakta olan Eczane Teknisyenleri ve Teknikerleri G\u00fcn\u00fc\u2019nde bu y\u0131l yo\u011fun kat\u0131l\u0131mla An\u0131tkabir\u2019de Ata\u2019n\u0131n huzuruna \u00e7\u0131kt\u0131klar\u0131n\u0131 da ifade eden Ba\u015fkan \u00c7elik; \u201cHer y\u0131l co\u015fkuyla kutlad\u0131\u011f\u0131m\u0131z Eczane Teknisyenleri G\u00fcn\u00fcn\u00fc bu y\u0131l konfederasyon, federasyon ve derneklerimizin ortak karar\u0131yla; An\u0131tkabir\u2019de, Atam\u0131z\u0131n huzurunda ger\u00e7ekle\u015ftirdik. Muhte\u015fem bir kat\u0131l\u0131m ve co\u015fkulu bir atmosferle bu anlaml\u0131 g\u00fcn\u00fc ta\u00e7land\u0131rd\u0131k. Harika bir kutlama oldu, Ankara&#8217;da gala gecesi de yap\u0131ld\u0131\u201d de\u011ferlendirmesinde bulundu.<\/p>\n<p>\u0130skenderun Eczane Teknisyenler Derne\u011fi Onursal Ba\u015fkan\u0131 Genel Cerrahi Uzman\u0131 Opr. Dr. Y\u0131lmaz \u015eahuto\u011flu\u2019da ziyarette bulunarak\u00a0 \u00c7elik ve y\u00f6netiminin g\u00fcnlerini kutlad\u0131.<\/p>\n<p>\u00a0\u015eahuto\u011flu, \u201cDernek olarak herkesi kucakl\u0131yorsunuz, her zaman sahada aktif rol al\u0131yorsunuz. Yapt\u0131\u011f\u0131n\u0131z \u00e7al\u0131\u015fmalar\u0131 ve hayata ge\u00e7irdi\u011finiz projeleri yak\u0131ndan takip ediyoruz ve bu \u00e7al\u0131\u015fmalar\u0131n\u0131zdan \u00f6t\u00fcr\u00fc sizleri takdir ediyoruz\u201d diye konu\u015ftu.<\/p>\n<p>\u200b\u0130skenderun Gazeteciler Cemiyeti (\u0130GC) Ba\u015fkan\u0131 Diyap Atar ve y\u00f6netimi, Eczane Teknisyenleri ve Teknikerleri G\u00fcn\u00fc dolay\u0131s\u0131yla \u0130skenderun Eczane Teknisyenler Derne\u011fi Ba\u015fkan\u0131 ve Akdeniz Federasyon Ba\u015fkan\u0131 Cemal \u00c7elik ile y\u00f6netimini ziyaret etti.\u00a0<\/p>\n<p>\u200bHaberin Al\u0131nt\u0131land\u0131\u011f\u0131 Kaynak: www.iskenderun.org<\/p>","protected":false},"excerpt":{"rendered":"<p>Eczac\u0131 teknisyenlerinin, sa\u011fl\u0131k sisteminin \u00e7ok \u00f6nemli bir par\u00e7as\u0131 oldu\u011funu s\u00f6yleyen \u0130GC Ba\u015fkan\u0131 Diyap Atar; \u201cEczac\u0131 teknisyenleri, sa\u011fl\u0131k hizmetlerinin etkin y\u00fcr\u00fct\u00fclmesi ile birlikte hasta memnuniyetinin sa\u011flanmas\u0131nda da kritik rol oynuyor. Bu nedenle yapt\u0131\u011f\u0131n\u0131z i\u015f b\u00fcy\u00fck \u00f6nem ta\u015f\u0131yor. Dernek olarak verdi\u011finiz hizmetlerin yan\u0131 s\u0131ra yapt\u0131\u011f\u0131n\u0131z sosyal sorumluluk projeleriniz ile de tabela derne\u011fi olmad\u0131\u011f\u0131n\u0131z\u0131 her f\u0131rsatta bir kez daha g\u00f6steriyorsunuz. Bu vesile ile ba\u015far\u0131l\u0131 \u00e7al\u0131\u015fmalar\u0131n\u0131z\u0131n devam\u0131n\u0131 diliyorum\u201d diye konu\u015ftu. Ger\u00e7ekle\u015ftirilen ziyaretten \u00f6t\u00fcr\u00fc duydu\u011fu memnuniyeti dile getiren \u0130skenderun Eczane Teknisyenler Derne\u011fi Ba\u015fkan\u0131 ve Akdeniz Federasyon Ba\u015fkan\u0131 Cemal \u00c7elik \u00a0\u201cBirbirinden de\u011ferli gazeteci dostlar\u0131m\u0131z\u0131 a\u011f\u0131rlamaktan mutluluk duyuyoruz. Bu dostluk bize g\u00fc\u00e7 veriyor iyi ki vars\u0131n\u0131z\u201d dedi. Yedi y\u0131ld\u0131r kutlanmakta olan Eczane Teknisyenleri ve Teknikerleri G\u00fcn\u00fc\u2019nde bu y\u0131l yo\u011fun kat\u0131l\u0131mla An\u0131tkabir\u2019de Ata\u2019n\u0131n huzuruna \u00e7\u0131kt\u0131klar\u0131n\u0131 da ifade eden Ba\u015fkan \u00c7elik; \u201cHer y\u0131l co\u015fkuyla kutlad\u0131\u011f\u0131m\u0131z Eczane Teknisyenleri G\u00fcn\u00fcn\u00fc bu y\u0131l konfederasyon, federasyon ve derneklerimizin ortak karar\u0131yla; An\u0131tkabir\u2019de, Atam\u0131z\u0131n huzurunda ger\u00e7ekle\u015ftirdik. Muhte\u015fem bir kat\u0131l\u0131m ve co\u015fkulu bir atmosferle bu anlaml\u0131 g\u00fcn\u00fc ta\u00e7land\u0131rd\u0131k. Harika bir kutlama oldu, Ankara&#8217;da gala gecesi de yap\u0131ld\u0131\u201d de\u011ferlendirmesinde bulundu. \u0130skenderun Eczane Teknisyenler Derne\u011fi Onursal Ba\u015fkan\u0131 Genel Cerrahi Uzman\u0131 Opr. Dr. Y\u0131lmaz \u015eahuto\u011flu\u2019da ziyarette bulunarak\u00a0 \u00c7elik ve y\u00f6netiminin g\u00fcnlerini kutlad\u0131. \u00a0\u015eahuto\u011flu, \u201cDernek olarak herkesi kucakl\u0131yorsunuz, her zaman sahada aktif rol al\u0131yorsunuz. Yapt\u0131\u011f\u0131n\u0131z \u00e7al\u0131\u015fmalar\u0131 ve hayata ge\u00e7irdi\u011finiz projeleri &hellip;<\/p>","protected":false},"author":1,"featured_media":0,"comment_status":"","ping_status":"open","sticky":false,"template":"","format":"standard","meta":{"_acf_changed":false,"footnotes":""},"categories":[24],"tags":[],"class_list":["post-71630","post","type-post","status-publish","format-standard","has-post-thumbnail","hentry","category-gundem"],"acf":[],"yoast_head":"<!-- This site is optimized with the Yoast SEO Premium plugin v26.6 (Yoast SEO v27.1.1) - https:\/\/yoast.com\/product\/yoast-seo-premium-wordpress\/ -->\n<title>\u0130GC Eczac\u0131 Teknisyenleri G\u00fcn\u00fcn\u00fc Kutlad\u0131 - Av. Deniz Can K\u0131z\u0131l<\/title>\n<meta name=\"robots\" content=\"index, follow, max-snippet:-1, max-image-preview:large, max-video-preview:-1\" \/>\n<link rel=\"canonical\" href=\"http:\/\/denizcankizil.tr\/uk\/haberler\/gundem\/igc-eczaci-teknisyenleri-gununu-kutladi\/\" \/>\n<meta property=\"og:locale\" content=\"uk_UA\" \/>\n<meta property=\"og:type\" content=\"article\" \/>\n<meta property=\"og:title\" content=\"\u0130GC Eczac\u0131 Teknisyenleri G\u00fcn\u00fcn\u00fc Kutlad\u0131\" \/>\n<meta property=\"og:description\" content=\"Eczac\u0131 teknisyenlerinin, sa\u011fl\u0131k sisteminin \u00e7ok \u00f6nemli bir par\u00e7as\u0131 oldu\u011funu s\u00f6yleyen \u0130GC Ba\u015fkan\u0131 Diyap Atar; \u201cEczac\u0131 teknisyenleri, sa\u011fl\u0131k hizmetlerinin etkin y\u00fcr\u00fct\u00fclmesi ile birlikte hasta memnuniyetinin sa\u011flanmas\u0131nda da kritik rol oynuyor. Bu nedenle yapt\u0131\u011f\u0131n\u0131z i\u015f b\u00fcy\u00fck \u00f6nem ta\u015f\u0131yor. Dernek olarak verdi\u011finiz hizmetlerin yan\u0131 s\u0131ra yapt\u0131\u011f\u0131n\u0131z sosyal sorumluluk projeleriniz ile de tabela derne\u011fi olmad\u0131\u011f\u0131n\u0131z\u0131 her f\u0131rsatta bir kez daha g\u00f6steriyorsunuz. Bu vesile ile ba\u015far\u0131l\u0131 \u00e7al\u0131\u015fmalar\u0131n\u0131z\u0131n devam\u0131n\u0131 diliyorum\u201d diye konu\u015ftu. Ger\u00e7ekle\u015ftirilen ziyaretten \u00f6t\u00fcr\u00fc duydu\u011fu memnuniyeti dile getiren \u0130skenderun Eczane Teknisyenler Derne\u011fi Ba\u015fkan\u0131 ve Akdeniz Federasyon Ba\u015fkan\u0131 Cemal \u00c7elik \u00a0\u201cBirbirinden de\u011ferli gazeteci dostlar\u0131m\u0131z\u0131 a\u011f\u0131rlamaktan mutluluk duyuyoruz. Bu dostluk bize g\u00fc\u00e7 veriyor iyi ki vars\u0131n\u0131z\u201d dedi. Yedi y\u0131ld\u0131r kutlanmakta olan Eczane Teknisyenleri ve Teknikerleri G\u00fcn\u00fc\u2019nde bu y\u0131l yo\u011fun kat\u0131l\u0131mla An\u0131tkabir\u2019de Ata\u2019n\u0131n huzuruna \u00e7\u0131kt\u0131klar\u0131n\u0131 da ifade eden Ba\u015fkan \u00c7elik; \u201cHer y\u0131l co\u015fkuyla kutlad\u0131\u011f\u0131m\u0131z Eczane Teknisyenleri G\u00fcn\u00fcn\u00fc bu y\u0131l konfederasyon, federasyon ve derneklerimizin ortak karar\u0131yla; An\u0131tkabir\u2019de, Atam\u0131z\u0131n huzurunda ger\u00e7ekle\u015ftirdik. Muhte\u015fem bir kat\u0131l\u0131m ve co\u015fkulu bir atmosferle bu anlaml\u0131 g\u00fcn\u00fc ta\u00e7land\u0131rd\u0131k. Harika bir kutlama oldu, Ankara&#8217;da gala gecesi de yap\u0131ld\u0131\u201d de\u011ferlendirmesinde bulundu. \u0130skenderun Eczane Teknisyenler Derne\u011fi Onursal Ba\u015fkan\u0131 Genel Cerrahi Uzman\u0131 Opr. Dr. Y\u0131lmaz \u015eahuto\u011flu\u2019da ziyarette bulunarak\u00a0 \u00c7elik ve y\u00f6netiminin g\u00fcnlerini kutlad\u0131. \u00a0\u015eahuto\u011flu, \u201cDernek olarak herkesi kucakl\u0131yorsunuz, her zaman sahada aktif rol al\u0131yorsunuz. Yapt\u0131\u011f\u0131n\u0131z \u00e7al\u0131\u015fmalar\u0131 ve hayata ge\u00e7irdi\u011finiz projeleri &hellip;\" \/>\n<meta property=\"og:url\" content=\"http:\/\/denizcankizil.tr\/uk\/haberler\/gundem\/igc-eczaci-teknisyenleri-gununu-kutladi\/\" \/>\n<meta property=\"og:site_name\" content=\"Av. Deniz Can K\u0131z\u0131l\" \/>\n<meta property=\"article:published_time\" content=\"2025-04-30T13:42:28+00:00\" \/>\n<meta name=\"author\" content=\"admin\" \/>\n<meta name=\"twitter:card\" content=\"summary_large_image\" \/>\n<meta name=\"twitter:label1\" content=\"\u041d\u0430\u043f\u0438\u0441\u0430\u043d\u043e\" \/>\n\t<meta name=\"twitter:data1\" content=\"admin\" \/>\n\t<meta name=\"twitter:label2\" content=\"\u041f\u0440\u0438\u0431\u043b. \u0447\u0430\u0441 \u0447\u0438\u0442\u0430\u043d\u043d\u044f\" \/>\n\t<meta name=\"twitter:data2\" content=\"2 \u0445\u0432\u0438\u043b\u0438\u043d\u0438\" \/>\n<script type=\"application\/ld+json\" class=\"yoast-schema-graph\">{\"@context\":\"https:\/\/schema.org\",\"@graph\":[{\"@type\":\"Article\",\"@id\":\"http:\/\/denizcankizil.tr\/de\/haberler\/gundem\/igc-eczaci-teknisyenleri-gununu-kutladi\/#article\",\"isPartOf\":{\"@id\":\"http:\/\/denizcankizil.tr\/de\/haberler\/gundem\/igc-eczaci-teknisyenleri-gununu-kutladi\/\"},\"author\":{\"name\":\"admin\",\"@id\":\"https:\/\/denizcankizil.tr\/de\/#\/schema\/person\/be3c05fe6a12686905512445d8185489\"},\"headline\":\"\u0130GC Eczac\u0131 Teknisyenleri G\u00fcn\u00fcn\u00fc Kutlad\u0131\",\"datePublished\":\"2025-04-30T13:42:28+00:00\",\"mainEntityOfPage\":{\"@id\":\"http:\/\/denizcankizil.tr\/de\/haberler\/gundem\/igc-eczaci-teknisyenleri-gununu-kutladi\/\"},\"wordCount\":375,\"publisher\":{\"@id\":\"https:\/\/denizcankizil.tr\/de\/#organization\"},\"articleSection\":[\"G\u00fcndem\"],\"inLanguage\":\"uk\"},{\"@type\":\"WebPage\",\"@id\":\"http:\/\/denizcankizil.tr\/de\/haberler\/gundem\/igc-eczaci-teknisyenleri-gununu-kutladi\/\",\"url\":\"http:\/\/denizcankizil.tr\/de\/haberler\/gundem\/igc-eczaci-teknisyenleri-gununu-kutladi\/\",\"name\":\"\u0130GC Eczac\u0131 Teknisyenleri G\u00fcn\u00fcn\u00fc Kutlad\u0131 - Av. Deniz Can K\u0131z\u0131l\",\"isPartOf\":{\"@id\":\"https:\/\/denizcankizil.tr\/de\/#website\"},\"datePublished\":\"2025-04-30T13:42:28+00:00\",\"breadcrumb\":{\"@id\":\"http:\/\/denizcankizil.tr\/de\/haberler\/gundem\/igc-eczaci-teknisyenleri-gununu-kutladi\/#breadcrumb\"},\"inLanguage\":\"uk\",\"potentialAction\":[{\"@type\":\"ReadAction\",\"target\":[\"http:\/\/denizcankizil.tr\/de\/haberler\/gundem\/igc-eczaci-teknisyenleri-gununu-kutladi\/\"]}]},{\"@type\":\"BreadcrumbList\",\"@id\":\"http:\/\/denizcankizil.tr\/de\/haberler\/gundem\/igc-eczaci-teknisyenleri-gununu-kutladi\/#breadcrumb\",\"itemListElement\":[{\"@type\":\"ListItem\",\"position\":1,\"name\":\"Home\",\"item\":\"https:\/\/denizcankizil.tr\/de\/\"},{\"@type\":\"ListItem\",\"position\":2,\"name\":\"\u0130GC Eczac\u0131 Teknisyenleri G\u00fcn\u00fcn\u00fc Kutlad\u0131\"}]},{\"@type\":\"WebSite\",\"@id\":\"https:\/\/denizcankizil.tr\/de\/#website\",\"url\":\"https:\/\/denizcankizil.tr\/de\/\",\"name\":\"Av. Deniz Can K\u0131z\u0131l\",\"description\":\"Avukat Deniz Can K\u0131z\u0131l Antalya Barosu\",\"publisher\":{\"@id\":\"https:\/\/denizcankizil.tr\/de\/#organization\"},\"potentialAction\":[{\"@type\":\"SearchAction\",\"target\":{\"@type\":\"EntryPoint\",\"urlTemplate\":\"https:\/\/denizcankizil.tr\/de\/?s={search_term_string}\"},\"query-input\":{\"@type\":\"PropertyValueSpecification\",\"valueRequired\":true,\"valueName\":\"search_term_string\"}}],\"inLanguage\":\"uk\"},{\"@type\":\"Organization\",\"@id\":\"https:\/\/denizcankizil.tr\/de\/#organization\",\"name\":\"Av. Deniz Can K\u0131z\u0131l\",\"url\":\"https:\/\/denizcankizil.tr\/de\/\",\"logo\":{\"@type\":\"ImageObject\",\"inLanguage\":\"uk\",\"@id\":\"https:\/\/denizcankizil.tr\/de\/#\/schema\/logo\/image\/\",\"url\":\"https:\/\/denizcankizil.tr\/wp-content\/uploads\/2024\/10\/siyah-logo-svg.svg\",\"contentUrl\":\"https:\/\/denizcankizil.tr\/wp-content\/uploads\/2024\/10\/siyah-logo-svg.svg\",\"width\":1080,\"height\":1080,\"caption\":\"Av. Deniz Can K\u0131z\u0131l\"},\"image\":{\"@id\":\"https:\/\/denizcankizil.tr\/de\/#\/schema\/logo\/image\/\"}},{\"@type\":\"Person\",\"@id\":\"https:\/\/denizcankizil.tr\/de\/#\/schema\/person\/be3c05fe6a12686905512445d8185489\",\"name\":\"admin\",\"image\":{\"@type\":\"ImageObject\",\"inLanguage\":\"uk\",\"@id\":\"https:\/\/denizcankizil.tr\/de\/#\/schema\/person\/image\/\",\"url\":\"https:\/\/secure.gravatar.com\/avatar\/c1fce94c830dc79107e174f890d7210541c4a63e8e5d816341794a2151c9d58c?s=96&d=mm&r=g\",\"contentUrl\":\"https:\/\/secure.gravatar.com\/avatar\/c1fce94c830dc79107e174f890d7210541c4a63e8e5d816341794a2151c9d58c?s=96&d=mm&r=g\",\"caption\":\"admin\"},\"sameAs\":[\"http:\/\/denizcankizil.tr\"],\"url\":\"https:\/\/www.iskenderun.org\/igc-eczaci-teknisyenleri-gununu-kutladi\"}]}<\/script>\n<!-- \/ Yoast SEO Premium plugin. -->","yoast_head_json":{"title":"\u0130GC Eczac\u0131 Teknisyenleri G\u00fcn\u00fcn\u00fc Kutlad\u0131 - Av. Deniz Can K\u0131z\u0131l","robots":{"index":"index","follow":"follow","max-snippet":"max-snippet:-1","max-image-preview":"max-image-preview:large","max-video-preview":"max-video-preview:-1"},"canonical":"http:\/\/denizcankizil.tr\/uk\/haberler\/gundem\/igc-eczaci-teknisyenleri-gununu-kutladi\/","og_locale":"uk_UA","og_type":"article","og_title":"\u0130GC Eczac\u0131 Teknisyenleri G\u00fcn\u00fcn\u00fc Kutlad\u0131","og_description":"Eczac\u0131 teknisyenlerinin, sa\u011fl\u0131k sisteminin \u00e7ok \u00f6nemli bir par\u00e7as\u0131 oldu\u011funu s\u00f6yleyen \u0130GC Ba\u015fkan\u0131 Diyap Atar; \u201cEczac\u0131 teknisyenleri, sa\u011fl\u0131k hizmetlerinin etkin y\u00fcr\u00fct\u00fclmesi ile birlikte hasta memnuniyetinin sa\u011flanmas\u0131nda da kritik rol oynuyor. Bu nedenle yapt\u0131\u011f\u0131n\u0131z i\u015f b\u00fcy\u00fck \u00f6nem ta\u015f\u0131yor. Dernek olarak verdi\u011finiz hizmetlerin yan\u0131 s\u0131ra yapt\u0131\u011f\u0131n\u0131z sosyal sorumluluk projeleriniz ile de tabela derne\u011fi olmad\u0131\u011f\u0131n\u0131z\u0131 her f\u0131rsatta bir kez daha g\u00f6steriyorsunuz. Bu vesile ile ba\u015far\u0131l\u0131 \u00e7al\u0131\u015fmalar\u0131n\u0131z\u0131n devam\u0131n\u0131 diliyorum\u201d diye konu\u015ftu. Ger\u00e7ekle\u015ftirilen ziyaretten \u00f6t\u00fcr\u00fc duydu\u011fu memnuniyeti dile getiren \u0130skenderun Eczane Teknisyenler Derne\u011fi Ba\u015fkan\u0131 ve Akdeniz Federasyon Ba\u015fkan\u0131 Cemal \u00c7elik \u00a0\u201cBirbirinden de\u011ferli gazeteci dostlar\u0131m\u0131z\u0131 a\u011f\u0131rlamaktan mutluluk duyuyoruz. Bu dostluk bize g\u00fc\u00e7 veriyor iyi ki vars\u0131n\u0131z\u201d dedi. Yedi y\u0131ld\u0131r kutlanmakta olan Eczane Teknisyenleri ve Teknikerleri G\u00fcn\u00fc\u2019nde bu y\u0131l yo\u011fun kat\u0131l\u0131mla An\u0131tkabir\u2019de Ata\u2019n\u0131n huzuruna \u00e7\u0131kt\u0131klar\u0131n\u0131 da ifade eden Ba\u015fkan \u00c7elik; \u201cHer y\u0131l co\u015fkuyla kutlad\u0131\u011f\u0131m\u0131z Eczane Teknisyenleri G\u00fcn\u00fcn\u00fc bu y\u0131l konfederasyon, federasyon ve derneklerimizin ortak karar\u0131yla; An\u0131tkabir\u2019de, Atam\u0131z\u0131n huzurunda ger\u00e7ekle\u015ftirdik. Muhte\u015fem bir kat\u0131l\u0131m ve co\u015fkulu bir atmosferle bu anlaml\u0131 g\u00fcn\u00fc ta\u00e7land\u0131rd\u0131k. Harika bir kutlama oldu, Ankara&#8217;da gala gecesi de yap\u0131ld\u0131\u201d de\u011ferlendirmesinde bulundu. \u0130skenderun Eczane Teknisyenler Derne\u011fi Onursal Ba\u015fkan\u0131 Genel Cerrahi Uzman\u0131 Opr. Dr. Y\u0131lmaz \u015eahuto\u011flu\u2019da ziyarette bulunarak\u00a0 \u00c7elik ve y\u00f6netiminin g\u00fcnlerini kutlad\u0131. \u00a0\u015eahuto\u011flu, \u201cDernek olarak herkesi kucakl\u0131yorsunuz, her zaman sahada aktif rol al\u0131yorsunuz. Yapt\u0131\u011f\u0131n\u0131z \u00e7al\u0131\u015fmalar\u0131 ve hayata ge\u00e7irdi\u011finiz projeleri &hellip;","og_url":"http:\/\/denizcankizil.tr\/uk\/haberler\/gundem\/igc-eczaci-teknisyenleri-gununu-kutladi\/","og_site_name":"Av. Deniz Can K\u0131z\u0131l","article_published_time":"2025-04-30T13:42:28+00:00","author":"admin","twitter_card":"summary_large_image","twitter_misc":{"\u041d\u0430\u043f\u0438\u0441\u0430\u043d\u043e":"admin","\u041f\u0440\u0438\u0431\u043b. \u0447\u0430\u0441 \u0447\u0438\u0442\u0430\u043d\u043d\u044f":"2 \u0445\u0432\u0438\u043b\u0438\u043d\u0438"},"schema":{"@context":"https:\/\/schema.org","@graph":[{"@type":"Article","@id":"http:\/\/denizcankizil.tr\/de\/haberler\/gundem\/igc-eczaci-teknisyenleri-gununu-kutladi\/#article","isPartOf":{"@id":"http:\/\/denizcankizil.tr\/de\/haberler\/gundem\/igc-eczaci-teknisyenleri-gununu-kutladi\/"},"author":{"name":"admin","@id":"https:\/\/denizcankizil.tr\/de\/#\/schema\/person\/be3c05fe6a12686905512445d8185489"},"headline":"\u0130GC Eczac\u0131 Teknisyenleri G\u00fcn\u00fcn\u00fc Kutlad\u0131","datePublished":"2025-04-30T13:42:28+00:00","mainEntityOfPage":{"@id":"http:\/\/denizcankizil.tr\/de\/haberler\/gundem\/igc-eczaci-teknisyenleri-gununu-kutladi\/"},"wordCount":375,"publisher":{"@id":"https:\/\/denizcankizil.tr\/de\/#organization"},"articleSection":["G\u00fcndem"],"inLanguage":"uk"},{"@type":"WebPage","@id":"http:\/\/denizcankizil.tr\/de\/haberler\/gundem\/igc-eczaci-teknisyenleri-gununu-kutladi\/","url":"http:\/\/denizcankizil.tr\/de\/haberler\/gundem\/igc-eczaci-teknisyenleri-gununu-kutladi\/","name":"\u0130GC Eczac\u0131 Teknisyenleri G\u00fcn\u00fcn\u00fc Kutlad\u0131 - Av. Deniz Can K\u0131z\u0131l","isPartOf":{"@id":"https:\/\/denizcankizil.tr\/de\/#website"},"datePublished":"2025-04-30T13:42:28+00:00","breadcrumb":{"@id":"http:\/\/denizcankizil.tr\/de\/haberler\/gundem\/igc-eczaci-teknisyenleri-gununu-kutladi\/#breadcrumb"},"inLanguage":"uk","potentialAction":[{"@type":"ReadAction","target":["http:\/\/denizcankizil.tr\/de\/haberler\/gundem\/igc-eczaci-teknisyenleri-gununu-kutladi\/"]}]},{"@type":"BreadcrumbList","@id":"http:\/\/denizcankizil.tr\/de\/haberler\/gundem\/igc-eczaci-teknisyenleri-gununu-kutladi\/#breadcrumb","itemListElement":[{"@type":"ListItem","position":1,"name":"Home","item":"https:\/\/denizcankizil.tr\/de\/"},{"@type":"ListItem","position":2,"name":"\u0130GC Eczac\u0131 Teknisyenleri G\u00fcn\u00fcn\u00fc Kutlad\u0131"}]},{"@type":"WebSite","@id":"https:\/\/denizcankizil.tr\/de\/#website","url":"https:\/\/denizcankizil.tr\/de\/","name":"Av. Deniz Can K\u0131z\u0131l","description":"Avukat Deniz Can K\u0131z\u0131l Antalya Barosu","publisher":{"@id":"https:\/\/denizcankizil.tr\/de\/#organization"},"potentialAction":[{"@type":"SearchAction","target":{"@type":"EntryPoint","urlTemplate":"https:\/\/denizcankizil.tr\/de\/?s={search_term_string}"},"query-input":{"@type":"PropertyValueSpecification","valueRequired":true,"valueName":"search_term_string"}}],"inLanguage":"uk"},{"@type":"Organization","@id":"https:\/\/denizcankizil.tr\/de\/#organization","name":"Av. Deniz Can K\u0131z\u0131l","url":"https:\/\/denizcankizil.tr\/de\/","logo":{"@type":"ImageObject","inLanguage":"uk","@id":"https:\/\/denizcankizil.tr\/de\/#\/schema\/logo\/image\/","url":"https:\/\/denizcankizil.tr\/wp-content\/uploads\/2024\/10\/siyah-logo-svg.svg","contentUrl":"https:\/\/denizcankizil.tr\/wp-content\/uploads\/2024\/10\/siyah-logo-svg.svg","width":1080,"height":1080,"caption":"Av. Deniz Can K\u0131z\u0131l"},"image":{"@id":"https:\/\/denizcankizil.tr\/de\/#\/schema\/logo\/image\/"}},{"@type":"Person","@id":"https:\/\/denizcankizil.tr\/de\/#\/schema\/person\/be3c05fe6a12686905512445d8185489","name":"\u0430\u0434\u043c\u0456\u043d","image":{"@type":"ImageObject","inLanguage":"uk","@id":"https:\/\/denizcankizil.tr\/de\/#\/schema\/person\/image\/","url":"https:\/\/secure.gravatar.com\/avatar\/c1fce94c830dc79107e174f890d7210541c4a63e8e5d816341794a2151c9d58c?s=96&d=mm&r=g","contentUrl":"https:\/\/secure.gravatar.com\/avatar\/c1fce94c830dc79107e174f890d7210541c4a63e8e5d816341794a2151c9d58c?s=96&d=mm&r=g","caption":"admin"},"sameAs":["http:\/\/denizcankizil.tr"],"url":"https:\/\/www.iskenderun.org\/igc-eczaci-teknisyenleri-gununu-kutladi"}]}},"_links":{"self":[{"href":"https:\/\/denizcankizil.tr\/uk\/wp-json\/wp\/v2\/posts\/71630","targetHints":{"allow":["GET"]}}],"collection":[{"href":"https:\/\/denizcankizil.tr\/uk\/wp-json\/wp\/v2\/posts"}],"about":[{"href":"https:\/\/denizcankizil.tr\/uk\/wp-json\/wp\/v2\/types\/post"}],"author":[{"embeddable":true,"href":"https:\/\/denizcankizil.tr\/uk\/wp-json\/wp\/v2\/users\/1"}],"replies":[{"embeddable":true,"href":"https:\/\/denizcankizil.tr\/uk\/wp-json\/wp\/v2\/comments?post=71630"}],"version-history":[{"count":0,"href":"https:\/\/denizcankizil.tr\/uk\/wp-json\/wp\/v2\/posts\/71630\/revisions"}],"wp:attachment":[{"href":"https:\/\/denizcankizil.tr\/uk\/wp-json\/wp\/v2\/media?parent=71630"}],"wp:term":[{"taxonomy":"category","embeddable":true,"href":"https:\/\/denizcankizil.tr\/uk\/wp-json\/wp\/v2\/categories?post=71630"},{"taxonomy":"post_tag","embeddable":true,"href":"https:\/\/denizcankizil.tr\/uk\/wp-json\/wp\/v2\/tags?post=71630"}],"curies":[{"name":"wp","href":"https:\/\/api.w.org\/{rel}","templated":true}]}}