{"id":71421,"date":"2025-04-30T13:41:14","date_gmt":"2025-04-30T10:41:14","guid":{"rendered":"https:\/\/denizcankizil.tr\/uncategorized-tr\/antalyada-feci-kaza-genc-surucu-hayatini-kaybetti\/"},"modified":"2025-04-30T13:41:14","modified_gmt":"2025-04-30T10:41:14","slug":"antalyada-feci-kaza-genc-surucu-hayatini-kaybetti","status":"publish","type":"post","link":"https:\/\/denizcankizil.tr\/uk\/haberler\/antalya\/antalyada-feci-kaza-genc-surucu-hayatini-kaybetti\/","title":{"rendered":"Antalya&#8217;da feci kaza: gen\u00e7 s\u00fcr\u00fcc\u00fc hayat\u0131n\u0131 kaybetti"},"content":{"rendered":"<p>Kaza, saat 07.30 s\u0131ralar\u0131nda \u015eafak Mahallesi Akdeniz Sanayi Sitesi 75. Y\u00fczy\u0131l Caddesi&#8217;nde meydana geldi. Edinilen bilgiye g\u00f6re, \u015fehir merkezi y\u00f6n\u00fcne seyreden G\u00f6rkem Tosun (25) idaresindeki 07 BMZ 730 plakal\u0131 Seat marka otomobil, kontrolden \u00e7\u0131k\u0131p yolun sa\u011f \u015feridinde park halindeki 07 MZV 63 plakal\u0131 kamyonete \u00e7arpt\u0131. \u00c7arpman\u0131n etkisiyle ara\u00e7ta s\u0131k\u0131\u015fan s\u00fcr\u00fcc\u00fc G\u00f6rkem Tosun ihbarla gelen itfaiye ekiplerince yakla\u015f\u0131k 1 saatte \u00e7\u0131kar\u0131ld\u0131. Sa\u011fl\u0131k ekiplerinin yapt\u0131\u011f\u0131 kontrollerde Tosun&#8217;un olay yerinde hayat\u0131n\u0131 kaybetti\u011fi belirlendi. Yap\u0131lan incelemelerin ard\u0131ndan gencin cans\u0131z bedeni, Antalya Adli T\u0131p Kurumu morguna kald\u0131r\u0131ld\u0131.<br \/>\nKaza an\u0131 ise \u00e7evredeki bir i\u015f yerlerinin g\u00fcvenlik kameras\u0131na anbean yans\u0131d\u0131. G\u00f6r\u00fcnt\u00fclerde Tosun&#8217;un kulland\u0131\u011f\u0131 otomobilin h\u0131zla sa\u011f \u015feritte park halindeki kamyonete \u00e7arpt\u0131\u011f\u0131 anlar yer ald\u0131.<\/p>\n<p>Kaynak: www.kanalv.com.tr Haber Sitesinden Al\u0131nm\u0131\u015ft\u0131r.<\/p>","protected":false},"excerpt":{"rendered":"<p>Kaza, saat 07.30 s\u0131ralar\u0131nda \u015eafak Mahallesi Akdeniz Sanayi Sitesi 75. Y\u00fczy\u0131l Caddesi&#8217;nde meydana geldi. Edinilen bilgiye g\u00f6re, \u015fehir merkezi y\u00f6n\u00fcne seyreden G\u00f6rkem Tosun (25) idaresindeki 07 BMZ 730 plakal\u0131 Seat marka otomobil, kontrolden \u00e7\u0131k\u0131p yolun sa\u011f \u015feridinde park halindeki 07 MZV 63 plakal\u0131 kamyonete \u00e7arpt\u0131. \u00c7arpman\u0131n etkisiyle ara\u00e7ta s\u0131k\u0131\u015fan s\u00fcr\u00fcc\u00fc G\u00f6rkem Tosun ihbarla gelen itfaiye ekiplerince yakla\u015f\u0131k 1 saatte \u00e7\u0131kar\u0131ld\u0131. Sa\u011fl\u0131k ekiplerinin yapt\u0131\u011f\u0131 kontrollerde Tosun&#8217;un olay yerinde hayat\u0131n\u0131 kaybetti\u011fi belirlendi. Yap\u0131lan incelemelerin ard\u0131ndan gencin cans\u0131z bedeni, Antalya Adli T\u0131p Kurumu morguna kald\u0131r\u0131ld\u0131. Kaza an\u0131 ise \u00e7evredeki bir i\u015f yerlerinin g\u00fcvenlik kameras\u0131na anbean yans\u0131d\u0131. G\u00f6r\u00fcnt\u00fclerde Tosun&#8217;un kulland\u0131\u011f\u0131 otomobilin h\u0131zla sa\u011f \u015feritte park halindeki kamyonete \u00e7arpt\u0131\u011f\u0131 anlar yer ald\u0131. Kaynak: www.kanalv.com.tr Haber Sitesinden Al\u0131nm\u0131\u015ft\u0131r.<\/p>","protected":false},"author":4,"featured_media":71422,"comment_status":"","ping_status":"open","sticky":false,"template":"","format":"standard","meta":{"_acf_changed":false,"footnotes":""},"categories":[26],"tags":[],"class_list":["post-71421","post","type-post","status-publish","format-standard","has-post-thumbnail","hentry","category-antalya"],"acf":[],"yoast_head":"<!-- This site is optimized with the Yoast SEO Premium plugin v26.6 (Yoast SEO v27.1.1) - https:\/\/yoast.com\/product\/yoast-seo-premium-wordpress\/ -->\n<title>Antalya&#039;da feci kaza: gen\u00e7 s\u00fcr\u00fcc\u00fc hayat\u0131n\u0131 kaybetti - Av. Deniz Can K\u0131z\u0131l<\/title>\n<meta name=\"robots\" content=\"index, follow, max-snippet:-1, max-image-preview:large, max-video-preview:-1\" \/>\n<link rel=\"canonical\" href=\"https:\/\/denizcankizil.tr\/uk\/haberler\/antalya\/antalyada-feci-kaza-genc-surucu-hayatini-kaybetti\/\" \/>\n<meta property=\"og:locale\" content=\"uk_UA\" \/>\n<meta property=\"og:type\" content=\"article\" \/>\n<meta property=\"og:title\" content=\"Antalya&#039;da feci kaza: gen\u00e7 s\u00fcr\u00fcc\u00fc hayat\u0131n\u0131 kaybetti\" \/>\n<meta property=\"og:description\" content=\"Kaza, saat 07.30 s\u0131ralar\u0131nda \u015eafak Mahallesi Akdeniz Sanayi Sitesi 75. Y\u00fczy\u0131l Caddesi&#8217;nde meydana geldi. Edinilen bilgiye g\u00f6re, \u015fehir merkezi y\u00f6n\u00fcne seyreden G\u00f6rkem Tosun (25) idaresindeki 07 BMZ 730 plakal\u0131 Seat marka otomobil, kontrolden \u00e7\u0131k\u0131p yolun sa\u011f \u015feridinde park halindeki 07 MZV 63 plakal\u0131 kamyonete \u00e7arpt\u0131. \u00c7arpman\u0131n etkisiyle ara\u00e7ta s\u0131k\u0131\u015fan s\u00fcr\u00fcc\u00fc G\u00f6rkem Tosun ihbarla gelen itfaiye ekiplerince yakla\u015f\u0131k 1 saatte \u00e7\u0131kar\u0131ld\u0131. Sa\u011fl\u0131k ekiplerinin yapt\u0131\u011f\u0131 kontrollerde Tosun&#8217;un olay yerinde hayat\u0131n\u0131 kaybetti\u011fi belirlendi. Yap\u0131lan incelemelerin ard\u0131ndan gencin cans\u0131z bedeni, Antalya Adli T\u0131p Kurumu morguna kald\u0131r\u0131ld\u0131. Kaza an\u0131 ise \u00e7evredeki bir i\u015f yerlerinin g\u00fcvenlik kameras\u0131na anbean yans\u0131d\u0131. G\u00f6r\u00fcnt\u00fclerde Tosun&#8217;un kulland\u0131\u011f\u0131 otomobilin h\u0131zla sa\u011f \u015feritte park halindeki kamyonete \u00e7arpt\u0131\u011f\u0131 anlar yer ald\u0131. Kaynak: www.kanalv.com.tr Haber Sitesinden Al\u0131nm\u0131\u015ft\u0131r.\" \/>\n<meta property=\"og:url\" content=\"https:\/\/denizcankizil.tr\/uk\/haberler\/antalya\/antalyada-feci-kaza-genc-surucu-hayatini-kaybetti\/\" \/>\n<meta property=\"og:site_name\" content=\"Av. Deniz Can K\u0131z\u0131l\" \/>\n<meta property=\"article:published_time\" content=\"2025-04-30T10:41:14+00:00\" \/>\n<meta property=\"og:image\" content=\"https:\/\/denizcankizil.tr\/wp-content\/uploads\/2025\/04\/6079-01-75BHsT.jpg\" \/>\n\t<meta property=\"og:image:width\" content=\"1280\" \/>\n\t<meta property=\"og:image:height\" content=\"720\" \/>\n\t<meta property=\"og:image:type\" content=\"image\/jpeg\" \/>\n<meta name=\"author\" content=\"Av. Deniz Can K\u0131z\u0131l\" \/>\n<meta name=\"twitter:card\" content=\"summary_large_image\" \/>\n<meta name=\"twitter:label1\" content=\"\u041d\u0430\u043f\u0438\u0441\u0430\u043d\u043e\" \/>\n\t<meta name=\"twitter:data1\" content=\"Av. Deniz Can K\u0131z\u0131l\" \/>\n\t<meta name=\"twitter:label2\" content=\"\u041f\u0440\u0438\u0431\u043b. \u0447\u0430\u0441 \u0447\u0438\u0442\u0430\u043d\u043d\u044f\" \/>\n\t<meta name=\"twitter:data2\" content=\"1 \u0445\u0432\u0438\u043b\u0438\u043d\u0430\" \/>\n<script type=\"application\/ld+json\" class=\"yoast-schema-graph\">{\"@context\":\"https:\/\/schema.org\",\"@graph\":[{\"@type\":\"Article\",\"@id\":\"https:\/\/denizcankizil.tr\/uk\/haberler\/antalya\/antalyada-feci-kaza-genc-surucu-hayatini-kaybetti\/#article\",\"isPartOf\":{\"@id\":\"https:\/\/denizcankizil.tr\/uk\/haberler\/antalya\/antalyada-feci-kaza-genc-surucu-hayatini-kaybetti\/\"},\"author\":{\"name\":\"Av. Deniz Can K\u0131z\u0131l\",\"@id\":\"https:\/\/denizcankizil.tr\/de\/#\/schema\/person\/5dc1b22991bd7ac833867c10afc9b0ff\"},\"headline\":\"Antalya&#8217;da feci kaza: gen\u00e7 s\u00fcr\u00fcc\u00fc hayat\u0131n\u0131 kaybetti\",\"datePublished\":\"2025-04-30T10:41:14+00:00\",\"mainEntityOfPage\":{\"@id\":\"https:\/\/denizcankizil.tr\/uk\/haberler\/antalya\/antalyada-feci-kaza-genc-surucu-hayatini-kaybetti\/\"},\"wordCount\":159,\"publisher\":{\"@id\":\"https:\/\/denizcankizil.tr\/de\/#organization\"},\"image\":{\"@id\":\"https:\/\/denizcankizil.tr\/uk\/haberler\/antalya\/antalyada-feci-kaza-genc-surucu-hayatini-kaybetti\/#primaryimage\"},\"thumbnailUrl\":\"https:\/\/denizcankizil.tr\/wp-content\/uploads\/2025\/04\/6079-01-75BHsT.jpg\",\"articleSection\":[\"Antalya\"],\"inLanguage\":\"uk\"},{\"@type\":\"WebPage\",\"@id\":\"https:\/\/denizcankizil.tr\/uk\/haberler\/antalya\/antalyada-feci-kaza-genc-surucu-hayatini-kaybetti\/\",\"url\":\"https:\/\/denizcankizil.tr\/uk\/haberler\/antalya\/antalyada-feci-kaza-genc-surucu-hayatini-kaybetti\/\",\"name\":\"Antalya'da feci kaza: gen\u00e7 s\u00fcr\u00fcc\u00fc hayat\u0131n\u0131 kaybetti - Av. Deniz Can K\u0131z\u0131l\",\"isPartOf\":{\"@id\":\"https:\/\/denizcankizil.tr\/de\/#website\"},\"primaryImageOfPage\":{\"@id\":\"https:\/\/denizcankizil.tr\/uk\/haberler\/antalya\/antalyada-feci-kaza-genc-surucu-hayatini-kaybetti\/#primaryimage\"},\"image\":{\"@id\":\"https:\/\/denizcankizil.tr\/uk\/haberler\/antalya\/antalyada-feci-kaza-genc-surucu-hayatini-kaybetti\/#primaryimage\"},\"thumbnailUrl\":\"https:\/\/denizcankizil.tr\/wp-content\/uploads\/2025\/04\/6079-01-75BHsT.jpg\",\"datePublished\":\"2025-04-30T10:41:14+00:00\",\"breadcrumb\":{\"@id\":\"https:\/\/denizcankizil.tr\/uk\/haberler\/antalya\/antalyada-feci-kaza-genc-surucu-hayatini-kaybetti\/#breadcrumb\"},\"inLanguage\":\"uk\",\"potentialAction\":[{\"@type\":\"ReadAction\",\"target\":[\"https:\/\/denizcankizil.tr\/uk\/haberler\/antalya\/antalyada-feci-kaza-genc-surucu-hayatini-kaybetti\/\"]}]},{\"@type\":\"ImageObject\",\"inLanguage\":\"uk\",\"@id\":\"https:\/\/denizcankizil.tr\/uk\/haberler\/antalya\/antalyada-feci-kaza-genc-surucu-hayatini-kaybetti\/#primaryimage\",\"url\":\"https:\/\/denizcankizil.tr\/wp-content\/uploads\/2025\/04\/6079-01-75BHsT.jpg\",\"contentUrl\":\"https:\/\/denizcankizil.tr\/wp-content\/uploads\/2025\/04\/6079-01-75BHsT.jpg\",\"width\":1280,\"height\":720},{\"@type\":\"BreadcrumbList\",\"@id\":\"https:\/\/denizcankizil.tr\/uk\/haberler\/antalya\/antalyada-feci-kaza-genc-surucu-hayatini-kaybetti\/#breadcrumb\",\"itemListElement\":[{\"@type\":\"ListItem\",\"position\":1,\"name\":\"Home\",\"item\":\"https:\/\/denizcankizil.tr\/de\/\"},{\"@type\":\"ListItem\",\"position\":2,\"name\":\"Antalya&#8217;da feci kaza: gen\u00e7 s\u00fcr\u00fcc\u00fc hayat\u0131n\u0131 kaybetti\"}]},{\"@type\":\"WebSite\",\"@id\":\"https:\/\/denizcankizil.tr\/de\/#website\",\"url\":\"https:\/\/denizcankizil.tr\/de\/\",\"name\":\"Av. Deniz Can K\u0131z\u0131l\",\"description\":\"Avukat Deniz Can K\u0131z\u0131l Antalya Barosu\",\"publisher\":{\"@id\":\"https:\/\/denizcankizil.tr\/de\/#organization\"},\"potentialAction\":[{\"@type\":\"SearchAction\",\"target\":{\"@type\":\"EntryPoint\",\"urlTemplate\":\"https:\/\/denizcankizil.tr\/de\/?s={search_term_string}\"},\"query-input\":{\"@type\":\"PropertyValueSpecification\",\"valueRequired\":true,\"valueName\":\"search_term_string\"}}],\"inLanguage\":\"uk\"},{\"@type\":\"Organization\",\"@id\":\"https:\/\/denizcankizil.tr\/de\/#organization\",\"name\":\"Av. Deniz Can K\u0131z\u0131l\",\"url\":\"https:\/\/denizcankizil.tr\/de\/\",\"logo\":{\"@type\":\"ImageObject\",\"inLanguage\":\"uk\",\"@id\":\"https:\/\/denizcankizil.tr\/de\/#\/schema\/logo\/image\/\",\"url\":\"https:\/\/denizcankizil.tr\/wp-content\/uploads\/2024\/10\/siyah-logo-svg.svg\",\"contentUrl\":\"https:\/\/denizcankizil.tr\/wp-content\/uploads\/2024\/10\/siyah-logo-svg.svg\",\"width\":1080,\"height\":1080,\"caption\":\"Av. Deniz Can K\u0131z\u0131l\"},\"image\":{\"@id\":\"https:\/\/denizcankizil.tr\/de\/#\/schema\/logo\/image\/\"}},{\"@type\":\"Person\",\"@id\":\"https:\/\/denizcankizil.tr\/de\/#\/schema\/person\/5dc1b22991bd7ac833867c10afc9b0ff\",\"name\":\"Av. Deniz Can K\u0131z\u0131l\",\"image\":{\"@type\":\"ImageObject\",\"inLanguage\":\"uk\",\"@id\":\"https:\/\/denizcankizil.tr\/de\/#\/schema\/person\/image\/\",\"url\":\"https:\/\/secure.gravatar.com\/avatar\/a0b128fb9855c79efc976d5640eedb31dc35ec297594d6016d2cf7c60e975bb6?s=96&d=mm&r=g\",\"contentUrl\":\"https:\/\/secure.gravatar.com\/avatar\/a0b128fb9855c79efc976d5640eedb31dc35ec297594d6016d2cf7c60e975bb6?s=96&d=mm&r=g\",\"caption\":\"Av. Deniz Can K\u0131z\u0131l\"},\"sameAs\":[\"http:\/\/www.denizcankizil.tr\"],\"url\":\"https:\/\/denizcankizil.tr\/uk\/author\/denizcankizil\/\"}]}<\/script>\n<!-- \/ Yoast SEO Premium plugin. -->","yoast_head_json":{"title":"Antalya'da feci kaza: gen\u00e7 s\u00fcr\u00fcc\u00fc hayat\u0131n\u0131 kaybetti - Av. Deniz Can K\u0131z\u0131l","robots":{"index":"index","follow":"follow","max-snippet":"max-snippet:-1","max-image-preview":"max-image-preview:large","max-video-preview":"max-video-preview:-1"},"canonical":"https:\/\/denizcankizil.tr\/uk\/haberler\/antalya\/antalyada-feci-kaza-genc-surucu-hayatini-kaybetti\/","og_locale":"uk_UA","og_type":"article","og_title":"Antalya'da feci kaza: gen\u00e7 s\u00fcr\u00fcc\u00fc hayat\u0131n\u0131 kaybetti","og_description":"Kaza, saat 07.30 s\u0131ralar\u0131nda \u015eafak Mahallesi Akdeniz Sanayi Sitesi 75. Y\u00fczy\u0131l Caddesi&#8217;nde meydana geldi. Edinilen bilgiye g\u00f6re, \u015fehir merkezi y\u00f6n\u00fcne seyreden G\u00f6rkem Tosun (25) idaresindeki 07 BMZ 730 plakal\u0131 Seat marka otomobil, kontrolden \u00e7\u0131k\u0131p yolun sa\u011f \u015feridinde park halindeki 07 MZV 63 plakal\u0131 kamyonete \u00e7arpt\u0131. \u00c7arpman\u0131n etkisiyle ara\u00e7ta s\u0131k\u0131\u015fan s\u00fcr\u00fcc\u00fc G\u00f6rkem Tosun ihbarla gelen itfaiye ekiplerince yakla\u015f\u0131k 1 saatte \u00e7\u0131kar\u0131ld\u0131. Sa\u011fl\u0131k ekiplerinin yapt\u0131\u011f\u0131 kontrollerde Tosun&#8217;un olay yerinde hayat\u0131n\u0131 kaybetti\u011fi belirlendi. Yap\u0131lan incelemelerin ard\u0131ndan gencin cans\u0131z bedeni, Antalya Adli T\u0131p Kurumu morguna kald\u0131r\u0131ld\u0131. Kaza an\u0131 ise \u00e7evredeki bir i\u015f yerlerinin g\u00fcvenlik kameras\u0131na anbean yans\u0131d\u0131. G\u00f6r\u00fcnt\u00fclerde Tosun&#8217;un kulland\u0131\u011f\u0131 otomobilin h\u0131zla sa\u011f \u015feritte park halindeki kamyonete \u00e7arpt\u0131\u011f\u0131 anlar yer ald\u0131. Kaynak: www.kanalv.com.tr Haber Sitesinden Al\u0131nm\u0131\u015ft\u0131r.","og_url":"https:\/\/denizcankizil.tr\/uk\/haberler\/antalya\/antalyada-feci-kaza-genc-surucu-hayatini-kaybetti\/","og_site_name":"Av. Deniz Can K\u0131z\u0131l","article_published_time":"2025-04-30T10:41:14+00:00","og_image":[{"width":1280,"height":720,"url":"https:\/\/denizcankizil.tr\/wp-content\/uploads\/2025\/04\/6079-01-75BHsT.jpg","type":"image\/jpeg"}],"author":"Av. Deniz Can K\u0131z\u0131l","twitter_card":"summary_large_image","twitter_misc":{"\u041d\u0430\u043f\u0438\u0441\u0430\u043d\u043e":"Av. Deniz Can K\u0131z\u0131l","\u041f\u0440\u0438\u0431\u043b. \u0447\u0430\u0441 \u0447\u0438\u0442\u0430\u043d\u043d\u044f":"1 \u0445\u0432\u0438\u043b\u0438\u043d\u0430"},"schema":{"@context":"https:\/\/schema.org","@graph":[{"@type":"Article","@id":"https:\/\/denizcankizil.tr\/uk\/haberler\/antalya\/antalyada-feci-kaza-genc-surucu-hayatini-kaybetti\/#article","isPartOf":{"@id":"https:\/\/denizcankizil.tr\/uk\/haberler\/antalya\/antalyada-feci-kaza-genc-surucu-hayatini-kaybetti\/"},"author":{"name":"Av. Deniz Can K\u0131z\u0131l","@id":"https:\/\/denizcankizil.tr\/de\/#\/schema\/person\/5dc1b22991bd7ac833867c10afc9b0ff"},"headline":"Antalya&#8217;da feci kaza: gen\u00e7 s\u00fcr\u00fcc\u00fc hayat\u0131n\u0131 kaybetti","datePublished":"2025-04-30T10:41:14+00:00","mainEntityOfPage":{"@id":"https:\/\/denizcankizil.tr\/uk\/haberler\/antalya\/antalyada-feci-kaza-genc-surucu-hayatini-kaybetti\/"},"wordCount":159,"publisher":{"@id":"https:\/\/denizcankizil.tr\/de\/#organization"},"image":{"@id":"https:\/\/denizcankizil.tr\/uk\/haberler\/antalya\/antalyada-feci-kaza-genc-surucu-hayatini-kaybetti\/#primaryimage"},"thumbnailUrl":"https:\/\/denizcankizil.tr\/wp-content\/uploads\/2025\/04\/6079-01-75BHsT.jpg","articleSection":["Antalya"],"inLanguage":"uk"},{"@type":"WebPage","@id":"https:\/\/denizcankizil.tr\/uk\/haberler\/antalya\/antalyada-feci-kaza-genc-surucu-hayatini-kaybetti\/","url":"https:\/\/denizcankizil.tr\/uk\/haberler\/antalya\/antalyada-feci-kaza-genc-surucu-hayatini-kaybetti\/","name":"Antalya'da feci kaza: gen\u00e7 s\u00fcr\u00fcc\u00fc hayat\u0131n\u0131 kaybetti - Av. Deniz Can K\u0131z\u0131l","isPartOf":{"@id":"https:\/\/denizcankizil.tr\/de\/#website"},"primaryImageOfPage":{"@id":"https:\/\/denizcankizil.tr\/uk\/haberler\/antalya\/antalyada-feci-kaza-genc-surucu-hayatini-kaybetti\/#primaryimage"},"image":{"@id":"https:\/\/denizcankizil.tr\/uk\/haberler\/antalya\/antalyada-feci-kaza-genc-surucu-hayatini-kaybetti\/#primaryimage"},"thumbnailUrl":"https:\/\/denizcankizil.tr\/wp-content\/uploads\/2025\/04\/6079-01-75BHsT.jpg","datePublished":"2025-04-30T10:41:14+00:00","breadcrumb":{"@id":"https:\/\/denizcankizil.tr\/uk\/haberler\/antalya\/antalyada-feci-kaza-genc-surucu-hayatini-kaybetti\/#breadcrumb"},"inLanguage":"uk","potentialAction":[{"@type":"ReadAction","target":["https:\/\/denizcankizil.tr\/uk\/haberler\/antalya\/antalyada-feci-kaza-genc-surucu-hayatini-kaybetti\/"]}]},{"@type":"ImageObject","inLanguage":"uk","@id":"https:\/\/denizcankizil.tr\/uk\/haberler\/antalya\/antalyada-feci-kaza-genc-surucu-hayatini-kaybetti\/#primaryimage","url":"https:\/\/denizcankizil.tr\/wp-content\/uploads\/2025\/04\/6079-01-75BHsT.jpg","contentUrl":"https:\/\/denizcankizil.tr\/wp-content\/uploads\/2025\/04\/6079-01-75BHsT.jpg","width":1280,"height":720},{"@type":"BreadcrumbList","@id":"https:\/\/denizcankizil.tr\/uk\/haberler\/antalya\/antalyada-feci-kaza-genc-surucu-hayatini-kaybetti\/#breadcrumb","itemListElement":[{"@type":"ListItem","position":1,"name":"Home","item":"https:\/\/denizcankizil.tr\/de\/"},{"@type":"ListItem","position":2,"name":"Antalya&#8217;da feci kaza: gen\u00e7 s\u00fcr\u00fcc\u00fc hayat\u0131n\u0131 kaybetti"}]},{"@type":"WebSite","@id":"https:\/\/denizcankizil.tr\/de\/#website","url":"https:\/\/denizcankizil.tr\/de\/","name":"Av. Deniz Can K\u0131z\u0131l","description":"Avukat Deniz Can K\u0131z\u0131l Antalya Barosu","publisher":{"@id":"https:\/\/denizcankizil.tr\/de\/#organization"},"potentialAction":[{"@type":"SearchAction","target":{"@type":"EntryPoint","urlTemplate":"https:\/\/denizcankizil.tr\/de\/?s={search_term_string}"},"query-input":{"@type":"PropertyValueSpecification","valueRequired":true,"valueName":"search_term_string"}}],"inLanguage":"uk"},{"@type":"Organization","@id":"https:\/\/denizcankizil.tr\/de\/#organization","name":"Av. Deniz Can K\u0131z\u0131l","url":"https:\/\/denizcankizil.tr\/de\/","logo":{"@type":"ImageObject","inLanguage":"uk","@id":"https:\/\/denizcankizil.tr\/de\/#\/schema\/logo\/image\/","url":"https:\/\/denizcankizil.tr\/wp-content\/uploads\/2024\/10\/siyah-logo-svg.svg","contentUrl":"https:\/\/denizcankizil.tr\/wp-content\/uploads\/2024\/10\/siyah-logo-svg.svg","width":1080,"height":1080,"caption":"Av. Deniz Can K\u0131z\u0131l"},"image":{"@id":"https:\/\/denizcankizil.tr\/de\/#\/schema\/logo\/image\/"}},{"@type":"Person","@id":"https:\/\/denizcankizil.tr\/de\/#\/schema\/person\/5dc1b22991bd7ac833867c10afc9b0ff","name":"Av. Deniz Can K\u0131z\u0131l","image":{"@type":"ImageObject","inLanguage":"uk","@id":"https:\/\/denizcankizil.tr\/de\/#\/schema\/person\/image\/","url":"https:\/\/secure.gravatar.com\/avatar\/a0b128fb9855c79efc976d5640eedb31dc35ec297594d6016d2cf7c60e975bb6?s=96&d=mm&r=g","contentUrl":"https:\/\/secure.gravatar.com\/avatar\/a0b128fb9855c79efc976d5640eedb31dc35ec297594d6016d2cf7c60e975bb6?s=96&d=mm&r=g","caption":"Av. Deniz Can K\u0131z\u0131l"},"sameAs":["http:\/\/www.denizcankizil.tr"],"url":"https:\/\/denizcankizil.tr\/uk\/author\/denizcankizil\/"}]}},"_links":{"self":[{"href":"https:\/\/denizcankizil.tr\/uk\/wp-json\/wp\/v2\/posts\/71421","targetHints":{"allow":["GET"]}}],"collection":[{"href":"https:\/\/denizcankizil.tr\/uk\/wp-json\/wp\/v2\/posts"}],"about":[{"href":"https:\/\/denizcankizil.tr\/uk\/wp-json\/wp\/v2\/types\/post"}],"author":[{"embeddable":true,"href":"https:\/\/denizcankizil.tr\/uk\/wp-json\/wp\/v2\/users\/4"}],"replies":[{"embeddable":true,"href":"https:\/\/denizcankizil.tr\/uk\/wp-json\/wp\/v2\/comments?post=71421"}],"version-history":[{"count":0,"href":"https:\/\/denizcankizil.tr\/uk\/wp-json\/wp\/v2\/posts\/71421\/revisions"}],"wp:featuredmedia":[{"embeddable":true,"href":"https:\/\/denizcankizil.tr\/uk\/wp-json\/wp\/v2\/media\/71422"}],"wp:attachment":[{"href":"https:\/\/denizcankizil.tr\/uk\/wp-json\/wp\/v2\/media?parent=71421"}],"wp:term":[{"taxonomy":"category","embeddable":true,"href":"https:\/\/denizcankizil.tr\/uk\/wp-json\/wp\/v2\/categories?post=71421"},{"taxonomy":"post_tag","embeddable":true,"href":"https:\/\/denizcankizil.tr\/uk\/wp-json\/wp\/v2\/tags?post=71421"}],"curies":[{"name":"wp","href":"https:\/\/api.w.org\/{rel}","templated":true}]}}