{"id":7111,"date":"2024-10-23T14:41:34","date_gmt":"2024-10-23T11:41:34","guid":{"rendered":"https:\/\/denizcankizil.tr\/uncategorized-tr\/izmir-kent-kitapligi-kamu-yayinciliginin-yeni-adresi-olacak\/"},"modified":"2024-10-23T14:41:34","modified_gmt":"2024-10-23T11:41:34","slug":"izmir-kent-kitapligi-kamu-yayinciliginin-yeni-adresi-olacak","status":"publish","type":"post","link":"https:\/\/denizcankizil.tr\/uk\/haberler\/gundem\/izmir-kent-kitapligi-kamu-yayinciliginin-yeni-adresi-olacak\/","title":{"rendered":"\u201c\u0130zmir Kent Kitapl\u0131\u011f\u0131\u201d kamu yay\u0131nc\u0131l\u0131\u011f\u0131n\u0131n yeni adresi olacak"},"content":{"rendered":"<p>\u0130zmir B\u00fcy\u00fck\u015fehir Belediyesi, \u00e7eyrek as\u0131rl\u0131k yay\u0131nc\u0131l\u0131k deneyimini \u201c\u0130zmir Kent Kitapl\u0131\u011f\u0131\u201d markas\u0131yla s\u00fcrd\u00fcr\u00fcyor. Akademisyen ve ara\u015ft\u0131rmac\u0131lar\u0131n yer ald\u0131\u011f\u0131 \u0130zmir Kent Kitapl\u0131\u011f\u0131 Yay\u0131n Kurulu da \u00e7al\u0131\u015fmalar\u0131na ba\u015flad\u0131.<\/p>\n<p>\u200b\u0130zmir B\u00fcy\u00fck\u015fehir Belediyesi, \u00e7eyrek as\u0131rl\u0131k yay\u0131nc\u0131l\u0131k deneyimini \u201c\u0130zmir Kent Kitapl\u0131\u011f\u0131\u201d markas\u0131yla s\u00fcrd\u00fcr\u00fcyor. Akademisyen ve ara\u015ft\u0131rmac\u0131lar\u0131n yer ald\u0131\u011f\u0131 \u0130zmir Kent Kitapl\u0131\u011f\u0131 Yay\u0131n Kurulu da \u00e7al\u0131\u015fmalar\u0131na ba\u015flad\u0131.\u00a0<\/p>\n<p>\u200bHaberin Al\u0131nt\u0131land\u0131\u011f\u0131 Kaynak: www.iskenderun.org<\/p>","protected":false},"excerpt":{"rendered":"<p>\u0130zmir B\u00fcy\u00fck\u015fehir Belediyesi, \u00e7eyrek as\u0131rl\u0131k yay\u0131nc\u0131l\u0131k deneyimini \u201c\u0130zmir Kent Kitapl\u0131\u011f\u0131\u201d markas\u0131yla s\u00fcrd\u00fcr\u00fcyor. Akademisyen ve ara\u015ft\u0131rmac\u0131lar\u0131n yer ald\u0131\u011f\u0131 \u0130zmir Kent Kitapl\u0131\u011f\u0131 Yay\u0131n Kurulu da \u00e7al\u0131\u015fmalar\u0131na ba\u015flad\u0131. \u200b\u0130zmir B\u00fcy\u00fck\u015fehir Belediyesi, \u00e7eyrek as\u0131rl\u0131k yay\u0131nc\u0131l\u0131k deneyimini \u201c\u0130zmir Kent Kitapl\u0131\u011f\u0131\u201d markas\u0131yla s\u00fcrd\u00fcr\u00fcyor. Akademisyen ve ara\u015ft\u0131rmac\u0131lar\u0131n yer ald\u0131\u011f\u0131 \u0130zmir Kent Kitapl\u0131\u011f\u0131 Yay\u0131n Kurulu da \u00e7al\u0131\u015fmalar\u0131na ba\u015flad\u0131.\u00a0 \u200bHaberin Al\u0131nt\u0131land\u0131\u011f\u0131 Kaynak: www.iskenderun.org<\/p>","protected":false},"author":0,"featured_media":0,"comment_status":"open","ping_status":"open","sticky":false,"template":"","format":"standard","meta":{"_acf_changed":false,"footnotes":""},"categories":[24,535],"tags":[],"class_list":["post-7111","post","type-post","status-publish","format-standard","has-post-thumbnail","hentry","category-gundem","category-uncategorized-tr"],"acf":[],"yoast_head":"<!-- This site is optimized with the Yoast SEO Premium plugin v26.6 (Yoast SEO v27.1.1) - https:\/\/yoast.com\/product\/yoast-seo-premium-wordpress\/ -->\n<title>\u201c\u0130zmir Kent Kitapl\u0131\u011f\u0131\u201d kamu yay\u0131nc\u0131l\u0131\u011f\u0131n\u0131n yeni adresi olacak - Av. Deniz Can K\u0131z\u0131l<\/title>\n<meta name=\"robots\" content=\"index, follow, max-snippet:-1, max-image-preview:large, max-video-preview:-1\" \/>\n<link rel=\"canonical\" href=\"https:\/\/denizcankizil.tr\/uk\/haberler\/gundem\/izmir-kent-kitapligi-kamu-yayinciliginin-yeni-adresi-olacak\/\" \/>\n<meta property=\"og:locale\" content=\"uk_UA\" \/>\n<meta property=\"og:type\" content=\"article\" \/>\n<meta property=\"og:title\" content=\"\u201c\u0130zmir Kent Kitapl\u0131\u011f\u0131\u201d kamu yay\u0131nc\u0131l\u0131\u011f\u0131n\u0131n yeni adresi olacak\" \/>\n<meta property=\"og:description\" content=\"\u0130zmir B\u00fcy\u00fck\u015fehir Belediyesi, \u00e7eyrek as\u0131rl\u0131k yay\u0131nc\u0131l\u0131k deneyimini \u201c\u0130zmir Kent Kitapl\u0131\u011f\u0131\u201d markas\u0131yla s\u00fcrd\u00fcr\u00fcyor. Akademisyen ve ara\u015ft\u0131rmac\u0131lar\u0131n yer ald\u0131\u011f\u0131 \u0130zmir Kent Kitapl\u0131\u011f\u0131 Yay\u0131n Kurulu da \u00e7al\u0131\u015fmalar\u0131na ba\u015flad\u0131. \u200b\u0130zmir B\u00fcy\u00fck\u015fehir Belediyesi, \u00e7eyrek as\u0131rl\u0131k yay\u0131nc\u0131l\u0131k deneyimini \u201c\u0130zmir Kent Kitapl\u0131\u011f\u0131\u201d markas\u0131yla s\u00fcrd\u00fcr\u00fcyor. Akademisyen ve ara\u015ft\u0131rmac\u0131lar\u0131n yer ald\u0131\u011f\u0131 \u0130zmir Kent Kitapl\u0131\u011f\u0131 Yay\u0131n Kurulu da \u00e7al\u0131\u015fmalar\u0131na ba\u015flad\u0131.\u00a0 \u200bHaberin Al\u0131nt\u0131land\u0131\u011f\u0131 Kaynak: www.iskenderun.org\" \/>\n<meta property=\"og:url\" content=\"https:\/\/denizcankizil.tr\/uk\/haberler\/gundem\/izmir-kent-kitapligi-kamu-yayinciliginin-yeni-adresi-olacak\/\" \/>\n<meta property=\"og:site_name\" content=\"Av. Deniz Can K\u0131z\u0131l\" \/>\n<meta property=\"article:published_time\" content=\"2024-10-23T11:41:34+00:00\" \/>\n<meta name=\"twitter:card\" content=\"summary_large_image\" \/>\n<script type=\"application\/ld+json\" class=\"yoast-schema-graph\">{\"@context\":\"https:\/\/schema.org\",\"@graph\":[{\"@type\":\"Article\",\"@id\":\"https:\/\/denizcankizil.tr\/uk\/haberler\/gundem\/izmir-kent-kitapligi-kamu-yayinciliginin-yeni-adresi-olacak\/#article\",\"isPartOf\":{\"@id\":\"https:\/\/denizcankizil.tr\/uk\/haberler\/gundem\/izmir-kent-kitapligi-kamu-yayinciliginin-yeni-adresi-olacak\/\"},\"author\":{\"name\":\"\",\"@id\":\"\"},\"headline\":\"\u201c\u0130zmir Kent Kitapl\u0131\u011f\u0131\u201d kamu yay\u0131nc\u0131l\u0131\u011f\u0131n\u0131n yeni adresi olacak\",\"datePublished\":\"2024-10-23T11:41:34+00:00\",\"mainEntityOfPage\":{\"@id\":\"https:\/\/denizcankizil.tr\/uk\/haberler\/gundem\/izmir-kent-kitapligi-kamu-yayinciliginin-yeni-adresi-olacak\/\"},\"wordCount\":110,\"commentCount\":0,\"publisher\":{\"@id\":\"https:\/\/denizcankizil.tr\/#organization\"},\"articleSection\":[\"G\u00fcndem\",\"Uncategorized\"],\"inLanguage\":\"uk\",\"potentialAction\":[{\"@type\":\"CommentAction\",\"name\":\"Comment\",\"target\":[\"https:\/\/denizcankizil.tr\/uk\/haberler\/gundem\/izmir-kent-kitapligi-kamu-yayinciliginin-yeni-adresi-olacak\/#respond\"]}]},{\"@type\":\"WebPage\",\"@id\":\"https:\/\/denizcankizil.tr\/uk\/haberler\/gundem\/izmir-kent-kitapligi-kamu-yayinciliginin-yeni-adresi-olacak\/\",\"url\":\"https:\/\/denizcankizil.tr\/uk\/haberler\/gundem\/izmir-kent-kitapligi-kamu-yayinciliginin-yeni-adresi-olacak\/\",\"name\":\"\u201c\u0130zmir Kent Kitapl\u0131\u011f\u0131\u201d kamu yay\u0131nc\u0131l\u0131\u011f\u0131n\u0131n yeni adresi olacak - Av. Deniz Can K\u0131z\u0131l\",\"isPartOf\":{\"@id\":\"https:\/\/denizcankizil.tr\/#website\"},\"datePublished\":\"2024-10-23T11:41:34+00:00\",\"breadcrumb\":{\"@id\":\"https:\/\/denizcankizil.tr\/uk\/haberler\/gundem\/izmir-kent-kitapligi-kamu-yayinciliginin-yeni-adresi-olacak\/#breadcrumb\"},\"inLanguage\":\"uk\",\"potentialAction\":[{\"@type\":\"ReadAction\",\"target\":[\"https:\/\/denizcankizil.tr\/uk\/haberler\/gundem\/izmir-kent-kitapligi-kamu-yayinciliginin-yeni-adresi-olacak\/\"]}]},{\"@type\":\"BreadcrumbList\",\"@id\":\"https:\/\/denizcankizil.tr\/uk\/haberler\/gundem\/izmir-kent-kitapligi-kamu-yayinciliginin-yeni-adresi-olacak\/#breadcrumb\",\"itemListElement\":[{\"@type\":\"ListItem\",\"position\":1,\"name\":\"Home\",\"item\":\"https:\/\/denizcankizil.tr\/de\/\"},{\"@type\":\"ListItem\",\"position\":2,\"name\":\"\u201c\u0130zmir Kent Kitapl\u0131\u011f\u0131\u201d kamu yay\u0131nc\u0131l\u0131\u011f\u0131n\u0131n yeni adresi olacak\"}]},{\"@type\":\"WebSite\",\"@id\":\"https:\/\/denizcankizil.tr\/#website\",\"url\":\"https:\/\/denizcankizil.tr\/\",\"name\":\"Av. Deniz Can K\u0131z\u0131l\",\"description\":\"Avukat Deniz Can K\u0131z\u0131l Antalya Barosu\",\"publisher\":{\"@id\":\"https:\/\/denizcankizil.tr\/#organization\"},\"potentialAction\":[{\"@type\":\"SearchAction\",\"target\":{\"@type\":\"EntryPoint\",\"urlTemplate\":\"https:\/\/denizcankizil.tr\/?s={search_term_string}\"},\"query-input\":{\"@type\":\"PropertyValueSpecification\",\"valueRequired\":true,\"valueName\":\"search_term_string\"}}],\"inLanguage\":\"uk\"},{\"@type\":\"Organization\",\"@id\":\"https:\/\/denizcankizil.tr\/#organization\",\"name\":\"Av. Deniz Can K\u0131z\u0131l\",\"url\":\"https:\/\/denizcankizil.tr\/\",\"logo\":{\"@type\":\"ImageObject\",\"inLanguage\":\"uk\",\"@id\":\"https:\/\/denizcankizil.tr\/#\/schema\/logo\/image\/\",\"url\":\"https:\/\/denizcankizil.tr\/wp-content\/uploads\/2024\/10\/siyah-logo-svg.svg\",\"contentUrl\":\"https:\/\/denizcankizil.tr\/wp-content\/uploads\/2024\/10\/siyah-logo-svg.svg\",\"width\":1080,\"height\":1080,\"caption\":\"Av. Deniz Can K\u0131z\u0131l\"},\"image\":{\"@id\":\"https:\/\/denizcankizil.tr\/#\/schema\/logo\/image\/\"}}]}<\/script>\n<!-- \/ Yoast SEO Premium plugin. -->","yoast_head_json":{"title":"\u201c\u0130zmir Kent Kitapl\u0131\u011f\u0131\u201d kamu yay\u0131nc\u0131l\u0131\u011f\u0131n\u0131n yeni adresi olacak - Av. Deniz Can K\u0131z\u0131l","robots":{"index":"index","follow":"follow","max-snippet":"max-snippet:-1","max-image-preview":"max-image-preview:large","max-video-preview":"max-video-preview:-1"},"canonical":"https:\/\/denizcankizil.tr\/uk\/haberler\/gundem\/izmir-kent-kitapligi-kamu-yayinciliginin-yeni-adresi-olacak\/","og_locale":"uk_UA","og_type":"article","og_title":"\u201c\u0130zmir Kent Kitapl\u0131\u011f\u0131\u201d kamu yay\u0131nc\u0131l\u0131\u011f\u0131n\u0131n yeni adresi olacak","og_description":"\u0130zmir B\u00fcy\u00fck\u015fehir Belediyesi, \u00e7eyrek as\u0131rl\u0131k yay\u0131nc\u0131l\u0131k deneyimini \u201c\u0130zmir Kent Kitapl\u0131\u011f\u0131\u201d markas\u0131yla s\u00fcrd\u00fcr\u00fcyor. Akademisyen ve ara\u015ft\u0131rmac\u0131lar\u0131n yer ald\u0131\u011f\u0131 \u0130zmir Kent Kitapl\u0131\u011f\u0131 Yay\u0131n Kurulu da \u00e7al\u0131\u015fmalar\u0131na ba\u015flad\u0131. \u200b\u0130zmir B\u00fcy\u00fck\u015fehir Belediyesi, \u00e7eyrek as\u0131rl\u0131k yay\u0131nc\u0131l\u0131k deneyimini \u201c\u0130zmir Kent Kitapl\u0131\u011f\u0131\u201d markas\u0131yla s\u00fcrd\u00fcr\u00fcyor. Akademisyen ve ara\u015ft\u0131rmac\u0131lar\u0131n yer ald\u0131\u011f\u0131 \u0130zmir Kent Kitapl\u0131\u011f\u0131 Yay\u0131n Kurulu da \u00e7al\u0131\u015fmalar\u0131na ba\u015flad\u0131.\u00a0 \u200bHaberin Al\u0131nt\u0131land\u0131\u011f\u0131 Kaynak: www.iskenderun.org","og_url":"https:\/\/denizcankizil.tr\/uk\/haberler\/gundem\/izmir-kent-kitapligi-kamu-yayinciliginin-yeni-adresi-olacak\/","og_site_name":"Av. Deniz Can K\u0131z\u0131l","article_published_time":"2024-10-23T11:41:34+00:00","twitter_card":"summary_large_image","schema":{"@context":"https:\/\/schema.org","@graph":[{"@type":"Article","@id":"https:\/\/denizcankizil.tr\/uk\/haberler\/gundem\/izmir-kent-kitapligi-kamu-yayinciliginin-yeni-adresi-olacak\/#article","isPartOf":{"@id":"https:\/\/denizcankizil.tr\/uk\/haberler\/gundem\/izmir-kent-kitapligi-kamu-yayinciliginin-yeni-adresi-olacak\/"},"author":{"name":"","@id":""},"headline":"\u201c\u0130zmir Kent Kitapl\u0131\u011f\u0131\u201d kamu yay\u0131nc\u0131l\u0131\u011f\u0131n\u0131n yeni adresi olacak","datePublished":"2024-10-23T11:41:34+00:00","mainEntityOfPage":{"@id":"https:\/\/denizcankizil.tr\/uk\/haberler\/gundem\/izmir-kent-kitapligi-kamu-yayinciliginin-yeni-adresi-olacak\/"},"wordCount":110,"commentCount":0,"publisher":{"@id":"https:\/\/denizcankizil.tr\/#organization"},"articleSection":["G\u00fcndem","Uncategorized"],"inLanguage":"uk","potentialAction":[{"@type":"CommentAction","name":"Comment","target":["https:\/\/denizcankizil.tr\/uk\/haberler\/gundem\/izmir-kent-kitapligi-kamu-yayinciliginin-yeni-adresi-olacak\/#respond"]}]},{"@type":"WebPage","@id":"https:\/\/denizcankizil.tr\/uk\/haberler\/gundem\/izmir-kent-kitapligi-kamu-yayinciliginin-yeni-adresi-olacak\/","url":"https:\/\/denizcankizil.tr\/uk\/haberler\/gundem\/izmir-kent-kitapligi-kamu-yayinciliginin-yeni-adresi-olacak\/","name":"\u201c\u0130zmir Kent Kitapl\u0131\u011f\u0131\u201d kamu yay\u0131nc\u0131l\u0131\u011f\u0131n\u0131n yeni adresi olacak - Av. Deniz Can K\u0131z\u0131l","isPartOf":{"@id":"https:\/\/denizcankizil.tr\/#website"},"datePublished":"2024-10-23T11:41:34+00:00","breadcrumb":{"@id":"https:\/\/denizcankizil.tr\/uk\/haberler\/gundem\/izmir-kent-kitapligi-kamu-yayinciliginin-yeni-adresi-olacak\/#breadcrumb"},"inLanguage":"uk","potentialAction":[{"@type":"ReadAction","target":["https:\/\/denizcankizil.tr\/uk\/haberler\/gundem\/izmir-kent-kitapligi-kamu-yayinciliginin-yeni-adresi-olacak\/"]}]},{"@type":"BreadcrumbList","@id":"https:\/\/denizcankizil.tr\/uk\/haberler\/gundem\/izmir-kent-kitapligi-kamu-yayinciliginin-yeni-adresi-olacak\/#breadcrumb","itemListElement":[{"@type":"ListItem","position":1,"name":"Home","item":"https:\/\/denizcankizil.tr\/de\/"},{"@type":"ListItem","position":2,"name":"\u201c\u0130zmir Kent Kitapl\u0131\u011f\u0131\u201d kamu yay\u0131nc\u0131l\u0131\u011f\u0131n\u0131n yeni adresi olacak"}]},{"@type":"WebSite","@id":"https:\/\/denizcankizil.tr\/#website","url":"https:\/\/denizcankizil.tr\/","name":"Av. Deniz Can K\u0131z\u0131l","description":"Avukat Deniz Can K\u0131z\u0131l Antalya Barosu","publisher":{"@id":"https:\/\/denizcankizil.tr\/#organization"},"potentialAction":[{"@type":"SearchAction","target":{"@type":"EntryPoint","urlTemplate":"https:\/\/denizcankizil.tr\/?s={search_term_string}"},"query-input":{"@type":"PropertyValueSpecification","valueRequired":true,"valueName":"search_term_string"}}],"inLanguage":"uk"},{"@type":"Organization","@id":"https:\/\/denizcankizil.tr\/#organization","name":"Av. Deniz Can K\u0131z\u0131l","url":"https:\/\/denizcankizil.tr\/","logo":{"@type":"ImageObject","inLanguage":"uk","@id":"https:\/\/denizcankizil.tr\/#\/schema\/logo\/image\/","url":"https:\/\/denizcankizil.tr\/wp-content\/uploads\/2024\/10\/siyah-logo-svg.svg","contentUrl":"https:\/\/denizcankizil.tr\/wp-content\/uploads\/2024\/10\/siyah-logo-svg.svg","width":1080,"height":1080,"caption":"Av. Deniz Can K\u0131z\u0131l"},"image":{"@id":"https:\/\/denizcankizil.tr\/#\/schema\/logo\/image\/"}}]}},"_links":{"self":[{"href":"https:\/\/denizcankizil.tr\/uk\/wp-json\/wp\/v2\/posts\/7111","targetHints":{"allow":["GET"]}}],"collection":[{"href":"https:\/\/denizcankizil.tr\/uk\/wp-json\/wp\/v2\/posts"}],"about":[{"href":"https:\/\/denizcankizil.tr\/uk\/wp-json\/wp\/v2\/types\/post"}],"replies":[{"embeddable":true,"href":"https:\/\/denizcankizil.tr\/uk\/wp-json\/wp\/v2\/comments?post=7111"}],"version-history":[{"count":0,"href":"https:\/\/denizcankizil.tr\/uk\/wp-json\/wp\/v2\/posts\/7111\/revisions"}],"wp:attachment":[{"href":"https:\/\/denizcankizil.tr\/uk\/wp-json\/wp\/v2\/media?parent=7111"}],"wp:term":[{"taxonomy":"category","embeddable":true,"href":"https:\/\/denizcankizil.tr\/uk\/wp-json\/wp\/v2\/categories?post=7111"},{"taxonomy":"post_tag","embeddable":true,"href":"https:\/\/denizcankizil.tr\/uk\/wp-json\/wp\/v2\/tags?post=7111"}],"curies":[{"name":"wp","href":"https:\/\/api.w.org\/{rel}","templated":true}]}}