{"id":70495,"date":"2025-04-29T17:41:31","date_gmt":"2025-04-29T14:41:31","guid":{"rendered":"https:\/\/denizcankizil.tr\/uncategorized-tr\/iktidardan-yeni-evleneceklere-150-bin-tlden-sonra-bir-destek-daha-ceyiz-mobilya-araba\/"},"modified":"2025-04-29T17:41:31","modified_gmt":"2025-04-29T14:41:31","slug":"iktidardan-yeni-evleneceklere-150-bin-tlden-sonra-bir-destek-daha-ceyiz-mobilya-araba","status":"publish","type":"post","link":"https:\/\/denizcankizil.tr\/uk\/haberler\/gundem\/iktidardan-yeni-evleneceklere-150-bin-tlden-sonra-bir-destek-daha-ceyiz-mobilya-araba\/","title":{"rendered":"\u0130ktidardan yeni evleneceklere 150 bin TL&#8217;den sonra bir destek daha: \u00c7eyiz, mobilya, araba&#8230;"},"content":{"rendered":"<p>\u0130ktidar taraf\u0131ndan 2025 y\u0131l\u0131n\u0131n &#8216;Aile y\u0131l\u0131&#8217; ilan edilmesinin ard\u0131ndan yeni evlenenlere ve evlenecek olan \u00e7iftlere pe\u015f pe\u015fe destek gelmeye ba\u015flad\u0131. 150 bin TL kredi f\u0131rsat\u0131, do\u011fum yard\u0131m\u0131, ilk arabam kampanyas\u0131, indirimli tren, otob\u00fcs ve u\u00e7ak bileti imkan\u0131 gibi projeler hayata ge\u00e7irildi. Aile ve Sosyal Hizmetler Bakan\u0131 G\u00f6kta\u015f, evlenecek \u00e7iftleri desteklemek ad\u0131na mobilya, beyaz e\u015fya, mutfak gere\u00e7leri gibi ihtiya\u00e7lara dair indirim kampanyas\u0131 yap\u0131laca\u011f\u0131n\u0131 duyurdu. \u0130\u015fte, detaylar&#8230;<\/p>\n<p>KAMPANYA NE ZAMAN BA\u015eLAYACAK? <\/p>\n<p>Bakan G\u00f6kta\u015f, indirim kampanyas\u0131n\u0131n yeni evlenecek \u00e7iftlere y\u00f6nelik olarak destekleme niteli\u011finde oldu\u011funu belirtti. 28 Nisan&#8217;daki Kabine Toplant\u0131s\u0131 ard\u0131ndan sorular\u0131 yan\u0131tlayan G\u00f6kta\u015f, gen\u00e7 \u00e7iftlerin mobilya, beyaz e\u015fya, ev tekstili ve mutfak e\u015fyalar\u0131 gibi ihtiya\u00e7lar\u0131n\u0131 kar\u015f\u0131la\u015fmalar\u0131na fayda sa\u011flayacak kampanyan\u0131n tarihini ve detaylar\u0131n\u0131 hen\u00fcz payla\u015fmad\u0131.<\/p>\n<p>ANLA\u015eMALI 16 F\u0130RMA OLDU\u011eU DUYURULDU <\/p>\n<p>Yeni kampanyaya ile ili\u015fkili olarak 16 firma ile anla\u015fma yap\u0131laca\u011f\u0131n\u0131 bildiren G\u00f6kta\u015f, markalar\u0131 30 Nisan \u00c7ar\u015famba g\u00fcn\u00fc a\u00e7\u0131klayacak. \u00d6te yandan yap\u0131lacak toplant\u0131da kampanyan\u0131n ba\u015fvuru \u015fartlar\u0131, tarihi gibi detaylar\u0131n\u0131n da duyurulmas\u0131 bekleniyor.<\/p>\n<p>Y\u00dcZDE 35 VE Y\u00dcZDE 50&#8217;YE VARAN \u0130ND\u0130R\u0130MLER OLACAK <\/p>\n<p>Bakan G\u00f6kta\u015f daha \u00f6nce yapm\u0131\u015f oldu\u011fu a\u00e7\u0131klamada, mobilya ve beyaz e\u015fya indirimine dair, mobilyada y\u00fczde 35, \u00e7eyiz ve z\u00fccaciyede y\u00fczde 50&#8217;ye varan indirimlerin s\u00f6z konusu olabilece\u011fini belirtmi\u015fti. D\u00fc\u011f\u00fcn paketlerinde ise bu oran\u0131n y\u00fczde 10 civar\u0131nda olabilece\u011fini eklemi\u015fti. Aile Y\u0131l\u0131 nedeniyle yeni evleneceklere 48 ay vadeli, 2 y\u0131l geri \u00f6demesiz, 150 bin lira faizsiz kredi kampanyas\u0131 da devreye al\u0131nm\u0131\u015ft\u0131.<\/p>\n<p>\u200bAile y\u0131l\u0131 kapsam\u0131nda hayata ge\u00e7irilen yeni kampanyayla evlenecek \u00e7iftlere beyaz e\u015fyadan \u00e7eyize, mobilyadan ev tekstiline kadar bir\u00e7ok kalemde \u00f6zel indirimler sunulacak. Bakan Mahinur \u00d6zdemir G\u00f6kta\u015f, anla\u015fmal\u0131 16 markay\u0131 ve kampanya detaylar\u0131n\u0131 yar\u0131n a\u00e7\u0131klayaca\u011f\u0131n\u0131 duyurdu. Daha \u00f6nce de yeni evleneceklere 150 bin TL yard\u0131m s\u00f6z\u00fc verilmi\u015fti\u00a0<\/p>\n<p>\u200bHaberin Al\u0131nt\u0131land\u0131\u011f\u0131 Kaynak: www.antalyakorfez.com<\/p>","protected":false},"excerpt":{"rendered":"<p>\u0130ktidar taraf\u0131ndan 2025 y\u0131l\u0131n\u0131n &#8216;Aile y\u0131l\u0131&#8217; ilan edilmesinin ard\u0131ndan yeni evlenenlere ve evlenecek olan \u00e7iftlere pe\u015f pe\u015fe destek gelmeye ba\u015flad\u0131. 150 bin TL kredi f\u0131rsat\u0131, do\u011fum yard\u0131m\u0131, ilk arabam kampanyas\u0131, indirimli tren, otob\u00fcs ve u\u00e7ak bileti imkan\u0131 gibi projeler hayata ge\u00e7irildi. Aile ve Sosyal Hizmetler Bakan\u0131 G\u00f6kta\u015f, evlenecek \u00e7iftleri desteklemek ad\u0131na mobilya, beyaz e\u015fya, mutfak gere\u00e7leri gibi ihtiya\u00e7lara dair indirim kampanyas\u0131 yap\u0131laca\u011f\u0131n\u0131 duyurdu. \u0130\u015fte, detaylar&#8230; KAMPANYA NE ZAMAN BA\u015eLAYACAK? Bakan G\u00f6kta\u015f, indirim kampanyas\u0131n\u0131n yeni evlenecek \u00e7iftlere y\u00f6nelik olarak destekleme niteli\u011finde oldu\u011funu belirtti. 28 Nisan&#8217;daki Kabine Toplant\u0131s\u0131 ard\u0131ndan sorular\u0131 yan\u0131tlayan G\u00f6kta\u015f, gen\u00e7 \u00e7iftlerin mobilya, beyaz e\u015fya, ev tekstili ve mutfak e\u015fyalar\u0131 gibi ihtiya\u00e7lar\u0131n\u0131 kar\u015f\u0131la\u015fmalar\u0131na fayda sa\u011flayacak kampanyan\u0131n tarihini ve detaylar\u0131n\u0131 hen\u00fcz payla\u015fmad\u0131. ANLA\u015eMALI 16 F\u0130RMA OLDU\u011eU DUYURULDU Yeni kampanyaya ile ili\u015fkili olarak 16 firma ile anla\u015fma yap\u0131laca\u011f\u0131n\u0131 bildiren G\u00f6kta\u015f, markalar\u0131 30 Nisan \u00c7ar\u015famba g\u00fcn\u00fc a\u00e7\u0131klayacak. \u00d6te yandan yap\u0131lacak toplant\u0131da kampanyan\u0131n ba\u015fvuru \u015fartlar\u0131, tarihi gibi detaylar\u0131n\u0131n da duyurulmas\u0131 bekleniyor. Y\u00dcZDE 35 VE Y\u00dcZDE 50&#8217;YE VARAN \u0130ND\u0130R\u0130MLER OLACAK Bakan G\u00f6kta\u015f daha \u00f6nce yapm\u0131\u015f oldu\u011fu a\u00e7\u0131klamada, mobilya ve beyaz e\u015fya indirimine dair, mobilyada y\u00fczde 35, \u00e7eyiz ve z\u00fccaciyede y\u00fczde 50&#8217;ye varan indirimlerin s\u00f6z konusu olabilece\u011fini belirtmi\u015fti. D\u00fc\u011f\u00fcn paketlerinde ise bu oran\u0131n y\u00fczde 10 civar\u0131nda olabilece\u011fini eklemi\u015fti. Aile Y\u0131l\u0131 nedeniyle yeni evleneceklere 48 ay vadeli, &hellip;<\/p>","protected":false},"author":5,"featured_media":0,"comment_status":"","ping_status":"open","sticky":false,"template":"","format":"standard","meta":{"_acf_changed":false,"footnotes":""},"categories":[24],"tags":[],"class_list":["post-70495","post","type-post","status-publish","format-standard","has-post-thumbnail","hentry","category-gundem"],"acf":[],"yoast_head":"<!-- This site is optimized with the Yoast SEO Premium plugin v26.6 (Yoast SEO v27.1.1) - https:\/\/yoast.com\/product\/yoast-seo-premium-wordpress\/ -->\n<title>\u0130ktidardan yeni evleneceklere 150 bin TL&#039;den sonra bir destek daha: \u00c7eyiz, mobilya, araba... - Av. Deniz Can K\u0131z\u0131l<\/title>\n<meta name=\"robots\" content=\"index, follow, max-snippet:-1, max-image-preview:large, max-video-preview:-1\" \/>\n<link rel=\"canonical\" href=\"https:\/\/denizcankizil.tr\/uk\/haberler\/gundem\/iktidardan-yeni-evleneceklere-150-bin-tlden-sonra-bir-destek-daha-ceyiz-mobilya-araba\/\" \/>\n<meta property=\"og:locale\" content=\"uk_UA\" \/>\n<meta property=\"og:type\" content=\"article\" \/>\n<meta property=\"og:title\" content=\"\u0130ktidardan yeni evleneceklere 150 bin TL&#039;den sonra bir destek daha: \u00c7eyiz, mobilya, araba...\" \/>\n<meta property=\"og:description\" content=\"\u0130ktidar taraf\u0131ndan 2025 y\u0131l\u0131n\u0131n &#8216;Aile y\u0131l\u0131&#8217; ilan edilmesinin ard\u0131ndan yeni evlenenlere ve evlenecek olan \u00e7iftlere pe\u015f pe\u015fe destek gelmeye ba\u015flad\u0131. 150 bin TL kredi f\u0131rsat\u0131, do\u011fum yard\u0131m\u0131, ilk arabam kampanyas\u0131, indirimli tren, otob\u00fcs ve u\u00e7ak bileti imkan\u0131 gibi projeler hayata ge\u00e7irildi. Aile ve Sosyal Hizmetler Bakan\u0131 G\u00f6kta\u015f, evlenecek \u00e7iftleri desteklemek ad\u0131na mobilya, beyaz e\u015fya, mutfak gere\u00e7leri gibi ihtiya\u00e7lara dair indirim kampanyas\u0131 yap\u0131laca\u011f\u0131n\u0131 duyurdu. \u0130\u015fte, detaylar&#8230; KAMPANYA NE ZAMAN BA\u015eLAYACAK? Bakan G\u00f6kta\u015f, indirim kampanyas\u0131n\u0131n yeni evlenecek \u00e7iftlere y\u00f6nelik olarak destekleme niteli\u011finde oldu\u011funu belirtti. 28 Nisan&#8217;daki Kabine Toplant\u0131s\u0131 ard\u0131ndan sorular\u0131 yan\u0131tlayan G\u00f6kta\u015f, gen\u00e7 \u00e7iftlerin mobilya, beyaz e\u015fya, ev tekstili ve mutfak e\u015fyalar\u0131 gibi ihtiya\u00e7lar\u0131n\u0131 kar\u015f\u0131la\u015fmalar\u0131na fayda sa\u011flayacak kampanyan\u0131n tarihini ve detaylar\u0131n\u0131 hen\u00fcz payla\u015fmad\u0131. ANLA\u015eMALI 16 F\u0130RMA OLDU\u011eU DUYURULDU Yeni kampanyaya ile ili\u015fkili olarak 16 firma ile anla\u015fma yap\u0131laca\u011f\u0131n\u0131 bildiren G\u00f6kta\u015f, markalar\u0131 30 Nisan \u00c7ar\u015famba g\u00fcn\u00fc a\u00e7\u0131klayacak. \u00d6te yandan yap\u0131lacak toplant\u0131da kampanyan\u0131n ba\u015fvuru \u015fartlar\u0131, tarihi gibi detaylar\u0131n\u0131n da duyurulmas\u0131 bekleniyor. Y\u00dcZDE 35 VE Y\u00dcZDE 50&#8217;YE VARAN \u0130ND\u0130R\u0130MLER OLACAK Bakan G\u00f6kta\u015f daha \u00f6nce yapm\u0131\u015f oldu\u011fu a\u00e7\u0131klamada, mobilya ve beyaz e\u015fya indirimine dair, mobilyada y\u00fczde 35, \u00e7eyiz ve z\u00fccaciyede y\u00fczde 50&#8217;ye varan indirimlerin s\u00f6z konusu olabilece\u011fini belirtmi\u015fti. D\u00fc\u011f\u00fcn paketlerinde ise bu oran\u0131n y\u00fczde 10 civar\u0131nda olabilece\u011fini eklemi\u015fti. Aile Y\u0131l\u0131 nedeniyle yeni evleneceklere 48 ay vadeli, &hellip;\" \/>\n<meta property=\"og:url\" content=\"https:\/\/denizcankizil.tr\/uk\/haberler\/gundem\/iktidardan-yeni-evleneceklere-150-bin-tlden-sonra-bir-destek-daha-ceyiz-mobilya-araba\/\" \/>\n<meta property=\"og:site_name\" content=\"Av. Deniz Can K\u0131z\u0131l\" \/>\n<meta property=\"article:published_time\" content=\"2025-04-29T14:41:31+00:00\" \/>\n<meta name=\"author\" content=\"Antalya K\u00f6rfez\" \/>\n<meta name=\"twitter:card\" content=\"summary_large_image\" \/>\n<meta name=\"twitter:label1\" content=\"\u041d\u0430\u043f\u0438\u0441\u0430\u043d\u043e\" \/>\n\t<meta name=\"twitter:data1\" content=\"Antalya K\u00f6rfez\" \/>\n\t<meta name=\"twitter:label2\" content=\"\u041f\u0440\u0438\u0431\u043b. \u0447\u0430\u0441 \u0447\u0438\u0442\u0430\u043d\u043d\u044f\" \/>\n\t<meta name=\"twitter:data2\" content=\"2 \u0445\u0432\u0438\u043b\u0438\u043d\u0438\" \/>\n<script type=\"application\/ld+json\" class=\"yoast-schema-graph\">{\"@context\":\"https:\/\/schema.org\",\"@graph\":[{\"@type\":\"Article\",\"@id\":\"https:\/\/denizcankizil.tr\/uk\/haberler\/gundem\/iktidardan-yeni-evleneceklere-150-bin-tlden-sonra-bir-destek-daha-ceyiz-mobilya-araba\/#article\",\"isPartOf\":{\"@id\":\"https:\/\/denizcankizil.tr\/uk\/haberler\/gundem\/iktidardan-yeni-evleneceklere-150-bin-tlden-sonra-bir-destek-daha-ceyiz-mobilya-araba\/\"},\"author\":{\"name\":\"Antalya K\u00f6rfez\",\"@id\":\"https:\/\/denizcankizil.tr\/#\/schema\/person\/e1eb71bb4dd684d46563f0af307e1234\"},\"headline\":\"\u0130ktidardan yeni evleneceklere 150 bin TL&#8217;den sonra bir destek daha: \u00c7eyiz, mobilya, araba&#8230;\",\"datePublished\":\"2025-04-29T14:41:31+00:00\",\"mainEntityOfPage\":{\"@id\":\"https:\/\/denizcankizil.tr\/uk\/haberler\/gundem\/iktidardan-yeni-evleneceklere-150-bin-tlden-sonra-bir-destek-daha-ceyiz-mobilya-araba\/\"},\"wordCount\":365,\"publisher\":{\"@id\":\"https:\/\/denizcankizil.tr\/#organization\"},\"articleSection\":[\"G\u00fcndem\"],\"inLanguage\":\"uk\"},{\"@type\":\"WebPage\",\"@id\":\"https:\/\/denizcankizil.tr\/uk\/haberler\/gundem\/iktidardan-yeni-evleneceklere-150-bin-tlden-sonra-bir-destek-daha-ceyiz-mobilya-araba\/\",\"url\":\"https:\/\/denizcankizil.tr\/uk\/haberler\/gundem\/iktidardan-yeni-evleneceklere-150-bin-tlden-sonra-bir-destek-daha-ceyiz-mobilya-araba\/\",\"name\":\"\u0130ktidardan yeni evleneceklere 150 bin TL'den sonra bir destek daha: \u00c7eyiz, mobilya, araba... - Av. Deniz Can K\u0131z\u0131l\",\"isPartOf\":{\"@id\":\"https:\/\/denizcankizil.tr\/#website\"},\"datePublished\":\"2025-04-29T14:41:31+00:00\",\"breadcrumb\":{\"@id\":\"https:\/\/denizcankizil.tr\/uk\/haberler\/gundem\/iktidardan-yeni-evleneceklere-150-bin-tlden-sonra-bir-destek-daha-ceyiz-mobilya-araba\/#breadcrumb\"},\"inLanguage\":\"uk\",\"potentialAction\":[{\"@type\":\"ReadAction\",\"target\":[\"https:\/\/denizcankizil.tr\/uk\/haberler\/gundem\/iktidardan-yeni-evleneceklere-150-bin-tlden-sonra-bir-destek-daha-ceyiz-mobilya-araba\/\"]}]},{\"@type\":\"BreadcrumbList\",\"@id\":\"https:\/\/denizcankizil.tr\/uk\/haberler\/gundem\/iktidardan-yeni-evleneceklere-150-bin-tlden-sonra-bir-destek-daha-ceyiz-mobilya-araba\/#breadcrumb\",\"itemListElement\":[{\"@type\":\"ListItem\",\"position\":1,\"name\":\"Home\",\"item\":\"https:\/\/denizcankizil.tr\/de\/\"},{\"@type\":\"ListItem\",\"position\":2,\"name\":\"\u0130ktidardan yeni evleneceklere 150 bin TL&#8217;den sonra bir destek daha: \u00c7eyiz, mobilya, araba&#8230;\"}]},{\"@type\":\"WebSite\",\"@id\":\"https:\/\/denizcankizil.tr\/#website\",\"url\":\"https:\/\/denizcankizil.tr\/\",\"name\":\"Av. Deniz Can K\u0131z\u0131l\",\"description\":\"Avukat Deniz Can K\u0131z\u0131l Antalya Barosu\",\"publisher\":{\"@id\":\"https:\/\/denizcankizil.tr\/#organization\"},\"potentialAction\":[{\"@type\":\"SearchAction\",\"target\":{\"@type\":\"EntryPoint\",\"urlTemplate\":\"https:\/\/denizcankizil.tr\/?s={search_term_string}\"},\"query-input\":{\"@type\":\"PropertyValueSpecification\",\"valueRequired\":true,\"valueName\":\"search_term_string\"}}],\"inLanguage\":\"uk\"},{\"@type\":\"Organization\",\"@id\":\"https:\/\/denizcankizil.tr\/#organization\",\"name\":\"Av. Deniz Can K\u0131z\u0131l\",\"url\":\"https:\/\/denizcankizil.tr\/\",\"logo\":{\"@type\":\"ImageObject\",\"inLanguage\":\"uk\",\"@id\":\"https:\/\/denizcankizil.tr\/#\/schema\/logo\/image\/\",\"url\":\"https:\/\/denizcankizil.tr\/wp-content\/uploads\/2024\/10\/siyah-logo-svg.svg\",\"contentUrl\":\"https:\/\/denizcankizil.tr\/wp-content\/uploads\/2024\/10\/siyah-logo-svg.svg\",\"width\":1080,\"height\":1080,\"caption\":\"Av. Deniz Can K\u0131z\u0131l\"},\"image\":{\"@id\":\"https:\/\/denizcankizil.tr\/#\/schema\/logo\/image\/\"}},{\"@type\":\"Person\",\"@id\":\"https:\/\/denizcankizil.tr\/#\/schema\/person\/e1eb71bb4dd684d46563f0af307e1234\",\"name\":\"Antalya K\u00f6rfez\",\"image\":{\"@type\":\"ImageObject\",\"inLanguage\":\"uk\",\"@id\":\"https:\/\/denizcankizil.tr\/#\/schema\/person\/image\/\",\"url\":\"https:\/\/secure.gravatar.com\/avatar\/42b01982558a48a0b501fdcab6a408d3717ea5919095ee2e67b0e521799c5905?s=96&d=mm&r=g\",\"contentUrl\":\"https:\/\/secure.gravatar.com\/avatar\/42b01982558a48a0b501fdcab6a408d3717ea5919095ee2e67b0e521799c5905?s=96&d=mm&r=g\",\"caption\":\"Antalya K\u00f6rfez\"},\"sameAs\":[\"http:\/\/www.antalyakorfez.com\"],\"url\":\"https:\/\/www.antalyakorfez.com\/yeni-evleneceklere-buyuk-destek-mobilya-ve-ceyizde-yuzde-50ye-varan-indirim-geliyor\"}]}<\/script>\n<!-- \/ Yoast SEO Premium plugin. -->","yoast_head_json":{"title":"\u0130ktidardan yeni evleneceklere 150 bin TL'den sonra bir destek daha: \u00c7eyiz, mobilya, araba... - Av. Deniz Can K\u0131z\u0131l","robots":{"index":"index","follow":"follow","max-snippet":"max-snippet:-1","max-image-preview":"max-image-preview:large","max-video-preview":"max-video-preview:-1"},"canonical":"https:\/\/denizcankizil.tr\/uk\/haberler\/gundem\/iktidardan-yeni-evleneceklere-150-bin-tlden-sonra-bir-destek-daha-ceyiz-mobilya-araba\/","og_locale":"uk_UA","og_type":"article","og_title":"\u0130ktidardan yeni evleneceklere 150 bin TL'den sonra bir destek daha: \u00c7eyiz, mobilya, araba...","og_description":"\u0130ktidar taraf\u0131ndan 2025 y\u0131l\u0131n\u0131n &#8216;Aile y\u0131l\u0131&#8217; ilan edilmesinin ard\u0131ndan yeni evlenenlere ve evlenecek olan \u00e7iftlere pe\u015f pe\u015fe destek gelmeye ba\u015flad\u0131. 150 bin TL kredi f\u0131rsat\u0131, do\u011fum yard\u0131m\u0131, ilk arabam kampanyas\u0131, indirimli tren, otob\u00fcs ve u\u00e7ak bileti imkan\u0131 gibi projeler hayata ge\u00e7irildi. Aile ve Sosyal Hizmetler Bakan\u0131 G\u00f6kta\u015f, evlenecek \u00e7iftleri desteklemek ad\u0131na mobilya, beyaz e\u015fya, mutfak gere\u00e7leri gibi ihtiya\u00e7lara dair indirim kampanyas\u0131 yap\u0131laca\u011f\u0131n\u0131 duyurdu. \u0130\u015fte, detaylar&#8230; KAMPANYA NE ZAMAN BA\u015eLAYACAK? Bakan G\u00f6kta\u015f, indirim kampanyas\u0131n\u0131n yeni evlenecek \u00e7iftlere y\u00f6nelik olarak destekleme niteli\u011finde oldu\u011funu belirtti. 28 Nisan&#8217;daki Kabine Toplant\u0131s\u0131 ard\u0131ndan sorular\u0131 yan\u0131tlayan G\u00f6kta\u015f, gen\u00e7 \u00e7iftlerin mobilya, beyaz e\u015fya, ev tekstili ve mutfak e\u015fyalar\u0131 gibi ihtiya\u00e7lar\u0131n\u0131 kar\u015f\u0131la\u015fmalar\u0131na fayda sa\u011flayacak kampanyan\u0131n tarihini ve detaylar\u0131n\u0131 hen\u00fcz payla\u015fmad\u0131. ANLA\u015eMALI 16 F\u0130RMA OLDU\u011eU DUYURULDU Yeni kampanyaya ile ili\u015fkili olarak 16 firma ile anla\u015fma yap\u0131laca\u011f\u0131n\u0131 bildiren G\u00f6kta\u015f, markalar\u0131 30 Nisan \u00c7ar\u015famba g\u00fcn\u00fc a\u00e7\u0131klayacak. \u00d6te yandan yap\u0131lacak toplant\u0131da kampanyan\u0131n ba\u015fvuru \u015fartlar\u0131, tarihi gibi detaylar\u0131n\u0131n da duyurulmas\u0131 bekleniyor. Y\u00dcZDE 35 VE Y\u00dcZDE 50&#8217;YE VARAN \u0130ND\u0130R\u0130MLER OLACAK Bakan G\u00f6kta\u015f daha \u00f6nce yapm\u0131\u015f oldu\u011fu a\u00e7\u0131klamada, mobilya ve beyaz e\u015fya indirimine dair, mobilyada y\u00fczde 35, \u00e7eyiz ve z\u00fccaciyede y\u00fczde 50&#8217;ye varan indirimlerin s\u00f6z konusu olabilece\u011fini belirtmi\u015fti. D\u00fc\u011f\u00fcn paketlerinde ise bu oran\u0131n y\u00fczde 10 civar\u0131nda olabilece\u011fini eklemi\u015fti. Aile Y\u0131l\u0131 nedeniyle yeni evleneceklere 48 ay vadeli, &hellip;","og_url":"https:\/\/denizcankizil.tr\/uk\/haberler\/gundem\/iktidardan-yeni-evleneceklere-150-bin-tlden-sonra-bir-destek-daha-ceyiz-mobilya-araba\/","og_site_name":"Av. Deniz Can K\u0131z\u0131l","article_published_time":"2025-04-29T14:41:31+00:00","author":"Antalya K\u00f6rfez","twitter_card":"summary_large_image","twitter_misc":{"\u041d\u0430\u043f\u0438\u0441\u0430\u043d\u043e":"Antalya K\u00f6rfez","\u041f\u0440\u0438\u0431\u043b. \u0447\u0430\u0441 \u0447\u0438\u0442\u0430\u043d\u043d\u044f":"2 \u0445\u0432\u0438\u043b\u0438\u043d\u0438"},"schema":{"@context":"https:\/\/schema.org","@graph":[{"@type":"Article","@id":"https:\/\/denizcankizil.tr\/uk\/haberler\/gundem\/iktidardan-yeni-evleneceklere-150-bin-tlden-sonra-bir-destek-daha-ceyiz-mobilya-araba\/#article","isPartOf":{"@id":"https:\/\/denizcankizil.tr\/uk\/haberler\/gundem\/iktidardan-yeni-evleneceklere-150-bin-tlden-sonra-bir-destek-daha-ceyiz-mobilya-araba\/"},"author":{"name":"Antalya K\u00f6rfez","@id":"https:\/\/denizcankizil.tr\/#\/schema\/person\/e1eb71bb4dd684d46563f0af307e1234"},"headline":"\u0130ktidardan yeni evleneceklere 150 bin TL&#8217;den sonra bir destek daha: \u00c7eyiz, mobilya, araba&#8230;","datePublished":"2025-04-29T14:41:31+00:00","mainEntityOfPage":{"@id":"https:\/\/denizcankizil.tr\/uk\/haberler\/gundem\/iktidardan-yeni-evleneceklere-150-bin-tlden-sonra-bir-destek-daha-ceyiz-mobilya-araba\/"},"wordCount":365,"publisher":{"@id":"https:\/\/denizcankizil.tr\/#organization"},"articleSection":["G\u00fcndem"],"inLanguage":"uk"},{"@type":"WebPage","@id":"https:\/\/denizcankizil.tr\/uk\/haberler\/gundem\/iktidardan-yeni-evleneceklere-150-bin-tlden-sonra-bir-destek-daha-ceyiz-mobilya-araba\/","url":"https:\/\/denizcankizil.tr\/uk\/haberler\/gundem\/iktidardan-yeni-evleneceklere-150-bin-tlden-sonra-bir-destek-daha-ceyiz-mobilya-araba\/","name":"\u0130ktidardan yeni evleneceklere 150 bin TL'den sonra bir destek daha: \u00c7eyiz, mobilya, araba... - Av. Deniz Can K\u0131z\u0131l","isPartOf":{"@id":"https:\/\/denizcankizil.tr\/#website"},"datePublished":"2025-04-29T14:41:31+00:00","breadcrumb":{"@id":"https:\/\/denizcankizil.tr\/uk\/haberler\/gundem\/iktidardan-yeni-evleneceklere-150-bin-tlden-sonra-bir-destek-daha-ceyiz-mobilya-araba\/#breadcrumb"},"inLanguage":"uk","potentialAction":[{"@type":"ReadAction","target":["https:\/\/denizcankizil.tr\/uk\/haberler\/gundem\/iktidardan-yeni-evleneceklere-150-bin-tlden-sonra-bir-destek-daha-ceyiz-mobilya-araba\/"]}]},{"@type":"BreadcrumbList","@id":"https:\/\/denizcankizil.tr\/uk\/haberler\/gundem\/iktidardan-yeni-evleneceklere-150-bin-tlden-sonra-bir-destek-daha-ceyiz-mobilya-araba\/#breadcrumb","itemListElement":[{"@type":"ListItem","position":1,"name":"Home","item":"https:\/\/denizcankizil.tr\/de\/"},{"@type":"ListItem","position":2,"name":"\u0130ktidardan yeni evleneceklere 150 bin TL&#8217;den sonra bir destek daha: \u00c7eyiz, mobilya, araba&#8230;"}]},{"@type":"WebSite","@id":"https:\/\/denizcankizil.tr\/#website","url":"https:\/\/denizcankizil.tr\/","name":"Av. Deniz Can K\u0131z\u0131l","description":"Avukat Deniz Can K\u0131z\u0131l Antalya Barosu","publisher":{"@id":"https:\/\/denizcankizil.tr\/#organization"},"potentialAction":[{"@type":"SearchAction","target":{"@type":"EntryPoint","urlTemplate":"https:\/\/denizcankizil.tr\/?s={search_term_string}"},"query-input":{"@type":"PropertyValueSpecification","valueRequired":true,"valueName":"search_term_string"}}],"inLanguage":"uk"},{"@type":"Organization","@id":"https:\/\/denizcankizil.tr\/#organization","name":"Av. Deniz Can K\u0131z\u0131l","url":"https:\/\/denizcankizil.tr\/","logo":{"@type":"ImageObject","inLanguage":"uk","@id":"https:\/\/denizcankizil.tr\/#\/schema\/logo\/image\/","url":"https:\/\/denizcankizil.tr\/wp-content\/uploads\/2024\/10\/siyah-logo-svg.svg","contentUrl":"https:\/\/denizcankizil.tr\/wp-content\/uploads\/2024\/10\/siyah-logo-svg.svg","width":1080,"height":1080,"caption":"Av. Deniz Can K\u0131z\u0131l"},"image":{"@id":"https:\/\/denizcankizil.tr\/#\/schema\/logo\/image\/"}},{"@type":"Person","@id":"https:\/\/denizcankizil.tr\/#\/schema\/person\/e1eb71bb4dd684d46563f0af307e1234","name":"Antalya K\u00f6rfez","image":{"@type":"ImageObject","inLanguage":"uk","@id":"https:\/\/denizcankizil.tr\/#\/schema\/person\/image\/","url":"https:\/\/secure.gravatar.com\/avatar\/42b01982558a48a0b501fdcab6a408d3717ea5919095ee2e67b0e521799c5905?s=96&d=mm&r=g","contentUrl":"https:\/\/secure.gravatar.com\/avatar\/42b01982558a48a0b501fdcab6a408d3717ea5919095ee2e67b0e521799c5905?s=96&d=mm&r=g","caption":"Antalya K\u00f6rfez"},"sameAs":["http:\/\/www.antalyakorfez.com"],"url":"https:\/\/www.antalyakorfez.com\/yeni-evleneceklere-buyuk-destek-mobilya-ve-ceyizde-yuzde-50ye-varan-indirim-geliyor"}]}},"_links":{"self":[{"href":"https:\/\/denizcankizil.tr\/uk\/wp-json\/wp\/v2\/posts\/70495","targetHints":{"allow":["GET"]}}],"collection":[{"href":"https:\/\/denizcankizil.tr\/uk\/wp-json\/wp\/v2\/posts"}],"about":[{"href":"https:\/\/denizcankizil.tr\/uk\/wp-json\/wp\/v2\/types\/post"}],"author":[{"embeddable":true,"href":"https:\/\/denizcankizil.tr\/uk\/wp-json\/wp\/v2\/users\/5"}],"replies":[{"embeddable":true,"href":"https:\/\/denizcankizil.tr\/uk\/wp-json\/wp\/v2\/comments?post=70495"}],"version-history":[{"count":0,"href":"https:\/\/denizcankizil.tr\/uk\/wp-json\/wp\/v2\/posts\/70495\/revisions"}],"wp:attachment":[{"href":"https:\/\/denizcankizil.tr\/uk\/wp-json\/wp\/v2\/media?parent=70495"}],"wp:term":[{"taxonomy":"category","embeddable":true,"href":"https:\/\/denizcankizil.tr\/uk\/wp-json\/wp\/v2\/categories?post=70495"},{"taxonomy":"post_tag","embeddable":true,"href":"https:\/\/denizcankizil.tr\/uk\/wp-json\/wp\/v2\/tags?post=70495"}],"curies":[{"name":"wp","href":"https:\/\/api.w.org\/{rel}","templated":true}]}}