{"id":70491,"date":"2025-04-29T16:42:39","date_gmt":"2025-04-29T13:42:39","guid":{"rendered":"https:\/\/denizcankizil.tr\/uncategorized-tr\/bilimsel-tartismalarin-ekranlarda-degil-uzmanlar-arasinda-kapali-ortamlarda-yapilmali\/"},"modified":"2025-04-29T16:42:39","modified_gmt":"2025-04-29T13:42:39","slug":"bilimsel-tartismalarin-ekranlarda-degil-uzmanlar-arasinda-kapali-ortamlarda-yapilmali","status":"publish","type":"post","link":"https:\/\/denizcankizil.tr\/uk\/haberler\/gundem\/bilimsel-tartismalarin-ekranlarda-degil-uzmanlar-arasinda-kapali-ortamlarda-yapilmali\/","title":{"rendered":"\u201cBilimsel tart\u0131\u015fmalar\u0131n ekranlarda de\u011fil, uzmanlar aras\u0131nda kapal\u0131 ortamlarda yap\u0131lmal\u0131\u201d"},"content":{"rendered":"<p>\u00dcsk\u00fcdar \u00dcniversitesi Kurucu Rekt\u00f6r\u00fc, Psikiyatrist\u00a0Prof. Dr. Nevzat Tarhan,\u00a0Silivri a\u00e7\u0131klar\u0131nda meydana gelen 6,2 b\u00fcy\u00fckl\u00fc\u011f\u00fcndeki depremin ard\u0131ndan toplumda ya\u015fanan korku ve kayg\u0131 duygular\u0131 ile deprem psikolojisi konusunu de\u011ferlendirdi.<\/p>\n<p>\u200b\u00dcsk\u00fcdar \u00dcniversitesi Kurucu Rekt\u00f6r\u00fc, Psikiyatrist\u00a0Prof. Dr. Nevzat Tarhan,\u00a0Silivri a\u00e7\u0131klar\u0131nda meydana gelen 6,2 b\u00fcy\u00fckl\u00fc\u011f\u00fcndeki depremin ard\u0131ndan toplumda ya\u015fanan korku ve kayg\u0131 duygular\u0131 ile deprem psikolojisi konusunu de\u011ferlendirdi.\u00a0<\/p>\n<p>\u200bHaberin Al\u0131nt\u0131land\u0131\u011f\u0131 Kaynak: www.iskenderun.org<\/p>","protected":false},"excerpt":{"rendered":"<p>\u00dcsk\u00fcdar \u00dcniversitesi Kurucu Rekt\u00f6r\u00fc, Psikiyatrist\u00a0Prof. Dr. Nevzat Tarhan,\u00a0Silivri a\u00e7\u0131klar\u0131nda meydana gelen 6,2 b\u00fcy\u00fckl\u00fc\u011f\u00fcndeki depremin ard\u0131ndan toplumda ya\u015fanan korku ve kayg\u0131 duygular\u0131 ile deprem psikolojisi konusunu de\u011ferlendirdi. \u200b\u00dcsk\u00fcdar \u00dcniversitesi Kurucu Rekt\u00f6r\u00fc, Psikiyatrist\u00a0Prof. Dr. Nevzat Tarhan,\u00a0Silivri a\u00e7\u0131klar\u0131nda meydana gelen 6,2 b\u00fcy\u00fckl\u00fc\u011f\u00fcndeki depremin ard\u0131ndan toplumda ya\u015fanan korku ve kayg\u0131 duygular\u0131 ile deprem psikolojisi konusunu de\u011ferlendirdi.\u00a0 \u200bHaberin Al\u0131nt\u0131land\u0131\u011f\u0131 Kaynak: www.iskenderun.org<\/p>","protected":false},"author":1,"featured_media":0,"comment_status":"","ping_status":"open","sticky":false,"template":"","format":"standard","meta":{"_acf_changed":false,"footnotes":""},"categories":[24],"tags":[],"class_list":["post-70491","post","type-post","status-publish","format-standard","has-post-thumbnail","hentry","category-gundem"],"acf":[],"yoast_head":"<!-- This site is optimized with the Yoast SEO Premium plugin v26.6 (Yoast SEO v27.1.1) - https:\/\/yoast.com\/product\/yoast-seo-premium-wordpress\/ -->\n<title>\u201cBilimsel tart\u0131\u015fmalar\u0131n ekranlarda de\u011fil, uzmanlar aras\u0131nda kapal\u0131 ortamlarda yap\u0131lmal\u0131\u201d - Av. Deniz Can K\u0131z\u0131l<\/title>\n<meta name=\"robots\" content=\"index, follow, max-snippet:-1, max-image-preview:large, max-video-preview:-1\" \/>\n<link rel=\"canonical\" href=\"https:\/\/denizcankizil.tr\/uk\/haberler\/gundem\/bilimsel-tartismalarin-ekranlarda-degil-uzmanlar-arasinda-kapali-ortamlarda-yapilmali\/\" \/>\n<meta property=\"og:locale\" content=\"uk_UA\" \/>\n<meta property=\"og:type\" content=\"article\" \/>\n<meta property=\"og:title\" content=\"\u201cBilimsel tart\u0131\u015fmalar\u0131n ekranlarda de\u011fil, uzmanlar aras\u0131nda kapal\u0131 ortamlarda yap\u0131lmal\u0131\u201d\" \/>\n<meta property=\"og:description\" content=\"\u00dcsk\u00fcdar \u00dcniversitesi Kurucu Rekt\u00f6r\u00fc, Psikiyatrist\u00a0Prof. Dr. Nevzat Tarhan,\u00a0Silivri a\u00e7\u0131klar\u0131nda meydana gelen 6,2 b\u00fcy\u00fckl\u00fc\u011f\u00fcndeki depremin ard\u0131ndan toplumda ya\u015fanan korku ve kayg\u0131 duygular\u0131 ile deprem psikolojisi konusunu de\u011ferlendirdi. \u200b\u00dcsk\u00fcdar \u00dcniversitesi Kurucu Rekt\u00f6r\u00fc, Psikiyatrist\u00a0Prof. Dr. Nevzat Tarhan,\u00a0Silivri a\u00e7\u0131klar\u0131nda meydana gelen 6,2 b\u00fcy\u00fckl\u00fc\u011f\u00fcndeki depremin ard\u0131ndan toplumda ya\u015fanan korku ve kayg\u0131 duygular\u0131 ile deprem psikolojisi konusunu de\u011ferlendirdi.\u00a0 \u200bHaberin Al\u0131nt\u0131land\u0131\u011f\u0131 Kaynak: www.iskenderun.org\" \/>\n<meta property=\"og:url\" content=\"https:\/\/denizcankizil.tr\/uk\/haberler\/gundem\/bilimsel-tartismalarin-ekranlarda-degil-uzmanlar-arasinda-kapali-ortamlarda-yapilmali\/\" \/>\n<meta property=\"og:site_name\" content=\"Av. Deniz Can K\u0131z\u0131l\" \/>\n<meta property=\"article:published_time\" content=\"2025-04-29T13:42:39+00:00\" \/>\n<meta name=\"author\" content=\"admin\" \/>\n<meta name=\"twitter:card\" content=\"summary_large_image\" \/>\n<meta name=\"twitter:label1\" content=\"\u041d\u0430\u043f\u0438\u0441\u0430\u043d\u043e\" \/>\n\t<meta name=\"twitter:data1\" content=\"admin\" \/>\n<script type=\"application\/ld+json\" class=\"yoast-schema-graph\">{\"@context\":\"https:\/\/schema.org\",\"@graph\":[{\"@type\":\"Article\",\"@id\":\"https:\/\/denizcankizil.tr\/ru\/haberler\/gundem\/bilimsel-tartismalarin-ekranlarda-degil-uzmanlar-arasinda-kapali-ortamlarda-yapilmali\/#article\",\"isPartOf\":{\"@id\":\"https:\/\/denizcankizil.tr\/ru\/haberler\/gundem\/bilimsel-tartismalarin-ekranlarda-degil-uzmanlar-arasinda-kapali-ortamlarda-yapilmali\/\"},\"author\":{\"name\":\"admin\",\"@id\":\"https:\/\/denizcankizil.tr\/de\/#\/schema\/person\/be3c05fe6a12686905512445d8185489\"},\"headline\":\"\u201cBilimsel tart\u0131\u015fmalar\u0131n ekranlarda de\u011fil, uzmanlar aras\u0131nda kapal\u0131 ortamlarda yap\u0131lmal\u0131\u201d\",\"datePublished\":\"2025-04-29T13:42:39+00:00\",\"mainEntityOfPage\":{\"@id\":\"https:\/\/denizcankizil.tr\/ru\/haberler\/gundem\/bilimsel-tartismalarin-ekranlarda-degil-uzmanlar-arasinda-kapali-ortamlarda-yapilmali\/\"},\"wordCount\":96,\"publisher\":{\"@id\":\"https:\/\/denizcankizil.tr\/de\/#organization\"},\"articleSection\":[\"G\u00fcndem\"],\"inLanguage\":\"uk\"},{\"@type\":\"WebPage\",\"@id\":\"https:\/\/denizcankizil.tr\/ru\/haberler\/gundem\/bilimsel-tartismalarin-ekranlarda-degil-uzmanlar-arasinda-kapali-ortamlarda-yapilmali\/\",\"url\":\"https:\/\/denizcankizil.tr\/ru\/haberler\/gundem\/bilimsel-tartismalarin-ekranlarda-degil-uzmanlar-arasinda-kapali-ortamlarda-yapilmali\/\",\"name\":\"\u201cBilimsel tart\u0131\u015fmalar\u0131n ekranlarda de\u011fil, uzmanlar aras\u0131nda kapal\u0131 ortamlarda yap\u0131lmal\u0131\u201d - Av. Deniz Can K\u0131z\u0131l\",\"isPartOf\":{\"@id\":\"https:\/\/denizcankizil.tr\/de\/#website\"},\"datePublished\":\"2025-04-29T13:42:39+00:00\",\"breadcrumb\":{\"@id\":\"https:\/\/denizcankizil.tr\/ru\/haberler\/gundem\/bilimsel-tartismalarin-ekranlarda-degil-uzmanlar-arasinda-kapali-ortamlarda-yapilmali\/#breadcrumb\"},\"inLanguage\":\"uk\",\"potentialAction\":[{\"@type\":\"ReadAction\",\"target\":[\"https:\/\/denizcankizil.tr\/ru\/haberler\/gundem\/bilimsel-tartismalarin-ekranlarda-degil-uzmanlar-arasinda-kapali-ortamlarda-yapilmali\/\"]}]},{\"@type\":\"BreadcrumbList\",\"@id\":\"https:\/\/denizcankizil.tr\/ru\/haberler\/gundem\/bilimsel-tartismalarin-ekranlarda-degil-uzmanlar-arasinda-kapali-ortamlarda-yapilmali\/#breadcrumb\",\"itemListElement\":[{\"@type\":\"ListItem\",\"position\":1,\"name\":\"Home\",\"item\":\"https:\/\/denizcankizil.tr\/de\/\"},{\"@type\":\"ListItem\",\"position\":2,\"name\":\"\u201cBilimsel tart\u0131\u015fmalar\u0131n ekranlarda de\u011fil, uzmanlar aras\u0131nda kapal\u0131 ortamlarda yap\u0131lmal\u0131\u201d\"}]},{\"@type\":\"WebSite\",\"@id\":\"https:\/\/denizcankizil.tr\/de\/#website\",\"url\":\"https:\/\/denizcankizil.tr\/de\/\",\"name\":\"Av. Deniz Can K\u0131z\u0131l\",\"description\":\"Avukat Deniz Can K\u0131z\u0131l Antalya Barosu\",\"publisher\":{\"@id\":\"https:\/\/denizcankizil.tr\/de\/#organization\"},\"potentialAction\":[{\"@type\":\"SearchAction\",\"target\":{\"@type\":\"EntryPoint\",\"urlTemplate\":\"https:\/\/denizcankizil.tr\/de\/?s={search_term_string}\"},\"query-input\":{\"@type\":\"PropertyValueSpecification\",\"valueRequired\":true,\"valueName\":\"search_term_string\"}}],\"inLanguage\":\"uk\"},{\"@type\":\"Organization\",\"@id\":\"https:\/\/denizcankizil.tr\/de\/#organization\",\"name\":\"Av. Deniz Can K\u0131z\u0131l\",\"url\":\"https:\/\/denizcankizil.tr\/de\/\",\"logo\":{\"@type\":\"ImageObject\",\"inLanguage\":\"uk\",\"@id\":\"https:\/\/denizcankizil.tr\/de\/#\/schema\/logo\/image\/\",\"url\":\"https:\/\/denizcankizil.tr\/wp-content\/uploads\/2024\/10\/siyah-logo-svg.svg\",\"contentUrl\":\"https:\/\/denizcankizil.tr\/wp-content\/uploads\/2024\/10\/siyah-logo-svg.svg\",\"width\":1080,\"height\":1080,\"caption\":\"Av. Deniz Can K\u0131z\u0131l\"},\"image\":{\"@id\":\"https:\/\/denizcankizil.tr\/de\/#\/schema\/logo\/image\/\"}},{\"@type\":\"Person\",\"@id\":\"https:\/\/denizcankizil.tr\/de\/#\/schema\/person\/be3c05fe6a12686905512445d8185489\",\"name\":\"admin\",\"image\":{\"@type\":\"ImageObject\",\"inLanguage\":\"uk\",\"@id\":\"https:\/\/denizcankizil.tr\/de\/#\/schema\/person\/image\/\",\"url\":\"https:\/\/secure.gravatar.com\/avatar\/c1fce94c830dc79107e174f890d7210541c4a63e8e5d816341794a2151c9d58c?s=96&d=mm&r=g\",\"contentUrl\":\"https:\/\/secure.gravatar.com\/avatar\/c1fce94c830dc79107e174f890d7210541c4a63e8e5d816341794a2151c9d58c?s=96&d=mm&r=g\",\"caption\":\"admin\"},\"sameAs\":[\"http:\/\/denizcankizil.tr\"],\"url\":\"https:\/\/www.iskenderun.org\/bilimsel-tartismalarin-ekranlarda-degil-uzmanlar-arasinda-kapali-ortamlarda-yapilmali\"}]}<\/script>\n<!-- \/ Yoast SEO Premium plugin. -->","yoast_head_json":{"title":"\u201cBilimsel tart\u0131\u015fmalar\u0131n ekranlarda de\u011fil, uzmanlar aras\u0131nda kapal\u0131 ortamlarda yap\u0131lmal\u0131\u201d - Av. Deniz Can K\u0131z\u0131l","robots":{"index":"index","follow":"follow","max-snippet":"max-snippet:-1","max-image-preview":"max-image-preview:large","max-video-preview":"max-video-preview:-1"},"canonical":"https:\/\/denizcankizil.tr\/uk\/haberler\/gundem\/bilimsel-tartismalarin-ekranlarda-degil-uzmanlar-arasinda-kapali-ortamlarda-yapilmali\/","og_locale":"uk_UA","og_type":"article","og_title":"\u201cBilimsel tart\u0131\u015fmalar\u0131n ekranlarda de\u011fil, uzmanlar aras\u0131nda kapal\u0131 ortamlarda yap\u0131lmal\u0131\u201d","og_description":"\u00dcsk\u00fcdar \u00dcniversitesi Kurucu Rekt\u00f6r\u00fc, Psikiyatrist\u00a0Prof. Dr. Nevzat Tarhan,\u00a0Silivri a\u00e7\u0131klar\u0131nda meydana gelen 6,2 b\u00fcy\u00fckl\u00fc\u011f\u00fcndeki depremin ard\u0131ndan toplumda ya\u015fanan korku ve kayg\u0131 duygular\u0131 ile deprem psikolojisi konusunu de\u011ferlendirdi. \u200b\u00dcsk\u00fcdar \u00dcniversitesi Kurucu Rekt\u00f6r\u00fc, Psikiyatrist\u00a0Prof. Dr. Nevzat Tarhan,\u00a0Silivri a\u00e7\u0131klar\u0131nda meydana gelen 6,2 b\u00fcy\u00fckl\u00fc\u011f\u00fcndeki depremin ard\u0131ndan toplumda ya\u015fanan korku ve kayg\u0131 duygular\u0131 ile deprem psikolojisi konusunu de\u011ferlendirdi.\u00a0 \u200bHaberin Al\u0131nt\u0131land\u0131\u011f\u0131 Kaynak: www.iskenderun.org","og_url":"https:\/\/denizcankizil.tr\/uk\/haberler\/gundem\/bilimsel-tartismalarin-ekranlarda-degil-uzmanlar-arasinda-kapali-ortamlarda-yapilmali\/","og_site_name":"Av. Deniz Can K\u0131z\u0131l","article_published_time":"2025-04-29T13:42:39+00:00","author":"admin","twitter_card":"summary_large_image","twitter_misc":{"\u041d\u0430\u043f\u0438\u0441\u0430\u043d\u043e":"admin"},"schema":{"@context":"https:\/\/schema.org","@graph":[{"@type":"Article","@id":"https:\/\/denizcankizil.tr\/ru\/haberler\/gundem\/bilimsel-tartismalarin-ekranlarda-degil-uzmanlar-arasinda-kapali-ortamlarda-yapilmali\/#article","isPartOf":{"@id":"https:\/\/denizcankizil.tr\/ru\/haberler\/gundem\/bilimsel-tartismalarin-ekranlarda-degil-uzmanlar-arasinda-kapali-ortamlarda-yapilmali\/"},"author":{"name":"admin","@id":"https:\/\/denizcankizil.tr\/de\/#\/schema\/person\/be3c05fe6a12686905512445d8185489"},"headline":"\u201cBilimsel tart\u0131\u015fmalar\u0131n ekranlarda de\u011fil, uzmanlar aras\u0131nda kapal\u0131 ortamlarda yap\u0131lmal\u0131\u201d","datePublished":"2025-04-29T13:42:39+00:00","mainEntityOfPage":{"@id":"https:\/\/denizcankizil.tr\/ru\/haberler\/gundem\/bilimsel-tartismalarin-ekranlarda-degil-uzmanlar-arasinda-kapali-ortamlarda-yapilmali\/"},"wordCount":96,"publisher":{"@id":"https:\/\/denizcankizil.tr\/de\/#organization"},"articleSection":["G\u00fcndem"],"inLanguage":"uk"},{"@type":"WebPage","@id":"https:\/\/denizcankizil.tr\/ru\/haberler\/gundem\/bilimsel-tartismalarin-ekranlarda-degil-uzmanlar-arasinda-kapali-ortamlarda-yapilmali\/","url":"https:\/\/denizcankizil.tr\/ru\/haberler\/gundem\/bilimsel-tartismalarin-ekranlarda-degil-uzmanlar-arasinda-kapali-ortamlarda-yapilmali\/","name":"\u201cBilimsel tart\u0131\u015fmalar\u0131n ekranlarda de\u011fil, uzmanlar aras\u0131nda kapal\u0131 ortamlarda yap\u0131lmal\u0131\u201d - Av. Deniz Can K\u0131z\u0131l","isPartOf":{"@id":"https:\/\/denizcankizil.tr\/de\/#website"},"datePublished":"2025-04-29T13:42:39+00:00","breadcrumb":{"@id":"https:\/\/denizcankizil.tr\/ru\/haberler\/gundem\/bilimsel-tartismalarin-ekranlarda-degil-uzmanlar-arasinda-kapali-ortamlarda-yapilmali\/#breadcrumb"},"inLanguage":"uk","potentialAction":[{"@type":"ReadAction","target":["https:\/\/denizcankizil.tr\/ru\/haberler\/gundem\/bilimsel-tartismalarin-ekranlarda-degil-uzmanlar-arasinda-kapali-ortamlarda-yapilmali\/"]}]},{"@type":"BreadcrumbList","@id":"https:\/\/denizcankizil.tr\/ru\/haberler\/gundem\/bilimsel-tartismalarin-ekranlarda-degil-uzmanlar-arasinda-kapali-ortamlarda-yapilmali\/#breadcrumb","itemListElement":[{"@type":"ListItem","position":1,"name":"Home","item":"https:\/\/denizcankizil.tr\/de\/"},{"@type":"ListItem","position":2,"name":"\u201cBilimsel tart\u0131\u015fmalar\u0131n ekranlarda de\u011fil, uzmanlar aras\u0131nda kapal\u0131 ortamlarda yap\u0131lmal\u0131\u201d"}]},{"@type":"WebSite","@id":"https:\/\/denizcankizil.tr\/de\/#website","url":"https:\/\/denizcankizil.tr\/de\/","name":"Av. Deniz Can K\u0131z\u0131l","description":"Avukat Deniz Can K\u0131z\u0131l Antalya Barosu","publisher":{"@id":"https:\/\/denizcankizil.tr\/de\/#organization"},"potentialAction":[{"@type":"SearchAction","target":{"@type":"EntryPoint","urlTemplate":"https:\/\/denizcankizil.tr\/de\/?s={search_term_string}"},"query-input":{"@type":"PropertyValueSpecification","valueRequired":true,"valueName":"search_term_string"}}],"inLanguage":"uk"},{"@type":"Organization","@id":"https:\/\/denizcankizil.tr\/de\/#organization","name":"Av. Deniz Can K\u0131z\u0131l","url":"https:\/\/denizcankizil.tr\/de\/","logo":{"@type":"ImageObject","inLanguage":"uk","@id":"https:\/\/denizcankizil.tr\/de\/#\/schema\/logo\/image\/","url":"https:\/\/denizcankizil.tr\/wp-content\/uploads\/2024\/10\/siyah-logo-svg.svg","contentUrl":"https:\/\/denizcankizil.tr\/wp-content\/uploads\/2024\/10\/siyah-logo-svg.svg","width":1080,"height":1080,"caption":"Av. Deniz Can K\u0131z\u0131l"},"image":{"@id":"https:\/\/denizcankizil.tr\/de\/#\/schema\/logo\/image\/"}},{"@type":"Person","@id":"https:\/\/denizcankizil.tr\/de\/#\/schema\/person\/be3c05fe6a12686905512445d8185489","name":"\u0430\u0434\u043c\u0456\u043d","image":{"@type":"ImageObject","inLanguage":"uk","@id":"https:\/\/denizcankizil.tr\/de\/#\/schema\/person\/image\/","url":"https:\/\/secure.gravatar.com\/avatar\/c1fce94c830dc79107e174f890d7210541c4a63e8e5d816341794a2151c9d58c?s=96&d=mm&r=g","contentUrl":"https:\/\/secure.gravatar.com\/avatar\/c1fce94c830dc79107e174f890d7210541c4a63e8e5d816341794a2151c9d58c?s=96&d=mm&r=g","caption":"admin"},"sameAs":["http:\/\/denizcankizil.tr"],"url":"https:\/\/www.iskenderun.org\/bilimsel-tartismalarin-ekranlarda-degil-uzmanlar-arasinda-kapali-ortamlarda-yapilmali"}]}},"_links":{"self":[{"href":"https:\/\/denizcankizil.tr\/uk\/wp-json\/wp\/v2\/posts\/70491","targetHints":{"allow":["GET"]}}],"collection":[{"href":"https:\/\/denizcankizil.tr\/uk\/wp-json\/wp\/v2\/posts"}],"about":[{"href":"https:\/\/denizcankizil.tr\/uk\/wp-json\/wp\/v2\/types\/post"}],"author":[{"embeddable":true,"href":"https:\/\/denizcankizil.tr\/uk\/wp-json\/wp\/v2\/users\/1"}],"replies":[{"embeddable":true,"href":"https:\/\/denizcankizil.tr\/uk\/wp-json\/wp\/v2\/comments?post=70491"}],"version-history":[{"count":0,"href":"https:\/\/denizcankizil.tr\/uk\/wp-json\/wp\/v2\/posts\/70491\/revisions"}],"wp:attachment":[{"href":"https:\/\/denizcankizil.tr\/uk\/wp-json\/wp\/v2\/media?parent=70491"}],"wp:term":[{"taxonomy":"category","embeddable":true,"href":"https:\/\/denizcankizil.tr\/uk\/wp-json\/wp\/v2\/categories?post=70491"},{"taxonomy":"post_tag","embeddable":true,"href":"https:\/\/denizcankizil.tr\/uk\/wp-json\/wp\/v2\/tags?post=70491"}],"curies":[{"name":"wp","href":"https:\/\/api.w.org\/{rel}","templated":true}]}}