{"id":70187,"date":"2025-04-29T11:41:43","date_gmt":"2025-04-29T08:41:43","guid":{"rendered":"https:\/\/denizcankizil.tr\/uncategorized-tr\/manavgatta-surucun-takla-attigi-kaza-kamerada\/"},"modified":"2025-04-29T11:41:43","modified_gmt":"2025-04-29T08:41:43","slug":"manavgatta-surucun-takla-attigi-kaza-kamerada","status":"publish","type":"post","link":"https:\/\/denizcankizil.tr\/uk\/haberler\/antalya\/manavgatta-surucun-takla-attigi-kaza-kamerada\/","title":{"rendered":"Manavgat&#8217;ta s\u00fcr\u00fcc\u00fcn takla att\u0131\u011f\u0131 kaza kamerada"},"content":{"rendered":"<p>Kaza; Manavgat il\u00e7esi Sorgun Mahallesi Sorgun Bulvar\u0131&#8217;nda meydana geldi. Edinilen bilgiye g\u00f6re, \u00e7evre yolu istikametinden Ac\u0131su Caddesi istikametine seyir halindeki Melik G.&#8217;nin kulland\u0131\u011f\u0131 07 BTV 885 plakal\u0131 motosiklet otogar kav\u015fa\u011f\u0131na geldi\u011fi s\u0131rada otogardan \u00e7\u0131kan Selver A.&#8217;n\u0131n kulland\u0131\u011f\u0131 35 DC 2749 plakal\u0131 otomobile yandan \u00e7arpt\u0131. G\u00fcvenlik kameras\u0131na saniye saniye yans\u0131yan kazada yaralanan motosiklet s\u00fcr\u00fcc\u00fcs\u00fc Melik G., 112 Acil Sa\u011fl\u0131k ekiplerinin olay yerindeki m\u00fcdahalesinin ard\u0131ndan ambulansla hastaneye kald\u0131r\u0131ld\u0131.<\/p>\n<p>Kaynak: www.kanalv.com.tr Haber Sitesinden Al\u0131nm\u0131\u015ft\u0131r.<\/p>","protected":false},"excerpt":{"rendered":"<p>Kaza; Manavgat il\u00e7esi Sorgun Mahallesi Sorgun Bulvar\u0131&#8217;nda meydana geldi. Edinilen bilgiye g\u00f6re, \u00e7evre yolu istikametinden Ac\u0131su Caddesi istikametine seyir halindeki Melik G.&#8217;nin kulland\u0131\u011f\u0131 07 BTV 885 plakal\u0131 motosiklet otogar kav\u015fa\u011f\u0131na geldi\u011fi s\u0131rada otogardan \u00e7\u0131kan Selver A.&#8217;n\u0131n kulland\u0131\u011f\u0131 35 DC 2749 plakal\u0131 otomobile yandan \u00e7arpt\u0131. G\u00fcvenlik kameras\u0131na saniye saniye yans\u0131yan kazada yaralanan motosiklet s\u00fcr\u00fcc\u00fcs\u00fc Melik G., 112 Acil Sa\u011fl\u0131k ekiplerinin olay yerindeki m\u00fcdahalesinin ard\u0131ndan ambulansla hastaneye kald\u0131r\u0131ld\u0131. Kaynak: www.kanalv.com.tr Haber Sitesinden Al\u0131nm\u0131\u015ft\u0131r.<\/p>","protected":false},"author":4,"featured_media":70188,"comment_status":"","ping_status":"open","sticky":false,"template":"","format":"standard","meta":{"_acf_changed":false,"footnotes":""},"categories":[26],"tags":[],"class_list":["post-70187","post","type-post","status-publish","format-standard","has-post-thumbnail","hentry","category-antalya"],"acf":[],"yoast_head":"<!-- This site is optimized with the Yoast SEO Premium plugin v26.6 (Yoast SEO v27.1.1) - https:\/\/yoast.com\/product\/yoast-seo-premium-wordpress\/ -->\n<title>Manavgat&#039;ta s\u00fcr\u00fcc\u00fcn takla att\u0131\u011f\u0131 kaza kamerada - Av. Deniz Can K\u0131z\u0131l<\/title>\n<meta name=\"robots\" content=\"index, follow, max-snippet:-1, max-image-preview:large, max-video-preview:-1\" \/>\n<link rel=\"canonical\" href=\"https:\/\/denizcankizil.tr\/uk\/haberler\/antalya\/manavgatta-surucun-takla-attigi-kaza-kamerada\/\" \/>\n<meta property=\"og:locale\" content=\"uk_UA\" \/>\n<meta property=\"og:type\" content=\"article\" \/>\n<meta property=\"og:title\" content=\"Manavgat&#039;ta s\u00fcr\u00fcc\u00fcn takla att\u0131\u011f\u0131 kaza kamerada\" \/>\n<meta property=\"og:description\" content=\"Kaza; Manavgat il\u00e7esi Sorgun Mahallesi Sorgun Bulvar\u0131&#8217;nda meydana geldi. Edinilen bilgiye g\u00f6re, \u00e7evre yolu istikametinden Ac\u0131su Caddesi istikametine seyir halindeki Melik G.&#8217;nin kulland\u0131\u011f\u0131 07 BTV 885 plakal\u0131 motosiklet otogar kav\u015fa\u011f\u0131na geldi\u011fi s\u0131rada otogardan \u00e7\u0131kan Selver A.&#8217;n\u0131n kulland\u0131\u011f\u0131 35 DC 2749 plakal\u0131 otomobile yandan \u00e7arpt\u0131. G\u00fcvenlik kameras\u0131na saniye saniye yans\u0131yan kazada yaralanan motosiklet s\u00fcr\u00fcc\u00fcs\u00fc Melik G., 112 Acil Sa\u011fl\u0131k ekiplerinin olay yerindeki m\u00fcdahalesinin ard\u0131ndan ambulansla hastaneye kald\u0131r\u0131ld\u0131. Kaynak: www.kanalv.com.tr Haber Sitesinden Al\u0131nm\u0131\u015ft\u0131r.\" \/>\n<meta property=\"og:url\" content=\"https:\/\/denizcankizil.tr\/uk\/haberler\/antalya\/manavgatta-surucun-takla-attigi-kaza-kamerada\/\" \/>\n<meta property=\"og:site_name\" content=\"Av. Deniz Can K\u0131z\u0131l\" \/>\n<meta property=\"article:published_time\" content=\"2025-04-29T08:41:43+00:00\" \/>\n<meta property=\"og:image\" content=\"https:\/\/denizcankizil.tr\/wp-content\/uploads\/2025\/04\/6052-01-OIlHdn.jpg\" \/>\n\t<meta property=\"og:image:width\" content=\"1280\" \/>\n\t<meta property=\"og:image:height\" content=\"720\" \/>\n\t<meta property=\"og:image:type\" content=\"image\/jpeg\" \/>\n<meta name=\"author\" content=\"Av. Deniz Can K\u0131z\u0131l\" \/>\n<meta name=\"twitter:card\" content=\"summary_large_image\" \/>\n<meta name=\"twitter:label1\" content=\"\u041d\u0430\u043f\u0438\u0441\u0430\u043d\u043e\" \/>\n\t<meta name=\"twitter:data1\" content=\"Av. Deniz Can K\u0131z\u0131l\" \/>\n<script type=\"application\/ld+json\" class=\"yoast-schema-graph\">{\"@context\":\"https:\/\/schema.org\",\"@graph\":[{\"@type\":\"Article\",\"@id\":\"https:\/\/denizcankizil.tr\/ru\/haberler\/antalya\/manavgatta-surucun-takla-attigi-kaza-kamerada\/#article\",\"isPartOf\":{\"@id\":\"https:\/\/denizcankizil.tr\/ru\/haberler\/antalya\/manavgatta-surucun-takla-attigi-kaza-kamerada\/\"},\"author\":{\"name\":\"Av. Deniz Can K\u0131z\u0131l\",\"@id\":\"https:\/\/denizcankizil.tr\/#\/schema\/person\/5dc1b22991bd7ac833867c10afc9b0ff\"},\"headline\":\"Manavgat&#8217;ta s\u00fcr\u00fcc\u00fcn takla att\u0131\u011f\u0131 kaza kamerada\",\"datePublished\":\"2025-04-29T08:41:43+00:00\",\"mainEntityOfPage\":{\"@id\":\"https:\/\/denizcankizil.tr\/ru\/haberler\/antalya\/manavgatta-surucun-takla-attigi-kaza-kamerada\/\"},\"wordCount\":105,\"publisher\":{\"@id\":\"https:\/\/denizcankizil.tr\/#organization\"},\"image\":{\"@id\":\"https:\/\/denizcankizil.tr\/ru\/haberler\/antalya\/manavgatta-surucun-takla-attigi-kaza-kamerada\/#primaryimage\"},\"thumbnailUrl\":\"https:\/\/denizcankizil.tr\/wp-content\/uploads\/2025\/04\/6052-01-OIlHdn.jpg\",\"articleSection\":[\"Antalya\"],\"inLanguage\":\"uk\"},{\"@type\":\"WebPage\",\"@id\":\"https:\/\/denizcankizil.tr\/ru\/haberler\/antalya\/manavgatta-surucun-takla-attigi-kaza-kamerada\/\",\"url\":\"https:\/\/denizcankizil.tr\/ru\/haberler\/antalya\/manavgatta-surucun-takla-attigi-kaza-kamerada\/\",\"name\":\"Manavgat'ta s\u00fcr\u00fcc\u00fcn takla att\u0131\u011f\u0131 kaza kamerada - Av. Deniz Can K\u0131z\u0131l\",\"isPartOf\":{\"@id\":\"https:\/\/denizcankizil.tr\/#website\"},\"primaryImageOfPage\":{\"@id\":\"https:\/\/denizcankizil.tr\/ru\/haberler\/antalya\/manavgatta-surucun-takla-attigi-kaza-kamerada\/#primaryimage\"},\"image\":{\"@id\":\"https:\/\/denizcankizil.tr\/ru\/haberler\/antalya\/manavgatta-surucun-takla-attigi-kaza-kamerada\/#primaryimage\"},\"thumbnailUrl\":\"https:\/\/denizcankizil.tr\/wp-content\/uploads\/2025\/04\/6052-01-OIlHdn.jpg\",\"datePublished\":\"2025-04-29T08:41:43+00:00\",\"breadcrumb\":{\"@id\":\"https:\/\/denizcankizil.tr\/ru\/haberler\/antalya\/manavgatta-surucun-takla-attigi-kaza-kamerada\/#breadcrumb\"},\"inLanguage\":\"uk\",\"potentialAction\":[{\"@type\":\"ReadAction\",\"target\":[\"https:\/\/denizcankizil.tr\/ru\/haberler\/antalya\/manavgatta-surucun-takla-attigi-kaza-kamerada\/\"]}]},{\"@type\":\"ImageObject\",\"inLanguage\":\"uk\",\"@id\":\"https:\/\/denizcankizil.tr\/ru\/haberler\/antalya\/manavgatta-surucun-takla-attigi-kaza-kamerada\/#primaryimage\",\"url\":\"https:\/\/denizcankizil.tr\/wp-content\/uploads\/2025\/04\/6052-01-OIlHdn.jpg\",\"contentUrl\":\"https:\/\/denizcankizil.tr\/wp-content\/uploads\/2025\/04\/6052-01-OIlHdn.jpg\",\"width\":1280,\"height\":720},{\"@type\":\"BreadcrumbList\",\"@id\":\"https:\/\/denizcankizil.tr\/ru\/haberler\/antalya\/manavgatta-surucun-takla-attigi-kaza-kamerada\/#breadcrumb\",\"itemListElement\":[{\"@type\":\"ListItem\",\"position\":1,\"name\":\"Home\",\"item\":\"https:\/\/denizcankizil.tr\/uk\/\"},{\"@type\":\"ListItem\",\"position\":2,\"name\":\"Manavgat&#8217;ta s\u00fcr\u00fcc\u00fcn takla att\u0131\u011f\u0131 kaza kamerada\"}]},{\"@type\":\"WebSite\",\"@id\":\"https:\/\/denizcankizil.tr\/#website\",\"url\":\"https:\/\/denizcankizil.tr\/\",\"name\":\"Av. Deniz Can K\u0131z\u0131l\",\"description\":\"Avukat Deniz Can K\u0131z\u0131l Antalya Barosu\",\"publisher\":{\"@id\":\"https:\/\/denizcankizil.tr\/#organization\"},\"potentialAction\":[{\"@type\":\"SearchAction\",\"target\":{\"@type\":\"EntryPoint\",\"urlTemplate\":\"https:\/\/denizcankizil.tr\/?s={search_term_string}\"},\"query-input\":{\"@type\":\"PropertyValueSpecification\",\"valueRequired\":true,\"valueName\":\"search_term_string\"}}],\"inLanguage\":\"uk\"},{\"@type\":\"Organization\",\"@id\":\"https:\/\/denizcankizil.tr\/#organization\",\"name\":\"Av. Deniz Can K\u0131z\u0131l\",\"url\":\"https:\/\/denizcankizil.tr\/\",\"logo\":{\"@type\":\"ImageObject\",\"inLanguage\":\"uk\",\"@id\":\"https:\/\/denizcankizil.tr\/#\/schema\/logo\/image\/\",\"url\":\"https:\/\/denizcankizil.tr\/wp-content\/uploads\/2024\/10\/siyah-logo-svg.svg\",\"contentUrl\":\"https:\/\/denizcankizil.tr\/wp-content\/uploads\/2024\/10\/siyah-logo-svg.svg\",\"width\":1080,\"height\":1080,\"caption\":\"Av. Deniz Can K\u0131z\u0131l\"},\"image\":{\"@id\":\"https:\/\/denizcankizil.tr\/#\/schema\/logo\/image\/\"}},{\"@type\":\"Person\",\"@id\":\"https:\/\/denizcankizil.tr\/#\/schema\/person\/5dc1b22991bd7ac833867c10afc9b0ff\",\"name\":\"Av. Deniz Can K\u0131z\u0131l\",\"image\":{\"@type\":\"ImageObject\",\"inLanguage\":\"uk\",\"@id\":\"https:\/\/denizcankizil.tr\/#\/schema\/person\/image\/\",\"url\":\"https:\/\/secure.gravatar.com\/avatar\/a0b128fb9855c79efc976d5640eedb31dc35ec297594d6016d2cf7c60e975bb6?s=96&d=mm&r=g\",\"contentUrl\":\"https:\/\/secure.gravatar.com\/avatar\/a0b128fb9855c79efc976d5640eedb31dc35ec297594d6016d2cf7c60e975bb6?s=96&d=mm&r=g\",\"caption\":\"Av. Deniz Can K\u0131z\u0131l\"},\"sameAs\":[\"http:\/\/www.denizcankizil.tr\"],\"url\":\"https:\/\/denizcankizil.tr\/uk\/author\/denizcankizil\/\"}]}<\/script>\n<!-- \/ Yoast SEO Premium plugin. -->","yoast_head_json":{"title":"Manavgat'ta s\u00fcr\u00fcc\u00fcn takla att\u0131\u011f\u0131 kaza kamerada - Av. Deniz Can K\u0131z\u0131l","robots":{"index":"index","follow":"follow","max-snippet":"max-snippet:-1","max-image-preview":"max-image-preview:large","max-video-preview":"max-video-preview:-1"},"canonical":"https:\/\/denizcankizil.tr\/uk\/haberler\/antalya\/manavgatta-surucun-takla-attigi-kaza-kamerada\/","og_locale":"uk_UA","og_type":"article","og_title":"Manavgat'ta s\u00fcr\u00fcc\u00fcn takla att\u0131\u011f\u0131 kaza kamerada","og_description":"Kaza; Manavgat il\u00e7esi Sorgun Mahallesi Sorgun Bulvar\u0131&#8217;nda meydana geldi. Edinilen bilgiye g\u00f6re, \u00e7evre yolu istikametinden Ac\u0131su Caddesi istikametine seyir halindeki Melik G.&#8217;nin kulland\u0131\u011f\u0131 07 BTV 885 plakal\u0131 motosiklet otogar kav\u015fa\u011f\u0131na geldi\u011fi s\u0131rada otogardan \u00e7\u0131kan Selver A.&#8217;n\u0131n kulland\u0131\u011f\u0131 35 DC 2749 plakal\u0131 otomobile yandan \u00e7arpt\u0131. G\u00fcvenlik kameras\u0131na saniye saniye yans\u0131yan kazada yaralanan motosiklet s\u00fcr\u00fcc\u00fcs\u00fc Melik G., 112 Acil Sa\u011fl\u0131k ekiplerinin olay yerindeki m\u00fcdahalesinin ard\u0131ndan ambulansla hastaneye kald\u0131r\u0131ld\u0131. Kaynak: www.kanalv.com.tr Haber Sitesinden Al\u0131nm\u0131\u015ft\u0131r.","og_url":"https:\/\/denizcankizil.tr\/uk\/haberler\/antalya\/manavgatta-surucun-takla-attigi-kaza-kamerada\/","og_site_name":"Av. Deniz Can K\u0131z\u0131l","article_published_time":"2025-04-29T08:41:43+00:00","og_image":[{"width":1280,"height":720,"url":"https:\/\/denizcankizil.tr\/wp-content\/uploads\/2025\/04\/6052-01-OIlHdn.jpg","type":"image\/jpeg"}],"author":"Av. Deniz Can K\u0131z\u0131l","twitter_card":"summary_large_image","twitter_misc":{"\u041d\u0430\u043f\u0438\u0441\u0430\u043d\u043e":"Av. Deniz Can K\u0131z\u0131l"},"schema":{"@context":"https:\/\/schema.org","@graph":[{"@type":"Article","@id":"https:\/\/denizcankizil.tr\/ru\/haberler\/antalya\/manavgatta-surucun-takla-attigi-kaza-kamerada\/#article","isPartOf":{"@id":"https:\/\/denizcankizil.tr\/ru\/haberler\/antalya\/manavgatta-surucun-takla-attigi-kaza-kamerada\/"},"author":{"name":"Av. Deniz Can K\u0131z\u0131l","@id":"https:\/\/denizcankizil.tr\/#\/schema\/person\/5dc1b22991bd7ac833867c10afc9b0ff"},"headline":"Manavgat&#8217;ta s\u00fcr\u00fcc\u00fcn takla att\u0131\u011f\u0131 kaza kamerada","datePublished":"2025-04-29T08:41:43+00:00","mainEntityOfPage":{"@id":"https:\/\/denizcankizil.tr\/ru\/haberler\/antalya\/manavgatta-surucun-takla-attigi-kaza-kamerada\/"},"wordCount":105,"publisher":{"@id":"https:\/\/denizcankizil.tr\/#organization"},"image":{"@id":"https:\/\/denizcankizil.tr\/ru\/haberler\/antalya\/manavgatta-surucun-takla-attigi-kaza-kamerada\/#primaryimage"},"thumbnailUrl":"https:\/\/denizcankizil.tr\/wp-content\/uploads\/2025\/04\/6052-01-OIlHdn.jpg","articleSection":["Antalya"],"inLanguage":"uk"},{"@type":"WebPage","@id":"https:\/\/denizcankizil.tr\/ru\/haberler\/antalya\/manavgatta-surucun-takla-attigi-kaza-kamerada\/","url":"https:\/\/denizcankizil.tr\/ru\/haberler\/antalya\/manavgatta-surucun-takla-attigi-kaza-kamerada\/","name":"Manavgat'ta s\u00fcr\u00fcc\u00fcn takla att\u0131\u011f\u0131 kaza kamerada - Av. Deniz Can K\u0131z\u0131l","isPartOf":{"@id":"https:\/\/denizcankizil.tr\/#website"},"primaryImageOfPage":{"@id":"https:\/\/denizcankizil.tr\/ru\/haberler\/antalya\/manavgatta-surucun-takla-attigi-kaza-kamerada\/#primaryimage"},"image":{"@id":"https:\/\/denizcankizil.tr\/ru\/haberler\/antalya\/manavgatta-surucun-takla-attigi-kaza-kamerada\/#primaryimage"},"thumbnailUrl":"https:\/\/denizcankizil.tr\/wp-content\/uploads\/2025\/04\/6052-01-OIlHdn.jpg","datePublished":"2025-04-29T08:41:43+00:00","breadcrumb":{"@id":"https:\/\/denizcankizil.tr\/ru\/haberler\/antalya\/manavgatta-surucun-takla-attigi-kaza-kamerada\/#breadcrumb"},"inLanguage":"uk","potentialAction":[{"@type":"ReadAction","target":["https:\/\/denizcankizil.tr\/ru\/haberler\/antalya\/manavgatta-surucun-takla-attigi-kaza-kamerada\/"]}]},{"@type":"ImageObject","inLanguage":"uk","@id":"https:\/\/denizcankizil.tr\/ru\/haberler\/antalya\/manavgatta-surucun-takla-attigi-kaza-kamerada\/#primaryimage","url":"https:\/\/denizcankizil.tr\/wp-content\/uploads\/2025\/04\/6052-01-OIlHdn.jpg","contentUrl":"https:\/\/denizcankizil.tr\/wp-content\/uploads\/2025\/04\/6052-01-OIlHdn.jpg","width":1280,"height":720},{"@type":"BreadcrumbList","@id":"https:\/\/denizcankizil.tr\/ru\/haberler\/antalya\/manavgatta-surucun-takla-attigi-kaza-kamerada\/#breadcrumb","itemListElement":[{"@type":"ListItem","position":1,"name":"Home","item":"https:\/\/denizcankizil.tr\/uk\/"},{"@type":"ListItem","position":2,"name":"Manavgat&#8217;ta s\u00fcr\u00fcc\u00fcn takla att\u0131\u011f\u0131 kaza kamerada"}]},{"@type":"WebSite","@id":"https:\/\/denizcankizil.tr\/#website","url":"https:\/\/denizcankizil.tr\/","name":"Av. Deniz Can K\u0131z\u0131l","description":"Avukat Deniz Can K\u0131z\u0131l Antalya Barosu","publisher":{"@id":"https:\/\/denizcankizil.tr\/#organization"},"potentialAction":[{"@type":"SearchAction","target":{"@type":"EntryPoint","urlTemplate":"https:\/\/denizcankizil.tr\/?s={search_term_string}"},"query-input":{"@type":"PropertyValueSpecification","valueRequired":true,"valueName":"search_term_string"}}],"inLanguage":"uk"},{"@type":"Organization","@id":"https:\/\/denizcankizil.tr\/#organization","name":"Av. Deniz Can K\u0131z\u0131l","url":"https:\/\/denizcankizil.tr\/","logo":{"@type":"ImageObject","inLanguage":"uk","@id":"https:\/\/denizcankizil.tr\/#\/schema\/logo\/image\/","url":"https:\/\/denizcankizil.tr\/wp-content\/uploads\/2024\/10\/siyah-logo-svg.svg","contentUrl":"https:\/\/denizcankizil.tr\/wp-content\/uploads\/2024\/10\/siyah-logo-svg.svg","width":1080,"height":1080,"caption":"Av. Deniz Can K\u0131z\u0131l"},"image":{"@id":"https:\/\/denizcankizil.tr\/#\/schema\/logo\/image\/"}},{"@type":"Person","@id":"https:\/\/denizcankizil.tr\/#\/schema\/person\/5dc1b22991bd7ac833867c10afc9b0ff","name":"Av. Deniz Can K\u0131z\u0131l","image":{"@type":"ImageObject","inLanguage":"uk","@id":"https:\/\/denizcankizil.tr\/#\/schema\/person\/image\/","url":"https:\/\/secure.gravatar.com\/avatar\/a0b128fb9855c79efc976d5640eedb31dc35ec297594d6016d2cf7c60e975bb6?s=96&d=mm&r=g","contentUrl":"https:\/\/secure.gravatar.com\/avatar\/a0b128fb9855c79efc976d5640eedb31dc35ec297594d6016d2cf7c60e975bb6?s=96&d=mm&r=g","caption":"Av. Deniz Can K\u0131z\u0131l"},"sameAs":["http:\/\/www.denizcankizil.tr"],"url":"https:\/\/denizcankizil.tr\/uk\/author\/denizcankizil\/"}]}},"_links":{"self":[{"href":"https:\/\/denizcankizil.tr\/uk\/wp-json\/wp\/v2\/posts\/70187","targetHints":{"allow":["GET"]}}],"collection":[{"href":"https:\/\/denizcankizil.tr\/uk\/wp-json\/wp\/v2\/posts"}],"about":[{"href":"https:\/\/denizcankizil.tr\/uk\/wp-json\/wp\/v2\/types\/post"}],"author":[{"embeddable":true,"href":"https:\/\/denizcankizil.tr\/uk\/wp-json\/wp\/v2\/users\/4"}],"replies":[{"embeddable":true,"href":"https:\/\/denizcankizil.tr\/uk\/wp-json\/wp\/v2\/comments?post=70187"}],"version-history":[{"count":0,"href":"https:\/\/denizcankizil.tr\/uk\/wp-json\/wp\/v2\/posts\/70187\/revisions"}],"wp:featuredmedia":[{"embeddable":true,"href":"https:\/\/denizcankizil.tr\/uk\/wp-json\/wp\/v2\/media\/70188"}],"wp:attachment":[{"href":"https:\/\/denizcankizil.tr\/uk\/wp-json\/wp\/v2\/media?parent=70187"}],"wp:term":[{"taxonomy":"category","embeddable":true,"href":"https:\/\/denizcankizil.tr\/uk\/wp-json\/wp\/v2\/categories?post=70187"},{"taxonomy":"post_tag","embeddable":true,"href":"https:\/\/denizcankizil.tr\/uk\/wp-json\/wp\/v2\/tags?post=70187"}],"curies":[{"name":"wp","href":"https:\/\/api.w.org\/{rel}","templated":true}]}}