{"id":69543,"date":"2025-04-28T21:41:37","date_gmt":"2025-04-28T18:41:37","guid":{"rendered":"https:\/\/denizcankizil.tr\/uncategorized-tr\/kabine-toplantisi-bitti-milli-egitim-bakani-duyurdu-engelli-ogretmenlerin-2-gunu-kaldi\/"},"modified":"2025-04-28T21:41:37","modified_gmt":"2025-04-28T18:41:37","slug":"kabine-toplantisi-bitti-milli-egitim-bakani-duyurdu-engelli-ogretmenlerin-2-gunu-kaldi","status":"publish","type":"post","link":"https:\/\/denizcankizil.tr\/uk\/haberler\/gundem\/kabine-toplantisi-bitti-milli-egitim-bakani-duyurdu-engelli-ogretmenlerin-2-gunu-kaldi\/","title":{"rendered":"Kabine toplant\u0131s\u0131 bitti, Milli E\u011fitim Bakan\u0131 duyurdu! Engelli \u00f6\u011fretmenlerin 2 g\u00fcn\u00fc kald\u0131"},"content":{"rendered":"<p>Cumhurba\u015fkan\u0131 Recep Tayyip Erdo\u011fan, Cumhurba\u015fkanl\u0131\u011f\u0131 Kabine Toplant\u0131s\u0131&#8217;n\u0131n ard\u0131ndan yapt\u0131\u011f\u0131 a\u00e7\u0131klamada, e\u011fitim camias\u0131n\u0131 ilgilendiren bir m\u00fcjdeyi payla\u015ft\u0131. Erdo\u011fan, \u00e7ar\u015famba g\u00fcn\u00fc 1381 engelli \u00f6\u011fretmenin atamas\u0131n\u0131n ger\u00e7ekle\u015ftirilece\u011fini duyurarak, atamalar\u0131n \u00fclkeye ve e\u011fitim sistemine hay\u0131rl\u0131 olmas\u0131n\u0131 diledi.<\/p>\n<p>CUMHURBA\u015eKANI ERDO\u011eAN, YEN\u0130 ATANACAK \u00d6\u011eRETMENLERE HAYIRLI OLSUN D\u0130LEKLER\u0130N\u0130 \u0130LETT\u0130 <\/p>\n<p>Cumhurba\u015fkan\u0131 Recep Tayyip Erdo\u011fan, &#8220;\u0130n\u015fallah \u00e7ar\u015famba g\u00fcn\u00fc bin 381 engelli \u00f6\u011fretmenimizin atamas\u0131n\u0131 ger\u00e7ekle\u015ftirece\u011fiz. Hay\u0131rl\u0131 u\u011furlu olsun diyorum&#8221; ifadelerini kulland\u0131.<\/p>\n<p>&#8220;GELECE\u011e\u0130M\u0130ZE I\u015eIK TUTACAK \u00d6\u011eRETMENLERE BA\u015eARILAR D\u0130L\u0130YORUM&#8221; <\/p>\n<p>Milli E\u011fitim Bakan\u0131 Yusuf Tekin de konuyla ilgili bir a\u00e7\u0131klama yaparaki engelli \u00f6\u011fretmenlerin atamas\u0131n\u0131n e\u011fitim camias\u0131 i\u00e7in b\u00fcy\u00fck bir kazan\u0131m oldu\u011funu belirtti. Tekin, sosyal medya hesab\u0131nda yapt\u0131\u011f\u0131 payla\u015f\u0131mda, &#8220;Cumhurba\u015fkan\u0131m\u0131z Recep Tayyip Erdo\u011fan&#8217;\u0131n m\u00fcjdesini milletimizle payla\u015fmaktan b\u00fcy\u00fck bir memnuniyet duyuyoruz. \u00c7ar\u015famba g\u00fcn\u00fc bin 381 engelli \u00f6\u011fretmenimizi e\u011fitim ailemizin bir par\u00e7as\u0131 olarak aram\u0131za kat\u0131yoruz. Azimleriyle, inan\u00e7lar\u0131yla ve g\u00fc\u00e7l\u00fc duru\u015flar\u0131yla gelece\u011fimize \u0131\u015f\u0131k tutacak k\u0131ymetli \u00f6\u011fretmenlerimize \u015fimdiden ba\u015far\u0131lar diliyorum. maarif ailemize hay\u0131rl\u0131, u\u011furlu olsun&#8221; dedi.<\/p>\n<p>FIRSAT E\u015e\u0130TL\u0130\u011e\u0130NE KATKI SA\u011eLAYACAKLAR <\/p>\n<p>Atamas\u0131 yap\u0131lacak \u00f6\u011fretmenler, \u00f6n\u00fcm\u00fczdeki g\u00fcnlerde g\u00f6rev yerlerinde yeni e\u011fitim \u00f6\u011fretim d\u00f6nemine haz\u0131rlanacak. E\u011fitim camias\u0131, atamalar\u0131n hem \u00f6\u011fretmen a\u00e7\u0131\u011f\u0131n\u0131n giderilmesi hem de engelli bireylerin mesleki hayat i\u00e7inde daha g\u00fc\u00e7l\u00fc \u015fekilde yer almas\u0131 ad\u0131na \u00f6nemli bir ad\u0131m oldu\u011funa dikkat \u00e7ekiyor. E\u011fitim camias\u0131, atanan \u00f6\u011fretmenlerin farkl\u0131 illerde, farkl\u0131 bran\u015flarda g\u00f6rev alaca\u011f\u0131n\u0131, b\u00f6ylece e\u011fitimde f\u0131rsat e\u015fitli\u011fine katk\u0131 sa\u011flayacaklar\u0131n\u0131 ifade etti.<\/p>\n<p>\u200bCumhurba\u015fkan\u0131 Recep Tayyip Erdo\u011fan, Cumhurba\u015fkanl\u0131\u011f\u0131 Kabine Toplant\u0131s\u0131 sonras\u0131 yapt\u0131\u011f\u0131 a\u00e7\u0131klamada, bin 381 engelli \u00f6\u011fretmenin atamas\u0131n\u0131n ger\u00e7ekle\u015ftirilece\u011fini duyurdu. Atamalar\u0131n \u00e7ar\u015famba g\u00fcn\u00fc yap\u0131laca\u011f\u0131 \u00f6\u011frenildi\u00a0<\/p>\n<p>\u200bHaberin Al\u0131nt\u0131land\u0131\u011f\u0131 Kaynak: www.antalyakorfez.com<\/p>","protected":false},"excerpt":{"rendered":"<p>Cumhurba\u015fkan\u0131 Recep Tayyip Erdo\u011fan, Cumhurba\u015fkanl\u0131\u011f\u0131 Kabine Toplant\u0131s\u0131&#8217;n\u0131n ard\u0131ndan yapt\u0131\u011f\u0131 a\u00e7\u0131klamada, e\u011fitim camias\u0131n\u0131 ilgilendiren bir m\u00fcjdeyi payla\u015ft\u0131. Erdo\u011fan, \u00e7ar\u015famba g\u00fcn\u00fc 1381 engelli \u00f6\u011fretmenin atamas\u0131n\u0131n ger\u00e7ekle\u015ftirilece\u011fini duyurarak, atamalar\u0131n \u00fclkeye ve e\u011fitim sistemine hay\u0131rl\u0131 olmas\u0131n\u0131 diledi. CUMHURBA\u015eKANI ERDO\u011eAN, YEN\u0130 ATANACAK \u00d6\u011eRETMENLERE HAYIRLI OLSUN D\u0130LEKLER\u0130N\u0130 \u0130LETT\u0130 Cumhurba\u015fkan\u0131 Recep Tayyip Erdo\u011fan, &#8220;\u0130n\u015fallah \u00e7ar\u015famba g\u00fcn\u00fc bin 381 engelli \u00f6\u011fretmenimizin atamas\u0131n\u0131 ger\u00e7ekle\u015ftirece\u011fiz. Hay\u0131rl\u0131 u\u011furlu olsun diyorum&#8221; ifadelerini kulland\u0131. &#8220;GELECE\u011e\u0130M\u0130ZE I\u015eIK TUTACAK \u00d6\u011eRETMENLERE BA\u015eARILAR D\u0130L\u0130YORUM&#8221; Milli E\u011fitim Bakan\u0131 Yusuf Tekin de konuyla ilgili bir a\u00e7\u0131klama yaparaki engelli \u00f6\u011fretmenlerin atamas\u0131n\u0131n e\u011fitim camias\u0131 i\u00e7in b\u00fcy\u00fck bir kazan\u0131m oldu\u011funu belirtti. Tekin, sosyal medya hesab\u0131nda yapt\u0131\u011f\u0131 payla\u015f\u0131mda, &#8220;Cumhurba\u015fkan\u0131m\u0131z Recep Tayyip Erdo\u011fan&#8217;\u0131n m\u00fcjdesini milletimizle payla\u015fmaktan b\u00fcy\u00fck bir memnuniyet duyuyoruz. \u00c7ar\u015famba g\u00fcn\u00fc bin 381 engelli \u00f6\u011fretmenimizi e\u011fitim ailemizin bir par\u00e7as\u0131 olarak aram\u0131za kat\u0131yoruz. Azimleriyle, inan\u00e7lar\u0131yla ve g\u00fc\u00e7l\u00fc duru\u015flar\u0131yla gelece\u011fimize \u0131\u015f\u0131k tutacak k\u0131ymetli \u00f6\u011fretmenlerimize \u015fimdiden ba\u015far\u0131lar diliyorum. maarif ailemize hay\u0131rl\u0131, u\u011furlu olsun&#8221; dedi. FIRSAT E\u015e\u0130TL\u0130\u011e\u0130NE KATKI SA\u011eLAYACAKLAR Atamas\u0131 yap\u0131lacak \u00f6\u011fretmenler, \u00f6n\u00fcm\u00fczdeki g\u00fcnlerde g\u00f6rev yerlerinde yeni e\u011fitim \u00f6\u011fretim d\u00f6nemine haz\u0131rlanacak. E\u011fitim camias\u0131, atamalar\u0131n hem \u00f6\u011fretmen a\u00e7\u0131\u011f\u0131n\u0131n giderilmesi hem de engelli bireylerin mesleki hayat i\u00e7inde daha g\u00fc\u00e7l\u00fc \u015fekilde yer almas\u0131 ad\u0131na \u00f6nemli bir ad\u0131m oldu\u011funa dikkat \u00e7ekiyor. E\u011fitim camias\u0131, atanan \u00f6\u011fretmenlerin farkl\u0131 illerde, farkl\u0131 bran\u015flarda g\u00f6rev alaca\u011f\u0131n\u0131, b\u00f6ylece e\u011fitimde f\u0131rsat e\u015fitli\u011fine katk\u0131 sa\u011flayacaklar\u0131n\u0131 ifade etti. \u200bCumhurba\u015fkan\u0131 Recep &hellip;<\/p>","protected":false},"author":5,"featured_media":0,"comment_status":"","ping_status":"open","sticky":false,"template":"","format":"standard","meta":{"_acf_changed":false,"footnotes":""},"categories":[24],"tags":[],"class_list":["post-69543","post","type-post","status-publish","format-standard","has-post-thumbnail","hentry","category-gundem"],"acf":[],"yoast_head":"<!-- This site is optimized with the Yoast SEO Premium plugin v26.6 (Yoast SEO v27.1.1) - https:\/\/yoast.com\/product\/yoast-seo-premium-wordpress\/ -->\n<title>Kabine toplant\u0131s\u0131 bitti, Milli E\u011fitim Bakan\u0131 duyurdu! Engelli \u00f6\u011fretmenlerin 2 g\u00fcn\u00fc kald\u0131 - Av. Deniz Can K\u0131z\u0131l<\/title>\n<meta name=\"robots\" content=\"index, follow, max-snippet:-1, max-image-preview:large, max-video-preview:-1\" \/>\n<link rel=\"canonical\" href=\"https:\/\/denizcankizil.tr\/uk\/haberler\/gundem\/kabine-toplantisi-bitti-milli-egitim-bakani-duyurdu-engelli-ogretmenlerin-2-gunu-kaldi\/\" \/>\n<meta property=\"og:locale\" content=\"uk_UA\" \/>\n<meta property=\"og:type\" content=\"article\" \/>\n<meta property=\"og:title\" content=\"Kabine toplant\u0131s\u0131 bitti, Milli E\u011fitim Bakan\u0131 duyurdu! Engelli \u00f6\u011fretmenlerin 2 g\u00fcn\u00fc kald\u0131\" \/>\n<meta property=\"og:description\" content=\"Cumhurba\u015fkan\u0131 Recep Tayyip Erdo\u011fan, Cumhurba\u015fkanl\u0131\u011f\u0131 Kabine Toplant\u0131s\u0131&#8217;n\u0131n ard\u0131ndan yapt\u0131\u011f\u0131 a\u00e7\u0131klamada, e\u011fitim camias\u0131n\u0131 ilgilendiren bir m\u00fcjdeyi payla\u015ft\u0131. Erdo\u011fan, \u00e7ar\u015famba g\u00fcn\u00fc 1381 engelli \u00f6\u011fretmenin atamas\u0131n\u0131n ger\u00e7ekle\u015ftirilece\u011fini duyurarak, atamalar\u0131n \u00fclkeye ve e\u011fitim sistemine hay\u0131rl\u0131 olmas\u0131n\u0131 diledi. CUMHURBA\u015eKANI ERDO\u011eAN, YEN\u0130 ATANACAK \u00d6\u011eRETMENLERE HAYIRLI OLSUN D\u0130LEKLER\u0130N\u0130 \u0130LETT\u0130 Cumhurba\u015fkan\u0131 Recep Tayyip Erdo\u011fan, &#8220;\u0130n\u015fallah \u00e7ar\u015famba g\u00fcn\u00fc bin 381 engelli \u00f6\u011fretmenimizin atamas\u0131n\u0131 ger\u00e7ekle\u015ftirece\u011fiz. Hay\u0131rl\u0131 u\u011furlu olsun diyorum&#8221; ifadelerini kulland\u0131. &#8220;GELECE\u011e\u0130M\u0130ZE I\u015eIK TUTACAK \u00d6\u011eRETMENLERE BA\u015eARILAR D\u0130L\u0130YORUM&#8221; Milli E\u011fitim Bakan\u0131 Yusuf Tekin de konuyla ilgili bir a\u00e7\u0131klama yaparaki engelli \u00f6\u011fretmenlerin atamas\u0131n\u0131n e\u011fitim camias\u0131 i\u00e7in b\u00fcy\u00fck bir kazan\u0131m oldu\u011funu belirtti. Tekin, sosyal medya hesab\u0131nda yapt\u0131\u011f\u0131 payla\u015f\u0131mda, &#8220;Cumhurba\u015fkan\u0131m\u0131z Recep Tayyip Erdo\u011fan&#8217;\u0131n m\u00fcjdesini milletimizle payla\u015fmaktan b\u00fcy\u00fck bir memnuniyet duyuyoruz. \u00c7ar\u015famba g\u00fcn\u00fc bin 381 engelli \u00f6\u011fretmenimizi e\u011fitim ailemizin bir par\u00e7as\u0131 olarak aram\u0131za kat\u0131yoruz. Azimleriyle, inan\u00e7lar\u0131yla ve g\u00fc\u00e7l\u00fc duru\u015flar\u0131yla gelece\u011fimize \u0131\u015f\u0131k tutacak k\u0131ymetli \u00f6\u011fretmenlerimize \u015fimdiden ba\u015far\u0131lar diliyorum. maarif ailemize hay\u0131rl\u0131, u\u011furlu olsun&#8221; dedi. FIRSAT E\u015e\u0130TL\u0130\u011e\u0130NE KATKI SA\u011eLAYACAKLAR Atamas\u0131 yap\u0131lacak \u00f6\u011fretmenler, \u00f6n\u00fcm\u00fczdeki g\u00fcnlerde g\u00f6rev yerlerinde yeni e\u011fitim \u00f6\u011fretim d\u00f6nemine haz\u0131rlanacak. E\u011fitim camias\u0131, atamalar\u0131n hem \u00f6\u011fretmen a\u00e7\u0131\u011f\u0131n\u0131n giderilmesi hem de engelli bireylerin mesleki hayat i\u00e7inde daha g\u00fc\u00e7l\u00fc \u015fekilde yer almas\u0131 ad\u0131na \u00f6nemli bir ad\u0131m oldu\u011funa dikkat \u00e7ekiyor. E\u011fitim camias\u0131, atanan \u00f6\u011fretmenlerin farkl\u0131 illerde, farkl\u0131 bran\u015flarda g\u00f6rev alaca\u011f\u0131n\u0131, b\u00f6ylece e\u011fitimde f\u0131rsat e\u015fitli\u011fine katk\u0131 sa\u011flayacaklar\u0131n\u0131 ifade etti. \u200bCumhurba\u015fkan\u0131 Recep &hellip;\" \/>\n<meta property=\"og:url\" content=\"https:\/\/denizcankizil.tr\/uk\/haberler\/gundem\/kabine-toplantisi-bitti-milli-egitim-bakani-duyurdu-engelli-ogretmenlerin-2-gunu-kaldi\/\" \/>\n<meta property=\"og:site_name\" content=\"Av. Deniz Can K\u0131z\u0131l\" \/>\n<meta property=\"article:published_time\" content=\"2025-04-28T18:41:37+00:00\" \/>\n<meta name=\"author\" content=\"Antalya K\u00f6rfez\" \/>\n<meta name=\"twitter:card\" content=\"summary_large_image\" \/>\n<meta name=\"twitter:label1\" content=\"\u041d\u0430\u043f\u0438\u0441\u0430\u043d\u043e\" \/>\n\t<meta name=\"twitter:data1\" content=\"Antalya K\u00f6rfez\" \/>\n\t<meta name=\"twitter:label2\" content=\"\u041f\u0440\u0438\u0431\u043b. \u0447\u0430\u0441 \u0447\u0438\u0442\u0430\u043d\u043d\u044f\" \/>\n\t<meta name=\"twitter:data2\" content=\"2 \u0445\u0432\u0438\u043b\u0438\u043d\u0438\" \/>\n<script type=\"application\/ld+json\" class=\"yoast-schema-graph\">{\"@context\":\"https:\/\/schema.org\",\"@graph\":[{\"@type\":\"Article\",\"@id\":\"https:\/\/denizcankizil.tr\/uk\/haberler\/gundem\/kabine-toplantisi-bitti-milli-egitim-bakani-duyurdu-engelli-ogretmenlerin-2-gunu-kaldi\/#article\",\"isPartOf\":{\"@id\":\"https:\/\/denizcankizil.tr\/uk\/haberler\/gundem\/kabine-toplantisi-bitti-milli-egitim-bakani-duyurdu-engelli-ogretmenlerin-2-gunu-kaldi\/\"},\"author\":{\"name\":\"Antalya K\u00f6rfez\",\"@id\":\"https:\/\/denizcankizil.tr\/de\/#\/schema\/person\/e1eb71bb4dd684d46563f0af307e1234\"},\"headline\":\"Kabine toplant\u0131s\u0131 bitti, Milli E\u011fitim Bakan\u0131 duyurdu! Engelli \u00f6\u011fretmenlerin 2 g\u00fcn\u00fc kald\u0131\",\"datePublished\":\"2025-04-28T18:41:37+00:00\",\"mainEntityOfPage\":{\"@id\":\"https:\/\/denizcankizil.tr\/uk\/haberler\/gundem\/kabine-toplantisi-bitti-milli-egitim-bakani-duyurdu-engelli-ogretmenlerin-2-gunu-kaldi\/\"},\"wordCount\":366,\"publisher\":{\"@id\":\"https:\/\/denizcankizil.tr\/de\/#organization\"},\"articleSection\":[\"G\u00fcndem\"],\"inLanguage\":\"uk\"},{\"@type\":\"WebPage\",\"@id\":\"https:\/\/denizcankizil.tr\/uk\/haberler\/gundem\/kabine-toplantisi-bitti-milli-egitim-bakani-duyurdu-engelli-ogretmenlerin-2-gunu-kaldi\/\",\"url\":\"https:\/\/denizcankizil.tr\/uk\/haberler\/gundem\/kabine-toplantisi-bitti-milli-egitim-bakani-duyurdu-engelli-ogretmenlerin-2-gunu-kaldi\/\",\"name\":\"Kabine toplant\u0131s\u0131 bitti, Milli E\u011fitim Bakan\u0131 duyurdu! Engelli \u00f6\u011fretmenlerin 2 g\u00fcn\u00fc kald\u0131 - Av. Deniz Can K\u0131z\u0131l\",\"isPartOf\":{\"@id\":\"https:\/\/denizcankizil.tr\/de\/#website\"},\"datePublished\":\"2025-04-28T18:41:37+00:00\",\"breadcrumb\":{\"@id\":\"https:\/\/denizcankizil.tr\/uk\/haberler\/gundem\/kabine-toplantisi-bitti-milli-egitim-bakani-duyurdu-engelli-ogretmenlerin-2-gunu-kaldi\/#breadcrumb\"},\"inLanguage\":\"uk\",\"potentialAction\":[{\"@type\":\"ReadAction\",\"target\":[\"https:\/\/denizcankizil.tr\/uk\/haberler\/gundem\/kabine-toplantisi-bitti-milli-egitim-bakani-duyurdu-engelli-ogretmenlerin-2-gunu-kaldi\/\"]}]},{\"@type\":\"BreadcrumbList\",\"@id\":\"https:\/\/denizcankizil.tr\/uk\/haberler\/gundem\/kabine-toplantisi-bitti-milli-egitim-bakani-duyurdu-engelli-ogretmenlerin-2-gunu-kaldi\/#breadcrumb\",\"itemListElement\":[{\"@type\":\"ListItem\",\"position\":1,\"name\":\"Home\",\"item\":\"https:\/\/denizcankizil.tr\/de\/\"},{\"@type\":\"ListItem\",\"position\":2,\"name\":\"Kabine toplant\u0131s\u0131 bitti, Milli E\u011fitim Bakan\u0131 duyurdu! Engelli \u00f6\u011fretmenlerin 2 g\u00fcn\u00fc kald\u0131\"}]},{\"@type\":\"WebSite\",\"@id\":\"https:\/\/denizcankizil.tr\/de\/#website\",\"url\":\"https:\/\/denizcankizil.tr\/de\/\",\"name\":\"Av. Deniz Can K\u0131z\u0131l\",\"description\":\"Avukat Deniz Can K\u0131z\u0131l Antalya Barosu\",\"publisher\":{\"@id\":\"https:\/\/denizcankizil.tr\/de\/#organization\"},\"potentialAction\":[{\"@type\":\"SearchAction\",\"target\":{\"@type\":\"EntryPoint\",\"urlTemplate\":\"https:\/\/denizcankizil.tr\/de\/?s={search_term_string}\"},\"query-input\":{\"@type\":\"PropertyValueSpecification\",\"valueRequired\":true,\"valueName\":\"search_term_string\"}}],\"inLanguage\":\"uk\"},{\"@type\":\"Organization\",\"@id\":\"https:\/\/denizcankizil.tr\/de\/#organization\",\"name\":\"Av. Deniz Can K\u0131z\u0131l\",\"url\":\"https:\/\/denizcankizil.tr\/de\/\",\"logo\":{\"@type\":\"ImageObject\",\"inLanguage\":\"uk\",\"@id\":\"https:\/\/denizcankizil.tr\/de\/#\/schema\/logo\/image\/\",\"url\":\"https:\/\/denizcankizil.tr\/wp-content\/uploads\/2024\/10\/siyah-logo-svg.svg\",\"contentUrl\":\"https:\/\/denizcankizil.tr\/wp-content\/uploads\/2024\/10\/siyah-logo-svg.svg\",\"width\":1080,\"height\":1080,\"caption\":\"Av. Deniz Can K\u0131z\u0131l\"},\"image\":{\"@id\":\"https:\/\/denizcankizil.tr\/de\/#\/schema\/logo\/image\/\"}},{\"@type\":\"Person\",\"@id\":\"https:\/\/denizcankizil.tr\/de\/#\/schema\/person\/e1eb71bb4dd684d46563f0af307e1234\",\"name\":\"Antalya K\u00f6rfez\",\"image\":{\"@type\":\"ImageObject\",\"inLanguage\":\"uk\",\"@id\":\"https:\/\/denizcankizil.tr\/de\/#\/schema\/person\/image\/\",\"url\":\"https:\/\/secure.gravatar.com\/avatar\/42b01982558a48a0b501fdcab6a408d3717ea5919095ee2e67b0e521799c5905?s=96&d=mm&r=g\",\"contentUrl\":\"https:\/\/secure.gravatar.com\/avatar\/42b01982558a48a0b501fdcab6a408d3717ea5919095ee2e67b0e521799c5905?s=96&d=mm&r=g\",\"caption\":\"Antalya K\u00f6rfez\"},\"sameAs\":[\"http:\/\/www.antalyakorfez.com\"],\"url\":\"https:\/\/www.antalyakorfez.com\/kabine-toplantisi-bitti-milli-egitim-bakani-duyurdu-engelli-ogretmenlerin-2-gunu-kaldi\"}]}<\/script>\n<!-- \/ Yoast SEO Premium plugin. -->","yoast_head_json":{"title":"Kabine toplant\u0131s\u0131 bitti, Milli E\u011fitim Bakan\u0131 duyurdu! Engelli \u00f6\u011fretmenlerin 2 g\u00fcn\u00fc kald\u0131 - Av. Deniz Can K\u0131z\u0131l","robots":{"index":"index","follow":"follow","max-snippet":"max-snippet:-1","max-image-preview":"max-image-preview:large","max-video-preview":"max-video-preview:-1"},"canonical":"https:\/\/denizcankizil.tr\/uk\/haberler\/gundem\/kabine-toplantisi-bitti-milli-egitim-bakani-duyurdu-engelli-ogretmenlerin-2-gunu-kaldi\/","og_locale":"uk_UA","og_type":"article","og_title":"Kabine toplant\u0131s\u0131 bitti, Milli E\u011fitim Bakan\u0131 duyurdu! Engelli \u00f6\u011fretmenlerin 2 g\u00fcn\u00fc kald\u0131","og_description":"Cumhurba\u015fkan\u0131 Recep Tayyip Erdo\u011fan, Cumhurba\u015fkanl\u0131\u011f\u0131 Kabine Toplant\u0131s\u0131&#8217;n\u0131n ard\u0131ndan yapt\u0131\u011f\u0131 a\u00e7\u0131klamada, e\u011fitim camias\u0131n\u0131 ilgilendiren bir m\u00fcjdeyi payla\u015ft\u0131. Erdo\u011fan, \u00e7ar\u015famba g\u00fcn\u00fc 1381 engelli \u00f6\u011fretmenin atamas\u0131n\u0131n ger\u00e7ekle\u015ftirilece\u011fini duyurarak, atamalar\u0131n \u00fclkeye ve e\u011fitim sistemine hay\u0131rl\u0131 olmas\u0131n\u0131 diledi. CUMHURBA\u015eKANI ERDO\u011eAN, YEN\u0130 ATANACAK \u00d6\u011eRETMENLERE HAYIRLI OLSUN D\u0130LEKLER\u0130N\u0130 \u0130LETT\u0130 Cumhurba\u015fkan\u0131 Recep Tayyip Erdo\u011fan, &#8220;\u0130n\u015fallah \u00e7ar\u015famba g\u00fcn\u00fc bin 381 engelli \u00f6\u011fretmenimizin atamas\u0131n\u0131 ger\u00e7ekle\u015ftirece\u011fiz. Hay\u0131rl\u0131 u\u011furlu olsun diyorum&#8221; ifadelerini kulland\u0131. &#8220;GELECE\u011e\u0130M\u0130ZE I\u015eIK TUTACAK \u00d6\u011eRETMENLERE BA\u015eARILAR D\u0130L\u0130YORUM&#8221; Milli E\u011fitim Bakan\u0131 Yusuf Tekin de konuyla ilgili bir a\u00e7\u0131klama yaparaki engelli \u00f6\u011fretmenlerin atamas\u0131n\u0131n e\u011fitim camias\u0131 i\u00e7in b\u00fcy\u00fck bir kazan\u0131m oldu\u011funu belirtti. Tekin, sosyal medya hesab\u0131nda yapt\u0131\u011f\u0131 payla\u015f\u0131mda, &#8220;Cumhurba\u015fkan\u0131m\u0131z Recep Tayyip Erdo\u011fan&#8217;\u0131n m\u00fcjdesini milletimizle payla\u015fmaktan b\u00fcy\u00fck bir memnuniyet duyuyoruz. \u00c7ar\u015famba g\u00fcn\u00fc bin 381 engelli \u00f6\u011fretmenimizi e\u011fitim ailemizin bir par\u00e7as\u0131 olarak aram\u0131za kat\u0131yoruz. Azimleriyle, inan\u00e7lar\u0131yla ve g\u00fc\u00e7l\u00fc duru\u015flar\u0131yla gelece\u011fimize \u0131\u015f\u0131k tutacak k\u0131ymetli \u00f6\u011fretmenlerimize \u015fimdiden ba\u015far\u0131lar diliyorum. maarif ailemize hay\u0131rl\u0131, u\u011furlu olsun&#8221; dedi. FIRSAT E\u015e\u0130TL\u0130\u011e\u0130NE KATKI SA\u011eLAYACAKLAR Atamas\u0131 yap\u0131lacak \u00f6\u011fretmenler, \u00f6n\u00fcm\u00fczdeki g\u00fcnlerde g\u00f6rev yerlerinde yeni e\u011fitim \u00f6\u011fretim d\u00f6nemine haz\u0131rlanacak. E\u011fitim camias\u0131, atamalar\u0131n hem \u00f6\u011fretmen a\u00e7\u0131\u011f\u0131n\u0131n giderilmesi hem de engelli bireylerin mesleki hayat i\u00e7inde daha g\u00fc\u00e7l\u00fc \u015fekilde yer almas\u0131 ad\u0131na \u00f6nemli bir ad\u0131m oldu\u011funa dikkat \u00e7ekiyor. E\u011fitim camias\u0131, atanan \u00f6\u011fretmenlerin farkl\u0131 illerde, farkl\u0131 bran\u015flarda g\u00f6rev alaca\u011f\u0131n\u0131, b\u00f6ylece e\u011fitimde f\u0131rsat e\u015fitli\u011fine katk\u0131 sa\u011flayacaklar\u0131n\u0131 ifade etti. \u200bCumhurba\u015fkan\u0131 Recep &hellip;","og_url":"https:\/\/denizcankizil.tr\/uk\/haberler\/gundem\/kabine-toplantisi-bitti-milli-egitim-bakani-duyurdu-engelli-ogretmenlerin-2-gunu-kaldi\/","og_site_name":"Av. Deniz Can K\u0131z\u0131l","article_published_time":"2025-04-28T18:41:37+00:00","author":"Antalya K\u00f6rfez","twitter_card":"summary_large_image","twitter_misc":{"\u041d\u0430\u043f\u0438\u0441\u0430\u043d\u043e":"Antalya K\u00f6rfez","\u041f\u0440\u0438\u0431\u043b. \u0447\u0430\u0441 \u0447\u0438\u0442\u0430\u043d\u043d\u044f":"2 \u0445\u0432\u0438\u043b\u0438\u043d\u0438"},"schema":{"@context":"https:\/\/schema.org","@graph":[{"@type":"Article","@id":"https:\/\/denizcankizil.tr\/uk\/haberler\/gundem\/kabine-toplantisi-bitti-milli-egitim-bakani-duyurdu-engelli-ogretmenlerin-2-gunu-kaldi\/#article","isPartOf":{"@id":"https:\/\/denizcankizil.tr\/uk\/haberler\/gundem\/kabine-toplantisi-bitti-milli-egitim-bakani-duyurdu-engelli-ogretmenlerin-2-gunu-kaldi\/"},"author":{"name":"Antalya K\u00f6rfez","@id":"https:\/\/denizcankizil.tr\/de\/#\/schema\/person\/e1eb71bb4dd684d46563f0af307e1234"},"headline":"Kabine toplant\u0131s\u0131 bitti, Milli E\u011fitim Bakan\u0131 duyurdu! Engelli \u00f6\u011fretmenlerin 2 g\u00fcn\u00fc kald\u0131","datePublished":"2025-04-28T18:41:37+00:00","mainEntityOfPage":{"@id":"https:\/\/denizcankizil.tr\/uk\/haberler\/gundem\/kabine-toplantisi-bitti-milli-egitim-bakani-duyurdu-engelli-ogretmenlerin-2-gunu-kaldi\/"},"wordCount":366,"publisher":{"@id":"https:\/\/denizcankizil.tr\/de\/#organization"},"articleSection":["G\u00fcndem"],"inLanguage":"uk"},{"@type":"WebPage","@id":"https:\/\/denizcankizil.tr\/uk\/haberler\/gundem\/kabine-toplantisi-bitti-milli-egitim-bakani-duyurdu-engelli-ogretmenlerin-2-gunu-kaldi\/","url":"https:\/\/denizcankizil.tr\/uk\/haberler\/gundem\/kabine-toplantisi-bitti-milli-egitim-bakani-duyurdu-engelli-ogretmenlerin-2-gunu-kaldi\/","name":"Kabine toplant\u0131s\u0131 bitti, Milli E\u011fitim Bakan\u0131 duyurdu! Engelli \u00f6\u011fretmenlerin 2 g\u00fcn\u00fc kald\u0131 - Av. Deniz Can K\u0131z\u0131l","isPartOf":{"@id":"https:\/\/denizcankizil.tr\/de\/#website"},"datePublished":"2025-04-28T18:41:37+00:00","breadcrumb":{"@id":"https:\/\/denizcankizil.tr\/uk\/haberler\/gundem\/kabine-toplantisi-bitti-milli-egitim-bakani-duyurdu-engelli-ogretmenlerin-2-gunu-kaldi\/#breadcrumb"},"inLanguage":"uk","potentialAction":[{"@type":"ReadAction","target":["https:\/\/denizcankizil.tr\/uk\/haberler\/gundem\/kabine-toplantisi-bitti-milli-egitim-bakani-duyurdu-engelli-ogretmenlerin-2-gunu-kaldi\/"]}]},{"@type":"BreadcrumbList","@id":"https:\/\/denizcankizil.tr\/uk\/haberler\/gundem\/kabine-toplantisi-bitti-milli-egitim-bakani-duyurdu-engelli-ogretmenlerin-2-gunu-kaldi\/#breadcrumb","itemListElement":[{"@type":"ListItem","position":1,"name":"Home","item":"https:\/\/denizcankizil.tr\/de\/"},{"@type":"ListItem","position":2,"name":"Kabine toplant\u0131s\u0131 bitti, Milli E\u011fitim Bakan\u0131 duyurdu! Engelli \u00f6\u011fretmenlerin 2 g\u00fcn\u00fc kald\u0131"}]},{"@type":"WebSite","@id":"https:\/\/denizcankizil.tr\/de\/#website","url":"https:\/\/denizcankizil.tr\/de\/","name":"Av. Deniz Can K\u0131z\u0131l","description":"Avukat Deniz Can K\u0131z\u0131l Antalya Barosu","publisher":{"@id":"https:\/\/denizcankizil.tr\/de\/#organization"},"potentialAction":[{"@type":"SearchAction","target":{"@type":"EntryPoint","urlTemplate":"https:\/\/denizcankizil.tr\/de\/?s={search_term_string}"},"query-input":{"@type":"PropertyValueSpecification","valueRequired":true,"valueName":"search_term_string"}}],"inLanguage":"uk"},{"@type":"Organization","@id":"https:\/\/denizcankizil.tr\/de\/#organization","name":"Av. Deniz Can K\u0131z\u0131l","url":"https:\/\/denizcankizil.tr\/de\/","logo":{"@type":"ImageObject","inLanguage":"uk","@id":"https:\/\/denizcankizil.tr\/de\/#\/schema\/logo\/image\/","url":"https:\/\/denizcankizil.tr\/wp-content\/uploads\/2024\/10\/siyah-logo-svg.svg","contentUrl":"https:\/\/denizcankizil.tr\/wp-content\/uploads\/2024\/10\/siyah-logo-svg.svg","width":1080,"height":1080,"caption":"Av. Deniz Can K\u0131z\u0131l"},"image":{"@id":"https:\/\/denizcankizil.tr\/de\/#\/schema\/logo\/image\/"}},{"@type":"Person","@id":"https:\/\/denizcankizil.tr\/de\/#\/schema\/person\/e1eb71bb4dd684d46563f0af307e1234","name":"Antalya K\u00f6rfez","image":{"@type":"ImageObject","inLanguage":"uk","@id":"https:\/\/denizcankizil.tr\/de\/#\/schema\/person\/image\/","url":"https:\/\/secure.gravatar.com\/avatar\/42b01982558a48a0b501fdcab6a408d3717ea5919095ee2e67b0e521799c5905?s=96&d=mm&r=g","contentUrl":"https:\/\/secure.gravatar.com\/avatar\/42b01982558a48a0b501fdcab6a408d3717ea5919095ee2e67b0e521799c5905?s=96&d=mm&r=g","caption":"Antalya K\u00f6rfez"},"sameAs":["http:\/\/www.antalyakorfez.com"],"url":"https:\/\/www.antalyakorfez.com\/kabine-toplantisi-bitti-milli-egitim-bakani-duyurdu-engelli-ogretmenlerin-2-gunu-kaldi"}]}},"_links":{"self":[{"href":"https:\/\/denizcankizil.tr\/uk\/wp-json\/wp\/v2\/posts\/69543","targetHints":{"allow":["GET"]}}],"collection":[{"href":"https:\/\/denizcankizil.tr\/uk\/wp-json\/wp\/v2\/posts"}],"about":[{"href":"https:\/\/denizcankizil.tr\/uk\/wp-json\/wp\/v2\/types\/post"}],"author":[{"embeddable":true,"href":"https:\/\/denizcankizil.tr\/uk\/wp-json\/wp\/v2\/users\/5"}],"replies":[{"embeddable":true,"href":"https:\/\/denizcankizil.tr\/uk\/wp-json\/wp\/v2\/comments?post=69543"}],"version-history":[{"count":0,"href":"https:\/\/denizcankizil.tr\/uk\/wp-json\/wp\/v2\/posts\/69543\/revisions"}],"wp:attachment":[{"href":"https:\/\/denizcankizil.tr\/uk\/wp-json\/wp\/v2\/media?parent=69543"}],"wp:term":[{"taxonomy":"category","embeddable":true,"href":"https:\/\/denizcankizil.tr\/uk\/wp-json\/wp\/v2\/categories?post=69543"},{"taxonomy":"post_tag","embeddable":true,"href":"https:\/\/denizcankizil.tr\/uk\/wp-json\/wp\/v2\/tags?post=69543"}],"curies":[{"name":"wp","href":"https:\/\/api.w.org\/{rel}","templated":true}]}}