{"id":67183,"date":"2025-04-24T11:00:00","date_gmt":"2025-04-24T08:00:00","guid":{"rendered":"https:\/\/denizcankizil.tr\/uncategorized-tr\/tutukluluk-sureleri-bu-kadar-uzun-olabilir-mi\/"},"modified":"2025-04-24T11:00:00","modified_gmt":"2025-04-24T08:00:00","slug":"tutukluluk-sureleri-bu-kadar-uzun-olabilir-mi","status":"publish","type":"post","link":"https:\/\/denizcankizil.tr\/uk\/hukukihaber\/tutukluluk-sureleri-bu-kadar-uzun-olabilir-mi\/","title":{"rendered":"Tutukluluk S\u00fcreleri Bu Kadar Uzun Olabilir mi?"},"content":{"rendered":"<p>Bilindi\u011fi gibi, tutuklama bir tedbir olup ceza de\u011fildir. Bu nedenle de yarg\u0131lamada tutuklu kal\u0131nacak s\u00fcre y\u00f6n\u00fcnden azami s\u0131n\u0131rlar d\u00fczenlenmi\u015ftir. Bu yaz\u0131m\u0131zda bu s\u0131n\u0131rlar\u0131n miktar\u0131n\u0131 ele\u015ftiri konusu yapaca\u011f\u0131z.<\/p>\n<p>Yarg\u0131lama yasam\u0131z\u0131n 102. maddesine g\u00f6re soru\u015fturma evresinde azami tutukluluk s\u00fcreleri a\u015fa\u011f\u0131daki gibidir:<\/p>\n<p>&#8211; A\u011f\u0131r cezal\u0131k olmayan su\u00e7lar 6 ay.<\/p>\n<p>&#8211; A\u011f\u0131r cezal\u0131k su\u00e7lar 1 y\u0131l.<\/p>\n<p>&#8211; Ter\u00f6r su\u00e7lar\u0131 veya toplu i\u015flenen su\u00e7lar y\u00f6n\u00fcnden 1 y\u0131l 6 ay olup 6 ay daha uzat\u0131labilir. Yani azami 2 y\u0131l.<\/p>\n<p>Ayn\u0131 madde uyar\u0131nca, t\u00fcm yarg\u0131lama boyunca toplam azami s\u00fcreler a\u015fa\u011f\u0131daki gibidir:<\/p>\n<p>&#8211; A\u011f\u0131r cezal\u0131k olmayan su\u00e7larda 1 y\u0131l olup 6 ay daha uzat\u0131labilir.<\/p>\n<p>&#8211; A\u011f\u0131r cezal\u0131k su\u00e7larda s\u00fcre 2 y\u0131l olup 3 y\u0131l daha uzat\u0131labilir. Ter\u00f6r su\u00e7lar\u0131nda ise uzatma s\u00fcresi 5 y\u0131ld\u0131r. Yani azami s\u00fcre 5 y\u0131l olup ter\u00f6r su\u00e7lar\u0131nda 7 y\u0131ld\u0131r.<\/p>\n<p>Derhal belirtelim ki bu s\u00fcreler \u00e7ok uzundur. Bu madde; tek celse esas\u0131n\u0131, etkin soru\u015fturma yap\u0131lmas\u0131n\u0131 ve savunma hakk\u0131n\u0131n lay\u0131k\u0131yla kulland\u0131r\u0131lmas\u0131n\u0131 benimseyen yarg\u0131lama yasam\u0131z\u0131n sistemine uymamaktad\u0131r.<\/p>\n<p>A\u011f\u0131r ceza yarg\u0131lamas\u0131nda 5 y\u0131ll\u0131k tutukluluk s\u00fcresi -ter\u00f6r su\u00e7lar\u0131nda 7 y\u0131l- ortalama insan \u00f6mr\u00fcn\u00fcn yakla\u015f\u0131k %7\u2019sine tekab\u00fcl etmektedir.<\/p>\n<p>Zaten 5 ve 7 y\u0131ll\u0131k yarg\u0131lama s\u00fcreleri dahi bir kimsenin makul s\u00fcrede yarg\u0131lanma hakk\u0131n\u0131 ihlal etmektedir. Bu kadar uzun s\u00fcre yap\u0131lan yarg\u0131lamalar adil olmaktan \u00e7\u0131kmaktad\u0131r. Bunun \u00fczerine, bir de bu s\u00fcrelerin tutuklu ge\u00e7irilece\u011fini d\u00fc\u015f\u00fcnmek ve uygulamada bunu kan\u0131ksamak, s\u00fcregelen hak ihlallerinin kayna\u011f\u0131d\u0131r.<\/p>\n<p>Di\u011fer yandan, uygulamada bu s\u00fcreler yaln\u0131zca h\u00fck\u00fcm verilene kadar kabul edilmektedir. Yarg\u0131tay\u2019a g\u00f6re bir kimse h\u00fckmen tutukluysa art\u0131k bu s\u00fcreler hesap edilmez[1].<\/p>\n<p>Halbuki b\u00f6yle bir yorum, yasa metninin s\u00f6z\u00fcne a\u00e7\u0131k\u00e7a ayk\u0131r\u0131d\u0131r. \u00d6zg\u00fcrl\u00fck lehine olan bu d\u00fczenleme \u00f6zg\u00fcrl\u00fck lehine yorumlanmal\u0131d\u0131r. Yasa metninde yer almad\u0131\u011f\u0131 halde bireylerin hak ve \u00f6zg\u00fcrl\u00fckleri k\u0131yas yoluyla s\u0131n\u0131rlanamaz. <\/p>\n<p>Bir ki\u015fi hakk\u0131nda mahk\u00fbmiyet h\u00fckm\u00fc verilse dahi bu h\u00fck\u00fcm bozulabilir. Karar hen\u00fcz kesinle\u015fmemi\u015f olup infaza ba\u015flanmam\u0131\u015ft\u0131r. Ki\u015fi, bu a\u015famada hala su\u00e7lu say\u0131lamaz.<\/p>\n<p>\u00dcstelik Yarg\u0131tay, maddi olay\u0131 da denetlemekte ve beraat verilmesi gerekti\u011fi gerek\u00e7esiyle mahk\u00fbmiyet kararlar\u0131n\u0131 bozabilmektedir. Ayr\u0131ca, Yarg\u0131tay\u2019\u0131n bozma oranlar\u0131 hakk\u0131nda evvelce kaleme ald\u0131\u011f\u0131m\u0131z yaz\u0131da g\u00f6r\u00fcld\u00fc\u011f\u00fc \u00fczere, zaten kararlar\u0131n neredeyse yar\u0131s\u0131 bozulmaktad\u0131r.<\/p>\n<p>Bu kadar y\u00fcksek hata pay\u0131 olan, yap\u0131lan yarg\u0131lama sonucu verilen kararlar\u0131n yar\u0131s\u0131 hatal\u0131 olan bir sistemde, zaten \u00e7ok uzun olan azami tutukluluk s\u00fcrelerini, yasan\u0131n s\u00f6z\u00fcne ayk\u0131r\u0131 bir \u015fekilde k\u0131yas yoluyla temel hak ve \u00f6zg\u00fcrl\u00fc\u011f\u00fc s\u0131n\u0131rlayarak istinaf ve temyiz a\u015famas\u0131nda hesaba dahil etmemek, \u00e7ok \u00fcz\u00fcc\u00fc sonu\u00e7lara yol a\u00e7maktad\u0131r. <\/p>\n<p>5 y\u0131l s\u00fcren bir a\u011f\u0131r ceza mahkemesi yarg\u0131lamas\u0131 d\u00fc\u015f\u00fcnelim. Bu karar\u0131n istinaf a\u015famas\u0131 2 y\u0131l, Yarg\u0131tay a\u015famas\u0131 3 y\u0131l s\u00fcrm\u00fc\u015f olsun. Buna g\u00f6re ki\u015fi 10 y\u0131ld\u0131r yarg\u0131lanmaktad\u0131r ve bu s\u00fcrenin tamam\u0131 tutukludur. Bu halde ki\u015finin \u00f6mr\u00fcn\u00fcn %12\u2019si tutuklu yarg\u0131lanarak ge\u00e7mektedir ve bu s\u00fcre sonunda beraat karar\u0131 da verilebilir.<\/p>\n<p>Sonu\u00e7 olarak; \u00f6ld\u00fcrme su\u00e7unu i\u015fleyip 18 y\u0131l ceza alan birisinin 11 y\u0131l kurumda kald\u0131\u011f\u0131, hatta bunun \u00e7o\u011funun da a\u00e7\u0131k kurumda ge\u00e7ti\u011fi ve d\u00fczenli olarak infaz s\u00fcrelerinin azalt\u0131ld\u0131\u011f\u0131 bir d\u00fczende, bu s\u00fcrelerin uzunlu\u011fu ve yanl\u0131\u015f hesaplanmas\u0131, tutuklaman\u0131n bir tedbir olmad\u0131\u011f\u0131n\u0131, bir ceza olarak uyguland\u0131\u011f\u0131n\u0131 g\u00f6stermektedir. <\/p>\n<p>&#8212;&#8212;&#8212;&#8211;<\/p>\n<p>[1] Yarg\u0131tay Ceza Genel Kurulu, T. 12.4.2011, E. 2011\/1-51, K. 2011\/42.<\/p>\n<p>\u200bBilindi\u011fi gibi, tutuklama bir tedbir olup ceza de\u011fildir. Bu nedenle de yarg\u0131lamada tutuklu kal\u0131nacak s\u00fcre y\u00f6n\u00fcnden azami s\u0131n\u0131rlar d\u00fczenlenmi\u015ftir. Bu yaz\u0131m\u0131zda bu s\u0131n\u0131rlar\u0131n miktar\u0131n\u0131 ele\u015ftiri konusu yapaca\u011f\u0131z.<\/p>\n<p>Yarg\u0131lama yasam\u0131z\u0131n 102. maddesine g\u00f6re soru\u015fturma evresinde azami tutukluluk s\u00fcreleri a\u015fa\u011f\u0131daki gibidir:<\/p>\n<p>&#8211; A\u011f\u0131r cezal\u0131k olmayan su\u00e7lar 6 ay.<\/p>\n<p>&#8211; A\u011f\u0131r cezal\u0131k su\u00e7lar 1 y\u0131l.<\/p>\n<p>&#8211; Ter\u00f6r su\u00e7lar\u0131 veya toplu i\u015flenen su\u00e7lar y\u00f6n\u00fcnden 1 y\u0131l 6 ay olup 6 ay daha uzat\u0131labilir. Yani azami 2 y\u0131l.<\/p>\n<p>Ayn\u0131 madde uyar\u0131nca, t\u00fcm yarg\u0131lama boyunca toplam azami s\u00fcreler a\u015fa\u011f\u0131daki gibidir:<\/p>\n<p>&#8211; A\u011f\u0131r cezal\u0131k olmayan su\u00e7larda 1 y\u0131l olup 6 ay daha uzat\u0131labilir.<\/p>\n<p>&#8211; A\u011f\u0131r cezal\u0131k su\u00e7larda s\u00fcre 2 y\u0131l olup 3 y\u0131l daha uzat\u0131labilir. Ter\u00f6r su\u00e7lar\u0131nda ise uzatma s\u00fcresi 5 y\u0131ld\u0131r. Yani azami s\u00fcre 5 y\u0131l olup ter\u00f6r su\u00e7lar\u0131nda 7 y\u0131ld\u0131r.<\/p>\n<p>Derhal belirtelim ki bu s\u00fcreler \u00e7ok uzundur. Bu madde; tek celse esas\u0131n\u0131, etkin soru\u015fturma yap\u0131lmas\u0131n\u0131 ve savunma hakk\u0131n\u0131n lay\u0131k\u0131yla kulland\u0131r\u0131lmas\u0131n\u0131 benimseyen yarg\u0131lama yasam\u0131z\u0131n sistemine uymamaktad\u0131r.<\/p>\n<p>A\u011f\u0131r ceza yarg\u0131lamas\u0131nda 5 y\u0131ll\u0131k tutukluluk s\u00fcresi -ter\u00f6r su\u00e7lar\u0131nda 7 y\u0131l- ortalama insan \u00f6mr\u00fcn\u00fcn yakla\u015f\u0131k %7\u2019sine tekab\u00fcl etmektedir.<\/p>\n<p>Zaten 5 ve 7 y\u0131ll\u0131k yarg\u0131lama s\u00fcreleri dahi bir kimsenin makul s\u00fcrede yarg\u0131lanma hakk\u0131n\u0131 ihlal etmektedir. Bu kadar uzun s\u00fcre yap\u0131lan yarg\u0131lamalar adil olmaktan \u00e7\u0131kmaktad\u0131r. Bunun \u00fczerine, bir de bu s\u00fcrelerin tutuklu ge\u00e7irilece\u011fini d\u00fc\u015f\u00fcnmek ve uygulamada bunu kan\u0131ksamak, s\u00fcregelen hak ihlallerinin kayna\u011f\u0131d\u0131r.<\/p>\n<p>Di\u011fer yandan, uygulamada bu s\u00fcreler yaln\u0131zca h\u00fck\u00fcm verilene kadar kabul edilmektedir. Yarg\u0131tay\u2019a g\u00f6re bir kimse h\u00fckmen tutukluysa art\u0131k bu s\u00fcreler hesap edilmez[1].<\/p>\n<p>Halbuki b\u00f6yle bir yorum, yasa metninin s\u00f6z\u00fcne a\u00e7\u0131k\u00e7a ayk\u0131r\u0131d\u0131r. \u00d6zg\u00fcrl\u00fck lehine olan bu d\u00fczenleme \u00f6zg\u00fcrl\u00fck lehine yorumlanmal\u0131d\u0131r. Yasa metninde yer almad\u0131\u011f\u0131 halde bireylerin hak ve \u00f6zg\u00fcrl\u00fckleri k\u0131yas yoluyla s\u0131n\u0131rlanamaz. <\/p>\n<p>Bir ki\u015fi hakk\u0131nda mahk\u00fbmiyet h\u00fckm\u00fc verilse dahi bu h\u00fck\u00fcm bozulabilir. Karar hen\u00fcz kesinle\u015fmemi\u015f olup infaza ba\u015flanmam\u0131\u015ft\u0131r. Ki\u015fi, bu a\u015famada hala su\u00e7lu say\u0131lamaz.<\/p>\n<p>\u00dcstelik Yarg\u0131tay, maddi olay\u0131 da denetlemekte ve beraat verilmesi gerekti\u011fi gerek\u00e7esiyle mahk\u00fbmiyet kararlar\u0131n\u0131 bozabilmektedir. Ayr\u0131ca, Yarg\u0131tay\u2019\u0131n bozma oranlar\u0131 hakk\u0131nda evvelce kaleme ald\u0131\u011f\u0131m\u0131z yaz\u0131da g\u00f6r\u00fcld\u00fc\u011f\u00fc \u00fczere, zaten kararlar\u0131n neredeyse yar\u0131s\u0131 bozulmaktad\u0131r.<\/p>\n<p>Bu kadar y\u00fcksek hata pay\u0131 olan, yap\u0131lan yarg\u0131lama sonucu verilen kararlar\u0131n yar\u0131s\u0131 hatal\u0131 olan bir sistemde, zaten \u00e7ok uzun olan azami tutukluluk s\u00fcrelerini, yasan\u0131n s\u00f6z\u00fcne ayk\u0131r\u0131 bir \u015fekilde k\u0131yas yoluyla temel hak ve \u00f6zg\u00fcrl\u00fc\u011f\u00fc s\u0131n\u0131rlayarak istinaf ve temyiz a\u015famas\u0131nda hesaba dahil etmemek, \u00e7ok \u00fcz\u00fcc\u00fc sonu\u00e7lara yol a\u00e7maktad\u0131r. <\/p>\n<p>5 y\u0131l s\u00fcren bir a\u011f\u0131r ceza mahkemesi yarg\u0131lamas\u0131 d\u00fc\u015f\u00fcnelim. Bu karar\u0131n istinaf a\u015famas\u0131 2 y\u0131l, Yarg\u0131tay a\u015famas\u0131 3 y\u0131l s\u00fcrm\u00fc\u015f olsun. Buna g\u00f6re ki\u015fi 10 y\u0131ld\u0131r yarg\u0131lanmaktad\u0131r ve bu s\u00fcrenin tamam\u0131 tutukludur. Bu halde ki\u015finin \u00f6mr\u00fcn\u00fcn %12\u2019si tutuklu yarg\u0131lanarak ge\u00e7mektedir ve bu s\u00fcre sonunda beraat karar\u0131 da verilebilir.<\/p>\n<p>Sonu\u00e7 olarak; \u00f6ld\u00fcrme su\u00e7unu i\u015fleyip 18 y\u0131l ceza alan birisinin 11 y\u0131l kurumda kald\u0131\u011f\u0131, hatta bunun \u00e7o\u011funun da a\u00e7\u0131k kurumda ge\u00e7ti\u011fi ve d\u00fczenli olarak infaz s\u00fcrelerinin azalt\u0131ld\u0131\u011f\u0131 bir d\u00fczende, bu s\u00fcrelerin uzunlu\u011fu ve yanl\u0131\u015f hesaplanmas\u0131, tutuklaman\u0131n bir tedbir olmad\u0131\u011f\u0131n\u0131, bir ceza olarak uyguland\u0131\u011f\u0131n\u0131 g\u00f6stermektedir. <\/p>\n<p>&#8212;&#8212;&#8212;&#8211;<\/p>\n<p>[1] Yarg\u0131tay Ceza Genel Kurulu, T. 12.4.2011, E. 2011\/1-51, K. 2011\/42.\u00a0Hukuki Haber<\/p>\n<p>Haberin Al\u0131nt\u0131land\u0131\u011f\u0131 Kaynak: www.hukukihaber.net<\/p>","protected":false},"excerpt":{"rendered":"<p>Bilindi\u011fi gibi, tutuklama bir tedbir olup ceza de\u011fildir. Bu nedenle de yarg\u0131lamada tutuklu kal\u0131nacak s\u00fcre y\u00f6n\u00fcnden azami s\u0131n\u0131rlar d\u00fczenlenmi\u015ftir. Bu yaz\u0131m\u0131zda bu s\u0131n\u0131rlar\u0131n miktar\u0131n\u0131 ele\u015ftiri konusu yapaca\u011f\u0131z. Yarg\u0131lama yasam\u0131z\u0131n 102. maddesine g\u00f6re soru\u015fturma evresinde azami tutukluluk s\u00fcreleri a\u015fa\u011f\u0131daki gibidir: &#8211; A\u011f\u0131r cezal\u0131k olmayan su\u00e7lar 6 ay. &#8211; A\u011f\u0131r cezal\u0131k su\u00e7lar 1 y\u0131l. &#8211; Ter\u00f6r su\u00e7lar\u0131 veya toplu i\u015flenen su\u00e7lar y\u00f6n\u00fcnden 1 y\u0131l 6 ay olup 6 ay daha uzat\u0131labilir. Yani azami 2 y\u0131l. Ayn\u0131 madde uyar\u0131nca, t\u00fcm yarg\u0131lama boyunca toplam azami s\u00fcreler a\u015fa\u011f\u0131daki gibidir: &#8211; A\u011f\u0131r cezal\u0131k olmayan su\u00e7larda 1 y\u0131l olup 6 ay daha uzat\u0131labilir. &#8211; A\u011f\u0131r cezal\u0131k su\u00e7larda s\u00fcre 2 y\u0131l olup 3 y\u0131l daha uzat\u0131labilir. Ter\u00f6r su\u00e7lar\u0131nda ise uzatma s\u00fcresi 5 y\u0131ld\u0131r. Yani azami s\u00fcre 5 y\u0131l olup ter\u00f6r su\u00e7lar\u0131nda 7 y\u0131ld\u0131r. Derhal belirtelim ki bu s\u00fcreler \u00e7ok uzundur. Bu madde; tek celse esas\u0131n\u0131, etkin soru\u015fturma yap\u0131lmas\u0131n\u0131 ve savunma hakk\u0131n\u0131n lay\u0131k\u0131yla kulland\u0131r\u0131lmas\u0131n\u0131 benimseyen yarg\u0131lama yasam\u0131z\u0131n sistemine uymamaktad\u0131r. A\u011f\u0131r ceza yarg\u0131lamas\u0131nda 5 y\u0131ll\u0131k tutukluluk s\u00fcresi -ter\u00f6r su\u00e7lar\u0131nda 7 y\u0131l- ortalama insan \u00f6mr\u00fcn\u00fcn yakla\u015f\u0131k %7\u2019sine tekab\u00fcl etmektedir. Zaten 5 ve 7 y\u0131ll\u0131k yarg\u0131lama s\u00fcreleri dahi bir kimsenin makul s\u00fcrede yarg\u0131lanma hakk\u0131n\u0131 ihlal etmektedir. Bu kadar uzun s\u00fcre yap\u0131lan yarg\u0131lamalar adil olmaktan \u00e7\u0131kmaktad\u0131r. Bunun \u00fczerine, bir de bu s\u00fcrelerin tutuklu &hellip;<\/p>","protected":false},"author":3,"featured_media":0,"comment_status":"","ping_status":"open","sticky":false,"template":"","format":"standard","meta":{"_acf_changed":false,"footnotes":""},"categories":[27],"tags":[],"class_list":["post-67183","post","type-post","status-publish","format-standard","has-post-thumbnail","hentry","category-hukukihaber"],"acf":[],"yoast_head":"<!-- This site is optimized with the Yoast SEO Premium plugin v26.6 (Yoast SEO v27.1.1) - https:\/\/yoast.com\/product\/yoast-seo-premium-wordpress\/ -->\n<title>Tutukluluk S\u00fcreleri Bu Kadar Uzun Olabilir mi? - Av. Deniz Can K\u0131z\u0131l<\/title>\n<meta name=\"robots\" content=\"index, follow, max-snippet:-1, max-image-preview:large, max-video-preview:-1\" \/>\n<link rel=\"canonical\" href=\"https:\/\/denizcankizil.tr\/uk\/hukukihaber\/tutukluluk-sureleri-bu-kadar-uzun-olabilir-mi\/\" \/>\n<meta property=\"og:locale\" content=\"uk_UA\" \/>\n<meta property=\"og:type\" content=\"article\" \/>\n<meta property=\"og:title\" content=\"Tutukluluk S\u00fcreleri Bu Kadar Uzun Olabilir mi?\" \/>\n<meta property=\"og:description\" content=\"Bilindi\u011fi gibi, tutuklama bir tedbir olup ceza de\u011fildir. Bu nedenle de yarg\u0131lamada tutuklu kal\u0131nacak s\u00fcre y\u00f6n\u00fcnden azami s\u0131n\u0131rlar d\u00fczenlenmi\u015ftir. Bu yaz\u0131m\u0131zda bu s\u0131n\u0131rlar\u0131n miktar\u0131n\u0131 ele\u015ftiri konusu yapaca\u011f\u0131z. Yarg\u0131lama yasam\u0131z\u0131n 102. maddesine g\u00f6re soru\u015fturma evresinde azami tutukluluk s\u00fcreleri a\u015fa\u011f\u0131daki gibidir: &#8211; A\u011f\u0131r cezal\u0131k olmayan su\u00e7lar 6 ay. &#8211; A\u011f\u0131r cezal\u0131k su\u00e7lar 1 y\u0131l. &#8211; Ter\u00f6r su\u00e7lar\u0131 veya toplu i\u015flenen su\u00e7lar y\u00f6n\u00fcnden 1 y\u0131l 6 ay olup 6 ay daha uzat\u0131labilir. Yani azami 2 y\u0131l. Ayn\u0131 madde uyar\u0131nca, t\u00fcm yarg\u0131lama boyunca toplam azami s\u00fcreler a\u015fa\u011f\u0131daki gibidir: &#8211; A\u011f\u0131r cezal\u0131k olmayan su\u00e7larda 1 y\u0131l olup 6 ay daha uzat\u0131labilir. &#8211; A\u011f\u0131r cezal\u0131k su\u00e7larda s\u00fcre 2 y\u0131l olup 3 y\u0131l daha uzat\u0131labilir. Ter\u00f6r su\u00e7lar\u0131nda ise uzatma s\u00fcresi 5 y\u0131ld\u0131r. Yani azami s\u00fcre 5 y\u0131l olup ter\u00f6r su\u00e7lar\u0131nda 7 y\u0131ld\u0131r. Derhal belirtelim ki bu s\u00fcreler \u00e7ok uzundur. Bu madde; tek celse esas\u0131n\u0131, etkin soru\u015fturma yap\u0131lmas\u0131n\u0131 ve savunma hakk\u0131n\u0131n lay\u0131k\u0131yla kulland\u0131r\u0131lmas\u0131n\u0131 benimseyen yarg\u0131lama yasam\u0131z\u0131n sistemine uymamaktad\u0131r. A\u011f\u0131r ceza yarg\u0131lamas\u0131nda 5 y\u0131ll\u0131k tutukluluk s\u00fcresi -ter\u00f6r su\u00e7lar\u0131nda 7 y\u0131l- ortalama insan \u00f6mr\u00fcn\u00fcn yakla\u015f\u0131k %7\u2019sine tekab\u00fcl etmektedir. Zaten 5 ve 7 y\u0131ll\u0131k yarg\u0131lama s\u00fcreleri dahi bir kimsenin makul s\u00fcrede yarg\u0131lanma hakk\u0131n\u0131 ihlal etmektedir. Bu kadar uzun s\u00fcre yap\u0131lan yarg\u0131lamalar adil olmaktan \u00e7\u0131kmaktad\u0131r. Bunun \u00fczerine, bir de bu s\u00fcrelerin tutuklu &hellip;\" \/>\n<meta property=\"og:url\" content=\"https:\/\/denizcankizil.tr\/uk\/hukukihaber\/tutukluluk-sureleri-bu-kadar-uzun-olabilir-mi\/\" \/>\n<meta property=\"og:site_name\" content=\"Av. Deniz Can K\u0131z\u0131l\" \/>\n<meta property=\"article:published_time\" content=\"2025-04-24T08:00:00+00:00\" \/>\n<meta name=\"author\" content=\"Hukuki Haber.net\" \/>\n<meta name=\"twitter:card\" content=\"summary_large_image\" \/>\n<meta name=\"twitter:label1\" content=\"\u041d\u0430\u043f\u0438\u0441\u0430\u043d\u043e\" \/>\n\t<meta name=\"twitter:data1\" content=\"Hukuki Haber.net\" \/>\n\t<meta name=\"twitter:label2\" content=\"\u041f\u0440\u0438\u0431\u043b. \u0447\u0430\u0441 \u0447\u0438\u0442\u0430\u043d\u043d\u044f\" \/>\n\t<meta name=\"twitter:data2\" content=\"7 \u0445\u0432\u0438\u043b\u0438\u043d\" \/>\n<script type=\"application\/ld+json\" class=\"yoast-schema-graph\">{\"@context\":\"https:\/\/schema.org\",\"@graph\":[{\"@type\":\"Article\",\"@id\":\"https:\/\/denizcankizil.tr\/uk\/hukukihaber\/tutukluluk-sureleri-bu-kadar-uzun-olabilir-mi\/#article\",\"isPartOf\":{\"@id\":\"https:\/\/denizcankizil.tr\/uk\/hukukihaber\/tutukluluk-sureleri-bu-kadar-uzun-olabilir-mi\/\"},\"author\":{\"name\":\"Hukuki Haber.net\",\"@id\":\"https:\/\/denizcankizil.tr\/#\/schema\/person\/001a271de994a0aa3f90eea084424822\"},\"headline\":\"Tutukluluk S\u00fcreleri Bu Kadar Uzun Olabilir mi?\",\"datePublished\":\"2025-04-24T08:00:00+00:00\",\"mainEntityOfPage\":{\"@id\":\"https:\/\/denizcankizil.tr\/uk\/hukukihaber\/tutukluluk-sureleri-bu-kadar-uzun-olabilir-mi\/\"},\"wordCount\":1394,\"publisher\":{\"@id\":\"https:\/\/denizcankizil.tr\/#organization\"},\"articleSection\":[\"Hukuki Haberler\"],\"inLanguage\":\"uk\"},{\"@type\":\"WebPage\",\"@id\":\"https:\/\/denizcankizil.tr\/uk\/hukukihaber\/tutukluluk-sureleri-bu-kadar-uzun-olabilir-mi\/\",\"url\":\"https:\/\/denizcankizil.tr\/uk\/hukukihaber\/tutukluluk-sureleri-bu-kadar-uzun-olabilir-mi\/\",\"name\":\"Tutukluluk S\u00fcreleri Bu Kadar Uzun Olabilir mi? - Av. Deniz Can K\u0131z\u0131l\",\"isPartOf\":{\"@id\":\"https:\/\/denizcankizil.tr\/#website\"},\"datePublished\":\"2025-04-24T08:00:00+00:00\",\"breadcrumb\":{\"@id\":\"https:\/\/denizcankizil.tr\/uk\/hukukihaber\/tutukluluk-sureleri-bu-kadar-uzun-olabilir-mi\/#breadcrumb\"},\"inLanguage\":\"uk\",\"potentialAction\":[{\"@type\":\"ReadAction\",\"target\":[\"https:\/\/denizcankizil.tr\/uk\/hukukihaber\/tutukluluk-sureleri-bu-kadar-uzun-olabilir-mi\/\"]}]},{\"@type\":\"BreadcrumbList\",\"@id\":\"https:\/\/denizcankizil.tr\/uk\/hukukihaber\/tutukluluk-sureleri-bu-kadar-uzun-olabilir-mi\/#breadcrumb\",\"itemListElement\":[{\"@type\":\"ListItem\",\"position\":1,\"name\":\"Home\",\"item\":\"https:\/\/denizcankizil.tr\/de\/\"},{\"@type\":\"ListItem\",\"position\":2,\"name\":\"Tutukluluk S\u00fcreleri Bu Kadar Uzun Olabilir mi?\"}]},{\"@type\":\"WebSite\",\"@id\":\"https:\/\/denizcankizil.tr\/#website\",\"url\":\"https:\/\/denizcankizil.tr\/\",\"name\":\"Av. Deniz Can K\u0131z\u0131l\",\"description\":\"Avukat Deniz Can K\u0131z\u0131l Antalya Barosu\",\"publisher\":{\"@id\":\"https:\/\/denizcankizil.tr\/#organization\"},\"potentialAction\":[{\"@type\":\"SearchAction\",\"target\":{\"@type\":\"EntryPoint\",\"urlTemplate\":\"https:\/\/denizcankizil.tr\/?s={search_term_string}\"},\"query-input\":{\"@type\":\"PropertyValueSpecification\",\"valueRequired\":true,\"valueName\":\"search_term_string\"}}],\"inLanguage\":\"uk\"},{\"@type\":\"Organization\",\"@id\":\"https:\/\/denizcankizil.tr\/#organization\",\"name\":\"Av. Deniz Can K\u0131z\u0131l\",\"url\":\"https:\/\/denizcankizil.tr\/\",\"logo\":{\"@type\":\"ImageObject\",\"inLanguage\":\"uk\",\"@id\":\"https:\/\/denizcankizil.tr\/#\/schema\/logo\/image\/\",\"url\":\"https:\/\/denizcankizil.tr\/wp-content\/uploads\/2024\/10\/siyah-logo-svg.svg\",\"contentUrl\":\"https:\/\/denizcankizil.tr\/wp-content\/uploads\/2024\/10\/siyah-logo-svg.svg\",\"width\":1080,\"height\":1080,\"caption\":\"Av. Deniz Can K\u0131z\u0131l\"},\"image\":{\"@id\":\"https:\/\/denizcankizil.tr\/#\/schema\/logo\/image\/\"}},{\"@type\":\"Person\",\"@id\":\"https:\/\/denizcankizil.tr\/#\/schema\/person\/001a271de994a0aa3f90eea084424822\",\"name\":\"Hukuki Haber.net\",\"image\":{\"@type\":\"ImageObject\",\"inLanguage\":\"uk\",\"@id\":\"https:\/\/denizcankizil.tr\/#\/schema\/person\/image\/\",\"url\":\"https:\/\/secure.gravatar.com\/avatar\/57d8a49151495586611a149d29fc42865b951dc053a84709a3172ccb5abf3118?s=96&d=mm&r=g\",\"contentUrl\":\"https:\/\/secure.gravatar.com\/avatar\/57d8a49151495586611a149d29fc42865b951dc053a84709a3172ccb5abf3118?s=96&d=mm&r=g\",\"caption\":\"Hukuki Haber.net\"},\"sameAs\":[\"http:\/\/www.hukukihaber.net\"],\"url\":\"https:\/\/www.hukukihaber.net\/tutukluluk-sureleri-bu-kadar-uzun-olabilir-mi-ibrahim-burak-sen\"}]}<\/script>\n<!-- \/ Yoast SEO Premium plugin. -->","yoast_head_json":{"title":"Tutukluluk S\u00fcreleri Bu Kadar Uzun Olabilir mi? - Av. Deniz Can K\u0131z\u0131l","robots":{"index":"index","follow":"follow","max-snippet":"max-snippet:-1","max-image-preview":"max-image-preview:large","max-video-preview":"max-video-preview:-1"},"canonical":"https:\/\/denizcankizil.tr\/uk\/hukukihaber\/tutukluluk-sureleri-bu-kadar-uzun-olabilir-mi\/","og_locale":"uk_UA","og_type":"article","og_title":"Tutukluluk S\u00fcreleri Bu Kadar Uzun Olabilir mi?","og_description":"Bilindi\u011fi gibi, tutuklama bir tedbir olup ceza de\u011fildir. Bu nedenle de yarg\u0131lamada tutuklu kal\u0131nacak s\u00fcre y\u00f6n\u00fcnden azami s\u0131n\u0131rlar d\u00fczenlenmi\u015ftir. Bu yaz\u0131m\u0131zda bu s\u0131n\u0131rlar\u0131n miktar\u0131n\u0131 ele\u015ftiri konusu yapaca\u011f\u0131z. Yarg\u0131lama yasam\u0131z\u0131n 102. maddesine g\u00f6re soru\u015fturma evresinde azami tutukluluk s\u00fcreleri a\u015fa\u011f\u0131daki gibidir: &#8211; A\u011f\u0131r cezal\u0131k olmayan su\u00e7lar 6 ay. &#8211; A\u011f\u0131r cezal\u0131k su\u00e7lar 1 y\u0131l. &#8211; Ter\u00f6r su\u00e7lar\u0131 veya toplu i\u015flenen su\u00e7lar y\u00f6n\u00fcnden 1 y\u0131l 6 ay olup 6 ay daha uzat\u0131labilir. Yani azami 2 y\u0131l. Ayn\u0131 madde uyar\u0131nca, t\u00fcm yarg\u0131lama boyunca toplam azami s\u00fcreler a\u015fa\u011f\u0131daki gibidir: &#8211; A\u011f\u0131r cezal\u0131k olmayan su\u00e7larda 1 y\u0131l olup 6 ay daha uzat\u0131labilir. &#8211; A\u011f\u0131r cezal\u0131k su\u00e7larda s\u00fcre 2 y\u0131l olup 3 y\u0131l daha uzat\u0131labilir. Ter\u00f6r su\u00e7lar\u0131nda ise uzatma s\u00fcresi 5 y\u0131ld\u0131r. Yani azami s\u00fcre 5 y\u0131l olup ter\u00f6r su\u00e7lar\u0131nda 7 y\u0131ld\u0131r. Derhal belirtelim ki bu s\u00fcreler \u00e7ok uzundur. Bu madde; tek celse esas\u0131n\u0131, etkin soru\u015fturma yap\u0131lmas\u0131n\u0131 ve savunma hakk\u0131n\u0131n lay\u0131k\u0131yla kulland\u0131r\u0131lmas\u0131n\u0131 benimseyen yarg\u0131lama yasam\u0131z\u0131n sistemine uymamaktad\u0131r. A\u011f\u0131r ceza yarg\u0131lamas\u0131nda 5 y\u0131ll\u0131k tutukluluk s\u00fcresi -ter\u00f6r su\u00e7lar\u0131nda 7 y\u0131l- ortalama insan \u00f6mr\u00fcn\u00fcn yakla\u015f\u0131k %7\u2019sine tekab\u00fcl etmektedir. Zaten 5 ve 7 y\u0131ll\u0131k yarg\u0131lama s\u00fcreleri dahi bir kimsenin makul s\u00fcrede yarg\u0131lanma hakk\u0131n\u0131 ihlal etmektedir. Bu kadar uzun s\u00fcre yap\u0131lan yarg\u0131lamalar adil olmaktan \u00e7\u0131kmaktad\u0131r. Bunun \u00fczerine, bir de bu s\u00fcrelerin tutuklu &hellip;","og_url":"https:\/\/denizcankizil.tr\/uk\/hukukihaber\/tutukluluk-sureleri-bu-kadar-uzun-olabilir-mi\/","og_site_name":"Av. Deniz Can K\u0131z\u0131l","article_published_time":"2025-04-24T08:00:00+00:00","author":"Hukuki Haber.net","twitter_card":"summary_large_image","twitter_misc":{"\u041d\u0430\u043f\u0438\u0441\u0430\u043d\u043e":"Hukuki Haber.net","\u041f\u0440\u0438\u0431\u043b. \u0447\u0430\u0441 \u0447\u0438\u0442\u0430\u043d\u043d\u044f":"7 \u0445\u0432\u0438\u043b\u0438\u043d"},"schema":{"@context":"https:\/\/schema.org","@graph":[{"@type":"Article","@id":"https:\/\/denizcankizil.tr\/uk\/hukukihaber\/tutukluluk-sureleri-bu-kadar-uzun-olabilir-mi\/#article","isPartOf":{"@id":"https:\/\/denizcankizil.tr\/uk\/hukukihaber\/tutukluluk-sureleri-bu-kadar-uzun-olabilir-mi\/"},"author":{"name":"Hukuki Haber.net","@id":"https:\/\/denizcankizil.tr\/#\/schema\/person\/001a271de994a0aa3f90eea084424822"},"headline":"Tutukluluk S\u00fcreleri Bu Kadar Uzun Olabilir mi?","datePublished":"2025-04-24T08:00:00+00:00","mainEntityOfPage":{"@id":"https:\/\/denizcankizil.tr\/uk\/hukukihaber\/tutukluluk-sureleri-bu-kadar-uzun-olabilir-mi\/"},"wordCount":1394,"publisher":{"@id":"https:\/\/denizcankizil.tr\/#organization"},"articleSection":["Hukuki Haberler"],"inLanguage":"uk"},{"@type":"WebPage","@id":"https:\/\/denizcankizil.tr\/uk\/hukukihaber\/tutukluluk-sureleri-bu-kadar-uzun-olabilir-mi\/","url":"https:\/\/denizcankizil.tr\/uk\/hukukihaber\/tutukluluk-sureleri-bu-kadar-uzun-olabilir-mi\/","name":"Tutukluluk S\u00fcreleri Bu Kadar Uzun Olabilir mi? - Av. Deniz Can K\u0131z\u0131l","isPartOf":{"@id":"https:\/\/denizcankizil.tr\/#website"},"datePublished":"2025-04-24T08:00:00+00:00","breadcrumb":{"@id":"https:\/\/denizcankizil.tr\/uk\/hukukihaber\/tutukluluk-sureleri-bu-kadar-uzun-olabilir-mi\/#breadcrumb"},"inLanguage":"uk","potentialAction":[{"@type":"ReadAction","target":["https:\/\/denizcankizil.tr\/uk\/hukukihaber\/tutukluluk-sureleri-bu-kadar-uzun-olabilir-mi\/"]}]},{"@type":"BreadcrumbList","@id":"https:\/\/denizcankizil.tr\/uk\/hukukihaber\/tutukluluk-sureleri-bu-kadar-uzun-olabilir-mi\/#breadcrumb","itemListElement":[{"@type":"ListItem","position":1,"name":"Home","item":"https:\/\/denizcankizil.tr\/de\/"},{"@type":"ListItem","position":2,"name":"Tutukluluk S\u00fcreleri Bu Kadar Uzun Olabilir mi?"}]},{"@type":"WebSite","@id":"https:\/\/denizcankizil.tr\/#website","url":"https:\/\/denizcankizil.tr\/","name":"Av. Deniz Can K\u0131z\u0131l","description":"Avukat Deniz Can K\u0131z\u0131l Antalya Barosu","publisher":{"@id":"https:\/\/denizcankizil.tr\/#organization"},"potentialAction":[{"@type":"SearchAction","target":{"@type":"EntryPoint","urlTemplate":"https:\/\/denizcankizil.tr\/?s={search_term_string}"},"query-input":{"@type":"PropertyValueSpecification","valueRequired":true,"valueName":"search_term_string"}}],"inLanguage":"uk"},{"@type":"Organization","@id":"https:\/\/denizcankizil.tr\/#organization","name":"Av. Deniz Can K\u0131z\u0131l","url":"https:\/\/denizcankizil.tr\/","logo":{"@type":"ImageObject","inLanguage":"uk","@id":"https:\/\/denizcankizil.tr\/#\/schema\/logo\/image\/","url":"https:\/\/denizcankizil.tr\/wp-content\/uploads\/2024\/10\/siyah-logo-svg.svg","contentUrl":"https:\/\/denizcankizil.tr\/wp-content\/uploads\/2024\/10\/siyah-logo-svg.svg","width":1080,"height":1080,"caption":"Av. Deniz Can K\u0131z\u0131l"},"image":{"@id":"https:\/\/denizcankizil.tr\/#\/schema\/logo\/image\/"}},{"@type":"Person","@id":"https:\/\/denizcankizil.tr\/#\/schema\/person\/001a271de994a0aa3f90eea084424822","name":"Hukuki Haber.net","image":{"@type":"ImageObject","inLanguage":"uk","@id":"https:\/\/denizcankizil.tr\/#\/schema\/person\/image\/","url":"https:\/\/secure.gravatar.com\/avatar\/57d8a49151495586611a149d29fc42865b951dc053a84709a3172ccb5abf3118?s=96&d=mm&r=g","contentUrl":"https:\/\/secure.gravatar.com\/avatar\/57d8a49151495586611a149d29fc42865b951dc053a84709a3172ccb5abf3118?s=96&d=mm&r=g","caption":"Hukuki Haber.net"},"sameAs":["http:\/\/www.hukukihaber.net"],"url":"https:\/\/www.hukukihaber.net\/tutukluluk-sureleri-bu-kadar-uzun-olabilir-mi-ibrahim-burak-sen"}]}},"_links":{"self":[{"href":"https:\/\/denizcankizil.tr\/uk\/wp-json\/wp\/v2\/posts\/67183","targetHints":{"allow":["GET"]}}],"collection":[{"href":"https:\/\/denizcankizil.tr\/uk\/wp-json\/wp\/v2\/posts"}],"about":[{"href":"https:\/\/denizcankizil.tr\/uk\/wp-json\/wp\/v2\/types\/post"}],"author":[{"embeddable":true,"href":"https:\/\/denizcankizil.tr\/uk\/wp-json\/wp\/v2\/users\/3"}],"replies":[{"embeddable":true,"href":"https:\/\/denizcankizil.tr\/uk\/wp-json\/wp\/v2\/comments?post=67183"}],"version-history":[{"count":0,"href":"https:\/\/denizcankizil.tr\/uk\/wp-json\/wp\/v2\/posts\/67183\/revisions"}],"wp:attachment":[{"href":"https:\/\/denizcankizil.tr\/uk\/wp-json\/wp\/v2\/media?parent=67183"}],"wp:term":[{"taxonomy":"category","embeddable":true,"href":"https:\/\/denizcankizil.tr\/uk\/wp-json\/wp\/v2\/categories?post=67183"},{"taxonomy":"post_tag","embeddable":true,"href":"https:\/\/denizcankizil.tr\/uk\/wp-json\/wp\/v2\/tags?post=67183"}],"curies":[{"name":"wp","href":"https:\/\/api.w.org\/{rel}","templated":true}]}}