{"id":65991,"date":"2025-04-25T13:41:26","date_gmt":"2025-04-25T10:41:26","guid":{"rendered":"https:\/\/denizcankizil.tr\/uncategorized-tr\/ucurtma-senligine-ruzgar-darbesi\/"},"modified":"2025-04-25T13:41:26","modified_gmt":"2025-04-25T10:41:26","slug":"ucurtma-senligine-ruzgar-darbesi","status":"publish","type":"post","link":"https:\/\/denizcankizil.tr\/uk\/haberler\/antalya\/ucurtma-senligine-ruzgar-darbesi\/","title":{"rendered":"U\u00e7urtma \u015fenli\u011fine r\u00fczgar darbesi"},"content":{"rendered":"<p>S\u0131k s\u0131k y\u00f6n de\u011fi\u015ftiren \u015fiddetli r\u00fczgar nedeniyle g\u00f6ky\u00fcz\u00fcnde renk c\u00fcmb\u00fc\u015f\u00fc olu\u015fturan u\u00e7urtmalar s\u0131k s\u0131k \u00e7evredeki direklere, sahan\u0131n yan\u0131nda bulunan muz seras\u0131n\u0131n \u00fczerine d\u00fc\u015ferken, \u00e7ok say\u0131da u\u00e7urtman\u0131n havada birbirine kar\u0131\u015ft\u0131ktan sonra yere d\u00fc\u015ft\u00fc\u011f\u00fc g\u00f6zlendi. \u00d6\u011frenciler ve \u00f6\u011fretmenleri birbirine kar\u0131\u015fan u\u00e7urtmalar\u0131 ay\u0131rabilmek i\u00e7in b\u00fcy\u00fck \u00e7aba harcad\u0131lar.<br \/>\n\u015eenli\u011fe \u00f6\u011fretmenleriyle birlikte yapt\u0131klar\u0131 2 dev u\u00e7urtma ile kat\u0131lan \u00c7eltik\u00e7i \u0130lkokulu \u00f6\u011frencileri, \u015fenli\u011fin en iyi ve en g\u00f6rkemli u\u00e7urtmas\u0131n\u0131n kendi u\u00e7urtmalar\u0131 oldu\u011funu dile getirdiler.<\/p>\n<p>Kaynak: www.kanalv.com.tr Haber Sitesinden Al\u0131nm\u0131\u015ft\u0131r.<\/p>","protected":false},"excerpt":{"rendered":"<p>S\u0131k s\u0131k y\u00f6n de\u011fi\u015ftiren \u015fiddetli r\u00fczgar nedeniyle g\u00f6ky\u00fcz\u00fcnde renk c\u00fcmb\u00fc\u015f\u00fc olu\u015fturan u\u00e7urtmalar s\u0131k s\u0131k \u00e7evredeki direklere, sahan\u0131n yan\u0131nda bulunan muz seras\u0131n\u0131n \u00fczerine d\u00fc\u015ferken, \u00e7ok say\u0131da u\u00e7urtman\u0131n havada birbirine kar\u0131\u015ft\u0131ktan sonra yere d\u00fc\u015ft\u00fc\u011f\u00fc g\u00f6zlendi. \u00d6\u011frenciler ve \u00f6\u011fretmenleri birbirine kar\u0131\u015fan u\u00e7urtmalar\u0131 ay\u0131rabilmek i\u00e7in b\u00fcy\u00fck \u00e7aba harcad\u0131lar. \u015eenli\u011fe \u00f6\u011fretmenleriyle birlikte yapt\u0131klar\u0131 2 dev u\u00e7urtma ile kat\u0131lan \u00c7eltik\u00e7i \u0130lkokulu \u00f6\u011frencileri, \u015fenli\u011fin en iyi ve en g\u00f6rkemli u\u00e7urtmas\u0131n\u0131n kendi u\u00e7urtmalar\u0131 oldu\u011funu dile getirdiler. Kaynak: www.kanalv.com.tr Haber Sitesinden Al\u0131nm\u0131\u015ft\u0131r.<\/p>","protected":false},"author":4,"featured_media":0,"comment_status":"","ping_status":"open","sticky":false,"template":"","format":"standard","meta":{"_acf_changed":false,"footnotes":""},"categories":[26],"tags":[],"class_list":["post-65991","post","type-post","status-publish","format-standard","hentry","category-antalya"],"acf":[],"yoast_head":"<!-- This site is optimized with the Yoast SEO Premium plugin v26.6 (Yoast SEO v27.1.1) - https:\/\/yoast.com\/product\/yoast-seo-premium-wordpress\/ -->\n<title>U\u00e7urtma \u015fenli\u011fine r\u00fczgar darbesi - Av. Deniz Can K\u0131z\u0131l<\/title>\n<meta name=\"robots\" content=\"index, follow, max-snippet:-1, max-image-preview:large, max-video-preview:-1\" \/>\n<link rel=\"canonical\" href=\"https:\/\/denizcankizil.tr\/uk\/haberler\/antalya\/ucurtma-senligine-ruzgar-darbesi\/\" \/>\n<meta property=\"og:locale\" content=\"uk_UA\" \/>\n<meta property=\"og:type\" content=\"article\" \/>\n<meta property=\"og:title\" content=\"U\u00e7urtma \u015fenli\u011fine r\u00fczgar darbesi\" \/>\n<meta property=\"og:description\" content=\"S\u0131k s\u0131k y\u00f6n de\u011fi\u015ftiren \u015fiddetli r\u00fczgar nedeniyle g\u00f6ky\u00fcz\u00fcnde renk c\u00fcmb\u00fc\u015f\u00fc olu\u015fturan u\u00e7urtmalar s\u0131k s\u0131k \u00e7evredeki direklere, sahan\u0131n yan\u0131nda bulunan muz seras\u0131n\u0131n \u00fczerine d\u00fc\u015ferken, \u00e7ok say\u0131da u\u00e7urtman\u0131n havada birbirine kar\u0131\u015ft\u0131ktan sonra yere d\u00fc\u015ft\u00fc\u011f\u00fc g\u00f6zlendi. \u00d6\u011frenciler ve \u00f6\u011fretmenleri birbirine kar\u0131\u015fan u\u00e7urtmalar\u0131 ay\u0131rabilmek i\u00e7in b\u00fcy\u00fck \u00e7aba harcad\u0131lar. \u015eenli\u011fe \u00f6\u011fretmenleriyle birlikte yapt\u0131klar\u0131 2 dev u\u00e7urtma ile kat\u0131lan \u00c7eltik\u00e7i \u0130lkokulu \u00f6\u011frencileri, \u015fenli\u011fin en iyi ve en g\u00f6rkemli u\u00e7urtmas\u0131n\u0131n kendi u\u00e7urtmalar\u0131 oldu\u011funu dile getirdiler. Kaynak: www.kanalv.com.tr Haber Sitesinden Al\u0131nm\u0131\u015ft\u0131r.\" \/>\n<meta property=\"og:url\" content=\"https:\/\/denizcankizil.tr\/uk\/haberler\/antalya\/ucurtma-senligine-ruzgar-darbesi\/\" \/>\n<meta property=\"og:site_name\" content=\"Av. Deniz Can K\u0131z\u0131l\" \/>\n<meta property=\"article:published_time\" content=\"2025-04-25T10:41:26+00:00\" \/>\n<meta name=\"author\" content=\"Av. Deniz Can K\u0131z\u0131l\" \/>\n<meta name=\"twitter:card\" content=\"summary_large_image\" \/>\n<meta name=\"twitter:label1\" content=\"\u041d\u0430\u043f\u0438\u0441\u0430\u043d\u043e\" \/>\n\t<meta name=\"twitter:data1\" content=\"Av. Deniz Can K\u0131z\u0131l\" \/>\n\t<meta name=\"twitter:label2\" content=\"\u041f\u0440\u0438\u0431\u043b. \u0447\u0430\u0441 \u0447\u0438\u0442\u0430\u043d\u043d\u044f\" \/>\n\t<meta name=\"twitter:data2\" content=\"1 \u0445\u0432\u0438\u043b\u0438\u043d\u0430\" \/>\n<script type=\"application\/ld+json\" class=\"yoast-schema-graph\">{\"@context\":\"https:\/\/schema.org\",\"@graph\":[{\"@type\":\"Article\",\"@id\":\"https:\/\/denizcankizil.tr\/uk\/haberler\/antalya\/ucurtma-senligine-ruzgar-darbesi\/#article\",\"isPartOf\":{\"@id\":\"https:\/\/denizcankizil.tr\/uk\/haberler\/antalya\/ucurtma-senligine-ruzgar-darbesi\/\"},\"author\":{\"name\":\"Av. Deniz Can K\u0131z\u0131l\",\"@id\":\"https:\/\/denizcankizil.tr\/#\/schema\/person\/5dc1b22991bd7ac833867c10afc9b0ff\"},\"headline\":\"U\u00e7urtma \u015fenli\u011fine r\u00fczgar darbesi\",\"datePublished\":\"2025-04-25T10:41:26+00:00\",\"mainEntityOfPage\":{\"@id\":\"https:\/\/denizcankizil.tr\/uk\/haberler\/antalya\/ucurtma-senligine-ruzgar-darbesi\/\"},\"wordCount\":130,\"publisher\":{\"@id\":\"https:\/\/denizcankizil.tr\/#organization\"},\"articleSection\":[\"Antalya\"],\"inLanguage\":\"uk\"},{\"@type\":\"WebPage\",\"@id\":\"https:\/\/denizcankizil.tr\/uk\/haberler\/antalya\/ucurtma-senligine-ruzgar-darbesi\/\",\"url\":\"https:\/\/denizcankizil.tr\/uk\/haberler\/antalya\/ucurtma-senligine-ruzgar-darbesi\/\",\"name\":\"U\u00e7urtma \u015fenli\u011fine r\u00fczgar darbesi - Av. Deniz Can K\u0131z\u0131l\",\"isPartOf\":{\"@id\":\"https:\/\/denizcankizil.tr\/#website\"},\"datePublished\":\"2025-04-25T10:41:26+00:00\",\"breadcrumb\":{\"@id\":\"https:\/\/denizcankizil.tr\/uk\/haberler\/antalya\/ucurtma-senligine-ruzgar-darbesi\/#breadcrumb\"},\"inLanguage\":\"uk\",\"potentialAction\":[{\"@type\":\"ReadAction\",\"target\":[\"https:\/\/denizcankizil.tr\/uk\/haberler\/antalya\/ucurtma-senligine-ruzgar-darbesi\/\"]}]},{\"@type\":\"BreadcrumbList\",\"@id\":\"https:\/\/denizcankizil.tr\/uk\/haberler\/antalya\/ucurtma-senligine-ruzgar-darbesi\/#breadcrumb\",\"itemListElement\":[{\"@type\":\"ListItem\",\"position\":1,\"name\":\"Home\",\"item\":\"https:\/\/denizcankizil.tr\/de\/\"},{\"@type\":\"ListItem\",\"position\":2,\"name\":\"U\u00e7urtma \u015fenli\u011fine r\u00fczgar darbesi\"}]},{\"@type\":\"WebSite\",\"@id\":\"https:\/\/denizcankizil.tr\/#website\",\"url\":\"https:\/\/denizcankizil.tr\/\",\"name\":\"Av. Deniz Can K\u0131z\u0131l\",\"description\":\"Avukat Deniz Can K\u0131z\u0131l Antalya Barosu\",\"publisher\":{\"@id\":\"https:\/\/denizcankizil.tr\/#organization\"},\"potentialAction\":[{\"@type\":\"SearchAction\",\"target\":{\"@type\":\"EntryPoint\",\"urlTemplate\":\"https:\/\/denizcankizil.tr\/?s={search_term_string}\"},\"query-input\":{\"@type\":\"PropertyValueSpecification\",\"valueRequired\":true,\"valueName\":\"search_term_string\"}}],\"inLanguage\":\"uk\"},{\"@type\":\"Organization\",\"@id\":\"https:\/\/denizcankizil.tr\/#organization\",\"name\":\"Av. Deniz Can K\u0131z\u0131l\",\"url\":\"https:\/\/denizcankizil.tr\/\",\"logo\":{\"@type\":\"ImageObject\",\"inLanguage\":\"uk\",\"@id\":\"https:\/\/denizcankizil.tr\/#\/schema\/logo\/image\/\",\"url\":\"https:\/\/denizcankizil.tr\/wp-content\/uploads\/2024\/10\/siyah-logo-svg.svg\",\"contentUrl\":\"https:\/\/denizcankizil.tr\/wp-content\/uploads\/2024\/10\/siyah-logo-svg.svg\",\"width\":1080,\"height\":1080,\"caption\":\"Av. Deniz Can K\u0131z\u0131l\"},\"image\":{\"@id\":\"https:\/\/denizcankizil.tr\/#\/schema\/logo\/image\/\"}},{\"@type\":\"Person\",\"@id\":\"https:\/\/denizcankizil.tr\/#\/schema\/person\/5dc1b22991bd7ac833867c10afc9b0ff\",\"name\":\"Av. Deniz Can K\u0131z\u0131l\",\"image\":{\"@type\":\"ImageObject\",\"inLanguage\":\"uk\",\"@id\":\"https:\/\/denizcankizil.tr\/#\/schema\/person\/image\/\",\"url\":\"https:\/\/secure.gravatar.com\/avatar\/a0b128fb9855c79efc976d5640eedb31dc35ec297594d6016d2cf7c60e975bb6?s=96&d=mm&r=g\",\"contentUrl\":\"https:\/\/secure.gravatar.com\/avatar\/a0b128fb9855c79efc976d5640eedb31dc35ec297594d6016d2cf7c60e975bb6?s=96&d=mm&r=g\",\"caption\":\"Av. Deniz Can K\u0131z\u0131l\"},\"sameAs\":[\"http:\/\/www.denizcankizil.tr\"],\"url\":\"https:\/\/denizcankizil.tr\/uk\/author\/denizcankizil\/\"}]}<\/script>\n<!-- \/ Yoast SEO Premium plugin. -->","yoast_head_json":{"title":"U\u00e7urtma \u015fenli\u011fine r\u00fczgar darbesi - Av. Deniz Can K\u0131z\u0131l","robots":{"index":"index","follow":"follow","max-snippet":"max-snippet:-1","max-image-preview":"max-image-preview:large","max-video-preview":"max-video-preview:-1"},"canonical":"https:\/\/denizcankizil.tr\/uk\/haberler\/antalya\/ucurtma-senligine-ruzgar-darbesi\/","og_locale":"uk_UA","og_type":"article","og_title":"U\u00e7urtma \u015fenli\u011fine r\u00fczgar darbesi","og_description":"S\u0131k s\u0131k y\u00f6n de\u011fi\u015ftiren \u015fiddetli r\u00fczgar nedeniyle g\u00f6ky\u00fcz\u00fcnde renk c\u00fcmb\u00fc\u015f\u00fc olu\u015fturan u\u00e7urtmalar s\u0131k s\u0131k \u00e7evredeki direklere, sahan\u0131n yan\u0131nda bulunan muz seras\u0131n\u0131n \u00fczerine d\u00fc\u015ferken, \u00e7ok say\u0131da u\u00e7urtman\u0131n havada birbirine kar\u0131\u015ft\u0131ktan sonra yere d\u00fc\u015ft\u00fc\u011f\u00fc g\u00f6zlendi. \u00d6\u011frenciler ve \u00f6\u011fretmenleri birbirine kar\u0131\u015fan u\u00e7urtmalar\u0131 ay\u0131rabilmek i\u00e7in b\u00fcy\u00fck \u00e7aba harcad\u0131lar. \u015eenli\u011fe \u00f6\u011fretmenleriyle birlikte yapt\u0131klar\u0131 2 dev u\u00e7urtma ile kat\u0131lan \u00c7eltik\u00e7i \u0130lkokulu \u00f6\u011frencileri, \u015fenli\u011fin en iyi ve en g\u00f6rkemli u\u00e7urtmas\u0131n\u0131n kendi u\u00e7urtmalar\u0131 oldu\u011funu dile getirdiler. Kaynak: www.kanalv.com.tr Haber Sitesinden Al\u0131nm\u0131\u015ft\u0131r.","og_url":"https:\/\/denizcankizil.tr\/uk\/haberler\/antalya\/ucurtma-senligine-ruzgar-darbesi\/","og_site_name":"Av. Deniz Can K\u0131z\u0131l","article_published_time":"2025-04-25T10:41:26+00:00","author":"Av. Deniz Can K\u0131z\u0131l","twitter_card":"summary_large_image","twitter_misc":{"\u041d\u0430\u043f\u0438\u0441\u0430\u043d\u043e":"Av. Deniz Can K\u0131z\u0131l","\u041f\u0440\u0438\u0431\u043b. \u0447\u0430\u0441 \u0447\u0438\u0442\u0430\u043d\u043d\u044f":"1 \u0445\u0432\u0438\u043b\u0438\u043d\u0430"},"schema":{"@context":"https:\/\/schema.org","@graph":[{"@type":"Article","@id":"https:\/\/denizcankizil.tr\/uk\/haberler\/antalya\/ucurtma-senligine-ruzgar-darbesi\/#article","isPartOf":{"@id":"https:\/\/denizcankizil.tr\/uk\/haberler\/antalya\/ucurtma-senligine-ruzgar-darbesi\/"},"author":{"name":"Av. Deniz Can K\u0131z\u0131l","@id":"https:\/\/denizcankizil.tr\/#\/schema\/person\/5dc1b22991bd7ac833867c10afc9b0ff"},"headline":"U\u00e7urtma \u015fenli\u011fine r\u00fczgar darbesi","datePublished":"2025-04-25T10:41:26+00:00","mainEntityOfPage":{"@id":"https:\/\/denizcankizil.tr\/uk\/haberler\/antalya\/ucurtma-senligine-ruzgar-darbesi\/"},"wordCount":130,"publisher":{"@id":"https:\/\/denizcankizil.tr\/#organization"},"articleSection":["Antalya"],"inLanguage":"uk"},{"@type":"WebPage","@id":"https:\/\/denizcankizil.tr\/uk\/haberler\/antalya\/ucurtma-senligine-ruzgar-darbesi\/","url":"https:\/\/denizcankizil.tr\/uk\/haberler\/antalya\/ucurtma-senligine-ruzgar-darbesi\/","name":"U\u00e7urtma \u015fenli\u011fine r\u00fczgar darbesi - Av. Deniz Can K\u0131z\u0131l","isPartOf":{"@id":"https:\/\/denizcankizil.tr\/#website"},"datePublished":"2025-04-25T10:41:26+00:00","breadcrumb":{"@id":"https:\/\/denizcankizil.tr\/uk\/haberler\/antalya\/ucurtma-senligine-ruzgar-darbesi\/#breadcrumb"},"inLanguage":"uk","potentialAction":[{"@type":"ReadAction","target":["https:\/\/denizcankizil.tr\/uk\/haberler\/antalya\/ucurtma-senligine-ruzgar-darbesi\/"]}]},{"@type":"BreadcrumbList","@id":"https:\/\/denizcankizil.tr\/uk\/haberler\/antalya\/ucurtma-senligine-ruzgar-darbesi\/#breadcrumb","itemListElement":[{"@type":"ListItem","position":1,"name":"Home","item":"https:\/\/denizcankizil.tr\/de\/"},{"@type":"ListItem","position":2,"name":"U\u00e7urtma \u015fenli\u011fine r\u00fczgar darbesi"}]},{"@type":"WebSite","@id":"https:\/\/denizcankizil.tr\/#website","url":"https:\/\/denizcankizil.tr\/","name":"Av. Deniz Can K\u0131z\u0131l","description":"Avukat Deniz Can K\u0131z\u0131l Antalya Barosu","publisher":{"@id":"https:\/\/denizcankizil.tr\/#organization"},"potentialAction":[{"@type":"SearchAction","target":{"@type":"EntryPoint","urlTemplate":"https:\/\/denizcankizil.tr\/?s={search_term_string}"},"query-input":{"@type":"PropertyValueSpecification","valueRequired":true,"valueName":"search_term_string"}}],"inLanguage":"uk"},{"@type":"Organization","@id":"https:\/\/denizcankizil.tr\/#organization","name":"Av. Deniz Can K\u0131z\u0131l","url":"https:\/\/denizcankizil.tr\/","logo":{"@type":"ImageObject","inLanguage":"uk","@id":"https:\/\/denizcankizil.tr\/#\/schema\/logo\/image\/","url":"https:\/\/denizcankizil.tr\/wp-content\/uploads\/2024\/10\/siyah-logo-svg.svg","contentUrl":"https:\/\/denizcankizil.tr\/wp-content\/uploads\/2024\/10\/siyah-logo-svg.svg","width":1080,"height":1080,"caption":"Av. Deniz Can K\u0131z\u0131l"},"image":{"@id":"https:\/\/denizcankizil.tr\/#\/schema\/logo\/image\/"}},{"@type":"Person","@id":"https:\/\/denizcankizil.tr\/#\/schema\/person\/5dc1b22991bd7ac833867c10afc9b0ff","name":"Av. Deniz Can K\u0131z\u0131l","image":{"@type":"ImageObject","inLanguage":"uk","@id":"https:\/\/denizcankizil.tr\/#\/schema\/person\/image\/","url":"https:\/\/secure.gravatar.com\/avatar\/a0b128fb9855c79efc976d5640eedb31dc35ec297594d6016d2cf7c60e975bb6?s=96&d=mm&r=g","contentUrl":"https:\/\/secure.gravatar.com\/avatar\/a0b128fb9855c79efc976d5640eedb31dc35ec297594d6016d2cf7c60e975bb6?s=96&d=mm&r=g","caption":"Av. Deniz Can K\u0131z\u0131l"},"sameAs":["http:\/\/www.denizcankizil.tr"],"url":"https:\/\/denizcankizil.tr\/uk\/author\/denizcankizil\/"}]}},"_links":{"self":[{"href":"https:\/\/denizcankizil.tr\/uk\/wp-json\/wp\/v2\/posts\/65991","targetHints":{"allow":["GET"]}}],"collection":[{"href":"https:\/\/denizcankizil.tr\/uk\/wp-json\/wp\/v2\/posts"}],"about":[{"href":"https:\/\/denizcankizil.tr\/uk\/wp-json\/wp\/v2\/types\/post"}],"author":[{"embeddable":true,"href":"https:\/\/denizcankizil.tr\/uk\/wp-json\/wp\/v2\/users\/4"}],"replies":[{"embeddable":true,"href":"https:\/\/denizcankizil.tr\/uk\/wp-json\/wp\/v2\/comments?post=65991"}],"version-history":[{"count":0,"href":"https:\/\/denizcankizil.tr\/uk\/wp-json\/wp\/v2\/posts\/65991\/revisions"}],"wp:attachment":[{"href":"https:\/\/denizcankizil.tr\/uk\/wp-json\/wp\/v2\/media?parent=65991"}],"wp:term":[{"taxonomy":"category","embeddable":true,"href":"https:\/\/denizcankizil.tr\/uk\/wp-json\/wp\/v2\/categories?post=65991"},{"taxonomy":"post_tag","embeddable":true,"href":"https:\/\/denizcankizil.tr\/uk\/wp-json\/wp\/v2\/tags?post=65991"}],"curies":[{"name":"wp","href":"https:\/\/api.w.org\/{rel}","templated":true}]}}