{"id":65990,"date":"2025-04-25T13:41:24","date_gmt":"2025-04-25T10:41:24","guid":{"rendered":"https:\/\/denizcankizil.tr\/uncategorized-tr\/manavgatta-festival-coskulu-basladi\/"},"modified":"2025-04-25T13:41:24","modified_gmt":"2025-04-25T10:41:24","slug":"manavgatta-festival-coskulu-basladi","status":"publish","type":"post","link":"https:\/\/denizcankizil.tr\/uk\/haberler\/antalya\/manavgatta-festival-coskulu-basladi\/","title":{"rendered":"Manavgat&#8217;ta festival co\u015fkulu ba\u015flad\u0131"},"content":{"rendered":"<p>26 Nisan Cumartesi ak\u015fam\u0131na kadar Girit&#8217;e \u00f6zg\u00fc yemeklerin tan\u0131t\u0131laca\u011f\u0131, m\u00fczik etkinlikleri ve halk danslar\u0131yla e\u015fsiz bir atmosfer ya\u015fatacak Uluslararas\u0131 Manavgat Girit&#8217;ten Side&#8217;ye K\u00fclt\u00fcr ve Lezzet Festivali, Side Antik Kenti&#8217;nde ger\u00e7ekle\u015ftirilen kortej y\u00fcr\u00fcy\u00fc\u015f\u00fc ve Apollon Tap\u0131na\u011f\u0131&#8217;ndaki a\u00e7\u0131l\u0131\u015f seremonisi ile ba\u015flad\u0131.<\/p>\n<p>Yabanc\u0131 turistler cep telefonlar\u0131yla g\u00f6r\u00fcnt\u00fc \u00e7ekmek i\u00e7in birbirleriyle yar\u0131\u015ft\u0131<br \/>\nKortej y\u00fcr\u00fcy\u00fc\u015f\u00fcnde festivalin ev sahibi Manavgat Belediye Ba\u015fkan\u0131 Op. Dr. Niyazi Nefi Kara, Girit Hanya Belediye Ba\u015fkan Yard\u0131mc\u0131s\u0131 Eleni Zervoudaki ve Hanya Belediyesi K\u00fclt\u00fcr Ba\u015fkan Yard\u0131mc\u0131s\u0131 Ioannis Giannakakis, Girit adas\u0131ndan ve T\u00fcrkiye&#8217;nin d\u00f6rt bir yan\u0131ndan gelen davetliler ile vatanda\u015flar kat\u0131ld\u0131. Yakla\u015f\u0131k bir kilometrelik kortej y\u00fcr\u00fcy\u00fc\u015f\u00fcne kat\u0131lanlar, bando tak\u0131m\u0131n\u0131n seslendirdi\u011fi \u015fark\u0131lara tempo tutarak ilerlerken Side Antik Kenti&#8217;ni gezmeye gelen turistler, co\u015fku dolu anlar\u0131 cep telefonlar\u0131yla g\u00f6r\u00fcnt\u00fcledi ve t\u00fcm d\u00fcnya ile payla\u015ft\u0131.<br \/>\nApollon Tap\u0131na\u011f\u0131&#8217;n\u0131n hemen yan\u0131nda kurulan sahnede Uluslararas\u0131 Manavgat Girit&#8217;ten Side&#8217;ye K\u00fclt\u00fcr ve Lezzet Festivali&#8217;nin resmi a\u00e7\u0131l\u0131\u015f seremonisi ger\u00e7ekle\u015ftirildi. T\u00fcrkiye Cumhuriyeti&#8217;nin Kurucusu Ulu \u00d6nder Atat\u00fcrk ve t\u00fcm \u015fehitler i\u00e7in sayg\u0131 duru\u015funda bulunulmas\u0131 ve \u0130stiklal Mar\u015f\u0131&#8217;n\u0131n okunmas\u0131n\u0131n ard\u0131ndan ilk konu\u015fmay\u0131 Manavgat Belediye Ba\u015fkan\u0131 Op. Dr. Niyazi Nefi Kara yapt\u0131.<\/p>\n<p>&#8220;Manavgat&#8217;\u0131 gastronomi turizminde de cazibe merkezi haline getirmeyi ama\u00e7l\u0131yoruz&#8221;<br \/>\nBa\u015fkan Kara, Manavgat&#8217;\u0131n sadece yaz destinasyonu de\u011fil, y\u0131l\u0131n her mevsimi ke\u015ffedilecek bir k\u00fclt\u00fcr ve do\u011fa hazinesi oldu\u011funu vurgulad\u0131. Manavgat&#8217;\u0131 gastronomi turizminde de cazibe merkezi haline getirmeyi ama\u00e7lad\u0131klar\u0131n\u0131 belirten Ba\u015fkan Kara, Uluslararas\u0131 Manavgat Girit&#8217;ten Side&#8217;ye K\u00fclt\u00fcr ve Lezzet Festivali&#8217;nin bu hedefe ula\u015f\u0131lmas\u0131nda b\u00fcy\u00fck \u00f6nem ta\u015f\u0131d\u0131\u011f\u0131n\u0131 dile getirdi. Ba\u015fkan Kara, &#8220;K\u00fclt\u00fcr, tarih ve gastronominin i\u00e7 i\u00e7e ge\u00e7ti\u011fi \u00e7ok \u00f6zel bir festivalin do\u011fu\u015funa hep birlikte tan\u0131kl\u0131k ediyoruz. Girit&#8217;in denizle yo\u011frulmu\u015f zarif k\u00fclt\u00fcr\u00fcn\u00fc, Side&#8217;nin mistik sokaklar\u0131yla bulu\u015fturuyoruz. Bu festival yaln\u0131zca e\u011flence de\u011fil, ayn\u0131 zamanda Manavgat&#8217;\u0131n k\u00fclt\u00fcrel vizyonunun g\u00fc\u00e7l\u00fc bir yans\u0131mas\u0131d\u0131r&#8221; dedi.<br \/>\nBa\u015fkan Kara, Girit&#8217;ten gelen sanat\u00e7\u0131lar, \u015fefler ve akademisyenler; dans g\u00f6sterileri, s\u00f6yle\u015filer ve lezzet sunumlar\u0131yla iki co\u011frafya aras\u0131ndaki tarih\u00ee ve k\u00fclt\u00fcrel ba\u011flar\u0131 \u00e7ok daha g\u00fc\u00e7lendirdiklerine dikkati \u00e7ekti. M\u00fcbadele \u00f6ncesi Girit&#8217;in Hanya \u015fehrinden g\u00f6\u00e7\u00fcp Side&#8217;ye yerle\u015fen hem\u015fehrilerinin Girit&#8217;in zengin mutfak k\u00fclt\u00fcr\u00fcn\u00fc ya\u015fatt\u0131\u011f\u0131n\u0131 vurgulayan Ba\u015fkan Kara, Manavgat Belediyesi ile Hanya Belediyesi&#8217;nin karde\u015f \u015fehir olaca\u011f\u0131n\u0131 da ilan etti. Ba\u015fkan Kara, festivalin ana sponsorlar\u0131 Barut Turizm Y\u00f6netim Kurulu Ba\u015fkan\u0131 Cengiz Haydar Barut ve Seher Hotelleri Y\u00f6netim Kurulu Ba\u015fkan\u0131 Ali G\u00fcne\u015f&#8217;e te\u015fekk\u00fcr etti.<\/p>\n<p>Hanya Belediyesi y\u00f6neticileri dostluk ve karde\u015flik duygular\u0131n\u0131 peki\u015ftiren mesajlar verdi<br \/>\nHanya Belediye Ba\u015fkan Yard\u0131mc\u0131s\u0131 Eleni Zervoudaki ve Hanya Belediyesi K\u00fclt\u00fcr Ba\u015fkan Yard\u0131mc\u0131s\u0131 Ioannis Giannakakis de konu\u015fmalar\u0131nda Girit ve Side halk\u0131n\u0131n k\u00fclt\u00fcr ve lezzet kayna\u015fmas\u0131n\u0131n \u00e7ok de\u011ferli oldu\u011funu, dostluk ve karde\u015flik duygular\u0131n\u0131n peki\u015fmesine b\u00fcy\u00fck katk\u0131lar sa\u011flayaca\u011f\u0131n\u0131 dile getiren mesajlar verdi. Hanya Belediyesi K\u00fclt\u00fcr Ba\u015fkan Yard\u0131mc\u0131s\u0131 Ioannis Giannakakis, konu\u015fmas\u0131n\u0131n ard\u0131ndan sahnedeki piyanoya ge\u00e7erek sevilen bir Girit \u015fark\u0131s\u0131n\u0131 seslendi.<\/p>\n<p>Apollon Tap\u0131na\u011f\u0131&#8217;n\u0131n sil\u00fcetinde Manavgat ve Giritli dans\u00e7\u0131lar g\u00f6steri sundu<br \/>\nA\u00e7\u0131l\u0131\u015f seremonisinde Apollon Tap\u0131na\u011f\u0131&#8217;n\u0131n s\u00fctunlar\u0131n\u0131n g\u00f6lgesinde Manavgat Belediyesi Folklor Ekibi ve Girit Halk Danslar\u0131 Toplulu\u011fu&#8217;nun g\u00f6sterilerini hem festival misafirleri hem de yabanc\u0131 turistler ilgiyle izledi. Usta m\u00fczisyenler Georgis Skounakis ve Emmanouil Ntaountakis&#8217;in seslendirdi\u011fi eserlerle oynayan Giritli dans\u00e7\u0131lar b\u00fcy\u00fck alk\u0131\u015f ald\u0131.<\/p>\n<p>Giritli dans\u00e7\u0131lar ve m\u00fczisyenler ya\u011fmura ald\u0131rmad\u0131lar, ne\u015feli \u015fark\u0131lar s\u00f6ylediler<br \/>\nCo\u015fkulu bir \u015fekilde devam eden a\u00e7\u0131l\u0131\u015f seremonisi aniden bast\u0131ran ya\u011fmur nedeniyle sonland\u0131r\u0131ld\u0131, ancak Giritli dans\u00e7\u0131lar ve m\u00fczisyenler, ya\u011fmura kar\u015f\u0131 korunakl\u0131 sahnede ne\u015feli \u015fark\u0131lar s\u00f6ylemeye ba\u015flad\u0131. Ya\u011f\u0131\u015fa ald\u0131rmayan turistler de Giritlilerin kutlamas\u0131na alk\u0131\u015flarla e\u015flik etti.<br \/>\nYa\u011fmura ra\u011fmen kutlamalar\u0131n devam etti\u011fi sahneye gelen Ba\u015fkan Kara, piyanonun ba\u015f\u0131na ge\u00e7en k\u0131z\u0131 \u0130pek Kara ve solist arkada\u015f\u0131 \u0130pek Dizdar&#8217;\u0131n seslendirdi\u011fi unutulmaz \u015fark\u0131lara davetlilerle birlikte alk\u0131\u015flarla tempo tuttu.<\/p>\n<p>Benzer bir festivalin Girit&#8217;te yap\u0131lmas\u0131na y\u00f6nelik g\u00f6r\u00fc\u015f birli\u011fine var\u0131ld\u0131<br \/>\nDaha sonra festival konuklar\u0131 i\u00e7in Manavgat Girit K\u00fclt\u00fcr Evi&#8217;nde resepsiyon verildi. Giritli g\u00f6\u00e7menlerin k\u00fclt\u00fcrel miras\u0131n\u0131 ya\u015fatmak ve tan\u0131tmak amac\u0131yla Manavgat Belediyesi taraf\u0131ndan Side&#8217;ye kazand\u0131r\u0131lan m\u00fczede Ba\u015fkan Kara, Hanya Belediyesi y\u00f6neticileri ve festivale ana sponsorluk deste\u011fi veren turizm duayenleri dostluk mesajlar\u0131 verdi. Bu bulu\u015fmada benzer bir festivalin Girit&#8217;te yap\u0131lmas\u0131na y\u00f6nelik g\u00f6r\u00fc\u015f birli\u011fine var\u0131ld\u0131. Ba\u015fkan Kara, konuk belediye y\u00f6neticileri ile festivalin ana sponsoru i\u015f insanlar\u0131na te\u015fekk\u00fcr plaketleri takdim etti.<br \/>\nFestivalin ak\u015fam program\u0131nda yer alan Sofia Vossou konseri elveri\u015fsiz hava \u015fartlar\u0131 nedeniyle iptal edildi.<\/p>\n<p>Kaynak: www.kanalv.com.tr Haber Sitesinden Al\u0131nm\u0131\u015ft\u0131r.<\/p>","protected":false},"excerpt":{"rendered":"<p>26 Nisan Cumartesi ak\u015fam\u0131na kadar Girit&#8217;e \u00f6zg\u00fc yemeklerin tan\u0131t\u0131laca\u011f\u0131, m\u00fczik etkinlikleri ve halk danslar\u0131yla e\u015fsiz bir atmosfer ya\u015fatacak Uluslararas\u0131 Manavgat Girit&#8217;ten Side&#8217;ye K\u00fclt\u00fcr ve Lezzet Festivali, Side Antik Kenti&#8217;nde ger\u00e7ekle\u015ftirilen kortej y\u00fcr\u00fcy\u00fc\u015f\u00fc ve Apollon Tap\u0131na\u011f\u0131&#8217;ndaki a\u00e7\u0131l\u0131\u015f seremonisi ile ba\u015flad\u0131. Yabanc\u0131 turistler cep telefonlar\u0131yla g\u00f6r\u00fcnt\u00fc \u00e7ekmek i\u00e7in birbirleriyle yar\u0131\u015ft\u0131 Kortej y\u00fcr\u00fcy\u00fc\u015f\u00fcnde festivalin ev sahibi Manavgat Belediye Ba\u015fkan\u0131 Op. Dr. Niyazi Nefi Kara, Girit Hanya Belediye Ba\u015fkan Yard\u0131mc\u0131s\u0131 Eleni Zervoudaki ve Hanya Belediyesi K\u00fclt\u00fcr Ba\u015fkan Yard\u0131mc\u0131s\u0131 Ioannis Giannakakis, Girit adas\u0131ndan ve T\u00fcrkiye&#8217;nin d\u00f6rt bir yan\u0131ndan gelen davetliler ile vatanda\u015flar kat\u0131ld\u0131. Yakla\u015f\u0131k bir kilometrelik kortej y\u00fcr\u00fcy\u00fc\u015f\u00fcne kat\u0131lanlar, bando tak\u0131m\u0131n\u0131n seslendirdi\u011fi \u015fark\u0131lara tempo tutarak ilerlerken Side Antik Kenti&#8217;ni gezmeye gelen turistler, co\u015fku dolu anlar\u0131 cep telefonlar\u0131yla g\u00f6r\u00fcnt\u00fcledi ve t\u00fcm d\u00fcnya ile payla\u015ft\u0131. Apollon Tap\u0131na\u011f\u0131&#8217;n\u0131n hemen yan\u0131nda kurulan sahnede Uluslararas\u0131 Manavgat Girit&#8217;ten Side&#8217;ye K\u00fclt\u00fcr ve Lezzet Festivali&#8217;nin resmi a\u00e7\u0131l\u0131\u015f seremonisi ger\u00e7ekle\u015ftirildi. T\u00fcrkiye Cumhuriyeti&#8217;nin Kurucusu Ulu \u00d6nder Atat\u00fcrk ve t\u00fcm \u015fehitler i\u00e7in sayg\u0131 duru\u015funda bulunulmas\u0131 ve \u0130stiklal Mar\u015f\u0131&#8217;n\u0131n okunmas\u0131n\u0131n ard\u0131ndan ilk konu\u015fmay\u0131 Manavgat Belediye Ba\u015fkan\u0131 Op. Dr. Niyazi Nefi Kara yapt\u0131. &#8220;Manavgat&#8217;\u0131 gastronomi turizminde de cazibe merkezi haline getirmeyi ama\u00e7l\u0131yoruz&#8221; Ba\u015fkan Kara, Manavgat&#8217;\u0131n sadece yaz destinasyonu de\u011fil, y\u0131l\u0131n her mevsimi ke\u015ffedilecek bir k\u00fclt\u00fcr ve do\u011fa hazinesi oldu\u011funu vurgulad\u0131. Manavgat&#8217;\u0131 gastronomi turizminde de cazibe merkezi haline getirmeyi &hellip;<\/p>","protected":false},"author":4,"featured_media":0,"comment_status":"","ping_status":"open","sticky":false,"template":"","format":"standard","meta":{"_acf_changed":false,"footnotes":""},"categories":[26],"tags":[],"class_list":["post-65990","post","type-post","status-publish","format-standard","hentry","category-antalya"],"acf":[],"yoast_head":"<!-- This site is optimized with the Yoast SEO Premium plugin v26.6 (Yoast SEO v27.1.1) - https:\/\/yoast.com\/product\/yoast-seo-premium-wordpress\/ -->\n<title>Manavgat&#039;ta festival co\u015fkulu ba\u015flad\u0131 - Av. Deniz Can K\u0131z\u0131l<\/title>\n<meta name=\"robots\" content=\"index, follow, max-snippet:-1, max-image-preview:large, max-video-preview:-1\" \/>\n<link rel=\"canonical\" href=\"https:\/\/denizcankizil.tr\/uk\/haberler\/antalya\/manavgatta-festival-coskulu-basladi\/\" \/>\n<meta property=\"og:locale\" content=\"uk_UA\" \/>\n<meta property=\"og:type\" content=\"article\" \/>\n<meta property=\"og:title\" content=\"Manavgat&#039;ta festival co\u015fkulu ba\u015flad\u0131\" \/>\n<meta property=\"og:description\" content=\"26 Nisan Cumartesi ak\u015fam\u0131na kadar Girit&#8217;e \u00f6zg\u00fc yemeklerin tan\u0131t\u0131laca\u011f\u0131, m\u00fczik etkinlikleri ve halk danslar\u0131yla e\u015fsiz bir atmosfer ya\u015fatacak Uluslararas\u0131 Manavgat Girit&#8217;ten Side&#8217;ye K\u00fclt\u00fcr ve Lezzet Festivali, Side Antik Kenti&#8217;nde ger\u00e7ekle\u015ftirilen kortej y\u00fcr\u00fcy\u00fc\u015f\u00fc ve Apollon Tap\u0131na\u011f\u0131&#8217;ndaki a\u00e7\u0131l\u0131\u015f seremonisi ile ba\u015flad\u0131. Yabanc\u0131 turistler cep telefonlar\u0131yla g\u00f6r\u00fcnt\u00fc \u00e7ekmek i\u00e7in birbirleriyle yar\u0131\u015ft\u0131 Kortej y\u00fcr\u00fcy\u00fc\u015f\u00fcnde festivalin ev sahibi Manavgat Belediye Ba\u015fkan\u0131 Op. Dr. Niyazi Nefi Kara, Girit Hanya Belediye Ba\u015fkan Yard\u0131mc\u0131s\u0131 Eleni Zervoudaki ve Hanya Belediyesi K\u00fclt\u00fcr Ba\u015fkan Yard\u0131mc\u0131s\u0131 Ioannis Giannakakis, Girit adas\u0131ndan ve T\u00fcrkiye&#8217;nin d\u00f6rt bir yan\u0131ndan gelen davetliler ile vatanda\u015flar kat\u0131ld\u0131. Yakla\u015f\u0131k bir kilometrelik kortej y\u00fcr\u00fcy\u00fc\u015f\u00fcne kat\u0131lanlar, bando tak\u0131m\u0131n\u0131n seslendirdi\u011fi \u015fark\u0131lara tempo tutarak ilerlerken Side Antik Kenti&#8217;ni gezmeye gelen turistler, co\u015fku dolu anlar\u0131 cep telefonlar\u0131yla g\u00f6r\u00fcnt\u00fcledi ve t\u00fcm d\u00fcnya ile payla\u015ft\u0131. Apollon Tap\u0131na\u011f\u0131&#8217;n\u0131n hemen yan\u0131nda kurulan sahnede Uluslararas\u0131 Manavgat Girit&#8217;ten Side&#8217;ye K\u00fclt\u00fcr ve Lezzet Festivali&#8217;nin resmi a\u00e7\u0131l\u0131\u015f seremonisi ger\u00e7ekle\u015ftirildi. T\u00fcrkiye Cumhuriyeti&#8217;nin Kurucusu Ulu \u00d6nder Atat\u00fcrk ve t\u00fcm \u015fehitler i\u00e7in sayg\u0131 duru\u015funda bulunulmas\u0131 ve \u0130stiklal Mar\u015f\u0131&#8217;n\u0131n okunmas\u0131n\u0131n ard\u0131ndan ilk konu\u015fmay\u0131 Manavgat Belediye Ba\u015fkan\u0131 Op. Dr. Niyazi Nefi Kara yapt\u0131. &#8220;Manavgat&#8217;\u0131 gastronomi turizminde de cazibe merkezi haline getirmeyi ama\u00e7l\u0131yoruz&#8221; Ba\u015fkan Kara, Manavgat&#8217;\u0131n sadece yaz destinasyonu de\u011fil, y\u0131l\u0131n her mevsimi ke\u015ffedilecek bir k\u00fclt\u00fcr ve do\u011fa hazinesi oldu\u011funu vurgulad\u0131. Manavgat&#8217;\u0131 gastronomi turizminde de cazibe merkezi haline getirmeyi &hellip;\" \/>\n<meta property=\"og:url\" content=\"https:\/\/denizcankizil.tr\/uk\/haberler\/antalya\/manavgatta-festival-coskulu-basladi\/\" \/>\n<meta property=\"og:site_name\" content=\"Av. Deniz Can K\u0131z\u0131l\" \/>\n<meta property=\"article:published_time\" content=\"2025-04-25T10:41:24+00:00\" \/>\n<meta name=\"author\" content=\"Av. Deniz Can K\u0131z\u0131l\" \/>\n<meta name=\"twitter:card\" content=\"summary_large_image\" \/>\n<meta name=\"twitter:label1\" content=\"\u041d\u0430\u043f\u0438\u0441\u0430\u043d\u043e\" \/>\n\t<meta name=\"twitter:data1\" content=\"Av. Deniz Can K\u0131z\u0131l\" \/>\n\t<meta name=\"twitter:label2\" content=\"\u041f\u0440\u0438\u0431\u043b. \u0447\u0430\u0441 \u0447\u0438\u0442\u0430\u043d\u043d\u044f\" \/>\n\t<meta name=\"twitter:data2\" content=\"5 \u0445\u0432\u0438\u043b\u0438\u043d\" \/>\n<script type=\"application\/ld+json\" class=\"yoast-schema-graph\">{\"@context\":\"https:\/\/schema.org\",\"@graph\":[{\"@type\":\"Article\",\"@id\":\"https:\/\/denizcankizil.tr\/uk\/haberler\/antalya\/manavgatta-festival-coskulu-basladi\/#article\",\"isPartOf\":{\"@id\":\"https:\/\/denizcankizil.tr\/uk\/haberler\/antalya\/manavgatta-festival-coskulu-basladi\/\"},\"author\":{\"name\":\"Av. Deniz Can K\u0131z\u0131l\",\"@id\":\"https:\/\/denizcankizil.tr\/de\/#\/schema\/person\/5dc1b22991bd7ac833867c10afc9b0ff\"},\"headline\":\"Manavgat&#8217;ta festival co\u015fkulu ba\u015flad\u0131\",\"datePublished\":\"2025-04-25T10:41:24+00:00\",\"mainEntityOfPage\":{\"@id\":\"https:\/\/denizcankizil.tr\/uk\/haberler\/antalya\/manavgatta-festival-coskulu-basladi\/\"},\"wordCount\":960,\"publisher\":{\"@id\":\"https:\/\/denizcankizil.tr\/de\/#organization\"},\"articleSection\":[\"Antalya\"],\"inLanguage\":\"uk\"},{\"@type\":\"WebPage\",\"@id\":\"https:\/\/denizcankizil.tr\/uk\/haberler\/antalya\/manavgatta-festival-coskulu-basladi\/\",\"url\":\"https:\/\/denizcankizil.tr\/uk\/haberler\/antalya\/manavgatta-festival-coskulu-basladi\/\",\"name\":\"Manavgat'ta festival co\u015fkulu ba\u015flad\u0131 - Av. Deniz Can K\u0131z\u0131l\",\"isPartOf\":{\"@id\":\"https:\/\/denizcankizil.tr\/de\/#website\"},\"datePublished\":\"2025-04-25T10:41:24+00:00\",\"breadcrumb\":{\"@id\":\"https:\/\/denizcankizil.tr\/uk\/haberler\/antalya\/manavgatta-festival-coskulu-basladi\/#breadcrumb\"},\"inLanguage\":\"uk\",\"potentialAction\":[{\"@type\":\"ReadAction\",\"target\":[\"https:\/\/denizcankizil.tr\/uk\/haberler\/antalya\/manavgatta-festival-coskulu-basladi\/\"]}]},{\"@type\":\"BreadcrumbList\",\"@id\":\"https:\/\/denizcankizil.tr\/uk\/haberler\/antalya\/manavgatta-festival-coskulu-basladi\/#breadcrumb\",\"itemListElement\":[{\"@type\":\"ListItem\",\"position\":1,\"name\":\"Home\",\"item\":\"https:\/\/denizcankizil.tr\/de\/\"},{\"@type\":\"ListItem\",\"position\":2,\"name\":\"Manavgat&#8217;ta festival co\u015fkulu ba\u015flad\u0131\"}]},{\"@type\":\"WebSite\",\"@id\":\"https:\/\/denizcankizil.tr\/de\/#website\",\"url\":\"https:\/\/denizcankizil.tr\/de\/\",\"name\":\"Av. Deniz Can K\u0131z\u0131l\",\"description\":\"Avukat Deniz Can K\u0131z\u0131l Antalya Barosu\",\"publisher\":{\"@id\":\"https:\/\/denizcankizil.tr\/de\/#organization\"},\"potentialAction\":[{\"@type\":\"SearchAction\",\"target\":{\"@type\":\"EntryPoint\",\"urlTemplate\":\"https:\/\/denizcankizil.tr\/de\/?s={search_term_string}\"},\"query-input\":{\"@type\":\"PropertyValueSpecification\",\"valueRequired\":true,\"valueName\":\"search_term_string\"}}],\"inLanguage\":\"uk\"},{\"@type\":\"Organization\",\"@id\":\"https:\/\/denizcankizil.tr\/de\/#organization\",\"name\":\"Av. Deniz Can K\u0131z\u0131l\",\"url\":\"https:\/\/denizcankizil.tr\/de\/\",\"logo\":{\"@type\":\"ImageObject\",\"inLanguage\":\"uk\",\"@id\":\"https:\/\/denizcankizil.tr\/de\/#\/schema\/logo\/image\/\",\"url\":\"https:\/\/denizcankizil.tr\/wp-content\/uploads\/2024\/10\/siyah-logo-svg.svg\",\"contentUrl\":\"https:\/\/denizcankizil.tr\/wp-content\/uploads\/2024\/10\/siyah-logo-svg.svg\",\"width\":1080,\"height\":1080,\"caption\":\"Av. Deniz Can K\u0131z\u0131l\"},\"image\":{\"@id\":\"https:\/\/denizcankizil.tr\/de\/#\/schema\/logo\/image\/\"}},{\"@type\":\"Person\",\"@id\":\"https:\/\/denizcankizil.tr\/de\/#\/schema\/person\/5dc1b22991bd7ac833867c10afc9b0ff\",\"name\":\"Av. Deniz Can K\u0131z\u0131l\",\"image\":{\"@type\":\"ImageObject\",\"inLanguage\":\"uk\",\"@id\":\"https:\/\/denizcankizil.tr\/de\/#\/schema\/person\/image\/\",\"url\":\"https:\/\/secure.gravatar.com\/avatar\/a0b128fb9855c79efc976d5640eedb31dc35ec297594d6016d2cf7c60e975bb6?s=96&d=mm&r=g\",\"contentUrl\":\"https:\/\/secure.gravatar.com\/avatar\/a0b128fb9855c79efc976d5640eedb31dc35ec297594d6016d2cf7c60e975bb6?s=96&d=mm&r=g\",\"caption\":\"Av. Deniz Can K\u0131z\u0131l\"},\"sameAs\":[\"http:\/\/www.denizcankizil.tr\"],\"url\":\"https:\/\/denizcankizil.tr\/uk\/author\/denizcankizil\/\"}]}<\/script>\n<!-- \/ Yoast SEO Premium plugin. -->","yoast_head_json":{"title":"Manavgat'ta festival co\u015fkulu ba\u015flad\u0131 - Av. Deniz Can K\u0131z\u0131l","robots":{"index":"index","follow":"follow","max-snippet":"max-snippet:-1","max-image-preview":"max-image-preview:large","max-video-preview":"max-video-preview:-1"},"canonical":"https:\/\/denizcankizil.tr\/uk\/haberler\/antalya\/manavgatta-festival-coskulu-basladi\/","og_locale":"uk_UA","og_type":"article","og_title":"Manavgat'ta festival co\u015fkulu ba\u015flad\u0131","og_description":"26 Nisan Cumartesi ak\u015fam\u0131na kadar Girit&#8217;e \u00f6zg\u00fc yemeklerin tan\u0131t\u0131laca\u011f\u0131, m\u00fczik etkinlikleri ve halk danslar\u0131yla e\u015fsiz bir atmosfer ya\u015fatacak Uluslararas\u0131 Manavgat Girit&#8217;ten Side&#8217;ye K\u00fclt\u00fcr ve Lezzet Festivali, Side Antik Kenti&#8217;nde ger\u00e7ekle\u015ftirilen kortej y\u00fcr\u00fcy\u00fc\u015f\u00fc ve Apollon Tap\u0131na\u011f\u0131&#8217;ndaki a\u00e7\u0131l\u0131\u015f seremonisi ile ba\u015flad\u0131. Yabanc\u0131 turistler cep telefonlar\u0131yla g\u00f6r\u00fcnt\u00fc \u00e7ekmek i\u00e7in birbirleriyle yar\u0131\u015ft\u0131 Kortej y\u00fcr\u00fcy\u00fc\u015f\u00fcnde festivalin ev sahibi Manavgat Belediye Ba\u015fkan\u0131 Op. Dr. Niyazi Nefi Kara, Girit Hanya Belediye Ba\u015fkan Yard\u0131mc\u0131s\u0131 Eleni Zervoudaki ve Hanya Belediyesi K\u00fclt\u00fcr Ba\u015fkan Yard\u0131mc\u0131s\u0131 Ioannis Giannakakis, Girit adas\u0131ndan ve T\u00fcrkiye&#8217;nin d\u00f6rt bir yan\u0131ndan gelen davetliler ile vatanda\u015flar kat\u0131ld\u0131. Yakla\u015f\u0131k bir kilometrelik kortej y\u00fcr\u00fcy\u00fc\u015f\u00fcne kat\u0131lanlar, bando tak\u0131m\u0131n\u0131n seslendirdi\u011fi \u015fark\u0131lara tempo tutarak ilerlerken Side Antik Kenti&#8217;ni gezmeye gelen turistler, co\u015fku dolu anlar\u0131 cep telefonlar\u0131yla g\u00f6r\u00fcnt\u00fcledi ve t\u00fcm d\u00fcnya ile payla\u015ft\u0131. Apollon Tap\u0131na\u011f\u0131&#8217;n\u0131n hemen yan\u0131nda kurulan sahnede Uluslararas\u0131 Manavgat Girit&#8217;ten Side&#8217;ye K\u00fclt\u00fcr ve Lezzet Festivali&#8217;nin resmi a\u00e7\u0131l\u0131\u015f seremonisi ger\u00e7ekle\u015ftirildi. T\u00fcrkiye Cumhuriyeti&#8217;nin Kurucusu Ulu \u00d6nder Atat\u00fcrk ve t\u00fcm \u015fehitler i\u00e7in sayg\u0131 duru\u015funda bulunulmas\u0131 ve \u0130stiklal Mar\u015f\u0131&#8217;n\u0131n okunmas\u0131n\u0131n ard\u0131ndan ilk konu\u015fmay\u0131 Manavgat Belediye Ba\u015fkan\u0131 Op. Dr. Niyazi Nefi Kara yapt\u0131. &#8220;Manavgat&#8217;\u0131 gastronomi turizminde de cazibe merkezi haline getirmeyi ama\u00e7l\u0131yoruz&#8221; Ba\u015fkan Kara, Manavgat&#8217;\u0131n sadece yaz destinasyonu de\u011fil, y\u0131l\u0131n her mevsimi ke\u015ffedilecek bir k\u00fclt\u00fcr ve do\u011fa hazinesi oldu\u011funu vurgulad\u0131. Manavgat&#8217;\u0131 gastronomi turizminde de cazibe merkezi haline getirmeyi &hellip;","og_url":"https:\/\/denizcankizil.tr\/uk\/haberler\/antalya\/manavgatta-festival-coskulu-basladi\/","og_site_name":"Av. Deniz Can K\u0131z\u0131l","article_published_time":"2025-04-25T10:41:24+00:00","author":"Av. Deniz Can K\u0131z\u0131l","twitter_card":"summary_large_image","twitter_misc":{"\u041d\u0430\u043f\u0438\u0441\u0430\u043d\u043e":"Av. Deniz Can K\u0131z\u0131l","\u041f\u0440\u0438\u0431\u043b. \u0447\u0430\u0441 \u0447\u0438\u0442\u0430\u043d\u043d\u044f":"5 \u0445\u0432\u0438\u043b\u0438\u043d"},"schema":{"@context":"https:\/\/schema.org","@graph":[{"@type":"Article","@id":"https:\/\/denizcankizil.tr\/uk\/haberler\/antalya\/manavgatta-festival-coskulu-basladi\/#article","isPartOf":{"@id":"https:\/\/denizcankizil.tr\/uk\/haberler\/antalya\/manavgatta-festival-coskulu-basladi\/"},"author":{"name":"Av. Deniz Can K\u0131z\u0131l","@id":"https:\/\/denizcankizil.tr\/de\/#\/schema\/person\/5dc1b22991bd7ac833867c10afc9b0ff"},"headline":"Manavgat&#8217;ta festival co\u015fkulu ba\u015flad\u0131","datePublished":"2025-04-25T10:41:24+00:00","mainEntityOfPage":{"@id":"https:\/\/denizcankizil.tr\/uk\/haberler\/antalya\/manavgatta-festival-coskulu-basladi\/"},"wordCount":960,"publisher":{"@id":"https:\/\/denizcankizil.tr\/de\/#organization"},"articleSection":["Antalya"],"inLanguage":"uk"},{"@type":"WebPage","@id":"https:\/\/denizcankizil.tr\/uk\/haberler\/antalya\/manavgatta-festival-coskulu-basladi\/","url":"https:\/\/denizcankizil.tr\/uk\/haberler\/antalya\/manavgatta-festival-coskulu-basladi\/","name":"Manavgat'ta festival co\u015fkulu ba\u015flad\u0131 - Av. Deniz Can K\u0131z\u0131l","isPartOf":{"@id":"https:\/\/denizcankizil.tr\/de\/#website"},"datePublished":"2025-04-25T10:41:24+00:00","breadcrumb":{"@id":"https:\/\/denizcankizil.tr\/uk\/haberler\/antalya\/manavgatta-festival-coskulu-basladi\/#breadcrumb"},"inLanguage":"uk","potentialAction":[{"@type":"ReadAction","target":["https:\/\/denizcankizil.tr\/uk\/haberler\/antalya\/manavgatta-festival-coskulu-basladi\/"]}]},{"@type":"BreadcrumbList","@id":"https:\/\/denizcankizil.tr\/uk\/haberler\/antalya\/manavgatta-festival-coskulu-basladi\/#breadcrumb","itemListElement":[{"@type":"ListItem","position":1,"name":"Home","item":"https:\/\/denizcankizil.tr\/de\/"},{"@type":"ListItem","position":2,"name":"Manavgat&#8217;ta festival co\u015fkulu ba\u015flad\u0131"}]},{"@type":"WebSite","@id":"https:\/\/denizcankizil.tr\/de\/#website","url":"https:\/\/denizcankizil.tr\/de\/","name":"Av. Deniz Can K\u0131z\u0131l","description":"Avukat Deniz Can K\u0131z\u0131l Antalya Barosu","publisher":{"@id":"https:\/\/denizcankizil.tr\/de\/#organization"},"potentialAction":[{"@type":"SearchAction","target":{"@type":"EntryPoint","urlTemplate":"https:\/\/denizcankizil.tr\/de\/?s={search_term_string}"},"query-input":{"@type":"PropertyValueSpecification","valueRequired":true,"valueName":"search_term_string"}}],"inLanguage":"uk"},{"@type":"Organization","@id":"https:\/\/denizcankizil.tr\/de\/#organization","name":"Av. Deniz Can K\u0131z\u0131l","url":"https:\/\/denizcankizil.tr\/de\/","logo":{"@type":"ImageObject","inLanguage":"uk","@id":"https:\/\/denizcankizil.tr\/de\/#\/schema\/logo\/image\/","url":"https:\/\/denizcankizil.tr\/wp-content\/uploads\/2024\/10\/siyah-logo-svg.svg","contentUrl":"https:\/\/denizcankizil.tr\/wp-content\/uploads\/2024\/10\/siyah-logo-svg.svg","width":1080,"height":1080,"caption":"Av. Deniz Can K\u0131z\u0131l"},"image":{"@id":"https:\/\/denizcankizil.tr\/de\/#\/schema\/logo\/image\/"}},{"@type":"Person","@id":"https:\/\/denizcankizil.tr\/de\/#\/schema\/person\/5dc1b22991bd7ac833867c10afc9b0ff","name":"Av. Deniz Can K\u0131z\u0131l","image":{"@type":"ImageObject","inLanguage":"uk","@id":"https:\/\/denizcankizil.tr\/de\/#\/schema\/person\/image\/","url":"https:\/\/secure.gravatar.com\/avatar\/a0b128fb9855c79efc976d5640eedb31dc35ec297594d6016d2cf7c60e975bb6?s=96&d=mm&r=g","contentUrl":"https:\/\/secure.gravatar.com\/avatar\/a0b128fb9855c79efc976d5640eedb31dc35ec297594d6016d2cf7c60e975bb6?s=96&d=mm&r=g","caption":"Av. Deniz Can K\u0131z\u0131l"},"sameAs":["http:\/\/www.denizcankizil.tr"],"url":"https:\/\/denizcankizil.tr\/uk\/author\/denizcankizil\/"}]}},"_links":{"self":[{"href":"https:\/\/denizcankizil.tr\/uk\/wp-json\/wp\/v2\/posts\/65990","targetHints":{"allow":["GET"]}}],"collection":[{"href":"https:\/\/denizcankizil.tr\/uk\/wp-json\/wp\/v2\/posts"}],"about":[{"href":"https:\/\/denizcankizil.tr\/uk\/wp-json\/wp\/v2\/types\/post"}],"author":[{"embeddable":true,"href":"https:\/\/denizcankizil.tr\/uk\/wp-json\/wp\/v2\/users\/4"}],"replies":[{"embeddable":true,"href":"https:\/\/denizcankizil.tr\/uk\/wp-json\/wp\/v2\/comments?post=65990"}],"version-history":[{"count":0,"href":"https:\/\/denizcankizil.tr\/uk\/wp-json\/wp\/v2\/posts\/65990\/revisions"}],"wp:attachment":[{"href":"https:\/\/denizcankizil.tr\/uk\/wp-json\/wp\/v2\/media?parent=65990"}],"wp:term":[{"taxonomy":"category","embeddable":true,"href":"https:\/\/denizcankizil.tr\/uk\/wp-json\/wp\/v2\/categories?post=65990"},{"taxonomy":"post_tag","embeddable":true,"href":"https:\/\/denizcankizil.tr\/uk\/wp-json\/wp\/v2\/tags?post=65990"}],"curies":[{"name":"wp","href":"https:\/\/api.w.org\/{rel}","templated":true}]}}