{"id":6546,"date":"2024-10-22T11:46:10","date_gmt":"2024-10-22T08:46:10","guid":{"rendered":"https:\/\/denizcankizil.tr\/uncategorized-tr\/12-corlu-kitap-ve-kirtasiye-fuari-acildi\/"},"modified":"2024-10-22T11:46:10","modified_gmt":"2024-10-22T08:46:10","slug":"12-corlu-kitap-ve-kirtasiye-fuari-acildi","status":"publish","type":"post","link":"https:\/\/denizcankizil.tr\/uk\/haberler\/gundem\/12-corlu-kitap-ve-kirtasiye-fuari-acildi\/","title":{"rendered":"12. \u00c7orlu Kitap ve K\u0131rtasiye Fuar\u0131 A\u00e7\u0131ld\u0131"},"content":{"rendered":"<p>Geleneksel h\u00e2le gelen \u00c7orlu Kitap ve K\u0131rtasiye Fuar\u0131 12. kez kap\u0131lar\u0131n\u0131 a\u00e7t\u0131. \u00dcnal Baysan K\u00fclt\u00fcr Merkezi\u2019nde a\u00e7\u0131lan fuar, 27 Ekim g\u00fcn\u00fc sona erecek.<\/p>\n<p>\u200bGeleneksel h\u00e2le gelen \u00c7orlu Kitap ve K\u0131rtasiye Fuar\u0131 12. kez kap\u0131lar\u0131n\u0131 a\u00e7t\u0131. \u00dcnal Baysan K\u00fclt\u00fcr Merkezi\u2019nde a\u00e7\u0131lan fuar, 27 Ekim g\u00fcn\u00fc sona erecek.\u00a0<\/p>\n<p>\u200bHaberin Al\u0131nt\u0131land\u0131\u011f\u0131 Kaynak: www.iskenderun.org<\/p>","protected":false},"excerpt":{"rendered":"<p>Geleneksel h\u00e2le gelen \u00c7orlu Kitap ve K\u0131rtasiye Fuar\u0131 12. kez kap\u0131lar\u0131n\u0131 a\u00e7t\u0131. \u00dcnal Baysan K\u00fclt\u00fcr Merkezi\u2019nde a\u00e7\u0131lan fuar, 27 Ekim g\u00fcn\u00fc sona erecek. \u200bGeleneksel h\u00e2le gelen \u00c7orlu Kitap ve K\u0131rtasiye Fuar\u0131 12. kez kap\u0131lar\u0131n\u0131 a\u00e7t\u0131. \u00dcnal Baysan K\u00fclt\u00fcr Merkezi\u2019nde a\u00e7\u0131lan fuar, 27 Ekim g\u00fcn\u00fc sona erecek.\u00a0 \u200bHaberin Al\u0131nt\u0131land\u0131\u011f\u0131 Kaynak: www.iskenderun.org<\/p>","protected":false},"author":0,"featured_media":0,"comment_status":"open","ping_status":"open","sticky":false,"template":"","format":"standard","meta":{"_acf_changed":false,"footnotes":""},"categories":[24,535],"tags":[],"class_list":["post-6546","post","type-post","status-publish","format-standard","has-post-thumbnail","hentry","category-gundem","category-uncategorized-tr"],"acf":[],"yoast_head":"<!-- This site is optimized with the Yoast SEO Premium plugin v26.6 (Yoast SEO v27.1.1) - https:\/\/yoast.com\/product\/yoast-seo-premium-wordpress\/ -->\n<title>12. \u00c7orlu Kitap ve K\u0131rtasiye Fuar\u0131 A\u00e7\u0131ld\u0131 - Av. Deniz Can K\u0131z\u0131l<\/title>\n<meta name=\"robots\" content=\"index, follow, max-snippet:-1, max-image-preview:large, max-video-preview:-1\" \/>\n<link rel=\"canonical\" href=\"https:\/\/denizcankizil.tr\/uk\/haberler\/gundem\/12-corlu-kitap-ve-kirtasiye-fuari-acildi\/\" \/>\n<meta property=\"og:locale\" content=\"uk_UA\" \/>\n<meta property=\"og:type\" content=\"article\" \/>\n<meta property=\"og:title\" content=\"12. \u00c7orlu Kitap ve K\u0131rtasiye Fuar\u0131 A\u00e7\u0131ld\u0131\" \/>\n<meta property=\"og:description\" content=\"Geleneksel h\u00e2le gelen \u00c7orlu Kitap ve K\u0131rtasiye Fuar\u0131 12. kez kap\u0131lar\u0131n\u0131 a\u00e7t\u0131. \u00dcnal Baysan K\u00fclt\u00fcr Merkezi\u2019nde a\u00e7\u0131lan fuar, 27 Ekim g\u00fcn\u00fc sona erecek. \u200bGeleneksel h\u00e2le gelen \u00c7orlu Kitap ve K\u0131rtasiye Fuar\u0131 12. kez kap\u0131lar\u0131n\u0131 a\u00e7t\u0131. \u00dcnal Baysan K\u00fclt\u00fcr Merkezi\u2019nde a\u00e7\u0131lan fuar, 27 Ekim g\u00fcn\u00fc sona erecek.\u00a0 \u200bHaberin Al\u0131nt\u0131land\u0131\u011f\u0131 Kaynak: www.iskenderun.org\" \/>\n<meta property=\"og:url\" content=\"https:\/\/denizcankizil.tr\/uk\/haberler\/gundem\/12-corlu-kitap-ve-kirtasiye-fuari-acildi\/\" \/>\n<meta property=\"og:site_name\" content=\"Av. Deniz Can K\u0131z\u0131l\" \/>\n<meta property=\"article:published_time\" content=\"2024-10-22T08:46:10+00:00\" \/>\n<meta name=\"twitter:card\" content=\"summary_large_image\" \/>\n<script type=\"application\/ld+json\" class=\"yoast-schema-graph\">{\"@context\":\"https:\/\/schema.org\",\"@graph\":[{\"@type\":\"Article\",\"@id\":\"https:\/\/denizcankizil.tr\/uk\/haberler\/gundem\/12-corlu-kitap-ve-kirtasiye-fuari-acildi\/#article\",\"isPartOf\":{\"@id\":\"https:\/\/denizcankizil.tr\/uk\/haberler\/gundem\/12-corlu-kitap-ve-kirtasiye-fuari-acildi\/\"},\"author\":{\"name\":\"\",\"@id\":\"\"},\"headline\":\"12. \u00c7orlu Kitap ve K\u0131rtasiye Fuar\u0131 A\u00e7\u0131ld\u0131\",\"datePublished\":\"2024-10-22T08:46:10+00:00\",\"mainEntityOfPage\":{\"@id\":\"https:\/\/denizcankizil.tr\/uk\/haberler\/gundem\/12-corlu-kitap-ve-kirtasiye-fuari-acildi\/\"},\"wordCount\":78,\"commentCount\":0,\"publisher\":{\"@id\":\"https:\/\/denizcankizil.tr\/#organization\"},\"articleSection\":[\"G\u00fcndem\",\"Uncategorized\"],\"inLanguage\":\"uk\",\"potentialAction\":[{\"@type\":\"CommentAction\",\"name\":\"Comment\",\"target\":[\"https:\/\/denizcankizil.tr\/uk\/haberler\/gundem\/12-corlu-kitap-ve-kirtasiye-fuari-acildi\/#respond\"]}]},{\"@type\":\"WebPage\",\"@id\":\"https:\/\/denizcankizil.tr\/uk\/haberler\/gundem\/12-corlu-kitap-ve-kirtasiye-fuari-acildi\/\",\"url\":\"https:\/\/denizcankizil.tr\/uk\/haberler\/gundem\/12-corlu-kitap-ve-kirtasiye-fuari-acildi\/\",\"name\":\"12. \u00c7orlu Kitap ve K\u0131rtasiye Fuar\u0131 A\u00e7\u0131ld\u0131 - Av. Deniz Can K\u0131z\u0131l\",\"isPartOf\":{\"@id\":\"https:\/\/denizcankizil.tr\/#website\"},\"datePublished\":\"2024-10-22T08:46:10+00:00\",\"breadcrumb\":{\"@id\":\"https:\/\/denizcankizil.tr\/uk\/haberler\/gundem\/12-corlu-kitap-ve-kirtasiye-fuari-acildi\/#breadcrumb\"},\"inLanguage\":\"uk\",\"potentialAction\":[{\"@type\":\"ReadAction\",\"target\":[\"https:\/\/denizcankizil.tr\/uk\/haberler\/gundem\/12-corlu-kitap-ve-kirtasiye-fuari-acildi\/\"]}]},{\"@type\":\"BreadcrumbList\",\"@id\":\"https:\/\/denizcankizil.tr\/uk\/haberler\/gundem\/12-corlu-kitap-ve-kirtasiye-fuari-acildi\/#breadcrumb\",\"itemListElement\":[{\"@type\":\"ListItem\",\"position\":1,\"name\":\"Home\",\"item\":\"https:\/\/denizcankizil.tr\/uk\/\"},{\"@type\":\"ListItem\",\"position\":2,\"name\":\"12. \u00c7orlu Kitap ve K\u0131rtasiye Fuar\u0131 A\u00e7\u0131ld\u0131\"}]},{\"@type\":\"WebSite\",\"@id\":\"https:\/\/denizcankizil.tr\/#website\",\"url\":\"https:\/\/denizcankizil.tr\/\",\"name\":\"Av. Deniz Can K\u0131z\u0131l\",\"description\":\"Avukat Deniz Can K\u0131z\u0131l Antalya Barosu\",\"publisher\":{\"@id\":\"https:\/\/denizcankizil.tr\/#organization\"},\"potentialAction\":[{\"@type\":\"SearchAction\",\"target\":{\"@type\":\"EntryPoint\",\"urlTemplate\":\"https:\/\/denizcankizil.tr\/?s={search_term_string}\"},\"query-input\":{\"@type\":\"PropertyValueSpecification\",\"valueRequired\":true,\"valueName\":\"search_term_string\"}}],\"inLanguage\":\"uk\"},{\"@type\":\"Organization\",\"@id\":\"https:\/\/denizcankizil.tr\/#organization\",\"name\":\"Av. Deniz Can K\u0131z\u0131l\",\"url\":\"https:\/\/denizcankizil.tr\/\",\"logo\":{\"@type\":\"ImageObject\",\"inLanguage\":\"uk\",\"@id\":\"https:\/\/denizcankizil.tr\/#\/schema\/logo\/image\/\",\"url\":\"https:\/\/denizcankizil.tr\/wp-content\/uploads\/2024\/10\/siyah-logo-svg.svg\",\"contentUrl\":\"https:\/\/denizcankizil.tr\/wp-content\/uploads\/2024\/10\/siyah-logo-svg.svg\",\"width\":1080,\"height\":1080,\"caption\":\"Av. Deniz Can K\u0131z\u0131l\"},\"image\":{\"@id\":\"https:\/\/denizcankizil.tr\/#\/schema\/logo\/image\/\"}}]}<\/script>\n<!-- \/ Yoast SEO Premium plugin. -->","yoast_head_json":{"title":"12. \u00c7orlu Kitap ve K\u0131rtasiye Fuar\u0131 A\u00e7\u0131ld\u0131 - Av. Deniz Can K\u0131z\u0131l","robots":{"index":"index","follow":"follow","max-snippet":"max-snippet:-1","max-image-preview":"max-image-preview:large","max-video-preview":"max-video-preview:-1"},"canonical":"https:\/\/denizcankizil.tr\/uk\/haberler\/gundem\/12-corlu-kitap-ve-kirtasiye-fuari-acildi\/","og_locale":"uk_UA","og_type":"article","og_title":"12. \u00c7orlu Kitap ve K\u0131rtasiye Fuar\u0131 A\u00e7\u0131ld\u0131","og_description":"Geleneksel h\u00e2le gelen \u00c7orlu Kitap ve K\u0131rtasiye Fuar\u0131 12. kez kap\u0131lar\u0131n\u0131 a\u00e7t\u0131. \u00dcnal Baysan K\u00fclt\u00fcr Merkezi\u2019nde a\u00e7\u0131lan fuar, 27 Ekim g\u00fcn\u00fc sona erecek. \u200bGeleneksel h\u00e2le gelen \u00c7orlu Kitap ve K\u0131rtasiye Fuar\u0131 12. kez kap\u0131lar\u0131n\u0131 a\u00e7t\u0131. \u00dcnal Baysan K\u00fclt\u00fcr Merkezi\u2019nde a\u00e7\u0131lan fuar, 27 Ekim g\u00fcn\u00fc sona erecek.\u00a0 \u200bHaberin Al\u0131nt\u0131land\u0131\u011f\u0131 Kaynak: www.iskenderun.org","og_url":"https:\/\/denizcankizil.tr\/uk\/haberler\/gundem\/12-corlu-kitap-ve-kirtasiye-fuari-acildi\/","og_site_name":"Av. Deniz Can K\u0131z\u0131l","article_published_time":"2024-10-22T08:46:10+00:00","twitter_card":"summary_large_image","schema":{"@context":"https:\/\/schema.org","@graph":[{"@type":"Article","@id":"https:\/\/denizcankizil.tr\/uk\/haberler\/gundem\/12-corlu-kitap-ve-kirtasiye-fuari-acildi\/#article","isPartOf":{"@id":"https:\/\/denizcankizil.tr\/uk\/haberler\/gundem\/12-corlu-kitap-ve-kirtasiye-fuari-acildi\/"},"author":{"name":"","@id":""},"headline":"12. \u00c7orlu Kitap ve K\u0131rtasiye Fuar\u0131 A\u00e7\u0131ld\u0131","datePublished":"2024-10-22T08:46:10+00:00","mainEntityOfPage":{"@id":"https:\/\/denizcankizil.tr\/uk\/haberler\/gundem\/12-corlu-kitap-ve-kirtasiye-fuari-acildi\/"},"wordCount":78,"commentCount":0,"publisher":{"@id":"https:\/\/denizcankizil.tr\/#organization"},"articleSection":["G\u00fcndem","Uncategorized"],"inLanguage":"uk","potentialAction":[{"@type":"CommentAction","name":"Comment","target":["https:\/\/denizcankizil.tr\/uk\/haberler\/gundem\/12-corlu-kitap-ve-kirtasiye-fuari-acildi\/#respond"]}]},{"@type":"WebPage","@id":"https:\/\/denizcankizil.tr\/uk\/haberler\/gundem\/12-corlu-kitap-ve-kirtasiye-fuari-acildi\/","url":"https:\/\/denizcankizil.tr\/uk\/haberler\/gundem\/12-corlu-kitap-ve-kirtasiye-fuari-acildi\/","name":"12. \u00c7orlu Kitap ve K\u0131rtasiye Fuar\u0131 A\u00e7\u0131ld\u0131 - Av. Deniz Can K\u0131z\u0131l","isPartOf":{"@id":"https:\/\/denizcankizil.tr\/#website"},"datePublished":"2024-10-22T08:46:10+00:00","breadcrumb":{"@id":"https:\/\/denizcankizil.tr\/uk\/haberler\/gundem\/12-corlu-kitap-ve-kirtasiye-fuari-acildi\/#breadcrumb"},"inLanguage":"uk","potentialAction":[{"@type":"ReadAction","target":["https:\/\/denizcankizil.tr\/uk\/haberler\/gundem\/12-corlu-kitap-ve-kirtasiye-fuari-acildi\/"]}]},{"@type":"BreadcrumbList","@id":"https:\/\/denizcankizil.tr\/uk\/haberler\/gundem\/12-corlu-kitap-ve-kirtasiye-fuari-acildi\/#breadcrumb","itemListElement":[{"@type":"ListItem","position":1,"name":"Home","item":"https:\/\/denizcankizil.tr\/uk\/"},{"@type":"ListItem","position":2,"name":"12. \u00c7orlu Kitap ve K\u0131rtasiye Fuar\u0131 A\u00e7\u0131ld\u0131"}]},{"@type":"WebSite","@id":"https:\/\/denizcankizil.tr\/#website","url":"https:\/\/denizcankizil.tr\/","name":"Av. Deniz Can K\u0131z\u0131l","description":"Avukat Deniz Can K\u0131z\u0131l Antalya Barosu","publisher":{"@id":"https:\/\/denizcankizil.tr\/#organization"},"potentialAction":[{"@type":"SearchAction","target":{"@type":"EntryPoint","urlTemplate":"https:\/\/denizcankizil.tr\/?s={search_term_string}"},"query-input":{"@type":"PropertyValueSpecification","valueRequired":true,"valueName":"search_term_string"}}],"inLanguage":"uk"},{"@type":"Organization","@id":"https:\/\/denizcankizil.tr\/#organization","name":"Av. Deniz Can K\u0131z\u0131l","url":"https:\/\/denizcankizil.tr\/","logo":{"@type":"ImageObject","inLanguage":"uk","@id":"https:\/\/denizcankizil.tr\/#\/schema\/logo\/image\/","url":"https:\/\/denizcankizil.tr\/wp-content\/uploads\/2024\/10\/siyah-logo-svg.svg","contentUrl":"https:\/\/denizcankizil.tr\/wp-content\/uploads\/2024\/10\/siyah-logo-svg.svg","width":1080,"height":1080,"caption":"Av. Deniz Can K\u0131z\u0131l"},"image":{"@id":"https:\/\/denizcankizil.tr\/#\/schema\/logo\/image\/"}}]}},"_links":{"self":[{"href":"https:\/\/denizcankizil.tr\/uk\/wp-json\/wp\/v2\/posts\/6546","targetHints":{"allow":["GET"]}}],"collection":[{"href":"https:\/\/denizcankizil.tr\/uk\/wp-json\/wp\/v2\/posts"}],"about":[{"href":"https:\/\/denizcankizil.tr\/uk\/wp-json\/wp\/v2\/types\/post"}],"replies":[{"embeddable":true,"href":"https:\/\/denizcankizil.tr\/uk\/wp-json\/wp\/v2\/comments?post=6546"}],"version-history":[{"count":0,"href":"https:\/\/denizcankizil.tr\/uk\/wp-json\/wp\/v2\/posts\/6546\/revisions"}],"wp:attachment":[{"href":"https:\/\/denizcankizil.tr\/uk\/wp-json\/wp\/v2\/media?parent=6546"}],"wp:term":[{"taxonomy":"category","embeddable":true,"href":"https:\/\/denizcankizil.tr\/uk\/wp-json\/wp\/v2\/categories?post=6546"},{"taxonomy":"post_tag","embeddable":true,"href":"https:\/\/denizcankizil.tr\/uk\/wp-json\/wp\/v2\/tags?post=6546"}],"curies":[{"name":"wp","href":"https:\/\/api.w.org\/{rel}","templated":true}]}}