{"id":6537,"date":"2024-10-22T11:46:09","date_gmt":"2024-10-22T08:46:09","guid":{"rendered":"https:\/\/denizcankizil.tr\/uncategorized-tr\/tamamlanan-camilerin-acilisi-yapilacak\/"},"modified":"2024-10-22T11:46:09","modified_gmt":"2024-10-22T08:46:09","slug":"tamamlanan-camilerin-acilisi-yapilacak","status":"publish","type":"post","link":"https:\/\/denizcankizil.tr\/uk\/haberler\/gundem\/tamamlanan-camilerin-acilisi-yapilacak\/","title":{"rendered":"Tamamlanan Camilerin A\u00e7\u0131l\u0131\u015f\u0131 Yap\u0131lacak"},"content":{"rendered":"<p>Hatay\u2019da bulunmaktan duydu\u011fu memnuniyeti belirten Ba\u015fkan Erba\u015f, 6 \u015eubat depremlerinin tarihe ge\u00e7ti\u011fini belirterek, \u201cCenab-\u0131 Hak, her t\u00fcrl\u00fc kazadan, beladan, afetten, felaketten, t\u00fcm milletimizi muhafaza eylesin.\u201d \u015feklinde temennide bulundu.<\/p>\n<p>Vali Masatl\u0131 da ziyaretinden dolay\u0131 Ba\u015fkan Erba\u015f\u2019a te\u015fekk\u00fcr etti.<\/p>\n<p>Ziyarette, Diyanet \u0130\u015fleri Ba\u015fkanl\u0131\u011f\u0131 Mushaflar\u0131 \u0130nceleme ve K\u0131raat Kurulu Ba\u015fkan\u0131 Dr. Hafiz Osman \u015eahin, Y\u00f6netim Hizmetleri Genel M\u00fcd\u00fcr\u00fc B\u00fcnyamin Kahraman ile Hatay \u0130l M\u00fcft\u00fcs\u00fc Mevl\u00fct Top\u00e7u da haz\u0131r bulundu.<\/p>\n<p>Diyanet \u0130\u015fleri Ba\u015fkan\u0131 Erba\u015f Hatay\u2019da yap\u0131m\u0131 tamamlanan camilerin toplu a\u00e7\u0131l\u0131\u015f\u0131n\u0131 yapacak, Diyanet Gen\u00e7lik Merkezi Temel Atma t\u00f6renine kat\u0131larak ,4-6 ya\u015f kuran kurslar\u0131n\u0131n a\u00e7\u0131l\u0131\u015f\u0131n\u0131 yapacak.<\/p>\n<p>\u200bDiyanet \u0130\u015fleri Ba\u015fkan\u0131 Prof. Dr. Ali Erba\u015f, bir dizi programa kat\u0131lmak i\u00e7in geldi\u011fi Hatay\u2019da valili\u011fi ziyaret etti. Valili\u011fe geli\u015finde Vali Mustafa Masatl\u0131 taraf\u0131ndan kar\u015f\u0131lanan Diyanet \u0130\u015fleri Ba\u015fkan\u0131 Erba\u015f, valilik \u015feref defterini imzalad\u0131.\u00a0<\/p>\n<p>\u200bHaberin Al\u0131nt\u0131land\u0131\u011f\u0131 Kaynak: www.iskenderun.org<\/p>","protected":false},"excerpt":{"rendered":"<p>Hatay\u2019da bulunmaktan duydu\u011fu memnuniyeti belirten Ba\u015fkan Erba\u015f, 6 \u015eubat depremlerinin tarihe ge\u00e7ti\u011fini belirterek, \u201cCenab-\u0131 Hak, her t\u00fcrl\u00fc kazadan, beladan, afetten, felaketten, t\u00fcm milletimizi muhafaza eylesin.\u201d \u015feklinde temennide bulundu. Vali Masatl\u0131 da ziyaretinden dolay\u0131 Ba\u015fkan Erba\u015f\u2019a te\u015fekk\u00fcr etti. Ziyarette, Diyanet \u0130\u015fleri Ba\u015fkanl\u0131\u011f\u0131 Mushaflar\u0131 \u0130nceleme ve K\u0131raat Kurulu Ba\u015fkan\u0131 Dr. Hafiz Osman \u015eahin, Y\u00f6netim Hizmetleri Genel M\u00fcd\u00fcr\u00fc B\u00fcnyamin Kahraman ile Hatay \u0130l M\u00fcft\u00fcs\u00fc Mevl\u00fct Top\u00e7u da haz\u0131r bulundu. Diyanet \u0130\u015fleri Ba\u015fkan\u0131 Erba\u015f Hatay\u2019da yap\u0131m\u0131 tamamlanan camilerin toplu a\u00e7\u0131l\u0131\u015f\u0131n\u0131 yapacak, Diyanet Gen\u00e7lik Merkezi Temel Atma t\u00f6renine kat\u0131larak ,4-6 ya\u015f kuran kurslar\u0131n\u0131n a\u00e7\u0131l\u0131\u015f\u0131n\u0131 yapacak. \u200bDiyanet \u0130\u015fleri Ba\u015fkan\u0131 Prof. Dr. Ali Erba\u015f, bir dizi programa kat\u0131lmak i\u00e7in geldi\u011fi Hatay\u2019da valili\u011fi ziyaret etti. Valili\u011fe geli\u015finde Vali Mustafa Masatl\u0131 taraf\u0131ndan kar\u015f\u0131lanan Diyanet \u0130\u015fleri Ba\u015fkan\u0131 Erba\u015f, valilik \u015feref defterini imzalad\u0131.\u00a0 \u200bHaberin Al\u0131nt\u0131land\u0131\u011f\u0131 Kaynak: www.iskenderun.org<\/p>","protected":false},"author":0,"featured_media":0,"comment_status":"open","ping_status":"open","sticky":false,"template":"","format":"standard","meta":{"_acf_changed":false,"footnotes":""},"categories":[24,535],"tags":[],"class_list":["post-6537","post","type-post","status-publish","format-standard","has-post-thumbnail","hentry","category-gundem","category-uncategorized-tr"],"acf":[],"yoast_head":"<!-- This site is optimized with the Yoast SEO Premium plugin v26.6 (Yoast SEO v27.1.1) - https:\/\/yoast.com\/product\/yoast-seo-premium-wordpress\/ -->\n<title>Tamamlanan Camilerin A\u00e7\u0131l\u0131\u015f\u0131 Yap\u0131lacak - Av. Deniz Can K\u0131z\u0131l<\/title>\n<meta name=\"robots\" content=\"index, follow, max-snippet:-1, max-image-preview:large, max-video-preview:-1\" \/>\n<link rel=\"canonical\" href=\"https:\/\/denizcankizil.tr\/uk\/haberler\/gundem\/tamamlanan-camilerin-acilisi-yapilacak\/\" \/>\n<meta property=\"og:locale\" content=\"uk_UA\" \/>\n<meta property=\"og:type\" content=\"article\" \/>\n<meta property=\"og:title\" content=\"Tamamlanan Camilerin A\u00e7\u0131l\u0131\u015f\u0131 Yap\u0131lacak\" \/>\n<meta property=\"og:description\" content=\"Hatay\u2019da bulunmaktan duydu\u011fu memnuniyeti belirten Ba\u015fkan Erba\u015f, 6 \u015eubat depremlerinin tarihe ge\u00e7ti\u011fini belirterek, \u201cCenab-\u0131 Hak, her t\u00fcrl\u00fc kazadan, beladan, afetten, felaketten, t\u00fcm milletimizi muhafaza eylesin.\u201d \u015feklinde temennide bulundu. Vali Masatl\u0131 da ziyaretinden dolay\u0131 Ba\u015fkan Erba\u015f\u2019a te\u015fekk\u00fcr etti. Ziyarette, Diyanet \u0130\u015fleri Ba\u015fkanl\u0131\u011f\u0131 Mushaflar\u0131 \u0130nceleme ve K\u0131raat Kurulu Ba\u015fkan\u0131 Dr. Hafiz Osman \u015eahin, Y\u00f6netim Hizmetleri Genel M\u00fcd\u00fcr\u00fc B\u00fcnyamin Kahraman ile Hatay \u0130l M\u00fcft\u00fcs\u00fc Mevl\u00fct Top\u00e7u da haz\u0131r bulundu. Diyanet \u0130\u015fleri Ba\u015fkan\u0131 Erba\u015f Hatay\u2019da yap\u0131m\u0131 tamamlanan camilerin toplu a\u00e7\u0131l\u0131\u015f\u0131n\u0131 yapacak, Diyanet Gen\u00e7lik Merkezi Temel Atma t\u00f6renine kat\u0131larak ,4-6 ya\u015f kuran kurslar\u0131n\u0131n a\u00e7\u0131l\u0131\u015f\u0131n\u0131 yapacak. \u200bDiyanet \u0130\u015fleri Ba\u015fkan\u0131 Prof. Dr. Ali Erba\u015f, bir dizi programa kat\u0131lmak i\u00e7in geldi\u011fi Hatay\u2019da valili\u011fi ziyaret etti. Valili\u011fe geli\u015finde Vali Mustafa Masatl\u0131 taraf\u0131ndan kar\u015f\u0131lanan Diyanet \u0130\u015fleri Ba\u015fkan\u0131 Erba\u015f, valilik \u015feref defterini imzalad\u0131.\u00a0 \u200bHaberin Al\u0131nt\u0131land\u0131\u011f\u0131 Kaynak: www.iskenderun.org\" \/>\n<meta property=\"og:url\" content=\"https:\/\/denizcankizil.tr\/uk\/haberler\/gundem\/tamamlanan-camilerin-acilisi-yapilacak\/\" \/>\n<meta property=\"og:site_name\" content=\"Av. Deniz Can K\u0131z\u0131l\" \/>\n<meta property=\"article:published_time\" content=\"2024-10-22T08:46:09+00:00\" \/>\n<meta name=\"twitter:card\" content=\"summary_large_image\" \/>\n<meta name=\"twitter:label1\" content=\"\u041f\u0440\u0438\u0431\u043b. \u0447\u0430\u0441 \u0447\u0438\u0442\u0430\u043d\u043d\u044f\" \/>\n\t<meta name=\"twitter:data1\" content=\"1 \u0445\u0432\u0438\u043b\u0438\u043d\u0430\" \/>\n<script type=\"application\/ld+json\" class=\"yoast-schema-graph\">{\"@context\":\"https:\/\/schema.org\",\"@graph\":[{\"@type\":\"Article\",\"@id\":\"https:\/\/denizcankizil.tr\/uk\/haberler\/gundem\/tamamlanan-camilerin-acilisi-yapilacak\/#article\",\"isPartOf\":{\"@id\":\"https:\/\/denizcankizil.tr\/uk\/haberler\/gundem\/tamamlanan-camilerin-acilisi-yapilacak\/\"},\"author\":{\"name\":\"\",\"@id\":\"\"},\"headline\":\"Tamamlanan Camilerin A\u00e7\u0131l\u0131\u015f\u0131 Yap\u0131lacak\",\"datePublished\":\"2024-10-22T08:46:09+00:00\",\"mainEntityOfPage\":{\"@id\":\"https:\/\/denizcankizil.tr\/uk\/haberler\/gundem\/tamamlanan-camilerin-acilisi-yapilacak\/\"},\"wordCount\":181,\"commentCount\":0,\"publisher\":{\"@id\":\"https:\/\/denizcankizil.tr\/de\/#organization\"},\"articleSection\":[\"G\u00fcndem\",\"Uncategorized\"],\"inLanguage\":\"uk\",\"potentialAction\":[{\"@type\":\"CommentAction\",\"name\":\"Comment\",\"target\":[\"https:\/\/denizcankizil.tr\/uk\/haberler\/gundem\/tamamlanan-camilerin-acilisi-yapilacak\/#respond\"]}]},{\"@type\":\"WebPage\",\"@id\":\"https:\/\/denizcankizil.tr\/uk\/haberler\/gundem\/tamamlanan-camilerin-acilisi-yapilacak\/\",\"url\":\"https:\/\/denizcankizil.tr\/uk\/haberler\/gundem\/tamamlanan-camilerin-acilisi-yapilacak\/\",\"name\":\"Tamamlanan Camilerin A\u00e7\u0131l\u0131\u015f\u0131 Yap\u0131lacak - Av. Deniz Can K\u0131z\u0131l\",\"isPartOf\":{\"@id\":\"https:\/\/denizcankizil.tr\/de\/#website\"},\"datePublished\":\"2024-10-22T08:46:09+00:00\",\"breadcrumb\":{\"@id\":\"https:\/\/denizcankizil.tr\/uk\/haberler\/gundem\/tamamlanan-camilerin-acilisi-yapilacak\/#breadcrumb\"},\"inLanguage\":\"uk\",\"potentialAction\":[{\"@type\":\"ReadAction\",\"target\":[\"https:\/\/denizcankizil.tr\/uk\/haberler\/gundem\/tamamlanan-camilerin-acilisi-yapilacak\/\"]}]},{\"@type\":\"BreadcrumbList\",\"@id\":\"https:\/\/denizcankizil.tr\/uk\/haberler\/gundem\/tamamlanan-camilerin-acilisi-yapilacak\/#breadcrumb\",\"itemListElement\":[{\"@type\":\"ListItem\",\"position\":1,\"name\":\"Home\",\"item\":\"https:\/\/denizcankizil.tr\/de\/\"},{\"@type\":\"ListItem\",\"position\":2,\"name\":\"Tamamlanan Camilerin A\u00e7\u0131l\u0131\u015f\u0131 Yap\u0131lacak\"}]},{\"@type\":\"WebSite\",\"@id\":\"https:\/\/denizcankizil.tr\/de\/#website\",\"url\":\"https:\/\/denizcankizil.tr\/de\/\",\"name\":\"Av. Deniz Can K\u0131z\u0131l\",\"description\":\"Avukat Deniz Can K\u0131z\u0131l Antalya Barosu\",\"publisher\":{\"@id\":\"https:\/\/denizcankizil.tr\/de\/#organization\"},\"potentialAction\":[{\"@type\":\"SearchAction\",\"target\":{\"@type\":\"EntryPoint\",\"urlTemplate\":\"https:\/\/denizcankizil.tr\/de\/?s={search_term_string}\"},\"query-input\":{\"@type\":\"PropertyValueSpecification\",\"valueRequired\":true,\"valueName\":\"search_term_string\"}}],\"inLanguage\":\"uk\"},{\"@type\":\"Organization\",\"@id\":\"https:\/\/denizcankizil.tr\/de\/#organization\",\"name\":\"Av. Deniz Can K\u0131z\u0131l\",\"url\":\"https:\/\/denizcankizil.tr\/de\/\",\"logo\":{\"@type\":\"ImageObject\",\"inLanguage\":\"uk\",\"@id\":\"https:\/\/denizcankizil.tr\/de\/#\/schema\/logo\/image\/\",\"url\":\"https:\/\/denizcankizil.tr\/wp-content\/uploads\/2024\/10\/siyah-logo-svg.svg\",\"contentUrl\":\"https:\/\/denizcankizil.tr\/wp-content\/uploads\/2024\/10\/siyah-logo-svg.svg\",\"width\":1080,\"height\":1080,\"caption\":\"Av. Deniz Can K\u0131z\u0131l\"},\"image\":{\"@id\":\"https:\/\/denizcankizil.tr\/de\/#\/schema\/logo\/image\/\"}}]}<\/script>\n<!-- \/ Yoast SEO Premium plugin. -->","yoast_head_json":{"title":"Tamamlanan Camilerin A\u00e7\u0131l\u0131\u015f\u0131 Yap\u0131lacak - Av. Deniz Can K\u0131z\u0131l","robots":{"index":"index","follow":"follow","max-snippet":"max-snippet:-1","max-image-preview":"max-image-preview:large","max-video-preview":"max-video-preview:-1"},"canonical":"https:\/\/denizcankizil.tr\/uk\/haberler\/gundem\/tamamlanan-camilerin-acilisi-yapilacak\/","og_locale":"uk_UA","og_type":"article","og_title":"Tamamlanan Camilerin A\u00e7\u0131l\u0131\u015f\u0131 Yap\u0131lacak","og_description":"Hatay\u2019da bulunmaktan duydu\u011fu memnuniyeti belirten Ba\u015fkan Erba\u015f, 6 \u015eubat depremlerinin tarihe ge\u00e7ti\u011fini belirterek, \u201cCenab-\u0131 Hak, her t\u00fcrl\u00fc kazadan, beladan, afetten, felaketten, t\u00fcm milletimizi muhafaza eylesin.\u201d \u015feklinde temennide bulundu. Vali Masatl\u0131 da ziyaretinden dolay\u0131 Ba\u015fkan Erba\u015f\u2019a te\u015fekk\u00fcr etti. Ziyarette, Diyanet \u0130\u015fleri Ba\u015fkanl\u0131\u011f\u0131 Mushaflar\u0131 \u0130nceleme ve K\u0131raat Kurulu Ba\u015fkan\u0131 Dr. Hafiz Osman \u015eahin, Y\u00f6netim Hizmetleri Genel M\u00fcd\u00fcr\u00fc B\u00fcnyamin Kahraman ile Hatay \u0130l M\u00fcft\u00fcs\u00fc Mevl\u00fct Top\u00e7u da haz\u0131r bulundu. Diyanet \u0130\u015fleri Ba\u015fkan\u0131 Erba\u015f Hatay\u2019da yap\u0131m\u0131 tamamlanan camilerin toplu a\u00e7\u0131l\u0131\u015f\u0131n\u0131 yapacak, Diyanet Gen\u00e7lik Merkezi Temel Atma t\u00f6renine kat\u0131larak ,4-6 ya\u015f kuran kurslar\u0131n\u0131n a\u00e7\u0131l\u0131\u015f\u0131n\u0131 yapacak. \u200bDiyanet \u0130\u015fleri Ba\u015fkan\u0131 Prof. Dr. Ali Erba\u015f, bir dizi programa kat\u0131lmak i\u00e7in geldi\u011fi Hatay\u2019da valili\u011fi ziyaret etti. Valili\u011fe geli\u015finde Vali Mustafa Masatl\u0131 taraf\u0131ndan kar\u015f\u0131lanan Diyanet \u0130\u015fleri Ba\u015fkan\u0131 Erba\u015f, valilik \u015feref defterini imzalad\u0131.\u00a0 \u200bHaberin Al\u0131nt\u0131land\u0131\u011f\u0131 Kaynak: www.iskenderun.org","og_url":"https:\/\/denizcankizil.tr\/uk\/haberler\/gundem\/tamamlanan-camilerin-acilisi-yapilacak\/","og_site_name":"Av. Deniz Can K\u0131z\u0131l","article_published_time":"2024-10-22T08:46:09+00:00","twitter_card":"summary_large_image","twitter_misc":{"\u041f\u0440\u0438\u0431\u043b. \u0447\u0430\u0441 \u0447\u0438\u0442\u0430\u043d\u043d\u044f":"1 \u0445\u0432\u0438\u043b\u0438\u043d\u0430"},"schema":{"@context":"https:\/\/schema.org","@graph":[{"@type":"Article","@id":"https:\/\/denizcankizil.tr\/uk\/haberler\/gundem\/tamamlanan-camilerin-acilisi-yapilacak\/#article","isPartOf":{"@id":"https:\/\/denizcankizil.tr\/uk\/haberler\/gundem\/tamamlanan-camilerin-acilisi-yapilacak\/"},"author":{"name":"","@id":""},"headline":"Tamamlanan Camilerin A\u00e7\u0131l\u0131\u015f\u0131 Yap\u0131lacak","datePublished":"2024-10-22T08:46:09+00:00","mainEntityOfPage":{"@id":"https:\/\/denizcankizil.tr\/uk\/haberler\/gundem\/tamamlanan-camilerin-acilisi-yapilacak\/"},"wordCount":181,"commentCount":0,"publisher":{"@id":"https:\/\/denizcankizil.tr\/de\/#organization"},"articleSection":["G\u00fcndem","Uncategorized"],"inLanguage":"uk","potentialAction":[{"@type":"CommentAction","name":"Comment","target":["https:\/\/denizcankizil.tr\/uk\/haberler\/gundem\/tamamlanan-camilerin-acilisi-yapilacak\/#respond"]}]},{"@type":"WebPage","@id":"https:\/\/denizcankizil.tr\/uk\/haberler\/gundem\/tamamlanan-camilerin-acilisi-yapilacak\/","url":"https:\/\/denizcankizil.tr\/uk\/haberler\/gundem\/tamamlanan-camilerin-acilisi-yapilacak\/","name":"Tamamlanan Camilerin A\u00e7\u0131l\u0131\u015f\u0131 Yap\u0131lacak - Av. Deniz Can K\u0131z\u0131l","isPartOf":{"@id":"https:\/\/denizcankizil.tr\/de\/#website"},"datePublished":"2024-10-22T08:46:09+00:00","breadcrumb":{"@id":"https:\/\/denizcankizil.tr\/uk\/haberler\/gundem\/tamamlanan-camilerin-acilisi-yapilacak\/#breadcrumb"},"inLanguage":"uk","potentialAction":[{"@type":"ReadAction","target":["https:\/\/denizcankizil.tr\/uk\/haberler\/gundem\/tamamlanan-camilerin-acilisi-yapilacak\/"]}]},{"@type":"BreadcrumbList","@id":"https:\/\/denizcankizil.tr\/uk\/haberler\/gundem\/tamamlanan-camilerin-acilisi-yapilacak\/#breadcrumb","itemListElement":[{"@type":"ListItem","position":1,"name":"Home","item":"https:\/\/denizcankizil.tr\/de\/"},{"@type":"ListItem","position":2,"name":"Tamamlanan Camilerin A\u00e7\u0131l\u0131\u015f\u0131 Yap\u0131lacak"}]},{"@type":"WebSite","@id":"https:\/\/denizcankizil.tr\/de\/#website","url":"https:\/\/denizcankizil.tr\/de\/","name":"Av. Deniz Can K\u0131z\u0131l","description":"Avukat Deniz Can K\u0131z\u0131l Antalya Barosu","publisher":{"@id":"https:\/\/denizcankizil.tr\/de\/#organization"},"potentialAction":[{"@type":"SearchAction","target":{"@type":"EntryPoint","urlTemplate":"https:\/\/denizcankizil.tr\/de\/?s={search_term_string}"},"query-input":{"@type":"PropertyValueSpecification","valueRequired":true,"valueName":"search_term_string"}}],"inLanguage":"uk"},{"@type":"Organization","@id":"https:\/\/denizcankizil.tr\/de\/#organization","name":"Av. Deniz Can K\u0131z\u0131l","url":"https:\/\/denizcankizil.tr\/de\/","logo":{"@type":"ImageObject","inLanguage":"uk","@id":"https:\/\/denizcankizil.tr\/de\/#\/schema\/logo\/image\/","url":"https:\/\/denizcankizil.tr\/wp-content\/uploads\/2024\/10\/siyah-logo-svg.svg","contentUrl":"https:\/\/denizcankizil.tr\/wp-content\/uploads\/2024\/10\/siyah-logo-svg.svg","width":1080,"height":1080,"caption":"Av. Deniz Can K\u0131z\u0131l"},"image":{"@id":"https:\/\/denizcankizil.tr\/de\/#\/schema\/logo\/image\/"}}]}},"_links":{"self":[{"href":"https:\/\/denizcankizil.tr\/uk\/wp-json\/wp\/v2\/posts\/6537","targetHints":{"allow":["GET"]}}],"collection":[{"href":"https:\/\/denizcankizil.tr\/uk\/wp-json\/wp\/v2\/posts"}],"about":[{"href":"https:\/\/denizcankizil.tr\/uk\/wp-json\/wp\/v2\/types\/post"}],"replies":[{"embeddable":true,"href":"https:\/\/denizcankizil.tr\/uk\/wp-json\/wp\/v2\/comments?post=6537"}],"version-history":[{"count":0,"href":"https:\/\/denizcankizil.tr\/uk\/wp-json\/wp\/v2\/posts\/6537\/revisions"}],"wp:attachment":[{"href":"https:\/\/denizcankizil.tr\/uk\/wp-json\/wp\/v2\/media?parent=6537"}],"wp:term":[{"taxonomy":"category","embeddable":true,"href":"https:\/\/denizcankizil.tr\/uk\/wp-json\/wp\/v2\/categories?post=6537"},{"taxonomy":"post_tag","embeddable":true,"href":"https:\/\/denizcankizil.tr\/uk\/wp-json\/wp\/v2\/tags?post=6537"}],"curies":[{"name":"wp","href":"https:\/\/api.w.org\/{rel}","templated":true}]}}