{"id":65105,"date":"2025-04-24T16:41:17","date_gmt":"2025-04-24T13:41:17","guid":{"rendered":"https:\/\/denizcankizil.tr\/uncategorized-tr\/antalyada-tarim-ve-turizm-sektorleri-guclerini-birlestirdi\/"},"modified":"2025-04-24T16:41:17","modified_gmt":"2025-04-24T13:41:17","slug":"antalyada-tarim-ve-turizm-sektorleri-guclerini-birlestirdi","status":"publish","type":"post","link":"https:\/\/denizcankizil.tr\/uk\/haberler\/antalya\/antalyada-tarim-ve-turizm-sektorleri-guclerini-birlestirdi\/","title":{"rendered":"Antalya\u2019da tar\u0131m ve turizm sekt\u00f6rleri g\u00fc\u00e7lerini birle\u015ftirdi"},"content":{"rendered":"<p>Antalya \u0130l Tar\u0131m ve Orman M\u00fcd\u00fcrl\u00fc\u011f\u00fc binas\u0131nda ger\u00e7ekle\u015ftirilen imza t\u00f6renine Antalya Vali Yard\u0131mc\u0131s\u0131 Ayd\u0131n Abak da kat\u0131ld\u0131. Protokole, Antalya \u0130l Tar\u0131m ve Orman M\u00fcd\u00fcr\u00fc F\u0131rat Erkal ile Antalya \u0130l K\u00fclt\u00fcr ve Turizm M\u00fcd\u00fcr\u00fc Dr. Candemir Zoro\u011flu imza att\u0131.<\/p>\n<p>\u0130ki sekt\u00f6r, ortak s\u00fcrd\u00fcr\u00fclebilirlik vizyonu geli\u015ftirecek<br \/>\nProtokol ile birlikte Antalya\u2019n\u0131n g\u00fc\u00e7l\u00fc tar\u0131msal \u00fcretim kapasitesi ve turizmdeki lider konumunun s\u00fcrd\u00fcr\u00fclebilir bir kalk\u0131nma vizyonu \u00e7er\u00e7evesinde bir araya getirilmesi hedefleniyor. Yerel \u00fcretimin desteklenmesi, \u00e7evresel etkilerin azalt\u0131lmas\u0131 ve turizmde s\u00fcrd\u00fcr\u00fclebilir kaynak kullan\u0131m\u0131n\u0131n te\u015fvik edilmesi protokol\u00fcn temel ama\u00e7lar\u0131 aras\u0131nda yer al\u0131yor.<br \/>\nProtokol kapsam\u0131nda, Antalya\u2019da yerel tar\u0131m \u00fcr\u00fcnlerinin turizm i\u015fletmelerinde daha fazla kullan\u0131lmas\u0131 sa\u011flanacak. Ayr\u0131ca, su tasarrufu sa\u011flayan kurak\u00e7\u0131l peyzaj uygulamalar\u0131 ile su verimlili\u011fi art\u0131r\u0131lacak. Turizm ve tar\u0131m faaliyetlerinden kaynaklanan at\u0131klar\u0131n d\u00f6ng\u00fcsel ekonomiye kazand\u0131r\u0131lmas\u0131 y\u00f6n\u00fcnde \u00e7al\u0131\u015fmalar yap\u0131lacak. Bunun yan\u0131 s\u0131ra, kad\u0131n kooperatiflerinin desteklenerek tar\u0131m \u00fcr\u00fcnlerinin turizm sekt\u00f6r\u00fcyle bulu\u015fturulmas\u0131 ama\u00e7lan\u0131yor.<br \/>\nYetkililer, s\u00f6z konusu i\u015f birli\u011fi ile hem tar\u0131m hem de turizm sekt\u00f6r\u00fcnde katma de\u011fer olu\u015fturulmas\u0131n\u0131n yan\u0131 s\u0131ra \u00e7evresel ve sosyal s\u00fcrd\u00fcr\u00fclebilirlik ilkelerinin \u00f6n planda tutulaca\u011f\u0131n\u0131 belirtti.<\/p>\n<p>Kaynak: www.kanalv.com.tr Haber Sitesinden Al\u0131nm\u0131\u015ft\u0131r.<\/p>","protected":false},"excerpt":{"rendered":"<p>Antalya \u0130l Tar\u0131m ve Orman M\u00fcd\u00fcrl\u00fc\u011f\u00fc binas\u0131nda ger\u00e7ekle\u015ftirilen imza t\u00f6renine Antalya Vali Yard\u0131mc\u0131s\u0131 Ayd\u0131n Abak da kat\u0131ld\u0131. Protokole, Antalya \u0130l Tar\u0131m ve Orman M\u00fcd\u00fcr\u00fc F\u0131rat Erkal ile Antalya \u0130l K\u00fclt\u00fcr ve Turizm M\u00fcd\u00fcr\u00fc Dr. Candemir Zoro\u011flu imza att\u0131. \u0130ki sekt\u00f6r, ortak s\u00fcrd\u00fcr\u00fclebilirlik vizyonu geli\u015ftirecek Protokol ile birlikte Antalya\u2019n\u0131n g\u00fc\u00e7l\u00fc tar\u0131msal \u00fcretim kapasitesi ve turizmdeki lider konumunun s\u00fcrd\u00fcr\u00fclebilir bir kalk\u0131nma vizyonu \u00e7er\u00e7evesinde bir araya getirilmesi hedefleniyor. Yerel \u00fcretimin desteklenmesi, \u00e7evresel etkilerin azalt\u0131lmas\u0131 ve turizmde s\u00fcrd\u00fcr\u00fclebilir kaynak kullan\u0131m\u0131n\u0131n te\u015fvik edilmesi protokol\u00fcn temel ama\u00e7lar\u0131 aras\u0131nda yer al\u0131yor. Protokol kapsam\u0131nda, Antalya\u2019da yerel tar\u0131m \u00fcr\u00fcnlerinin turizm i\u015fletmelerinde daha fazla kullan\u0131lmas\u0131 sa\u011flanacak. Ayr\u0131ca, su tasarrufu sa\u011flayan kurak\u00e7\u0131l peyzaj uygulamalar\u0131 ile su verimlili\u011fi art\u0131r\u0131lacak. Turizm ve tar\u0131m faaliyetlerinden kaynaklanan at\u0131klar\u0131n d\u00f6ng\u00fcsel ekonomiye kazand\u0131r\u0131lmas\u0131 y\u00f6n\u00fcnde \u00e7al\u0131\u015fmalar yap\u0131lacak. Bunun yan\u0131 s\u0131ra, kad\u0131n kooperatiflerinin desteklenerek tar\u0131m \u00fcr\u00fcnlerinin turizm sekt\u00f6r\u00fcyle bulu\u015fturulmas\u0131 ama\u00e7lan\u0131yor. Yetkililer, s\u00f6z konusu i\u015f birli\u011fi ile hem tar\u0131m hem de turizm sekt\u00f6r\u00fcnde katma de\u011fer olu\u015fturulmas\u0131n\u0131n yan\u0131 s\u0131ra \u00e7evresel ve sosyal s\u00fcrd\u00fcr\u00fclebilirlik ilkelerinin \u00f6n planda tutulaca\u011f\u0131n\u0131 belirtti. Kaynak: www.kanalv.com.tr Haber Sitesinden Al\u0131nm\u0131\u015ft\u0131r.<\/p>","protected":false},"author":4,"featured_media":0,"comment_status":"","ping_status":"open","sticky":false,"template":"","format":"standard","meta":{"_acf_changed":false,"footnotes":""},"categories":[26],"tags":[],"class_list":["post-65105","post","type-post","status-publish","format-standard","hentry","category-antalya"],"acf":[],"yoast_head":"<!-- This site is optimized with the Yoast SEO Premium plugin v26.6 (Yoast SEO v27.1.1) - https:\/\/yoast.com\/product\/yoast-seo-premium-wordpress\/ -->\n<title>Antalya\u2019da tar\u0131m ve turizm sekt\u00f6rleri g\u00fc\u00e7lerini birle\u015ftirdi - Av. Deniz Can K\u0131z\u0131l<\/title>\n<meta name=\"robots\" content=\"index, follow, max-snippet:-1, max-image-preview:large, max-video-preview:-1\" \/>\n<link rel=\"canonical\" href=\"https:\/\/denizcankizil.tr\/uk\/haberler\/antalya\/antalyada-tarim-ve-turizm-sektorleri-guclerini-birlestirdi\/\" \/>\n<meta property=\"og:locale\" content=\"uk_UA\" \/>\n<meta property=\"og:type\" content=\"article\" \/>\n<meta property=\"og:title\" content=\"Antalya\u2019da tar\u0131m ve turizm sekt\u00f6rleri g\u00fc\u00e7lerini birle\u015ftirdi\" \/>\n<meta property=\"og:description\" content=\"Antalya \u0130l Tar\u0131m ve Orman M\u00fcd\u00fcrl\u00fc\u011f\u00fc binas\u0131nda ger\u00e7ekle\u015ftirilen imza t\u00f6renine Antalya Vali Yard\u0131mc\u0131s\u0131 Ayd\u0131n Abak da kat\u0131ld\u0131. Protokole, Antalya \u0130l Tar\u0131m ve Orman M\u00fcd\u00fcr\u00fc F\u0131rat Erkal ile Antalya \u0130l K\u00fclt\u00fcr ve Turizm M\u00fcd\u00fcr\u00fc Dr. Candemir Zoro\u011flu imza att\u0131. \u0130ki sekt\u00f6r, ortak s\u00fcrd\u00fcr\u00fclebilirlik vizyonu geli\u015ftirecek Protokol ile birlikte Antalya\u2019n\u0131n g\u00fc\u00e7l\u00fc tar\u0131msal \u00fcretim kapasitesi ve turizmdeki lider konumunun s\u00fcrd\u00fcr\u00fclebilir bir kalk\u0131nma vizyonu \u00e7er\u00e7evesinde bir araya getirilmesi hedefleniyor. Yerel \u00fcretimin desteklenmesi, \u00e7evresel etkilerin azalt\u0131lmas\u0131 ve turizmde s\u00fcrd\u00fcr\u00fclebilir kaynak kullan\u0131m\u0131n\u0131n te\u015fvik edilmesi protokol\u00fcn temel ama\u00e7lar\u0131 aras\u0131nda yer al\u0131yor. Protokol kapsam\u0131nda, Antalya\u2019da yerel tar\u0131m \u00fcr\u00fcnlerinin turizm i\u015fletmelerinde daha fazla kullan\u0131lmas\u0131 sa\u011flanacak. Ayr\u0131ca, su tasarrufu sa\u011flayan kurak\u00e7\u0131l peyzaj uygulamalar\u0131 ile su verimlili\u011fi art\u0131r\u0131lacak. Turizm ve tar\u0131m faaliyetlerinden kaynaklanan at\u0131klar\u0131n d\u00f6ng\u00fcsel ekonomiye kazand\u0131r\u0131lmas\u0131 y\u00f6n\u00fcnde \u00e7al\u0131\u015fmalar yap\u0131lacak. Bunun yan\u0131 s\u0131ra, kad\u0131n kooperatiflerinin desteklenerek tar\u0131m \u00fcr\u00fcnlerinin turizm sekt\u00f6r\u00fcyle bulu\u015fturulmas\u0131 ama\u00e7lan\u0131yor. Yetkililer, s\u00f6z konusu i\u015f birli\u011fi ile hem tar\u0131m hem de turizm sekt\u00f6r\u00fcnde katma de\u011fer olu\u015fturulmas\u0131n\u0131n yan\u0131 s\u0131ra \u00e7evresel ve sosyal s\u00fcrd\u00fcr\u00fclebilirlik ilkelerinin \u00f6n planda tutulaca\u011f\u0131n\u0131 belirtti. Kaynak: www.kanalv.com.tr Haber Sitesinden Al\u0131nm\u0131\u015ft\u0131r.\" \/>\n<meta property=\"og:url\" content=\"https:\/\/denizcankizil.tr\/uk\/haberler\/antalya\/antalyada-tarim-ve-turizm-sektorleri-guclerini-birlestirdi\/\" \/>\n<meta property=\"og:site_name\" content=\"Av. Deniz Can K\u0131z\u0131l\" \/>\n<meta property=\"article:published_time\" content=\"2025-04-24T13:41:17+00:00\" \/>\n<meta name=\"author\" content=\"Av. Deniz Can K\u0131z\u0131l\" \/>\n<meta name=\"twitter:card\" content=\"summary_large_image\" \/>\n<meta name=\"twitter:label1\" content=\"\u041d\u0430\u043f\u0438\u0441\u0430\u043d\u043e\" \/>\n\t<meta name=\"twitter:data1\" content=\"Av. Deniz Can K\u0131z\u0131l\" \/>\n\t<meta name=\"twitter:label2\" content=\"\u041f\u0440\u0438\u0431\u043b. \u0447\u0430\u0441 \u0447\u0438\u0442\u0430\u043d\u043d\u044f\" \/>\n\t<meta name=\"twitter:data2\" content=\"1 \u0445\u0432\u0438\u043b\u0438\u043d\u0430\" \/>\n<script type=\"application\/ld+json\" class=\"yoast-schema-graph\">{\"@context\":\"https:\/\/schema.org\",\"@graph\":[{\"@type\":\"Article\",\"@id\":\"https:\/\/denizcankizil.tr\/uk\/haberler\/antalya\/antalyada-tarim-ve-turizm-sektorleri-guclerini-birlestirdi\/#article\",\"isPartOf\":{\"@id\":\"https:\/\/denizcankizil.tr\/uk\/haberler\/antalya\/antalyada-tarim-ve-turizm-sektorleri-guclerini-birlestirdi\/\"},\"author\":{\"name\":\"Av. Deniz Can K\u0131z\u0131l\",\"@id\":\"https:\/\/denizcankizil.tr\/de\/#\/schema\/person\/5dc1b22991bd7ac833867c10afc9b0ff\"},\"headline\":\"Antalya\u2019da tar\u0131m ve turizm sekt\u00f6rleri g\u00fc\u00e7lerini birle\u015ftirdi\",\"datePublished\":\"2025-04-24T13:41:17+00:00\",\"mainEntityOfPage\":{\"@id\":\"https:\/\/denizcankizil.tr\/uk\/haberler\/antalya\/antalyada-tarim-ve-turizm-sektorleri-guclerini-birlestirdi\/\"},\"wordCount\":273,\"publisher\":{\"@id\":\"https:\/\/denizcankizil.tr\/de\/#organization\"},\"articleSection\":[\"Antalya\"],\"inLanguage\":\"uk\"},{\"@type\":\"WebPage\",\"@id\":\"https:\/\/denizcankizil.tr\/uk\/haberler\/antalya\/antalyada-tarim-ve-turizm-sektorleri-guclerini-birlestirdi\/\",\"url\":\"https:\/\/denizcankizil.tr\/uk\/haberler\/antalya\/antalyada-tarim-ve-turizm-sektorleri-guclerini-birlestirdi\/\",\"name\":\"Antalya\u2019da tar\u0131m ve turizm sekt\u00f6rleri g\u00fc\u00e7lerini birle\u015ftirdi - Av. Deniz Can K\u0131z\u0131l\",\"isPartOf\":{\"@id\":\"https:\/\/denizcankizil.tr\/de\/#website\"},\"datePublished\":\"2025-04-24T13:41:17+00:00\",\"breadcrumb\":{\"@id\":\"https:\/\/denizcankizil.tr\/uk\/haberler\/antalya\/antalyada-tarim-ve-turizm-sektorleri-guclerini-birlestirdi\/#breadcrumb\"},\"inLanguage\":\"uk\",\"potentialAction\":[{\"@type\":\"ReadAction\",\"target\":[\"https:\/\/denizcankizil.tr\/uk\/haberler\/antalya\/antalyada-tarim-ve-turizm-sektorleri-guclerini-birlestirdi\/\"]}]},{\"@type\":\"BreadcrumbList\",\"@id\":\"https:\/\/denizcankizil.tr\/uk\/haberler\/antalya\/antalyada-tarim-ve-turizm-sektorleri-guclerini-birlestirdi\/#breadcrumb\",\"itemListElement\":[{\"@type\":\"ListItem\",\"position\":1,\"name\":\"Home\",\"item\":\"https:\/\/denizcankizil.tr\/de\/\"},{\"@type\":\"ListItem\",\"position\":2,\"name\":\"Antalya\u2019da tar\u0131m ve turizm sekt\u00f6rleri g\u00fc\u00e7lerini birle\u015ftirdi\"}]},{\"@type\":\"WebSite\",\"@id\":\"https:\/\/denizcankizil.tr\/de\/#website\",\"url\":\"https:\/\/denizcankizil.tr\/de\/\",\"name\":\"Av. Deniz Can K\u0131z\u0131l\",\"description\":\"Avukat Deniz Can K\u0131z\u0131l Antalya Barosu\",\"publisher\":{\"@id\":\"https:\/\/denizcankizil.tr\/de\/#organization\"},\"potentialAction\":[{\"@type\":\"SearchAction\",\"target\":{\"@type\":\"EntryPoint\",\"urlTemplate\":\"https:\/\/denizcankizil.tr\/de\/?s={search_term_string}\"},\"query-input\":{\"@type\":\"PropertyValueSpecification\",\"valueRequired\":true,\"valueName\":\"search_term_string\"}}],\"inLanguage\":\"uk\"},{\"@type\":\"Organization\",\"@id\":\"https:\/\/denizcankizil.tr\/de\/#organization\",\"name\":\"Av. Deniz Can K\u0131z\u0131l\",\"url\":\"https:\/\/denizcankizil.tr\/de\/\",\"logo\":{\"@type\":\"ImageObject\",\"inLanguage\":\"uk\",\"@id\":\"https:\/\/denizcankizil.tr\/de\/#\/schema\/logo\/image\/\",\"url\":\"https:\/\/denizcankizil.tr\/wp-content\/uploads\/2024\/10\/siyah-logo-svg.svg\",\"contentUrl\":\"https:\/\/denizcankizil.tr\/wp-content\/uploads\/2024\/10\/siyah-logo-svg.svg\",\"width\":1080,\"height\":1080,\"caption\":\"Av. Deniz Can K\u0131z\u0131l\"},\"image\":{\"@id\":\"https:\/\/denizcankizil.tr\/de\/#\/schema\/logo\/image\/\"}},{\"@type\":\"Person\",\"@id\":\"https:\/\/denizcankizil.tr\/de\/#\/schema\/person\/5dc1b22991bd7ac833867c10afc9b0ff\",\"name\":\"Av. Deniz Can K\u0131z\u0131l\",\"image\":{\"@type\":\"ImageObject\",\"inLanguage\":\"uk\",\"@id\":\"https:\/\/denizcankizil.tr\/de\/#\/schema\/person\/image\/\",\"url\":\"https:\/\/secure.gravatar.com\/avatar\/a0b128fb9855c79efc976d5640eedb31dc35ec297594d6016d2cf7c60e975bb6?s=96&d=mm&r=g\",\"contentUrl\":\"https:\/\/secure.gravatar.com\/avatar\/a0b128fb9855c79efc976d5640eedb31dc35ec297594d6016d2cf7c60e975bb6?s=96&d=mm&r=g\",\"caption\":\"Av. Deniz Can K\u0131z\u0131l\"},\"sameAs\":[\"http:\/\/www.denizcankizil.tr\"],\"url\":\"https:\/\/denizcankizil.tr\/uk\/author\/denizcankizil\/\"}]}<\/script>\n<!-- \/ Yoast SEO Premium plugin. -->","yoast_head_json":{"title":"Antalya\u2019da tar\u0131m ve turizm sekt\u00f6rleri g\u00fc\u00e7lerini birle\u015ftirdi - Av. Deniz Can K\u0131z\u0131l","robots":{"index":"index","follow":"follow","max-snippet":"max-snippet:-1","max-image-preview":"max-image-preview:large","max-video-preview":"max-video-preview:-1"},"canonical":"https:\/\/denizcankizil.tr\/uk\/haberler\/antalya\/antalyada-tarim-ve-turizm-sektorleri-guclerini-birlestirdi\/","og_locale":"uk_UA","og_type":"article","og_title":"Antalya\u2019da tar\u0131m ve turizm sekt\u00f6rleri g\u00fc\u00e7lerini birle\u015ftirdi","og_description":"Antalya \u0130l Tar\u0131m ve Orman M\u00fcd\u00fcrl\u00fc\u011f\u00fc binas\u0131nda ger\u00e7ekle\u015ftirilen imza t\u00f6renine Antalya Vali Yard\u0131mc\u0131s\u0131 Ayd\u0131n Abak da kat\u0131ld\u0131. Protokole, Antalya \u0130l Tar\u0131m ve Orman M\u00fcd\u00fcr\u00fc F\u0131rat Erkal ile Antalya \u0130l K\u00fclt\u00fcr ve Turizm M\u00fcd\u00fcr\u00fc Dr. Candemir Zoro\u011flu imza att\u0131. \u0130ki sekt\u00f6r, ortak s\u00fcrd\u00fcr\u00fclebilirlik vizyonu geli\u015ftirecek Protokol ile birlikte Antalya\u2019n\u0131n g\u00fc\u00e7l\u00fc tar\u0131msal \u00fcretim kapasitesi ve turizmdeki lider konumunun s\u00fcrd\u00fcr\u00fclebilir bir kalk\u0131nma vizyonu \u00e7er\u00e7evesinde bir araya getirilmesi hedefleniyor. Yerel \u00fcretimin desteklenmesi, \u00e7evresel etkilerin azalt\u0131lmas\u0131 ve turizmde s\u00fcrd\u00fcr\u00fclebilir kaynak kullan\u0131m\u0131n\u0131n te\u015fvik edilmesi protokol\u00fcn temel ama\u00e7lar\u0131 aras\u0131nda yer al\u0131yor. Protokol kapsam\u0131nda, Antalya\u2019da yerel tar\u0131m \u00fcr\u00fcnlerinin turizm i\u015fletmelerinde daha fazla kullan\u0131lmas\u0131 sa\u011flanacak. Ayr\u0131ca, su tasarrufu sa\u011flayan kurak\u00e7\u0131l peyzaj uygulamalar\u0131 ile su verimlili\u011fi art\u0131r\u0131lacak. Turizm ve tar\u0131m faaliyetlerinden kaynaklanan at\u0131klar\u0131n d\u00f6ng\u00fcsel ekonomiye kazand\u0131r\u0131lmas\u0131 y\u00f6n\u00fcnde \u00e7al\u0131\u015fmalar yap\u0131lacak. Bunun yan\u0131 s\u0131ra, kad\u0131n kooperatiflerinin desteklenerek tar\u0131m \u00fcr\u00fcnlerinin turizm sekt\u00f6r\u00fcyle bulu\u015fturulmas\u0131 ama\u00e7lan\u0131yor. Yetkililer, s\u00f6z konusu i\u015f birli\u011fi ile hem tar\u0131m hem de turizm sekt\u00f6r\u00fcnde katma de\u011fer olu\u015fturulmas\u0131n\u0131n yan\u0131 s\u0131ra \u00e7evresel ve sosyal s\u00fcrd\u00fcr\u00fclebilirlik ilkelerinin \u00f6n planda tutulaca\u011f\u0131n\u0131 belirtti. Kaynak: www.kanalv.com.tr Haber Sitesinden Al\u0131nm\u0131\u015ft\u0131r.","og_url":"https:\/\/denizcankizil.tr\/uk\/haberler\/antalya\/antalyada-tarim-ve-turizm-sektorleri-guclerini-birlestirdi\/","og_site_name":"Av. Deniz Can K\u0131z\u0131l","article_published_time":"2025-04-24T13:41:17+00:00","author":"Av. Deniz Can K\u0131z\u0131l","twitter_card":"summary_large_image","twitter_misc":{"\u041d\u0430\u043f\u0438\u0441\u0430\u043d\u043e":"Av. Deniz Can K\u0131z\u0131l","\u041f\u0440\u0438\u0431\u043b. \u0447\u0430\u0441 \u0447\u0438\u0442\u0430\u043d\u043d\u044f":"1 \u0445\u0432\u0438\u043b\u0438\u043d\u0430"},"schema":{"@context":"https:\/\/schema.org","@graph":[{"@type":"Article","@id":"https:\/\/denizcankizil.tr\/uk\/haberler\/antalya\/antalyada-tarim-ve-turizm-sektorleri-guclerini-birlestirdi\/#article","isPartOf":{"@id":"https:\/\/denizcankizil.tr\/uk\/haberler\/antalya\/antalyada-tarim-ve-turizm-sektorleri-guclerini-birlestirdi\/"},"author":{"name":"Av. Deniz Can K\u0131z\u0131l","@id":"https:\/\/denizcankizil.tr\/de\/#\/schema\/person\/5dc1b22991bd7ac833867c10afc9b0ff"},"headline":"Antalya\u2019da tar\u0131m ve turizm sekt\u00f6rleri g\u00fc\u00e7lerini birle\u015ftirdi","datePublished":"2025-04-24T13:41:17+00:00","mainEntityOfPage":{"@id":"https:\/\/denizcankizil.tr\/uk\/haberler\/antalya\/antalyada-tarim-ve-turizm-sektorleri-guclerini-birlestirdi\/"},"wordCount":273,"publisher":{"@id":"https:\/\/denizcankizil.tr\/de\/#organization"},"articleSection":["Antalya"],"inLanguage":"uk"},{"@type":"WebPage","@id":"https:\/\/denizcankizil.tr\/uk\/haberler\/antalya\/antalyada-tarim-ve-turizm-sektorleri-guclerini-birlestirdi\/","url":"https:\/\/denizcankizil.tr\/uk\/haberler\/antalya\/antalyada-tarim-ve-turizm-sektorleri-guclerini-birlestirdi\/","name":"Antalya\u2019da tar\u0131m ve turizm sekt\u00f6rleri g\u00fc\u00e7lerini birle\u015ftirdi - Av. Deniz Can K\u0131z\u0131l","isPartOf":{"@id":"https:\/\/denizcankizil.tr\/de\/#website"},"datePublished":"2025-04-24T13:41:17+00:00","breadcrumb":{"@id":"https:\/\/denizcankizil.tr\/uk\/haberler\/antalya\/antalyada-tarim-ve-turizm-sektorleri-guclerini-birlestirdi\/#breadcrumb"},"inLanguage":"uk","potentialAction":[{"@type":"ReadAction","target":["https:\/\/denizcankizil.tr\/uk\/haberler\/antalya\/antalyada-tarim-ve-turizm-sektorleri-guclerini-birlestirdi\/"]}]},{"@type":"BreadcrumbList","@id":"https:\/\/denizcankizil.tr\/uk\/haberler\/antalya\/antalyada-tarim-ve-turizm-sektorleri-guclerini-birlestirdi\/#breadcrumb","itemListElement":[{"@type":"ListItem","position":1,"name":"Home","item":"https:\/\/denizcankizil.tr\/de\/"},{"@type":"ListItem","position":2,"name":"Antalya\u2019da tar\u0131m ve turizm sekt\u00f6rleri g\u00fc\u00e7lerini birle\u015ftirdi"}]},{"@type":"WebSite","@id":"https:\/\/denizcankizil.tr\/de\/#website","url":"https:\/\/denizcankizil.tr\/de\/","name":"Av. Deniz Can K\u0131z\u0131l","description":"Avukat Deniz Can K\u0131z\u0131l Antalya Barosu","publisher":{"@id":"https:\/\/denizcankizil.tr\/de\/#organization"},"potentialAction":[{"@type":"SearchAction","target":{"@type":"EntryPoint","urlTemplate":"https:\/\/denizcankizil.tr\/de\/?s={search_term_string}"},"query-input":{"@type":"PropertyValueSpecification","valueRequired":true,"valueName":"search_term_string"}}],"inLanguage":"uk"},{"@type":"Organization","@id":"https:\/\/denizcankizil.tr\/de\/#organization","name":"Av. Deniz Can K\u0131z\u0131l","url":"https:\/\/denizcankizil.tr\/de\/","logo":{"@type":"ImageObject","inLanguage":"uk","@id":"https:\/\/denizcankizil.tr\/de\/#\/schema\/logo\/image\/","url":"https:\/\/denizcankizil.tr\/wp-content\/uploads\/2024\/10\/siyah-logo-svg.svg","contentUrl":"https:\/\/denizcankizil.tr\/wp-content\/uploads\/2024\/10\/siyah-logo-svg.svg","width":1080,"height":1080,"caption":"Av. Deniz Can K\u0131z\u0131l"},"image":{"@id":"https:\/\/denizcankizil.tr\/de\/#\/schema\/logo\/image\/"}},{"@type":"Person","@id":"https:\/\/denizcankizil.tr\/de\/#\/schema\/person\/5dc1b22991bd7ac833867c10afc9b0ff","name":"Av. Deniz Can K\u0131z\u0131l","image":{"@type":"ImageObject","inLanguage":"uk","@id":"https:\/\/denizcankizil.tr\/de\/#\/schema\/person\/image\/","url":"https:\/\/secure.gravatar.com\/avatar\/a0b128fb9855c79efc976d5640eedb31dc35ec297594d6016d2cf7c60e975bb6?s=96&d=mm&r=g","contentUrl":"https:\/\/secure.gravatar.com\/avatar\/a0b128fb9855c79efc976d5640eedb31dc35ec297594d6016d2cf7c60e975bb6?s=96&d=mm&r=g","caption":"Av. Deniz Can K\u0131z\u0131l"},"sameAs":["http:\/\/www.denizcankizil.tr"],"url":"https:\/\/denizcankizil.tr\/uk\/author\/denizcankizil\/"}]}},"_links":{"self":[{"href":"https:\/\/denizcankizil.tr\/uk\/wp-json\/wp\/v2\/posts\/65105","targetHints":{"allow":["GET"]}}],"collection":[{"href":"https:\/\/denizcankizil.tr\/uk\/wp-json\/wp\/v2\/posts"}],"about":[{"href":"https:\/\/denizcankizil.tr\/uk\/wp-json\/wp\/v2\/types\/post"}],"author":[{"embeddable":true,"href":"https:\/\/denizcankizil.tr\/uk\/wp-json\/wp\/v2\/users\/4"}],"replies":[{"embeddable":true,"href":"https:\/\/denizcankizil.tr\/uk\/wp-json\/wp\/v2\/comments?post=65105"}],"version-history":[{"count":0,"href":"https:\/\/denizcankizil.tr\/uk\/wp-json\/wp\/v2\/posts\/65105\/revisions"}],"wp:attachment":[{"href":"https:\/\/denizcankizil.tr\/uk\/wp-json\/wp\/v2\/media?parent=65105"}],"wp:term":[{"taxonomy":"category","embeddable":true,"href":"https:\/\/denizcankizil.tr\/uk\/wp-json\/wp\/v2\/categories?post=65105"},{"taxonomy":"post_tag","embeddable":true,"href":"https:\/\/denizcankizil.tr\/uk\/wp-json\/wp\/v2\/tags?post=65105"}],"curies":[{"name":"wp","href":"https:\/\/api.w.org\/{rel}","templated":true}]}}