{"id":6497,"date":"2024-10-22T09:43:30","date_gmt":"2024-10-22T06:43:30","guid":{"rendered":"https:\/\/denizcankizil.tr\/uncategorized-tr\/osmangazili-atlet-milli-takimda\/"},"modified":"2024-10-22T09:43:30","modified_gmt":"2024-10-22T06:43:30","slug":"osmangazili-atlet-milli-takimda","status":"publish","type":"post","link":"https:\/\/denizcankizil.tr\/uk\/haberler\/gundem\/osmangazili-atlet-milli-takimda\/","title":{"rendered":"Osmangazili atlet milli tak\u0131mda"},"content":{"rendered":"<p>Osmangazi Belediyespor Kul\u00fcb\u00fc\u2019n\u00fcn ba\u015far\u0131l\u0131 sporcusu Mehmet Kalyoncu, Turkcell T\u00fcrkiye Kros \u015eampiyonas\u0131\u2019nda \u00fc\u00e7\u00fcnc\u00fc oldu. Kalyoncu elde etti\u011fi bu ba\u015far\u0131 ile milli tak\u0131ma girmeye hak kazand\u0131. \u00a0<\/p>\n<p>\u200bOsmangazi Belediyespor Kul\u00fcb\u00fc\u2019n\u00fcn ba\u015far\u0131l\u0131 sporcusu Mehmet Kalyoncu, Turkcell T\u00fcrkiye Kros \u015eampiyonas\u0131\u2019nda \u00fc\u00e7\u00fcnc\u00fc oldu. Kalyoncu elde etti\u011fi bu ba\u015far\u0131 ile milli tak\u0131ma girmeye hak kazand\u0131. \u00a0\u00a0<\/p>\n<p>\u200bHaberin Al\u0131nt\u0131land\u0131\u011f\u0131 Kaynak: www.iskenderun.org<\/p>","protected":false},"excerpt":{"rendered":"<p>Osmangazi Belediyespor Kul\u00fcb\u00fc\u2019n\u00fcn ba\u015far\u0131l\u0131 sporcusu Mehmet Kalyoncu, Turkcell T\u00fcrkiye Kros \u015eampiyonas\u0131\u2019nda \u00fc\u00e7\u00fcnc\u00fc oldu. Kalyoncu elde etti\u011fi bu ba\u015far\u0131 ile milli tak\u0131ma girmeye hak kazand\u0131. \u00a0 \u200bOsmangazi Belediyespor Kul\u00fcb\u00fc\u2019n\u00fcn ba\u015far\u0131l\u0131 sporcusu Mehmet Kalyoncu, Turkcell T\u00fcrkiye Kros \u015eampiyonas\u0131\u2019nda \u00fc\u00e7\u00fcnc\u00fc oldu. Kalyoncu elde etti\u011fi bu ba\u015far\u0131 ile milli tak\u0131ma girmeye hak kazand\u0131. \u00a0\u00a0 \u200bHaberin Al\u0131nt\u0131land\u0131\u011f\u0131 Kaynak: www.iskenderun.org<\/p>","protected":false},"author":0,"featured_media":0,"comment_status":"open","ping_status":"open","sticky":false,"template":"","format":"standard","meta":{"_acf_changed":false,"footnotes":""},"categories":[24,535],"tags":[],"class_list":["post-6497","post","type-post","status-publish","format-standard","has-post-thumbnail","hentry","category-gundem","category-uncategorized-tr"],"acf":[],"yoast_head":"<!-- This site is optimized with the Yoast SEO Premium plugin v26.6 (Yoast SEO v27.1.1) - https:\/\/yoast.com\/product\/yoast-seo-premium-wordpress\/ -->\n<title>Osmangazili atlet milli tak\u0131mda - Av. Deniz Can K\u0131z\u0131l<\/title>\n<meta name=\"robots\" content=\"index, follow, max-snippet:-1, max-image-preview:large, max-video-preview:-1\" \/>\n<link rel=\"canonical\" href=\"https:\/\/denizcankizil.tr\/uk\/haberler\/gundem\/osmangazili-atlet-milli-takimda\/\" \/>\n<meta property=\"og:locale\" content=\"uk_UA\" \/>\n<meta property=\"og:type\" content=\"article\" \/>\n<meta property=\"og:title\" content=\"Osmangazili atlet milli tak\u0131mda\" \/>\n<meta property=\"og:description\" content=\"Osmangazi Belediyespor Kul\u00fcb\u00fc\u2019n\u00fcn ba\u015far\u0131l\u0131 sporcusu Mehmet Kalyoncu, Turkcell T\u00fcrkiye Kros \u015eampiyonas\u0131\u2019nda \u00fc\u00e7\u00fcnc\u00fc oldu. Kalyoncu elde etti\u011fi bu ba\u015far\u0131 ile milli tak\u0131ma girmeye hak kazand\u0131. \u00a0 \u200bOsmangazi Belediyespor Kul\u00fcb\u00fc\u2019n\u00fcn ba\u015far\u0131l\u0131 sporcusu Mehmet Kalyoncu, Turkcell T\u00fcrkiye Kros \u015eampiyonas\u0131\u2019nda \u00fc\u00e7\u00fcnc\u00fc oldu. Kalyoncu elde etti\u011fi bu ba\u015far\u0131 ile milli tak\u0131ma girmeye hak kazand\u0131. \u00a0\u00a0 \u200bHaberin Al\u0131nt\u0131land\u0131\u011f\u0131 Kaynak: www.iskenderun.org\" \/>\n<meta property=\"og:url\" content=\"https:\/\/denizcankizil.tr\/uk\/haberler\/gundem\/osmangazili-atlet-milli-takimda\/\" \/>\n<meta property=\"og:site_name\" content=\"Av. Deniz Can K\u0131z\u0131l\" \/>\n<meta property=\"article:published_time\" content=\"2024-10-22T06:43:30+00:00\" \/>\n<meta name=\"twitter:card\" content=\"summary_large_image\" \/>\n<script type=\"application\/ld+json\" class=\"yoast-schema-graph\">{\"@context\":\"https:\/\/schema.org\",\"@graph\":[{\"@type\":\"Article\",\"@id\":\"https:\/\/denizcankizil.tr\/uk\/haberler\/gundem\/osmangazili-atlet-milli-takimda\/#article\",\"isPartOf\":{\"@id\":\"https:\/\/denizcankizil.tr\/uk\/haberler\/gundem\/osmangazili-atlet-milli-takimda\/\"},\"author\":{\"name\":\"\",\"@id\":\"\"},\"headline\":\"Osmangazili atlet milli tak\u0131mda\",\"datePublished\":\"2024-10-22T06:43:30+00:00\",\"mainEntityOfPage\":{\"@id\":\"https:\/\/denizcankizil.tr\/uk\/haberler\/gundem\/osmangazili-atlet-milli-takimda\/\"},\"wordCount\":81,\"commentCount\":0,\"publisher\":{\"@id\":\"https:\/\/denizcankizil.tr\/#organization\"},\"articleSection\":[\"G\u00fcndem\",\"Uncategorized\"],\"inLanguage\":\"uk\",\"potentialAction\":[{\"@type\":\"CommentAction\",\"name\":\"Comment\",\"target\":[\"https:\/\/denizcankizil.tr\/uk\/haberler\/gundem\/osmangazili-atlet-milli-takimda\/#respond\"]}]},{\"@type\":\"WebPage\",\"@id\":\"https:\/\/denizcankizil.tr\/uk\/haberler\/gundem\/osmangazili-atlet-milli-takimda\/\",\"url\":\"https:\/\/denizcankizil.tr\/uk\/haberler\/gundem\/osmangazili-atlet-milli-takimda\/\",\"name\":\"Osmangazili atlet milli tak\u0131mda - Av. Deniz Can K\u0131z\u0131l\",\"isPartOf\":{\"@id\":\"https:\/\/denizcankizil.tr\/#website\"},\"datePublished\":\"2024-10-22T06:43:30+00:00\",\"breadcrumb\":{\"@id\":\"https:\/\/denizcankizil.tr\/uk\/haberler\/gundem\/osmangazili-atlet-milli-takimda\/#breadcrumb\"},\"inLanguage\":\"uk\",\"potentialAction\":[{\"@type\":\"ReadAction\",\"target\":[\"https:\/\/denizcankizil.tr\/uk\/haberler\/gundem\/osmangazili-atlet-milli-takimda\/\"]}]},{\"@type\":\"BreadcrumbList\",\"@id\":\"https:\/\/denizcankizil.tr\/uk\/haberler\/gundem\/osmangazili-atlet-milli-takimda\/#breadcrumb\",\"itemListElement\":[{\"@type\":\"ListItem\",\"position\":1,\"name\":\"Home\",\"item\":\"https:\/\/denizcankizil.tr\/uk\/\"},{\"@type\":\"ListItem\",\"position\":2,\"name\":\"Osmangazili atlet milli tak\u0131mda\"}]},{\"@type\":\"WebSite\",\"@id\":\"https:\/\/denizcankizil.tr\/#website\",\"url\":\"https:\/\/denizcankizil.tr\/\",\"name\":\"Av. Deniz Can K\u0131z\u0131l\",\"description\":\"Avukat Deniz Can K\u0131z\u0131l Antalya Barosu\",\"publisher\":{\"@id\":\"https:\/\/denizcankizil.tr\/#organization\"},\"potentialAction\":[{\"@type\":\"SearchAction\",\"target\":{\"@type\":\"EntryPoint\",\"urlTemplate\":\"https:\/\/denizcankizil.tr\/?s={search_term_string}\"},\"query-input\":{\"@type\":\"PropertyValueSpecification\",\"valueRequired\":true,\"valueName\":\"search_term_string\"}}],\"inLanguage\":\"uk\"},{\"@type\":\"Organization\",\"@id\":\"https:\/\/denizcankizil.tr\/#organization\",\"name\":\"Av. Deniz Can K\u0131z\u0131l\",\"url\":\"https:\/\/denizcankizil.tr\/\",\"logo\":{\"@type\":\"ImageObject\",\"inLanguage\":\"uk\",\"@id\":\"https:\/\/denizcankizil.tr\/#\/schema\/logo\/image\/\",\"url\":\"https:\/\/denizcankizil.tr\/wp-content\/uploads\/2024\/10\/siyah-logo-svg.svg\",\"contentUrl\":\"https:\/\/denizcankizil.tr\/wp-content\/uploads\/2024\/10\/siyah-logo-svg.svg\",\"width\":1080,\"height\":1080,\"caption\":\"Av. Deniz Can K\u0131z\u0131l\"},\"image\":{\"@id\":\"https:\/\/denizcankizil.tr\/#\/schema\/logo\/image\/\"}}]}<\/script>\n<!-- \/ Yoast SEO Premium plugin. -->","yoast_head_json":{"title":"Osmangazili atlet milli tak\u0131mda - Av. Deniz Can K\u0131z\u0131l","robots":{"index":"index","follow":"follow","max-snippet":"max-snippet:-1","max-image-preview":"max-image-preview:large","max-video-preview":"max-video-preview:-1"},"canonical":"https:\/\/denizcankizil.tr\/uk\/haberler\/gundem\/osmangazili-atlet-milli-takimda\/","og_locale":"uk_UA","og_type":"article","og_title":"Osmangazili atlet milli tak\u0131mda","og_description":"Osmangazi Belediyespor Kul\u00fcb\u00fc\u2019n\u00fcn ba\u015far\u0131l\u0131 sporcusu Mehmet Kalyoncu, Turkcell T\u00fcrkiye Kros \u015eampiyonas\u0131\u2019nda \u00fc\u00e7\u00fcnc\u00fc oldu. Kalyoncu elde etti\u011fi bu ba\u015far\u0131 ile milli tak\u0131ma girmeye hak kazand\u0131. \u00a0 \u200bOsmangazi Belediyespor Kul\u00fcb\u00fc\u2019n\u00fcn ba\u015far\u0131l\u0131 sporcusu Mehmet Kalyoncu, Turkcell T\u00fcrkiye Kros \u015eampiyonas\u0131\u2019nda \u00fc\u00e7\u00fcnc\u00fc oldu. Kalyoncu elde etti\u011fi bu ba\u015far\u0131 ile milli tak\u0131ma girmeye hak kazand\u0131. \u00a0\u00a0 \u200bHaberin Al\u0131nt\u0131land\u0131\u011f\u0131 Kaynak: www.iskenderun.org","og_url":"https:\/\/denizcankizil.tr\/uk\/haberler\/gundem\/osmangazili-atlet-milli-takimda\/","og_site_name":"Av. Deniz Can K\u0131z\u0131l","article_published_time":"2024-10-22T06:43:30+00:00","twitter_card":"summary_large_image","schema":{"@context":"https:\/\/schema.org","@graph":[{"@type":"Article","@id":"https:\/\/denizcankizil.tr\/uk\/haberler\/gundem\/osmangazili-atlet-milli-takimda\/#article","isPartOf":{"@id":"https:\/\/denizcankizil.tr\/uk\/haberler\/gundem\/osmangazili-atlet-milli-takimda\/"},"author":{"name":"","@id":""},"headline":"Osmangazili atlet milli tak\u0131mda","datePublished":"2024-10-22T06:43:30+00:00","mainEntityOfPage":{"@id":"https:\/\/denizcankizil.tr\/uk\/haberler\/gundem\/osmangazili-atlet-milli-takimda\/"},"wordCount":81,"commentCount":0,"publisher":{"@id":"https:\/\/denizcankizil.tr\/#organization"},"articleSection":["G\u00fcndem","Uncategorized"],"inLanguage":"uk","potentialAction":[{"@type":"CommentAction","name":"Comment","target":["https:\/\/denizcankizil.tr\/uk\/haberler\/gundem\/osmangazili-atlet-milli-takimda\/#respond"]}]},{"@type":"WebPage","@id":"https:\/\/denizcankizil.tr\/uk\/haberler\/gundem\/osmangazili-atlet-milli-takimda\/","url":"https:\/\/denizcankizil.tr\/uk\/haberler\/gundem\/osmangazili-atlet-milli-takimda\/","name":"Osmangazili atlet milli tak\u0131mda - Av. Deniz Can K\u0131z\u0131l","isPartOf":{"@id":"https:\/\/denizcankizil.tr\/#website"},"datePublished":"2024-10-22T06:43:30+00:00","breadcrumb":{"@id":"https:\/\/denizcankizil.tr\/uk\/haberler\/gundem\/osmangazili-atlet-milli-takimda\/#breadcrumb"},"inLanguage":"uk","potentialAction":[{"@type":"ReadAction","target":["https:\/\/denizcankizil.tr\/uk\/haberler\/gundem\/osmangazili-atlet-milli-takimda\/"]}]},{"@type":"BreadcrumbList","@id":"https:\/\/denizcankizil.tr\/uk\/haberler\/gundem\/osmangazili-atlet-milli-takimda\/#breadcrumb","itemListElement":[{"@type":"ListItem","position":1,"name":"Home","item":"https:\/\/denizcankizil.tr\/uk\/"},{"@type":"ListItem","position":2,"name":"Osmangazili atlet milli tak\u0131mda"}]},{"@type":"WebSite","@id":"https:\/\/denizcankizil.tr\/#website","url":"https:\/\/denizcankizil.tr\/","name":"Av. Deniz Can K\u0131z\u0131l","description":"Avukat Deniz Can K\u0131z\u0131l Antalya Barosu","publisher":{"@id":"https:\/\/denizcankizil.tr\/#organization"},"potentialAction":[{"@type":"SearchAction","target":{"@type":"EntryPoint","urlTemplate":"https:\/\/denizcankizil.tr\/?s={search_term_string}"},"query-input":{"@type":"PropertyValueSpecification","valueRequired":true,"valueName":"search_term_string"}}],"inLanguage":"uk"},{"@type":"Organization","@id":"https:\/\/denizcankizil.tr\/#organization","name":"Av. Deniz Can K\u0131z\u0131l","url":"https:\/\/denizcankizil.tr\/","logo":{"@type":"ImageObject","inLanguage":"uk","@id":"https:\/\/denizcankizil.tr\/#\/schema\/logo\/image\/","url":"https:\/\/denizcankizil.tr\/wp-content\/uploads\/2024\/10\/siyah-logo-svg.svg","contentUrl":"https:\/\/denizcankizil.tr\/wp-content\/uploads\/2024\/10\/siyah-logo-svg.svg","width":1080,"height":1080,"caption":"Av. Deniz Can K\u0131z\u0131l"},"image":{"@id":"https:\/\/denizcankizil.tr\/#\/schema\/logo\/image\/"}}]}},"_links":{"self":[{"href":"https:\/\/denizcankizil.tr\/uk\/wp-json\/wp\/v2\/posts\/6497","targetHints":{"allow":["GET"]}}],"collection":[{"href":"https:\/\/denizcankizil.tr\/uk\/wp-json\/wp\/v2\/posts"}],"about":[{"href":"https:\/\/denizcankizil.tr\/uk\/wp-json\/wp\/v2\/types\/post"}],"replies":[{"embeddable":true,"href":"https:\/\/denizcankizil.tr\/uk\/wp-json\/wp\/v2\/comments?post=6497"}],"version-history":[{"count":0,"href":"https:\/\/denizcankizil.tr\/uk\/wp-json\/wp\/v2\/posts\/6497\/revisions"}],"wp:attachment":[{"href":"https:\/\/denizcankizil.tr\/uk\/wp-json\/wp\/v2\/media?parent=6497"}],"wp:term":[{"taxonomy":"category","embeddable":true,"href":"https:\/\/denizcankizil.tr\/uk\/wp-json\/wp\/v2\/categories?post=6497"},{"taxonomy":"post_tag","embeddable":true,"href":"https:\/\/denizcankizil.tr\/uk\/wp-json\/wp\/v2\/tags?post=6497"}],"curies":[{"name":"wp","href":"https:\/\/api.w.org\/{rel}","templated":true}]}}