{"id":64819,"date":"2025-04-24T10:41:37","date_gmt":"2025-04-24T07:41:37","guid":{"rendered":"https:\/\/denizcankizil.tr\/uncategorized-tr\/manavgatli-dagci-mehmet-kocaakca-elbruz-daginda-yasamini-yitirdi-5-kisilik-grup-pazar-gunu-rusyaya-gitmisti\/"},"modified":"2025-04-24T10:41:37","modified_gmt":"2025-04-24T07:41:37","slug":"manavgatli-dagci-mehmet-kocaakca-elbruz-daginda-yasamini-yitirdi-5-kisilik-grup-pazar-gunu-rusyaya-gitmisti","status":"publish","type":"post","link":"https:\/\/denizcankizil.tr\/uk\/haberler\/gundem\/manavgatli-dagci-mehmet-kocaakca-elbruz-daginda-yasamini-yitirdi-5-kisilik-grup-pazar-gunu-rusyaya-gitmisti\/","title":{"rendered":"Manavgatl\u0131 da\u011fc\u0131 Mehmet Kocaak\u00e7a, Elbruz Da\u011f\u0131\u2019nda ya\u015fam\u0131n\u0131 yitirdi! 5 ki\u015filik grup Pazar g\u00fcn\u00fc Rusya\u2019ya gitmi\u015fti"},"content":{"rendered":"<p>Antalya&#8217;n\u0131n Manavgat il\u00e7esinde ya\u015fayan do\u011fasever ve da\u011fc\u0131 Mehmet Kocaak\u00e7a, Rusya s\u0131n\u0131rlar\u0131nda kalan Kafkas S\u0131rada\u011flar\u0131n\u0131n en y\u00fcksek zirvesi Elbruz Da\u011f\u0131&#8217;na yapt\u0131\u011f\u0131 t\u0131rman\u0131\u015f s\u0131ras\u0131nda hipotermi nedeniyle hayat\u0131n\u0131 kaybetti. Rusya Acil Durumlar Bakanl\u0131\u011f\u0131, 22 Nisan&#8217;da Elbruz Da\u011f\u0131&#8217;nda 5 bin 300 metre y\u00fckseklikte yard\u0131m \u00e7a\u011fr\u0131s\u0131 alan kurtarma ekiplerinin, 5 ki\u015filik gruptan 3 ki\u015fiyi sa\u011f kurtard\u0131\u011f\u0131n\u0131, 2 ki\u015finin ise ya\u015fam\u0131n\u0131 yitirdi\u011fini a\u00e7\u0131klad\u0131. Hayat\u0131n\u0131 kaybedenlerin Mehmet Kocaak\u00e7a ve Bursa&#8217;dan Dr. Kaz\u0131m G\u00fcler oldu\u011fu \u00f6\u011frenildi.<\/p>\n<p>DA\u011eIN Z\u0130RVES\u0130NDEN YARDIM \u00c7A\u011eRISI <\/p>\n<p>Edinilen bilgiye g\u00f6re, Antalya&#8217;n\u0131n Manavgat il\u00e7esinde do\u011fasever ve da\u011fc\u0131 Mehmet Kocaak\u00e7a, Alanya&#8217;dan Dr. Adnan Sar\u0131 ve turizmci \u0130zzet K\u00f6seo\u011flu, Antalya&#8217;dan Cihan Y\u0131ld\u0131r\u0131m ve Bursa&#8217;dan Dr. Kaz\u0131m G\u00fcler&#8217;den olu\u015fan 5 ki\u015filik grup Pazar G\u00fcn\u00fc Rusya&#8217;ya gitti. D\u00fcn, 5 ki\u015filik grup Rusya&#8217;da bulunan 5 bin 642 metre y\u00fckseklikteki d\u00fcnyaca \u00fcnl\u00fc Elbruz Da\u011f\u0131&#8217;na t\u0131rman\u0131\u015f yapt\u0131. Zirveye ula\u015fan grup, burada k\u00f6t\u00fc hava ko\u015fullar\u0131 nedeniyle hipotermi ge\u00e7irdi.<\/p>\n<p>DOKTOR G\u00dcLER DE YA\u015eAMINI Y\u0130T\u0130RD\u0130 <\/p>\n<p>Da\u011f\u0131n zirvesine ula\u015fan da\u011fc\u0131lar hipotermi ge\u00e7irirken Alanyal\u0131 da\u011fc\u0131lar Dr. Adnan Sar\u0131 ve turizmci \u0130zzet K\u00f6seo\u011flu yard\u0131m istedikten sonra kendi \u00e7abalar\u0131yla a\u015fa\u011f\u0131ya inmeyi ba\u015fard\u0131. Yard\u0131m \u00e7a\u011fr\u0131s\u0131 \u00fczerine 6 ki\u015fiden olu\u015fan Elbruz Y\u00fcksek Da\u011f Arama Kurtarma Timi zirvedeki 3 da\u011fc\u0131dan Antalyal\u0131 Cihan Y\u0131ld\u0131r\u0131m&#8217;a donmak \u00fczereyken ula\u015f\u0131rken, Manavgatl\u0131 Mehmet Kocaak\u00e7a&#8217;n\u0131n hayat\u0131n\u0131 kaybetti\u011fi belirlendi. Yap\u0131lan aramalar sonucunda Dr. Kaz\u0131m G\u00fcler&#8217;in de cans\u0131z bedeni de ula\u015f\u0131ld\u0131.<\/p>\n<p>BAKANLIKTAN A\u00c7IKLAMA GELD\u0130 <\/p>\n<p>Rusya Acil Durumlar Bakanl\u0131\u011f\u0131&#8217;ndan yap\u0131lan a\u00e7\u0131klamada, &#8220;22 Nisan&#8217;da Elbruz&#8217;ta 5 bin 300 metre y\u00fckseklikte, 5 turistten olu\u015fan bir grup acil yard\u0131m arad\u0131. Kat\u0131l\u0131mc\u0131lardan ikisi y\u00fckseklik hastal\u0131\u011f\u0131na yakaland\u0131. Rusya Acil Durumlar Bakanl\u0131\u011f\u0131&#8217;n\u0131n Elbruz Y\u00fcksek Da\u011f Arama ve Kurtarma Ekibi&#8217;nden alt\u0131 kurtarma g\u00f6revlisi acil durum yerine sevk edildi. 2 turist \u00f6l\u00fc bulunurken, 1 turist kurtar\u0131ld\u0131, 2 turistin kendi imkanlar\u0131yla kurtuldu\u011fu belirlendi&#8221; denildi.<\/p>\n<p>DO\u011eANIN VE K\u00d6Y\u00dcN\u00dcN SAVUNUCUSUYDU <\/p>\n<p>Ahmet K\u00f6y\u00fc do\u011fumlu Mehmet Kocaak\u00e7a, yaln\u0131zca do\u011fa y\u00fcr\u00fcy\u00fc\u015fleri, da\u011fc\u0131l\u0131k ve foto\u011fraf \u00e7ekimleriyle de\u011fil, \u00e7evre m\u00fccadelesiyle de tan\u0131n\u0131yordu. Do\u011fup b\u00fcy\u00fcd\u00fc\u011f\u00fc Ahmetler K\u00f6y\u00fc&#8217;ne yap\u0131lmak istenen HES projesine kar\u015f\u0131 ba\u015flat\u0131lan direni\u015fte aktif olarak yer alm\u0131\u015f, k\u00f6yl\u00fclerle birlikte m\u00fccadele etmi\u015fti. HES projesinin iptal edilmesi i\u00e7in y\u00fcr\u00fct\u00fclen kamuoyu \u00e7al\u0131\u015fmalar\u0131na \u00f6nc\u00fcl\u00fck eden Kocaak\u00e7a, do\u011fa ve ya\u015fam savunucular\u0131n\u0131n simge isimlerinden biri olmu\u015ftu.<\/p>\n<p>TAM B\u0130R DO\u011eA TUTKUNU<\/p>\n<p>Ba\u015fta Toroslar olmak \u00fczere T\u00fcrkiye&#8217;nin d\u00f6rt bir yan\u0131nda do\u011fa y\u00fcr\u00fcy\u00fc\u015fleri d\u00fczenleyen, sosyal medya hesab\u0131ndan yay\u0131nlad\u0131\u011f\u0131 foto\u011fraflarla do\u011faya olan tutkusunu payla\u015fan Kocaak\u00e7a, T\u00fcrkiye&#8217;nin \u00f6nemli da\u011fc\u0131lar\u0131yla birlikte T\u00fcrkiye, Azerbaycan, \u0130ran ve Rusya&#8217;daki zirvelere say\u0131s\u0131z t\u0131rman\u0131\u015f ger\u00e7ekle\u015ftirmi\u015fti.<\/p>\n<p>\u200bRusya s\u0131n\u0131rlar\u0131nda kalan Kafkas S\u0131rada\u011flar\u0131n\u0131n en y\u00fcksek zirvesi olan Elbruz Da\u011f\u0131&#8217;na t\u0131rmanan 5 ki\u015filik da\u011fc\u0131 grubu 5 bin 300 metre y\u00fckseklikte hipotermi ge\u00e7irdi. Grupta bulunan Manavgatl\u0131 da\u011fc\u0131-do\u011fasever Mehmet Kocaak\u00e7a ile Bursal\u0131 Dr. Kaz\u0131m G\u00fcler ya\u015fam\u0131n\u0131 yitirdi. Kocaak\u00e7a\u2019n\u0131n \u00f6l\u00fcm haberi, memleketi Manavgat\u2019ta b\u00fcy\u00fck \u00fcz\u00fcnt\u00fcye neden oldu.\u00a0<\/p>\n<p>\u200bHaberin Al\u0131nt\u0131land\u0131\u011f\u0131 Kaynak: www.antalyakorfez.com<\/p>","protected":false},"excerpt":{"rendered":"<p>Antalya&#8217;n\u0131n Manavgat il\u00e7esinde ya\u015fayan do\u011fasever ve da\u011fc\u0131 Mehmet Kocaak\u00e7a, Rusya s\u0131n\u0131rlar\u0131nda kalan Kafkas S\u0131rada\u011flar\u0131n\u0131n en y\u00fcksek zirvesi Elbruz Da\u011f\u0131&#8217;na yapt\u0131\u011f\u0131 t\u0131rman\u0131\u015f s\u0131ras\u0131nda hipotermi nedeniyle hayat\u0131n\u0131 kaybetti. Rusya Acil Durumlar Bakanl\u0131\u011f\u0131, 22 Nisan&#8217;da Elbruz Da\u011f\u0131&#8217;nda 5 bin 300 metre y\u00fckseklikte yard\u0131m \u00e7a\u011fr\u0131s\u0131 alan kurtarma ekiplerinin, 5 ki\u015filik gruptan 3 ki\u015fiyi sa\u011f kurtard\u0131\u011f\u0131n\u0131, 2 ki\u015finin ise ya\u015fam\u0131n\u0131 yitirdi\u011fini a\u00e7\u0131klad\u0131. Hayat\u0131n\u0131 kaybedenlerin Mehmet Kocaak\u00e7a ve Bursa&#8217;dan Dr. Kaz\u0131m G\u00fcler oldu\u011fu \u00f6\u011frenildi. DA\u011eIN Z\u0130RVES\u0130NDEN YARDIM \u00c7A\u011eRISI Edinilen bilgiye g\u00f6re, Antalya&#8217;n\u0131n Manavgat il\u00e7esinde do\u011fasever ve da\u011fc\u0131 Mehmet Kocaak\u00e7a, Alanya&#8217;dan Dr. Adnan Sar\u0131 ve turizmci \u0130zzet K\u00f6seo\u011flu, Antalya&#8217;dan Cihan Y\u0131ld\u0131r\u0131m ve Bursa&#8217;dan Dr. Kaz\u0131m G\u00fcler&#8217;den olu\u015fan 5 ki\u015filik grup Pazar G\u00fcn\u00fc Rusya&#8217;ya gitti. D\u00fcn, 5 ki\u015filik grup Rusya&#8217;da bulunan 5 bin 642 metre y\u00fckseklikteki d\u00fcnyaca \u00fcnl\u00fc Elbruz Da\u011f\u0131&#8217;na t\u0131rman\u0131\u015f yapt\u0131. Zirveye ula\u015fan grup, burada k\u00f6t\u00fc hava ko\u015fullar\u0131 nedeniyle hipotermi ge\u00e7irdi. DOKTOR G\u00dcLER DE YA\u015eAMINI Y\u0130T\u0130RD\u0130 Da\u011f\u0131n zirvesine ula\u015fan da\u011fc\u0131lar hipotermi ge\u00e7irirken Alanyal\u0131 da\u011fc\u0131lar Dr. Adnan Sar\u0131 ve turizmci \u0130zzet K\u00f6seo\u011flu yard\u0131m istedikten sonra kendi \u00e7abalar\u0131yla a\u015fa\u011f\u0131ya inmeyi ba\u015fard\u0131. Yard\u0131m \u00e7a\u011fr\u0131s\u0131 \u00fczerine 6 ki\u015fiden olu\u015fan Elbruz Y\u00fcksek Da\u011f Arama Kurtarma Timi zirvedeki 3 da\u011fc\u0131dan Antalyal\u0131 Cihan Y\u0131ld\u0131r\u0131m&#8217;a donmak \u00fczereyken ula\u015f\u0131rken, Manavgatl\u0131 Mehmet Kocaak\u00e7a&#8217;n\u0131n hayat\u0131n\u0131 kaybetti\u011fi belirlendi. Yap\u0131lan aramalar sonucunda Dr. Kaz\u0131m G\u00fcler&#8217;in de cans\u0131z bedeni de ula\u015f\u0131ld\u0131. &hellip;<\/p>","protected":false},"author":5,"featured_media":0,"comment_status":"","ping_status":"open","sticky":false,"template":"","format":"standard","meta":{"_acf_changed":false,"footnotes":""},"categories":[24],"tags":[],"class_list":["post-64819","post","type-post","status-publish","format-standard","has-post-thumbnail","hentry","category-gundem"],"acf":[],"yoast_head":"<!-- This site is optimized with the Yoast SEO Premium plugin v26.6 (Yoast SEO v27.1.1) - https:\/\/yoast.com\/product\/yoast-seo-premium-wordpress\/ -->\n<title>Manavgatl\u0131 da\u011fc\u0131 Mehmet Kocaak\u00e7a, Elbruz Da\u011f\u0131\u2019nda ya\u015fam\u0131n\u0131 yitirdi! 5 ki\u015filik grup Pazar g\u00fcn\u00fc Rusya\u2019ya gitmi\u015fti - Av. Deniz Can K\u0131z\u0131l<\/title>\n<meta name=\"robots\" content=\"index, follow, max-snippet:-1, max-image-preview:large, max-video-preview:-1\" \/>\n<link rel=\"canonical\" href=\"http:\/\/denizcankizil.tr\/uk\/haberler\/gundem\/manavgatli-dagci-mehmet-kocaakca-elbruz-daginda-yasamini-yitirdi-5-kisilik-grup-pazar-gunu-rusyaya-gitmisti\/\" \/>\n<meta property=\"og:locale\" content=\"uk_UA\" \/>\n<meta property=\"og:type\" content=\"article\" \/>\n<meta property=\"og:title\" content=\"Manavgatl\u0131 da\u011fc\u0131 Mehmet Kocaak\u00e7a, Elbruz Da\u011f\u0131\u2019nda ya\u015fam\u0131n\u0131 yitirdi! 5 ki\u015filik grup Pazar g\u00fcn\u00fc Rusya\u2019ya gitmi\u015fti\" \/>\n<meta property=\"og:description\" content=\"Antalya&#8217;n\u0131n Manavgat il\u00e7esinde ya\u015fayan do\u011fasever ve da\u011fc\u0131 Mehmet Kocaak\u00e7a, Rusya s\u0131n\u0131rlar\u0131nda kalan Kafkas S\u0131rada\u011flar\u0131n\u0131n en y\u00fcksek zirvesi Elbruz Da\u011f\u0131&#8217;na yapt\u0131\u011f\u0131 t\u0131rman\u0131\u015f s\u0131ras\u0131nda hipotermi nedeniyle hayat\u0131n\u0131 kaybetti. Rusya Acil Durumlar Bakanl\u0131\u011f\u0131, 22 Nisan&#8217;da Elbruz Da\u011f\u0131&#8217;nda 5 bin 300 metre y\u00fckseklikte yard\u0131m \u00e7a\u011fr\u0131s\u0131 alan kurtarma ekiplerinin, 5 ki\u015filik gruptan 3 ki\u015fiyi sa\u011f kurtard\u0131\u011f\u0131n\u0131, 2 ki\u015finin ise ya\u015fam\u0131n\u0131 yitirdi\u011fini a\u00e7\u0131klad\u0131. Hayat\u0131n\u0131 kaybedenlerin Mehmet Kocaak\u00e7a ve Bursa&#8217;dan Dr. Kaz\u0131m G\u00fcler oldu\u011fu \u00f6\u011frenildi. DA\u011eIN Z\u0130RVES\u0130NDEN YARDIM \u00c7A\u011eRISI Edinilen bilgiye g\u00f6re, Antalya&#8217;n\u0131n Manavgat il\u00e7esinde do\u011fasever ve da\u011fc\u0131 Mehmet Kocaak\u00e7a, Alanya&#8217;dan Dr. Adnan Sar\u0131 ve turizmci \u0130zzet K\u00f6seo\u011flu, Antalya&#8217;dan Cihan Y\u0131ld\u0131r\u0131m ve Bursa&#8217;dan Dr. Kaz\u0131m G\u00fcler&#8217;den olu\u015fan 5 ki\u015filik grup Pazar G\u00fcn\u00fc Rusya&#8217;ya gitti. D\u00fcn, 5 ki\u015filik grup Rusya&#8217;da bulunan 5 bin 642 metre y\u00fckseklikteki d\u00fcnyaca \u00fcnl\u00fc Elbruz Da\u011f\u0131&#8217;na t\u0131rman\u0131\u015f yapt\u0131. Zirveye ula\u015fan grup, burada k\u00f6t\u00fc hava ko\u015fullar\u0131 nedeniyle hipotermi ge\u00e7irdi. DOKTOR G\u00dcLER DE YA\u015eAMINI Y\u0130T\u0130RD\u0130 Da\u011f\u0131n zirvesine ula\u015fan da\u011fc\u0131lar hipotermi ge\u00e7irirken Alanyal\u0131 da\u011fc\u0131lar Dr. Adnan Sar\u0131 ve turizmci \u0130zzet K\u00f6seo\u011flu yard\u0131m istedikten sonra kendi \u00e7abalar\u0131yla a\u015fa\u011f\u0131ya inmeyi ba\u015fard\u0131. Yard\u0131m \u00e7a\u011fr\u0131s\u0131 \u00fczerine 6 ki\u015fiden olu\u015fan Elbruz Y\u00fcksek Da\u011f Arama Kurtarma Timi zirvedeki 3 da\u011fc\u0131dan Antalyal\u0131 Cihan Y\u0131ld\u0131r\u0131m&#8217;a donmak \u00fczereyken ula\u015f\u0131rken, Manavgatl\u0131 Mehmet Kocaak\u00e7a&#8217;n\u0131n hayat\u0131n\u0131 kaybetti\u011fi belirlendi. Yap\u0131lan aramalar sonucunda Dr. Kaz\u0131m G\u00fcler&#8217;in de cans\u0131z bedeni de ula\u015f\u0131ld\u0131. &hellip;\" \/>\n<meta property=\"og:url\" content=\"http:\/\/denizcankizil.tr\/uk\/haberler\/gundem\/manavgatli-dagci-mehmet-kocaakca-elbruz-daginda-yasamini-yitirdi-5-kisilik-grup-pazar-gunu-rusyaya-gitmisti\/\" \/>\n<meta property=\"og:site_name\" content=\"Av. Deniz Can K\u0131z\u0131l\" \/>\n<meta property=\"article:published_time\" content=\"2025-04-24T07:41:37+00:00\" \/>\n<meta name=\"author\" content=\"Antalya K\u00f6rfez\" \/>\n<meta name=\"twitter:card\" content=\"summary_large_image\" \/>\n<meta name=\"twitter:label1\" content=\"\u041d\u0430\u043f\u0438\u0441\u0430\u043d\u043e\" \/>\n\t<meta name=\"twitter:data1\" content=\"Antalya K\u00f6rfez\" \/>\n\t<meta name=\"twitter:label2\" content=\"\u041f\u0440\u0438\u0431\u043b. \u0447\u0430\u0441 \u0447\u0438\u0442\u0430\u043d\u043d\u044f\" \/>\n\t<meta name=\"twitter:data2\" content=\"3 \u0445\u0432\u0438\u043b\u0438\u043d\u0438\" \/>\n<script type=\"application\/ld+json\" class=\"yoast-schema-graph\">{\"@context\":\"https:\/\/schema.org\",\"@graph\":[{\"@type\":\"Article\",\"@id\":\"http:\/\/denizcankizil.tr\/en\/haberler\/gundem\/manavgatli-dagci-mehmet-kocaakca-elbruz-daginda-yasamini-yitirdi-5-kisilik-grup-pazar-gunu-rusyaya-gitmisti\/#article\",\"isPartOf\":{\"@id\":\"http:\/\/denizcankizil.tr\/en\/haberler\/gundem\/manavgatli-dagci-mehmet-kocaakca-elbruz-daginda-yasamini-yitirdi-5-kisilik-grup-pazar-gunu-rusyaya-gitmisti\/\"},\"author\":{\"name\":\"Antalya K\u00f6rfez\",\"@id\":\"https:\/\/denizcankizil.tr\/#\/schema\/person\/e1eb71bb4dd684d46563f0af307e1234\"},\"headline\":\"Manavgatl\u0131 da\u011fc\u0131 Mehmet Kocaak\u00e7a, Elbruz Da\u011f\u0131\u2019nda ya\u015fam\u0131n\u0131 yitirdi! 5 ki\u015filik grup Pazar g\u00fcn\u00fc Rusya\u2019ya gitmi\u015fti\",\"datePublished\":\"2025-04-24T07:41:37+00:00\",\"mainEntityOfPage\":{\"@id\":\"http:\/\/denizcankizil.tr\/en\/haberler\/gundem\/manavgatli-dagci-mehmet-kocaakca-elbruz-daginda-yasamini-yitirdi-5-kisilik-grup-pazar-gunu-rusyaya-gitmisti\/\"},\"wordCount\":664,\"publisher\":{\"@id\":\"https:\/\/denizcankizil.tr\/#organization\"},\"articleSection\":[\"G\u00fcndem\"],\"inLanguage\":\"uk\"},{\"@type\":\"WebPage\",\"@id\":\"http:\/\/denizcankizil.tr\/en\/haberler\/gundem\/manavgatli-dagci-mehmet-kocaakca-elbruz-daginda-yasamini-yitirdi-5-kisilik-grup-pazar-gunu-rusyaya-gitmisti\/\",\"url\":\"http:\/\/denizcankizil.tr\/en\/haberler\/gundem\/manavgatli-dagci-mehmet-kocaakca-elbruz-daginda-yasamini-yitirdi-5-kisilik-grup-pazar-gunu-rusyaya-gitmisti\/\",\"name\":\"Manavgatl\u0131 da\u011fc\u0131 Mehmet Kocaak\u00e7a, Elbruz Da\u011f\u0131\u2019nda ya\u015fam\u0131n\u0131 yitirdi! 5 ki\u015filik grup Pazar g\u00fcn\u00fc Rusya\u2019ya gitmi\u015fti - Av. Deniz Can K\u0131z\u0131l\",\"isPartOf\":{\"@id\":\"https:\/\/denizcankizil.tr\/#website\"},\"datePublished\":\"2025-04-24T07:41:37+00:00\",\"breadcrumb\":{\"@id\":\"http:\/\/denizcankizil.tr\/en\/haberler\/gundem\/manavgatli-dagci-mehmet-kocaakca-elbruz-daginda-yasamini-yitirdi-5-kisilik-grup-pazar-gunu-rusyaya-gitmisti\/#breadcrumb\"},\"inLanguage\":\"uk\",\"potentialAction\":[{\"@type\":\"ReadAction\",\"target\":[\"http:\/\/denizcankizil.tr\/en\/haberler\/gundem\/manavgatli-dagci-mehmet-kocaakca-elbruz-daginda-yasamini-yitirdi-5-kisilik-grup-pazar-gunu-rusyaya-gitmisti\/\"]}]},{\"@type\":\"BreadcrumbList\",\"@id\":\"http:\/\/denizcankizil.tr\/en\/haberler\/gundem\/manavgatli-dagci-mehmet-kocaakca-elbruz-daginda-yasamini-yitirdi-5-kisilik-grup-pazar-gunu-rusyaya-gitmisti\/#breadcrumb\",\"itemListElement\":[{\"@type\":\"ListItem\",\"position\":1,\"name\":\"Home\",\"item\":\"https:\/\/denizcankizil.tr\/de\/\"},{\"@type\":\"ListItem\",\"position\":2,\"name\":\"Manavgatl\u0131 da\u011fc\u0131 Mehmet Kocaak\u00e7a, Elbruz Da\u011f\u0131\u2019nda ya\u015fam\u0131n\u0131 yitirdi! 5 ki\u015filik grup Pazar g\u00fcn\u00fc Rusya\u2019ya gitmi\u015fti\"}]},{\"@type\":\"WebSite\",\"@id\":\"https:\/\/denizcankizil.tr\/#website\",\"url\":\"https:\/\/denizcankizil.tr\/\",\"name\":\"Av. Deniz Can K\u0131z\u0131l\",\"description\":\"Avukat Deniz Can K\u0131z\u0131l Antalya Barosu\",\"publisher\":{\"@id\":\"https:\/\/denizcankizil.tr\/#organization\"},\"potentialAction\":[{\"@type\":\"SearchAction\",\"target\":{\"@type\":\"EntryPoint\",\"urlTemplate\":\"https:\/\/denizcankizil.tr\/?s={search_term_string}\"},\"query-input\":{\"@type\":\"PropertyValueSpecification\",\"valueRequired\":true,\"valueName\":\"search_term_string\"}}],\"inLanguage\":\"uk\"},{\"@type\":\"Organization\",\"@id\":\"https:\/\/denizcankizil.tr\/#organization\",\"name\":\"Av. Deniz Can K\u0131z\u0131l\",\"url\":\"https:\/\/denizcankizil.tr\/\",\"logo\":{\"@type\":\"ImageObject\",\"inLanguage\":\"uk\",\"@id\":\"https:\/\/denizcankizil.tr\/#\/schema\/logo\/image\/\",\"url\":\"https:\/\/denizcankizil.tr\/wp-content\/uploads\/2024\/10\/siyah-logo-svg.svg\",\"contentUrl\":\"https:\/\/denizcankizil.tr\/wp-content\/uploads\/2024\/10\/siyah-logo-svg.svg\",\"width\":1080,\"height\":1080,\"caption\":\"Av. Deniz Can K\u0131z\u0131l\"},\"image\":{\"@id\":\"https:\/\/denizcankizil.tr\/#\/schema\/logo\/image\/\"}},{\"@type\":\"Person\",\"@id\":\"https:\/\/denizcankizil.tr\/#\/schema\/person\/e1eb71bb4dd684d46563f0af307e1234\",\"name\":\"Antalya K\u00f6rfez\",\"image\":{\"@type\":\"ImageObject\",\"inLanguage\":\"uk\",\"@id\":\"https:\/\/denizcankizil.tr\/#\/schema\/person\/image\/\",\"url\":\"https:\/\/secure.gravatar.com\/avatar\/42b01982558a48a0b501fdcab6a408d3717ea5919095ee2e67b0e521799c5905?s=96&d=mm&r=g\",\"contentUrl\":\"https:\/\/secure.gravatar.com\/avatar\/42b01982558a48a0b501fdcab6a408d3717ea5919095ee2e67b0e521799c5905?s=96&d=mm&r=g\",\"caption\":\"Antalya K\u00f6rfez\"},\"sameAs\":[\"http:\/\/www.antalyakorfez.com\"],\"url\":\"https:\/\/www.antalyakorfez.com\/manavgatli-dagci-mehmet-kocaakca-elbruz-daginda-yasamini-yitirdi\"}]}<\/script>\n<!-- \/ Yoast SEO Premium plugin. -->","yoast_head_json":{"title":"Manavgatl\u0131 da\u011fc\u0131 Mehmet Kocaak\u00e7a, Elbruz Da\u011f\u0131\u2019nda ya\u015fam\u0131n\u0131 yitirdi! 5 ki\u015filik grup Pazar g\u00fcn\u00fc Rusya\u2019ya gitmi\u015fti - Av. Deniz Can K\u0131z\u0131l","robots":{"index":"index","follow":"follow","max-snippet":"max-snippet:-1","max-image-preview":"max-image-preview:large","max-video-preview":"max-video-preview:-1"},"canonical":"http:\/\/denizcankizil.tr\/uk\/haberler\/gundem\/manavgatli-dagci-mehmet-kocaakca-elbruz-daginda-yasamini-yitirdi-5-kisilik-grup-pazar-gunu-rusyaya-gitmisti\/","og_locale":"uk_UA","og_type":"article","og_title":"Manavgatl\u0131 da\u011fc\u0131 Mehmet Kocaak\u00e7a, Elbruz Da\u011f\u0131\u2019nda ya\u015fam\u0131n\u0131 yitirdi! 5 ki\u015filik grup Pazar g\u00fcn\u00fc Rusya\u2019ya gitmi\u015fti","og_description":"Antalya&#8217;n\u0131n Manavgat il\u00e7esinde ya\u015fayan do\u011fasever ve da\u011fc\u0131 Mehmet Kocaak\u00e7a, Rusya s\u0131n\u0131rlar\u0131nda kalan Kafkas S\u0131rada\u011flar\u0131n\u0131n en y\u00fcksek zirvesi Elbruz Da\u011f\u0131&#8217;na yapt\u0131\u011f\u0131 t\u0131rman\u0131\u015f s\u0131ras\u0131nda hipotermi nedeniyle hayat\u0131n\u0131 kaybetti. Rusya Acil Durumlar Bakanl\u0131\u011f\u0131, 22 Nisan&#8217;da Elbruz Da\u011f\u0131&#8217;nda 5 bin 300 metre y\u00fckseklikte yard\u0131m \u00e7a\u011fr\u0131s\u0131 alan kurtarma ekiplerinin, 5 ki\u015filik gruptan 3 ki\u015fiyi sa\u011f kurtard\u0131\u011f\u0131n\u0131, 2 ki\u015finin ise ya\u015fam\u0131n\u0131 yitirdi\u011fini a\u00e7\u0131klad\u0131. Hayat\u0131n\u0131 kaybedenlerin Mehmet Kocaak\u00e7a ve Bursa&#8217;dan Dr. Kaz\u0131m G\u00fcler oldu\u011fu \u00f6\u011frenildi. DA\u011eIN Z\u0130RVES\u0130NDEN YARDIM \u00c7A\u011eRISI Edinilen bilgiye g\u00f6re, Antalya&#8217;n\u0131n Manavgat il\u00e7esinde do\u011fasever ve da\u011fc\u0131 Mehmet Kocaak\u00e7a, Alanya&#8217;dan Dr. Adnan Sar\u0131 ve turizmci \u0130zzet K\u00f6seo\u011flu, Antalya&#8217;dan Cihan Y\u0131ld\u0131r\u0131m ve Bursa&#8217;dan Dr. Kaz\u0131m G\u00fcler&#8217;den olu\u015fan 5 ki\u015filik grup Pazar G\u00fcn\u00fc Rusya&#8217;ya gitti. D\u00fcn, 5 ki\u015filik grup Rusya&#8217;da bulunan 5 bin 642 metre y\u00fckseklikteki d\u00fcnyaca \u00fcnl\u00fc Elbruz Da\u011f\u0131&#8217;na t\u0131rman\u0131\u015f yapt\u0131. Zirveye ula\u015fan grup, burada k\u00f6t\u00fc hava ko\u015fullar\u0131 nedeniyle hipotermi ge\u00e7irdi. DOKTOR G\u00dcLER DE YA\u015eAMINI Y\u0130T\u0130RD\u0130 Da\u011f\u0131n zirvesine ula\u015fan da\u011fc\u0131lar hipotermi ge\u00e7irirken Alanyal\u0131 da\u011fc\u0131lar Dr. Adnan Sar\u0131 ve turizmci \u0130zzet K\u00f6seo\u011flu yard\u0131m istedikten sonra kendi \u00e7abalar\u0131yla a\u015fa\u011f\u0131ya inmeyi ba\u015fard\u0131. Yard\u0131m \u00e7a\u011fr\u0131s\u0131 \u00fczerine 6 ki\u015fiden olu\u015fan Elbruz Y\u00fcksek Da\u011f Arama Kurtarma Timi zirvedeki 3 da\u011fc\u0131dan Antalyal\u0131 Cihan Y\u0131ld\u0131r\u0131m&#8217;a donmak \u00fczereyken ula\u015f\u0131rken, Manavgatl\u0131 Mehmet Kocaak\u00e7a&#8217;n\u0131n hayat\u0131n\u0131 kaybetti\u011fi belirlendi. Yap\u0131lan aramalar sonucunda Dr. Kaz\u0131m G\u00fcler&#8217;in de cans\u0131z bedeni de ula\u015f\u0131ld\u0131. &hellip;","og_url":"http:\/\/denizcankizil.tr\/uk\/haberler\/gundem\/manavgatli-dagci-mehmet-kocaakca-elbruz-daginda-yasamini-yitirdi-5-kisilik-grup-pazar-gunu-rusyaya-gitmisti\/","og_site_name":"Av. Deniz Can K\u0131z\u0131l","article_published_time":"2025-04-24T07:41:37+00:00","author":"Antalya K\u00f6rfez","twitter_card":"summary_large_image","twitter_misc":{"\u041d\u0430\u043f\u0438\u0441\u0430\u043d\u043e":"Antalya K\u00f6rfez","\u041f\u0440\u0438\u0431\u043b. \u0447\u0430\u0441 \u0447\u0438\u0442\u0430\u043d\u043d\u044f":"3 \u0445\u0432\u0438\u043b\u0438\u043d\u0438"},"schema":{"@context":"https:\/\/schema.org","@graph":[{"@type":"Article","@id":"http:\/\/denizcankizil.tr\/en\/haberler\/gundem\/manavgatli-dagci-mehmet-kocaakca-elbruz-daginda-yasamini-yitirdi-5-kisilik-grup-pazar-gunu-rusyaya-gitmisti\/#article","isPartOf":{"@id":"http:\/\/denizcankizil.tr\/en\/haberler\/gundem\/manavgatli-dagci-mehmet-kocaakca-elbruz-daginda-yasamini-yitirdi-5-kisilik-grup-pazar-gunu-rusyaya-gitmisti\/"},"author":{"name":"Antalya K\u00f6rfez","@id":"https:\/\/denizcankizil.tr\/#\/schema\/person\/e1eb71bb4dd684d46563f0af307e1234"},"headline":"Manavgatl\u0131 da\u011fc\u0131 Mehmet Kocaak\u00e7a, Elbruz Da\u011f\u0131\u2019nda ya\u015fam\u0131n\u0131 yitirdi! 5 ki\u015filik grup Pazar g\u00fcn\u00fc Rusya\u2019ya gitmi\u015fti","datePublished":"2025-04-24T07:41:37+00:00","mainEntityOfPage":{"@id":"http:\/\/denizcankizil.tr\/en\/haberler\/gundem\/manavgatli-dagci-mehmet-kocaakca-elbruz-daginda-yasamini-yitirdi-5-kisilik-grup-pazar-gunu-rusyaya-gitmisti\/"},"wordCount":664,"publisher":{"@id":"https:\/\/denizcankizil.tr\/#organization"},"articleSection":["G\u00fcndem"],"inLanguage":"uk"},{"@type":"WebPage","@id":"http:\/\/denizcankizil.tr\/en\/haberler\/gundem\/manavgatli-dagci-mehmet-kocaakca-elbruz-daginda-yasamini-yitirdi-5-kisilik-grup-pazar-gunu-rusyaya-gitmisti\/","url":"http:\/\/denizcankizil.tr\/en\/haberler\/gundem\/manavgatli-dagci-mehmet-kocaakca-elbruz-daginda-yasamini-yitirdi-5-kisilik-grup-pazar-gunu-rusyaya-gitmisti\/","name":"Manavgatl\u0131 da\u011fc\u0131 Mehmet Kocaak\u00e7a, Elbruz Da\u011f\u0131\u2019nda ya\u015fam\u0131n\u0131 yitirdi! 5 ki\u015filik grup Pazar g\u00fcn\u00fc Rusya\u2019ya gitmi\u015fti - Av. Deniz Can K\u0131z\u0131l","isPartOf":{"@id":"https:\/\/denizcankizil.tr\/#website"},"datePublished":"2025-04-24T07:41:37+00:00","breadcrumb":{"@id":"http:\/\/denizcankizil.tr\/en\/haberler\/gundem\/manavgatli-dagci-mehmet-kocaakca-elbruz-daginda-yasamini-yitirdi-5-kisilik-grup-pazar-gunu-rusyaya-gitmisti\/#breadcrumb"},"inLanguage":"uk","potentialAction":[{"@type":"ReadAction","target":["http:\/\/denizcankizil.tr\/en\/haberler\/gundem\/manavgatli-dagci-mehmet-kocaakca-elbruz-daginda-yasamini-yitirdi-5-kisilik-grup-pazar-gunu-rusyaya-gitmisti\/"]}]},{"@type":"BreadcrumbList","@id":"http:\/\/denizcankizil.tr\/en\/haberler\/gundem\/manavgatli-dagci-mehmet-kocaakca-elbruz-daginda-yasamini-yitirdi-5-kisilik-grup-pazar-gunu-rusyaya-gitmisti\/#breadcrumb","itemListElement":[{"@type":"ListItem","position":1,"name":"Home","item":"https:\/\/denizcankizil.tr\/de\/"},{"@type":"ListItem","position":2,"name":"Manavgatl\u0131 da\u011fc\u0131 Mehmet Kocaak\u00e7a, Elbruz Da\u011f\u0131\u2019nda ya\u015fam\u0131n\u0131 yitirdi! 5 ki\u015filik grup Pazar g\u00fcn\u00fc Rusya\u2019ya gitmi\u015fti"}]},{"@type":"WebSite","@id":"https:\/\/denizcankizil.tr\/#website","url":"https:\/\/denizcankizil.tr\/","name":"Av. Deniz Can K\u0131z\u0131l","description":"Avukat Deniz Can K\u0131z\u0131l Antalya Barosu","publisher":{"@id":"https:\/\/denizcankizil.tr\/#organization"},"potentialAction":[{"@type":"SearchAction","target":{"@type":"EntryPoint","urlTemplate":"https:\/\/denizcankizil.tr\/?s={search_term_string}"},"query-input":{"@type":"PropertyValueSpecification","valueRequired":true,"valueName":"search_term_string"}}],"inLanguage":"uk"},{"@type":"Organization","@id":"https:\/\/denizcankizil.tr\/#organization","name":"Av. Deniz Can K\u0131z\u0131l","url":"https:\/\/denizcankizil.tr\/","logo":{"@type":"ImageObject","inLanguage":"uk","@id":"https:\/\/denizcankizil.tr\/#\/schema\/logo\/image\/","url":"https:\/\/denizcankizil.tr\/wp-content\/uploads\/2024\/10\/siyah-logo-svg.svg","contentUrl":"https:\/\/denizcankizil.tr\/wp-content\/uploads\/2024\/10\/siyah-logo-svg.svg","width":1080,"height":1080,"caption":"Av. Deniz Can K\u0131z\u0131l"},"image":{"@id":"https:\/\/denizcankizil.tr\/#\/schema\/logo\/image\/"}},{"@type":"Person","@id":"https:\/\/denizcankizil.tr\/#\/schema\/person\/e1eb71bb4dd684d46563f0af307e1234","name":"Antalya K\u00f6rfez","image":{"@type":"ImageObject","inLanguage":"uk","@id":"https:\/\/denizcankizil.tr\/#\/schema\/person\/image\/","url":"https:\/\/secure.gravatar.com\/avatar\/42b01982558a48a0b501fdcab6a408d3717ea5919095ee2e67b0e521799c5905?s=96&d=mm&r=g","contentUrl":"https:\/\/secure.gravatar.com\/avatar\/42b01982558a48a0b501fdcab6a408d3717ea5919095ee2e67b0e521799c5905?s=96&d=mm&r=g","caption":"Antalya K\u00f6rfez"},"sameAs":["http:\/\/www.antalyakorfez.com"],"url":"https:\/\/www.antalyakorfez.com\/manavgatli-dagci-mehmet-kocaakca-elbruz-daginda-yasamini-yitirdi"}]}},"_links":{"self":[{"href":"https:\/\/denizcankizil.tr\/uk\/wp-json\/wp\/v2\/posts\/64819","targetHints":{"allow":["GET"]}}],"collection":[{"href":"https:\/\/denizcankizil.tr\/uk\/wp-json\/wp\/v2\/posts"}],"about":[{"href":"https:\/\/denizcankizil.tr\/uk\/wp-json\/wp\/v2\/types\/post"}],"author":[{"embeddable":true,"href":"https:\/\/denizcankizil.tr\/uk\/wp-json\/wp\/v2\/users\/5"}],"replies":[{"embeddable":true,"href":"https:\/\/denizcankizil.tr\/uk\/wp-json\/wp\/v2\/comments?post=64819"}],"version-history":[{"count":0,"href":"https:\/\/denizcankizil.tr\/uk\/wp-json\/wp\/v2\/posts\/64819\/revisions"}],"wp:attachment":[{"href":"https:\/\/denizcankizil.tr\/uk\/wp-json\/wp\/v2\/media?parent=64819"}],"wp:term":[{"taxonomy":"category","embeddable":true,"href":"https:\/\/denizcankizil.tr\/uk\/wp-json\/wp\/v2\/categories?post=64819"},{"taxonomy":"post_tag","embeddable":true,"href":"https:\/\/denizcankizil.tr\/uk\/wp-json\/wp\/v2\/tags?post=64819"}],"curies":[{"name":"wp","href":"https:\/\/api.w.org\/{rel}","templated":true}]}}