{"id":6464,"date":"2024-10-22T08:42:20","date_gmt":"2024-10-22T05:42:20","guid":{"rendered":"https:\/\/denizcankizil.tr\/uncategorized-tr\/minikler-kukla-oyunu-izledi\/"},"modified":"2024-10-22T08:42:20","modified_gmt":"2024-10-22T05:42:20","slug":"minikler-kukla-oyunu-izledi","status":"publish","type":"post","link":"https:\/\/denizcankizil.tr\/uk\/haberler\/gundem\/minikler-kukla-oyunu-izledi\/","title":{"rendered":"Minikler kukla oyunu izledi"},"content":{"rendered":"<p>L\u00fcleburgaz Belediyesi Kre\u015f ve\u00a0G\u00fcnd\u00fcz Bak\u0131mevi \u00f6\u011frencileri, Avrupa Yerel Demokrasi Haftas\u0131 kapsam\u0131nda L\u00fcleburgaz Belediyesi Kukla Tiyatrosu\u2019nun \u2018Kabu\u011funu K\u0131ramayan Yumurta\u2019 adl\u0131 kukla oyununu izledi.<\/p>\n<p>\u200bL\u00fcleburgaz Belediyesi Kre\u015f ve\u00a0G\u00fcnd\u00fcz Bak\u0131mevi \u00f6\u011frencileri, Avrupa Yerel Demokrasi Haftas\u0131 kapsam\u0131nda L\u00fcleburgaz Belediyesi Kukla Tiyatrosu\u2019nun \u2018Kabu\u011funu K\u0131ramayan Yumurta\u2019 adl\u0131 kukla oyununu izledi.\u00a0<\/p>\n<p>\u200bHaberin Al\u0131nt\u0131land\u0131\u011f\u0131 Kaynak: www.iskenderun.org<\/p>","protected":false},"excerpt":{"rendered":"<p>L\u00fcleburgaz Belediyesi Kre\u015f ve\u00a0G\u00fcnd\u00fcz Bak\u0131mevi \u00f6\u011frencileri, Avrupa Yerel Demokrasi Haftas\u0131 kapsam\u0131nda L\u00fcleburgaz Belediyesi Kukla Tiyatrosu\u2019nun \u2018Kabu\u011funu K\u0131ramayan Yumurta\u2019 adl\u0131 kukla oyununu izledi. \u200bL\u00fcleburgaz Belediyesi Kre\u015f ve\u00a0G\u00fcnd\u00fcz Bak\u0131mevi \u00f6\u011frencileri, Avrupa Yerel Demokrasi Haftas\u0131 kapsam\u0131nda L\u00fcleburgaz Belediyesi Kukla Tiyatrosu\u2019nun \u2018Kabu\u011funu K\u0131ramayan Yumurta\u2019 adl\u0131 kukla oyununu izledi.\u00a0 \u200bHaberin Al\u0131nt\u0131land\u0131\u011f\u0131 Kaynak: www.iskenderun.org<\/p>","protected":false},"author":0,"featured_media":0,"comment_status":"open","ping_status":"open","sticky":false,"template":"","format":"standard","meta":{"_acf_changed":false,"footnotes":""},"categories":[24,535],"tags":[],"class_list":["post-6464","post","type-post","status-publish","format-standard","has-post-thumbnail","hentry","category-gundem","category-uncategorized-tr"],"acf":[],"yoast_head":"<!-- This site is optimized with the Yoast SEO Premium plugin v26.6 (Yoast SEO v27.1.1) - https:\/\/yoast.com\/product\/yoast-seo-premium-wordpress\/ -->\n<title>Minikler kukla oyunu izledi - Av. Deniz Can K\u0131z\u0131l<\/title>\n<meta name=\"robots\" content=\"index, follow, max-snippet:-1, max-image-preview:large, max-video-preview:-1\" \/>\n<link rel=\"canonical\" href=\"http:\/\/denizcankizil.tr\/uk\/haberler\/gundem\/minikler-kukla-oyunu-izledi\/\" \/>\n<meta property=\"og:locale\" content=\"uk_UA\" \/>\n<meta property=\"og:type\" content=\"article\" \/>\n<meta property=\"og:title\" content=\"Minikler kukla oyunu izledi\" \/>\n<meta property=\"og:description\" content=\"L\u00fcleburgaz Belediyesi Kre\u015f ve\u00a0G\u00fcnd\u00fcz Bak\u0131mevi \u00f6\u011frencileri, Avrupa Yerel Demokrasi Haftas\u0131 kapsam\u0131nda L\u00fcleburgaz Belediyesi Kukla Tiyatrosu\u2019nun \u2018Kabu\u011funu K\u0131ramayan Yumurta\u2019 adl\u0131 kukla oyununu izledi. \u200bL\u00fcleburgaz Belediyesi Kre\u015f ve\u00a0G\u00fcnd\u00fcz Bak\u0131mevi \u00f6\u011frencileri, Avrupa Yerel Demokrasi Haftas\u0131 kapsam\u0131nda L\u00fcleburgaz Belediyesi Kukla Tiyatrosu\u2019nun \u2018Kabu\u011funu K\u0131ramayan Yumurta\u2019 adl\u0131 kukla oyununu izledi.\u00a0 \u200bHaberin Al\u0131nt\u0131land\u0131\u011f\u0131 Kaynak: www.iskenderun.org\" \/>\n<meta property=\"og:url\" content=\"http:\/\/denizcankizil.tr\/uk\/haberler\/gundem\/minikler-kukla-oyunu-izledi\/\" \/>\n<meta property=\"og:site_name\" content=\"Av. Deniz Can K\u0131z\u0131l\" \/>\n<meta property=\"article:published_time\" content=\"2024-10-22T05:42:20+00:00\" \/>\n<meta name=\"twitter:card\" content=\"summary_large_image\" \/>\n<script type=\"application\/ld+json\" class=\"yoast-schema-graph\">{\"@context\":\"https:\/\/schema.org\",\"@graph\":[{\"@type\":\"Article\",\"@id\":\"http:\/\/denizcankizil.tr\/ru\/haberler\/gundem\/minikler-kukla-oyunu-izledi\/#article\",\"isPartOf\":{\"@id\":\"http:\/\/denizcankizil.tr\/ru\/haberler\/gundem\/minikler-kukla-oyunu-izledi\/\"},\"author\":{\"name\":\"\",\"@id\":\"\"},\"headline\":\"Minikler kukla oyunu izledi\",\"datePublished\":\"2024-10-22T05:42:20+00:00\",\"mainEntityOfPage\":{\"@id\":\"http:\/\/denizcankizil.tr\/ru\/haberler\/gundem\/minikler-kukla-oyunu-izledi\/\"},\"wordCount\":76,\"commentCount\":0,\"publisher\":{\"@id\":\"https:\/\/denizcankizil.tr\/de\/#organization\"},\"articleSection\":[\"G\u00fcndem\",\"Uncategorized\"],\"inLanguage\":\"uk\",\"potentialAction\":[{\"@type\":\"CommentAction\",\"name\":\"Comment\",\"target\":[\"http:\/\/denizcankizil.tr\/ru\/haberler\/gundem\/minikler-kukla-oyunu-izledi\/#respond\"]}]},{\"@type\":\"WebPage\",\"@id\":\"http:\/\/denizcankizil.tr\/ru\/haberler\/gundem\/minikler-kukla-oyunu-izledi\/\",\"url\":\"http:\/\/denizcankizil.tr\/ru\/haberler\/gundem\/minikler-kukla-oyunu-izledi\/\",\"name\":\"Minikler kukla oyunu izledi - Av. Deniz Can K\u0131z\u0131l\",\"isPartOf\":{\"@id\":\"https:\/\/denizcankizil.tr\/de\/#website\"},\"datePublished\":\"2024-10-22T05:42:20+00:00\",\"breadcrumb\":{\"@id\":\"http:\/\/denizcankizil.tr\/ru\/haberler\/gundem\/minikler-kukla-oyunu-izledi\/#breadcrumb\"},\"inLanguage\":\"uk\",\"potentialAction\":[{\"@type\":\"ReadAction\",\"target\":[\"http:\/\/denizcankizil.tr\/ru\/haberler\/gundem\/minikler-kukla-oyunu-izledi\/\"]}]},{\"@type\":\"BreadcrumbList\",\"@id\":\"http:\/\/denizcankizil.tr\/ru\/haberler\/gundem\/minikler-kukla-oyunu-izledi\/#breadcrumb\",\"itemListElement\":[{\"@type\":\"ListItem\",\"position\":1,\"name\":\"Home\",\"item\":\"https:\/\/denizcankizil.tr\/de\/\"},{\"@type\":\"ListItem\",\"position\":2,\"name\":\"Minikler kukla oyunu izledi\"}]},{\"@type\":\"WebSite\",\"@id\":\"https:\/\/denizcankizil.tr\/de\/#website\",\"url\":\"https:\/\/denizcankizil.tr\/de\/\",\"name\":\"Av. Deniz Can K\u0131z\u0131l\",\"description\":\"Avukat Deniz Can K\u0131z\u0131l Antalya Barosu\",\"publisher\":{\"@id\":\"https:\/\/denizcankizil.tr\/de\/#organization\"},\"potentialAction\":[{\"@type\":\"SearchAction\",\"target\":{\"@type\":\"EntryPoint\",\"urlTemplate\":\"https:\/\/denizcankizil.tr\/de\/?s={search_term_string}\"},\"query-input\":{\"@type\":\"PropertyValueSpecification\",\"valueRequired\":true,\"valueName\":\"search_term_string\"}}],\"inLanguage\":\"uk\"},{\"@type\":\"Organization\",\"@id\":\"https:\/\/denizcankizil.tr\/de\/#organization\",\"name\":\"Av. Deniz Can K\u0131z\u0131l\",\"url\":\"https:\/\/denizcankizil.tr\/de\/\",\"logo\":{\"@type\":\"ImageObject\",\"inLanguage\":\"uk\",\"@id\":\"https:\/\/denizcankizil.tr\/de\/#\/schema\/logo\/image\/\",\"url\":\"https:\/\/denizcankizil.tr\/wp-content\/uploads\/2024\/10\/siyah-logo-svg.svg\",\"contentUrl\":\"https:\/\/denizcankizil.tr\/wp-content\/uploads\/2024\/10\/siyah-logo-svg.svg\",\"width\":1080,\"height\":1080,\"caption\":\"Av. Deniz Can K\u0131z\u0131l\"},\"image\":{\"@id\":\"https:\/\/denizcankizil.tr\/de\/#\/schema\/logo\/image\/\"}}]}<\/script>\n<!-- \/ Yoast SEO Premium plugin. -->","yoast_head_json":{"title":"Minikler kukla oyunu izledi - Av. Deniz Can K\u0131z\u0131l","robots":{"index":"index","follow":"follow","max-snippet":"max-snippet:-1","max-image-preview":"max-image-preview:large","max-video-preview":"max-video-preview:-1"},"canonical":"http:\/\/denizcankizil.tr\/uk\/haberler\/gundem\/minikler-kukla-oyunu-izledi\/","og_locale":"uk_UA","og_type":"article","og_title":"Minikler kukla oyunu izledi","og_description":"L\u00fcleburgaz Belediyesi Kre\u015f ve\u00a0G\u00fcnd\u00fcz Bak\u0131mevi \u00f6\u011frencileri, Avrupa Yerel Demokrasi Haftas\u0131 kapsam\u0131nda L\u00fcleburgaz Belediyesi Kukla Tiyatrosu\u2019nun \u2018Kabu\u011funu K\u0131ramayan Yumurta\u2019 adl\u0131 kukla oyununu izledi. \u200bL\u00fcleburgaz Belediyesi Kre\u015f ve\u00a0G\u00fcnd\u00fcz Bak\u0131mevi \u00f6\u011frencileri, Avrupa Yerel Demokrasi Haftas\u0131 kapsam\u0131nda L\u00fcleburgaz Belediyesi Kukla Tiyatrosu\u2019nun \u2018Kabu\u011funu K\u0131ramayan Yumurta\u2019 adl\u0131 kukla oyununu izledi.\u00a0 \u200bHaberin Al\u0131nt\u0131land\u0131\u011f\u0131 Kaynak: www.iskenderun.org","og_url":"http:\/\/denizcankizil.tr\/uk\/haberler\/gundem\/minikler-kukla-oyunu-izledi\/","og_site_name":"Av. Deniz Can K\u0131z\u0131l","article_published_time":"2024-10-22T05:42:20+00:00","twitter_card":"summary_large_image","schema":{"@context":"https:\/\/schema.org","@graph":[{"@type":"Article","@id":"http:\/\/denizcankizil.tr\/ru\/haberler\/gundem\/minikler-kukla-oyunu-izledi\/#article","isPartOf":{"@id":"http:\/\/denizcankizil.tr\/ru\/haberler\/gundem\/minikler-kukla-oyunu-izledi\/"},"author":{"name":"","@id":""},"headline":"Minikler kukla oyunu izledi","datePublished":"2024-10-22T05:42:20+00:00","mainEntityOfPage":{"@id":"http:\/\/denizcankizil.tr\/ru\/haberler\/gundem\/minikler-kukla-oyunu-izledi\/"},"wordCount":76,"commentCount":0,"publisher":{"@id":"https:\/\/denizcankizil.tr\/de\/#organization"},"articleSection":["G\u00fcndem","Uncategorized"],"inLanguage":"uk","potentialAction":[{"@type":"CommentAction","name":"Comment","target":["http:\/\/denizcankizil.tr\/ru\/haberler\/gundem\/minikler-kukla-oyunu-izledi\/#respond"]}]},{"@type":"WebPage","@id":"http:\/\/denizcankizil.tr\/ru\/haberler\/gundem\/minikler-kukla-oyunu-izledi\/","url":"http:\/\/denizcankizil.tr\/ru\/haberler\/gundem\/minikler-kukla-oyunu-izledi\/","name":"Minikler kukla oyunu izledi - Av. Deniz Can K\u0131z\u0131l","isPartOf":{"@id":"https:\/\/denizcankizil.tr\/de\/#website"},"datePublished":"2024-10-22T05:42:20+00:00","breadcrumb":{"@id":"http:\/\/denizcankizil.tr\/ru\/haberler\/gundem\/minikler-kukla-oyunu-izledi\/#breadcrumb"},"inLanguage":"uk","potentialAction":[{"@type":"ReadAction","target":["http:\/\/denizcankizil.tr\/ru\/haberler\/gundem\/minikler-kukla-oyunu-izledi\/"]}]},{"@type":"BreadcrumbList","@id":"http:\/\/denizcankizil.tr\/ru\/haberler\/gundem\/minikler-kukla-oyunu-izledi\/#breadcrumb","itemListElement":[{"@type":"ListItem","position":1,"name":"Home","item":"https:\/\/denizcankizil.tr\/de\/"},{"@type":"ListItem","position":2,"name":"Minikler kukla oyunu izledi"}]},{"@type":"WebSite","@id":"https:\/\/denizcankizil.tr\/de\/#website","url":"https:\/\/denizcankizil.tr\/de\/","name":"Av. Deniz Can K\u0131z\u0131l","description":"Avukat Deniz Can K\u0131z\u0131l Antalya Barosu","publisher":{"@id":"https:\/\/denizcankizil.tr\/de\/#organization"},"potentialAction":[{"@type":"SearchAction","target":{"@type":"EntryPoint","urlTemplate":"https:\/\/denizcankizil.tr\/de\/?s={search_term_string}"},"query-input":{"@type":"PropertyValueSpecification","valueRequired":true,"valueName":"search_term_string"}}],"inLanguage":"uk"},{"@type":"Organization","@id":"https:\/\/denizcankizil.tr\/de\/#organization","name":"Av. Deniz Can K\u0131z\u0131l","url":"https:\/\/denizcankizil.tr\/de\/","logo":{"@type":"ImageObject","inLanguage":"uk","@id":"https:\/\/denizcankizil.tr\/de\/#\/schema\/logo\/image\/","url":"https:\/\/denizcankizil.tr\/wp-content\/uploads\/2024\/10\/siyah-logo-svg.svg","contentUrl":"https:\/\/denizcankizil.tr\/wp-content\/uploads\/2024\/10\/siyah-logo-svg.svg","width":1080,"height":1080,"caption":"Av. Deniz Can K\u0131z\u0131l"},"image":{"@id":"https:\/\/denizcankizil.tr\/de\/#\/schema\/logo\/image\/"}}]}},"_links":{"self":[{"href":"https:\/\/denizcankizil.tr\/uk\/wp-json\/wp\/v2\/posts\/6464","targetHints":{"allow":["GET"]}}],"collection":[{"href":"https:\/\/denizcankizil.tr\/uk\/wp-json\/wp\/v2\/posts"}],"about":[{"href":"https:\/\/denizcankizil.tr\/uk\/wp-json\/wp\/v2\/types\/post"}],"replies":[{"embeddable":true,"href":"https:\/\/denizcankizil.tr\/uk\/wp-json\/wp\/v2\/comments?post=6464"}],"version-history":[{"count":0,"href":"https:\/\/denizcankizil.tr\/uk\/wp-json\/wp\/v2\/posts\/6464\/revisions"}],"wp:attachment":[{"href":"https:\/\/denizcankizil.tr\/uk\/wp-json\/wp\/v2\/media?parent=6464"}],"wp:term":[{"taxonomy":"category","embeddable":true,"href":"https:\/\/denizcankizil.tr\/uk\/wp-json\/wp\/v2\/categories?post=6464"},{"taxonomy":"post_tag","embeddable":true,"href":"https:\/\/denizcankizil.tr\/uk\/wp-json\/wp\/v2\/tags?post=6464"}],"curies":[{"name":"wp","href":"https:\/\/api.w.org\/{rel}","templated":true}]}}