{"id":64207,"date":"2025-04-23T20:41:14","date_gmt":"2025-04-23T17:41:14","guid":{"rendered":"https:\/\/denizcankizil.tr\/uncategorized-tr\/istanbul-beklenen-buyuk-depremi-atlatti-mi-deprem-uzmanindan-100-yillik-tahmin\/"},"modified":"2025-04-23T20:41:14","modified_gmt":"2025-04-23T17:41:14","slug":"istanbul-beklenen-buyuk-depremi-atlatti-mi-deprem-uzmanindan-100-yillik-tahmin","status":"publish","type":"post","link":"https:\/\/denizcankizil.tr\/uk\/haberler\/gundem\/istanbul-beklenen-buyuk-depremi-atlatti-mi-deprem-uzmanindan-100-yillik-tahmin\/","title":{"rendered":"\u0130stanbul, beklenen b\u00fcy\u00fck depremi atlatt\u0131 m\u0131? Deprem uzman\u0131ndan 100 y\u0131ll\u0131k tahmin&#8230;"},"content":{"rendered":"<p>\u0130stanbul Silivri a\u00e7\u0131klar\u0131nda bug\u00fcn saat 12.13&#8217;te 3,9 b\u00fcy\u00fckl\u00fc\u011f\u00fcnde, ard\u0131ndan saat 12.49 s\u0131ralar\u0131nda k\u0131y\u0131dan 23 kilometre uzakl\u0131k ve 7 kilometre derinlikte 6,2 b\u00fcy\u00fckl\u00fc\u011f\u00fcnde deprem medyana gelmesi ile dikkatlerin \u00e7evrildi\u011fi deprem uzmanlar\u0131 ard\u0131 ard\u0131na de\u011ferlendirmeler yapmaya devam ediyor. Depremin \u0130stanbul i\u00e7in beklenen b\u00fcy\u00fck deprem olup olmad\u0131\u011f\u0131 konusunda uzmanlar \u00e7e\u015fitli g\u00f6r\u00fc\u015fler dile getirirken Y\u00fcksek Jeoloji M\u00fchendisi Beytullah Sara\u00e7, yapt\u0131\u011f\u0131 farkl\u0131 bir de\u011ferlendirme ile dikkat \u00e7ekti.<\/p>\n<p>YILLARDIR BEKLENEN DEPREM BU DEPREM M\u0130?<\/p>\n<p>Y\u00fcksek Jeoloji M\u00fchendisi Beytullah Sara\u00e7, sosyal medya hesab\u0131 X \u00fczerinden yapt\u0131\u011f\u0131 de\u011ferlendirmede y\u00fcreklere su serpti. Sara\u00e7, &#8220;De\u011ferli Arkada\u015flar erken konu\u015fmamak i\u00e7in, verilerin netle\u015fmesini bekledi\u011fim i\u00e7in kesin yorum yapm\u0131yorum. Ancak bu 6.3 b\u00fcy\u00fckl\u00fc\u011f\u00fcndeki deprem, y\u0131llard\u0131r bahsetti\u011fimiz \u0130stanbul i\u00e7in tek risk ta\u015f\u0131yan fay olan Kumburgaz \u00e7ukuru fay\u0131nda ger\u00e7ekle\u015fti&#8221; ifadelerini kulland\u0131.<\/p>\n<p>DEPREM UZMANI SARA\u00c7, 100 YILLIK TAHM\u0130N\u0130 A\u00c7IKLADI<\/p>\n<p>Y\u00fcksek Jeoloji M\u00fchendisi Beytullah Sara\u00e7, 6,2 b\u00fcy\u00fckl\u00fc\u011f\u00fcndeki deprem ve devam eden art\u00e7\u0131 sars\u0131nt\u0131larla ilgili vatanda\u015flar\u0131 uyararak, &#8220;Evet binalar\u0131m\u0131zdan bir s\u00fcre uzak dural\u0131m&#8221; dedi. Sara\u00e7&#8217;\u0131n y\u00fcreklere su serpen de\u011ferlendirmesi ise \u0130stanbul i\u00e7in beklenen b\u00fcy\u00fck deprem tahmini oldu. &#8220;\u0130stanbul&#8217;da bu y\u00fczy\u0131ldaki deprem riskini atlatt\u0131k diyebiliriz.&#8221; diyen Sara\u00e7, Kumburgaz \u00c7ukuru Fay\u0131&#8217;n\u0131 i\u015faret ederek, &#8220;Deprem tam s\u00f6yledi\u011fimiz konumda meydana geldi. Veriler geldik\u00e7e daha detayl\u0131 a\u00e7\u0131klamalar yapar\u0131z. Gelmi\u015f ge\u00e7mi\u015f olsun diyelim&#8221; ifadelerini kulland\u0131.<\/p>\n<p>\u200bY\u00fcksek Jeoloji M\u00fchendisi Beytullah Sara\u00e7, bug\u00fcn \u0130stanbul Silivri a\u00e7\u0131klar\u0131nda meydana gelen 6,3 b\u00fcy\u00fckl\u00fc\u011f\u00fcndeki depremin, \u0130stanbul i\u00e7in beklenen b\u00fcy\u00fck deprem oldu\u011funa dikkat \u00e7ekerek \u00e7ap\u0131c\u0131 a\u00e7\u0131klamalar yapt\u0131.  Depremin, tek risk ta\u015f\u0131yan Kumburgaz \u00c7ukuru Fay\u0131&#8217;nda meydana geldi\u011fine dikkat \u00e7eken deprem uzman\u0131 Sara\u00e7, \u00f6n\u00fcm\u00fczdeki 100 y\u0131l i\u00e7in umut dolu mesajlar verdi. \u0130\u015fte detaylar&#8230;\u00a0<\/p>\n<p>\u200bHaberin Al\u0131nt\u0131land\u0131\u011f\u0131 Kaynak: www.antalyakorfez.com<\/p>","protected":false},"excerpt":{"rendered":"<p>\u0130stanbul Silivri a\u00e7\u0131klar\u0131nda bug\u00fcn saat 12.13&#8217;te 3,9 b\u00fcy\u00fckl\u00fc\u011f\u00fcnde, ard\u0131ndan saat 12.49 s\u0131ralar\u0131nda k\u0131y\u0131dan 23 kilometre uzakl\u0131k ve 7 kilometre derinlikte 6,2 b\u00fcy\u00fckl\u00fc\u011f\u00fcnde deprem medyana gelmesi ile dikkatlerin \u00e7evrildi\u011fi deprem uzmanlar\u0131 ard\u0131 ard\u0131na de\u011ferlendirmeler yapmaya devam ediyor. Depremin \u0130stanbul i\u00e7in beklenen b\u00fcy\u00fck deprem olup olmad\u0131\u011f\u0131 konusunda uzmanlar \u00e7e\u015fitli g\u00f6r\u00fc\u015fler dile getirirken Y\u00fcksek Jeoloji M\u00fchendisi Beytullah Sara\u00e7, yapt\u0131\u011f\u0131 farkl\u0131 bir de\u011ferlendirme ile dikkat \u00e7ekti. YILLARDIR BEKLENEN DEPREM BU DEPREM M\u0130? Y\u00fcksek Jeoloji M\u00fchendisi Beytullah Sara\u00e7, sosyal medya hesab\u0131 X \u00fczerinden yapt\u0131\u011f\u0131 de\u011ferlendirmede y\u00fcreklere su serpti. Sara\u00e7, &#8220;De\u011ferli Arkada\u015flar erken konu\u015fmamak i\u00e7in, verilerin netle\u015fmesini bekledi\u011fim i\u00e7in kesin yorum yapm\u0131yorum. Ancak bu 6.3 b\u00fcy\u00fckl\u00fc\u011f\u00fcndeki deprem, y\u0131llard\u0131r bahsetti\u011fimiz \u0130stanbul i\u00e7in tek risk ta\u015f\u0131yan fay olan Kumburgaz \u00e7ukuru fay\u0131nda ger\u00e7ekle\u015fti&#8221; ifadelerini kulland\u0131. DEPREM UZMANI SARA\u00c7, 100 YILLIK TAHM\u0130N\u0130 A\u00c7IKLADI Y\u00fcksek Jeoloji M\u00fchendisi Beytullah Sara\u00e7, 6,2 b\u00fcy\u00fckl\u00fc\u011f\u00fcndeki deprem ve devam eden art\u00e7\u0131 sars\u0131nt\u0131larla ilgili vatanda\u015flar\u0131 uyararak, &#8220;Evet binalar\u0131m\u0131zdan bir s\u00fcre uzak dural\u0131m&#8221; dedi. Sara\u00e7&#8217;\u0131n y\u00fcreklere su serpen de\u011ferlendirmesi ise \u0130stanbul i\u00e7in beklenen b\u00fcy\u00fck deprem tahmini oldu. &#8220;\u0130stanbul&#8217;da bu y\u00fczy\u0131ldaki deprem riskini atlatt\u0131k diyebiliriz.&#8221; diyen Sara\u00e7, Kumburgaz \u00c7ukuru Fay\u0131&#8217;n\u0131 i\u015faret ederek, &#8220;Deprem tam s\u00f6yledi\u011fimiz konumda meydana geldi. Veriler geldik\u00e7e daha detayl\u0131 a\u00e7\u0131klamalar yapar\u0131z. Gelmi\u015f ge\u00e7mi\u015f olsun diyelim&#8221; ifadelerini kulland\u0131. \u200bY\u00fcksek Jeoloji M\u00fchendisi Beytullah Sara\u00e7, bug\u00fcn \u0130stanbul Silivri a\u00e7\u0131klar\u0131nda &hellip;<\/p>","protected":false},"author":5,"featured_media":0,"comment_status":"","ping_status":"open","sticky":false,"template":"","format":"standard","meta":{"_acf_changed":false,"footnotes":""},"categories":[24],"tags":[],"class_list":["post-64207","post","type-post","status-publish","format-standard","has-post-thumbnail","hentry","category-gundem"],"acf":[],"yoast_head":"<!-- This site is optimized with the Yoast SEO Premium plugin v26.6 (Yoast SEO v27.1.1) - https:\/\/yoast.com\/product\/yoast-seo-premium-wordpress\/ -->\n<title>\u0130stanbul, beklenen b\u00fcy\u00fck depremi atlatt\u0131 m\u0131? Deprem uzman\u0131ndan 100 y\u0131ll\u0131k tahmin... - Av. Deniz Can K\u0131z\u0131l<\/title>\n<meta name=\"robots\" content=\"index, follow, max-snippet:-1, max-image-preview:large, max-video-preview:-1\" \/>\n<link rel=\"canonical\" href=\"https:\/\/denizcankizil.tr\/uk\/haberler\/gundem\/istanbul-beklenen-buyuk-depremi-atlatti-mi-deprem-uzmanindan-100-yillik-tahmin\/\" \/>\n<meta property=\"og:locale\" content=\"uk_UA\" \/>\n<meta property=\"og:type\" content=\"article\" \/>\n<meta property=\"og:title\" content=\"\u0130stanbul, beklenen b\u00fcy\u00fck depremi atlatt\u0131 m\u0131? Deprem uzman\u0131ndan 100 y\u0131ll\u0131k tahmin...\" \/>\n<meta property=\"og:description\" content=\"\u0130stanbul Silivri a\u00e7\u0131klar\u0131nda bug\u00fcn saat 12.13&#8217;te 3,9 b\u00fcy\u00fckl\u00fc\u011f\u00fcnde, ard\u0131ndan saat 12.49 s\u0131ralar\u0131nda k\u0131y\u0131dan 23 kilometre uzakl\u0131k ve 7 kilometre derinlikte 6,2 b\u00fcy\u00fckl\u00fc\u011f\u00fcnde deprem medyana gelmesi ile dikkatlerin \u00e7evrildi\u011fi deprem uzmanlar\u0131 ard\u0131 ard\u0131na de\u011ferlendirmeler yapmaya devam ediyor. Depremin \u0130stanbul i\u00e7in beklenen b\u00fcy\u00fck deprem olup olmad\u0131\u011f\u0131 konusunda uzmanlar \u00e7e\u015fitli g\u00f6r\u00fc\u015fler dile getirirken Y\u00fcksek Jeoloji M\u00fchendisi Beytullah Sara\u00e7, yapt\u0131\u011f\u0131 farkl\u0131 bir de\u011ferlendirme ile dikkat \u00e7ekti. YILLARDIR BEKLENEN DEPREM BU DEPREM M\u0130? Y\u00fcksek Jeoloji M\u00fchendisi Beytullah Sara\u00e7, sosyal medya hesab\u0131 X \u00fczerinden yapt\u0131\u011f\u0131 de\u011ferlendirmede y\u00fcreklere su serpti. Sara\u00e7, &#8220;De\u011ferli Arkada\u015flar erken konu\u015fmamak i\u00e7in, verilerin netle\u015fmesini bekledi\u011fim i\u00e7in kesin yorum yapm\u0131yorum. Ancak bu 6.3 b\u00fcy\u00fckl\u00fc\u011f\u00fcndeki deprem, y\u0131llard\u0131r bahsetti\u011fimiz \u0130stanbul i\u00e7in tek risk ta\u015f\u0131yan fay olan Kumburgaz \u00e7ukuru fay\u0131nda ger\u00e7ekle\u015fti&#8221; ifadelerini kulland\u0131. DEPREM UZMANI SARA\u00c7, 100 YILLIK TAHM\u0130N\u0130 A\u00c7IKLADI Y\u00fcksek Jeoloji M\u00fchendisi Beytullah Sara\u00e7, 6,2 b\u00fcy\u00fckl\u00fc\u011f\u00fcndeki deprem ve devam eden art\u00e7\u0131 sars\u0131nt\u0131larla ilgili vatanda\u015flar\u0131 uyararak, &#8220;Evet binalar\u0131m\u0131zdan bir s\u00fcre uzak dural\u0131m&#8221; dedi. Sara\u00e7&#8217;\u0131n y\u00fcreklere su serpen de\u011ferlendirmesi ise \u0130stanbul i\u00e7in beklenen b\u00fcy\u00fck deprem tahmini oldu. &#8220;\u0130stanbul&#8217;da bu y\u00fczy\u0131ldaki deprem riskini atlatt\u0131k diyebiliriz.&#8221; diyen Sara\u00e7, Kumburgaz \u00c7ukuru Fay\u0131&#8217;n\u0131 i\u015faret ederek, &#8220;Deprem tam s\u00f6yledi\u011fimiz konumda meydana geldi. Veriler geldik\u00e7e daha detayl\u0131 a\u00e7\u0131klamalar yapar\u0131z. Gelmi\u015f ge\u00e7mi\u015f olsun diyelim&#8221; ifadelerini kulland\u0131. \u200bY\u00fcksek Jeoloji M\u00fchendisi Beytullah Sara\u00e7, bug\u00fcn \u0130stanbul Silivri a\u00e7\u0131klar\u0131nda &hellip;\" \/>\n<meta property=\"og:url\" content=\"https:\/\/denizcankizil.tr\/uk\/haberler\/gundem\/istanbul-beklenen-buyuk-depremi-atlatti-mi-deprem-uzmanindan-100-yillik-tahmin\/\" \/>\n<meta property=\"og:site_name\" content=\"Av. Deniz Can K\u0131z\u0131l\" \/>\n<meta property=\"article:published_time\" content=\"2025-04-23T17:41:14+00:00\" \/>\n<meta name=\"author\" content=\"Antalya K\u00f6rfez\" \/>\n<meta name=\"twitter:card\" content=\"summary_large_image\" \/>\n<meta name=\"twitter:label1\" content=\"\u041d\u0430\u043f\u0438\u0441\u0430\u043d\u043e\" \/>\n\t<meta name=\"twitter:data1\" content=\"Antalya K\u00f6rfez\" \/>\n\t<meta name=\"twitter:label2\" content=\"\u041f\u0440\u0438\u0431\u043b. \u0447\u0430\u0441 \u0447\u0438\u0442\u0430\u043d\u043d\u044f\" \/>\n\t<meta name=\"twitter:data2\" content=\"2 \u0445\u0432\u0438\u043b\u0438\u043d\u0438\" \/>\n<script type=\"application\/ld+json\" class=\"yoast-schema-graph\">{\"@context\":\"https:\/\/schema.org\",\"@graph\":[{\"@type\":\"Article\",\"@id\":\"https:\/\/denizcankizil.tr\/uk\/haberler\/gundem\/istanbul-beklenen-buyuk-depremi-atlatti-mi-deprem-uzmanindan-100-yillik-tahmin\/#article\",\"isPartOf\":{\"@id\":\"https:\/\/denizcankizil.tr\/uk\/haberler\/gundem\/istanbul-beklenen-buyuk-depremi-atlatti-mi-deprem-uzmanindan-100-yillik-tahmin\/\"},\"author\":{\"name\":\"Antalya K\u00f6rfez\",\"@id\":\"https:\/\/denizcankizil.tr\/de\/#\/schema\/person\/e1eb71bb4dd684d46563f0af307e1234\"},\"headline\":\"\u0130stanbul, beklenen b\u00fcy\u00fck depremi atlatt\u0131 m\u0131? Deprem uzman\u0131ndan 100 y\u0131ll\u0131k tahmin&#8230;\",\"datePublished\":\"2025-04-23T17:41:14+00:00\",\"mainEntityOfPage\":{\"@id\":\"https:\/\/denizcankizil.tr\/uk\/haberler\/gundem\/istanbul-beklenen-buyuk-depremi-atlatti-mi-deprem-uzmanindan-100-yillik-tahmin\/\"},\"wordCount\":356,\"publisher\":{\"@id\":\"https:\/\/denizcankizil.tr\/de\/#organization\"},\"articleSection\":[\"G\u00fcndem\"],\"inLanguage\":\"uk\"},{\"@type\":\"WebPage\",\"@id\":\"https:\/\/denizcankizil.tr\/uk\/haberler\/gundem\/istanbul-beklenen-buyuk-depremi-atlatti-mi-deprem-uzmanindan-100-yillik-tahmin\/\",\"url\":\"https:\/\/denizcankizil.tr\/uk\/haberler\/gundem\/istanbul-beklenen-buyuk-depremi-atlatti-mi-deprem-uzmanindan-100-yillik-tahmin\/\",\"name\":\"\u0130stanbul, beklenen b\u00fcy\u00fck depremi atlatt\u0131 m\u0131? Deprem uzman\u0131ndan 100 y\u0131ll\u0131k tahmin... - Av. Deniz Can K\u0131z\u0131l\",\"isPartOf\":{\"@id\":\"https:\/\/denizcankizil.tr\/de\/#website\"},\"datePublished\":\"2025-04-23T17:41:14+00:00\",\"breadcrumb\":{\"@id\":\"https:\/\/denizcankizil.tr\/uk\/haberler\/gundem\/istanbul-beklenen-buyuk-depremi-atlatti-mi-deprem-uzmanindan-100-yillik-tahmin\/#breadcrumb\"},\"inLanguage\":\"uk\",\"potentialAction\":[{\"@type\":\"ReadAction\",\"target\":[\"https:\/\/denizcankizil.tr\/uk\/haberler\/gundem\/istanbul-beklenen-buyuk-depremi-atlatti-mi-deprem-uzmanindan-100-yillik-tahmin\/\"]}]},{\"@type\":\"BreadcrumbList\",\"@id\":\"https:\/\/denizcankizil.tr\/uk\/haberler\/gundem\/istanbul-beklenen-buyuk-depremi-atlatti-mi-deprem-uzmanindan-100-yillik-tahmin\/#breadcrumb\",\"itemListElement\":[{\"@type\":\"ListItem\",\"position\":1,\"name\":\"Home\",\"item\":\"https:\/\/denizcankizil.tr\/de\/\"},{\"@type\":\"ListItem\",\"position\":2,\"name\":\"\u0130stanbul, beklenen b\u00fcy\u00fck depremi atlatt\u0131 m\u0131? Deprem uzman\u0131ndan 100 y\u0131ll\u0131k tahmin&#8230;\"}]},{\"@type\":\"WebSite\",\"@id\":\"https:\/\/denizcankizil.tr\/de\/#website\",\"url\":\"https:\/\/denizcankizil.tr\/de\/\",\"name\":\"Av. Deniz Can K\u0131z\u0131l\",\"description\":\"Avukat Deniz Can K\u0131z\u0131l Antalya Barosu\",\"publisher\":{\"@id\":\"https:\/\/denizcankizil.tr\/de\/#organization\"},\"potentialAction\":[{\"@type\":\"SearchAction\",\"target\":{\"@type\":\"EntryPoint\",\"urlTemplate\":\"https:\/\/denizcankizil.tr\/de\/?s={search_term_string}\"},\"query-input\":{\"@type\":\"PropertyValueSpecification\",\"valueRequired\":true,\"valueName\":\"search_term_string\"}}],\"inLanguage\":\"uk\"},{\"@type\":\"Organization\",\"@id\":\"https:\/\/denizcankizil.tr\/de\/#organization\",\"name\":\"Av. Deniz Can K\u0131z\u0131l\",\"url\":\"https:\/\/denizcankizil.tr\/de\/\",\"logo\":{\"@type\":\"ImageObject\",\"inLanguage\":\"uk\",\"@id\":\"https:\/\/denizcankizil.tr\/de\/#\/schema\/logo\/image\/\",\"url\":\"https:\/\/denizcankizil.tr\/wp-content\/uploads\/2024\/10\/siyah-logo-svg.svg\",\"contentUrl\":\"https:\/\/denizcankizil.tr\/wp-content\/uploads\/2024\/10\/siyah-logo-svg.svg\",\"width\":1080,\"height\":1080,\"caption\":\"Av. Deniz Can K\u0131z\u0131l\"},\"image\":{\"@id\":\"https:\/\/denizcankizil.tr\/de\/#\/schema\/logo\/image\/\"}},{\"@type\":\"Person\",\"@id\":\"https:\/\/denizcankizil.tr\/de\/#\/schema\/person\/e1eb71bb4dd684d46563f0af307e1234\",\"name\":\"Antalya K\u00f6rfez\",\"image\":{\"@type\":\"ImageObject\",\"inLanguage\":\"uk\",\"@id\":\"https:\/\/denizcankizil.tr\/de\/#\/schema\/person\/image\/\",\"url\":\"https:\/\/secure.gravatar.com\/avatar\/42b01982558a48a0b501fdcab6a408d3717ea5919095ee2e67b0e521799c5905?s=96&d=mm&r=g\",\"contentUrl\":\"https:\/\/secure.gravatar.com\/avatar\/42b01982558a48a0b501fdcab6a408d3717ea5919095ee2e67b0e521799c5905?s=96&d=mm&r=g\",\"caption\":\"Antalya K\u00f6rfez\"},\"sameAs\":[\"http:\/\/www.antalyakorfez.com\"],\"url\":\"https:\/\/www.antalyakorfez.com\/istanbul-beklenen-buyuk-depremi-atlatti-mi-deprem-uzmanindan-100-yillik-tahmin\"}]}<\/script>\n<!-- \/ Yoast SEO Premium plugin. -->","yoast_head_json":{"title":"\u0130stanbul, beklenen b\u00fcy\u00fck depremi atlatt\u0131 m\u0131? Deprem uzman\u0131ndan 100 y\u0131ll\u0131k tahmin... - Av. Deniz Can K\u0131z\u0131l","robots":{"index":"index","follow":"follow","max-snippet":"max-snippet:-1","max-image-preview":"max-image-preview:large","max-video-preview":"max-video-preview:-1"},"canonical":"https:\/\/denizcankizil.tr\/uk\/haberler\/gundem\/istanbul-beklenen-buyuk-depremi-atlatti-mi-deprem-uzmanindan-100-yillik-tahmin\/","og_locale":"uk_UA","og_type":"article","og_title":"\u0130stanbul, beklenen b\u00fcy\u00fck depremi atlatt\u0131 m\u0131? Deprem uzman\u0131ndan 100 y\u0131ll\u0131k tahmin...","og_description":"\u0130stanbul Silivri a\u00e7\u0131klar\u0131nda bug\u00fcn saat 12.13&#8217;te 3,9 b\u00fcy\u00fckl\u00fc\u011f\u00fcnde, ard\u0131ndan saat 12.49 s\u0131ralar\u0131nda k\u0131y\u0131dan 23 kilometre uzakl\u0131k ve 7 kilometre derinlikte 6,2 b\u00fcy\u00fckl\u00fc\u011f\u00fcnde deprem medyana gelmesi ile dikkatlerin \u00e7evrildi\u011fi deprem uzmanlar\u0131 ard\u0131 ard\u0131na de\u011ferlendirmeler yapmaya devam ediyor. Depremin \u0130stanbul i\u00e7in beklenen b\u00fcy\u00fck deprem olup olmad\u0131\u011f\u0131 konusunda uzmanlar \u00e7e\u015fitli g\u00f6r\u00fc\u015fler dile getirirken Y\u00fcksek Jeoloji M\u00fchendisi Beytullah Sara\u00e7, yapt\u0131\u011f\u0131 farkl\u0131 bir de\u011ferlendirme ile dikkat \u00e7ekti. YILLARDIR BEKLENEN DEPREM BU DEPREM M\u0130? Y\u00fcksek Jeoloji M\u00fchendisi Beytullah Sara\u00e7, sosyal medya hesab\u0131 X \u00fczerinden yapt\u0131\u011f\u0131 de\u011ferlendirmede y\u00fcreklere su serpti. Sara\u00e7, &#8220;De\u011ferli Arkada\u015flar erken konu\u015fmamak i\u00e7in, verilerin netle\u015fmesini bekledi\u011fim i\u00e7in kesin yorum yapm\u0131yorum. Ancak bu 6.3 b\u00fcy\u00fckl\u00fc\u011f\u00fcndeki deprem, y\u0131llard\u0131r bahsetti\u011fimiz \u0130stanbul i\u00e7in tek risk ta\u015f\u0131yan fay olan Kumburgaz \u00e7ukuru fay\u0131nda ger\u00e7ekle\u015fti&#8221; ifadelerini kulland\u0131. DEPREM UZMANI SARA\u00c7, 100 YILLIK TAHM\u0130N\u0130 A\u00c7IKLADI Y\u00fcksek Jeoloji M\u00fchendisi Beytullah Sara\u00e7, 6,2 b\u00fcy\u00fckl\u00fc\u011f\u00fcndeki deprem ve devam eden art\u00e7\u0131 sars\u0131nt\u0131larla ilgili vatanda\u015flar\u0131 uyararak, &#8220;Evet binalar\u0131m\u0131zdan bir s\u00fcre uzak dural\u0131m&#8221; dedi. Sara\u00e7&#8217;\u0131n y\u00fcreklere su serpen de\u011ferlendirmesi ise \u0130stanbul i\u00e7in beklenen b\u00fcy\u00fck deprem tahmini oldu. &#8220;\u0130stanbul&#8217;da bu y\u00fczy\u0131ldaki deprem riskini atlatt\u0131k diyebiliriz.&#8221; diyen Sara\u00e7, Kumburgaz \u00c7ukuru Fay\u0131&#8217;n\u0131 i\u015faret ederek, &#8220;Deprem tam s\u00f6yledi\u011fimiz konumda meydana geldi. Veriler geldik\u00e7e daha detayl\u0131 a\u00e7\u0131klamalar yapar\u0131z. Gelmi\u015f ge\u00e7mi\u015f olsun diyelim&#8221; ifadelerini kulland\u0131. \u200bY\u00fcksek Jeoloji M\u00fchendisi Beytullah Sara\u00e7, bug\u00fcn \u0130stanbul Silivri a\u00e7\u0131klar\u0131nda &hellip;","og_url":"https:\/\/denizcankizil.tr\/uk\/haberler\/gundem\/istanbul-beklenen-buyuk-depremi-atlatti-mi-deprem-uzmanindan-100-yillik-tahmin\/","og_site_name":"Av. Deniz Can K\u0131z\u0131l","article_published_time":"2025-04-23T17:41:14+00:00","author":"Antalya K\u00f6rfez","twitter_card":"summary_large_image","twitter_misc":{"\u041d\u0430\u043f\u0438\u0441\u0430\u043d\u043e":"Antalya K\u00f6rfez","\u041f\u0440\u0438\u0431\u043b. \u0447\u0430\u0441 \u0447\u0438\u0442\u0430\u043d\u043d\u044f":"2 \u0445\u0432\u0438\u043b\u0438\u043d\u0438"},"schema":{"@context":"https:\/\/schema.org","@graph":[{"@type":"Article","@id":"https:\/\/denizcankizil.tr\/uk\/haberler\/gundem\/istanbul-beklenen-buyuk-depremi-atlatti-mi-deprem-uzmanindan-100-yillik-tahmin\/#article","isPartOf":{"@id":"https:\/\/denizcankizil.tr\/uk\/haberler\/gundem\/istanbul-beklenen-buyuk-depremi-atlatti-mi-deprem-uzmanindan-100-yillik-tahmin\/"},"author":{"name":"Antalya K\u00f6rfez","@id":"https:\/\/denizcankizil.tr\/de\/#\/schema\/person\/e1eb71bb4dd684d46563f0af307e1234"},"headline":"\u0130stanbul, beklenen b\u00fcy\u00fck depremi atlatt\u0131 m\u0131? Deprem uzman\u0131ndan 100 y\u0131ll\u0131k tahmin&#8230;","datePublished":"2025-04-23T17:41:14+00:00","mainEntityOfPage":{"@id":"https:\/\/denizcankizil.tr\/uk\/haberler\/gundem\/istanbul-beklenen-buyuk-depremi-atlatti-mi-deprem-uzmanindan-100-yillik-tahmin\/"},"wordCount":356,"publisher":{"@id":"https:\/\/denizcankizil.tr\/de\/#organization"},"articleSection":["G\u00fcndem"],"inLanguage":"uk"},{"@type":"WebPage","@id":"https:\/\/denizcankizil.tr\/uk\/haberler\/gundem\/istanbul-beklenen-buyuk-depremi-atlatti-mi-deprem-uzmanindan-100-yillik-tahmin\/","url":"https:\/\/denizcankizil.tr\/uk\/haberler\/gundem\/istanbul-beklenen-buyuk-depremi-atlatti-mi-deprem-uzmanindan-100-yillik-tahmin\/","name":"\u0130stanbul, beklenen b\u00fcy\u00fck depremi atlatt\u0131 m\u0131? Deprem uzman\u0131ndan 100 y\u0131ll\u0131k tahmin... - Av. Deniz Can K\u0131z\u0131l","isPartOf":{"@id":"https:\/\/denizcankizil.tr\/de\/#website"},"datePublished":"2025-04-23T17:41:14+00:00","breadcrumb":{"@id":"https:\/\/denizcankizil.tr\/uk\/haberler\/gundem\/istanbul-beklenen-buyuk-depremi-atlatti-mi-deprem-uzmanindan-100-yillik-tahmin\/#breadcrumb"},"inLanguage":"uk","potentialAction":[{"@type":"ReadAction","target":["https:\/\/denizcankizil.tr\/uk\/haberler\/gundem\/istanbul-beklenen-buyuk-depremi-atlatti-mi-deprem-uzmanindan-100-yillik-tahmin\/"]}]},{"@type":"BreadcrumbList","@id":"https:\/\/denizcankizil.tr\/uk\/haberler\/gundem\/istanbul-beklenen-buyuk-depremi-atlatti-mi-deprem-uzmanindan-100-yillik-tahmin\/#breadcrumb","itemListElement":[{"@type":"ListItem","position":1,"name":"Home","item":"https:\/\/denizcankizil.tr\/de\/"},{"@type":"ListItem","position":2,"name":"\u0130stanbul, beklenen b\u00fcy\u00fck depremi atlatt\u0131 m\u0131? Deprem uzman\u0131ndan 100 y\u0131ll\u0131k tahmin&#8230;"}]},{"@type":"WebSite","@id":"https:\/\/denizcankizil.tr\/de\/#website","url":"https:\/\/denizcankizil.tr\/de\/","name":"Av. Deniz Can K\u0131z\u0131l","description":"Avukat Deniz Can K\u0131z\u0131l Antalya Barosu","publisher":{"@id":"https:\/\/denizcankizil.tr\/de\/#organization"},"potentialAction":[{"@type":"SearchAction","target":{"@type":"EntryPoint","urlTemplate":"https:\/\/denizcankizil.tr\/de\/?s={search_term_string}"},"query-input":{"@type":"PropertyValueSpecification","valueRequired":true,"valueName":"search_term_string"}}],"inLanguage":"uk"},{"@type":"Organization","@id":"https:\/\/denizcankizil.tr\/de\/#organization","name":"Av. Deniz Can K\u0131z\u0131l","url":"https:\/\/denizcankizil.tr\/de\/","logo":{"@type":"ImageObject","inLanguage":"uk","@id":"https:\/\/denizcankizil.tr\/de\/#\/schema\/logo\/image\/","url":"https:\/\/denizcankizil.tr\/wp-content\/uploads\/2024\/10\/siyah-logo-svg.svg","contentUrl":"https:\/\/denizcankizil.tr\/wp-content\/uploads\/2024\/10\/siyah-logo-svg.svg","width":1080,"height":1080,"caption":"Av. Deniz Can K\u0131z\u0131l"},"image":{"@id":"https:\/\/denizcankizil.tr\/de\/#\/schema\/logo\/image\/"}},{"@type":"Person","@id":"https:\/\/denizcankizil.tr\/de\/#\/schema\/person\/e1eb71bb4dd684d46563f0af307e1234","name":"Antalya K\u00f6rfez","image":{"@type":"ImageObject","inLanguage":"uk","@id":"https:\/\/denizcankizil.tr\/de\/#\/schema\/person\/image\/","url":"https:\/\/secure.gravatar.com\/avatar\/42b01982558a48a0b501fdcab6a408d3717ea5919095ee2e67b0e521799c5905?s=96&d=mm&r=g","contentUrl":"https:\/\/secure.gravatar.com\/avatar\/42b01982558a48a0b501fdcab6a408d3717ea5919095ee2e67b0e521799c5905?s=96&d=mm&r=g","caption":"Antalya K\u00f6rfez"},"sameAs":["http:\/\/www.antalyakorfez.com"],"url":"https:\/\/www.antalyakorfez.com\/istanbul-beklenen-buyuk-depremi-atlatti-mi-deprem-uzmanindan-100-yillik-tahmin"}]}},"_links":{"self":[{"href":"https:\/\/denizcankizil.tr\/uk\/wp-json\/wp\/v2\/posts\/64207","targetHints":{"allow":["GET"]}}],"collection":[{"href":"https:\/\/denizcankizil.tr\/uk\/wp-json\/wp\/v2\/posts"}],"about":[{"href":"https:\/\/denizcankizil.tr\/uk\/wp-json\/wp\/v2\/types\/post"}],"author":[{"embeddable":true,"href":"https:\/\/denizcankizil.tr\/uk\/wp-json\/wp\/v2\/users\/5"}],"replies":[{"embeddable":true,"href":"https:\/\/denizcankizil.tr\/uk\/wp-json\/wp\/v2\/comments?post=64207"}],"version-history":[{"count":0,"href":"https:\/\/denizcankizil.tr\/uk\/wp-json\/wp\/v2\/posts\/64207\/revisions"}],"wp:attachment":[{"href":"https:\/\/denizcankizil.tr\/uk\/wp-json\/wp\/v2\/media?parent=64207"}],"wp:term":[{"taxonomy":"category","embeddable":true,"href":"https:\/\/denizcankizil.tr\/uk\/wp-json\/wp\/v2\/categories?post=64207"},{"taxonomy":"post_tag","embeddable":true,"href":"https:\/\/denizcankizil.tr\/uk\/wp-json\/wp\/v2\/tags?post=64207"}],"curies":[{"name":"wp","href":"https:\/\/api.w.org\/{rel}","templated":true}]}}