{"id":64028,"date":"2025-04-23T16:41:15","date_gmt":"2025-04-23T13:41:15","guid":{"rendered":"https:\/\/denizcankizil.tr\/uncategorized-tr\/insaat-iscisi-3-metre-yukseklikten-dustu\/"},"modified":"2025-04-23T16:41:15","modified_gmt":"2025-04-23T13:41:15","slug":"insaat-iscisi-3-metre-yukseklikten-dustu","status":"publish","type":"post","link":"https:\/\/denizcankizil.tr\/uk\/haberler\/antalya\/insaat-iscisi-3-metre-yukseklikten-dustu\/","title":{"rendered":"\u0130n\u015faat i\u015f\u00e7isi 3 metre y\u00fckseklikten d\u00fc\u015ft\u00fc"},"content":{"rendered":"<p>Olay, saat 11.30 s\u0131ralar\u0131nda Aksu il\u00e7esi Kemera\u011fz\u0131 Mahallesindeki in\u015faat halindeki villan\u0131n bah\u00e7esinde ya\u015fand\u0131. Edinilen bilgiye g\u00f6re, in\u015faatta \u00e7al\u0131\u015fan Celal Dere (58), \u00e7imentolar\u0131 temizledi\u011fi s\u0131rada dengesini kaybedip zemin alt\u0131na yap\u0131lan jenerat\u00f6r odas\u0131n\u0131n \u00fczerindeki bo\u015fluktan d\u00fc\u015ft\u00fc. Yakla\u015f\u0131k 3 metreden d\u00fc\u015fen Dere, geriye \u00e7\u0131kamay\u0131nca yard\u0131m istedi. Di\u011fer i\u015f\u00e7ilerin haber vermesi \u00fczerine olay yerine polis, itfaiye ve sa\u011fl\u0131k ekipleri sevk edildi. Belirtilen adrese gelen itfaiye ekipleri, Dere&#8217;yi d\u00fc\u015ft\u00fc\u011f\u00fc yerden sedyeye koyarak \u00e7\u0131kard\u0131.<br \/>\nBilinci yerinde olan Dere, sa\u011fl\u0131k ekiplerinin durumunu sormas\u0131 \u00fczerine, v\u00fccudunun baz\u0131 yerlerinde a\u011fr\u0131lar oldu\u011funu dile getirdi.<br \/>\nDere, tedavisi yap\u0131lmak \u00fczere ambulansla hastaneye g\u00f6t\u00fcr\u00fcld\u00fc. Olayla ilgili polis ekipleri inceleme ba\u015flatt\u0131.<\/p>\n<p>Kaynak: www.kanalv.com.tr Haber Sitesinden Al\u0131nm\u0131\u015ft\u0131r.<\/p>","protected":false},"excerpt":{"rendered":"<p>Olay, saat 11.30 s\u0131ralar\u0131nda Aksu il\u00e7esi Kemera\u011fz\u0131 Mahallesindeki in\u015faat halindeki villan\u0131n bah\u00e7esinde ya\u015fand\u0131. Edinilen bilgiye g\u00f6re, in\u015faatta \u00e7al\u0131\u015fan Celal Dere (58), \u00e7imentolar\u0131 temizledi\u011fi s\u0131rada dengesini kaybedip zemin alt\u0131na yap\u0131lan jenerat\u00f6r odas\u0131n\u0131n \u00fczerindeki bo\u015fluktan d\u00fc\u015ft\u00fc. Yakla\u015f\u0131k 3 metreden d\u00fc\u015fen Dere, geriye \u00e7\u0131kamay\u0131nca yard\u0131m istedi. Di\u011fer i\u015f\u00e7ilerin haber vermesi \u00fczerine olay yerine polis, itfaiye ve sa\u011fl\u0131k ekipleri sevk edildi. Belirtilen adrese gelen itfaiye ekipleri, Dere&#8217;yi d\u00fc\u015ft\u00fc\u011f\u00fc yerden sedyeye koyarak \u00e7\u0131kard\u0131. Bilinci yerinde olan Dere, sa\u011fl\u0131k ekiplerinin durumunu sormas\u0131 \u00fczerine, v\u00fccudunun baz\u0131 yerlerinde a\u011fr\u0131lar oldu\u011funu dile getirdi. Dere, tedavisi yap\u0131lmak \u00fczere ambulansla hastaneye g\u00f6t\u00fcr\u00fcld\u00fc. Olayla ilgili polis ekipleri inceleme ba\u015flatt\u0131. Kaynak: www.kanalv.com.tr Haber Sitesinden Al\u0131nm\u0131\u015ft\u0131r.<\/p>","protected":false},"author":4,"featured_media":64029,"comment_status":"","ping_status":"open","sticky":false,"template":"","format":"standard","meta":{"_acf_changed":false,"footnotes":""},"categories":[26],"tags":[],"class_list":["post-64028","post","type-post","status-publish","format-standard","has-post-thumbnail","hentry","category-antalya"],"acf":[],"yoast_head":"<!-- This site is optimized with the Yoast SEO Premium plugin v26.6 (Yoast SEO v27.1.1) - https:\/\/yoast.com\/product\/yoast-seo-premium-wordpress\/ -->\n<title>\u0130n\u015faat i\u015f\u00e7isi 3 metre y\u00fckseklikten d\u00fc\u015ft\u00fc - Av. Deniz Can K\u0131z\u0131l<\/title>\n<meta name=\"robots\" content=\"index, follow, max-snippet:-1, max-image-preview:large, max-video-preview:-1\" \/>\n<link rel=\"canonical\" href=\"https:\/\/denizcankizil.tr\/uk\/haberler\/antalya\/insaat-iscisi-3-metre-yukseklikten-dustu\/\" \/>\n<meta property=\"og:locale\" content=\"uk_UA\" \/>\n<meta property=\"og:type\" content=\"article\" \/>\n<meta property=\"og:title\" content=\"\u0130n\u015faat i\u015f\u00e7isi 3 metre y\u00fckseklikten d\u00fc\u015ft\u00fc\" \/>\n<meta property=\"og:description\" content=\"Olay, saat 11.30 s\u0131ralar\u0131nda Aksu il\u00e7esi Kemera\u011fz\u0131 Mahallesindeki in\u015faat halindeki villan\u0131n bah\u00e7esinde ya\u015fand\u0131. Edinilen bilgiye g\u00f6re, in\u015faatta \u00e7al\u0131\u015fan Celal Dere (58), \u00e7imentolar\u0131 temizledi\u011fi s\u0131rada dengesini kaybedip zemin alt\u0131na yap\u0131lan jenerat\u00f6r odas\u0131n\u0131n \u00fczerindeki bo\u015fluktan d\u00fc\u015ft\u00fc. Yakla\u015f\u0131k 3 metreden d\u00fc\u015fen Dere, geriye \u00e7\u0131kamay\u0131nca yard\u0131m istedi. Di\u011fer i\u015f\u00e7ilerin haber vermesi \u00fczerine olay yerine polis, itfaiye ve sa\u011fl\u0131k ekipleri sevk edildi. Belirtilen adrese gelen itfaiye ekipleri, Dere&#8217;yi d\u00fc\u015ft\u00fc\u011f\u00fc yerden sedyeye koyarak \u00e7\u0131kard\u0131. Bilinci yerinde olan Dere, sa\u011fl\u0131k ekiplerinin durumunu sormas\u0131 \u00fczerine, v\u00fccudunun baz\u0131 yerlerinde a\u011fr\u0131lar oldu\u011funu dile getirdi. Dere, tedavisi yap\u0131lmak \u00fczere ambulansla hastaneye g\u00f6t\u00fcr\u00fcld\u00fc. Olayla ilgili polis ekipleri inceleme ba\u015flatt\u0131. Kaynak: www.kanalv.com.tr Haber Sitesinden Al\u0131nm\u0131\u015ft\u0131r.\" \/>\n<meta property=\"og:url\" content=\"https:\/\/denizcankizil.tr\/uk\/haberler\/antalya\/insaat-iscisi-3-metre-yukseklikten-dustu\/\" \/>\n<meta property=\"og:site_name\" content=\"Av. Deniz Can K\u0131z\u0131l\" \/>\n<meta property=\"article:published_time\" content=\"2025-04-23T13:41:15+00:00\" \/>\n<meta property=\"og:image\" content=\"https:\/\/denizcankizil.tr\/wp-content\/uploads\/2025\/04\/5963-01-jJWq9m.jpg\" \/>\n\t<meta property=\"og:image:width\" content=\"1280\" \/>\n\t<meta property=\"og:image:height\" content=\"720\" \/>\n\t<meta property=\"og:image:type\" content=\"image\/jpeg\" \/>\n<meta name=\"author\" content=\"Av. Deniz Can K\u0131z\u0131l\" \/>\n<meta name=\"twitter:card\" content=\"summary_large_image\" \/>\n<meta name=\"twitter:label1\" content=\"\u041d\u0430\u043f\u0438\u0441\u0430\u043d\u043e\" \/>\n\t<meta name=\"twitter:data1\" content=\"Av. Deniz Can K\u0131z\u0131l\" \/>\n\t<meta name=\"twitter:label2\" content=\"\u041f\u0440\u0438\u0431\u043b. \u0447\u0430\u0441 \u0447\u0438\u0442\u0430\u043d\u043d\u044f\" \/>\n\t<meta name=\"twitter:data2\" content=\"1 \u0445\u0432\u0438\u043b\u0438\u043d\u0430\" \/>\n<script type=\"application\/ld+json\" class=\"yoast-schema-graph\">{\"@context\":\"https:\/\/schema.org\",\"@graph\":[{\"@type\":\"Article\",\"@id\":\"https:\/\/denizcankizil.tr\/ru\/haberler\/antalya\/insaat-iscisi-3-metre-yukseklikten-dustu\/#article\",\"isPartOf\":{\"@id\":\"https:\/\/denizcankizil.tr\/ru\/haberler\/antalya\/insaat-iscisi-3-metre-yukseklikten-dustu\/\"},\"author\":{\"name\":\"Av. Deniz Can K\u0131z\u0131l\",\"@id\":\"https:\/\/denizcankizil.tr\/de\/#\/schema\/person\/5dc1b22991bd7ac833867c10afc9b0ff\"},\"headline\":\"\u0130n\u015faat i\u015f\u00e7isi 3 metre y\u00fckseklikten d\u00fc\u015ft\u00fc\",\"datePublished\":\"2025-04-23T13:41:15+00:00\",\"mainEntityOfPage\":{\"@id\":\"https:\/\/denizcankizil.tr\/ru\/haberler\/antalya\/insaat-iscisi-3-metre-yukseklikten-dustu\/\"},\"wordCount\":155,\"publisher\":{\"@id\":\"https:\/\/denizcankizil.tr\/de\/#organization\"},\"image\":{\"@id\":\"https:\/\/denizcankizil.tr\/ru\/haberler\/antalya\/insaat-iscisi-3-metre-yukseklikten-dustu\/#primaryimage\"},\"thumbnailUrl\":\"https:\/\/denizcankizil.tr\/wp-content\/uploads\/2025\/04\/5963-01-jJWq9m.jpg\",\"articleSection\":[\"Antalya\"],\"inLanguage\":\"uk\"},{\"@type\":\"WebPage\",\"@id\":\"https:\/\/denizcankizil.tr\/ru\/haberler\/antalya\/insaat-iscisi-3-metre-yukseklikten-dustu\/\",\"url\":\"https:\/\/denizcankizil.tr\/ru\/haberler\/antalya\/insaat-iscisi-3-metre-yukseklikten-dustu\/\",\"name\":\"\u0130n\u015faat i\u015f\u00e7isi 3 metre y\u00fckseklikten d\u00fc\u015ft\u00fc - Av. Deniz Can K\u0131z\u0131l\",\"isPartOf\":{\"@id\":\"https:\/\/denizcankizil.tr\/de\/#website\"},\"primaryImageOfPage\":{\"@id\":\"https:\/\/denizcankizil.tr\/ru\/haberler\/antalya\/insaat-iscisi-3-metre-yukseklikten-dustu\/#primaryimage\"},\"image\":{\"@id\":\"https:\/\/denizcankizil.tr\/ru\/haberler\/antalya\/insaat-iscisi-3-metre-yukseklikten-dustu\/#primaryimage\"},\"thumbnailUrl\":\"https:\/\/denizcankizil.tr\/wp-content\/uploads\/2025\/04\/5963-01-jJWq9m.jpg\",\"datePublished\":\"2025-04-23T13:41:15+00:00\",\"breadcrumb\":{\"@id\":\"https:\/\/denizcankizil.tr\/ru\/haberler\/antalya\/insaat-iscisi-3-metre-yukseklikten-dustu\/#breadcrumb\"},\"inLanguage\":\"uk\",\"potentialAction\":[{\"@type\":\"ReadAction\",\"target\":[\"https:\/\/denizcankizil.tr\/ru\/haberler\/antalya\/insaat-iscisi-3-metre-yukseklikten-dustu\/\"]}]},{\"@type\":\"ImageObject\",\"inLanguage\":\"uk\",\"@id\":\"https:\/\/denizcankizil.tr\/ru\/haberler\/antalya\/insaat-iscisi-3-metre-yukseklikten-dustu\/#primaryimage\",\"url\":\"https:\/\/denizcankizil.tr\/wp-content\/uploads\/2025\/04\/5963-01-jJWq9m.jpg\",\"contentUrl\":\"https:\/\/denizcankizil.tr\/wp-content\/uploads\/2025\/04\/5963-01-jJWq9m.jpg\",\"width\":1280,\"height\":720},{\"@type\":\"BreadcrumbList\",\"@id\":\"https:\/\/denizcankizil.tr\/ru\/haberler\/antalya\/insaat-iscisi-3-metre-yukseklikten-dustu\/#breadcrumb\",\"itemListElement\":[{\"@type\":\"ListItem\",\"position\":1,\"name\":\"Home\",\"item\":\"https:\/\/denizcankizil.tr\/de\/\"},{\"@type\":\"ListItem\",\"position\":2,\"name\":\"\u0130n\u015faat i\u015f\u00e7isi 3 metre y\u00fckseklikten d\u00fc\u015ft\u00fc\"}]},{\"@type\":\"WebSite\",\"@id\":\"https:\/\/denizcankizil.tr\/de\/#website\",\"url\":\"https:\/\/denizcankizil.tr\/de\/\",\"name\":\"Av. Deniz Can K\u0131z\u0131l\",\"description\":\"Avukat Deniz Can K\u0131z\u0131l Antalya Barosu\",\"publisher\":{\"@id\":\"https:\/\/denizcankizil.tr\/de\/#organization\"},\"potentialAction\":[{\"@type\":\"SearchAction\",\"target\":{\"@type\":\"EntryPoint\",\"urlTemplate\":\"https:\/\/denizcankizil.tr\/de\/?s={search_term_string}\"},\"query-input\":{\"@type\":\"PropertyValueSpecification\",\"valueRequired\":true,\"valueName\":\"search_term_string\"}}],\"inLanguage\":\"uk\"},{\"@type\":\"Organization\",\"@id\":\"https:\/\/denizcankizil.tr\/de\/#organization\",\"name\":\"Av. Deniz Can K\u0131z\u0131l\",\"url\":\"https:\/\/denizcankizil.tr\/de\/\",\"logo\":{\"@type\":\"ImageObject\",\"inLanguage\":\"uk\",\"@id\":\"https:\/\/denizcankizil.tr\/de\/#\/schema\/logo\/image\/\",\"url\":\"https:\/\/denizcankizil.tr\/wp-content\/uploads\/2024\/10\/siyah-logo-svg.svg\",\"contentUrl\":\"https:\/\/denizcankizil.tr\/wp-content\/uploads\/2024\/10\/siyah-logo-svg.svg\",\"width\":1080,\"height\":1080,\"caption\":\"Av. Deniz Can K\u0131z\u0131l\"},\"image\":{\"@id\":\"https:\/\/denizcankizil.tr\/de\/#\/schema\/logo\/image\/\"}},{\"@type\":\"Person\",\"@id\":\"https:\/\/denizcankizil.tr\/de\/#\/schema\/person\/5dc1b22991bd7ac833867c10afc9b0ff\",\"name\":\"Av. Deniz Can K\u0131z\u0131l\",\"image\":{\"@type\":\"ImageObject\",\"inLanguage\":\"uk\",\"@id\":\"https:\/\/denizcankizil.tr\/de\/#\/schema\/person\/image\/\",\"url\":\"https:\/\/secure.gravatar.com\/avatar\/a0b128fb9855c79efc976d5640eedb31dc35ec297594d6016d2cf7c60e975bb6?s=96&d=mm&r=g\",\"contentUrl\":\"https:\/\/secure.gravatar.com\/avatar\/a0b128fb9855c79efc976d5640eedb31dc35ec297594d6016d2cf7c60e975bb6?s=96&d=mm&r=g\",\"caption\":\"Av. Deniz Can K\u0131z\u0131l\"},\"sameAs\":[\"http:\/\/www.denizcankizil.tr\"],\"url\":\"https:\/\/denizcankizil.tr\/uk\/author\/denizcankizil\/\"}]}<\/script>\n<!-- \/ Yoast SEO Premium plugin. -->","yoast_head_json":{"title":"\u0130n\u015faat i\u015f\u00e7isi 3 metre y\u00fckseklikten d\u00fc\u015ft\u00fc - Av. Deniz Can K\u0131z\u0131l","robots":{"index":"index","follow":"follow","max-snippet":"max-snippet:-1","max-image-preview":"max-image-preview:large","max-video-preview":"max-video-preview:-1"},"canonical":"https:\/\/denizcankizil.tr\/uk\/haberler\/antalya\/insaat-iscisi-3-metre-yukseklikten-dustu\/","og_locale":"uk_UA","og_type":"article","og_title":"\u0130n\u015faat i\u015f\u00e7isi 3 metre y\u00fckseklikten d\u00fc\u015ft\u00fc","og_description":"Olay, saat 11.30 s\u0131ralar\u0131nda Aksu il\u00e7esi Kemera\u011fz\u0131 Mahallesindeki in\u015faat halindeki villan\u0131n bah\u00e7esinde ya\u015fand\u0131. Edinilen bilgiye g\u00f6re, in\u015faatta \u00e7al\u0131\u015fan Celal Dere (58), \u00e7imentolar\u0131 temizledi\u011fi s\u0131rada dengesini kaybedip zemin alt\u0131na yap\u0131lan jenerat\u00f6r odas\u0131n\u0131n \u00fczerindeki bo\u015fluktan d\u00fc\u015ft\u00fc. Yakla\u015f\u0131k 3 metreden d\u00fc\u015fen Dere, geriye \u00e7\u0131kamay\u0131nca yard\u0131m istedi. Di\u011fer i\u015f\u00e7ilerin haber vermesi \u00fczerine olay yerine polis, itfaiye ve sa\u011fl\u0131k ekipleri sevk edildi. Belirtilen adrese gelen itfaiye ekipleri, Dere&#8217;yi d\u00fc\u015ft\u00fc\u011f\u00fc yerden sedyeye koyarak \u00e7\u0131kard\u0131. Bilinci yerinde olan Dere, sa\u011fl\u0131k ekiplerinin durumunu sormas\u0131 \u00fczerine, v\u00fccudunun baz\u0131 yerlerinde a\u011fr\u0131lar oldu\u011funu dile getirdi. Dere, tedavisi yap\u0131lmak \u00fczere ambulansla hastaneye g\u00f6t\u00fcr\u00fcld\u00fc. Olayla ilgili polis ekipleri inceleme ba\u015flatt\u0131. Kaynak: www.kanalv.com.tr Haber Sitesinden Al\u0131nm\u0131\u015ft\u0131r.","og_url":"https:\/\/denizcankizil.tr\/uk\/haberler\/antalya\/insaat-iscisi-3-metre-yukseklikten-dustu\/","og_site_name":"Av. Deniz Can K\u0131z\u0131l","article_published_time":"2025-04-23T13:41:15+00:00","og_image":[{"width":1280,"height":720,"url":"https:\/\/denizcankizil.tr\/wp-content\/uploads\/2025\/04\/5963-01-jJWq9m.jpg","type":"image\/jpeg"}],"author":"Av. Deniz Can K\u0131z\u0131l","twitter_card":"summary_large_image","twitter_misc":{"\u041d\u0430\u043f\u0438\u0441\u0430\u043d\u043e":"Av. Deniz Can K\u0131z\u0131l","\u041f\u0440\u0438\u0431\u043b. \u0447\u0430\u0441 \u0447\u0438\u0442\u0430\u043d\u043d\u044f":"1 \u0445\u0432\u0438\u043b\u0438\u043d\u0430"},"schema":{"@context":"https:\/\/schema.org","@graph":[{"@type":"Article","@id":"https:\/\/denizcankizil.tr\/ru\/haberler\/antalya\/insaat-iscisi-3-metre-yukseklikten-dustu\/#article","isPartOf":{"@id":"https:\/\/denizcankizil.tr\/ru\/haberler\/antalya\/insaat-iscisi-3-metre-yukseklikten-dustu\/"},"author":{"name":"Av. Deniz Can K\u0131z\u0131l","@id":"https:\/\/denizcankizil.tr\/de\/#\/schema\/person\/5dc1b22991bd7ac833867c10afc9b0ff"},"headline":"\u0130n\u015faat i\u015f\u00e7isi 3 metre y\u00fckseklikten d\u00fc\u015ft\u00fc","datePublished":"2025-04-23T13:41:15+00:00","mainEntityOfPage":{"@id":"https:\/\/denizcankizil.tr\/ru\/haberler\/antalya\/insaat-iscisi-3-metre-yukseklikten-dustu\/"},"wordCount":155,"publisher":{"@id":"https:\/\/denizcankizil.tr\/de\/#organization"},"image":{"@id":"https:\/\/denizcankizil.tr\/ru\/haberler\/antalya\/insaat-iscisi-3-metre-yukseklikten-dustu\/#primaryimage"},"thumbnailUrl":"https:\/\/denizcankizil.tr\/wp-content\/uploads\/2025\/04\/5963-01-jJWq9m.jpg","articleSection":["Antalya"],"inLanguage":"uk"},{"@type":"WebPage","@id":"https:\/\/denizcankizil.tr\/ru\/haberler\/antalya\/insaat-iscisi-3-metre-yukseklikten-dustu\/","url":"https:\/\/denizcankizil.tr\/ru\/haberler\/antalya\/insaat-iscisi-3-metre-yukseklikten-dustu\/","name":"\u0130n\u015faat i\u015f\u00e7isi 3 metre y\u00fckseklikten d\u00fc\u015ft\u00fc - Av. Deniz Can K\u0131z\u0131l","isPartOf":{"@id":"https:\/\/denizcankizil.tr\/de\/#website"},"primaryImageOfPage":{"@id":"https:\/\/denizcankizil.tr\/ru\/haberler\/antalya\/insaat-iscisi-3-metre-yukseklikten-dustu\/#primaryimage"},"image":{"@id":"https:\/\/denizcankizil.tr\/ru\/haberler\/antalya\/insaat-iscisi-3-metre-yukseklikten-dustu\/#primaryimage"},"thumbnailUrl":"https:\/\/denizcankizil.tr\/wp-content\/uploads\/2025\/04\/5963-01-jJWq9m.jpg","datePublished":"2025-04-23T13:41:15+00:00","breadcrumb":{"@id":"https:\/\/denizcankizil.tr\/ru\/haberler\/antalya\/insaat-iscisi-3-metre-yukseklikten-dustu\/#breadcrumb"},"inLanguage":"uk","potentialAction":[{"@type":"ReadAction","target":["https:\/\/denizcankizil.tr\/ru\/haberler\/antalya\/insaat-iscisi-3-metre-yukseklikten-dustu\/"]}]},{"@type":"ImageObject","inLanguage":"uk","@id":"https:\/\/denizcankizil.tr\/ru\/haberler\/antalya\/insaat-iscisi-3-metre-yukseklikten-dustu\/#primaryimage","url":"https:\/\/denizcankizil.tr\/wp-content\/uploads\/2025\/04\/5963-01-jJWq9m.jpg","contentUrl":"https:\/\/denizcankizil.tr\/wp-content\/uploads\/2025\/04\/5963-01-jJWq9m.jpg","width":1280,"height":720},{"@type":"BreadcrumbList","@id":"https:\/\/denizcankizil.tr\/ru\/haberler\/antalya\/insaat-iscisi-3-metre-yukseklikten-dustu\/#breadcrumb","itemListElement":[{"@type":"ListItem","position":1,"name":"Home","item":"https:\/\/denizcankizil.tr\/de\/"},{"@type":"ListItem","position":2,"name":"\u0130n\u015faat i\u015f\u00e7isi 3 metre y\u00fckseklikten d\u00fc\u015ft\u00fc"}]},{"@type":"WebSite","@id":"https:\/\/denizcankizil.tr\/de\/#website","url":"https:\/\/denizcankizil.tr\/de\/","name":"Av. Deniz Can K\u0131z\u0131l","description":"Avukat Deniz Can K\u0131z\u0131l Antalya Barosu","publisher":{"@id":"https:\/\/denizcankizil.tr\/de\/#organization"},"potentialAction":[{"@type":"SearchAction","target":{"@type":"EntryPoint","urlTemplate":"https:\/\/denizcankizil.tr\/de\/?s={search_term_string}"},"query-input":{"@type":"PropertyValueSpecification","valueRequired":true,"valueName":"search_term_string"}}],"inLanguage":"uk"},{"@type":"Organization","@id":"https:\/\/denizcankizil.tr\/de\/#organization","name":"Av. Deniz Can K\u0131z\u0131l","url":"https:\/\/denizcankizil.tr\/de\/","logo":{"@type":"ImageObject","inLanguage":"uk","@id":"https:\/\/denizcankizil.tr\/de\/#\/schema\/logo\/image\/","url":"https:\/\/denizcankizil.tr\/wp-content\/uploads\/2024\/10\/siyah-logo-svg.svg","contentUrl":"https:\/\/denizcankizil.tr\/wp-content\/uploads\/2024\/10\/siyah-logo-svg.svg","width":1080,"height":1080,"caption":"Av. Deniz Can K\u0131z\u0131l"},"image":{"@id":"https:\/\/denizcankizil.tr\/de\/#\/schema\/logo\/image\/"}},{"@type":"Person","@id":"https:\/\/denizcankizil.tr\/de\/#\/schema\/person\/5dc1b22991bd7ac833867c10afc9b0ff","name":"Av. Deniz Can K\u0131z\u0131l","image":{"@type":"ImageObject","inLanguage":"uk","@id":"https:\/\/denizcankizil.tr\/de\/#\/schema\/person\/image\/","url":"https:\/\/secure.gravatar.com\/avatar\/a0b128fb9855c79efc976d5640eedb31dc35ec297594d6016d2cf7c60e975bb6?s=96&d=mm&r=g","contentUrl":"https:\/\/secure.gravatar.com\/avatar\/a0b128fb9855c79efc976d5640eedb31dc35ec297594d6016d2cf7c60e975bb6?s=96&d=mm&r=g","caption":"Av. Deniz Can K\u0131z\u0131l"},"sameAs":["http:\/\/www.denizcankizil.tr"],"url":"https:\/\/denizcankizil.tr\/uk\/author\/denizcankizil\/"}]}},"_links":{"self":[{"href":"https:\/\/denizcankizil.tr\/uk\/wp-json\/wp\/v2\/posts\/64028","targetHints":{"allow":["GET"]}}],"collection":[{"href":"https:\/\/denizcankizil.tr\/uk\/wp-json\/wp\/v2\/posts"}],"about":[{"href":"https:\/\/denizcankizil.tr\/uk\/wp-json\/wp\/v2\/types\/post"}],"author":[{"embeddable":true,"href":"https:\/\/denizcankizil.tr\/uk\/wp-json\/wp\/v2\/users\/4"}],"replies":[{"embeddable":true,"href":"https:\/\/denizcankizil.tr\/uk\/wp-json\/wp\/v2\/comments?post=64028"}],"version-history":[{"count":0,"href":"https:\/\/denizcankizil.tr\/uk\/wp-json\/wp\/v2\/posts\/64028\/revisions"}],"wp:featuredmedia":[{"embeddable":true,"href":"https:\/\/denizcankizil.tr\/uk\/wp-json\/wp\/v2\/media\/64029"}],"wp:attachment":[{"href":"https:\/\/denizcankizil.tr\/uk\/wp-json\/wp\/v2\/media?parent=64028"}],"wp:term":[{"taxonomy":"category","embeddable":true,"href":"https:\/\/denizcankizil.tr\/uk\/wp-json\/wp\/v2\/categories?post=64028"},{"taxonomy":"post_tag","embeddable":true,"href":"https:\/\/denizcankizil.tr\/uk\/wp-json\/wp\/v2\/tags?post=64028"}],"curies":[{"name":"wp","href":"https:\/\/api.w.org\/{rel}","templated":true}]}}