{"id":63978,"date":"2025-04-23T15:41:15","date_gmt":"2025-04-23T12:41:15","guid":{"rendered":"https:\/\/denizcankizil.tr\/uncategorized-tr\/yusuf-kerem-fenalastigi-okulunda-hayatini-kaybetti\/"},"modified":"2025-04-23T15:41:15","modified_gmt":"2025-04-23T12:41:15","slug":"yusuf-kerem-fenalastigi-okulunda-hayatini-kaybetti","status":"publish","type":"post","link":"https:\/\/denizcankizil.tr\/uk\/haberler\/antalya\/yusuf-kerem-fenalastigi-okulunda-hayatini-kaybetti\/","title":{"rendered":"Yusuf Kerem, fenala\u015ft\u0131\u011f\u0131 okulunda hayat\u0131n\u0131 kaybetti"},"content":{"rendered":"<p>Kumluca il\u00e7esinde do\u011fu\u015ftan kalp hastas\u0131 oldu\u011fu \u00f6\u011frenilen anas\u0131n\u0131f\u0131 \u00f6\u011frencisi Yusuf Kerem Kocab\u0131y\u0131k (5), e\u011fitim g\u00f6rd\u00fc\u011f\u00fc okulda fenala\u015farak ya\u015fam\u0131n\u0131 yitirdi.<br \/>\nOlay, d\u00fcn saat 15.45 s\u0131ralar\u0131nda meydana geldi. Dersin sona ermesine k\u0131sa bir s\u00fcre kala s\u0131n\u0131fta aniden fenala\u015fan Yusuf Kerem i\u00e7in \u00f6\u011fretmenleri hemen sa\u011fl\u0131k ekiplerine haber verdi. K\u0131sa s\u00fcrede okula ula\u015fan ambulansla Kumluca Devlet Hastanesi\u2019ne kald\u0131r\u0131lan k\u00fc\u00e7\u00fck \u00e7ocuk, doktorlar\u0131n t\u00fcm m\u00fcdahalelerine ra\u011fmen hayata tutunamad\u0131.<br \/>\nAc\u0131 haber hastane koridorlar\u0131na da h\u00fcz\u00fcn getirdi. Kumluca \u0130l\u00e7e Milli E\u011fitim M\u00fcd\u00fcr\u00fc Yusuf Tekdemir, Yusuf Kerem\u2019in \u00f6\u011fretmenleri ve ailesi hastaneye geldi.<br \/>\n&#8220;Bu kadar erken beklemiyorduk&#8221;<br \/>\nO\u011flunun ya\u015fam m\u00fccadelesini g\u00f6zya\u015flar\u0131 i\u00e7inde anlatan baba S\u00fcleyman Kocab\u0131y\u0131k, &#8220;\u00c7ocu\u011fumuzun kalbi do\u011fu\u015ftan delikti. Bu ya\u015fa kadar hep doktor kontrol\u00fcnde ya\u015fad\u0131k. Kalbindeki delik bir t\u00fcrl\u00fc kapanmad\u0131. Doktorumuz tedavi i\u00e7in gerekli t\u00fcm t\u0131bbi m\u00fcdahaleleri yapt\u0131. T\u0131bben yapacak fazla bir \u015fey kalmad\u0131. Yusuf Kerem\u2019i ne kadar ya\u015fatabilirsek ya\u015fataca\u011f\u0131z demi\u015ftik ama bu kadar erken beklemiyorduk. \u00c7ok \u00fczg\u00fcn\u00fcz. Ac\u0131m\u0131z\u0131n tarifi yok&#8221; ifadelerini kulland\u0131.<\/p>\n<p>Kaynak: www.kanalv.com.tr Haber Sitesinden Al\u0131nm\u0131\u015ft\u0131r.<\/p>","protected":false},"excerpt":{"rendered":"<p>Kumluca il\u00e7esinde do\u011fu\u015ftan kalp hastas\u0131 oldu\u011fu \u00f6\u011frenilen anas\u0131n\u0131f\u0131 \u00f6\u011frencisi Yusuf Kerem Kocab\u0131y\u0131k (5), e\u011fitim g\u00f6rd\u00fc\u011f\u00fc okulda fenala\u015farak ya\u015fam\u0131n\u0131 yitirdi. Olay, d\u00fcn saat 15.45 s\u0131ralar\u0131nda meydana geldi. Dersin sona ermesine k\u0131sa bir s\u00fcre kala s\u0131n\u0131fta aniden fenala\u015fan Yusuf Kerem i\u00e7in \u00f6\u011fretmenleri hemen sa\u011fl\u0131k ekiplerine haber verdi. K\u0131sa s\u00fcrede okula ula\u015fan ambulansla Kumluca Devlet Hastanesi\u2019ne kald\u0131r\u0131lan k\u00fc\u00e7\u00fck \u00e7ocuk, doktorlar\u0131n t\u00fcm m\u00fcdahalelerine ra\u011fmen hayata tutunamad\u0131. Ac\u0131 haber hastane koridorlar\u0131na da h\u00fcz\u00fcn getirdi. Kumluca \u0130l\u00e7e Milli E\u011fitim M\u00fcd\u00fcr\u00fc Yusuf Tekdemir, Yusuf Kerem\u2019in \u00f6\u011fretmenleri ve ailesi hastaneye geldi. &#8220;Bu kadar erken beklemiyorduk&#8221; O\u011flunun ya\u015fam m\u00fccadelesini g\u00f6zya\u015flar\u0131 i\u00e7inde anlatan baba S\u00fcleyman Kocab\u0131y\u0131k, &#8220;\u00c7ocu\u011fumuzun kalbi do\u011fu\u015ftan delikti. Bu ya\u015fa kadar hep doktor kontrol\u00fcnde ya\u015fad\u0131k. Kalbindeki delik bir t\u00fcrl\u00fc kapanmad\u0131. Doktorumuz tedavi i\u00e7in gerekli t\u00fcm t\u0131bbi m\u00fcdahaleleri yapt\u0131. T\u0131bben yapacak fazla bir \u015fey kalmad\u0131. Yusuf Kerem\u2019i ne kadar ya\u015fatabilirsek ya\u015fataca\u011f\u0131z demi\u015ftik ama bu kadar erken beklemiyorduk. \u00c7ok \u00fczg\u00fcn\u00fcz. Ac\u0131m\u0131z\u0131n tarifi yok&#8221; ifadelerini kulland\u0131. Kaynak: www.kanalv.com.tr Haber Sitesinden Al\u0131nm\u0131\u015ft\u0131r.<\/p>","protected":false},"author":4,"featured_media":63979,"comment_status":"","ping_status":"open","sticky":false,"template":"","format":"standard","meta":{"_acf_changed":false,"footnotes":""},"categories":[26],"tags":[],"class_list":["post-63978","post","type-post","status-publish","format-standard","has-post-thumbnail","hentry","category-antalya"],"acf":[],"yoast_head":"<!-- This site is optimized with the Yoast SEO Premium plugin v26.6 (Yoast SEO v27.1.1) - https:\/\/yoast.com\/product\/yoast-seo-premium-wordpress\/ -->\n<title>Yusuf Kerem, fenala\u015ft\u0131\u011f\u0131 okulunda hayat\u0131n\u0131 kaybetti - Av. Deniz Can K\u0131z\u0131l<\/title>\n<meta name=\"robots\" content=\"index, follow, max-snippet:-1, max-image-preview:large, max-video-preview:-1\" \/>\n<link rel=\"canonical\" href=\"https:\/\/denizcankizil.tr\/uk\/haberler\/antalya\/yusuf-kerem-fenalastigi-okulunda-hayatini-kaybetti\/\" \/>\n<meta property=\"og:locale\" content=\"uk_UA\" \/>\n<meta property=\"og:type\" content=\"article\" \/>\n<meta property=\"og:title\" content=\"Yusuf Kerem, fenala\u015ft\u0131\u011f\u0131 okulunda hayat\u0131n\u0131 kaybetti\" \/>\n<meta property=\"og:description\" content=\"Kumluca il\u00e7esinde do\u011fu\u015ftan kalp hastas\u0131 oldu\u011fu \u00f6\u011frenilen anas\u0131n\u0131f\u0131 \u00f6\u011frencisi Yusuf Kerem Kocab\u0131y\u0131k (5), e\u011fitim g\u00f6rd\u00fc\u011f\u00fc okulda fenala\u015farak ya\u015fam\u0131n\u0131 yitirdi. Olay, d\u00fcn saat 15.45 s\u0131ralar\u0131nda meydana geldi. Dersin sona ermesine k\u0131sa bir s\u00fcre kala s\u0131n\u0131fta aniden fenala\u015fan Yusuf Kerem i\u00e7in \u00f6\u011fretmenleri hemen sa\u011fl\u0131k ekiplerine haber verdi. K\u0131sa s\u00fcrede okula ula\u015fan ambulansla Kumluca Devlet Hastanesi\u2019ne kald\u0131r\u0131lan k\u00fc\u00e7\u00fck \u00e7ocuk, doktorlar\u0131n t\u00fcm m\u00fcdahalelerine ra\u011fmen hayata tutunamad\u0131. Ac\u0131 haber hastane koridorlar\u0131na da h\u00fcz\u00fcn getirdi. Kumluca \u0130l\u00e7e Milli E\u011fitim M\u00fcd\u00fcr\u00fc Yusuf Tekdemir, Yusuf Kerem\u2019in \u00f6\u011fretmenleri ve ailesi hastaneye geldi. &#8220;Bu kadar erken beklemiyorduk&#8221; O\u011flunun ya\u015fam m\u00fccadelesini g\u00f6zya\u015flar\u0131 i\u00e7inde anlatan baba S\u00fcleyman Kocab\u0131y\u0131k, &#8220;\u00c7ocu\u011fumuzun kalbi do\u011fu\u015ftan delikti. Bu ya\u015fa kadar hep doktor kontrol\u00fcnde ya\u015fad\u0131k. Kalbindeki delik bir t\u00fcrl\u00fc kapanmad\u0131. Doktorumuz tedavi i\u00e7in gerekli t\u00fcm t\u0131bbi m\u00fcdahaleleri yapt\u0131. T\u0131bben yapacak fazla bir \u015fey kalmad\u0131. Yusuf Kerem\u2019i ne kadar ya\u015fatabilirsek ya\u015fataca\u011f\u0131z demi\u015ftik ama bu kadar erken beklemiyorduk. \u00c7ok \u00fczg\u00fcn\u00fcz. Ac\u0131m\u0131z\u0131n tarifi yok&#8221; ifadelerini kulland\u0131. Kaynak: www.kanalv.com.tr Haber Sitesinden Al\u0131nm\u0131\u015ft\u0131r.\" \/>\n<meta property=\"og:url\" content=\"https:\/\/denizcankizil.tr\/uk\/haberler\/antalya\/yusuf-kerem-fenalastigi-okulunda-hayatini-kaybetti\/\" \/>\n<meta property=\"og:site_name\" content=\"Av. Deniz Can K\u0131z\u0131l\" \/>\n<meta property=\"article:published_time\" content=\"2025-04-23T12:41:15+00:00\" \/>\n<meta property=\"og:image\" content=\"https:\/\/denizcankizil.tr\/wp-content\/uploads\/2025\/04\/5961-01-33trH7.jpg\" \/>\n\t<meta property=\"og:image:width\" content=\"1280\" \/>\n\t<meta property=\"og:image:height\" content=\"720\" \/>\n\t<meta property=\"og:image:type\" content=\"image\/jpeg\" \/>\n<meta name=\"author\" content=\"Av. Deniz Can K\u0131z\u0131l\" \/>\n<meta name=\"twitter:card\" content=\"summary_large_image\" \/>\n<meta name=\"twitter:label1\" content=\"\u041d\u0430\u043f\u0438\u0441\u0430\u043d\u043e\" \/>\n\t<meta name=\"twitter:data1\" content=\"Av. Deniz Can K\u0131z\u0131l\" \/>\n\t<meta name=\"twitter:label2\" content=\"\u041f\u0440\u0438\u0431\u043b. \u0447\u0430\u0441 \u0447\u0438\u0442\u0430\u043d\u043d\u044f\" \/>\n\t<meta name=\"twitter:data2\" content=\"1 \u0445\u0432\u0438\u043b\u0438\u043d\u0430\" \/>\n<script type=\"application\/ld+json\" class=\"yoast-schema-graph\">{\"@context\":\"https:\/\/schema.org\",\"@graph\":[{\"@type\":\"Article\",\"@id\":\"https:\/\/denizcankizil.tr\/ru\/haberler\/antalya\/yusuf-kerem-fenalastigi-okulunda-hayatini-kaybetti\/#article\",\"isPartOf\":{\"@id\":\"https:\/\/denizcankizil.tr\/ru\/haberler\/antalya\/yusuf-kerem-fenalastigi-okulunda-hayatini-kaybetti\/\"},\"author\":{\"name\":\"Av. Deniz Can K\u0131z\u0131l\",\"@id\":\"https:\/\/denizcankizil.tr\/de\/#\/schema\/person\/5dc1b22991bd7ac833867c10afc9b0ff\"},\"headline\":\"Yusuf Kerem, fenala\u015ft\u0131\u011f\u0131 okulunda hayat\u0131n\u0131 kaybetti\",\"datePublished\":\"2025-04-23T12:41:15+00:00\",\"mainEntityOfPage\":{\"@id\":\"https:\/\/denizcankizil.tr\/ru\/haberler\/antalya\/yusuf-kerem-fenalastigi-okulunda-hayatini-kaybetti\/\"},\"wordCount\":237,\"publisher\":{\"@id\":\"https:\/\/denizcankizil.tr\/de\/#organization\"},\"image\":{\"@id\":\"https:\/\/denizcankizil.tr\/ru\/haberler\/antalya\/yusuf-kerem-fenalastigi-okulunda-hayatini-kaybetti\/#primaryimage\"},\"thumbnailUrl\":\"https:\/\/denizcankizil.tr\/wp-content\/uploads\/2025\/04\/5961-01-33trH7.jpg\",\"articleSection\":[\"Antalya\"],\"inLanguage\":\"uk\"},{\"@type\":\"WebPage\",\"@id\":\"https:\/\/denizcankizil.tr\/ru\/haberler\/antalya\/yusuf-kerem-fenalastigi-okulunda-hayatini-kaybetti\/\",\"url\":\"https:\/\/denizcankizil.tr\/ru\/haberler\/antalya\/yusuf-kerem-fenalastigi-okulunda-hayatini-kaybetti\/\",\"name\":\"Yusuf Kerem, fenala\u015ft\u0131\u011f\u0131 okulunda hayat\u0131n\u0131 kaybetti - Av. Deniz Can K\u0131z\u0131l\",\"isPartOf\":{\"@id\":\"https:\/\/denizcankizil.tr\/de\/#website\"},\"primaryImageOfPage\":{\"@id\":\"https:\/\/denizcankizil.tr\/ru\/haberler\/antalya\/yusuf-kerem-fenalastigi-okulunda-hayatini-kaybetti\/#primaryimage\"},\"image\":{\"@id\":\"https:\/\/denizcankizil.tr\/ru\/haberler\/antalya\/yusuf-kerem-fenalastigi-okulunda-hayatini-kaybetti\/#primaryimage\"},\"thumbnailUrl\":\"https:\/\/denizcankizil.tr\/wp-content\/uploads\/2025\/04\/5961-01-33trH7.jpg\",\"datePublished\":\"2025-04-23T12:41:15+00:00\",\"breadcrumb\":{\"@id\":\"https:\/\/denizcankizil.tr\/ru\/haberler\/antalya\/yusuf-kerem-fenalastigi-okulunda-hayatini-kaybetti\/#breadcrumb\"},\"inLanguage\":\"uk\",\"potentialAction\":[{\"@type\":\"ReadAction\",\"target\":[\"https:\/\/denizcankizil.tr\/ru\/haberler\/antalya\/yusuf-kerem-fenalastigi-okulunda-hayatini-kaybetti\/\"]}]},{\"@type\":\"ImageObject\",\"inLanguage\":\"uk\",\"@id\":\"https:\/\/denizcankizil.tr\/ru\/haberler\/antalya\/yusuf-kerem-fenalastigi-okulunda-hayatini-kaybetti\/#primaryimage\",\"url\":\"https:\/\/denizcankizil.tr\/wp-content\/uploads\/2025\/04\/5961-01-33trH7.jpg\",\"contentUrl\":\"https:\/\/denizcankizil.tr\/wp-content\/uploads\/2025\/04\/5961-01-33trH7.jpg\",\"width\":1280,\"height\":720},{\"@type\":\"BreadcrumbList\",\"@id\":\"https:\/\/denizcankizil.tr\/ru\/haberler\/antalya\/yusuf-kerem-fenalastigi-okulunda-hayatini-kaybetti\/#breadcrumb\",\"itemListElement\":[{\"@type\":\"ListItem\",\"position\":1,\"name\":\"Home\",\"item\":\"https:\/\/denizcankizil.tr\/de\/\"},{\"@type\":\"ListItem\",\"position\":2,\"name\":\"Yusuf Kerem, fenala\u015ft\u0131\u011f\u0131 okulunda hayat\u0131n\u0131 kaybetti\"}]},{\"@type\":\"WebSite\",\"@id\":\"https:\/\/denizcankizil.tr\/de\/#website\",\"url\":\"https:\/\/denizcankizil.tr\/de\/\",\"name\":\"Av. Deniz Can K\u0131z\u0131l\",\"description\":\"Avukat Deniz Can K\u0131z\u0131l Antalya Barosu\",\"publisher\":{\"@id\":\"https:\/\/denizcankizil.tr\/de\/#organization\"},\"potentialAction\":[{\"@type\":\"SearchAction\",\"target\":{\"@type\":\"EntryPoint\",\"urlTemplate\":\"https:\/\/denizcankizil.tr\/de\/?s={search_term_string}\"},\"query-input\":{\"@type\":\"PropertyValueSpecification\",\"valueRequired\":true,\"valueName\":\"search_term_string\"}}],\"inLanguage\":\"uk\"},{\"@type\":\"Organization\",\"@id\":\"https:\/\/denizcankizil.tr\/de\/#organization\",\"name\":\"Av. Deniz Can K\u0131z\u0131l\",\"url\":\"https:\/\/denizcankizil.tr\/de\/\",\"logo\":{\"@type\":\"ImageObject\",\"inLanguage\":\"uk\",\"@id\":\"https:\/\/denizcankizil.tr\/de\/#\/schema\/logo\/image\/\",\"url\":\"https:\/\/denizcankizil.tr\/wp-content\/uploads\/2024\/10\/siyah-logo-svg.svg\",\"contentUrl\":\"https:\/\/denizcankizil.tr\/wp-content\/uploads\/2024\/10\/siyah-logo-svg.svg\",\"width\":1080,\"height\":1080,\"caption\":\"Av. Deniz Can K\u0131z\u0131l\"},\"image\":{\"@id\":\"https:\/\/denizcankizil.tr\/de\/#\/schema\/logo\/image\/\"}},{\"@type\":\"Person\",\"@id\":\"https:\/\/denizcankizil.tr\/de\/#\/schema\/person\/5dc1b22991bd7ac833867c10afc9b0ff\",\"name\":\"Av. Deniz Can K\u0131z\u0131l\",\"image\":{\"@type\":\"ImageObject\",\"inLanguage\":\"uk\",\"@id\":\"https:\/\/denizcankizil.tr\/de\/#\/schema\/person\/image\/\",\"url\":\"https:\/\/secure.gravatar.com\/avatar\/a0b128fb9855c79efc976d5640eedb31dc35ec297594d6016d2cf7c60e975bb6?s=96&d=mm&r=g\",\"contentUrl\":\"https:\/\/secure.gravatar.com\/avatar\/a0b128fb9855c79efc976d5640eedb31dc35ec297594d6016d2cf7c60e975bb6?s=96&d=mm&r=g\",\"caption\":\"Av. Deniz Can K\u0131z\u0131l\"},\"sameAs\":[\"http:\/\/www.denizcankizil.tr\"],\"url\":\"https:\/\/denizcankizil.tr\/uk\/author\/denizcankizil\/\"}]}<\/script>\n<!-- \/ Yoast SEO Premium plugin. -->","yoast_head_json":{"title":"Yusuf Kerem, fenala\u015ft\u0131\u011f\u0131 okulunda hayat\u0131n\u0131 kaybetti - Av. Deniz Can K\u0131z\u0131l","robots":{"index":"index","follow":"follow","max-snippet":"max-snippet:-1","max-image-preview":"max-image-preview:large","max-video-preview":"max-video-preview:-1"},"canonical":"https:\/\/denizcankizil.tr\/uk\/haberler\/antalya\/yusuf-kerem-fenalastigi-okulunda-hayatini-kaybetti\/","og_locale":"uk_UA","og_type":"article","og_title":"Yusuf Kerem, fenala\u015ft\u0131\u011f\u0131 okulunda hayat\u0131n\u0131 kaybetti","og_description":"Kumluca il\u00e7esinde do\u011fu\u015ftan kalp hastas\u0131 oldu\u011fu \u00f6\u011frenilen anas\u0131n\u0131f\u0131 \u00f6\u011frencisi Yusuf Kerem Kocab\u0131y\u0131k (5), e\u011fitim g\u00f6rd\u00fc\u011f\u00fc okulda fenala\u015farak ya\u015fam\u0131n\u0131 yitirdi. Olay, d\u00fcn saat 15.45 s\u0131ralar\u0131nda meydana geldi. Dersin sona ermesine k\u0131sa bir s\u00fcre kala s\u0131n\u0131fta aniden fenala\u015fan Yusuf Kerem i\u00e7in \u00f6\u011fretmenleri hemen sa\u011fl\u0131k ekiplerine haber verdi. K\u0131sa s\u00fcrede okula ula\u015fan ambulansla Kumluca Devlet Hastanesi\u2019ne kald\u0131r\u0131lan k\u00fc\u00e7\u00fck \u00e7ocuk, doktorlar\u0131n t\u00fcm m\u00fcdahalelerine ra\u011fmen hayata tutunamad\u0131. Ac\u0131 haber hastane koridorlar\u0131na da h\u00fcz\u00fcn getirdi. Kumluca \u0130l\u00e7e Milli E\u011fitim M\u00fcd\u00fcr\u00fc Yusuf Tekdemir, Yusuf Kerem\u2019in \u00f6\u011fretmenleri ve ailesi hastaneye geldi. &#8220;Bu kadar erken beklemiyorduk&#8221; O\u011flunun ya\u015fam m\u00fccadelesini g\u00f6zya\u015flar\u0131 i\u00e7inde anlatan baba S\u00fcleyman Kocab\u0131y\u0131k, &#8220;\u00c7ocu\u011fumuzun kalbi do\u011fu\u015ftan delikti. Bu ya\u015fa kadar hep doktor kontrol\u00fcnde ya\u015fad\u0131k. Kalbindeki delik bir t\u00fcrl\u00fc kapanmad\u0131. Doktorumuz tedavi i\u00e7in gerekli t\u00fcm t\u0131bbi m\u00fcdahaleleri yapt\u0131. T\u0131bben yapacak fazla bir \u015fey kalmad\u0131. Yusuf Kerem\u2019i ne kadar ya\u015fatabilirsek ya\u015fataca\u011f\u0131z demi\u015ftik ama bu kadar erken beklemiyorduk. \u00c7ok \u00fczg\u00fcn\u00fcz. Ac\u0131m\u0131z\u0131n tarifi yok&#8221; ifadelerini kulland\u0131. Kaynak: www.kanalv.com.tr Haber Sitesinden Al\u0131nm\u0131\u015ft\u0131r.","og_url":"https:\/\/denizcankizil.tr\/uk\/haberler\/antalya\/yusuf-kerem-fenalastigi-okulunda-hayatini-kaybetti\/","og_site_name":"Av. Deniz Can K\u0131z\u0131l","article_published_time":"2025-04-23T12:41:15+00:00","og_image":[{"width":1280,"height":720,"url":"https:\/\/denizcankizil.tr\/wp-content\/uploads\/2025\/04\/5961-01-33trH7.jpg","type":"image\/jpeg"}],"author":"Av. Deniz Can K\u0131z\u0131l","twitter_card":"summary_large_image","twitter_misc":{"\u041d\u0430\u043f\u0438\u0441\u0430\u043d\u043e":"Av. Deniz Can K\u0131z\u0131l","\u041f\u0440\u0438\u0431\u043b. \u0447\u0430\u0441 \u0447\u0438\u0442\u0430\u043d\u043d\u044f":"1 \u0445\u0432\u0438\u043b\u0438\u043d\u0430"},"schema":{"@context":"https:\/\/schema.org","@graph":[{"@type":"Article","@id":"https:\/\/denizcankizil.tr\/ru\/haberler\/antalya\/yusuf-kerem-fenalastigi-okulunda-hayatini-kaybetti\/#article","isPartOf":{"@id":"https:\/\/denizcankizil.tr\/ru\/haberler\/antalya\/yusuf-kerem-fenalastigi-okulunda-hayatini-kaybetti\/"},"author":{"name":"Av. Deniz Can K\u0131z\u0131l","@id":"https:\/\/denizcankizil.tr\/de\/#\/schema\/person\/5dc1b22991bd7ac833867c10afc9b0ff"},"headline":"Yusuf Kerem, fenala\u015ft\u0131\u011f\u0131 okulunda hayat\u0131n\u0131 kaybetti","datePublished":"2025-04-23T12:41:15+00:00","mainEntityOfPage":{"@id":"https:\/\/denizcankizil.tr\/ru\/haberler\/antalya\/yusuf-kerem-fenalastigi-okulunda-hayatini-kaybetti\/"},"wordCount":237,"publisher":{"@id":"https:\/\/denizcankizil.tr\/de\/#organization"},"image":{"@id":"https:\/\/denizcankizil.tr\/ru\/haberler\/antalya\/yusuf-kerem-fenalastigi-okulunda-hayatini-kaybetti\/#primaryimage"},"thumbnailUrl":"https:\/\/denizcankizil.tr\/wp-content\/uploads\/2025\/04\/5961-01-33trH7.jpg","articleSection":["Antalya"],"inLanguage":"uk"},{"@type":"WebPage","@id":"https:\/\/denizcankizil.tr\/ru\/haberler\/antalya\/yusuf-kerem-fenalastigi-okulunda-hayatini-kaybetti\/","url":"https:\/\/denizcankizil.tr\/ru\/haberler\/antalya\/yusuf-kerem-fenalastigi-okulunda-hayatini-kaybetti\/","name":"Yusuf Kerem, fenala\u015ft\u0131\u011f\u0131 okulunda hayat\u0131n\u0131 kaybetti - Av. Deniz Can K\u0131z\u0131l","isPartOf":{"@id":"https:\/\/denizcankizil.tr\/de\/#website"},"primaryImageOfPage":{"@id":"https:\/\/denizcankizil.tr\/ru\/haberler\/antalya\/yusuf-kerem-fenalastigi-okulunda-hayatini-kaybetti\/#primaryimage"},"image":{"@id":"https:\/\/denizcankizil.tr\/ru\/haberler\/antalya\/yusuf-kerem-fenalastigi-okulunda-hayatini-kaybetti\/#primaryimage"},"thumbnailUrl":"https:\/\/denizcankizil.tr\/wp-content\/uploads\/2025\/04\/5961-01-33trH7.jpg","datePublished":"2025-04-23T12:41:15+00:00","breadcrumb":{"@id":"https:\/\/denizcankizil.tr\/ru\/haberler\/antalya\/yusuf-kerem-fenalastigi-okulunda-hayatini-kaybetti\/#breadcrumb"},"inLanguage":"uk","potentialAction":[{"@type":"ReadAction","target":["https:\/\/denizcankizil.tr\/ru\/haberler\/antalya\/yusuf-kerem-fenalastigi-okulunda-hayatini-kaybetti\/"]}]},{"@type":"ImageObject","inLanguage":"uk","@id":"https:\/\/denizcankizil.tr\/ru\/haberler\/antalya\/yusuf-kerem-fenalastigi-okulunda-hayatini-kaybetti\/#primaryimage","url":"https:\/\/denizcankizil.tr\/wp-content\/uploads\/2025\/04\/5961-01-33trH7.jpg","contentUrl":"https:\/\/denizcankizil.tr\/wp-content\/uploads\/2025\/04\/5961-01-33trH7.jpg","width":1280,"height":720},{"@type":"BreadcrumbList","@id":"https:\/\/denizcankizil.tr\/ru\/haberler\/antalya\/yusuf-kerem-fenalastigi-okulunda-hayatini-kaybetti\/#breadcrumb","itemListElement":[{"@type":"ListItem","position":1,"name":"Home","item":"https:\/\/denizcankizil.tr\/de\/"},{"@type":"ListItem","position":2,"name":"Yusuf Kerem, fenala\u015ft\u0131\u011f\u0131 okulunda hayat\u0131n\u0131 kaybetti"}]},{"@type":"WebSite","@id":"https:\/\/denizcankizil.tr\/de\/#website","url":"https:\/\/denizcankizil.tr\/de\/","name":"Av. Deniz Can K\u0131z\u0131l","description":"Avukat Deniz Can K\u0131z\u0131l Antalya Barosu","publisher":{"@id":"https:\/\/denizcankizil.tr\/de\/#organization"},"potentialAction":[{"@type":"SearchAction","target":{"@type":"EntryPoint","urlTemplate":"https:\/\/denizcankizil.tr\/de\/?s={search_term_string}"},"query-input":{"@type":"PropertyValueSpecification","valueRequired":true,"valueName":"search_term_string"}}],"inLanguage":"uk"},{"@type":"Organization","@id":"https:\/\/denizcankizil.tr\/de\/#organization","name":"Av. Deniz Can K\u0131z\u0131l","url":"https:\/\/denizcankizil.tr\/de\/","logo":{"@type":"ImageObject","inLanguage":"uk","@id":"https:\/\/denizcankizil.tr\/de\/#\/schema\/logo\/image\/","url":"https:\/\/denizcankizil.tr\/wp-content\/uploads\/2024\/10\/siyah-logo-svg.svg","contentUrl":"https:\/\/denizcankizil.tr\/wp-content\/uploads\/2024\/10\/siyah-logo-svg.svg","width":1080,"height":1080,"caption":"Av. Deniz Can K\u0131z\u0131l"},"image":{"@id":"https:\/\/denizcankizil.tr\/de\/#\/schema\/logo\/image\/"}},{"@type":"Person","@id":"https:\/\/denizcankizil.tr\/de\/#\/schema\/person\/5dc1b22991bd7ac833867c10afc9b0ff","name":"Av. Deniz Can K\u0131z\u0131l","image":{"@type":"ImageObject","inLanguage":"uk","@id":"https:\/\/denizcankizil.tr\/de\/#\/schema\/person\/image\/","url":"https:\/\/secure.gravatar.com\/avatar\/a0b128fb9855c79efc976d5640eedb31dc35ec297594d6016d2cf7c60e975bb6?s=96&d=mm&r=g","contentUrl":"https:\/\/secure.gravatar.com\/avatar\/a0b128fb9855c79efc976d5640eedb31dc35ec297594d6016d2cf7c60e975bb6?s=96&d=mm&r=g","caption":"Av. Deniz Can K\u0131z\u0131l"},"sameAs":["http:\/\/www.denizcankizil.tr"],"url":"https:\/\/denizcankizil.tr\/uk\/author\/denizcankizil\/"}]}},"_links":{"self":[{"href":"https:\/\/denizcankizil.tr\/uk\/wp-json\/wp\/v2\/posts\/63978","targetHints":{"allow":["GET"]}}],"collection":[{"href":"https:\/\/denizcankizil.tr\/uk\/wp-json\/wp\/v2\/posts"}],"about":[{"href":"https:\/\/denizcankizil.tr\/uk\/wp-json\/wp\/v2\/types\/post"}],"author":[{"embeddable":true,"href":"https:\/\/denizcankizil.tr\/uk\/wp-json\/wp\/v2\/users\/4"}],"replies":[{"embeddable":true,"href":"https:\/\/denizcankizil.tr\/uk\/wp-json\/wp\/v2\/comments?post=63978"}],"version-history":[{"count":0,"href":"https:\/\/denizcankizil.tr\/uk\/wp-json\/wp\/v2\/posts\/63978\/revisions"}],"wp:featuredmedia":[{"embeddable":true,"href":"https:\/\/denizcankizil.tr\/uk\/wp-json\/wp\/v2\/media\/63979"}],"wp:attachment":[{"href":"https:\/\/denizcankizil.tr\/uk\/wp-json\/wp\/v2\/media?parent=63978"}],"wp:term":[{"taxonomy":"category","embeddable":true,"href":"https:\/\/denizcankizil.tr\/uk\/wp-json\/wp\/v2\/categories?post=63978"},{"taxonomy":"post_tag","embeddable":true,"href":"https:\/\/denizcankizil.tr\/uk\/wp-json\/wp\/v2\/tags?post=63978"}],"curies":[{"name":"wp","href":"https:\/\/api.w.org\/{rel}","templated":true}]}}