{"id":63977,"date":"2025-04-23T15:39:52","date_gmt":"2025-04-23T12:39:52","guid":{"rendered":"https:\/\/denizcankizil.tr\/uncategorized-tr\/proje-okullari-kaosu-idarenin-takdir-yetkisi-uzerine-analiz\/"},"modified":"2025-04-23T15:39:52","modified_gmt":"2025-04-23T12:39:52","slug":"proje-okullari-kaosu-idarenin-takdir-yetkisi-uzerine-analiz","status":"publish","type":"post","link":"https:\/\/denizcankizil.tr\/uk\/koseyazilari\/degerlendirme\/proje-okullari-kaosu-idarenin-takdir-yetkisi-uzerine-analiz\/","title":{"rendered":"Proje Okullar\u0131 Kaosu: \u0130darenin Takdir Yetkisi \u00dczerine Analiz"},"content":{"rendered":"<p> <strong>Proje Okullar\u0131 Kaosu: \u0130darenin \u200cTakdir Yetkisi \u00dczerine Analiz<\/strong><\/p>\n<p>son y\u0131llarda T\u00fcrkiye e\u011fitim sisteminde \u00f6nemli de\u011fi\u015fiklikler ya\u015fanmakta ve bu de\u011fi\u015fiklikler, \u00f6zellikle proje okullar\u0131\u2063 uygulamas\u0131 ile birlikte tart\u0131\u015fmalara yol a\u00e7maktad\u0131r.Proje okullar\u0131, belirli bir e\u011fitim modeli \u00e7er\u00e7evesinde, yenilik\u00e7i yakla\u015f\u0131mlar ve uygulamalarla e\u011fitim kalitesini \u2064art\u0131rmay\u0131 hedefleyen okullard\u0131r. Ancak, bu okullar\u0131n y\u00f6netimi ve i\u015fleyi\u015fi, <a href=\"https:\/\/denizcankizil.tr\/uk\/hukukihaber\/aymnin-2023-25-esas-2024-139-karar-sayili-karari\/\" title=\"AYM&#039;nin 2023\/25 esas - 2024\/139 karar say\u0131l\u0131 karar\u0131\">idarenin takdir yetkisi<\/a> \u00e7er\u00e7evesinde \u00e7e\u015fitli sorunlar\u0131 da \u2063beraberinde getirmi\u015ftir.\u0130darenin takdir yetkisi, \u200bkamu hizmetlerinin etkin bir \u015fekilde\u200c sunulabilmesi\u200d i\u00e7in gerekli bir unsur olmakla birlikte, bu yetkinin nas\u0131l kullan\u0131ld\u0131\u011f\u0131, e\u011fitimde e\u015fitlik\u200b ve adalet ilkeleri a\u00e7\u0131s\u0131ndan \u00f6nemli bir\u200b tart\u0131\u015fma konusudur. Bu makalede, <a href=\"https:\/\/denizcankizil.tr\/uk\/haberler\/gundem\/antalya-anadolu-lisesinde-proje-okulu-tepkisi-ogrenciler-ogretmenlerine-sahip-cikti\/\" title=\"Antalya Anadolu Lisesi\u2019nde Proje Okulu tepkisi: \u00d6\u011frenciler ...ine sahip \u00e7\u0131kt\u0131\">proje okullar\u0131 uygulamas\u0131<\/a>n\u0131n getirdi\u011fi kaos ortam\u0131, idarenin takdir yetkisi ba\u011flam\u0131nda ele al\u0131nacak ve bu \u2064ba\u011flamda ortaya \u00e7\u0131kan hukuki sorunlar ile \u00e7\u00f6z\u00fcm \u00f6nerileri \u00fczerinde durulacakt\u0131r. E\u011fitimdeki bu karma\u015fan\u0131n, hem \u00f6\u011frenciler hem de e\u011fitimciler \u00fczerindeki etkileri \u2062incelenerek, daha sa\u011fl\u0131kl\u0131 bir \u200de\u011fitim politikas\u0131 \u200cgeli\u015ftirilmesine katk\u0131 sa\u011flanmas\u0131 ama\u00e7lanmaktad\u0131r.<br \/><img decoding=\"async\" class=\"kimage_class lazyload\" data-src=\"https:\/\/denizcankizil.tr\/wp-content\/uploads\/2024\/10\/3984-antalyada-sigorta-hukuku-avukatinin-gorev-alanlari.jpg\" alt=\"Proje Okullar\u0131 Uygulamas\u0131n\u0131n Hukuki \u00c7er\u00e7evesi\" src=\"data:image\/svg+xml;base64,PHN2ZyB3aWR0aD0iMSIgaGVpZ2h0PSIxIiB4bWxucz0iaHR0cDovL3d3dy53My5vcmcvMjAwMC9zdmciPjwvc3ZnPg==\"><\/p>\n<h2 id=\"proje-okullari-uygulamasinin-hukuki-cercevesi\">Proje Okullar\u0131 Uygulamas\u0131n\u0131n Hukuki \u00c7er\u00e7evesi<\/h2>\n<section>\n<p>Proje okullar\u0131 uygulamas\u0131, e\u011fitim sisteminde yenilik\u00e7i bir yakla\u015f\u0131m olarak \u00f6ne \u00e7\u0131kmakta ve\u2062 bu ba\u011flamda hukuki \u00e7er\u00e7evesinin belirlenmesi b\u00fcy\u00fck \u00f6nem ta\u015f\u0131maktad\u0131r. Bu uygulama,<strong>e\u011fitimde f\u0131rsat e\u015fitli\u011fi<\/strong> sa\u011flama amac\u0131 g\u00fcderken,ayn\u0131 zamanda <strong>idarenin takdir \u2062yetkisi<\/strong> \u00e7er\u00e7evesinde \u00e7e\u015fitli\u2064 hukuki sorunlar\u0131 da beraberinde getirmektedir.<\/p>\n<p>Proje okullar\u0131n\u0131n hukuki \u00e7er\u00e7evesi, <a href=\"https:\/\/denizcankizil.tr\/uk\/koseyazilari\/degerlendirme\/icradan-alinan-tasinmazin-kullanicisinin-tahliyesi-ve-ecrimisil\/\" title=\"\u0130cradan Al\u0131nan Ta\u015f\u0131nmaz\u0131n Kullan\u0131c\u0131s\u0131n\u0131n Tahliyesi ve Ecrimisil\">genel olarak a\u015fa\u011f\u0131daki unsurlar\u0131 i\u00e7ermektedir<\/a>:<\/p>\n<ul>\n<li><strong>Yasal Dayanak:<\/strong> Proje okullar\u0131n\u0131n kurulmas\u0131 ve i\u015fleyi\u015fi, ilgili mevzuat ve y\u00f6netmeliklerle d\u00fczenlenmektedir.<\/li>\n<li><strong>\u0130dari Yetki:<\/strong> \u0130dare, proje okullar\u0131n\u0131n a\u00e7\u0131lmas\u0131\u200c ve y\u00f6netilmesi konusunda belirli\u2062 bir takdir yetkisine sahiptir.<\/li>\n<li><strong>denetim Mekanizmalar\u0131:<\/strong> Proje okullar\u0131n\u0131n faaliyetleri, belirli \u2063denetim \u200cmekanizmalar\u0131 arac\u0131l\u0131\u011f\u0131yla izlenmekte ve de\u011ferlendirilmektedir.<\/li>\n<\/ul>\n<p>Bu \u00e7er\u00e7evede, proje okullar\u0131n\u0131n hukuki stat\u00fcs\u00fc ve idarenin yetkileri, e\u011fitim politikalar\u0131n\u0131n uygulanmas\u0131nda \u00f6nemli bir rol oynamaktad\u0131r.E\u011fitimdeki bu yenilik\u00e7i yakla\u015f\u0131mlar, hukuki d\u00fczenlemelerle desteklenmedi\u011fi takdirde, \u00e7e\u015fitli sorunlara yol a\u00e7abilir. Dolay\u0131s\u0131yla,proje okullar\u0131n\u0131n \u200chukuki \u00e7er\u00e7evesinin net bir \u015fekilde belirlenmesi,e\u011fitim sisteminin sa\u011fl\u0131kl\u0131 bir \u015fekilde i\u015flemesi a\u00e7\u0131s\u0131ndan kritik bir \u00f6neme sahiptir.<\/p>\n<\/section>\n<p><img decoding=\"async\" class=\"kimage_class lazyload\" data-src=\"https:\/\/denizcankizil.tr\/wp-content\/uploads\/2024\/10\/mpmXk-253D.jpg\" alt=\"\u0130darenin Takdir Yetkisi ve S\u0131n\u0131rlar\u0131\" src=\"data:image\/svg+xml;base64,PHN2ZyB3aWR0aD0iMSIgaGVpZ2h0PSIxIiB4bWxucz0iaHR0cDovL3d3dy53My5vcmcvMjAwMC9zdmciPjwvc3ZnPg==\"><\/p>\n<h2 id=\"idarenin-takdir-yetkisi-ve-sinirlari\">\u0130darenin Takdir Yetkisi ve S\u0131n\u0131rlar\u0131<\/h2>\n<section>\n<p>\u0130darenin takdir yetkisi, kamu y\u00f6netimi alan\u0131nda \u00f6nemli bir yere sahiptir. Bu yetki, idarenin\u2064 belirli durumlarda kendi takdirine ba\u011fl\u0131 olarak \u200dkarar verme yetkisini ifade eder. Ancak,\u2062 bu yetkinin s\u0131n\u0131rlar\u0131 da bulunmaktad\u0131r. \u0130dare, takdir yetkisini kullan\u0131rken, hukukun genel ilkelerine ve kamu yarar\u0131na uygun hareket \u2062etmek zorundad\u0131r. Aksi takdirde, bu \u2062yetkinin k\u00f6t\u00fcye kullan\u0131lmas\u0131 s\u00f6z konusu olabilir.<\/p>\n<p>Takdir yetkisinin s\u0131n\u0131rlar\u0131n\u0131 belirleyen ba\u015fl\u0131ca unsurlar \u015funlard\u0131r:<\/p>\n<ul>\n<li><strong>Hukuka Uygunluk:<\/strong> \u0130dare,\u200c takdir yetkisini kullan\u0131rken, y\u00fcr\u00fcrl\u00fckteki yasalarla\u2062 \u00e7eli\u015fmemelidir.<\/li>\n<li><strong>\u00d6ng\u00f6r\u00fclebilirlik:<\/strong> Al\u0131nan kararlar\u0131n, benzer \u2062durumlar i\u00e7in \u00f6ng\u00f6r\u00fclebilir olmas\u0131 gerekmektedir.<\/li>\n<li><strong>Kamusal Yarar\u0131 G\u00f6zetme:<\/strong> \u0130dare, kararlar\u0131n\u0131 al\u0131rken kamu yarar\u0131n\u0131 \u00f6n planda \u200btutmal\u0131d\u0131r.<\/li>\n<li><strong>\u015eeffafl\u0131k:<\/strong> \u0130darenin karar alma s\u00fcre\u00e7leri,\u2064 \u015feffaf bir \u015fekilde\u200d y\u00fcr\u00fct\u00fclmelidir.<\/li>\n<\/ul>\n<p>Sonu\u00e7 olarak, idarenin takdir yetkisi, kamu hizmetlerinin etkin bir \u015fekilde y\u00fcr\u00fct\u00fclmesi a\u00e7\u0131s\u0131ndan \u00f6nemli bir ara\u00e7t\u0131r. Ancak,bu yetkinin s\u0131n\u0131rlar\u0131 \u2064ve kullan\u0131m\u0131,hukukun\u2063 \u00fcst\u00fcnl\u00fc\u011f\u00fc ilkesine uygun olarak belirlenmeli\u2062 ve denetlenmelidir. Aksi \u200ctakdirde, idarenin kararlar\u0131, kamuoyunda g\u00fcvensizlik yaratabilir ve hukuki sorunlara yol a\u00e7abilir.<\/p>\n<\/section>\n<p><img decoding=\"async\" class=\"kimage_class lazyload\" data-src=\"https:\/\/denizcankizil.tr\/wp-content\/uploads\/2024\/10\/4380-antalyada-sahtecilik-suclarina-bakan-avukat-ve-mahkemeler.jpg\" alt=\"Proje Okullar\u0131 Uygulamas\u0131nda Karar Alma S\u00fcre\u00e7leri\" src=\"data:image\/svg+xml;base64,PHN2ZyB3aWR0aD0iMSIgaGVpZ2h0PSIxIiB4bWxucz0iaHR0cDovL3d3dy53My5vcmcvMjAwMC9zdmciPjwvc3ZnPg==\"><\/p>\n<h2 id=\"proje-okullari-uygulamasinda-karar-alma-surecleri\">Proje Okullar\u0131 Uygulamas\u0131nda \u2063Karar Alma S\u00fcre\u00e7leri<\/h2>\n<section>\n<p>proje okullar\u0131 uygulamas\u0131,e\u011fitim sisteminde yenilik\u00e7i yakla\u015f\u0131mlar sunmay\u0131 hedefleyen bir modeldir. Bu \u2064modelin etkin bir \u015fekilde hayata ge\u00e7irilmesi,idarenin karar alma s\u00fcre\u00e7lerinin ne denli \u00f6nemli oldu\u011funu \u200cortaya koymaktad\u0131r. \u0130dare, proje okullar\u0131n\u0131n y\u00f6netimi ve i\u015fleyi\u015fi konusunda \u00e7e\u015fitli kararlar almakta ve bu kararlar, e\u011fitim kalitesini do\u011frudan etkilemektedir.<\/p>\n<p>Karar \u2063alma s\u00fcre\u00e7leri, genellikle a\u015fa\u011f\u0131daki unsurlar\u0131 i\u00e7ermektedir:<\/p>\n<ul>\n<li><strong>Veri Analizi:<\/strong> E\u011fitim verilerinin toplanmas\u0131 ve analiz edilmesi, kararlar\u0131n bilimsel temellere dayanmas\u0131n\u0131 sa\u011flar.<\/li>\n<li><strong>Payda\u015f Kat\u0131l\u0131m\u0131:<\/strong> \u00d6\u011fretmenler, veliler ve \u00f6\u011frenciler gibi payda\u015flar\u0131n g\u00f6r\u00fc\u015flerinin al\u0131nmas\u0131, kararlar\u0131n daha kapsay\u0131c\u0131 \u200dolmas\u0131na katk\u0131da bulunur.<\/li>\n<li><strong>Stratejik Planlama:<\/strong> Uzun vadeli hedeflerin belirlenmesi, karar alma s\u00fcre\u00e7lerinin y\u00f6nlendirilmesinde\u2063 kritik bir rol oynar.<\/li>\n<li><strong>\u0130zleme ve De\u011ferlendirme:<\/strong> Al\u0131nan kararlar\u0131n etkilerinin d\u00fczenli olarak izlenmesi,gelecekteki kararlar i\u00e7in \u00f6nemli bir\u2062 geri bildirim mekanizmas\u0131 olu\u015fturur.<\/li>\n<\/ul>\n<p>Bu s\u00fcre\u00e7lerin etkin bir \u2063\u015fekilde y\u00fcr\u00fct\u00fclmesi, proje okullar\u0131n\u0131n ba\u015far\u0131s\u0131n\u0131 art\u0131rmakta ve e\u011fitimdeki hedeflere ula\u015f\u0131lmas\u0131n\u0131 kolayla\u015ft\u0131rmaktad\u0131r. \u0130darenin takdir\u200b yetkisi, bu s\u00fcre\u00e7lerin\u200c y\u00f6netiminde \u00f6nemli bir unsur olarak \u00f6ne \u00e7\u0131kmakta\u200d ve uygulaman\u0131n esnekli\u011fini sa\u011flamaktad\u0131r.<\/p>\n<\/section>\n<p><img decoding=\"async\" class=\"kimage_class lazyload\" data-src=\"https:\/\/denizcankizil.tr\/wp-content\/uploads\/2024\/10\/3tcAw-253D.jpg\" alt=\"E\u011fitim Hakk\u0131 ve \u0130darenin Sorumluluklar\u0131\" src=\"data:image\/svg+xml;base64,PHN2ZyB3aWR0aD0iMSIgaGVpZ2h0PSIxIiB4bWxucz0iaHR0cDovL3d3dy53My5vcmcvMjAwMC9zdmciPjwvc3ZnPg==\"><\/p>\n<h2 id=\"egitim-hakki-ve-idarenin-sorumluluklari\">E\u011fitim Hakk\u0131 ve \u0130darenin Sorumluluklar\u0131<\/h2>\n<section>\n<p>E\u011fitim hakk\u0131, bireylerin e\u011fitim alma ve geli\u015fim f\u0131rsatlar\u0131na eri\u015fimlerini g\u00fcvence alt\u0131na alan temel bir hakt\u0131r. Bu hak,T\u00fcrkiye Cumhuriyeti \u2062Anayasas\u0131&#8217;n\u0131n 42. maddesinde a\u00e7\u0131k\u00e7a belirtilmi\u015ftir. E\u011fitim hakk\u0131n\u0131n sa\u011flanmas\u0131, yaln\u0131zca bireylerin de\u011fil, \u2062ayn\u0131 zamanda toplumun\u2064 da geli\u015fimi i\u00e7in kritik bir \u00f6neme sahiptir.Bu ba\u011flamda, idarenin \u2063e\u011fitim politikalar\u0131n\u0131 belirleme ve uygulama konusundaki sorumluluklar\u0131 da b\u00fcy\u00fck bir \u00f6nem ta\u015f\u0131maktad\u0131r.<\/p>\n<p>\u0130dare, e\u011fitim hizmetlerinin sunulmas\u0131nda <strong>\u0440\u0456\u0432\u043d\u0456\u0441\u0442\u044c<\/strong>, <strong>kalite<\/strong> ve <strong>eri\u015filebilirlik<\/strong> ilkelerine uygun hareket etmekle y\u00fck\u00fcml\u00fcd\u00fcr. Bu y\u00fck\u00fcml\u00fcl\u00fckler \u00e7er\u00e7evesinde, idarenin takdir yetkisi, e\u011fitim \u2064sisteminin i\u015fleyi\u015finde \u00f6nemli bir rol\u200c oynamaktad\u0131r. Ancak, bu takdir yetkisinin kullan\u0131m\u0131 s\u0131ras\u0131nda, e\u011fitim hakk\u0131n\u0131n \u200dihlal edilmemesi i\u00e7in dikkatli\u2062 olunmas\u0131 gerekmektedir. \u0130darenin, e\u011fitim politikalar\u0131n\u0131\u200b belirlerken ve uygularken, \u200da\u015fa\u011f\u0131daki hususlara \u00f6zen \u2063g\u00f6stermesi beklenmektedir:<\/p>\n<ul>\n<li><strong>\u015eeffafl\u0131k:<\/strong> E\u011fitim \u200dpolitikalar\u0131n\u0131n \u2062belirlenmesi s\u00fcrecinde, kamuoyunun bilgilendirilmesi ve kat\u0131l\u0131m\u0131n\u0131n\u2064 sa\u011flanmas\u0131 \u00f6nemlidir.<\/li>\n<li><strong>Adalet:<\/strong> E\u011fitim kaynaklar\u0131n\u0131n\u200d da\u011f\u0131t\u0131m\u0131nda adil bir yakla\u015f\u0131m benimsenmelidir.<\/li>\n<li><strong>\u0130zleme ve De\u011ferlendirme:<\/strong> Uygulanan politikalar\u0131n \u2062etkinli\u011fi d\u00fczenli olarak g\u00f6zden \u200cge\u00e7irilmeli ve gerekti\u011finde revize edilmelidir.<\/li>\n<\/ul>\n<p>Sonu\u00e7 olarak, e\u011fitim hakk\u0131n\u0131n korunmas\u0131 ve geli\u015ftirilmesi, idarenin sorumluluklar\u0131 aras\u0131nda yer almakta olup, bu \u2064sorumluluklar\u0131n yerine getirilmesi, toplumun genel \u200brefah\u0131 i\u00e7in hayati bir \u00f6neme sahiptir. \u0130darenin takdir yetkisi, bu s\u00fcre\u00e7te dikkatli bir \u015fekilde kullan\u0131lmal\u0131 ve bireylerin \u2063e\u011fitim \u2063hakk\u0131 her daim g\u00f6zetilmelidir.<\/p>\n<\/section>\n<p><img decoding=\"async\" class=\"kimage_class lazyload\" data-src=\"https:\/\/denizcankizil.tr\/wp-content\/uploads\/2024\/10\/IIKHg-253D.jpg\" alt=\"Proje Okullar\u0131 Uygulamas\u0131nda\u200c Ya\u015fanan Sorunlar\" src=\"data:image\/svg+xml;base64,PHN2ZyB3aWR0aD0iMSIgaGVpZ2h0PSIxIiB4bWxucz0iaHR0cDovL3d3dy53My5vcmcvMjAwMC9zdmciPjwvc3ZnPg==\"><\/p>\n<h2 id=\"proje-okullari-uygulamasinda-yasanan-sorunlar\">Proje Okullar\u0131 Uygulamas\u0131nda Ya\u015fanan Sorunlar<\/h2>\n<section>\n<p>Proje okullar\u0131 \u2063uygulamas\u0131, e\u011fitim sisteminde \u00f6nemli bir yer tutmakla birlikte, \u00e7e\u015fitli sorunlar\u0131 da beraberinde getirmi\u015ftir.Bu sorunlar, hem e\u011fitim kalitesini \u200cetkileyen unsurlar hem de idarenin takdir yetkisi ile ilgili tart\u0131\u015fmalar\u0131 i\u00e7ermektedir. A\u015fa\u011f\u0131da, proje okullar\u0131 uygulamas\u0131nda kar\u015f\u0131la\u015f\u0131lan ba\u015fl\u0131ca sorunlar s\u0131ralanm\u0131\u015ft\u0131r:<\/p>\n<ul>\n<li><strong>\u00d6\u011frenci Se\u00e7im S\u00fcre\u00e7leri:<\/strong> Proje \u200bokullar\u0131nda \u00f6\u011frenci al\u0131m\u0131nda uygulanan kriterler, adaletli bir se\u00e7im s\u00fcreci sa\u011flamakta yetersiz kalabilmektedir.<\/li>\n<li><strong>Kaynak Da\u011f\u0131l\u0131m\u0131:<\/strong> E\u011fitim materyalleri ve \u00f6\u011fretmen kadrosu gibi kaynaklar\u0131n da\u011f\u0131l\u0131m\u0131nda ya\u015fanan\u2063 dengesizlikler,baz\u0131 okullar\u0131n di\u011ferlerine g\u00f6re \u2062daha avantajl\u0131 hale gelmesine yol a\u00e7maktad\u0131r.<\/li>\n<li><strong>\u0130dari Kontrol Eksiklikleri:<\/strong> Proje okullar\u0131n\u0131n y\u00f6netiminde\u2062 ya\u015fanan eksiklikler, uygulaman\u0131n etkinli\u011fini azaltmakta ve \u2064e\u011fitimde e\u015fitli\u011fi tehdit etmektedir.<\/li>\n<li><strong>\u00d6\u011fretmen yeterlilikleri:<\/strong> proje okullar\u0131nda g\u00f6rev\u200c yapan \u00f6\u011fretmenlerin yeterlilikleri, e\u011fitim kalitesini do\u011frudan etkilemektedir.\u200b Bu ba\u011flamda, \u00f6\u011fretmenlerin s\u00fcrekli e\u011fitim almas\u0131 gereklili\u011fi g\u00f6z ard\u0131 edilmemelidir.<\/li>\n<\/ul>\n<p>Bu sorunlar, proje okullar\u0131n\u0131n amac\u0131na ula\u015fmas\u0131n\u0131 engelleyebilir\u200b ve e\u011fitim sisteminde daha geni\u015f \u00e7apl\u0131 sorunlara yol a\u00e7abilir. Dolay\u0131s\u0131yla, idarenin bu konularda alaca\u011f\u0131 \u00f6nlemler, uygulaman\u0131n ba\u015far\u0131s\u0131 a\u00e7\u0131s\u0131ndan kritik bir \u00f6neme sahiptir.<\/p>\n<\/section>\n<h2 id=\"cozum-onerileri-ve-gelecek-perspektifleri\">\u00c7\u00f6z\u00fcm \u00d6nerileri ve gelecek Perspektifleri<\/h2>\n<section>\n<p>Proje okullar\u0131 uygulamas\u0131n\u0131n getirdi\u011fi karma\u015fan\u0131n a\u015f\u0131lmas\u0131 i\u00e7in \u00e7e\u015fitli\u2062 \u00e7\u00f6z\u00fcm \u00f6nerileri geli\u015ftirilmesi gerekmektedir. Bu ba\u011flamda, idarenin takdir yetkisi ile ilgili olarak a\u015fa\u011f\u0131daki hususlar\u0131n dikkate al\u0131nmas\u0131 \u00f6nem arz etmektedir:<\/p>\n<ul>\n<li><strong>\u015eeffafl\u0131k ve Hesap Verebilirlik:<\/strong> \u0130darenin karar alma s\u00fcre\u00e7lerinin daha \u015feffaf hale getirilmesi, kamuoyunun g\u00fcvenini art\u0131racakt\u0131r. Bu do\u011frultuda, al\u0131nan kararlar\u0131n gerek\u00e7eleri ve s\u00fcre\u00e7leri hakk\u0131nda d\u00fczenli bilgilendirme yap\u0131lmal\u0131d\u0131r.<\/li>\n<li><strong>Kat\u0131l\u0131mc\u0131 Y\u00f6netim Modelleri:<\/strong> E\u011fitim \u2062politikalar\u0131n\u0131n belirlenmesinde \u00f6\u011fretmenler, veliler ve \u00f6\u011frencilerin g\u00f6r\u00fc\u015flerinin al\u0131nmas\u0131, uygulaman\u0131n etkinli\u011fini art\u0131rabilir. Bu t\u00fcr kat\u0131l\u0131mc\u0131 yakla\u015f\u0131mlar, uygulaman\u0131n daha geni\u015f bir destek bulmas\u0131n\u0131 sa\u011flayacakt\u0131r.<\/li>\n<li><strong>Yasal D\u00fczenlemelerin G\u00f6zden Ge\u00e7irilmesi:<\/strong> Proje okullar\u0131 ile ilgili mevcut yasal \u00e7er\u00e7evenin yeniden de\u011ferlendirilmesi, \u2063belirsizliklerin\u2063 ortadan kald\u0131r\u0131lmas\u0131na yard\u0131mc\u0131 olabilir. Bu s\u00fcre\u00e7te, yasal d\u00fczenlemelerin e\u011fitim sisteminin ihtiya\u00e7lar\u0131na \u2063uygun hale getirilmesi \u00f6nemlidir.<\/li>\n<li><strong>E\u011fitim\u200c Kalitesinin \u2062Art\u0131r\u0131lmas\u0131:<\/strong> Proje okullar\u0131nda e\u011fitim kalitesinin art\u0131r\u0131lmas\u0131\u200d i\u00e7in \u00f6\u011fretmenlerin mesleki geli\u015fimlerine y\u00f6nelik programlar d\u00fczenlenmelidir. Bu sayede, \u00f6\u011fretmenlerin bilgi ve becerileri g\u00fcncellenerek, \u00f6\u011frencilere daha iyi bir e\u011fitim sunulabilir.<\/li>\n<\/ul>\n<p>Gelecek perspektifleri a\u00e7\u0131s\u0131ndan, proje okullar\u0131n\u0131n s\u00fcrd\u00fcr\u00fclebilir bir \u015fekilde y\u00f6netilmesi i\u00e7in \u2063yukar\u0131da\u2064 belirtilen \u00f6nerilerin hayata ge\u00e7irilmesi b\u00fcy\u00fck \u00f6nem ta\u015f\u0131maktad\u0131r. E\u011fitim sisteminin dinamik yap\u0131s\u0131 g\u00f6z \u00f6n\u00fcnde bulunduruldu\u011funda, s\u00fcrekli iyile\u015ftirme ve yenilik\u00e7i yakla\u015f\u0131mlar benimsenmelidir. Bu sayede, e\u011fitimdeki mevcut sorunlar\u0131n \u00fcstesinden gelinerek, daha etkili bir e\u011fitim ortam\u0131 olu\u015fturulabilir.<\/p>\n<\/section>\n<p>Sonu\u00e7 olarak, \u2064proje okullar\u0131 uygulamas\u0131, e\u011fitim sistemimizde \u00f6nemli bir yer tutmakla birlikte, idarenin takdir \u2064yetkisi \u00e7er\u00e7evesinde ortaya \u00e7\u0131kan belirsizlikler \u200dve kaotik durumlar, e\u011fitim kalitesini ve \u00f6\u011frenci haklar\u0131n\u0131 do\u011frudan etkilemektedir. Bu \u00e7al\u0131\u015fma, idarenin takdir yetkisinin s\u0131n\u0131rlar\u0131n\u0131 ve bu yetkinin nas\u0131l kullan\u0131lmas\u0131 gerekti\u011fini irdeleyerek, e\u011fitim politikalar\u0131n\u0131n daha \u015feffaf \u2062ve adil bir \u015fekilde y\u00fcr\u00fct\u00fclmesine katk\u0131 sa\u011flamay\u0131 ama\u00e7lamaktad\u0131r. Gelecekte, proje okullar\u0131n\u0131n y\u00f6netiminde daha tutarl\u0131 ve \u00f6ng\u00f6r\u00fclebilir bir yakla\u015f\u0131m benimsenmesi, hem e\u011fitimcilerin hem de \u00f6\u011frencilerin haklar\u0131n\u0131n korunmas\u0131 a\u00e7\u0131s\u0131ndan b\u00fcy\u00fck \u00f6nem ta\u015f\u0131maktad\u0131r. Bu ba\u011flamda, ilgili mevzuat\u0131n g\u00f6zden ge\u00e7irilmesi ve uygulamada kar\u015f\u0131la\u015f\u0131lan sorunlar\u0131n \u00e7\u00f6z\u00fcm\u00fcne y\u00f6nelik somut ad\u0131mlar at\u0131lmas\u0131, e\u011fitim sistemimizin s\u00fcrd\u00fcr\u00fclebilirli\u011fi i\u00e7in elzemdir. E\u011fitimdeki bu \u2062karma\u015fan\u0131n sona \u200dermesi, yaln\u0131zca bireylerin \u2064de\u011fil, toplumun genel refah\u0131 i\u00e7in de \u200dkritik bir \u200bgereklilik olarak kar\u015f\u0131m\u0131za \u00e7\u0131kmaktad\u0131r. <\/p>","protected":false},"excerpt":{"rendered":"<p>Proje okullar\u0131, e\u011fitim sisteminde yenilik\u00e7i yakla\u015f\u0131mlar sunarken, idarenin takdir yetkisi \u00e7er\u00e7evesinde \u00e7e\u015fitli sorunlar do\u011furmaktad\u0131r. Bu \u00e7al\u0131\u015fmada, idarenin karar alma s\u00fcre\u00e7leri ve uygulamadaki belirsizlikler ele al\u0131nacakt\u0131r.<\/p>","protected":false},"author":4,"featured_media":0,"comment_status":"open","ping_status":"open","sticky":false,"template":"","format":"standard","meta":{"_acf_changed":false,"footnotes":""},"categories":[22],"tags":[],"class_list":["post-63977","post","type-post","status-publish","format-standard","hentry","category-degerlendirme"],"acf":[],"yoast_head":"<!-- This site is optimized with the Yoast SEO Premium plugin v26.6 (Yoast SEO v27.1.1) - https:\/\/yoast.com\/product\/yoast-seo-premium-wordpress\/ -->\n<title>Proje Okullar\u0131 Kaosu: \u0130darenin Takdir Yetkisi \u00dczerine Analiz - Av. Deniz Can K\u0131z\u0131l<\/title>\n<meta name=\"robots\" content=\"index, follow, max-snippet:-1, max-image-preview:large, max-video-preview:-1\" \/>\n<link rel=\"canonical\" href=\"https:\/\/denizcankizil.tr\/uk\/koseyazilari\/degerlendirme\/proje-okullari-kaosu-idarenin-takdir-yetkisi-uzerine-analiz\/\" \/>\n<meta property=\"og:locale\" content=\"uk_UA\" \/>\n<meta property=\"og:type\" content=\"article\" \/>\n<meta property=\"og:title\" content=\"Proje Okullar\u0131 Kaosu: \u0130darenin Takdir Yetkisi \u00dczerine Analiz\" \/>\n<meta property=\"og:description\" content=\"Proje okullar\u0131, e\u011fitim sisteminde yenilik\u00e7i yakla\u015f\u0131mlar sunarken, idarenin takdir yetkisi \u00e7er\u00e7evesinde \u00e7e\u015fitli sorunlar do\u011furmaktad\u0131r. Bu \u00e7al\u0131\u015fmada, idarenin karar alma s\u00fcre\u00e7leri ve uygulamadaki belirsizlikler ele al\u0131nacakt\u0131r.\" \/>\n<meta property=\"og:url\" content=\"https:\/\/denizcankizil.tr\/uk\/koseyazilari\/degerlendirme\/proje-okullari-kaosu-idarenin-takdir-yetkisi-uzerine-analiz\/\" \/>\n<meta property=\"og:site_name\" content=\"Av. Deniz Can K\u0131z\u0131l\" \/>\n<meta property=\"article:published_time\" content=\"2025-04-23T12:39:52+00:00\" \/>\n<meta property=\"og:image\" content=\"https:\/\/denizcankizil.tr\/wp-content\/uploads\/2024\/10\/3984-antalyada-sigorta-hukuku-avukatinin-gorev-alanlari.jpg\" \/>\n<meta name=\"author\" content=\"Av. Deniz Can K\u0131z\u0131l\" \/>\n<meta name=\"twitter:card\" content=\"summary_large_image\" \/>\n<meta name=\"twitter:label1\" content=\"\u041d\u0430\u043f\u0438\u0441\u0430\u043d\u043e\" \/>\n\t<meta name=\"twitter:data1\" content=\"Av. Deniz Can K\u0131z\u0131l\" \/>\n\t<meta name=\"twitter:label2\" content=\"\u041f\u0440\u0438\u0431\u043b. \u0447\u0430\u0441 \u0447\u0438\u0442\u0430\u043d\u043d\u044f\" \/>\n\t<meta name=\"twitter:data2\" content=\"9 \u0445\u0432\u0438\u043b\u0438\u043d\" \/>\n<script type=\"application\/ld+json\" class=\"yoast-schema-graph\">{\"@context\":\"https:\/\/schema.org\",\"@graph\":[{\"@type\":\"Article\",\"@id\":\"https:\/\/denizcankizil.tr\/uk\/koseyazilari\/degerlendirme\/proje-okullari-kaosu-idarenin-takdir-yetkisi-uzerine-analiz\/#article\",\"isPartOf\":{\"@id\":\"https:\/\/denizcankizil.tr\/uk\/koseyazilari\/degerlendirme\/proje-okullari-kaosu-idarenin-takdir-yetkisi-uzerine-analiz\/\"},\"author\":{\"name\":\"Av. Deniz Can K\u0131z\u0131l\",\"@id\":\"https:\/\/denizcankizil.tr\/de\/#\/schema\/person\/5dc1b22991bd7ac833867c10afc9b0ff\"},\"headline\":\"Proje Okullar\u0131 Kaosu: \u0130darenin Takdir Yetkisi \u00dczerine Analiz\",\"datePublished\":\"2025-04-23T12:39:52+00:00\",\"mainEntityOfPage\":{\"@id\":\"https:\/\/denizcankizil.tr\/uk\/koseyazilari\/degerlendirme\/proje-okullari-kaosu-idarenin-takdir-yetkisi-uzerine-analiz\/\"},\"wordCount\":1800,\"commentCount\":0,\"publisher\":{\"@id\":\"https:\/\/denizcankizil.tr\/de\/#organization\"},\"image\":{\"@id\":\"https:\/\/denizcankizil.tr\/uk\/koseyazilari\/degerlendirme\/proje-okullari-kaosu-idarenin-takdir-yetkisi-uzerine-analiz\/#primaryimage\"},\"thumbnailUrl\":\"https:\/\/denizcankizil.tr\/wp-content\/uploads\/2024\/10\/3984-antalyada-sigorta-hukuku-avukatinin-gorev-alanlari.jpg\",\"articleSection\":[\"De\u011ferlendirme\"],\"inLanguage\":\"uk\",\"potentialAction\":[{\"@type\":\"CommentAction\",\"name\":\"Comment\",\"target\":[\"https:\/\/denizcankizil.tr\/uk\/koseyazilari\/degerlendirme\/proje-okullari-kaosu-idarenin-takdir-yetkisi-uzerine-analiz\/#respond\"]}]},{\"@type\":\"WebPage\",\"@id\":\"https:\/\/denizcankizil.tr\/uk\/koseyazilari\/degerlendirme\/proje-okullari-kaosu-idarenin-takdir-yetkisi-uzerine-analiz\/\",\"url\":\"https:\/\/denizcankizil.tr\/uk\/koseyazilari\/degerlendirme\/proje-okullari-kaosu-idarenin-takdir-yetkisi-uzerine-analiz\/\",\"name\":\"Proje Okullar\u0131 Kaosu: \u0130darenin Takdir Yetkisi \u00dczerine Analiz - Av. Deniz Can K\u0131z\u0131l\",\"isPartOf\":{\"@id\":\"https:\/\/denizcankizil.tr\/de\/#website\"},\"primaryImageOfPage\":{\"@id\":\"https:\/\/denizcankizil.tr\/uk\/koseyazilari\/degerlendirme\/proje-okullari-kaosu-idarenin-takdir-yetkisi-uzerine-analiz\/#primaryimage\"},\"image\":{\"@id\":\"https:\/\/denizcankizil.tr\/uk\/koseyazilari\/degerlendirme\/proje-okullari-kaosu-idarenin-takdir-yetkisi-uzerine-analiz\/#primaryimage\"},\"thumbnailUrl\":\"https:\/\/denizcankizil.tr\/wp-content\/uploads\/2024\/10\/3984-antalyada-sigorta-hukuku-avukatinin-gorev-alanlari.jpg\",\"datePublished\":\"2025-04-23T12:39:52+00:00\",\"breadcrumb\":{\"@id\":\"https:\/\/denizcankizil.tr\/uk\/koseyazilari\/degerlendirme\/proje-okullari-kaosu-idarenin-takdir-yetkisi-uzerine-analiz\/#breadcrumb\"},\"inLanguage\":\"uk\",\"potentialAction\":[{\"@type\":\"ReadAction\",\"target\":[\"https:\/\/denizcankizil.tr\/uk\/koseyazilari\/degerlendirme\/proje-okullari-kaosu-idarenin-takdir-yetkisi-uzerine-analiz\/\"]}]},{\"@type\":\"ImageObject\",\"inLanguage\":\"uk\",\"@id\":\"https:\/\/denizcankizil.tr\/uk\/koseyazilari\/degerlendirme\/proje-okullari-kaosu-idarenin-takdir-yetkisi-uzerine-analiz\/#primaryimage\",\"url\":\"https:\/\/denizcankizil.tr\/wp-content\/uploads\/2024\/10\/3984-antalyada-sigorta-hukuku-avukatinin-gorev-alanlari.jpg\",\"contentUrl\":\"https:\/\/denizcankizil.tr\/wp-content\/uploads\/2024\/10\/3984-antalyada-sigorta-hukuku-avukatinin-gorev-alanlari.jpg\"},{\"@type\":\"BreadcrumbList\",\"@id\":\"https:\/\/denizcankizil.tr\/uk\/koseyazilari\/degerlendirme\/proje-okullari-kaosu-idarenin-takdir-yetkisi-uzerine-analiz\/#breadcrumb\",\"itemListElement\":[{\"@type\":\"ListItem\",\"position\":1,\"name\":\"Home\",\"item\":\"https:\/\/denizcankizil.tr\/de\/\"},{\"@type\":\"ListItem\",\"position\":2,\"name\":\"Proje Okullar\u0131 Kaosu: \u0130darenin Takdir Yetkisi \u00dczerine Analiz\"}]},{\"@type\":\"WebSite\",\"@id\":\"https:\/\/denizcankizil.tr\/de\/#website\",\"url\":\"https:\/\/denizcankizil.tr\/de\/\",\"name\":\"Av. Deniz Can K\u0131z\u0131l\",\"description\":\"Avukat Deniz Can K\u0131z\u0131l Antalya Barosu\",\"publisher\":{\"@id\":\"https:\/\/denizcankizil.tr\/de\/#organization\"},\"potentialAction\":[{\"@type\":\"SearchAction\",\"target\":{\"@type\":\"EntryPoint\",\"urlTemplate\":\"https:\/\/denizcankizil.tr\/de\/?s={search_term_string}\"},\"query-input\":{\"@type\":\"PropertyValueSpecification\",\"valueRequired\":true,\"valueName\":\"search_term_string\"}}],\"inLanguage\":\"uk\"},{\"@type\":\"Organization\",\"@id\":\"https:\/\/denizcankizil.tr\/de\/#organization\",\"name\":\"Av. Deniz Can K\u0131z\u0131l\",\"url\":\"https:\/\/denizcankizil.tr\/de\/\",\"logo\":{\"@type\":\"ImageObject\",\"inLanguage\":\"uk\",\"@id\":\"https:\/\/denizcankizil.tr\/de\/#\/schema\/logo\/image\/\",\"url\":\"https:\/\/denizcankizil.tr\/wp-content\/uploads\/2024\/10\/siyah-logo-svg.svg\",\"contentUrl\":\"https:\/\/denizcankizil.tr\/wp-content\/uploads\/2024\/10\/siyah-logo-svg.svg\",\"width\":1080,\"height\":1080,\"caption\":\"Av. Deniz Can K\u0131z\u0131l\"},\"image\":{\"@id\":\"https:\/\/denizcankizil.tr\/de\/#\/schema\/logo\/image\/\"}},{\"@type\":\"Person\",\"@id\":\"https:\/\/denizcankizil.tr\/de\/#\/schema\/person\/5dc1b22991bd7ac833867c10afc9b0ff\",\"name\":\"Av. Deniz Can K\u0131z\u0131l\",\"image\":{\"@type\":\"ImageObject\",\"inLanguage\":\"uk\",\"@id\":\"https:\/\/denizcankizil.tr\/de\/#\/schema\/person\/image\/\",\"url\":\"https:\/\/secure.gravatar.com\/avatar\/a0b128fb9855c79efc976d5640eedb31dc35ec297594d6016d2cf7c60e975bb6?s=96&d=mm&r=g\",\"contentUrl\":\"https:\/\/secure.gravatar.com\/avatar\/a0b128fb9855c79efc976d5640eedb31dc35ec297594d6016d2cf7c60e975bb6?s=96&d=mm&r=g\",\"caption\":\"Av. Deniz Can K\u0131z\u0131l\"},\"sameAs\":[\"http:\/\/www.denizcankizil.tr\"],\"url\":\"https:\/\/denizcankizil.tr\/uk\/author\/denizcankizil\/\"}]}<\/script>\n<!-- \/ Yoast SEO Premium plugin. -->","yoast_head_json":{"title":"Proje Okullar\u0131 Kaosu: \u0130darenin Takdir Yetkisi \u00dczerine Analiz - Av. Deniz Can K\u0131z\u0131l","robots":{"index":"index","follow":"follow","max-snippet":"max-snippet:-1","max-image-preview":"max-image-preview:large","max-video-preview":"max-video-preview:-1"},"canonical":"https:\/\/denizcankizil.tr\/uk\/koseyazilari\/degerlendirme\/proje-okullari-kaosu-idarenin-takdir-yetkisi-uzerine-analiz\/","og_locale":"uk_UA","og_type":"article","og_title":"Proje Okullar\u0131 Kaosu: \u0130darenin Takdir Yetkisi \u00dczerine Analiz","og_description":"Proje okullar\u0131, e\u011fitim sisteminde yenilik\u00e7i yakla\u015f\u0131mlar sunarken, idarenin takdir yetkisi \u00e7er\u00e7evesinde \u00e7e\u015fitli sorunlar do\u011furmaktad\u0131r. Bu \u00e7al\u0131\u015fmada, idarenin karar alma s\u00fcre\u00e7leri ve uygulamadaki belirsizlikler ele al\u0131nacakt\u0131r.","og_url":"https:\/\/denizcankizil.tr\/uk\/koseyazilari\/degerlendirme\/proje-okullari-kaosu-idarenin-takdir-yetkisi-uzerine-analiz\/","og_site_name":"Av. Deniz Can K\u0131z\u0131l","article_published_time":"2025-04-23T12:39:52+00:00","og_image":[{"url":"https:\/\/denizcankizil.tr\/wp-content\/uploads\/2024\/10\/3984-antalyada-sigorta-hukuku-avukatinin-gorev-alanlari.jpg","type":"","width":"","height":""}],"author":"Av. Deniz Can K\u0131z\u0131l","twitter_card":"summary_large_image","twitter_misc":{"\u041d\u0430\u043f\u0438\u0441\u0430\u043d\u043e":"Av. Deniz Can K\u0131z\u0131l","\u041f\u0440\u0438\u0431\u043b. \u0447\u0430\u0441 \u0447\u0438\u0442\u0430\u043d\u043d\u044f":"9 \u0445\u0432\u0438\u043b\u0438\u043d"},"schema":{"@context":"https:\/\/schema.org","@graph":[{"@type":"Article","@id":"https:\/\/denizcankizil.tr\/uk\/koseyazilari\/degerlendirme\/proje-okullari-kaosu-idarenin-takdir-yetkisi-uzerine-analiz\/#article","isPartOf":{"@id":"https:\/\/denizcankizil.tr\/uk\/koseyazilari\/degerlendirme\/proje-okullari-kaosu-idarenin-takdir-yetkisi-uzerine-analiz\/"},"author":{"name":"Av. Deniz Can K\u0131z\u0131l","@id":"https:\/\/denizcankizil.tr\/de\/#\/schema\/person\/5dc1b22991bd7ac833867c10afc9b0ff"},"headline":"Proje Okullar\u0131 Kaosu: \u0130darenin Takdir Yetkisi \u00dczerine Analiz","datePublished":"2025-04-23T12:39:52+00:00","mainEntityOfPage":{"@id":"https:\/\/denizcankizil.tr\/uk\/koseyazilari\/degerlendirme\/proje-okullari-kaosu-idarenin-takdir-yetkisi-uzerine-analiz\/"},"wordCount":1800,"commentCount":0,"publisher":{"@id":"https:\/\/denizcankizil.tr\/de\/#organization"},"image":{"@id":"https:\/\/denizcankizil.tr\/uk\/koseyazilari\/degerlendirme\/proje-okullari-kaosu-idarenin-takdir-yetkisi-uzerine-analiz\/#primaryimage"},"thumbnailUrl":"https:\/\/denizcankizil.tr\/wp-content\/uploads\/2024\/10\/3984-antalyada-sigorta-hukuku-avukatinin-gorev-alanlari.jpg","articleSection":["De\u011ferlendirme"],"inLanguage":"uk","potentialAction":[{"@type":"CommentAction","name":"Comment","target":["https:\/\/denizcankizil.tr\/uk\/koseyazilari\/degerlendirme\/proje-okullari-kaosu-idarenin-takdir-yetkisi-uzerine-analiz\/#respond"]}]},{"@type":"WebPage","@id":"https:\/\/denizcankizil.tr\/uk\/koseyazilari\/degerlendirme\/proje-okullari-kaosu-idarenin-takdir-yetkisi-uzerine-analiz\/","url":"https:\/\/denizcankizil.tr\/uk\/koseyazilari\/degerlendirme\/proje-okullari-kaosu-idarenin-takdir-yetkisi-uzerine-analiz\/","name":"Proje Okullar\u0131 Kaosu: \u0130darenin Takdir Yetkisi \u00dczerine Analiz - Av. Deniz Can K\u0131z\u0131l","isPartOf":{"@id":"https:\/\/denizcankizil.tr\/de\/#website"},"primaryImageOfPage":{"@id":"https:\/\/denizcankizil.tr\/uk\/koseyazilari\/degerlendirme\/proje-okullari-kaosu-idarenin-takdir-yetkisi-uzerine-analiz\/#primaryimage"},"image":{"@id":"https:\/\/denizcankizil.tr\/uk\/koseyazilari\/degerlendirme\/proje-okullari-kaosu-idarenin-takdir-yetkisi-uzerine-analiz\/#primaryimage"},"thumbnailUrl":"https:\/\/denizcankizil.tr\/wp-content\/uploads\/2024\/10\/3984-antalyada-sigorta-hukuku-avukatinin-gorev-alanlari.jpg","datePublished":"2025-04-23T12:39:52+00:00","breadcrumb":{"@id":"https:\/\/denizcankizil.tr\/uk\/koseyazilari\/degerlendirme\/proje-okullari-kaosu-idarenin-takdir-yetkisi-uzerine-analiz\/#breadcrumb"},"inLanguage":"uk","potentialAction":[{"@type":"ReadAction","target":["https:\/\/denizcankizil.tr\/uk\/koseyazilari\/degerlendirme\/proje-okullari-kaosu-idarenin-takdir-yetkisi-uzerine-analiz\/"]}]},{"@type":"ImageObject","inLanguage":"uk","@id":"https:\/\/denizcankizil.tr\/uk\/koseyazilari\/degerlendirme\/proje-okullari-kaosu-idarenin-takdir-yetkisi-uzerine-analiz\/#primaryimage","url":"https:\/\/denizcankizil.tr\/wp-content\/uploads\/2024\/10\/3984-antalyada-sigorta-hukuku-avukatinin-gorev-alanlari.jpg","contentUrl":"https:\/\/denizcankizil.tr\/wp-content\/uploads\/2024\/10\/3984-antalyada-sigorta-hukuku-avukatinin-gorev-alanlari.jpg"},{"@type":"BreadcrumbList","@id":"https:\/\/denizcankizil.tr\/uk\/koseyazilari\/degerlendirme\/proje-okullari-kaosu-idarenin-takdir-yetkisi-uzerine-analiz\/#breadcrumb","itemListElement":[{"@type":"ListItem","position":1,"name":"Home","item":"https:\/\/denizcankizil.tr\/de\/"},{"@type":"ListItem","position":2,"name":"Proje Okullar\u0131 Kaosu: \u0130darenin Takdir Yetkisi \u00dczerine Analiz"}]},{"@type":"WebSite","@id":"https:\/\/denizcankizil.tr\/de\/#website","url":"https:\/\/denizcankizil.tr\/de\/","name":"Av. Deniz Can K\u0131z\u0131l","description":"Avukat Deniz Can K\u0131z\u0131l Antalya Barosu","publisher":{"@id":"https:\/\/denizcankizil.tr\/de\/#organization"},"potentialAction":[{"@type":"SearchAction","target":{"@type":"EntryPoint","urlTemplate":"https:\/\/denizcankizil.tr\/de\/?s={search_term_string}"},"query-input":{"@type":"PropertyValueSpecification","valueRequired":true,"valueName":"search_term_string"}}],"inLanguage":"uk"},{"@type":"Organization","@id":"https:\/\/denizcankizil.tr\/de\/#organization","name":"Av. Deniz Can K\u0131z\u0131l","url":"https:\/\/denizcankizil.tr\/de\/","logo":{"@type":"ImageObject","inLanguage":"uk","@id":"https:\/\/denizcankizil.tr\/de\/#\/schema\/logo\/image\/","url":"https:\/\/denizcankizil.tr\/wp-content\/uploads\/2024\/10\/siyah-logo-svg.svg","contentUrl":"https:\/\/denizcankizil.tr\/wp-content\/uploads\/2024\/10\/siyah-logo-svg.svg","width":1080,"height":1080,"caption":"Av. Deniz Can K\u0131z\u0131l"},"image":{"@id":"https:\/\/denizcankizil.tr\/de\/#\/schema\/logo\/image\/"}},{"@type":"Person","@id":"https:\/\/denizcankizil.tr\/de\/#\/schema\/person\/5dc1b22991bd7ac833867c10afc9b0ff","name":"Av. Deniz Can K\u0131z\u0131l","image":{"@type":"ImageObject","inLanguage":"uk","@id":"https:\/\/denizcankizil.tr\/de\/#\/schema\/person\/image\/","url":"https:\/\/secure.gravatar.com\/avatar\/a0b128fb9855c79efc976d5640eedb31dc35ec297594d6016d2cf7c60e975bb6?s=96&d=mm&r=g","contentUrl":"https:\/\/secure.gravatar.com\/avatar\/a0b128fb9855c79efc976d5640eedb31dc35ec297594d6016d2cf7c60e975bb6?s=96&d=mm&r=g","caption":"Av. Deniz Can K\u0131z\u0131l"},"sameAs":["http:\/\/www.denizcankizil.tr"],"url":"https:\/\/denizcankizil.tr\/uk\/author\/denizcankizil\/"}]}},"_links":{"self":[{"href":"https:\/\/denizcankizil.tr\/uk\/wp-json\/wp\/v2\/posts\/63977","targetHints":{"allow":["GET"]}}],"collection":[{"href":"https:\/\/denizcankizil.tr\/uk\/wp-json\/wp\/v2\/posts"}],"about":[{"href":"https:\/\/denizcankizil.tr\/uk\/wp-json\/wp\/v2\/types\/post"}],"author":[{"embeddable":true,"href":"https:\/\/denizcankizil.tr\/uk\/wp-json\/wp\/v2\/users\/4"}],"replies":[{"embeddable":true,"href":"https:\/\/denizcankizil.tr\/uk\/wp-json\/wp\/v2\/comments?post=63977"}],"version-history":[{"count":0,"href":"https:\/\/denizcankizil.tr\/uk\/wp-json\/wp\/v2\/posts\/63977\/revisions"}],"wp:attachment":[{"href":"https:\/\/denizcankizil.tr\/uk\/wp-json\/wp\/v2\/media?parent=63977"}],"wp:term":[{"taxonomy":"category","embeddable":true,"href":"https:\/\/denizcankizil.tr\/uk\/wp-json\/wp\/v2\/categories?post=63977"},{"taxonomy":"post_tag","embeddable":true,"href":"https:\/\/denizcankizil.tr\/uk\/wp-json\/wp\/v2\/tags?post=63977"}],"curies":[{"name":"wp","href":"https:\/\/api.w.org\/{rel}","templated":true}]}}