{"id":63929,"date":"2025-04-23T13:42:39","date_gmt":"2025-04-23T10:42:39","guid":{"rendered":"https:\/\/denizcankizil.tr\/uncategorized-tr\/3-ilce-protokolu-ve-vatandaslar-expoda-bulustu\/"},"modified":"2025-04-23T13:42:39","modified_gmt":"2025-04-23T10:42:39","slug":"3-ilce-protokolu-ve-vatandaslar-expoda-bulustu","status":"publish","type":"post","link":"https:\/\/denizcankizil.tr\/uk\/haberler\/gundem\/3-ilce-protokolu-ve-vatandaslar-expoda-bulustu\/","title":{"rendered":"3 \u0130l\u00e7e Protokol\u00fc ve Vatanda\u015flar EXPO\u2019da Bulu\u015ftu"},"content":{"rendered":"<p>T\u00fcrkiye B\u00fcy\u00fck Millet Meclisi\u2019nin (TBMM) a\u00e7\u0131l\u0131\u015f\u0131n\u0131n 105. y\u0131l d\u00f6n\u00fcm\u00fcnde \u0130skenderun EXPO\u2019da ger\u00e7ekle\u015ftirilen g\u00f6steriler ve program, \u00e7ocuklar\u0131n ne\u015fesiyle \u015fenlendi.<\/p>\n<p>\u0130l milli e\u011fitim m\u00fcd\u00fcrl\u00fc\u011f\u00fcn\u00fcn koordinesinde ger\u00e7ekle\u015ftirilen 23 Nisan Ulusal egemenlik ve \u00e7ocuk bayram\u0131 kutlama t\u00f6reni sayg\u0131 duru\u015fu ve istiklal mar\u015f\u0131n\u0131n okunmas\u0131n\u0131n, ar\u0131ndan minik \u00f6\u011frenciler \u015fenlik kutlamalar\u0131na ba\u015flad\u0131. Hatay \u0130l Milli e\u011fitim m\u00fcd\u00fcr\u00fc Harun T\u00fcys\u00fcz, 23 Nisan Ulusal Egemenlik ve \u00c7ocuk Bayram\u0131n\u0131 muhte\u015fem kalabal\u0131k ile bir arada kutlad\u0131klar\u0131n\u0131 ifade ederek \u201cBug\u00fcn hep birlikte milletimizin ba\u011f\u0131ms\u0131zl\u0131k m\u00fccadelesinde d\u00f6n\u00fcm noktas\u0131 olan TBMM\u2019nin a\u00e7\u0131l\u0131\u015f\u0131n\u0131n 105. Y\u0131ld\u00f6n\u00fcm\u00fcn\u00fc ve bu b\u00fcy\u00fck g\u00fcn\u00fc \u00e7ocuklara arma\u011fan eden bir liderin vizyonunu co\u015fku ve gururla an\u0131yoruz\u201d dedi. \u00a0<\/p>\n<p>EXPO alan\u0131ndaki t\u00f6rende, milli egemenli\u011fin \u00f6nemi ve \u00e7ocuklar\u0131n gelece\u011fimizdeki yeri gururla vurguland\u0131. Birlik ve beraberlik duygular\u0131n\u0131n \u00f6n planda oldu\u011fu kutlamalar, renkli g\u00f6steriler ve \u00e7ocuklar\u0131n sevin\u00e7 dolu anlar\u0131yla ta\u00e7land\u0131. Arsuz Expo alan\u0131nda ger\u00e7ekle\u015ftirilen ve yo\u011fun kat\u0131l\u0131m\u0131n oldu\u011fu etkinliklerde farkl\u0131 okullar\u0131n \u00f6\u011frencileri bir birinden ilgi \u00e7ekici g\u00f6sterileriyle 23 Nisan co\u015fkusuna renk katt\u0131. Program \u00e7ocuklar\u0131n \u015fenlik g\u00f6sterileriyle devam etti.<\/p>\n<p>Kutlamalara Vali Mustafa Masatl\u0131 e\u015fi ve \u00e7ocu\u011fuyla birlikte kat\u0131ld\u0131\u011f\u0131 t\u00f6rene, CHP Hatay Milletvekili Nermin Y\u0131ld\u0131r\u0131m Kara, \u0130skenderun Teknik \u00dcniversitesi Rekt\u00f6r\u00fc Prof. Dr. Mehmet Duruel, HBB Ba\u015fkan\u0131 Mehmet \u00d6nt\u00fcrk, \u00fc\u00e7 il\u00e7enin Kaymakam ve belediye ba\u015fkanlar\u0131, \u0130skenderun 39. Mekan\u0131zi Piyade Tu\u011fay Komutan\u0131 Tu\u011fgeneral B\u00fclent Tarhan, Deniz \u00dcs komutan\u0131 Deniz Albay Necati Koray Salar,\u00a0 Hatay Cumhuriyet Ba\u015fsavc\u0131s\u0131 Ahmet \u00c7elikkol, \u0130l Emniyet m\u00fcd\u00fcr\u00fc, Jandarma komutan, resmi kurum ve kurulu\u015f temsilcileri ile siyasi parti temsilcileri, gaziler, \u015fehit ve gazi yak\u0131nlar\u0131 ile \u00e7ok say\u0131da vatanda\u015f kat\u0131ld\u0131.<\/p>\n<p>\u200bHatay\u2019da 23 Nisan Ulusal Egemenlik ve \u00c7ocuk Bayram\u0131, \u0130skenderun EXPO yerle\u015fkesinde d\u00fczenlenen geni\u015f kat\u0131l\u0131ml\u0131 etkinlikle b\u00fcy\u00fck bir co\u015fku i\u00e7erisinde kutland\u0131.\u00a0<\/p>\n<p>\u200bHaberin Al\u0131nt\u0131land\u0131\u011f\u0131 Kaynak: www.iskenderun.org<\/p>","protected":false},"excerpt":{"rendered":"<p>T\u00fcrkiye B\u00fcy\u00fck Millet Meclisi\u2019nin (TBMM) a\u00e7\u0131l\u0131\u015f\u0131n\u0131n 105. y\u0131l d\u00f6n\u00fcm\u00fcnde \u0130skenderun EXPO\u2019da ger\u00e7ekle\u015ftirilen g\u00f6steriler ve program, \u00e7ocuklar\u0131n ne\u015fesiyle \u015fenlendi. \u0130l milli e\u011fitim m\u00fcd\u00fcrl\u00fc\u011f\u00fcn\u00fcn koordinesinde ger\u00e7ekle\u015ftirilen 23 Nisan Ulusal egemenlik ve \u00e7ocuk bayram\u0131 kutlama t\u00f6reni sayg\u0131 duru\u015fu ve istiklal mar\u015f\u0131n\u0131n okunmas\u0131n\u0131n, ar\u0131ndan minik \u00f6\u011frenciler \u015fenlik kutlamalar\u0131na ba\u015flad\u0131. Hatay \u0130l Milli e\u011fitim m\u00fcd\u00fcr\u00fc Harun T\u00fcys\u00fcz, 23 Nisan Ulusal Egemenlik ve \u00c7ocuk Bayram\u0131n\u0131 muhte\u015fem kalabal\u0131k ile bir arada kutlad\u0131klar\u0131n\u0131 ifade ederek \u201cBug\u00fcn hep birlikte milletimizin ba\u011f\u0131ms\u0131zl\u0131k m\u00fccadelesinde d\u00f6n\u00fcm noktas\u0131 olan TBMM\u2019nin a\u00e7\u0131l\u0131\u015f\u0131n\u0131n 105. Y\u0131ld\u00f6n\u00fcm\u00fcn\u00fc ve bu b\u00fcy\u00fck g\u00fcn\u00fc \u00e7ocuklara arma\u011fan eden bir liderin vizyonunu co\u015fku ve gururla an\u0131yoruz\u201d dedi. \u00a0 EXPO alan\u0131ndaki t\u00f6rende, milli egemenli\u011fin \u00f6nemi ve \u00e7ocuklar\u0131n gelece\u011fimizdeki yeri gururla vurguland\u0131. Birlik ve beraberlik duygular\u0131n\u0131n \u00f6n planda oldu\u011fu kutlamalar, renkli g\u00f6steriler ve \u00e7ocuklar\u0131n sevin\u00e7 dolu anlar\u0131yla ta\u00e7land\u0131. Arsuz Expo alan\u0131nda ger\u00e7ekle\u015ftirilen ve yo\u011fun kat\u0131l\u0131m\u0131n oldu\u011fu etkinliklerde farkl\u0131 okullar\u0131n \u00f6\u011frencileri bir birinden ilgi \u00e7ekici g\u00f6sterileriyle 23 Nisan co\u015fkusuna renk katt\u0131. Program \u00e7ocuklar\u0131n \u015fenlik g\u00f6sterileriyle devam etti. Kutlamalara Vali Mustafa Masatl\u0131 e\u015fi ve \u00e7ocu\u011fuyla birlikte kat\u0131ld\u0131\u011f\u0131 t\u00f6rene, CHP Hatay Milletvekili Nermin Y\u0131ld\u0131r\u0131m Kara, \u0130skenderun Teknik \u00dcniversitesi Rekt\u00f6r\u00fc Prof. Dr. Mehmet Duruel, HBB Ba\u015fkan\u0131 Mehmet \u00d6nt\u00fcrk, \u00fc\u00e7 il\u00e7enin Kaymakam ve belediye ba\u015fkanlar\u0131, \u0130skenderun 39. Mekan\u0131zi Piyade Tu\u011fay Komutan\u0131 Tu\u011fgeneral B\u00fclent Tarhan, Deniz \u00dcs komutan\u0131 Deniz Albay &hellip;<\/p>","protected":false},"author":1,"featured_media":0,"comment_status":"","ping_status":"open","sticky":false,"template":"","format":"standard","meta":{"_acf_changed":false,"footnotes":""},"categories":[24],"tags":[],"class_list":["post-63929","post","type-post","status-publish","format-standard","has-post-thumbnail","hentry","category-gundem"],"acf":[],"yoast_head":"<!-- This site is optimized with the Yoast SEO Premium plugin v26.6 (Yoast SEO v27.1.1) - https:\/\/yoast.com\/product\/yoast-seo-premium-wordpress\/ -->\n<title>3 \u0130l\u00e7e Protokol\u00fc ve Vatanda\u015flar EXPO\u2019da Bulu\u015ftu - Av. Deniz Can K\u0131z\u0131l<\/title>\n<meta name=\"robots\" content=\"index, follow, max-snippet:-1, max-image-preview:large, max-video-preview:-1\" \/>\n<link rel=\"canonical\" href=\"http:\/\/denizcankizil.tr\/uk\/haberler\/gundem\/3-ilce-protokolu-ve-vatandaslar-expoda-bulustu\/\" \/>\n<meta property=\"og:locale\" content=\"uk_UA\" \/>\n<meta property=\"og:type\" content=\"article\" \/>\n<meta property=\"og:title\" content=\"3 \u0130l\u00e7e Protokol\u00fc ve Vatanda\u015flar EXPO\u2019da Bulu\u015ftu\" \/>\n<meta property=\"og:description\" content=\"T\u00fcrkiye B\u00fcy\u00fck Millet Meclisi\u2019nin (TBMM) a\u00e7\u0131l\u0131\u015f\u0131n\u0131n 105. y\u0131l d\u00f6n\u00fcm\u00fcnde \u0130skenderun EXPO\u2019da ger\u00e7ekle\u015ftirilen g\u00f6steriler ve program, \u00e7ocuklar\u0131n ne\u015fesiyle \u015fenlendi. \u0130l milli e\u011fitim m\u00fcd\u00fcrl\u00fc\u011f\u00fcn\u00fcn koordinesinde ger\u00e7ekle\u015ftirilen 23 Nisan Ulusal egemenlik ve \u00e7ocuk bayram\u0131 kutlama t\u00f6reni sayg\u0131 duru\u015fu ve istiklal mar\u015f\u0131n\u0131n okunmas\u0131n\u0131n, ar\u0131ndan minik \u00f6\u011frenciler \u015fenlik kutlamalar\u0131na ba\u015flad\u0131. Hatay \u0130l Milli e\u011fitim m\u00fcd\u00fcr\u00fc Harun T\u00fcys\u00fcz, 23 Nisan Ulusal Egemenlik ve \u00c7ocuk Bayram\u0131n\u0131 muhte\u015fem kalabal\u0131k ile bir arada kutlad\u0131klar\u0131n\u0131 ifade ederek \u201cBug\u00fcn hep birlikte milletimizin ba\u011f\u0131ms\u0131zl\u0131k m\u00fccadelesinde d\u00f6n\u00fcm noktas\u0131 olan TBMM\u2019nin a\u00e7\u0131l\u0131\u015f\u0131n\u0131n 105. Y\u0131ld\u00f6n\u00fcm\u00fcn\u00fc ve bu b\u00fcy\u00fck g\u00fcn\u00fc \u00e7ocuklara arma\u011fan eden bir liderin vizyonunu co\u015fku ve gururla an\u0131yoruz\u201d dedi. \u00a0 EXPO alan\u0131ndaki t\u00f6rende, milli egemenli\u011fin \u00f6nemi ve \u00e7ocuklar\u0131n gelece\u011fimizdeki yeri gururla vurguland\u0131. Birlik ve beraberlik duygular\u0131n\u0131n \u00f6n planda oldu\u011fu kutlamalar, renkli g\u00f6steriler ve \u00e7ocuklar\u0131n sevin\u00e7 dolu anlar\u0131yla ta\u00e7land\u0131. Arsuz Expo alan\u0131nda ger\u00e7ekle\u015ftirilen ve yo\u011fun kat\u0131l\u0131m\u0131n oldu\u011fu etkinliklerde farkl\u0131 okullar\u0131n \u00f6\u011frencileri bir birinden ilgi \u00e7ekici g\u00f6sterileriyle 23 Nisan co\u015fkusuna renk katt\u0131. Program \u00e7ocuklar\u0131n \u015fenlik g\u00f6sterileriyle devam etti. Kutlamalara Vali Mustafa Masatl\u0131 e\u015fi ve \u00e7ocu\u011fuyla birlikte kat\u0131ld\u0131\u011f\u0131 t\u00f6rene, CHP Hatay Milletvekili Nermin Y\u0131ld\u0131r\u0131m Kara, \u0130skenderun Teknik \u00dcniversitesi Rekt\u00f6r\u00fc Prof. Dr. Mehmet Duruel, HBB Ba\u015fkan\u0131 Mehmet \u00d6nt\u00fcrk, \u00fc\u00e7 il\u00e7enin Kaymakam ve belediye ba\u015fkanlar\u0131, \u0130skenderun 39. Mekan\u0131zi Piyade Tu\u011fay Komutan\u0131 Tu\u011fgeneral B\u00fclent Tarhan, Deniz \u00dcs komutan\u0131 Deniz Albay &hellip;\" \/>\n<meta property=\"og:url\" content=\"http:\/\/denizcankizil.tr\/uk\/haberler\/gundem\/3-ilce-protokolu-ve-vatandaslar-expoda-bulustu\/\" \/>\n<meta property=\"og:site_name\" content=\"Av. Deniz Can K\u0131z\u0131l\" \/>\n<meta property=\"article:published_time\" content=\"2025-04-23T10:42:39+00:00\" \/>\n<meta name=\"author\" content=\"admin\" \/>\n<meta name=\"twitter:card\" content=\"summary_large_image\" \/>\n<meta name=\"twitter:label1\" content=\"\u041d\u0430\u043f\u0438\u0441\u0430\u043d\u043e\" \/>\n\t<meta name=\"twitter:data1\" content=\"admin\" \/>\n\t<meta name=\"twitter:label2\" content=\"\u041f\u0440\u0438\u0431\u043b. \u0447\u0430\u0441 \u0447\u0438\u0442\u0430\u043d\u043d\u044f\" \/>\n\t<meta name=\"twitter:data2\" content=\"2 \u0445\u0432\u0438\u043b\u0438\u043d\u0438\" \/>\n<script type=\"application\/ld+json\" class=\"yoast-schema-graph\">{\"@context\":\"https:\/\/schema.org\",\"@graph\":[{\"@type\":\"Article\",\"@id\":\"http:\/\/denizcankizil.tr\/ru\/haberler\/gundem\/3-ilce-protokolu-ve-vatandaslar-expoda-bulustu\/#article\",\"isPartOf\":{\"@id\":\"http:\/\/denizcankizil.tr\/ru\/haberler\/gundem\/3-ilce-protokolu-ve-vatandaslar-expoda-bulustu\/\"},\"author\":{\"name\":\"admin\",\"@id\":\"https:\/\/denizcankizil.tr\/#\/schema\/person\/be3c05fe6a12686905512445d8185489\"},\"headline\":\"3 \u0130l\u00e7e Protokol\u00fc ve Vatanda\u015flar EXPO\u2019da Bulu\u015ftu\",\"datePublished\":\"2025-04-23T10:42:39+00:00\",\"mainEntityOfPage\":{\"@id\":\"http:\/\/denizcankizil.tr\/ru\/haberler\/gundem\/3-ilce-protokolu-ve-vatandaslar-expoda-bulustu\/\"},\"wordCount\":382,\"publisher\":{\"@id\":\"https:\/\/denizcankizil.tr\/#organization\"},\"articleSection\":[\"G\u00fcndem\"],\"inLanguage\":\"uk\"},{\"@type\":\"WebPage\",\"@id\":\"http:\/\/denizcankizil.tr\/ru\/haberler\/gundem\/3-ilce-protokolu-ve-vatandaslar-expoda-bulustu\/\",\"url\":\"http:\/\/denizcankizil.tr\/ru\/haberler\/gundem\/3-ilce-protokolu-ve-vatandaslar-expoda-bulustu\/\",\"name\":\"3 \u0130l\u00e7e Protokol\u00fc ve Vatanda\u015flar EXPO\u2019da Bulu\u015ftu - Av. Deniz Can K\u0131z\u0131l\",\"isPartOf\":{\"@id\":\"https:\/\/denizcankizil.tr\/#website\"},\"datePublished\":\"2025-04-23T10:42:39+00:00\",\"breadcrumb\":{\"@id\":\"http:\/\/denizcankizil.tr\/ru\/haberler\/gundem\/3-ilce-protokolu-ve-vatandaslar-expoda-bulustu\/#breadcrumb\"},\"inLanguage\":\"uk\",\"potentialAction\":[{\"@type\":\"ReadAction\",\"target\":[\"http:\/\/denizcankizil.tr\/ru\/haberler\/gundem\/3-ilce-protokolu-ve-vatandaslar-expoda-bulustu\/\"]}]},{\"@type\":\"BreadcrumbList\",\"@id\":\"http:\/\/denizcankizil.tr\/ru\/haberler\/gundem\/3-ilce-protokolu-ve-vatandaslar-expoda-bulustu\/#breadcrumb\",\"itemListElement\":[{\"@type\":\"ListItem\",\"position\":1,\"name\":\"Home\",\"item\":\"https:\/\/denizcankizil.tr\/de\/\"},{\"@type\":\"ListItem\",\"position\":2,\"name\":\"3 \u0130l\u00e7e Protokol\u00fc ve Vatanda\u015flar EXPO\u2019da Bulu\u015ftu\"}]},{\"@type\":\"WebSite\",\"@id\":\"https:\/\/denizcankizil.tr\/#website\",\"url\":\"https:\/\/denizcankizil.tr\/\",\"name\":\"Av. Deniz Can K\u0131z\u0131l\",\"description\":\"Avukat Deniz Can K\u0131z\u0131l Antalya Barosu\",\"publisher\":{\"@id\":\"https:\/\/denizcankizil.tr\/#organization\"},\"potentialAction\":[{\"@type\":\"SearchAction\",\"target\":{\"@type\":\"EntryPoint\",\"urlTemplate\":\"https:\/\/denizcankizil.tr\/?s={search_term_string}\"},\"query-input\":{\"@type\":\"PropertyValueSpecification\",\"valueRequired\":true,\"valueName\":\"search_term_string\"}}],\"inLanguage\":\"uk\"},{\"@type\":\"Organization\",\"@id\":\"https:\/\/denizcankizil.tr\/#organization\",\"name\":\"Av. Deniz Can K\u0131z\u0131l\",\"url\":\"https:\/\/denizcankizil.tr\/\",\"logo\":{\"@type\":\"ImageObject\",\"inLanguage\":\"uk\",\"@id\":\"https:\/\/denizcankizil.tr\/#\/schema\/logo\/image\/\",\"url\":\"https:\/\/denizcankizil.tr\/wp-content\/uploads\/2024\/10\/siyah-logo-svg.svg\",\"contentUrl\":\"https:\/\/denizcankizil.tr\/wp-content\/uploads\/2024\/10\/siyah-logo-svg.svg\",\"width\":1080,\"height\":1080,\"caption\":\"Av. Deniz Can K\u0131z\u0131l\"},\"image\":{\"@id\":\"https:\/\/denizcankizil.tr\/#\/schema\/logo\/image\/\"}},{\"@type\":\"Person\",\"@id\":\"https:\/\/denizcankizil.tr\/#\/schema\/person\/be3c05fe6a12686905512445d8185489\",\"name\":\"admin\",\"image\":{\"@type\":\"ImageObject\",\"inLanguage\":\"uk\",\"@id\":\"https:\/\/denizcankizil.tr\/#\/schema\/person\/image\/\",\"url\":\"https:\/\/secure.gravatar.com\/avatar\/c1fce94c830dc79107e174f890d7210541c4a63e8e5d816341794a2151c9d58c?s=96&d=mm&r=g\",\"contentUrl\":\"https:\/\/secure.gravatar.com\/avatar\/c1fce94c830dc79107e174f890d7210541c4a63e8e5d816341794a2151c9d58c?s=96&d=mm&r=g\",\"caption\":\"admin\"},\"sameAs\":[\"http:\/\/denizcankizil.tr\"],\"url\":\"https:\/\/www.iskenderun.org\/3-ilce-protokolu-ve-vatandaslar-expoda-bulustu\"}]}<\/script>\n<!-- \/ Yoast SEO Premium plugin. -->","yoast_head_json":{"title":"3 \u0130l\u00e7e Protokol\u00fc ve Vatanda\u015flar EXPO\u2019da Bulu\u015ftu - Av. Deniz Can K\u0131z\u0131l","robots":{"index":"index","follow":"follow","max-snippet":"max-snippet:-1","max-image-preview":"max-image-preview:large","max-video-preview":"max-video-preview:-1"},"canonical":"http:\/\/denizcankizil.tr\/uk\/haberler\/gundem\/3-ilce-protokolu-ve-vatandaslar-expoda-bulustu\/","og_locale":"uk_UA","og_type":"article","og_title":"3 \u0130l\u00e7e Protokol\u00fc ve Vatanda\u015flar EXPO\u2019da Bulu\u015ftu","og_description":"T\u00fcrkiye B\u00fcy\u00fck Millet Meclisi\u2019nin (TBMM) a\u00e7\u0131l\u0131\u015f\u0131n\u0131n 105. y\u0131l d\u00f6n\u00fcm\u00fcnde \u0130skenderun EXPO\u2019da ger\u00e7ekle\u015ftirilen g\u00f6steriler ve program, \u00e7ocuklar\u0131n ne\u015fesiyle \u015fenlendi. \u0130l milli e\u011fitim m\u00fcd\u00fcrl\u00fc\u011f\u00fcn\u00fcn koordinesinde ger\u00e7ekle\u015ftirilen 23 Nisan Ulusal egemenlik ve \u00e7ocuk bayram\u0131 kutlama t\u00f6reni sayg\u0131 duru\u015fu ve istiklal mar\u015f\u0131n\u0131n okunmas\u0131n\u0131n, ar\u0131ndan minik \u00f6\u011frenciler \u015fenlik kutlamalar\u0131na ba\u015flad\u0131. Hatay \u0130l Milli e\u011fitim m\u00fcd\u00fcr\u00fc Harun T\u00fcys\u00fcz, 23 Nisan Ulusal Egemenlik ve \u00c7ocuk Bayram\u0131n\u0131 muhte\u015fem kalabal\u0131k ile bir arada kutlad\u0131klar\u0131n\u0131 ifade ederek \u201cBug\u00fcn hep birlikte milletimizin ba\u011f\u0131ms\u0131zl\u0131k m\u00fccadelesinde d\u00f6n\u00fcm noktas\u0131 olan TBMM\u2019nin a\u00e7\u0131l\u0131\u015f\u0131n\u0131n 105. Y\u0131ld\u00f6n\u00fcm\u00fcn\u00fc ve bu b\u00fcy\u00fck g\u00fcn\u00fc \u00e7ocuklara arma\u011fan eden bir liderin vizyonunu co\u015fku ve gururla an\u0131yoruz\u201d dedi. \u00a0 EXPO alan\u0131ndaki t\u00f6rende, milli egemenli\u011fin \u00f6nemi ve \u00e7ocuklar\u0131n gelece\u011fimizdeki yeri gururla vurguland\u0131. Birlik ve beraberlik duygular\u0131n\u0131n \u00f6n planda oldu\u011fu kutlamalar, renkli g\u00f6steriler ve \u00e7ocuklar\u0131n sevin\u00e7 dolu anlar\u0131yla ta\u00e7land\u0131. Arsuz Expo alan\u0131nda ger\u00e7ekle\u015ftirilen ve yo\u011fun kat\u0131l\u0131m\u0131n oldu\u011fu etkinliklerde farkl\u0131 okullar\u0131n \u00f6\u011frencileri bir birinden ilgi \u00e7ekici g\u00f6sterileriyle 23 Nisan co\u015fkusuna renk katt\u0131. Program \u00e7ocuklar\u0131n \u015fenlik g\u00f6sterileriyle devam etti. Kutlamalara Vali Mustafa Masatl\u0131 e\u015fi ve \u00e7ocu\u011fuyla birlikte kat\u0131ld\u0131\u011f\u0131 t\u00f6rene, CHP Hatay Milletvekili Nermin Y\u0131ld\u0131r\u0131m Kara, \u0130skenderun Teknik \u00dcniversitesi Rekt\u00f6r\u00fc Prof. Dr. Mehmet Duruel, HBB Ba\u015fkan\u0131 Mehmet \u00d6nt\u00fcrk, \u00fc\u00e7 il\u00e7enin Kaymakam ve belediye ba\u015fkanlar\u0131, \u0130skenderun 39. Mekan\u0131zi Piyade Tu\u011fay Komutan\u0131 Tu\u011fgeneral B\u00fclent Tarhan, Deniz \u00dcs komutan\u0131 Deniz Albay &hellip;","og_url":"http:\/\/denizcankizil.tr\/uk\/haberler\/gundem\/3-ilce-protokolu-ve-vatandaslar-expoda-bulustu\/","og_site_name":"Av. Deniz Can K\u0131z\u0131l","article_published_time":"2025-04-23T10:42:39+00:00","author":"admin","twitter_card":"summary_large_image","twitter_misc":{"\u041d\u0430\u043f\u0438\u0441\u0430\u043d\u043e":"admin","\u041f\u0440\u0438\u0431\u043b. \u0447\u0430\u0441 \u0447\u0438\u0442\u0430\u043d\u043d\u044f":"2 \u0445\u0432\u0438\u043b\u0438\u043d\u0438"},"schema":{"@context":"https:\/\/schema.org","@graph":[{"@type":"Article","@id":"http:\/\/denizcankizil.tr\/ru\/haberler\/gundem\/3-ilce-protokolu-ve-vatandaslar-expoda-bulustu\/#article","isPartOf":{"@id":"http:\/\/denizcankizil.tr\/ru\/haberler\/gundem\/3-ilce-protokolu-ve-vatandaslar-expoda-bulustu\/"},"author":{"name":"admin","@id":"https:\/\/denizcankizil.tr\/#\/schema\/person\/be3c05fe6a12686905512445d8185489"},"headline":"3 \u0130l\u00e7e Protokol\u00fc ve Vatanda\u015flar EXPO\u2019da Bulu\u015ftu","datePublished":"2025-04-23T10:42:39+00:00","mainEntityOfPage":{"@id":"http:\/\/denizcankizil.tr\/ru\/haberler\/gundem\/3-ilce-protokolu-ve-vatandaslar-expoda-bulustu\/"},"wordCount":382,"publisher":{"@id":"https:\/\/denizcankizil.tr\/#organization"},"articleSection":["G\u00fcndem"],"inLanguage":"uk"},{"@type":"WebPage","@id":"http:\/\/denizcankizil.tr\/ru\/haberler\/gundem\/3-ilce-protokolu-ve-vatandaslar-expoda-bulustu\/","url":"http:\/\/denizcankizil.tr\/ru\/haberler\/gundem\/3-ilce-protokolu-ve-vatandaslar-expoda-bulustu\/","name":"3 \u0130l\u00e7e Protokol\u00fc ve Vatanda\u015flar EXPO\u2019da Bulu\u015ftu - Av. Deniz Can K\u0131z\u0131l","isPartOf":{"@id":"https:\/\/denizcankizil.tr\/#website"},"datePublished":"2025-04-23T10:42:39+00:00","breadcrumb":{"@id":"http:\/\/denizcankizil.tr\/ru\/haberler\/gundem\/3-ilce-protokolu-ve-vatandaslar-expoda-bulustu\/#breadcrumb"},"inLanguage":"uk","potentialAction":[{"@type":"ReadAction","target":["http:\/\/denizcankizil.tr\/ru\/haberler\/gundem\/3-ilce-protokolu-ve-vatandaslar-expoda-bulustu\/"]}]},{"@type":"BreadcrumbList","@id":"http:\/\/denizcankizil.tr\/ru\/haberler\/gundem\/3-ilce-protokolu-ve-vatandaslar-expoda-bulustu\/#breadcrumb","itemListElement":[{"@type":"ListItem","position":1,"name":"Home","item":"https:\/\/denizcankizil.tr\/de\/"},{"@type":"ListItem","position":2,"name":"3 \u0130l\u00e7e Protokol\u00fc ve Vatanda\u015flar EXPO\u2019da Bulu\u015ftu"}]},{"@type":"WebSite","@id":"https:\/\/denizcankizil.tr\/#website","url":"https:\/\/denizcankizil.tr\/","name":"Av. Deniz Can K\u0131z\u0131l","description":"Avukat Deniz Can K\u0131z\u0131l Antalya Barosu","publisher":{"@id":"https:\/\/denizcankizil.tr\/#organization"},"potentialAction":[{"@type":"SearchAction","target":{"@type":"EntryPoint","urlTemplate":"https:\/\/denizcankizil.tr\/?s={search_term_string}"},"query-input":{"@type":"PropertyValueSpecification","valueRequired":true,"valueName":"search_term_string"}}],"inLanguage":"uk"},{"@type":"Organization","@id":"https:\/\/denizcankizil.tr\/#organization","name":"Av. Deniz Can K\u0131z\u0131l","url":"https:\/\/denizcankizil.tr\/","logo":{"@type":"ImageObject","inLanguage":"uk","@id":"https:\/\/denizcankizil.tr\/#\/schema\/logo\/image\/","url":"https:\/\/denizcankizil.tr\/wp-content\/uploads\/2024\/10\/siyah-logo-svg.svg","contentUrl":"https:\/\/denizcankizil.tr\/wp-content\/uploads\/2024\/10\/siyah-logo-svg.svg","width":1080,"height":1080,"caption":"Av. Deniz Can K\u0131z\u0131l"},"image":{"@id":"https:\/\/denizcankizil.tr\/#\/schema\/logo\/image\/"}},{"@type":"Person","@id":"https:\/\/denizcankizil.tr\/#\/schema\/person\/be3c05fe6a12686905512445d8185489","name":"\u0430\u0434\u043c\u0456\u043d","image":{"@type":"ImageObject","inLanguage":"uk","@id":"https:\/\/denizcankizil.tr\/#\/schema\/person\/image\/","url":"https:\/\/secure.gravatar.com\/avatar\/c1fce94c830dc79107e174f890d7210541c4a63e8e5d816341794a2151c9d58c?s=96&d=mm&r=g","contentUrl":"https:\/\/secure.gravatar.com\/avatar\/c1fce94c830dc79107e174f890d7210541c4a63e8e5d816341794a2151c9d58c?s=96&d=mm&r=g","caption":"admin"},"sameAs":["http:\/\/denizcankizil.tr"],"url":"https:\/\/www.iskenderun.org\/3-ilce-protokolu-ve-vatandaslar-expoda-bulustu"}]}},"_links":{"self":[{"href":"https:\/\/denizcankizil.tr\/uk\/wp-json\/wp\/v2\/posts\/63929","targetHints":{"allow":["GET"]}}],"collection":[{"href":"https:\/\/denizcankizil.tr\/uk\/wp-json\/wp\/v2\/posts"}],"about":[{"href":"https:\/\/denizcankizil.tr\/uk\/wp-json\/wp\/v2\/types\/post"}],"author":[{"embeddable":true,"href":"https:\/\/denizcankizil.tr\/uk\/wp-json\/wp\/v2\/users\/1"}],"replies":[{"embeddable":true,"href":"https:\/\/denizcankizil.tr\/uk\/wp-json\/wp\/v2\/comments?post=63929"}],"version-history":[{"count":0,"href":"https:\/\/denizcankizil.tr\/uk\/wp-json\/wp\/v2\/posts\/63929\/revisions"}],"wp:attachment":[{"href":"https:\/\/denizcankizil.tr\/uk\/wp-json\/wp\/v2\/media?parent=63929"}],"wp:term":[{"taxonomy":"category","embeddable":true,"href":"https:\/\/denizcankizil.tr\/uk\/wp-json\/wp\/v2\/categories?post=63929"},{"taxonomy":"post_tag","embeddable":true,"href":"https:\/\/denizcankizil.tr\/uk\/wp-json\/wp\/v2\/tags?post=63929"}],"curies":[{"name":"wp","href":"https:\/\/api.w.org\/{rel}","templated":true}]}}