{"id":63046,"date":"2025-04-22T17:41:35","date_gmt":"2025-04-22T14:41:35","guid":{"rendered":"https:\/\/denizcankizil.tr\/uncategorized-tr\/alacak-verecek-tartismasinda-vurulan-adam-hayatini-kaybetti\/"},"modified":"2025-04-22T17:41:35","modified_gmt":"2025-04-22T14:41:35","slug":"alacak-verecek-tartismasinda-vurulan-adam-hayatini-kaybetti","status":"publish","type":"post","link":"https:\/\/denizcankizil.tr\/uk\/haberler\/antalya\/alacak-verecek-tartismasinda-vurulan-adam-hayatini-kaybetti\/","title":{"rendered":"Alacak verecek tart\u0131\u015fmas\u0131nda vurulan adam hayat\u0131n\u0131 kaybetti"},"content":{"rendered":"<p>Ge\u00e7ti\u011fimiz Cuma g\u00fcn\u00fc Aksu il\u00e7esi Fettahl\u0131 Mahallesi Ertu\u011frul Gazi Sokak \u00fczerinde yer alan kozmetik ve kimya \u00fcr\u00fcnlerinin \u00fcretildi\u011fi fabrikada meydana gelen olayda, Durmu\u015f Ali Arslan (51), S.S.&#8217;den alaca\u011f\u0131 i\u00e7in konu\u015fmak \u00fczere gitti\u011fi kozmetik fabrikas\u0131nda aralar\u0131nda tart\u0131\u015fma \u00e7\u0131kt\u0131. Alacak verecek meselesi nedeniyle \u00e7\u0131kan tart\u0131\u015fma k\u0131sa s\u00fcrede b\u00fcy\u00fcyerek kavgaya d\u00f6n\u00fc\u015ft\u00fc. Silah\u0131na sar\u0131lan Durmu\u015f Ali Arslan, 3 el ate\u015f a\u00e7t\u0131.<\/p>\n<p>Bu s\u0131rada o\u011flunu korumak i\u00e7in Arslan&#8217;\u0131n \u00f6n\u00fcne ge\u00e7en Hamit Sunbat (75) kur\u015funlar\u0131n hedefi olarak a\u011f\u0131r yaraland\u0131. 112 Acil \u00e7a\u011fr\u0131 Merkezine yap\u0131lan ihbar\u0131n ard\u0131ndan olay yerine \u00e7ok say\u0131da polis ve sa\u011fl\u0131k ekibi sevk edildi. Verilen adrese gelen ekipler olay sonras\u0131 silah\u0131 kendi kafas\u0131na do\u011frultan Durmu\u015f Ali Arslan&#8217;\u0131 ikna ederek su\u00e7 aleti silah ile birlikte g\u00f6zalt\u0131na ald\u0131. Karn\u0131ndan yaralanan Hamit Sunbat ise 112 Acil Sa\u011fl\u0131k ekiplerinin olay yerindeki ilk m\u00fcdahalesinin ard\u0131ndan ambulansla hastaneye kald\u0131r\u0131ld\u0131.<\/p>\n<p>O\u011flunu korumak i\u00e7in namlunun \u00f6n\u00fcne ge\u00e7mi\u015f<br \/>\nG\u00f6zalt\u0131na al\u0131nan Arslan, Antalya Emniyet M\u00fcd\u00fcrl\u00fc\u011f\u00fc Asayi\u015f \u015eube M\u00fcd\u00fcrl\u00fc\u011f\u00fc Cinayet B\u00fcro Amirli\u011fi&#8217;ndeki ifade i\u015flemlerinin ard\u0131ndan \u00e7\u0131kar\u0131ld\u0131\u011f\u0131 mahkemece tutuklanarak cezaevine g\u00f6nderildi. Arslan&#8217;\u0131n 2019 y\u0131l\u0131ndaki yerel se\u00e7imlerde \u0130Y\u0130 Parti&#8217;den Aksu Belediye Ba\u015fkan aday\u0131 oldu\u011fu ve Antalya B\u00fcy\u00fck\u015fehir Belediyesi&#8217;nde de genel sekreter yard\u0131mc\u0131l\u0131\u011f\u0131 yapt\u0131\u011f\u0131, ge\u00e7ti\u011fimiz ocak ay\u0131nda ise sa\u011fl\u0131k sorunlar\u0131 nedeniyle emeklili\u011fe ayr\u0131ld\u0131\u011f\u0131 belirtildi.<br \/>\nArslan&#8217;\u0131n polise verdi\u011fi ifadede ise aralar\u0131nda alacak verecek meselesi bulundu\u011fu belirterek, &#8220;Param\u0131 vermedi oyalad\u0131. Ben de korkutmak amac\u0131yla i\u015f yerine gittim. Tart\u0131\u015fma b\u00fcy\u00fcy\u00fcnce silah\u0131m\u0131 \u00e7\u0131kard\u0131m rastgele ate\u015f ettim. Bu s\u0131rada onun babas\u0131 \u00f6n\u00fcme ge\u00e7ti&#8221; dedi\u011fi \u00f6\u011frenildi.<\/p>\n<p>Hastanede hayat\u0131n\u0131 kaybetti<br \/>\n\u00d6te yandan olay sonras\u0131 a\u011f\u0131r yaral\u0131 Antalya E\u011fitim ve Ara\u015ft\u0131rma Hastanesi&#8217;ne kald\u0131r\u0131lan ve ameliyata al\u0131nan Hamit Sunbat hayat\u0131n\u0131 kaybetti. Sunbat&#8217;\u0131n cenazesi, otopsi yap\u0131lmak \u00fczere Antalya Adli T\u0131p Kurumu morguna kald\u0131r\u0131ld\u0131.<\/p>\n<p>Kaynak: www.kanalv.com.tr Haber Sitesinden Al\u0131nm\u0131\u015ft\u0131r.<\/p>","protected":false},"excerpt":{"rendered":"<p>Ge\u00e7ti\u011fimiz Cuma g\u00fcn\u00fc Aksu il\u00e7esi Fettahl\u0131 Mahallesi Ertu\u011frul Gazi Sokak \u00fczerinde yer alan kozmetik ve kimya \u00fcr\u00fcnlerinin \u00fcretildi\u011fi fabrikada meydana gelen olayda, Durmu\u015f Ali Arslan (51), S.S.&#8217;den alaca\u011f\u0131 i\u00e7in konu\u015fmak \u00fczere gitti\u011fi kozmetik fabrikas\u0131nda aralar\u0131nda tart\u0131\u015fma \u00e7\u0131kt\u0131. Alacak verecek meselesi nedeniyle \u00e7\u0131kan tart\u0131\u015fma k\u0131sa s\u00fcrede b\u00fcy\u00fcyerek kavgaya d\u00f6n\u00fc\u015ft\u00fc. Silah\u0131na sar\u0131lan Durmu\u015f Ali Arslan, 3 el ate\u015f a\u00e7t\u0131. Bu s\u0131rada o\u011flunu korumak i\u00e7in Arslan&#8217;\u0131n \u00f6n\u00fcne ge\u00e7en Hamit Sunbat (75) kur\u015funlar\u0131n hedefi olarak a\u011f\u0131r yaraland\u0131. 112 Acil \u00e7a\u011fr\u0131 Merkezine yap\u0131lan ihbar\u0131n ard\u0131ndan olay yerine \u00e7ok say\u0131da polis ve sa\u011fl\u0131k ekibi sevk edildi. Verilen adrese gelen ekipler olay sonras\u0131 silah\u0131 kendi kafas\u0131na do\u011frultan Durmu\u015f Ali Arslan&#8217;\u0131 ikna ederek su\u00e7 aleti silah ile birlikte g\u00f6zalt\u0131na ald\u0131. Karn\u0131ndan yaralanan Hamit Sunbat ise 112 Acil Sa\u011fl\u0131k ekiplerinin olay yerindeki ilk m\u00fcdahalesinin ard\u0131ndan ambulansla hastaneye kald\u0131r\u0131ld\u0131. O\u011flunu korumak i\u00e7in namlunun \u00f6n\u00fcne ge\u00e7mi\u015f G\u00f6zalt\u0131na al\u0131nan Arslan, Antalya Emniyet M\u00fcd\u00fcrl\u00fc\u011f\u00fc Asayi\u015f \u015eube M\u00fcd\u00fcrl\u00fc\u011f\u00fc Cinayet B\u00fcro Amirli\u011fi&#8217;ndeki ifade i\u015flemlerinin ard\u0131ndan \u00e7\u0131kar\u0131ld\u0131\u011f\u0131 mahkemece tutuklanarak cezaevine g\u00f6nderildi. Arslan&#8217;\u0131n 2019 y\u0131l\u0131ndaki yerel se\u00e7imlerde \u0130Y\u0130 Parti&#8217;den Aksu Belediye Ba\u015fkan aday\u0131 oldu\u011fu ve Antalya B\u00fcy\u00fck\u015fehir Belediyesi&#8217;nde de genel sekreter yard\u0131mc\u0131l\u0131\u011f\u0131 yapt\u0131\u011f\u0131, ge\u00e7ti\u011fimiz ocak ay\u0131nda ise sa\u011fl\u0131k sorunlar\u0131 nedeniyle emeklili\u011fe ayr\u0131ld\u0131\u011f\u0131 belirtildi. Arslan&#8217;\u0131n polise verdi\u011fi ifadede ise aralar\u0131nda alacak verecek meselesi bulundu\u011fu belirterek, &#8220;Param\u0131 vermedi oyalad\u0131. &hellip;<\/p>","protected":false},"author":4,"featured_media":63047,"comment_status":"","ping_status":"open","sticky":false,"template":"","format":"standard","meta":{"_acf_changed":false,"footnotes":""},"categories":[26],"tags":[],"class_list":["post-63046","post","type-post","status-publish","format-standard","has-post-thumbnail","hentry","category-antalya"],"acf":[],"yoast_head":"<!-- This site is optimized with the Yoast SEO Premium plugin v26.6 (Yoast SEO v27.1.1) - https:\/\/yoast.com\/product\/yoast-seo-premium-wordpress\/ -->\n<title>Alacak verecek tart\u0131\u015fmas\u0131nda vurulan adam hayat\u0131n\u0131 kaybetti - Av. Deniz Can K\u0131z\u0131l<\/title>\n<meta name=\"robots\" content=\"index, follow, max-snippet:-1, max-image-preview:large, max-video-preview:-1\" \/>\n<link rel=\"canonical\" href=\"https:\/\/denizcankizil.tr\/uk\/haberler\/antalya\/alacak-verecek-tartismasinda-vurulan-adam-hayatini-kaybetti\/\" \/>\n<meta property=\"og:locale\" content=\"uk_UA\" \/>\n<meta property=\"og:type\" content=\"article\" \/>\n<meta property=\"og:title\" content=\"Alacak verecek tart\u0131\u015fmas\u0131nda vurulan adam hayat\u0131n\u0131 kaybetti\" \/>\n<meta property=\"og:description\" content=\"Ge\u00e7ti\u011fimiz Cuma g\u00fcn\u00fc Aksu il\u00e7esi Fettahl\u0131 Mahallesi Ertu\u011frul Gazi Sokak \u00fczerinde yer alan kozmetik ve kimya \u00fcr\u00fcnlerinin \u00fcretildi\u011fi fabrikada meydana gelen olayda, Durmu\u015f Ali Arslan (51), S.S.&#8217;den alaca\u011f\u0131 i\u00e7in konu\u015fmak \u00fczere gitti\u011fi kozmetik fabrikas\u0131nda aralar\u0131nda tart\u0131\u015fma \u00e7\u0131kt\u0131. Alacak verecek meselesi nedeniyle \u00e7\u0131kan tart\u0131\u015fma k\u0131sa s\u00fcrede b\u00fcy\u00fcyerek kavgaya d\u00f6n\u00fc\u015ft\u00fc. Silah\u0131na sar\u0131lan Durmu\u015f Ali Arslan, 3 el ate\u015f a\u00e7t\u0131. Bu s\u0131rada o\u011flunu korumak i\u00e7in Arslan&#8217;\u0131n \u00f6n\u00fcne ge\u00e7en Hamit Sunbat (75) kur\u015funlar\u0131n hedefi olarak a\u011f\u0131r yaraland\u0131. 112 Acil \u00e7a\u011fr\u0131 Merkezine yap\u0131lan ihbar\u0131n ard\u0131ndan olay yerine \u00e7ok say\u0131da polis ve sa\u011fl\u0131k ekibi sevk edildi. Verilen adrese gelen ekipler olay sonras\u0131 silah\u0131 kendi kafas\u0131na do\u011frultan Durmu\u015f Ali Arslan&#8217;\u0131 ikna ederek su\u00e7 aleti silah ile birlikte g\u00f6zalt\u0131na ald\u0131. Karn\u0131ndan yaralanan Hamit Sunbat ise 112 Acil Sa\u011fl\u0131k ekiplerinin olay yerindeki ilk m\u00fcdahalesinin ard\u0131ndan ambulansla hastaneye kald\u0131r\u0131ld\u0131. O\u011flunu korumak i\u00e7in namlunun \u00f6n\u00fcne ge\u00e7mi\u015f G\u00f6zalt\u0131na al\u0131nan Arslan, Antalya Emniyet M\u00fcd\u00fcrl\u00fc\u011f\u00fc Asayi\u015f \u015eube M\u00fcd\u00fcrl\u00fc\u011f\u00fc Cinayet B\u00fcro Amirli\u011fi&#8217;ndeki ifade i\u015flemlerinin ard\u0131ndan \u00e7\u0131kar\u0131ld\u0131\u011f\u0131 mahkemece tutuklanarak cezaevine g\u00f6nderildi. Arslan&#8217;\u0131n 2019 y\u0131l\u0131ndaki yerel se\u00e7imlerde \u0130Y\u0130 Parti&#8217;den Aksu Belediye Ba\u015fkan aday\u0131 oldu\u011fu ve Antalya B\u00fcy\u00fck\u015fehir Belediyesi&#8217;nde de genel sekreter yard\u0131mc\u0131l\u0131\u011f\u0131 yapt\u0131\u011f\u0131, ge\u00e7ti\u011fimiz ocak ay\u0131nda ise sa\u011fl\u0131k sorunlar\u0131 nedeniyle emeklili\u011fe ayr\u0131ld\u0131\u011f\u0131 belirtildi. Arslan&#8217;\u0131n polise verdi\u011fi ifadede ise aralar\u0131nda alacak verecek meselesi bulundu\u011fu belirterek, &#8220;Param\u0131 vermedi oyalad\u0131. &hellip;\" \/>\n<meta property=\"og:url\" content=\"https:\/\/denizcankizil.tr\/uk\/haberler\/antalya\/alacak-verecek-tartismasinda-vurulan-adam-hayatini-kaybetti\/\" \/>\n<meta property=\"og:site_name\" content=\"Av. Deniz Can K\u0131z\u0131l\" \/>\n<meta property=\"article:published_time\" content=\"2025-04-22T14:41:35+00:00\" \/>\n<meta property=\"og:image\" content=\"https:\/\/denizcankizil.tr\/wp-content\/uploads\/2025\/04\/5942-01-36wdly.jpg\" \/>\n\t<meta property=\"og:image:width\" content=\"1280\" \/>\n\t<meta property=\"og:image:height\" content=\"720\" \/>\n\t<meta property=\"og:image:type\" content=\"image\/jpeg\" \/>\n<meta name=\"author\" content=\"Av. Deniz Can K\u0131z\u0131l\" \/>\n<meta name=\"twitter:card\" content=\"summary_large_image\" \/>\n<meta name=\"twitter:label1\" content=\"\u041d\u0430\u043f\u0438\u0441\u0430\u043d\u043e\" \/>\n\t<meta name=\"twitter:data1\" content=\"Av. Deniz Can K\u0131z\u0131l\" \/>\n\t<meta name=\"twitter:label2\" content=\"\u041f\u0440\u0438\u0431\u043b. \u0447\u0430\u0441 \u0447\u0438\u0442\u0430\u043d\u043d\u044f\" \/>\n\t<meta name=\"twitter:data2\" content=\"2 \u0445\u0432\u0438\u043b\u0438\u043d\u0438\" \/>\n<script type=\"application\/ld+json\" class=\"yoast-schema-graph\">{\"@context\":\"https:\/\/schema.org\",\"@graph\":[{\"@type\":\"Article\",\"@id\":\"https:\/\/denizcankizil.tr\/uk\/haberler\/antalya\/alacak-verecek-tartismasinda-vurulan-adam-hayatini-kaybetti\/#article\",\"isPartOf\":{\"@id\":\"https:\/\/denizcankizil.tr\/uk\/haberler\/antalya\/alacak-verecek-tartismasinda-vurulan-adam-hayatini-kaybetti\/\"},\"author\":{\"name\":\"Av. Deniz Can K\u0131z\u0131l\",\"@id\":\"https:\/\/denizcankizil.tr\/#\/schema\/person\/5dc1b22991bd7ac833867c10afc9b0ff\"},\"headline\":\"Alacak verecek tart\u0131\u015fmas\u0131nda vurulan adam hayat\u0131n\u0131 kaybetti\",\"datePublished\":\"2025-04-22T14:41:35+00:00\",\"mainEntityOfPage\":{\"@id\":\"https:\/\/denizcankizil.tr\/uk\/haberler\/antalya\/alacak-verecek-tartismasinda-vurulan-adam-hayatini-kaybetti\/\"},\"wordCount\":390,\"publisher\":{\"@id\":\"https:\/\/denizcankizil.tr\/#organization\"},\"image\":{\"@id\":\"https:\/\/denizcankizil.tr\/uk\/haberler\/antalya\/alacak-verecek-tartismasinda-vurulan-adam-hayatini-kaybetti\/#primaryimage\"},\"thumbnailUrl\":\"https:\/\/denizcankizil.tr\/wp-content\/uploads\/2025\/04\/5942-01-36wdly.jpg\",\"articleSection\":[\"Antalya\"],\"inLanguage\":\"uk\"},{\"@type\":\"WebPage\",\"@id\":\"https:\/\/denizcankizil.tr\/uk\/haberler\/antalya\/alacak-verecek-tartismasinda-vurulan-adam-hayatini-kaybetti\/\",\"url\":\"https:\/\/denizcankizil.tr\/uk\/haberler\/antalya\/alacak-verecek-tartismasinda-vurulan-adam-hayatini-kaybetti\/\",\"name\":\"Alacak verecek tart\u0131\u015fmas\u0131nda vurulan adam hayat\u0131n\u0131 kaybetti - Av. Deniz Can K\u0131z\u0131l\",\"isPartOf\":{\"@id\":\"https:\/\/denizcankizil.tr\/#website\"},\"primaryImageOfPage\":{\"@id\":\"https:\/\/denizcankizil.tr\/uk\/haberler\/antalya\/alacak-verecek-tartismasinda-vurulan-adam-hayatini-kaybetti\/#primaryimage\"},\"image\":{\"@id\":\"https:\/\/denizcankizil.tr\/uk\/haberler\/antalya\/alacak-verecek-tartismasinda-vurulan-adam-hayatini-kaybetti\/#primaryimage\"},\"thumbnailUrl\":\"https:\/\/denizcankizil.tr\/wp-content\/uploads\/2025\/04\/5942-01-36wdly.jpg\",\"datePublished\":\"2025-04-22T14:41:35+00:00\",\"breadcrumb\":{\"@id\":\"https:\/\/denizcankizil.tr\/uk\/haberler\/antalya\/alacak-verecek-tartismasinda-vurulan-adam-hayatini-kaybetti\/#breadcrumb\"},\"inLanguage\":\"uk\",\"potentialAction\":[{\"@type\":\"ReadAction\",\"target\":[\"https:\/\/denizcankizil.tr\/uk\/haberler\/antalya\/alacak-verecek-tartismasinda-vurulan-adam-hayatini-kaybetti\/\"]}]},{\"@type\":\"ImageObject\",\"inLanguage\":\"uk\",\"@id\":\"https:\/\/denizcankizil.tr\/uk\/haberler\/antalya\/alacak-verecek-tartismasinda-vurulan-adam-hayatini-kaybetti\/#primaryimage\",\"url\":\"https:\/\/denizcankizil.tr\/wp-content\/uploads\/2025\/04\/5942-01-36wdly.jpg\",\"contentUrl\":\"https:\/\/denizcankizil.tr\/wp-content\/uploads\/2025\/04\/5942-01-36wdly.jpg\",\"width\":1280,\"height\":720},{\"@type\":\"BreadcrumbList\",\"@id\":\"https:\/\/denizcankizil.tr\/uk\/haberler\/antalya\/alacak-verecek-tartismasinda-vurulan-adam-hayatini-kaybetti\/#breadcrumb\",\"itemListElement\":[{\"@type\":\"ListItem\",\"position\":1,\"name\":\"Home\",\"item\":\"https:\/\/denizcankizil.tr\/de\/\"},{\"@type\":\"ListItem\",\"position\":2,\"name\":\"Alacak verecek tart\u0131\u015fmas\u0131nda vurulan adam hayat\u0131n\u0131 kaybetti\"}]},{\"@type\":\"WebSite\",\"@id\":\"https:\/\/denizcankizil.tr\/#website\",\"url\":\"https:\/\/denizcankizil.tr\/\",\"name\":\"Av. Deniz Can K\u0131z\u0131l\",\"description\":\"Avukat Deniz Can K\u0131z\u0131l Antalya Barosu\",\"publisher\":{\"@id\":\"https:\/\/denizcankizil.tr\/#organization\"},\"potentialAction\":[{\"@type\":\"SearchAction\",\"target\":{\"@type\":\"EntryPoint\",\"urlTemplate\":\"https:\/\/denizcankizil.tr\/?s={search_term_string}\"},\"query-input\":{\"@type\":\"PropertyValueSpecification\",\"valueRequired\":true,\"valueName\":\"search_term_string\"}}],\"inLanguage\":\"uk\"},{\"@type\":\"Organization\",\"@id\":\"https:\/\/denizcankizil.tr\/#organization\",\"name\":\"Av. Deniz Can K\u0131z\u0131l\",\"url\":\"https:\/\/denizcankizil.tr\/\",\"logo\":{\"@type\":\"ImageObject\",\"inLanguage\":\"uk\",\"@id\":\"https:\/\/denizcankizil.tr\/#\/schema\/logo\/image\/\",\"url\":\"https:\/\/denizcankizil.tr\/wp-content\/uploads\/2024\/10\/siyah-logo-svg.svg\",\"contentUrl\":\"https:\/\/denizcankizil.tr\/wp-content\/uploads\/2024\/10\/siyah-logo-svg.svg\",\"width\":1080,\"height\":1080,\"caption\":\"Av. Deniz Can K\u0131z\u0131l\"},\"image\":{\"@id\":\"https:\/\/denizcankizil.tr\/#\/schema\/logo\/image\/\"}},{\"@type\":\"Person\",\"@id\":\"https:\/\/denizcankizil.tr\/#\/schema\/person\/5dc1b22991bd7ac833867c10afc9b0ff\",\"name\":\"Av. Deniz Can K\u0131z\u0131l\",\"image\":{\"@type\":\"ImageObject\",\"inLanguage\":\"uk\",\"@id\":\"https:\/\/denizcankizil.tr\/#\/schema\/person\/image\/\",\"url\":\"https:\/\/secure.gravatar.com\/avatar\/a0b128fb9855c79efc976d5640eedb31dc35ec297594d6016d2cf7c60e975bb6?s=96&d=mm&r=g\",\"contentUrl\":\"https:\/\/secure.gravatar.com\/avatar\/a0b128fb9855c79efc976d5640eedb31dc35ec297594d6016d2cf7c60e975bb6?s=96&d=mm&r=g\",\"caption\":\"Av. Deniz Can K\u0131z\u0131l\"},\"sameAs\":[\"http:\/\/www.denizcankizil.tr\"],\"url\":\"https:\/\/denizcankizil.tr\/uk\/author\/denizcankizil\/\"}]}<\/script>\n<!-- \/ Yoast SEO Premium plugin. -->","yoast_head_json":{"title":"Alacak verecek tart\u0131\u015fmas\u0131nda vurulan adam hayat\u0131n\u0131 kaybetti - Av. Deniz Can K\u0131z\u0131l","robots":{"index":"index","follow":"follow","max-snippet":"max-snippet:-1","max-image-preview":"max-image-preview:large","max-video-preview":"max-video-preview:-1"},"canonical":"https:\/\/denizcankizil.tr\/uk\/haberler\/antalya\/alacak-verecek-tartismasinda-vurulan-adam-hayatini-kaybetti\/","og_locale":"uk_UA","og_type":"article","og_title":"Alacak verecek tart\u0131\u015fmas\u0131nda vurulan adam hayat\u0131n\u0131 kaybetti","og_description":"Ge\u00e7ti\u011fimiz Cuma g\u00fcn\u00fc Aksu il\u00e7esi Fettahl\u0131 Mahallesi Ertu\u011frul Gazi Sokak \u00fczerinde yer alan kozmetik ve kimya \u00fcr\u00fcnlerinin \u00fcretildi\u011fi fabrikada meydana gelen olayda, Durmu\u015f Ali Arslan (51), S.S.&#8217;den alaca\u011f\u0131 i\u00e7in konu\u015fmak \u00fczere gitti\u011fi kozmetik fabrikas\u0131nda aralar\u0131nda tart\u0131\u015fma \u00e7\u0131kt\u0131. Alacak verecek meselesi nedeniyle \u00e7\u0131kan tart\u0131\u015fma k\u0131sa s\u00fcrede b\u00fcy\u00fcyerek kavgaya d\u00f6n\u00fc\u015ft\u00fc. Silah\u0131na sar\u0131lan Durmu\u015f Ali Arslan, 3 el ate\u015f a\u00e7t\u0131. Bu s\u0131rada o\u011flunu korumak i\u00e7in Arslan&#8217;\u0131n \u00f6n\u00fcne ge\u00e7en Hamit Sunbat (75) kur\u015funlar\u0131n hedefi olarak a\u011f\u0131r yaraland\u0131. 112 Acil \u00e7a\u011fr\u0131 Merkezine yap\u0131lan ihbar\u0131n ard\u0131ndan olay yerine \u00e7ok say\u0131da polis ve sa\u011fl\u0131k ekibi sevk edildi. Verilen adrese gelen ekipler olay sonras\u0131 silah\u0131 kendi kafas\u0131na do\u011frultan Durmu\u015f Ali Arslan&#8217;\u0131 ikna ederek su\u00e7 aleti silah ile birlikte g\u00f6zalt\u0131na ald\u0131. Karn\u0131ndan yaralanan Hamit Sunbat ise 112 Acil Sa\u011fl\u0131k ekiplerinin olay yerindeki ilk m\u00fcdahalesinin ard\u0131ndan ambulansla hastaneye kald\u0131r\u0131ld\u0131. O\u011flunu korumak i\u00e7in namlunun \u00f6n\u00fcne ge\u00e7mi\u015f G\u00f6zalt\u0131na al\u0131nan Arslan, Antalya Emniyet M\u00fcd\u00fcrl\u00fc\u011f\u00fc Asayi\u015f \u015eube M\u00fcd\u00fcrl\u00fc\u011f\u00fc Cinayet B\u00fcro Amirli\u011fi&#8217;ndeki ifade i\u015flemlerinin ard\u0131ndan \u00e7\u0131kar\u0131ld\u0131\u011f\u0131 mahkemece tutuklanarak cezaevine g\u00f6nderildi. Arslan&#8217;\u0131n 2019 y\u0131l\u0131ndaki yerel se\u00e7imlerde \u0130Y\u0130 Parti&#8217;den Aksu Belediye Ba\u015fkan aday\u0131 oldu\u011fu ve Antalya B\u00fcy\u00fck\u015fehir Belediyesi&#8217;nde de genel sekreter yard\u0131mc\u0131l\u0131\u011f\u0131 yapt\u0131\u011f\u0131, ge\u00e7ti\u011fimiz ocak ay\u0131nda ise sa\u011fl\u0131k sorunlar\u0131 nedeniyle emeklili\u011fe ayr\u0131ld\u0131\u011f\u0131 belirtildi. Arslan&#8217;\u0131n polise verdi\u011fi ifadede ise aralar\u0131nda alacak verecek meselesi bulundu\u011fu belirterek, &#8220;Param\u0131 vermedi oyalad\u0131. &hellip;","og_url":"https:\/\/denizcankizil.tr\/uk\/haberler\/antalya\/alacak-verecek-tartismasinda-vurulan-adam-hayatini-kaybetti\/","og_site_name":"Av. Deniz Can K\u0131z\u0131l","article_published_time":"2025-04-22T14:41:35+00:00","og_image":[{"width":1280,"height":720,"url":"https:\/\/denizcankizil.tr\/wp-content\/uploads\/2025\/04\/5942-01-36wdly.jpg","type":"image\/jpeg"}],"author":"Av. Deniz Can K\u0131z\u0131l","twitter_card":"summary_large_image","twitter_misc":{"\u041d\u0430\u043f\u0438\u0441\u0430\u043d\u043e":"Av. Deniz Can K\u0131z\u0131l","\u041f\u0440\u0438\u0431\u043b. \u0447\u0430\u0441 \u0447\u0438\u0442\u0430\u043d\u043d\u044f":"2 \u0445\u0432\u0438\u043b\u0438\u043d\u0438"},"schema":{"@context":"https:\/\/schema.org","@graph":[{"@type":"Article","@id":"https:\/\/denizcankizil.tr\/uk\/haberler\/antalya\/alacak-verecek-tartismasinda-vurulan-adam-hayatini-kaybetti\/#article","isPartOf":{"@id":"https:\/\/denizcankizil.tr\/uk\/haberler\/antalya\/alacak-verecek-tartismasinda-vurulan-adam-hayatini-kaybetti\/"},"author":{"name":"Av. Deniz Can K\u0131z\u0131l","@id":"https:\/\/denizcankizil.tr\/#\/schema\/person\/5dc1b22991bd7ac833867c10afc9b0ff"},"headline":"Alacak verecek tart\u0131\u015fmas\u0131nda vurulan adam hayat\u0131n\u0131 kaybetti","datePublished":"2025-04-22T14:41:35+00:00","mainEntityOfPage":{"@id":"https:\/\/denizcankizil.tr\/uk\/haberler\/antalya\/alacak-verecek-tartismasinda-vurulan-adam-hayatini-kaybetti\/"},"wordCount":390,"publisher":{"@id":"https:\/\/denizcankizil.tr\/#organization"},"image":{"@id":"https:\/\/denizcankizil.tr\/uk\/haberler\/antalya\/alacak-verecek-tartismasinda-vurulan-adam-hayatini-kaybetti\/#primaryimage"},"thumbnailUrl":"https:\/\/denizcankizil.tr\/wp-content\/uploads\/2025\/04\/5942-01-36wdly.jpg","articleSection":["Antalya"],"inLanguage":"uk"},{"@type":"WebPage","@id":"https:\/\/denizcankizil.tr\/uk\/haberler\/antalya\/alacak-verecek-tartismasinda-vurulan-adam-hayatini-kaybetti\/","url":"https:\/\/denizcankizil.tr\/uk\/haberler\/antalya\/alacak-verecek-tartismasinda-vurulan-adam-hayatini-kaybetti\/","name":"Alacak verecek tart\u0131\u015fmas\u0131nda vurulan adam hayat\u0131n\u0131 kaybetti - Av. Deniz Can K\u0131z\u0131l","isPartOf":{"@id":"https:\/\/denizcankizil.tr\/#website"},"primaryImageOfPage":{"@id":"https:\/\/denizcankizil.tr\/uk\/haberler\/antalya\/alacak-verecek-tartismasinda-vurulan-adam-hayatini-kaybetti\/#primaryimage"},"image":{"@id":"https:\/\/denizcankizil.tr\/uk\/haberler\/antalya\/alacak-verecek-tartismasinda-vurulan-adam-hayatini-kaybetti\/#primaryimage"},"thumbnailUrl":"https:\/\/denizcankizil.tr\/wp-content\/uploads\/2025\/04\/5942-01-36wdly.jpg","datePublished":"2025-04-22T14:41:35+00:00","breadcrumb":{"@id":"https:\/\/denizcankizil.tr\/uk\/haberler\/antalya\/alacak-verecek-tartismasinda-vurulan-adam-hayatini-kaybetti\/#breadcrumb"},"inLanguage":"uk","potentialAction":[{"@type":"ReadAction","target":["https:\/\/denizcankizil.tr\/uk\/haberler\/antalya\/alacak-verecek-tartismasinda-vurulan-adam-hayatini-kaybetti\/"]}]},{"@type":"ImageObject","inLanguage":"uk","@id":"https:\/\/denizcankizil.tr\/uk\/haberler\/antalya\/alacak-verecek-tartismasinda-vurulan-adam-hayatini-kaybetti\/#primaryimage","url":"https:\/\/denizcankizil.tr\/wp-content\/uploads\/2025\/04\/5942-01-36wdly.jpg","contentUrl":"https:\/\/denizcankizil.tr\/wp-content\/uploads\/2025\/04\/5942-01-36wdly.jpg","width":1280,"height":720},{"@type":"BreadcrumbList","@id":"https:\/\/denizcankizil.tr\/uk\/haberler\/antalya\/alacak-verecek-tartismasinda-vurulan-adam-hayatini-kaybetti\/#breadcrumb","itemListElement":[{"@type":"ListItem","position":1,"name":"Home","item":"https:\/\/denizcankizil.tr\/de\/"},{"@type":"ListItem","position":2,"name":"Alacak verecek tart\u0131\u015fmas\u0131nda vurulan adam hayat\u0131n\u0131 kaybetti"}]},{"@type":"WebSite","@id":"https:\/\/denizcankizil.tr\/#website","url":"https:\/\/denizcankizil.tr\/","name":"Av. Deniz Can K\u0131z\u0131l","description":"Avukat Deniz Can K\u0131z\u0131l Antalya Barosu","publisher":{"@id":"https:\/\/denizcankizil.tr\/#organization"},"potentialAction":[{"@type":"SearchAction","target":{"@type":"EntryPoint","urlTemplate":"https:\/\/denizcankizil.tr\/?s={search_term_string}"},"query-input":{"@type":"PropertyValueSpecification","valueRequired":true,"valueName":"search_term_string"}}],"inLanguage":"uk"},{"@type":"Organization","@id":"https:\/\/denizcankizil.tr\/#organization","name":"Av. Deniz Can K\u0131z\u0131l","url":"https:\/\/denizcankizil.tr\/","logo":{"@type":"ImageObject","inLanguage":"uk","@id":"https:\/\/denizcankizil.tr\/#\/schema\/logo\/image\/","url":"https:\/\/denizcankizil.tr\/wp-content\/uploads\/2024\/10\/siyah-logo-svg.svg","contentUrl":"https:\/\/denizcankizil.tr\/wp-content\/uploads\/2024\/10\/siyah-logo-svg.svg","width":1080,"height":1080,"caption":"Av. Deniz Can K\u0131z\u0131l"},"image":{"@id":"https:\/\/denizcankizil.tr\/#\/schema\/logo\/image\/"}},{"@type":"Person","@id":"https:\/\/denizcankizil.tr\/#\/schema\/person\/5dc1b22991bd7ac833867c10afc9b0ff","name":"Av. Deniz Can K\u0131z\u0131l","image":{"@type":"ImageObject","inLanguage":"uk","@id":"https:\/\/denizcankizil.tr\/#\/schema\/person\/image\/","url":"https:\/\/secure.gravatar.com\/avatar\/a0b128fb9855c79efc976d5640eedb31dc35ec297594d6016d2cf7c60e975bb6?s=96&d=mm&r=g","contentUrl":"https:\/\/secure.gravatar.com\/avatar\/a0b128fb9855c79efc976d5640eedb31dc35ec297594d6016d2cf7c60e975bb6?s=96&d=mm&r=g","caption":"Av. Deniz Can K\u0131z\u0131l"},"sameAs":["http:\/\/www.denizcankizil.tr"],"url":"https:\/\/denizcankizil.tr\/uk\/author\/denizcankizil\/"}]}},"_links":{"self":[{"href":"https:\/\/denizcankizil.tr\/uk\/wp-json\/wp\/v2\/posts\/63046","targetHints":{"allow":["GET"]}}],"collection":[{"href":"https:\/\/denizcankizil.tr\/uk\/wp-json\/wp\/v2\/posts"}],"about":[{"href":"https:\/\/denizcankizil.tr\/uk\/wp-json\/wp\/v2\/types\/post"}],"author":[{"embeddable":true,"href":"https:\/\/denizcankizil.tr\/uk\/wp-json\/wp\/v2\/users\/4"}],"replies":[{"embeddable":true,"href":"https:\/\/denizcankizil.tr\/uk\/wp-json\/wp\/v2\/comments?post=63046"}],"version-history":[{"count":0,"href":"https:\/\/denizcankizil.tr\/uk\/wp-json\/wp\/v2\/posts\/63046\/revisions"}],"wp:featuredmedia":[{"embeddable":true,"href":"https:\/\/denizcankizil.tr\/uk\/wp-json\/wp\/v2\/media\/63047"}],"wp:attachment":[{"href":"https:\/\/denizcankizil.tr\/uk\/wp-json\/wp\/v2\/media?parent=63046"}],"wp:term":[{"taxonomy":"category","embeddable":true,"href":"https:\/\/denizcankizil.tr\/uk\/wp-json\/wp\/v2\/categories?post=63046"},{"taxonomy":"post_tag","embeddable":true,"href":"https:\/\/denizcankizil.tr\/uk\/wp-json\/wp\/v2\/tags?post=63046"}],"curies":[{"name":"wp","href":"https:\/\/api.w.org\/{rel}","templated":true}]}}