{"id":62659,"date":"2025-04-22T09:41:39","date_gmt":"2025-04-22T06:41:39","guid":{"rendered":"https:\/\/denizcankizil.tr\/uncategorized-tr\/araci-gozleri-onunde-kule-dondu\/"},"modified":"2025-04-22T09:41:39","modified_gmt":"2025-04-22T06:41:39","slug":"araci-gozleri-onunde-kule-dondu","status":"publish","type":"post","link":"https:\/\/denizcankizil.tr\/uk\/haberler\/antalya\/araci-gozleri-onunde-kule-dondu\/","title":{"rendered":"Arac\u0131, g\u00f6zleri \u00f6n\u00fcnde k\u00fcle d\u00f6nd\u00fc"},"content":{"rendered":"<p>Olay, saat 17.00 s\u0131ralar\u0131nda Kepez il\u00e7esi Fabrikalar Mahallesi Gazi Bulvar\u0131 \u00fczerinde meydana geldi. Edinilen bilgiye g\u00f6re, 07 ATE 134 plakal\u0131 Toyota Corolla marka arac\u0131yla \u0130ller Bankas\u0131 istikametine do\u011fru evine gitmek \u00fczere yola \u00e7\u0131kan Enver A., seyir halindeyken motor k\u0131sm\u0131ndan \u00e7\u0131kan dumanlar\u0131 fark etti. Arac\u0131n\u0131 hemen yolun kenar\u0131na \u00e7eken s\u00fcr\u00fcc\u00fc, motor kaputunu a\u00e7t\u0131\u011f\u0131nda alevlerle kar\u015f\u0131la\u015ft\u0131. Enver A. yang\u0131na suyla m\u00fcdahale etmeye \u00e7al\u0131\u015f\u0131rken, \u00e7evredeki vatanda\u015flar ise yang\u0131n t\u00fcp\u00fcyle alevleri s\u00f6nd\u00fcrmeye \u00e7al\u0131\u015ft\u0131 ancak ba\u015far\u0131l\u0131 olunamad\u0131. 112 Acil \u00c7a\u011fr\u0131 Merkezi&#8217;ne yap\u0131lan ihbar \u00fczerine olay yerine gelen itfaiye ekiplerinin yar\u0131m saatlik m\u00fcdahalesiyle yang\u0131n kontrol alt\u0131na al\u0131nd\u0131. Yang\u0131nda kullan\u0131lamaz hale gelen ara\u00e7, \u00e7ekici yard\u0131m\u0131yla kald\u0131r\u0131ld\u0131. S\u00fcr\u00fcc\u00fc Enver A., g\u00f6zleri \u00f6n\u00fcnde yanarak k\u00fcle d\u00f6nen otomobiline uzun s\u00fcre bakt\u0131. Arac\u0131n alev topuna d\u00f6nd\u00fc\u011f\u00fc anlar ise \u00e7evredeki vatanda\u015flar ve yoldan ge\u00e7en s\u00fcr\u00fcc\u00fcler taraf\u0131ndan cep telefonuyla g\u00f6r\u00fcnt\u00fclendi.<br \/>\nEnver A., &#8220;Ara\u00e7tan duman \u00e7\u0131kmaya ba\u015flad\u0131, birden oldu. Hemen sa\u011fa \u00e7ektim, bakt\u0131\u011f\u0131mda hafif hafif yan\u0131yordu. \u00d6nce su d\u00f6kt\u00fcm, ondan sonra yang\u0131n t\u00fcp\u00fcyle m\u00fcdahale etmeye \u00e7al\u0131\u015ft\u0131k ama s\u00f6nmedi&#8221; dedi.<\/p>\n<p>Kaynak: www.kanalv.com.tr Haber Sitesinden Al\u0131nm\u0131\u015ft\u0131r.<\/p>","protected":false},"excerpt":{"rendered":"<p>Olay, saat 17.00 s\u0131ralar\u0131nda Kepez il\u00e7esi Fabrikalar Mahallesi Gazi Bulvar\u0131 \u00fczerinde meydana geldi. Edinilen bilgiye g\u00f6re, 07 ATE 134 plakal\u0131 Toyota Corolla marka arac\u0131yla \u0130ller Bankas\u0131 istikametine do\u011fru evine gitmek \u00fczere yola \u00e7\u0131kan Enver A., seyir halindeyken motor k\u0131sm\u0131ndan \u00e7\u0131kan dumanlar\u0131 fark etti. Arac\u0131n\u0131 hemen yolun kenar\u0131na \u00e7eken s\u00fcr\u00fcc\u00fc, motor kaputunu a\u00e7t\u0131\u011f\u0131nda alevlerle kar\u015f\u0131la\u015ft\u0131. Enver A. yang\u0131na suyla m\u00fcdahale etmeye \u00e7al\u0131\u015f\u0131rken, \u00e7evredeki vatanda\u015flar ise yang\u0131n t\u00fcp\u00fcyle alevleri s\u00f6nd\u00fcrmeye \u00e7al\u0131\u015ft\u0131 ancak ba\u015far\u0131l\u0131 olunamad\u0131. 112 Acil \u00c7a\u011fr\u0131 Merkezi&#8217;ne yap\u0131lan ihbar \u00fczerine olay yerine gelen itfaiye ekiplerinin yar\u0131m saatlik m\u00fcdahalesiyle yang\u0131n kontrol alt\u0131na al\u0131nd\u0131. Yang\u0131nda kullan\u0131lamaz hale gelen ara\u00e7, \u00e7ekici yard\u0131m\u0131yla kald\u0131r\u0131ld\u0131. S\u00fcr\u00fcc\u00fc Enver A., g\u00f6zleri \u00f6n\u00fcnde yanarak k\u00fcle d\u00f6nen otomobiline uzun s\u00fcre bakt\u0131. Arac\u0131n alev topuna d\u00f6nd\u00fc\u011f\u00fc anlar ise \u00e7evredeki vatanda\u015flar ve yoldan ge\u00e7en s\u00fcr\u00fcc\u00fcler taraf\u0131ndan cep telefonuyla g\u00f6r\u00fcnt\u00fclendi. Enver A., &#8220;Ara\u00e7tan duman \u00e7\u0131kmaya ba\u015flad\u0131, birden oldu. Hemen sa\u011fa \u00e7ektim, bakt\u0131\u011f\u0131mda hafif hafif yan\u0131yordu. \u00d6nce su d\u00f6kt\u00fcm, ondan sonra yang\u0131n t\u00fcp\u00fcyle m\u00fcdahale etmeye \u00e7al\u0131\u015ft\u0131k ama s\u00f6nmedi&#8221; dedi. Kaynak: www.kanalv.com.tr Haber Sitesinden Al\u0131nm\u0131\u015ft\u0131r.<\/p>","protected":false},"author":4,"featured_media":62660,"comment_status":"","ping_status":"open","sticky":false,"template":"","format":"standard","meta":{"_acf_changed":false,"footnotes":""},"categories":[26],"tags":[],"class_list":["post-62659","post","type-post","status-publish","format-standard","has-post-thumbnail","hentry","category-antalya"],"acf":[],"yoast_head":"<!-- This site is optimized with the Yoast SEO Premium plugin v26.6 (Yoast SEO v27.1.1) - https:\/\/yoast.com\/product\/yoast-seo-premium-wordpress\/ -->\n<title>Arac\u0131, g\u00f6zleri \u00f6n\u00fcnde k\u00fcle d\u00f6nd\u00fc - Av. Deniz Can K\u0131z\u0131l<\/title>\n<meta name=\"robots\" content=\"index, follow, max-snippet:-1, max-image-preview:large, max-video-preview:-1\" \/>\n<link rel=\"canonical\" href=\"https:\/\/denizcankizil.tr\/uk\/haberler\/antalya\/araci-gozleri-onunde-kule-dondu\/\" \/>\n<meta property=\"og:locale\" content=\"uk_UA\" \/>\n<meta property=\"og:type\" content=\"article\" \/>\n<meta property=\"og:title\" content=\"Arac\u0131, g\u00f6zleri \u00f6n\u00fcnde k\u00fcle d\u00f6nd\u00fc\" \/>\n<meta property=\"og:description\" content=\"Olay, saat 17.00 s\u0131ralar\u0131nda Kepez il\u00e7esi Fabrikalar Mahallesi Gazi Bulvar\u0131 \u00fczerinde meydana geldi. Edinilen bilgiye g\u00f6re, 07 ATE 134 plakal\u0131 Toyota Corolla marka arac\u0131yla \u0130ller Bankas\u0131 istikametine do\u011fru evine gitmek \u00fczere yola \u00e7\u0131kan Enver A., seyir halindeyken motor k\u0131sm\u0131ndan \u00e7\u0131kan dumanlar\u0131 fark etti. Arac\u0131n\u0131 hemen yolun kenar\u0131na \u00e7eken s\u00fcr\u00fcc\u00fc, motor kaputunu a\u00e7t\u0131\u011f\u0131nda alevlerle kar\u015f\u0131la\u015ft\u0131. Enver A. yang\u0131na suyla m\u00fcdahale etmeye \u00e7al\u0131\u015f\u0131rken, \u00e7evredeki vatanda\u015flar ise yang\u0131n t\u00fcp\u00fcyle alevleri s\u00f6nd\u00fcrmeye \u00e7al\u0131\u015ft\u0131 ancak ba\u015far\u0131l\u0131 olunamad\u0131. 112 Acil \u00c7a\u011fr\u0131 Merkezi&#8217;ne yap\u0131lan ihbar \u00fczerine olay yerine gelen itfaiye ekiplerinin yar\u0131m saatlik m\u00fcdahalesiyle yang\u0131n kontrol alt\u0131na al\u0131nd\u0131. Yang\u0131nda kullan\u0131lamaz hale gelen ara\u00e7, \u00e7ekici yard\u0131m\u0131yla kald\u0131r\u0131ld\u0131. S\u00fcr\u00fcc\u00fc Enver A., g\u00f6zleri \u00f6n\u00fcnde yanarak k\u00fcle d\u00f6nen otomobiline uzun s\u00fcre bakt\u0131. Arac\u0131n alev topuna d\u00f6nd\u00fc\u011f\u00fc anlar ise \u00e7evredeki vatanda\u015flar ve yoldan ge\u00e7en s\u00fcr\u00fcc\u00fcler taraf\u0131ndan cep telefonuyla g\u00f6r\u00fcnt\u00fclendi. Enver A., &#8220;Ara\u00e7tan duman \u00e7\u0131kmaya ba\u015flad\u0131, birden oldu. Hemen sa\u011fa \u00e7ektim, bakt\u0131\u011f\u0131mda hafif hafif yan\u0131yordu. \u00d6nce su d\u00f6kt\u00fcm, ondan sonra yang\u0131n t\u00fcp\u00fcyle m\u00fcdahale etmeye \u00e7al\u0131\u015ft\u0131k ama s\u00f6nmedi&#8221; dedi. Kaynak: www.kanalv.com.tr Haber Sitesinden Al\u0131nm\u0131\u015ft\u0131r.\" \/>\n<meta property=\"og:url\" content=\"https:\/\/denizcankizil.tr\/uk\/haberler\/antalya\/araci-gozleri-onunde-kule-dondu\/\" \/>\n<meta property=\"og:site_name\" content=\"Av. Deniz Can K\u0131z\u0131l\" \/>\n<meta property=\"article:published_time\" content=\"2025-04-22T06:41:39+00:00\" \/>\n<meta property=\"og:image\" content=\"https:\/\/denizcankizil.tr\/wp-content\/uploads\/2025\/04\/5920-01-b4ceZq.jpg\" \/>\n\t<meta property=\"og:image:width\" content=\"1280\" \/>\n\t<meta property=\"og:image:height\" content=\"720\" \/>\n\t<meta property=\"og:image:type\" content=\"image\/jpeg\" \/>\n<meta name=\"author\" content=\"Av. Deniz Can K\u0131z\u0131l\" \/>\n<meta name=\"twitter:card\" content=\"summary_large_image\" \/>\n<meta name=\"twitter:label1\" content=\"\u041d\u0430\u043f\u0438\u0441\u0430\u043d\u043e\" \/>\n\t<meta name=\"twitter:data1\" content=\"Av. Deniz Can K\u0131z\u0131l\" \/>\n\t<meta name=\"twitter:label2\" content=\"\u041f\u0440\u0438\u0431\u043b. \u0447\u0430\u0441 \u0447\u0438\u0442\u0430\u043d\u043d\u044f\" \/>\n\t<meta name=\"twitter:data2\" content=\"1 \u0445\u0432\u0438\u043b\u0438\u043d\u0430\" \/>\n<script type=\"application\/ld+json\" class=\"yoast-schema-graph\">{\"@context\":\"https:\/\/schema.org\",\"@graph\":[{\"@type\":\"Article\",\"@id\":\"https:\/\/denizcankizil.tr\/uk\/haberler\/antalya\/araci-gozleri-onunde-kule-dondu\/#article\",\"isPartOf\":{\"@id\":\"https:\/\/denizcankizil.tr\/uk\/haberler\/antalya\/araci-gozleri-onunde-kule-dondu\/\"},\"author\":{\"name\":\"Av. Deniz Can K\u0131z\u0131l\",\"@id\":\"https:\/\/denizcankizil.tr\/de\/#\/schema\/person\/5dc1b22991bd7ac833867c10afc9b0ff\"},\"headline\":\"Arac\u0131, g\u00f6zleri \u00f6n\u00fcnde k\u00fcle d\u00f6nd\u00fc\",\"datePublished\":\"2025-04-22T06:41:39+00:00\",\"mainEntityOfPage\":{\"@id\":\"https:\/\/denizcankizil.tr\/uk\/haberler\/antalya\/araci-gozleri-onunde-kule-dondu\/\"},\"wordCount\":245,\"publisher\":{\"@id\":\"https:\/\/denizcankizil.tr\/de\/#organization\"},\"image\":{\"@id\":\"https:\/\/denizcankizil.tr\/uk\/haberler\/antalya\/araci-gozleri-onunde-kule-dondu\/#primaryimage\"},\"thumbnailUrl\":\"https:\/\/denizcankizil.tr\/wp-content\/uploads\/2025\/04\/5920-01-b4ceZq.jpg\",\"articleSection\":[\"Antalya\"],\"inLanguage\":\"uk\"},{\"@type\":\"WebPage\",\"@id\":\"https:\/\/denizcankizil.tr\/uk\/haberler\/antalya\/araci-gozleri-onunde-kule-dondu\/\",\"url\":\"https:\/\/denizcankizil.tr\/uk\/haberler\/antalya\/araci-gozleri-onunde-kule-dondu\/\",\"name\":\"Arac\u0131, g\u00f6zleri \u00f6n\u00fcnde k\u00fcle d\u00f6nd\u00fc - Av. Deniz Can K\u0131z\u0131l\",\"isPartOf\":{\"@id\":\"https:\/\/denizcankizil.tr\/de\/#website\"},\"primaryImageOfPage\":{\"@id\":\"https:\/\/denizcankizil.tr\/uk\/haberler\/antalya\/araci-gozleri-onunde-kule-dondu\/#primaryimage\"},\"image\":{\"@id\":\"https:\/\/denizcankizil.tr\/uk\/haberler\/antalya\/araci-gozleri-onunde-kule-dondu\/#primaryimage\"},\"thumbnailUrl\":\"https:\/\/denizcankizil.tr\/wp-content\/uploads\/2025\/04\/5920-01-b4ceZq.jpg\",\"datePublished\":\"2025-04-22T06:41:39+00:00\",\"breadcrumb\":{\"@id\":\"https:\/\/denizcankizil.tr\/uk\/haberler\/antalya\/araci-gozleri-onunde-kule-dondu\/#breadcrumb\"},\"inLanguage\":\"uk\",\"potentialAction\":[{\"@type\":\"ReadAction\",\"target\":[\"https:\/\/denizcankizil.tr\/uk\/haberler\/antalya\/araci-gozleri-onunde-kule-dondu\/\"]}]},{\"@type\":\"ImageObject\",\"inLanguage\":\"uk\",\"@id\":\"https:\/\/denizcankizil.tr\/uk\/haberler\/antalya\/araci-gozleri-onunde-kule-dondu\/#primaryimage\",\"url\":\"https:\/\/denizcankizil.tr\/wp-content\/uploads\/2025\/04\/5920-01-b4ceZq.jpg\",\"contentUrl\":\"https:\/\/denizcankizil.tr\/wp-content\/uploads\/2025\/04\/5920-01-b4ceZq.jpg\",\"width\":1280,\"height\":720},{\"@type\":\"BreadcrumbList\",\"@id\":\"https:\/\/denizcankizil.tr\/uk\/haberler\/antalya\/araci-gozleri-onunde-kule-dondu\/#breadcrumb\",\"itemListElement\":[{\"@type\":\"ListItem\",\"position\":1,\"name\":\"Home\",\"item\":\"https:\/\/denizcankizil.tr\/de\/\"},{\"@type\":\"ListItem\",\"position\":2,\"name\":\"Arac\u0131, g\u00f6zleri \u00f6n\u00fcnde k\u00fcle d\u00f6nd\u00fc\"}]},{\"@type\":\"WebSite\",\"@id\":\"https:\/\/denizcankizil.tr\/de\/#website\",\"url\":\"https:\/\/denizcankizil.tr\/de\/\",\"name\":\"Av. Deniz Can K\u0131z\u0131l\",\"description\":\"Avukat Deniz Can K\u0131z\u0131l Antalya Barosu\",\"publisher\":{\"@id\":\"https:\/\/denizcankizil.tr\/de\/#organization\"},\"potentialAction\":[{\"@type\":\"SearchAction\",\"target\":{\"@type\":\"EntryPoint\",\"urlTemplate\":\"https:\/\/denizcankizil.tr\/de\/?s={search_term_string}\"},\"query-input\":{\"@type\":\"PropertyValueSpecification\",\"valueRequired\":true,\"valueName\":\"search_term_string\"}}],\"inLanguage\":\"uk\"},{\"@type\":\"Organization\",\"@id\":\"https:\/\/denizcankizil.tr\/de\/#organization\",\"name\":\"Av. Deniz Can K\u0131z\u0131l\",\"url\":\"https:\/\/denizcankizil.tr\/de\/\",\"logo\":{\"@type\":\"ImageObject\",\"inLanguage\":\"uk\",\"@id\":\"https:\/\/denizcankizil.tr\/de\/#\/schema\/logo\/image\/\",\"url\":\"https:\/\/denizcankizil.tr\/wp-content\/uploads\/2024\/10\/siyah-logo-svg.svg\",\"contentUrl\":\"https:\/\/denizcankizil.tr\/wp-content\/uploads\/2024\/10\/siyah-logo-svg.svg\",\"width\":1080,\"height\":1080,\"caption\":\"Av. Deniz Can K\u0131z\u0131l\"},\"image\":{\"@id\":\"https:\/\/denizcankizil.tr\/de\/#\/schema\/logo\/image\/\"}},{\"@type\":\"Person\",\"@id\":\"https:\/\/denizcankizil.tr\/de\/#\/schema\/person\/5dc1b22991bd7ac833867c10afc9b0ff\",\"name\":\"Av. Deniz Can K\u0131z\u0131l\",\"image\":{\"@type\":\"ImageObject\",\"inLanguage\":\"uk\",\"@id\":\"https:\/\/denizcankizil.tr\/de\/#\/schema\/person\/image\/\",\"url\":\"https:\/\/secure.gravatar.com\/avatar\/a0b128fb9855c79efc976d5640eedb31dc35ec297594d6016d2cf7c60e975bb6?s=96&d=mm&r=g\",\"contentUrl\":\"https:\/\/secure.gravatar.com\/avatar\/a0b128fb9855c79efc976d5640eedb31dc35ec297594d6016d2cf7c60e975bb6?s=96&d=mm&r=g\",\"caption\":\"Av. Deniz Can K\u0131z\u0131l\"},\"sameAs\":[\"http:\/\/www.denizcankizil.tr\"],\"url\":\"https:\/\/denizcankizil.tr\/uk\/author\/denizcankizil\/\"}]}<\/script>\n<!-- \/ Yoast SEO Premium plugin. -->","yoast_head_json":{"title":"Arac\u0131, g\u00f6zleri \u00f6n\u00fcnde k\u00fcle d\u00f6nd\u00fc - Av. Deniz Can K\u0131z\u0131l","robots":{"index":"index","follow":"follow","max-snippet":"max-snippet:-1","max-image-preview":"max-image-preview:large","max-video-preview":"max-video-preview:-1"},"canonical":"https:\/\/denizcankizil.tr\/uk\/haberler\/antalya\/araci-gozleri-onunde-kule-dondu\/","og_locale":"uk_UA","og_type":"article","og_title":"Arac\u0131, g\u00f6zleri \u00f6n\u00fcnde k\u00fcle d\u00f6nd\u00fc","og_description":"Olay, saat 17.00 s\u0131ralar\u0131nda Kepez il\u00e7esi Fabrikalar Mahallesi Gazi Bulvar\u0131 \u00fczerinde meydana geldi. Edinilen bilgiye g\u00f6re, 07 ATE 134 plakal\u0131 Toyota Corolla marka arac\u0131yla \u0130ller Bankas\u0131 istikametine do\u011fru evine gitmek \u00fczere yola \u00e7\u0131kan Enver A., seyir halindeyken motor k\u0131sm\u0131ndan \u00e7\u0131kan dumanlar\u0131 fark etti. Arac\u0131n\u0131 hemen yolun kenar\u0131na \u00e7eken s\u00fcr\u00fcc\u00fc, motor kaputunu a\u00e7t\u0131\u011f\u0131nda alevlerle kar\u015f\u0131la\u015ft\u0131. Enver A. yang\u0131na suyla m\u00fcdahale etmeye \u00e7al\u0131\u015f\u0131rken, \u00e7evredeki vatanda\u015flar ise yang\u0131n t\u00fcp\u00fcyle alevleri s\u00f6nd\u00fcrmeye \u00e7al\u0131\u015ft\u0131 ancak ba\u015far\u0131l\u0131 olunamad\u0131. 112 Acil \u00c7a\u011fr\u0131 Merkezi&#8217;ne yap\u0131lan ihbar \u00fczerine olay yerine gelen itfaiye ekiplerinin yar\u0131m saatlik m\u00fcdahalesiyle yang\u0131n kontrol alt\u0131na al\u0131nd\u0131. Yang\u0131nda kullan\u0131lamaz hale gelen ara\u00e7, \u00e7ekici yard\u0131m\u0131yla kald\u0131r\u0131ld\u0131. S\u00fcr\u00fcc\u00fc Enver A., g\u00f6zleri \u00f6n\u00fcnde yanarak k\u00fcle d\u00f6nen otomobiline uzun s\u00fcre bakt\u0131. Arac\u0131n alev topuna d\u00f6nd\u00fc\u011f\u00fc anlar ise \u00e7evredeki vatanda\u015flar ve yoldan ge\u00e7en s\u00fcr\u00fcc\u00fcler taraf\u0131ndan cep telefonuyla g\u00f6r\u00fcnt\u00fclendi. Enver A., &#8220;Ara\u00e7tan duman \u00e7\u0131kmaya ba\u015flad\u0131, birden oldu. Hemen sa\u011fa \u00e7ektim, bakt\u0131\u011f\u0131mda hafif hafif yan\u0131yordu. \u00d6nce su d\u00f6kt\u00fcm, ondan sonra yang\u0131n t\u00fcp\u00fcyle m\u00fcdahale etmeye \u00e7al\u0131\u015ft\u0131k ama s\u00f6nmedi&#8221; dedi. Kaynak: www.kanalv.com.tr Haber Sitesinden Al\u0131nm\u0131\u015ft\u0131r.","og_url":"https:\/\/denizcankizil.tr\/uk\/haberler\/antalya\/araci-gozleri-onunde-kule-dondu\/","og_site_name":"Av. Deniz Can K\u0131z\u0131l","article_published_time":"2025-04-22T06:41:39+00:00","og_image":[{"width":1280,"height":720,"url":"https:\/\/denizcankizil.tr\/wp-content\/uploads\/2025\/04\/5920-01-b4ceZq.jpg","type":"image\/jpeg"}],"author":"Av. Deniz Can K\u0131z\u0131l","twitter_card":"summary_large_image","twitter_misc":{"\u041d\u0430\u043f\u0438\u0441\u0430\u043d\u043e":"Av. Deniz Can K\u0131z\u0131l","\u041f\u0440\u0438\u0431\u043b. \u0447\u0430\u0441 \u0447\u0438\u0442\u0430\u043d\u043d\u044f":"1 \u0445\u0432\u0438\u043b\u0438\u043d\u0430"},"schema":{"@context":"https:\/\/schema.org","@graph":[{"@type":"Article","@id":"https:\/\/denizcankizil.tr\/uk\/haberler\/antalya\/araci-gozleri-onunde-kule-dondu\/#article","isPartOf":{"@id":"https:\/\/denizcankizil.tr\/uk\/haberler\/antalya\/araci-gozleri-onunde-kule-dondu\/"},"author":{"name":"Av. Deniz Can K\u0131z\u0131l","@id":"https:\/\/denizcankizil.tr\/de\/#\/schema\/person\/5dc1b22991bd7ac833867c10afc9b0ff"},"headline":"Arac\u0131, g\u00f6zleri \u00f6n\u00fcnde k\u00fcle d\u00f6nd\u00fc","datePublished":"2025-04-22T06:41:39+00:00","mainEntityOfPage":{"@id":"https:\/\/denizcankizil.tr\/uk\/haberler\/antalya\/araci-gozleri-onunde-kule-dondu\/"},"wordCount":245,"publisher":{"@id":"https:\/\/denizcankizil.tr\/de\/#organization"},"image":{"@id":"https:\/\/denizcankizil.tr\/uk\/haberler\/antalya\/araci-gozleri-onunde-kule-dondu\/#primaryimage"},"thumbnailUrl":"https:\/\/denizcankizil.tr\/wp-content\/uploads\/2025\/04\/5920-01-b4ceZq.jpg","articleSection":["Antalya"],"inLanguage":"uk"},{"@type":"WebPage","@id":"https:\/\/denizcankizil.tr\/uk\/haberler\/antalya\/araci-gozleri-onunde-kule-dondu\/","url":"https:\/\/denizcankizil.tr\/uk\/haberler\/antalya\/araci-gozleri-onunde-kule-dondu\/","name":"Arac\u0131, g\u00f6zleri \u00f6n\u00fcnde k\u00fcle d\u00f6nd\u00fc - Av. Deniz Can K\u0131z\u0131l","isPartOf":{"@id":"https:\/\/denizcankizil.tr\/de\/#website"},"primaryImageOfPage":{"@id":"https:\/\/denizcankizil.tr\/uk\/haberler\/antalya\/araci-gozleri-onunde-kule-dondu\/#primaryimage"},"image":{"@id":"https:\/\/denizcankizil.tr\/uk\/haberler\/antalya\/araci-gozleri-onunde-kule-dondu\/#primaryimage"},"thumbnailUrl":"https:\/\/denizcankizil.tr\/wp-content\/uploads\/2025\/04\/5920-01-b4ceZq.jpg","datePublished":"2025-04-22T06:41:39+00:00","breadcrumb":{"@id":"https:\/\/denizcankizil.tr\/uk\/haberler\/antalya\/araci-gozleri-onunde-kule-dondu\/#breadcrumb"},"inLanguage":"uk","potentialAction":[{"@type":"ReadAction","target":["https:\/\/denizcankizil.tr\/uk\/haberler\/antalya\/araci-gozleri-onunde-kule-dondu\/"]}]},{"@type":"ImageObject","inLanguage":"uk","@id":"https:\/\/denizcankizil.tr\/uk\/haberler\/antalya\/araci-gozleri-onunde-kule-dondu\/#primaryimage","url":"https:\/\/denizcankizil.tr\/wp-content\/uploads\/2025\/04\/5920-01-b4ceZq.jpg","contentUrl":"https:\/\/denizcankizil.tr\/wp-content\/uploads\/2025\/04\/5920-01-b4ceZq.jpg","width":1280,"height":720},{"@type":"BreadcrumbList","@id":"https:\/\/denizcankizil.tr\/uk\/haberler\/antalya\/araci-gozleri-onunde-kule-dondu\/#breadcrumb","itemListElement":[{"@type":"ListItem","position":1,"name":"Home","item":"https:\/\/denizcankizil.tr\/de\/"},{"@type":"ListItem","position":2,"name":"Arac\u0131, g\u00f6zleri \u00f6n\u00fcnde k\u00fcle d\u00f6nd\u00fc"}]},{"@type":"WebSite","@id":"https:\/\/denizcankizil.tr\/de\/#website","url":"https:\/\/denizcankizil.tr\/de\/","name":"Av. Deniz Can K\u0131z\u0131l","description":"Avukat Deniz Can K\u0131z\u0131l Antalya Barosu","publisher":{"@id":"https:\/\/denizcankizil.tr\/de\/#organization"},"potentialAction":[{"@type":"SearchAction","target":{"@type":"EntryPoint","urlTemplate":"https:\/\/denizcankizil.tr\/de\/?s={search_term_string}"},"query-input":{"@type":"PropertyValueSpecification","valueRequired":true,"valueName":"search_term_string"}}],"inLanguage":"uk"},{"@type":"Organization","@id":"https:\/\/denizcankizil.tr\/de\/#organization","name":"Av. Deniz Can K\u0131z\u0131l","url":"https:\/\/denizcankizil.tr\/de\/","logo":{"@type":"ImageObject","inLanguage":"uk","@id":"https:\/\/denizcankizil.tr\/de\/#\/schema\/logo\/image\/","url":"https:\/\/denizcankizil.tr\/wp-content\/uploads\/2024\/10\/siyah-logo-svg.svg","contentUrl":"https:\/\/denizcankizil.tr\/wp-content\/uploads\/2024\/10\/siyah-logo-svg.svg","width":1080,"height":1080,"caption":"Av. Deniz Can K\u0131z\u0131l"},"image":{"@id":"https:\/\/denizcankizil.tr\/de\/#\/schema\/logo\/image\/"}},{"@type":"Person","@id":"https:\/\/denizcankizil.tr\/de\/#\/schema\/person\/5dc1b22991bd7ac833867c10afc9b0ff","name":"Av. Deniz Can K\u0131z\u0131l","image":{"@type":"ImageObject","inLanguage":"uk","@id":"https:\/\/denizcankizil.tr\/de\/#\/schema\/person\/image\/","url":"https:\/\/secure.gravatar.com\/avatar\/a0b128fb9855c79efc976d5640eedb31dc35ec297594d6016d2cf7c60e975bb6?s=96&d=mm&r=g","contentUrl":"https:\/\/secure.gravatar.com\/avatar\/a0b128fb9855c79efc976d5640eedb31dc35ec297594d6016d2cf7c60e975bb6?s=96&d=mm&r=g","caption":"Av. Deniz Can K\u0131z\u0131l"},"sameAs":["http:\/\/www.denizcankizil.tr"],"url":"https:\/\/denizcankizil.tr\/uk\/author\/denizcankizil\/"}]}},"_links":{"self":[{"href":"https:\/\/denizcankizil.tr\/uk\/wp-json\/wp\/v2\/posts\/62659","targetHints":{"allow":["GET"]}}],"collection":[{"href":"https:\/\/denizcankizil.tr\/uk\/wp-json\/wp\/v2\/posts"}],"about":[{"href":"https:\/\/denizcankizil.tr\/uk\/wp-json\/wp\/v2\/types\/post"}],"author":[{"embeddable":true,"href":"https:\/\/denizcankizil.tr\/uk\/wp-json\/wp\/v2\/users\/4"}],"replies":[{"embeddable":true,"href":"https:\/\/denizcankizil.tr\/uk\/wp-json\/wp\/v2\/comments?post=62659"}],"version-history":[{"count":0,"href":"https:\/\/denizcankizil.tr\/uk\/wp-json\/wp\/v2\/posts\/62659\/revisions"}],"wp:featuredmedia":[{"embeddable":true,"href":"https:\/\/denizcankizil.tr\/uk\/wp-json\/wp\/v2\/media\/62660"}],"wp:attachment":[{"href":"https:\/\/denizcankizil.tr\/uk\/wp-json\/wp\/v2\/media?parent=62659"}],"wp:term":[{"taxonomy":"category","embeddable":true,"href":"https:\/\/denizcankizil.tr\/uk\/wp-json\/wp\/v2\/categories?post=62659"},{"taxonomy":"post_tag","embeddable":true,"href":"https:\/\/denizcankizil.tr\/uk\/wp-json\/wp\/v2\/tags?post=62659"}],"curies":[{"name":"wp","href":"https:\/\/api.w.org\/{rel}","templated":true}]}}