{"id":6256,"date":"2024-10-21T23:03:34","date_gmt":"2024-10-21T20:03:34","guid":{"rendered":"https:\/\/denizcankizil.tr\/uncategorized-tr\/konyaalti-ve-muratpasada-is-hukuku-ve-isci-avukatligi\/"},"modified":"2024-10-21T23:14:18","modified_gmt":"2024-10-21T20:14:18","slug":"konyaalti-ve-muratpasada-is-hukuku-ve-isci-avukatligi","status":"publish","type":"post","link":"https:\/\/denizcankizil.tr\/uk\/seo\/konyaalti-ve-muratpasada-is-hukuku-ve-isci-avukatligi\/","title":{"rendered":"Konyaalt\u0131 ve Muratpa\u015fa&#8217;da \u0130\u015f Hukuku ve  \u00dcnl\u00fc \u0130\u015f\u00e7i Avukatl\u0131\u011f\u0131"},"content":{"rendered":"<p> <strong>Konyaalt\u0131 ve Muratpa\u015fa&#8217;da \u0130\u015f Hukuku ve \u0130\u015f\u00e7i Avukatl\u0131\u011f\u0131 \u00dczerine Bir \u0130nceleme<\/strong><\/p>\n<p>\u0412\u0445\u0456\u0434<\/p>\n<ol>\n<li>y\u00fczy\u0131l T\u00fcrkiye&#8217;sinde, i\u015f hukuku ve i\u015f\u00e7i\u200b avukatl\u0131\u011f\u0131 \u200ckavramlar\u0131, i\u015f\u00e7i haklar\u0131n\u0131n korunmas\u0131 ve i\u015fveren-\u00e7al\u0131\u015fan \u200bili\u015fkilerinin d\u00fczenlenmesi\u200c a\u00e7\u0131s\u0131ndan b\u00fcy\u00fck \u2062bir \u00f6nem ta\u015f\u0131maktad\u0131r. \u00d6zellikle Antalya&#8217;n\u0131n Konyaalt\u0131 ve Muratpa\u015fa il\u00e7eleri, turizm ve hizmet sekt\u00f6rlerinin yo\u011fun oldu\u011fu b\u00f6lgeler olarak, i\u015f hukuku uygulamalar\u0131 bak\u0131m\u0131ndan dikkat \u00e7eken bir zemin sunmaktad\u0131r. Bu makalede, s\u00f6z konusu b\u00f6lgelerde i\u015f hukuku ve i\u015f\u00e7i \u200davukatl\u0131\u011f\u0131 alan\u0131ndaki geli\u015fmeler incelenecek, yerel hukuk uygulamalar\u0131n\u0131n dinamikleri ve i\u015f\u00e7i haklar\u0131n\u0131n korunmas\u0131 a\u00e7\u0131s\u0131ndan mevcut durum de\u011ferlendirilecektir.<\/li>\n<\/ol>\n<p>K\u00fcresel ekonomik de\u011fi\u015fimlerin etkisiyle i\u015f g\u00fcc\u00fc piyasas\u0131nda meydana gelen d\u00f6n\u00fc\u015f\u00fcmler, <a href=\"https:\/\/denizcankizil.tr\/uk\/seo\/antalyada-is-hukuku-ve-isci-avukatlarinin-rolu-ve-onemi\/\" title=\"Antalya&#039;da \u0130\u015f Hukuku ve \u0130\u015f\u00e7i Avukatlar\u0131n\u0131n Rol\u00fc ve \u00d6nemi\">i\u015f\u00e7i avukatlar\u0131<\/a>n\u0131n rol\u00fcn\u00fc daha da \u00f6nemli hale getirmi\u015ftir. Bu \u200cba\u011flamda, Konyaalt\u0131\u2062 ve Muratpa\u015fa\u2019da faaliyet g\u00f6steren i\u015f\u00e7i avukatlar\u0131n\u0131n \u00fcstlendikleri g\u00f6revler, hem bireysel davalar hem de toplu i\u015f s\u00f6zle\u015fmeleri gibi konularda, i\u015f\u00e7ilerin haklar\u0131n\u0131n i\u015f mahkemeleri nezdinde savunulmas\u0131 a\u00e7\u0131s\u0131ndan kritik bir i\u015flev g\u00f6rmektedir. \u0130\u015f hukukunun karma\u015f\u0131k yap\u0131s\u0131 ve s\u00fcrekli de\u011fi\u015fen\u2063 mevzuatlar \u0131\u015f\u0131\u011f\u0131nda, i\u015f\u00e7i avukatlar\u0131n\u0131n uzmanl\u0131\u011f\u0131 ve etik\u200d sorumluluklar\u0131 \u00f6nemli bir tart\u0131\u015fma konusunu olu\u015fturmaktad\u0131r.<\/p>\n<p>Bu \u00e7al\u0131\u015fman\u0131n amac\u0131, Konyaalt\u0131 ve Muratpa\u015fa&#8217;da i\u015f hukuku uygulamalar\u0131 ve i\u015f\u00e7i \u2062avukatlar\u0131n\u0131n rol\u00fcn\u00fc detayl\u0131 bir \u015fekilde inceleyerek, b\u00f6lgede ya\u015fanan hukuki sorunlar\u0131n daha iyi \u2064anla\u015f\u0131lmas\u0131na \u200bkatk\u0131 sa\u011flamakt\u0131r. Ayr\u0131ca,\u200b bu ba\u011flamda i\u015f\u00e7iler ve i\u015fverenler aras\u0131ndaki dengelerin nas\u0131l \u015fekillendi\u011fi, i\u015f\u00e7i avukatlar\u0131n\u0131n bu s\u00fcre\u00e7teki etkileri ve i\u015f\u200b hukuku alan\u0131nda y\u00fcr\u00fct\u00fclen g\u00fcncel \u2062uygulamalara dair bir de\u011ferlendirme \u2063sunulacakt\u0131r.<br \/><img decoding=\"async\" class=\"kimage_class lazyload\" data-src=\"https:\/\/denizcankizil.tr\/wp-content\/uploads\/2024\/10\/puo6A-253D.jpg\" alt=\"Konyaalt\u0131 ve Muratpa\u015fada \u0130\u015f Hukukunun Temel \u0130lkeleri ve Uygulamalar\u0131\" src=\"data:image\/svg+xml;base64,PHN2ZyB3aWR0aD0iMSIgaGVpZ2h0PSIxIiB4bWxucz0iaHR0cDovL3d3dy53My5vcmcvMjAwMC9zdmciPjwvc3ZnPg==\"><\/p>\n<h2 id=\"konyaalti-ve-muratpasada-is-hukukunun-temel-ilkeleri-ve-uygulamalari\">Konyaalt\u0131\u200b ve Muratpa\u015fada \u0130\u015f Hukukunun Temel \u0130lkeleri ve \u200bUygulamalar\u0131<\/h2>\n<section>\n<p>Konyaalt\u0131 ve Muratpa\u015fa&#8217;da i\u015f hukuku, i\u015f\u00e7i ve i\u015fveren\u2063 aras\u0131ndaki ili\u015fkilerin\u2062 d\u00fczenlenmesinde \u00f6nemli bir rol oynamaktad\u0131r. \u0130\u015f hukuku, \u00e7al\u0131\u015fma hayat\u0131n\u0131n temel ilkelerini belirlerken, i\u015f\u00e7i haklar\u0131n\u0131n korunmas\u0131 ve\u200d i\u015fveren\u2063 y\u00fck\u00fcml\u00fcl\u00fcklerinin netle\u015ftirilmesi a\u00e7\u0131s\u0131ndan kritik \u00f6neme sahiptir. Bu \u00e7er\u00e7evede, a\u015fa\u011f\u0131daki temel ilkeler i\u015f hukukunun sa\u011flam bir temele oturtulmas\u0131na yard\u0131mc\u0131\u200b olur:<\/p>\n<ul>\n<li><strong>\u0130\u015f G\u00fcvencesi:<\/strong> \u0130\u015f\u00e7ilerin \u200dhaks\u0131z yere i\u015ften \u00e7\u0131kar\u0131lmalar\u0131n\u0131 \u00f6nlemek amac\u0131yla belirli g\u00fcvencelerin sa\u011flanmas\u0131.<\/li>\n<li><strong>E\u015fit \u200bMuamele \u0130lkesi:<\/strong> \u0130\u015fe al\u0131m, terfi ve di\u011fer t\u00fcm\u200b s\u00fcre\u00e7lerde e\u015fitlik sa\u011flanmas\u0131.<\/li>\n<li><strong>\u00c7al\u0131\u015fma\u2064 Ko\u015fullar\u0131n\u0131n \u0130yile\u015ftirilmesi:<\/strong> \u0130\u015f yerlerinde sa\u011fl\u0131k ve g\u00fcvenlik standartlar\u0131n\u0131n geli\u015ftirilmesi\u200b gereklili\u011fi.<\/li>\n<\/ul>\n<p>Bunlar\u0131n yan\u0131 s\u0131ra, Konyaalt\u0131 ve Muratpa\u015fa&#8217;da i\u015f hukukuna \u2062ili\u015fkin uygulamalar, yerel\u200d mahkemelerin \u200bkararlar\u0131 ve hukuki s\u00fcre\u00e7lerle \u015fekillendirilir. \u0130\u015f\u00e7i avukatl\u0131\u011f\u0131, bu s\u00fcre\u00e7lerde i\u015f\u00e7ilerin\u2064 haklar\u0131n\u0131n korunmas\u0131 ve ihlallere kar\u015f\u0131 savunulmas\u0131nda \u00f6nemli bir g\u00f6rev \u00fcstlenir. \u0130\u015f\u00e7i avukatlar\u0131, \u200bm\u00fcvekkillerinin haklar\u0131n\u0131 etkin bir \u015fekilde savunmak i\u00e7in \u2062gerekli bilgi ve tecr\u00fcbeye sahip olmal\u0131\u200b ve i\u015f hukukunun dinamiklerini takip etmelidir.<\/p>\n<table class=\"wp-block-table\">\n<thead>\n<tr>\n<th>\u041e\u0431\u043b\u0430\u0441\u0442\u044c \u0437\u0430\u0441\u0442\u043e\u0441\u0443\u0432\u0430\u043d\u043d\u044f<\/th>\n<th>\u041f\u043e\u044f\u0441\u043d\u0435\u043d\u043d\u044f<\/th>\n<\/tr>\n<\/thead>\n<tbody>\n<tr>\n<td>Davalar<\/td>\n<td>\u0130\u015f\u00e7i haklar\u0131 ihlalleri \u2063i\u00e7in dava a\u00e7ma s\u00fcre\u00e7leri.<\/td>\n<\/tr>\n<tr>\n<td>Dan\u0131\u015fmanl\u0131k<\/td>\n<td>\u0130\u015f\u00e7i ve \u2062i\u015fverenler \u200di\u00e7in\u200c <a href=\"https:\/\/denizcankizil.tr\/uk\/seo\/bosanma-avukati-hangi-dava-turlerine-bakar-antalyadaki-adliye-ve-mahkemeler-listesi-nelerdir-antalyanin-ilceleri-hangileridir\/\" title=\"Bo\u015fanma Avukat\u0131 Hangi Dava T\u00fcrlerine Bakar ? Antalya&#039;daki Adliye ve Mahkemeler Listesi Nelerdir? Antalya&#039;n\u0131n il\u00e7eleri hangileridir?\">hukuki dan\u0131\u015fmanl\u0131k<\/a> hizmetleri.<\/td>\n<\/tr>\n<tr>\n<td>Arabuluculuk<\/td>\n<td>\u0130\u015f uyu\u015fmazl\u0131klar\u0131n\u0131n\u200b \u00e7\u00f6z\u00fcm\u00fcnde \u2064arabuluculuk hizmetleri.<\/td>\n<\/tr>\n<\/tbody>\n<\/table>\n<p>Sonu\u00e7 olarak, Konyaalt\u0131 ve Muratpa\u015fa&#8217;daki i\u015f hukuku uygulamalar\u0131, i\u015f\u00e7ilerin haklar\u0131n\u0131 g\u00fcvence alt\u0131na almakla\u2064 kalmay\u0131p, \u2064ayn\u0131 zamanda i\u015fverenlerin de hukuki y\u00fck\u00fcml\u00fcl\u00fcklerini yerine getirmesi a\u00e7\u0131s\u0131ndan kritik bir i\u015flev g\u00f6rmektedir. \u0130\u015f\u00e7i\u200b avukatlar\u0131n\u0131n aktif rol\u00fc, bu \u2064s\u00fcre\u00e7lerin sa\u011fl\u0131kl\u0131 bir\u200b \u015fekilde ilerlemesine olanak tan\u0131maktad\u0131r.<\/p>\n<\/section>\n<p><img decoding=\"async\" class=\"kimage_class lazyload\" data-src=\"https:\/\/denizcankizil.tr\/wp-content\/uploads\/2024\/10\/fNqXg-253D.jpg\" alt=\"\u0130\u015f\u00e7i Avukatl\u0131\u011f\u0131: Konyaalt\u0131 ve \u2063Muratpa\u015fada \u00c7al\u0131\u015fan Haklar\u0131n\u0131 Koruman\u0131n \u00d6nemi\" src=\"data:image\/svg+xml;base64,PHN2ZyB3aWR0aD0iMSIgaGVpZ2h0PSIxIiB4bWxucz0iaHR0cDovL3d3dy53My5vcmcvMjAwMC9zdmciPjwvc3ZnPg==\"><\/p>\n<h2 id=\"isci-avukatligi-konyaalti-ve-muratpasada-calisan-haklarini-korumanin-onemi\">\u0130\u015f\u00e7i Avukatl\u0131\u011f\u0131: Konyaalt\u0131 ve Muratpa\u015fada \u00c7al\u0131\u015fan Haklar\u0131n\u0131 Koruman\u0131n \u00d6nemi<\/h2>\n<p>\u0130\u015f\u00e7i avukatl\u0131\u011f\u0131, \u00e7al\u0131\u015fanlar\u0131n haklar\u0131n\u0131 koruma konusunda \u00f6nemli bir rol oynamaktad\u0131r. <strong>Konyaalt\u0131<\/strong> ve <strong>Muratpa\u015fa<\/strong> \u200b gibi b\u00f6lgelerde i\u015f g\u00fcvencesi, \u00e7al\u0131\u015fma ko\u015fullar\u0131 ve i\u015f\u00e7i haklar\u0131n\u0131n korunmas\u0131 a\u00e7\u0131s\u0131ndan bilin\u00e7li bir yakla\u015f\u0131m gerekmektedir. \u0130\u015f\u00e7iler, i\u015f yerlerinde kar\u015f\u0131la\u015ft\u0131klar\u0131 haks\u0131zl\u0131klar veya hak\u200b ihlalleri durumunda, deneyimli i\u015f\u00e7i avukatlar\u0131ndan destek alarak haklar\u0131n\u0131 arayabilirler. Bu s\u00fcre\u00e7te, avukatlar\u0131n uzmanl\u0131\u011f\u0131, \u2064i\u015f\u00e7ilerin dava s\u00fcre\u00e7lerinde nas\u0131l bir yol izlemeleri gerekti\u011fi\u2063 konusunda rehberlik sa\u011flar.<\/p>\n<p>\u00c7al\u0131\u015fan haklar\u0131n\u0131 koruman\u0131n \u00f6nemi, yaln\u0131zca bireyler i\u00e7in de\u011fil, ayn\u0131 zamanda t\u00fcm toplum i\u00e7in hayati bir \u00f6neme sahiptir. Haklar\u0131n\u0131 arayan i\u015f\u00e7iler, i\u015f ortamlar\u0131nda daha adil ve e\u015fit bir muamele g\u00f6rme \u015fans\u0131na sahip olurlar. Bunun yan\u0131 s\u0131ra, i\u015f\u00e7i avukatlar\u0131n\u0131n \u2064sundu\u011fu hizmetler kapsam\u0131nda i\u015fverenler ile i\u015f\u00e7iler aras\u0131nda sa\u011fl\u0131kl\u0131 ve \u015feffaf bir ileti\u015fim \u2064ortam\u0131 olu\u015fturulmas\u0131 da m\u00fcmk\u00fcnd\u00fcr. A\u015fa\u011f\u0131daki maddelerde, i\u015f\u00e7i avukatl\u0131\u011f\u0131n\u0131n sa\u011flad\u0131\u011f\u0131 avantajlar\u0131n baz\u0131lar\u0131 \u00f6zetlenmi\u015ftir:<\/p>\n<ul>\n<li><strong>Hak \u2062Arama Bilinci:<\/strong> \u200d \u00c7al\u0131\u015fanlar\u0131n haklar\u0131n\u0131 bilmesi ve bu haklar\u0131 \u2062i\u00e7in m\u00fccadele etmesi te\u015fvik edilir.<\/li>\n<li><strong>Adaletin Sa\u011flanmas\u0131:<\/strong> \u0130\u015f\u00e7i avukatlar\u0131,\u200c adaletin tesis edilmesine yard\u0131m eder, \u00e7al\u0131\u015fanlar\u0131n haks\u0131z \u2064yere i\u015ften \u00e7\u0131kar\u0131lmalar\u0131n\u0131 engeller.<\/li>\n<li><strong>Uzman Dan\u0131\u015fmanl\u0131k:<\/strong> \u0130\u015f yerine y\u00f6nelik t\u00fcm yasal s\u00fcre\u00e7lerde rehberlik sunarlar.<\/li>\n<\/ul>\n<p>Sonu\u00e7 \u2062olarak, Konyaalt\u0131 ve Muratpa\u015fa gibi\u200b b\u00f6lgelerde i\u015f\u00e7i avukatl\u0131\u011f\u0131; haklar\u0131n savunulmas\u0131, toplumda adaletin \u2064sa\u011flanmas\u0131 ve i\u015f yerlerinde \u00e7al\u0131\u015fma bar\u0131\u015f\u0131n\u0131n korunmas\u0131 a\u00e7\u0131s\u0131ndan kritik bir \u00f6neme sahiptir. \u0130\u015f hukuku kapsam\u0131ndaki her t\u00fcrl\u00fc sorunla kar\u015f\u0131la\u015fan i\u015f\u00e7iler, i\u015f\u00e7i avukatlar\u0131 arac\u0131l\u0131\u011f\u0131yla, yasal haklar\u0131n\u0131 etkin bir \u015fekilde\u2064 savunabilir ve huzurlu bir\u2062 \u00e7al\u0131\u015fma hayat\u0131 s\u00fcrd\u00fcrebilirler.<\/p>\n<p><img decoding=\"async\" class=\"kimage_class lazyload\" data-src=\"https:\/\/denizcankizil.tr\/wp-content\/uploads\/2024\/10\/P8RPY-253D.jpg\" alt=\"Yerel Mahkemelerde \u0130\u015f Hukuku Davalar\u0131 ve \u2062Stratejik Yakla\u015f\u0131mlar\" src=\"data:image\/svg+xml;base64,PHN2ZyB3aWR0aD0iMSIgaGVpZ2h0PSIxIiB4bWxucz0iaHR0cDovL3d3dy53My5vcmcvMjAwMC9zdmciPjwvc3ZnPg==\"><\/p>\n<h2 id=\"yerel-mahkemelerde-is-hukuku-davalari-ve-stratejik-yaklasimlar\">Yerel Mahkemelerde \u0130\u015f Hukuku Davalar\u0131 ve\u200c Stratejik Yakla\u015f\u0131mlar<\/h2>\n<section>\n<p>Yerel mahkemelerde i\u015f hukuku davalar\u0131, Konyaalt\u0131 ve Muratpa\u015fa il\u00e7elerinde \u200ci\u015f\u00e7i haklar\u0131n\u0131n korunmas\u0131 a\u00e7\u0131s\u0131ndan b\u00fcy\u00fck bir \u00f6neme \u2064sahiptir. <strong>\u0130\u015f hukukunun karma\u015f\u0131k \u200cyap\u0131s\u0131<\/strong>,\u2064 hem i\u015fverenler hem de \u00e7al\u0131\u015fanlar i\u00e7in \u00e7e\u015fitli hukuki durumlar\u0131 i\u00e7ermektedir. Bu nedenle, i\u015f hukukunda deneyimli avukatlar,\u200d m\u00fcvekkillerinin haklar\u0131n\u0131 \u2063etkili bir \u015fekilde savunabilmek i\u00e7in stratejik bir yakla\u015f\u0131m benimsemelidirler. Yerel mahkemelerde y\u00fcr\u00fct\u00fclen davalarda, \u00f6zellikle kararlar\u0131n yerel\u2064 hukuk uygulamalar\u0131na uygunlu\u011fu \u00f6nem ta\u015f\u0131maktad\u0131r.<\/p>\n<p>\u0130\u015f hukuku davalar\u0131nda ba\u015far\u0131l\u0131 olabilmek\u200d i\u00e7in \u200da\u015fa\u011f\u0131daki stratejilere dikkat edilmelidir:<\/p>\n<ul>\n<li><strong>Hukuki Belge Haz\u0131rl\u0131\u011f\u0131:<\/strong> Dava \u200cdilek\u00e7eleri, savunmalar ve delil belgeleri titizlikle haz\u0131rlanmal\u0131d\u0131r.<\/li>\n<li><strong>M\u00fcvekkil \u0130leti\u015fimi:<\/strong> M\u00fcvekkillerle d\u00fczenli ileti\u015fim, hukuki s\u00fcre\u00e7lerin daha sa\u011fl\u0131kl\u0131\u2063 ilerlemesini \u2062sa\u011flar.<\/li>\n<li><strong>Yerel \u200dMahkeme Uygulamalar\u0131:<\/strong> Konyaalt\u0131 ve Muratpa\u015fa&#8217;daki mahkemelerin ge\u00e7mi\u015f kararlar\u0131 analiz edilerek, stratejik bir yol haritas\u0131 olu\u015fturulmal\u0131d\u0131r.<\/li>\n<\/ul>\n<p>Yerel mahkemelerdeki i\u015f \u200dhukuku davalar\u0131, sosyal ve ekonomik ko\u015fullara\u200d ba\u011fl\u0131 olarak de\u011fi\u015fim g\u00f6stermektedir. <strong>\u0412\u0435\u0440\u0445\u043e\u0432\u0435\u043d\u0441\u0442\u0432\u043e \u0437\u0430\u043a\u043e\u043d\u0443<\/strong> ve <strong>adalet mekanizmalar\u0131<\/strong>, i\u015f\u00e7i haklar\u0131n\u0131 koruma konusunda temel \u200cilkeler olarak\u2062 \u00f6ne \u00e7\u0131kmaktad\u0131r. Avukatlar\u0131n, yerel uygulamalar\u0131 ve yasal d\u00fczenlemeleri g\u00f6z \u00f6n\u00fcnde bulundurarak uygulayacaklar\u0131 stratejik yakla\u015f\u0131mlar, hem dava sonu\u00e7lar\u0131n\u0131 hem de m\u00fcvekkil memnuniyetini olumlu\u200d y\u00f6nde\u200b etkileyecektir.<\/p>\n<\/section>\n<p><img decoding=\"async\" class=\"kimage_class lazyload\" data-src=\"https:\/\/denizcankizil.tr\/wp-content\/uploads\/2024\/10\/Ntgv4-253D.jpg\" alt=\"\u0130\u015fverenler \u0130\u00e7in Riskler ve \u0130\u015f\u00e7i Avukatlar\u0131yla \u0130\u015fbirli\u011finin Avantajlar\u0131\" src=\"data:image\/svg+xml;base64,PHN2ZyB3aWR0aD0iMSIgaGVpZ2h0PSIxIiB4bWxucz0iaHR0cDovL3d3dy53My5vcmcvMjAwMC9zdmciPjwvc3ZnPg==\"><\/p>\n<h2 id=\"isverenler-icin-riskler-ve-isci-avukatlariyla-isbirliginin-avantajlari\">\u0130\u015fverenler \u0130\u00e7in Riskler ve \u0130\u015f\u00e7i \u2063Avukatlar\u0131yla\u200d \u0130\u015fbirli\u011finin Avantajlar\u0131<\/h2>\n<p>\u0130\u015fverenler, \u00e7al\u0131\u015fanlar\u0131 ile olan ili\u015fkilerinde \u200c\u00e7e\u015fitli riskler ile kar\u015f\u0131 kar\u015f\u0131ya kalabilirler. Bu riskler, <a href=\"https:\/\/denizcankizil.tr\/uk\/seo\/konyaalti-ve-muratpasada-is-hukuku-ve-avukat-secimi\/\" title=\"Konyaalt\u0131 ve Muratpa\u015fa&#039;da \u0130\u015f Hukuku ve Avukat Se\u00e7imi\">i\u015f hukuku ile ilgili sorunlar<\/a>, \u00e7al\u0131\u015fanlar\u0131n i\u015ften \u00e7\u0131kar\u0131lmas\u0131, tazminat talepleri ve \u2064i\u015f g\u00fcvenli\u011fi ihlalleri gibi durumlar\u0131 i\u00e7ermektedir. Her\u2063 bir i\u015fverenin, hukuki anla\u015fmazl\u0131klar\u0131n \u00f6n\u00fcne ge\u00e7mek ve\u2064 \u00e7al\u0131\u015fanlar\u0131yla \u200bsa\u011fl\u0131kl\u0131 bir \u2063ili\u015fki s\u00fcrd\u00fcrmek amac\u0131yla bu\u2063 risklerin fark\u0131nda olmas\u0131 gerekmektedir. Bunun yan\u0131 s\u0131ra, s\u00fcrekli de\u011fi\u015fen i\u015f yasalar\u0131\u200b ve d\u00fczenlemeleri, i\u015fverenler i\u00e7in ek bir zorluk te\u015fkil \u2064etmektedir.<\/p>\n<p>Bu\u200d noktada, <strong>i\u015f\u00e7i avukatlar\u0131yla i\u015fbirli\u011fi<\/strong> \u2063yapmak, i\u015fverenler i\u00e7in\u2064 \u00f6nemli avantajlar sunmaktad\u0131r. \u0130\u015f\u00e7i avukatlar\u0131, i\u015f hukuku konusunda uzman birikimleri sayesinde i\u015fverenlere hukuki destek sa\u011flar. \u0130\u015fverenler, hukuki s\u00fcre\u00e7ler\u200c hakk\u0131nda bilgi sahibi olmaks\u0131z\u0131n yanl\u0131\u015f kararlar alabilir ve bu durum uzun vadede maddi kay\u0131plara yol \u2063a\u00e7abilir. \u200c\u0130\u015f\u00e7i avukatlar\u0131yla i\u015fbirli\u011fi, i\u015fverenlerin yasal sorunlar\u0131 daha etkili bir \u015fekilde y\u00f6netmelerine yard\u0131mc\u0131 olurken, potansiyel anla\u015fmazl\u0131klar\u0131 \u00f6nleme f\u0131rsat\u0131 da sunmaktad\u0131r.<\/p>\n<p>\u0130\u015f\u00e7i avukatlar\u0131 ile g\u00fc\u00e7l\u00fc bir i\u015fbirli\u011fi olu\u015fturmak, i\u015fverenlere yaln\u0131zca riskleri azaltmakla kalmaz, ayn\u0131 zamanda \u015funlar\u0131 da sa\u011flar:<\/p>\n<ul>\n<li><strong>\u042e\u0440\u0438\u0434\u0438\u0447\u043d\u0430 \u043a\u043e\u043d\u0441\u0443\u043b\u044c\u0442\u0430\u0446\u0456\u044f:<\/strong> \u0130\u015fverenler, proaktif bir yakla\u015f\u0131m ile i\u015f hukuku konusunda dan\u0131\u015fmanl\u0131k alabilirler.<\/li>\n<li><strong>Vaka Y\u00f6netimi:<\/strong> Avukatlar, olas\u0131 anla\u015fmazl\u0131klar\u0131n \u00e7\u00f6z\u00fcm\u00fcnde deneyim sahibidirler.<\/li>\n<li><strong>Uyum \u2062Sa\u011flama:<\/strong> \u0130\u015f\u00e7i avukatlar\u0131, s\u0131k\u00e7a de\u011fi\u015fen \u200dyasalar hakk\u0131nda g\u00fcncel bilgi \u200dsunarak i\u015fverenlerin uyumunu art\u0131r\u0131r.<\/li>\n<\/ul>\n<p>Sonu\u00e7 olarak,\u2064 Konyaalt\u0131 ve Muratpa\u015fa b\u00f6lgelerinde i\u015f hukuku ve i\u015f\u00e7i avukatl\u0131\u011f\u0131, i\u015f\u00e7i haklar\u0131n\u0131n korunmas\u0131 ve i\u015fveren-i\u015f\u00e7i\u2064 ili\u015fkilerinin sa\u011fl\u0131kl\u0131 bir \u015fekilde y\u00f6netilmesi a\u00e7\u0131s\u0131ndan b\u00fcy\u00fck bir \u00f6nem ta\u015f\u0131maktad\u0131r. Bu alanlarda faaliyet g\u00f6steren avukatlar, hem \u200byasal\u200c s\u00fcre\u00e7lerin takibi hem de hak kay\u0131plar\u0131n\u0131n \u00f6nlenmesi konusunda kritik bir rol oynamaktad\u0131r. \u0130\u015f hukuku, s\u00fcrekli de\u011fi\u015fen sosyal ve ekonomik dinamiklerle beraber evrilmekte olup, bu durum\u200c avukatlar\u0131n g\u00fcncel\u2063 mevzuatlar\u0131 takip etmesini ve m\u00fcvekkillerini en iyi \u015fekilde temsil etmesini zorunlu k\u0131lmaktad\u0131r. <\/p>\n<p>Konyaalt\u0131 ve Muratpa\u015fa&#8217;n\u0131n i\u015f hukuku\u200b alan\u0131ndaki ihtiya\u00e7lar\u0131 g\u00f6z \u00f6n\u00fcne al\u0131nd\u0131\u011f\u0131nda, avukatlar\u0131n mesleki deneyimlerini ve uzmanl\u0131klar\u0131n\u0131 art\u0131rmalar\u0131, i\u015f\u00e7i haklar\u0131n\u0131n daha etkin savunulmas\u0131 i\u00e7in elzemdir. Gelecek d\u00f6nemde, bu y\u00f6ndeki geli\u015fmelerin yak\u0131ndan izlenmesi\u200b ve \u2063i\u015f\u00e7i avukatl\u0131\u011f\u0131n\u0131n toplumsal fark\u0131ndal\u0131\u011f\u0131n\u0131 art\u0131racak etkinliklerin te\u015fvik\u200c edilmesi, i\u015f yasalar\u0131n\u0131n uygulanabilirli\u011fini en \u00fcst d\u00fczeye \u00e7\u0131karmak a\u00e7\u0131s\u0131ndan b\u00fcy\u00fck bir \u00f6neme\u200d sahip olacakt\u0131r. <\/p>\n<p>Sonu\u00e7 olarak,\u2062 i\u015f \u2062hukuku alan\u0131ndaki uygulamalar, sadece \u200chukuki de\u011fil, ayn\u0131 zamanda toplumsal bir gereklilik olarak da de\u011ferlendirilmeli; i\u015f\u00e7i avukatlar\u0131, bu ba\u011flamda <a href=\"https:\/\/denizcankizil.tr\/uk\/seo\/ceza-avukati-hangi-davalara-bakar-antalyadaki-adliyeler-ve-ceza-mahkemeleri-listesi\/\" title=\"Ceza Avukat\u0131 Hangi Davalara Bakar? Antalya&#039;daki adliyeler ve ceza mahkemeleri listesi\">adaletin sa\u011flanmas\u0131<\/a>nda merkezi bir\u200b rol oynamaya devam etmelidir. Bu ba\u011flamda, b\u00f6lgedeki t\u00fcm payda\u015flar\u0131n i\u015f birli\u011fi yaparak i\u015f hukuku dosyalar\u0131n\u0131n daha etkili ve adil\u2063 bir \u015fekilde y\u00fcr\u00fct\u00fclmesine katk\u0131 sa\u011flamas\u0131, gelecekteki ba\u015far\u0131lar\u0131n temelini olu\u015fturacakt\u0131r. <\/p>","protected":false},"excerpt":{"rendered":"<p>Konyaalt\u0131 ve Muratpa\u015fa b\u00f6lgelerinde i\u015f hukuku ve i\u015f\u00e7i avukatl\u0131\u011f\u0131, i\u015f\u00e7ilerin haklar\u0131n\u0131n korunmas\u0131 a\u00e7\u0131s\u0131ndan kritik bir rol oynamaktad\u0131r. Bu kapsamda, i\u015f\u00e7i avukatlar\u0131n\u0131n hukuki dan\u0131\u015fmanl\u0131k ve temsil hizmetleri, i\u015f\u00e7i-i\u015fveren ili\u015fkilerinin sa\u011fl\u0131kl\u0131 bir bi\u00e7imde s\u00fcrd\u00fcr\u00fclmesine katk\u0131 sa\u011flamaktad\u0131r.<\/p>","protected":false},"author":1,"featured_media":6257,"comment_status":"open","ping_status":"open","sticky":false,"template":"","format":"standard","meta":{"_acf_changed":false,"footnotes":""},"categories":[28],"tags":[],"class_list":["post-6256","post","type-post","status-publish","format-standard","has-post-thumbnail","hentry","category-seo"],"acf":[],"yoast_head":"<!-- This site is optimized with the Yoast SEO Premium plugin v26.6 (Yoast SEO v27.1.1) - https:\/\/yoast.com\/product\/yoast-seo-premium-wordpress\/ -->\n<title>Konyaalt\u0131 ve Muratpa\u015fa&#039;da \u0130\u015f Hukuku ve \u00dcnl\u00fc \u0130\u015f\u00e7i Avukatl\u0131\u011f\u0131 - Av. Deniz Can K\u0131z\u0131l<\/title>\n<meta name=\"robots\" content=\"index, follow, max-snippet:-1, max-image-preview:large, max-video-preview:-1\" \/>\n<link rel=\"canonical\" href=\"https:\/\/denizcankizil.tr\/uk\/seo\/konyaalti-ve-muratpasada-is-hukuku-ve-isci-avukatligi\/\" \/>\n<meta property=\"og:locale\" content=\"uk_UA\" \/>\n<meta property=\"og:type\" content=\"article\" \/>\n<meta property=\"og:title\" content=\"Konyaalt\u0131 ve Muratpa\u015fa&#039;da \u0130\u015f Hukuku ve \u00dcnl\u00fc \u0130\u015f\u00e7i Avukatl\u0131\u011f\u0131\" \/>\n<meta property=\"og:description\" content=\"Konyaalt\u0131 ve Muratpa\u015fa b\u00f6lgelerinde i\u015f hukuku ve i\u015f\u00e7i avukatl\u0131\u011f\u0131, i\u015f\u00e7ilerin haklar\u0131n\u0131n korunmas\u0131 a\u00e7\u0131s\u0131ndan kritik bir rol oynamaktad\u0131r. Bu kapsamda, i\u015f\u00e7i avukatlar\u0131n\u0131n hukuki dan\u0131\u015fmanl\u0131k ve temsil hizmetleri, i\u015f\u00e7i-i\u015fveren ili\u015fkilerinin sa\u011fl\u0131kl\u0131 bir bi\u00e7imde s\u00fcrd\u00fcr\u00fclmesine katk\u0131 sa\u011flamaktad\u0131r.\" \/>\n<meta property=\"og:url\" content=\"https:\/\/denizcankizil.tr\/uk\/seo\/konyaalti-ve-muratpasada-is-hukuku-ve-isci-avukatligi\/\" \/>\n<meta property=\"og:site_name\" content=\"Av. Deniz Can K\u0131z\u0131l\" \/>\n<meta property=\"article:published_time\" content=\"2024-10-21T20:03:34+00:00\" \/>\n<meta property=\"article:modified_time\" content=\"2024-10-21T20:14:18+00:00\" \/>\n<meta property=\"og:image\" content=\"https:\/\/denizcankizil.tr\/wp-content\/uploads\/2024\/10\/6256-konyaalti-ve-muratpasada-is-hukuku-ve-isci-avukatligi.jpg\" \/>\n\t<meta property=\"og:image:width\" content=\"800\" \/>\n\t<meta property=\"og:image:height\" content=\"800\" \/>\n\t<meta property=\"og:image:type\" content=\"image\/jpeg\" \/>\n<meta name=\"author\" content=\"admin\" \/>\n<meta name=\"twitter:card\" content=\"summary_large_image\" \/>\n<meta name=\"twitter:label1\" content=\"\u041d\u0430\u043f\u0438\u0441\u0430\u043d\u043e\" \/>\n\t<meta name=\"twitter:data1\" content=\"admin\" \/>\n\t<meta name=\"twitter:label2\" content=\"\u041f\u0440\u0438\u0431\u043b. \u0447\u0430\u0441 \u0447\u0438\u0442\u0430\u043d\u043d\u044f\" \/>\n\t<meta name=\"twitter:data2\" content=\"9 \u0445\u0432\u0438\u043b\u0438\u043d\" \/>\n<script type=\"application\/ld+json\" class=\"yoast-schema-graph\">{\"@context\":\"https:\/\/schema.org\",\"@graph\":[{\"@type\":\"Article\",\"@id\":\"https:\/\/denizcankizil.tr\/en\/seo\/konyaalti-ve-muratpasada-is-hukuku-ve-isci-avukatligi\/#article\",\"isPartOf\":{\"@id\":\"https:\/\/denizcankizil.tr\/en\/seo\/konyaalti-ve-muratpasada-is-hukuku-ve-isci-avukatligi\/\"},\"author\":{\"name\":\"admin\",\"@id\":\"https:\/\/denizcankizil.tr\/#\/schema\/person\/be3c05fe6a12686905512445d8185489\"},\"headline\":\"Konyaalt\u0131 ve Muratpa\u015fa&#8217;da \u0130\u015f Hukuku ve \u00dcnl\u00fc \u0130\u015f\u00e7i Avukatl\u0131\u011f\u0131\",\"datePublished\":\"2024-10-21T20:03:34+00:00\",\"dateModified\":\"2024-10-21T20:14:18+00:00\",\"mainEntityOfPage\":{\"@id\":\"https:\/\/denizcankizil.tr\/en\/seo\/konyaalti-ve-muratpasada-is-hukuku-ve-isci-avukatligi\/\"},\"wordCount\":1760,\"commentCount\":0,\"publisher\":{\"@id\":\"https:\/\/denizcankizil.tr\/#organization\"},\"image\":{\"@id\":\"https:\/\/denizcankizil.tr\/en\/seo\/konyaalti-ve-muratpasada-is-hukuku-ve-isci-avukatligi\/#primaryimage\"},\"thumbnailUrl\":\"https:\/\/denizcankizil.tr\/wp-content\/uploads\/2024\/10\/6256-konyaalti-ve-muratpasada-is-hukuku-ve-isci-avukatligi.jpg\",\"articleSection\":[\"Seo\"],\"inLanguage\":\"uk\",\"potentialAction\":[{\"@type\":\"CommentAction\",\"name\":\"Comment\",\"target\":[\"https:\/\/denizcankizil.tr\/en\/seo\/konyaalti-ve-muratpasada-is-hukuku-ve-isci-avukatligi\/#respond\"]}]},{\"@type\":\"WebPage\",\"@id\":\"https:\/\/denizcankizil.tr\/en\/seo\/konyaalti-ve-muratpasada-is-hukuku-ve-isci-avukatligi\/\",\"url\":\"https:\/\/denizcankizil.tr\/en\/seo\/konyaalti-ve-muratpasada-is-hukuku-ve-isci-avukatligi\/\",\"name\":\"Konyaalt\u0131 ve Muratpa\u015fa'da \u0130\u015f Hukuku ve \u00dcnl\u00fc \u0130\u015f\u00e7i Avukatl\u0131\u011f\u0131 - Av. Deniz Can K\u0131z\u0131l\",\"isPartOf\":{\"@id\":\"https:\/\/denizcankizil.tr\/#website\"},\"primaryImageOfPage\":{\"@id\":\"https:\/\/denizcankizil.tr\/en\/seo\/konyaalti-ve-muratpasada-is-hukuku-ve-isci-avukatligi\/#primaryimage\"},\"image\":{\"@id\":\"https:\/\/denizcankizil.tr\/en\/seo\/konyaalti-ve-muratpasada-is-hukuku-ve-isci-avukatligi\/#primaryimage\"},\"thumbnailUrl\":\"https:\/\/denizcankizil.tr\/wp-content\/uploads\/2024\/10\/6256-konyaalti-ve-muratpasada-is-hukuku-ve-isci-avukatligi.jpg\",\"datePublished\":\"2024-10-21T20:03:34+00:00\",\"dateModified\":\"2024-10-21T20:14:18+00:00\",\"breadcrumb\":{\"@id\":\"https:\/\/denizcankizil.tr\/en\/seo\/konyaalti-ve-muratpasada-is-hukuku-ve-isci-avukatligi\/#breadcrumb\"},\"inLanguage\":\"uk\",\"potentialAction\":[{\"@type\":\"ReadAction\",\"target\":[\"https:\/\/denizcankizil.tr\/en\/seo\/konyaalti-ve-muratpasada-is-hukuku-ve-isci-avukatligi\/\"]}]},{\"@type\":\"ImageObject\",\"inLanguage\":\"uk\",\"@id\":\"https:\/\/denizcankizil.tr\/en\/seo\/konyaalti-ve-muratpasada-is-hukuku-ve-isci-avukatligi\/#primaryimage\",\"url\":\"https:\/\/denizcankizil.tr\/wp-content\/uploads\/2024\/10\/6256-konyaalti-ve-muratpasada-is-hukuku-ve-isci-avukatligi.jpg\",\"contentUrl\":\"https:\/\/denizcankizil.tr\/wp-content\/uploads\/2024\/10\/6256-konyaalti-ve-muratpasada-is-hukuku-ve-isci-avukatligi.jpg\",\"width\":800,\"height\":800,\"caption\":\"Konyaalt\u0131 ve Muratpa\u015fa&#8217;da \u0130\u015f Hukuku ve \u0130\u015f\u00e7i Avukatl\u0131\u011f\u0131\"},{\"@type\":\"BreadcrumbList\",\"@id\":\"https:\/\/denizcankizil.tr\/en\/seo\/konyaalti-ve-muratpasada-is-hukuku-ve-isci-avukatligi\/#breadcrumb\",\"itemListElement\":[{\"@type\":\"ListItem\",\"position\":1,\"name\":\"Home\",\"item\":\"https:\/\/denizcankizil.tr\/uk\/\"},{\"@type\":\"ListItem\",\"position\":2,\"name\":\"Konyaalt\u0131 ve Muratpa\u015fa&#8217;da \u0130\u015f Hukuku ve \u00dcnl\u00fc \u0130\u015f\u00e7i Avukatl\u0131\u011f\u0131\"}]},{\"@type\":\"WebSite\",\"@id\":\"https:\/\/denizcankizil.tr\/#website\",\"url\":\"https:\/\/denizcankizil.tr\/\",\"name\":\"Av. Deniz Can K\u0131z\u0131l\",\"description\":\"Avukat Deniz Can K\u0131z\u0131l Antalya Barosu\",\"publisher\":{\"@id\":\"https:\/\/denizcankizil.tr\/#organization\"},\"potentialAction\":[{\"@type\":\"SearchAction\",\"target\":{\"@type\":\"EntryPoint\",\"urlTemplate\":\"https:\/\/denizcankizil.tr\/?s={search_term_string}\"},\"query-input\":{\"@type\":\"PropertyValueSpecification\",\"valueRequired\":true,\"valueName\":\"search_term_string\"}}],\"inLanguage\":\"uk\"},{\"@type\":\"Organization\",\"@id\":\"https:\/\/denizcankizil.tr\/#organization\",\"name\":\"Av. Deniz Can K\u0131z\u0131l\",\"url\":\"https:\/\/denizcankizil.tr\/\",\"logo\":{\"@type\":\"ImageObject\",\"inLanguage\":\"uk\",\"@id\":\"https:\/\/denizcankizil.tr\/#\/schema\/logo\/image\/\",\"url\":\"https:\/\/denizcankizil.tr\/wp-content\/uploads\/2024\/10\/siyah-logo-svg.svg\",\"contentUrl\":\"https:\/\/denizcankizil.tr\/wp-content\/uploads\/2024\/10\/siyah-logo-svg.svg\",\"width\":1080,\"height\":1080,\"caption\":\"Av. Deniz Can K\u0131z\u0131l\"},\"image\":{\"@id\":\"https:\/\/denizcankizil.tr\/#\/schema\/logo\/image\/\"}},{\"@type\":\"Person\",\"@id\":\"https:\/\/denizcankizil.tr\/#\/schema\/person\/be3c05fe6a12686905512445d8185489\",\"name\":\"admin\",\"image\":{\"@type\":\"ImageObject\",\"inLanguage\":\"uk\",\"@id\":\"https:\/\/denizcankizil.tr\/#\/schema\/person\/image\/\",\"url\":\"https:\/\/secure.gravatar.com\/avatar\/c1fce94c830dc79107e174f890d7210541c4a63e8e5d816341794a2151c9d58c?s=96&d=mm&r=g\",\"contentUrl\":\"https:\/\/secure.gravatar.com\/avatar\/c1fce94c830dc79107e174f890d7210541c4a63e8e5d816341794a2151c9d58c?s=96&d=mm&r=g\",\"caption\":\"admin\"},\"sameAs\":[\"http:\/\/denizcankizil.tr\"],\"url\":\"https:\/\/denizcankizil.tr\/uk\/author\/admin\/\"}]}<\/script>\n<!-- \/ Yoast SEO Premium plugin. -->","yoast_head_json":{"title":"Konyaalt\u0131 ve Muratpa\u015fa'da \u0130\u015f Hukuku ve \u00dcnl\u00fc \u0130\u015f\u00e7i Avukatl\u0131\u011f\u0131 - Av. Deniz Can K\u0131z\u0131l","robots":{"index":"index","follow":"follow","max-snippet":"max-snippet:-1","max-image-preview":"max-image-preview:large","max-video-preview":"max-video-preview:-1"},"canonical":"https:\/\/denizcankizil.tr\/uk\/seo\/konyaalti-ve-muratpasada-is-hukuku-ve-isci-avukatligi\/","og_locale":"uk_UA","og_type":"article","og_title":"Konyaalt\u0131 ve Muratpa\u015fa'da \u0130\u015f Hukuku ve \u00dcnl\u00fc \u0130\u015f\u00e7i Avukatl\u0131\u011f\u0131","og_description":"Konyaalt\u0131 ve Muratpa\u015fa b\u00f6lgelerinde i\u015f hukuku ve i\u015f\u00e7i avukatl\u0131\u011f\u0131, i\u015f\u00e7ilerin haklar\u0131n\u0131n korunmas\u0131 a\u00e7\u0131s\u0131ndan kritik bir rol oynamaktad\u0131r. Bu kapsamda, i\u015f\u00e7i avukatlar\u0131n\u0131n hukuki dan\u0131\u015fmanl\u0131k ve temsil hizmetleri, i\u015f\u00e7i-i\u015fveren ili\u015fkilerinin sa\u011fl\u0131kl\u0131 bir bi\u00e7imde s\u00fcrd\u00fcr\u00fclmesine katk\u0131 sa\u011flamaktad\u0131r.","og_url":"https:\/\/denizcankizil.tr\/uk\/seo\/konyaalti-ve-muratpasada-is-hukuku-ve-isci-avukatligi\/","og_site_name":"Av. Deniz Can K\u0131z\u0131l","article_published_time":"2024-10-21T20:03:34+00:00","article_modified_time":"2024-10-21T20:14:18+00:00","og_image":[{"width":800,"height":800,"url":"https:\/\/denizcankizil.tr\/wp-content\/uploads\/2024\/10\/6256-konyaalti-ve-muratpasada-is-hukuku-ve-isci-avukatligi.jpg","type":"image\/jpeg"}],"author":"admin","twitter_card":"summary_large_image","twitter_misc":{"\u041d\u0430\u043f\u0438\u0441\u0430\u043d\u043e":"admin","\u041f\u0440\u0438\u0431\u043b. \u0447\u0430\u0441 \u0447\u0438\u0442\u0430\u043d\u043d\u044f":"9 \u0445\u0432\u0438\u043b\u0438\u043d"},"schema":{"@context":"https:\/\/schema.org","@graph":[{"@type":"Article","@id":"https:\/\/denizcankizil.tr\/en\/seo\/konyaalti-ve-muratpasada-is-hukuku-ve-isci-avukatligi\/#article","isPartOf":{"@id":"https:\/\/denizcankizil.tr\/en\/seo\/konyaalti-ve-muratpasada-is-hukuku-ve-isci-avukatligi\/"},"author":{"name":"admin","@id":"https:\/\/denizcankizil.tr\/#\/schema\/person\/be3c05fe6a12686905512445d8185489"},"headline":"Konyaalt\u0131 ve Muratpa\u015fa&#8217;da \u0130\u015f Hukuku ve \u00dcnl\u00fc \u0130\u015f\u00e7i Avukatl\u0131\u011f\u0131","datePublished":"2024-10-21T20:03:34+00:00","dateModified":"2024-10-21T20:14:18+00:00","mainEntityOfPage":{"@id":"https:\/\/denizcankizil.tr\/en\/seo\/konyaalti-ve-muratpasada-is-hukuku-ve-isci-avukatligi\/"},"wordCount":1760,"commentCount":0,"publisher":{"@id":"https:\/\/denizcankizil.tr\/#organization"},"image":{"@id":"https:\/\/denizcankizil.tr\/en\/seo\/konyaalti-ve-muratpasada-is-hukuku-ve-isci-avukatligi\/#primaryimage"},"thumbnailUrl":"https:\/\/denizcankizil.tr\/wp-content\/uploads\/2024\/10\/6256-konyaalti-ve-muratpasada-is-hukuku-ve-isci-avukatligi.jpg","articleSection":["Seo"],"inLanguage":"uk","potentialAction":[{"@type":"CommentAction","name":"Comment","target":["https:\/\/denizcankizil.tr\/en\/seo\/konyaalti-ve-muratpasada-is-hukuku-ve-isci-avukatligi\/#respond"]}]},{"@type":"WebPage","@id":"https:\/\/denizcankizil.tr\/en\/seo\/konyaalti-ve-muratpasada-is-hukuku-ve-isci-avukatligi\/","url":"https:\/\/denizcankizil.tr\/en\/seo\/konyaalti-ve-muratpasada-is-hukuku-ve-isci-avukatligi\/","name":"Konyaalt\u0131 ve Muratpa\u015fa'da \u0130\u015f Hukuku ve \u00dcnl\u00fc \u0130\u015f\u00e7i Avukatl\u0131\u011f\u0131 - Av. Deniz Can K\u0131z\u0131l","isPartOf":{"@id":"https:\/\/denizcankizil.tr\/#website"},"primaryImageOfPage":{"@id":"https:\/\/denizcankizil.tr\/en\/seo\/konyaalti-ve-muratpasada-is-hukuku-ve-isci-avukatligi\/#primaryimage"},"image":{"@id":"https:\/\/denizcankizil.tr\/en\/seo\/konyaalti-ve-muratpasada-is-hukuku-ve-isci-avukatligi\/#primaryimage"},"thumbnailUrl":"https:\/\/denizcankizil.tr\/wp-content\/uploads\/2024\/10\/6256-konyaalti-ve-muratpasada-is-hukuku-ve-isci-avukatligi.jpg","datePublished":"2024-10-21T20:03:34+00:00","dateModified":"2024-10-21T20:14:18+00:00","breadcrumb":{"@id":"https:\/\/denizcankizil.tr\/en\/seo\/konyaalti-ve-muratpasada-is-hukuku-ve-isci-avukatligi\/#breadcrumb"},"inLanguage":"uk","potentialAction":[{"@type":"ReadAction","target":["https:\/\/denizcankizil.tr\/en\/seo\/konyaalti-ve-muratpasada-is-hukuku-ve-isci-avukatligi\/"]}]},{"@type":"ImageObject","inLanguage":"uk","@id":"https:\/\/denizcankizil.tr\/en\/seo\/konyaalti-ve-muratpasada-is-hukuku-ve-isci-avukatligi\/#primaryimage","url":"https:\/\/denizcankizil.tr\/wp-content\/uploads\/2024\/10\/6256-konyaalti-ve-muratpasada-is-hukuku-ve-isci-avukatligi.jpg","contentUrl":"https:\/\/denizcankizil.tr\/wp-content\/uploads\/2024\/10\/6256-konyaalti-ve-muratpasada-is-hukuku-ve-isci-avukatligi.jpg","width":800,"height":800,"caption":"Konyaalt\u0131 ve Muratpa\u015fa&#8217;da \u0130\u015f Hukuku ve \u0130\u015f\u00e7i Avukatl\u0131\u011f\u0131"},{"@type":"BreadcrumbList","@id":"https:\/\/denizcankizil.tr\/en\/seo\/konyaalti-ve-muratpasada-is-hukuku-ve-isci-avukatligi\/#breadcrumb","itemListElement":[{"@type":"ListItem","position":1,"name":"Home","item":"https:\/\/denizcankizil.tr\/uk\/"},{"@type":"ListItem","position":2,"name":"Konyaalt\u0131 ve Muratpa\u015fa&#8217;da \u0130\u015f Hukuku ve \u00dcnl\u00fc \u0130\u015f\u00e7i Avukatl\u0131\u011f\u0131"}]},{"@type":"WebSite","@id":"https:\/\/denizcankizil.tr\/#website","url":"https:\/\/denizcankizil.tr\/","name":"Av. Deniz Can K\u0131z\u0131l","description":"Avukat Deniz Can K\u0131z\u0131l Antalya Barosu","publisher":{"@id":"https:\/\/denizcankizil.tr\/#organization"},"potentialAction":[{"@type":"SearchAction","target":{"@type":"EntryPoint","urlTemplate":"https:\/\/denizcankizil.tr\/?s={search_term_string}"},"query-input":{"@type":"PropertyValueSpecification","valueRequired":true,"valueName":"search_term_string"}}],"inLanguage":"uk"},{"@type":"Organization","@id":"https:\/\/denizcankizil.tr\/#organization","name":"Av. Deniz Can K\u0131z\u0131l","url":"https:\/\/denizcankizil.tr\/","logo":{"@type":"ImageObject","inLanguage":"uk","@id":"https:\/\/denizcankizil.tr\/#\/schema\/logo\/image\/","url":"https:\/\/denizcankizil.tr\/wp-content\/uploads\/2024\/10\/siyah-logo-svg.svg","contentUrl":"https:\/\/denizcankizil.tr\/wp-content\/uploads\/2024\/10\/siyah-logo-svg.svg","width":1080,"height":1080,"caption":"Av. Deniz Can K\u0131z\u0131l"},"image":{"@id":"https:\/\/denizcankizil.tr\/#\/schema\/logo\/image\/"}},{"@type":"Person","@id":"https:\/\/denizcankizil.tr\/#\/schema\/person\/be3c05fe6a12686905512445d8185489","name":"\u0430\u0434\u043c\u0456\u043d","image":{"@type":"ImageObject","inLanguage":"uk","@id":"https:\/\/denizcankizil.tr\/#\/schema\/person\/image\/","url":"https:\/\/secure.gravatar.com\/avatar\/c1fce94c830dc79107e174f890d7210541c4a63e8e5d816341794a2151c9d58c?s=96&d=mm&r=g","contentUrl":"https:\/\/secure.gravatar.com\/avatar\/c1fce94c830dc79107e174f890d7210541c4a63e8e5d816341794a2151c9d58c?s=96&d=mm&r=g","caption":"admin"},"sameAs":["http:\/\/denizcankizil.tr"],"url":"https:\/\/denizcankizil.tr\/uk\/author\/admin\/"}]}},"_links":{"self":[{"href":"https:\/\/denizcankizil.tr\/uk\/wp-json\/wp\/v2\/posts\/6256","targetHints":{"allow":["GET"]}}],"collection":[{"href":"https:\/\/denizcankizil.tr\/uk\/wp-json\/wp\/v2\/posts"}],"about":[{"href":"https:\/\/denizcankizil.tr\/uk\/wp-json\/wp\/v2\/types\/post"}],"author":[{"embeddable":true,"href":"https:\/\/denizcankizil.tr\/uk\/wp-json\/wp\/v2\/users\/1"}],"replies":[{"embeddable":true,"href":"https:\/\/denizcankizil.tr\/uk\/wp-json\/wp\/v2\/comments?post=6256"}],"version-history":[{"count":1,"href":"https:\/\/denizcankizil.tr\/uk\/wp-json\/wp\/v2\/posts\/6256\/revisions"}],"predecessor-version":[{"id":6266,"href":"https:\/\/denizcankizil.tr\/uk\/wp-json\/wp\/v2\/posts\/6256\/revisions\/6266"}],"wp:featuredmedia":[{"embeddable":true,"href":"https:\/\/denizcankizil.tr\/uk\/wp-json\/wp\/v2\/media\/6257"}],"wp:attachment":[{"href":"https:\/\/denizcankizil.tr\/uk\/wp-json\/wp\/v2\/media?parent=6256"}],"wp:term":[{"taxonomy":"category","embeddable":true,"href":"https:\/\/denizcankizil.tr\/uk\/wp-json\/wp\/v2\/categories?post=6256"},{"taxonomy":"post_tag","embeddable":true,"href":"https:\/\/denizcankizil.tr\/uk\/wp-json\/wp\/v2\/tags?post=6256"}],"curies":[{"name":"wp","href":"https:\/\/api.w.org\/{rel}","templated":true}]}}