{"id":6226,"date":"2024-10-21T22:20:42","date_gmt":"2024-10-21T19:20:42","guid":{"rendered":"https:\/\/denizcankizil.tr\/uncategorized-tr\/yogun-bakim-kapisinda-bebeklerin-ciglik-seslerini-unutamiyorum\/"},"modified":"2024-10-21T22:20:42","modified_gmt":"2024-10-21T19:20:42","slug":"yogun-bakim-kapisinda-bebeklerin-ciglik-seslerini-unutamiyorum","status":"publish","type":"post","link":"https:\/\/denizcankizil.tr\/uk\/haberler\/gundem\/yogun-bakim-kapisinda-bebeklerin-ciglik-seslerini-unutamiyorum\/","title":{"rendered":"Yo\u011fun bak\u0131m kap\u0131s\u0131nda bebeklerin \u00e7\u0131\u011fl\u0131k seslerini unutam\u0131yorum"},"content":{"rendered":"<p>\u0130stanbul&#8217;da ya\u015fayan Neslihan \u00dcnl\u00fc P. ve Serdar P. \u00e7ifti, 2020 y\u0131l\u0131nda do\u011fum i\u00e7in \u00d6zel Reyap \u0130stanbul Hastanesi&#8217;ne ba\u015fvurdu. 22 Haziran 2020 tarihinde sezaryenle bir erkek bebek d\u00fcnyaya getiren Neslihan \u00dcnl\u00fc P., \u00e7ocu\u011funa P.E.P. ad\u0131n\u0131 koydu. Do\u011fumun ard\u0131ndan bebek, solunumu h\u0131zl\u0131 oldu\u011fu gerek\u00e7esiyle yo\u011fun bak\u0131ma al\u0131nd\u0131 ve 2 g\u00fcn sonra taburcu edilece\u011fi s\u00f6ylendi. Belirtilen g\u00fcnde aileye bebeklerinin solunumunun d\u00fczelmedi\u011fi s\u00f6ylenirken, biraz daha yo\u011fun bak\u0131mda kalmaya devam edilece\u011fi bildirildi.<\/p>\n<p>BA\u015eKA HASTANEYE G\u0130TT\u0130LER<\/p>\n<p>1 haftal\u0131k s\u00fcrecin ard\u0131ndan kan tahlillerinde enfeksiyon d\u00fczeyi y\u00fcksek \u00e7\u0131kan bebek, 1 hafta daha yo\u011fun bak\u0131mda kald\u0131. Bu s\u00fcre ge\u00e7tikten sonra hastanede yap\u0131lan ultrason \u00e7ekimlerinde aileye, bebe\u011fin karaci\u011ferinde p\u0131ht\u0131 oldu\u011fu, bunun i\u00e7in \u00e7ocuk gastroenterolojisine gidilmesi gerekti\u011fi s\u00f6ylendi. Bebeklerini hastaneden alan Neslihan \u00dcnl\u00fc P. ve Serdar P. \u00e7ifti, iki farkl\u0131 \u00f6zel hastanede gastroenteroloji b\u00f6l\u00fcm\u00fcne gittiklerinde ald\u0131klar\u0131 cevapla \u015fok oldu.<\/p>\n<p>Neslihan \u00dcnl\u00fc P. ve Serdar P.&#8217;ye i\u015flemler i\u00e7in ge\u00e7 kal\u0131nd\u0131\u011f\u0131, bebe\u011fin t\u00fcm damarlar\u0131nda t\u0131kanmalar ya\u015fand\u0131\u011f\u0131, bu durumun genetiksel olmad\u0131\u011f\u0131 s\u00f6ylendi. Tekrar Reyap Hastanesi&#8217;ne ba\u015fvuran \u00e7iftten hastane yetkilileri \u00f6z\u00fcr diledi. Ya\u015fananlardan dolay\u0131 hastaneyi \u015fikayet edece\u011fini belirten aileye, hastane y\u00f6netimi taraf\u0131ndan iddiaya g\u00f6re, &#8216;Bu t\u00fcr komplikasyonlar\u0131 kabul etti\u011finize dair imza att\u0131n\u0131z, \u015fikayet\u00e7i olabilirsiniz&#8217; denildi. Aile, bebeklerini de alarak internet ve \u00e7e\u015fitli mecralar \u00fczerinden hastane hakk\u0131nda \u015fikayet yaz\u0131lar\u0131 yazd\u0131.<\/p>\n<p>HASTANEDE ENFEKS\u0130YON KAPTI<\/p>\n<p>\u015eu an Antalya&#8217;da e\u015fi ve o\u011fluyla ya\u015fad\u0131klar\u0131n\u0131 s\u00f6yleyen Neslihan \u00dcnl\u00fc P.,&#8221;\u0130stanbul Reyap Hastanesi d\u0131\u015far\u0131dan bak\u0131ld\u0131\u011f\u0131nda \u00e7ok iyi bir hastane. \u0130\u00e7erisi tertemiz. Doktorlar\u0131n yorumlar\u0131 \u00e7ok iyi. Buna istinaden o hastaneyi se\u00e7ip do\u011fumu ger\u00e7ekle\u015ftirdim. Kad\u0131n do\u011fum doktorum, do\u011fum tamamland\u0131\u011f\u0131nda \u00e7ok sa\u011fl\u0131kl\u0131 bir \u00e7ocuk oldu\u011funu s\u00f6yledi. 4-5 saniye koynuma koydular. Sonra g\u00f6t\u00fcrd\u00fcler \u00e7ocu\u011fumu. Giyinme odas\u0131na \u00e7\u0131kt\u0131klar\u0131nda e\u015fimi \u00e7a\u011f\u0131rm\u0131\u015flar\u201d dedi.<\/p>\n<p>\u00dcnl\u00fc P., \u201cBir kad\u0131n hem\u015fire, nefesini dinlemi\u015f. &#8216;Nefesinde problem var, birka\u00e7 g\u00fcn yo\u011fun bak\u0131ma alal\u0131m tedbir ama\u00e7l\u0131&#8217; demi\u015f. E\u015fim de kabul etmi\u015f. Daha sonra beni odaya \u00e7\u0131kartt\u0131klar\u0131nda da iki hem\u015fire geldi. &#8216;\u00c7ok ciddi bir \u015fey yok. \u0130ki g\u00fcn yo\u011fun bak\u0131mda misafir edece\u011fiz&#8217; dedi. Benim taburcu vaktim geldi\u011finde \u00e7ocu\u011fumu sorduk. 2 g\u00fcn daha durmas\u0131 gerekti\u011fi s\u00f6ylendi. Biz elimiz bo\u015f eve gittik. Pandemi d\u00f6nemiydi, g\u00f6stermiyorlard\u0131. Kad\u0131n do\u011fum doktorumuzdan rica ettik. Her g\u00fcn en az\u0131ndan bir foto\u011fraf istedik\u201d dedi.<\/p>\n<p>YED\u0130NC\u0130 G\u00dcN ARADIK<\/p>\n<p>\u00dcnl\u00fc P, konu\u015fmas\u0131na \u015f\u00f6yle devam etti: \u201cBu d\u00f6rt g\u00fcn i\u00e7erisinde bir tane foto\u011fraf geldi. &#8216;Neden di\u011fer g\u00fcnlerde g\u00f6ndermiyorsunuz&#8217; dedi\u011fimde &#8216;Yasakm\u0131\u015f&#8217; dediler. Yedinci g\u00fcnde arand\u0131k bir hem\u015fire taraf\u0131ndan. &#8216;Taburcu olacak, bir kan tahlili yapaca\u011f\u0131z ve evinize gidebilirsiniz&#8217; denildi. Kan tahlili yap\u0131ld\u0131\u011f\u0131nda bu kez y\u00fcksek enfeksiyon \u00e7\u0131kt\u0131. &#8216;Bu \u015fekilde g\u00f6nderemeyiz. Hayati tehlikesi olu\u015fabilir. Birka\u00e7 g\u00fcn daha kalacak. En az\u0131ndan enfeksiyon inene kadar&#8217; dediler. &#8216;Enfeksiyon neden kaynakland\u0131&#8217; dedi\u011fimizde hastaneden kaynakland\u0131\u011f\u0131n\u0131 s\u00f6ylediler, itiraf ettiler. G\u00f6rmek istiyoruz, g\u00f6stermiyorlar. Hem\u015fireler maskesiz, eldivensiz, ellerinde \u00e7aylar, kahveler girip \u00e7\u0131k\u0131yor.&#8221;<\/p>\n<p>&#8216;FIRAT SARI HATASINI KABUL ETT\u0130&#8217;<\/p>\n<p>Yo\u011fun bak\u0131m kap\u0131lar\u0131 a\u00e7\u0131ld\u0131\u011f\u0131 esnada i\u00e7eriden \u00e7ocuklar\u0131n \u00e7\u0131\u011fl\u0131k seslerinin geldi\u011fini kaydeden Neslihan \u00dcnl\u00fc P., s\u00f6zlerine \u015f\u00f6yle devam etti: &#8220;O \u00e7ocuklar\u0131n a\u011flama sesleri hi\u00e7 durmuyor. Kap\u0131 a\u00e7\u0131ld\u0131\u011f\u0131nda say\u0131s\u0131n\u0131 bilemedi\u011fimiz kadar \u00e7ok bebek var orada. Kap\u0131lar a\u00e7\u0131ld\u0131\u011f\u0131 zaman \u00e7\u0131\u011fl\u0131k \u00e7\u0131\u011fl\u0131\u011fa. \u00c7ok \u015fiddetli a\u011flama sesleri. Ama muhtemelen o sesleri bast\u0131rmak i\u00e7in daha y\u00fcksek sesle m\u00fczik \u00e7al\u0131n\u0131yor. Hem\u015fireler kendi aralar\u0131nda g\u00fcl\u00fcyor, e\u011fleniyor, sohbet ediyorlar. Taburcu g\u00fcn\u00fcm\u00fcz geldi, muhtemelen 15-16&#8217;nc\u0131 g\u00fcnd\u00fc. &#8216;Son bir kontrol yapal\u0131m&#8217; dediler.<\/p>\n<p>\u2018GENET\u0130K OLAB\u0130L\u0130R\u2019 DED\u0130LER<\/p>\n<p>&#8216;Ultrason, tomografi \u00e7ekelim, i\u00e7 organlar\u0131na bakal\u0131m&#8217; dediler. Bu sefer de karaci\u011ferinde p\u0131ht\u0131. &#8216;Neden kaynakland\u0131&#8217; dedik? &#8216;Genetik olabilir ya da g\u00f6be\u011fe takt\u0131\u011f\u0131m\u0131z kateter kaynakl\u0131 olabilir&#8217; denildi. &#8216;1 hafta sonra gelin kendinden a\u00e7\u0131labilir&#8217; denildi. 1 hafta sonra gittik, daha k\u00f6t\u00fcye gitmi\u015f. Bir damar t\u0131kal\u0131ysa b\u00fct\u00fcn damarlar, t\u0131kan\u0131r hale gelmi\u015f karaci\u011feri besleyen. Doktor F\u0131rat Sar\u0131 &#8216;Ben bir arkada\u015f\u0131m\u0131 arayaca\u011f\u0131m&#8217; dedi.<\/p>\n<p>\u00c7OCUK DOKTURUNA \u00c7IKTIM<\/p>\n<p>Arad\u0131, &#8216;Ben ila\u00e7 vereyim mi bebe\u011fe&#8217; dedi. &#8216;Hay\u0131r&#8217; demi\u015f olmal\u0131 ki, &#8216;Tamam eve g\u00f6nderiyorum&#8217; dedi. Bizi eve g\u00f6nderdi. &#8216;1 ay sonra gelin&#8217; dedi. Biz art\u0131k sinirlenmeye ba\u015flad\u0131k. Tam detayl\u0131 bir a\u00e7\u0131klama yok. Hemen o binada \u00e7ocuk doktoruna \u00e7\u0131kt\u0131m. &#8216;Acilen m\u00fcdahale edilmesi laz\u0131m&#8217; diyerek ba\u015fka bir hastaneye y\u00f6nlendirdi. Gittik ve orada bize &#8216;\u00c7ok ge\u00e7 kal\u0131nm\u0131\u015f, b\u00fct\u00fcn damarlar t\u0131kanm\u0131\u015f. Kronik hipertansiyon ad\u0131 verilen bir hastal\u0131k olu\u015fmu\u015f&#8217; dediler. O iki hastane emin olmak i\u00e7in genetik test istedi.<\/p>\n<p>\u2018GE\u00c7 KALINMI\u015e\u2019 DED\u0130LER<\/p>\n<p>&#8216;Yani belki dedi anne karn\u0131nda olu\u015fmu\u015f olabilir&#8217; dedi. Genetik testler yap\u0131ld\u0131. Hi\u00e7bir \u015fey \u00e7\u0131kmad\u0131. Konsey topland\u0131 ve kateter kaynakl\u0131 oldu\u011fu belirlendi. Tekrar, hastaneye gittik. F\u0131rat Sar\u0131&#8217;y\u0131 \u00e7a\u011f\u0131rd\u0131k. Durumu anlatt\u0131k, &#8216;Ge\u00e7 kal\u0131nm\u0131\u015f&#8217; dedik, \u00f6z\u00fcr diledi. &#8216;Kusura bakmay\u0131n. Ben bebe\u011finizin g\u00f6be\u011fine kateteri takarken karaci\u011ferine de\u011fdirmi\u015fim. P\u0131ht\u0131 att\u0131rm\u0131\u015f\u0131m. Bununla ya\u015famaya al\u0131\u015facaks\u0131n\u0131z. Hen\u00fcz bir tedavisi yok&#8217; dedi.&#8221;<\/p>\n<p>\u00c7ocu\u011funun dala\u011f\u0131n\u0131n b\u00fcy\u00fck, karaci\u011feri besleyen damarlar\u0131n t\u0131kal\u0131 oldu\u011funa vurgu yapan Neslihan \u00dcnl\u00fc P., &#8220;Varis borusunda tehlikeli dedi\u011fimiz varis damarlar\u0131 olu\u015fabilir. O damarlarda patlamayla kanama meydana gelebilir. Mide, ba\u011f\u0131rsak gibi di\u011fer organlara da s\u0131\u00e7rayabilir. Yani \u00e7ok uzun bir s\u00fcre\u00e7. Hen\u00fcz kesinle\u015fmi\u015f bir tedavimiz yok. \u0130yi olmas\u0131 i\u00e7in elimizden geleni yap\u0131yoruz. Rutin kontrollerimiz hala devam ediyor&#8221; diye konu\u015ftu.<\/p>\n<p>\u200b\u0130STANBUL \u00d6zel Reyap Hastanesi&#8217;nde 2020 y\u0131l\u0131nda sezaryen ile do\u011fum yapan ve bebeklerinde yakla\u015f\u0131k 1 ay yo\u011fun bak\u0131mda kald\u0131ktan sonra kronik hastal\u0131k olu\u015ftu\u011funu anlatan Neslihan \u00dcnl\u00fc P. (37), &#8220;Yo\u011fun bak\u0131m\u0131n kap\u0131lar\u0131 a\u00e7\u0131ld\u0131\u011f\u0131nda bebeklerin \u00e7\u0131\u011fl\u0131klar\u0131n\u0131 duyuyorduk ve o \u00e7\u0131\u011fl\u0131klar\u0131 hi\u00e7 unutmuyorum&#8221; dedi.\u00a0<\/p>\n<p>\u200bHaberin Al\u0131nt\u0131land\u0131\u011f\u0131 Kaynak: www.antalyakorfez.com<\/p>","protected":false},"excerpt":{"rendered":"<p>\u0130stanbul&#8217;da ya\u015fayan Neslihan \u00dcnl\u00fc P. ve Serdar P. \u00e7ifti, 2020 y\u0131l\u0131nda do\u011fum i\u00e7in \u00d6zel Reyap \u0130stanbul Hastanesi&#8217;ne ba\u015fvurdu. 22 Haziran 2020 tarihinde sezaryenle bir erkek bebek d\u00fcnyaya getiren Neslihan \u00dcnl\u00fc P., \u00e7ocu\u011funa P.E.P. ad\u0131n\u0131 koydu. Do\u011fumun ard\u0131ndan bebek, solunumu h\u0131zl\u0131 oldu\u011fu gerek\u00e7esiyle yo\u011fun bak\u0131ma al\u0131nd\u0131 ve 2 g\u00fcn sonra taburcu edilece\u011fi s\u00f6ylendi. Belirtilen g\u00fcnde aileye bebeklerinin solunumunun d\u00fczelmedi\u011fi s\u00f6ylenirken, biraz daha yo\u011fun bak\u0131mda kalmaya devam edilece\u011fi bildirildi. BA\u015eKA HASTANEYE G\u0130TT\u0130LER 1 haftal\u0131k s\u00fcrecin ard\u0131ndan kan tahlillerinde enfeksiyon d\u00fczeyi y\u00fcksek \u00e7\u0131kan bebek, 1 hafta daha yo\u011fun bak\u0131mda kald\u0131. Bu s\u00fcre ge\u00e7tikten sonra hastanede yap\u0131lan ultrason \u00e7ekimlerinde aileye, bebe\u011fin karaci\u011ferinde p\u0131ht\u0131 oldu\u011fu, bunun i\u00e7in \u00e7ocuk gastroenterolojisine gidilmesi gerekti\u011fi s\u00f6ylendi. Bebeklerini hastaneden alan Neslihan \u00dcnl\u00fc P. ve Serdar P. \u00e7ifti, iki farkl\u0131 \u00f6zel hastanede gastroenteroloji b\u00f6l\u00fcm\u00fcne gittiklerinde ald\u0131klar\u0131 cevapla \u015fok oldu. Neslihan \u00dcnl\u00fc P. ve Serdar P.&#8217;ye i\u015flemler i\u00e7in ge\u00e7 kal\u0131nd\u0131\u011f\u0131, bebe\u011fin t\u00fcm damarlar\u0131nda t\u0131kanmalar ya\u015fand\u0131\u011f\u0131, bu durumun genetiksel olmad\u0131\u011f\u0131 s\u00f6ylendi. Tekrar Reyap Hastanesi&#8217;ne ba\u015fvuran \u00e7iftten hastane yetkilileri \u00f6z\u00fcr diledi. Ya\u015fananlardan dolay\u0131 hastaneyi \u015fikayet edece\u011fini belirten aileye, hastane y\u00f6netimi taraf\u0131ndan iddiaya g\u00f6re, &#8216;Bu t\u00fcr komplikasyonlar\u0131 kabul etti\u011finize dair imza att\u0131n\u0131z, \u015fikayet\u00e7i olabilirsiniz&#8217; denildi. Aile, bebeklerini de alarak internet ve \u00e7e\u015fitli mecralar \u00fczerinden hastane hakk\u0131nda \u015fikayet yaz\u0131lar\u0131 yazd\u0131. HASTANEDE ENFEKS\u0130YON KAPTI \u015eu an Antalya&#8217;da &hellip;<\/p>","protected":false},"author":5,"featured_media":0,"comment_status":"open","ping_status":"open","sticky":false,"template":"","format":"standard","meta":{"_acf_changed":false,"footnotes":""},"categories":[24,535],"tags":[],"class_list":["post-6226","post","type-post","status-publish","format-standard","has-post-thumbnail","hentry","category-gundem","category-uncategorized-tr"],"acf":[],"yoast_head":"<!-- This site is optimized with the Yoast SEO Premium plugin v26.6 (Yoast SEO v27.1.1) - https:\/\/yoast.com\/product\/yoast-seo-premium-wordpress\/ -->\n<title>Yo\u011fun bak\u0131m kap\u0131s\u0131nda bebeklerin \u00e7\u0131\u011fl\u0131k seslerini unutam\u0131yorum - Av. Deniz Can K\u0131z\u0131l<\/title>\n<meta name=\"robots\" content=\"index, follow, max-snippet:-1, max-image-preview:large, max-video-preview:-1\" \/>\n<link rel=\"canonical\" href=\"https:\/\/denizcankizil.tr\/uk\/haberler\/gundem\/yogun-bakim-kapisinda-bebeklerin-ciglik-seslerini-unutamiyorum\/\" \/>\n<meta property=\"og:locale\" content=\"uk_UA\" \/>\n<meta property=\"og:type\" content=\"article\" \/>\n<meta property=\"og:title\" content=\"Yo\u011fun bak\u0131m kap\u0131s\u0131nda bebeklerin \u00e7\u0131\u011fl\u0131k seslerini unutam\u0131yorum\" \/>\n<meta property=\"og:description\" content=\"\u0130stanbul&#8217;da ya\u015fayan Neslihan \u00dcnl\u00fc P. ve Serdar P. \u00e7ifti, 2020 y\u0131l\u0131nda do\u011fum i\u00e7in \u00d6zel Reyap \u0130stanbul Hastanesi&#8217;ne ba\u015fvurdu. 22 Haziran 2020 tarihinde sezaryenle bir erkek bebek d\u00fcnyaya getiren Neslihan \u00dcnl\u00fc P., \u00e7ocu\u011funa P.E.P. ad\u0131n\u0131 koydu. Do\u011fumun ard\u0131ndan bebek, solunumu h\u0131zl\u0131 oldu\u011fu gerek\u00e7esiyle yo\u011fun bak\u0131ma al\u0131nd\u0131 ve 2 g\u00fcn sonra taburcu edilece\u011fi s\u00f6ylendi. Belirtilen g\u00fcnde aileye bebeklerinin solunumunun d\u00fczelmedi\u011fi s\u00f6ylenirken, biraz daha yo\u011fun bak\u0131mda kalmaya devam edilece\u011fi bildirildi. BA\u015eKA HASTANEYE G\u0130TT\u0130LER 1 haftal\u0131k s\u00fcrecin ard\u0131ndan kan tahlillerinde enfeksiyon d\u00fczeyi y\u00fcksek \u00e7\u0131kan bebek, 1 hafta daha yo\u011fun bak\u0131mda kald\u0131. Bu s\u00fcre ge\u00e7tikten sonra hastanede yap\u0131lan ultrason \u00e7ekimlerinde aileye, bebe\u011fin karaci\u011ferinde p\u0131ht\u0131 oldu\u011fu, bunun i\u00e7in \u00e7ocuk gastroenterolojisine gidilmesi gerekti\u011fi s\u00f6ylendi. Bebeklerini hastaneden alan Neslihan \u00dcnl\u00fc P. ve Serdar P. \u00e7ifti, iki farkl\u0131 \u00f6zel hastanede gastroenteroloji b\u00f6l\u00fcm\u00fcne gittiklerinde ald\u0131klar\u0131 cevapla \u015fok oldu. Neslihan \u00dcnl\u00fc P. ve Serdar P.&#8217;ye i\u015flemler i\u00e7in ge\u00e7 kal\u0131nd\u0131\u011f\u0131, bebe\u011fin t\u00fcm damarlar\u0131nda t\u0131kanmalar ya\u015fand\u0131\u011f\u0131, bu durumun genetiksel olmad\u0131\u011f\u0131 s\u00f6ylendi. Tekrar Reyap Hastanesi&#8217;ne ba\u015fvuran \u00e7iftten hastane yetkilileri \u00f6z\u00fcr diledi. Ya\u015fananlardan dolay\u0131 hastaneyi \u015fikayet edece\u011fini belirten aileye, hastane y\u00f6netimi taraf\u0131ndan iddiaya g\u00f6re, &#8216;Bu t\u00fcr komplikasyonlar\u0131 kabul etti\u011finize dair imza att\u0131n\u0131z, \u015fikayet\u00e7i olabilirsiniz&#8217; denildi. Aile, bebeklerini de alarak internet ve \u00e7e\u015fitli mecralar \u00fczerinden hastane hakk\u0131nda \u015fikayet yaz\u0131lar\u0131 yazd\u0131. HASTANEDE ENFEKS\u0130YON KAPTI \u015eu an Antalya&#8217;da &hellip;\" \/>\n<meta property=\"og:url\" content=\"https:\/\/denizcankizil.tr\/uk\/haberler\/gundem\/yogun-bakim-kapisinda-bebeklerin-ciglik-seslerini-unutamiyorum\/\" \/>\n<meta property=\"og:site_name\" content=\"Av. Deniz Can K\u0131z\u0131l\" \/>\n<meta property=\"article:published_time\" content=\"2024-10-21T19:20:42+00:00\" \/>\n<meta name=\"author\" content=\"Antalya K\u00f6rfez\" \/>\n<meta name=\"twitter:card\" content=\"summary_large_image\" \/>\n<meta name=\"twitter:label1\" content=\"\u041d\u0430\u043f\u0438\u0441\u0430\u043d\u043e\" \/>\n\t<meta name=\"twitter:data1\" content=\"Antalya K\u00f6rfez\" \/>\n\t<meta name=\"twitter:label2\" content=\"\u041f\u0440\u0438\u0431\u043b. \u0447\u0430\u0441 \u0447\u0438\u0442\u0430\u043d\u043d\u044f\" \/>\n\t<meta name=\"twitter:data2\" content=\"6 \u0445\u0432\u0438\u043b\u0438\u043d\" \/>\n<script type=\"application\/ld+json\" class=\"yoast-schema-graph\">{\"@context\":\"https:\/\/schema.org\",\"@graph\":[{\"@type\":\"Article\",\"@id\":\"https:\/\/denizcankizil.tr\/uk\/haberler\/gundem\/yogun-bakim-kapisinda-bebeklerin-ciglik-seslerini-unutamiyorum\/#article\",\"isPartOf\":{\"@id\":\"https:\/\/denizcankizil.tr\/uk\/haberler\/gundem\/yogun-bakim-kapisinda-bebeklerin-ciglik-seslerini-unutamiyorum\/\"},\"author\":{\"name\":\"Antalya K\u00f6rfez\",\"@id\":\"https:\/\/denizcankizil.tr\/#\/schema\/person\/e1eb71bb4dd684d46563f0af307e1234\"},\"headline\":\"Yo\u011fun bak\u0131m kap\u0131s\u0131nda bebeklerin \u00e7\u0131\u011fl\u0131k seslerini unutam\u0131yorum\",\"datePublished\":\"2024-10-21T19:20:42+00:00\",\"mainEntityOfPage\":{\"@id\":\"https:\/\/denizcankizil.tr\/uk\/haberler\/gundem\/yogun-bakim-kapisinda-bebeklerin-ciglik-seslerini-unutamiyorum\/\"},\"wordCount\":1112,\"commentCount\":0,\"publisher\":{\"@id\":\"https:\/\/denizcankizil.tr\/#organization\"},\"articleSection\":[\"G\u00fcndem\",\"Uncategorized\"],\"inLanguage\":\"uk\",\"potentialAction\":[{\"@type\":\"CommentAction\",\"name\":\"Comment\",\"target\":[\"https:\/\/denizcankizil.tr\/uk\/haberler\/gundem\/yogun-bakim-kapisinda-bebeklerin-ciglik-seslerini-unutamiyorum\/#respond\"]}]},{\"@type\":\"WebPage\",\"@id\":\"https:\/\/denizcankizil.tr\/uk\/haberler\/gundem\/yogun-bakim-kapisinda-bebeklerin-ciglik-seslerini-unutamiyorum\/\",\"url\":\"https:\/\/denizcankizil.tr\/uk\/haberler\/gundem\/yogun-bakim-kapisinda-bebeklerin-ciglik-seslerini-unutamiyorum\/\",\"name\":\"Yo\u011fun bak\u0131m kap\u0131s\u0131nda bebeklerin \u00e7\u0131\u011fl\u0131k seslerini unutam\u0131yorum - Av. Deniz Can K\u0131z\u0131l\",\"isPartOf\":{\"@id\":\"https:\/\/denizcankizil.tr\/#website\"},\"datePublished\":\"2024-10-21T19:20:42+00:00\",\"breadcrumb\":{\"@id\":\"https:\/\/denizcankizil.tr\/uk\/haberler\/gundem\/yogun-bakim-kapisinda-bebeklerin-ciglik-seslerini-unutamiyorum\/#breadcrumb\"},\"inLanguage\":\"uk\",\"potentialAction\":[{\"@type\":\"ReadAction\",\"target\":[\"https:\/\/denizcankizil.tr\/uk\/haberler\/gundem\/yogun-bakim-kapisinda-bebeklerin-ciglik-seslerini-unutamiyorum\/\"]}]},{\"@type\":\"BreadcrumbList\",\"@id\":\"https:\/\/denizcankizil.tr\/uk\/haberler\/gundem\/yogun-bakim-kapisinda-bebeklerin-ciglik-seslerini-unutamiyorum\/#breadcrumb\",\"itemListElement\":[{\"@type\":\"ListItem\",\"position\":1,\"name\":\"Home\",\"item\":\"https:\/\/denizcankizil.tr\/de\/\"},{\"@type\":\"ListItem\",\"position\":2,\"name\":\"Yo\u011fun bak\u0131m kap\u0131s\u0131nda bebeklerin \u00e7\u0131\u011fl\u0131k seslerini unutam\u0131yorum\"}]},{\"@type\":\"WebSite\",\"@id\":\"https:\/\/denizcankizil.tr\/#website\",\"url\":\"https:\/\/denizcankizil.tr\/\",\"name\":\"Av. Deniz Can K\u0131z\u0131l\",\"description\":\"Avukat Deniz Can K\u0131z\u0131l Antalya Barosu\",\"publisher\":{\"@id\":\"https:\/\/denizcankizil.tr\/#organization\"},\"potentialAction\":[{\"@type\":\"SearchAction\",\"target\":{\"@type\":\"EntryPoint\",\"urlTemplate\":\"https:\/\/denizcankizil.tr\/?s={search_term_string}\"},\"query-input\":{\"@type\":\"PropertyValueSpecification\",\"valueRequired\":true,\"valueName\":\"search_term_string\"}}],\"inLanguage\":\"uk\"},{\"@type\":\"Organization\",\"@id\":\"https:\/\/denizcankizil.tr\/#organization\",\"name\":\"Av. Deniz Can K\u0131z\u0131l\",\"url\":\"https:\/\/denizcankizil.tr\/\",\"logo\":{\"@type\":\"ImageObject\",\"inLanguage\":\"uk\",\"@id\":\"https:\/\/denizcankizil.tr\/#\/schema\/logo\/image\/\",\"url\":\"https:\/\/denizcankizil.tr\/wp-content\/uploads\/2024\/10\/siyah-logo-svg.svg\",\"contentUrl\":\"https:\/\/denizcankizil.tr\/wp-content\/uploads\/2024\/10\/siyah-logo-svg.svg\",\"width\":1080,\"height\":1080,\"caption\":\"Av. Deniz Can K\u0131z\u0131l\"},\"image\":{\"@id\":\"https:\/\/denizcankizil.tr\/#\/schema\/logo\/image\/\"}},{\"@type\":\"Person\",\"@id\":\"https:\/\/denizcankizil.tr\/#\/schema\/person\/e1eb71bb4dd684d46563f0af307e1234\",\"name\":\"Antalya K\u00f6rfez\",\"image\":{\"@type\":\"ImageObject\",\"inLanguage\":\"uk\",\"@id\":\"https:\/\/denizcankizil.tr\/#\/schema\/person\/image\/\",\"url\":\"https:\/\/secure.gravatar.com\/avatar\/42b01982558a48a0b501fdcab6a408d3717ea5919095ee2e67b0e521799c5905?s=96&d=mm&r=g\",\"contentUrl\":\"https:\/\/secure.gravatar.com\/avatar\/42b01982558a48a0b501fdcab6a408d3717ea5919095ee2e67b0e521799c5905?s=96&d=mm&r=g\",\"caption\":\"Antalya K\u00f6rfez\"},\"sameAs\":[\"http:\/\/www.antalyakorfez.com\"],\"url\":\"https:\/\/www.antalyakorfez.com\/yogun-bakim-kapisinda-bebeklerin-ciglik-seslerini-unutamiyorum\"}]}<\/script>\n<!-- \/ Yoast SEO Premium plugin. -->","yoast_head_json":{"title":"Yo\u011fun bak\u0131m kap\u0131s\u0131nda bebeklerin \u00e7\u0131\u011fl\u0131k seslerini unutam\u0131yorum - Av. Deniz Can K\u0131z\u0131l","robots":{"index":"index","follow":"follow","max-snippet":"max-snippet:-1","max-image-preview":"max-image-preview:large","max-video-preview":"max-video-preview:-1"},"canonical":"https:\/\/denizcankizil.tr\/uk\/haberler\/gundem\/yogun-bakim-kapisinda-bebeklerin-ciglik-seslerini-unutamiyorum\/","og_locale":"uk_UA","og_type":"article","og_title":"Yo\u011fun bak\u0131m kap\u0131s\u0131nda bebeklerin \u00e7\u0131\u011fl\u0131k seslerini unutam\u0131yorum","og_description":"\u0130stanbul&#8217;da ya\u015fayan Neslihan \u00dcnl\u00fc P. ve Serdar P. \u00e7ifti, 2020 y\u0131l\u0131nda do\u011fum i\u00e7in \u00d6zel Reyap \u0130stanbul Hastanesi&#8217;ne ba\u015fvurdu. 22 Haziran 2020 tarihinde sezaryenle bir erkek bebek d\u00fcnyaya getiren Neslihan \u00dcnl\u00fc P., \u00e7ocu\u011funa P.E.P. ad\u0131n\u0131 koydu. Do\u011fumun ard\u0131ndan bebek, solunumu h\u0131zl\u0131 oldu\u011fu gerek\u00e7esiyle yo\u011fun bak\u0131ma al\u0131nd\u0131 ve 2 g\u00fcn sonra taburcu edilece\u011fi s\u00f6ylendi. Belirtilen g\u00fcnde aileye bebeklerinin solunumunun d\u00fczelmedi\u011fi s\u00f6ylenirken, biraz daha yo\u011fun bak\u0131mda kalmaya devam edilece\u011fi bildirildi. BA\u015eKA HASTANEYE G\u0130TT\u0130LER 1 haftal\u0131k s\u00fcrecin ard\u0131ndan kan tahlillerinde enfeksiyon d\u00fczeyi y\u00fcksek \u00e7\u0131kan bebek, 1 hafta daha yo\u011fun bak\u0131mda kald\u0131. Bu s\u00fcre ge\u00e7tikten sonra hastanede yap\u0131lan ultrason \u00e7ekimlerinde aileye, bebe\u011fin karaci\u011ferinde p\u0131ht\u0131 oldu\u011fu, bunun i\u00e7in \u00e7ocuk gastroenterolojisine gidilmesi gerekti\u011fi s\u00f6ylendi. Bebeklerini hastaneden alan Neslihan \u00dcnl\u00fc P. ve Serdar P. \u00e7ifti, iki farkl\u0131 \u00f6zel hastanede gastroenteroloji b\u00f6l\u00fcm\u00fcne gittiklerinde ald\u0131klar\u0131 cevapla \u015fok oldu. Neslihan \u00dcnl\u00fc P. ve Serdar P.&#8217;ye i\u015flemler i\u00e7in ge\u00e7 kal\u0131nd\u0131\u011f\u0131, bebe\u011fin t\u00fcm damarlar\u0131nda t\u0131kanmalar ya\u015fand\u0131\u011f\u0131, bu durumun genetiksel olmad\u0131\u011f\u0131 s\u00f6ylendi. Tekrar Reyap Hastanesi&#8217;ne ba\u015fvuran \u00e7iftten hastane yetkilileri \u00f6z\u00fcr diledi. Ya\u015fananlardan dolay\u0131 hastaneyi \u015fikayet edece\u011fini belirten aileye, hastane y\u00f6netimi taraf\u0131ndan iddiaya g\u00f6re, &#8216;Bu t\u00fcr komplikasyonlar\u0131 kabul etti\u011finize dair imza att\u0131n\u0131z, \u015fikayet\u00e7i olabilirsiniz&#8217; denildi. Aile, bebeklerini de alarak internet ve \u00e7e\u015fitli mecralar \u00fczerinden hastane hakk\u0131nda \u015fikayet yaz\u0131lar\u0131 yazd\u0131. HASTANEDE ENFEKS\u0130YON KAPTI \u015eu an Antalya&#8217;da &hellip;","og_url":"https:\/\/denizcankizil.tr\/uk\/haberler\/gundem\/yogun-bakim-kapisinda-bebeklerin-ciglik-seslerini-unutamiyorum\/","og_site_name":"Av. Deniz Can K\u0131z\u0131l","article_published_time":"2024-10-21T19:20:42+00:00","author":"Antalya K\u00f6rfez","twitter_card":"summary_large_image","twitter_misc":{"\u041d\u0430\u043f\u0438\u0441\u0430\u043d\u043e":"Antalya K\u00f6rfez","\u041f\u0440\u0438\u0431\u043b. \u0447\u0430\u0441 \u0447\u0438\u0442\u0430\u043d\u043d\u044f":"6 \u0445\u0432\u0438\u043b\u0438\u043d"},"schema":{"@context":"https:\/\/schema.org","@graph":[{"@type":"Article","@id":"https:\/\/denizcankizil.tr\/uk\/haberler\/gundem\/yogun-bakim-kapisinda-bebeklerin-ciglik-seslerini-unutamiyorum\/#article","isPartOf":{"@id":"https:\/\/denizcankizil.tr\/uk\/haberler\/gundem\/yogun-bakim-kapisinda-bebeklerin-ciglik-seslerini-unutamiyorum\/"},"author":{"name":"Antalya K\u00f6rfez","@id":"https:\/\/denizcankizil.tr\/#\/schema\/person\/e1eb71bb4dd684d46563f0af307e1234"},"headline":"Yo\u011fun bak\u0131m kap\u0131s\u0131nda bebeklerin \u00e7\u0131\u011fl\u0131k seslerini unutam\u0131yorum","datePublished":"2024-10-21T19:20:42+00:00","mainEntityOfPage":{"@id":"https:\/\/denizcankizil.tr\/uk\/haberler\/gundem\/yogun-bakim-kapisinda-bebeklerin-ciglik-seslerini-unutamiyorum\/"},"wordCount":1112,"commentCount":0,"publisher":{"@id":"https:\/\/denizcankizil.tr\/#organization"},"articleSection":["G\u00fcndem","Uncategorized"],"inLanguage":"uk","potentialAction":[{"@type":"CommentAction","name":"Comment","target":["https:\/\/denizcankizil.tr\/uk\/haberler\/gundem\/yogun-bakim-kapisinda-bebeklerin-ciglik-seslerini-unutamiyorum\/#respond"]}]},{"@type":"WebPage","@id":"https:\/\/denizcankizil.tr\/uk\/haberler\/gundem\/yogun-bakim-kapisinda-bebeklerin-ciglik-seslerini-unutamiyorum\/","url":"https:\/\/denizcankizil.tr\/uk\/haberler\/gundem\/yogun-bakim-kapisinda-bebeklerin-ciglik-seslerini-unutamiyorum\/","name":"Yo\u011fun bak\u0131m kap\u0131s\u0131nda bebeklerin \u00e7\u0131\u011fl\u0131k seslerini unutam\u0131yorum - Av. Deniz Can K\u0131z\u0131l","isPartOf":{"@id":"https:\/\/denizcankizil.tr\/#website"},"datePublished":"2024-10-21T19:20:42+00:00","breadcrumb":{"@id":"https:\/\/denizcankizil.tr\/uk\/haberler\/gundem\/yogun-bakim-kapisinda-bebeklerin-ciglik-seslerini-unutamiyorum\/#breadcrumb"},"inLanguage":"uk","potentialAction":[{"@type":"ReadAction","target":["https:\/\/denizcankizil.tr\/uk\/haberler\/gundem\/yogun-bakim-kapisinda-bebeklerin-ciglik-seslerini-unutamiyorum\/"]}]},{"@type":"BreadcrumbList","@id":"https:\/\/denizcankizil.tr\/uk\/haberler\/gundem\/yogun-bakim-kapisinda-bebeklerin-ciglik-seslerini-unutamiyorum\/#breadcrumb","itemListElement":[{"@type":"ListItem","position":1,"name":"Home","item":"https:\/\/denizcankizil.tr\/de\/"},{"@type":"ListItem","position":2,"name":"Yo\u011fun bak\u0131m kap\u0131s\u0131nda bebeklerin \u00e7\u0131\u011fl\u0131k seslerini unutam\u0131yorum"}]},{"@type":"WebSite","@id":"https:\/\/denizcankizil.tr\/#website","url":"https:\/\/denizcankizil.tr\/","name":"Av. Deniz Can K\u0131z\u0131l","description":"Avukat Deniz Can K\u0131z\u0131l Antalya Barosu","publisher":{"@id":"https:\/\/denizcankizil.tr\/#organization"},"potentialAction":[{"@type":"SearchAction","target":{"@type":"EntryPoint","urlTemplate":"https:\/\/denizcankizil.tr\/?s={search_term_string}"},"query-input":{"@type":"PropertyValueSpecification","valueRequired":true,"valueName":"search_term_string"}}],"inLanguage":"uk"},{"@type":"Organization","@id":"https:\/\/denizcankizil.tr\/#organization","name":"Av. Deniz Can K\u0131z\u0131l","url":"https:\/\/denizcankizil.tr\/","logo":{"@type":"ImageObject","inLanguage":"uk","@id":"https:\/\/denizcankizil.tr\/#\/schema\/logo\/image\/","url":"https:\/\/denizcankizil.tr\/wp-content\/uploads\/2024\/10\/siyah-logo-svg.svg","contentUrl":"https:\/\/denizcankizil.tr\/wp-content\/uploads\/2024\/10\/siyah-logo-svg.svg","width":1080,"height":1080,"caption":"Av. Deniz Can K\u0131z\u0131l"},"image":{"@id":"https:\/\/denizcankizil.tr\/#\/schema\/logo\/image\/"}},{"@type":"Person","@id":"https:\/\/denizcankizil.tr\/#\/schema\/person\/e1eb71bb4dd684d46563f0af307e1234","name":"Antalya K\u00f6rfez","image":{"@type":"ImageObject","inLanguage":"uk","@id":"https:\/\/denizcankizil.tr\/#\/schema\/person\/image\/","url":"https:\/\/secure.gravatar.com\/avatar\/42b01982558a48a0b501fdcab6a408d3717ea5919095ee2e67b0e521799c5905?s=96&d=mm&r=g","contentUrl":"https:\/\/secure.gravatar.com\/avatar\/42b01982558a48a0b501fdcab6a408d3717ea5919095ee2e67b0e521799c5905?s=96&d=mm&r=g","caption":"Antalya K\u00f6rfez"},"sameAs":["http:\/\/www.antalyakorfez.com"],"url":"https:\/\/www.antalyakorfez.com\/yogun-bakim-kapisinda-bebeklerin-ciglik-seslerini-unutamiyorum"}]}},"_links":{"self":[{"href":"https:\/\/denizcankizil.tr\/uk\/wp-json\/wp\/v2\/posts\/6226","targetHints":{"allow":["GET"]}}],"collection":[{"href":"https:\/\/denizcankizil.tr\/uk\/wp-json\/wp\/v2\/posts"}],"about":[{"href":"https:\/\/denizcankizil.tr\/uk\/wp-json\/wp\/v2\/types\/post"}],"author":[{"embeddable":true,"href":"https:\/\/denizcankizil.tr\/uk\/wp-json\/wp\/v2\/users\/5"}],"replies":[{"embeddable":true,"href":"https:\/\/denizcankizil.tr\/uk\/wp-json\/wp\/v2\/comments?post=6226"}],"version-history":[{"count":0,"href":"https:\/\/denizcankizil.tr\/uk\/wp-json\/wp\/v2\/posts\/6226\/revisions"}],"wp:attachment":[{"href":"https:\/\/denizcankizil.tr\/uk\/wp-json\/wp\/v2\/media?parent=6226"}],"wp:term":[{"taxonomy":"category","embeddable":true,"href":"https:\/\/denizcankizil.tr\/uk\/wp-json\/wp\/v2\/categories?post=6226"},{"taxonomy":"post_tag","embeddable":true,"href":"https:\/\/denizcankizil.tr\/uk\/wp-json\/wp\/v2\/tags?post=6226"}],"curies":[{"name":"wp","href":"https:\/\/api.w.org\/{rel}","templated":true}]}}