{"id":61772,"date":"2025-04-21T11:42:09","date_gmt":"2025-04-21T08:42:09","guid":{"rendered":"https:\/\/denizcankizil.tr\/uncategorized-tr\/universite-ogrencisinin-hukuk-mucadelesi-vakif-universitesinin-fahis-zammina-mahkemeden-ret\/"},"modified":"2025-04-21T11:42:09","modified_gmt":"2025-04-21T08:42:09","slug":"universite-ogrencisinin-hukuk-mucadelesi-vakif-universitesinin-fahis-zammina-mahkemeden-ret","status":"publish","type":"post","link":"https:\/\/denizcankizil.tr\/uk\/haberler\/gundem\/universite-ogrencisinin-hukuk-mucadelesi-vakif-universitesinin-fahis-zammina-mahkemeden-ret\/","title":{"rendered":"\u00dcniversite \u00f6\u011frencisinin hukuk m\u00fccadelesi: Vak\u0131f \u00fcniversitesinin fahi\u015f zamm\u0131na mahkemeden ret"},"content":{"rendered":"<p>\u0130stanbul&#8217;da bir \u00f6\u011frencinin, \u00f6\u011frenim g\u00f6rd\u00fc\u011f\u00fc vak\u0131f \u00fcniversitesinin kay\u0131t yenileme \u00fccretine uygulad\u0131\u011f\u0131 y\u00fczde 100&#8217;\u00fc a\u015fk\u0131n zamm\u0131n iptaline ili\u015fkin Bak\u0131rk\u00f6y 5&#8217;inci T\u00fcketici Mahkemesi&#8217;nde a\u00e7t\u0131\u011f\u0131 davada, \u00fcniversite haks\u0131z bulundu. Mahkeme, y\u00fczde 67,20 enflasyon oran\u0131nda zam yap\u0131lmas\u0131na karar verdi. Dosyaya bakan \u0130stanbul B\u00f6lge Adliye Mahkemesi 18&#8217;inci Hukuk Dairesi, yerel mahkemenin karar\u0131n\u0131 yerinde bularak, \u00fcniversitenin istinaf ba\u015fvurusunun reddine h\u00fckmetti.<\/p>\n<p>\u00d6\u011eRENC\u0130N\u0130N HUKUK M\u00dcCADELES\u0130 <\/p>\n<p>\u00d6\u011frencinin Antalya Barosu&#8217;na kay\u0131tl\u0131 avukat\u0131 Murat Bostan, &#8220;Vak\u0131f \u00fcniversitelerinin kay\u0131t yenileme \u00fccretlerine uygulad\u0131\u011f\u0131 fahi\u015f zamlara kar\u015f\u0131 y\u00fcr\u00fctt\u00fc\u011f\u00fcm\u00fcz hukuki s\u00fcre\u00e7te iki y\u0131lda farkl\u0131 \u00f6zel \u00fcniversitelere kar\u015f\u0131 y\u00fczlerce \u00f6\u011frenci taraf\u0131ndan a\u00e7\u0131lan dava dosyalar\u0131 mevcut hale gelmi\u015f durumda. T\u0131p fak\u00fcltesinde okuyan bir \u00f6\u011frenci i\u00e7in y\u0131ll\u0131k 1 milyon 250 bin gibi kay\u0131t \u00fccreti isteyen \u00fcniversiteler var. Antalya&#8217;da da bir\u00e7ok \u00f6\u011frencinin dava dosyas\u0131 \u015fu a\u015famada istinaf mahkemesinde. Bu davalara bakan t\u00fcketici mahkemelerinde g\u00f6revli baz\u0131 hakimler &#8216;ret&#8217; karar\u0131 verdi, baz\u0131 hakimler ise enflasyon oran\u0131n\u0131 a\u015fan zamma yapt\u0131\u011f\u0131m\u0131z itirazlar\u0131m\u0131z\u0131 hakl\u0131 g\u00f6rerek davalar\u0131m\u0131z\u0131 kabul etti. Bu konuda son s\u00f6z\u00fc istinaf mahkemesi s\u00f6yleyecek diye beklerken \u0130stanbul B\u00f6lge Adliye Mahkemesi&#8217;nden ilk kez esasa ili\u015fkin bir karar \u00e7\u0131kt\u0131. Bu karar netice itibar\u0131yla davam\u0131z\u0131n hakl\u0131 oldu\u011funu kabul ediyor. Ancak karar kesin de\u011fil, son s\u00f6z\u00fc Yarg\u0131tay s\u00f6yleyecek&#8221; dedi.<\/p>\n<p>KARAR BEKLEN\u0130RKEN \u00dcN\u0130VERS\u0130TELER ZAM YAPMAYA DEVAM ED\u0130YOR <\/p>\n<p>6502 say\u0131l\u0131 T\u00fcketicinin Korunmas\u0131 Hakk\u0131nda Kanun&#8217;un 5&#8217;inci maddesinde &#8216;haks\u0131z \u015fart&#8217;tan bahsedildi\u011fini kaydeden avukat Bostan, &#8220;Burada bizim bir \u00f6zel \u00fcniversite \u00f6\u011frencisi m\u00fcvekkil ad\u0131na a\u00e7t\u0131\u011f\u0131m\u0131z davaya bakan \u0130stanbul B\u00f6lge Adliye Mahkemesi, ilk kay\u0131t esnas\u0131nda t\u00fcketici konumunda oldu\u011fu belli olan \u00f6\u011frenciye kar\u015f\u0131 kay\u0131t yenileme d\u00f6neminde uygulanmas\u0131 gerekli zam oran\u0131n\u0131n T\u00dcFE \u00fczerinde belirlenmesinin haks\u0131z \u015fart oldu\u011funu ve \u00f6\u011frencinin anayasal e\u011fitimini k\u0131s\u0131tlama ihtimali nedeniyle Avrupa \u0130nsan Haklar\u0131 S\u00f6zle\u015fmesi&#8217;ne de anayasaya da ayk\u0131r\u0131 oldu\u011funu belirtmi\u015ftir. Vak\u0131f \u00fcniversitelerinin en fazla g\u00fcncel T\u00dcFE 12 ayl\u0131k ortalamas\u0131 ile zam yapmas\u0131 gerekti\u011fi, dolay\u0131s\u0131yla bunu a\u015fan tutar y\u00f6n\u00fcnden \u00f6\u011frencinin bor\u00e7lu olmamas\u0131 gerekti\u011fi y\u00f6n\u00fcnde karar kurulmu\u015ftur. Vak\u0131f \u00fcniversiteleri Yarg\u0131tay&#8217;dan karar beklendi\u011fi i\u00e7in fahi\u015f zamlara devam ediyor&#8221; ifadelerini kulland\u0131.<\/p>\n<p>\u00dcCRETLER TEKRARDAN BEL\u0130RLENECEK <\/p>\n<p>\u00d6\u011frencilerin kay\u0131t yenileme \u00f6ncesi fahi\u015f fiyattan zarar g\u00f6rmemesi i\u00e7in yap\u0131lmas\u0131 gereken hukuki s\u00fcreci anlatan Bostan, &#8220;Vak\u0131f \u00fcniversitelerinde okuyan ve kay\u0131t yenileme d\u00f6neminde bu \u015fekilde fahi\u015f zam uyguland\u0131\u011f\u0131n\u0131 g\u00f6ren \u00f6\u011frenci arkada\u015flar kay\u0131tlar\u0131n\u0131 yenilemeden t\u00fcketici mahkemelerinden ihtiyati tedbir karar\u0131 talep ederek, \u00fccretin \u00f6denmesinden \u00f6nce elde edecekleri bu karar ile daha sonra iade s\u00fcreci ile u\u011fra\u015fmak yerine ba\u015ftan enflasyona g\u00f6re kay\u0131tlar\u0131n\u0131 yenilemeleri m\u00fcmk\u00fcnd\u00fcr&#8221; dedi.<\/p>\n<p>\u200b\u0130stanbul\u2019da bir Vak\u0131f \u00fcniversitesinde okuyan \u00f6\u011frenci, kay\u0131t \u00fccretlerine yap\u0131lan fahi\u015f zam sonras\u0131 hukuk m\u00fccadelesine ba\u015flad\u0131. \u0130stanbul B\u00f6lge Adliye Mahkemesi 18&#8217;inci Hukuk Dairesi; talep edilen y\u00fczde 100&#8217;\u00fc a\u015fan zaml\u0131 kay\u0131t yenileme \u00fccreti yerine y\u00fczde 67,20 enflasyon oran\u0131nda zam yap\u0131lmas\u0131na ili\u015fkin yerel mahkemenin karar\u0131n\u0131 yerinde buldu.\u00a0<\/p>\n<p>\u200bHaberin Al\u0131nt\u0131land\u0131\u011f\u0131 Kaynak: www.antalyakorfez.com<\/p>","protected":false},"excerpt":{"rendered":"<p>\u0130stanbul&#8217;da bir \u00f6\u011frencinin, \u00f6\u011frenim g\u00f6rd\u00fc\u011f\u00fc vak\u0131f \u00fcniversitesinin kay\u0131t yenileme \u00fccretine uygulad\u0131\u011f\u0131 y\u00fczde 100&#8217;\u00fc a\u015fk\u0131n zamm\u0131n iptaline ili\u015fkin Bak\u0131rk\u00f6y 5&#8217;inci T\u00fcketici Mahkemesi&#8217;nde a\u00e7t\u0131\u011f\u0131 davada, \u00fcniversite haks\u0131z bulundu. Mahkeme, y\u00fczde 67,20 enflasyon oran\u0131nda zam yap\u0131lmas\u0131na karar verdi. Dosyaya bakan \u0130stanbul B\u00f6lge Adliye Mahkemesi 18&#8217;inci Hukuk Dairesi, yerel mahkemenin karar\u0131n\u0131 yerinde bularak, \u00fcniversitenin istinaf ba\u015fvurusunun reddine h\u00fckmetti. \u00d6\u011eRENC\u0130N\u0130N HUKUK M\u00dcCADELES\u0130 \u00d6\u011frencinin Antalya Barosu&#8217;na kay\u0131tl\u0131 avukat\u0131 Murat Bostan, &#8220;Vak\u0131f \u00fcniversitelerinin kay\u0131t yenileme \u00fccretlerine uygulad\u0131\u011f\u0131 fahi\u015f zamlara kar\u015f\u0131 y\u00fcr\u00fctt\u00fc\u011f\u00fcm\u00fcz hukuki s\u00fcre\u00e7te iki y\u0131lda farkl\u0131 \u00f6zel \u00fcniversitelere kar\u015f\u0131 y\u00fczlerce \u00f6\u011frenci taraf\u0131ndan a\u00e7\u0131lan dava dosyalar\u0131 mevcut hale gelmi\u015f durumda. T\u0131p fak\u00fcltesinde okuyan bir \u00f6\u011frenci i\u00e7in y\u0131ll\u0131k 1 milyon 250 bin gibi kay\u0131t \u00fccreti isteyen \u00fcniversiteler var. Antalya&#8217;da da bir\u00e7ok \u00f6\u011frencinin dava dosyas\u0131 \u015fu a\u015famada istinaf mahkemesinde. Bu davalara bakan t\u00fcketici mahkemelerinde g\u00f6revli baz\u0131 hakimler &#8216;ret&#8217; karar\u0131 verdi, baz\u0131 hakimler ise enflasyon oran\u0131n\u0131 a\u015fan zamma yapt\u0131\u011f\u0131m\u0131z itirazlar\u0131m\u0131z\u0131 hakl\u0131 g\u00f6rerek davalar\u0131m\u0131z\u0131 kabul etti. Bu konuda son s\u00f6z\u00fc istinaf mahkemesi s\u00f6yleyecek diye beklerken \u0130stanbul B\u00f6lge Adliye Mahkemesi&#8217;nden ilk kez esasa ili\u015fkin bir karar \u00e7\u0131kt\u0131. Bu karar netice itibar\u0131yla davam\u0131z\u0131n hakl\u0131 oldu\u011funu kabul ediyor. Ancak karar kesin de\u011fil, son s\u00f6z\u00fc Yarg\u0131tay s\u00f6yleyecek&#8221; dedi. KARAR BEKLEN\u0130RKEN \u00dcN\u0130VERS\u0130TELER ZAM YAPMAYA DEVAM ED\u0130YOR 6502 say\u0131l\u0131 T\u00fcketicinin Korunmas\u0131 Hakk\u0131nda Kanun&#8217;un 5&#8217;inci maddesinde &#8216;haks\u0131z \u015fart&#8217;tan bahsedildi\u011fini &hellip;<\/p>","protected":false},"author":5,"featured_media":0,"comment_status":"","ping_status":"open","sticky":false,"template":"","format":"standard","meta":{"_acf_changed":false,"footnotes":""},"categories":[24],"tags":[],"class_list":["post-61772","post","type-post","status-publish","format-standard","has-post-thumbnail","hentry","category-gundem"],"acf":[],"yoast_head":"<!-- This site is optimized with the Yoast SEO Premium plugin v26.6 (Yoast SEO v27.1.1) - https:\/\/yoast.com\/product\/yoast-seo-premium-wordpress\/ -->\n<title>\u00dcniversite \u00f6\u011frencisinin hukuk m\u00fccadelesi: Vak\u0131f \u00fcniversitesinin fahi\u015f zamm\u0131na mahkemeden ret - Av. Deniz Can K\u0131z\u0131l<\/title>\n<meta name=\"robots\" content=\"index, follow, max-snippet:-1, max-image-preview:large, max-video-preview:-1\" \/>\n<link rel=\"canonical\" href=\"https:\/\/denizcankizil.tr\/uk\/haberler\/gundem\/universite-ogrencisinin-hukuk-mucadelesi-vakif-universitesinin-fahis-zammina-mahkemeden-ret\/\" \/>\n<meta property=\"og:locale\" content=\"uk_UA\" \/>\n<meta property=\"og:type\" content=\"article\" \/>\n<meta property=\"og:title\" content=\"\u00dcniversite \u00f6\u011frencisinin hukuk m\u00fccadelesi: Vak\u0131f \u00fcniversitesinin fahi\u015f zamm\u0131na mahkemeden ret\" \/>\n<meta property=\"og:description\" content=\"\u0130stanbul&#8217;da bir \u00f6\u011frencinin, \u00f6\u011frenim g\u00f6rd\u00fc\u011f\u00fc vak\u0131f \u00fcniversitesinin kay\u0131t yenileme \u00fccretine uygulad\u0131\u011f\u0131 y\u00fczde 100&#8217;\u00fc a\u015fk\u0131n zamm\u0131n iptaline ili\u015fkin Bak\u0131rk\u00f6y 5&#8217;inci T\u00fcketici Mahkemesi&#8217;nde a\u00e7t\u0131\u011f\u0131 davada, \u00fcniversite haks\u0131z bulundu. Mahkeme, y\u00fczde 67,20 enflasyon oran\u0131nda zam yap\u0131lmas\u0131na karar verdi. Dosyaya bakan \u0130stanbul B\u00f6lge Adliye Mahkemesi 18&#8217;inci Hukuk Dairesi, yerel mahkemenin karar\u0131n\u0131 yerinde bularak, \u00fcniversitenin istinaf ba\u015fvurusunun reddine h\u00fckmetti. \u00d6\u011eRENC\u0130N\u0130N HUKUK M\u00dcCADELES\u0130 \u00d6\u011frencinin Antalya Barosu&#8217;na kay\u0131tl\u0131 avukat\u0131 Murat Bostan, &#8220;Vak\u0131f \u00fcniversitelerinin kay\u0131t yenileme \u00fccretlerine uygulad\u0131\u011f\u0131 fahi\u015f zamlara kar\u015f\u0131 y\u00fcr\u00fctt\u00fc\u011f\u00fcm\u00fcz hukuki s\u00fcre\u00e7te iki y\u0131lda farkl\u0131 \u00f6zel \u00fcniversitelere kar\u015f\u0131 y\u00fczlerce \u00f6\u011frenci taraf\u0131ndan a\u00e7\u0131lan dava dosyalar\u0131 mevcut hale gelmi\u015f durumda. T\u0131p fak\u00fcltesinde okuyan bir \u00f6\u011frenci i\u00e7in y\u0131ll\u0131k 1 milyon 250 bin gibi kay\u0131t \u00fccreti isteyen \u00fcniversiteler var. Antalya&#8217;da da bir\u00e7ok \u00f6\u011frencinin dava dosyas\u0131 \u015fu a\u015famada istinaf mahkemesinde. Bu davalara bakan t\u00fcketici mahkemelerinde g\u00f6revli baz\u0131 hakimler &#8216;ret&#8217; karar\u0131 verdi, baz\u0131 hakimler ise enflasyon oran\u0131n\u0131 a\u015fan zamma yapt\u0131\u011f\u0131m\u0131z itirazlar\u0131m\u0131z\u0131 hakl\u0131 g\u00f6rerek davalar\u0131m\u0131z\u0131 kabul etti. Bu konuda son s\u00f6z\u00fc istinaf mahkemesi s\u00f6yleyecek diye beklerken \u0130stanbul B\u00f6lge Adliye Mahkemesi&#8217;nden ilk kez esasa ili\u015fkin bir karar \u00e7\u0131kt\u0131. Bu karar netice itibar\u0131yla davam\u0131z\u0131n hakl\u0131 oldu\u011funu kabul ediyor. Ancak karar kesin de\u011fil, son s\u00f6z\u00fc Yarg\u0131tay s\u00f6yleyecek&#8221; dedi. KARAR BEKLEN\u0130RKEN \u00dcN\u0130VERS\u0130TELER ZAM YAPMAYA DEVAM ED\u0130YOR 6502 say\u0131l\u0131 T\u00fcketicinin Korunmas\u0131 Hakk\u0131nda Kanun&#8217;un 5&#8217;inci maddesinde &#8216;haks\u0131z \u015fart&#8217;tan bahsedildi\u011fini &hellip;\" \/>\n<meta property=\"og:url\" content=\"https:\/\/denizcankizil.tr\/uk\/haberler\/gundem\/universite-ogrencisinin-hukuk-mucadelesi-vakif-universitesinin-fahis-zammina-mahkemeden-ret\/\" \/>\n<meta property=\"og:site_name\" content=\"Av. Deniz Can K\u0131z\u0131l\" \/>\n<meta property=\"article:published_time\" content=\"2025-04-21T08:42:09+00:00\" \/>\n<meta name=\"author\" content=\"Antalya K\u00f6rfez\" \/>\n<meta name=\"twitter:card\" content=\"summary_large_image\" \/>\n<meta name=\"twitter:label1\" content=\"\u041d\u0430\u043f\u0438\u0441\u0430\u043d\u043e\" \/>\n\t<meta name=\"twitter:data1\" content=\"Antalya K\u00f6rfez\" \/>\n\t<meta name=\"twitter:label2\" content=\"\u041f\u0440\u0438\u0431\u043b. \u0447\u0430\u0441 \u0447\u0438\u0442\u0430\u043d\u043d\u044f\" \/>\n\t<meta name=\"twitter:data2\" content=\"3 \u0445\u0432\u0438\u043b\u0438\u043d\u0438\" \/>\n<script type=\"application\/ld+json\" class=\"yoast-schema-graph\">{\"@context\":\"https:\/\/schema.org\",\"@graph\":[{\"@type\":\"Article\",\"@id\":\"https:\/\/denizcankizil.tr\/uk\/haberler\/gundem\/universite-ogrencisinin-hukuk-mucadelesi-vakif-universitesinin-fahis-zammina-mahkemeden-ret\/#article\",\"isPartOf\":{\"@id\":\"https:\/\/denizcankizil.tr\/uk\/haberler\/gundem\/universite-ogrencisinin-hukuk-mucadelesi-vakif-universitesinin-fahis-zammina-mahkemeden-ret\/\"},\"author\":{\"name\":\"Antalya K\u00f6rfez\",\"@id\":\"https:\/\/denizcankizil.tr\/#\/schema\/person\/e1eb71bb4dd684d46563f0af307e1234\"},\"headline\":\"\u00dcniversite \u00f6\u011frencisinin hukuk m\u00fccadelesi: Vak\u0131f \u00fcniversitesinin fahi\u015f zamm\u0131na mahkemeden ret\",\"datePublished\":\"2025-04-21T08:42:09+00:00\",\"mainEntityOfPage\":{\"@id\":\"https:\/\/denizcankizil.tr\/uk\/haberler\/gundem\/universite-ogrencisinin-hukuk-mucadelesi-vakif-universitesinin-fahis-zammina-mahkemeden-ret\/\"},\"wordCount\":587,\"publisher\":{\"@id\":\"https:\/\/denizcankizil.tr\/#organization\"},\"articleSection\":[\"G\u00fcndem\"],\"inLanguage\":\"uk\"},{\"@type\":\"WebPage\",\"@id\":\"https:\/\/denizcankizil.tr\/uk\/haberler\/gundem\/universite-ogrencisinin-hukuk-mucadelesi-vakif-universitesinin-fahis-zammina-mahkemeden-ret\/\",\"url\":\"https:\/\/denizcankizil.tr\/uk\/haberler\/gundem\/universite-ogrencisinin-hukuk-mucadelesi-vakif-universitesinin-fahis-zammina-mahkemeden-ret\/\",\"name\":\"\u00dcniversite \u00f6\u011frencisinin hukuk m\u00fccadelesi: Vak\u0131f \u00fcniversitesinin fahi\u015f zamm\u0131na mahkemeden ret - Av. Deniz Can K\u0131z\u0131l\",\"isPartOf\":{\"@id\":\"https:\/\/denizcankizil.tr\/#website\"},\"datePublished\":\"2025-04-21T08:42:09+00:00\",\"breadcrumb\":{\"@id\":\"https:\/\/denizcankizil.tr\/uk\/haberler\/gundem\/universite-ogrencisinin-hukuk-mucadelesi-vakif-universitesinin-fahis-zammina-mahkemeden-ret\/#breadcrumb\"},\"inLanguage\":\"uk\",\"potentialAction\":[{\"@type\":\"ReadAction\",\"target\":[\"https:\/\/denizcankizil.tr\/uk\/haberler\/gundem\/universite-ogrencisinin-hukuk-mucadelesi-vakif-universitesinin-fahis-zammina-mahkemeden-ret\/\"]}]},{\"@type\":\"BreadcrumbList\",\"@id\":\"https:\/\/denizcankizil.tr\/uk\/haberler\/gundem\/universite-ogrencisinin-hukuk-mucadelesi-vakif-universitesinin-fahis-zammina-mahkemeden-ret\/#breadcrumb\",\"itemListElement\":[{\"@type\":\"ListItem\",\"position\":1,\"name\":\"Home\",\"item\":\"https:\/\/denizcankizil.tr\/de\/\"},{\"@type\":\"ListItem\",\"position\":2,\"name\":\"\u00dcniversite \u00f6\u011frencisinin hukuk m\u00fccadelesi: Vak\u0131f \u00fcniversitesinin fahi\u015f zamm\u0131na mahkemeden ret\"}]},{\"@type\":\"WebSite\",\"@id\":\"https:\/\/denizcankizil.tr\/#website\",\"url\":\"https:\/\/denizcankizil.tr\/\",\"name\":\"Av. Deniz Can K\u0131z\u0131l\",\"description\":\"Avukat Deniz Can K\u0131z\u0131l Antalya Barosu\",\"publisher\":{\"@id\":\"https:\/\/denizcankizil.tr\/#organization\"},\"potentialAction\":[{\"@type\":\"SearchAction\",\"target\":{\"@type\":\"EntryPoint\",\"urlTemplate\":\"https:\/\/denizcankizil.tr\/?s={search_term_string}\"},\"query-input\":{\"@type\":\"PropertyValueSpecification\",\"valueRequired\":true,\"valueName\":\"search_term_string\"}}],\"inLanguage\":\"uk\"},{\"@type\":\"Organization\",\"@id\":\"https:\/\/denizcankizil.tr\/#organization\",\"name\":\"Av. Deniz Can K\u0131z\u0131l\",\"url\":\"https:\/\/denizcankizil.tr\/\",\"logo\":{\"@type\":\"ImageObject\",\"inLanguage\":\"uk\",\"@id\":\"https:\/\/denizcankizil.tr\/#\/schema\/logo\/image\/\",\"url\":\"https:\/\/denizcankizil.tr\/wp-content\/uploads\/2024\/10\/siyah-logo-svg.svg\",\"contentUrl\":\"https:\/\/denizcankizil.tr\/wp-content\/uploads\/2024\/10\/siyah-logo-svg.svg\",\"width\":1080,\"height\":1080,\"caption\":\"Av. Deniz Can K\u0131z\u0131l\"},\"image\":{\"@id\":\"https:\/\/denizcankizil.tr\/#\/schema\/logo\/image\/\"}},{\"@type\":\"Person\",\"@id\":\"https:\/\/denizcankizil.tr\/#\/schema\/person\/e1eb71bb4dd684d46563f0af307e1234\",\"name\":\"Antalya K\u00f6rfez\",\"image\":{\"@type\":\"ImageObject\",\"inLanguage\":\"uk\",\"@id\":\"https:\/\/denizcankizil.tr\/#\/schema\/person\/image\/\",\"url\":\"https:\/\/secure.gravatar.com\/avatar\/42b01982558a48a0b501fdcab6a408d3717ea5919095ee2e67b0e521799c5905?s=96&d=mm&r=g\",\"contentUrl\":\"https:\/\/secure.gravatar.com\/avatar\/42b01982558a48a0b501fdcab6a408d3717ea5919095ee2e67b0e521799c5905?s=96&d=mm&r=g\",\"caption\":\"Antalya K\u00f6rfez\"},\"sameAs\":[\"http:\/\/www.antalyakorfez.com\"],\"url\":\"https:\/\/www.antalyakorfez.com\/universite-ogrencisinin-hukuk-mucadelesi-vakif-universitesinin-fahis-zammina-mahkemeden-r\"}]}<\/script>\n<!-- \/ Yoast SEO Premium plugin. -->","yoast_head_json":{"title":"\u00dcniversite \u00f6\u011frencisinin hukuk m\u00fccadelesi: Vak\u0131f \u00fcniversitesinin fahi\u015f zamm\u0131na mahkemeden ret - Av. Deniz Can K\u0131z\u0131l","robots":{"index":"index","follow":"follow","max-snippet":"max-snippet:-1","max-image-preview":"max-image-preview:large","max-video-preview":"max-video-preview:-1"},"canonical":"https:\/\/denizcankizil.tr\/uk\/haberler\/gundem\/universite-ogrencisinin-hukuk-mucadelesi-vakif-universitesinin-fahis-zammina-mahkemeden-ret\/","og_locale":"uk_UA","og_type":"article","og_title":"\u00dcniversite \u00f6\u011frencisinin hukuk m\u00fccadelesi: Vak\u0131f \u00fcniversitesinin fahi\u015f zamm\u0131na mahkemeden ret","og_description":"\u0130stanbul&#8217;da bir \u00f6\u011frencinin, \u00f6\u011frenim g\u00f6rd\u00fc\u011f\u00fc vak\u0131f \u00fcniversitesinin kay\u0131t yenileme \u00fccretine uygulad\u0131\u011f\u0131 y\u00fczde 100&#8217;\u00fc a\u015fk\u0131n zamm\u0131n iptaline ili\u015fkin Bak\u0131rk\u00f6y 5&#8217;inci T\u00fcketici Mahkemesi&#8217;nde a\u00e7t\u0131\u011f\u0131 davada, \u00fcniversite haks\u0131z bulundu. Mahkeme, y\u00fczde 67,20 enflasyon oran\u0131nda zam yap\u0131lmas\u0131na karar verdi. Dosyaya bakan \u0130stanbul B\u00f6lge Adliye Mahkemesi 18&#8217;inci Hukuk Dairesi, yerel mahkemenin karar\u0131n\u0131 yerinde bularak, \u00fcniversitenin istinaf ba\u015fvurusunun reddine h\u00fckmetti. \u00d6\u011eRENC\u0130N\u0130N HUKUK M\u00dcCADELES\u0130 \u00d6\u011frencinin Antalya Barosu&#8217;na kay\u0131tl\u0131 avukat\u0131 Murat Bostan, &#8220;Vak\u0131f \u00fcniversitelerinin kay\u0131t yenileme \u00fccretlerine uygulad\u0131\u011f\u0131 fahi\u015f zamlara kar\u015f\u0131 y\u00fcr\u00fctt\u00fc\u011f\u00fcm\u00fcz hukuki s\u00fcre\u00e7te iki y\u0131lda farkl\u0131 \u00f6zel \u00fcniversitelere kar\u015f\u0131 y\u00fczlerce \u00f6\u011frenci taraf\u0131ndan a\u00e7\u0131lan dava dosyalar\u0131 mevcut hale gelmi\u015f durumda. T\u0131p fak\u00fcltesinde okuyan bir \u00f6\u011frenci i\u00e7in y\u0131ll\u0131k 1 milyon 250 bin gibi kay\u0131t \u00fccreti isteyen \u00fcniversiteler var. Antalya&#8217;da da bir\u00e7ok \u00f6\u011frencinin dava dosyas\u0131 \u015fu a\u015famada istinaf mahkemesinde. Bu davalara bakan t\u00fcketici mahkemelerinde g\u00f6revli baz\u0131 hakimler &#8216;ret&#8217; karar\u0131 verdi, baz\u0131 hakimler ise enflasyon oran\u0131n\u0131 a\u015fan zamma yapt\u0131\u011f\u0131m\u0131z itirazlar\u0131m\u0131z\u0131 hakl\u0131 g\u00f6rerek davalar\u0131m\u0131z\u0131 kabul etti. Bu konuda son s\u00f6z\u00fc istinaf mahkemesi s\u00f6yleyecek diye beklerken \u0130stanbul B\u00f6lge Adliye Mahkemesi&#8217;nden ilk kez esasa ili\u015fkin bir karar \u00e7\u0131kt\u0131. Bu karar netice itibar\u0131yla davam\u0131z\u0131n hakl\u0131 oldu\u011funu kabul ediyor. Ancak karar kesin de\u011fil, son s\u00f6z\u00fc Yarg\u0131tay s\u00f6yleyecek&#8221; dedi. KARAR BEKLEN\u0130RKEN \u00dcN\u0130VERS\u0130TELER ZAM YAPMAYA DEVAM ED\u0130YOR 6502 say\u0131l\u0131 T\u00fcketicinin Korunmas\u0131 Hakk\u0131nda Kanun&#8217;un 5&#8217;inci maddesinde &#8216;haks\u0131z \u015fart&#8217;tan bahsedildi\u011fini &hellip;","og_url":"https:\/\/denizcankizil.tr\/uk\/haberler\/gundem\/universite-ogrencisinin-hukuk-mucadelesi-vakif-universitesinin-fahis-zammina-mahkemeden-ret\/","og_site_name":"Av. Deniz Can K\u0131z\u0131l","article_published_time":"2025-04-21T08:42:09+00:00","author":"Antalya K\u00f6rfez","twitter_card":"summary_large_image","twitter_misc":{"\u041d\u0430\u043f\u0438\u0441\u0430\u043d\u043e":"Antalya K\u00f6rfez","\u041f\u0440\u0438\u0431\u043b. \u0447\u0430\u0441 \u0447\u0438\u0442\u0430\u043d\u043d\u044f":"3 \u0445\u0432\u0438\u043b\u0438\u043d\u0438"},"schema":{"@context":"https:\/\/schema.org","@graph":[{"@type":"Article","@id":"https:\/\/denizcankizil.tr\/uk\/haberler\/gundem\/universite-ogrencisinin-hukuk-mucadelesi-vakif-universitesinin-fahis-zammina-mahkemeden-ret\/#article","isPartOf":{"@id":"https:\/\/denizcankizil.tr\/uk\/haberler\/gundem\/universite-ogrencisinin-hukuk-mucadelesi-vakif-universitesinin-fahis-zammina-mahkemeden-ret\/"},"author":{"name":"Antalya K\u00f6rfez","@id":"https:\/\/denizcankizil.tr\/#\/schema\/person\/e1eb71bb4dd684d46563f0af307e1234"},"headline":"\u00dcniversite \u00f6\u011frencisinin hukuk m\u00fccadelesi: Vak\u0131f \u00fcniversitesinin fahi\u015f zamm\u0131na mahkemeden ret","datePublished":"2025-04-21T08:42:09+00:00","mainEntityOfPage":{"@id":"https:\/\/denizcankizil.tr\/uk\/haberler\/gundem\/universite-ogrencisinin-hukuk-mucadelesi-vakif-universitesinin-fahis-zammina-mahkemeden-ret\/"},"wordCount":587,"publisher":{"@id":"https:\/\/denizcankizil.tr\/#organization"},"articleSection":["G\u00fcndem"],"inLanguage":"uk"},{"@type":"WebPage","@id":"https:\/\/denizcankizil.tr\/uk\/haberler\/gundem\/universite-ogrencisinin-hukuk-mucadelesi-vakif-universitesinin-fahis-zammina-mahkemeden-ret\/","url":"https:\/\/denizcankizil.tr\/uk\/haberler\/gundem\/universite-ogrencisinin-hukuk-mucadelesi-vakif-universitesinin-fahis-zammina-mahkemeden-ret\/","name":"\u00dcniversite \u00f6\u011frencisinin hukuk m\u00fccadelesi: Vak\u0131f \u00fcniversitesinin fahi\u015f zamm\u0131na mahkemeden ret - Av. Deniz Can K\u0131z\u0131l","isPartOf":{"@id":"https:\/\/denizcankizil.tr\/#website"},"datePublished":"2025-04-21T08:42:09+00:00","breadcrumb":{"@id":"https:\/\/denizcankizil.tr\/uk\/haberler\/gundem\/universite-ogrencisinin-hukuk-mucadelesi-vakif-universitesinin-fahis-zammina-mahkemeden-ret\/#breadcrumb"},"inLanguage":"uk","potentialAction":[{"@type":"ReadAction","target":["https:\/\/denizcankizil.tr\/uk\/haberler\/gundem\/universite-ogrencisinin-hukuk-mucadelesi-vakif-universitesinin-fahis-zammina-mahkemeden-ret\/"]}]},{"@type":"BreadcrumbList","@id":"https:\/\/denizcankizil.tr\/uk\/haberler\/gundem\/universite-ogrencisinin-hukuk-mucadelesi-vakif-universitesinin-fahis-zammina-mahkemeden-ret\/#breadcrumb","itemListElement":[{"@type":"ListItem","position":1,"name":"Home","item":"https:\/\/denizcankizil.tr\/de\/"},{"@type":"ListItem","position":2,"name":"\u00dcniversite \u00f6\u011frencisinin hukuk m\u00fccadelesi: Vak\u0131f \u00fcniversitesinin fahi\u015f zamm\u0131na mahkemeden ret"}]},{"@type":"WebSite","@id":"https:\/\/denizcankizil.tr\/#website","url":"https:\/\/denizcankizil.tr\/","name":"Av. Deniz Can K\u0131z\u0131l","description":"Avukat Deniz Can K\u0131z\u0131l Antalya Barosu","publisher":{"@id":"https:\/\/denizcankizil.tr\/#organization"},"potentialAction":[{"@type":"SearchAction","target":{"@type":"EntryPoint","urlTemplate":"https:\/\/denizcankizil.tr\/?s={search_term_string}"},"query-input":{"@type":"PropertyValueSpecification","valueRequired":true,"valueName":"search_term_string"}}],"inLanguage":"uk"},{"@type":"Organization","@id":"https:\/\/denizcankizil.tr\/#organization","name":"Av. Deniz Can K\u0131z\u0131l","url":"https:\/\/denizcankizil.tr\/","logo":{"@type":"ImageObject","inLanguage":"uk","@id":"https:\/\/denizcankizil.tr\/#\/schema\/logo\/image\/","url":"https:\/\/denizcankizil.tr\/wp-content\/uploads\/2024\/10\/siyah-logo-svg.svg","contentUrl":"https:\/\/denizcankizil.tr\/wp-content\/uploads\/2024\/10\/siyah-logo-svg.svg","width":1080,"height":1080,"caption":"Av. Deniz Can K\u0131z\u0131l"},"image":{"@id":"https:\/\/denizcankizil.tr\/#\/schema\/logo\/image\/"}},{"@type":"Person","@id":"https:\/\/denizcankizil.tr\/#\/schema\/person\/e1eb71bb4dd684d46563f0af307e1234","name":"Antalya K\u00f6rfez","image":{"@type":"ImageObject","inLanguage":"uk","@id":"https:\/\/denizcankizil.tr\/#\/schema\/person\/image\/","url":"https:\/\/secure.gravatar.com\/avatar\/42b01982558a48a0b501fdcab6a408d3717ea5919095ee2e67b0e521799c5905?s=96&d=mm&r=g","contentUrl":"https:\/\/secure.gravatar.com\/avatar\/42b01982558a48a0b501fdcab6a408d3717ea5919095ee2e67b0e521799c5905?s=96&d=mm&r=g","caption":"Antalya K\u00f6rfez"},"sameAs":["http:\/\/www.antalyakorfez.com"],"url":"https:\/\/www.antalyakorfez.com\/universite-ogrencisinin-hukuk-mucadelesi-vakif-universitesinin-fahis-zammina-mahkemeden-r"}]}},"_links":{"self":[{"href":"https:\/\/denizcankizil.tr\/uk\/wp-json\/wp\/v2\/posts\/61772","targetHints":{"allow":["GET"]}}],"collection":[{"href":"https:\/\/denizcankizil.tr\/uk\/wp-json\/wp\/v2\/posts"}],"about":[{"href":"https:\/\/denizcankizil.tr\/uk\/wp-json\/wp\/v2\/types\/post"}],"author":[{"embeddable":true,"href":"https:\/\/denizcankizil.tr\/uk\/wp-json\/wp\/v2\/users\/5"}],"replies":[{"embeddable":true,"href":"https:\/\/denizcankizil.tr\/uk\/wp-json\/wp\/v2\/comments?post=61772"}],"version-history":[{"count":0,"href":"https:\/\/denizcankizil.tr\/uk\/wp-json\/wp\/v2\/posts\/61772\/revisions"}],"wp:attachment":[{"href":"https:\/\/denizcankizil.tr\/uk\/wp-json\/wp\/v2\/media?parent=61772"}],"wp:term":[{"taxonomy":"category","embeddable":true,"href":"https:\/\/denizcankizil.tr\/uk\/wp-json\/wp\/v2\/categories?post=61772"},{"taxonomy":"post_tag","embeddable":true,"href":"https:\/\/denizcankizil.tr\/uk\/wp-json\/wp\/v2\/tags?post=61772"}],"curies":[{"name":"wp","href":"https:\/\/api.w.org\/{rel}","templated":true}]}}