{"id":61771,"date":"2025-04-21T11:42:08","date_gmt":"2025-04-21T08:42:08","guid":{"rendered":"https:\/\/denizcankizil.tr\/uncategorized-tr\/belediyeden-andizli-mezarligi-aciklamasi-yol-calismasinda-karar-verildi\/"},"modified":"2025-04-21T11:42:08","modified_gmt":"2025-04-21T08:42:08","slug":"belediyeden-andizli-mezarligi-aciklamasi-yol-calismasinda-karar-verildi","status":"publish","type":"post","link":"https:\/\/denizcankizil.tr\/uk\/haberler\/gundem\/belediyeden-andizli-mezarligi-aciklamasi-yol-calismasinda-karar-verildi\/","title":{"rendered":"Belediyeden And\u0131zl\u0131 Mezarl\u0131\u011f\u0131 a\u00e7\u0131klamas\u0131! Yol \u00e7al\u0131\u015fmas\u0131nda karar verildi"},"content":{"rendered":"<p>Antalya B\u00fcy\u00fck\u015fehir Belediyesi&#8217;nin Muratpa\u015fa Y\u00fcksekalan Mahalles&#8217;indeki And\u0131zl\u0131 Mezarl\u0131\u011f\u0131&#8217;n\u0131n do\u011fusunda yap\u0131m\u0131na ba\u015flad\u0131\u011f\u0131 12 metrelik yol \u00e7al\u0131\u015fmas\u0131 b\u00fcy\u00fck tepki \u00e7ekmi\u015fti. Gelen tepkilerin ard\u0131ndan s\u00f6zl\u00fc bir a\u00e7\u0131klama yapan belediye yetkilileri kayg\u0131lar\u0131 giderdi.<\/p>\n<p>TEPK\u0130 VE KAYGI B\u0130R ARADA<\/p>\n<p>Antalya\u2019da hafta sonu And\u0131zl\u0131 Mezarl\u0131\u011f\u0131\u2019nda mezarl\u0131k ziyaretine giden vatanda\u015flar, mezarlar\u0131n bulundu\u011fu alanda 12 metrelik yeni bir yol a\u00e7\u0131ld\u0131\u011f\u0131n\u0131 g\u00f6r\u00fcnce \u015fok ya\u015fad\u0131. And\u0131zl\u0131 Mezarl\u0131\u011f\u0131&#8217;nda imar yolu a\u00e7mak isteyen B\u00fcy\u00fck\u015fehir Belediyesi&#8217;nin kendilerini bilgilendirmeden \u00e7al\u0131\u015fma ba\u015flatt\u0131\u011f\u0131n\u0131 s\u00f6yleyen mezar sahiplerinin yak\u0131nlar\u0131 hem tepki g\u00f6sterdi hem de kayg\u0131land\u0131.<\/p>\n<p>100\u2019E YAKIN MEZAR \u0130DD\u0130ASI<\/p>\n<p>Antalya K\u00f6rfez Gazetesi muhabiri Ertu\u011frul G\u00fcn&#8217;\u00fcn haberine g\u00f6re; Y\u00fcksekalan Mahalles&#8217;indeki And\u0131zl\u0131 Mezarl\u0131\u011f\u0131&#8217;n\u0131n do\u011fusunda yap\u0131m\u0131na ba\u015flad\u0131\u011f\u0131 12 metrelik imar yolu \u00fczerinde 100&#8217;e yak\u0131n mezar bulundu\u011funu belirten mezar sahiplerinin yak\u0131nlar\u0131 idareden a\u00e7\u0131klama beklediklerini duyurdu. Selanik g\u00f6\u00e7meni \u015eeyda G\u00fcven\u00e7 Duran, yap\u0131lan \u00e7al\u0131\u015fman\u0131n Selanik M\u00fcbadillerinin g\u00f6m\u00fcl\u00fc oldu\u011fu alanda oldu\u011funu ileri s\u00fcrm\u00fc\u015ft\u00fc.<\/p>\n<p>\u00c7ALI\u015eMA TEPK\u0130 \u00c7EKT\u0130<\/p>\n<p>\u015eeyda G\u00fcven\u00e7 Duran \u201cSiz hi\u00e7 mezarl\u0131k alan\u0131 i\u00e7inde 12 metrelik yol \u00e7al\u0131\u015fmas\u0131 g\u00f6rd\u00fcn\u00fcz m\u00fc? Dedelerimizin mezarlar\u0131na yeniden g\u00f6\u00e7 dayat\u0131l\u0131yor\u201d s\u00f6zleriyle duruma tepki g\u00f6sterdi. Duran, daha \u00f6nce de benzer giri\u015fimlerin ya\u015fand\u0131\u011f\u0131n\u0131 hat\u0131rlatt\u0131. Duran, 15 y\u0131l \u00f6nce k\u00f6m\u00fcrle i\u015faretlenen mezar alan\u0131na yap\u0131lmak istenen m\u00fcdahale kamuoyu bask\u0131s\u0131yla engellendi\u011fini s\u00f6ylemi\u015fti.<\/p>\n<p>ANDIZLI MEZARLI\u011eI A\u00c7IKLAMASI<\/p>\n<p>Antalya B\u00fcy\u00fck\u015fehir Belediyesi gelen tepkilerin ard\u0131ndan harekete ge\u00e7erek kayg\u0131lar\u0131 giderdi. Belediye yetkilileri taraf\u0131ndan kendisinin arand\u0131\u011f\u0131n\u0131 ifade eden \u015eeyda G\u00fcven\u00e7 Duran, \u201cBu sabah Fen \u0130\u015fleri Dairesi taraf\u0131ndan arand\u0131m. Yolun tamam\u0131n\u0131n a\u00e7\u0131lmayaca\u011f\u0131 y\u00f6n\u00fcnde bir bilgi verdiler. Umar\u0131m bizim kayg\u0131lar\u0131m\u0131z dikkate al\u0131n\u0131r\u201d dedi.<\/p>\n<p>\u200bAntalya B\u00fcy\u00fck\u015fehir Belediyesi, And\u0131zl\u0131 Mezarl\u0131\u011f\u0131nda ba\u015flat\u0131lan ve tepki \u00e7eken yol \u00e7al\u0131\u015fmas\u0131yla alakal\u0131 a\u00e7\u0131klama yapt\u0131. \u0130\u015fte detaylar&#8230;\u00a0<\/p>\n<p>\u200bHaberin Al\u0131nt\u0131land\u0131\u011f\u0131 Kaynak: www.antalyakorfez.com<\/p>","protected":false},"excerpt":{"rendered":"<p>Antalya B\u00fcy\u00fck\u015fehir Belediyesi&#8217;nin Muratpa\u015fa Y\u00fcksekalan Mahalles&#8217;indeki And\u0131zl\u0131 Mezarl\u0131\u011f\u0131&#8217;n\u0131n do\u011fusunda yap\u0131m\u0131na ba\u015flad\u0131\u011f\u0131 12 metrelik yol \u00e7al\u0131\u015fmas\u0131 b\u00fcy\u00fck tepki \u00e7ekmi\u015fti. Gelen tepkilerin ard\u0131ndan s\u00f6zl\u00fc bir a\u00e7\u0131klama yapan belediye yetkilileri kayg\u0131lar\u0131 giderdi. TEPK\u0130 VE KAYGI B\u0130R ARADA Antalya\u2019da hafta sonu And\u0131zl\u0131 Mezarl\u0131\u011f\u0131\u2019nda mezarl\u0131k ziyaretine giden vatanda\u015flar, mezarlar\u0131n bulundu\u011fu alanda 12 metrelik yeni bir yol a\u00e7\u0131ld\u0131\u011f\u0131n\u0131 g\u00f6r\u00fcnce \u015fok ya\u015fad\u0131. And\u0131zl\u0131 Mezarl\u0131\u011f\u0131&#8217;nda imar yolu a\u00e7mak isteyen B\u00fcy\u00fck\u015fehir Belediyesi&#8217;nin kendilerini bilgilendirmeden \u00e7al\u0131\u015fma ba\u015flatt\u0131\u011f\u0131n\u0131 s\u00f6yleyen mezar sahiplerinin yak\u0131nlar\u0131 hem tepki g\u00f6sterdi hem de kayg\u0131land\u0131. 100\u2019E YAKIN MEZAR \u0130DD\u0130ASI Antalya K\u00f6rfez Gazetesi muhabiri Ertu\u011frul G\u00fcn&#8217;\u00fcn haberine g\u00f6re; Y\u00fcksekalan Mahalles&#8217;indeki And\u0131zl\u0131 Mezarl\u0131\u011f\u0131&#8217;n\u0131n do\u011fusunda yap\u0131m\u0131na ba\u015flad\u0131\u011f\u0131 12 metrelik imar yolu \u00fczerinde 100&#8217;e yak\u0131n mezar bulundu\u011funu belirten mezar sahiplerinin yak\u0131nlar\u0131 idareden a\u00e7\u0131klama beklediklerini duyurdu. Selanik g\u00f6\u00e7meni \u015eeyda G\u00fcven\u00e7 Duran, yap\u0131lan \u00e7al\u0131\u015fman\u0131n Selanik M\u00fcbadillerinin g\u00f6m\u00fcl\u00fc oldu\u011fu alanda oldu\u011funu ileri s\u00fcrm\u00fc\u015ft\u00fc. \u00c7ALI\u015eMA TEPK\u0130 \u00c7EKT\u0130 \u015eeyda G\u00fcven\u00e7 Duran \u201cSiz hi\u00e7 mezarl\u0131k alan\u0131 i\u00e7inde 12 metrelik yol \u00e7al\u0131\u015fmas\u0131 g\u00f6rd\u00fcn\u00fcz m\u00fc? Dedelerimizin mezarlar\u0131na yeniden g\u00f6\u00e7 dayat\u0131l\u0131yor\u201d s\u00f6zleriyle duruma tepki g\u00f6sterdi. Duran, daha \u00f6nce de benzer giri\u015fimlerin ya\u015fand\u0131\u011f\u0131n\u0131 hat\u0131rlatt\u0131. Duran, 15 y\u0131l \u00f6nce k\u00f6m\u00fcrle i\u015faretlenen mezar alan\u0131na yap\u0131lmak istenen m\u00fcdahale kamuoyu bask\u0131s\u0131yla engellendi\u011fini s\u00f6ylemi\u015fti. ANDIZLI MEZARLI\u011eI A\u00c7IKLAMASI Antalya B\u00fcy\u00fck\u015fehir Belediyesi gelen tepkilerin ard\u0131ndan harekete ge\u00e7erek kayg\u0131lar\u0131 giderdi. Belediye yetkilileri taraf\u0131ndan kendisinin arand\u0131\u011f\u0131n\u0131 ifade eden \u015eeyda G\u00fcven\u00e7 Duran, &hellip;<\/p>","protected":false},"author":5,"featured_media":0,"comment_status":"","ping_status":"open","sticky":false,"template":"","format":"standard","meta":{"_acf_changed":false,"footnotes":""},"categories":[24],"tags":[],"class_list":["post-61771","post","type-post","status-publish","format-standard","has-post-thumbnail","hentry","category-gundem"],"acf":[],"yoast_head":"<!-- This site is optimized with the Yoast SEO Premium plugin v26.6 (Yoast SEO v27.1.1) - https:\/\/yoast.com\/product\/yoast-seo-premium-wordpress\/ -->\n<title>Belediyeden And\u0131zl\u0131 Mezarl\u0131\u011f\u0131 a\u00e7\u0131klamas\u0131! Yol \u00e7al\u0131\u015fmas\u0131nda karar verildi - Av. Deniz Can K\u0131z\u0131l<\/title>\n<meta name=\"robots\" content=\"index, follow, max-snippet:-1, max-image-preview:large, max-video-preview:-1\" \/>\n<link rel=\"canonical\" href=\"https:\/\/denizcankizil.tr\/uk\/haberler\/gundem\/belediyeden-andizli-mezarligi-aciklamasi-yol-calismasinda-karar-verildi\/\" \/>\n<meta property=\"og:locale\" content=\"uk_UA\" \/>\n<meta property=\"og:type\" content=\"article\" \/>\n<meta property=\"og:title\" content=\"Belediyeden And\u0131zl\u0131 Mezarl\u0131\u011f\u0131 a\u00e7\u0131klamas\u0131! Yol \u00e7al\u0131\u015fmas\u0131nda karar verildi\" \/>\n<meta property=\"og:description\" content=\"Antalya B\u00fcy\u00fck\u015fehir Belediyesi&#8217;nin Muratpa\u015fa Y\u00fcksekalan Mahalles&#8217;indeki And\u0131zl\u0131 Mezarl\u0131\u011f\u0131&#8217;n\u0131n do\u011fusunda yap\u0131m\u0131na ba\u015flad\u0131\u011f\u0131 12 metrelik yol \u00e7al\u0131\u015fmas\u0131 b\u00fcy\u00fck tepki \u00e7ekmi\u015fti. Gelen tepkilerin ard\u0131ndan s\u00f6zl\u00fc bir a\u00e7\u0131klama yapan belediye yetkilileri kayg\u0131lar\u0131 giderdi. TEPK\u0130 VE KAYGI B\u0130R ARADA Antalya\u2019da hafta sonu And\u0131zl\u0131 Mezarl\u0131\u011f\u0131\u2019nda mezarl\u0131k ziyaretine giden vatanda\u015flar, mezarlar\u0131n bulundu\u011fu alanda 12 metrelik yeni bir yol a\u00e7\u0131ld\u0131\u011f\u0131n\u0131 g\u00f6r\u00fcnce \u015fok ya\u015fad\u0131. And\u0131zl\u0131 Mezarl\u0131\u011f\u0131&#8217;nda imar yolu a\u00e7mak isteyen B\u00fcy\u00fck\u015fehir Belediyesi&#8217;nin kendilerini bilgilendirmeden \u00e7al\u0131\u015fma ba\u015flatt\u0131\u011f\u0131n\u0131 s\u00f6yleyen mezar sahiplerinin yak\u0131nlar\u0131 hem tepki g\u00f6sterdi hem de kayg\u0131land\u0131. 100\u2019E YAKIN MEZAR \u0130DD\u0130ASI Antalya K\u00f6rfez Gazetesi muhabiri Ertu\u011frul G\u00fcn&#8217;\u00fcn haberine g\u00f6re; Y\u00fcksekalan Mahalles&#8217;indeki And\u0131zl\u0131 Mezarl\u0131\u011f\u0131&#8217;n\u0131n do\u011fusunda yap\u0131m\u0131na ba\u015flad\u0131\u011f\u0131 12 metrelik imar yolu \u00fczerinde 100&#8217;e yak\u0131n mezar bulundu\u011funu belirten mezar sahiplerinin yak\u0131nlar\u0131 idareden a\u00e7\u0131klama beklediklerini duyurdu. Selanik g\u00f6\u00e7meni \u015eeyda G\u00fcven\u00e7 Duran, yap\u0131lan \u00e7al\u0131\u015fman\u0131n Selanik M\u00fcbadillerinin g\u00f6m\u00fcl\u00fc oldu\u011fu alanda oldu\u011funu ileri s\u00fcrm\u00fc\u015ft\u00fc. \u00c7ALI\u015eMA TEPK\u0130 \u00c7EKT\u0130 \u015eeyda G\u00fcven\u00e7 Duran \u201cSiz hi\u00e7 mezarl\u0131k alan\u0131 i\u00e7inde 12 metrelik yol \u00e7al\u0131\u015fmas\u0131 g\u00f6rd\u00fcn\u00fcz m\u00fc? Dedelerimizin mezarlar\u0131na yeniden g\u00f6\u00e7 dayat\u0131l\u0131yor\u201d s\u00f6zleriyle duruma tepki g\u00f6sterdi. Duran, daha \u00f6nce de benzer giri\u015fimlerin ya\u015fand\u0131\u011f\u0131n\u0131 hat\u0131rlatt\u0131. Duran, 15 y\u0131l \u00f6nce k\u00f6m\u00fcrle i\u015faretlenen mezar alan\u0131na yap\u0131lmak istenen m\u00fcdahale kamuoyu bask\u0131s\u0131yla engellendi\u011fini s\u00f6ylemi\u015fti. ANDIZLI MEZARLI\u011eI A\u00c7IKLAMASI Antalya B\u00fcy\u00fck\u015fehir Belediyesi gelen tepkilerin ard\u0131ndan harekete ge\u00e7erek kayg\u0131lar\u0131 giderdi. Belediye yetkilileri taraf\u0131ndan kendisinin arand\u0131\u011f\u0131n\u0131 ifade eden \u015eeyda G\u00fcven\u00e7 Duran, &hellip;\" \/>\n<meta property=\"og:url\" content=\"https:\/\/denizcankizil.tr\/uk\/haberler\/gundem\/belediyeden-andizli-mezarligi-aciklamasi-yol-calismasinda-karar-verildi\/\" \/>\n<meta property=\"og:site_name\" content=\"Av. Deniz Can K\u0131z\u0131l\" \/>\n<meta property=\"article:published_time\" content=\"2025-04-21T08:42:08+00:00\" \/>\n<meta name=\"author\" content=\"Antalya K\u00f6rfez\" \/>\n<meta name=\"twitter:card\" content=\"summary_large_image\" \/>\n<meta name=\"twitter:label1\" content=\"\u041d\u0430\u043f\u0438\u0441\u0430\u043d\u043e\" \/>\n\t<meta name=\"twitter:data1\" content=\"Antalya K\u00f6rfez\" \/>\n\t<meta name=\"twitter:label2\" content=\"\u041f\u0440\u0438\u0431\u043b. \u0447\u0430\u0441 \u0447\u0438\u0442\u0430\u043d\u043d\u044f\" \/>\n\t<meta name=\"twitter:data2\" content=\"2 \u0445\u0432\u0438\u043b\u0438\u043d\u0438\" \/>\n<script type=\"application\/ld+json\" class=\"yoast-schema-graph\">{\"@context\":\"https:\/\/schema.org\",\"@graph\":[{\"@type\":\"Article\",\"@id\":\"https:\/\/denizcankizil.tr\/uk\/haberler\/gundem\/belediyeden-andizli-mezarligi-aciklamasi-yol-calismasinda-karar-verildi\/#article\",\"isPartOf\":{\"@id\":\"https:\/\/denizcankizil.tr\/uk\/haberler\/gundem\/belediyeden-andizli-mezarligi-aciklamasi-yol-calismasinda-karar-verildi\/\"},\"author\":{\"name\":\"Antalya K\u00f6rfez\",\"@id\":\"https:\/\/denizcankizil.tr\/#\/schema\/person\/e1eb71bb4dd684d46563f0af307e1234\"},\"headline\":\"Belediyeden And\u0131zl\u0131 Mezarl\u0131\u011f\u0131 a\u00e7\u0131klamas\u0131! Yol \u00e7al\u0131\u015fmas\u0131nda karar verildi\",\"datePublished\":\"2025-04-21T08:42:08+00:00\",\"mainEntityOfPage\":{\"@id\":\"https:\/\/denizcankizil.tr\/uk\/haberler\/gundem\/belediyeden-andizli-mezarligi-aciklamasi-yol-calismasinda-karar-verildi\/\"},\"wordCount\":394,\"publisher\":{\"@id\":\"https:\/\/denizcankizil.tr\/#organization\"},\"articleSection\":[\"G\u00fcndem\"],\"inLanguage\":\"uk\"},{\"@type\":\"WebPage\",\"@id\":\"https:\/\/denizcankizil.tr\/uk\/haberler\/gundem\/belediyeden-andizli-mezarligi-aciklamasi-yol-calismasinda-karar-verildi\/\",\"url\":\"https:\/\/denizcankizil.tr\/uk\/haberler\/gundem\/belediyeden-andizli-mezarligi-aciklamasi-yol-calismasinda-karar-verildi\/\",\"name\":\"Belediyeden And\u0131zl\u0131 Mezarl\u0131\u011f\u0131 a\u00e7\u0131klamas\u0131! Yol \u00e7al\u0131\u015fmas\u0131nda karar verildi - Av. Deniz Can K\u0131z\u0131l\",\"isPartOf\":{\"@id\":\"https:\/\/denizcankizil.tr\/#website\"},\"datePublished\":\"2025-04-21T08:42:08+00:00\",\"breadcrumb\":{\"@id\":\"https:\/\/denizcankizil.tr\/uk\/haberler\/gundem\/belediyeden-andizli-mezarligi-aciklamasi-yol-calismasinda-karar-verildi\/#breadcrumb\"},\"inLanguage\":\"uk\",\"potentialAction\":[{\"@type\":\"ReadAction\",\"target\":[\"https:\/\/denizcankizil.tr\/uk\/haberler\/gundem\/belediyeden-andizli-mezarligi-aciklamasi-yol-calismasinda-karar-verildi\/\"]}]},{\"@type\":\"BreadcrumbList\",\"@id\":\"https:\/\/denizcankizil.tr\/uk\/haberler\/gundem\/belediyeden-andizli-mezarligi-aciklamasi-yol-calismasinda-karar-verildi\/#breadcrumb\",\"itemListElement\":[{\"@type\":\"ListItem\",\"position\":1,\"name\":\"Home\",\"item\":\"https:\/\/denizcankizil.tr\/de\/\"},{\"@type\":\"ListItem\",\"position\":2,\"name\":\"Belediyeden And\u0131zl\u0131 Mezarl\u0131\u011f\u0131 a\u00e7\u0131klamas\u0131! Yol \u00e7al\u0131\u015fmas\u0131nda karar verildi\"}]},{\"@type\":\"WebSite\",\"@id\":\"https:\/\/denizcankizil.tr\/#website\",\"url\":\"https:\/\/denizcankizil.tr\/\",\"name\":\"Av. Deniz Can K\u0131z\u0131l\",\"description\":\"Avukat Deniz Can K\u0131z\u0131l Antalya Barosu\",\"publisher\":{\"@id\":\"https:\/\/denizcankizil.tr\/#organization\"},\"potentialAction\":[{\"@type\":\"SearchAction\",\"target\":{\"@type\":\"EntryPoint\",\"urlTemplate\":\"https:\/\/denizcankizil.tr\/?s={search_term_string}\"},\"query-input\":{\"@type\":\"PropertyValueSpecification\",\"valueRequired\":true,\"valueName\":\"search_term_string\"}}],\"inLanguage\":\"uk\"},{\"@type\":\"Organization\",\"@id\":\"https:\/\/denizcankizil.tr\/#organization\",\"name\":\"Av. Deniz Can K\u0131z\u0131l\",\"url\":\"https:\/\/denizcankizil.tr\/\",\"logo\":{\"@type\":\"ImageObject\",\"inLanguage\":\"uk\",\"@id\":\"https:\/\/denizcankizil.tr\/#\/schema\/logo\/image\/\",\"url\":\"https:\/\/denizcankizil.tr\/wp-content\/uploads\/2024\/10\/siyah-logo-svg.svg\",\"contentUrl\":\"https:\/\/denizcankizil.tr\/wp-content\/uploads\/2024\/10\/siyah-logo-svg.svg\",\"width\":1080,\"height\":1080,\"caption\":\"Av. Deniz Can K\u0131z\u0131l\"},\"image\":{\"@id\":\"https:\/\/denizcankizil.tr\/#\/schema\/logo\/image\/\"}},{\"@type\":\"Person\",\"@id\":\"https:\/\/denizcankizil.tr\/#\/schema\/person\/e1eb71bb4dd684d46563f0af307e1234\",\"name\":\"Antalya K\u00f6rfez\",\"image\":{\"@type\":\"ImageObject\",\"inLanguage\":\"uk\",\"@id\":\"https:\/\/denizcankizil.tr\/#\/schema\/person\/image\/\",\"url\":\"https:\/\/secure.gravatar.com\/avatar\/42b01982558a48a0b501fdcab6a408d3717ea5919095ee2e67b0e521799c5905?s=96&d=mm&r=g\",\"contentUrl\":\"https:\/\/secure.gravatar.com\/avatar\/42b01982558a48a0b501fdcab6a408d3717ea5919095ee2e67b0e521799c5905?s=96&d=mm&r=g\",\"caption\":\"Antalya K\u00f6rfez\"},\"sameAs\":[\"http:\/\/www.antalyakorfez.com\"],\"url\":\"https:\/\/www.antalyakorfez.com\/belediyeden-andizli-mezarligi-aciklamasi-yol-calismasinda-karar-verildi\"}]}<\/script>\n<!-- \/ Yoast SEO Premium plugin. -->","yoast_head_json":{"title":"Belediyeden And\u0131zl\u0131 Mezarl\u0131\u011f\u0131 a\u00e7\u0131klamas\u0131! Yol \u00e7al\u0131\u015fmas\u0131nda karar verildi - Av. Deniz Can K\u0131z\u0131l","robots":{"index":"index","follow":"follow","max-snippet":"max-snippet:-1","max-image-preview":"max-image-preview:large","max-video-preview":"max-video-preview:-1"},"canonical":"https:\/\/denizcankizil.tr\/uk\/haberler\/gundem\/belediyeden-andizli-mezarligi-aciklamasi-yol-calismasinda-karar-verildi\/","og_locale":"uk_UA","og_type":"article","og_title":"Belediyeden And\u0131zl\u0131 Mezarl\u0131\u011f\u0131 a\u00e7\u0131klamas\u0131! Yol \u00e7al\u0131\u015fmas\u0131nda karar verildi","og_description":"Antalya B\u00fcy\u00fck\u015fehir Belediyesi&#8217;nin Muratpa\u015fa Y\u00fcksekalan Mahalles&#8217;indeki And\u0131zl\u0131 Mezarl\u0131\u011f\u0131&#8217;n\u0131n do\u011fusunda yap\u0131m\u0131na ba\u015flad\u0131\u011f\u0131 12 metrelik yol \u00e7al\u0131\u015fmas\u0131 b\u00fcy\u00fck tepki \u00e7ekmi\u015fti. Gelen tepkilerin ard\u0131ndan s\u00f6zl\u00fc bir a\u00e7\u0131klama yapan belediye yetkilileri kayg\u0131lar\u0131 giderdi. TEPK\u0130 VE KAYGI B\u0130R ARADA Antalya\u2019da hafta sonu And\u0131zl\u0131 Mezarl\u0131\u011f\u0131\u2019nda mezarl\u0131k ziyaretine giden vatanda\u015flar, mezarlar\u0131n bulundu\u011fu alanda 12 metrelik yeni bir yol a\u00e7\u0131ld\u0131\u011f\u0131n\u0131 g\u00f6r\u00fcnce \u015fok ya\u015fad\u0131. And\u0131zl\u0131 Mezarl\u0131\u011f\u0131&#8217;nda imar yolu a\u00e7mak isteyen B\u00fcy\u00fck\u015fehir Belediyesi&#8217;nin kendilerini bilgilendirmeden \u00e7al\u0131\u015fma ba\u015flatt\u0131\u011f\u0131n\u0131 s\u00f6yleyen mezar sahiplerinin yak\u0131nlar\u0131 hem tepki g\u00f6sterdi hem de kayg\u0131land\u0131. 100\u2019E YAKIN MEZAR \u0130DD\u0130ASI Antalya K\u00f6rfez Gazetesi muhabiri Ertu\u011frul G\u00fcn&#8217;\u00fcn haberine g\u00f6re; Y\u00fcksekalan Mahalles&#8217;indeki And\u0131zl\u0131 Mezarl\u0131\u011f\u0131&#8217;n\u0131n do\u011fusunda yap\u0131m\u0131na ba\u015flad\u0131\u011f\u0131 12 metrelik imar yolu \u00fczerinde 100&#8217;e yak\u0131n mezar bulundu\u011funu belirten mezar sahiplerinin yak\u0131nlar\u0131 idareden a\u00e7\u0131klama beklediklerini duyurdu. Selanik g\u00f6\u00e7meni \u015eeyda G\u00fcven\u00e7 Duran, yap\u0131lan \u00e7al\u0131\u015fman\u0131n Selanik M\u00fcbadillerinin g\u00f6m\u00fcl\u00fc oldu\u011fu alanda oldu\u011funu ileri s\u00fcrm\u00fc\u015ft\u00fc. \u00c7ALI\u015eMA TEPK\u0130 \u00c7EKT\u0130 \u015eeyda G\u00fcven\u00e7 Duran \u201cSiz hi\u00e7 mezarl\u0131k alan\u0131 i\u00e7inde 12 metrelik yol \u00e7al\u0131\u015fmas\u0131 g\u00f6rd\u00fcn\u00fcz m\u00fc? Dedelerimizin mezarlar\u0131na yeniden g\u00f6\u00e7 dayat\u0131l\u0131yor\u201d s\u00f6zleriyle duruma tepki g\u00f6sterdi. Duran, daha \u00f6nce de benzer giri\u015fimlerin ya\u015fand\u0131\u011f\u0131n\u0131 hat\u0131rlatt\u0131. Duran, 15 y\u0131l \u00f6nce k\u00f6m\u00fcrle i\u015faretlenen mezar alan\u0131na yap\u0131lmak istenen m\u00fcdahale kamuoyu bask\u0131s\u0131yla engellendi\u011fini s\u00f6ylemi\u015fti. ANDIZLI MEZARLI\u011eI A\u00c7IKLAMASI Antalya B\u00fcy\u00fck\u015fehir Belediyesi gelen tepkilerin ard\u0131ndan harekete ge\u00e7erek kayg\u0131lar\u0131 giderdi. Belediye yetkilileri taraf\u0131ndan kendisinin arand\u0131\u011f\u0131n\u0131 ifade eden \u015eeyda G\u00fcven\u00e7 Duran, &hellip;","og_url":"https:\/\/denizcankizil.tr\/uk\/haberler\/gundem\/belediyeden-andizli-mezarligi-aciklamasi-yol-calismasinda-karar-verildi\/","og_site_name":"Av. Deniz Can K\u0131z\u0131l","article_published_time":"2025-04-21T08:42:08+00:00","author":"Antalya K\u00f6rfez","twitter_card":"summary_large_image","twitter_misc":{"\u041d\u0430\u043f\u0438\u0441\u0430\u043d\u043e":"Antalya K\u00f6rfez","\u041f\u0440\u0438\u0431\u043b. \u0447\u0430\u0441 \u0447\u0438\u0442\u0430\u043d\u043d\u044f":"2 \u0445\u0432\u0438\u043b\u0438\u043d\u0438"},"schema":{"@context":"https:\/\/schema.org","@graph":[{"@type":"Article","@id":"https:\/\/denizcankizil.tr\/uk\/haberler\/gundem\/belediyeden-andizli-mezarligi-aciklamasi-yol-calismasinda-karar-verildi\/#article","isPartOf":{"@id":"https:\/\/denizcankizil.tr\/uk\/haberler\/gundem\/belediyeden-andizli-mezarligi-aciklamasi-yol-calismasinda-karar-verildi\/"},"author":{"name":"Antalya K\u00f6rfez","@id":"https:\/\/denizcankizil.tr\/#\/schema\/person\/e1eb71bb4dd684d46563f0af307e1234"},"headline":"Belediyeden And\u0131zl\u0131 Mezarl\u0131\u011f\u0131 a\u00e7\u0131klamas\u0131! Yol \u00e7al\u0131\u015fmas\u0131nda karar verildi","datePublished":"2025-04-21T08:42:08+00:00","mainEntityOfPage":{"@id":"https:\/\/denizcankizil.tr\/uk\/haberler\/gundem\/belediyeden-andizli-mezarligi-aciklamasi-yol-calismasinda-karar-verildi\/"},"wordCount":394,"publisher":{"@id":"https:\/\/denizcankizil.tr\/#organization"},"articleSection":["G\u00fcndem"],"inLanguage":"uk"},{"@type":"WebPage","@id":"https:\/\/denizcankizil.tr\/uk\/haberler\/gundem\/belediyeden-andizli-mezarligi-aciklamasi-yol-calismasinda-karar-verildi\/","url":"https:\/\/denizcankizil.tr\/uk\/haberler\/gundem\/belediyeden-andizli-mezarligi-aciklamasi-yol-calismasinda-karar-verildi\/","name":"Belediyeden And\u0131zl\u0131 Mezarl\u0131\u011f\u0131 a\u00e7\u0131klamas\u0131! Yol \u00e7al\u0131\u015fmas\u0131nda karar verildi - Av. Deniz Can K\u0131z\u0131l","isPartOf":{"@id":"https:\/\/denizcankizil.tr\/#website"},"datePublished":"2025-04-21T08:42:08+00:00","breadcrumb":{"@id":"https:\/\/denizcankizil.tr\/uk\/haberler\/gundem\/belediyeden-andizli-mezarligi-aciklamasi-yol-calismasinda-karar-verildi\/#breadcrumb"},"inLanguage":"uk","potentialAction":[{"@type":"ReadAction","target":["https:\/\/denizcankizil.tr\/uk\/haberler\/gundem\/belediyeden-andizli-mezarligi-aciklamasi-yol-calismasinda-karar-verildi\/"]}]},{"@type":"BreadcrumbList","@id":"https:\/\/denizcankizil.tr\/uk\/haberler\/gundem\/belediyeden-andizli-mezarligi-aciklamasi-yol-calismasinda-karar-verildi\/#breadcrumb","itemListElement":[{"@type":"ListItem","position":1,"name":"Home","item":"https:\/\/denizcankizil.tr\/de\/"},{"@type":"ListItem","position":2,"name":"Belediyeden And\u0131zl\u0131 Mezarl\u0131\u011f\u0131 a\u00e7\u0131klamas\u0131! Yol \u00e7al\u0131\u015fmas\u0131nda karar verildi"}]},{"@type":"WebSite","@id":"https:\/\/denizcankizil.tr\/#website","url":"https:\/\/denizcankizil.tr\/","name":"Av. Deniz Can K\u0131z\u0131l","description":"Avukat Deniz Can K\u0131z\u0131l Antalya Barosu","publisher":{"@id":"https:\/\/denizcankizil.tr\/#organization"},"potentialAction":[{"@type":"SearchAction","target":{"@type":"EntryPoint","urlTemplate":"https:\/\/denizcankizil.tr\/?s={search_term_string}"},"query-input":{"@type":"PropertyValueSpecification","valueRequired":true,"valueName":"search_term_string"}}],"inLanguage":"uk"},{"@type":"Organization","@id":"https:\/\/denizcankizil.tr\/#organization","name":"Av. Deniz Can K\u0131z\u0131l","url":"https:\/\/denizcankizil.tr\/","logo":{"@type":"ImageObject","inLanguage":"uk","@id":"https:\/\/denizcankizil.tr\/#\/schema\/logo\/image\/","url":"https:\/\/denizcankizil.tr\/wp-content\/uploads\/2024\/10\/siyah-logo-svg.svg","contentUrl":"https:\/\/denizcankizil.tr\/wp-content\/uploads\/2024\/10\/siyah-logo-svg.svg","width":1080,"height":1080,"caption":"Av. Deniz Can K\u0131z\u0131l"},"image":{"@id":"https:\/\/denizcankizil.tr\/#\/schema\/logo\/image\/"}},{"@type":"Person","@id":"https:\/\/denizcankizil.tr\/#\/schema\/person\/e1eb71bb4dd684d46563f0af307e1234","name":"Antalya K\u00f6rfez","image":{"@type":"ImageObject","inLanguage":"uk","@id":"https:\/\/denizcankizil.tr\/#\/schema\/person\/image\/","url":"https:\/\/secure.gravatar.com\/avatar\/42b01982558a48a0b501fdcab6a408d3717ea5919095ee2e67b0e521799c5905?s=96&d=mm&r=g","contentUrl":"https:\/\/secure.gravatar.com\/avatar\/42b01982558a48a0b501fdcab6a408d3717ea5919095ee2e67b0e521799c5905?s=96&d=mm&r=g","caption":"Antalya K\u00f6rfez"},"sameAs":["http:\/\/www.antalyakorfez.com"],"url":"https:\/\/www.antalyakorfez.com\/belediyeden-andizli-mezarligi-aciklamasi-yol-calismasinda-karar-verildi"}]}},"_links":{"self":[{"href":"https:\/\/denizcankizil.tr\/uk\/wp-json\/wp\/v2\/posts\/61771","targetHints":{"allow":["GET"]}}],"collection":[{"href":"https:\/\/denizcankizil.tr\/uk\/wp-json\/wp\/v2\/posts"}],"about":[{"href":"https:\/\/denizcankizil.tr\/uk\/wp-json\/wp\/v2\/types\/post"}],"author":[{"embeddable":true,"href":"https:\/\/denizcankizil.tr\/uk\/wp-json\/wp\/v2\/users\/5"}],"replies":[{"embeddable":true,"href":"https:\/\/denizcankizil.tr\/uk\/wp-json\/wp\/v2\/comments?post=61771"}],"version-history":[{"count":0,"href":"https:\/\/denizcankizil.tr\/uk\/wp-json\/wp\/v2\/posts\/61771\/revisions"}],"wp:attachment":[{"href":"https:\/\/denizcankizil.tr\/uk\/wp-json\/wp\/v2\/media?parent=61771"}],"wp:term":[{"taxonomy":"category","embeddable":true,"href":"https:\/\/denizcankizil.tr\/uk\/wp-json\/wp\/v2\/categories?post=61771"},{"taxonomy":"post_tag","embeddable":true,"href":"https:\/\/denizcankizil.tr\/uk\/wp-json\/wp\/v2\/tags?post=61771"}],"curies":[{"name":"wp","href":"https:\/\/api.w.org\/{rel}","templated":true}]}}