{"id":6100,"date":"2024-10-21T12:55:09","date_gmt":"2024-10-21T09:55:09","guid":{"rendered":"https:\/\/denizcankizil.tr\/uncategorized-tr\/antalyada-vatandaslik-oturma-ve-calisma-izni-hukuku\/"},"modified":"2024-10-21T12:55:09","modified_gmt":"2024-10-21T09:55:09","slug":"antalyada-vatandaslik-oturma-ve-calisma-izni-hukuku","status":"publish","type":"post","link":"https:\/\/denizcankizil.tr\/uk\/seo\/antalyada-vatandaslik-oturma-ve-calisma-izni-hukuku\/","title":{"rendered":"Antalya&#8217;da Vatanda\u015fl\u0131k, Oturma ve \u00c7al\u0131\u015fma \u0130zni Hukuku"},"content":{"rendered":"<p> <strong>Antalya&#8217;da Vatanda\u015fl\u0131k, Oturma ve \u00c7al\u0131\u015fma \u0130zni Hukuku: Teorik ve Pratik Boyutlar<\/strong><\/p>\n<p>Son y\u0131llarda T\u00fcrkiye, \u00f6zellikle Antalya gibi turistik merkezlerde, yabanc\u0131 yat\u0131r\u0131mc\u0131lar ve g\u00f6\u00e7menler i\u00e7in cazip bir destinasyon haline gelmi\u015ftir. Bu durum, hem ekonomik b\u00fcy\u00fcme hem de demografik \u00e7e\u015fitlilik a\u00e7\u0131s\u0131ndan \u00f6nemli f\u0131rsatlar sunarken, ayn\u0131 zamanda hukuki d\u00fczenlemeler ve uygulamalar bak\u0131m\u0131ndan da \u00e7e\u015fitli \u2063sorunlar\u0131 beraberinde getirmektedir. Bu \u00e7al\u0131\u015fmada, Antalya&#8217;da vatanda\u015fl\u0131k,\u2062 oturma ve \u00e7al\u0131\u015fma izni hukukunun g\u00fcncel \u2062durumu incelenecek; yasal s\u00fcre\u00e7ler, mevcut mevzuat, uygulama sorunlar\u0131 \u2063ve \u00e7\u00f6z\u00fcm \u00f6nerileri \u00fczerinde durulacakt\u0131r. T\u00fcrkiye&#8217;nin uluslararas\u0131 hukuk\u2062 ba\u011flam\u0131ndaki y\u00fck\u00fcml\u00fcl\u00fckleri ile birlikte, g\u00f6\u00e7 politikalar\u0131n\u0131n ve\u200b hukuki d\u00fczenlemelerin dinamik yap\u0131s\u0131, yerel d\u00fczeydeki etkileriyle ele al\u0131narak tart\u0131\u015f\u0131lacakt\u0131r. \u200cBu ba\u011flamda, Antalya \u00f6rne\u011fi \u00fczerinden, T\u00fcrkiye&#8217;de yabanc\u0131lara y\u00f6nelik hukuki koruma mekanizmalar\u0131n\u0131n \u200betkilili\u011fi, s\u00fcrd\u00fcr\u00fclebilirlik ve \u200dsosyal \u2062uyum gibi temel kavramlarla ili\u015fkilendirilerek \u200dderinlemesine analiz edilecektir. Bu \u00e7al\u0131\u015fma, hem akademik bir perspektif sunmakta hem de uygulay\u0131c\u0131lar i\u00e7in \u00f6nemli bir \u200brehber olmay\u0131 hedeflemektedir.<br \/><img decoding=\"async\" class=\"kimage_class lazyload\" data-src=\"https:\/\/denizcankizil.tr\/wp-content\/uploads\/2024\/10\/puo6A-253D.jpg\" alt=\"Antalyada Vatanda\u015fl\u0131k Ba\u015fvurular\u0131nda Dikkat Edilmesi Gereken Hukuki \u2063Unsurlar\" src=\"data:image\/svg+xml;base64,PHN2ZyB3aWR0aD0iMSIgaGVpZ2h0PSIxIiB4bWxucz0iaHR0cDovL3d3dy53My5vcmcvMjAwMC9zdmciPjwvc3ZnPg==\"><\/p>\n<h2 id=\"antalyada-vatandaslik-basvurularinda-dikkat-edilmesi-gereken-hukuki-unsurlar\">Antalyada Vatanda\u015fl\u0131k Ba\u015fvurular\u0131nda Dikkat Edilmesi Gereken Hukuki Unsurlar<\/h2>\n<p>Antalya&#8217;da vatanda\u015fl\u0131k \u200dba\u015fvurular\u0131, bir\u00e7ok hukuki unsurun titizlikle de\u011ferlendirilmesini gerektiren bir s\u00fcre\u00e7tir.\u2062 Bu ba\u015fvurular, yaln\u0131zca gerekli\u2062 belgelerin toplanmas\u0131n\u0131 de\u011fil, \u200dayn\u0131 zamanda ba\u015fvuru \u200dsahibinin uydu\u011fu hukuki normlar\u0131\u200b da g\u00f6z \u00f6n\u00fcnde bulundurmal\u0131d\u0131r.\u200c Ba\u015fvuruda bulunmadan \u00f6nce, a\u015fa\u011f\u0131daki <strong>hukuki unsurlar<\/strong>\u0131n g\u00f6zden ge\u00e7irilmesi \u00f6nemlidir:<\/p>\n<ul>\n<li><strong>Kimlik Belgeleri:<\/strong> Ba\u015fvuru sahibinin \u2064ge\u00e7erli kimlik belgeleri ile ba\u015fvuruda bulunmas\u0131\u2062 \u015fartt\u0131r.<\/li>\n<li><strong>\u0130kamet \u015eartlar\u0131:<\/strong> Antalya\u2019da\u200c s\u00fcrekli ikamet etti\u011finizi belgeleyen belgeler sunulmal\u0131d\u0131r.<\/li>\n<li><strong>Ekonomik Yeterlilik:<\/strong> Ba\u015fvuru sahibinin\u200b ekonomik durumu, \u200bvatanda\u015fl\u0131k ba\u015fvurusu a\u00e7\u0131s\u0131ndan de\u011ferlendirilmektedir.<\/li>\n<\/ul>\n<p>Ayr\u0131ca, vatanda\u015fl\u0131k ba\u015fvurular\u0131nda dikkat edilmesi gereken bir di\u011fer \u00f6nemli husus, hukuki y\u00fck\u00fcml\u00fcl\u00fcklerin yerine getirilmesidir. Ba\u015fvuru sahibinin, T\u00fcrkiye Cumhuriyeti yasalar\u0131na uygun olarak herhangi bir su\u00e7 i\u015flememi\u015f olmas\u0131 gerekmektedir. Bu \u2063noktada, <strong>hukuki dan\u0131\u015fmanl\u0131k<\/strong> alman\u0131n faydas\u0131 b\u00fcy\u00fck olabilir. Dan\u0131\u015fmanl\u0131k, s\u00fcrecin daha sa\u011fl\u0131kl\u0131 ilerlemesine ve olas\u0131 hukuki sorunlar\u0131n \u00f6n\u00fcne ge\u00e7ilmesine yard\u0131mc\u0131 olabilir.<\/p>\n<p>Tablo 1. Antalya&#8217;da Vatanda\u015fl\u0131k Ba\u015fvurusu \u0130\u00e7in Gerekli Belgeler:<\/p>\n<table class=\"wp-table\">\n<thead>\n<tr>\n<th>Belge T\u00fcr\u00fc<\/th>\n<th>\u041f\u043e\u044f\u0441\u043d\u0435\u043d\u043d\u044f<\/th>\n<\/tr>\n<\/thead>\n<tbody>\n<tr>\n<td>Pasaport<\/td>\n<td>Ge\u00e7erli pasaport fotokopisi<\/td>\n<\/tr>\n<tr>\n<td>\u0130kamet \u0130zni<\/td>\n<td>Ge\u00e7erli oturma izni belgesi<\/td>\n<\/tr>\n<tr>\n<td>Gelir \u200dBelgesi<\/td>\n<td>Son 3 aya ait gelir belgeleri<\/td>\n<\/tr>\n<\/tbody>\n<\/table>\n<p><img decoding=\"async\" class=\"kimage_class lazyload\" data-src=\"https:\/\/denizcankizil.tr\/wp-content\/uploads\/2024\/10\/4376-antalyada-tuketici-hukuku-avukatlarinin-sorumluluklari.jpg\" alt=\"Yabanc\u0131lar\u0131n \u200dOturma \u2063\u0130zni Al\u0131m S\u00fcrecinde\u2063 Kar\u015f\u0131la\u015ft\u0131\u011f\u0131 Zorluklar ve \u00c7\u00f6z\u00fcm \u00d6nerileri\" src=\"data:image\/svg+xml;base64,PHN2ZyB3aWR0aD0iMSIgaGVpZ2h0PSIxIiB4bWxucz0iaHR0cDovL3d3dy53My5vcmcvMjAwMC9zdmciPjwvc3ZnPg==\"><\/p>\n<h2 id=\"yabancilarin-oturma-izni-alim-surecinde-karsilastigi-zorluklar-ve-cozum-onerileri\">Yabanc\u0131lar\u0131n Oturma \u0130zni Al\u0131m S\u00fcrecinde Kar\u015f\u0131la\u015ft\u0131\u011f\u0131 Zorluklar ve \u00c7\u00f6z\u00fcm \u2062\u00d6nerileri<\/h2>\n<p>Yabanc\u0131lar\u0131n T\u00fcrkiye&#8217;de oturma \u200dizni \u200bal\u0131m s\u00fcreci, hukuki altyap\u0131n\u0131n karma\u015f\u0131kl\u0131\u011f\u0131 nedeniyle \u2062bir\u00e7ok zorlukla \u2064kar\u015f\u0131la\u015fmaktad\u0131r. Bu s\u00fcre\u00e7te en s\u0131k rastlanan problem, gerekli belgelerin eksik veya hatal\u0131 olmas\u0131d\u0131r. Yabanc\u0131lar, \u00e7o\u011fu zaman oturma izni i\u00e7in gerekli belgeler hakk\u0131nda yeterli bilgiye sahip olmamakta ve bu durum ba\u015fvurular\u0131n\u0131n reddedilmesine sebep\u2064 olmaktad\u0131r. <strong>Belgelerin tam \u200dve do\u011fru\u200b bir \u015fekilde haz\u0131rlanmas\u0131<\/strong>, ba\u015fvurunun ba\u015far\u0131l\u0131 \u2062olmas\u0131 i\u00e7in kritik bir\u2064 ad\u0131md\u0131r.<\/p>\n<p>Bunun yan\u0131 s\u0131ra, <strong>T\u00fcrk\u00e7e yeterlili\u011fi<\/strong> de yabanc\u0131lar\u0131n kar\u015f\u0131la\u015ft\u0131\u011f\u0131 \u00f6nemli bir engeldir. Baz\u0131 oturma izni belgeleri, T\u00fcrk\u00e7e dilinde haz\u0131rlanm\u0131\u015f belgeler talep etmektedir. Dil bariyeri nedeniyle, bir\u00e7ok aday ba\u015fvurular\u0131n\u0131 tam olarak anlayamamaktad\u0131rlar. Bu durum, ba\u015fvuru s\u00fcrecinin uzamas\u0131na ve sonu\u00e7ta olumsuz yan\u0131t al\u0131nmas\u0131na yol a\u00e7abilir. Yabanc\u0131lar\u0131n dil \u2063deste\u011fi almas\u0131 veya profesyonel bir dan\u0131\u015fmandan yard\u0131m almas\u0131 \u00f6nerilmektedir.<\/p>\n<p>Gerekli belgelerin haz\u0131rlanmas\u0131 ve dil bariyerinin a\u015f\u0131lmas\u0131 i\u00e7in \u00f6nerilen \u00e7\u00f6z\u00fcmler aras\u0131nda, <strong>yerel dan\u0131\u015fmanl\u0131k hizmetleri<\/strong> \u200calmak ve s\u00fcre\u00e7\u2063 hakk\u0131nda detayl\u0131 bilgi edinmek ilk s\u0131rada \u200cgelmektedir.\u200c Ayr\u0131ca, ba\u015fvuru sahiplerinin oturma izni s\u00fcreci hakk\u0131nda <strong>g\u00fcncel kaynaklardan<\/strong> bilgi edinmeleri \u00f6nemlidir. Yabanc\u0131lar\u0131n, bu zorluklar\u0131 a\u015fmak i\u00e7in ad\u0131m \u200bad\u0131m bir yol haritas\u0131 olu\u015fturmalar\u0131, s\u00fcre\u00e7teki \u200dbelirsizlikleri azaltacakt\u0131r. A\u015fa\u011f\u0131da, oturma izni s\u00fcrecinde kar\u015f\u0131la\u015f\u0131labilecek di\u011fer zorluklar ve \u00e7\u00f6z\u00fcmler listelenmi\u015ftir:<\/p>\n<ul>\n<li>Belgelerin eksikli\u011fi: Gerekli belgelerin listesine d\u00fczenli olarak ula\u015f\u0131m sa\u011flamak.<\/li>\n<li>Dil engeli: Dil kurslar\u0131na kat\u0131lmak veya profesyonel terc\u00fcman kullanmak.<\/li>\n<li>Ba\u015fvuru takibi: Ba\u015fvuru takibinin\u200d yap\u0131labilmesi i\u00e7in \u200ds\u00fcreleri not almak.<\/li>\n<\/ul>\n<p><img decoding=\"async\" class=\"kimage_class lazyload\" data-src=\"https:\/\/denizcankizil.tr\/wp-content\/uploads\/2024\/10\/3tcAw-253D.jpg\" alt=\"\u00c7al\u0131\u015fma \u0130zni \u200dBa\u015fvurular\u0131nda \u200cS\u0131k Yap\u0131lan Hatalar ve Bunlar\u0131n A\u015f\u0131lmas\u0131 \u0130\u00e7in Stratejiler\" src=\"data:image\/svg+xml;base64,PHN2ZyB3aWR0aD0iMSIgaGVpZ2h0PSIxIiB4bWxucz0iaHR0cDovL3d3dy53My5vcmcvMjAwMC9zdmciPjwvc3ZnPg==\"><\/p>\n<h2 id=\"calisma-izni-basvurularinda-sik-yapilan-hatalar-ve-bunlarin-asilmasi-icin-stratejiler\">\u00c7al\u0131\u015fma \u0130zni Ba\u015fvurular\u0131nda S\u0131k Yap\u0131lan Hatalar ve Bunlar\u0131n A\u015f\u0131lmas\u0131 \u0130\u00e7in\u200c Stratejiler<\/h2>\n<div class=\"post-section\">\n<p>\u00c7al\u0131\u015fma izni ba\u015fvurular\u0131, Antalya&#8217;da s\u0131k\u00e7a kar\u015f\u0131la\u015f\u0131lan hukuki s\u00fcre\u00e7lerden biridir. Ancak, ba\u015fvurular s\u0131ras\u0131nda \u2064yap\u0131lan hatalar, s\u00fcrecin \u2064uzamas\u0131na ve \u00e7e\u015fitli olumsuz sonu\u00e7lara \u2062neden olabilmektedir. Bu hatalar\u0131n en yayg\u0131n olanlar\u0131n\u0131 \u2064belirlemek \u2063ve bunlar\u0131n \u00e7\u00f6z\u00fcm\u00fcne y\u00f6nelik stratejiler\u2064 geli\u015ftirmek, hem ba\u015fvuru sahipleri hem de dan\u0131\u015fmanlar i\u00e7in b\u00fcy\u00fck \u200b\u00f6nem \u2063ta\u015f\u0131maktad\u0131r. <\/p>\n<p><strong>S\u0131k Yap\u0131lan \u200dHatalar:<\/strong><\/p>\n<ul>\n<li>Gerekli belgelerin eksik veya hatal\u0131 sunulmas\u0131<\/li>\n<li>Yanl\u0131\u015f visa t\u00fcr\u00fcn\u00fcn se\u00e7ilmesi<\/li>\n<li>Ba\u015fvuru \u00fccretlerinin zaman\u0131nda \u00f6denmemesi<\/li>\n<li>Beyanlar\u0131n tutars\u0131z olmas\u0131<\/li>\n<\/ul>\n<p><strong>Bu Hatalar\u0131n A\u015f\u0131lmas\u0131 \u0130\u00e7in Stratejiler:<\/strong><\/p>\n<ul>\n<li>Ba\u015fvuru s\u00fcrecinin ba\u015flang\u0131c\u0131nda bir kontrol listesi olu\u015fturmak<\/li>\n<li>Gerekli belgelerin do\u011fru ve g\u00fcncel oldu\u011fundan emin olmak<\/li>\n<li>Ba\u015fvuru \u2062tarihlerini ka\u00e7\u0131rmamak i\u00e7in hat\u0131rlat\u0131c\u0131lar kullanmak<\/li>\n<li>Tecr\u00fcbeli \u2062bir hukuki dan\u0131\u015fmandan destek almak<\/li>\n<\/ul>\n<\/div>\n<p><img decoding=\"async\" class=\"kimage_class lazyload\" data-src=\"https:\/\/denizcankizil.tr\/wp-content\/uploads\/2024\/10\/3637-types-of-cases-handled-by-real-estate-attorneys-in-antalya.jpg\" alt=\"Antalyada G\u00f6\u00e7 Hukuku Kapsam\u0131nda G\u00fcncel Geli\u015fmeler ve Uygulamalardaki Yenilikler\" src=\"data:image\/svg+xml;base64,PHN2ZyB3aWR0aD0iMSIgaGVpZ2h0PSIxIiB4bWxucz0iaHR0cDovL3d3dy53My5vcmcvMjAwMC9zdmciPjwvc3ZnPg==\"><\/p>\n<h2 id=\"antalyada-goc-hukuku-kapsaminda-guncel-gelismeler-ve-uygulamalardaki-yenilikler\">Antalyada G\u00f6\u00e7 Hukuku Kapsam\u0131nda G\u00fcncel Geli\u015fmeler ve Uygulamalardaki\u2063 Yenilikler<\/h2>\n<section>\n<p>Son \u200by\u0131llarda, Antalya&#8217;da g\u00f6\u00e7 hukuku alan\u0131nda \u00f6nemli geli\u015fmeler ya\u015fanmaktad\u0131r.\u200c Bu geli\u015fmeler, \u00f6zellikle yabanc\u0131lar\u0131n T\u00fcrkiye&#8217;de vatanda\u015fl\u0131k,\u2064 oturma ve \u00e7al\u0131\u015fma izinleri ba\u015fvurular\u0131nda daha \u00f6nceki d\u00f6nemlere g\u00f6re daha h\u0131zl\u0131 ve etkin \u00e7\u00f6z\u00fcmler sunmaktad\u0131r. <strong>G\u00f6\u00e7 \u200b\u0130daresi Genel M\u00fcd\u00fcrl\u00fc\u011f\u00fc<\/strong> \u200cve di\u011fer ilgili kurumlar, ba\u015fvurular\u0131n s\u00fcre\u00e7lerini kolayla\u015ft\u0131rma y\u00f6n\u00fcnde \u00e7e\u015fitli ad\u0131mlar atm\u0131\u015ft\u0131r. Art\u0131k, \u00e7evrimi\u00e7i ba\u015fvuru sistemleri ve mobil uygulamalar \u200bsayesinde, i\u015flemler\u2064 daha \u015feffaf ve eri\u015filebilir hale gelmi\u015ftir.<\/p>\n<p>Antalya&#8217;da \u200cyap\u0131lan\u2062 yasal d\u00fczenlemeler, \u00f6zellikle \u00e7al\u0131\u015fma \u2063izinleri konusunda yeni f\u0131rsatlar sunmaktad\u0131r. <strong>Yabanc\u0131 uyruklu \u00e7al\u0131\u015fanlar<\/strong> i\u00e7in i\u015fg\u00fcc\u00fc talebinin artmas\u0131, istihdam \u2063anlay\u0131\u015f\u0131n\u0131\u2064 de\u011fi\u015ftirmi\u015ftir. Yabanc\u0131lar\u0131n \u00e7al\u0131\u015fmas\u0131na olanak tan\u0131yan yeni \u2062t\u00fcr \u00e7al\u0131\u015fma izinleri, hem yerel \u2063i\u015fverenlere\u200b hem de uluslararas\u0131 firmalara b\u00fcy\u00fck avantajlar sa\u011flamaktad\u0131r. A\u015fa\u011f\u0131da bu yeniliklere ili\u015fkin temel bilgileri i\u00e7eren bir tablo yer almaktad\u0131r:<\/p>\n<table class=\"wp-block-table\">\n<thead>\n<tr>\n<th>\u00c7al\u0131\u015fma \u0130zni T\u00fcr\u00fc<\/th>\n<th>\u041f\u043e\u044f\u0441\u043d\u0435\u043d\u043d\u044f<\/th>\n<\/tr>\n<\/thead>\n<tbody>\n<tr>\n<td>Alt\u0131n Kama \u00c7al\u0131\u015fma \u0130zni<\/td>\n<td>\u00d6zel yetenek gerektiren \u200dpozisyonlar i\u00e7in verilen izin.<\/td>\n<\/tr>\n<tr>\n<td>\u00c7al\u0131\u015fma \u0130zni \u200c\u0130stisnas\u0131<\/td>\n<td>Belirli sekt\u00f6rlerdeki yabanc\u0131lar\u200b i\u00e7in kolayla\u015ft\u0131r\u0131lm\u0131\u015f s\u00fcre\u00e7.<\/td>\n<\/tr>\n<tr>\n<td>K\u0131sa S\u00fcreli \u00c7al\u0131\u015fma \u0130zni<\/td>\n<td>Ge\u00e7ici projeler i\u00e7in olu\u015fturulan izin t\u00fcr\u00fc.<\/td>\n<\/tr>\n<\/tbody>\n<\/table>\n<p>Antalya&#8217;daki g\u00f6\u00e7 hukuku uygulamalar\u0131ndaki bu\u2063 yenilikler, yerli ve\u2062 yabanc\u0131 yat\u0131r\u0131mc\u0131lar\u0131n dikkatini \u00e7ekerken, \u200db\u00f6lge ekonomisine de \u00f6nemli katk\u0131larda bulunmaktad\u0131r. Ayr\u0131ca, bu s\u00fcre\u00e7lerin daha \u2062iyi anla\u015f\u0131lmas\u0131 ve uygulanabilmesi ad\u0131na, <strong>hukuki dan\u0131\u015fmanl\u0131k hizmetleri<\/strong> sunan kurulu\u015flar da art\u0131\u015f g\u00f6stermektedir. Antalya&#8217;da ya\u015fayan yabanc\u0131lar\u0131n haklar\u0131n\u0131n korunmas\u0131 ve hukuki s\u00fcre\u00e7lerden en iyi \u015fekilde yararlanmas\u0131 i\u00e7in bu hizmetler b\u00fcy\u00fck bir \u00f6nem ta\u015f\u0131maktad\u0131r.<\/p>\n<\/section>\n<p>Sonu\u00e7 olarak, Antalya&#8217;da vatanda\u015fl\u0131k, oturma \u2063ve \u200b\u00e7al\u0131\u015fma izni hukuku, \u2062hem \u200cyerel hem de uluslararas\u0131 d\u00fczeyde\u200b \u00f6nemli bir sosyal ve ekonomik boyut ta\u015f\u0131maktad\u0131r. T\u00fcrkiye&#8217;nin sundu\u011fu f\u0131rsatlar ve yasal \u2064\u00e7er\u00e7eveler, \u00f6zellikle yabanc\u0131 yat\u0131r\u0131mc\u0131lar ve g\u00f6\u00e7menler\u2062 i\u00e7in cazip bir ortam olu\u015ftururken, bu \u2062s\u00fcre\u00e7lerin yasal d\u00fczenlemelerle g\u00fcvence alt\u0131na al\u0131nmas\u0131 gereklili\u011fi de \u2064tart\u0131\u015fmas\u0131z bir ger\u00e7ektir. Daha \u00f6nce belirtti\u011fimiz \u00fczere, bu alanlardaki yasalar\u0131n dinamik yap\u0131s\u0131,\u200b s\u00fcrekli de\u011fi\u015fen uluslararas\u0131 g\u00f6\u00e7 ve i\u015f g\u00fcc\u00fc hareketlili\u011fi kar\u015f\u0131s\u0131nda esnek ve adaptif olmay\u0131 gerektirmektedir. <\/p>\n<p>Antalya, tarihi zenginlikleri\u200b ve do\u011fal g\u00fczelliklerinin\u2063 yan\u0131 s\u0131ra, ya\u015fam kalitesi\u200b ve ekonomik potansiyeli ile de dikkat \u00e7ekmekte olup, bu durum yurtd\u0131\u015f\u0131ndan gelen bireylerin ve ailelerin ilgisini \u00e7ekmektedir. Ancak, vatanda\u015fl\u0131k ve oturma izinleri gibi \u2064s\u00fcre\u00e7lerin etrafl\u0131ca incelenmesi, hem bireyler\u200d hem de\u200c toplumsal yap\u0131lar a\u00e7\u0131s\u0131ndan \u00f6nem arz etmektedir. Yap\u0131lan g\u00f6zlemler ve hukuksal analizler, Antalya&#8217;n\u0131n bu konudaki potansiyelini vurgulamaktad\u0131r. Gelecek d\u00f6nemde, mevzuattaki reformlar\u0131n ve uygulamalar\u0131n nas\u0131l \u015fekillenece\u011fi, \u00fclkenin hem sosyo-ekonomik geli\u015fimi hem de uluslararas\u0131 ili\u015fkileri a\u00e7\u0131s\u0131ndan \u00f6nemli bir belirleyici\u2064 olacakt\u0131r. Dolay\u0131s\u0131yla, s\u00f6z konusu\u2064 hukukun etik ve pratik\u2062 boyutlar\u0131n\u0131n\u2064 detayl\u0131 bir \u015fekilde irdelenmesi, hem akademik hem de uygulay\u0131c\u0131 bireyler i\u00e7in b\u00fcy\u00fck \u00f6nem ta\u015f\u0131maktad\u0131r. <\/p>","protected":false},"excerpt":{"rendered":"<p>Antalya&#8217;da vatanda\u015fl\u0131k, oturma ve \u00e7al\u0131\u015fma izni hukuku, uluslararas\u0131 g\u00f6\u00e7 hareketlerinin artmas\u0131yla daha da \u00f6nem kazanm\u0131\u015ft\u0131r. Bu ba\u011flamda, insan haklar\u0131 ile sosyal ve ekonomik entegre s\u00fcre\u00e7leri g\u00f6z \u00f6n\u00fcnde bulundurularak, mevzuat\u0131n g\u00fcncellenmesi gereklidir.<\/p>","protected":false},"author":1,"featured_media":6101,"comment_status":"open","ping_status":"open","sticky":false,"template":"","format":"standard","meta":{"_acf_changed":false,"footnotes":""},"categories":[28],"tags":[],"class_list":["post-6100","post","type-post","status-publish","format-standard","has-post-thumbnail","hentry","category-seo"],"acf":[],"yoast_head":"<!-- This site is optimized with the Yoast SEO Premium plugin v26.6 (Yoast SEO v27.1.1) - https:\/\/yoast.com\/product\/yoast-seo-premium-wordpress\/ -->\n<title>Antalya&#039;da Vatanda\u015fl\u0131k, Oturma ve \u00c7al\u0131\u015fma \u0130zni Hukuku - Av. Deniz Can K\u0131z\u0131l<\/title>\n<meta name=\"robots\" content=\"index, follow, max-snippet:-1, max-image-preview:large, max-video-preview:-1\" \/>\n<link rel=\"canonical\" href=\"https:\/\/denizcankizil.tr\/uk\/seo\/antalyada-vatandaslik-oturma-ve-calisma-izni-hukuku\/\" \/>\n<meta property=\"og:locale\" content=\"uk_UA\" \/>\n<meta property=\"og:type\" content=\"article\" \/>\n<meta property=\"og:title\" content=\"Antalya&#039;da Vatanda\u015fl\u0131k, Oturma ve \u00c7al\u0131\u015fma \u0130zni Hukuku\" \/>\n<meta property=\"og:description\" content=\"Antalya&#039;da vatanda\u015fl\u0131k, oturma ve \u00e7al\u0131\u015fma izni hukuku, uluslararas\u0131 g\u00f6\u00e7 hareketlerinin artmas\u0131yla daha da \u00f6nem kazanm\u0131\u015ft\u0131r. Bu ba\u011flamda, insan haklar\u0131 ile sosyal ve ekonomik entegre s\u00fcre\u00e7leri g\u00f6z \u00f6n\u00fcnde bulundurularak, mevzuat\u0131n g\u00fcncellenmesi gereklidir.\" \/>\n<meta property=\"og:url\" content=\"https:\/\/denizcankizil.tr\/uk\/seo\/antalyada-vatandaslik-oturma-ve-calisma-izni-hukuku\/\" \/>\n<meta property=\"og:site_name\" content=\"Av. Deniz Can K\u0131z\u0131l\" \/>\n<meta property=\"article:published_time\" content=\"2024-10-21T09:55:09+00:00\" \/>\n<meta property=\"og:image\" content=\"https:\/\/denizcankizil.tr\/wp-content\/uploads\/2024\/10\/6100-antalyada-vatandaslik-oturma-ve-calisma-izni-hukuku.jpg\" \/>\n\t<meta property=\"og:image:width\" content=\"800\" \/>\n\t<meta property=\"og:image:height\" content=\"800\" \/>\n\t<meta property=\"og:image:type\" content=\"image\/jpeg\" \/>\n<meta name=\"author\" content=\"admin\" \/>\n<meta name=\"twitter:card\" content=\"summary_large_image\" \/>\n<meta name=\"twitter:label1\" content=\"\u041d\u0430\u043f\u0438\u0441\u0430\u043d\u043e\" \/>\n\t<meta name=\"twitter:data1\" content=\"admin\" \/>\n\t<meta name=\"twitter:label2\" content=\"\u041f\u0440\u0438\u0431\u043b. \u0447\u0430\u0441 \u0447\u0438\u0442\u0430\u043d\u043d\u044f\" \/>\n\t<meta name=\"twitter:data2\" content=\"7 \u0445\u0432\u0438\u043b\u0438\u043d\" \/>\n<script type=\"application\/ld+json\" class=\"yoast-schema-graph\">{\"@context\":\"https:\/\/schema.org\",\"@graph\":[{\"@type\":\"Article\",\"@id\":\"https:\/\/denizcankizil.tr\/uk\/seo\/antalyada-vatandaslik-oturma-ve-calisma-izni-hukuku\/#article\",\"isPartOf\":{\"@id\":\"https:\/\/denizcankizil.tr\/uk\/seo\/antalyada-vatandaslik-oturma-ve-calisma-izni-hukuku\/\"},\"author\":{\"name\":\"admin\",\"@id\":\"https:\/\/denizcankizil.tr\/#\/schema\/person\/be3c05fe6a12686905512445d8185489\"},\"headline\":\"Antalya&#8217;da Vatanda\u015fl\u0131k, Oturma ve \u00c7al\u0131\u015fma \u0130zni Hukuku\",\"datePublished\":\"2024-10-21T09:55:09+00:00\",\"mainEntityOfPage\":{\"@id\":\"https:\/\/denizcankizil.tr\/uk\/seo\/antalyada-vatandaslik-oturma-ve-calisma-izni-hukuku\/\"},\"wordCount\":1525,\"commentCount\":0,\"publisher\":{\"@id\":\"https:\/\/denizcankizil.tr\/#organization\"},\"image\":{\"@id\":\"https:\/\/denizcankizil.tr\/uk\/seo\/antalyada-vatandaslik-oturma-ve-calisma-izni-hukuku\/#primaryimage\"},\"thumbnailUrl\":\"https:\/\/denizcankizil.tr\/wp-content\/uploads\/2024\/10\/6100-antalyada-vatandaslik-oturma-ve-calisma-izni-hukuku.jpg\",\"articleSection\":[\"Seo\"],\"inLanguage\":\"uk\",\"potentialAction\":[{\"@type\":\"CommentAction\",\"name\":\"Comment\",\"target\":[\"https:\/\/denizcankizil.tr\/uk\/seo\/antalyada-vatandaslik-oturma-ve-calisma-izni-hukuku\/#respond\"]}]},{\"@type\":\"WebPage\",\"@id\":\"https:\/\/denizcankizil.tr\/uk\/seo\/antalyada-vatandaslik-oturma-ve-calisma-izni-hukuku\/\",\"url\":\"https:\/\/denizcankizil.tr\/uk\/seo\/antalyada-vatandaslik-oturma-ve-calisma-izni-hukuku\/\",\"name\":\"Antalya'da Vatanda\u015fl\u0131k, Oturma ve \u00c7al\u0131\u015fma \u0130zni Hukuku - Av. Deniz Can K\u0131z\u0131l\",\"isPartOf\":{\"@id\":\"https:\/\/denizcankizil.tr\/#website\"},\"primaryImageOfPage\":{\"@id\":\"https:\/\/denizcankizil.tr\/uk\/seo\/antalyada-vatandaslik-oturma-ve-calisma-izni-hukuku\/#primaryimage\"},\"image\":{\"@id\":\"https:\/\/denizcankizil.tr\/uk\/seo\/antalyada-vatandaslik-oturma-ve-calisma-izni-hukuku\/#primaryimage\"},\"thumbnailUrl\":\"https:\/\/denizcankizil.tr\/wp-content\/uploads\/2024\/10\/6100-antalyada-vatandaslik-oturma-ve-calisma-izni-hukuku.jpg\",\"datePublished\":\"2024-10-21T09:55:09+00:00\",\"breadcrumb\":{\"@id\":\"https:\/\/denizcankizil.tr\/uk\/seo\/antalyada-vatandaslik-oturma-ve-calisma-izni-hukuku\/#breadcrumb\"},\"inLanguage\":\"uk\",\"potentialAction\":[{\"@type\":\"ReadAction\",\"target\":[\"https:\/\/denizcankizil.tr\/uk\/seo\/antalyada-vatandaslik-oturma-ve-calisma-izni-hukuku\/\"]}]},{\"@type\":\"ImageObject\",\"inLanguage\":\"uk\",\"@id\":\"https:\/\/denizcankizil.tr\/uk\/seo\/antalyada-vatandaslik-oturma-ve-calisma-izni-hukuku\/#primaryimage\",\"url\":\"https:\/\/denizcankizil.tr\/wp-content\/uploads\/2024\/10\/6100-antalyada-vatandaslik-oturma-ve-calisma-izni-hukuku.jpg\",\"contentUrl\":\"https:\/\/denizcankizil.tr\/wp-content\/uploads\/2024\/10\/6100-antalyada-vatandaslik-oturma-ve-calisma-izni-hukuku.jpg\",\"width\":800,\"height\":800,\"caption\":\"Antalya&#8217;da Vatanda\u015fl\u0131k, Oturma ve \u00c7al\u0131\u015fma \u0130zni Hukuku\"},{\"@type\":\"BreadcrumbList\",\"@id\":\"https:\/\/denizcankizil.tr\/uk\/seo\/antalyada-vatandaslik-oturma-ve-calisma-izni-hukuku\/#breadcrumb\",\"itemListElement\":[{\"@type\":\"ListItem\",\"position\":1,\"name\":\"Home\",\"item\":\"https:\/\/denizcankizil.tr\/de\/\"},{\"@type\":\"ListItem\",\"position\":2,\"name\":\"Antalya&#8217;da Vatanda\u015fl\u0131k, Oturma ve \u00c7al\u0131\u015fma \u0130zni Hukuku\"}]},{\"@type\":\"WebSite\",\"@id\":\"https:\/\/denizcankizil.tr\/#website\",\"url\":\"https:\/\/denizcankizil.tr\/\",\"name\":\"Av. Deniz Can K\u0131z\u0131l\",\"description\":\"Avukat Deniz Can K\u0131z\u0131l Antalya Barosu\",\"publisher\":{\"@id\":\"https:\/\/denizcankizil.tr\/#organization\"},\"potentialAction\":[{\"@type\":\"SearchAction\",\"target\":{\"@type\":\"EntryPoint\",\"urlTemplate\":\"https:\/\/denizcankizil.tr\/?s={search_term_string}\"},\"query-input\":{\"@type\":\"PropertyValueSpecification\",\"valueRequired\":true,\"valueName\":\"search_term_string\"}}],\"inLanguage\":\"uk\"},{\"@type\":\"Organization\",\"@id\":\"https:\/\/denizcankizil.tr\/#organization\",\"name\":\"Av. Deniz Can K\u0131z\u0131l\",\"url\":\"https:\/\/denizcankizil.tr\/\",\"logo\":{\"@type\":\"ImageObject\",\"inLanguage\":\"uk\",\"@id\":\"https:\/\/denizcankizil.tr\/#\/schema\/logo\/image\/\",\"url\":\"https:\/\/denizcankizil.tr\/wp-content\/uploads\/2024\/10\/siyah-logo-svg.svg\",\"contentUrl\":\"https:\/\/denizcankizil.tr\/wp-content\/uploads\/2024\/10\/siyah-logo-svg.svg\",\"width\":1080,\"height\":1080,\"caption\":\"Av. Deniz Can K\u0131z\u0131l\"},\"image\":{\"@id\":\"https:\/\/denizcankizil.tr\/#\/schema\/logo\/image\/\"}},{\"@type\":\"Person\",\"@id\":\"https:\/\/denizcankizil.tr\/#\/schema\/person\/be3c05fe6a12686905512445d8185489\",\"name\":\"admin\",\"image\":{\"@type\":\"ImageObject\",\"inLanguage\":\"uk\",\"@id\":\"https:\/\/denizcankizil.tr\/#\/schema\/person\/image\/\",\"url\":\"https:\/\/secure.gravatar.com\/avatar\/c1fce94c830dc79107e174f890d7210541c4a63e8e5d816341794a2151c9d58c?s=96&d=mm&r=g\",\"contentUrl\":\"https:\/\/secure.gravatar.com\/avatar\/c1fce94c830dc79107e174f890d7210541c4a63e8e5d816341794a2151c9d58c?s=96&d=mm&r=g\",\"caption\":\"admin\"},\"sameAs\":[\"http:\/\/denizcankizil.tr\"],\"url\":\"https:\/\/denizcankizil.tr\/uk\/author\/admin\/\"}]}<\/script>\n<!-- \/ Yoast SEO Premium plugin. -->","yoast_head_json":{"title":"Antalya'da Vatanda\u015fl\u0131k, Oturma ve \u00c7al\u0131\u015fma \u0130zni Hukuku - Av. Deniz Can K\u0131z\u0131l","robots":{"index":"index","follow":"follow","max-snippet":"max-snippet:-1","max-image-preview":"max-image-preview:large","max-video-preview":"max-video-preview:-1"},"canonical":"https:\/\/denizcankizil.tr\/uk\/seo\/antalyada-vatandaslik-oturma-ve-calisma-izni-hukuku\/","og_locale":"uk_UA","og_type":"article","og_title":"Antalya'da Vatanda\u015fl\u0131k, Oturma ve \u00c7al\u0131\u015fma \u0130zni Hukuku","og_description":"Antalya'da vatanda\u015fl\u0131k, oturma ve \u00e7al\u0131\u015fma izni hukuku, uluslararas\u0131 g\u00f6\u00e7 hareketlerinin artmas\u0131yla daha da \u00f6nem kazanm\u0131\u015ft\u0131r. Bu ba\u011flamda, insan haklar\u0131 ile sosyal ve ekonomik entegre s\u00fcre\u00e7leri g\u00f6z \u00f6n\u00fcnde bulundurularak, mevzuat\u0131n g\u00fcncellenmesi gereklidir.","og_url":"https:\/\/denizcankizil.tr\/uk\/seo\/antalyada-vatandaslik-oturma-ve-calisma-izni-hukuku\/","og_site_name":"Av. Deniz Can K\u0131z\u0131l","article_published_time":"2024-10-21T09:55:09+00:00","og_image":[{"width":800,"height":800,"url":"https:\/\/denizcankizil.tr\/wp-content\/uploads\/2024\/10\/6100-antalyada-vatandaslik-oturma-ve-calisma-izni-hukuku.jpg","type":"image\/jpeg"}],"author":"admin","twitter_card":"summary_large_image","twitter_misc":{"\u041d\u0430\u043f\u0438\u0441\u0430\u043d\u043e":"admin","\u041f\u0440\u0438\u0431\u043b. \u0447\u0430\u0441 \u0447\u0438\u0442\u0430\u043d\u043d\u044f":"7 \u0445\u0432\u0438\u043b\u0438\u043d"},"schema":{"@context":"https:\/\/schema.org","@graph":[{"@type":"Article","@id":"https:\/\/denizcankizil.tr\/uk\/seo\/antalyada-vatandaslik-oturma-ve-calisma-izni-hukuku\/#article","isPartOf":{"@id":"https:\/\/denizcankizil.tr\/uk\/seo\/antalyada-vatandaslik-oturma-ve-calisma-izni-hukuku\/"},"author":{"name":"admin","@id":"https:\/\/denizcankizil.tr\/#\/schema\/person\/be3c05fe6a12686905512445d8185489"},"headline":"Antalya&#8217;da Vatanda\u015fl\u0131k, Oturma ve \u00c7al\u0131\u015fma \u0130zni Hukuku","datePublished":"2024-10-21T09:55:09+00:00","mainEntityOfPage":{"@id":"https:\/\/denizcankizil.tr\/uk\/seo\/antalyada-vatandaslik-oturma-ve-calisma-izni-hukuku\/"},"wordCount":1525,"commentCount":0,"publisher":{"@id":"https:\/\/denizcankizil.tr\/#organization"},"image":{"@id":"https:\/\/denizcankizil.tr\/uk\/seo\/antalyada-vatandaslik-oturma-ve-calisma-izni-hukuku\/#primaryimage"},"thumbnailUrl":"https:\/\/denizcankizil.tr\/wp-content\/uploads\/2024\/10\/6100-antalyada-vatandaslik-oturma-ve-calisma-izni-hukuku.jpg","articleSection":["Seo"],"inLanguage":"uk","potentialAction":[{"@type":"CommentAction","name":"Comment","target":["https:\/\/denizcankizil.tr\/uk\/seo\/antalyada-vatandaslik-oturma-ve-calisma-izni-hukuku\/#respond"]}]},{"@type":"WebPage","@id":"https:\/\/denizcankizil.tr\/uk\/seo\/antalyada-vatandaslik-oturma-ve-calisma-izni-hukuku\/","url":"https:\/\/denizcankizil.tr\/uk\/seo\/antalyada-vatandaslik-oturma-ve-calisma-izni-hukuku\/","name":"Antalya'da Vatanda\u015fl\u0131k, Oturma ve \u00c7al\u0131\u015fma \u0130zni Hukuku - Av. Deniz Can K\u0131z\u0131l","isPartOf":{"@id":"https:\/\/denizcankizil.tr\/#website"},"primaryImageOfPage":{"@id":"https:\/\/denizcankizil.tr\/uk\/seo\/antalyada-vatandaslik-oturma-ve-calisma-izni-hukuku\/#primaryimage"},"image":{"@id":"https:\/\/denizcankizil.tr\/uk\/seo\/antalyada-vatandaslik-oturma-ve-calisma-izni-hukuku\/#primaryimage"},"thumbnailUrl":"https:\/\/denizcankizil.tr\/wp-content\/uploads\/2024\/10\/6100-antalyada-vatandaslik-oturma-ve-calisma-izni-hukuku.jpg","datePublished":"2024-10-21T09:55:09+00:00","breadcrumb":{"@id":"https:\/\/denizcankizil.tr\/uk\/seo\/antalyada-vatandaslik-oturma-ve-calisma-izni-hukuku\/#breadcrumb"},"inLanguage":"uk","potentialAction":[{"@type":"ReadAction","target":["https:\/\/denizcankizil.tr\/uk\/seo\/antalyada-vatandaslik-oturma-ve-calisma-izni-hukuku\/"]}]},{"@type":"ImageObject","inLanguage":"uk","@id":"https:\/\/denizcankizil.tr\/uk\/seo\/antalyada-vatandaslik-oturma-ve-calisma-izni-hukuku\/#primaryimage","url":"https:\/\/denizcankizil.tr\/wp-content\/uploads\/2024\/10\/6100-antalyada-vatandaslik-oturma-ve-calisma-izni-hukuku.jpg","contentUrl":"https:\/\/denizcankizil.tr\/wp-content\/uploads\/2024\/10\/6100-antalyada-vatandaslik-oturma-ve-calisma-izni-hukuku.jpg","width":800,"height":800,"caption":"Antalya&#8217;da Vatanda\u015fl\u0131k, Oturma ve \u00c7al\u0131\u015fma \u0130zni Hukuku"},{"@type":"BreadcrumbList","@id":"https:\/\/denizcankizil.tr\/uk\/seo\/antalyada-vatandaslik-oturma-ve-calisma-izni-hukuku\/#breadcrumb","itemListElement":[{"@type":"ListItem","position":1,"name":"Home","item":"https:\/\/denizcankizil.tr\/de\/"},{"@type":"ListItem","position":2,"name":"Antalya&#8217;da Vatanda\u015fl\u0131k, Oturma ve \u00c7al\u0131\u015fma \u0130zni Hukuku"}]},{"@type":"WebSite","@id":"https:\/\/denizcankizil.tr\/#website","url":"https:\/\/denizcankizil.tr\/","name":"Av. Deniz Can K\u0131z\u0131l","description":"Avukat Deniz Can K\u0131z\u0131l Antalya Barosu","publisher":{"@id":"https:\/\/denizcankizil.tr\/#organization"},"potentialAction":[{"@type":"SearchAction","target":{"@type":"EntryPoint","urlTemplate":"https:\/\/denizcankizil.tr\/?s={search_term_string}"},"query-input":{"@type":"PropertyValueSpecification","valueRequired":true,"valueName":"search_term_string"}}],"inLanguage":"uk"},{"@type":"Organization","@id":"https:\/\/denizcankizil.tr\/#organization","name":"Av. Deniz Can K\u0131z\u0131l","url":"https:\/\/denizcankizil.tr\/","logo":{"@type":"ImageObject","inLanguage":"uk","@id":"https:\/\/denizcankizil.tr\/#\/schema\/logo\/image\/","url":"https:\/\/denizcankizil.tr\/wp-content\/uploads\/2024\/10\/siyah-logo-svg.svg","contentUrl":"https:\/\/denizcankizil.tr\/wp-content\/uploads\/2024\/10\/siyah-logo-svg.svg","width":1080,"height":1080,"caption":"Av. Deniz Can K\u0131z\u0131l"},"image":{"@id":"https:\/\/denizcankizil.tr\/#\/schema\/logo\/image\/"}},{"@type":"Person","@id":"https:\/\/denizcankizil.tr\/#\/schema\/person\/be3c05fe6a12686905512445d8185489","name":"\u0430\u0434\u043c\u0456\u043d","image":{"@type":"ImageObject","inLanguage":"uk","@id":"https:\/\/denizcankizil.tr\/#\/schema\/person\/image\/","url":"https:\/\/secure.gravatar.com\/avatar\/c1fce94c830dc79107e174f890d7210541c4a63e8e5d816341794a2151c9d58c?s=96&d=mm&r=g","contentUrl":"https:\/\/secure.gravatar.com\/avatar\/c1fce94c830dc79107e174f890d7210541c4a63e8e5d816341794a2151c9d58c?s=96&d=mm&r=g","caption":"admin"},"sameAs":["http:\/\/denizcankizil.tr"],"url":"https:\/\/denizcankizil.tr\/uk\/author\/admin\/"}]}},"_links":{"self":[{"href":"https:\/\/denizcankizil.tr\/uk\/wp-json\/wp\/v2\/posts\/6100","targetHints":{"allow":["GET"]}}],"collection":[{"href":"https:\/\/denizcankizil.tr\/uk\/wp-json\/wp\/v2\/posts"}],"about":[{"href":"https:\/\/denizcankizil.tr\/uk\/wp-json\/wp\/v2\/types\/post"}],"author":[{"embeddable":true,"href":"https:\/\/denizcankizil.tr\/uk\/wp-json\/wp\/v2\/users\/1"}],"replies":[{"embeddable":true,"href":"https:\/\/denizcankizil.tr\/uk\/wp-json\/wp\/v2\/comments?post=6100"}],"version-history":[{"count":0,"href":"https:\/\/denizcankizil.tr\/uk\/wp-json\/wp\/v2\/posts\/6100\/revisions"}],"wp:featuredmedia":[{"embeddable":true,"href":"https:\/\/denizcankizil.tr\/uk\/wp-json\/wp\/v2\/media\/6101"}],"wp:attachment":[{"href":"https:\/\/denizcankizil.tr\/uk\/wp-json\/wp\/v2\/media?parent=6100"}],"wp:term":[{"taxonomy":"category","embeddable":true,"href":"https:\/\/denizcankizil.tr\/uk\/wp-json\/wp\/v2\/categories?post=6100"},{"taxonomy":"post_tag","embeddable":true,"href":"https:\/\/denizcankizil.tr\/uk\/wp-json\/wp\/v2\/tags?post=6100"}],"curies":[{"name":"wp","href":"https:\/\/api.w.org\/{rel}","templated":true}]}}