{"id":60243,"date":"2025-04-19T17:41:26","date_gmt":"2025-04-19T14:41:26","guid":{"rendered":"https:\/\/denizcankizil.tr\/uncategorized-tr\/iletisim-baskanligindan-lefkosa-buyukelciligi-aciklamasi\/"},"modified":"2025-04-19T17:41:26","modified_gmt":"2025-04-19T14:41:26","slug":"iletisim-baskanligindan-lefkosa-buyukelciligi-aciklamasi","status":"publish","type":"post","link":"https:\/\/denizcankizil.tr\/uk\/haberler\/gundem\/iletisim-baskanligindan-lefkosa-buyukelciligi-aciklamasi\/","title":{"rendered":"\u0130leti\u015fim Ba\u015fkanl\u0131\u011f\u0131\u2019ndan Lefko\u015fa B\u00fcy\u00fckel\u00e7ili\u011fi a\u00e7\u0131klamas\u0131"},"content":{"rendered":"<p>\u0130leti\u015fim Ba\u015fkanl\u0131\u011f\u0131 T\u00fcrkiye\u2019nin Lefko\u015fe B\u00fcy\u00fckel\u00e7isi\u2019nin de\u011fi\u015fti\u011fine dair \u00e7\u0131kan haberler hakk\u0131nda a\u00e7\u0131klama yapt\u0131. A\u00e7\u0131klamada, bu t\u00fcr as\u0131ls\u0131z haberlerin kamuoyunu yan\u0131ltma amac\u0131 ta\u015f\u0131d\u0131\u011f\u0131 vurgulanarak, vatanda\u015flar\u0131n bu iddialara itibar etmemesi gerekti\u011fi ifade edildi. \u0130leti\u015fim Ba\u015fkanl\u0131\u011f\u0131, do\u011fru bilgiye ula\u015fman\u0131n \u00f6nemine dikkat \u00e7ekerek, resmi kaynaklardan yap\u0131lan a\u00e7\u0131klamalar\u0131n takip edilmesi \u00e7a\u011fr\u0131s\u0131nda bulundu. <\/p>\n<p>HUKUK\u0130 ADIM ATILACAK<\/p>\n<p>Lefko\u015fa B\u00fcy\u00fckel\u00e7ili\u011fi g\u00f6rev de\u011fi\u015fimiyle ilgili yay\u0131lan bu t\u00fcr haberlerin, T\u00fcrkiye\u2019nin diplomatik ili\u015fkilerine zarar verme amac\u0131 ta\u015f\u0131d\u0131\u011f\u0131na i\u015faret edildi. Yetkililer, bu t\u00fcr manip\u00fclatif i\u00e7eriklerin yay\u0131lmas\u0131n\u0131 \u00f6nlemek ad\u0131na gerekli hukuki ad\u0131mlar\u0131n at\u0131laca\u011f\u0131n\u0131 duyurdu.   \u0130leti\u015fim Ba\u015fkanl\u0131\u011f\u0131, kamuoyunu do\u011fru bilgilendirme konusundaki kararl\u0131l\u0131\u011f\u0131n\u0131 bir kez daha vurgulad\u0131.<\/p>\n<p>\u200bT\u00fcrkiye\u2019nin Lefko\u015fa B\u00fcy\u00fckel\u00e7ili\u011fi g\u00f6rev de\u011fi\u015fimiyle ilgili manip\u00fclatif haberlerin yay\u0131ld\u0131\u011f\u0131 tespit edildi. \u0130leti\u015fim Ba\u015fkanl\u0131\u011f\u0131 taraf\u0131ndan yap\u0131lan a\u00e7\u0131klamada, Cumhurba\u015fkan\u0131 Recep Tayyip Erdo\u011fan ve D\u0131\u015fi\u015fleri Bakan\u0131 Hakan Fidan\u2019\u0131n isimlerinin ge\u00e7ti\u011fi s\u00f6zde diyalog ve iddialar\u0131n tamamen hayal \u00fcr\u00fcn\u00fc oldu\u011fu belirtildi.\u00a0<\/p>\n<p>\u200bHaberin Al\u0131nt\u0131land\u0131\u011f\u0131 Kaynak: www.antalyakorfez.com<\/p>","protected":false},"excerpt":{"rendered":"<p>\u0130leti\u015fim Ba\u015fkanl\u0131\u011f\u0131 T\u00fcrkiye\u2019nin Lefko\u015fe B\u00fcy\u00fckel\u00e7isi\u2019nin de\u011fi\u015fti\u011fine dair \u00e7\u0131kan haberler hakk\u0131nda a\u00e7\u0131klama yapt\u0131. A\u00e7\u0131klamada, bu t\u00fcr as\u0131ls\u0131z haberlerin kamuoyunu yan\u0131ltma amac\u0131 ta\u015f\u0131d\u0131\u011f\u0131 vurgulanarak, vatanda\u015flar\u0131n bu iddialara itibar etmemesi gerekti\u011fi ifade edildi. \u0130leti\u015fim Ba\u015fkanl\u0131\u011f\u0131, do\u011fru bilgiye ula\u015fman\u0131n \u00f6nemine dikkat \u00e7ekerek, resmi kaynaklardan yap\u0131lan a\u00e7\u0131klamalar\u0131n takip edilmesi \u00e7a\u011fr\u0131s\u0131nda bulundu. HUKUK\u0130 ADIM ATILACAK Lefko\u015fa B\u00fcy\u00fckel\u00e7ili\u011fi g\u00f6rev de\u011fi\u015fimiyle ilgili yay\u0131lan bu t\u00fcr haberlerin, T\u00fcrkiye\u2019nin diplomatik ili\u015fkilerine zarar verme amac\u0131 ta\u015f\u0131d\u0131\u011f\u0131na i\u015faret edildi. Yetkililer, bu t\u00fcr manip\u00fclatif i\u00e7eriklerin yay\u0131lmas\u0131n\u0131 \u00f6nlemek ad\u0131na gerekli hukuki ad\u0131mlar\u0131n at\u0131laca\u011f\u0131n\u0131 duyurdu. \u0130leti\u015fim Ba\u015fkanl\u0131\u011f\u0131, kamuoyunu do\u011fru bilgilendirme konusundaki kararl\u0131l\u0131\u011f\u0131n\u0131 bir kez daha vurgulad\u0131. \u200bT\u00fcrkiye\u2019nin Lefko\u015fa B\u00fcy\u00fckel\u00e7ili\u011fi g\u00f6rev de\u011fi\u015fimiyle ilgili manip\u00fclatif haberlerin yay\u0131ld\u0131\u011f\u0131 tespit edildi. \u0130leti\u015fim Ba\u015fkanl\u0131\u011f\u0131 taraf\u0131ndan yap\u0131lan a\u00e7\u0131klamada, Cumhurba\u015fkan\u0131 Recep Tayyip Erdo\u011fan ve D\u0131\u015fi\u015fleri Bakan\u0131 Hakan Fidan\u2019\u0131n isimlerinin ge\u00e7ti\u011fi s\u00f6zde diyalog ve iddialar\u0131n tamamen hayal \u00fcr\u00fcn\u00fc oldu\u011fu belirtildi.\u00a0 \u200bHaberin Al\u0131nt\u0131land\u0131\u011f\u0131 Kaynak: www.antalyakorfez.com<\/p>","protected":false},"author":5,"featured_media":0,"comment_status":"","ping_status":"open","sticky":false,"template":"","format":"standard","meta":{"_acf_changed":false,"footnotes":""},"categories":[24],"tags":[],"class_list":["post-60243","post","type-post","status-publish","format-standard","has-post-thumbnail","hentry","category-gundem"],"acf":[],"yoast_head":"<!-- This site is optimized with the Yoast SEO Premium plugin v26.6 (Yoast SEO v27.1.1) - https:\/\/yoast.com\/product\/yoast-seo-premium-wordpress\/ -->\n<title>\u0130leti\u015fim Ba\u015fkanl\u0131\u011f\u0131\u2019ndan Lefko\u015fa B\u00fcy\u00fckel\u00e7ili\u011fi a\u00e7\u0131klamas\u0131 - Av. Deniz Can K\u0131z\u0131l<\/title>\n<meta name=\"robots\" content=\"index, follow, max-snippet:-1, max-image-preview:large, max-video-preview:-1\" \/>\n<link rel=\"canonical\" href=\"https:\/\/denizcankizil.tr\/uk\/haberler\/gundem\/iletisim-baskanligindan-lefkosa-buyukelciligi-aciklamasi\/\" \/>\n<meta property=\"og:locale\" content=\"uk_UA\" \/>\n<meta property=\"og:type\" content=\"article\" \/>\n<meta property=\"og:title\" content=\"\u0130leti\u015fim Ba\u015fkanl\u0131\u011f\u0131\u2019ndan Lefko\u015fa B\u00fcy\u00fckel\u00e7ili\u011fi a\u00e7\u0131klamas\u0131\" \/>\n<meta property=\"og:description\" content=\"\u0130leti\u015fim Ba\u015fkanl\u0131\u011f\u0131 T\u00fcrkiye\u2019nin Lefko\u015fe B\u00fcy\u00fckel\u00e7isi\u2019nin de\u011fi\u015fti\u011fine dair \u00e7\u0131kan haberler hakk\u0131nda a\u00e7\u0131klama yapt\u0131. A\u00e7\u0131klamada, bu t\u00fcr as\u0131ls\u0131z haberlerin kamuoyunu yan\u0131ltma amac\u0131 ta\u015f\u0131d\u0131\u011f\u0131 vurgulanarak, vatanda\u015flar\u0131n bu iddialara itibar etmemesi gerekti\u011fi ifade edildi. \u0130leti\u015fim Ba\u015fkanl\u0131\u011f\u0131, do\u011fru bilgiye ula\u015fman\u0131n \u00f6nemine dikkat \u00e7ekerek, resmi kaynaklardan yap\u0131lan a\u00e7\u0131klamalar\u0131n takip edilmesi \u00e7a\u011fr\u0131s\u0131nda bulundu. HUKUK\u0130 ADIM ATILACAK Lefko\u015fa B\u00fcy\u00fckel\u00e7ili\u011fi g\u00f6rev de\u011fi\u015fimiyle ilgili yay\u0131lan bu t\u00fcr haberlerin, T\u00fcrkiye\u2019nin diplomatik ili\u015fkilerine zarar verme amac\u0131 ta\u015f\u0131d\u0131\u011f\u0131na i\u015faret edildi. Yetkililer, bu t\u00fcr manip\u00fclatif i\u00e7eriklerin yay\u0131lmas\u0131n\u0131 \u00f6nlemek ad\u0131na gerekli hukuki ad\u0131mlar\u0131n at\u0131laca\u011f\u0131n\u0131 duyurdu. \u0130leti\u015fim Ba\u015fkanl\u0131\u011f\u0131, kamuoyunu do\u011fru bilgilendirme konusundaki kararl\u0131l\u0131\u011f\u0131n\u0131 bir kez daha vurgulad\u0131. \u200bT\u00fcrkiye\u2019nin Lefko\u015fa B\u00fcy\u00fckel\u00e7ili\u011fi g\u00f6rev de\u011fi\u015fimiyle ilgili manip\u00fclatif haberlerin yay\u0131ld\u0131\u011f\u0131 tespit edildi. \u0130leti\u015fim Ba\u015fkanl\u0131\u011f\u0131 taraf\u0131ndan yap\u0131lan a\u00e7\u0131klamada, Cumhurba\u015fkan\u0131 Recep Tayyip Erdo\u011fan ve D\u0131\u015fi\u015fleri Bakan\u0131 Hakan Fidan\u2019\u0131n isimlerinin ge\u00e7ti\u011fi s\u00f6zde diyalog ve iddialar\u0131n tamamen hayal \u00fcr\u00fcn\u00fc oldu\u011fu belirtildi.\u00a0 \u200bHaberin Al\u0131nt\u0131land\u0131\u011f\u0131 Kaynak: www.antalyakorfez.com\" \/>\n<meta property=\"og:url\" content=\"https:\/\/denizcankizil.tr\/uk\/haberler\/gundem\/iletisim-baskanligindan-lefkosa-buyukelciligi-aciklamasi\/\" \/>\n<meta property=\"og:site_name\" content=\"Av. Deniz Can K\u0131z\u0131l\" \/>\n<meta property=\"article:published_time\" content=\"2025-04-19T14:41:26+00:00\" \/>\n<meta name=\"author\" content=\"Antalya K\u00f6rfez\" \/>\n<meta name=\"twitter:card\" content=\"summary_large_image\" \/>\n<meta name=\"twitter:label1\" content=\"\u041d\u0430\u043f\u0438\u0441\u0430\u043d\u043e\" \/>\n\t<meta name=\"twitter:data1\" content=\"Antalya K\u00f6rfez\" \/>\n\t<meta name=\"twitter:label2\" content=\"\u041f\u0440\u0438\u0431\u043b. \u0447\u0430\u0441 \u0447\u0438\u0442\u0430\u043d\u043d\u044f\" \/>\n\t<meta name=\"twitter:data2\" content=\"1 \u0445\u0432\u0438\u043b\u0438\u043d\u0430\" \/>\n<script type=\"application\/ld+json\" class=\"yoast-schema-graph\">{\"@context\":\"https:\/\/schema.org\",\"@graph\":[{\"@type\":\"Article\",\"@id\":\"https:\/\/denizcankizil.tr\/uk\/haberler\/gundem\/iletisim-baskanligindan-lefkosa-buyukelciligi-aciklamasi\/#article\",\"isPartOf\":{\"@id\":\"https:\/\/denizcankizil.tr\/uk\/haberler\/gundem\/iletisim-baskanligindan-lefkosa-buyukelciligi-aciklamasi\/\"},\"author\":{\"name\":\"Antalya K\u00f6rfez\",\"@id\":\"https:\/\/denizcankizil.tr\/#\/schema\/person\/e1eb71bb4dd684d46563f0af307e1234\"},\"headline\":\"\u0130leti\u015fim Ba\u015fkanl\u0131\u011f\u0131\u2019ndan Lefko\u015fa B\u00fcy\u00fckel\u00e7ili\u011fi a\u00e7\u0131klamas\u0131\",\"datePublished\":\"2025-04-19T14:41:26+00:00\",\"mainEntityOfPage\":{\"@id\":\"https:\/\/denizcankizil.tr\/uk\/haberler\/gundem\/iletisim-baskanligindan-lefkosa-buyukelciligi-aciklamasi\/\"},\"wordCount\":242,\"publisher\":{\"@id\":\"https:\/\/denizcankizil.tr\/#organization\"},\"articleSection\":[\"G\u00fcndem\"],\"inLanguage\":\"uk\"},{\"@type\":\"WebPage\",\"@id\":\"https:\/\/denizcankizil.tr\/uk\/haberler\/gundem\/iletisim-baskanligindan-lefkosa-buyukelciligi-aciklamasi\/\",\"url\":\"https:\/\/denizcankizil.tr\/uk\/haberler\/gundem\/iletisim-baskanligindan-lefkosa-buyukelciligi-aciklamasi\/\",\"name\":\"\u0130leti\u015fim Ba\u015fkanl\u0131\u011f\u0131\u2019ndan Lefko\u015fa B\u00fcy\u00fckel\u00e7ili\u011fi a\u00e7\u0131klamas\u0131 - Av. Deniz Can K\u0131z\u0131l\",\"isPartOf\":{\"@id\":\"https:\/\/denizcankizil.tr\/#website\"},\"datePublished\":\"2025-04-19T14:41:26+00:00\",\"breadcrumb\":{\"@id\":\"https:\/\/denizcankizil.tr\/uk\/haberler\/gundem\/iletisim-baskanligindan-lefkosa-buyukelciligi-aciklamasi\/#breadcrumb\"},\"inLanguage\":\"uk\",\"potentialAction\":[{\"@type\":\"ReadAction\",\"target\":[\"https:\/\/denizcankizil.tr\/uk\/haberler\/gundem\/iletisim-baskanligindan-lefkosa-buyukelciligi-aciklamasi\/\"]}]},{\"@type\":\"BreadcrumbList\",\"@id\":\"https:\/\/denizcankizil.tr\/uk\/haberler\/gundem\/iletisim-baskanligindan-lefkosa-buyukelciligi-aciklamasi\/#breadcrumb\",\"itemListElement\":[{\"@type\":\"ListItem\",\"position\":1,\"name\":\"Home\",\"item\":\"https:\/\/denizcankizil.tr\/de\/\"},{\"@type\":\"ListItem\",\"position\":2,\"name\":\"\u0130leti\u015fim Ba\u015fkanl\u0131\u011f\u0131\u2019ndan Lefko\u015fa B\u00fcy\u00fckel\u00e7ili\u011fi a\u00e7\u0131klamas\u0131\"}]},{\"@type\":\"WebSite\",\"@id\":\"https:\/\/denizcankizil.tr\/#website\",\"url\":\"https:\/\/denizcankizil.tr\/\",\"name\":\"Av. Deniz Can K\u0131z\u0131l\",\"description\":\"Avukat Deniz Can K\u0131z\u0131l Antalya Barosu\",\"publisher\":{\"@id\":\"https:\/\/denizcankizil.tr\/#organization\"},\"potentialAction\":[{\"@type\":\"SearchAction\",\"target\":{\"@type\":\"EntryPoint\",\"urlTemplate\":\"https:\/\/denizcankizil.tr\/?s={search_term_string}\"},\"query-input\":{\"@type\":\"PropertyValueSpecification\",\"valueRequired\":true,\"valueName\":\"search_term_string\"}}],\"inLanguage\":\"uk\"},{\"@type\":\"Organization\",\"@id\":\"https:\/\/denizcankizil.tr\/#organization\",\"name\":\"Av. Deniz Can K\u0131z\u0131l\",\"url\":\"https:\/\/denizcankizil.tr\/\",\"logo\":{\"@type\":\"ImageObject\",\"inLanguage\":\"uk\",\"@id\":\"https:\/\/denizcankizil.tr\/#\/schema\/logo\/image\/\",\"url\":\"https:\/\/denizcankizil.tr\/wp-content\/uploads\/2024\/10\/siyah-logo-svg.svg\",\"contentUrl\":\"https:\/\/denizcankizil.tr\/wp-content\/uploads\/2024\/10\/siyah-logo-svg.svg\",\"width\":1080,\"height\":1080,\"caption\":\"Av. Deniz Can K\u0131z\u0131l\"},\"image\":{\"@id\":\"https:\/\/denizcankizil.tr\/#\/schema\/logo\/image\/\"}},{\"@type\":\"Person\",\"@id\":\"https:\/\/denizcankizil.tr\/#\/schema\/person\/e1eb71bb4dd684d46563f0af307e1234\",\"name\":\"Antalya K\u00f6rfez\",\"image\":{\"@type\":\"ImageObject\",\"inLanguage\":\"uk\",\"@id\":\"https:\/\/denizcankizil.tr\/#\/schema\/person\/image\/\",\"url\":\"https:\/\/secure.gravatar.com\/avatar\/42b01982558a48a0b501fdcab6a408d3717ea5919095ee2e67b0e521799c5905?s=96&d=mm&r=g\",\"contentUrl\":\"https:\/\/secure.gravatar.com\/avatar\/42b01982558a48a0b501fdcab6a408d3717ea5919095ee2e67b0e521799c5905?s=96&d=mm&r=g\",\"caption\":\"Antalya K\u00f6rfez\"},\"sameAs\":[\"http:\/\/www.antalyakorfez.com\"],\"url\":\"https:\/\/www.antalyakorfez.com\/iletisim-baskanligindan-lefkosa-buyukelciligi-aciklamasi\"}]}<\/script>\n<!-- \/ Yoast SEO Premium plugin. -->","yoast_head_json":{"title":"\u0130leti\u015fim Ba\u015fkanl\u0131\u011f\u0131\u2019ndan Lefko\u015fa B\u00fcy\u00fckel\u00e7ili\u011fi a\u00e7\u0131klamas\u0131 - Av. Deniz Can K\u0131z\u0131l","robots":{"index":"index","follow":"follow","max-snippet":"max-snippet:-1","max-image-preview":"max-image-preview:large","max-video-preview":"max-video-preview:-1"},"canonical":"https:\/\/denizcankizil.tr\/uk\/haberler\/gundem\/iletisim-baskanligindan-lefkosa-buyukelciligi-aciklamasi\/","og_locale":"uk_UA","og_type":"article","og_title":"\u0130leti\u015fim Ba\u015fkanl\u0131\u011f\u0131\u2019ndan Lefko\u015fa B\u00fcy\u00fckel\u00e7ili\u011fi a\u00e7\u0131klamas\u0131","og_description":"\u0130leti\u015fim Ba\u015fkanl\u0131\u011f\u0131 T\u00fcrkiye\u2019nin Lefko\u015fe B\u00fcy\u00fckel\u00e7isi\u2019nin de\u011fi\u015fti\u011fine dair \u00e7\u0131kan haberler hakk\u0131nda a\u00e7\u0131klama yapt\u0131. A\u00e7\u0131klamada, bu t\u00fcr as\u0131ls\u0131z haberlerin kamuoyunu yan\u0131ltma amac\u0131 ta\u015f\u0131d\u0131\u011f\u0131 vurgulanarak, vatanda\u015flar\u0131n bu iddialara itibar etmemesi gerekti\u011fi ifade edildi. \u0130leti\u015fim Ba\u015fkanl\u0131\u011f\u0131, do\u011fru bilgiye ula\u015fman\u0131n \u00f6nemine dikkat \u00e7ekerek, resmi kaynaklardan yap\u0131lan a\u00e7\u0131klamalar\u0131n takip edilmesi \u00e7a\u011fr\u0131s\u0131nda bulundu. HUKUK\u0130 ADIM ATILACAK Lefko\u015fa B\u00fcy\u00fckel\u00e7ili\u011fi g\u00f6rev de\u011fi\u015fimiyle ilgili yay\u0131lan bu t\u00fcr haberlerin, T\u00fcrkiye\u2019nin diplomatik ili\u015fkilerine zarar verme amac\u0131 ta\u015f\u0131d\u0131\u011f\u0131na i\u015faret edildi. Yetkililer, bu t\u00fcr manip\u00fclatif i\u00e7eriklerin yay\u0131lmas\u0131n\u0131 \u00f6nlemek ad\u0131na gerekli hukuki ad\u0131mlar\u0131n at\u0131laca\u011f\u0131n\u0131 duyurdu. \u0130leti\u015fim Ba\u015fkanl\u0131\u011f\u0131, kamuoyunu do\u011fru bilgilendirme konusundaki kararl\u0131l\u0131\u011f\u0131n\u0131 bir kez daha vurgulad\u0131. \u200bT\u00fcrkiye\u2019nin Lefko\u015fa B\u00fcy\u00fckel\u00e7ili\u011fi g\u00f6rev de\u011fi\u015fimiyle ilgili manip\u00fclatif haberlerin yay\u0131ld\u0131\u011f\u0131 tespit edildi. \u0130leti\u015fim Ba\u015fkanl\u0131\u011f\u0131 taraf\u0131ndan yap\u0131lan a\u00e7\u0131klamada, Cumhurba\u015fkan\u0131 Recep Tayyip Erdo\u011fan ve D\u0131\u015fi\u015fleri Bakan\u0131 Hakan Fidan\u2019\u0131n isimlerinin ge\u00e7ti\u011fi s\u00f6zde diyalog ve iddialar\u0131n tamamen hayal \u00fcr\u00fcn\u00fc oldu\u011fu belirtildi.\u00a0 \u200bHaberin Al\u0131nt\u0131land\u0131\u011f\u0131 Kaynak: www.antalyakorfez.com","og_url":"https:\/\/denizcankizil.tr\/uk\/haberler\/gundem\/iletisim-baskanligindan-lefkosa-buyukelciligi-aciklamasi\/","og_site_name":"Av. Deniz Can K\u0131z\u0131l","article_published_time":"2025-04-19T14:41:26+00:00","author":"Antalya K\u00f6rfez","twitter_card":"summary_large_image","twitter_misc":{"\u041d\u0430\u043f\u0438\u0441\u0430\u043d\u043e":"Antalya K\u00f6rfez","\u041f\u0440\u0438\u0431\u043b. \u0447\u0430\u0441 \u0447\u0438\u0442\u0430\u043d\u043d\u044f":"1 \u0445\u0432\u0438\u043b\u0438\u043d\u0430"},"schema":{"@context":"https:\/\/schema.org","@graph":[{"@type":"Article","@id":"https:\/\/denizcankizil.tr\/uk\/haberler\/gundem\/iletisim-baskanligindan-lefkosa-buyukelciligi-aciklamasi\/#article","isPartOf":{"@id":"https:\/\/denizcankizil.tr\/uk\/haberler\/gundem\/iletisim-baskanligindan-lefkosa-buyukelciligi-aciklamasi\/"},"author":{"name":"Antalya K\u00f6rfez","@id":"https:\/\/denizcankizil.tr\/#\/schema\/person\/e1eb71bb4dd684d46563f0af307e1234"},"headline":"\u0130leti\u015fim Ba\u015fkanl\u0131\u011f\u0131\u2019ndan Lefko\u015fa B\u00fcy\u00fckel\u00e7ili\u011fi a\u00e7\u0131klamas\u0131","datePublished":"2025-04-19T14:41:26+00:00","mainEntityOfPage":{"@id":"https:\/\/denizcankizil.tr\/uk\/haberler\/gundem\/iletisim-baskanligindan-lefkosa-buyukelciligi-aciklamasi\/"},"wordCount":242,"publisher":{"@id":"https:\/\/denizcankizil.tr\/#organization"},"articleSection":["G\u00fcndem"],"inLanguage":"uk"},{"@type":"WebPage","@id":"https:\/\/denizcankizil.tr\/uk\/haberler\/gundem\/iletisim-baskanligindan-lefkosa-buyukelciligi-aciklamasi\/","url":"https:\/\/denizcankizil.tr\/uk\/haberler\/gundem\/iletisim-baskanligindan-lefkosa-buyukelciligi-aciklamasi\/","name":"\u0130leti\u015fim Ba\u015fkanl\u0131\u011f\u0131\u2019ndan Lefko\u015fa B\u00fcy\u00fckel\u00e7ili\u011fi a\u00e7\u0131klamas\u0131 - Av. Deniz Can K\u0131z\u0131l","isPartOf":{"@id":"https:\/\/denizcankizil.tr\/#website"},"datePublished":"2025-04-19T14:41:26+00:00","breadcrumb":{"@id":"https:\/\/denizcankizil.tr\/uk\/haberler\/gundem\/iletisim-baskanligindan-lefkosa-buyukelciligi-aciklamasi\/#breadcrumb"},"inLanguage":"uk","potentialAction":[{"@type":"ReadAction","target":["https:\/\/denizcankizil.tr\/uk\/haberler\/gundem\/iletisim-baskanligindan-lefkosa-buyukelciligi-aciklamasi\/"]}]},{"@type":"BreadcrumbList","@id":"https:\/\/denizcankizil.tr\/uk\/haberler\/gundem\/iletisim-baskanligindan-lefkosa-buyukelciligi-aciklamasi\/#breadcrumb","itemListElement":[{"@type":"ListItem","position":1,"name":"Home","item":"https:\/\/denizcankizil.tr\/de\/"},{"@type":"ListItem","position":2,"name":"\u0130leti\u015fim Ba\u015fkanl\u0131\u011f\u0131\u2019ndan Lefko\u015fa B\u00fcy\u00fckel\u00e7ili\u011fi a\u00e7\u0131klamas\u0131"}]},{"@type":"WebSite","@id":"https:\/\/denizcankizil.tr\/#website","url":"https:\/\/denizcankizil.tr\/","name":"Av. Deniz Can K\u0131z\u0131l","description":"Avukat Deniz Can K\u0131z\u0131l Antalya Barosu","publisher":{"@id":"https:\/\/denizcankizil.tr\/#organization"},"potentialAction":[{"@type":"SearchAction","target":{"@type":"EntryPoint","urlTemplate":"https:\/\/denizcankizil.tr\/?s={search_term_string}"},"query-input":{"@type":"PropertyValueSpecification","valueRequired":true,"valueName":"search_term_string"}}],"inLanguage":"uk"},{"@type":"Organization","@id":"https:\/\/denizcankizil.tr\/#organization","name":"Av. Deniz Can K\u0131z\u0131l","url":"https:\/\/denizcankizil.tr\/","logo":{"@type":"ImageObject","inLanguage":"uk","@id":"https:\/\/denizcankizil.tr\/#\/schema\/logo\/image\/","url":"https:\/\/denizcankizil.tr\/wp-content\/uploads\/2024\/10\/siyah-logo-svg.svg","contentUrl":"https:\/\/denizcankizil.tr\/wp-content\/uploads\/2024\/10\/siyah-logo-svg.svg","width":1080,"height":1080,"caption":"Av. Deniz Can K\u0131z\u0131l"},"image":{"@id":"https:\/\/denizcankizil.tr\/#\/schema\/logo\/image\/"}},{"@type":"Person","@id":"https:\/\/denizcankizil.tr\/#\/schema\/person\/e1eb71bb4dd684d46563f0af307e1234","name":"Antalya K\u00f6rfez","image":{"@type":"ImageObject","inLanguage":"uk","@id":"https:\/\/denizcankizil.tr\/#\/schema\/person\/image\/","url":"https:\/\/secure.gravatar.com\/avatar\/42b01982558a48a0b501fdcab6a408d3717ea5919095ee2e67b0e521799c5905?s=96&d=mm&r=g","contentUrl":"https:\/\/secure.gravatar.com\/avatar\/42b01982558a48a0b501fdcab6a408d3717ea5919095ee2e67b0e521799c5905?s=96&d=mm&r=g","caption":"Antalya K\u00f6rfez"},"sameAs":["http:\/\/www.antalyakorfez.com"],"url":"https:\/\/www.antalyakorfez.com\/iletisim-baskanligindan-lefkosa-buyukelciligi-aciklamasi"}]}},"_links":{"self":[{"href":"https:\/\/denizcankizil.tr\/uk\/wp-json\/wp\/v2\/posts\/60243","targetHints":{"allow":["GET"]}}],"collection":[{"href":"https:\/\/denizcankizil.tr\/uk\/wp-json\/wp\/v2\/posts"}],"about":[{"href":"https:\/\/denizcankizil.tr\/uk\/wp-json\/wp\/v2\/types\/post"}],"author":[{"embeddable":true,"href":"https:\/\/denizcankizil.tr\/uk\/wp-json\/wp\/v2\/users\/5"}],"replies":[{"embeddable":true,"href":"https:\/\/denizcankizil.tr\/uk\/wp-json\/wp\/v2\/comments?post=60243"}],"version-history":[{"count":0,"href":"https:\/\/denizcankizil.tr\/uk\/wp-json\/wp\/v2\/posts\/60243\/revisions"}],"wp:attachment":[{"href":"https:\/\/denizcankizil.tr\/uk\/wp-json\/wp\/v2\/media?parent=60243"}],"wp:term":[{"taxonomy":"category","embeddable":true,"href":"https:\/\/denizcankizil.tr\/uk\/wp-json\/wp\/v2\/categories?post=60243"},{"taxonomy":"post_tag","embeddable":true,"href":"https:\/\/denizcankizil.tr\/uk\/wp-json\/wp\/v2\/tags?post=60243"}],"curies":[{"name":"wp","href":"https:\/\/api.w.org\/{rel}","templated":true}]}}