{"id":59318,"date":"2025-04-18T14:41:51","date_gmt":"2025-04-18T11:41:51","guid":{"rendered":"https:\/\/denizcankizil.tr\/uncategorized-tr\/antalyada-motorlu-kara-tasitlari-sayisi-bir-bucuk-milyonu-gecti\/"},"modified":"2025-04-18T14:41:51","modified_gmt":"2025-04-18T11:41:51","slug":"antalyada-motorlu-kara-tasitlari-sayisi-bir-bucuk-milyonu-gecti","status":"publish","type":"post","link":"https:\/\/denizcankizil.tr\/uk\/haberler\/antalya\/antalyada-motorlu-kara-tasitlari-sayisi-bir-bucuk-milyonu-gecti\/","title":{"rendered":"Antalya&#8217;da motorlu kara ta\u015f\u0131tlar\u0131 say\u0131s\u0131 bir bu\u00e7uk milyonu ge\u00e7ti"},"content":{"rendered":"<p>T\u00fcrkiye \u0130statistik Kurumu (T\u00dc\u0130K) 2025 y\u0131l\u0131 Mart ay\u0131 Motorlu Kara Ta\u015f\u0131tlar\u0131 verilerini a\u00e7\u0131klad\u0131. Mart ay\u0131nda T\u00fcrkiye genelinde 195 bin 682 ta\u015f\u0131t trafi\u011fe kaydedilirken, toplam kay\u0131tl\u0131 ara\u00e7 say\u0131s\u0131 31 milyon 788 bin 619&#8217;a ula\u015ft\u0131. Antalya, Isparta ve Burdur&#8217;daki rakamlar ise b\u00f6lgedeki ta\u015f\u0131t yo\u011funlu\u011funun artt\u0131\u011f\u0131n\u0131 ortaya koydu.<\/p>\n<p>Antalya&#8217;da ara\u00e7 say\u0131s\u0131 1,5 milyonu a\u015ft\u0131<br \/>\nAkdeniz&#8217;in \u00f6nemli turizm merkezlerinden Antalya&#8217;da trafi\u011fe kay\u0131tl\u0131 ara\u00e7 say\u0131s\u0131 Mart ay\u0131 sonu itibar\u0131yla 1 milyon 594 bin 194 olarak a\u00e7\u0131kland\u0131. \u00d6zellikle yaz sezonuna haz\u0131rl\u0131k s\u00fcrecinde artan ta\u015f\u0131t say\u0131s\u0131, bireysel kullan\u0131m\u0131n ve turizm sekt\u00f6r\u00fcn\u00fcn etkisini bir kez daha g\u00f6zler \u00f6n\u00fcne serdi.<\/p>\n<p>Isparta&#8217;da 231 bin ara\u00e7 yollarda<br \/>\nG\u00f6ller Y\u00f6resi&#8217;nin \u00f6nemli \u015fehirlerinden Isparta&#8217;da da ta\u015f\u0131t trafi\u011fi artmaya devam ediyor. Mart ay\u0131 sonu itibar\u0131yla trafi\u011fe kay\u0131tl\u0131 ara\u00e7 say\u0131s\u0131 231 bin 777 olarak kaydedildi. Tar\u0131m ve \u00f6\u011frenci kenti kimli\u011fiyle dikkat \u00e7eken \u015fehirde, bireysel ta\u015f\u0131t kullan\u0131m\u0131nda art\u0131\u015f ya\u015fand\u0131\u011f\u0131 g\u00f6zlemlendi.<\/p>\n<p>Burdur&#8217;da ta\u015f\u0131t say\u0131s\u0131 176 bini ge\u00e7ti<br \/>\nMart ay\u0131 sonu itibar\u0131yla Burdur&#8217;da trafi\u011fe kay\u0131tl\u0131 ara\u00e7 say\u0131s\u0131 176 bin 758&#8217;e ula\u015ft\u0131. B\u00f6lgedeki k\u0131rsal yap\u0131n\u0131n etkisiyle trakt\u00f6r ve kamyonet gibi ara\u00e7lar\u0131n \u00f6ne \u00e7\u0131kt\u0131\u011f\u0131 kentte, bireysel ara\u00e7 edinme e\u011filiminin devam etti\u011fi g\u00f6r\u00fcld\u00fc.<\/p>\n<p>Kaynak: www.kanalv.com.tr Haber Sitesinden Al\u0131nm\u0131\u015ft\u0131r.<\/p>","protected":false},"excerpt":{"rendered":"<p>T\u00fcrkiye \u0130statistik Kurumu (T\u00dc\u0130K) 2025 y\u0131l\u0131 Mart ay\u0131 Motorlu Kara Ta\u015f\u0131tlar\u0131 verilerini a\u00e7\u0131klad\u0131. Mart ay\u0131nda T\u00fcrkiye genelinde 195 bin 682 ta\u015f\u0131t trafi\u011fe kaydedilirken, toplam kay\u0131tl\u0131 ara\u00e7 say\u0131s\u0131 31 milyon 788 bin 619&#8217;a ula\u015ft\u0131. Antalya, Isparta ve Burdur&#8217;daki rakamlar ise b\u00f6lgedeki ta\u015f\u0131t yo\u011funlu\u011funun artt\u0131\u011f\u0131n\u0131 ortaya koydu. Antalya&#8217;da ara\u00e7 say\u0131s\u0131 1,5 milyonu a\u015ft\u0131 Akdeniz&#8217;in \u00f6nemli turizm merkezlerinden Antalya&#8217;da trafi\u011fe kay\u0131tl\u0131 ara\u00e7 say\u0131s\u0131 Mart ay\u0131 sonu itibar\u0131yla 1 milyon 594 bin 194 olarak a\u00e7\u0131kland\u0131. \u00d6zellikle yaz sezonuna haz\u0131rl\u0131k s\u00fcrecinde artan ta\u015f\u0131t say\u0131s\u0131, bireysel kullan\u0131m\u0131n ve turizm sekt\u00f6r\u00fcn\u00fcn etkisini bir kez daha g\u00f6zler \u00f6n\u00fcne serdi. Isparta&#8217;da 231 bin ara\u00e7 yollarda G\u00f6ller Y\u00f6resi&#8217;nin \u00f6nemli \u015fehirlerinden Isparta&#8217;da da ta\u015f\u0131t trafi\u011fi artmaya devam ediyor. Mart ay\u0131 sonu itibar\u0131yla trafi\u011fe kay\u0131tl\u0131 ara\u00e7 say\u0131s\u0131 231 bin 777 olarak kaydedildi. Tar\u0131m ve \u00f6\u011frenci kenti kimli\u011fiyle dikkat \u00e7eken \u015fehirde, bireysel ta\u015f\u0131t kullan\u0131m\u0131nda art\u0131\u015f ya\u015fand\u0131\u011f\u0131 g\u00f6zlemlendi. Burdur&#8217;da ta\u015f\u0131t say\u0131s\u0131 176 bini ge\u00e7ti Mart ay\u0131 sonu itibar\u0131yla Burdur&#8217;da trafi\u011fe kay\u0131tl\u0131 ara\u00e7 say\u0131s\u0131 176 bin 758&#8217;e ula\u015ft\u0131. B\u00f6lgedeki k\u0131rsal yap\u0131n\u0131n etkisiyle trakt\u00f6r ve kamyonet gibi ara\u00e7lar\u0131n \u00f6ne \u00e7\u0131kt\u0131\u011f\u0131 kentte, bireysel ara\u00e7 edinme e\u011filiminin devam etti\u011fi g\u00f6r\u00fcld\u00fc. Kaynak: www.kanalv.com.tr Haber Sitesinden Al\u0131nm\u0131\u015ft\u0131r.<\/p>","protected":false},"author":4,"featured_media":59319,"comment_status":"","ping_status":"open","sticky":false,"template":"","format":"standard","meta":{"_acf_changed":false,"footnotes":""},"categories":[26],"tags":[],"class_list":["post-59318","post","type-post","status-publish","format-standard","has-post-thumbnail","hentry","category-antalya"],"acf":[],"yoast_head":"<!-- This site is optimized with the Yoast SEO Premium plugin v26.6 (Yoast SEO v27.1.1) - https:\/\/yoast.com\/product\/yoast-seo-premium-wordpress\/ -->\n<title>Antalya&#039;da motorlu kara ta\u015f\u0131tlar\u0131 say\u0131s\u0131 bir bu\u00e7uk milyonu ge\u00e7ti - Av. Deniz Can K\u0131z\u0131l<\/title>\n<meta name=\"robots\" content=\"index, follow, max-snippet:-1, max-image-preview:large, max-video-preview:-1\" \/>\n<link rel=\"canonical\" href=\"https:\/\/denizcankizil.tr\/uk\/haberler\/antalya\/antalyada-motorlu-kara-tasitlari-sayisi-bir-bucuk-milyonu-gecti\/\" \/>\n<meta property=\"og:locale\" content=\"uk_UA\" \/>\n<meta property=\"og:type\" content=\"article\" \/>\n<meta property=\"og:title\" content=\"Antalya&#039;da motorlu kara ta\u015f\u0131tlar\u0131 say\u0131s\u0131 bir bu\u00e7uk milyonu ge\u00e7ti\" \/>\n<meta property=\"og:description\" content=\"T\u00fcrkiye \u0130statistik Kurumu (T\u00dc\u0130K) 2025 y\u0131l\u0131 Mart ay\u0131 Motorlu Kara Ta\u015f\u0131tlar\u0131 verilerini a\u00e7\u0131klad\u0131. Mart ay\u0131nda T\u00fcrkiye genelinde 195 bin 682 ta\u015f\u0131t trafi\u011fe kaydedilirken, toplam kay\u0131tl\u0131 ara\u00e7 say\u0131s\u0131 31 milyon 788 bin 619&#8217;a ula\u015ft\u0131. Antalya, Isparta ve Burdur&#8217;daki rakamlar ise b\u00f6lgedeki ta\u015f\u0131t yo\u011funlu\u011funun artt\u0131\u011f\u0131n\u0131 ortaya koydu. Antalya&#8217;da ara\u00e7 say\u0131s\u0131 1,5 milyonu a\u015ft\u0131 Akdeniz&#8217;in \u00f6nemli turizm merkezlerinden Antalya&#8217;da trafi\u011fe kay\u0131tl\u0131 ara\u00e7 say\u0131s\u0131 Mart ay\u0131 sonu itibar\u0131yla 1 milyon 594 bin 194 olarak a\u00e7\u0131kland\u0131. \u00d6zellikle yaz sezonuna haz\u0131rl\u0131k s\u00fcrecinde artan ta\u015f\u0131t say\u0131s\u0131, bireysel kullan\u0131m\u0131n ve turizm sekt\u00f6r\u00fcn\u00fcn etkisini bir kez daha g\u00f6zler \u00f6n\u00fcne serdi. Isparta&#8217;da 231 bin ara\u00e7 yollarda G\u00f6ller Y\u00f6resi&#8217;nin \u00f6nemli \u015fehirlerinden Isparta&#8217;da da ta\u015f\u0131t trafi\u011fi artmaya devam ediyor. Mart ay\u0131 sonu itibar\u0131yla trafi\u011fe kay\u0131tl\u0131 ara\u00e7 say\u0131s\u0131 231 bin 777 olarak kaydedildi. Tar\u0131m ve \u00f6\u011frenci kenti kimli\u011fiyle dikkat \u00e7eken \u015fehirde, bireysel ta\u015f\u0131t kullan\u0131m\u0131nda art\u0131\u015f ya\u015fand\u0131\u011f\u0131 g\u00f6zlemlendi. Burdur&#8217;da ta\u015f\u0131t say\u0131s\u0131 176 bini ge\u00e7ti Mart ay\u0131 sonu itibar\u0131yla Burdur&#8217;da trafi\u011fe kay\u0131tl\u0131 ara\u00e7 say\u0131s\u0131 176 bin 758&#8217;e ula\u015ft\u0131. B\u00f6lgedeki k\u0131rsal yap\u0131n\u0131n etkisiyle trakt\u00f6r ve kamyonet gibi ara\u00e7lar\u0131n \u00f6ne \u00e7\u0131kt\u0131\u011f\u0131 kentte, bireysel ara\u00e7 edinme e\u011filiminin devam etti\u011fi g\u00f6r\u00fcld\u00fc. Kaynak: www.kanalv.com.tr Haber Sitesinden Al\u0131nm\u0131\u015ft\u0131r.\" \/>\n<meta property=\"og:url\" content=\"https:\/\/denizcankizil.tr\/uk\/haberler\/antalya\/antalyada-motorlu-kara-tasitlari-sayisi-bir-bucuk-milyonu-gecti\/\" \/>\n<meta property=\"og:site_name\" content=\"Av. Deniz Can K\u0131z\u0131l\" \/>\n<meta property=\"article:published_time\" content=\"2025-04-18T11:41:51+00:00\" \/>\n<meta property=\"og:image\" content=\"https:\/\/denizcankizil.tr\/wp-content\/uploads\/2025\/04\/5876-01-HJmKgC.jpg\" \/>\n\t<meta property=\"og:image:width\" content=\"1280\" \/>\n\t<meta property=\"og:image:height\" content=\"720\" \/>\n\t<meta property=\"og:image:type\" content=\"image\/jpeg\" \/>\n<meta name=\"author\" content=\"Av. Deniz Can K\u0131z\u0131l\" \/>\n<meta name=\"twitter:card\" content=\"summary_large_image\" \/>\n<meta name=\"twitter:label1\" content=\"\u041d\u0430\u043f\u0438\u0441\u0430\u043d\u043e\" \/>\n\t<meta name=\"twitter:data1\" content=\"Av. Deniz Can K\u0131z\u0131l\" \/>\n\t<meta name=\"twitter:label2\" content=\"\u041f\u0440\u0438\u0431\u043b. \u0447\u0430\u0441 \u0447\u0438\u0442\u0430\u043d\u043d\u044f\" \/>\n\t<meta name=\"twitter:data2\" content=\"1 \u0445\u0432\u0438\u043b\u0438\u043d\u0430\" \/>\n<script type=\"application\/ld+json\" class=\"yoast-schema-graph\">{\"@context\":\"https:\/\/schema.org\",\"@graph\":[{\"@type\":\"Article\",\"@id\":\"https:\/\/denizcankizil.tr\/uk\/haberler\/antalya\/antalyada-motorlu-kara-tasitlari-sayisi-bir-bucuk-milyonu-gecti\/#article\",\"isPartOf\":{\"@id\":\"https:\/\/denizcankizil.tr\/uk\/haberler\/antalya\/antalyada-motorlu-kara-tasitlari-sayisi-bir-bucuk-milyonu-gecti\/\"},\"author\":{\"name\":\"Av. Deniz Can K\u0131z\u0131l\",\"@id\":\"https:\/\/denizcankizil.tr\/#\/schema\/person\/5dc1b22991bd7ac833867c10afc9b0ff\"},\"headline\":\"Antalya&#8217;da motorlu kara ta\u015f\u0131tlar\u0131 say\u0131s\u0131 bir bu\u00e7uk milyonu ge\u00e7ti\",\"datePublished\":\"2025-04-18T11:41:51+00:00\",\"mainEntityOfPage\":{\"@id\":\"https:\/\/denizcankizil.tr\/uk\/haberler\/antalya\/antalyada-motorlu-kara-tasitlari-sayisi-bir-bucuk-milyonu-gecti\/\"},\"wordCount\":262,\"publisher\":{\"@id\":\"https:\/\/denizcankizil.tr\/#organization\"},\"image\":{\"@id\":\"https:\/\/denizcankizil.tr\/uk\/haberler\/antalya\/antalyada-motorlu-kara-tasitlari-sayisi-bir-bucuk-milyonu-gecti\/#primaryimage\"},\"thumbnailUrl\":\"https:\/\/denizcankizil.tr\/wp-content\/uploads\/2025\/04\/5876-01-HJmKgC.jpg\",\"articleSection\":[\"Antalya\"],\"inLanguage\":\"uk\"},{\"@type\":\"WebPage\",\"@id\":\"https:\/\/denizcankizil.tr\/uk\/haberler\/antalya\/antalyada-motorlu-kara-tasitlari-sayisi-bir-bucuk-milyonu-gecti\/\",\"url\":\"https:\/\/denizcankizil.tr\/uk\/haberler\/antalya\/antalyada-motorlu-kara-tasitlari-sayisi-bir-bucuk-milyonu-gecti\/\",\"name\":\"Antalya'da motorlu kara ta\u015f\u0131tlar\u0131 say\u0131s\u0131 bir bu\u00e7uk milyonu ge\u00e7ti - Av. Deniz Can K\u0131z\u0131l\",\"isPartOf\":{\"@id\":\"https:\/\/denizcankizil.tr\/#website\"},\"primaryImageOfPage\":{\"@id\":\"https:\/\/denizcankizil.tr\/uk\/haberler\/antalya\/antalyada-motorlu-kara-tasitlari-sayisi-bir-bucuk-milyonu-gecti\/#primaryimage\"},\"image\":{\"@id\":\"https:\/\/denizcankizil.tr\/uk\/haberler\/antalya\/antalyada-motorlu-kara-tasitlari-sayisi-bir-bucuk-milyonu-gecti\/#primaryimage\"},\"thumbnailUrl\":\"https:\/\/denizcankizil.tr\/wp-content\/uploads\/2025\/04\/5876-01-HJmKgC.jpg\",\"datePublished\":\"2025-04-18T11:41:51+00:00\",\"breadcrumb\":{\"@id\":\"https:\/\/denizcankizil.tr\/uk\/haberler\/antalya\/antalyada-motorlu-kara-tasitlari-sayisi-bir-bucuk-milyonu-gecti\/#breadcrumb\"},\"inLanguage\":\"uk\",\"potentialAction\":[{\"@type\":\"ReadAction\",\"target\":[\"https:\/\/denizcankizil.tr\/uk\/haberler\/antalya\/antalyada-motorlu-kara-tasitlari-sayisi-bir-bucuk-milyonu-gecti\/\"]}]},{\"@type\":\"ImageObject\",\"inLanguage\":\"uk\",\"@id\":\"https:\/\/denizcankizil.tr\/uk\/haberler\/antalya\/antalyada-motorlu-kara-tasitlari-sayisi-bir-bucuk-milyonu-gecti\/#primaryimage\",\"url\":\"https:\/\/denizcankizil.tr\/wp-content\/uploads\/2025\/04\/5876-01-HJmKgC.jpg\",\"contentUrl\":\"https:\/\/denizcankizil.tr\/wp-content\/uploads\/2025\/04\/5876-01-HJmKgC.jpg\",\"width\":1280,\"height\":720},{\"@type\":\"BreadcrumbList\",\"@id\":\"https:\/\/denizcankizil.tr\/uk\/haberler\/antalya\/antalyada-motorlu-kara-tasitlari-sayisi-bir-bucuk-milyonu-gecti\/#breadcrumb\",\"itemListElement\":[{\"@type\":\"ListItem\",\"position\":1,\"name\":\"Home\",\"item\":\"https:\/\/denizcankizil.tr\/de\/\"},{\"@type\":\"ListItem\",\"position\":2,\"name\":\"Antalya&#8217;da motorlu kara ta\u015f\u0131tlar\u0131 say\u0131s\u0131 bir bu\u00e7uk milyonu ge\u00e7ti\"}]},{\"@type\":\"WebSite\",\"@id\":\"https:\/\/denizcankizil.tr\/#website\",\"url\":\"https:\/\/denizcankizil.tr\/\",\"name\":\"Av. Deniz Can K\u0131z\u0131l\",\"description\":\"Avukat Deniz Can K\u0131z\u0131l Antalya Barosu\",\"publisher\":{\"@id\":\"https:\/\/denizcankizil.tr\/#organization\"},\"potentialAction\":[{\"@type\":\"SearchAction\",\"target\":{\"@type\":\"EntryPoint\",\"urlTemplate\":\"https:\/\/denizcankizil.tr\/?s={search_term_string}\"},\"query-input\":{\"@type\":\"PropertyValueSpecification\",\"valueRequired\":true,\"valueName\":\"search_term_string\"}}],\"inLanguage\":\"uk\"},{\"@type\":\"Organization\",\"@id\":\"https:\/\/denizcankizil.tr\/#organization\",\"name\":\"Av. Deniz Can K\u0131z\u0131l\",\"url\":\"https:\/\/denizcankizil.tr\/\",\"logo\":{\"@type\":\"ImageObject\",\"inLanguage\":\"uk\",\"@id\":\"https:\/\/denizcankizil.tr\/#\/schema\/logo\/image\/\",\"url\":\"https:\/\/denizcankizil.tr\/wp-content\/uploads\/2024\/10\/siyah-logo-svg.svg\",\"contentUrl\":\"https:\/\/denizcankizil.tr\/wp-content\/uploads\/2024\/10\/siyah-logo-svg.svg\",\"width\":1080,\"height\":1080,\"caption\":\"Av. Deniz Can K\u0131z\u0131l\"},\"image\":{\"@id\":\"https:\/\/denizcankizil.tr\/#\/schema\/logo\/image\/\"}},{\"@type\":\"Person\",\"@id\":\"https:\/\/denizcankizil.tr\/#\/schema\/person\/5dc1b22991bd7ac833867c10afc9b0ff\",\"name\":\"Av. Deniz Can K\u0131z\u0131l\",\"image\":{\"@type\":\"ImageObject\",\"inLanguage\":\"uk\",\"@id\":\"https:\/\/denizcankizil.tr\/#\/schema\/person\/image\/\",\"url\":\"https:\/\/secure.gravatar.com\/avatar\/a0b128fb9855c79efc976d5640eedb31dc35ec297594d6016d2cf7c60e975bb6?s=96&d=mm&r=g\",\"contentUrl\":\"https:\/\/secure.gravatar.com\/avatar\/a0b128fb9855c79efc976d5640eedb31dc35ec297594d6016d2cf7c60e975bb6?s=96&d=mm&r=g\",\"caption\":\"Av. Deniz Can K\u0131z\u0131l\"},\"sameAs\":[\"http:\/\/www.denizcankizil.tr\"],\"url\":\"https:\/\/denizcankizil.tr\/uk\/author\/denizcankizil\/\"}]}<\/script>\n<!-- \/ Yoast SEO Premium plugin. -->","yoast_head_json":{"title":"Antalya'da motorlu kara ta\u015f\u0131tlar\u0131 say\u0131s\u0131 bir bu\u00e7uk milyonu ge\u00e7ti - Av. Deniz Can K\u0131z\u0131l","robots":{"index":"index","follow":"follow","max-snippet":"max-snippet:-1","max-image-preview":"max-image-preview:large","max-video-preview":"max-video-preview:-1"},"canonical":"https:\/\/denizcankizil.tr\/uk\/haberler\/antalya\/antalyada-motorlu-kara-tasitlari-sayisi-bir-bucuk-milyonu-gecti\/","og_locale":"uk_UA","og_type":"article","og_title":"Antalya'da motorlu kara ta\u015f\u0131tlar\u0131 say\u0131s\u0131 bir bu\u00e7uk milyonu ge\u00e7ti","og_description":"T\u00fcrkiye \u0130statistik Kurumu (T\u00dc\u0130K) 2025 y\u0131l\u0131 Mart ay\u0131 Motorlu Kara Ta\u015f\u0131tlar\u0131 verilerini a\u00e7\u0131klad\u0131. Mart ay\u0131nda T\u00fcrkiye genelinde 195 bin 682 ta\u015f\u0131t trafi\u011fe kaydedilirken, toplam kay\u0131tl\u0131 ara\u00e7 say\u0131s\u0131 31 milyon 788 bin 619&#8217;a ula\u015ft\u0131. Antalya, Isparta ve Burdur&#8217;daki rakamlar ise b\u00f6lgedeki ta\u015f\u0131t yo\u011funlu\u011funun artt\u0131\u011f\u0131n\u0131 ortaya koydu. Antalya&#8217;da ara\u00e7 say\u0131s\u0131 1,5 milyonu a\u015ft\u0131 Akdeniz&#8217;in \u00f6nemli turizm merkezlerinden Antalya&#8217;da trafi\u011fe kay\u0131tl\u0131 ara\u00e7 say\u0131s\u0131 Mart ay\u0131 sonu itibar\u0131yla 1 milyon 594 bin 194 olarak a\u00e7\u0131kland\u0131. \u00d6zellikle yaz sezonuna haz\u0131rl\u0131k s\u00fcrecinde artan ta\u015f\u0131t say\u0131s\u0131, bireysel kullan\u0131m\u0131n ve turizm sekt\u00f6r\u00fcn\u00fcn etkisini bir kez daha g\u00f6zler \u00f6n\u00fcne serdi. Isparta&#8217;da 231 bin ara\u00e7 yollarda G\u00f6ller Y\u00f6resi&#8217;nin \u00f6nemli \u015fehirlerinden Isparta&#8217;da da ta\u015f\u0131t trafi\u011fi artmaya devam ediyor. Mart ay\u0131 sonu itibar\u0131yla trafi\u011fe kay\u0131tl\u0131 ara\u00e7 say\u0131s\u0131 231 bin 777 olarak kaydedildi. Tar\u0131m ve \u00f6\u011frenci kenti kimli\u011fiyle dikkat \u00e7eken \u015fehirde, bireysel ta\u015f\u0131t kullan\u0131m\u0131nda art\u0131\u015f ya\u015fand\u0131\u011f\u0131 g\u00f6zlemlendi. Burdur&#8217;da ta\u015f\u0131t say\u0131s\u0131 176 bini ge\u00e7ti Mart ay\u0131 sonu itibar\u0131yla Burdur&#8217;da trafi\u011fe kay\u0131tl\u0131 ara\u00e7 say\u0131s\u0131 176 bin 758&#8217;e ula\u015ft\u0131. B\u00f6lgedeki k\u0131rsal yap\u0131n\u0131n etkisiyle trakt\u00f6r ve kamyonet gibi ara\u00e7lar\u0131n \u00f6ne \u00e7\u0131kt\u0131\u011f\u0131 kentte, bireysel ara\u00e7 edinme e\u011filiminin devam etti\u011fi g\u00f6r\u00fcld\u00fc. Kaynak: www.kanalv.com.tr Haber Sitesinden Al\u0131nm\u0131\u015ft\u0131r.","og_url":"https:\/\/denizcankizil.tr\/uk\/haberler\/antalya\/antalyada-motorlu-kara-tasitlari-sayisi-bir-bucuk-milyonu-gecti\/","og_site_name":"Av. Deniz Can K\u0131z\u0131l","article_published_time":"2025-04-18T11:41:51+00:00","og_image":[{"width":1280,"height":720,"url":"https:\/\/denizcankizil.tr\/wp-content\/uploads\/2025\/04\/5876-01-HJmKgC.jpg","type":"image\/jpeg"}],"author":"Av. Deniz Can K\u0131z\u0131l","twitter_card":"summary_large_image","twitter_misc":{"\u041d\u0430\u043f\u0438\u0441\u0430\u043d\u043e":"Av. Deniz Can K\u0131z\u0131l","\u041f\u0440\u0438\u0431\u043b. \u0447\u0430\u0441 \u0447\u0438\u0442\u0430\u043d\u043d\u044f":"1 \u0445\u0432\u0438\u043b\u0438\u043d\u0430"},"schema":{"@context":"https:\/\/schema.org","@graph":[{"@type":"Article","@id":"https:\/\/denizcankizil.tr\/uk\/haberler\/antalya\/antalyada-motorlu-kara-tasitlari-sayisi-bir-bucuk-milyonu-gecti\/#article","isPartOf":{"@id":"https:\/\/denizcankizil.tr\/uk\/haberler\/antalya\/antalyada-motorlu-kara-tasitlari-sayisi-bir-bucuk-milyonu-gecti\/"},"author":{"name":"Av. Deniz Can K\u0131z\u0131l","@id":"https:\/\/denizcankizil.tr\/#\/schema\/person\/5dc1b22991bd7ac833867c10afc9b0ff"},"headline":"Antalya&#8217;da motorlu kara ta\u015f\u0131tlar\u0131 say\u0131s\u0131 bir bu\u00e7uk milyonu ge\u00e7ti","datePublished":"2025-04-18T11:41:51+00:00","mainEntityOfPage":{"@id":"https:\/\/denizcankizil.tr\/uk\/haberler\/antalya\/antalyada-motorlu-kara-tasitlari-sayisi-bir-bucuk-milyonu-gecti\/"},"wordCount":262,"publisher":{"@id":"https:\/\/denizcankizil.tr\/#organization"},"image":{"@id":"https:\/\/denizcankizil.tr\/uk\/haberler\/antalya\/antalyada-motorlu-kara-tasitlari-sayisi-bir-bucuk-milyonu-gecti\/#primaryimage"},"thumbnailUrl":"https:\/\/denizcankizil.tr\/wp-content\/uploads\/2025\/04\/5876-01-HJmKgC.jpg","articleSection":["Antalya"],"inLanguage":"uk"},{"@type":"WebPage","@id":"https:\/\/denizcankizil.tr\/uk\/haberler\/antalya\/antalyada-motorlu-kara-tasitlari-sayisi-bir-bucuk-milyonu-gecti\/","url":"https:\/\/denizcankizil.tr\/uk\/haberler\/antalya\/antalyada-motorlu-kara-tasitlari-sayisi-bir-bucuk-milyonu-gecti\/","name":"Antalya'da motorlu kara ta\u015f\u0131tlar\u0131 say\u0131s\u0131 bir bu\u00e7uk milyonu ge\u00e7ti - Av. Deniz Can K\u0131z\u0131l","isPartOf":{"@id":"https:\/\/denizcankizil.tr\/#website"},"primaryImageOfPage":{"@id":"https:\/\/denizcankizil.tr\/uk\/haberler\/antalya\/antalyada-motorlu-kara-tasitlari-sayisi-bir-bucuk-milyonu-gecti\/#primaryimage"},"image":{"@id":"https:\/\/denizcankizil.tr\/uk\/haberler\/antalya\/antalyada-motorlu-kara-tasitlari-sayisi-bir-bucuk-milyonu-gecti\/#primaryimage"},"thumbnailUrl":"https:\/\/denizcankizil.tr\/wp-content\/uploads\/2025\/04\/5876-01-HJmKgC.jpg","datePublished":"2025-04-18T11:41:51+00:00","breadcrumb":{"@id":"https:\/\/denizcankizil.tr\/uk\/haberler\/antalya\/antalyada-motorlu-kara-tasitlari-sayisi-bir-bucuk-milyonu-gecti\/#breadcrumb"},"inLanguage":"uk","potentialAction":[{"@type":"ReadAction","target":["https:\/\/denizcankizil.tr\/uk\/haberler\/antalya\/antalyada-motorlu-kara-tasitlari-sayisi-bir-bucuk-milyonu-gecti\/"]}]},{"@type":"ImageObject","inLanguage":"uk","@id":"https:\/\/denizcankizil.tr\/uk\/haberler\/antalya\/antalyada-motorlu-kara-tasitlari-sayisi-bir-bucuk-milyonu-gecti\/#primaryimage","url":"https:\/\/denizcankizil.tr\/wp-content\/uploads\/2025\/04\/5876-01-HJmKgC.jpg","contentUrl":"https:\/\/denizcankizil.tr\/wp-content\/uploads\/2025\/04\/5876-01-HJmKgC.jpg","width":1280,"height":720},{"@type":"BreadcrumbList","@id":"https:\/\/denizcankizil.tr\/uk\/haberler\/antalya\/antalyada-motorlu-kara-tasitlari-sayisi-bir-bucuk-milyonu-gecti\/#breadcrumb","itemListElement":[{"@type":"ListItem","position":1,"name":"Home","item":"https:\/\/denizcankizil.tr\/de\/"},{"@type":"ListItem","position":2,"name":"Antalya&#8217;da motorlu kara ta\u015f\u0131tlar\u0131 say\u0131s\u0131 bir bu\u00e7uk milyonu ge\u00e7ti"}]},{"@type":"WebSite","@id":"https:\/\/denizcankizil.tr\/#website","url":"https:\/\/denizcankizil.tr\/","name":"Av. Deniz Can K\u0131z\u0131l","description":"Avukat Deniz Can K\u0131z\u0131l Antalya Barosu","publisher":{"@id":"https:\/\/denizcankizil.tr\/#organization"},"potentialAction":[{"@type":"SearchAction","target":{"@type":"EntryPoint","urlTemplate":"https:\/\/denizcankizil.tr\/?s={search_term_string}"},"query-input":{"@type":"PropertyValueSpecification","valueRequired":true,"valueName":"search_term_string"}}],"inLanguage":"uk"},{"@type":"Organization","@id":"https:\/\/denizcankizil.tr\/#organization","name":"Av. Deniz Can K\u0131z\u0131l","url":"https:\/\/denizcankizil.tr\/","logo":{"@type":"ImageObject","inLanguage":"uk","@id":"https:\/\/denizcankizil.tr\/#\/schema\/logo\/image\/","url":"https:\/\/denizcankizil.tr\/wp-content\/uploads\/2024\/10\/siyah-logo-svg.svg","contentUrl":"https:\/\/denizcankizil.tr\/wp-content\/uploads\/2024\/10\/siyah-logo-svg.svg","width":1080,"height":1080,"caption":"Av. Deniz Can K\u0131z\u0131l"},"image":{"@id":"https:\/\/denizcankizil.tr\/#\/schema\/logo\/image\/"}},{"@type":"Person","@id":"https:\/\/denizcankizil.tr\/#\/schema\/person\/5dc1b22991bd7ac833867c10afc9b0ff","name":"Av. Deniz Can K\u0131z\u0131l","image":{"@type":"ImageObject","inLanguage":"uk","@id":"https:\/\/denizcankizil.tr\/#\/schema\/person\/image\/","url":"https:\/\/secure.gravatar.com\/avatar\/a0b128fb9855c79efc976d5640eedb31dc35ec297594d6016d2cf7c60e975bb6?s=96&d=mm&r=g","contentUrl":"https:\/\/secure.gravatar.com\/avatar\/a0b128fb9855c79efc976d5640eedb31dc35ec297594d6016d2cf7c60e975bb6?s=96&d=mm&r=g","caption":"Av. Deniz Can K\u0131z\u0131l"},"sameAs":["http:\/\/www.denizcankizil.tr"],"url":"https:\/\/denizcankizil.tr\/uk\/author\/denizcankizil\/"}]}},"_links":{"self":[{"href":"https:\/\/denizcankizil.tr\/uk\/wp-json\/wp\/v2\/posts\/59318","targetHints":{"allow":["GET"]}}],"collection":[{"href":"https:\/\/denizcankizil.tr\/uk\/wp-json\/wp\/v2\/posts"}],"about":[{"href":"https:\/\/denizcankizil.tr\/uk\/wp-json\/wp\/v2\/types\/post"}],"author":[{"embeddable":true,"href":"https:\/\/denizcankizil.tr\/uk\/wp-json\/wp\/v2\/users\/4"}],"replies":[{"embeddable":true,"href":"https:\/\/denizcankizil.tr\/uk\/wp-json\/wp\/v2\/comments?post=59318"}],"version-history":[{"count":0,"href":"https:\/\/denizcankizil.tr\/uk\/wp-json\/wp\/v2\/posts\/59318\/revisions"}],"wp:featuredmedia":[{"embeddable":true,"href":"https:\/\/denizcankizil.tr\/uk\/wp-json\/wp\/v2\/media\/59319"}],"wp:attachment":[{"href":"https:\/\/denizcankizil.tr\/uk\/wp-json\/wp\/v2\/media?parent=59318"}],"wp:term":[{"taxonomy":"category","embeddable":true,"href":"https:\/\/denizcankizil.tr\/uk\/wp-json\/wp\/v2\/categories?post=59318"},{"taxonomy":"post_tag","embeddable":true,"href":"https:\/\/denizcankizil.tr\/uk\/wp-json\/wp\/v2\/tags?post=59318"}],"curies":[{"name":"wp","href":"https:\/\/api.w.org\/{rel}","templated":true}]}}