{"id":58818,"date":"2025-04-17T23:41:15","date_gmt":"2025-04-17T20:41:15","guid":{"rendered":"https:\/\/denizcankizil.tr\/uncategorized-tr\/antalya-barosundan-selcuk-kozagacli-tepkisi-hukuka-aykiri\/"},"modified":"2025-04-17T23:41:15","modified_gmt":"2025-04-17T20:41:15","slug":"antalya-barosundan-selcuk-kozagacli-tepkisi-hukuka-aykiri","status":"publish","type":"post","link":"https:\/\/denizcankizil.tr\/uk\/haberler\/gundem\/antalya-barosundan-selcuk-kozagacli-tepkisi-hukuka-aykiri\/","title":{"rendered":"Antalya Barosu&#8217;ndan Sel\u00e7uk Koza\u011fa\u00e7l\u0131 tepkisi! \u201cHukuka ayk\u0131r\u0131\u201d"},"content":{"rendered":"<p>\u00c7a\u011fda\u015f Hukuk\u00e7ular Derne\u011fi (\u00c7HD) Onursal Genel Ba\u015fkan\u0131 Avukat Sel\u00e7uk Koza\u011fa\u00e7l\u0131, yakla\u015f\u0131k dokuz y\u0131ld\u0131r tutuklu bulundu\u011fu Silivri&#8217;deki Marmara Cezaevi&#8217;nden 16 Nisan&#8217;da tahliye edildikten bir g\u00fcn sonra yeniden cezaevine g\u00f6nderildi. Ba\u015fsavc\u0131l\u0131\u011f\u0131n tahliye karar\u0131na yapt\u0131\u011f\u0131 itiraz \u00fczerine infaz hakimli\u011fi, savc\u0131l\u0131\u011f\u0131n itiraz\u0131n\u0131 kabul ederek Koza\u011fa\u00e7l\u0131&#8217;n\u0131n ko\u015fullu sal\u0131verilme karar\u0131n\u0131n kald\u0131r\u0131lmas\u0131na h\u00fckmetti. Bu geli\u015fme \u00fczerine ak\u015fam saatlerinde \u00c7HD&#8217;nin \u00e7a\u011fr\u0131s\u0131yla \u0130stanbul Barosu \u00f6n\u00fcnde toplanan avukatlar, Koza\u011fa\u00e7l\u0131&#8217;n\u0131n yeniden tutuklanmas\u0131n\u0131 &#8220;Bize b\u00f6yle davranmalar\u0131na izin vermeyece\u011fiz. Sel\u00e7uk Koza\u011fa\u00e7l\u0131&#8217;ya \u00f6zg\u00fcrl\u00fck&#8221; pankart\u0131yla protesto etti. BBC T\u00fcrk\u00e7e&#8217;ye bilgi veren \u00c7HD avukatlar\u0131, ba\u015fsavc\u0131l\u0131\u011f\u0131n tahliyeye itiraz etti\u011fini do\u011frulad\u0131.<\/p>\n<p>&#8220;TOPLUM V\u0130CDANI DER\u0130NDEN SARSILDI&#8221; <\/p>\n<p>Antalya Barosu da konuya ili\u015fkin yaz\u0131l\u0131 bir a\u00e7\u0131klama yaparak karara tepki g\u00f6sterdi. A\u00e7\u0131klamada, &#8220;Avukat Sel\u00e7uk Koza\u011fa\u00e7l\u0131 hakk\u0131nda verilen \u015fartl\u0131 tahliye karar\u0131n\u0131n \u00fczerinden 24 saat ge\u00e7meden somut ve kamuoyuna a\u00e7\u0131k olmayan gerek\u00e7elerle k\u0131sa s\u00fcrede iptal edilmesi, hem hukuki g\u00fcvenli\u011fi hem de toplum vicdan\u0131n\u0131 derinden sarsmaktad\u0131r&#8221; ifadelerine yer verildi. Baro, ceza adalet sisteminin temel ta\u015flar\u0131ndan birinin yarg\u0131 kararlar\u0131n\u0131n tutarl\u0131 ve herkes i\u00e7in e\u015fit \u015fekilde uygulanmas\u0131 oldu\u011funu vurgulayarak, Koza\u011fa\u00e7l\u0131&#8217;n\u0131n herhangi bir somut delil ya da su\u00e7 isnad\u0131 olmaks\u0131z\u0131n soyut de\u011ferlendirmelerle yeniden \u00f6zg\u00fcrl\u00fc\u011f\u00fcnden yoksun b\u0131rak\u0131lmas\u0131n\u0131n hukuk devleti ilkesinin ruhuna ve ceza infaz hukukunun temel prensiplerine ayk\u0131r\u0131 oldu\u011funu belirtti.<\/p>\n<p>&#8220;\u0130NSAN HAKLARINA UYGUN DAVRANIN&#8221;<\/p>\n<p>A\u00e7\u0131klamada ayr\u0131ca, &#8220;Hukuk, sadece bireyler i\u00e7in de\u011fil, ayn\u0131 zamanda kamu otoritesi i\u00e7in de ba\u011flay\u0131c\u0131d\u0131r. Adaletin herkese e\u015fit uygulanmas\u0131, ayr\u0131m g\u00f6zetmeksizin t\u00fcm yurtta\u015flar\u0131n hukuk \u00f6n\u00fcnde e\u015fit kabul edilmesi, demokrasimizin temelidir. Bu ilkeye zarar verecek her uygulama, sadece bireysel de\u011fil, toplumsal hak ve \u00f6zg\u00fcrl\u00fckler a\u00e7\u0131s\u0131ndan da tehdit olu\u015fturur&#8221; denildi. Antalya Barosu, yarg\u0131 organlar\u0131n\u0131 hukukun \u00fcst\u00fcnl\u00fc\u011f\u00fcne, yarg\u0131 ba\u011f\u0131ms\u0131zl\u0131\u011f\u0131na ve insan haklar\u0131na uygun davranmaya davet ederek, bir g\u00fcn arayla verilen kararlar\u0131n bireylerin hakk\u0131na oldu\u011fu kadar \u00fclkeye de zarar verdi\u011fini kamuoyuna duyurdu.<\/p>\n<p>\u200bAntalya Barosu, \u00c7a\u011fda\u015f Hukuk\u00e7ular Derne\u011fi (\u00c7HD) Onursal Genel Ba\u015fkan\u0131 Avukat Sel\u00e7uk Koza\u011fa\u00e7l\u0131&#8217;n\u0131n 16 Nisan&#8217;da tahliye edildikten bir g\u00fcn sonra yeniden cezaevine g\u00f6nderilmesinin, hukuk devleti ilkesinin ruhuna ve ceza infaz hukukunun temel prensiplerine ayk\u0131r\u0131 oldu\u011funu belirtti.\u00a0<\/p>\n<p>\u200bHaberin Al\u0131nt\u0131land\u0131\u011f\u0131 Kaynak: www.antalyakorfez.com<\/p>","protected":false},"excerpt":{"rendered":"<p>\u00c7a\u011fda\u015f Hukuk\u00e7ular Derne\u011fi (\u00c7HD) Onursal Genel Ba\u015fkan\u0131 Avukat Sel\u00e7uk Koza\u011fa\u00e7l\u0131, yakla\u015f\u0131k dokuz y\u0131ld\u0131r tutuklu bulundu\u011fu Silivri&#8217;deki Marmara Cezaevi&#8217;nden 16 Nisan&#8217;da tahliye edildikten bir g\u00fcn sonra yeniden cezaevine g\u00f6nderildi. Ba\u015fsavc\u0131l\u0131\u011f\u0131n tahliye karar\u0131na yapt\u0131\u011f\u0131 itiraz \u00fczerine infaz hakimli\u011fi, savc\u0131l\u0131\u011f\u0131n itiraz\u0131n\u0131 kabul ederek Koza\u011fa\u00e7l\u0131&#8217;n\u0131n ko\u015fullu sal\u0131verilme karar\u0131n\u0131n kald\u0131r\u0131lmas\u0131na h\u00fckmetti. Bu geli\u015fme \u00fczerine ak\u015fam saatlerinde \u00c7HD&#8217;nin \u00e7a\u011fr\u0131s\u0131yla \u0130stanbul Barosu \u00f6n\u00fcnde toplanan avukatlar, Koza\u011fa\u00e7l\u0131&#8217;n\u0131n yeniden tutuklanmas\u0131n\u0131 &#8220;Bize b\u00f6yle davranmalar\u0131na izin vermeyece\u011fiz. Sel\u00e7uk Koza\u011fa\u00e7l\u0131&#8217;ya \u00f6zg\u00fcrl\u00fck&#8221; pankart\u0131yla protesto etti. BBC T\u00fcrk\u00e7e&#8217;ye bilgi veren \u00c7HD avukatlar\u0131, ba\u015fsavc\u0131l\u0131\u011f\u0131n tahliyeye itiraz etti\u011fini do\u011frulad\u0131. &#8220;TOPLUM V\u0130CDANI DER\u0130NDEN SARSILDI&#8221; Antalya Barosu da konuya ili\u015fkin yaz\u0131l\u0131 bir a\u00e7\u0131klama yaparak karara tepki g\u00f6sterdi. A\u00e7\u0131klamada, &#8220;Avukat Sel\u00e7uk Koza\u011fa\u00e7l\u0131 hakk\u0131nda verilen \u015fartl\u0131 tahliye karar\u0131n\u0131n \u00fczerinden 24 saat ge\u00e7meden somut ve kamuoyuna a\u00e7\u0131k olmayan gerek\u00e7elerle k\u0131sa s\u00fcrede iptal edilmesi, hem hukuki g\u00fcvenli\u011fi hem de toplum vicdan\u0131n\u0131 derinden sarsmaktad\u0131r&#8221; ifadelerine yer verildi. Baro, ceza adalet sisteminin temel ta\u015flar\u0131ndan birinin yarg\u0131 kararlar\u0131n\u0131n tutarl\u0131 ve herkes i\u00e7in e\u015fit \u015fekilde uygulanmas\u0131 oldu\u011funu vurgulayarak, Koza\u011fa\u00e7l\u0131&#8217;n\u0131n herhangi bir somut delil ya da su\u00e7 isnad\u0131 olmaks\u0131z\u0131n soyut de\u011ferlendirmelerle yeniden \u00f6zg\u00fcrl\u00fc\u011f\u00fcnden yoksun b\u0131rak\u0131lmas\u0131n\u0131n hukuk devleti ilkesinin ruhuna ve ceza infaz hukukunun temel prensiplerine ayk\u0131r\u0131 oldu\u011funu belirtti. &#8220;\u0130NSAN HAKLARINA UYGUN DAVRANIN&#8221; A\u00e7\u0131klamada ayr\u0131ca, &#8220;Hukuk, sadece bireyler i\u00e7in de\u011fil, ayn\u0131 zamanda kamu otoritesi i\u00e7in de ba\u011flay\u0131c\u0131d\u0131r. Adaletin &hellip;<\/p>","protected":false},"author":5,"featured_media":0,"comment_status":"","ping_status":"open","sticky":false,"template":"","format":"standard","meta":{"_acf_changed":false,"footnotes":""},"categories":[24],"tags":[],"class_list":["post-58818","post","type-post","status-publish","format-standard","has-post-thumbnail","hentry","category-gundem"],"acf":[],"yoast_head":"<!-- This site is optimized with the Yoast SEO Premium plugin v26.6 (Yoast SEO v27.1.1) - https:\/\/yoast.com\/product\/yoast-seo-premium-wordpress\/ -->\n<title>Antalya Barosu&#039;ndan Sel\u00e7uk Koza\u011fa\u00e7l\u0131 tepkisi! \u201cHukuka ayk\u0131r\u0131\u201d - Av. Deniz Can K\u0131z\u0131l<\/title>\n<meta name=\"robots\" content=\"index, follow, max-snippet:-1, max-image-preview:large, max-video-preview:-1\" \/>\n<link rel=\"canonical\" href=\"https:\/\/denizcankizil.tr\/uk\/haberler\/gundem\/antalya-barosundan-selcuk-kozagacli-tepkisi-hukuka-aykiri\/\" \/>\n<meta property=\"og:locale\" content=\"uk_UA\" \/>\n<meta property=\"og:type\" content=\"article\" \/>\n<meta property=\"og:title\" content=\"Antalya Barosu&#039;ndan Sel\u00e7uk Koza\u011fa\u00e7l\u0131 tepkisi! \u201cHukuka ayk\u0131r\u0131\u201d\" \/>\n<meta property=\"og:description\" content=\"\u00c7a\u011fda\u015f Hukuk\u00e7ular Derne\u011fi (\u00c7HD) Onursal Genel Ba\u015fkan\u0131 Avukat Sel\u00e7uk Koza\u011fa\u00e7l\u0131, yakla\u015f\u0131k dokuz y\u0131ld\u0131r tutuklu bulundu\u011fu Silivri&#8217;deki Marmara Cezaevi&#8217;nden 16 Nisan&#8217;da tahliye edildikten bir g\u00fcn sonra yeniden cezaevine g\u00f6nderildi. Ba\u015fsavc\u0131l\u0131\u011f\u0131n tahliye karar\u0131na yapt\u0131\u011f\u0131 itiraz \u00fczerine infaz hakimli\u011fi, savc\u0131l\u0131\u011f\u0131n itiraz\u0131n\u0131 kabul ederek Koza\u011fa\u00e7l\u0131&#8217;n\u0131n ko\u015fullu sal\u0131verilme karar\u0131n\u0131n kald\u0131r\u0131lmas\u0131na h\u00fckmetti. Bu geli\u015fme \u00fczerine ak\u015fam saatlerinde \u00c7HD&#8217;nin \u00e7a\u011fr\u0131s\u0131yla \u0130stanbul Barosu \u00f6n\u00fcnde toplanan avukatlar, Koza\u011fa\u00e7l\u0131&#8217;n\u0131n yeniden tutuklanmas\u0131n\u0131 &#8220;Bize b\u00f6yle davranmalar\u0131na izin vermeyece\u011fiz. Sel\u00e7uk Koza\u011fa\u00e7l\u0131&#8217;ya \u00f6zg\u00fcrl\u00fck&#8221; pankart\u0131yla protesto etti. BBC T\u00fcrk\u00e7e&#8217;ye bilgi veren \u00c7HD avukatlar\u0131, ba\u015fsavc\u0131l\u0131\u011f\u0131n tahliyeye itiraz etti\u011fini do\u011frulad\u0131. &#8220;TOPLUM V\u0130CDANI DER\u0130NDEN SARSILDI&#8221; Antalya Barosu da konuya ili\u015fkin yaz\u0131l\u0131 bir a\u00e7\u0131klama yaparak karara tepki g\u00f6sterdi. A\u00e7\u0131klamada, &#8220;Avukat Sel\u00e7uk Koza\u011fa\u00e7l\u0131 hakk\u0131nda verilen \u015fartl\u0131 tahliye karar\u0131n\u0131n \u00fczerinden 24 saat ge\u00e7meden somut ve kamuoyuna a\u00e7\u0131k olmayan gerek\u00e7elerle k\u0131sa s\u00fcrede iptal edilmesi, hem hukuki g\u00fcvenli\u011fi hem de toplum vicdan\u0131n\u0131 derinden sarsmaktad\u0131r&#8221; ifadelerine yer verildi. Baro, ceza adalet sisteminin temel ta\u015flar\u0131ndan birinin yarg\u0131 kararlar\u0131n\u0131n tutarl\u0131 ve herkes i\u00e7in e\u015fit \u015fekilde uygulanmas\u0131 oldu\u011funu vurgulayarak, Koza\u011fa\u00e7l\u0131&#8217;n\u0131n herhangi bir somut delil ya da su\u00e7 isnad\u0131 olmaks\u0131z\u0131n soyut de\u011ferlendirmelerle yeniden \u00f6zg\u00fcrl\u00fc\u011f\u00fcnden yoksun b\u0131rak\u0131lmas\u0131n\u0131n hukuk devleti ilkesinin ruhuna ve ceza infaz hukukunun temel prensiplerine ayk\u0131r\u0131 oldu\u011funu belirtti. &#8220;\u0130NSAN HAKLARINA UYGUN DAVRANIN&#8221; A\u00e7\u0131klamada ayr\u0131ca, &#8220;Hukuk, sadece bireyler i\u00e7in de\u011fil, ayn\u0131 zamanda kamu otoritesi i\u00e7in de ba\u011flay\u0131c\u0131d\u0131r. Adaletin &hellip;\" \/>\n<meta property=\"og:url\" content=\"https:\/\/denizcankizil.tr\/uk\/haberler\/gundem\/antalya-barosundan-selcuk-kozagacli-tepkisi-hukuka-aykiri\/\" \/>\n<meta property=\"og:site_name\" content=\"Av. Deniz Can K\u0131z\u0131l\" \/>\n<meta property=\"article:published_time\" content=\"2025-04-17T20:41:15+00:00\" \/>\n<meta name=\"author\" content=\"Antalya K\u00f6rfez\" \/>\n<meta name=\"twitter:card\" content=\"summary_large_image\" \/>\n<meta name=\"twitter:label1\" content=\"\u041d\u0430\u043f\u0438\u0441\u0430\u043d\u043e\" \/>\n\t<meta name=\"twitter:data1\" content=\"Antalya K\u00f6rfez\" \/>\n\t<meta name=\"twitter:label2\" content=\"\u041f\u0440\u0438\u0431\u043b. \u0447\u0430\u0441 \u0447\u0438\u0442\u0430\u043d\u043d\u044f\" \/>\n\t<meta name=\"twitter:data2\" content=\"2 \u0445\u0432\u0438\u043b\u0438\u043d\u0438\" \/>\n<script type=\"application\/ld+json\" class=\"yoast-schema-graph\">{\"@context\":\"https:\/\/schema.org\",\"@graph\":[{\"@type\":\"Article\",\"@id\":\"https:\/\/denizcankizil.tr\/en\/haberler\/gundem\/antalya-barosundan-selcuk-kozagacli-tepkisi-hukuka-aykiri\/#article\",\"isPartOf\":{\"@id\":\"https:\/\/denizcankizil.tr\/en\/haberler\/gundem\/antalya-barosundan-selcuk-kozagacli-tepkisi-hukuka-aykiri\/\"},\"author\":{\"name\":\"Antalya K\u00f6rfez\",\"@id\":\"https:\/\/denizcankizil.tr\/de\/#\/schema\/person\/e1eb71bb4dd684d46563f0af307e1234\"},\"headline\":\"Antalya Barosu&#8217;ndan Sel\u00e7uk Koza\u011fa\u00e7l\u0131 tepkisi! \u201cHukuka ayk\u0131r\u0131\u201d\",\"datePublished\":\"2025-04-17T20:41:15+00:00\",\"mainEntityOfPage\":{\"@id\":\"https:\/\/denizcankizil.tr\/en\/haberler\/gundem\/antalya-barosundan-selcuk-kozagacli-tepkisi-hukuka-aykiri\/\"},\"wordCount\":473,\"publisher\":{\"@id\":\"https:\/\/denizcankizil.tr\/de\/#organization\"},\"articleSection\":[\"G\u00fcndem\"],\"inLanguage\":\"uk\"},{\"@type\":\"WebPage\",\"@id\":\"https:\/\/denizcankizil.tr\/en\/haberler\/gundem\/antalya-barosundan-selcuk-kozagacli-tepkisi-hukuka-aykiri\/\",\"url\":\"https:\/\/denizcankizil.tr\/en\/haberler\/gundem\/antalya-barosundan-selcuk-kozagacli-tepkisi-hukuka-aykiri\/\",\"name\":\"Antalya Barosu'ndan Sel\u00e7uk Koza\u011fa\u00e7l\u0131 tepkisi! \u201cHukuka ayk\u0131r\u0131\u201d - Av. Deniz Can K\u0131z\u0131l\",\"isPartOf\":{\"@id\":\"https:\/\/denizcankizil.tr\/de\/#website\"},\"datePublished\":\"2025-04-17T20:41:15+00:00\",\"breadcrumb\":{\"@id\":\"https:\/\/denizcankizil.tr\/en\/haberler\/gundem\/antalya-barosundan-selcuk-kozagacli-tepkisi-hukuka-aykiri\/#breadcrumb\"},\"inLanguage\":\"uk\",\"potentialAction\":[{\"@type\":\"ReadAction\",\"target\":[\"https:\/\/denizcankizil.tr\/en\/haberler\/gundem\/antalya-barosundan-selcuk-kozagacli-tepkisi-hukuka-aykiri\/\"]}]},{\"@type\":\"BreadcrumbList\",\"@id\":\"https:\/\/denizcankizil.tr\/en\/haberler\/gundem\/antalya-barosundan-selcuk-kozagacli-tepkisi-hukuka-aykiri\/#breadcrumb\",\"itemListElement\":[{\"@type\":\"ListItem\",\"position\":1,\"name\":\"Home\",\"item\":\"https:\/\/denizcankizil.tr\/de\/\"},{\"@type\":\"ListItem\",\"position\":2,\"name\":\"Antalya Barosu&#8217;ndan Sel\u00e7uk Koza\u011fa\u00e7l\u0131 tepkisi! \u201cHukuka ayk\u0131r\u0131\u201d\"}]},{\"@type\":\"WebSite\",\"@id\":\"https:\/\/denizcankizil.tr\/de\/#website\",\"url\":\"https:\/\/denizcankizil.tr\/de\/\",\"name\":\"Av. Deniz Can K\u0131z\u0131l\",\"description\":\"Avukat Deniz Can K\u0131z\u0131l Antalya Barosu\",\"publisher\":{\"@id\":\"https:\/\/denizcankizil.tr\/de\/#organization\"},\"potentialAction\":[{\"@type\":\"SearchAction\",\"target\":{\"@type\":\"EntryPoint\",\"urlTemplate\":\"https:\/\/denizcankizil.tr\/de\/?s={search_term_string}\"},\"query-input\":{\"@type\":\"PropertyValueSpecification\",\"valueRequired\":true,\"valueName\":\"search_term_string\"}}],\"inLanguage\":\"uk\"},{\"@type\":\"Organization\",\"@id\":\"https:\/\/denizcankizil.tr\/de\/#organization\",\"name\":\"Av. Deniz Can K\u0131z\u0131l\",\"url\":\"https:\/\/denizcankizil.tr\/de\/\",\"logo\":{\"@type\":\"ImageObject\",\"inLanguage\":\"uk\",\"@id\":\"https:\/\/denizcankizil.tr\/de\/#\/schema\/logo\/image\/\",\"url\":\"https:\/\/denizcankizil.tr\/wp-content\/uploads\/2024\/10\/siyah-logo-svg.svg\",\"contentUrl\":\"https:\/\/denizcankizil.tr\/wp-content\/uploads\/2024\/10\/siyah-logo-svg.svg\",\"width\":1080,\"height\":1080,\"caption\":\"Av. Deniz Can K\u0131z\u0131l\"},\"image\":{\"@id\":\"https:\/\/denizcankizil.tr\/de\/#\/schema\/logo\/image\/\"}},{\"@type\":\"Person\",\"@id\":\"https:\/\/denizcankizil.tr\/de\/#\/schema\/person\/e1eb71bb4dd684d46563f0af307e1234\",\"name\":\"Antalya K\u00f6rfez\",\"image\":{\"@type\":\"ImageObject\",\"inLanguage\":\"uk\",\"@id\":\"https:\/\/denizcankizil.tr\/de\/#\/schema\/person\/image\/\",\"url\":\"https:\/\/secure.gravatar.com\/avatar\/42b01982558a48a0b501fdcab6a408d3717ea5919095ee2e67b0e521799c5905?s=96&d=mm&r=g\",\"contentUrl\":\"https:\/\/secure.gravatar.com\/avatar\/42b01982558a48a0b501fdcab6a408d3717ea5919095ee2e67b0e521799c5905?s=96&d=mm&r=g\",\"caption\":\"Antalya K\u00f6rfez\"},\"sameAs\":[\"http:\/\/www.antalyakorfez.com\"],\"url\":\"https:\/\/www.antalyakorfez.com\/antalya-barosundan-selcuk-kozagacli-tepkisi-hukuka-aykiri\"}]}<\/script>\n<!-- \/ Yoast SEO Premium plugin. -->","yoast_head_json":{"title":"Antalya Barosu'ndan Sel\u00e7uk Koza\u011fa\u00e7l\u0131 tepkisi! \u201cHukuka ayk\u0131r\u0131\u201d - Av. Deniz Can K\u0131z\u0131l","robots":{"index":"index","follow":"follow","max-snippet":"max-snippet:-1","max-image-preview":"max-image-preview:large","max-video-preview":"max-video-preview:-1"},"canonical":"https:\/\/denizcankizil.tr\/uk\/haberler\/gundem\/antalya-barosundan-selcuk-kozagacli-tepkisi-hukuka-aykiri\/","og_locale":"uk_UA","og_type":"article","og_title":"Antalya Barosu'ndan Sel\u00e7uk Koza\u011fa\u00e7l\u0131 tepkisi! \u201cHukuka ayk\u0131r\u0131\u201d","og_description":"\u00c7a\u011fda\u015f Hukuk\u00e7ular Derne\u011fi (\u00c7HD) Onursal Genel Ba\u015fkan\u0131 Avukat Sel\u00e7uk Koza\u011fa\u00e7l\u0131, yakla\u015f\u0131k dokuz y\u0131ld\u0131r tutuklu bulundu\u011fu Silivri&#8217;deki Marmara Cezaevi&#8217;nden 16 Nisan&#8217;da tahliye edildikten bir g\u00fcn sonra yeniden cezaevine g\u00f6nderildi. Ba\u015fsavc\u0131l\u0131\u011f\u0131n tahliye karar\u0131na yapt\u0131\u011f\u0131 itiraz \u00fczerine infaz hakimli\u011fi, savc\u0131l\u0131\u011f\u0131n itiraz\u0131n\u0131 kabul ederek Koza\u011fa\u00e7l\u0131&#8217;n\u0131n ko\u015fullu sal\u0131verilme karar\u0131n\u0131n kald\u0131r\u0131lmas\u0131na h\u00fckmetti. Bu geli\u015fme \u00fczerine ak\u015fam saatlerinde \u00c7HD&#8217;nin \u00e7a\u011fr\u0131s\u0131yla \u0130stanbul Barosu \u00f6n\u00fcnde toplanan avukatlar, Koza\u011fa\u00e7l\u0131&#8217;n\u0131n yeniden tutuklanmas\u0131n\u0131 &#8220;Bize b\u00f6yle davranmalar\u0131na izin vermeyece\u011fiz. Sel\u00e7uk Koza\u011fa\u00e7l\u0131&#8217;ya \u00f6zg\u00fcrl\u00fck&#8221; pankart\u0131yla protesto etti. BBC T\u00fcrk\u00e7e&#8217;ye bilgi veren \u00c7HD avukatlar\u0131, ba\u015fsavc\u0131l\u0131\u011f\u0131n tahliyeye itiraz etti\u011fini do\u011frulad\u0131. &#8220;TOPLUM V\u0130CDANI DER\u0130NDEN SARSILDI&#8221; Antalya Barosu da konuya ili\u015fkin yaz\u0131l\u0131 bir a\u00e7\u0131klama yaparak karara tepki g\u00f6sterdi. A\u00e7\u0131klamada, &#8220;Avukat Sel\u00e7uk Koza\u011fa\u00e7l\u0131 hakk\u0131nda verilen \u015fartl\u0131 tahliye karar\u0131n\u0131n \u00fczerinden 24 saat ge\u00e7meden somut ve kamuoyuna a\u00e7\u0131k olmayan gerek\u00e7elerle k\u0131sa s\u00fcrede iptal edilmesi, hem hukuki g\u00fcvenli\u011fi hem de toplum vicdan\u0131n\u0131 derinden sarsmaktad\u0131r&#8221; ifadelerine yer verildi. Baro, ceza adalet sisteminin temel ta\u015flar\u0131ndan birinin yarg\u0131 kararlar\u0131n\u0131n tutarl\u0131 ve herkes i\u00e7in e\u015fit \u015fekilde uygulanmas\u0131 oldu\u011funu vurgulayarak, Koza\u011fa\u00e7l\u0131&#8217;n\u0131n herhangi bir somut delil ya da su\u00e7 isnad\u0131 olmaks\u0131z\u0131n soyut de\u011ferlendirmelerle yeniden \u00f6zg\u00fcrl\u00fc\u011f\u00fcnden yoksun b\u0131rak\u0131lmas\u0131n\u0131n hukuk devleti ilkesinin ruhuna ve ceza infaz hukukunun temel prensiplerine ayk\u0131r\u0131 oldu\u011funu belirtti. &#8220;\u0130NSAN HAKLARINA UYGUN DAVRANIN&#8221; A\u00e7\u0131klamada ayr\u0131ca, &#8220;Hukuk, sadece bireyler i\u00e7in de\u011fil, ayn\u0131 zamanda kamu otoritesi i\u00e7in de ba\u011flay\u0131c\u0131d\u0131r. Adaletin &hellip;","og_url":"https:\/\/denizcankizil.tr\/uk\/haberler\/gundem\/antalya-barosundan-selcuk-kozagacli-tepkisi-hukuka-aykiri\/","og_site_name":"Av. Deniz Can K\u0131z\u0131l","article_published_time":"2025-04-17T20:41:15+00:00","author":"Antalya K\u00f6rfez","twitter_card":"summary_large_image","twitter_misc":{"\u041d\u0430\u043f\u0438\u0441\u0430\u043d\u043e":"Antalya K\u00f6rfez","\u041f\u0440\u0438\u0431\u043b. \u0447\u0430\u0441 \u0447\u0438\u0442\u0430\u043d\u043d\u044f":"2 \u0445\u0432\u0438\u043b\u0438\u043d\u0438"},"schema":{"@context":"https:\/\/schema.org","@graph":[{"@type":"Article","@id":"https:\/\/denizcankizil.tr\/en\/haberler\/gundem\/antalya-barosundan-selcuk-kozagacli-tepkisi-hukuka-aykiri\/#article","isPartOf":{"@id":"https:\/\/denizcankizil.tr\/en\/haberler\/gundem\/antalya-barosundan-selcuk-kozagacli-tepkisi-hukuka-aykiri\/"},"author":{"name":"Antalya K\u00f6rfez","@id":"https:\/\/denizcankizil.tr\/de\/#\/schema\/person\/e1eb71bb4dd684d46563f0af307e1234"},"headline":"Antalya Barosu&#8217;ndan Sel\u00e7uk Koza\u011fa\u00e7l\u0131 tepkisi! \u201cHukuka ayk\u0131r\u0131\u201d","datePublished":"2025-04-17T20:41:15+00:00","mainEntityOfPage":{"@id":"https:\/\/denizcankizil.tr\/en\/haberler\/gundem\/antalya-barosundan-selcuk-kozagacli-tepkisi-hukuka-aykiri\/"},"wordCount":473,"publisher":{"@id":"https:\/\/denizcankizil.tr\/de\/#organization"},"articleSection":["G\u00fcndem"],"inLanguage":"uk"},{"@type":"WebPage","@id":"https:\/\/denizcankizil.tr\/en\/haberler\/gundem\/antalya-barosundan-selcuk-kozagacli-tepkisi-hukuka-aykiri\/","url":"https:\/\/denizcankizil.tr\/en\/haberler\/gundem\/antalya-barosundan-selcuk-kozagacli-tepkisi-hukuka-aykiri\/","name":"Antalya Barosu'ndan Sel\u00e7uk Koza\u011fa\u00e7l\u0131 tepkisi! \u201cHukuka ayk\u0131r\u0131\u201d - Av. Deniz Can K\u0131z\u0131l","isPartOf":{"@id":"https:\/\/denizcankizil.tr\/de\/#website"},"datePublished":"2025-04-17T20:41:15+00:00","breadcrumb":{"@id":"https:\/\/denizcankizil.tr\/en\/haberler\/gundem\/antalya-barosundan-selcuk-kozagacli-tepkisi-hukuka-aykiri\/#breadcrumb"},"inLanguage":"uk","potentialAction":[{"@type":"ReadAction","target":["https:\/\/denizcankizil.tr\/en\/haberler\/gundem\/antalya-barosundan-selcuk-kozagacli-tepkisi-hukuka-aykiri\/"]}]},{"@type":"BreadcrumbList","@id":"https:\/\/denizcankizil.tr\/en\/haberler\/gundem\/antalya-barosundan-selcuk-kozagacli-tepkisi-hukuka-aykiri\/#breadcrumb","itemListElement":[{"@type":"ListItem","position":1,"name":"Home","item":"https:\/\/denizcankizil.tr\/de\/"},{"@type":"ListItem","position":2,"name":"Antalya Barosu&#8217;ndan Sel\u00e7uk Koza\u011fa\u00e7l\u0131 tepkisi! \u201cHukuka ayk\u0131r\u0131\u201d"}]},{"@type":"WebSite","@id":"https:\/\/denizcankizil.tr\/de\/#website","url":"https:\/\/denizcankizil.tr\/de\/","name":"Av. Deniz Can K\u0131z\u0131l","description":"Avukat Deniz Can K\u0131z\u0131l Antalya Barosu","publisher":{"@id":"https:\/\/denizcankizil.tr\/de\/#organization"},"potentialAction":[{"@type":"SearchAction","target":{"@type":"EntryPoint","urlTemplate":"https:\/\/denizcankizil.tr\/de\/?s={search_term_string}"},"query-input":{"@type":"PropertyValueSpecification","valueRequired":true,"valueName":"search_term_string"}}],"inLanguage":"uk"},{"@type":"Organization","@id":"https:\/\/denizcankizil.tr\/de\/#organization","name":"Av. Deniz Can K\u0131z\u0131l","url":"https:\/\/denizcankizil.tr\/de\/","logo":{"@type":"ImageObject","inLanguage":"uk","@id":"https:\/\/denizcankizil.tr\/de\/#\/schema\/logo\/image\/","url":"https:\/\/denizcankizil.tr\/wp-content\/uploads\/2024\/10\/siyah-logo-svg.svg","contentUrl":"https:\/\/denizcankizil.tr\/wp-content\/uploads\/2024\/10\/siyah-logo-svg.svg","width":1080,"height":1080,"caption":"Av. Deniz Can K\u0131z\u0131l"},"image":{"@id":"https:\/\/denizcankizil.tr\/de\/#\/schema\/logo\/image\/"}},{"@type":"Person","@id":"https:\/\/denizcankizil.tr\/de\/#\/schema\/person\/e1eb71bb4dd684d46563f0af307e1234","name":"Antalya K\u00f6rfez","image":{"@type":"ImageObject","inLanguage":"uk","@id":"https:\/\/denizcankizil.tr\/de\/#\/schema\/person\/image\/","url":"https:\/\/secure.gravatar.com\/avatar\/42b01982558a48a0b501fdcab6a408d3717ea5919095ee2e67b0e521799c5905?s=96&d=mm&r=g","contentUrl":"https:\/\/secure.gravatar.com\/avatar\/42b01982558a48a0b501fdcab6a408d3717ea5919095ee2e67b0e521799c5905?s=96&d=mm&r=g","caption":"Antalya K\u00f6rfez"},"sameAs":["http:\/\/www.antalyakorfez.com"],"url":"https:\/\/www.antalyakorfez.com\/antalya-barosundan-selcuk-kozagacli-tepkisi-hukuka-aykiri"}]}},"_links":{"self":[{"href":"https:\/\/denizcankizil.tr\/uk\/wp-json\/wp\/v2\/posts\/58818","targetHints":{"allow":["GET"]}}],"collection":[{"href":"https:\/\/denizcankizil.tr\/uk\/wp-json\/wp\/v2\/posts"}],"about":[{"href":"https:\/\/denizcankizil.tr\/uk\/wp-json\/wp\/v2\/types\/post"}],"author":[{"embeddable":true,"href":"https:\/\/denizcankizil.tr\/uk\/wp-json\/wp\/v2\/users\/5"}],"replies":[{"embeddable":true,"href":"https:\/\/denizcankizil.tr\/uk\/wp-json\/wp\/v2\/comments?post=58818"}],"version-history":[{"count":0,"href":"https:\/\/denizcankizil.tr\/uk\/wp-json\/wp\/v2\/posts\/58818\/revisions"}],"wp:attachment":[{"href":"https:\/\/denizcankizil.tr\/uk\/wp-json\/wp\/v2\/media?parent=58818"}],"wp:term":[{"taxonomy":"category","embeddable":true,"href":"https:\/\/denizcankizil.tr\/uk\/wp-json\/wp\/v2\/categories?post=58818"},{"taxonomy":"post_tag","embeddable":true,"href":"https:\/\/denizcankizil.tr\/uk\/wp-json\/wp\/v2\/tags?post=58818"}],"curies":[{"name":"wp","href":"https:\/\/api.w.org\/{rel}","templated":true}]}}