{"id":5869,"date":"2024-10-21T00:07:00","date_gmt":"2024-10-20T21:07:00","guid":{"rendered":"https:\/\/denizcankizil.tr\/uncategorized-tr\/bursa-barosu-baskanligina-metin-oztosun-yeniden-secildi\/"},"modified":"2024-10-23T00:57:16","modified_gmt":"2024-10-22T21:57:16","slug":"bursa-barosu-baskanligina-metin-oztosun-yeniden-secildi","status":"publish","type":"post","link":"https:\/\/denizcankizil.tr\/uk\/hukukihaber\/bursa-barosu-baskanligina-metin-oztosun-yeniden-secildi\/","title":{"rendered":"Bursa Barosu ba\u015fkanl\u0131\u011f\u0131na Metin \u00d6ztosun yeniden se\u00e7ildi"},"content":{"rendered":"<h1>Bursa Barosu&#8217;nda Yeni Bir D\u00f6nem: Metin \u00d6ztosun Yeniden Ba\u015fkan Se\u00e7ildi<\/h1>\n<p>Bursa Barosu, iki g\u00fcn s\u00fcren ola\u011fan genel kurulunu ba\u015far\u0131yla tamamlayarak oy verme i\u015flemini saat 17.00 itibar\u0131yla sonland\u0131rd\u0131. Toplamda 5,937 \u00fcyesi bulunan baroda, 4,168 \u00fcye oy kulland\u0131. Mevcut ba\u015fkan Metin \u00d6ztosun, ald\u0131\u011f\u0131 2,096 oyla yeniden ba\u015fkanl\u0131k g\u00f6revine getirildi. Di\u011fer adaylar Hakk\u0131 Savunur So\u011fanc\u0131 ve Sibel \u00d6zbudak ise s\u0131ras\u0131yla 562 ve 1,510 oy ald\u0131. \u00d6ztosun se\u00e7im sonu\u00e7lar\u0131 hakk\u0131nda &#8220;Bu se\u00e7imde as\u0131l kazanan Bursa Barosu&#8217;dur&#8221; \u015feklinde bir a\u00e7\u0131klama yapt\u0131.<\/p>\n<h2>Sibel \u00d6zbudak&#8217;a Y\u00f6nelik Tepkiler<\/h2>\n<p>Ola\u011fan Genel Kurul s\u0131ras\u0131nda ba\u015fkan adaylar\u0131 konu\u015fmalar\u0131n\u0131 ger\u00e7ekle\u015ftirdi. Adaylardan Sibel \u00d6zbudak&#8217;\u0131n konu\u015fmas\u0131 s\u0131k s\u0131k kesilerek ele\u015ftirilere maruz kald\u0131; baz\u0131 kat\u0131l\u0131mc\u0131lar &#8220;D\u00fcn geldin, bug\u00fcn ba\u015fkan aday\u0131 oldun&#8221; diyerek tepkilerini dile getirdi. Ayr\u0131ca \u00d6zbudak\u2019\u0131n Divan Kurulu\u2019na dan\u0131\u015fmadan y\u00f6netim kurulu \u00fcyelerini sahneye davet etmesi de tart\u0131\u015fmalara yol a\u00e7t\u0131. Gen\u00e7 avukatlara \u00f6ncelik verece\u011fini belirten \u00d6zbudak, her zaman ula\u015f\u0131labilir bir lider olaca\u011f\u0131n\u0131 vurgulad\u0131.<\/p>\n<h2>Hukukun Durumu \u00dczerine De\u011ferlendirmeler<\/h2>\n<p>Mevcut Ba\u015fkan Metin \u00d6ztosun ise hukukun \u00fcst\u00fcnl\u00fc\u011f\u00fc konusuna dikkat \u00e7ekti ve T\u00fcrkiye&#8217;nin uluslararas\u0131 hukuk s\u0131ralamas\u0131nda toplamda 142 \u00fclke aras\u0131nda yaln\u0131zca 117&#8217;nci s\u0131rada yer ald\u0131\u011f\u0131n\u0131 ifade etti. Adalete olan g\u00fcven oran\u0131n\u0131n %20 civar\u0131nda oldu\u011funu belirtti.<\/p>\n<h3>&#8216;\u00d6nce Meslek&#8217; Grubu Aday\u0131ndan A\u00e7\u0131klamalar<\/h3>\n<p>Aday Hakk\u0131 Savunur So\u011fanc\u0131 da Bursa Barosu\u2019nun avukatlar\u0131n sorunlar\u0131n\u0131 \u00e7\u00f6zme konusunda yetersiz kald\u0131\u011f\u0131n\u0131 savundu ve se\u00e7ilmesi durumunda \u015feffafl\u0131k ile demokratik bir y\u00f6netim anlay\u0131\u015f\u0131 benimseyeceklerini a\u00e7\u0131klad\u0131.<\/p>\n<h4>Gen\u00e7 Avukatlardan Dikkat \u00c7eken \u0130fadeler<\/h4>\n<p>29 ya\u015f\u0131ndaki avukat Ahmed Yasir Orman\u2019\u0131n konu\u015fmas\u0131 salondaki dinleyiciler taraf\u0131ndan b\u00fcy\u00fck alk\u0131\u015f ald\u0131. Orman,&#8221;50 lira i\u00e7in hesap yap\u0131yoruz; gen\u00e7 meslekta\u015flar\u0131m duru\u015fma i\u00e7in vekillik bekliyorlar,&#8221; diyerek mevcut durumdan duydu\u011fu rahats\u0131zl\u0131\u011f\u0131 dile getirdi ve ekledi: &#8220;700 lira i\u00e7in on ki\u015fi kavga ediyoruz.&#8221; Kendi deneyimlerinden yola \u00e7\u0131karak doland\u0131r\u0131c\u0131l\u0131k vakalar\u0131na da de\u011finen Orman, insan onuruna yak\u0131\u015f\u0131r bir ya\u015fam standard\u0131na sahip olmak istedi\u011fini vurgulad\u0131.<\/p>\n<h5>Bursa Barosu Y\u00f6netimi Belirlendi<\/h5>\n<p>Metin \u00d6ztosun&#8217;un liderli\u011finde yeni y\u00f6netim kurulu \u015fu isimlerden olu\u015fuyor:<\/p>\n<ul>\n<li>Avukat \u00d6zen Da\u011fdeviren<\/li>\n<li>Avukat Tolga Polat<\/li>\n<li>Avukat Nilay Parlar<\/li>\n<li>Avukat Atakan Arar<\/li>\n<li>Avukat Asl\u0131 Evke Yetkin<\/li>\n<li>Avukat Metin \u00d6ztosun (Ba\u015fkan)<\/li>\n<li>Avukat Erhan Ya\u015fbey <\/li>\n<li>Avokat M\u00fcberna G\u00fclen Ayd\u0131n <\/li>\n<\/ul>\n<ul><\n    < li > Av.Umut M\u0131s\u0131r <\/li><br \/>\n < li > Av.G\u00fclender Ad\u0131g\u00fczel \u00d6zcan <\/li><br \/>\n < li > Av.Yener Porov <\/li><\/ul><\/p>\n<p> < h6 > Disiplin Kurulu \u00dcyeleri:<\/h6><br \/>\n < ul ><br \/>\n < li > Av.Ulk\u00fc \u015eim\u015fek <\/li><br \/>\n < li > Av.Ozzan Mehmetalio\u011flu <\/li><br \/>\n < li > Av.Atila At\u0131k <\/li><br \/>\n < li > Av.Nisa Oren <\/li><br \/>\n< \/ ul ><\/p>\n<p>< h6>Kontrol Komitesi \u00dcyeleri:<\/h6><\/p>\n<p>< ul >< \n< \/ p >< \n< p >< \n< p >< \n< p >< \n\n\n\n<ul><\n    <\n    <\n    <\n    <\n    \n   .  \n   .  \n   .  \n   .\n   \n   \n   \n   \n\n   \n\n   \n\n   \n\n  \n\n    \n\n    \n\n    \n    \n\n    \n    \n\n    \n    \n\n\n\n     \n     \n     \n     \n    \n    \n    \n    \n\n\n\n     \n\n     \n\n     \n\n     \n\n\n      \n      \n      \n      \n\n\n       \n       \n       \n       \n        \n        \n        \n\n\n         \n         \n         \n         \n\n          \n          \n          \n          \n\n           \n           \n           \n           \n\n            \n             \n             \n             \n            \n            \n            \n\n\n              \n              \n              \n            \n            \n            \n\n\n\n\n               \n               \n               \n            \n            \n            \n\n\n\n\n                \n               \n                \n                \n                 \n                 \n                 \n\n                  \n                  \n                  \n\n                   \n                   \n   \n   \n   \n   \n    \n    \n\n\n\n     \n     \n     \n    \n    \n    \n    \n\n\n\n      \n\n      \n\n      \n\n      \n\n\n        \n        \n\n        \n        \n\n\n\n\n\n         \n\n         \n\n         \n\n          \n        \n        \n        \n        \n        \n        \n\n\n\n          \n        \n        \n        \n        \n\n        \n\n        .\n\n        .\n        \n        .\n\n        .\n\n        .\n        \n       . \n        \n       . \n        \n       .\n       \n      .\n\n      .\n\n      .\n\n\nBursa Barosu'nun Ola\u011fan Genel Kurulu Bursa Akademik Odalar Birli\u011fi Oditoryumu'nda (BAOB) ger\u00e7ekle\u015ftirildi ve \u00fc\u00e7 adayl\u0131 se\u00e7im sonucunda kazanan olarak Metin \u00d6ztosun belirlendi.\n<\/p>","protected":false},"excerpt":{"rendered":"<p>Bursa Barosu&#8217;nda Yeni Bir D\u00f6nem: Metin \u00d6ztosun Yeniden Ba\u015fkan Se\u00e7ildi Bursa Barosu, iki g\u00fcn s\u00fcren ola\u011fan genel kurulunu ba\u015far\u0131yla tamamlayarak oy verme i\u015flemini saat 17.00 itibar\u0131yla sonland\u0131rd\u0131. Toplamda 5,937 \u00fcyesi bulunan baroda, 4,168 \u00fcye oy kulland\u0131. Mevcut ba\u015fkan Metin \u00d6ztosun, ald\u0131\u011f\u0131 2,096 oyla yeniden ba\u015fkanl\u0131k g\u00f6revine getirildi. Di\u011fer adaylar Hakk\u0131 Savunur So\u011fanc\u0131 ve Sibel \u00d6zbudak ise s\u0131ras\u0131yla 562 ve 1,510 oy ald\u0131. \u00d6ztosun se\u00e7im sonu\u00e7lar\u0131 hakk\u0131nda &#8220;Bu se\u00e7imde as\u0131l kazanan Bursa Barosu&#8217;dur&#8221; \u015feklinde bir a\u00e7\u0131klama yapt\u0131. Sibel \u00d6zbudak&#8217;a Y\u00f6nelik Tepkiler Ola\u011fan Genel Kurul s\u0131ras\u0131nda ba\u015fkan adaylar\u0131 konu\u015fmalar\u0131n\u0131 ger\u00e7ekle\u015ftirdi. Adaylardan Sibel \u00d6zbudak&#8217;\u0131n konu\u015fmas\u0131 s\u0131k s\u0131k kesilerek ele\u015ftirilere maruz kald\u0131; baz\u0131 kat\u0131l\u0131mc\u0131lar &#8220;D\u00fcn geldin, bug\u00fcn ba\u015fkan aday\u0131 oldun&#8221; diyerek tepkilerini dile getirdi. Ayr\u0131ca \u00d6zbudak\u2019\u0131n Divan Kurulu\u2019na dan\u0131\u015fmadan y\u00f6netim kurulu \u00fcyelerini sahneye davet etmesi de tart\u0131\u015fmalara yol a\u00e7t\u0131. Gen\u00e7 avukatlara \u00f6ncelik verece\u011fini belirten \u00d6zbudak, her zaman ula\u015f\u0131labilir bir lider olaca\u011f\u0131n\u0131 vurgulad\u0131. Hukukun Durumu \u00dczerine De\u011ferlendirmeler Mevcut Ba\u015fkan Metin \u00d6ztosun ise hukukun \u00fcst\u00fcnl\u00fc\u011f\u00fc konusuna dikkat \u00e7ekti ve T\u00fcrkiye&#8217;nin uluslararas\u0131 hukuk s\u0131ralamas\u0131nda toplamda 142 \u00fclke aras\u0131nda yaln\u0131zca 117&#8217;nci s\u0131rada yer ald\u0131\u011f\u0131n\u0131 ifade etti. Adalete olan g\u00fcven oran\u0131n\u0131n %20 civar\u0131nda oldu\u011funu belirtti. &#8216;\u00d6nce Meslek&#8217; Grubu Aday\u0131ndan A\u00e7\u0131klamalar Aday Hakk\u0131 Savunur So\u011fanc\u0131 da Bursa Barosu\u2019nun avukatlar\u0131n sorunlar\u0131n\u0131 \u00e7\u00f6zme konusunda yetersiz kald\u0131\u011f\u0131n\u0131 savundu ve se\u00e7ilmesi durumunda \u015feffafl\u0131k ile &hellip;<\/p>","protected":false},"author":3,"featured_media":0,"comment_status":"open","ping_status":"open","sticky":false,"template":"","format":"standard","meta":{"_acf_changed":false,"footnotes":""},"categories":[27],"tags":[],"class_list":["post-5869","post","type-post","status-publish","format-standard","has-post-thumbnail","hentry","category-hukukihaber"],"acf":[],"yoast_head":"<!-- This site is optimized with the Yoast SEO Premium plugin v26.6 (Yoast SEO v27.1.1) - https:\/\/yoast.com\/product\/yoast-seo-premium-wordpress\/ -->\n<title>Bursa Barosu ba\u015fkanl\u0131\u011f\u0131na Metin \u00d6ztosun yeniden se\u00e7ildi - Av. Deniz Can K\u0131z\u0131l<\/title>\n<meta name=\"robots\" content=\"index, follow, max-snippet:-1, max-image-preview:large, max-video-preview:-1\" \/>\n<link rel=\"canonical\" href=\"https:\/\/denizcankizil.tr\/uk\/hukukihaber\/bursa-barosu-baskanligina-metin-oztosun-yeniden-secildi\/\" \/>\n<meta property=\"og:locale\" content=\"uk_UA\" \/>\n<meta property=\"og:type\" content=\"article\" \/>\n<meta property=\"og:title\" content=\"Bursa Barosu ba\u015fkanl\u0131\u011f\u0131na Metin \u00d6ztosun yeniden se\u00e7ildi\" \/>\n<meta property=\"og:description\" content=\"Bursa Barosu&#8217;nda Yeni Bir D\u00f6nem: Metin \u00d6ztosun Yeniden Ba\u015fkan Se\u00e7ildi Bursa Barosu, iki g\u00fcn s\u00fcren ola\u011fan genel kurulunu ba\u015far\u0131yla tamamlayarak oy verme i\u015flemini saat 17.00 itibar\u0131yla sonland\u0131rd\u0131. Toplamda 5,937 \u00fcyesi bulunan baroda, 4,168 \u00fcye oy kulland\u0131. Mevcut ba\u015fkan Metin \u00d6ztosun, ald\u0131\u011f\u0131 2,096 oyla yeniden ba\u015fkanl\u0131k g\u00f6revine getirildi. Di\u011fer adaylar Hakk\u0131 Savunur So\u011fanc\u0131 ve Sibel \u00d6zbudak ise s\u0131ras\u0131yla 562 ve 1,510 oy ald\u0131. \u00d6ztosun se\u00e7im sonu\u00e7lar\u0131 hakk\u0131nda &#8220;Bu se\u00e7imde as\u0131l kazanan Bursa Barosu&#8217;dur&#8221; \u015feklinde bir a\u00e7\u0131klama yapt\u0131. Sibel \u00d6zbudak&#8217;a Y\u00f6nelik Tepkiler Ola\u011fan Genel Kurul s\u0131ras\u0131nda ba\u015fkan adaylar\u0131 konu\u015fmalar\u0131n\u0131 ger\u00e7ekle\u015ftirdi. Adaylardan Sibel \u00d6zbudak&#8217;\u0131n konu\u015fmas\u0131 s\u0131k s\u0131k kesilerek ele\u015ftirilere maruz kald\u0131; baz\u0131 kat\u0131l\u0131mc\u0131lar &#8220;D\u00fcn geldin, bug\u00fcn ba\u015fkan aday\u0131 oldun&#8221; diyerek tepkilerini dile getirdi. Ayr\u0131ca \u00d6zbudak\u2019\u0131n Divan Kurulu\u2019na dan\u0131\u015fmadan y\u00f6netim kurulu \u00fcyelerini sahneye davet etmesi de tart\u0131\u015fmalara yol a\u00e7t\u0131. Gen\u00e7 avukatlara \u00f6ncelik verece\u011fini belirten \u00d6zbudak, her zaman ula\u015f\u0131labilir bir lider olaca\u011f\u0131n\u0131 vurgulad\u0131. Hukukun Durumu \u00dczerine De\u011ferlendirmeler Mevcut Ba\u015fkan Metin \u00d6ztosun ise hukukun \u00fcst\u00fcnl\u00fc\u011f\u00fc konusuna dikkat \u00e7ekti ve T\u00fcrkiye&#8217;nin uluslararas\u0131 hukuk s\u0131ralamas\u0131nda toplamda 142 \u00fclke aras\u0131nda yaln\u0131zca 117&#8217;nci s\u0131rada yer ald\u0131\u011f\u0131n\u0131 ifade etti. Adalete olan g\u00fcven oran\u0131n\u0131n %20 civar\u0131nda oldu\u011funu belirtti. &#8216;\u00d6nce Meslek&#8217; Grubu Aday\u0131ndan A\u00e7\u0131klamalar Aday Hakk\u0131 Savunur So\u011fanc\u0131 da Bursa Barosu\u2019nun avukatlar\u0131n sorunlar\u0131n\u0131 \u00e7\u00f6zme konusunda yetersiz kald\u0131\u011f\u0131n\u0131 savundu ve se\u00e7ilmesi durumunda \u015feffafl\u0131k ile &hellip;\" \/>\n<meta property=\"og:url\" content=\"https:\/\/denizcankizil.tr\/uk\/hukukihaber\/bursa-barosu-baskanligina-metin-oztosun-yeniden-secildi\/\" \/>\n<meta property=\"og:site_name\" content=\"Av. Deniz Can K\u0131z\u0131l\" \/>\n<meta property=\"article:published_time\" content=\"2024-10-20T21:07:00+00:00\" \/>\n<meta property=\"article:modified_time\" content=\"2024-10-22T21:57:16+00:00\" \/>\n<meta name=\"author\" content=\"Hukuki Haber.net\" \/>\n<meta name=\"twitter:card\" content=\"summary_large_image\" \/>\n<meta name=\"twitter:label1\" content=\"\u041d\u0430\u043f\u0438\u0441\u0430\u043d\u043e\" \/>\n\t<meta name=\"twitter:data1\" content=\"Hukuki Haber.net\" \/>\n\t<meta name=\"twitter:label2\" content=\"\u041f\u0440\u0438\u0431\u043b. \u0447\u0430\u0441 \u0447\u0438\u0442\u0430\u043d\u043d\u044f\" \/>\n\t<meta name=\"twitter:data2\" content=\"2 \u0445\u0432\u0438\u043b\u0438\u043d\u0438\" \/>\n<script type=\"application\/ld+json\" class=\"yoast-schema-graph\">{\"@context\":\"https:\/\/schema.org\",\"@graph\":[{\"@type\":\"Article\",\"@id\":\"https:\/\/denizcankizil.tr\/uk\/hukukihaber\/bursa-barosu-baskanligina-metin-oztosun-yeniden-secildi\/#article\",\"isPartOf\":{\"@id\":\"https:\/\/denizcankizil.tr\/uk\/hukukihaber\/bursa-barosu-baskanligina-metin-oztosun-yeniden-secildi\/\"},\"author\":{\"name\":\"Hukuki Haber.net\",\"@id\":\"https:\/\/denizcankizil.tr\/de\/#\/schema\/person\/001a271de994a0aa3f90eea084424822\"},\"headline\":\"Bursa Barosu ba\u015fkanl\u0131\u011f\u0131na Metin \u00d6ztosun yeniden se\u00e7ildi\",\"datePublished\":\"2024-10-20T21:07:00+00:00\",\"dateModified\":\"2024-10-22T21:57:16+00:00\",\"mainEntityOfPage\":{\"@id\":\"https:\/\/denizcankizil.tr\/uk\/hukukihaber\/bursa-barosu-baskanligina-metin-oztosun-yeniden-secildi\/\"},\"wordCount\":512,\"commentCount\":0,\"publisher\":{\"@id\":\"https:\/\/denizcankizil.tr\/de\/#organization\"},\"articleSection\":[\"Hukuki Haberler\"],\"inLanguage\":\"uk\",\"potentialAction\":[{\"@type\":\"CommentAction\",\"name\":\"Comment\",\"target\":[\"https:\/\/denizcankizil.tr\/uk\/hukukihaber\/bursa-barosu-baskanligina-metin-oztosun-yeniden-secildi\/#respond\"]}]},{\"@type\":\"WebPage\",\"@id\":\"https:\/\/denizcankizil.tr\/uk\/hukukihaber\/bursa-barosu-baskanligina-metin-oztosun-yeniden-secildi\/\",\"url\":\"https:\/\/denizcankizil.tr\/uk\/hukukihaber\/bursa-barosu-baskanligina-metin-oztosun-yeniden-secildi\/\",\"name\":\"Bursa Barosu ba\u015fkanl\u0131\u011f\u0131na Metin \u00d6ztosun yeniden se\u00e7ildi - Av. Deniz Can K\u0131z\u0131l\",\"isPartOf\":{\"@id\":\"https:\/\/denizcankizil.tr\/de\/#website\"},\"datePublished\":\"2024-10-20T21:07:00+00:00\",\"dateModified\":\"2024-10-22T21:57:16+00:00\",\"breadcrumb\":{\"@id\":\"https:\/\/denizcankizil.tr\/uk\/hukukihaber\/bursa-barosu-baskanligina-metin-oztosun-yeniden-secildi\/#breadcrumb\"},\"inLanguage\":\"uk\",\"potentialAction\":[{\"@type\":\"ReadAction\",\"target\":[\"https:\/\/denizcankizil.tr\/uk\/hukukihaber\/bursa-barosu-baskanligina-metin-oztosun-yeniden-secildi\/\"]}]},{\"@type\":\"BreadcrumbList\",\"@id\":\"https:\/\/denizcankizil.tr\/uk\/hukukihaber\/bursa-barosu-baskanligina-metin-oztosun-yeniden-secildi\/#breadcrumb\",\"itemListElement\":[{\"@type\":\"ListItem\",\"position\":1,\"name\":\"Home\",\"item\":\"https:\/\/denizcankizil.tr\/de\/\"},{\"@type\":\"ListItem\",\"position\":2,\"name\":\"Bursa Barosu ba\u015fkanl\u0131\u011f\u0131na Metin \u00d6ztosun yeniden se\u00e7ildi\"}]},{\"@type\":\"WebSite\",\"@id\":\"https:\/\/denizcankizil.tr\/de\/#website\",\"url\":\"https:\/\/denizcankizil.tr\/de\/\",\"name\":\"Av. Deniz Can K\u0131z\u0131l\",\"description\":\"Avukat Deniz Can K\u0131z\u0131l Antalya Barosu\",\"publisher\":{\"@id\":\"https:\/\/denizcankizil.tr\/de\/#organization\"},\"potentialAction\":[{\"@type\":\"SearchAction\",\"target\":{\"@type\":\"EntryPoint\",\"urlTemplate\":\"https:\/\/denizcankizil.tr\/de\/?s={search_term_string}\"},\"query-input\":{\"@type\":\"PropertyValueSpecification\",\"valueRequired\":true,\"valueName\":\"search_term_string\"}}],\"inLanguage\":\"uk\"},{\"@type\":\"Organization\",\"@id\":\"https:\/\/denizcankizil.tr\/de\/#organization\",\"name\":\"Av. Deniz Can K\u0131z\u0131l\",\"url\":\"https:\/\/denizcankizil.tr\/de\/\",\"logo\":{\"@type\":\"ImageObject\",\"inLanguage\":\"uk\",\"@id\":\"https:\/\/denizcankizil.tr\/de\/#\/schema\/logo\/image\/\",\"url\":\"https:\/\/denizcankizil.tr\/wp-content\/uploads\/2024\/10\/siyah-logo-svg.svg\",\"contentUrl\":\"https:\/\/denizcankizil.tr\/wp-content\/uploads\/2024\/10\/siyah-logo-svg.svg\",\"width\":1080,\"height\":1080,\"caption\":\"Av. Deniz Can K\u0131z\u0131l\"},\"image\":{\"@id\":\"https:\/\/denizcankizil.tr\/de\/#\/schema\/logo\/image\/\"}},{\"@type\":\"Person\",\"@id\":\"https:\/\/denizcankizil.tr\/de\/#\/schema\/person\/001a271de994a0aa3f90eea084424822\",\"name\":\"Hukuki Haber.net\",\"image\":{\"@type\":\"ImageObject\",\"inLanguage\":\"uk\",\"@id\":\"https:\/\/denizcankizil.tr\/de\/#\/schema\/person\/image\/\",\"url\":\"https:\/\/secure.gravatar.com\/avatar\/57d8a49151495586611a149d29fc42865b951dc053a84709a3172ccb5abf3118?s=96&d=mm&r=g\",\"contentUrl\":\"https:\/\/secure.gravatar.com\/avatar\/57d8a49151495586611a149d29fc42865b951dc053a84709a3172ccb5abf3118?s=96&d=mm&r=g\",\"caption\":\"Hukuki Haber.net\"},\"sameAs\":[\"http:\/\/www.hukukihaber.net\"],\"url\":\"https:\/\/www.hukukihaber.net\/bursa-barosu-baskanligina-metin-oztosun-yeniden-secildi\"}]}<\/script>\n<!-- \/ Yoast SEO Premium plugin. -->","yoast_head_json":{"title":"Bursa Barosu ba\u015fkanl\u0131\u011f\u0131na Metin \u00d6ztosun yeniden se\u00e7ildi - Av. Deniz Can K\u0131z\u0131l","robots":{"index":"index","follow":"follow","max-snippet":"max-snippet:-1","max-image-preview":"max-image-preview:large","max-video-preview":"max-video-preview:-1"},"canonical":"https:\/\/denizcankizil.tr\/uk\/hukukihaber\/bursa-barosu-baskanligina-metin-oztosun-yeniden-secildi\/","og_locale":"uk_UA","og_type":"article","og_title":"Bursa Barosu ba\u015fkanl\u0131\u011f\u0131na Metin \u00d6ztosun yeniden se\u00e7ildi","og_description":"Bursa Barosu&#8217;nda Yeni Bir D\u00f6nem: Metin \u00d6ztosun Yeniden Ba\u015fkan Se\u00e7ildi Bursa Barosu, iki g\u00fcn s\u00fcren ola\u011fan genel kurulunu ba\u015far\u0131yla tamamlayarak oy verme i\u015flemini saat 17.00 itibar\u0131yla sonland\u0131rd\u0131. Toplamda 5,937 \u00fcyesi bulunan baroda, 4,168 \u00fcye oy kulland\u0131. Mevcut ba\u015fkan Metin \u00d6ztosun, ald\u0131\u011f\u0131 2,096 oyla yeniden ba\u015fkanl\u0131k g\u00f6revine getirildi. Di\u011fer adaylar Hakk\u0131 Savunur So\u011fanc\u0131 ve Sibel \u00d6zbudak ise s\u0131ras\u0131yla 562 ve 1,510 oy ald\u0131. \u00d6ztosun se\u00e7im sonu\u00e7lar\u0131 hakk\u0131nda &#8220;Bu se\u00e7imde as\u0131l kazanan Bursa Barosu&#8217;dur&#8221; \u015feklinde bir a\u00e7\u0131klama yapt\u0131. Sibel \u00d6zbudak&#8217;a Y\u00f6nelik Tepkiler Ola\u011fan Genel Kurul s\u0131ras\u0131nda ba\u015fkan adaylar\u0131 konu\u015fmalar\u0131n\u0131 ger\u00e7ekle\u015ftirdi. Adaylardan Sibel \u00d6zbudak&#8217;\u0131n konu\u015fmas\u0131 s\u0131k s\u0131k kesilerek ele\u015ftirilere maruz kald\u0131; baz\u0131 kat\u0131l\u0131mc\u0131lar &#8220;D\u00fcn geldin, bug\u00fcn ba\u015fkan aday\u0131 oldun&#8221; diyerek tepkilerini dile getirdi. Ayr\u0131ca \u00d6zbudak\u2019\u0131n Divan Kurulu\u2019na dan\u0131\u015fmadan y\u00f6netim kurulu \u00fcyelerini sahneye davet etmesi de tart\u0131\u015fmalara yol a\u00e7t\u0131. Gen\u00e7 avukatlara \u00f6ncelik verece\u011fini belirten \u00d6zbudak, her zaman ula\u015f\u0131labilir bir lider olaca\u011f\u0131n\u0131 vurgulad\u0131. Hukukun Durumu \u00dczerine De\u011ferlendirmeler Mevcut Ba\u015fkan Metin \u00d6ztosun ise hukukun \u00fcst\u00fcnl\u00fc\u011f\u00fc konusuna dikkat \u00e7ekti ve T\u00fcrkiye&#8217;nin uluslararas\u0131 hukuk s\u0131ralamas\u0131nda toplamda 142 \u00fclke aras\u0131nda yaln\u0131zca 117&#8217;nci s\u0131rada yer ald\u0131\u011f\u0131n\u0131 ifade etti. Adalete olan g\u00fcven oran\u0131n\u0131n %20 civar\u0131nda oldu\u011funu belirtti. &#8216;\u00d6nce Meslek&#8217; Grubu Aday\u0131ndan A\u00e7\u0131klamalar Aday Hakk\u0131 Savunur So\u011fanc\u0131 da Bursa Barosu\u2019nun avukatlar\u0131n sorunlar\u0131n\u0131 \u00e7\u00f6zme konusunda yetersiz kald\u0131\u011f\u0131n\u0131 savundu ve se\u00e7ilmesi durumunda \u015feffafl\u0131k ile &hellip;","og_url":"https:\/\/denizcankizil.tr\/uk\/hukukihaber\/bursa-barosu-baskanligina-metin-oztosun-yeniden-secildi\/","og_site_name":"Av. Deniz Can K\u0131z\u0131l","article_published_time":"2024-10-20T21:07:00+00:00","article_modified_time":"2024-10-22T21:57:16+00:00","author":"Hukuki Haber.net","twitter_card":"summary_large_image","twitter_misc":{"\u041d\u0430\u043f\u0438\u0441\u0430\u043d\u043e":"Hukuki Haber.net","\u041f\u0440\u0438\u0431\u043b. \u0447\u0430\u0441 \u0447\u0438\u0442\u0430\u043d\u043d\u044f":"2 \u0445\u0432\u0438\u043b\u0438\u043d\u0438"},"schema":{"@context":"https:\/\/schema.org","@graph":[{"@type":"Article","@id":"https:\/\/denizcankizil.tr\/uk\/hukukihaber\/bursa-barosu-baskanligina-metin-oztosun-yeniden-secildi\/#article","isPartOf":{"@id":"https:\/\/denizcankizil.tr\/uk\/hukukihaber\/bursa-barosu-baskanligina-metin-oztosun-yeniden-secildi\/"},"author":{"name":"Hukuki Haber.net","@id":"https:\/\/denizcankizil.tr\/de\/#\/schema\/person\/001a271de994a0aa3f90eea084424822"},"headline":"Bursa Barosu ba\u015fkanl\u0131\u011f\u0131na Metin \u00d6ztosun yeniden se\u00e7ildi","datePublished":"2024-10-20T21:07:00+00:00","dateModified":"2024-10-22T21:57:16+00:00","mainEntityOfPage":{"@id":"https:\/\/denizcankizil.tr\/uk\/hukukihaber\/bursa-barosu-baskanligina-metin-oztosun-yeniden-secildi\/"},"wordCount":512,"commentCount":0,"publisher":{"@id":"https:\/\/denizcankizil.tr\/de\/#organization"},"articleSection":["Hukuki Haberler"],"inLanguage":"uk","potentialAction":[{"@type":"CommentAction","name":"Comment","target":["https:\/\/denizcankizil.tr\/uk\/hukukihaber\/bursa-barosu-baskanligina-metin-oztosun-yeniden-secildi\/#respond"]}]},{"@type":"WebPage","@id":"https:\/\/denizcankizil.tr\/uk\/hukukihaber\/bursa-barosu-baskanligina-metin-oztosun-yeniden-secildi\/","url":"https:\/\/denizcankizil.tr\/uk\/hukukihaber\/bursa-barosu-baskanligina-metin-oztosun-yeniden-secildi\/","name":"Bursa Barosu ba\u015fkanl\u0131\u011f\u0131na Metin \u00d6ztosun yeniden se\u00e7ildi - Av. Deniz Can K\u0131z\u0131l","isPartOf":{"@id":"https:\/\/denizcankizil.tr\/de\/#website"},"datePublished":"2024-10-20T21:07:00+00:00","dateModified":"2024-10-22T21:57:16+00:00","breadcrumb":{"@id":"https:\/\/denizcankizil.tr\/uk\/hukukihaber\/bursa-barosu-baskanligina-metin-oztosun-yeniden-secildi\/#breadcrumb"},"inLanguage":"uk","potentialAction":[{"@type":"ReadAction","target":["https:\/\/denizcankizil.tr\/uk\/hukukihaber\/bursa-barosu-baskanligina-metin-oztosun-yeniden-secildi\/"]}]},{"@type":"BreadcrumbList","@id":"https:\/\/denizcankizil.tr\/uk\/hukukihaber\/bursa-barosu-baskanligina-metin-oztosun-yeniden-secildi\/#breadcrumb","itemListElement":[{"@type":"ListItem","position":1,"name":"Home","item":"https:\/\/denizcankizil.tr\/de\/"},{"@type":"ListItem","position":2,"name":"Bursa Barosu ba\u015fkanl\u0131\u011f\u0131na Metin \u00d6ztosun yeniden se\u00e7ildi"}]},{"@type":"WebSite","@id":"https:\/\/denizcankizil.tr\/de\/#website","url":"https:\/\/denizcankizil.tr\/de\/","name":"Av. Deniz Can K\u0131z\u0131l","description":"Avukat Deniz Can K\u0131z\u0131l Antalya Barosu","publisher":{"@id":"https:\/\/denizcankizil.tr\/de\/#organization"},"potentialAction":[{"@type":"SearchAction","target":{"@type":"EntryPoint","urlTemplate":"https:\/\/denizcankizil.tr\/de\/?s={search_term_string}"},"query-input":{"@type":"PropertyValueSpecification","valueRequired":true,"valueName":"search_term_string"}}],"inLanguage":"uk"},{"@type":"Organization","@id":"https:\/\/denizcankizil.tr\/de\/#organization","name":"Av. Deniz Can K\u0131z\u0131l","url":"https:\/\/denizcankizil.tr\/de\/","logo":{"@type":"ImageObject","inLanguage":"uk","@id":"https:\/\/denizcankizil.tr\/de\/#\/schema\/logo\/image\/","url":"https:\/\/denizcankizil.tr\/wp-content\/uploads\/2024\/10\/siyah-logo-svg.svg","contentUrl":"https:\/\/denizcankizil.tr\/wp-content\/uploads\/2024\/10\/siyah-logo-svg.svg","width":1080,"height":1080,"caption":"Av. Deniz Can K\u0131z\u0131l"},"image":{"@id":"https:\/\/denizcankizil.tr\/de\/#\/schema\/logo\/image\/"}},{"@type":"Person","@id":"https:\/\/denizcankizil.tr\/de\/#\/schema\/person\/001a271de994a0aa3f90eea084424822","name":"Hukuki Haber.net","image":{"@type":"ImageObject","inLanguage":"uk","@id":"https:\/\/denizcankizil.tr\/de\/#\/schema\/person\/image\/","url":"https:\/\/secure.gravatar.com\/avatar\/57d8a49151495586611a149d29fc42865b951dc053a84709a3172ccb5abf3118?s=96&d=mm&r=g","contentUrl":"https:\/\/secure.gravatar.com\/avatar\/57d8a49151495586611a149d29fc42865b951dc053a84709a3172ccb5abf3118?s=96&d=mm&r=g","caption":"Hukuki Haber.net"},"sameAs":["http:\/\/www.hukukihaber.net"],"url":"https:\/\/www.hukukihaber.net\/bursa-barosu-baskanligina-metin-oztosun-yeniden-secildi"}]}},"_links":{"self":[{"href":"https:\/\/denizcankizil.tr\/uk\/wp-json\/wp\/v2\/posts\/5869","targetHints":{"allow":["GET"]}}],"collection":[{"href":"https:\/\/denizcankizil.tr\/uk\/wp-json\/wp\/v2\/posts"}],"about":[{"href":"https:\/\/denizcankizil.tr\/uk\/wp-json\/wp\/v2\/types\/post"}],"author":[{"embeddable":true,"href":"https:\/\/denizcankizil.tr\/uk\/wp-json\/wp\/v2\/users\/3"}],"replies":[{"embeddable":true,"href":"https:\/\/denizcankizil.tr\/uk\/wp-json\/wp\/v2\/comments?post=5869"}],"version-history":[{"count":2,"href":"https:\/\/denizcankizil.tr\/uk\/wp-json\/wp\/v2\/posts\/5869\/revisions"}],"predecessor-version":[{"id":5871,"href":"https:\/\/denizcankizil.tr\/uk\/wp-json\/wp\/v2\/posts\/5869\/revisions\/5871"}],"wp:attachment":[{"href":"https:\/\/denizcankizil.tr\/uk\/wp-json\/wp\/v2\/media?parent=5869"}],"wp:term":[{"taxonomy":"category","embeddable":true,"href":"https:\/\/denizcankizil.tr\/uk\/wp-json\/wp\/v2\/categories?post=5869"},{"taxonomy":"post_tag","embeddable":true,"href":"https:\/\/denizcankizil.tr\/uk\/wp-json\/wp\/v2\/tags?post=5869"}],"curies":[{"name":"wp","href":"https:\/\/api.w.org\/{rel}","templated":true}]}}