{"id":58635,"date":"2025-04-17T17:42:21","date_gmt":"2025-04-17T14:42:21","guid":{"rendered":"https:\/\/denizcankizil.tr\/uncategorized-tr\/antalyada-koy-enstitulerinin-85-yilinda-yeniden-canlanma-cagrisi\/"},"modified":"2025-04-17T17:42:21","modified_gmt":"2025-04-17T14:42:21","slug":"antalyada-koy-enstitulerinin-85-yilinda-yeniden-canlanma-cagrisi","status":"publish","type":"post","link":"https:\/\/denizcankizil.tr\/uk\/haberler\/gundem\/antalyada-koy-enstitulerinin-85-yilinda-yeniden-canlanma-cagrisi\/","title":{"rendered":"Antalya&#8217;da k\u00f6y enstit\u00fclerinin 85. y\u0131l\u0131nda yeniden canlanma \u00e7a\u011fr\u0131s\u0131"},"content":{"rendered":"<p>Antalya Muratpa\u015fa Belediye Ba\u015fkan\u0131 \u00dcmit Uysal, K\u00f6y Enstit\u00fcleri\u2019nin kurulu\u015funun 85\u2019inci y\u0131l d\u00f6n\u00fcm\u00fc dolay\u0131s\u0131yla d\u00fczenlenen t\u00f6rende \u201cK\u00f6y enstit\u00fclerinin g\u00fcncellenmi\u015f m\u00fcfredat\u0131 ve ara\u00e7lar\u0131yla T\u00fcrkiye\u2019nin her yerinde yeniden aya\u011fa kalkmas\u0131n\u0131 temenni ediyorum\u201d dedi.\u00a0ANTALYA (\u0130GFA) &#8211; Yeni Ku\u015fak K\u00f6y Enstit\u00fcleri Derne\u011fi\u2019nin d\u00fczenledi\u011fi program, Aksu Fen Lisesi\u2019nde ger\u00e7ekle\u015fti. T\u00f6rende konu\u015fan Muratpa\u015fa Belediye Ba\u015fkan\u0131 Uysal, K\u00f6y Enstit\u00fclerinin yaln\u0131zca bir e\u011fitim modeli de\u011fil, ayn\u0131 zamanda T\u00fcrkiye Cumhuriyeti&#8217;nin kalk\u0131nma ve ayd\u0131nlanma s\u00fcrecinin temel ta\u015flar\u0131ndan biri oldu\u011funu vurgulad\u0131. Ba\u015fkan Uysal, \u201cK\u00f6y Enstit\u00fcleri, farkl\u0131 k\u00f6kenlerden gelen insanlar\u0131n bir ulus \u00e7at\u0131s\u0131 alt\u0131nda birle\u015fme iradesinin, ortak tasa ve k\u0131van\u00e7la birlikte ya\u015fama idealinin \u00fcr\u00fcn\u00fcd\u00fcr. Bu sistem \u00f6\u011fretmen yeti\u015ftirmenin \u00f6tesinde bir ulus in\u015fa projesidir\u201d diye konu\u015ftu.<br \/>\nAMA K\u00d6YLER HALA YER\u0130NDE<br \/>\nZaman zaman \u201ck\u00f6y enstit\u00fcs\u00fc yerine kent enstit\u00fcs\u00fc kural\u0131m\u201d denildi\u011fini belirten Ba\u015fkan Uysal, \u201cK\u00f6yler bo\u015fald\u0131 diye k\u00f6yler yok olmad\u0131. Tar\u0131m topraklar\u0131 yerinde duruyor. Belki tar\u0131m teknolojileri de\u011fi\u015fti, belki e\u011fitim ara\u00e7lar\u0131 dijitalle\u015fti ama k\u00f6y enstit\u00fclerinin ruhuna ve vizyonuna bug\u00fcn d\u00fcnden daha \u00e7ok ihtiyac\u0131m\u0131z var\u201d ifadelerini kulland\u0131.Uysal, enstit\u00fclerin bug\u00fcn yarat\u0131c\u0131 ve yenilik\u00e7i zekan\u0131n kulu\u00e7ka merkezlerine d\u00f6n\u00fc\u015febilece\u011fini belirterek, tar\u0131mda y\u00fcksek teknoloji, yapay zeka, yerel habitatlara uygun tohumlar ve b\u00f6lgesel analizlerin m\u00fcmk\u00fcn hale geldi\u011fini, bu \u00e7er\u00e7evede k\u00f6y enstit\u00fclerinin \u00e7a\u011f\u0131n gereklerine uygun \u015fekilde yeniden yap\u0131land\u0131r\u0131labilece\u011fini s\u00f6yledi.<br \/>\nK\u00d6Y ENST\u0130T\u00dcLER\u0130 B\u0130R DESTANDIR<br \/>\nBa\u015fkan Uysal, konu\u015fmas\u0131nda Cumhuriyet\u2019in kalk\u0131nma hamlelerine de de\u011findi. \u201c1929-1939 aras\u0131ndaki on y\u0131ll\u0131k kalk\u0131nma olmasayd\u0131, T\u00fcrkiye \u0130kinci D\u00fcnya Sava\u015f\u0131\u2019n\u0131 atlatamazd\u0131\u201d diyen Uysal, \u201cT\u00fcrkiye Cumhuriyeti&#8217;nin kurulu\u015fu ve y\u00fckseli\u015fi bir destand\u0131r. Bug\u00fcn bu destan\u0131n k\u0131ymetini bilmek, K\u00f6y Enstit\u00fclerinin ard\u0131ndaki ideali ya\u015fatmak zorunday\u0131z\u201d dedi.<br \/>\nE\u011e\u0130T\u0130MDE ULUSLA\u015eMAYI KORUMALIYIZ<br \/>\nE\u011fitimde ayr\u0131\u015ft\u0131r\u0131c\u0131 yakla\u015f\u0131mlara kar\u015f\u0131 da dikkat \u00e7eken Uysal, Fransa, Amerika ve \u0130ngiltere \u00f6rnekleri \u00fczerinden \u00fclkelerde tek m\u00fcfredatla e\u011fitim verildi\u011fini hat\u0131rlatarak, \u201cBiz bir ulus \u00e7at\u0131s\u0131 alt\u0131nda birle\u015febildik. \u015eimdi neden bizim \u00e7ocuklar\u0131m\u0131z ayr\u0131 ayr\u0131 m\u00fcfredatlarla e\u011fitim alacak? Kendi \u00fclkenizde yapmad\u0131\u011f\u0131n\u0131z \u015feyleri bize niye \u00f6neriyorsunuz?\u201d diye sordu.Konu\u015fmas\u0131n\u0131n sonunda kendisine okuma yazmay\u0131 \u00f6\u011freten babas\u0131 ba\u015fta olmak \u00fczere t\u00fcm \u00f6\u011fretmenlerine minnetini ifade eden Ba\u015fkan Uysal, \u201cK\u00f6y Enstit\u00fclerinin bir g\u00fcn g\u00fcncellenmi\u015f m\u00fcfredat ve y\u00f6ntemlerle T\u00fcrkiye\u2019nin her yerinde yeniden aya\u011fa kalkmas\u0131n\u0131 temenni ediyorum\u201d dedi.\u00a0<\/p>\n<p>\u200bAntalya Muratpa\u015fa Belediye Ba\u015fkan\u0131 \u00dcmit Uysal, K\u00f6y Enstit\u00fcleri\u2019nin kurulu\u015funun 85\u2019inci y\u0131l d\u00f6n\u00fcm\u00fc dolay\u0131s\u0131yla d\u00fczenlenen t\u00f6rende \u201cK\u00f6y enstit\u00fclerinin g\u00fcncellenmi\u015f m\u00fcfredat\u0131 ve ara\u00e7lar\u0131yla T\u00fcrkiye\u2019nin her yerinde yeniden aya\u011fa kalkmas\u0131n\u0131 temenni ediyorum\u201d dedi.\u00a0ANTALYA (\u0130GFA) &#8211; Yeni Ku\u015fak K\u00f6y Enstit\u00fcleri Derne\u011fi\u2019nin d\u00fczenledi\u011fi program, Aksu Fen Lisesi\u2019nde ger\u00e7ekle\u015fti. T\u00f6rende konu\u015fan Muratpa\u015fa Belediye Ba\u015fkan\u0131 Uysal, K\u00f6y Enstit\u00fclerinin yaln\u0131zca bir e\u011fitim modeli de\u011fil, ayn\u0131 zamanda T\u00fcrkiye Cumhuriyeti&#8217;nin kalk\u0131nma ve ayd\u0131nlanma s\u00fcrecinin temel ta\u015flar\u0131ndan biri oldu\u011funu vurgulad\u0131. Ba\u015fkan Uysal, \u201cK\u00f6y Enstit\u00fcleri, farkl\u0131 k\u00f6kenlerden gelen insanlar\u0131n bir ulus \u00e7at\u0131s\u0131 alt\u0131nda birle\u015fme iradesinin, ortak tasa ve k\u0131van\u00e7la birlikte ya\u015fama idealinin \u00fcr\u00fcn\u00fcd\u00fcr. Bu sistem \u00f6\u011fretmen yeti\u015ftirmenin \u00f6tesinde bir ulus in\u015fa projesidir\u201d diye konu\u015ftu.<br \/>\nAMA K\u00d6YLER HALA YER\u0130NDE<br \/>\nZaman zaman \u201ck\u00f6y enstit\u00fcs\u00fc yerine kent enstit\u00fcs\u00fc kural\u0131m\u201d denildi\u011fini belirten Ba\u015fkan Uysal, \u201cK\u00f6yler bo\u015fald\u0131 diye k\u00f6yler yok olmad\u0131. Tar\u0131m topraklar\u0131 yerinde duruyor. Belki tar\u0131m teknolojileri de\u011fi\u015fti, belki e\u011fitim ara\u00e7lar\u0131 dijitalle\u015fti ama k\u00f6y enstit\u00fclerinin ruhuna ve vizyonuna bug\u00fcn d\u00fcnden daha \u00e7ok ihtiyac\u0131m\u0131z var\u201d ifadelerini kulland\u0131.Uysal, enstit\u00fclerin bug\u00fcn yarat\u0131c\u0131 ve yenilik\u00e7i zekan\u0131n kulu\u00e7ka merkezlerine d\u00f6n\u00fc\u015febilece\u011fini belirterek, tar\u0131mda y\u00fcksek teknoloji, yapay zeka, yerel habitatlara uygun tohumlar ve b\u00f6lgesel analizlerin m\u00fcmk\u00fcn hale geldi\u011fini, bu \u00e7er\u00e7evede k\u00f6y enstit\u00fclerinin \u00e7a\u011f\u0131n gereklerine uygun \u015fekilde yeniden yap\u0131land\u0131r\u0131labilece\u011fini s\u00f6yledi.<br \/>\nK\u00d6Y ENST\u0130T\u00dcLER\u0130 B\u0130R DESTANDIR<br \/>\nBa\u015fkan Uysal, konu\u015fmas\u0131nda Cumhuriyet\u2019in kalk\u0131nma hamlelerine de de\u011findi. \u201c1929-1939 aras\u0131ndaki on y\u0131ll\u0131k kalk\u0131nma olmasayd\u0131, T\u00fcrkiye \u0130kinci D\u00fcnya Sava\u015f\u0131\u2019n\u0131 atlatamazd\u0131\u201d diyen Uysal, \u201cT\u00fcrkiye Cumhuriyeti&#8217;nin kurulu\u015fu ve y\u00fckseli\u015fi bir destand\u0131r. Bug\u00fcn bu destan\u0131n k\u0131ymetini bilmek, K\u00f6y Enstit\u00fclerinin ard\u0131ndaki ideali ya\u015fatmak zorunday\u0131z\u201d dedi.<br \/>\nE\u011e\u0130T\u0130MDE ULUSLA\u015eMAYI KORUMALIYIZ<br \/>\nE\u011fitimde ayr\u0131\u015ft\u0131r\u0131c\u0131 yakla\u015f\u0131mlara kar\u015f\u0131 da dikkat \u00e7eken Uysal, Fransa, Amerika ve \u0130ngiltere \u00f6rnekleri \u00fczerinden \u00fclkelerde tek m\u00fcfredatla e\u011fitim verildi\u011fini hat\u0131rlatarak, \u201cBiz bir ulus \u00e7at\u0131s\u0131 alt\u0131nda birle\u015febildik. \u015eimdi neden bizim \u00e7ocuklar\u0131m\u0131z ayr\u0131 ayr\u0131 m\u00fcfredatlarla e\u011fitim alacak? Kendi \u00fclkenizde yapmad\u0131\u011f\u0131n\u0131z \u015feyleri bize niye \u00f6neriyorsunuz?\u201d diye sordu.Konu\u015fmas\u0131n\u0131n sonunda kendisine okuma yazmay\u0131 \u00f6\u011freten babas\u0131 ba\u015fta olmak \u00fczere t\u00fcm \u00f6\u011fretmenlerine minnetini ifade eden Ba\u015fkan Uysal, \u201cK\u00f6y Enstit\u00fclerinin bir g\u00fcn g\u00fcncellenmi\u015f m\u00fcfredat ve y\u00f6ntemlerle T\u00fcrkiye\u2019nin her yerinde yeniden aya\u011fa kalkmas\u0131n\u0131 temenni ediyorum\u201d dedi.\u00a0\u00a0<\/p>\n<p>\u200bHaberin Al\u0131nt\u0131land\u0131\u011f\u0131 Kaynak: www.iskenderun.org<\/p>","protected":false},"excerpt":{"rendered":"<p>Antalya Muratpa\u015fa Belediye Ba\u015fkan\u0131 \u00dcmit Uysal, K\u00f6y Enstit\u00fcleri\u2019nin kurulu\u015funun 85\u2019inci y\u0131l d\u00f6n\u00fcm\u00fc dolay\u0131s\u0131yla d\u00fczenlenen t\u00f6rende \u201cK\u00f6y enstit\u00fclerinin g\u00fcncellenmi\u015f m\u00fcfredat\u0131 ve ara\u00e7lar\u0131yla T\u00fcrkiye\u2019nin her yerinde yeniden aya\u011fa kalkmas\u0131n\u0131 temenni ediyorum\u201d dedi.\u00a0ANTALYA (\u0130GFA) &#8211; Yeni Ku\u015fak K\u00f6y Enstit\u00fcleri Derne\u011fi\u2019nin d\u00fczenledi\u011fi program, Aksu Fen Lisesi\u2019nde ger\u00e7ekle\u015fti. T\u00f6rende konu\u015fan Muratpa\u015fa Belediye Ba\u015fkan\u0131 Uysal, K\u00f6y Enstit\u00fclerinin yaln\u0131zca bir e\u011fitim modeli de\u011fil, ayn\u0131 zamanda T\u00fcrkiye Cumhuriyeti&#8217;nin kalk\u0131nma ve ayd\u0131nlanma s\u00fcrecinin temel ta\u015flar\u0131ndan biri oldu\u011funu vurgulad\u0131. Ba\u015fkan Uysal, \u201cK\u00f6y Enstit\u00fcleri, farkl\u0131 k\u00f6kenlerden gelen insanlar\u0131n bir ulus \u00e7at\u0131s\u0131 alt\u0131nda birle\u015fme iradesinin, ortak tasa ve k\u0131van\u00e7la birlikte ya\u015fama idealinin \u00fcr\u00fcn\u00fcd\u00fcr. Bu sistem \u00f6\u011fretmen yeti\u015ftirmenin \u00f6tesinde bir ulus in\u015fa projesidir\u201d diye konu\u015ftu. AMA K\u00d6YLER HALA YER\u0130NDE Zaman zaman \u201ck\u00f6y enstit\u00fcs\u00fc yerine kent enstit\u00fcs\u00fc kural\u0131m\u201d denildi\u011fini belirten Ba\u015fkan Uysal, \u201cK\u00f6yler bo\u015fald\u0131 diye k\u00f6yler yok olmad\u0131. Tar\u0131m topraklar\u0131 yerinde duruyor. Belki tar\u0131m teknolojileri de\u011fi\u015fti, belki e\u011fitim ara\u00e7lar\u0131 dijitalle\u015fti ama k\u00f6y enstit\u00fclerinin ruhuna ve vizyonuna bug\u00fcn d\u00fcnden daha \u00e7ok ihtiyac\u0131m\u0131z var\u201d ifadelerini kulland\u0131.Uysal, enstit\u00fclerin bug\u00fcn yarat\u0131c\u0131 ve yenilik\u00e7i zekan\u0131n kulu\u00e7ka merkezlerine d\u00f6n\u00fc\u015febilece\u011fini belirterek, tar\u0131mda y\u00fcksek teknoloji, yapay zeka, yerel habitatlara uygun tohumlar ve b\u00f6lgesel analizlerin m\u00fcmk\u00fcn hale geldi\u011fini, bu \u00e7er\u00e7evede k\u00f6y enstit\u00fclerinin \u00e7a\u011f\u0131n gereklerine uygun \u015fekilde yeniden yap\u0131land\u0131r\u0131labilece\u011fini s\u00f6yledi. K\u00d6Y ENST\u0130T\u00dcLER\u0130 B\u0130R DESTANDIR Ba\u015fkan Uysal, konu\u015fmas\u0131nda Cumhuriyet\u2019in kalk\u0131nma hamlelerine de de\u011findi. \u201c1929-1939 aras\u0131ndaki &hellip;<\/p>","protected":false},"author":1,"featured_media":0,"comment_status":"","ping_status":"open","sticky":false,"template":"","format":"standard","meta":{"_acf_changed":false,"footnotes":""},"categories":[24],"tags":[],"class_list":["post-58635","post","type-post","status-publish","format-standard","has-post-thumbnail","hentry","category-gundem"],"acf":[],"yoast_head":"<!-- This site is optimized with the Yoast SEO Premium plugin v26.6 (Yoast SEO v27.1.1) - https:\/\/yoast.com\/product\/yoast-seo-premium-wordpress\/ -->\n<title>Antalya&#039;da k\u00f6y enstit\u00fclerinin 85. y\u0131l\u0131nda yeniden canlanma \u00e7a\u011fr\u0131s\u0131 - Av. Deniz Can K\u0131z\u0131l<\/title>\n<meta name=\"robots\" content=\"index, follow, max-snippet:-1, max-image-preview:large, max-video-preview:-1\" \/>\n<link rel=\"canonical\" href=\"https:\/\/denizcankizil.tr\/uk\/haberler\/gundem\/antalyada-koy-enstitulerinin-85-yilinda-yeniden-canlanma-cagrisi\/\" \/>\n<meta property=\"og:locale\" content=\"uk_UA\" \/>\n<meta property=\"og:type\" content=\"article\" \/>\n<meta property=\"og:title\" content=\"Antalya&#039;da k\u00f6y enstit\u00fclerinin 85. y\u0131l\u0131nda yeniden canlanma \u00e7a\u011fr\u0131s\u0131\" \/>\n<meta property=\"og:description\" content=\"Antalya Muratpa\u015fa Belediye Ba\u015fkan\u0131 \u00dcmit Uysal, K\u00f6y Enstit\u00fcleri\u2019nin kurulu\u015funun 85\u2019inci y\u0131l d\u00f6n\u00fcm\u00fc dolay\u0131s\u0131yla d\u00fczenlenen t\u00f6rende \u201cK\u00f6y enstit\u00fclerinin g\u00fcncellenmi\u015f m\u00fcfredat\u0131 ve ara\u00e7lar\u0131yla T\u00fcrkiye\u2019nin her yerinde yeniden aya\u011fa kalkmas\u0131n\u0131 temenni ediyorum\u201d dedi.\u00a0ANTALYA (\u0130GFA) &#8211; Yeni Ku\u015fak K\u00f6y Enstit\u00fcleri Derne\u011fi\u2019nin d\u00fczenledi\u011fi program, Aksu Fen Lisesi\u2019nde ger\u00e7ekle\u015fti. T\u00f6rende konu\u015fan Muratpa\u015fa Belediye Ba\u015fkan\u0131 Uysal, K\u00f6y Enstit\u00fclerinin yaln\u0131zca bir e\u011fitim modeli de\u011fil, ayn\u0131 zamanda T\u00fcrkiye Cumhuriyeti&#8217;nin kalk\u0131nma ve ayd\u0131nlanma s\u00fcrecinin temel ta\u015flar\u0131ndan biri oldu\u011funu vurgulad\u0131. Ba\u015fkan Uysal, \u201cK\u00f6y Enstit\u00fcleri, farkl\u0131 k\u00f6kenlerden gelen insanlar\u0131n bir ulus \u00e7at\u0131s\u0131 alt\u0131nda birle\u015fme iradesinin, ortak tasa ve k\u0131van\u00e7la birlikte ya\u015fama idealinin \u00fcr\u00fcn\u00fcd\u00fcr. Bu sistem \u00f6\u011fretmen yeti\u015ftirmenin \u00f6tesinde bir ulus in\u015fa projesidir\u201d diye konu\u015ftu. AMA K\u00d6YLER HALA YER\u0130NDE Zaman zaman \u201ck\u00f6y enstit\u00fcs\u00fc yerine kent enstit\u00fcs\u00fc kural\u0131m\u201d denildi\u011fini belirten Ba\u015fkan Uysal, \u201cK\u00f6yler bo\u015fald\u0131 diye k\u00f6yler yok olmad\u0131. Tar\u0131m topraklar\u0131 yerinde duruyor. Belki tar\u0131m teknolojileri de\u011fi\u015fti, belki e\u011fitim ara\u00e7lar\u0131 dijitalle\u015fti ama k\u00f6y enstit\u00fclerinin ruhuna ve vizyonuna bug\u00fcn d\u00fcnden daha \u00e7ok ihtiyac\u0131m\u0131z var\u201d ifadelerini kulland\u0131.Uysal, enstit\u00fclerin bug\u00fcn yarat\u0131c\u0131 ve yenilik\u00e7i zekan\u0131n kulu\u00e7ka merkezlerine d\u00f6n\u00fc\u015febilece\u011fini belirterek, tar\u0131mda y\u00fcksek teknoloji, yapay zeka, yerel habitatlara uygun tohumlar ve b\u00f6lgesel analizlerin m\u00fcmk\u00fcn hale geldi\u011fini, bu \u00e7er\u00e7evede k\u00f6y enstit\u00fclerinin \u00e7a\u011f\u0131n gereklerine uygun \u015fekilde yeniden yap\u0131land\u0131r\u0131labilece\u011fini s\u00f6yledi. K\u00d6Y ENST\u0130T\u00dcLER\u0130 B\u0130R DESTANDIR Ba\u015fkan Uysal, konu\u015fmas\u0131nda Cumhuriyet\u2019in kalk\u0131nma hamlelerine de de\u011findi. \u201c1929-1939 aras\u0131ndaki &hellip;\" \/>\n<meta property=\"og:url\" content=\"https:\/\/denizcankizil.tr\/uk\/haberler\/gundem\/antalyada-koy-enstitulerinin-85-yilinda-yeniden-canlanma-cagrisi\/\" \/>\n<meta property=\"og:site_name\" content=\"Av. Deniz Can K\u0131z\u0131l\" \/>\n<meta property=\"article:published_time\" content=\"2025-04-17T14:42:21+00:00\" \/>\n<meta name=\"author\" content=\"admin\" \/>\n<meta name=\"twitter:card\" content=\"summary_large_image\" \/>\n<meta name=\"twitter:label1\" content=\"\u041d\u0430\u043f\u0438\u0441\u0430\u043d\u043e\" \/>\n\t<meta name=\"twitter:data1\" content=\"admin\" \/>\n\t<meta name=\"twitter:label2\" content=\"\u041f\u0440\u0438\u0431\u043b. \u0447\u0430\u0441 \u0447\u0438\u0442\u0430\u043d\u043d\u044f\" \/>\n\t<meta name=\"twitter:data2\" content=\"5 \u0445\u0432\u0438\u043b\u0438\u043d\" \/>\n<script type=\"application\/ld+json\" class=\"yoast-schema-graph\">{\"@context\":\"https:\/\/schema.org\",\"@graph\":[{\"@type\":\"Article\",\"@id\":\"https:\/\/denizcankizil.tr\/uk\/haberler\/gundem\/antalyada-koy-enstitulerinin-85-yilinda-yeniden-canlanma-cagrisi\/#article\",\"isPartOf\":{\"@id\":\"https:\/\/denizcankizil.tr\/uk\/haberler\/gundem\/antalyada-koy-enstitulerinin-85-yilinda-yeniden-canlanma-cagrisi\/\"},\"author\":{\"name\":\"admin\",\"@id\":\"https:\/\/denizcankizil.tr\/#\/schema\/person\/be3c05fe6a12686905512445d8185489\"},\"headline\":\"Antalya&#8217;da k\u00f6y enstit\u00fclerinin 85. y\u0131l\u0131nda yeniden canlanma \u00e7a\u011fr\u0131s\u0131\",\"datePublished\":\"2025-04-17T14:42:21+00:00\",\"mainEntityOfPage\":{\"@id\":\"https:\/\/denizcankizil.tr\/uk\/haberler\/gundem\/antalyada-koy-enstitulerinin-85-yilinda-yeniden-canlanma-cagrisi\/\"},\"wordCount\":1014,\"publisher\":{\"@id\":\"https:\/\/denizcankizil.tr\/#organization\"},\"articleSection\":[\"G\u00fcndem\"],\"inLanguage\":\"uk\"},{\"@type\":\"WebPage\",\"@id\":\"https:\/\/denizcankizil.tr\/uk\/haberler\/gundem\/antalyada-koy-enstitulerinin-85-yilinda-yeniden-canlanma-cagrisi\/\",\"url\":\"https:\/\/denizcankizil.tr\/uk\/haberler\/gundem\/antalyada-koy-enstitulerinin-85-yilinda-yeniden-canlanma-cagrisi\/\",\"name\":\"Antalya'da k\u00f6y enstit\u00fclerinin 85. y\u0131l\u0131nda yeniden canlanma \u00e7a\u011fr\u0131s\u0131 - Av. Deniz Can K\u0131z\u0131l\",\"isPartOf\":{\"@id\":\"https:\/\/denizcankizil.tr\/#website\"},\"datePublished\":\"2025-04-17T14:42:21+00:00\",\"breadcrumb\":{\"@id\":\"https:\/\/denizcankizil.tr\/uk\/haberler\/gundem\/antalyada-koy-enstitulerinin-85-yilinda-yeniden-canlanma-cagrisi\/#breadcrumb\"},\"inLanguage\":\"uk\",\"potentialAction\":[{\"@type\":\"ReadAction\",\"target\":[\"https:\/\/denizcankizil.tr\/uk\/haberler\/gundem\/antalyada-koy-enstitulerinin-85-yilinda-yeniden-canlanma-cagrisi\/\"]}]},{\"@type\":\"BreadcrumbList\",\"@id\":\"https:\/\/denizcankizil.tr\/uk\/haberler\/gundem\/antalyada-koy-enstitulerinin-85-yilinda-yeniden-canlanma-cagrisi\/#breadcrumb\",\"itemListElement\":[{\"@type\":\"ListItem\",\"position\":1,\"name\":\"Home\",\"item\":\"https:\/\/denizcankizil.tr\/de\/\"},{\"@type\":\"ListItem\",\"position\":2,\"name\":\"Antalya&#8217;da k\u00f6y enstit\u00fclerinin 85. y\u0131l\u0131nda yeniden canlanma \u00e7a\u011fr\u0131s\u0131\"}]},{\"@type\":\"WebSite\",\"@id\":\"https:\/\/denizcankizil.tr\/#website\",\"url\":\"https:\/\/denizcankizil.tr\/\",\"name\":\"Av. Deniz Can K\u0131z\u0131l\",\"description\":\"Avukat Deniz Can K\u0131z\u0131l Antalya Barosu\",\"publisher\":{\"@id\":\"https:\/\/denizcankizil.tr\/#organization\"},\"potentialAction\":[{\"@type\":\"SearchAction\",\"target\":{\"@type\":\"EntryPoint\",\"urlTemplate\":\"https:\/\/denizcankizil.tr\/?s={search_term_string}\"},\"query-input\":{\"@type\":\"PropertyValueSpecification\",\"valueRequired\":true,\"valueName\":\"search_term_string\"}}],\"inLanguage\":\"uk\"},{\"@type\":\"Organization\",\"@id\":\"https:\/\/denizcankizil.tr\/#organization\",\"name\":\"Av. Deniz Can K\u0131z\u0131l\",\"url\":\"https:\/\/denizcankizil.tr\/\",\"logo\":{\"@type\":\"ImageObject\",\"inLanguage\":\"uk\",\"@id\":\"https:\/\/denizcankizil.tr\/#\/schema\/logo\/image\/\",\"url\":\"https:\/\/denizcankizil.tr\/wp-content\/uploads\/2024\/10\/siyah-logo-svg.svg\",\"contentUrl\":\"https:\/\/denizcankizil.tr\/wp-content\/uploads\/2024\/10\/siyah-logo-svg.svg\",\"width\":1080,\"height\":1080,\"caption\":\"Av. Deniz Can K\u0131z\u0131l\"},\"image\":{\"@id\":\"https:\/\/denizcankizil.tr\/#\/schema\/logo\/image\/\"}},{\"@type\":\"Person\",\"@id\":\"https:\/\/denizcankizil.tr\/#\/schema\/person\/be3c05fe6a12686905512445d8185489\",\"name\":\"admin\",\"image\":{\"@type\":\"ImageObject\",\"inLanguage\":\"uk\",\"@id\":\"https:\/\/denizcankizil.tr\/#\/schema\/person\/image\/\",\"url\":\"https:\/\/secure.gravatar.com\/avatar\/c1fce94c830dc79107e174f890d7210541c4a63e8e5d816341794a2151c9d58c?s=96&d=mm&r=g\",\"contentUrl\":\"https:\/\/secure.gravatar.com\/avatar\/c1fce94c830dc79107e174f890d7210541c4a63e8e5d816341794a2151c9d58c?s=96&d=mm&r=g\",\"caption\":\"admin\"},\"sameAs\":[\"http:\/\/denizcankizil.tr\"],\"url\":\"https:\/\/www.iskenderun.org\/antalyada-koy-enstitulerinin-85-yilinda-yeniden-canlanma-cagrisi\"}]}<\/script>\n<!-- \/ Yoast SEO Premium plugin. -->","yoast_head_json":{"title":"Antalya'da k\u00f6y enstit\u00fclerinin 85. y\u0131l\u0131nda yeniden canlanma \u00e7a\u011fr\u0131s\u0131 - Av. Deniz Can K\u0131z\u0131l","robots":{"index":"index","follow":"follow","max-snippet":"max-snippet:-1","max-image-preview":"max-image-preview:large","max-video-preview":"max-video-preview:-1"},"canonical":"https:\/\/denizcankizil.tr\/uk\/haberler\/gundem\/antalyada-koy-enstitulerinin-85-yilinda-yeniden-canlanma-cagrisi\/","og_locale":"uk_UA","og_type":"article","og_title":"Antalya'da k\u00f6y enstit\u00fclerinin 85. y\u0131l\u0131nda yeniden canlanma \u00e7a\u011fr\u0131s\u0131","og_description":"Antalya Muratpa\u015fa Belediye Ba\u015fkan\u0131 \u00dcmit Uysal, K\u00f6y Enstit\u00fcleri\u2019nin kurulu\u015funun 85\u2019inci y\u0131l d\u00f6n\u00fcm\u00fc dolay\u0131s\u0131yla d\u00fczenlenen t\u00f6rende \u201cK\u00f6y enstit\u00fclerinin g\u00fcncellenmi\u015f m\u00fcfredat\u0131 ve ara\u00e7lar\u0131yla T\u00fcrkiye\u2019nin her yerinde yeniden aya\u011fa kalkmas\u0131n\u0131 temenni ediyorum\u201d dedi.\u00a0ANTALYA (\u0130GFA) &#8211; Yeni Ku\u015fak K\u00f6y Enstit\u00fcleri Derne\u011fi\u2019nin d\u00fczenledi\u011fi program, Aksu Fen Lisesi\u2019nde ger\u00e7ekle\u015fti. T\u00f6rende konu\u015fan Muratpa\u015fa Belediye Ba\u015fkan\u0131 Uysal, K\u00f6y Enstit\u00fclerinin yaln\u0131zca bir e\u011fitim modeli de\u011fil, ayn\u0131 zamanda T\u00fcrkiye Cumhuriyeti&#8217;nin kalk\u0131nma ve ayd\u0131nlanma s\u00fcrecinin temel ta\u015flar\u0131ndan biri oldu\u011funu vurgulad\u0131. Ba\u015fkan Uysal, \u201cK\u00f6y Enstit\u00fcleri, farkl\u0131 k\u00f6kenlerden gelen insanlar\u0131n bir ulus \u00e7at\u0131s\u0131 alt\u0131nda birle\u015fme iradesinin, ortak tasa ve k\u0131van\u00e7la birlikte ya\u015fama idealinin \u00fcr\u00fcn\u00fcd\u00fcr. Bu sistem \u00f6\u011fretmen yeti\u015ftirmenin \u00f6tesinde bir ulus in\u015fa projesidir\u201d diye konu\u015ftu. AMA K\u00d6YLER HALA YER\u0130NDE Zaman zaman \u201ck\u00f6y enstit\u00fcs\u00fc yerine kent enstit\u00fcs\u00fc kural\u0131m\u201d denildi\u011fini belirten Ba\u015fkan Uysal, \u201cK\u00f6yler bo\u015fald\u0131 diye k\u00f6yler yok olmad\u0131. Tar\u0131m topraklar\u0131 yerinde duruyor. Belki tar\u0131m teknolojileri de\u011fi\u015fti, belki e\u011fitim ara\u00e7lar\u0131 dijitalle\u015fti ama k\u00f6y enstit\u00fclerinin ruhuna ve vizyonuna bug\u00fcn d\u00fcnden daha \u00e7ok ihtiyac\u0131m\u0131z var\u201d ifadelerini kulland\u0131.Uysal, enstit\u00fclerin bug\u00fcn yarat\u0131c\u0131 ve yenilik\u00e7i zekan\u0131n kulu\u00e7ka merkezlerine d\u00f6n\u00fc\u015febilece\u011fini belirterek, tar\u0131mda y\u00fcksek teknoloji, yapay zeka, yerel habitatlara uygun tohumlar ve b\u00f6lgesel analizlerin m\u00fcmk\u00fcn hale geldi\u011fini, bu \u00e7er\u00e7evede k\u00f6y enstit\u00fclerinin \u00e7a\u011f\u0131n gereklerine uygun \u015fekilde yeniden yap\u0131land\u0131r\u0131labilece\u011fini s\u00f6yledi. K\u00d6Y ENST\u0130T\u00dcLER\u0130 B\u0130R DESTANDIR Ba\u015fkan Uysal, konu\u015fmas\u0131nda Cumhuriyet\u2019in kalk\u0131nma hamlelerine de de\u011findi. \u201c1929-1939 aras\u0131ndaki &hellip;","og_url":"https:\/\/denizcankizil.tr\/uk\/haberler\/gundem\/antalyada-koy-enstitulerinin-85-yilinda-yeniden-canlanma-cagrisi\/","og_site_name":"Av. Deniz Can K\u0131z\u0131l","article_published_time":"2025-04-17T14:42:21+00:00","author":"admin","twitter_card":"summary_large_image","twitter_misc":{"\u041d\u0430\u043f\u0438\u0441\u0430\u043d\u043e":"admin","\u041f\u0440\u0438\u0431\u043b. \u0447\u0430\u0441 \u0447\u0438\u0442\u0430\u043d\u043d\u044f":"5 \u0445\u0432\u0438\u043b\u0438\u043d"},"schema":{"@context":"https:\/\/schema.org","@graph":[{"@type":"Article","@id":"https:\/\/denizcankizil.tr\/uk\/haberler\/gundem\/antalyada-koy-enstitulerinin-85-yilinda-yeniden-canlanma-cagrisi\/#article","isPartOf":{"@id":"https:\/\/denizcankizil.tr\/uk\/haberler\/gundem\/antalyada-koy-enstitulerinin-85-yilinda-yeniden-canlanma-cagrisi\/"},"author":{"name":"admin","@id":"https:\/\/denizcankizil.tr\/#\/schema\/person\/be3c05fe6a12686905512445d8185489"},"headline":"Antalya&#8217;da k\u00f6y enstit\u00fclerinin 85. y\u0131l\u0131nda yeniden canlanma \u00e7a\u011fr\u0131s\u0131","datePublished":"2025-04-17T14:42:21+00:00","mainEntityOfPage":{"@id":"https:\/\/denizcankizil.tr\/uk\/haberler\/gundem\/antalyada-koy-enstitulerinin-85-yilinda-yeniden-canlanma-cagrisi\/"},"wordCount":1014,"publisher":{"@id":"https:\/\/denizcankizil.tr\/#organization"},"articleSection":["G\u00fcndem"],"inLanguage":"uk"},{"@type":"WebPage","@id":"https:\/\/denizcankizil.tr\/uk\/haberler\/gundem\/antalyada-koy-enstitulerinin-85-yilinda-yeniden-canlanma-cagrisi\/","url":"https:\/\/denizcankizil.tr\/uk\/haberler\/gundem\/antalyada-koy-enstitulerinin-85-yilinda-yeniden-canlanma-cagrisi\/","name":"Antalya'da k\u00f6y enstit\u00fclerinin 85. y\u0131l\u0131nda yeniden canlanma \u00e7a\u011fr\u0131s\u0131 - Av. Deniz Can K\u0131z\u0131l","isPartOf":{"@id":"https:\/\/denizcankizil.tr\/#website"},"datePublished":"2025-04-17T14:42:21+00:00","breadcrumb":{"@id":"https:\/\/denizcankizil.tr\/uk\/haberler\/gundem\/antalyada-koy-enstitulerinin-85-yilinda-yeniden-canlanma-cagrisi\/#breadcrumb"},"inLanguage":"uk","potentialAction":[{"@type":"ReadAction","target":["https:\/\/denizcankizil.tr\/uk\/haberler\/gundem\/antalyada-koy-enstitulerinin-85-yilinda-yeniden-canlanma-cagrisi\/"]}]},{"@type":"BreadcrumbList","@id":"https:\/\/denizcankizil.tr\/uk\/haberler\/gundem\/antalyada-koy-enstitulerinin-85-yilinda-yeniden-canlanma-cagrisi\/#breadcrumb","itemListElement":[{"@type":"ListItem","position":1,"name":"Home","item":"https:\/\/denizcankizil.tr\/de\/"},{"@type":"ListItem","position":2,"name":"Antalya&#8217;da k\u00f6y enstit\u00fclerinin 85. y\u0131l\u0131nda yeniden canlanma \u00e7a\u011fr\u0131s\u0131"}]},{"@type":"WebSite","@id":"https:\/\/denizcankizil.tr\/#website","url":"https:\/\/denizcankizil.tr\/","name":"Av. Deniz Can K\u0131z\u0131l","description":"Avukat Deniz Can K\u0131z\u0131l Antalya Barosu","publisher":{"@id":"https:\/\/denizcankizil.tr\/#organization"},"potentialAction":[{"@type":"SearchAction","target":{"@type":"EntryPoint","urlTemplate":"https:\/\/denizcankizil.tr\/?s={search_term_string}"},"query-input":{"@type":"PropertyValueSpecification","valueRequired":true,"valueName":"search_term_string"}}],"inLanguage":"uk"},{"@type":"Organization","@id":"https:\/\/denizcankizil.tr\/#organization","name":"Av. Deniz Can K\u0131z\u0131l","url":"https:\/\/denizcankizil.tr\/","logo":{"@type":"ImageObject","inLanguage":"uk","@id":"https:\/\/denizcankizil.tr\/#\/schema\/logo\/image\/","url":"https:\/\/denizcankizil.tr\/wp-content\/uploads\/2024\/10\/siyah-logo-svg.svg","contentUrl":"https:\/\/denizcankizil.tr\/wp-content\/uploads\/2024\/10\/siyah-logo-svg.svg","width":1080,"height":1080,"caption":"Av. Deniz Can K\u0131z\u0131l"},"image":{"@id":"https:\/\/denizcankizil.tr\/#\/schema\/logo\/image\/"}},{"@type":"Person","@id":"https:\/\/denizcankizil.tr\/#\/schema\/person\/be3c05fe6a12686905512445d8185489","name":"\u0430\u0434\u043c\u0456\u043d","image":{"@type":"ImageObject","inLanguage":"uk","@id":"https:\/\/denizcankizil.tr\/#\/schema\/person\/image\/","url":"https:\/\/secure.gravatar.com\/avatar\/c1fce94c830dc79107e174f890d7210541c4a63e8e5d816341794a2151c9d58c?s=96&d=mm&r=g","contentUrl":"https:\/\/secure.gravatar.com\/avatar\/c1fce94c830dc79107e174f890d7210541c4a63e8e5d816341794a2151c9d58c?s=96&d=mm&r=g","caption":"admin"},"sameAs":["http:\/\/denizcankizil.tr"],"url":"https:\/\/www.iskenderun.org\/antalyada-koy-enstitulerinin-85-yilinda-yeniden-canlanma-cagrisi"}]}},"_links":{"self":[{"href":"https:\/\/denizcankizil.tr\/uk\/wp-json\/wp\/v2\/posts\/58635","targetHints":{"allow":["GET"]}}],"collection":[{"href":"https:\/\/denizcankizil.tr\/uk\/wp-json\/wp\/v2\/posts"}],"about":[{"href":"https:\/\/denizcankizil.tr\/uk\/wp-json\/wp\/v2\/types\/post"}],"author":[{"embeddable":true,"href":"https:\/\/denizcankizil.tr\/uk\/wp-json\/wp\/v2\/users\/1"}],"replies":[{"embeddable":true,"href":"https:\/\/denizcankizil.tr\/uk\/wp-json\/wp\/v2\/comments?post=58635"}],"version-history":[{"count":0,"href":"https:\/\/denizcankizil.tr\/uk\/wp-json\/wp\/v2\/posts\/58635\/revisions"}],"wp:attachment":[{"href":"https:\/\/denizcankizil.tr\/uk\/wp-json\/wp\/v2\/media?parent=58635"}],"wp:term":[{"taxonomy":"category","embeddable":true,"href":"https:\/\/denizcankizil.tr\/uk\/wp-json\/wp\/v2\/categories?post=58635"},{"taxonomy":"post_tag","embeddable":true,"href":"https:\/\/denizcankizil.tr\/uk\/wp-json\/wp\/v2\/tags?post=58635"}],"curies":[{"name":"wp","href":"https:\/\/api.w.org\/{rel}","templated":true}]}}