{"id":58350,"date":"2025-04-17T11:41:21","date_gmt":"2025-04-17T08:41:21","guid":{"rendered":"https:\/\/denizcankizil.tr\/uncategorized-tr\/turkiyede-kafa-nakli-ne-zaman-yapilacak-iste-dikkat-ceken-soruya-cevap\/"},"modified":"2025-04-17T11:41:21","modified_gmt":"2025-04-17T08:41:21","slug":"turkiyede-kafa-nakli-ne-zaman-yapilacak-iste-dikkat-ceken-soruya-cevap","status":"publish","type":"post","link":"https:\/\/denizcankizil.tr\/uk\/haberler\/gundem\/turkiyede-kafa-nakli-ne-zaman-yapilacak-iste-dikkat-ceken-soruya-cevap\/","title":{"rendered":"T\u00fcrkiye\u2019de kafa nakli ne zaman yap\u0131lacak? \u0130\u015fte dikkat \u00e7eken soruya cevap"},"content":{"rendered":"<p>T\u00fcrkiye, organ nakilleri alan\u0131nda ba\u015far\u0131s\u0131yla dikkat \u00e7ekmeye devam ediyor. Akdeniz \u00dcniversitesi Hastanesi\u2019nde Prof. Dr. \u00d6mer \u00d6zkan ve ekibi taraf\u0131ndan yap\u0131lan y\u00fcz, \u00e7ift kol ve rahim nakilleri T\u00fcrkiye\u2019nin sa\u011fl\u0131k alan\u0131ndaki yetkinli\u011fini uluslararas\u0131 arenada kan\u0131tlad\u0131. \u00d6te yandan t\u0131p d\u00fcnyas\u0131nda, son d\u00f6nemde kafa nakli \u00fczerine y\u00fcr\u00fct\u00fclen tart\u0131\u015fmalar ve deneysel \u00e7al\u0131\u015fmalar da g\u00fcndemdeki yerini korumaya devam ediyor. Sa\u011fl\u0131k Bakanl\u0131\u011f\u0131 Doku, Organ Nakli ve Diyaliz Hizmetleri Ba\u015fkan\u0131 Do\u00e7. Dr. Erkan \u00d6l\u00e7\u00fcc\u00fco\u011flu kafa naklinin ne zaman ger\u00e7ekle\u015ftirilebilece\u011fine y\u00f6nelik soruya dikkat \u00e7eken bir cevap verdi.<\/p>\n<p>\u0130LK 5 \u0130\u00c7ER\u0130S\u0130NDE YER ALIYOR<\/p>\n<p>Organ nakli, organ yetmezli\u011fiyle kar\u015f\u0131 kar\u015f\u0131ya kalan bireylerin ya\u015fam kalitesini art\u0131ran en etkili tedavi y\u00f6ntemlerinden biri olarak kabul ediliyor. T\u00fcrkiye, bu alanda d\u00fcnya s\u0131ralamas\u0131nda ilk 5 i\u00e7erisinde yer al\u0131yor. Y\u0131llar \u00f6nce hastalar tedavi i\u00e7in yurt d\u0131\u015f\u0131na giderken, bug\u00fcn yurt d\u0131\u015f\u0131ndan pek \u00e7ok hasta organ nakli i\u00e7in T\u00fcrkiye\u2019ye geliyor. Kamu ve \u00f6zel hastanelerde yap\u0131lan nakillerde, t\u00fcm giderler devlet taraf\u0131ndan kar\u015f\u0131lan\u0131yor.<\/p>\n<p>B\u0130R\u00c7OK YEN\u0130 NAK\u0130L GER\u00c7EKLE\u015eT\u0130R\u0130LD\u0130<\/p>\n<p>Antalya K\u00f6rfez Gazetesi muhabiri Ertu\u011frul G\u00fcn&#8217;\u00fcn haberine g\u00f6re; T\u00fcrkiye\u2019de ilk b\u00f6brek nakli 1975\u2019te, ilk karaci\u011fer nakli ise 1988 y\u0131l\u0131nda Prof. Dr. Mehmet Haberal taraf\u0131ndan ger\u00e7ekle\u015ftirildi. Aradan ge\u00e7en y\u0131llarda geli\u015fen teknoloji ve yeti\u015fmi\u015f insan g\u00fcc\u00fc sayesinde bir\u00e7ok yeni nakil ger\u00e7ekle\u015ftirildi. T\u00fcrkiye, organ nakilleri alan\u0131nda ba\u015far\u0131s\u0131yla dikkat \u00e7ekmeye devam ediyor. Akdeniz \u00dcniversitesi Hastanesi\u2019nde Prof. Dr. \u00d6mer \u00d6zkan ve ekibi taraf\u0131ndan yap\u0131lan y\u00fcz, \u00e7ift kol ve rahim nakilleri T\u00fcrkiye\u2019nin sa\u011fl\u0131k alan\u0131ndaki yetkinli\u011fini uluslararas\u0131 arenada kan\u0131tlad\u0131.<\/p>\n<p>\u0130LK \u00c7\u0130FT KOL NAKL\u0130<\/p>\n<p>T\u00fcrkiye\u2019de organ nakli tarihine ge\u00e7en ilk operasyonlardan biri, 2010 y\u0131l\u0131nda \u00e7ift kol nakliyle ya\u015fand\u0131. Ayd\u0131n\u2019da ya\u015fayan ve ge\u00e7irdi\u011fi i\u015f kazas\u0131 sonucu iki kolunu kaybeden Cihan Topal\u2019a, Akdeniz \u00dcniversitesi Hastanesi\u2019nde T\u00fcrkiye\u2019nin ilk \u00e7ift kol nakli yap\u0131ld\u0131. Operasyon, Prof. Dr. \u00d6mer \u00d6zkan ba\u015fkanl\u0131\u011f\u0131ndaki ekip taraf\u0131ndan ba\u015far\u0131yla tamamland\u0131. Topal, nakil sonras\u0131 ya\u015fam\u0131na aktif bir \u015fekilde devam ederken, organ ba\u011f\u0131\u015f\u0131n\u0131n \u00f6nemine de s\u0131k s\u0131k dikkat \u00e7ekti.<\/p>\n<p>KADAVRADAN RAH\u0130M<\/p>\n<p>Bir di\u011fer tarihi operasyon ise 2011 y\u0131l\u0131nda ger\u00e7ekle\u015fti. Do\u011fu\u015ftan rahmi olmayan 23 ya\u015f\u0131ndaki Derya Sert\u2019e, kadavradan al\u0131nan bir rahim ba\u015far\u0131l\u0131 bir \u015fekilde nakledildi. Bu operasyon, d\u00fcnya t\u0131p tarihinde kadavradan yap\u0131lan ilk rahim nakli olarak kay\u0131tlara ge\u00e7ti. Uzun s\u00fcren tedavi s\u00fcrecinin ard\u0131ndan Sert, 2020 y\u0131l\u0131nda sa\u011fl\u0131kl\u0131 bir bebek d\u00fcnyaya getirdi ve o\u011fluna operasyonu ger\u00e7ekle\u015ftiren hekimin ad\u0131n\u0131 \u00d6mer \u00d6zkan, verdi.<\/p>\n<p>\u0130LK Y\u00dcZ NAKL\u0130 GER\u00c7EKLE\u015eT\u0130R\u0130LD\u0130<\/p>\n<p>2012 y\u0131l\u0131nda ise T\u00fcrkiye\u2019nin ilk y\u00fcz nakli ger\u00e7ekle\u015ftirildi. Manisa\u2019da ya\u015fayan ve bebekken \u00e7\u0131kan yang\u0131nda y\u00fcz\u00fc a\u011f\u0131r \u015fekilde yanan U\u011fur Acar\u2019a, U\u015fak\u2019ta beyin \u00f6l\u00fcm\u00fc ger\u00e7ekle\u015fen bir don\u00f6rden al\u0131nan y\u00fcz ba\u015far\u0131l\u0131 bir \u015fekilde nakledildi. Operasyon yine Akdeniz \u00dcniversitesi\u2019nde, Prof. Dr. \u00d6mer \u00d6zkan ve ekibi taraf\u0131ndan yap\u0131ld\u0131. Ayn\u0131 y\u0131l, T\u00fcrkiye\u2019nin ikinci y\u00fcz nakli de Turan \u00c7olak\u2019a ger\u00e7ekle\u015ftirildi.<\/p>\n<p>\u0130LK DENEME 2017\u2019DE \u00c7\u0130N\u2019DE<\/p>\n<p>\u00d6te yandan t\u0131p d\u00fcnyas\u0131nda, son d\u00f6nemde kafa nakli \u00fczerine y\u00fcr\u00fct\u00fclen tart\u0131\u015fmalar ve deneysel \u00e7al\u0131\u015fmalar da g\u00fcndemdeki yerini korumaya devam ediyor. Bu alanda \u00e7al\u0131\u015fmalar y\u00fcr\u00fcten \u0130talyan cerrah Prof. Sergio Canavero, 2015 y\u0131l\u0131nda kamuoyuna a\u00e7\u0131klad\u0131\u011f\u0131 kafa nakli projesiyle dikkat \u00e7ekmi\u015fti. Canavero, 17 Kas\u0131m 2017\u2019de \u00c7in\u2019de bir ceset \u00fczerinde 18 saat s\u00fcren bir kafa nakli operasyonu ger\u00e7ekle\u015ftirdiklerini ve i\u015flemin ba\u015far\u0131l\u0131 oldu\u011funu duyurdu. Ancak canl\u0131 bireyler \u00fczerinde ger\u00e7ekle\u015ftirilecek nakil denemeleri, etik ve bilimsel a\u00e7\u0131dan b\u00fcy\u00fck tart\u0131\u015fmalara neden oldu.<\/p>\n<p>\u00c7ALI\u015eMALARIN TEMEL\u0130 OLDU<\/p>\n<p>Canavero\u2019nun ilham ald\u0131\u011f\u0131 bir di\u011fer isim ise Amerikal\u0131 beyin cerrah\u0131 Dr. Robert J. White. 1970 y\u0131l\u0131nda bir maymun \u00fczerinde kafa nakli ger\u00e7ekle\u015ftiren White, beynin kafa d\u0131\u015f\u0131nda canl\u0131l\u0131\u011f\u0131n\u0131 s\u00fcrd\u00fcrebilmesi \u00fczerine so\u011futma sistemleri geli\u015ftirmi\u015fti. Beyin 18 dereceye kadar so\u011futularak sinir ba\u011flant\u0131lar\u0131n\u0131n yap\u0131lmas\u0131n\u0131 \u00f6neren White\u2019\u0131n \u00e7al\u0131\u015fmalar\u0131, g\u00fcn\u00fcm\u00fczde h\u00e2l\u00e2 kafa nakli \u00fczerine yap\u0131lan ara\u015ft\u0131rmalara temel olu\u015fturuyor.<\/p>\n<p>\u00d6MER \u00d6ZKAN\u2019DAN ERKEN A\u00c7IKLAMASI<\/p>\n<p>T\u00fcrkiye\u2019de de yakla\u015f\u0131k 2 y\u0131ld\u0131r kafa naklinin yap\u0131l\u0131p yap\u0131lamayaca\u011f\u0131 tart\u0131\u015fmalar\u0131 ya\u015fanmaya ba\u015flad\u0131. Bu konuda ilk a\u00e7\u0131klama yapt\u0131\u011f\u0131 nakiller ile d\u00fcnyada ismini tan\u0131n\u0131r hale getiren Prof. Dr. \u00d6mer \u00d6zkan\u2019dan geldi. \u00d6zkan ge\u00e7en y\u0131l bir okulda \u00f6\u011frenciler ile bir araya geldi. \u00d6\u011frenciler d\u00fcnyadaki ilk rahim naklini ve T\u00fcrkiye&#8217;deki ilk y\u00fcz, ilk \u00e7ift kol nakillerini yapan, bilime yapt\u0131\u011f\u0131 katk\u0131lardan dolay\u0131 T\u00dcSEB Aziz Sancar Bilim \u00d6d\u00fcl\u00fc ve 100&#8217;\u00fcnc\u00fc y\u0131l T\u00dcB\u0130TAK Hizmet \u00d6d\u00fcl\u00fc gibi bir\u00e7ok \u00f6d\u00fcle de sahip Prof. Dr. \u00d6mer \u00d6zkan&#8217;a kafa nakli, dil nakli gibi ilgin\u00e7 sorular y\u00f6neltti. Prof. Dr. \u00d6zkan, kafa naklinin bir g\u00fcn yap\u0131labilece\u011fini ama hen\u00fcz erken oldu\u011funu s\u00f6yledi.<\/p>\n<p>HEDEF KOYMADAN OLMAZ, ZAMANLA OLUR<\/p>\n<p>Kafa naklinin ne zaman ger\u00e7ekle\u015ftirebilece\u011fine y\u00f6nelik soru son olarak Antalya K\u00f6rfez Gazetesi olarak Sa\u011fl\u0131k Bakanl\u0131\u011f\u0131 Doku, Organ Nakli ve Diyaliz Hizmetleri Ba\u015fkan\u0131 Do\u00e7. Dr. Erkan \u00d6l\u00e7\u00fcc\u00fco\u011flu\u2019na sorduk. \u00d6l\u00e7\u00fcc\u00fco\u011flu, T\u00fcrkiye\u2019nin bu alandaki ba\u015far\u0131s\u0131n\u0131 de\u011ferlendirerek, hayal kurman\u0131n ve hedef belirlemenin t\u0131pta ilerleme i\u00e7in temel oldu\u011funu vurgulad\u0131. \u00d6l\u00e7\u00fcc\u00fco\u011flu, \u201cHedef koymadan bir \u015fey olmaz. Nakillere y\u00f6nelik de bir hayal olmas\u0131 gerekir. T\u0131pta ilerleme, b\u00fcy\u00fck hedeflerle m\u00fcmk\u00fcn olur. T\u00fcrkiye bu alanda \u00e7ok \u00f6nemli bir yol katetti. \u00d6mer Hoca\u2019n\u0131n \u00f6nc\u00fcl\u00fc\u011f\u00fcnde b\u00fcy\u00fck ba\u015far\u0131lar elde edildi. Umar\u0131m kafa nakli gibi zorlu alanlarda da ilerleme kaydedilir, ancak bunun i\u00e7in zamana ihtiyac\u0131m\u0131z var\u201d dedi.<\/p>\n<p>\u200bT\u00fcrkiye, son y\u0131llarda ger\u00e7ekle\u015ftirilen ilk y\u00fcz, \u00e7ift kol ve rahim nakilleriyle d\u00fcnya t\u0131p literat\u00fcr\u00fcnde \u00f6nemli bir yer edindi. Ger\u00e7ekle\u015ftirilen ba\u015far\u0131l\u0131 nakillerin ard\u0131ndan kafa naklinin ne zaman ger\u00e7ekle\u015ftirilebilece\u011fi merak konusu oldu. Sa\u011fl\u0131k Bakanl\u0131\u011f\u0131 Doku, Organ Nakli ve Diyaliz Hizmetleri Ba\u015fkan\u0131 Do\u00e7. Dr. Erkan \u00d6l\u00e7\u00fcc\u00fco\u011flu bu soruyu cevaplad\u0131.\u00a0<\/p>\n<p>\u200bHaberin Al\u0131nt\u0131land\u0131\u011f\u0131 Kaynak: www.antalyakorfez.com<\/p>","protected":false},"excerpt":{"rendered":"<p>T\u00fcrkiye, organ nakilleri alan\u0131nda ba\u015far\u0131s\u0131yla dikkat \u00e7ekmeye devam ediyor. Akdeniz \u00dcniversitesi Hastanesi\u2019nde Prof. Dr. \u00d6mer \u00d6zkan ve ekibi taraf\u0131ndan yap\u0131lan y\u00fcz, \u00e7ift kol ve rahim nakilleri T\u00fcrkiye\u2019nin sa\u011fl\u0131k alan\u0131ndaki yetkinli\u011fini uluslararas\u0131 arenada kan\u0131tlad\u0131. \u00d6te yandan t\u0131p d\u00fcnyas\u0131nda, son d\u00f6nemde kafa nakli \u00fczerine y\u00fcr\u00fct\u00fclen tart\u0131\u015fmalar ve deneysel \u00e7al\u0131\u015fmalar da g\u00fcndemdeki yerini korumaya devam ediyor. Sa\u011fl\u0131k Bakanl\u0131\u011f\u0131 Doku, Organ Nakli ve Diyaliz Hizmetleri Ba\u015fkan\u0131 Do\u00e7. Dr. Erkan \u00d6l\u00e7\u00fcc\u00fco\u011flu kafa naklinin ne zaman ger\u00e7ekle\u015ftirilebilece\u011fine y\u00f6nelik soruya dikkat \u00e7eken bir cevap verdi. \u0130LK 5 \u0130\u00c7ER\u0130S\u0130NDE YER ALIYOR Organ nakli, organ yetmezli\u011fiyle kar\u015f\u0131 kar\u015f\u0131ya kalan bireylerin ya\u015fam kalitesini art\u0131ran en etkili tedavi y\u00f6ntemlerinden biri olarak kabul ediliyor. T\u00fcrkiye, bu alanda d\u00fcnya s\u0131ralamas\u0131nda ilk 5 i\u00e7erisinde yer al\u0131yor. Y\u0131llar \u00f6nce hastalar tedavi i\u00e7in yurt d\u0131\u015f\u0131na giderken, bug\u00fcn yurt d\u0131\u015f\u0131ndan pek \u00e7ok hasta organ nakli i\u00e7in T\u00fcrkiye\u2019ye geliyor. Kamu ve \u00f6zel hastanelerde yap\u0131lan nakillerde, t\u00fcm giderler devlet taraf\u0131ndan kar\u015f\u0131lan\u0131yor. B\u0130R\u00c7OK YEN\u0130 NAK\u0130L GER\u00c7EKLE\u015eT\u0130R\u0130LD\u0130 Antalya K\u00f6rfez Gazetesi muhabiri Ertu\u011frul G\u00fcn&#8217;\u00fcn haberine g\u00f6re; T\u00fcrkiye\u2019de ilk b\u00f6brek nakli 1975\u2019te, ilk karaci\u011fer nakli ise 1988 y\u0131l\u0131nda Prof. Dr. Mehmet Haberal taraf\u0131ndan ger\u00e7ekle\u015ftirildi. Aradan ge\u00e7en y\u0131llarda geli\u015fen teknoloji ve yeti\u015fmi\u015f insan g\u00fcc\u00fc sayesinde bir\u00e7ok yeni nakil ger\u00e7ekle\u015ftirildi. T\u00fcrkiye, organ nakilleri alan\u0131nda ba\u015far\u0131s\u0131yla dikkat \u00e7ekmeye devam ediyor. Akdeniz \u00dcniversitesi Hastanesi\u2019nde Prof. Dr. \u00d6mer &hellip;<\/p>","protected":false},"author":5,"featured_media":0,"comment_status":"","ping_status":"open","sticky":false,"template":"","format":"standard","meta":{"_acf_changed":false,"footnotes":""},"categories":[24],"tags":[],"class_list":["post-58350","post","type-post","status-publish","format-standard","has-post-thumbnail","hentry","category-gundem"],"acf":[],"yoast_head":"<!-- This site is optimized with the Yoast SEO Premium plugin v26.6 (Yoast SEO v27.1.1) - https:\/\/yoast.com\/product\/yoast-seo-premium-wordpress\/ -->\n<title>T\u00fcrkiye\u2019de kafa nakli ne zaman yap\u0131lacak? \u0130\u015fte dikkat \u00e7eken soruya cevap - Av. Deniz Can K\u0131z\u0131l<\/title>\n<meta name=\"robots\" content=\"index, follow, max-snippet:-1, max-image-preview:large, max-video-preview:-1\" \/>\n<link rel=\"canonical\" href=\"https:\/\/denizcankizil.tr\/uk\/haberler\/gundem\/turkiyede-kafa-nakli-ne-zaman-yapilacak-iste-dikkat-ceken-soruya-cevap\/\" \/>\n<meta property=\"og:locale\" content=\"uk_UA\" \/>\n<meta property=\"og:type\" content=\"article\" \/>\n<meta property=\"og:title\" content=\"T\u00fcrkiye\u2019de kafa nakli ne zaman yap\u0131lacak? \u0130\u015fte dikkat \u00e7eken soruya cevap\" \/>\n<meta property=\"og:description\" content=\"T\u00fcrkiye, organ nakilleri alan\u0131nda ba\u015far\u0131s\u0131yla dikkat \u00e7ekmeye devam ediyor. Akdeniz \u00dcniversitesi Hastanesi\u2019nde Prof. Dr. \u00d6mer \u00d6zkan ve ekibi taraf\u0131ndan yap\u0131lan y\u00fcz, \u00e7ift kol ve rahim nakilleri T\u00fcrkiye\u2019nin sa\u011fl\u0131k alan\u0131ndaki yetkinli\u011fini uluslararas\u0131 arenada kan\u0131tlad\u0131. \u00d6te yandan t\u0131p d\u00fcnyas\u0131nda, son d\u00f6nemde kafa nakli \u00fczerine y\u00fcr\u00fct\u00fclen tart\u0131\u015fmalar ve deneysel \u00e7al\u0131\u015fmalar da g\u00fcndemdeki yerini korumaya devam ediyor. Sa\u011fl\u0131k Bakanl\u0131\u011f\u0131 Doku, Organ Nakli ve Diyaliz Hizmetleri Ba\u015fkan\u0131 Do\u00e7. Dr. Erkan \u00d6l\u00e7\u00fcc\u00fco\u011flu kafa naklinin ne zaman ger\u00e7ekle\u015ftirilebilece\u011fine y\u00f6nelik soruya dikkat \u00e7eken bir cevap verdi. \u0130LK 5 \u0130\u00c7ER\u0130S\u0130NDE YER ALIYOR Organ nakli, organ yetmezli\u011fiyle kar\u015f\u0131 kar\u015f\u0131ya kalan bireylerin ya\u015fam kalitesini art\u0131ran en etkili tedavi y\u00f6ntemlerinden biri olarak kabul ediliyor. T\u00fcrkiye, bu alanda d\u00fcnya s\u0131ralamas\u0131nda ilk 5 i\u00e7erisinde yer al\u0131yor. Y\u0131llar \u00f6nce hastalar tedavi i\u00e7in yurt d\u0131\u015f\u0131na giderken, bug\u00fcn yurt d\u0131\u015f\u0131ndan pek \u00e7ok hasta organ nakli i\u00e7in T\u00fcrkiye\u2019ye geliyor. Kamu ve \u00f6zel hastanelerde yap\u0131lan nakillerde, t\u00fcm giderler devlet taraf\u0131ndan kar\u015f\u0131lan\u0131yor. B\u0130R\u00c7OK YEN\u0130 NAK\u0130L GER\u00c7EKLE\u015eT\u0130R\u0130LD\u0130 Antalya K\u00f6rfez Gazetesi muhabiri Ertu\u011frul G\u00fcn&#8217;\u00fcn haberine g\u00f6re; T\u00fcrkiye\u2019de ilk b\u00f6brek nakli 1975\u2019te, ilk karaci\u011fer nakli ise 1988 y\u0131l\u0131nda Prof. Dr. Mehmet Haberal taraf\u0131ndan ger\u00e7ekle\u015ftirildi. Aradan ge\u00e7en y\u0131llarda geli\u015fen teknoloji ve yeti\u015fmi\u015f insan g\u00fcc\u00fc sayesinde bir\u00e7ok yeni nakil ger\u00e7ekle\u015ftirildi. T\u00fcrkiye, organ nakilleri alan\u0131nda ba\u015far\u0131s\u0131yla dikkat \u00e7ekmeye devam ediyor. Akdeniz \u00dcniversitesi Hastanesi\u2019nde Prof. Dr. \u00d6mer &hellip;\" \/>\n<meta property=\"og:url\" content=\"https:\/\/denizcankizil.tr\/uk\/haberler\/gundem\/turkiyede-kafa-nakli-ne-zaman-yapilacak-iste-dikkat-ceken-soruya-cevap\/\" \/>\n<meta property=\"og:site_name\" content=\"Av. Deniz Can K\u0131z\u0131l\" \/>\n<meta property=\"article:published_time\" content=\"2025-04-17T08:41:21+00:00\" \/>\n<meta name=\"author\" content=\"Antalya K\u00f6rfez\" \/>\n<meta name=\"twitter:card\" content=\"summary_large_image\" \/>\n<meta name=\"twitter:label1\" content=\"\u041d\u0430\u043f\u0438\u0441\u0430\u043d\u043e\" \/>\n\t<meta name=\"twitter:data1\" content=\"Antalya K\u00f6rfez\" \/>\n\t<meta name=\"twitter:label2\" content=\"\u041f\u0440\u0438\u0431\u043b. \u0447\u0430\u0441 \u0447\u0438\u0442\u0430\u043d\u043d\u044f\" \/>\n\t<meta name=\"twitter:data2\" content=\"6 \u0445\u0432\u0438\u043b\u0438\u043d\" \/>\n<script type=\"application\/ld+json\" class=\"yoast-schema-graph\">{\"@context\":\"https:\/\/schema.org\",\"@graph\":[{\"@type\":\"Article\",\"@id\":\"https:\/\/denizcankizil.tr\/ru\/haberler\/gundem\/turkiyede-kafa-nakli-ne-zaman-yapilacak-iste-dikkat-ceken-soruya-cevap\/#article\",\"isPartOf\":{\"@id\":\"https:\/\/denizcankizil.tr\/ru\/haberler\/gundem\/turkiyede-kafa-nakli-ne-zaman-yapilacak-iste-dikkat-ceken-soruya-cevap\/\"},\"author\":{\"name\":\"Antalya K\u00f6rfez\",\"@id\":\"https:\/\/denizcankizil.tr\/de\/#\/schema\/person\/e1eb71bb4dd684d46563f0af307e1234\"},\"headline\":\"T\u00fcrkiye\u2019de kafa nakli ne zaman yap\u0131lacak? \u0130\u015fte dikkat \u00e7eken soruya cevap\",\"datePublished\":\"2025-04-17T08:41:21+00:00\",\"mainEntityOfPage\":{\"@id\":\"https:\/\/denizcankizil.tr\/ru\/haberler\/gundem\/turkiyede-kafa-nakli-ne-zaman-yapilacak-iste-dikkat-ceken-soruya-cevap\/\"},\"wordCount\":1169,\"publisher\":{\"@id\":\"https:\/\/denizcankizil.tr\/de\/#organization\"},\"articleSection\":[\"G\u00fcndem\"],\"inLanguage\":\"uk\"},{\"@type\":\"WebPage\",\"@id\":\"https:\/\/denizcankizil.tr\/ru\/haberler\/gundem\/turkiyede-kafa-nakli-ne-zaman-yapilacak-iste-dikkat-ceken-soruya-cevap\/\",\"url\":\"https:\/\/denizcankizil.tr\/ru\/haberler\/gundem\/turkiyede-kafa-nakli-ne-zaman-yapilacak-iste-dikkat-ceken-soruya-cevap\/\",\"name\":\"T\u00fcrkiye\u2019de kafa nakli ne zaman yap\u0131lacak? \u0130\u015fte dikkat \u00e7eken soruya cevap - Av. Deniz Can K\u0131z\u0131l\",\"isPartOf\":{\"@id\":\"https:\/\/denizcankizil.tr\/de\/#website\"},\"datePublished\":\"2025-04-17T08:41:21+00:00\",\"breadcrumb\":{\"@id\":\"https:\/\/denizcankizil.tr\/ru\/haberler\/gundem\/turkiyede-kafa-nakli-ne-zaman-yapilacak-iste-dikkat-ceken-soruya-cevap\/#breadcrumb\"},\"inLanguage\":\"uk\",\"potentialAction\":[{\"@type\":\"ReadAction\",\"target\":[\"https:\/\/denizcankizil.tr\/ru\/haberler\/gundem\/turkiyede-kafa-nakli-ne-zaman-yapilacak-iste-dikkat-ceken-soruya-cevap\/\"]}]},{\"@type\":\"BreadcrumbList\",\"@id\":\"https:\/\/denizcankizil.tr\/ru\/haberler\/gundem\/turkiyede-kafa-nakli-ne-zaman-yapilacak-iste-dikkat-ceken-soruya-cevap\/#breadcrumb\",\"itemListElement\":[{\"@type\":\"ListItem\",\"position\":1,\"name\":\"Home\",\"item\":\"https:\/\/denizcankizil.tr\/de\/\"},{\"@type\":\"ListItem\",\"position\":2,\"name\":\"T\u00fcrkiye\u2019de kafa nakli ne zaman yap\u0131lacak? \u0130\u015fte dikkat \u00e7eken soruya cevap\"}]},{\"@type\":\"WebSite\",\"@id\":\"https:\/\/denizcankizil.tr\/de\/#website\",\"url\":\"https:\/\/denizcankizil.tr\/de\/\",\"name\":\"Av. Deniz Can K\u0131z\u0131l\",\"description\":\"Avukat Deniz Can K\u0131z\u0131l Antalya Barosu\",\"publisher\":{\"@id\":\"https:\/\/denizcankizil.tr\/de\/#organization\"},\"potentialAction\":[{\"@type\":\"SearchAction\",\"target\":{\"@type\":\"EntryPoint\",\"urlTemplate\":\"https:\/\/denizcankizil.tr\/de\/?s={search_term_string}\"},\"query-input\":{\"@type\":\"PropertyValueSpecification\",\"valueRequired\":true,\"valueName\":\"search_term_string\"}}],\"inLanguage\":\"uk\"},{\"@type\":\"Organization\",\"@id\":\"https:\/\/denizcankizil.tr\/de\/#organization\",\"name\":\"Av. Deniz Can K\u0131z\u0131l\",\"url\":\"https:\/\/denizcankizil.tr\/de\/\",\"logo\":{\"@type\":\"ImageObject\",\"inLanguage\":\"uk\",\"@id\":\"https:\/\/denizcankizil.tr\/de\/#\/schema\/logo\/image\/\",\"url\":\"https:\/\/denizcankizil.tr\/wp-content\/uploads\/2024\/10\/siyah-logo-svg.svg\",\"contentUrl\":\"https:\/\/denizcankizil.tr\/wp-content\/uploads\/2024\/10\/siyah-logo-svg.svg\",\"width\":1080,\"height\":1080,\"caption\":\"Av. Deniz Can K\u0131z\u0131l\"},\"image\":{\"@id\":\"https:\/\/denizcankizil.tr\/de\/#\/schema\/logo\/image\/\"}},{\"@type\":\"Person\",\"@id\":\"https:\/\/denizcankizil.tr\/de\/#\/schema\/person\/e1eb71bb4dd684d46563f0af307e1234\",\"name\":\"Antalya K\u00f6rfez\",\"image\":{\"@type\":\"ImageObject\",\"inLanguage\":\"uk\",\"@id\":\"https:\/\/denizcankizil.tr\/de\/#\/schema\/person\/image\/\",\"url\":\"https:\/\/secure.gravatar.com\/avatar\/42b01982558a48a0b501fdcab6a408d3717ea5919095ee2e67b0e521799c5905?s=96&d=mm&r=g\",\"contentUrl\":\"https:\/\/secure.gravatar.com\/avatar\/42b01982558a48a0b501fdcab6a408d3717ea5919095ee2e67b0e521799c5905?s=96&d=mm&r=g\",\"caption\":\"Antalya K\u00f6rfez\"},\"sameAs\":[\"http:\/\/www.antalyakorfez.com\"],\"url\":\"https:\/\/www.antalyakorfez.com\/turkiyede-kafa-nakli-ne-zaman-yapilacak-iste-dikkat-ceken-soruya-cevap\"}]}<\/script>\n<!-- \/ Yoast SEO Premium plugin. -->","yoast_head_json":{"title":"T\u00fcrkiye\u2019de kafa nakli ne zaman yap\u0131lacak? \u0130\u015fte dikkat \u00e7eken soruya cevap - Av. Deniz Can K\u0131z\u0131l","robots":{"index":"index","follow":"follow","max-snippet":"max-snippet:-1","max-image-preview":"max-image-preview:large","max-video-preview":"max-video-preview:-1"},"canonical":"https:\/\/denizcankizil.tr\/uk\/haberler\/gundem\/turkiyede-kafa-nakli-ne-zaman-yapilacak-iste-dikkat-ceken-soruya-cevap\/","og_locale":"uk_UA","og_type":"article","og_title":"T\u00fcrkiye\u2019de kafa nakli ne zaman yap\u0131lacak? \u0130\u015fte dikkat \u00e7eken soruya cevap","og_description":"T\u00fcrkiye, organ nakilleri alan\u0131nda ba\u015far\u0131s\u0131yla dikkat \u00e7ekmeye devam ediyor. Akdeniz \u00dcniversitesi Hastanesi\u2019nde Prof. Dr. \u00d6mer \u00d6zkan ve ekibi taraf\u0131ndan yap\u0131lan y\u00fcz, \u00e7ift kol ve rahim nakilleri T\u00fcrkiye\u2019nin sa\u011fl\u0131k alan\u0131ndaki yetkinli\u011fini uluslararas\u0131 arenada kan\u0131tlad\u0131. \u00d6te yandan t\u0131p d\u00fcnyas\u0131nda, son d\u00f6nemde kafa nakli \u00fczerine y\u00fcr\u00fct\u00fclen tart\u0131\u015fmalar ve deneysel \u00e7al\u0131\u015fmalar da g\u00fcndemdeki yerini korumaya devam ediyor. Sa\u011fl\u0131k Bakanl\u0131\u011f\u0131 Doku, Organ Nakli ve Diyaliz Hizmetleri Ba\u015fkan\u0131 Do\u00e7. Dr. Erkan \u00d6l\u00e7\u00fcc\u00fco\u011flu kafa naklinin ne zaman ger\u00e7ekle\u015ftirilebilece\u011fine y\u00f6nelik soruya dikkat \u00e7eken bir cevap verdi. \u0130LK 5 \u0130\u00c7ER\u0130S\u0130NDE YER ALIYOR Organ nakli, organ yetmezli\u011fiyle kar\u015f\u0131 kar\u015f\u0131ya kalan bireylerin ya\u015fam kalitesini art\u0131ran en etkili tedavi y\u00f6ntemlerinden biri olarak kabul ediliyor. T\u00fcrkiye, bu alanda d\u00fcnya s\u0131ralamas\u0131nda ilk 5 i\u00e7erisinde yer al\u0131yor. Y\u0131llar \u00f6nce hastalar tedavi i\u00e7in yurt d\u0131\u015f\u0131na giderken, bug\u00fcn yurt d\u0131\u015f\u0131ndan pek \u00e7ok hasta organ nakli i\u00e7in T\u00fcrkiye\u2019ye geliyor. Kamu ve \u00f6zel hastanelerde yap\u0131lan nakillerde, t\u00fcm giderler devlet taraf\u0131ndan kar\u015f\u0131lan\u0131yor. B\u0130R\u00c7OK YEN\u0130 NAK\u0130L GER\u00c7EKLE\u015eT\u0130R\u0130LD\u0130 Antalya K\u00f6rfez Gazetesi muhabiri Ertu\u011frul G\u00fcn&#8217;\u00fcn haberine g\u00f6re; T\u00fcrkiye\u2019de ilk b\u00f6brek nakli 1975\u2019te, ilk karaci\u011fer nakli ise 1988 y\u0131l\u0131nda Prof. Dr. Mehmet Haberal taraf\u0131ndan ger\u00e7ekle\u015ftirildi. Aradan ge\u00e7en y\u0131llarda geli\u015fen teknoloji ve yeti\u015fmi\u015f insan g\u00fcc\u00fc sayesinde bir\u00e7ok yeni nakil ger\u00e7ekle\u015ftirildi. T\u00fcrkiye, organ nakilleri alan\u0131nda ba\u015far\u0131s\u0131yla dikkat \u00e7ekmeye devam ediyor. Akdeniz \u00dcniversitesi Hastanesi\u2019nde Prof. Dr. \u00d6mer &hellip;","og_url":"https:\/\/denizcankizil.tr\/uk\/haberler\/gundem\/turkiyede-kafa-nakli-ne-zaman-yapilacak-iste-dikkat-ceken-soruya-cevap\/","og_site_name":"Av. Deniz Can K\u0131z\u0131l","article_published_time":"2025-04-17T08:41:21+00:00","author":"Antalya K\u00f6rfez","twitter_card":"summary_large_image","twitter_misc":{"\u041d\u0430\u043f\u0438\u0441\u0430\u043d\u043e":"Antalya K\u00f6rfez","\u041f\u0440\u0438\u0431\u043b. \u0447\u0430\u0441 \u0447\u0438\u0442\u0430\u043d\u043d\u044f":"6 \u0445\u0432\u0438\u043b\u0438\u043d"},"schema":{"@context":"https:\/\/schema.org","@graph":[{"@type":"Article","@id":"https:\/\/denizcankizil.tr\/ru\/haberler\/gundem\/turkiyede-kafa-nakli-ne-zaman-yapilacak-iste-dikkat-ceken-soruya-cevap\/#article","isPartOf":{"@id":"https:\/\/denizcankizil.tr\/ru\/haberler\/gundem\/turkiyede-kafa-nakli-ne-zaman-yapilacak-iste-dikkat-ceken-soruya-cevap\/"},"author":{"name":"Antalya K\u00f6rfez","@id":"https:\/\/denizcankizil.tr\/de\/#\/schema\/person\/e1eb71bb4dd684d46563f0af307e1234"},"headline":"T\u00fcrkiye\u2019de kafa nakli ne zaman yap\u0131lacak? \u0130\u015fte dikkat \u00e7eken soruya cevap","datePublished":"2025-04-17T08:41:21+00:00","mainEntityOfPage":{"@id":"https:\/\/denizcankizil.tr\/ru\/haberler\/gundem\/turkiyede-kafa-nakli-ne-zaman-yapilacak-iste-dikkat-ceken-soruya-cevap\/"},"wordCount":1169,"publisher":{"@id":"https:\/\/denizcankizil.tr\/de\/#organization"},"articleSection":["G\u00fcndem"],"inLanguage":"uk"},{"@type":"WebPage","@id":"https:\/\/denizcankizil.tr\/ru\/haberler\/gundem\/turkiyede-kafa-nakli-ne-zaman-yapilacak-iste-dikkat-ceken-soruya-cevap\/","url":"https:\/\/denizcankizil.tr\/ru\/haberler\/gundem\/turkiyede-kafa-nakli-ne-zaman-yapilacak-iste-dikkat-ceken-soruya-cevap\/","name":"T\u00fcrkiye\u2019de kafa nakli ne zaman yap\u0131lacak? \u0130\u015fte dikkat \u00e7eken soruya cevap - Av. Deniz Can K\u0131z\u0131l","isPartOf":{"@id":"https:\/\/denizcankizil.tr\/de\/#website"},"datePublished":"2025-04-17T08:41:21+00:00","breadcrumb":{"@id":"https:\/\/denizcankizil.tr\/ru\/haberler\/gundem\/turkiyede-kafa-nakli-ne-zaman-yapilacak-iste-dikkat-ceken-soruya-cevap\/#breadcrumb"},"inLanguage":"uk","potentialAction":[{"@type":"ReadAction","target":["https:\/\/denizcankizil.tr\/ru\/haberler\/gundem\/turkiyede-kafa-nakli-ne-zaman-yapilacak-iste-dikkat-ceken-soruya-cevap\/"]}]},{"@type":"BreadcrumbList","@id":"https:\/\/denizcankizil.tr\/ru\/haberler\/gundem\/turkiyede-kafa-nakli-ne-zaman-yapilacak-iste-dikkat-ceken-soruya-cevap\/#breadcrumb","itemListElement":[{"@type":"ListItem","position":1,"name":"Home","item":"https:\/\/denizcankizil.tr\/de\/"},{"@type":"ListItem","position":2,"name":"T\u00fcrkiye\u2019de kafa nakli ne zaman yap\u0131lacak? \u0130\u015fte dikkat \u00e7eken soruya cevap"}]},{"@type":"WebSite","@id":"https:\/\/denizcankizil.tr\/de\/#website","url":"https:\/\/denizcankizil.tr\/de\/","name":"Av. Deniz Can K\u0131z\u0131l","description":"Avukat Deniz Can K\u0131z\u0131l Antalya Barosu","publisher":{"@id":"https:\/\/denizcankizil.tr\/de\/#organization"},"potentialAction":[{"@type":"SearchAction","target":{"@type":"EntryPoint","urlTemplate":"https:\/\/denizcankizil.tr\/de\/?s={search_term_string}"},"query-input":{"@type":"PropertyValueSpecification","valueRequired":true,"valueName":"search_term_string"}}],"inLanguage":"uk"},{"@type":"Organization","@id":"https:\/\/denizcankizil.tr\/de\/#organization","name":"Av. Deniz Can K\u0131z\u0131l","url":"https:\/\/denizcankizil.tr\/de\/","logo":{"@type":"ImageObject","inLanguage":"uk","@id":"https:\/\/denizcankizil.tr\/de\/#\/schema\/logo\/image\/","url":"https:\/\/denizcankizil.tr\/wp-content\/uploads\/2024\/10\/siyah-logo-svg.svg","contentUrl":"https:\/\/denizcankizil.tr\/wp-content\/uploads\/2024\/10\/siyah-logo-svg.svg","width":1080,"height":1080,"caption":"Av. Deniz Can K\u0131z\u0131l"},"image":{"@id":"https:\/\/denizcankizil.tr\/de\/#\/schema\/logo\/image\/"}},{"@type":"Person","@id":"https:\/\/denizcankizil.tr\/de\/#\/schema\/person\/e1eb71bb4dd684d46563f0af307e1234","name":"Antalya K\u00f6rfez","image":{"@type":"ImageObject","inLanguage":"uk","@id":"https:\/\/denizcankizil.tr\/de\/#\/schema\/person\/image\/","url":"https:\/\/secure.gravatar.com\/avatar\/42b01982558a48a0b501fdcab6a408d3717ea5919095ee2e67b0e521799c5905?s=96&d=mm&r=g","contentUrl":"https:\/\/secure.gravatar.com\/avatar\/42b01982558a48a0b501fdcab6a408d3717ea5919095ee2e67b0e521799c5905?s=96&d=mm&r=g","caption":"Antalya K\u00f6rfez"},"sameAs":["http:\/\/www.antalyakorfez.com"],"url":"https:\/\/www.antalyakorfez.com\/turkiyede-kafa-nakli-ne-zaman-yapilacak-iste-dikkat-ceken-soruya-cevap"}]}},"_links":{"self":[{"href":"https:\/\/denizcankizil.tr\/uk\/wp-json\/wp\/v2\/posts\/58350","targetHints":{"allow":["GET"]}}],"collection":[{"href":"https:\/\/denizcankizil.tr\/uk\/wp-json\/wp\/v2\/posts"}],"about":[{"href":"https:\/\/denizcankizil.tr\/uk\/wp-json\/wp\/v2\/types\/post"}],"author":[{"embeddable":true,"href":"https:\/\/denizcankizil.tr\/uk\/wp-json\/wp\/v2\/users\/5"}],"replies":[{"embeddable":true,"href":"https:\/\/denizcankizil.tr\/uk\/wp-json\/wp\/v2\/comments?post=58350"}],"version-history":[{"count":0,"href":"https:\/\/denizcankizil.tr\/uk\/wp-json\/wp\/v2\/posts\/58350\/revisions"}],"wp:attachment":[{"href":"https:\/\/denizcankizil.tr\/uk\/wp-json\/wp\/v2\/media?parent=58350"}],"wp:term":[{"taxonomy":"category","embeddable":true,"href":"https:\/\/denizcankizil.tr\/uk\/wp-json\/wp\/v2\/categories?post=58350"},{"taxonomy":"post_tag","embeddable":true,"href":"https:\/\/denizcankizil.tr\/uk\/wp-json\/wp\/v2\/tags?post=58350"}],"curies":[{"name":"wp","href":"https:\/\/api.w.org\/{rel}","templated":true}]}}