{"id":58313,"date":"2025-04-17T10:42:14","date_gmt":"2025-04-17T07:42:14","guid":{"rendered":"https:\/\/denizcankizil.tr\/uncategorized-tr\/antalyada-evsizler-o-mahalleyi-copluge-cevirdi\/"},"modified":"2025-04-17T10:42:14","modified_gmt":"2025-04-17T07:42:14","slug":"antalyada-evsizler-o-mahalleyi-copluge-cevirdi","status":"publish","type":"post","link":"https:\/\/denizcankizil.tr\/uk\/haberler\/gundem\/antalyada-evsizler-o-mahalleyi-copluge-cevirdi\/","title":{"rendered":"Antalya\u2019da evsizler o mahalleyi \u00e7\u00f6pl\u00fc\u011fe \u00e7evirdi\u2026"},"content":{"rendered":"<p>Havalar\u0131n \u0131s\u0131nmaya ba\u015flad\u0131\u011f\u0131 Antalya\u2019da sokakta kalan onlarca evsiz vatanda\u015f, geli\u015fi g\u00fczel alanlarda konakl\u0131yor. O konaklama merkezlerinden biri ise Antalya\u2019n\u0131n kalbinde yer alan Tah\u0131lpazar\u0131 Mahallesi. Bina giri\u015fleri ve bah\u00e7e alanlar\u0131n\u0131 kendilerine ya\u015fam alan\u0131 olarak belirleyen evsizler b\u00f6lgede b\u00fcy\u00fck sorun oldu. Tah\u0131lpazar\u0131 Mahallesi Muhtar\u0131 Bayram Korkmaz, evsizlerin yan\u0131 s\u0131ra b\u00f6lgede alkol ve uyu\u015fturucu kullananlar\u0131n oldu\u011funu ifade ederek; \u201cBunlar\u0131n mahallemizden uzakla\u015ft\u0131r\u0131lmas\u0131 i\u00e7in her t\u00fcrl\u00fc \u00e7al\u0131\u015fmay\u0131 s\u00fcrd\u00fcr\u00fcyoruz\u201d dedi.<\/p>\n<p>ALKOL VE UY*\u015eTURUCU BA\u011eIMLILARI\u2026<\/p>\n<p>Antalya\u2019n\u0131n merkezi b\u00f6lgeleri aras\u0131nda yer alan Tah\u0131lpazar\u0131 Mahallesi evsizlerin mekan\u0131 haline geldi. \u00c7ok say\u0131da alkol ve uyu\u015fturucu ba\u011f\u0131ml\u0131s\u0131n\u0131n ak\u015fam ve gece saatlerinde kendilerine yer olarak tercih etti\u011fi mahallede Muhtar Bayram Korkmaz b\u00fcy\u00fck m\u00fccadele veriyor. Havalar\u0131n \u0131s\u0131nmaya ba\u015flad\u0131\u011f\u0131 Antalya\u2019da sokakta kalan onlarca evsiz vatanda\u015f, geli\u015fi g\u00fczel alanlarda konakl\u0131yor. Tah\u0131lpazar\u0131 Mahallesi\u2019nde binalar\u0131n ge\u00e7i\u015f noktalar\u0131n\u0131 kendilerine hedef se\u00e7en ba\u011f\u0131ml\u0131lar b\u00f6lgeyi \u00e7\u00f6pl\u00fc\u011fe \u00e7evirmi\u015f durumda.<\/p>\n<p>ANTALYA\u2019NIN EN \u00d6NEML\u0130 ALI\u015eVER\u0130\u015e B\u00d6LGELER\u0130 ARASINDA YER ALIYOR<\/p>\n<p>Tah\u0131lpazar\u0131 Muhtar\u0131 Bayram Korkmaz, mahallede sadece bin 600 se\u00e7menin yer ald\u0131\u011f\u0131na dikkat \u00e7ekti. Antalya\u2019n\u0131n en \u00f6nemli al\u0131\u015fveri\u015f b\u00f6lgeleri aras\u0131nda yer alan Tah\u0131lpazar\u0131 Mahallesi\u2019nde Muhtar Korkmaz, mahallede g\u00fcnd\u00fczleri 20 bine yak\u0131n insan\u0131n ya\u015fad\u0131\u011f\u0131n\u0131 geceleri ise ortalama 4 bin 500 ki\u015finin ya\u015fad\u0131\u011f\u0131na dikkat \u00e7ekti. Korkmaz, \u201cMahallemizde n\u00fcfus say\u0131s\u0131 olduk\u00e7a az. Mahallemiz ticaret merkezlerinden olu\u015ftu\u011fu i\u00e7in b\u00f6lgemizde g\u00fcnd\u00fczleri 20 bine yak\u0131n ki\u015fi ya\u015f\u0131yor. Bu say\u0131 geceleri ise olduk\u00e7a d\u00fc\u015f\u00fcyor. Antalya\u2019da bir\u00e7ok kalemde al\u0131\u015fveri\u015f yapmak i\u00e7in Antalyal\u0131lar mahallemize geliyorlar\u201d dedi.<\/p>\n<p>T\u0130CARET MERKEZ\u0130 G\u0130B\u0130\u2026<\/p>\n<p>Tah\u0131lpazar\u0131 Mahallesi\u2019nde her g\u00fcn yerli ve yabanc\u0131 turistler ba\u015fta olmak \u00fczere yerle\u015fik halktan on binlerce ki\u015finin ziyaret etti\u011fini dile getiren Mahalle Muhtar\u0131 Bayram Korkmaz, \u015fehrin \u00f6nemli AVM\u2019leri ile ticaret merkezlerinin kendi mahallesinde yer ald\u0131\u011f\u0131n\u0131 ifade etti. Korkmaz a\u00e7\u0131klamalar\u0131nda \u015fu ifadelere yer verdi:<\/p>\n<p>\u201cAntalya\u2019n\u0131n en \u00f6nemli AVM\u2019si olarak bilinen Mark Antalya mahallemizin s\u0131n\u0131rlar\u0131nda yer al\u0131yor. Bunun d\u0131\u015f\u0131nda \u00f6nemli al\u0131\u015f veri\u015f merkezleri ile ticaret alanlar\u0131 yine mahallemiz s\u0131n\u0131rlar\u0131nda yer al\u0131yor. Bu nedenle her g\u00fcn yerli ve yabanc\u0131 turistler ba\u015fta olmak \u00fczere yerle\u015fik halktan on binlerce ki\u015fi b\u00f6lgeyi ziyaret ediyor.\u201d<\/p>\n<p>\u200bAntalya\u2019n\u0131n Muratpa\u015fa il\u00e7esinde yer alan Tah\u0131lpazar\u0131 Mahallesi\u2019nde \u00e7ok say\u0131da binan\u0131n \u00e7evresi \u00e7\u00f6pl\u00fc\u011fe d\u00f6nd\u00fc. Binalar\u0131n bah\u00e7e k\u0131s\u0131mlar\u0131n\u0131 ya\u015fam alan\u0131na \u00e7eviren evsizler buralarda alkol ve uy*\u015fturucu madde kullan\u0131yor.\u00a0<\/p>\n<p>\u200bHaberin Al\u0131nt\u0131land\u0131\u011f\u0131 Kaynak: www.antalyakorfez.com<\/p>","protected":false},"excerpt":{"rendered":"<p>Havalar\u0131n \u0131s\u0131nmaya ba\u015flad\u0131\u011f\u0131 Antalya\u2019da sokakta kalan onlarca evsiz vatanda\u015f, geli\u015fi g\u00fczel alanlarda konakl\u0131yor. O konaklama merkezlerinden biri ise Antalya\u2019n\u0131n kalbinde yer alan Tah\u0131lpazar\u0131 Mahallesi. Bina giri\u015fleri ve bah\u00e7e alanlar\u0131n\u0131 kendilerine ya\u015fam alan\u0131 olarak belirleyen evsizler b\u00f6lgede b\u00fcy\u00fck sorun oldu. Tah\u0131lpazar\u0131 Mahallesi Muhtar\u0131 Bayram Korkmaz, evsizlerin yan\u0131 s\u0131ra b\u00f6lgede alkol ve uyu\u015fturucu kullananlar\u0131n oldu\u011funu ifade ederek; \u201cBunlar\u0131n mahallemizden uzakla\u015ft\u0131r\u0131lmas\u0131 i\u00e7in her t\u00fcrl\u00fc \u00e7al\u0131\u015fmay\u0131 s\u00fcrd\u00fcr\u00fcyoruz\u201d dedi. ALKOL VE UY*\u015eTURUCU BA\u011eIMLILARI\u2026 Antalya\u2019n\u0131n merkezi b\u00f6lgeleri aras\u0131nda yer alan Tah\u0131lpazar\u0131 Mahallesi evsizlerin mekan\u0131 haline geldi. \u00c7ok say\u0131da alkol ve uyu\u015fturucu ba\u011f\u0131ml\u0131s\u0131n\u0131n ak\u015fam ve gece saatlerinde kendilerine yer olarak tercih etti\u011fi mahallede Muhtar Bayram Korkmaz b\u00fcy\u00fck m\u00fccadele veriyor. Havalar\u0131n \u0131s\u0131nmaya ba\u015flad\u0131\u011f\u0131 Antalya\u2019da sokakta kalan onlarca evsiz vatanda\u015f, geli\u015fi g\u00fczel alanlarda konakl\u0131yor. Tah\u0131lpazar\u0131 Mahallesi\u2019nde binalar\u0131n ge\u00e7i\u015f noktalar\u0131n\u0131 kendilerine hedef se\u00e7en ba\u011f\u0131ml\u0131lar b\u00f6lgeyi \u00e7\u00f6pl\u00fc\u011fe \u00e7evirmi\u015f durumda. ANTALYA\u2019NIN EN \u00d6NEML\u0130 ALI\u015eVER\u0130\u015e B\u00d6LGELER\u0130 ARASINDA YER ALIYOR Tah\u0131lpazar\u0131 Muhtar\u0131 Bayram Korkmaz, mahallede sadece bin 600 se\u00e7menin yer ald\u0131\u011f\u0131na dikkat \u00e7ekti. Antalya\u2019n\u0131n en \u00f6nemli al\u0131\u015fveri\u015f b\u00f6lgeleri aras\u0131nda yer alan Tah\u0131lpazar\u0131 Mahallesi\u2019nde Muhtar Korkmaz, mahallede g\u00fcnd\u00fczleri 20 bine yak\u0131n insan\u0131n ya\u015fad\u0131\u011f\u0131n\u0131 geceleri ise ortalama 4 bin 500 ki\u015finin ya\u015fad\u0131\u011f\u0131na dikkat \u00e7ekti. Korkmaz, \u201cMahallemizde n\u00fcfus say\u0131s\u0131 olduk\u00e7a az. Mahallemiz ticaret merkezlerinden olu\u015ftu\u011fu i\u00e7in b\u00f6lgemizde g\u00fcnd\u00fczleri 20 bine yak\u0131n ki\u015fi ya\u015f\u0131yor. Bu say\u0131 geceleri ise &hellip;<\/p>","protected":false},"author":5,"featured_media":0,"comment_status":"","ping_status":"open","sticky":false,"template":"","format":"standard","meta":{"_acf_changed":false,"footnotes":""},"categories":[24],"tags":[],"class_list":["post-58313","post","type-post","status-publish","format-standard","has-post-thumbnail","hentry","category-gundem"],"acf":[],"yoast_head":"<!-- This site is optimized with the Yoast SEO Premium plugin v26.6 (Yoast SEO v27.1.1) - https:\/\/yoast.com\/product\/yoast-seo-premium-wordpress\/ -->\n<title>Antalya\u2019da evsizler o mahalleyi \u00e7\u00f6pl\u00fc\u011fe \u00e7evirdi\u2026 - Av. Deniz Can K\u0131z\u0131l<\/title>\n<meta name=\"robots\" content=\"index, follow, max-snippet:-1, max-image-preview:large, max-video-preview:-1\" \/>\n<link rel=\"canonical\" href=\"http:\/\/denizcankizil.tr\/uk\/haberler\/gundem\/antalyada-evsizler-o-mahalleyi-copluge-cevirdi\/\" \/>\n<meta property=\"og:locale\" content=\"uk_UA\" \/>\n<meta property=\"og:type\" content=\"article\" \/>\n<meta property=\"og:title\" content=\"Antalya\u2019da evsizler o mahalleyi \u00e7\u00f6pl\u00fc\u011fe \u00e7evirdi\u2026\" \/>\n<meta property=\"og:description\" content=\"Havalar\u0131n \u0131s\u0131nmaya ba\u015flad\u0131\u011f\u0131 Antalya\u2019da sokakta kalan onlarca evsiz vatanda\u015f, geli\u015fi g\u00fczel alanlarda konakl\u0131yor. O konaklama merkezlerinden biri ise Antalya\u2019n\u0131n kalbinde yer alan Tah\u0131lpazar\u0131 Mahallesi. Bina giri\u015fleri ve bah\u00e7e alanlar\u0131n\u0131 kendilerine ya\u015fam alan\u0131 olarak belirleyen evsizler b\u00f6lgede b\u00fcy\u00fck sorun oldu. Tah\u0131lpazar\u0131 Mahallesi Muhtar\u0131 Bayram Korkmaz, evsizlerin yan\u0131 s\u0131ra b\u00f6lgede alkol ve uyu\u015fturucu kullananlar\u0131n oldu\u011funu ifade ederek; \u201cBunlar\u0131n mahallemizden uzakla\u015ft\u0131r\u0131lmas\u0131 i\u00e7in her t\u00fcrl\u00fc \u00e7al\u0131\u015fmay\u0131 s\u00fcrd\u00fcr\u00fcyoruz\u201d dedi. ALKOL VE UY*\u015eTURUCU BA\u011eIMLILARI\u2026 Antalya\u2019n\u0131n merkezi b\u00f6lgeleri aras\u0131nda yer alan Tah\u0131lpazar\u0131 Mahallesi evsizlerin mekan\u0131 haline geldi. \u00c7ok say\u0131da alkol ve uyu\u015fturucu ba\u011f\u0131ml\u0131s\u0131n\u0131n ak\u015fam ve gece saatlerinde kendilerine yer olarak tercih etti\u011fi mahallede Muhtar Bayram Korkmaz b\u00fcy\u00fck m\u00fccadele veriyor. Havalar\u0131n \u0131s\u0131nmaya ba\u015flad\u0131\u011f\u0131 Antalya\u2019da sokakta kalan onlarca evsiz vatanda\u015f, geli\u015fi g\u00fczel alanlarda konakl\u0131yor. Tah\u0131lpazar\u0131 Mahallesi\u2019nde binalar\u0131n ge\u00e7i\u015f noktalar\u0131n\u0131 kendilerine hedef se\u00e7en ba\u011f\u0131ml\u0131lar b\u00f6lgeyi \u00e7\u00f6pl\u00fc\u011fe \u00e7evirmi\u015f durumda. ANTALYA\u2019NIN EN \u00d6NEML\u0130 ALI\u015eVER\u0130\u015e B\u00d6LGELER\u0130 ARASINDA YER ALIYOR Tah\u0131lpazar\u0131 Muhtar\u0131 Bayram Korkmaz, mahallede sadece bin 600 se\u00e7menin yer ald\u0131\u011f\u0131na dikkat \u00e7ekti. Antalya\u2019n\u0131n en \u00f6nemli al\u0131\u015fveri\u015f b\u00f6lgeleri aras\u0131nda yer alan Tah\u0131lpazar\u0131 Mahallesi\u2019nde Muhtar Korkmaz, mahallede g\u00fcnd\u00fczleri 20 bine yak\u0131n insan\u0131n ya\u015fad\u0131\u011f\u0131n\u0131 geceleri ise ortalama 4 bin 500 ki\u015finin ya\u015fad\u0131\u011f\u0131na dikkat \u00e7ekti. Korkmaz, \u201cMahallemizde n\u00fcfus say\u0131s\u0131 olduk\u00e7a az. Mahallemiz ticaret merkezlerinden olu\u015ftu\u011fu i\u00e7in b\u00f6lgemizde g\u00fcnd\u00fczleri 20 bine yak\u0131n ki\u015fi ya\u015f\u0131yor. Bu say\u0131 geceleri ise &hellip;\" \/>\n<meta property=\"og:url\" content=\"http:\/\/denizcankizil.tr\/uk\/haberler\/gundem\/antalyada-evsizler-o-mahalleyi-copluge-cevirdi\/\" \/>\n<meta property=\"og:site_name\" content=\"Av. Deniz Can K\u0131z\u0131l\" \/>\n<meta property=\"article:published_time\" content=\"2025-04-17T07:42:14+00:00\" \/>\n<meta name=\"author\" content=\"Antalya K\u00f6rfez\" \/>\n<meta name=\"twitter:card\" content=\"summary_large_image\" \/>\n<meta name=\"twitter:label1\" content=\"\u041d\u0430\u043f\u0438\u0441\u0430\u043d\u043e\" \/>\n\t<meta name=\"twitter:data1\" content=\"Antalya K\u00f6rfez\" \/>\n\t<meta name=\"twitter:label2\" content=\"\u041f\u0440\u0438\u0431\u043b. \u0447\u0430\u0441 \u0447\u0438\u0442\u0430\u043d\u043d\u044f\" \/>\n\t<meta name=\"twitter:data2\" content=\"2 \u0445\u0432\u0438\u043b\u0438\u043d\u0438\" \/>\n<script type=\"application\/ld+json\" class=\"yoast-schema-graph\">{\"@context\":\"https:\/\/schema.org\",\"@graph\":[{\"@type\":\"Article\",\"@id\":\"http:\/\/denizcankizil.tr\/ru\/haberler\/gundem\/antalyada-evsizler-o-mahalleyi-copluge-cevirdi\/#article\",\"isPartOf\":{\"@id\":\"http:\/\/denizcankizil.tr\/ru\/haberler\/gundem\/antalyada-evsizler-o-mahalleyi-copluge-cevirdi\/\"},\"author\":{\"name\":\"Antalya K\u00f6rfez\",\"@id\":\"https:\/\/denizcankizil.tr\/de\/#\/schema\/person\/e1eb71bb4dd684d46563f0af307e1234\"},\"headline\":\"Antalya\u2019da evsizler o mahalleyi \u00e7\u00f6pl\u00fc\u011fe \u00e7evirdi\u2026\",\"datePublished\":\"2025-04-17T07:42:14+00:00\",\"mainEntityOfPage\":{\"@id\":\"http:\/\/denizcankizil.tr\/ru\/haberler\/gundem\/antalyada-evsizler-o-mahalleyi-copluge-cevirdi\/\"},\"wordCount\":497,\"publisher\":{\"@id\":\"https:\/\/denizcankizil.tr\/de\/#organization\"},\"articleSection\":[\"G\u00fcndem\"],\"inLanguage\":\"uk\"},{\"@type\":\"WebPage\",\"@id\":\"http:\/\/denizcankizil.tr\/ru\/haberler\/gundem\/antalyada-evsizler-o-mahalleyi-copluge-cevirdi\/\",\"url\":\"http:\/\/denizcankizil.tr\/ru\/haberler\/gundem\/antalyada-evsizler-o-mahalleyi-copluge-cevirdi\/\",\"name\":\"Antalya\u2019da evsizler o mahalleyi \u00e7\u00f6pl\u00fc\u011fe \u00e7evirdi\u2026 - Av. Deniz Can K\u0131z\u0131l\",\"isPartOf\":{\"@id\":\"https:\/\/denizcankizil.tr\/de\/#website\"},\"datePublished\":\"2025-04-17T07:42:14+00:00\",\"breadcrumb\":{\"@id\":\"http:\/\/denizcankizil.tr\/ru\/haberler\/gundem\/antalyada-evsizler-o-mahalleyi-copluge-cevirdi\/#breadcrumb\"},\"inLanguage\":\"uk\",\"potentialAction\":[{\"@type\":\"ReadAction\",\"target\":[\"http:\/\/denizcankizil.tr\/ru\/haberler\/gundem\/antalyada-evsizler-o-mahalleyi-copluge-cevirdi\/\"]}]},{\"@type\":\"BreadcrumbList\",\"@id\":\"http:\/\/denizcankizil.tr\/ru\/haberler\/gundem\/antalyada-evsizler-o-mahalleyi-copluge-cevirdi\/#breadcrumb\",\"itemListElement\":[{\"@type\":\"ListItem\",\"position\":1,\"name\":\"Home\",\"item\":\"https:\/\/denizcankizil.tr\/de\/\"},{\"@type\":\"ListItem\",\"position\":2,\"name\":\"Antalya\u2019da evsizler o mahalleyi \u00e7\u00f6pl\u00fc\u011fe \u00e7evirdi\u2026\"}]},{\"@type\":\"WebSite\",\"@id\":\"https:\/\/denizcankizil.tr\/de\/#website\",\"url\":\"https:\/\/denizcankizil.tr\/de\/\",\"name\":\"Av. Deniz Can K\u0131z\u0131l\",\"description\":\"Avukat Deniz Can K\u0131z\u0131l Antalya Barosu\",\"publisher\":{\"@id\":\"https:\/\/denizcankizil.tr\/de\/#organization\"},\"potentialAction\":[{\"@type\":\"SearchAction\",\"target\":{\"@type\":\"EntryPoint\",\"urlTemplate\":\"https:\/\/denizcankizil.tr\/de\/?s={search_term_string}\"},\"query-input\":{\"@type\":\"PropertyValueSpecification\",\"valueRequired\":true,\"valueName\":\"search_term_string\"}}],\"inLanguage\":\"uk\"},{\"@type\":\"Organization\",\"@id\":\"https:\/\/denizcankizil.tr\/de\/#organization\",\"name\":\"Av. Deniz Can K\u0131z\u0131l\",\"url\":\"https:\/\/denizcankizil.tr\/de\/\",\"logo\":{\"@type\":\"ImageObject\",\"inLanguage\":\"uk\",\"@id\":\"https:\/\/denizcankizil.tr\/de\/#\/schema\/logo\/image\/\",\"url\":\"https:\/\/denizcankizil.tr\/wp-content\/uploads\/2024\/10\/siyah-logo-svg.svg\",\"contentUrl\":\"https:\/\/denizcankizil.tr\/wp-content\/uploads\/2024\/10\/siyah-logo-svg.svg\",\"width\":1080,\"height\":1080,\"caption\":\"Av. Deniz Can K\u0131z\u0131l\"},\"image\":{\"@id\":\"https:\/\/denizcankizil.tr\/de\/#\/schema\/logo\/image\/\"}},{\"@type\":\"Person\",\"@id\":\"https:\/\/denizcankizil.tr\/de\/#\/schema\/person\/e1eb71bb4dd684d46563f0af307e1234\",\"name\":\"Antalya K\u00f6rfez\",\"image\":{\"@type\":\"ImageObject\",\"inLanguage\":\"uk\",\"@id\":\"https:\/\/denizcankizil.tr\/de\/#\/schema\/person\/image\/\",\"url\":\"https:\/\/secure.gravatar.com\/avatar\/42b01982558a48a0b501fdcab6a408d3717ea5919095ee2e67b0e521799c5905?s=96&d=mm&r=g\",\"contentUrl\":\"https:\/\/secure.gravatar.com\/avatar\/42b01982558a48a0b501fdcab6a408d3717ea5919095ee2e67b0e521799c5905?s=96&d=mm&r=g\",\"caption\":\"Antalya K\u00f6rfez\"},\"sameAs\":[\"http:\/\/www.antalyakorfez.com\"],\"url\":\"https:\/\/www.antalyakorfez.com\/antalyada-evsizler-o-mahalleyi-copluge-cevirdi\"}]}<\/script>\n<!-- \/ Yoast SEO Premium plugin. -->","yoast_head_json":{"title":"Antalya\u2019da evsizler o mahalleyi \u00e7\u00f6pl\u00fc\u011fe \u00e7evirdi\u2026 - Av. Deniz Can K\u0131z\u0131l","robots":{"index":"index","follow":"follow","max-snippet":"max-snippet:-1","max-image-preview":"max-image-preview:large","max-video-preview":"max-video-preview:-1"},"canonical":"http:\/\/denizcankizil.tr\/uk\/haberler\/gundem\/antalyada-evsizler-o-mahalleyi-copluge-cevirdi\/","og_locale":"uk_UA","og_type":"article","og_title":"Antalya\u2019da evsizler o mahalleyi \u00e7\u00f6pl\u00fc\u011fe \u00e7evirdi\u2026","og_description":"Havalar\u0131n \u0131s\u0131nmaya ba\u015flad\u0131\u011f\u0131 Antalya\u2019da sokakta kalan onlarca evsiz vatanda\u015f, geli\u015fi g\u00fczel alanlarda konakl\u0131yor. O konaklama merkezlerinden biri ise Antalya\u2019n\u0131n kalbinde yer alan Tah\u0131lpazar\u0131 Mahallesi. Bina giri\u015fleri ve bah\u00e7e alanlar\u0131n\u0131 kendilerine ya\u015fam alan\u0131 olarak belirleyen evsizler b\u00f6lgede b\u00fcy\u00fck sorun oldu. Tah\u0131lpazar\u0131 Mahallesi Muhtar\u0131 Bayram Korkmaz, evsizlerin yan\u0131 s\u0131ra b\u00f6lgede alkol ve uyu\u015fturucu kullananlar\u0131n oldu\u011funu ifade ederek; \u201cBunlar\u0131n mahallemizden uzakla\u015ft\u0131r\u0131lmas\u0131 i\u00e7in her t\u00fcrl\u00fc \u00e7al\u0131\u015fmay\u0131 s\u00fcrd\u00fcr\u00fcyoruz\u201d dedi. ALKOL VE UY*\u015eTURUCU BA\u011eIMLILARI\u2026 Antalya\u2019n\u0131n merkezi b\u00f6lgeleri aras\u0131nda yer alan Tah\u0131lpazar\u0131 Mahallesi evsizlerin mekan\u0131 haline geldi. \u00c7ok say\u0131da alkol ve uyu\u015fturucu ba\u011f\u0131ml\u0131s\u0131n\u0131n ak\u015fam ve gece saatlerinde kendilerine yer olarak tercih etti\u011fi mahallede Muhtar Bayram Korkmaz b\u00fcy\u00fck m\u00fccadele veriyor. Havalar\u0131n \u0131s\u0131nmaya ba\u015flad\u0131\u011f\u0131 Antalya\u2019da sokakta kalan onlarca evsiz vatanda\u015f, geli\u015fi g\u00fczel alanlarda konakl\u0131yor. Tah\u0131lpazar\u0131 Mahallesi\u2019nde binalar\u0131n ge\u00e7i\u015f noktalar\u0131n\u0131 kendilerine hedef se\u00e7en ba\u011f\u0131ml\u0131lar b\u00f6lgeyi \u00e7\u00f6pl\u00fc\u011fe \u00e7evirmi\u015f durumda. ANTALYA\u2019NIN EN \u00d6NEML\u0130 ALI\u015eVER\u0130\u015e B\u00d6LGELER\u0130 ARASINDA YER ALIYOR Tah\u0131lpazar\u0131 Muhtar\u0131 Bayram Korkmaz, mahallede sadece bin 600 se\u00e7menin yer ald\u0131\u011f\u0131na dikkat \u00e7ekti. Antalya\u2019n\u0131n en \u00f6nemli al\u0131\u015fveri\u015f b\u00f6lgeleri aras\u0131nda yer alan Tah\u0131lpazar\u0131 Mahallesi\u2019nde Muhtar Korkmaz, mahallede g\u00fcnd\u00fczleri 20 bine yak\u0131n insan\u0131n ya\u015fad\u0131\u011f\u0131n\u0131 geceleri ise ortalama 4 bin 500 ki\u015finin ya\u015fad\u0131\u011f\u0131na dikkat \u00e7ekti. Korkmaz, \u201cMahallemizde n\u00fcfus say\u0131s\u0131 olduk\u00e7a az. Mahallemiz ticaret merkezlerinden olu\u015ftu\u011fu i\u00e7in b\u00f6lgemizde g\u00fcnd\u00fczleri 20 bine yak\u0131n ki\u015fi ya\u015f\u0131yor. Bu say\u0131 geceleri ise &hellip;","og_url":"http:\/\/denizcankizil.tr\/uk\/haberler\/gundem\/antalyada-evsizler-o-mahalleyi-copluge-cevirdi\/","og_site_name":"Av. Deniz Can K\u0131z\u0131l","article_published_time":"2025-04-17T07:42:14+00:00","author":"Antalya K\u00f6rfez","twitter_card":"summary_large_image","twitter_misc":{"\u041d\u0430\u043f\u0438\u0441\u0430\u043d\u043e":"Antalya K\u00f6rfez","\u041f\u0440\u0438\u0431\u043b. \u0447\u0430\u0441 \u0447\u0438\u0442\u0430\u043d\u043d\u044f":"2 \u0445\u0432\u0438\u043b\u0438\u043d\u0438"},"schema":{"@context":"https:\/\/schema.org","@graph":[{"@type":"Article","@id":"http:\/\/denizcankizil.tr\/ru\/haberler\/gundem\/antalyada-evsizler-o-mahalleyi-copluge-cevirdi\/#article","isPartOf":{"@id":"http:\/\/denizcankizil.tr\/ru\/haberler\/gundem\/antalyada-evsizler-o-mahalleyi-copluge-cevirdi\/"},"author":{"name":"Antalya K\u00f6rfez","@id":"https:\/\/denizcankizil.tr\/de\/#\/schema\/person\/e1eb71bb4dd684d46563f0af307e1234"},"headline":"Antalya\u2019da evsizler o mahalleyi \u00e7\u00f6pl\u00fc\u011fe \u00e7evirdi\u2026","datePublished":"2025-04-17T07:42:14+00:00","mainEntityOfPage":{"@id":"http:\/\/denizcankizil.tr\/ru\/haberler\/gundem\/antalyada-evsizler-o-mahalleyi-copluge-cevirdi\/"},"wordCount":497,"publisher":{"@id":"https:\/\/denizcankizil.tr\/de\/#organization"},"articleSection":["G\u00fcndem"],"inLanguage":"uk"},{"@type":"WebPage","@id":"http:\/\/denizcankizil.tr\/ru\/haberler\/gundem\/antalyada-evsizler-o-mahalleyi-copluge-cevirdi\/","url":"http:\/\/denizcankizil.tr\/ru\/haberler\/gundem\/antalyada-evsizler-o-mahalleyi-copluge-cevirdi\/","name":"Antalya\u2019da evsizler o mahalleyi \u00e7\u00f6pl\u00fc\u011fe \u00e7evirdi\u2026 - Av. Deniz Can K\u0131z\u0131l","isPartOf":{"@id":"https:\/\/denizcankizil.tr\/de\/#website"},"datePublished":"2025-04-17T07:42:14+00:00","breadcrumb":{"@id":"http:\/\/denizcankizil.tr\/ru\/haberler\/gundem\/antalyada-evsizler-o-mahalleyi-copluge-cevirdi\/#breadcrumb"},"inLanguage":"uk","potentialAction":[{"@type":"ReadAction","target":["http:\/\/denizcankizil.tr\/ru\/haberler\/gundem\/antalyada-evsizler-o-mahalleyi-copluge-cevirdi\/"]}]},{"@type":"BreadcrumbList","@id":"http:\/\/denizcankizil.tr\/ru\/haberler\/gundem\/antalyada-evsizler-o-mahalleyi-copluge-cevirdi\/#breadcrumb","itemListElement":[{"@type":"ListItem","position":1,"name":"Home","item":"https:\/\/denizcankizil.tr\/de\/"},{"@type":"ListItem","position":2,"name":"Antalya\u2019da evsizler o mahalleyi \u00e7\u00f6pl\u00fc\u011fe \u00e7evirdi\u2026"}]},{"@type":"WebSite","@id":"https:\/\/denizcankizil.tr\/de\/#website","url":"https:\/\/denizcankizil.tr\/de\/","name":"Av. Deniz Can K\u0131z\u0131l","description":"Avukat Deniz Can K\u0131z\u0131l Antalya Barosu","publisher":{"@id":"https:\/\/denizcankizil.tr\/de\/#organization"},"potentialAction":[{"@type":"SearchAction","target":{"@type":"EntryPoint","urlTemplate":"https:\/\/denizcankizil.tr\/de\/?s={search_term_string}"},"query-input":{"@type":"PropertyValueSpecification","valueRequired":true,"valueName":"search_term_string"}}],"inLanguage":"uk"},{"@type":"Organization","@id":"https:\/\/denizcankizil.tr\/de\/#organization","name":"Av. Deniz Can K\u0131z\u0131l","url":"https:\/\/denizcankizil.tr\/de\/","logo":{"@type":"ImageObject","inLanguage":"uk","@id":"https:\/\/denizcankizil.tr\/de\/#\/schema\/logo\/image\/","url":"https:\/\/denizcankizil.tr\/wp-content\/uploads\/2024\/10\/siyah-logo-svg.svg","contentUrl":"https:\/\/denizcankizil.tr\/wp-content\/uploads\/2024\/10\/siyah-logo-svg.svg","width":1080,"height":1080,"caption":"Av. Deniz Can K\u0131z\u0131l"},"image":{"@id":"https:\/\/denizcankizil.tr\/de\/#\/schema\/logo\/image\/"}},{"@type":"Person","@id":"https:\/\/denizcankizil.tr\/de\/#\/schema\/person\/e1eb71bb4dd684d46563f0af307e1234","name":"Antalya K\u00f6rfez","image":{"@type":"ImageObject","inLanguage":"uk","@id":"https:\/\/denizcankizil.tr\/de\/#\/schema\/person\/image\/","url":"https:\/\/secure.gravatar.com\/avatar\/42b01982558a48a0b501fdcab6a408d3717ea5919095ee2e67b0e521799c5905?s=96&d=mm&r=g","contentUrl":"https:\/\/secure.gravatar.com\/avatar\/42b01982558a48a0b501fdcab6a408d3717ea5919095ee2e67b0e521799c5905?s=96&d=mm&r=g","caption":"Antalya K\u00f6rfez"},"sameAs":["http:\/\/www.antalyakorfez.com"],"url":"https:\/\/www.antalyakorfez.com\/antalyada-evsizler-o-mahalleyi-copluge-cevirdi"}]}},"_links":{"self":[{"href":"https:\/\/denizcankizil.tr\/uk\/wp-json\/wp\/v2\/posts\/58313","targetHints":{"allow":["GET"]}}],"collection":[{"href":"https:\/\/denizcankizil.tr\/uk\/wp-json\/wp\/v2\/posts"}],"about":[{"href":"https:\/\/denizcankizil.tr\/uk\/wp-json\/wp\/v2\/types\/post"}],"author":[{"embeddable":true,"href":"https:\/\/denizcankizil.tr\/uk\/wp-json\/wp\/v2\/users\/5"}],"replies":[{"embeddable":true,"href":"https:\/\/denizcankizil.tr\/uk\/wp-json\/wp\/v2\/comments?post=58313"}],"version-history":[{"count":0,"href":"https:\/\/denizcankizil.tr\/uk\/wp-json\/wp\/v2\/posts\/58313\/revisions"}],"wp:attachment":[{"href":"https:\/\/denizcankizil.tr\/uk\/wp-json\/wp\/v2\/media?parent=58313"}],"wp:term":[{"taxonomy":"category","embeddable":true,"href":"https:\/\/denizcankizil.tr\/uk\/wp-json\/wp\/v2\/categories?post=58313"},{"taxonomy":"post_tag","embeddable":true,"href":"https:\/\/denizcankizil.tr\/uk\/wp-json\/wp\/v2\/tags?post=58313"}],"curies":[{"name":"wp","href":"https:\/\/api.w.org\/{rel}","templated":true}]}}