{"id":58300,"date":"2025-04-17T10:41:15","date_gmt":"2025-04-17T07:41:15","guid":{"rendered":"https:\/\/denizcankizil.tr\/uncategorized-tr\/yesil-osb-temiz-antalya-projesi-basariyla-tamamlandi\/"},"modified":"2025-04-17T10:41:15","modified_gmt":"2025-04-17T07:41:15","slug":"yesil-osb-temiz-antalya-projesi-basariyla-tamamlandi","status":"publish","type":"post","link":"https:\/\/denizcankizil.tr\/uk\/haberler\/antalya\/yesil-osb-temiz-antalya-projesi-basariyla-tamamlandi\/","title":{"rendered":"Ye\u015fil OSB temiz Antalya projesi ba\u015far\u0131yla tamamland\u0131"},"content":{"rendered":"<p>Bat\u0131 Akdeniz Kalk\u0131nma Ajans\u0131 (BAKA) deste\u011fi, Sanayi ve Teknoloji \u0130l M\u00fcd\u00fcrl\u00fc\u011f\u00fcn\u00fcn i\u015f birli\u011finde y\u00fcr\u00fct\u00fclen ve 9 ay s\u00fcren yo\u011fun bir \u00e7al\u0131\u015fma s\u00fcrecinin ard\u0131ndan ba\u015far\u0131yla tamamlanan &#8220;Ye\u015fil OSB Temiz Antalya&#8221; projesinin kapan\u0131\u015f toplant\u0131s\u0131, Antalya Organize Sanayi B\u00f6lge M\u00fcd\u00fcrl\u00fc\u011f\u00fc Atat\u00fcrk Konferans Salonu&#8217;nda ger\u00e7ekle\u015ftirildi. Toplant\u0131, merhum ATSO Ba\u015fkan\u0131 Ali Bahar&#8217;\u0131n hat\u0131ras\u0131yla, \u0130stiklal Mar\u015f\u0131 ve sayg\u0131 duru\u015fuyla ba\u015flad\u0131. 17 Temmuz 2024&#8217;te ba\u015flayan proje, 2023 y\u0131l\u0131 \u00dcreten \u015eehirler Program\u0131 kapsam\u0131nda desteklenirken, Antalya Organize Sanayi B\u00f6lge M\u00fcd\u00fcrl\u00fc\u011f\u00fc&#8217;n\u00fcn ba\u015fvuru sahibi oldu\u011fu ve merhum Ba\u015fkan Ali Bahar&#8217;\u0131n a\u00e7\u0131l\u0131\u015f\u0131n\u0131 yapt\u0131\u011f\u0131 son proje olma \u00f6zelli\u011fini ta\u015f\u0131yor. Proje kapsam\u0131nda olan g\u0131da, kimya, kau\u00e7uk-plastik, metal ve elektrik sekt\u00f6rlerinde faaliyet g\u00f6steren 13 firmaya T\u00dcB\u0130TAK MAM i\u015f birli\u011finde temiz \u00fcretim et\u00fctleri yap\u0131ld\u0131, dan\u0131\u015fmanl\u0131k ve raporlama hizmeti sa\u011fland\u0131.<\/p>\n<p>&#8220;300&#8217;\u00fcn \u00fcst\u00fcnde firmas\u0131 olan bir organize sanayiyiz&#8221;<br \/>\nToplant\u0131n\u0131n a\u00e7\u0131l\u0131\u015f\u0131nda konu\u015fan Antalya Organize Sanayi B\u00f6lgesi (OSB) Y\u00f6netim Kurulu Ba\u015fkan\u0131 Hasanali G\u00f6nen, \u015fu ifadeleri kulland\u0131, &#8220;17 Temmuz&#8217;da 2024&#8217;te a\u00e7\u0131l\u0131\u015f\u0131n\u0131 yapt\u0131\u011f\u0131m\u0131z toplant\u0131y\u0131 maalesef 19 Temmuz 2024&#8217;te kaybetti\u011fimiz rahmetli Ali Bahar karde\u015fimiz yapm\u0131\u015ft\u0131. \u0130\u00e7imizde buruk bir sevin\u00e7 var. Her zaman onun bu projelerini ileriye g\u00f6t\u00fcrmek i\u00e7in, her y\u0131l B\u00f6lge M\u00fcd\u00fcrl\u00fc\u011f\u00fcm\u00fcz ve Y\u00f6netim Kurulu olarak onun t\u00fcm projelerinin arkas\u0131nday\u0131z ve takip\u00e7isiyiz. Son 10 y\u0131l i\u00e7erisinde b\u00f6lge m\u00fcd\u00fcrl\u00fc\u011f\u00fcm\u00fcz ev sahipli\u011finde ger\u00e7ekle\u015ftirilen 400&#8217;\u00fcn \u00fcst\u00fcnde etkinlik var. 634 farkl\u0131 kurulu\u015f, 15 binin \u00fcst\u00fcnde kat\u0131l\u0131mc\u0131yla bir araya gelerek b\u00f6lgemizde isti\u015fare k\u00fclt\u00fcr\u00fcn\u00fcn olu\u015fmas\u0131n\u0131 desteklemeye \u00e7al\u0131\u015ft\u0131k. Antalya Organize Sanayi B\u00f6lge M\u00fcd\u00fcrl\u00fc\u011f\u00fcm\u00fcz, OSB&#8217;ler i\u00e7inde tan\u0131mlanan g\u00fcncel gerekliliklere uygun olarak, hizmet s\u00fcrecinde ihtiya\u00e7 duyulan t\u00fcm ara\u00e7 gere\u00e7lerle ve kaynaklarla donat\u0131lm\u0131\u015f durumda. Bug\u00fcn 734 hektarl\u0131k bir alanda, 8 ana sekt\u00f6rde, toplam 25 bin \u00e7al\u0131\u015fan\u0131 olan, 300&#8217;\u00fcn \u00fcst\u00fcnde firmas\u0131 olan bir organize sanayiyiz. T\u00fcrkiye&#8217;de \u2018Ye\u015fil OSB&#8217; unvan\u0131 alan ilk 11 OSB i\u00e7erisindeyiz.&#8221;<\/p>\n<p>&#8220;12 milyon TL tasarruf sa\u011flayabilecek&#8221;<br \/>\n\u00c7evreyi ve sosyal de\u011ferleri \u00f6n planda tutma politikam\u0131z\u0131n gereklili\u011fi ve firmalar\u0131m\u0131z\u0131n uluslararas\u0131 platformlarda rekabet edebilirli\u011finin art\u0131r\u0131lmas\u0131 amac\u0131n\u0131 ta\u015f\u0131d\u0131\u011f\u0131n\u0131 aktaran G\u00f6nen, &#8220;Ye\u015fil D\u00f6n\u00fc\u015f\u00fcm \u00e7al\u0131\u015fmalar\u0131m\u0131z kapsam\u0131nda \u015fehrimiz ve b\u00f6lgemiz firmalar\u0131 i\u00e7in son iki y\u0131lda toplam 17 farkl\u0131 e\u011fitim ve fark\u0131ndal\u0131k organizasyonu ger\u00e7ekle\u015ftirdik. Ye\u015fil OSB ve Temiz Antalya Projesi de bu kapsamda ger\u00e7ekle\u015ftirdi\u011fimiz projelerden biri. Bat\u0131 Akdeniz Kalk\u0131nma Ajans\u0131 deste\u011fi ve Sanayi ve Teknoloji M\u00fcd\u00fcrl\u00fc\u011f\u00fc ortakl\u0131\u011f\u0131yla hayata ge\u00e7irdi\u011fimiz projeyle T\u00dcB\u0130TAK uzmanlar\u0131nca belirlenen 13 b\u00f6lge firmam\u0131z i\u00e7in \u00fccretsiz temiz \u00fcretim et\u00fctleri ger\u00e7ekle\u015ftirdik. Ayr\u0131ca s\u00fcren temiz \u00fcretim et\u00fctleri neticesinde T\u00dcB\u0130TAK uzmanlar\u0131m\u0131z taraf\u0131ndan kapsaml\u0131 raporlar olu\u015fturuldu. Konsolide et\u00fct raporlar\u0131 g\u00f6sterdi ki, ilgili b\u00f6lge firmalar\u0131m\u0131z\u0131n yapaca\u011f\u0131 enerji verimlili\u011fi iyile\u015ftirme neticesinde bir y\u0131l i\u00e7erisinde yakla\u015f\u0131k bin 450 ton karbon sal\u0131n\u0131m\u0131 \u00f6nlenebilecek ve 13 b\u00f6lge firmam\u0131z y\u0131ll\u0131k yakla\u015f\u0131k 12 milyon TL tasarruf sa\u011flayabilecek. Basit hesaplama usul\u00fcyle konuya yakla\u015ft\u0131\u011f\u0131m\u0131zda, enerji et\u00fct \u00e7al\u0131\u015fmalar\u0131n\u0131n b\u00f6lgemizin t\u00fcm firmalar\u0131na uygulanmas\u0131 durumunda bu tasarrufun yakla\u015f\u0131k 24 kat\u0131na \u00e7\u0131kmas\u0131 m\u00fcmk\u00fcn. Bu tasarruf miktar\u0131, k\u00fc\u00e7\u00fck \u00f6l\u00e7ekli bir fabrikan\u0131n kurulmas\u0131 i\u00e7in sermaye te\u015fkil edecek boyutta&#8221; diye konu\u015ftu.<\/p>\n<p>&#8220;Toplam 13 firmam\u0131za T\u00dcB\u0130TAK ve MAM i\u015f birli\u011fi i\u00e7erisinde bir dan\u0131\u015fmanl\u0131k hizmeti sunduk&#8221;<br \/>\nToplant\u0131da s\u00f6z alan Bat\u0131 Akdeniz Kalk\u0131nma Ajans\u0131 (BAKA) Genel Sekreteri Volkan G\u00fcler ise &#8220;Projemiz kapsam\u0131nda, \u00f6zellikle organize sanayi b\u00f6lgemizdeki i\u015fletmelerimizin ve firmalar\u0131m\u0131z\u0131n S\u0131n\u0131rda Karbon D\u00fczenleme Mekanizmas\u0131&#8217;na uyumunun sa\u011flanmas\u0131, ye\u015fil d\u00f6n\u00fc\u015f\u00fcme uyumlu bir \u015fekilde \u00fcretim yapmalar\u0131n\u0131n sa\u011flanmas\u0131 ve ayn\u0131 zamanda sonu\u00e7 olarak da rekabet edilebilirli\u011finin art\u0131r\u0131lmas\u0131 hedefleniyor. Bu kapsamda i\u015fletmelerimizin kaynak verimlilikleri, su kayna\u011f\u0131n\u0131n t\u00fcketimleri ve enerji verimlilik uygulamalar\u0131 ile at\u0131klar\u0131n\u0131 daha iyi nas\u0131l de\u011ferlendirdiklerine dair s\u00fcre\u00e7leri analiz etmi\u015f durumday\u0131z. Toplam 13 firmam\u0131za T\u00dcB\u0130TAK ve MAM i\u015f birli\u011fi i\u00e7erisinde bir dan\u0131\u015fmanl\u0131k hizmeti sunduk. G\u0131da sanayisinden kimya sanayisine, plastik ve kau\u00e7uktan metal-elektrik sanayisine ili\u015fkin olan firmalara biz bu projemiz ile birlikte \u00f6nlerine bir rapor sunmu\u015f olduk. Bu rapor \u00e7er\u00e7evesinde i\u015fletmelerimiz art\u0131k hangi s\u00fcre\u00e7lere ili\u015fkin iyile\u015fmeler ger\u00e7ekle\u015ftirildi\u011finde, neticesinde daha verimli, daha az t\u00fcketen ve dolayl\u0131 olarak rekabet\u00e7i ve maliyetlerini azaltm\u0131\u015f bir \u00fcretim s\u00fcrecine entegre olduklar\u0131n\u0131 bilmi\u015f olacaklar &#8220;dedi.<br \/>\nToplant\u0131ya, Antalya Organize Sanayi B\u00f6lgesi Y\u00f6netim Kurulu Ba\u015fkan\u0131 Hasanali G\u00f6nen, Bat\u0131 Akdeniz Kalk\u0131nma Ajans\u0131 Genel Sekreteri Volkan G\u00fcler, Antalya Ticaret ve Sanayi Odas\u0131 Ba\u015fkan Yard\u0131mc\u0131s\u0131 Hakan Pakal\u0131n, Korkuteli OSB Ba\u015fkan\u0131 Osman Bah\u00e7e, Organize Sanayi \u0130\u015f \u0130nsanlar\u0131 Derne\u011fi Ba\u015fkan\u0131 Mehmet At\u0131lgan, Akdeniz \u00dcniversitesi Rekt\u00f6r Yard\u0131mc\u0131s\u0131 Prof. Dr. Cengiz Toker, KOSGEB \u0130l M\u00fcd\u00fcr\u00fc \u0130brahim U\u011fur Erk\u0131\u015f, T\u00dcB\u0130TAK temsilcileri, proje faydalan\u0131c\u0131s\u0131 firmalar\u0131n yetkilileri ve b\u00f6lge sanayicileri kat\u0131ld\u0131.<br \/>\nToplant\u0131n\u0131n sonunda, proje s\u00fcrecine katk\u0131 sunan ki\u015fi ve kurumlara plaket takdim edildi.<\/p>\n<p>Kaynak: www.kanalv.com.tr Haber Sitesinden Al\u0131nm\u0131\u015ft\u0131r.<\/p>","protected":false},"excerpt":{"rendered":"<p>Bat\u0131 Akdeniz Kalk\u0131nma Ajans\u0131 (BAKA) deste\u011fi, Sanayi ve Teknoloji \u0130l M\u00fcd\u00fcrl\u00fc\u011f\u00fcn\u00fcn i\u015f birli\u011finde y\u00fcr\u00fct\u00fclen ve 9 ay s\u00fcren yo\u011fun bir \u00e7al\u0131\u015fma s\u00fcrecinin ard\u0131ndan ba\u015far\u0131yla tamamlanan &#8220;Ye\u015fil OSB Temiz Antalya&#8221; projesinin kapan\u0131\u015f toplant\u0131s\u0131, Antalya Organize Sanayi B\u00f6lge M\u00fcd\u00fcrl\u00fc\u011f\u00fc Atat\u00fcrk Konferans Salonu&#8217;nda ger\u00e7ekle\u015ftirildi. Toplant\u0131, merhum ATSO Ba\u015fkan\u0131 Ali Bahar&#8217;\u0131n hat\u0131ras\u0131yla, \u0130stiklal Mar\u015f\u0131 ve sayg\u0131 duru\u015fuyla ba\u015flad\u0131. 17 Temmuz 2024&#8217;te ba\u015flayan proje, 2023 y\u0131l\u0131 \u00dcreten \u015eehirler Program\u0131 kapsam\u0131nda desteklenirken, Antalya Organize Sanayi B\u00f6lge M\u00fcd\u00fcrl\u00fc\u011f\u00fc&#8217;n\u00fcn ba\u015fvuru sahibi oldu\u011fu ve merhum Ba\u015fkan Ali Bahar&#8217;\u0131n a\u00e7\u0131l\u0131\u015f\u0131n\u0131 yapt\u0131\u011f\u0131 son proje olma \u00f6zelli\u011fini ta\u015f\u0131yor. Proje kapsam\u0131nda olan g\u0131da, kimya, kau\u00e7uk-plastik, metal ve elektrik sekt\u00f6rlerinde faaliyet g\u00f6steren 13 firmaya T\u00dcB\u0130TAK MAM i\u015f birli\u011finde temiz \u00fcretim et\u00fctleri yap\u0131ld\u0131, dan\u0131\u015fmanl\u0131k ve raporlama hizmeti sa\u011fland\u0131. &#8220;300&#8217;\u00fcn \u00fcst\u00fcnde firmas\u0131 olan bir organize sanayiyiz&#8221; Toplant\u0131n\u0131n a\u00e7\u0131l\u0131\u015f\u0131nda konu\u015fan Antalya Organize Sanayi B\u00f6lgesi (OSB) Y\u00f6netim Kurulu Ba\u015fkan\u0131 Hasanali G\u00f6nen, \u015fu ifadeleri kulland\u0131, &#8220;17 Temmuz&#8217;da 2024&#8217;te a\u00e7\u0131l\u0131\u015f\u0131n\u0131 yapt\u0131\u011f\u0131m\u0131z toplant\u0131y\u0131 maalesef 19 Temmuz 2024&#8217;te kaybetti\u011fimiz rahmetli Ali Bahar karde\u015fimiz yapm\u0131\u015ft\u0131. \u0130\u00e7imizde buruk bir sevin\u00e7 var. Her zaman onun bu projelerini ileriye g\u00f6t\u00fcrmek i\u00e7in, her y\u0131l B\u00f6lge M\u00fcd\u00fcrl\u00fc\u011f\u00fcm\u00fcz ve Y\u00f6netim Kurulu olarak onun t\u00fcm projelerinin arkas\u0131nday\u0131z ve takip\u00e7isiyiz. Son 10 y\u0131l i\u00e7erisinde b\u00f6lge m\u00fcd\u00fcrl\u00fc\u011f\u00fcm\u00fcz ev sahipli\u011finde ger\u00e7ekle\u015ftirilen 400&#8217;\u00fcn \u00fcst\u00fcnde etkinlik var. 634 farkl\u0131 kurulu\u015f, 15 binin \u00fcst\u00fcnde kat\u0131l\u0131mc\u0131yla bir &hellip;<\/p>","protected":false},"author":4,"featured_media":58301,"comment_status":"","ping_status":"open","sticky":false,"template":"","format":"standard","meta":{"_acf_changed":false,"footnotes":""},"categories":[26],"tags":[],"class_list":["post-58300","post","type-post","status-publish","format-standard","has-post-thumbnail","hentry","category-antalya"],"acf":[],"yoast_head":"<!-- This site is optimized with the Yoast SEO Premium plugin v26.6 (Yoast SEO v27.1.1) - https:\/\/yoast.com\/product\/yoast-seo-premium-wordpress\/ -->\n<title>Ye\u015fil OSB temiz Antalya projesi ba\u015far\u0131yla tamamland\u0131 - Av. Deniz Can K\u0131z\u0131l<\/title>\n<meta name=\"robots\" content=\"index, follow, max-snippet:-1, max-image-preview:large, max-video-preview:-1\" \/>\n<link rel=\"canonical\" href=\"https:\/\/denizcankizil.tr\/uk\/haberler\/antalya\/yesil-osb-temiz-antalya-projesi-basariyla-tamamlandi\/\" \/>\n<meta property=\"og:locale\" content=\"uk_UA\" \/>\n<meta property=\"og:type\" content=\"article\" \/>\n<meta property=\"og:title\" content=\"Ye\u015fil OSB temiz Antalya projesi ba\u015far\u0131yla tamamland\u0131\" \/>\n<meta property=\"og:description\" content=\"Bat\u0131 Akdeniz Kalk\u0131nma Ajans\u0131 (BAKA) deste\u011fi, Sanayi ve Teknoloji \u0130l M\u00fcd\u00fcrl\u00fc\u011f\u00fcn\u00fcn i\u015f birli\u011finde y\u00fcr\u00fct\u00fclen ve 9 ay s\u00fcren yo\u011fun bir \u00e7al\u0131\u015fma s\u00fcrecinin ard\u0131ndan ba\u015far\u0131yla tamamlanan &#8220;Ye\u015fil OSB Temiz Antalya&#8221; projesinin kapan\u0131\u015f toplant\u0131s\u0131, Antalya Organize Sanayi B\u00f6lge M\u00fcd\u00fcrl\u00fc\u011f\u00fc Atat\u00fcrk Konferans Salonu&#8217;nda ger\u00e7ekle\u015ftirildi. Toplant\u0131, merhum ATSO Ba\u015fkan\u0131 Ali Bahar&#8217;\u0131n hat\u0131ras\u0131yla, \u0130stiklal Mar\u015f\u0131 ve sayg\u0131 duru\u015fuyla ba\u015flad\u0131. 17 Temmuz 2024&#8217;te ba\u015flayan proje, 2023 y\u0131l\u0131 \u00dcreten \u015eehirler Program\u0131 kapsam\u0131nda desteklenirken, Antalya Organize Sanayi B\u00f6lge M\u00fcd\u00fcrl\u00fc\u011f\u00fc&#8217;n\u00fcn ba\u015fvuru sahibi oldu\u011fu ve merhum Ba\u015fkan Ali Bahar&#8217;\u0131n a\u00e7\u0131l\u0131\u015f\u0131n\u0131 yapt\u0131\u011f\u0131 son proje olma \u00f6zelli\u011fini ta\u015f\u0131yor. Proje kapsam\u0131nda olan g\u0131da, kimya, kau\u00e7uk-plastik, metal ve elektrik sekt\u00f6rlerinde faaliyet g\u00f6steren 13 firmaya T\u00dcB\u0130TAK MAM i\u015f birli\u011finde temiz \u00fcretim et\u00fctleri yap\u0131ld\u0131, dan\u0131\u015fmanl\u0131k ve raporlama hizmeti sa\u011fland\u0131. &#8220;300&#8217;\u00fcn \u00fcst\u00fcnde firmas\u0131 olan bir organize sanayiyiz&#8221; Toplant\u0131n\u0131n a\u00e7\u0131l\u0131\u015f\u0131nda konu\u015fan Antalya Organize Sanayi B\u00f6lgesi (OSB) Y\u00f6netim Kurulu Ba\u015fkan\u0131 Hasanali G\u00f6nen, \u015fu ifadeleri kulland\u0131, &#8220;17 Temmuz&#8217;da 2024&#8217;te a\u00e7\u0131l\u0131\u015f\u0131n\u0131 yapt\u0131\u011f\u0131m\u0131z toplant\u0131y\u0131 maalesef 19 Temmuz 2024&#8217;te kaybetti\u011fimiz rahmetli Ali Bahar karde\u015fimiz yapm\u0131\u015ft\u0131. \u0130\u00e7imizde buruk bir sevin\u00e7 var. Her zaman onun bu projelerini ileriye g\u00f6t\u00fcrmek i\u00e7in, her y\u0131l B\u00f6lge M\u00fcd\u00fcrl\u00fc\u011f\u00fcm\u00fcz ve Y\u00f6netim Kurulu olarak onun t\u00fcm projelerinin arkas\u0131nday\u0131z ve takip\u00e7isiyiz. Son 10 y\u0131l i\u00e7erisinde b\u00f6lge m\u00fcd\u00fcrl\u00fc\u011f\u00fcm\u00fcz ev sahipli\u011finde ger\u00e7ekle\u015ftirilen 400&#8217;\u00fcn \u00fcst\u00fcnde etkinlik var. 634 farkl\u0131 kurulu\u015f, 15 binin \u00fcst\u00fcnde kat\u0131l\u0131mc\u0131yla bir &hellip;\" \/>\n<meta property=\"og:url\" content=\"https:\/\/denizcankizil.tr\/uk\/haberler\/antalya\/yesil-osb-temiz-antalya-projesi-basariyla-tamamlandi\/\" \/>\n<meta property=\"og:site_name\" content=\"Av. Deniz Can K\u0131z\u0131l\" \/>\n<meta property=\"article:published_time\" content=\"2025-04-17T07:41:15+00:00\" \/>\n<meta property=\"og:image\" content=\"https:\/\/denizcankizil.tr\/wp-content\/uploads\/2025\/04\/5848-01-ztUw13.jpg\" \/>\n\t<meta property=\"og:image:width\" content=\"1280\" \/>\n\t<meta property=\"og:image:height\" content=\"720\" \/>\n\t<meta property=\"og:image:type\" content=\"image\/jpeg\" \/>\n<meta name=\"author\" content=\"Av. Deniz Can K\u0131z\u0131l\" \/>\n<meta name=\"twitter:card\" content=\"summary_large_image\" \/>\n<meta name=\"twitter:label1\" content=\"\u041d\u0430\u043f\u0438\u0441\u0430\u043d\u043e\" \/>\n\t<meta name=\"twitter:data1\" content=\"Av. Deniz Can K\u0131z\u0131l\" \/>\n\t<meta name=\"twitter:label2\" content=\"\u041f\u0440\u0438\u0431\u043b. \u0447\u0430\u0441 \u0447\u0438\u0442\u0430\u043d\u043d\u044f\" \/>\n\t<meta name=\"twitter:data2\" content=\"5 \u0445\u0432\u0438\u043b\u0438\u043d\" \/>\n<script type=\"application\/ld+json\" class=\"yoast-schema-graph\">{\"@context\":\"https:\/\/schema.org\",\"@graph\":[{\"@type\":\"Article\",\"@id\":\"https:\/\/denizcankizil.tr\/ru\/haberler\/antalya\/yesil-osb-temiz-antalya-projesi-basariyla-tamamlandi\/#article\",\"isPartOf\":{\"@id\":\"https:\/\/denizcankizil.tr\/ru\/haberler\/antalya\/yesil-osb-temiz-antalya-projesi-basariyla-tamamlandi\/\"},\"author\":{\"name\":\"Av. Deniz Can K\u0131z\u0131l\",\"@id\":\"https:\/\/denizcankizil.tr\/de\/#\/schema\/person\/5dc1b22991bd7ac833867c10afc9b0ff\"},\"headline\":\"Ye\u015fil OSB temiz Antalya projesi ba\u015far\u0131yla tamamland\u0131\",\"datePublished\":\"2025-04-17T07:41:15+00:00\",\"mainEntityOfPage\":{\"@id\":\"https:\/\/denizcankizil.tr\/ru\/haberler\/antalya\/yesil-osb-temiz-antalya-projesi-basariyla-tamamlandi\/\"},\"wordCount\":985,\"publisher\":{\"@id\":\"https:\/\/denizcankizil.tr\/de\/#organization\"},\"image\":{\"@id\":\"https:\/\/denizcankizil.tr\/ru\/haberler\/antalya\/yesil-osb-temiz-antalya-projesi-basariyla-tamamlandi\/#primaryimage\"},\"thumbnailUrl\":\"https:\/\/denizcankizil.tr\/wp-content\/uploads\/2025\/04\/5848-01-ztUw13.jpg\",\"articleSection\":[\"Antalya\"],\"inLanguage\":\"uk\"},{\"@type\":\"WebPage\",\"@id\":\"https:\/\/denizcankizil.tr\/ru\/haberler\/antalya\/yesil-osb-temiz-antalya-projesi-basariyla-tamamlandi\/\",\"url\":\"https:\/\/denizcankizil.tr\/ru\/haberler\/antalya\/yesil-osb-temiz-antalya-projesi-basariyla-tamamlandi\/\",\"name\":\"Ye\u015fil OSB temiz Antalya projesi ba\u015far\u0131yla tamamland\u0131 - Av. Deniz Can K\u0131z\u0131l\",\"isPartOf\":{\"@id\":\"https:\/\/denizcankizil.tr\/de\/#website\"},\"primaryImageOfPage\":{\"@id\":\"https:\/\/denizcankizil.tr\/ru\/haberler\/antalya\/yesil-osb-temiz-antalya-projesi-basariyla-tamamlandi\/#primaryimage\"},\"image\":{\"@id\":\"https:\/\/denizcankizil.tr\/ru\/haberler\/antalya\/yesil-osb-temiz-antalya-projesi-basariyla-tamamlandi\/#primaryimage\"},\"thumbnailUrl\":\"https:\/\/denizcankizil.tr\/wp-content\/uploads\/2025\/04\/5848-01-ztUw13.jpg\",\"datePublished\":\"2025-04-17T07:41:15+00:00\",\"breadcrumb\":{\"@id\":\"https:\/\/denizcankizil.tr\/ru\/haberler\/antalya\/yesil-osb-temiz-antalya-projesi-basariyla-tamamlandi\/#breadcrumb\"},\"inLanguage\":\"uk\",\"potentialAction\":[{\"@type\":\"ReadAction\",\"target\":[\"https:\/\/denizcankizil.tr\/ru\/haberler\/antalya\/yesil-osb-temiz-antalya-projesi-basariyla-tamamlandi\/\"]}]},{\"@type\":\"ImageObject\",\"inLanguage\":\"uk\",\"@id\":\"https:\/\/denizcankizil.tr\/ru\/haberler\/antalya\/yesil-osb-temiz-antalya-projesi-basariyla-tamamlandi\/#primaryimage\",\"url\":\"https:\/\/denizcankizil.tr\/wp-content\/uploads\/2025\/04\/5848-01-ztUw13.jpg\",\"contentUrl\":\"https:\/\/denizcankizil.tr\/wp-content\/uploads\/2025\/04\/5848-01-ztUw13.jpg\",\"width\":1280,\"height\":720},{\"@type\":\"BreadcrumbList\",\"@id\":\"https:\/\/denizcankizil.tr\/ru\/haberler\/antalya\/yesil-osb-temiz-antalya-projesi-basariyla-tamamlandi\/#breadcrumb\",\"itemListElement\":[{\"@type\":\"ListItem\",\"position\":1,\"name\":\"Home\",\"item\":\"https:\/\/denizcankizil.tr\/de\/\"},{\"@type\":\"ListItem\",\"position\":2,\"name\":\"Ye\u015fil OSB temiz Antalya projesi ba\u015far\u0131yla tamamland\u0131\"}]},{\"@type\":\"WebSite\",\"@id\":\"https:\/\/denizcankizil.tr\/de\/#website\",\"url\":\"https:\/\/denizcankizil.tr\/de\/\",\"name\":\"Av. Deniz Can K\u0131z\u0131l\",\"description\":\"Avukat Deniz Can K\u0131z\u0131l Antalya Barosu\",\"publisher\":{\"@id\":\"https:\/\/denizcankizil.tr\/de\/#organization\"},\"potentialAction\":[{\"@type\":\"SearchAction\",\"target\":{\"@type\":\"EntryPoint\",\"urlTemplate\":\"https:\/\/denizcankizil.tr\/de\/?s={search_term_string}\"},\"query-input\":{\"@type\":\"PropertyValueSpecification\",\"valueRequired\":true,\"valueName\":\"search_term_string\"}}],\"inLanguage\":\"uk\"},{\"@type\":\"Organization\",\"@id\":\"https:\/\/denizcankizil.tr\/de\/#organization\",\"name\":\"Av. Deniz Can K\u0131z\u0131l\",\"url\":\"https:\/\/denizcankizil.tr\/de\/\",\"logo\":{\"@type\":\"ImageObject\",\"inLanguage\":\"uk\",\"@id\":\"https:\/\/denizcankizil.tr\/de\/#\/schema\/logo\/image\/\",\"url\":\"https:\/\/denizcankizil.tr\/wp-content\/uploads\/2024\/10\/siyah-logo-svg.svg\",\"contentUrl\":\"https:\/\/denizcankizil.tr\/wp-content\/uploads\/2024\/10\/siyah-logo-svg.svg\",\"width\":1080,\"height\":1080,\"caption\":\"Av. Deniz Can K\u0131z\u0131l\"},\"image\":{\"@id\":\"https:\/\/denizcankizil.tr\/de\/#\/schema\/logo\/image\/\"}},{\"@type\":\"Person\",\"@id\":\"https:\/\/denizcankizil.tr\/de\/#\/schema\/person\/5dc1b22991bd7ac833867c10afc9b0ff\",\"name\":\"Av. Deniz Can K\u0131z\u0131l\",\"image\":{\"@type\":\"ImageObject\",\"inLanguage\":\"uk\",\"@id\":\"https:\/\/denizcankizil.tr\/de\/#\/schema\/person\/image\/\",\"url\":\"https:\/\/secure.gravatar.com\/avatar\/a0b128fb9855c79efc976d5640eedb31dc35ec297594d6016d2cf7c60e975bb6?s=96&d=mm&r=g\",\"contentUrl\":\"https:\/\/secure.gravatar.com\/avatar\/a0b128fb9855c79efc976d5640eedb31dc35ec297594d6016d2cf7c60e975bb6?s=96&d=mm&r=g\",\"caption\":\"Av. Deniz Can K\u0131z\u0131l\"},\"sameAs\":[\"http:\/\/www.denizcankizil.tr\"],\"url\":\"https:\/\/denizcankizil.tr\/uk\/author\/denizcankizil\/\"}]}<\/script>\n<!-- \/ Yoast SEO Premium plugin. -->","yoast_head_json":{"title":"Ye\u015fil OSB temiz Antalya projesi ba\u015far\u0131yla tamamland\u0131 - Av. Deniz Can K\u0131z\u0131l","robots":{"index":"index","follow":"follow","max-snippet":"max-snippet:-1","max-image-preview":"max-image-preview:large","max-video-preview":"max-video-preview:-1"},"canonical":"https:\/\/denizcankizil.tr\/uk\/haberler\/antalya\/yesil-osb-temiz-antalya-projesi-basariyla-tamamlandi\/","og_locale":"uk_UA","og_type":"article","og_title":"Ye\u015fil OSB temiz Antalya projesi ba\u015far\u0131yla tamamland\u0131","og_description":"Bat\u0131 Akdeniz Kalk\u0131nma Ajans\u0131 (BAKA) deste\u011fi, Sanayi ve Teknoloji \u0130l M\u00fcd\u00fcrl\u00fc\u011f\u00fcn\u00fcn i\u015f birli\u011finde y\u00fcr\u00fct\u00fclen ve 9 ay s\u00fcren yo\u011fun bir \u00e7al\u0131\u015fma s\u00fcrecinin ard\u0131ndan ba\u015far\u0131yla tamamlanan &#8220;Ye\u015fil OSB Temiz Antalya&#8221; projesinin kapan\u0131\u015f toplant\u0131s\u0131, Antalya Organize Sanayi B\u00f6lge M\u00fcd\u00fcrl\u00fc\u011f\u00fc Atat\u00fcrk Konferans Salonu&#8217;nda ger\u00e7ekle\u015ftirildi. Toplant\u0131, merhum ATSO Ba\u015fkan\u0131 Ali Bahar&#8217;\u0131n hat\u0131ras\u0131yla, \u0130stiklal Mar\u015f\u0131 ve sayg\u0131 duru\u015fuyla ba\u015flad\u0131. 17 Temmuz 2024&#8217;te ba\u015flayan proje, 2023 y\u0131l\u0131 \u00dcreten \u015eehirler Program\u0131 kapsam\u0131nda desteklenirken, Antalya Organize Sanayi B\u00f6lge M\u00fcd\u00fcrl\u00fc\u011f\u00fc&#8217;n\u00fcn ba\u015fvuru sahibi oldu\u011fu ve merhum Ba\u015fkan Ali Bahar&#8217;\u0131n a\u00e7\u0131l\u0131\u015f\u0131n\u0131 yapt\u0131\u011f\u0131 son proje olma \u00f6zelli\u011fini ta\u015f\u0131yor. Proje kapsam\u0131nda olan g\u0131da, kimya, kau\u00e7uk-plastik, metal ve elektrik sekt\u00f6rlerinde faaliyet g\u00f6steren 13 firmaya T\u00dcB\u0130TAK MAM i\u015f birli\u011finde temiz \u00fcretim et\u00fctleri yap\u0131ld\u0131, dan\u0131\u015fmanl\u0131k ve raporlama hizmeti sa\u011fland\u0131. &#8220;300&#8217;\u00fcn \u00fcst\u00fcnde firmas\u0131 olan bir organize sanayiyiz&#8221; Toplant\u0131n\u0131n a\u00e7\u0131l\u0131\u015f\u0131nda konu\u015fan Antalya Organize Sanayi B\u00f6lgesi (OSB) Y\u00f6netim Kurulu Ba\u015fkan\u0131 Hasanali G\u00f6nen, \u015fu ifadeleri kulland\u0131, &#8220;17 Temmuz&#8217;da 2024&#8217;te a\u00e7\u0131l\u0131\u015f\u0131n\u0131 yapt\u0131\u011f\u0131m\u0131z toplant\u0131y\u0131 maalesef 19 Temmuz 2024&#8217;te kaybetti\u011fimiz rahmetli Ali Bahar karde\u015fimiz yapm\u0131\u015ft\u0131. \u0130\u00e7imizde buruk bir sevin\u00e7 var. Her zaman onun bu projelerini ileriye g\u00f6t\u00fcrmek i\u00e7in, her y\u0131l B\u00f6lge M\u00fcd\u00fcrl\u00fc\u011f\u00fcm\u00fcz ve Y\u00f6netim Kurulu olarak onun t\u00fcm projelerinin arkas\u0131nday\u0131z ve takip\u00e7isiyiz. Son 10 y\u0131l i\u00e7erisinde b\u00f6lge m\u00fcd\u00fcrl\u00fc\u011f\u00fcm\u00fcz ev sahipli\u011finde ger\u00e7ekle\u015ftirilen 400&#8217;\u00fcn \u00fcst\u00fcnde etkinlik var. 634 farkl\u0131 kurulu\u015f, 15 binin \u00fcst\u00fcnde kat\u0131l\u0131mc\u0131yla bir &hellip;","og_url":"https:\/\/denizcankizil.tr\/uk\/haberler\/antalya\/yesil-osb-temiz-antalya-projesi-basariyla-tamamlandi\/","og_site_name":"Av. Deniz Can K\u0131z\u0131l","article_published_time":"2025-04-17T07:41:15+00:00","og_image":[{"width":1280,"height":720,"url":"https:\/\/denizcankizil.tr\/wp-content\/uploads\/2025\/04\/5848-01-ztUw13.jpg","type":"image\/jpeg"}],"author":"Av. Deniz Can K\u0131z\u0131l","twitter_card":"summary_large_image","twitter_misc":{"\u041d\u0430\u043f\u0438\u0441\u0430\u043d\u043e":"Av. Deniz Can K\u0131z\u0131l","\u041f\u0440\u0438\u0431\u043b. \u0447\u0430\u0441 \u0447\u0438\u0442\u0430\u043d\u043d\u044f":"5 \u0445\u0432\u0438\u043b\u0438\u043d"},"schema":{"@context":"https:\/\/schema.org","@graph":[{"@type":"Article","@id":"https:\/\/denizcankizil.tr\/ru\/haberler\/antalya\/yesil-osb-temiz-antalya-projesi-basariyla-tamamlandi\/#article","isPartOf":{"@id":"https:\/\/denizcankizil.tr\/ru\/haberler\/antalya\/yesil-osb-temiz-antalya-projesi-basariyla-tamamlandi\/"},"author":{"name":"Av. Deniz Can K\u0131z\u0131l","@id":"https:\/\/denizcankizil.tr\/de\/#\/schema\/person\/5dc1b22991bd7ac833867c10afc9b0ff"},"headline":"Ye\u015fil OSB temiz Antalya projesi ba\u015far\u0131yla tamamland\u0131","datePublished":"2025-04-17T07:41:15+00:00","mainEntityOfPage":{"@id":"https:\/\/denizcankizil.tr\/ru\/haberler\/antalya\/yesil-osb-temiz-antalya-projesi-basariyla-tamamlandi\/"},"wordCount":985,"publisher":{"@id":"https:\/\/denizcankizil.tr\/de\/#organization"},"image":{"@id":"https:\/\/denizcankizil.tr\/ru\/haberler\/antalya\/yesil-osb-temiz-antalya-projesi-basariyla-tamamlandi\/#primaryimage"},"thumbnailUrl":"https:\/\/denizcankizil.tr\/wp-content\/uploads\/2025\/04\/5848-01-ztUw13.jpg","articleSection":["Antalya"],"inLanguage":"uk"},{"@type":"WebPage","@id":"https:\/\/denizcankizil.tr\/ru\/haberler\/antalya\/yesil-osb-temiz-antalya-projesi-basariyla-tamamlandi\/","url":"https:\/\/denizcankizil.tr\/ru\/haberler\/antalya\/yesil-osb-temiz-antalya-projesi-basariyla-tamamlandi\/","name":"Ye\u015fil OSB temiz Antalya projesi ba\u015far\u0131yla tamamland\u0131 - Av. Deniz Can K\u0131z\u0131l","isPartOf":{"@id":"https:\/\/denizcankizil.tr\/de\/#website"},"primaryImageOfPage":{"@id":"https:\/\/denizcankizil.tr\/ru\/haberler\/antalya\/yesil-osb-temiz-antalya-projesi-basariyla-tamamlandi\/#primaryimage"},"image":{"@id":"https:\/\/denizcankizil.tr\/ru\/haberler\/antalya\/yesil-osb-temiz-antalya-projesi-basariyla-tamamlandi\/#primaryimage"},"thumbnailUrl":"https:\/\/denizcankizil.tr\/wp-content\/uploads\/2025\/04\/5848-01-ztUw13.jpg","datePublished":"2025-04-17T07:41:15+00:00","breadcrumb":{"@id":"https:\/\/denizcankizil.tr\/ru\/haberler\/antalya\/yesil-osb-temiz-antalya-projesi-basariyla-tamamlandi\/#breadcrumb"},"inLanguage":"uk","potentialAction":[{"@type":"ReadAction","target":["https:\/\/denizcankizil.tr\/ru\/haberler\/antalya\/yesil-osb-temiz-antalya-projesi-basariyla-tamamlandi\/"]}]},{"@type":"ImageObject","inLanguage":"uk","@id":"https:\/\/denizcankizil.tr\/ru\/haberler\/antalya\/yesil-osb-temiz-antalya-projesi-basariyla-tamamlandi\/#primaryimage","url":"https:\/\/denizcankizil.tr\/wp-content\/uploads\/2025\/04\/5848-01-ztUw13.jpg","contentUrl":"https:\/\/denizcankizil.tr\/wp-content\/uploads\/2025\/04\/5848-01-ztUw13.jpg","width":1280,"height":720},{"@type":"BreadcrumbList","@id":"https:\/\/denizcankizil.tr\/ru\/haberler\/antalya\/yesil-osb-temiz-antalya-projesi-basariyla-tamamlandi\/#breadcrumb","itemListElement":[{"@type":"ListItem","position":1,"name":"Home","item":"https:\/\/denizcankizil.tr\/de\/"},{"@type":"ListItem","position":2,"name":"Ye\u015fil OSB temiz Antalya projesi ba\u015far\u0131yla tamamland\u0131"}]},{"@type":"WebSite","@id":"https:\/\/denizcankizil.tr\/de\/#website","url":"https:\/\/denizcankizil.tr\/de\/","name":"Av. Deniz Can K\u0131z\u0131l","description":"Avukat Deniz Can K\u0131z\u0131l Antalya Barosu","publisher":{"@id":"https:\/\/denizcankizil.tr\/de\/#organization"},"potentialAction":[{"@type":"SearchAction","target":{"@type":"EntryPoint","urlTemplate":"https:\/\/denizcankizil.tr\/de\/?s={search_term_string}"},"query-input":{"@type":"PropertyValueSpecification","valueRequired":true,"valueName":"search_term_string"}}],"inLanguage":"uk"},{"@type":"Organization","@id":"https:\/\/denizcankizil.tr\/de\/#organization","name":"Av. Deniz Can K\u0131z\u0131l","url":"https:\/\/denizcankizil.tr\/de\/","logo":{"@type":"ImageObject","inLanguage":"uk","@id":"https:\/\/denizcankizil.tr\/de\/#\/schema\/logo\/image\/","url":"https:\/\/denizcankizil.tr\/wp-content\/uploads\/2024\/10\/siyah-logo-svg.svg","contentUrl":"https:\/\/denizcankizil.tr\/wp-content\/uploads\/2024\/10\/siyah-logo-svg.svg","width":1080,"height":1080,"caption":"Av. Deniz Can K\u0131z\u0131l"},"image":{"@id":"https:\/\/denizcankizil.tr\/de\/#\/schema\/logo\/image\/"}},{"@type":"Person","@id":"https:\/\/denizcankizil.tr\/de\/#\/schema\/person\/5dc1b22991bd7ac833867c10afc9b0ff","name":"Av. Deniz Can K\u0131z\u0131l","image":{"@type":"ImageObject","inLanguage":"uk","@id":"https:\/\/denizcankizil.tr\/de\/#\/schema\/person\/image\/","url":"https:\/\/secure.gravatar.com\/avatar\/a0b128fb9855c79efc976d5640eedb31dc35ec297594d6016d2cf7c60e975bb6?s=96&d=mm&r=g","contentUrl":"https:\/\/secure.gravatar.com\/avatar\/a0b128fb9855c79efc976d5640eedb31dc35ec297594d6016d2cf7c60e975bb6?s=96&d=mm&r=g","caption":"Av. Deniz Can K\u0131z\u0131l"},"sameAs":["http:\/\/www.denizcankizil.tr"],"url":"https:\/\/denizcankizil.tr\/uk\/author\/denizcankizil\/"}]}},"_links":{"self":[{"href":"https:\/\/denizcankizil.tr\/uk\/wp-json\/wp\/v2\/posts\/58300","targetHints":{"allow":["GET"]}}],"collection":[{"href":"https:\/\/denizcankizil.tr\/uk\/wp-json\/wp\/v2\/posts"}],"about":[{"href":"https:\/\/denizcankizil.tr\/uk\/wp-json\/wp\/v2\/types\/post"}],"author":[{"embeddable":true,"href":"https:\/\/denizcankizil.tr\/uk\/wp-json\/wp\/v2\/users\/4"}],"replies":[{"embeddable":true,"href":"https:\/\/denizcankizil.tr\/uk\/wp-json\/wp\/v2\/comments?post=58300"}],"version-history":[{"count":0,"href":"https:\/\/denizcankizil.tr\/uk\/wp-json\/wp\/v2\/posts\/58300\/revisions"}],"wp:featuredmedia":[{"embeddable":true,"href":"https:\/\/denizcankizil.tr\/uk\/wp-json\/wp\/v2\/media\/58301"}],"wp:attachment":[{"href":"https:\/\/denizcankizil.tr\/uk\/wp-json\/wp\/v2\/media?parent=58300"}],"wp:term":[{"taxonomy":"category","embeddable":true,"href":"https:\/\/denizcankizil.tr\/uk\/wp-json\/wp\/v2\/categories?post=58300"},{"taxonomy":"post_tag","embeddable":true,"href":"https:\/\/denizcankizil.tr\/uk\/wp-json\/wp\/v2\/tags?post=58300"}],"curies":[{"name":"wp","href":"https:\/\/api.w.org\/{rel}","templated":true}]}}