{"id":57913,"date":"2025-04-16T23:41:15","date_gmt":"2025-04-16T20:41:15","guid":{"rendered":"https:\/\/denizcankizil.tr\/uncategorized-tr\/savcilik-harekete-gecti-rasim-ozan-kutahyali-hakkinda-sorusturma-baslatildi\/"},"modified":"2025-04-16T23:41:15","modified_gmt":"2025-04-16T20:41:15","slug":"savcilik-harekete-gecti-rasim-ozan-kutahyali-hakkinda-sorusturma-baslatildi","status":"publish","type":"post","link":"https:\/\/denizcankizil.tr\/uk\/haberler\/gundem\/savcilik-harekete-gecti-rasim-ozan-kutahyali-hakkinda-sorusturma-baslatildi\/","title":{"rendered":"Savc\u0131l\u0131k harekete ge\u00e7ti! Rasim Ozan K\u00fctahyal\u0131 hakk\u0131nda soru\u015fturma ba\u015flat\u0131ld\u0131"},"content":{"rendered":"<p>Rasim Ozan K\u00fctahyal\u0131\u2019n\u0131n @RasimOzan_K isimli twitter hesab\u0131 \u00fczerinden 16 Nisan 2025 tarihinde yapm\u0131\u015f oldu\u011fu \u2018Yar\u0131n Kas\u0131m 2023 CHP Kurultay\u0131 iptal ediliyor. CHP\u2019ye ge\u00e7ici kayyum atanarak, 45 g\u00fcn sonra 1 Haziran 2025\u2019te CHP\u2019nin yeni kurultay\u0131na gidiliyor. Kayyum Hikmet \u00c7etin olacak deniliyor. Muhtemel bir ayaklanma ihtimaline kar\u015f\u0131 \u0130stanbul\u2019dan Ankara\u2019ya \u00e7ok say\u0131da g\u00fcvenlik g\u00fc\u00e7leri sevk edildi. Ankara t\u00fcm g\u00fcvenlik g\u00fc\u00e7leri izinleri iptal edildi. Yar\u0131n Ankara, \u00e7ok uzun bir g\u00fcne haz\u0131rlan\u0131yor. Maalesef vaziyet b\u00f6yle g\u00f6r\u00fcn\u00fcyor&#8217; \u015feklindeki payla\u015f\u0131m\u0131ndan \u00f6t\u00fcr\u00fc hakk\u0131nda soru\u015fturma ba\u015flat\u0131ld\u0131.<\/p>\n<p>SAVCILIKTAN YAPILAN A\u00c7IKLAMA<\/p>\n<p>Ankara Cumhuriyet Ba\u015fsavc\u0131l\u0131\u011f\u0131 taraf\u0131ndan yap\u0131lan a\u00e7\u0131klamada, \u201cRasim Ozan K\u00fctahyal\u0131 hakk\u0131nda TCK 217 maddesine muhalefet su\u00e7undan re\u2019sen soru\u015fturma ba\u015flat\u0131ld\u0131\u011f\u0131na dair i\u015f bu tutanak d\u00fczenlenerek imza alt\u0131na al\u0131nm\u0131\u015ft\u0131r&#8221; denildi.<\/p>\n<p>\u200bAnkara Cumhuriyet Ba\u015fsavc\u0131l\u0131\u011f\u0131, &#8220;Halk\u0131 yan\u0131lt\u0131c\u0131 bilgiyi alenen yayma&#8221; su\u00e7undan dolay\u0131 Rasim Ozan K\u00fctahyal\u0131 hakk\u0131nda soru\u015fturma ba\u015flatt\u0131.\u00a0<\/p>\n<p>\u200bHaberin Al\u0131nt\u0131land\u0131\u011f\u0131 Kaynak: www.antalyakorfez.com<\/p>","protected":false},"excerpt":{"rendered":"<p>Rasim Ozan K\u00fctahyal\u0131\u2019n\u0131n @RasimOzan_K isimli twitter hesab\u0131 \u00fczerinden 16 Nisan 2025 tarihinde yapm\u0131\u015f oldu\u011fu \u2018Yar\u0131n Kas\u0131m 2023 CHP Kurultay\u0131 iptal ediliyor. CHP\u2019ye ge\u00e7ici kayyum atanarak, 45 g\u00fcn sonra 1 Haziran 2025\u2019te CHP\u2019nin yeni kurultay\u0131na gidiliyor. Kayyum Hikmet \u00c7etin olacak deniliyor. Muhtemel bir ayaklanma ihtimaline kar\u015f\u0131 \u0130stanbul\u2019dan Ankara\u2019ya \u00e7ok say\u0131da g\u00fcvenlik g\u00fc\u00e7leri sevk edildi. Ankara t\u00fcm g\u00fcvenlik g\u00fc\u00e7leri izinleri iptal edildi. Yar\u0131n Ankara, \u00e7ok uzun bir g\u00fcne haz\u0131rlan\u0131yor. Maalesef vaziyet b\u00f6yle g\u00f6r\u00fcn\u00fcyor&#8217; \u015feklindeki payla\u015f\u0131m\u0131ndan \u00f6t\u00fcr\u00fc hakk\u0131nda soru\u015fturma ba\u015flat\u0131ld\u0131. SAVCILIKTAN YAPILAN A\u00c7IKLAMA Ankara Cumhuriyet Ba\u015fsavc\u0131l\u0131\u011f\u0131 taraf\u0131ndan yap\u0131lan a\u00e7\u0131klamada, \u201cRasim Ozan K\u00fctahyal\u0131 hakk\u0131nda TCK 217 maddesine muhalefet su\u00e7undan re\u2019sen soru\u015fturma ba\u015flat\u0131ld\u0131\u011f\u0131na dair i\u015f bu tutanak d\u00fczenlenerek imza alt\u0131na al\u0131nm\u0131\u015ft\u0131r&#8221; denildi. \u200bAnkara Cumhuriyet Ba\u015fsavc\u0131l\u0131\u011f\u0131, &#8220;Halk\u0131 yan\u0131lt\u0131c\u0131 bilgiyi alenen yayma&#8221; su\u00e7undan dolay\u0131 Rasim Ozan K\u00fctahyal\u0131 hakk\u0131nda soru\u015fturma ba\u015flatt\u0131.\u00a0 \u200bHaberin Al\u0131nt\u0131land\u0131\u011f\u0131 Kaynak: www.antalyakorfez.com<\/p>","protected":false},"author":5,"featured_media":0,"comment_status":"","ping_status":"open","sticky":false,"template":"","format":"standard","meta":{"_acf_changed":false,"footnotes":""},"categories":[24],"tags":[],"class_list":["post-57913","post","type-post","status-publish","format-standard","has-post-thumbnail","hentry","category-gundem"],"acf":[],"yoast_head":"<!-- This site is optimized with the Yoast SEO Premium plugin v26.6 (Yoast SEO v27.1.1) - https:\/\/yoast.com\/product\/yoast-seo-premium-wordpress\/ -->\n<title>Savc\u0131l\u0131k harekete ge\u00e7ti! Rasim Ozan K\u00fctahyal\u0131 hakk\u0131nda soru\u015fturma ba\u015flat\u0131ld\u0131 - Av. Deniz Can K\u0131z\u0131l<\/title>\n<meta name=\"robots\" content=\"index, follow, max-snippet:-1, max-image-preview:large, max-video-preview:-1\" \/>\n<link rel=\"canonical\" href=\"https:\/\/denizcankizil.tr\/uk\/haberler\/gundem\/savcilik-harekete-gecti-rasim-ozan-kutahyali-hakkinda-sorusturma-baslatildi\/\" \/>\n<meta property=\"og:locale\" content=\"uk_UA\" \/>\n<meta property=\"og:type\" content=\"article\" \/>\n<meta property=\"og:title\" content=\"Savc\u0131l\u0131k harekete ge\u00e7ti! Rasim Ozan K\u00fctahyal\u0131 hakk\u0131nda soru\u015fturma ba\u015flat\u0131ld\u0131\" \/>\n<meta property=\"og:description\" content=\"Rasim Ozan K\u00fctahyal\u0131\u2019n\u0131n @RasimOzan_K isimli twitter hesab\u0131 \u00fczerinden 16 Nisan 2025 tarihinde yapm\u0131\u015f oldu\u011fu \u2018Yar\u0131n Kas\u0131m 2023 CHP Kurultay\u0131 iptal ediliyor. CHP\u2019ye ge\u00e7ici kayyum atanarak, 45 g\u00fcn sonra 1 Haziran 2025\u2019te CHP\u2019nin yeni kurultay\u0131na gidiliyor. Kayyum Hikmet \u00c7etin olacak deniliyor. Muhtemel bir ayaklanma ihtimaline kar\u015f\u0131 \u0130stanbul\u2019dan Ankara\u2019ya \u00e7ok say\u0131da g\u00fcvenlik g\u00fc\u00e7leri sevk edildi. Ankara t\u00fcm g\u00fcvenlik g\u00fc\u00e7leri izinleri iptal edildi. Yar\u0131n Ankara, \u00e7ok uzun bir g\u00fcne haz\u0131rlan\u0131yor. Maalesef vaziyet b\u00f6yle g\u00f6r\u00fcn\u00fcyor&#8217; \u015feklindeki payla\u015f\u0131m\u0131ndan \u00f6t\u00fcr\u00fc hakk\u0131nda soru\u015fturma ba\u015flat\u0131ld\u0131. SAVCILIKTAN YAPILAN A\u00c7IKLAMA Ankara Cumhuriyet Ba\u015fsavc\u0131l\u0131\u011f\u0131 taraf\u0131ndan yap\u0131lan a\u00e7\u0131klamada, \u201cRasim Ozan K\u00fctahyal\u0131 hakk\u0131nda TCK 217 maddesine muhalefet su\u00e7undan re\u2019sen soru\u015fturma ba\u015flat\u0131ld\u0131\u011f\u0131na dair i\u015f bu tutanak d\u00fczenlenerek imza alt\u0131na al\u0131nm\u0131\u015ft\u0131r&#8221; denildi. \u200bAnkara Cumhuriyet Ba\u015fsavc\u0131l\u0131\u011f\u0131, &#8220;Halk\u0131 yan\u0131lt\u0131c\u0131 bilgiyi alenen yayma&#8221; su\u00e7undan dolay\u0131 Rasim Ozan K\u00fctahyal\u0131 hakk\u0131nda soru\u015fturma ba\u015flatt\u0131.\u00a0 \u200bHaberin Al\u0131nt\u0131land\u0131\u011f\u0131 Kaynak: www.antalyakorfez.com\" \/>\n<meta property=\"og:url\" content=\"https:\/\/denizcankizil.tr\/uk\/haberler\/gundem\/savcilik-harekete-gecti-rasim-ozan-kutahyali-hakkinda-sorusturma-baslatildi\/\" \/>\n<meta property=\"og:site_name\" content=\"Av. Deniz Can K\u0131z\u0131l\" \/>\n<meta property=\"article:published_time\" content=\"2025-04-16T20:41:15+00:00\" \/>\n<meta name=\"author\" content=\"Antalya K\u00f6rfez\" \/>\n<meta name=\"twitter:card\" content=\"summary_large_image\" \/>\n<meta name=\"twitter:label1\" content=\"\u041d\u0430\u043f\u0438\u0441\u0430\u043d\u043e\" \/>\n\t<meta name=\"twitter:data1\" content=\"Antalya K\u00f6rfez\" \/>\n\t<meta name=\"twitter:label2\" content=\"\u041f\u0440\u0438\u0431\u043b. \u0447\u0430\u0441 \u0447\u0438\u0442\u0430\u043d\u043d\u044f\" \/>\n\t<meta name=\"twitter:data2\" content=\"1 \u0445\u0432\u0438\u043b\u0438\u043d\u0430\" \/>\n<script type=\"application\/ld+json\" class=\"yoast-schema-graph\">{\"@context\":\"https:\/\/schema.org\",\"@graph\":[{\"@type\":\"Article\",\"@id\":\"https:\/\/denizcankizil.tr\/en\/haberler\/gundem\/savcilik-harekete-gecti-rasim-ozan-kutahyali-hakkinda-sorusturma-baslatildi\/#article\",\"isPartOf\":{\"@id\":\"https:\/\/denizcankizil.tr\/en\/haberler\/gundem\/savcilik-harekete-gecti-rasim-ozan-kutahyali-hakkinda-sorusturma-baslatildi\/\"},\"author\":{\"name\":\"Antalya K\u00f6rfez\",\"@id\":\"https:\/\/denizcankizil.tr\/#\/schema\/person\/e1eb71bb4dd684d46563f0af307e1234\"},\"headline\":\"Savc\u0131l\u0131k harekete ge\u00e7ti! Rasim Ozan K\u00fctahyal\u0131 hakk\u0131nda soru\u015fturma ba\u015flat\u0131ld\u0131\",\"datePublished\":\"2025-04-16T20:41:15+00:00\",\"mainEntityOfPage\":{\"@id\":\"https:\/\/denizcankizil.tr\/en\/haberler\/gundem\/savcilik-harekete-gecti-rasim-ozan-kutahyali-hakkinda-sorusturma-baslatildi\/\"},\"wordCount\":205,\"publisher\":{\"@id\":\"https:\/\/denizcankizil.tr\/#organization\"},\"articleSection\":[\"G\u00fcndem\"],\"inLanguage\":\"uk\"},{\"@type\":\"WebPage\",\"@id\":\"https:\/\/denizcankizil.tr\/en\/haberler\/gundem\/savcilik-harekete-gecti-rasim-ozan-kutahyali-hakkinda-sorusturma-baslatildi\/\",\"url\":\"https:\/\/denizcankizil.tr\/en\/haberler\/gundem\/savcilik-harekete-gecti-rasim-ozan-kutahyali-hakkinda-sorusturma-baslatildi\/\",\"name\":\"Savc\u0131l\u0131k harekete ge\u00e7ti! Rasim Ozan K\u00fctahyal\u0131 hakk\u0131nda soru\u015fturma ba\u015flat\u0131ld\u0131 - Av. Deniz Can K\u0131z\u0131l\",\"isPartOf\":{\"@id\":\"https:\/\/denizcankizil.tr\/#website\"},\"datePublished\":\"2025-04-16T20:41:15+00:00\",\"breadcrumb\":{\"@id\":\"https:\/\/denizcankizil.tr\/en\/haberler\/gundem\/savcilik-harekete-gecti-rasim-ozan-kutahyali-hakkinda-sorusturma-baslatildi\/#breadcrumb\"},\"inLanguage\":\"uk\",\"potentialAction\":[{\"@type\":\"ReadAction\",\"target\":[\"https:\/\/denizcankizil.tr\/en\/haberler\/gundem\/savcilik-harekete-gecti-rasim-ozan-kutahyali-hakkinda-sorusturma-baslatildi\/\"]}]},{\"@type\":\"BreadcrumbList\",\"@id\":\"https:\/\/denizcankizil.tr\/en\/haberler\/gundem\/savcilik-harekete-gecti-rasim-ozan-kutahyali-hakkinda-sorusturma-baslatildi\/#breadcrumb\",\"itemListElement\":[{\"@type\":\"ListItem\",\"position\":1,\"name\":\"Home\",\"item\":\"https:\/\/denizcankizil.tr\/de\/\"},{\"@type\":\"ListItem\",\"position\":2,\"name\":\"Savc\u0131l\u0131k harekete ge\u00e7ti! Rasim Ozan K\u00fctahyal\u0131 hakk\u0131nda soru\u015fturma ba\u015flat\u0131ld\u0131\"}]},{\"@type\":\"WebSite\",\"@id\":\"https:\/\/denizcankizil.tr\/#website\",\"url\":\"https:\/\/denizcankizil.tr\/\",\"name\":\"Av. Deniz Can K\u0131z\u0131l\",\"description\":\"Avukat Deniz Can K\u0131z\u0131l Antalya Barosu\",\"publisher\":{\"@id\":\"https:\/\/denizcankizil.tr\/#organization\"},\"potentialAction\":[{\"@type\":\"SearchAction\",\"target\":{\"@type\":\"EntryPoint\",\"urlTemplate\":\"https:\/\/denizcankizil.tr\/?s={search_term_string}\"},\"query-input\":{\"@type\":\"PropertyValueSpecification\",\"valueRequired\":true,\"valueName\":\"search_term_string\"}}],\"inLanguage\":\"uk\"},{\"@type\":\"Organization\",\"@id\":\"https:\/\/denizcankizil.tr\/#organization\",\"name\":\"Av. Deniz Can K\u0131z\u0131l\",\"url\":\"https:\/\/denizcankizil.tr\/\",\"logo\":{\"@type\":\"ImageObject\",\"inLanguage\":\"uk\",\"@id\":\"https:\/\/denizcankizil.tr\/#\/schema\/logo\/image\/\",\"url\":\"https:\/\/denizcankizil.tr\/wp-content\/uploads\/2024\/10\/siyah-logo-svg.svg\",\"contentUrl\":\"https:\/\/denizcankizil.tr\/wp-content\/uploads\/2024\/10\/siyah-logo-svg.svg\",\"width\":1080,\"height\":1080,\"caption\":\"Av. Deniz Can K\u0131z\u0131l\"},\"image\":{\"@id\":\"https:\/\/denizcankizil.tr\/#\/schema\/logo\/image\/\"}},{\"@type\":\"Person\",\"@id\":\"https:\/\/denizcankizil.tr\/#\/schema\/person\/e1eb71bb4dd684d46563f0af307e1234\",\"name\":\"Antalya K\u00f6rfez\",\"image\":{\"@type\":\"ImageObject\",\"inLanguage\":\"uk\",\"@id\":\"https:\/\/denizcankizil.tr\/#\/schema\/person\/image\/\",\"url\":\"https:\/\/secure.gravatar.com\/avatar\/42b01982558a48a0b501fdcab6a408d3717ea5919095ee2e67b0e521799c5905?s=96&d=mm&r=g\",\"contentUrl\":\"https:\/\/secure.gravatar.com\/avatar\/42b01982558a48a0b501fdcab6a408d3717ea5919095ee2e67b0e521799c5905?s=96&d=mm&r=g\",\"caption\":\"Antalya K\u00f6rfez\"},\"sameAs\":[\"http:\/\/www.antalyakorfez.com\"],\"url\":\"https:\/\/www.antalyakorfez.com\/savcilik-harekete-gecti-rasim-ozan-kutahyali-hakkinda-sorusturma-baslatildi\"}]}<\/script>\n<!-- \/ Yoast SEO Premium plugin. -->","yoast_head_json":{"title":"Savc\u0131l\u0131k harekete ge\u00e7ti! Rasim Ozan K\u00fctahyal\u0131 hakk\u0131nda soru\u015fturma ba\u015flat\u0131ld\u0131 - Av. Deniz Can K\u0131z\u0131l","robots":{"index":"index","follow":"follow","max-snippet":"max-snippet:-1","max-image-preview":"max-image-preview:large","max-video-preview":"max-video-preview:-1"},"canonical":"https:\/\/denizcankizil.tr\/uk\/haberler\/gundem\/savcilik-harekete-gecti-rasim-ozan-kutahyali-hakkinda-sorusturma-baslatildi\/","og_locale":"uk_UA","og_type":"article","og_title":"Savc\u0131l\u0131k harekete ge\u00e7ti! Rasim Ozan K\u00fctahyal\u0131 hakk\u0131nda soru\u015fturma ba\u015flat\u0131ld\u0131","og_description":"Rasim Ozan K\u00fctahyal\u0131\u2019n\u0131n @RasimOzan_K isimli twitter hesab\u0131 \u00fczerinden 16 Nisan 2025 tarihinde yapm\u0131\u015f oldu\u011fu \u2018Yar\u0131n Kas\u0131m 2023 CHP Kurultay\u0131 iptal ediliyor. CHP\u2019ye ge\u00e7ici kayyum atanarak, 45 g\u00fcn sonra 1 Haziran 2025\u2019te CHP\u2019nin yeni kurultay\u0131na gidiliyor. Kayyum Hikmet \u00c7etin olacak deniliyor. Muhtemel bir ayaklanma ihtimaline kar\u015f\u0131 \u0130stanbul\u2019dan Ankara\u2019ya \u00e7ok say\u0131da g\u00fcvenlik g\u00fc\u00e7leri sevk edildi. Ankara t\u00fcm g\u00fcvenlik g\u00fc\u00e7leri izinleri iptal edildi. Yar\u0131n Ankara, \u00e7ok uzun bir g\u00fcne haz\u0131rlan\u0131yor. Maalesef vaziyet b\u00f6yle g\u00f6r\u00fcn\u00fcyor&#8217; \u015feklindeki payla\u015f\u0131m\u0131ndan \u00f6t\u00fcr\u00fc hakk\u0131nda soru\u015fturma ba\u015flat\u0131ld\u0131. SAVCILIKTAN YAPILAN A\u00c7IKLAMA Ankara Cumhuriyet Ba\u015fsavc\u0131l\u0131\u011f\u0131 taraf\u0131ndan yap\u0131lan a\u00e7\u0131klamada, \u201cRasim Ozan K\u00fctahyal\u0131 hakk\u0131nda TCK 217 maddesine muhalefet su\u00e7undan re\u2019sen soru\u015fturma ba\u015flat\u0131ld\u0131\u011f\u0131na dair i\u015f bu tutanak d\u00fczenlenerek imza alt\u0131na al\u0131nm\u0131\u015ft\u0131r&#8221; denildi. \u200bAnkara Cumhuriyet Ba\u015fsavc\u0131l\u0131\u011f\u0131, &#8220;Halk\u0131 yan\u0131lt\u0131c\u0131 bilgiyi alenen yayma&#8221; su\u00e7undan dolay\u0131 Rasim Ozan K\u00fctahyal\u0131 hakk\u0131nda soru\u015fturma ba\u015flatt\u0131.\u00a0 \u200bHaberin Al\u0131nt\u0131land\u0131\u011f\u0131 Kaynak: www.antalyakorfez.com","og_url":"https:\/\/denizcankizil.tr\/uk\/haberler\/gundem\/savcilik-harekete-gecti-rasim-ozan-kutahyali-hakkinda-sorusturma-baslatildi\/","og_site_name":"Av. Deniz Can K\u0131z\u0131l","article_published_time":"2025-04-16T20:41:15+00:00","author":"Antalya K\u00f6rfez","twitter_card":"summary_large_image","twitter_misc":{"\u041d\u0430\u043f\u0438\u0441\u0430\u043d\u043e":"Antalya K\u00f6rfez","\u041f\u0440\u0438\u0431\u043b. \u0447\u0430\u0441 \u0447\u0438\u0442\u0430\u043d\u043d\u044f":"1 \u0445\u0432\u0438\u043b\u0438\u043d\u0430"},"schema":{"@context":"https:\/\/schema.org","@graph":[{"@type":"Article","@id":"https:\/\/denizcankizil.tr\/en\/haberler\/gundem\/savcilik-harekete-gecti-rasim-ozan-kutahyali-hakkinda-sorusturma-baslatildi\/#article","isPartOf":{"@id":"https:\/\/denizcankizil.tr\/en\/haberler\/gundem\/savcilik-harekete-gecti-rasim-ozan-kutahyali-hakkinda-sorusturma-baslatildi\/"},"author":{"name":"Antalya K\u00f6rfez","@id":"https:\/\/denizcankizil.tr\/#\/schema\/person\/e1eb71bb4dd684d46563f0af307e1234"},"headline":"Savc\u0131l\u0131k harekete ge\u00e7ti! Rasim Ozan K\u00fctahyal\u0131 hakk\u0131nda soru\u015fturma ba\u015flat\u0131ld\u0131","datePublished":"2025-04-16T20:41:15+00:00","mainEntityOfPage":{"@id":"https:\/\/denizcankizil.tr\/en\/haberler\/gundem\/savcilik-harekete-gecti-rasim-ozan-kutahyali-hakkinda-sorusturma-baslatildi\/"},"wordCount":205,"publisher":{"@id":"https:\/\/denizcankizil.tr\/#organization"},"articleSection":["G\u00fcndem"],"inLanguage":"uk"},{"@type":"WebPage","@id":"https:\/\/denizcankizil.tr\/en\/haberler\/gundem\/savcilik-harekete-gecti-rasim-ozan-kutahyali-hakkinda-sorusturma-baslatildi\/","url":"https:\/\/denizcankizil.tr\/en\/haberler\/gundem\/savcilik-harekete-gecti-rasim-ozan-kutahyali-hakkinda-sorusturma-baslatildi\/","name":"Savc\u0131l\u0131k harekete ge\u00e7ti! Rasim Ozan K\u00fctahyal\u0131 hakk\u0131nda soru\u015fturma ba\u015flat\u0131ld\u0131 - Av. Deniz Can K\u0131z\u0131l","isPartOf":{"@id":"https:\/\/denizcankizil.tr\/#website"},"datePublished":"2025-04-16T20:41:15+00:00","breadcrumb":{"@id":"https:\/\/denizcankizil.tr\/en\/haberler\/gundem\/savcilik-harekete-gecti-rasim-ozan-kutahyali-hakkinda-sorusturma-baslatildi\/#breadcrumb"},"inLanguage":"uk","potentialAction":[{"@type":"ReadAction","target":["https:\/\/denizcankizil.tr\/en\/haberler\/gundem\/savcilik-harekete-gecti-rasim-ozan-kutahyali-hakkinda-sorusturma-baslatildi\/"]}]},{"@type":"BreadcrumbList","@id":"https:\/\/denizcankizil.tr\/en\/haberler\/gundem\/savcilik-harekete-gecti-rasim-ozan-kutahyali-hakkinda-sorusturma-baslatildi\/#breadcrumb","itemListElement":[{"@type":"ListItem","position":1,"name":"Home","item":"https:\/\/denizcankizil.tr\/de\/"},{"@type":"ListItem","position":2,"name":"Savc\u0131l\u0131k harekete ge\u00e7ti! Rasim Ozan K\u00fctahyal\u0131 hakk\u0131nda soru\u015fturma ba\u015flat\u0131ld\u0131"}]},{"@type":"WebSite","@id":"https:\/\/denizcankizil.tr\/#website","url":"https:\/\/denizcankizil.tr\/","name":"Av. Deniz Can K\u0131z\u0131l","description":"Avukat Deniz Can K\u0131z\u0131l Antalya Barosu","publisher":{"@id":"https:\/\/denizcankizil.tr\/#organization"},"potentialAction":[{"@type":"SearchAction","target":{"@type":"EntryPoint","urlTemplate":"https:\/\/denizcankizil.tr\/?s={search_term_string}"},"query-input":{"@type":"PropertyValueSpecification","valueRequired":true,"valueName":"search_term_string"}}],"inLanguage":"uk"},{"@type":"Organization","@id":"https:\/\/denizcankizil.tr\/#organization","name":"Av. Deniz Can K\u0131z\u0131l","url":"https:\/\/denizcankizil.tr\/","logo":{"@type":"ImageObject","inLanguage":"uk","@id":"https:\/\/denizcankizil.tr\/#\/schema\/logo\/image\/","url":"https:\/\/denizcankizil.tr\/wp-content\/uploads\/2024\/10\/siyah-logo-svg.svg","contentUrl":"https:\/\/denizcankizil.tr\/wp-content\/uploads\/2024\/10\/siyah-logo-svg.svg","width":1080,"height":1080,"caption":"Av. Deniz Can K\u0131z\u0131l"},"image":{"@id":"https:\/\/denizcankizil.tr\/#\/schema\/logo\/image\/"}},{"@type":"Person","@id":"https:\/\/denizcankizil.tr\/#\/schema\/person\/e1eb71bb4dd684d46563f0af307e1234","name":"Antalya K\u00f6rfez","image":{"@type":"ImageObject","inLanguage":"uk","@id":"https:\/\/denizcankizil.tr\/#\/schema\/person\/image\/","url":"https:\/\/secure.gravatar.com\/avatar\/42b01982558a48a0b501fdcab6a408d3717ea5919095ee2e67b0e521799c5905?s=96&d=mm&r=g","contentUrl":"https:\/\/secure.gravatar.com\/avatar\/42b01982558a48a0b501fdcab6a408d3717ea5919095ee2e67b0e521799c5905?s=96&d=mm&r=g","caption":"Antalya K\u00f6rfez"},"sameAs":["http:\/\/www.antalyakorfez.com"],"url":"https:\/\/www.antalyakorfez.com\/savcilik-harekete-gecti-rasim-ozan-kutahyali-hakkinda-sorusturma-baslatildi"}]}},"_links":{"self":[{"href":"https:\/\/denizcankizil.tr\/uk\/wp-json\/wp\/v2\/posts\/57913","targetHints":{"allow":["GET"]}}],"collection":[{"href":"https:\/\/denizcankizil.tr\/uk\/wp-json\/wp\/v2\/posts"}],"about":[{"href":"https:\/\/denizcankizil.tr\/uk\/wp-json\/wp\/v2\/types\/post"}],"author":[{"embeddable":true,"href":"https:\/\/denizcankizil.tr\/uk\/wp-json\/wp\/v2\/users\/5"}],"replies":[{"embeddable":true,"href":"https:\/\/denizcankizil.tr\/uk\/wp-json\/wp\/v2\/comments?post=57913"}],"version-history":[{"count":0,"href":"https:\/\/denizcankizil.tr\/uk\/wp-json\/wp\/v2\/posts\/57913\/revisions"}],"wp:attachment":[{"href":"https:\/\/denizcankizil.tr\/uk\/wp-json\/wp\/v2\/media?parent=57913"}],"wp:term":[{"taxonomy":"category","embeddable":true,"href":"https:\/\/denizcankizil.tr\/uk\/wp-json\/wp\/v2\/categories?post=57913"},{"taxonomy":"post_tag","embeddable":true,"href":"https:\/\/denizcankizil.tr\/uk\/wp-json\/wp\/v2\/tags?post=57913"}],"curies":[{"name":"wp","href":"https:\/\/api.w.org\/{rel}","templated":true}]}}