{"id":57587,"date":"2025-04-16T16:41:14","date_gmt":"2025-04-16T13:41:14","guid":{"rendered":"https:\/\/denizcankizil.tr\/uncategorized-tr\/50-yasinda-bisiklet-surmeyi-ogreniyorlar\/"},"modified":"2025-04-16T16:41:14","modified_gmt":"2025-04-16T13:41:14","slug":"50-yasinda-bisiklet-surmeyi-ogreniyorlar","status":"publish","type":"post","link":"https:\/\/denizcankizil.tr\/uk\/haberler\/antalya\/50-yasinda-bisiklet-surmeyi-ogreniyorlar\/","title":{"rendered":"50 ya\u015f\u0131nda bisiklet s\u00fcrmeyi \u00f6\u011freniyorlar"},"content":{"rendered":"<p>Konyaalt\u0131 Belediyesi, il\u00e7ede ya\u015fayan her ya\u015ftan bireye y\u00f6nelik uygulad\u0131\u011f\u0131 spor kursu ve etkinliklerine devam ediyor. \u2018\u2018Konyaalt\u0131 Sporla G\u00fczel&#8221; slogan\u0131 ile il\u00e7ede ya\u015fayan her ya\u015ftan vatanda\u015f\u0131 en az bir spor bran\u015f\u0131 ile tan\u0131\u015ft\u0131rmay\u0131 ama\u00e7layan Konyaalt\u0131 Belediyesi Spor \u0130\u015fleri M\u00fcd\u00fcrl\u00fc\u011f\u00fc, il\u00e7enin 8 farkl\u0131 noktas\u0131nda temel bisiklet e\u011fitimi veriyor. Antalya Bisiklet Derne\u011fi (ANTB\u0130SDER) i\u015f birli\u011finde ger\u00e7ekle\u015ftirilen e\u011fitim, Konyaalt\u0131 Belediyesi b\u00fcnyesinde \u00e7al\u0131\u015fan uzman e\u011fitmenler taraf\u0131ndan veriliyor. Ba\u015flad\u0131\u011f\u0131 g\u00fcnden bu yana yo\u011fun ilgi g\u00f6ren temel bisiklet e\u011fitimlerinde, ya\u015fam\u0131nda ilk kez bisiklet s\u00fcren vatanda\u015flar\u0131n mutlulu\u011fu dikkatlerden ka\u00e7m\u0131yor. E\u011fitimlerin, Hurma Park\u0131, 23 Nisan Park\u0131, Ku\u015fkava\u011f\u0131 Mahallesi Per\u015fembe Pazar\u0131, Naim S\u00fcleymano\u011flu Park\u0131, Kavaklar Park\u0131, T\u0131taklar Park\u0131, G\u00fcrsu Park\u0131 ve HayatPark&#8217;ta devam edece\u011fi bildirildi.<\/p>\n<p>Kursiyerlerin ya\u015f ortalamas\u0131 50 ve \u00fczeri<br \/>\nKonyaalt\u0131 Belediyesi ile i\u015f birli\u011fi i\u00e7erisinde ger\u00e7ekle\u015ftirdikleri e\u011fitimin ikinci haftas\u0131nda olduklar\u0131n\u0131 belirten Antalya Bisiklet Derne\u011fi Ba\u015fkan\u0131 Osman \u00c7ak\u0131r, &#8220;E\u011fitimlerimiz gayet ba\u015far\u0131yla ilerliyor. Kursiyerlerimiz \u00e7ok mutlu. Ya\u015f ortalamam\u0131z genelde 50 ya\u015f ve \u00fczeri. Vatanda\u015flar\u0131m\u0131z e\u011fitime ilgiyle geliyor&#8221; dedi. E\u011fitimlere destek vermekten mutluluk duyduklar\u0131n\u0131 aktaran \u00c7ak\u0131r s\u00f6zlerine \u015fu \u015fekilde devam etti; &#8220;\u0130lk olarak denge e\u011fitimiyle ba\u015fl\u0131yoruz. Sonras\u0131nda pedal \u00e7evirme ile devam ediyor. Bisiklet tamamen denge yetene\u011fiyle alakal\u0131 bir durum. E\u011fitim s\u00fcreleri de bu do\u011frultuda uzay\u0131p k\u0131salabiliyor&#8221;<\/p>\n<p>&#8220;En b\u00fcy\u00fck hayalim bisiklet s\u00fcrmeyi \u00f6\u011frenmekti&#8221;<br \/>\nE\u011fitimlere kat\u0131lan kursiyerlerden Nurten \u0130mri, &#8220;Sosyal medyadaki duyuruyu g\u00f6rd\u00fcm. Kayd\u0131m tamamlan\u0131nca \u00e7ok mutlu oldum. Bisiklet, bu ya\u015f\u0131ma kadar s\u00fcrmek isteyip de s\u00fcremedi\u011fim ula\u015f\u0131m arac\u0131yd\u0131. Hayalim bisiklet s\u00fcrmekti&#8221; dedi. Konyaalt\u0131 Sanat E\u011fitim Merkezi&#8217;ndeki (KONSEM) kurslara da ilgiyle kat\u0131ld\u0131\u011f\u0131n\u0131 vurgulayan \u0130mri, &#8220;Bu kursa geli\u015fimin alt\u0131nc\u0131 g\u00fcn\u00fcndeyim. E\u011fitmenlerimiz \u00e7ok ilgililer. Onlar\u0131n sayesinde dengede durabilmeyi kavrad\u0131m. Bu kursu bizlerle bulu\u015fturan Konyaalt\u0131 Belediye Ba\u015fkan\u0131m\u0131z Say\u0131n Cem Kotan ve t\u00fcm ekibine te\u015fekk\u00fcr ediyorum&#8221; diye konu\u015ftu. Bir di\u011fer kursiyer Masen Muhammed ise \u015funlar\u0131 s\u00f6yledi; &#8220;T\u00fcrkiye&#8217;ye 8 y\u0131l \u00f6nce geldim ve \u015fimdi bu kursa kat\u0131ld\u0131m. Burada be\u015finci g\u00fcn\u00fcm ve kurstan \u00e7ok memnunum. Daha \u00f6nce hi\u00e7 bisiklet kullanmad\u0131m ama hocalar\u0131m\u0131z ile \u015fimdi \u00e7ok iyiyim. Konyaalt\u0131 Belediyesi&#8217;ne bu e\u011fitim i\u00e7in te\u015fekk\u00fcr ediyorum&#8221; dedi.<\/p>\n<p>Kaynak: www.kanalv.com.tr Haber Sitesinden Al\u0131nm\u0131\u015ft\u0131r.<\/p>","protected":false},"excerpt":{"rendered":"<p>Konyaalt\u0131 Belediyesi, il\u00e7ede ya\u015fayan her ya\u015ftan bireye y\u00f6nelik uygulad\u0131\u011f\u0131 spor kursu ve etkinliklerine devam ediyor. \u2018\u2018Konyaalt\u0131 Sporla G\u00fczel&#8221; slogan\u0131 ile il\u00e7ede ya\u015fayan her ya\u015ftan vatanda\u015f\u0131 en az bir spor bran\u015f\u0131 ile tan\u0131\u015ft\u0131rmay\u0131 ama\u00e7layan Konyaalt\u0131 Belediyesi Spor \u0130\u015fleri M\u00fcd\u00fcrl\u00fc\u011f\u00fc, il\u00e7enin 8 farkl\u0131 noktas\u0131nda temel bisiklet e\u011fitimi veriyor. Antalya Bisiklet Derne\u011fi (ANTB\u0130SDER) i\u015f birli\u011finde ger\u00e7ekle\u015ftirilen e\u011fitim, Konyaalt\u0131 Belediyesi b\u00fcnyesinde \u00e7al\u0131\u015fan uzman e\u011fitmenler taraf\u0131ndan veriliyor. Ba\u015flad\u0131\u011f\u0131 g\u00fcnden bu yana yo\u011fun ilgi g\u00f6ren temel bisiklet e\u011fitimlerinde, ya\u015fam\u0131nda ilk kez bisiklet s\u00fcren vatanda\u015flar\u0131n mutlulu\u011fu dikkatlerden ka\u00e7m\u0131yor. E\u011fitimlerin, Hurma Park\u0131, 23 Nisan Park\u0131, Ku\u015fkava\u011f\u0131 Mahallesi Per\u015fembe Pazar\u0131, Naim S\u00fcleymano\u011flu Park\u0131, Kavaklar Park\u0131, T\u0131taklar Park\u0131, G\u00fcrsu Park\u0131 ve HayatPark&#8217;ta devam edece\u011fi bildirildi. Kursiyerlerin ya\u015f ortalamas\u0131 50 ve \u00fczeri Konyaalt\u0131 Belediyesi ile i\u015f birli\u011fi i\u00e7erisinde ger\u00e7ekle\u015ftirdikleri e\u011fitimin ikinci haftas\u0131nda olduklar\u0131n\u0131 belirten Antalya Bisiklet Derne\u011fi Ba\u015fkan\u0131 Osman \u00c7ak\u0131r, &#8220;E\u011fitimlerimiz gayet ba\u015far\u0131yla ilerliyor. Kursiyerlerimiz \u00e7ok mutlu. Ya\u015f ortalamam\u0131z genelde 50 ya\u015f ve \u00fczeri. Vatanda\u015flar\u0131m\u0131z e\u011fitime ilgiyle geliyor&#8221; dedi. E\u011fitimlere destek vermekten mutluluk duyduklar\u0131n\u0131 aktaran \u00c7ak\u0131r s\u00f6zlerine \u015fu \u015fekilde devam etti; &#8220;\u0130lk olarak denge e\u011fitimiyle ba\u015fl\u0131yoruz. Sonras\u0131nda pedal \u00e7evirme ile devam ediyor. Bisiklet tamamen denge yetene\u011fiyle alakal\u0131 bir durum. E\u011fitim s\u00fcreleri de bu do\u011frultuda uzay\u0131p k\u0131salabiliyor&#8221; &#8220;En b\u00fcy\u00fck hayalim bisiklet s\u00fcrmeyi \u00f6\u011frenmekti&#8221; E\u011fitimlere kat\u0131lan kursiyerlerden Nurten \u0130mri, &#8220;Sosyal medyadaki duyuruyu g\u00f6rd\u00fcm. &hellip;<\/p>","protected":false},"author":4,"featured_media":57588,"comment_status":"","ping_status":"open","sticky":false,"template":"","format":"standard","meta":{"_acf_changed":false,"footnotes":""},"categories":[26],"tags":[],"class_list":["post-57587","post","type-post","status-publish","format-standard","has-post-thumbnail","hentry","category-antalya"],"acf":[],"yoast_head":"<!-- This site is optimized with the Yoast SEO Premium plugin v26.6 (Yoast SEO v27.1.1) - https:\/\/yoast.com\/product\/yoast-seo-premium-wordpress\/ -->\n<title>50 ya\u015f\u0131nda bisiklet s\u00fcrmeyi \u00f6\u011freniyorlar - Av. Deniz Can K\u0131z\u0131l<\/title>\n<meta name=\"robots\" content=\"index, follow, max-snippet:-1, max-image-preview:large, max-video-preview:-1\" \/>\n<link rel=\"canonical\" href=\"https:\/\/denizcankizil.tr\/uk\/haberler\/antalya\/50-yasinda-bisiklet-surmeyi-ogreniyorlar\/\" \/>\n<meta property=\"og:locale\" content=\"uk_UA\" \/>\n<meta property=\"og:type\" content=\"article\" \/>\n<meta property=\"og:title\" content=\"50 ya\u015f\u0131nda bisiklet s\u00fcrmeyi \u00f6\u011freniyorlar\" \/>\n<meta property=\"og:description\" content=\"Konyaalt\u0131 Belediyesi, il\u00e7ede ya\u015fayan her ya\u015ftan bireye y\u00f6nelik uygulad\u0131\u011f\u0131 spor kursu ve etkinliklerine devam ediyor. \u2018\u2018Konyaalt\u0131 Sporla G\u00fczel&#8221; slogan\u0131 ile il\u00e7ede ya\u015fayan her ya\u015ftan vatanda\u015f\u0131 en az bir spor bran\u015f\u0131 ile tan\u0131\u015ft\u0131rmay\u0131 ama\u00e7layan Konyaalt\u0131 Belediyesi Spor \u0130\u015fleri M\u00fcd\u00fcrl\u00fc\u011f\u00fc, il\u00e7enin 8 farkl\u0131 noktas\u0131nda temel bisiklet e\u011fitimi veriyor. Antalya Bisiklet Derne\u011fi (ANTB\u0130SDER) i\u015f birli\u011finde ger\u00e7ekle\u015ftirilen e\u011fitim, Konyaalt\u0131 Belediyesi b\u00fcnyesinde \u00e7al\u0131\u015fan uzman e\u011fitmenler taraf\u0131ndan veriliyor. Ba\u015flad\u0131\u011f\u0131 g\u00fcnden bu yana yo\u011fun ilgi g\u00f6ren temel bisiklet e\u011fitimlerinde, ya\u015fam\u0131nda ilk kez bisiklet s\u00fcren vatanda\u015flar\u0131n mutlulu\u011fu dikkatlerden ka\u00e7m\u0131yor. E\u011fitimlerin, Hurma Park\u0131, 23 Nisan Park\u0131, Ku\u015fkava\u011f\u0131 Mahallesi Per\u015fembe Pazar\u0131, Naim S\u00fcleymano\u011flu Park\u0131, Kavaklar Park\u0131, T\u0131taklar Park\u0131, G\u00fcrsu Park\u0131 ve HayatPark&#8217;ta devam edece\u011fi bildirildi. Kursiyerlerin ya\u015f ortalamas\u0131 50 ve \u00fczeri Konyaalt\u0131 Belediyesi ile i\u015f birli\u011fi i\u00e7erisinde ger\u00e7ekle\u015ftirdikleri e\u011fitimin ikinci haftas\u0131nda olduklar\u0131n\u0131 belirten Antalya Bisiklet Derne\u011fi Ba\u015fkan\u0131 Osman \u00c7ak\u0131r, &#8220;E\u011fitimlerimiz gayet ba\u015far\u0131yla ilerliyor. Kursiyerlerimiz \u00e7ok mutlu. Ya\u015f ortalamam\u0131z genelde 50 ya\u015f ve \u00fczeri. Vatanda\u015flar\u0131m\u0131z e\u011fitime ilgiyle geliyor&#8221; dedi. E\u011fitimlere destek vermekten mutluluk duyduklar\u0131n\u0131 aktaran \u00c7ak\u0131r s\u00f6zlerine \u015fu \u015fekilde devam etti; &#8220;\u0130lk olarak denge e\u011fitimiyle ba\u015fl\u0131yoruz. Sonras\u0131nda pedal \u00e7evirme ile devam ediyor. Bisiklet tamamen denge yetene\u011fiyle alakal\u0131 bir durum. E\u011fitim s\u00fcreleri de bu do\u011frultuda uzay\u0131p k\u0131salabiliyor&#8221; &#8220;En b\u00fcy\u00fck hayalim bisiklet s\u00fcrmeyi \u00f6\u011frenmekti&#8221; E\u011fitimlere kat\u0131lan kursiyerlerden Nurten \u0130mri, &#8220;Sosyal medyadaki duyuruyu g\u00f6rd\u00fcm. &hellip;\" \/>\n<meta property=\"og:url\" content=\"https:\/\/denizcankizil.tr\/uk\/haberler\/antalya\/50-yasinda-bisiklet-surmeyi-ogreniyorlar\/\" \/>\n<meta property=\"og:site_name\" content=\"Av. Deniz Can K\u0131z\u0131l\" \/>\n<meta property=\"article:published_time\" content=\"2025-04-16T13:41:14+00:00\" \/>\n<meta property=\"og:image\" content=\"https:\/\/denizcankizil.tr\/wp-content\/uploads\/2025\/04\/5840-01-OR9E1F.jpg\" \/>\n\t<meta property=\"og:image:width\" content=\"1280\" \/>\n\t<meta property=\"og:image:height\" content=\"720\" \/>\n\t<meta property=\"og:image:type\" content=\"image\/jpeg\" \/>\n<meta name=\"author\" content=\"Av. Deniz Can K\u0131z\u0131l\" \/>\n<meta name=\"twitter:card\" content=\"summary_large_image\" \/>\n<meta name=\"twitter:label1\" content=\"\u041d\u0430\u043f\u0438\u0441\u0430\u043d\u043e\" \/>\n\t<meta name=\"twitter:data1\" content=\"Av. Deniz Can K\u0131z\u0131l\" \/>\n\t<meta name=\"twitter:label2\" content=\"\u041f\u0440\u0438\u0431\u043b. \u0447\u0430\u0441 \u0447\u0438\u0442\u0430\u043d\u043d\u044f\" \/>\n\t<meta name=\"twitter:data2\" content=\"2 \u0445\u0432\u0438\u043b\u0438\u043d\u0438\" \/>\n<script type=\"application\/ld+json\" class=\"yoast-schema-graph\">{\"@context\":\"https:\/\/schema.org\",\"@graph\":[{\"@type\":\"Article\",\"@id\":\"https:\/\/denizcankizil.tr\/de\/haberler\/antalya\/50-yasinda-bisiklet-surmeyi-ogreniyorlar\/#article\",\"isPartOf\":{\"@id\":\"https:\/\/denizcankizil.tr\/de\/haberler\/antalya\/50-yasinda-bisiklet-surmeyi-ogreniyorlar\/\"},\"author\":{\"name\":\"Av. Deniz Can K\u0131z\u0131l\",\"@id\":\"https:\/\/denizcankizil.tr\/de\/#\/schema\/person\/5dc1b22991bd7ac833867c10afc9b0ff\"},\"headline\":\"50 ya\u015f\u0131nda bisiklet s\u00fcrmeyi \u00f6\u011freniyorlar\",\"datePublished\":\"2025-04-16T13:41:14+00:00\",\"mainEntityOfPage\":{\"@id\":\"https:\/\/denizcankizil.tr\/de\/haberler\/antalya\/50-yasinda-bisiklet-surmeyi-ogreniyorlar\/\"},\"wordCount\":450,\"publisher\":{\"@id\":\"https:\/\/denizcankizil.tr\/de\/#organization\"},\"image\":{\"@id\":\"https:\/\/denizcankizil.tr\/de\/haberler\/antalya\/50-yasinda-bisiklet-surmeyi-ogreniyorlar\/#primaryimage\"},\"thumbnailUrl\":\"https:\/\/denizcankizil.tr\/wp-content\/uploads\/2025\/04\/5840-01-OR9E1F.jpg\",\"articleSection\":[\"Antalya\"],\"inLanguage\":\"uk\"},{\"@type\":\"WebPage\",\"@id\":\"https:\/\/denizcankizil.tr\/de\/haberler\/antalya\/50-yasinda-bisiklet-surmeyi-ogreniyorlar\/\",\"url\":\"https:\/\/denizcankizil.tr\/de\/haberler\/antalya\/50-yasinda-bisiklet-surmeyi-ogreniyorlar\/\",\"name\":\"50 ya\u015f\u0131nda bisiklet s\u00fcrmeyi \u00f6\u011freniyorlar - Av. Deniz Can K\u0131z\u0131l\",\"isPartOf\":{\"@id\":\"https:\/\/denizcankizil.tr\/de\/#website\"},\"primaryImageOfPage\":{\"@id\":\"https:\/\/denizcankizil.tr\/de\/haberler\/antalya\/50-yasinda-bisiklet-surmeyi-ogreniyorlar\/#primaryimage\"},\"image\":{\"@id\":\"https:\/\/denizcankizil.tr\/de\/haberler\/antalya\/50-yasinda-bisiklet-surmeyi-ogreniyorlar\/#primaryimage\"},\"thumbnailUrl\":\"https:\/\/denizcankizil.tr\/wp-content\/uploads\/2025\/04\/5840-01-OR9E1F.jpg\",\"datePublished\":\"2025-04-16T13:41:14+00:00\",\"breadcrumb\":{\"@id\":\"https:\/\/denizcankizil.tr\/de\/haberler\/antalya\/50-yasinda-bisiklet-surmeyi-ogreniyorlar\/#breadcrumb\"},\"inLanguage\":\"uk\",\"potentialAction\":[{\"@type\":\"ReadAction\",\"target\":[\"https:\/\/denizcankizil.tr\/de\/haberler\/antalya\/50-yasinda-bisiklet-surmeyi-ogreniyorlar\/\"]}]},{\"@type\":\"ImageObject\",\"inLanguage\":\"uk\",\"@id\":\"https:\/\/denizcankizil.tr\/de\/haberler\/antalya\/50-yasinda-bisiklet-surmeyi-ogreniyorlar\/#primaryimage\",\"url\":\"https:\/\/denizcankizil.tr\/wp-content\/uploads\/2025\/04\/5840-01-OR9E1F.jpg\",\"contentUrl\":\"https:\/\/denizcankizil.tr\/wp-content\/uploads\/2025\/04\/5840-01-OR9E1F.jpg\",\"width\":1280,\"height\":720},{\"@type\":\"BreadcrumbList\",\"@id\":\"https:\/\/denizcankizil.tr\/de\/haberler\/antalya\/50-yasinda-bisiklet-surmeyi-ogreniyorlar\/#breadcrumb\",\"itemListElement\":[{\"@type\":\"ListItem\",\"position\":1,\"name\":\"Home\",\"item\":\"https:\/\/denizcankizil.tr\/de\/\"},{\"@type\":\"ListItem\",\"position\":2,\"name\":\"50 ya\u015f\u0131nda bisiklet s\u00fcrmeyi \u00f6\u011freniyorlar\"}]},{\"@type\":\"WebSite\",\"@id\":\"https:\/\/denizcankizil.tr\/de\/#website\",\"url\":\"https:\/\/denizcankizil.tr\/de\/\",\"name\":\"Av. Deniz Can K\u0131z\u0131l\",\"description\":\"Avukat Deniz Can K\u0131z\u0131l Antalya Barosu\",\"publisher\":{\"@id\":\"https:\/\/denizcankizil.tr\/de\/#organization\"},\"potentialAction\":[{\"@type\":\"SearchAction\",\"target\":{\"@type\":\"EntryPoint\",\"urlTemplate\":\"https:\/\/denizcankizil.tr\/de\/?s={search_term_string}\"},\"query-input\":{\"@type\":\"PropertyValueSpecification\",\"valueRequired\":true,\"valueName\":\"search_term_string\"}}],\"inLanguage\":\"uk\"},{\"@type\":\"Organization\",\"@id\":\"https:\/\/denizcankizil.tr\/de\/#organization\",\"name\":\"Av. Deniz Can K\u0131z\u0131l\",\"url\":\"https:\/\/denizcankizil.tr\/de\/\",\"logo\":{\"@type\":\"ImageObject\",\"inLanguage\":\"uk\",\"@id\":\"https:\/\/denizcankizil.tr\/de\/#\/schema\/logo\/image\/\",\"url\":\"https:\/\/denizcankizil.tr\/wp-content\/uploads\/2024\/10\/siyah-logo-svg.svg\",\"contentUrl\":\"https:\/\/denizcankizil.tr\/wp-content\/uploads\/2024\/10\/siyah-logo-svg.svg\",\"width\":1080,\"height\":1080,\"caption\":\"Av. Deniz Can K\u0131z\u0131l\"},\"image\":{\"@id\":\"https:\/\/denizcankizil.tr\/de\/#\/schema\/logo\/image\/\"}},{\"@type\":\"Person\",\"@id\":\"https:\/\/denizcankizil.tr\/de\/#\/schema\/person\/5dc1b22991bd7ac833867c10afc9b0ff\",\"name\":\"Av. Deniz Can K\u0131z\u0131l\",\"image\":{\"@type\":\"ImageObject\",\"inLanguage\":\"uk\",\"@id\":\"https:\/\/denizcankizil.tr\/de\/#\/schema\/person\/image\/\",\"url\":\"https:\/\/secure.gravatar.com\/avatar\/a0b128fb9855c79efc976d5640eedb31dc35ec297594d6016d2cf7c60e975bb6?s=96&d=mm&r=g\",\"contentUrl\":\"https:\/\/secure.gravatar.com\/avatar\/a0b128fb9855c79efc976d5640eedb31dc35ec297594d6016d2cf7c60e975bb6?s=96&d=mm&r=g\",\"caption\":\"Av. Deniz Can K\u0131z\u0131l\"},\"sameAs\":[\"http:\/\/www.denizcankizil.tr\"],\"url\":\"https:\/\/denizcankizil.tr\/uk\/author\/denizcankizil\/\"}]}<\/script>\n<!-- \/ Yoast SEO Premium plugin. -->","yoast_head_json":{"title":"50 ya\u015f\u0131nda bisiklet s\u00fcrmeyi \u00f6\u011freniyorlar - Av. Deniz Can K\u0131z\u0131l","robots":{"index":"index","follow":"follow","max-snippet":"max-snippet:-1","max-image-preview":"max-image-preview:large","max-video-preview":"max-video-preview:-1"},"canonical":"https:\/\/denizcankizil.tr\/uk\/haberler\/antalya\/50-yasinda-bisiklet-surmeyi-ogreniyorlar\/","og_locale":"uk_UA","og_type":"article","og_title":"50 ya\u015f\u0131nda bisiklet s\u00fcrmeyi \u00f6\u011freniyorlar","og_description":"Konyaalt\u0131 Belediyesi, il\u00e7ede ya\u015fayan her ya\u015ftan bireye y\u00f6nelik uygulad\u0131\u011f\u0131 spor kursu ve etkinliklerine devam ediyor. \u2018\u2018Konyaalt\u0131 Sporla G\u00fczel&#8221; slogan\u0131 ile il\u00e7ede ya\u015fayan her ya\u015ftan vatanda\u015f\u0131 en az bir spor bran\u015f\u0131 ile tan\u0131\u015ft\u0131rmay\u0131 ama\u00e7layan Konyaalt\u0131 Belediyesi Spor \u0130\u015fleri M\u00fcd\u00fcrl\u00fc\u011f\u00fc, il\u00e7enin 8 farkl\u0131 noktas\u0131nda temel bisiklet e\u011fitimi veriyor. Antalya Bisiklet Derne\u011fi (ANTB\u0130SDER) i\u015f birli\u011finde ger\u00e7ekle\u015ftirilen e\u011fitim, Konyaalt\u0131 Belediyesi b\u00fcnyesinde \u00e7al\u0131\u015fan uzman e\u011fitmenler taraf\u0131ndan veriliyor. Ba\u015flad\u0131\u011f\u0131 g\u00fcnden bu yana yo\u011fun ilgi g\u00f6ren temel bisiklet e\u011fitimlerinde, ya\u015fam\u0131nda ilk kez bisiklet s\u00fcren vatanda\u015flar\u0131n mutlulu\u011fu dikkatlerden ka\u00e7m\u0131yor. E\u011fitimlerin, Hurma Park\u0131, 23 Nisan Park\u0131, Ku\u015fkava\u011f\u0131 Mahallesi Per\u015fembe Pazar\u0131, Naim S\u00fcleymano\u011flu Park\u0131, Kavaklar Park\u0131, T\u0131taklar Park\u0131, G\u00fcrsu Park\u0131 ve HayatPark&#8217;ta devam edece\u011fi bildirildi. Kursiyerlerin ya\u015f ortalamas\u0131 50 ve \u00fczeri Konyaalt\u0131 Belediyesi ile i\u015f birli\u011fi i\u00e7erisinde ger\u00e7ekle\u015ftirdikleri e\u011fitimin ikinci haftas\u0131nda olduklar\u0131n\u0131 belirten Antalya Bisiklet Derne\u011fi Ba\u015fkan\u0131 Osman \u00c7ak\u0131r, &#8220;E\u011fitimlerimiz gayet ba\u015far\u0131yla ilerliyor. Kursiyerlerimiz \u00e7ok mutlu. Ya\u015f ortalamam\u0131z genelde 50 ya\u015f ve \u00fczeri. Vatanda\u015flar\u0131m\u0131z e\u011fitime ilgiyle geliyor&#8221; dedi. E\u011fitimlere destek vermekten mutluluk duyduklar\u0131n\u0131 aktaran \u00c7ak\u0131r s\u00f6zlerine \u015fu \u015fekilde devam etti; &#8220;\u0130lk olarak denge e\u011fitimiyle ba\u015fl\u0131yoruz. Sonras\u0131nda pedal \u00e7evirme ile devam ediyor. Bisiklet tamamen denge yetene\u011fiyle alakal\u0131 bir durum. E\u011fitim s\u00fcreleri de bu do\u011frultuda uzay\u0131p k\u0131salabiliyor&#8221; &#8220;En b\u00fcy\u00fck hayalim bisiklet s\u00fcrmeyi \u00f6\u011frenmekti&#8221; E\u011fitimlere kat\u0131lan kursiyerlerden Nurten \u0130mri, &#8220;Sosyal medyadaki duyuruyu g\u00f6rd\u00fcm. &hellip;","og_url":"https:\/\/denizcankizil.tr\/uk\/haberler\/antalya\/50-yasinda-bisiklet-surmeyi-ogreniyorlar\/","og_site_name":"Av. Deniz Can K\u0131z\u0131l","article_published_time":"2025-04-16T13:41:14+00:00","og_image":[{"width":1280,"height":720,"url":"https:\/\/denizcankizil.tr\/wp-content\/uploads\/2025\/04\/5840-01-OR9E1F.jpg","type":"image\/jpeg"}],"author":"Av. Deniz Can K\u0131z\u0131l","twitter_card":"summary_large_image","twitter_misc":{"\u041d\u0430\u043f\u0438\u0441\u0430\u043d\u043e":"Av. Deniz Can K\u0131z\u0131l","\u041f\u0440\u0438\u0431\u043b. \u0447\u0430\u0441 \u0447\u0438\u0442\u0430\u043d\u043d\u044f":"2 \u0445\u0432\u0438\u043b\u0438\u043d\u0438"},"schema":{"@context":"https:\/\/schema.org","@graph":[{"@type":"Article","@id":"https:\/\/denizcankizil.tr\/de\/haberler\/antalya\/50-yasinda-bisiklet-surmeyi-ogreniyorlar\/#article","isPartOf":{"@id":"https:\/\/denizcankizil.tr\/de\/haberler\/antalya\/50-yasinda-bisiklet-surmeyi-ogreniyorlar\/"},"author":{"name":"Av. Deniz Can K\u0131z\u0131l","@id":"https:\/\/denizcankizil.tr\/de\/#\/schema\/person\/5dc1b22991bd7ac833867c10afc9b0ff"},"headline":"50 ya\u015f\u0131nda bisiklet s\u00fcrmeyi \u00f6\u011freniyorlar","datePublished":"2025-04-16T13:41:14+00:00","mainEntityOfPage":{"@id":"https:\/\/denizcankizil.tr\/de\/haberler\/antalya\/50-yasinda-bisiklet-surmeyi-ogreniyorlar\/"},"wordCount":450,"publisher":{"@id":"https:\/\/denizcankizil.tr\/de\/#organization"},"image":{"@id":"https:\/\/denizcankizil.tr\/de\/haberler\/antalya\/50-yasinda-bisiklet-surmeyi-ogreniyorlar\/#primaryimage"},"thumbnailUrl":"https:\/\/denizcankizil.tr\/wp-content\/uploads\/2025\/04\/5840-01-OR9E1F.jpg","articleSection":["Antalya"],"inLanguage":"uk"},{"@type":"WebPage","@id":"https:\/\/denizcankizil.tr\/de\/haberler\/antalya\/50-yasinda-bisiklet-surmeyi-ogreniyorlar\/","url":"https:\/\/denizcankizil.tr\/de\/haberler\/antalya\/50-yasinda-bisiklet-surmeyi-ogreniyorlar\/","name":"50 ya\u015f\u0131nda bisiklet s\u00fcrmeyi \u00f6\u011freniyorlar - Av. Deniz Can K\u0131z\u0131l","isPartOf":{"@id":"https:\/\/denizcankizil.tr\/de\/#website"},"primaryImageOfPage":{"@id":"https:\/\/denizcankizil.tr\/de\/haberler\/antalya\/50-yasinda-bisiklet-surmeyi-ogreniyorlar\/#primaryimage"},"image":{"@id":"https:\/\/denizcankizil.tr\/de\/haberler\/antalya\/50-yasinda-bisiklet-surmeyi-ogreniyorlar\/#primaryimage"},"thumbnailUrl":"https:\/\/denizcankizil.tr\/wp-content\/uploads\/2025\/04\/5840-01-OR9E1F.jpg","datePublished":"2025-04-16T13:41:14+00:00","breadcrumb":{"@id":"https:\/\/denizcankizil.tr\/de\/haberler\/antalya\/50-yasinda-bisiklet-surmeyi-ogreniyorlar\/#breadcrumb"},"inLanguage":"uk","potentialAction":[{"@type":"ReadAction","target":["https:\/\/denizcankizil.tr\/de\/haberler\/antalya\/50-yasinda-bisiklet-surmeyi-ogreniyorlar\/"]}]},{"@type":"ImageObject","inLanguage":"uk","@id":"https:\/\/denizcankizil.tr\/de\/haberler\/antalya\/50-yasinda-bisiklet-surmeyi-ogreniyorlar\/#primaryimage","url":"https:\/\/denizcankizil.tr\/wp-content\/uploads\/2025\/04\/5840-01-OR9E1F.jpg","contentUrl":"https:\/\/denizcankizil.tr\/wp-content\/uploads\/2025\/04\/5840-01-OR9E1F.jpg","width":1280,"height":720},{"@type":"BreadcrumbList","@id":"https:\/\/denizcankizil.tr\/de\/haberler\/antalya\/50-yasinda-bisiklet-surmeyi-ogreniyorlar\/#breadcrumb","itemListElement":[{"@type":"ListItem","position":1,"name":"Home","item":"https:\/\/denizcankizil.tr\/de\/"},{"@type":"ListItem","position":2,"name":"50 ya\u015f\u0131nda bisiklet s\u00fcrmeyi \u00f6\u011freniyorlar"}]},{"@type":"WebSite","@id":"https:\/\/denizcankizil.tr\/de\/#website","url":"https:\/\/denizcankizil.tr\/de\/","name":"Av. Deniz Can K\u0131z\u0131l","description":"Avukat Deniz Can K\u0131z\u0131l Antalya Barosu","publisher":{"@id":"https:\/\/denizcankizil.tr\/de\/#organization"},"potentialAction":[{"@type":"SearchAction","target":{"@type":"EntryPoint","urlTemplate":"https:\/\/denizcankizil.tr\/de\/?s={search_term_string}"},"query-input":{"@type":"PropertyValueSpecification","valueRequired":true,"valueName":"search_term_string"}}],"inLanguage":"uk"},{"@type":"Organization","@id":"https:\/\/denizcankizil.tr\/de\/#organization","name":"Av. Deniz Can K\u0131z\u0131l","url":"https:\/\/denizcankizil.tr\/de\/","logo":{"@type":"ImageObject","inLanguage":"uk","@id":"https:\/\/denizcankizil.tr\/de\/#\/schema\/logo\/image\/","url":"https:\/\/denizcankizil.tr\/wp-content\/uploads\/2024\/10\/siyah-logo-svg.svg","contentUrl":"https:\/\/denizcankizil.tr\/wp-content\/uploads\/2024\/10\/siyah-logo-svg.svg","width":1080,"height":1080,"caption":"Av. Deniz Can K\u0131z\u0131l"},"image":{"@id":"https:\/\/denizcankizil.tr\/de\/#\/schema\/logo\/image\/"}},{"@type":"Person","@id":"https:\/\/denizcankizil.tr\/de\/#\/schema\/person\/5dc1b22991bd7ac833867c10afc9b0ff","name":"Av. Deniz Can K\u0131z\u0131l","image":{"@type":"ImageObject","inLanguage":"uk","@id":"https:\/\/denizcankizil.tr\/de\/#\/schema\/person\/image\/","url":"https:\/\/secure.gravatar.com\/avatar\/a0b128fb9855c79efc976d5640eedb31dc35ec297594d6016d2cf7c60e975bb6?s=96&d=mm&r=g","contentUrl":"https:\/\/secure.gravatar.com\/avatar\/a0b128fb9855c79efc976d5640eedb31dc35ec297594d6016d2cf7c60e975bb6?s=96&d=mm&r=g","caption":"Av. Deniz Can K\u0131z\u0131l"},"sameAs":["http:\/\/www.denizcankizil.tr"],"url":"https:\/\/denizcankizil.tr\/uk\/author\/denizcankizil\/"}]}},"_links":{"self":[{"href":"https:\/\/denizcankizil.tr\/uk\/wp-json\/wp\/v2\/posts\/57587","targetHints":{"allow":["GET"]}}],"collection":[{"href":"https:\/\/denizcankizil.tr\/uk\/wp-json\/wp\/v2\/posts"}],"about":[{"href":"https:\/\/denizcankizil.tr\/uk\/wp-json\/wp\/v2\/types\/post"}],"author":[{"embeddable":true,"href":"https:\/\/denizcankizil.tr\/uk\/wp-json\/wp\/v2\/users\/4"}],"replies":[{"embeddable":true,"href":"https:\/\/denizcankizil.tr\/uk\/wp-json\/wp\/v2\/comments?post=57587"}],"version-history":[{"count":0,"href":"https:\/\/denizcankizil.tr\/uk\/wp-json\/wp\/v2\/posts\/57587\/revisions"}],"wp:featuredmedia":[{"embeddable":true,"href":"https:\/\/denizcankizil.tr\/uk\/wp-json\/wp\/v2\/media\/57588"}],"wp:attachment":[{"href":"https:\/\/denizcankizil.tr\/uk\/wp-json\/wp\/v2\/media?parent=57587"}],"wp:term":[{"taxonomy":"category","embeddable":true,"href":"https:\/\/denizcankizil.tr\/uk\/wp-json\/wp\/v2\/categories?post=57587"},{"taxonomy":"post_tag","embeddable":true,"href":"https:\/\/denizcankizil.tr\/uk\/wp-json\/wp\/v2\/tags?post=57587"}],"curies":[{"name":"wp","href":"https:\/\/api.w.org\/{rel}","templated":true}]}}